{"id":10457,"date":"2013-09-26T15:34:59","date_gmt":"2013-09-26T14:34:59","guid":{"rendered":"http:\/\/www.doulkeridis.be\/blog\/?p=10457"},"modified":"2013-09-26T16:26:59","modified_gmt":"2013-09-26T15:26:59","slug":"le-premier-travail-de-la-region-bruxelloise-est-davoir-un-budget-serieux-pour-ses-propres-competences","status":"publish","type":"post","link":"https:\/\/www.doulkeridis.be\/blog\/2013\/09\/26\/le-premier-travail-de-la-region-bruxelloise-est-davoir-un-budget-serieux-pour-ses-propres-competences\/","title":{"rendered":"Alliance Habitat et budget: j&rsquo;\u00e9tais l&rsquo;invit\u00e9 de Matin Premi\u00e8re"},"content":{"rendered":"<p>Ce jeudi matin, j&rsquo;\u00e9tais l&rsquo;invit\u00e9 de <a href=\"http:\/\/www.rtbf.be\/info\/emissions_matin-premiere?id=5017893\" target=\"_blank\">Matin Premi\u00e8re<\/a>. Au cours de l&rsquo;interview, j&rsquo;ai eu l&rsquo;occasion d&rsquo;\u00e9voquer plusieurs dossiers importants pour l&rsquo;avenir de la R\u00e9gion. La confection du budget r\u00e9gional et l&rsquo;<a href=\"https:\/\/www.doulkeridis.be\/blog\/2013\/09\/21\/alliance-habitat-un-engagement-massif-pour-plus-de-logements-un-soutien-au-pouvoir-dachat-et-a-lemploi-des-bruxellois\/\" target=\"_blank\">Alliance Habitat<\/a> \u00e9taient bien \u00e9videmment au c\u0153ur de l&rsquo;entretien avec Bertrand Henne. Gr\u00e2ce \u00e0 un refinancement important qui a corrig\u00e9 le sous-financement dont a \u00e9t\u00e9 victime la R\u00e9gion bruxelloise, la R\u00e9gion de Bruxelles-Capitale a pu pr\u00e9senter un budget \u00e0 l\u2019\u00e9quilibre, rejoignant ainsi les autres R\u00e9gions, et d\u00e9gager un boni.<br \/>\n<iframe loading=\"lazy\" title=\"Christos Doulkeridis  avec B. Henne dans Matin Premi\u00e8re du 26 septembre 2013 (RTBF)\" width=\"500\" height=\"281\" src=\"https:\/\/www.youtube.com\/embed\/SxKIjZM7Gm4?feature=oembed\" frameborder=\"0\" allow=\"accelerometer; autoplay; clipboard-write; encrypted-media; gyroscope; picture-in-picture; web-share\" referrerpolicy=\"strict-origin-when-cross-origin\" allowfullscreen><\/iframe><\/p>\n<p><strong>Retranscription de l&rsquo;entretien:<\/strong><br \/>\n<strong>Bertrand Henne : <\/strong>&#8211; Les finances bruxelloises ne sont pas si mauvaises que \u00e7a. Enfin c\u2019est ce qu\u2019on verra aujourd\u2019hui puisque la r\u00e9gion bruxelloise va pr\u00e9senter son budget et selon l\u2019Echo notamment, elle pr\u00e9senterait un boni de 6 millions d\u2019euros. Bruxelles est une r\u00e9gion sauv\u00e9e des eaux ?<\/p>\n<p><strong>Christos Doulkeridis :<\/strong> &#8211; D\u2019abord le budget n\u2019est pas encore adopt\u00e9\u2026<\/p>\n<p><strong>BH :<\/strong> &#8211; C\u2019est pour \u00e7a que j\u2019ai mis du conditionnel.<\/p>\n<p><strong>CD :<\/strong> &#8211; Oui, vous avez bien fait. Bruxelles n\u2019est pas sauv\u00e9e des eaux. Effectivement, il y a eu un refinancement qui a eu lieu, on en a suffisamment parl\u00e9. C\u2019\u00e9tait extr\u00eamement important pour Bruxelles pour faire en sorte de corriger le sous-financement dont a \u00e9t\u00e9 victime Bruxelles durant de tr\u00e8s nombreuses ann\u00e9es. Cela nous permet, cette ann\u00e9e, de rejoindre finalement les autres entit\u00e9s dans leur objectif de pouvoir pr\u00e9senter des budgets \u00e0 l\u2019\u00e9quilibre. C\u2019est la premi\u00e8re pr\u00e9occupation. C\u2019est extr\u00eamement important parce qu\u2019effectivement, il s\u2019agit d\u2019\u00eatre plus responsables, de ne pas engager les g\u00e9n\u00e9rations futures et en m\u00eame temps, il faut dans ces budgets, \u00eatre capable dans un contexte de crise de d\u00e9gager des priorit\u00e9s pour soutenir l\u2019\u00e9conomie et le pouvoir d\u2019achat. C\u2019est ce que le gouvernement a fait en approuvant l\u2019alliance habitat que j\u2019ai propos\u00e9e et qui vise \u00e0 injecter pr\u00e8s d\u20191 milliard \u20ac sur plusieurs ann\u00e9es pour pouvoir soutenir les Bruxellois dans l\u2019une des crises les plus importantes qu\u2019ils connaissent, \u00e0 savoir trouver un logement \u00e0 un prix d\u00e9cent.<\/p>\n<p><strong>BH :<\/strong> &#8211; On parle bien ici du budget 2014, l\u2019objectif de la R\u00e9gion bruxelloise, c\u2019est un boni ou c\u2019est l\u2019\u00e9quilibre ? Parce que symboliquement on se dit: tiens, si la r\u00e9gion bruxelloise fait un boni, ce serait la seule r\u00e9gion, la Flandre a choisi l\u2019\u00e9quilibre, la Communaut\u00e9 fran\u00e7aise et la R\u00e9gion wallonne devraient choisir l\u2019\u00e9quilibre pour 2014 et, il y a encore un d\u00e9bat, peut-\u00eatre 2015, c\u2019est ce que souhaitent les Ecolos, la R\u00e9gion bruxelloise va aller sur un boni en 2014 ?<\/p>\n<p><strong>CD :<\/strong> &#8211; C\u2019est un des points qui est en discussion. La COCOF, elle, est \u00e0<a href=\"https:\/\/www.doulkeridis.be\/blog\/2012\/11\/12\/budget-2013-de-la-cocof-un-exercice-serieux-oriente-sur-les-priorites-et-evitant-lausterite-2\/\" target=\"_blank\"> l\u2019\u00e9quilibre depuis l\u2019ann\u00e9e pass\u00e9e d\u00e9j\u00e0<\/a>. La R\u00e9gion bruxelloise le sera au minimum cette ann\u00e9e. Si on peut d\u00e9gager un boni, ce sera bon pour la dette qui reste encore importante et qui permettra justement de la faire diminuer.<\/p>\n<p><strong>BH :<\/strong> &#8211; 3 milliards d\u2019euros.<\/p>\n<p><strong>CD :<\/strong> &#8211; C\u2019est mieux de payer r\u00e9guli\u00e8rement pour des politiques qui servent les Bruxellois dans l\u2019emploi, dans la formation, dans le logement, etc. que de payer des banques. Donc, c\u2019est de la bonne gouvernance. Si en plus \u00e7a peut permettre, dans un \u00e9quilibre global, \u00e0 d\u2019autres institutions qui portent des politiques tr\u00e8s importantes aussi pour les Bruxellois, de pouvoir \u00eatre un peu soulag\u00e9es dans cet effort, je pense que ce sera encore plus positif.<\/p>\n<p><strong>BH :<\/strong> &#8211; C\u2019est le cas de la Communaut\u00e9 fran\u00e7aise et de la R\u00e9gion wallonne qui sont en conclave budg\u00e9taire aujourd\u2019hui \u00e0 Namur et qui esp\u00e8rent boucler \u00e9galement leur budget. Andr\u00e9 Antoine, le ministre du budget des deux entit\u00e9s, prie Bruxelles de lui venir en aide et on parle d\u2019une aide de 6 millions d\u2019euros. Tiens, c\u2019est plus ou moins le boni dont on parlait tout \u00e0 l\u2019heure\u2026<\/p>\n<p><strong>CD :<\/strong> &#8211; Sur les pri\u00e8res, chacun a peut-\u00eatre son exp\u00e9rience l\u00e0-dessus. Je pense qu\u2019il n\u2019y a pas d\u2019obligation de r\u00e9sultat et qu\u2019en tout cas \u00e7a, n\u2019a jamais \u00e9t\u00e9 prouv\u00e9. Maintenant, je l\u2019 ai dit : en tant que politique bruxellois, je pense que souvent en fait, quand on fait de la politique, on a le nez dedans. On travaille \u00e9norm\u00e9ment d\u2019heures, et finalement on en vient \u00e0 d\u00e9fendre des institutions plut\u00f4t qu\u2019\u00e0 d\u00e9fendre des politiques. Je suis ministre \u00e0 la R\u00e9gion bruxelloise, \u00e0 la COCOF aussi mais je suis \u00e9galement un parent. Je viens d\u2019avoir un petit b\u00e9b\u00e9 et j\u2019ai des enfants, des belles-filles qui entrent \u00e0 l\u2019universit\u00e9 et une belle-fille qui est encore dans l\u2019enseignement secondaire. Je suis un ministre mais je suis aussi un parent et je sais l\u2019importance que repr\u00e9sente, pour \u00e9norm\u00e9ment de familles, la qualit\u00e9 des cr\u00e8ches et de l\u2019enseignement. Une de mes belles-filles va entrer dans une \u00e9cole pour devenir institutrice. Je voudrais qu\u2019elle ait la meilleure formation possible pour faire face \u00e0 cette crise que connaissent les enseignants, qu\u2019elle ne soit pas d\u00e9courag\u00e9e apr\u00e8s 5 ans. Et donc, je pense que nous devons toujours avoir une vue globale sur les politiques qui sont men\u00e9es et ne pas rester coinc\u00e9s sous ses propres institutions.<\/p>\n<p><strong>BH :<\/strong> &#8211; En l\u2019occurrence, quelle est la r\u00e9ponse de la R\u00e9gion bruxelloise \u00e0 cette demande du Sud du pays ? Est-ce qu\u2019il faut que la r\u00e9gion intervienne financi\u00e8rement, par un transfert de 6 millions d\u2019euros, vers la Communaut\u00e9 fran\u00e7aise ?<\/p>\n<p><strong>CD :<\/strong> &#8211; Sur la technique, il faut laisser \u00e7a au budg\u00e9taire. Sur l\u2019objectif, je pense que le premier travail de la R\u00e9gion bruxelloise est d\u2019avoir un budget s\u00e9rieux pour ses propres comp\u00e9tences. Si indirectement \u00e7a peut aider des institutions comme la F\u00e9d\u00e9ration Wallonie-Bruxelles, ou d\u2019autres, \u00e0 mener des politiques qui sont essentielles pour les Bruxellois sur la petite enfance, sur l\u2019enseignement, sur la culture, c\u2019est tr\u00e8s bien.<\/p>\n<p><strong>BH :<\/strong> &#8211; Parce que le sujet a l\u2019air comme \u00e7a, on parle de 6 millions d\u2019euros pour la Communaut\u00e9 fran\u00e7aise, \u00e7a a l\u2019air symbolique mais il y a quand m\u00eame quelque chose\u2026 Demain c\u2019est la f\u00eate de la Communaut\u00e9 fran\u00e7aise, la semaine pass\u00e9e, on a appris que cette solidarit\u00e9 de Bruxelles vers la Communaut\u00e9 fran\u00e7aise \u00e9tait plus ou moins act\u00e9e puis on a appris que Guy Vanhengel, le ministre du budget \u00e0 Bruxelles, flamand, refusait la chose, est-ce que oui ou non, Bruxelles est pr\u00eate \u00e0 de la solidarit\u00e9 envers la communaut\u00e9 fran\u00e7aise ?<\/p>\n<p><strong>CD :<\/strong> &#8211; Je vous ai donn\u00e9 mon point de vue, je pense qu\u2019en tant que politiques on doit \u00eatre solidaires avec l\u2019ensemble des institutions parce que les politiques qui sont men\u00e9es sont extr\u00eamement importantes.<\/p>\n<p><strong>BH : <\/strong>&#8211; Mais il n\u2019y a pas d\u2019accord au sein du gouvernement bruxellois l\u00e0-dessus notamment avec les Flamands ?<\/p>\n<p><strong>CD :<\/strong> &#8211; Mais il est normal que Guy Vanhengel qui est un ministre de la R\u00e9gion bruxelloise charg\u00e9 du budget, soit d\u2019abord pr\u00e9occup\u00e9 par la bonne gestion de son budget. Je l\u2019ai dit : si indirectement, ce budget peut permettre par exemple de d\u00e9gager un boni et de faire en sorte que directement, cela soulage la dette de la R\u00e9gion bruxelloise et indirectement l\u2019organisation du budget de la f\u00e9d\u00e9ration Wallonie-Bruxelles par exemple ou d\u2019autres institutions en Flandre ou ailleurs, pourquoi pas.<\/p>\n<p><strong>BH :<\/strong> &#8211; Ce qu\u2019on comprend quand m\u00eame, c\u2019est que les difficult\u00e9s entre Flamands et Francophones au sein du gouvernement bruxellois vont sans doute emp\u00eacher la solidarit\u00e9 envers la Communaut\u00e9 fran\u00e7aise\u2026<\/p>\n<p><strong>CD :<\/strong> &#8211; Je ne pense pas. Depuis plusieurs ann\u00e9es maintenant, le dialogue qui existe au niveau bruxellois entre les Francophones et les N\u00e9erlandophones est vraiment positif. On a justement essay\u00e9 de sortir un peu de ces diff\u00e9rentes casquettes de comp\u00e9tences minist\u00e9rielles et d\u2019avoir une vue globale. On sait que plus les politiques, ceux qui sont comp\u00e9tents au f\u00e9d\u00e9ral ou \u00e0 la communaut\u00e9, dans les deux communaut\u00e9s, en Flandre et du c\u00f4t\u00e9 francophone, sont bien financ\u00e9s, plus les Bruxellois aussi auront des comp\u00e9tences dans leur vie quotidienne qui seront bien g\u00e9r\u00e9es aussi. Je ne crois pas qu\u2019il faille rajouter des tensions dans un gouvernement qui fonctionne plut\u00f4t bien, qui est capable de d\u00e9gager des accords et qui ne s\u2019enferme pas dans des querelles linguistiques ou autres depuis le d\u00e9but de la l\u00e9gislature.<\/p>\n<p><strong>BH :<\/strong> &#8211; Alors, cr\u00e9er 6000 logements par an, dont 20% financ\u00e9s par le public, le reste par le priv\u00e9, c\u2019est l\u2019objectif affich\u00e9 par le gouvernement bruxellois. L\u2019opposition MR d\u00e9nonce un effet d\u2019annonce alors que les pr\u00e9c\u00e9dentes annonces de cr\u00e9ation de logements ne seraient m\u00eame pas honor\u00e9es.<\/p>\n<p><strong>CD :<\/strong> &#8211; Je comprends que quand on est dans l\u2019opposition, on fait ce travail d\u2019opposition, je laisse \u00e7a au MR.<\/p>\n<p><strong>BH : <\/strong>&#8211; Ils ont raison ou pas sur les chiffres ?<\/p>\n<p><strong>CD : <\/strong>&#8211; Mais non, enfin, je voudrais vous dire les chiffres tels qu\u2019ils ont \u00e9t\u00e9 r\u00e9ellement adopt\u00e9s. Ce qui a \u00e9t\u00e9 adopt\u00e9, c\u2019est un budget de pratiquement 1 milliard qui va \u00eatre inject\u00e9, et \u00e7a personne ne pourra le contester parce que les chiffres sont l\u00e0. Les diff\u00e9rentes instances qui vont recevoir ces budgets et la technique pour pourvoir les organiser, sont d\u00e9j\u00e0 d\u00e9cid\u00e9es. Une partie de ce milliard servira \u00e0 construire de nouveaux logements publics et \u00e7a je pense que personne ne conteste cette n\u00e9cessit\u00e9 pour Bruxelles. Des logements publics qui serviront \u00e0 deux types de public : le public du logement social d\u2019une part et le public avec des revenus moyens parce qu\u2019\u00e0 Bruxelles, on le sait, la crise du logement touche aussi \u00e9norm\u00e9ment de familles, familles monoparentales avec enfants, familles qui ont des difficult\u00e9s \u00e0 joindre les deux bouts et \u00e0 pouvoir trouver un logement sur le march\u00e9 priv\u00e9. Cela, c\u2019est pour le locatif.<\/p>\n<p><strong>BH : <\/strong>&#8211; Le probl\u00e8me c\u2019est qu\u2019entre les annonces et les logements qui arrivent, o\u00f9 les locataires peuvent vraiment prendre possession des logements, il y a parfois plusieurs ann\u00e9es qui s\u2019\u00e9coulent. Quand est-ce que ces logements vont commencer \u00e0 \u00eatre disponibles ?<\/p>\n<p><strong>CD :<\/strong> &#8211; Moi je n\u2019ai jamais fait la promesse que les logements qu\u2019on a d\u00e9cid\u00e9 de faire ce week-end seraient disponibles l\u2019ann\u00e9e prochaine. C\u2019est impossible. On est en train de terminer les programmes qui ont \u00e9t\u00e9 r\u00e9gl\u00e9s et qui ont \u00e9t\u00e9 adopt\u00e9s il y a plusieurs ann\u00e9es maintenant. Mais on ne peut pas en m\u00eame temps reprocher, comme on l\u2019a fait auparavant \u00e0 juste titre, aux politiques de ne pas prendre les devants, de ne pas \u00eatre dans la prospective, de ne pas pr\u00e9voir l\u2019avenir et de ne pas prendre les d\u00e9cisions telles qu\u2019on les a prises aujourd\u2019hui. Ce qui est essentiel c\u2019est que nous allons poursuivre le programme. C\u2019est vrai que \u00e7a prend pratiquement quatre ans entre le moment o\u00f9 l\u2019on d\u00e9cide de construire un logement et le moment o\u00f9 ce logement est disponible. Donc, on est en train de boucler le programme pr\u00e9c\u00e9dent et la d\u00e9cision qu\u2019on a prise aujourd\u2019hui va permettre de faire en sorte que dans les ann\u00e9es qui viennent on n\u2019aura pas perdu de temps pour voir \u00e9merger les logements qui sont attendus et qui vont permettre \u00e0 de nombreuses familles de pouvoir trouver un logement \u00e0 un prix d\u00e9cent. Dans le milliard en question, d\u2019autres mesures que la construction (et qui permettra aux bas et moyens revenus de louer un logement \u00e0 prix d\u00e9cent ou \u00e0 acqu\u00e9rir un logement sont pr\u00e9vues : une nouvelle aide locative qui permettra de soutenir 1000 m\u00e9nages en attente d\u2019un logement social et un vaste programme de r\u00e9novation des logements sociaux existants. Par ailleurs, des dispositifs tels que les pr\u00eats \u00e0 taux r\u00e9duits du Fonds du Logement, et qui ont \u00e9t\u00e9 multipli\u00e9s par deux depuis le d\u00e9but de cette l\u00e9gislature, permettront \u00e0 de nombreuses familles d\u2019acheter leur logement. Sur le plan \u00e9conomique, l\u2019Alliance habitat b\u00e9n\u00e9ficiera \u00e9galement au secteur de la construction avec des retomb\u00e9es importantes en mati\u00e8re d\u2019emploi. Quand on met un milliard pour la construction et la r\u00e9novation, \u00e7a veut dire que c\u2019est tout un secteur \u00e9conomique qui est soutenu, ce qui est \u00e9videmment aussi essentiel pour Bruxelles.<\/p>\n<p><strong>BH :<\/strong> &#8211; Merci !<\/p>\n","protected":false},"excerpt":{"rendered":"<p>Ce jeudi matin, j&rsquo;\u00e9tais l&rsquo;invit\u00e9 de Matin Premi\u00e8re. Au cours de l&rsquo;interview, j&rsquo;ai eu l&rsquo;occasion d&rsquo;\u00e9voquer plusieurs dossiers importants pour l&rsquo;avenir de la R\u00e9gion. La confection du budget r\u00e9gional et l&rsquo;Alliance Habitat \u00e9taient bien \u00e9videmment au c\u0153ur de l&rsquo;entretien avec Bertrand Henne. Gr\u00e2ce \u00e0 un refinancement important qui a corrig\u00e9 le sous-financement dont a \u00e9t\u00e9 victime la R\u00e9gion bruxelloise, la R\u00e9gion de Bruxelles-Capitale a pu pr\u00e9senter un budget \u00e0 l\u2019\u00e9quilibre, rejoignant ainsi les autres R\u00e9gions, et d\u00e9gager un boni. Retranscription de l&rsquo;entretien: Bertrand Henne : &#8211; Les finances bruxelloises ne sont pas si mauvaises que \u00e7a. Enfin c\u2019est ce qu\u2019on verra aujourd\u2019hui puisque la r\u00e9gion bruxelloise va pr\u00e9senter son budget et selon l\u2019Echo notamment, elle pr\u00e9senterait un boni de 6 millions d\u2019euros. Bruxelles est une r\u00e9gion sauv\u00e9e des eaux ? Christos Doulkeridis : &#8211; D\u2019abord le budget n\u2019est pas encore adopt\u00e9\u2026 BH : &#8211; C\u2019est pour \u00e7a que j\u2019ai mis du conditionnel. CD : &#8211; Oui, vous avez bien fait. Bruxelles n\u2019est pas sauv\u00e9e des eaux. Effectivement, il y a eu un refinancement qui a eu lieu, on en a suffisamment parl\u00e9. C\u2019\u00e9tait extr\u00eamement important pour Bruxelles pour faire en sorte de corriger le sous-financement dont a \u00e9t\u00e9 victime Bruxelles [&hellip;]<\/p>\n","protected":false},"author":2,"featured_media":10464,"comment_status":"open","ping_status":"open","sticky":false,"template":"","format":"standard","meta":{"_monsterinsights_skip_tracking":false,"_monsterinsights_sitenote_active":false,"_monsterinsights_sitenote_note":"","_monsterinsights_sitenote_category":0,"ngg_post_thumbnail":0,"footnotes":""},"categories":[141,3],"tags":[745,1016,1028,752],"class_list":["post-10457","post","type-post","status-publish","format-standard","has-post-thumbnail","hentry","category-budget","category-logement","tag-alliance-habitat","tag-bruxelles","tag-budget","tag-federation-wallonie-bruxelles"],"yoast_head":"<!-- This site is optimized with the Yoast SEO plugin v27.4 - https:\/\/yoast.com\/product\/yoast-seo-wordpress\/ -->\n<title>Alliance Habitat et budget: j&#039;\u00e9tais l&#039;invit\u00e9 de Matin Premi\u00e8re - Christos Doulkeridis<\/title>\n<meta name=\"robots\" content=\"index, follow, max-snippet:-1, max-image-preview:large, max-video-preview:-1\" \/>\n<link rel=\"canonical\" href=\"https:\/\/www.doulkeridis.be\/blog\/2013\/09\/26\/le-premier-travail-de-la-region-bruxelloise-est-davoir-un-budget-serieux-pour-ses-propres-competences\/\" \/>\n<meta property=\"og:locale\" content=\"fr_FR\" \/>\n<meta property=\"og:type\" content=\"article\" \/>\n<meta property=\"og:title\" content=\"Alliance Habitat et budget: j&#039;\u00e9tais l&#039;invit\u00e9 de Matin Premi\u00e8re - Christos Doulkeridis\" \/>\n<meta property=\"og:description\" content=\"Ce jeudi matin, j&rsquo;\u00e9tais l&rsquo;invit\u00e9 de Matin Premi\u00e8re. Au cours de l&rsquo;interview, j&rsquo;ai eu l&rsquo;occasion d&rsquo;\u00e9voquer plusieurs dossiers importants pour l&rsquo;avenir de la R\u00e9gion. La confection du budget r\u00e9gional et l&rsquo;Alliance Habitat \u00e9taient bien \u00e9videmment au c\u0153ur de l&rsquo;entretien avec Bertrand Henne. Gr\u00e2ce \u00e0 un refinancement important qui a corrig\u00e9 le sous-financement dont a \u00e9t\u00e9 victime la R\u00e9gion bruxelloise, la R\u00e9gion de Bruxelles-Capitale a pu pr\u00e9senter un budget \u00e0 l\u2019\u00e9quilibre, rejoignant ainsi les autres R\u00e9gions, et d\u00e9gager un boni. Retranscription de l&rsquo;entretien: Bertrand Henne : &#8211; Les finances bruxelloises ne sont pas si mauvaises que \u00e7a. Enfin c\u2019est ce qu\u2019on verra aujourd\u2019hui puisque la r\u00e9gion bruxelloise va pr\u00e9senter son budget et selon l\u2019Echo notamment, elle pr\u00e9senterait un boni de 6 millions d\u2019euros. Bruxelles est une r\u00e9gion sauv\u00e9e des eaux ? Christos Doulkeridis : &#8211; D\u2019abord le budget n\u2019est pas encore adopt\u00e9\u2026 BH : &#8211; C\u2019est pour \u00e7a que j\u2019ai mis du conditionnel. CD : &#8211; Oui, vous avez bien fait. Bruxelles n\u2019est pas sauv\u00e9e des eaux. Effectivement, il y a eu un refinancement qui a eu lieu, on en a suffisamment parl\u00e9. C\u2019\u00e9tait extr\u00eamement important pour Bruxelles pour faire en sorte de corriger le sous-financement dont a \u00e9t\u00e9 victime Bruxelles [&hellip;]\" \/>\n<meta property=\"og:url\" content=\"https:\/\/www.doulkeridis.be\/blog\/2013\/09\/26\/le-premier-travail-de-la-region-bruxelloise-est-davoir-un-budget-serieux-pour-ses-propres-competences\/\" \/>\n<meta property=\"og:site_name\" content=\"Christos Doulkeridis\" \/>\n<meta property=\"article:publisher\" content=\"https:\/\/www.facebook.com\/doulkeridis\" \/>\n<meta property=\"article:published_time\" content=\"2013-09-26T14:34:59+00:00\" \/>\n<meta property=\"article:modified_time\" content=\"2013-09-26T15:26:59+00:00\" \/>\n<meta property=\"og:image\" content=\"https:\/\/www.doulkeridis.be\/blog\/wp-content\/uploads\/2013\/09\/matin1.jpg\" \/>\n\t<meta property=\"og:image:width\" content=\"624\" \/>\n\t<meta property=\"og:image:height\" content=\"341\" \/>\n\t<meta property=\"og:image:type\" content=\"image\/jpeg\" \/>\n<meta name=\"author\" content=\"Christos Doulkeridis\" \/>\n<meta name=\"twitter:card\" content=\"summary_large_image\" \/>\n<meta name=\"twitter:label1\" content=\"\u00c9crit par\" \/>\n\t<meta name=\"twitter:data1\" content=\"Christos Doulkeridis\" \/>\n\t<meta name=\"twitter:label2\" content=\"Dur\u00e9e de lecture estim\u00e9e\" \/>\n\t<meta name=\"twitter:data2\" content=\"11 minutes\" \/>\n<script type=\"application\/ld+json\" class=\"yoast-schema-graph\">{\"@context\":\"https:\\\/\\\/schema.org\",\"@graph\":[{\"@type\":\"Article\",\"@id\":\"https:\\\/\\\/www.doulkeridis.be\\\/blog\\\/2013\\\/09\\\/26\\\/le-premier-travail-de-la-region-bruxelloise-est-davoir-un-budget-serieux-pour-ses-propres-competences\\\/#article\",\"isPartOf\":{\"@id\":\"https:\\\/\\\/www.doulkeridis.be\\\/blog\\\/2013\\\/09\\\/26\\\/le-premier-travail-de-la-region-bruxelloise-est-davoir-un-budget-serieux-pour-ses-propres-competences\\\/\"},\"author\":{\"name\":\"Christos Doulkeridis\",\"@id\":\"https:\\\/\\\/www.doulkeridis.be\\\/blog\\\/#\\\/schema\\\/person\\\/9f03f3459f0a4ba4db02aabbba098365\"},\"headline\":\"Alliance Habitat et budget: j&rsquo;\u00e9tais l&rsquo;invit\u00e9 de Matin Premi\u00e8re\",\"datePublished\":\"2013-09-26T14:34:59+00:00\",\"dateModified\":\"2013-09-26T15:26:59+00:00\",\"mainEntityOfPage\":{\"@id\":\"https:\\\/\\\/www.doulkeridis.be\\\/blog\\\/2013\\\/09\\\/26\\\/le-premier-travail-de-la-region-bruxelloise-est-davoir-un-budget-serieux-pour-ses-propres-competences\\\/\"},\"wordCount\":2186,\"commentCount\":0,\"publisher\":{\"@id\":\"https:\\\/\\\/www.doulkeridis.be\\\/blog\\\/#organization\"},\"image\":{\"@id\":\"https:\\\/\\\/www.doulkeridis.be\\\/blog\\\/2013\\\/09\\\/26\\\/le-premier-travail-de-la-region-bruxelloise-est-davoir-un-budget-serieux-pour-ses-propres-competences\\\/#primaryimage\"},\"thumbnailUrl\":\"https:\\\/\\\/www.doulkeridis.be\\\/blog\\\/wp-content\\\/uploads\\\/2013\\\/09\\\/matin1.jpg\",\"keywords\":[\"Alliance Habitat\",\"Bruxelles\",\"Budget\",\"F\u00e9d\u00e9ration Wallonie-Bruxelles\"],\"articleSection\":[\"Budget\",\"Logement\"],\"inLanguage\":\"fr-FR\",\"potentialAction\":[{\"@type\":\"CommentAction\",\"name\":\"Comment\",\"target\":[\"https:\\\/\\\/www.doulkeridis.be\\\/blog\\\/2013\\\/09\\\/26\\\/le-premier-travail-de-la-region-bruxelloise-est-davoir-un-budget-serieux-pour-ses-propres-competences\\\/#respond\"]}]},{\"@type\":\"WebPage\",\"@id\":\"https:\\\/\\\/www.doulkeridis.be\\\/blog\\\/2013\\\/09\\\/26\\\/le-premier-travail-de-la-region-bruxelloise-est-davoir-un-budget-serieux-pour-ses-propres-competences\\\/\",\"url\":\"https:\\\/\\\/www.doulkeridis.be\\\/blog\\\/2013\\\/09\\\/26\\\/le-premier-travail-de-la-region-bruxelloise-est-davoir-un-budget-serieux-pour-ses-propres-competences\\\/\",\"name\":\"Alliance Habitat et budget: j'\u00e9tais l'invit\u00e9 de Matin Premi\u00e8re - Christos Doulkeridis\",\"isPartOf\":{\"@id\":\"https:\\\/\\\/www.doulkeridis.be\\\/blog\\\/#website\"},\"primaryImageOfPage\":{\"@id\":\"https:\\\/\\\/www.doulkeridis.be\\\/blog\\\/2013\\\/09\\\/26\\\/le-premier-travail-de-la-region-bruxelloise-est-davoir-un-budget-serieux-pour-ses-propres-competences\\\/#primaryimage\"},\"image\":{\"@id\":\"https:\\\/\\\/www.doulkeridis.be\\\/blog\\\/2013\\\/09\\\/26\\\/le-premier-travail-de-la-region-bruxelloise-est-davoir-un-budget-serieux-pour-ses-propres-competences\\\/#primaryimage\"},\"thumbnailUrl\":\"https:\\\/\\\/www.doulkeridis.be\\\/blog\\\/wp-content\\\/uploads\\\/2013\\\/09\\\/matin1.jpg\",\"datePublished\":\"2013-09-26T14:34:59+00:00\",\"dateModified\":\"2013-09-26T15:26:59+00:00\",\"breadcrumb\":{\"@id\":\"https:\\\/\\\/www.doulkeridis.be\\\/blog\\\/2013\\\/09\\\/26\\\/le-premier-travail-de-la-region-bruxelloise-est-davoir-un-budget-serieux-pour-ses-propres-competences\\\/#breadcrumb\"},\"inLanguage\":\"fr-FR\",\"potentialAction\":[{\"@type\":\"ReadAction\",\"target\":[\"https:\\\/\\\/www.doulkeridis.be\\\/blog\\\/2013\\\/09\\\/26\\\/le-premier-travail-de-la-region-bruxelloise-est-davoir-un-budget-serieux-pour-ses-propres-competences\\\/\"]}]},{\"@type\":\"ImageObject\",\"inLanguage\":\"fr-FR\",\"@id\":\"https:\\\/\\\/www.doulkeridis.be\\\/blog\\\/2013\\\/09\\\/26\\\/le-premier-travail-de-la-region-bruxelloise-est-davoir-un-budget-serieux-pour-ses-propres-competences\\\/#primaryimage\",\"url\":\"https:\\\/\\\/www.doulkeridis.be\\\/blog\\\/wp-content\\\/uploads\\\/2013\\\/09\\\/matin1.jpg\",\"contentUrl\":\"https:\\\/\\\/www.doulkeridis.be\\\/blog\\\/wp-content\\\/uploads\\\/2013\\\/09\\\/matin1.jpg\",\"width\":624,\"height\":341},{\"@type\":\"BreadcrumbList\",\"@id\":\"https:\\\/\\\/www.doulkeridis.be\\\/blog\\\/2013\\\/09\\\/26\\\/le-premier-travail-de-la-region-bruxelloise-est-davoir-un-budget-serieux-pour-ses-propres-competences\\\/#breadcrumb\",\"itemListElement\":[{\"@type\":\"ListItem\",\"position\":1,\"name\":\"Accueil\",\"item\":\"https:\\\/\\\/www.doulkeridis.be\\\/blog\\\/\"},{\"@type\":\"ListItem\",\"position\":2,\"name\":\"Alliance Habitat et budget: j&rsquo;\u00e9tais l&rsquo;invit\u00e9 de Matin Premi\u00e8re\"}]},{\"@type\":\"WebSite\",\"@id\":\"https:\\\/\\\/www.doulkeridis.be\\\/blog\\\/#website\",\"url\":\"https:\\\/\\\/www.doulkeridis.be\\\/blog\\\/\",\"name\":\"Christos Doulkeridis\",\"description\":\"Coach | Consultant en solutions, gestion de crise, n\u00e9gociations\",\"publisher\":{\"@id\":\"https:\\\/\\\/www.doulkeridis.be\\\/blog\\\/#organization\"},\"potentialAction\":[{\"@type\":\"SearchAction\",\"target\":{\"@type\":\"EntryPoint\",\"urlTemplate\":\"https:\\\/\\\/www.doulkeridis.be\\\/blog\\\/?s={search_term_string}\"},\"query-input\":{\"@type\":\"PropertyValueSpecification\",\"valueRequired\":true,\"valueName\":\"search_term_string\"}}],\"inLanguage\":\"fr-FR\"},{\"@type\":\"Organization\",\"@id\":\"https:\\\/\\\/www.doulkeridis.be\\\/blog\\\/#organization\",\"name\":\"Ulyse\",\"url\":\"https:\\\/\\\/www.doulkeridis.be\\\/blog\\\/\",\"logo\":{\"@type\":\"ImageObject\",\"inLanguage\":\"fr-FR\",\"@id\":\"https:\\\/\\\/www.doulkeridis.be\\\/blog\\\/#\\\/schema\\\/logo\\\/image\\\/\",\"url\":\"https:\\\/\\\/www.doulkeridis.be\\\/blog\\\/wp-content\\\/uploads\\\/2026\\\/04\\\/2-5.png\",\"contentUrl\":\"https:\\\/\\\/www.doulkeridis.be\\\/blog\\\/wp-content\\\/uploads\\\/2026\\\/04\\\/2-5.png\",\"width\":1024,\"height\":728,\"caption\":\"Ulyse\"},\"image\":{\"@id\":\"https:\\\/\\\/www.doulkeridis.be\\\/blog\\\/#\\\/schema\\\/logo\\\/image\\\/\"},\"sameAs\":[\"https:\\\/\\\/www.facebook.com\\\/doulkeridis\",\"https:\\\/\\\/www.facebook.com\\\/christosdoulkeridis2\"]},{\"@type\":\"Person\",\"@id\":\"https:\\\/\\\/www.doulkeridis.be\\\/blog\\\/#\\\/schema\\\/person\\\/9f03f3459f0a4ba4db02aabbba098365\",\"name\":\"Christos Doulkeridis\",\"image\":{\"@type\":\"ImageObject\",\"inLanguage\":\"fr-FR\",\"@id\":\"https:\\\/\\\/secure.gravatar.com\\\/avatar\\\/71cb6e4369ca0615d93730ef3bc5f54642df4f6bcc59b92763d2ac434abf103e?s=96&d=mm&r=g\",\"url\":\"https:\\\/\\\/secure.gravatar.com\\\/avatar\\\/71cb6e4369ca0615d93730ef3bc5f54642df4f6bcc59b92763d2ac434abf103e?s=96&d=mm&r=g\",\"contentUrl\":\"https:\\\/\\\/secure.gravatar.com\\\/avatar\\\/71cb6e4369ca0615d93730ef3bc5f54642df4f6bcc59b92763d2ac434abf103e?s=96&d=mm&r=g\",\"caption\":\"Christos Doulkeridis\"},\"url\":\"https:\\\/\\\/www.doulkeridis.be\\\/blog\\\/author\\\/christos\\\/\"}]}<\/script>\n<!-- \/ Yoast SEO plugin. -->","yoast_head_json":{"title":"Alliance Habitat et budget: j'\u00e9tais l'invit\u00e9 de Matin Premi\u00e8re - Christos Doulkeridis","robots":{"index":"index","follow":"follow","max-snippet":"max-snippet:-1","max-image-preview":"max-image-preview:large","max-video-preview":"max-video-preview:-1"},"canonical":"https:\/\/www.doulkeridis.be\/blog\/2013\/09\/26\/le-premier-travail-de-la-region-bruxelloise-est-davoir-un-budget-serieux-pour-ses-propres-competences\/","og_locale":"fr_FR","og_type":"article","og_title":"Alliance Habitat et budget: j'\u00e9tais l'invit\u00e9 de Matin Premi\u00e8re - Christos Doulkeridis","og_description":"Ce jeudi matin, j&rsquo;\u00e9tais l&rsquo;invit\u00e9 de Matin Premi\u00e8re. Au cours de l&rsquo;interview, j&rsquo;ai eu l&rsquo;occasion d&rsquo;\u00e9voquer plusieurs dossiers importants pour l&rsquo;avenir de la R\u00e9gion. La confection du budget r\u00e9gional et l&rsquo;Alliance Habitat \u00e9taient bien \u00e9videmment au c\u0153ur de l&rsquo;entretien avec Bertrand Henne. Gr\u00e2ce \u00e0 un refinancement important qui a corrig\u00e9 le sous-financement dont a \u00e9t\u00e9 victime la R\u00e9gion bruxelloise, la R\u00e9gion de Bruxelles-Capitale a pu pr\u00e9senter un budget \u00e0 l\u2019\u00e9quilibre, rejoignant ainsi les autres R\u00e9gions, et d\u00e9gager un boni. Retranscription de l&rsquo;entretien: Bertrand Henne : &#8211; Les finances bruxelloises ne sont pas si mauvaises que \u00e7a. Enfin c\u2019est ce qu\u2019on verra aujourd\u2019hui puisque la r\u00e9gion bruxelloise va pr\u00e9senter son budget et selon l\u2019Echo notamment, elle pr\u00e9senterait un boni de 6 millions d\u2019euros. Bruxelles est une r\u00e9gion sauv\u00e9e des eaux ? Christos Doulkeridis : &#8211; D\u2019abord le budget n\u2019est pas encore adopt\u00e9\u2026 BH : &#8211; C\u2019est pour \u00e7a que j\u2019ai mis du conditionnel. CD : &#8211; Oui, vous avez bien fait. Bruxelles n\u2019est pas sauv\u00e9e des eaux. Effectivement, il y a eu un refinancement qui a eu lieu, on en a suffisamment parl\u00e9. C\u2019\u00e9tait extr\u00eamement important pour Bruxelles pour faire en sorte de corriger le sous-financement dont a \u00e9t\u00e9 victime Bruxelles [&hellip;]","og_url":"https:\/\/www.doulkeridis.be\/blog\/2013\/09\/26\/le-premier-travail-de-la-region-bruxelloise-est-davoir-un-budget-serieux-pour-ses-propres-competences\/","og_site_name":"Christos Doulkeridis","article_publisher":"https:\/\/www.facebook.com\/doulkeridis","article_published_time":"2013-09-26T14:34:59+00:00","article_modified_time":"2013-09-26T15:26:59+00:00","og_image":[{"width":624,"height":341,"url":"https:\/\/www.doulkeridis.be\/blog\/wp-content\/uploads\/2013\/09\/matin1.jpg","type":"image\/jpeg"}],"author":"Christos Doulkeridis","twitter_card":"summary_large_image","twitter_misc":{"\u00c9crit par":"Christos Doulkeridis","Dur\u00e9e de lecture estim\u00e9e":"11 minutes"},"schema":{"@context":"https:\/\/schema.org","@graph":[{"@type":"Article","@id":"https:\/\/www.doulkeridis.be\/blog\/2013\/09\/26\/le-premier-travail-de-la-region-bruxelloise-est-davoir-un-budget-serieux-pour-ses-propres-competences\/#article","isPartOf":{"@id":"https:\/\/www.doulkeridis.be\/blog\/2013\/09\/26\/le-premier-travail-de-la-region-bruxelloise-est-davoir-un-budget-serieux-pour-ses-propres-competences\/"},"author":{"name":"Christos Doulkeridis","@id":"https:\/\/www.doulkeridis.be\/blog\/#\/schema\/person\/9f03f3459f0a4ba4db02aabbba098365"},"headline":"Alliance Habitat et budget: j&rsquo;\u00e9tais l&rsquo;invit\u00e9 de Matin Premi\u00e8re","datePublished":"2013-09-26T14:34:59+00:00","dateModified":"2013-09-26T15:26:59+00:00","mainEntityOfPage":{"@id":"https:\/\/www.doulkeridis.be\/blog\/2013\/09\/26\/le-premier-travail-de-la-region-bruxelloise-est-davoir-un-budget-serieux-pour-ses-propres-competences\/"},"wordCount":2186,"commentCount":0,"publisher":{"@id":"https:\/\/www.doulkeridis.be\/blog\/#organization"},"image":{"@id":"https:\/\/www.doulkeridis.be\/blog\/2013\/09\/26\/le-premier-travail-de-la-region-bruxelloise-est-davoir-un-budget-serieux-pour-ses-propres-competences\/#primaryimage"},"thumbnailUrl":"https:\/\/www.doulkeridis.be\/blog\/wp-content\/uploads\/2013\/09\/matin1.jpg","keywords":["Alliance Habitat","Bruxelles","Budget","F\u00e9d\u00e9ration Wallonie-Bruxelles"],"articleSection":["Budget","Logement"],"inLanguage":"fr-FR","potentialAction":[{"@type":"CommentAction","name":"Comment","target":["https:\/\/www.doulkeridis.be\/blog\/2013\/09\/26\/le-premier-travail-de-la-region-bruxelloise-est-davoir-un-budget-serieux-pour-ses-propres-competences\/#respond"]}]},{"@type":"WebPage","@id":"https:\/\/www.doulkeridis.be\/blog\/2013\/09\/26\/le-premier-travail-de-la-region-bruxelloise-est-davoir-un-budget-serieux-pour-ses-propres-competences\/","url":"https:\/\/www.doulkeridis.be\/blog\/2013\/09\/26\/le-premier-travail-de-la-region-bruxelloise-est-davoir-un-budget-serieux-pour-ses-propres-competences\/","name":"Alliance Habitat et budget: j'\u00e9tais l'invit\u00e9 de Matin Premi\u00e8re - Christos Doulkeridis","isPartOf":{"@id":"https:\/\/www.doulkeridis.be\/blog\/#website"},"primaryImageOfPage":{"@id":"https:\/\/www.doulkeridis.be\/blog\/2013\/09\/26\/le-premier-travail-de-la-region-bruxelloise-est-davoir-un-budget-serieux-pour-ses-propres-competences\/#primaryimage"},"image":{"@id":"https:\/\/www.doulkeridis.be\/blog\/2013\/09\/26\/le-premier-travail-de-la-region-bruxelloise-est-davoir-un-budget-serieux-pour-ses-propres-competences\/#primaryimage"},"thumbnailUrl":"https:\/\/www.doulkeridis.be\/blog\/wp-content\/uploads\/2013\/09\/matin1.jpg","datePublished":"2013-09-26T14:34:59+00:00","dateModified":"2013-09-26T15:26:59+00:00","breadcrumb":{"@id":"https:\/\/www.doulkeridis.be\/blog\/2013\/09\/26\/le-premier-travail-de-la-region-bruxelloise-est-davoir-un-budget-serieux-pour-ses-propres-competences\/#breadcrumb"},"inLanguage":"fr-FR","potentialAction":[{"@type":"ReadAction","target":["https:\/\/www.doulkeridis.be\/blog\/2013\/09\/26\/le-premier-travail-de-la-region-bruxelloise-est-davoir-un-budget-serieux-pour-ses-propres-competences\/"]}]},{"@type":"ImageObject","inLanguage":"fr-FR","@id":"https:\/\/www.doulkeridis.be\/blog\/2013\/09\/26\/le-premier-travail-de-la-region-bruxelloise-est-davoir-un-budget-serieux-pour-ses-propres-competences\/#primaryimage","url":"https:\/\/www.doulkeridis.be\/blog\/wp-content\/uploads\/2013\/09\/matin1.jpg","contentUrl":"https:\/\/www.doulkeridis.be\/blog\/wp-content\/uploads\/2013\/09\/matin1.jpg","width":624,"height":341},{"@type":"BreadcrumbList","@id":"https:\/\/www.doulkeridis.be\/blog\/2013\/09\/26\/le-premier-travail-de-la-region-bruxelloise-est-davoir-un-budget-serieux-pour-ses-propres-competences\/#breadcrumb","itemListElement":[{"@type":"ListItem","position":1,"name":"Accueil","item":"https:\/\/www.doulkeridis.be\/blog\/"},{"@type":"ListItem","position":2,"name":"Alliance Habitat et budget: j&rsquo;\u00e9tais l&rsquo;invit\u00e9 de Matin Premi\u00e8re"}]},{"@type":"WebSite","@id":"https:\/\/www.doulkeridis.be\/blog\/#website","url":"https:\/\/www.doulkeridis.be\/blog\/","name":"Christos Doulkeridis","description":"Coach | Consultant en solutions, gestion de crise, n\u00e9gociations","publisher":{"@id":"https:\/\/www.doulkeridis.be\/blog\/#organization"},"potentialAction":[{"@type":"SearchAction","target":{"@type":"EntryPoint","urlTemplate":"https:\/\/www.doulkeridis.be\/blog\/?s={search_term_string}"},"query-input":{"@type":"PropertyValueSpecification","valueRequired":true,"valueName":"search_term_string"}}],"inLanguage":"fr-FR"},{"@type":"Organization","@id":"https:\/\/www.doulkeridis.be\/blog\/#organization","name":"Ulyse","url":"https:\/\/www.doulkeridis.be\/blog\/","logo":{"@type":"ImageObject","inLanguage":"fr-FR","@id":"https:\/\/www.doulkeridis.be\/blog\/#\/schema\/logo\/image\/","url":"https:\/\/www.doulkeridis.be\/blog\/wp-content\/uploads\/2026\/04\/2-5.png","contentUrl":"https:\/\/www.doulkeridis.be\/blog\/wp-content\/uploads\/2026\/04\/2-5.png","width":1024,"height":728,"caption":"Ulyse"},"image":{"@id":"https:\/\/www.doulkeridis.be\/blog\/#\/schema\/logo\/image\/"},"sameAs":["https:\/\/www.facebook.com\/doulkeridis","https:\/\/www.facebook.com\/christosdoulkeridis2"]},{"@type":"Person","@id":"https:\/\/www.doulkeridis.be\/blog\/#\/schema\/person\/9f03f3459f0a4ba4db02aabbba098365","name":"Christos Doulkeridis","image":{"@type":"ImageObject","inLanguage":"fr-FR","@id":"https:\/\/secure.gravatar.com\/avatar\/71cb6e4369ca0615d93730ef3bc5f54642df4f6bcc59b92763d2ac434abf103e?s=96&d=mm&r=g","url":"https:\/\/secure.gravatar.com\/avatar\/71cb6e4369ca0615d93730ef3bc5f54642df4f6bcc59b92763d2ac434abf103e?s=96&d=mm&r=g","contentUrl":"https:\/\/secure.gravatar.com\/avatar\/71cb6e4369ca0615d93730ef3bc5f54642df4f6bcc59b92763d2ac434abf103e?s=96&d=mm&r=g","caption":"Christos Doulkeridis"},"url":"https:\/\/www.doulkeridis.be\/blog\/author\/christos\/"}]}},"_links":{"self":[{"href":"https:\/\/www.doulkeridis.be\/blog\/wp-json\/wp\/v2\/posts\/10457","targetHints":{"allow":["GET"]}}],"collection":[{"href":"https:\/\/www.doulkeridis.be\/blog\/wp-json\/wp\/v2\/posts"}],"about":[{"href":"https:\/\/www.doulkeridis.be\/blog\/wp-json\/wp\/v2\/types\/post"}],"author":[{"embeddable":true,"href":"https:\/\/www.doulkeridis.be\/blog\/wp-json\/wp\/v2\/users\/2"}],"replies":[{"embeddable":true,"href":"https:\/\/www.doulkeridis.be\/blog\/wp-json\/wp\/v2\/comments?post=10457"}],"version-history":[{"count":18,"href":"https:\/\/www.doulkeridis.be\/blog\/wp-json\/wp\/v2\/posts\/10457\/revisions"}],"predecessor-version":[{"id":10468,"href":"https:\/\/www.doulkeridis.be\/blog\/wp-json\/wp\/v2\/posts\/10457\/revisions\/10468"}],"wp:featuredmedia":[{"embeddable":true,"href":"https:\/\/www.doulkeridis.be\/blog\/wp-json\/wp\/v2\/media\/10464"}],"wp:attachment":[{"href":"https:\/\/www.doulkeridis.be\/blog\/wp-json\/wp\/v2\/media?parent=10457"}],"wp:term":[{"taxonomy":"category","embeddable":true,"href":"https:\/\/www.doulkeridis.be\/blog\/wp-json\/wp\/v2\/categories?post=10457"},{"taxonomy":"post_tag","embeddable":true,"href":"https:\/\/www.doulkeridis.be\/blog\/wp-json\/wp\/v2\/tags?post=10457"}],"curies":[{"name":"wp","href":"https:\/\/api.w.org\/{rel}","templated":true}]}}