{"id":10488,"date":"2013-09-27T16:22:32","date_gmt":"2013-09-27T15:22:32","guid":{"rendered":"http:\/\/www.doulkeridis.be\/blog\/?p=10488"},"modified":"2013-09-27T16:22:33","modified_gmt":"2013-09-27T15:22:33","slug":"nouveau-menu-pour-gouter-bruxelles","status":"publish","type":"post","link":"https:\/\/www.doulkeridis.be\/blog\/2013\/09\/27\/nouveau-menu-pour-gouter-bruxelles\/","title":{"rendered":"Nouveau menu pour \u00ab\u00a0Go\u00fbter Bruxelles\u00a0\u00bb"},"content":{"rendered":"<p><strong><a href=\"https:\/\/www.doulkeridis.be\/blog\/wp-content\/uploads\/2013\/09\/GOUTER_BXL_2013_logo_FR.jpg\"><img loading=\"lazy\" decoding=\"async\" class=\"alignleft size-medium wp-image-10491\" alt=\"GOUTER_BXL_2013_logo_FR\" src=\"https:\/\/www.doulkeridis.be\/blog\/wp-content\/uploads\/2013\/09\/GOUTER_BXL_2013_logo_FR-300x300.jpg\" width=\"300\" height=\"300\" srcset=\"https:\/\/www.doulkeridis.be\/blog\/wp-content\/uploads\/2013\/09\/GOUTER_BXL_2013_logo_FR-300x300.jpg 300w, https:\/\/www.doulkeridis.be\/blog\/wp-content\/uploads\/2013\/09\/GOUTER_BXL_2013_logo_FR-290x290.jpg 290w, https:\/\/www.doulkeridis.be\/blog\/wp-content\/uploads\/2013\/09\/GOUTER_BXL_2013_logo_FR-1024x1024.jpg 1024w, https:\/\/www.doulkeridis.be\/blog\/wp-content\/uploads\/2013\/09\/GOUTER_BXL_2013_logo_FR-50x50.jpg 50w, https:\/\/www.doulkeridis.be\/blog\/wp-content\/uploads\/2013\/09\/GOUTER_BXL_2013_logo_FR.jpg 2000w\" sizes=\"auto, (max-width: 300px) 100vw, 300px\" \/><\/a>\u00ab\u00a0Go\u00fbter Bruxelles\u00bb, c\u2019est le rendez-vous \u00e0 ne pas manquer de celles et ceux qui d\u00e9sirent bien manger tout en humanisant leur assiette<\/strong>. Pour sa sixi\u00e8me \u00e9dition, l&rsquo;\u00e9v\u00e9nement organis\u00e9e par Slow Food Brussels, a d\u00e9cid\u00e9 de renouveler sa formule. Go\u00fbter Bruxelles ne dure plus uniquement une semaine mais va s&rsquo;\u00e9taler pendant toute l&rsquo;ann\u00e9e en proposant une s\u00e9rie de temps forts pendant douze mois.<\/p>\n<p>Devenu l\u2019un des \u00e9v\u00e9nements incontournables de la rentr\u00e9e, \u00ab Go\u00fbter Bruxelles \u00bb offre la possibilit\u00e9 de mettre en lumi\u00e8re l\u2019Art de vivre \u00e0 Bruxelles, et surtout nos divers produits et richesses culinaires. Tout comme Brusselicious, Ann\u00e9e de la gastronomie, qui avait d\u00e9j\u00e0 donn\u00e9 l\u2019occasion aux nombreux visiteurs belges et \u00e9trangers de d\u00e9couvrir notre savoir-faire en la mati\u00e8re, cet \u00e9v\u00e9nement leur permet de vivre une exp\u00e9rience \u00e9co-gastronomique de qualit\u00e9. Suite aux r\u00e9centes crises limentaires, et dans la perspective de sensibiliser et d\u2019orienter les diff\u00e9rents acteurs de l\u2019alimentation et les consommateurs aux principes de l\u2019alimentation durable, il est pertinent de s\u2019inspirer du mouvement international Slow Food qui se bat pour la protection de la biodiversit\u00e9, des saveurs et des m\u00e9tiers de bouche traditionnels.<\/p>\n<p>Go\u00fbter Bruxelles d\u00e9marre d\u00e8s ce week-end avec <strong><a href=\"http:\/\/www.gouterbruxelles.be\/\" target=\"_blank\">les promenades du go\u00fbt<\/a><\/strong> qui se tiennent dans diff\u00e9rents coins de la capitale. Une multitude d&rsquo;ateliers de d\u00e9gustations, de portes ouvertes chez les artisans, de rencontre avec des producteurs ou de visite de potagers urbains offrent l\u2019occasion aux papilles des Bruxellois et de leurs h\u00f4tes d\u2019entrer en contact rapproch\u00e9 avec les produits du terroir tout en respectant l\u2019\u00e9tat d\u2019esprit d\u00e9fendu depuis des ann\u00e9es par les pionniers du mouvement slow food chez nous.<\/p>\n<p>Apr\u00e8s ce week-end de lancement, 25 restaurateurs bruxellois, participeront \u00e0 l\u2019ann\u00e9e Slow Food et seront mis sous les feux des projecteurs. Ils ont \u00e9t\u00e9 choisis en fonction de l\u2019attachement qu\u2019ils t\u00e9moignent aux valeurs du Slow Food, qu\u2019ils en aient d\u00e9j\u00e0 compl\u00e8tement int\u00e9gr\u00e9 les valeurs dans leur fa\u00e7on de travailler ou qu\u2019ils soient occup\u00e9s \u00e0 le faire.<\/p>\n<p>En tant que Ministre-Pr\u00e9sident du Gouvernement francophone bruxellois en charge du Tourisme et de l\u2019Enseignement, il me semblait \u00e9vident d\u2019apporter<strong> mon soutien \u00e0 cette initiative qui mobilise de plus en plus d\u2019acteurs ann\u00e9e apr\u00e8s ann\u00e9e<\/strong>. J\u2019en veux pour preuve notamment l\u2019engagement remarqu\u00e9 de grands h\u00f4tels bruxellois qui veulent inscrire leurs menus dans une logique d\u2019alimentation durable en privil\u00e9giant les circuits courts et l\u2019utilisation de produits de saison. Un choix judicieux qu\u2019il convient de p\u00e9renniser si on souhaite renforcer l\u2019image qualitative de Bruxelles.<\/p>\n<p>En fin, en tant que Ministre en charge de l\u2019Enseignement de la Cocof, il me para\u00eet essentiel de rappeler <strong>les efforts que nous entreprenons pour tourner nos \u00e9tablissements qui forment aux diff\u00e9rents m\u00e9tiers de bouche vers l\u2019alimentation durable<\/strong>. Je suis persuad\u00e9 que les efforts que nous sommes en train de consentir feront t\u00e2che d\u2019huile par le biais des grands chefs de demain que nous formons dans nos \u00e9tablissements renomm\u00e9s.<\/p>\n","protected":false},"excerpt":{"rendered":"<p>\u00ab\u00a0Go\u00fbter Bruxelles\u00bb, c\u2019est le rendez-vous \u00e0 ne pas manquer de celles et ceux qui d\u00e9sirent bien manger tout en humanisant leur assiette. Pour sa sixi\u00e8me \u00e9dition, l&rsquo;\u00e9v\u00e9nement organis\u00e9e par Slow Food Brussels, a d\u00e9cid\u00e9 de renouveler sa formule. Go\u00fbter Bruxelles ne dure plus uniquement une semaine mais va s&rsquo;\u00e9taler pendant toute l&rsquo;ann\u00e9e en proposant une s\u00e9rie de temps forts pendant douze mois. Devenu l\u2019un des \u00e9v\u00e9nements incontournables de la rentr\u00e9e, \u00ab Go\u00fbter Bruxelles \u00bb offre la possibilit\u00e9 de mettre en lumi\u00e8re l\u2019Art de vivre \u00e0 Bruxelles, et surtout nos divers produits et richesses culinaires. Tout comme Brusselicious, Ann\u00e9e de la gastronomie, qui avait d\u00e9j\u00e0 donn\u00e9 l\u2019occasion aux nombreux visiteurs belges et \u00e9trangers de d\u00e9couvrir notre savoir-faire en la mati\u00e8re, cet \u00e9v\u00e9nement leur permet de vivre une exp\u00e9rience \u00e9co-gastronomique de qualit\u00e9. Suite aux r\u00e9centes crises limentaires, et dans la perspective de sensibiliser et d\u2019orienter les diff\u00e9rents acteurs de l\u2019alimentation et les consommateurs aux principes de l\u2019alimentation durable, il est pertinent de s\u2019inspirer du mouvement international Slow Food qui se bat pour la protection de la biodiversit\u00e9, des saveurs et des m\u00e9tiers de bouche traditionnels. Go\u00fbter Bruxelles d\u00e9marre d\u00e8s ce week-end avec les promenades du go\u00fbt qui se tiennent dans diff\u00e9rents coins [&hellip;]<\/p>\n","protected":false},"author":2,"featured_media":10491,"comment_status":"open","ping_status":"open","sticky":false,"template":"","format":"standard","meta":{"_monsterinsights_skip_tracking":false,"_monsterinsights_sitenote_active":false,"_monsterinsights_sitenote_note":"","_monsterinsights_sitenote_category":0,"ngg_post_thumbnail":0,"footnotes":""},"categories":[8],"tags":[1023,410,756,184],"class_list":["post-10488","post","type-post","status-publish","format-standard","has-post-thumbnail","hentry","category-tourisme","tag-alimentation-durable","tag-gouter-bruxelles","tag-semaine-du-gout","tag-slow-food"],"yoast_head":"<!-- This site is optimized with the Yoast SEO plugin v27.4 - https:\/\/yoast.com\/product\/yoast-seo-wordpress\/ -->\n<title>Nouveau menu pour &quot;Go\u00fbter Bruxelles&quot;  - Christos Doulkeridis<\/title>\n<meta name=\"robots\" content=\"index, follow, max-snippet:-1, max-image-preview:large, max-video-preview:-1\" \/>\n<link rel=\"canonical\" href=\"https:\/\/www.doulkeridis.be\/blog\/2013\/09\/27\/nouveau-menu-pour-gouter-bruxelles\/\" \/>\n<meta property=\"og:locale\" content=\"fr_FR\" \/>\n<meta property=\"og:type\" content=\"article\" \/>\n<meta property=\"og:title\" content=\"Nouveau menu pour &quot;Go\u00fbter Bruxelles&quot;  - Christos Doulkeridis\" \/>\n<meta property=\"og:description\" content=\"\u00ab\u00a0Go\u00fbter Bruxelles\u00bb, c\u2019est le rendez-vous \u00e0 ne pas manquer de celles et ceux qui d\u00e9sirent bien manger tout en humanisant leur assiette. Pour sa sixi\u00e8me \u00e9dition, l&rsquo;\u00e9v\u00e9nement organis\u00e9e par Slow Food Brussels, a d\u00e9cid\u00e9 de renouveler sa formule. Go\u00fbter Bruxelles ne dure plus uniquement une semaine mais va s&rsquo;\u00e9taler pendant toute l&rsquo;ann\u00e9e en proposant une s\u00e9rie de temps forts pendant douze mois. Devenu l\u2019un des \u00e9v\u00e9nements incontournables de la rentr\u00e9e, \u00ab Go\u00fbter Bruxelles \u00bb offre la possibilit\u00e9 de mettre en lumi\u00e8re l\u2019Art de vivre \u00e0 Bruxelles, et surtout nos divers produits et richesses culinaires. Tout comme Brusselicious, Ann\u00e9e de la gastronomie, qui avait d\u00e9j\u00e0 donn\u00e9 l\u2019occasion aux nombreux visiteurs belges et \u00e9trangers de d\u00e9couvrir notre savoir-faire en la mati\u00e8re, cet \u00e9v\u00e9nement leur permet de vivre une exp\u00e9rience \u00e9co-gastronomique de qualit\u00e9. Suite aux r\u00e9centes crises limentaires, et dans la perspective de sensibiliser et d\u2019orienter les diff\u00e9rents acteurs de l\u2019alimentation et les consommateurs aux principes de l\u2019alimentation durable, il est pertinent de s\u2019inspirer du mouvement international Slow Food qui se bat pour la protection de la biodiversit\u00e9, des saveurs et des m\u00e9tiers de bouche traditionnels. Go\u00fbter Bruxelles d\u00e9marre d\u00e8s ce week-end avec les promenades du go\u00fbt qui se tiennent dans diff\u00e9rents coins [&hellip;]\" \/>\n<meta property=\"og:url\" content=\"https:\/\/www.doulkeridis.be\/blog\/2013\/09\/27\/nouveau-menu-pour-gouter-bruxelles\/\" \/>\n<meta property=\"og:site_name\" content=\"Christos Doulkeridis\" \/>\n<meta property=\"article:publisher\" content=\"https:\/\/www.facebook.com\/doulkeridis\" \/>\n<meta property=\"article:published_time\" content=\"2013-09-27T15:22:32+00:00\" \/>\n<meta property=\"article:modified_time\" content=\"2013-09-27T15:22:33+00:00\" \/>\n<meta property=\"og:image\" content=\"https:\/\/www.doulkeridis.be\/blog\/wp-content\/uploads\/2013\/09\/GOUTER_BXL_2013_logo_FR.jpg\" \/>\n\t<meta property=\"og:image:width\" content=\"2000\" \/>\n\t<meta property=\"og:image:height\" content=\"2000\" \/>\n\t<meta property=\"og:image:type\" content=\"image\/jpeg\" \/>\n<meta name=\"author\" content=\"Christos Doulkeridis\" \/>\n<meta name=\"twitter:card\" content=\"summary_large_image\" \/>\n<meta name=\"twitter:label1\" content=\"\u00c9crit par\" \/>\n\t<meta name=\"twitter:data1\" content=\"Christos Doulkeridis\" \/>\n\t<meta name=\"twitter:label2\" content=\"Dur\u00e9e de lecture estim\u00e9e\" \/>\n\t<meta name=\"twitter:data2\" content=\"3 minutes\" \/>\n<script type=\"application\/ld+json\" class=\"yoast-schema-graph\">{\"@context\":\"https:\\\/\\\/schema.org\",\"@graph\":[{\"@type\":\"Article\",\"@id\":\"https:\\\/\\\/www.doulkeridis.be\\\/blog\\\/2013\\\/09\\\/27\\\/nouveau-menu-pour-gouter-bruxelles\\\/#article\",\"isPartOf\":{\"@id\":\"https:\\\/\\\/www.doulkeridis.be\\\/blog\\\/2013\\\/09\\\/27\\\/nouveau-menu-pour-gouter-bruxelles\\\/\"},\"author\":{\"name\":\"Christos Doulkeridis\",\"@id\":\"https:\\\/\\\/www.doulkeridis.be\\\/blog\\\/#\\\/schema\\\/person\\\/9f03f3459f0a4ba4db02aabbba098365\"},\"headline\":\"Nouveau menu pour \u00ab\u00a0Go\u00fbter Bruxelles\u00a0\u00bb\",\"datePublished\":\"2013-09-27T15:22:32+00:00\",\"dateModified\":\"2013-09-27T15:22:33+00:00\",\"mainEntityOfPage\":{\"@id\":\"https:\\\/\\\/www.doulkeridis.be\\\/blog\\\/2013\\\/09\\\/27\\\/nouveau-menu-pour-gouter-bruxelles\\\/\"},\"wordCount\":551,\"commentCount\":0,\"publisher\":{\"@id\":\"https:\\\/\\\/www.doulkeridis.be\\\/blog\\\/#organization\"},\"image\":{\"@id\":\"https:\\\/\\\/www.doulkeridis.be\\\/blog\\\/2013\\\/09\\\/27\\\/nouveau-menu-pour-gouter-bruxelles\\\/#primaryimage\"},\"thumbnailUrl\":\"https:\\\/\\\/www.doulkeridis.be\\\/blog\\\/wp-content\\\/uploads\\\/2013\\\/09\\\/GOUTER_BXL_2013_logo_FR.jpg\",\"keywords\":[\"Alimentation durable\",\"Go\u00fbter Bruxelles\",\"semaine du go\u00fbt\",\"Slow food\"],\"articleSection\":[\"Tourisme\"],\"inLanguage\":\"fr-FR\",\"potentialAction\":[{\"@type\":\"CommentAction\",\"name\":\"Comment\",\"target\":[\"https:\\\/\\\/www.doulkeridis.be\\\/blog\\\/2013\\\/09\\\/27\\\/nouveau-menu-pour-gouter-bruxelles\\\/#respond\"]}]},{\"@type\":\"WebPage\",\"@id\":\"https:\\\/\\\/www.doulkeridis.be\\\/blog\\\/2013\\\/09\\\/27\\\/nouveau-menu-pour-gouter-bruxelles\\\/\",\"url\":\"https:\\\/\\\/www.doulkeridis.be\\\/blog\\\/2013\\\/09\\\/27\\\/nouveau-menu-pour-gouter-bruxelles\\\/\",\"name\":\"Nouveau menu pour \\\"Go\u00fbter Bruxelles\\\" - Christos Doulkeridis\",\"isPartOf\":{\"@id\":\"https:\\\/\\\/www.doulkeridis.be\\\/blog\\\/#website\"},\"primaryImageOfPage\":{\"@id\":\"https:\\\/\\\/www.doulkeridis.be\\\/blog\\\/2013\\\/09\\\/27\\\/nouveau-menu-pour-gouter-bruxelles\\\/#primaryimage\"},\"image\":{\"@id\":\"https:\\\/\\\/www.doulkeridis.be\\\/blog\\\/2013\\\/09\\\/27\\\/nouveau-menu-pour-gouter-bruxelles\\\/#primaryimage\"},\"thumbnailUrl\":\"https:\\\/\\\/www.doulkeridis.be\\\/blog\\\/wp-content\\\/uploads\\\/2013\\\/09\\\/GOUTER_BXL_2013_logo_FR.jpg\",\"datePublished\":\"2013-09-27T15:22:32+00:00\",\"dateModified\":\"2013-09-27T15:22:33+00:00\",\"breadcrumb\":{\"@id\":\"https:\\\/\\\/www.doulkeridis.be\\\/blog\\\/2013\\\/09\\\/27\\\/nouveau-menu-pour-gouter-bruxelles\\\/#breadcrumb\"},\"inLanguage\":\"fr-FR\",\"potentialAction\":[{\"@type\":\"ReadAction\",\"target\":[\"https:\\\/\\\/www.doulkeridis.be\\\/blog\\\/2013\\\/09\\\/27\\\/nouveau-menu-pour-gouter-bruxelles\\\/\"]}]},{\"@type\":\"ImageObject\",\"inLanguage\":\"fr-FR\",\"@id\":\"https:\\\/\\\/www.doulkeridis.be\\\/blog\\\/2013\\\/09\\\/27\\\/nouveau-menu-pour-gouter-bruxelles\\\/#primaryimage\",\"url\":\"https:\\\/\\\/www.doulkeridis.be\\\/blog\\\/wp-content\\\/uploads\\\/2013\\\/09\\\/GOUTER_BXL_2013_logo_FR.jpg\",\"contentUrl\":\"https:\\\/\\\/www.doulkeridis.be\\\/blog\\\/wp-content\\\/uploads\\\/2013\\\/09\\\/GOUTER_BXL_2013_logo_FR.jpg\",\"width\":2000,\"height\":2000},{\"@type\":\"BreadcrumbList\",\"@id\":\"https:\\\/\\\/www.doulkeridis.be\\\/blog\\\/2013\\\/09\\\/27\\\/nouveau-menu-pour-gouter-bruxelles\\\/#breadcrumb\",\"itemListElement\":[{\"@type\":\"ListItem\",\"position\":1,\"name\":\"Accueil\",\"item\":\"https:\\\/\\\/www.doulkeridis.be\\\/blog\\\/\"},{\"@type\":\"ListItem\",\"position\":2,\"name\":\"Nouveau menu pour \u00ab\u00a0Go\u00fbter Bruxelles\u00a0\u00bb\"}]},{\"@type\":\"WebSite\",\"@id\":\"https:\\\/\\\/www.doulkeridis.be\\\/blog\\\/#website\",\"url\":\"https:\\\/\\\/www.doulkeridis.be\\\/blog\\\/\",\"name\":\"Christos Doulkeridis\",\"description\":\"Coach | Consultant en solutions, gestion de crise, n\u00e9gociations\",\"publisher\":{\"@id\":\"https:\\\/\\\/www.doulkeridis.be\\\/blog\\\/#organization\"},\"potentialAction\":[{\"@type\":\"SearchAction\",\"target\":{\"@type\":\"EntryPoint\",\"urlTemplate\":\"https:\\\/\\\/www.doulkeridis.be\\\/blog\\\/?s={search_term_string}\"},\"query-input\":{\"@type\":\"PropertyValueSpecification\",\"valueRequired\":true,\"valueName\":\"search_term_string\"}}],\"inLanguage\":\"fr-FR\"},{\"@type\":\"Organization\",\"@id\":\"https:\\\/\\\/www.doulkeridis.be\\\/blog\\\/#organization\",\"name\":\"Ulyse\",\"url\":\"https:\\\/\\\/www.doulkeridis.be\\\/blog\\\/\",\"logo\":{\"@type\":\"ImageObject\",\"inLanguage\":\"fr-FR\",\"@id\":\"https:\\\/\\\/www.doulkeridis.be\\\/blog\\\/#\\\/schema\\\/logo\\\/image\\\/\",\"url\":\"https:\\\/\\\/www.doulkeridis.be\\\/blog\\\/wp-content\\\/uploads\\\/2026\\\/04\\\/2-5.png\",\"contentUrl\":\"https:\\\/\\\/www.doulkeridis.be\\\/blog\\\/wp-content\\\/uploads\\\/2026\\\/04\\\/2-5.png\",\"width\":1024,\"height\":728,\"caption\":\"Ulyse\"},\"image\":{\"@id\":\"https:\\\/\\\/www.doulkeridis.be\\\/blog\\\/#\\\/schema\\\/logo\\\/image\\\/\"},\"sameAs\":[\"https:\\\/\\\/www.facebook.com\\\/doulkeridis\",\"https:\\\/\\\/www.facebook.com\\\/christosdoulkeridis2\"]},{\"@type\":\"Person\",\"@id\":\"https:\\\/\\\/www.doulkeridis.be\\\/blog\\\/#\\\/schema\\\/person\\\/9f03f3459f0a4ba4db02aabbba098365\",\"name\":\"Christos Doulkeridis\",\"image\":{\"@type\":\"ImageObject\",\"inLanguage\":\"fr-FR\",\"@id\":\"https:\\\/\\\/secure.gravatar.com\\\/avatar\\\/71cb6e4369ca0615d93730ef3bc5f54642df4f6bcc59b92763d2ac434abf103e?s=96&d=mm&r=g\",\"url\":\"https:\\\/\\\/secure.gravatar.com\\\/avatar\\\/71cb6e4369ca0615d93730ef3bc5f54642df4f6bcc59b92763d2ac434abf103e?s=96&d=mm&r=g\",\"contentUrl\":\"https:\\\/\\\/secure.gravatar.com\\\/avatar\\\/71cb6e4369ca0615d93730ef3bc5f54642df4f6bcc59b92763d2ac434abf103e?s=96&d=mm&r=g\",\"caption\":\"Christos Doulkeridis\"},\"url\":\"https:\\\/\\\/www.doulkeridis.be\\\/blog\\\/author\\\/christos\\\/\"}]}<\/script>\n<!-- \/ Yoast SEO plugin. -->","yoast_head_json":{"title":"Nouveau menu pour \"Go\u00fbter Bruxelles\"  - Christos Doulkeridis","robots":{"index":"index","follow":"follow","max-snippet":"max-snippet:-1","max-image-preview":"max-image-preview:large","max-video-preview":"max-video-preview:-1"},"canonical":"https:\/\/www.doulkeridis.be\/blog\/2013\/09\/27\/nouveau-menu-pour-gouter-bruxelles\/","og_locale":"fr_FR","og_type":"article","og_title":"Nouveau menu pour \"Go\u00fbter Bruxelles\"  - Christos Doulkeridis","og_description":"\u00ab\u00a0Go\u00fbter Bruxelles\u00bb, c\u2019est le rendez-vous \u00e0 ne pas manquer de celles et ceux qui d\u00e9sirent bien manger tout en humanisant leur assiette. Pour sa sixi\u00e8me \u00e9dition, l&rsquo;\u00e9v\u00e9nement organis\u00e9e par Slow Food Brussels, a d\u00e9cid\u00e9 de renouveler sa formule. Go\u00fbter Bruxelles ne dure plus uniquement une semaine mais va s&rsquo;\u00e9taler pendant toute l&rsquo;ann\u00e9e en proposant une s\u00e9rie de temps forts pendant douze mois. Devenu l\u2019un des \u00e9v\u00e9nements incontournables de la rentr\u00e9e, \u00ab Go\u00fbter Bruxelles \u00bb offre la possibilit\u00e9 de mettre en lumi\u00e8re l\u2019Art de vivre \u00e0 Bruxelles, et surtout nos divers produits et richesses culinaires. Tout comme Brusselicious, Ann\u00e9e de la gastronomie, qui avait d\u00e9j\u00e0 donn\u00e9 l\u2019occasion aux nombreux visiteurs belges et \u00e9trangers de d\u00e9couvrir notre savoir-faire en la mati\u00e8re, cet \u00e9v\u00e9nement leur permet de vivre une exp\u00e9rience \u00e9co-gastronomique de qualit\u00e9. Suite aux r\u00e9centes crises limentaires, et dans la perspective de sensibiliser et d\u2019orienter les diff\u00e9rents acteurs de l\u2019alimentation et les consommateurs aux principes de l\u2019alimentation durable, il est pertinent de s\u2019inspirer du mouvement international Slow Food qui se bat pour la protection de la biodiversit\u00e9, des saveurs et des m\u00e9tiers de bouche traditionnels. Go\u00fbter Bruxelles d\u00e9marre d\u00e8s ce week-end avec les promenades du go\u00fbt qui se tiennent dans diff\u00e9rents coins [&hellip;]","og_url":"https:\/\/www.doulkeridis.be\/blog\/2013\/09\/27\/nouveau-menu-pour-gouter-bruxelles\/","og_site_name":"Christos Doulkeridis","article_publisher":"https:\/\/www.facebook.com\/doulkeridis","article_published_time":"2013-09-27T15:22:32+00:00","article_modified_time":"2013-09-27T15:22:33+00:00","og_image":[{"width":2000,"height":2000,"url":"https:\/\/www.doulkeridis.be\/blog\/wp-content\/uploads\/2013\/09\/GOUTER_BXL_2013_logo_FR.jpg","type":"image\/jpeg"}],"author":"Christos Doulkeridis","twitter_card":"summary_large_image","twitter_misc":{"\u00c9crit par":"Christos Doulkeridis","Dur\u00e9e de lecture estim\u00e9e":"3 minutes"},"schema":{"@context":"https:\/\/schema.org","@graph":[{"@type":"Article","@id":"https:\/\/www.doulkeridis.be\/blog\/2013\/09\/27\/nouveau-menu-pour-gouter-bruxelles\/#article","isPartOf":{"@id":"https:\/\/www.doulkeridis.be\/blog\/2013\/09\/27\/nouveau-menu-pour-gouter-bruxelles\/"},"author":{"name":"Christos Doulkeridis","@id":"https:\/\/www.doulkeridis.be\/blog\/#\/schema\/person\/9f03f3459f0a4ba4db02aabbba098365"},"headline":"Nouveau menu pour \u00ab\u00a0Go\u00fbter Bruxelles\u00a0\u00bb","datePublished":"2013-09-27T15:22:32+00:00","dateModified":"2013-09-27T15:22:33+00:00","mainEntityOfPage":{"@id":"https:\/\/www.doulkeridis.be\/blog\/2013\/09\/27\/nouveau-menu-pour-gouter-bruxelles\/"},"wordCount":551,"commentCount":0,"publisher":{"@id":"https:\/\/www.doulkeridis.be\/blog\/#organization"},"image":{"@id":"https:\/\/www.doulkeridis.be\/blog\/2013\/09\/27\/nouveau-menu-pour-gouter-bruxelles\/#primaryimage"},"thumbnailUrl":"https:\/\/www.doulkeridis.be\/blog\/wp-content\/uploads\/2013\/09\/GOUTER_BXL_2013_logo_FR.jpg","keywords":["Alimentation durable","Go\u00fbter Bruxelles","semaine du go\u00fbt","Slow food"],"articleSection":["Tourisme"],"inLanguage":"fr-FR","potentialAction":[{"@type":"CommentAction","name":"Comment","target":["https:\/\/www.doulkeridis.be\/blog\/2013\/09\/27\/nouveau-menu-pour-gouter-bruxelles\/#respond"]}]},{"@type":"WebPage","@id":"https:\/\/www.doulkeridis.be\/blog\/2013\/09\/27\/nouveau-menu-pour-gouter-bruxelles\/","url":"https:\/\/www.doulkeridis.be\/blog\/2013\/09\/27\/nouveau-menu-pour-gouter-bruxelles\/","name":"Nouveau menu pour \"Go\u00fbter Bruxelles\" - Christos Doulkeridis","isPartOf":{"@id":"https:\/\/www.doulkeridis.be\/blog\/#website"},"primaryImageOfPage":{"@id":"https:\/\/www.doulkeridis.be\/blog\/2013\/09\/27\/nouveau-menu-pour-gouter-bruxelles\/#primaryimage"},"image":{"@id":"https:\/\/www.doulkeridis.be\/blog\/2013\/09\/27\/nouveau-menu-pour-gouter-bruxelles\/#primaryimage"},"thumbnailUrl":"https:\/\/www.doulkeridis.be\/blog\/wp-content\/uploads\/2013\/09\/GOUTER_BXL_2013_logo_FR.jpg","datePublished":"2013-09-27T15:22:32+00:00","dateModified":"2013-09-27T15:22:33+00:00","breadcrumb":{"@id":"https:\/\/www.doulkeridis.be\/blog\/2013\/09\/27\/nouveau-menu-pour-gouter-bruxelles\/#breadcrumb"},"inLanguage":"fr-FR","potentialAction":[{"@type":"ReadAction","target":["https:\/\/www.doulkeridis.be\/blog\/2013\/09\/27\/nouveau-menu-pour-gouter-bruxelles\/"]}]},{"@type":"ImageObject","inLanguage":"fr-FR","@id":"https:\/\/www.doulkeridis.be\/blog\/2013\/09\/27\/nouveau-menu-pour-gouter-bruxelles\/#primaryimage","url":"https:\/\/www.doulkeridis.be\/blog\/wp-content\/uploads\/2013\/09\/GOUTER_BXL_2013_logo_FR.jpg","contentUrl":"https:\/\/www.doulkeridis.be\/blog\/wp-content\/uploads\/2013\/09\/GOUTER_BXL_2013_logo_FR.jpg","width":2000,"height":2000},{"@type":"BreadcrumbList","@id":"https:\/\/www.doulkeridis.be\/blog\/2013\/09\/27\/nouveau-menu-pour-gouter-bruxelles\/#breadcrumb","itemListElement":[{"@type":"ListItem","position":1,"name":"Accueil","item":"https:\/\/www.doulkeridis.be\/blog\/"},{"@type":"ListItem","position":2,"name":"Nouveau menu pour \u00ab\u00a0Go\u00fbter Bruxelles\u00a0\u00bb"}]},{"@type":"WebSite","@id":"https:\/\/www.doulkeridis.be\/blog\/#website","url":"https:\/\/www.doulkeridis.be\/blog\/","name":"Christos Doulkeridis","description":"Coach | Consultant en solutions, gestion de crise, n\u00e9gociations","publisher":{"@id":"https:\/\/www.doulkeridis.be\/blog\/#organization"},"potentialAction":[{"@type":"SearchAction","target":{"@type":"EntryPoint","urlTemplate":"https:\/\/www.doulkeridis.be\/blog\/?s={search_term_string}"},"query-input":{"@type":"PropertyValueSpecification","valueRequired":true,"valueName":"search_term_string"}}],"inLanguage":"fr-FR"},{"@type":"Organization","@id":"https:\/\/www.doulkeridis.be\/blog\/#organization","name":"Ulyse","url":"https:\/\/www.doulkeridis.be\/blog\/","logo":{"@type":"ImageObject","inLanguage":"fr-FR","@id":"https:\/\/www.doulkeridis.be\/blog\/#\/schema\/logo\/image\/","url":"https:\/\/www.doulkeridis.be\/blog\/wp-content\/uploads\/2026\/04\/2-5.png","contentUrl":"https:\/\/www.doulkeridis.be\/blog\/wp-content\/uploads\/2026\/04\/2-5.png","width":1024,"height":728,"caption":"Ulyse"},"image":{"@id":"https:\/\/www.doulkeridis.be\/blog\/#\/schema\/logo\/image\/"},"sameAs":["https:\/\/www.facebook.com\/doulkeridis","https:\/\/www.facebook.com\/christosdoulkeridis2"]},{"@type":"Person","@id":"https:\/\/www.doulkeridis.be\/blog\/#\/schema\/person\/9f03f3459f0a4ba4db02aabbba098365","name":"Christos Doulkeridis","image":{"@type":"ImageObject","inLanguage":"fr-FR","@id":"https:\/\/secure.gravatar.com\/avatar\/71cb6e4369ca0615d93730ef3bc5f54642df4f6bcc59b92763d2ac434abf103e?s=96&d=mm&r=g","url":"https:\/\/secure.gravatar.com\/avatar\/71cb6e4369ca0615d93730ef3bc5f54642df4f6bcc59b92763d2ac434abf103e?s=96&d=mm&r=g","contentUrl":"https:\/\/secure.gravatar.com\/avatar\/71cb6e4369ca0615d93730ef3bc5f54642df4f6bcc59b92763d2ac434abf103e?s=96&d=mm&r=g","caption":"Christos Doulkeridis"},"url":"https:\/\/www.doulkeridis.be\/blog\/author\/christos\/"}]}},"_links":{"self":[{"href":"https:\/\/www.doulkeridis.be\/blog\/wp-json\/wp\/v2\/posts\/10488","targetHints":{"allow":["GET"]}}],"collection":[{"href":"https:\/\/www.doulkeridis.be\/blog\/wp-json\/wp\/v2\/posts"}],"about":[{"href":"https:\/\/www.doulkeridis.be\/blog\/wp-json\/wp\/v2\/types\/post"}],"author":[{"embeddable":true,"href":"https:\/\/www.doulkeridis.be\/blog\/wp-json\/wp\/v2\/users\/2"}],"replies":[{"embeddable":true,"href":"https:\/\/www.doulkeridis.be\/blog\/wp-json\/wp\/v2\/comments?post=10488"}],"version-history":[{"count":9,"href":"https:\/\/www.doulkeridis.be\/blog\/wp-json\/wp\/v2\/posts\/10488\/revisions"}],"predecessor-version":[{"id":10498,"href":"https:\/\/www.doulkeridis.be\/blog\/wp-json\/wp\/v2\/posts\/10488\/revisions\/10498"}],"wp:featuredmedia":[{"embeddable":true,"href":"https:\/\/www.doulkeridis.be\/blog\/wp-json\/wp\/v2\/media\/10491"}],"wp:attachment":[{"href":"https:\/\/www.doulkeridis.be\/blog\/wp-json\/wp\/v2\/media?parent=10488"}],"wp:term":[{"taxonomy":"category","embeddable":true,"href":"https:\/\/www.doulkeridis.be\/blog\/wp-json\/wp\/v2\/categories?post=10488"},{"taxonomy":"post_tag","embeddable":true,"href":"https:\/\/www.doulkeridis.be\/blog\/wp-json\/wp\/v2\/tags?post=10488"}],"curies":[{"name":"wp","href":"https:\/\/api.w.org\/{rel}","templated":true}]}}