{"id":10714,"date":"2013-10-28T18:10:14","date_gmt":"2013-10-28T17:10:14","guid":{"rendered":"http:\/\/www.doulkeridis.be\/blog\/?p=10714"},"modified":"2013-10-28T18:43:16","modified_gmt":"2013-10-28T17:43:16","slug":"gesu-jappelle-les-autres-niveaux-de-pouvoir-a-participer-a-une-solution-solidaire-du-probleme","status":"publish","type":"post","link":"https:\/\/www.doulkeridis.be\/blog\/2013\/10\/28\/gesu-jappelle-les-autres-niveaux-de-pouvoir-a-participer-a-une-solution-solidaire-du-probleme\/","title":{"rendered":"Ges\u00f9: j&rsquo;appelle les autres niveaux de pouvoir \u00e0 participer \u00e0 une solution solidaire du probl\u00e8me"},"content":{"rendered":"<p><a href=\"https:\/\/www.doulkeridis.be\/blog\/wp-content\/uploads\/2013\/10\/gesu2.jpg\"><img loading=\"lazy\" decoding=\"async\" class=\"alignleft size-medium wp-image-10716\" alt=\"gesu2\" src=\"https:\/\/www.doulkeridis.be\/blog\/wp-content\/uploads\/2013\/10\/gesu2-300x262.jpg\" width=\"300\" height=\"262\" srcset=\"https:\/\/www.doulkeridis.be\/blog\/wp-content\/uploads\/2013\/10\/gesu2-300x262.jpg 300w, https:\/\/www.doulkeridis.be\/blog\/wp-content\/uploads\/2013\/10\/gesu2-1024x894.jpg 1024w, https:\/\/www.doulkeridis.be\/blog\/wp-content\/uploads\/2013\/10\/gesu2.jpg 1115w\" sizes=\"auto, (max-width: 300px) 100vw, 300px\" \/><\/a>Depuis ce week-end, les occupants du Couvent du Ges\u00f9, les autorit\u00e9s communales et r\u00e9gionales ont pris connaissance de la d\u00e9cision du propri\u00e9taire des lieux d&rsquo;accorder un d\u00e9lai avant de mettre un terme \u00e0 la convention d&rsquo;occupation pr\u00e9caire qui le liait aux occupants. Un \u00e9tat des lieux de la situation a fait l&rsquo;objet ce vendredi d&rsquo;une assembl\u00e9e g\u00e9n\u00e9rale des occupants du Ges\u00f9 \u00e0 laquelle des membres de mon cabinet on particip\u00e9. Depuis le d\u00e9but de l&rsquo;occupation, je suis en contact fr\u00e9quent avec les associations qui accompagnent l&rsquo;occupation. Ce nouvel \u00e9l\u00e9ment impose aux autorit\u00e9s tant communales, que r\u00e9gionales ou f\u00e9d\u00e9rales de prendre leurs responsabilit\u00e9s pour \u00e9viter la mise \u00e0 la rue de nombreuses familles avec enfants \u00e0 la veille de l\u2019hiver.<\/p>\n<p>Lors de l\u2019assembl\u00e9e g\u00e9n\u00e9rale, j&rsquo;ai mis sur la table, via mes repr\u00e9sentants, plusieurs pistes et engagements concrets. Ces pistes avaient d\u00e9j\u00e0 \u00e9t\u00e9 \u00e9voqu\u00e9es pr\u00e9c\u00e9demment avec le bourgmestre de Saint-Josse-ten-Noode, Emir Kir, et avec les repr\u00e9sentants associatifs.<\/p>\n<p>Confront\u00e9 \u00e0 l&rsquo;imminence d&rsquo;une expulsion des occupants, j&rsquo;ai propos\u00e9 :<br \/>\n1. <strong>de mandater une association, l&rsquo;asbl \u00ab La Strada \u00bb<\/strong>, qui a propos\u00e9 l&rsquo;engagement d&rsquo;une personne, pour une dur\u00e9e d\u00e9termin\u00e9e, <strong>charg\u00e9e de la coordination et de la mise en \u0153uvre du plan de relogement collectivement \u00e9tabli<\/strong> ;<\/p>\n<p>2. <strong>de poursuivre la recherche de solutions de relogement concr\u00e8tes<\/strong>, au moins temporaires, pour une partie des m\u00e9nages. A cet effet, le secteur du logement social a \u00e9t\u00e9 sollicit\u00e9 afin de trouver des solutions, en urgence, dans des logements sociaux inoccup\u00e9s et en attente de travaux de r\u00e9novation. Si je soutiens le principe des occupations pr\u00e9caires comme solution pragmatique face \u00e0 un probl\u00e8me de logement, elles doivent bien s\u00fbr r\u00e9pondre \u00e0 des conditions pr\u00e9cises auxquelles j&rsquo;attache une importance capitale : une occupation pr\u00e9caire doit \u00eatre n\u00e9goci\u00e9e, se faire dans des conditions de s\u00e9curit\u00e9 et de salubrit\u00e9 suffisantes et b\u00e9n\u00e9ficier d&rsquo;un encadrement social ad\u00e9quat ;<\/p>\n<p>3. <strong>la poursuite d\u2019une occupation pr\u00e9caire dans le b\u00e2timent,<\/strong> tant que sa destination future n&rsquo;est pas d\u00e9finie, <strong>pour un groupe limit\u00e9 de personnes<\/strong>, apr\u00e8s travaux de s\u00e9curisation, et \u00e0 condition d&rsquo;y \u00e9tablir des r\u00e8gles et un encadrement social ad\u00e9quat. Vu la taille du groupe d\u2019occupants, il n\u2019appara\u00eet en effet pas, \u00e0 ce stade, r\u00e9aliste de trouver des solutions de relogement ailleurs pour l\u2019ensemble des m\u00e9nages.<\/p>\n<p>Les difficult\u00e9s rencontr\u00e9es sont bien connues. Les probl\u00e8mes tiennent principalement au statut administratif de la plupart des habitants qui ne leur donne droit ni \u00e0 l&rsquo;aide sociale, ni \u00e0 l&rsquo;acc\u00e8s aux aides au logement. Certains aspects de l&rsquo;occupation, essentiellement li\u00e9s \u00e0 la taille prise par le groupe d\u2019occupants \u00e0 cause du d\u00e9faut de contr\u00f4le des entr\u00e9es, sont devenus aujourd&rsquo;hui pratiquement intenables et mettent \u00e0 mal l&rsquo;exp\u00e9rience sous sa forme actuelle.<\/p>\n<p>Dans ce dossier, j&rsquo;ai assum\u00e9 au d\u00e9marrage de l\u2019occupation un r\u00f4le de m\u00e9diateur entre les occupants, les associations qui les encadrent, le propri\u00e9taire et la commune, pour permettre la mise en place d&rsquo;une convention d&rsquo;occupation pr\u00e9caire, \u00e9vitant la poursuite d\u2019une occupation sauvage, probablement suivie d\u2019une expulsion vers la rue pour les m\u00e9nages concern\u00e9s. Tant les lieux que la dur\u00e9e pr\u00e9vue avant le d\u00e9marrage de travaux \u00e9ventuels permettaient d\u2019envisager une occupation dans des conditions dignes et respectueuses, ce que le propri\u00e9taire du b\u00e2timent a accept\u00e9.<\/p>\n<p>Aujourd&rsquo;hui, comme auparavant, je tiens \u00e0 assumer une part active dans la r\u00e9solution du probl\u00e8me. <strong>J&rsquo;en appelle cependant au sens des responsabilit\u00e9s et de la solidarit\u00e9 de tous les niveaux de pouvoirs concern\u00e9s par cette situation d&rsquo;urgence<\/strong>. Que ce soit le f\u00e9d\u00e9ral (en charge de l&rsquo;int\u00e9gration sociale), la R\u00e9gion et les diff\u00e9rentes communes bruxelloises, plusieurs acteurs peuvent intervenir concr\u00e8tement pour que la fin de cette occupation ne m\u00e8ne pas des m\u00e9nages avec enfants \u00e0 la rue \u00e0 la veille de l\u2019hiver. <strong>Je r\u00e9it\u00e8re donc ma proposition faite au bourgmestre de St-Josse qu\u2019il saisisse ses 18 coll\u00e8gues de la conf\u00e9rence des bourgmestres d\u2019un appel \u00e0 leur contribution<\/strong>. La mise \u00e0 disposition temporaire d&rsquo;une \u00e9cole vide par la commune de Schaerbeek il y a quelques jours pour un autre groupe en d\u00e9tresse montre que des possibilit\u00e9s existent et que les autorit\u00e9s communales sont bien plac\u00e9es pour les identifier et les mobiliser.<\/p>\n","protected":false},"excerpt":{"rendered":"<p>Depuis ce week-end, les occupants du Couvent du Ges\u00f9, les autorit\u00e9s communales et r\u00e9gionales ont pris connaissance de la d\u00e9cision du propri\u00e9taire des lieux d&rsquo;accorder un d\u00e9lai avant de mettre un terme \u00e0 la convention d&rsquo;occupation pr\u00e9caire qui le liait aux occupants. Un \u00e9tat des lieux de la situation a fait l&rsquo;objet ce vendredi d&rsquo;une assembl\u00e9e g\u00e9n\u00e9rale des occupants du Ges\u00f9 \u00e0 laquelle des membres de mon cabinet on particip\u00e9. Depuis le d\u00e9but de l&rsquo;occupation, je suis en contact fr\u00e9quent avec les associations qui accompagnent l&rsquo;occupation. Ce nouvel \u00e9l\u00e9ment impose aux autorit\u00e9s tant communales, que r\u00e9gionales ou f\u00e9d\u00e9rales de prendre leurs responsabilit\u00e9s pour \u00e9viter la mise \u00e0 la rue de nombreuses familles avec enfants \u00e0 la veille de l\u2019hiver. Lors de l\u2019assembl\u00e9e g\u00e9n\u00e9rale, j&rsquo;ai mis sur la table, via mes repr\u00e9sentants, plusieurs pistes et engagements concrets. Ces pistes avaient d\u00e9j\u00e0 \u00e9t\u00e9 \u00e9voqu\u00e9es pr\u00e9c\u00e9demment avec le bourgmestre de Saint-Josse-ten-Noode, Emir Kir, et avec les repr\u00e9sentants associatifs. Confront\u00e9 \u00e0 l&rsquo;imminence d&rsquo;une expulsion des occupants, j&rsquo;ai propos\u00e9 : 1. de mandater une association, l&rsquo;asbl \u00ab La Strada \u00bb, qui a propos\u00e9 l&rsquo;engagement d&rsquo;une personne, pour une dur\u00e9e d\u00e9termin\u00e9e, charg\u00e9e de la coordination et de la mise en \u0153uvre du plan de relogement collectivement [&hellip;]<\/p>\n","protected":false},"author":2,"featured_media":10716,"comment_status":"open","ping_status":"open","sticky":false,"template":"","format":"standard","meta":{"_monsterinsights_skip_tracking":false,"_monsterinsights_sitenote_active":false,"_monsterinsights_sitenote_note":"","_monsterinsights_sitenote_category":0,"ngg_post_thumbnail":0,"footnotes":""},"categories":[3],"tags":[785,130,786],"class_list":["post-10714","post","type-post","status-publish","format-standard","has-post-thumbnail","hentry","category-logement","tag-gesu","tag-occupation-precaire","tag-squat"],"yoast_head":"<!-- This site is optimized with the Yoast SEO plugin v27.4 - https:\/\/yoast.com\/product\/yoast-seo-wordpress\/ -->\n<title>Ges\u00f9: j&#039;appelle les autres niveaux de pouvoir \u00e0 participer \u00e0 une solution solidaire du probl\u00e8me - Christos Doulkeridis<\/title>\n<meta name=\"robots\" content=\"index, follow, max-snippet:-1, max-image-preview:large, max-video-preview:-1\" \/>\n<link rel=\"canonical\" href=\"https:\/\/www.doulkeridis.be\/blog\/2013\/10\/28\/gesu-jappelle-les-autres-niveaux-de-pouvoir-a-participer-a-une-solution-solidaire-du-probleme\/\" \/>\n<meta property=\"og:locale\" content=\"fr_FR\" \/>\n<meta property=\"og:type\" content=\"article\" \/>\n<meta property=\"og:title\" content=\"Ges\u00f9: j&#039;appelle les autres niveaux de pouvoir \u00e0 participer \u00e0 une solution solidaire du probl\u00e8me - Christos Doulkeridis\" \/>\n<meta property=\"og:description\" content=\"Depuis ce week-end, les occupants du Couvent du Ges\u00f9, les autorit\u00e9s communales et r\u00e9gionales ont pris connaissance de la d\u00e9cision du propri\u00e9taire des lieux d&rsquo;accorder un d\u00e9lai avant de mettre un terme \u00e0 la convention d&rsquo;occupation pr\u00e9caire qui le liait aux occupants. Un \u00e9tat des lieux de la situation a fait l&rsquo;objet ce vendredi d&rsquo;une assembl\u00e9e g\u00e9n\u00e9rale des occupants du Ges\u00f9 \u00e0 laquelle des membres de mon cabinet on particip\u00e9. Depuis le d\u00e9but de l&rsquo;occupation, je suis en contact fr\u00e9quent avec les associations qui accompagnent l&rsquo;occupation. Ce nouvel \u00e9l\u00e9ment impose aux autorit\u00e9s tant communales, que r\u00e9gionales ou f\u00e9d\u00e9rales de prendre leurs responsabilit\u00e9s pour \u00e9viter la mise \u00e0 la rue de nombreuses familles avec enfants \u00e0 la veille de l\u2019hiver. Lors de l\u2019assembl\u00e9e g\u00e9n\u00e9rale, j&rsquo;ai mis sur la table, via mes repr\u00e9sentants, plusieurs pistes et engagements concrets. Ces pistes avaient d\u00e9j\u00e0 \u00e9t\u00e9 \u00e9voqu\u00e9es pr\u00e9c\u00e9demment avec le bourgmestre de Saint-Josse-ten-Noode, Emir Kir, et avec les repr\u00e9sentants associatifs. Confront\u00e9 \u00e0 l&rsquo;imminence d&rsquo;une expulsion des occupants, j&rsquo;ai propos\u00e9 : 1. de mandater une association, l&rsquo;asbl \u00ab La Strada \u00bb, qui a propos\u00e9 l&rsquo;engagement d&rsquo;une personne, pour une dur\u00e9e d\u00e9termin\u00e9e, charg\u00e9e de la coordination et de la mise en \u0153uvre du plan de relogement collectivement [&hellip;]\" \/>\n<meta property=\"og:url\" content=\"https:\/\/www.doulkeridis.be\/blog\/2013\/10\/28\/gesu-jappelle-les-autres-niveaux-de-pouvoir-a-participer-a-une-solution-solidaire-du-probleme\/\" \/>\n<meta property=\"og:site_name\" content=\"Christos Doulkeridis\" \/>\n<meta property=\"article:publisher\" content=\"https:\/\/www.facebook.com\/doulkeridis\" \/>\n<meta property=\"article:published_time\" content=\"2013-10-28T17:10:14+00:00\" \/>\n<meta property=\"article:modified_time\" content=\"2013-10-28T17:43:16+00:00\" \/>\n<meta property=\"og:image\" content=\"https:\/\/www.doulkeridis.be\/blog\/wp-content\/uploads\/2013\/10\/gesu2.jpg\" \/>\n\t<meta property=\"og:image:width\" content=\"1115\" \/>\n\t<meta property=\"og:image:height\" content=\"974\" \/>\n\t<meta property=\"og:image:type\" content=\"image\/jpeg\" \/>\n<meta name=\"author\" content=\"Christos Doulkeridis\" \/>\n<meta name=\"twitter:card\" content=\"summary_large_image\" \/>\n<meta name=\"twitter:label1\" content=\"\u00c9crit par\" \/>\n\t<meta name=\"twitter:data1\" content=\"Christos Doulkeridis\" \/>\n\t<meta name=\"twitter:label2\" content=\"Dur\u00e9e de lecture estim\u00e9e\" \/>\n\t<meta name=\"twitter:data2\" content=\"4 minutes\" \/>\n<script type=\"application\/ld+json\" class=\"yoast-schema-graph\">{\"@context\":\"https:\\\/\\\/schema.org\",\"@graph\":[{\"@type\":\"Article\",\"@id\":\"https:\\\/\\\/www.doulkeridis.be\\\/blog\\\/2013\\\/10\\\/28\\\/gesu-jappelle-les-autres-niveaux-de-pouvoir-a-participer-a-une-solution-solidaire-du-probleme\\\/#article\",\"isPartOf\":{\"@id\":\"https:\\\/\\\/www.doulkeridis.be\\\/blog\\\/2013\\\/10\\\/28\\\/gesu-jappelle-les-autres-niveaux-de-pouvoir-a-participer-a-une-solution-solidaire-du-probleme\\\/\"},\"author\":{\"name\":\"Christos Doulkeridis\",\"@id\":\"https:\\\/\\\/www.doulkeridis.be\\\/blog\\\/#\\\/schema\\\/person\\\/9f03f3459f0a4ba4db02aabbba098365\"},\"headline\":\"Ges\u00f9: j&rsquo;appelle les autres niveaux de pouvoir \u00e0 participer \u00e0 une solution solidaire du probl\u00e8me\",\"datePublished\":\"2013-10-28T17:10:14+00:00\",\"dateModified\":\"2013-10-28T17:43:16+00:00\",\"mainEntityOfPage\":{\"@id\":\"https:\\\/\\\/www.doulkeridis.be\\\/blog\\\/2013\\\/10\\\/28\\\/gesu-jappelle-les-autres-niveaux-de-pouvoir-a-participer-a-une-solution-solidaire-du-probleme\\\/\"},\"wordCount\":801,\"commentCount\":1,\"publisher\":{\"@id\":\"https:\\\/\\\/www.doulkeridis.be\\\/blog\\\/#organization\"},\"image\":{\"@id\":\"https:\\\/\\\/www.doulkeridis.be\\\/blog\\\/2013\\\/10\\\/28\\\/gesu-jappelle-les-autres-niveaux-de-pouvoir-a-participer-a-une-solution-solidaire-du-probleme\\\/#primaryimage\"},\"thumbnailUrl\":\"https:\\\/\\\/www.doulkeridis.be\\\/blog\\\/wp-content\\\/uploads\\\/2013\\\/10\\\/gesu2.jpg\",\"keywords\":[\"Ges\u00f9\",\"Occupation pr\u00e9caire\",\"squat\"],\"articleSection\":[\"Logement\"],\"inLanguage\":\"fr-FR\",\"potentialAction\":[{\"@type\":\"CommentAction\",\"name\":\"Comment\",\"target\":[\"https:\\\/\\\/www.doulkeridis.be\\\/blog\\\/2013\\\/10\\\/28\\\/gesu-jappelle-les-autres-niveaux-de-pouvoir-a-participer-a-une-solution-solidaire-du-probleme\\\/#respond\"]}]},{\"@type\":\"WebPage\",\"@id\":\"https:\\\/\\\/www.doulkeridis.be\\\/blog\\\/2013\\\/10\\\/28\\\/gesu-jappelle-les-autres-niveaux-de-pouvoir-a-participer-a-une-solution-solidaire-du-probleme\\\/\",\"url\":\"https:\\\/\\\/www.doulkeridis.be\\\/blog\\\/2013\\\/10\\\/28\\\/gesu-jappelle-les-autres-niveaux-de-pouvoir-a-participer-a-une-solution-solidaire-du-probleme\\\/\",\"name\":\"Ges\u00f9: j'appelle les autres niveaux de pouvoir \u00e0 participer \u00e0 une solution solidaire du probl\u00e8me - Christos Doulkeridis\",\"isPartOf\":{\"@id\":\"https:\\\/\\\/www.doulkeridis.be\\\/blog\\\/#website\"},\"primaryImageOfPage\":{\"@id\":\"https:\\\/\\\/www.doulkeridis.be\\\/blog\\\/2013\\\/10\\\/28\\\/gesu-jappelle-les-autres-niveaux-de-pouvoir-a-participer-a-une-solution-solidaire-du-probleme\\\/#primaryimage\"},\"image\":{\"@id\":\"https:\\\/\\\/www.doulkeridis.be\\\/blog\\\/2013\\\/10\\\/28\\\/gesu-jappelle-les-autres-niveaux-de-pouvoir-a-participer-a-une-solution-solidaire-du-probleme\\\/#primaryimage\"},\"thumbnailUrl\":\"https:\\\/\\\/www.doulkeridis.be\\\/blog\\\/wp-content\\\/uploads\\\/2013\\\/10\\\/gesu2.jpg\",\"datePublished\":\"2013-10-28T17:10:14+00:00\",\"dateModified\":\"2013-10-28T17:43:16+00:00\",\"breadcrumb\":{\"@id\":\"https:\\\/\\\/www.doulkeridis.be\\\/blog\\\/2013\\\/10\\\/28\\\/gesu-jappelle-les-autres-niveaux-de-pouvoir-a-participer-a-une-solution-solidaire-du-probleme\\\/#breadcrumb\"},\"inLanguage\":\"fr-FR\",\"potentialAction\":[{\"@type\":\"ReadAction\",\"target\":[\"https:\\\/\\\/www.doulkeridis.be\\\/blog\\\/2013\\\/10\\\/28\\\/gesu-jappelle-les-autres-niveaux-de-pouvoir-a-participer-a-une-solution-solidaire-du-probleme\\\/\"]}]},{\"@type\":\"ImageObject\",\"inLanguage\":\"fr-FR\",\"@id\":\"https:\\\/\\\/www.doulkeridis.be\\\/blog\\\/2013\\\/10\\\/28\\\/gesu-jappelle-les-autres-niveaux-de-pouvoir-a-participer-a-une-solution-solidaire-du-probleme\\\/#primaryimage\",\"url\":\"https:\\\/\\\/www.doulkeridis.be\\\/blog\\\/wp-content\\\/uploads\\\/2013\\\/10\\\/gesu2.jpg\",\"contentUrl\":\"https:\\\/\\\/www.doulkeridis.be\\\/blog\\\/wp-content\\\/uploads\\\/2013\\\/10\\\/gesu2.jpg\",\"width\":1115,\"height\":974},{\"@type\":\"BreadcrumbList\",\"@id\":\"https:\\\/\\\/www.doulkeridis.be\\\/blog\\\/2013\\\/10\\\/28\\\/gesu-jappelle-les-autres-niveaux-de-pouvoir-a-participer-a-une-solution-solidaire-du-probleme\\\/#breadcrumb\",\"itemListElement\":[{\"@type\":\"ListItem\",\"position\":1,\"name\":\"Accueil\",\"item\":\"https:\\\/\\\/www.doulkeridis.be\\\/blog\\\/\"},{\"@type\":\"ListItem\",\"position\":2,\"name\":\"Ges\u00f9: j&rsquo;appelle les autres niveaux de pouvoir \u00e0 participer \u00e0 une solution solidaire du probl\u00e8me\"}]},{\"@type\":\"WebSite\",\"@id\":\"https:\\\/\\\/www.doulkeridis.be\\\/blog\\\/#website\",\"url\":\"https:\\\/\\\/www.doulkeridis.be\\\/blog\\\/\",\"name\":\"Christos Doulkeridis\",\"description\":\"Coach | Consultant en solutions, gestion de crise, n\u00e9gociations\",\"publisher\":{\"@id\":\"https:\\\/\\\/www.doulkeridis.be\\\/blog\\\/#organization\"},\"potentialAction\":[{\"@type\":\"SearchAction\",\"target\":{\"@type\":\"EntryPoint\",\"urlTemplate\":\"https:\\\/\\\/www.doulkeridis.be\\\/blog\\\/?s={search_term_string}\"},\"query-input\":{\"@type\":\"PropertyValueSpecification\",\"valueRequired\":true,\"valueName\":\"search_term_string\"}}],\"inLanguage\":\"fr-FR\"},{\"@type\":\"Organization\",\"@id\":\"https:\\\/\\\/www.doulkeridis.be\\\/blog\\\/#organization\",\"name\":\"Ulyse\",\"url\":\"https:\\\/\\\/www.doulkeridis.be\\\/blog\\\/\",\"logo\":{\"@type\":\"ImageObject\",\"inLanguage\":\"fr-FR\",\"@id\":\"https:\\\/\\\/www.doulkeridis.be\\\/blog\\\/#\\\/schema\\\/logo\\\/image\\\/\",\"url\":\"https:\\\/\\\/www.doulkeridis.be\\\/blog\\\/wp-content\\\/uploads\\\/2026\\\/04\\\/2-5.png\",\"contentUrl\":\"https:\\\/\\\/www.doulkeridis.be\\\/blog\\\/wp-content\\\/uploads\\\/2026\\\/04\\\/2-5.png\",\"width\":1024,\"height\":728,\"caption\":\"Ulyse\"},\"image\":{\"@id\":\"https:\\\/\\\/www.doulkeridis.be\\\/blog\\\/#\\\/schema\\\/logo\\\/image\\\/\"},\"sameAs\":[\"https:\\\/\\\/www.facebook.com\\\/doulkeridis\",\"https:\\\/\\\/www.facebook.com\\\/christosdoulkeridis2\"]},{\"@type\":\"Person\",\"@id\":\"https:\\\/\\\/www.doulkeridis.be\\\/blog\\\/#\\\/schema\\\/person\\\/9f03f3459f0a4ba4db02aabbba098365\",\"name\":\"Christos Doulkeridis\",\"image\":{\"@type\":\"ImageObject\",\"inLanguage\":\"fr-FR\",\"@id\":\"https:\\\/\\\/secure.gravatar.com\\\/avatar\\\/71cb6e4369ca0615d93730ef3bc5f54642df4f6bcc59b92763d2ac434abf103e?s=96&d=mm&r=g\",\"url\":\"https:\\\/\\\/secure.gravatar.com\\\/avatar\\\/71cb6e4369ca0615d93730ef3bc5f54642df4f6bcc59b92763d2ac434abf103e?s=96&d=mm&r=g\",\"contentUrl\":\"https:\\\/\\\/secure.gravatar.com\\\/avatar\\\/71cb6e4369ca0615d93730ef3bc5f54642df4f6bcc59b92763d2ac434abf103e?s=96&d=mm&r=g\",\"caption\":\"Christos Doulkeridis\"},\"url\":\"https:\\\/\\\/www.doulkeridis.be\\\/blog\\\/author\\\/christos\\\/\"}]}<\/script>\n<!-- \/ Yoast SEO plugin. -->","yoast_head_json":{"title":"Ges\u00f9: j'appelle les autres niveaux de pouvoir \u00e0 participer \u00e0 une solution solidaire du probl\u00e8me - Christos Doulkeridis","robots":{"index":"index","follow":"follow","max-snippet":"max-snippet:-1","max-image-preview":"max-image-preview:large","max-video-preview":"max-video-preview:-1"},"canonical":"https:\/\/www.doulkeridis.be\/blog\/2013\/10\/28\/gesu-jappelle-les-autres-niveaux-de-pouvoir-a-participer-a-une-solution-solidaire-du-probleme\/","og_locale":"fr_FR","og_type":"article","og_title":"Ges\u00f9: j'appelle les autres niveaux de pouvoir \u00e0 participer \u00e0 une solution solidaire du probl\u00e8me - Christos Doulkeridis","og_description":"Depuis ce week-end, les occupants du Couvent du Ges\u00f9, les autorit\u00e9s communales et r\u00e9gionales ont pris connaissance de la d\u00e9cision du propri\u00e9taire des lieux d&rsquo;accorder un d\u00e9lai avant de mettre un terme \u00e0 la convention d&rsquo;occupation pr\u00e9caire qui le liait aux occupants. Un \u00e9tat des lieux de la situation a fait l&rsquo;objet ce vendredi d&rsquo;une assembl\u00e9e g\u00e9n\u00e9rale des occupants du Ges\u00f9 \u00e0 laquelle des membres de mon cabinet on particip\u00e9. Depuis le d\u00e9but de l&rsquo;occupation, je suis en contact fr\u00e9quent avec les associations qui accompagnent l&rsquo;occupation. Ce nouvel \u00e9l\u00e9ment impose aux autorit\u00e9s tant communales, que r\u00e9gionales ou f\u00e9d\u00e9rales de prendre leurs responsabilit\u00e9s pour \u00e9viter la mise \u00e0 la rue de nombreuses familles avec enfants \u00e0 la veille de l\u2019hiver. Lors de l\u2019assembl\u00e9e g\u00e9n\u00e9rale, j&rsquo;ai mis sur la table, via mes repr\u00e9sentants, plusieurs pistes et engagements concrets. Ces pistes avaient d\u00e9j\u00e0 \u00e9t\u00e9 \u00e9voqu\u00e9es pr\u00e9c\u00e9demment avec le bourgmestre de Saint-Josse-ten-Noode, Emir Kir, et avec les repr\u00e9sentants associatifs. Confront\u00e9 \u00e0 l&rsquo;imminence d&rsquo;une expulsion des occupants, j&rsquo;ai propos\u00e9 : 1. de mandater une association, l&rsquo;asbl \u00ab La Strada \u00bb, qui a propos\u00e9 l&rsquo;engagement d&rsquo;une personne, pour une dur\u00e9e d\u00e9termin\u00e9e, charg\u00e9e de la coordination et de la mise en \u0153uvre du plan de relogement collectivement [&hellip;]","og_url":"https:\/\/www.doulkeridis.be\/blog\/2013\/10\/28\/gesu-jappelle-les-autres-niveaux-de-pouvoir-a-participer-a-une-solution-solidaire-du-probleme\/","og_site_name":"Christos Doulkeridis","article_publisher":"https:\/\/www.facebook.com\/doulkeridis","article_published_time":"2013-10-28T17:10:14+00:00","article_modified_time":"2013-10-28T17:43:16+00:00","og_image":[{"width":1115,"height":974,"url":"https:\/\/www.doulkeridis.be\/blog\/wp-content\/uploads\/2013\/10\/gesu2.jpg","type":"image\/jpeg"}],"author":"Christos Doulkeridis","twitter_card":"summary_large_image","twitter_misc":{"\u00c9crit par":"Christos Doulkeridis","Dur\u00e9e de lecture estim\u00e9e":"4 minutes"},"schema":{"@context":"https:\/\/schema.org","@graph":[{"@type":"Article","@id":"https:\/\/www.doulkeridis.be\/blog\/2013\/10\/28\/gesu-jappelle-les-autres-niveaux-de-pouvoir-a-participer-a-une-solution-solidaire-du-probleme\/#article","isPartOf":{"@id":"https:\/\/www.doulkeridis.be\/blog\/2013\/10\/28\/gesu-jappelle-les-autres-niveaux-de-pouvoir-a-participer-a-une-solution-solidaire-du-probleme\/"},"author":{"name":"Christos Doulkeridis","@id":"https:\/\/www.doulkeridis.be\/blog\/#\/schema\/person\/9f03f3459f0a4ba4db02aabbba098365"},"headline":"Ges\u00f9: j&rsquo;appelle les autres niveaux de pouvoir \u00e0 participer \u00e0 une solution solidaire du probl\u00e8me","datePublished":"2013-10-28T17:10:14+00:00","dateModified":"2013-10-28T17:43:16+00:00","mainEntityOfPage":{"@id":"https:\/\/www.doulkeridis.be\/blog\/2013\/10\/28\/gesu-jappelle-les-autres-niveaux-de-pouvoir-a-participer-a-une-solution-solidaire-du-probleme\/"},"wordCount":801,"commentCount":1,"publisher":{"@id":"https:\/\/www.doulkeridis.be\/blog\/#organization"},"image":{"@id":"https:\/\/www.doulkeridis.be\/blog\/2013\/10\/28\/gesu-jappelle-les-autres-niveaux-de-pouvoir-a-participer-a-une-solution-solidaire-du-probleme\/#primaryimage"},"thumbnailUrl":"https:\/\/www.doulkeridis.be\/blog\/wp-content\/uploads\/2013\/10\/gesu2.jpg","keywords":["Ges\u00f9","Occupation pr\u00e9caire","squat"],"articleSection":["Logement"],"inLanguage":"fr-FR","potentialAction":[{"@type":"CommentAction","name":"Comment","target":["https:\/\/www.doulkeridis.be\/blog\/2013\/10\/28\/gesu-jappelle-les-autres-niveaux-de-pouvoir-a-participer-a-une-solution-solidaire-du-probleme\/#respond"]}]},{"@type":"WebPage","@id":"https:\/\/www.doulkeridis.be\/blog\/2013\/10\/28\/gesu-jappelle-les-autres-niveaux-de-pouvoir-a-participer-a-une-solution-solidaire-du-probleme\/","url":"https:\/\/www.doulkeridis.be\/blog\/2013\/10\/28\/gesu-jappelle-les-autres-niveaux-de-pouvoir-a-participer-a-une-solution-solidaire-du-probleme\/","name":"Ges\u00f9: j'appelle les autres niveaux de pouvoir \u00e0 participer \u00e0 une solution solidaire du probl\u00e8me - Christos Doulkeridis","isPartOf":{"@id":"https:\/\/www.doulkeridis.be\/blog\/#website"},"primaryImageOfPage":{"@id":"https:\/\/www.doulkeridis.be\/blog\/2013\/10\/28\/gesu-jappelle-les-autres-niveaux-de-pouvoir-a-participer-a-une-solution-solidaire-du-probleme\/#primaryimage"},"image":{"@id":"https:\/\/www.doulkeridis.be\/blog\/2013\/10\/28\/gesu-jappelle-les-autres-niveaux-de-pouvoir-a-participer-a-une-solution-solidaire-du-probleme\/#primaryimage"},"thumbnailUrl":"https:\/\/www.doulkeridis.be\/blog\/wp-content\/uploads\/2013\/10\/gesu2.jpg","datePublished":"2013-10-28T17:10:14+00:00","dateModified":"2013-10-28T17:43:16+00:00","breadcrumb":{"@id":"https:\/\/www.doulkeridis.be\/blog\/2013\/10\/28\/gesu-jappelle-les-autres-niveaux-de-pouvoir-a-participer-a-une-solution-solidaire-du-probleme\/#breadcrumb"},"inLanguage":"fr-FR","potentialAction":[{"@type":"ReadAction","target":["https:\/\/www.doulkeridis.be\/blog\/2013\/10\/28\/gesu-jappelle-les-autres-niveaux-de-pouvoir-a-participer-a-une-solution-solidaire-du-probleme\/"]}]},{"@type":"ImageObject","inLanguage":"fr-FR","@id":"https:\/\/www.doulkeridis.be\/blog\/2013\/10\/28\/gesu-jappelle-les-autres-niveaux-de-pouvoir-a-participer-a-une-solution-solidaire-du-probleme\/#primaryimage","url":"https:\/\/www.doulkeridis.be\/blog\/wp-content\/uploads\/2013\/10\/gesu2.jpg","contentUrl":"https:\/\/www.doulkeridis.be\/blog\/wp-content\/uploads\/2013\/10\/gesu2.jpg","width":1115,"height":974},{"@type":"BreadcrumbList","@id":"https:\/\/www.doulkeridis.be\/blog\/2013\/10\/28\/gesu-jappelle-les-autres-niveaux-de-pouvoir-a-participer-a-une-solution-solidaire-du-probleme\/#breadcrumb","itemListElement":[{"@type":"ListItem","position":1,"name":"Accueil","item":"https:\/\/www.doulkeridis.be\/blog\/"},{"@type":"ListItem","position":2,"name":"Ges\u00f9: j&rsquo;appelle les autres niveaux de pouvoir \u00e0 participer \u00e0 une solution solidaire du probl\u00e8me"}]},{"@type":"WebSite","@id":"https:\/\/www.doulkeridis.be\/blog\/#website","url":"https:\/\/www.doulkeridis.be\/blog\/","name":"Christos Doulkeridis","description":"Coach | Consultant en solutions, gestion de crise, n\u00e9gociations","publisher":{"@id":"https:\/\/www.doulkeridis.be\/blog\/#organization"},"potentialAction":[{"@type":"SearchAction","target":{"@type":"EntryPoint","urlTemplate":"https:\/\/www.doulkeridis.be\/blog\/?s={search_term_string}"},"query-input":{"@type":"PropertyValueSpecification","valueRequired":true,"valueName":"search_term_string"}}],"inLanguage":"fr-FR"},{"@type":"Organization","@id":"https:\/\/www.doulkeridis.be\/blog\/#organization","name":"Ulyse","url":"https:\/\/www.doulkeridis.be\/blog\/","logo":{"@type":"ImageObject","inLanguage":"fr-FR","@id":"https:\/\/www.doulkeridis.be\/blog\/#\/schema\/logo\/image\/","url":"https:\/\/www.doulkeridis.be\/blog\/wp-content\/uploads\/2026\/04\/2-5.png","contentUrl":"https:\/\/www.doulkeridis.be\/blog\/wp-content\/uploads\/2026\/04\/2-5.png","width":1024,"height":728,"caption":"Ulyse"},"image":{"@id":"https:\/\/www.doulkeridis.be\/blog\/#\/schema\/logo\/image\/"},"sameAs":["https:\/\/www.facebook.com\/doulkeridis","https:\/\/www.facebook.com\/christosdoulkeridis2"]},{"@type":"Person","@id":"https:\/\/www.doulkeridis.be\/blog\/#\/schema\/person\/9f03f3459f0a4ba4db02aabbba098365","name":"Christos Doulkeridis","image":{"@type":"ImageObject","inLanguage":"fr-FR","@id":"https:\/\/secure.gravatar.com\/avatar\/71cb6e4369ca0615d93730ef3bc5f54642df4f6bcc59b92763d2ac434abf103e?s=96&d=mm&r=g","url":"https:\/\/secure.gravatar.com\/avatar\/71cb6e4369ca0615d93730ef3bc5f54642df4f6bcc59b92763d2ac434abf103e?s=96&d=mm&r=g","contentUrl":"https:\/\/secure.gravatar.com\/avatar\/71cb6e4369ca0615d93730ef3bc5f54642df4f6bcc59b92763d2ac434abf103e?s=96&d=mm&r=g","caption":"Christos Doulkeridis"},"url":"https:\/\/www.doulkeridis.be\/blog\/author\/christos\/"}]}},"_links":{"self":[{"href":"https:\/\/www.doulkeridis.be\/blog\/wp-json\/wp\/v2\/posts\/10714","targetHints":{"allow":["GET"]}}],"collection":[{"href":"https:\/\/www.doulkeridis.be\/blog\/wp-json\/wp\/v2\/posts"}],"about":[{"href":"https:\/\/www.doulkeridis.be\/blog\/wp-json\/wp\/v2\/types\/post"}],"author":[{"embeddable":true,"href":"https:\/\/www.doulkeridis.be\/blog\/wp-json\/wp\/v2\/users\/2"}],"replies":[{"embeddable":true,"href":"https:\/\/www.doulkeridis.be\/blog\/wp-json\/wp\/v2\/comments?post=10714"}],"version-history":[{"count":10,"href":"https:\/\/www.doulkeridis.be\/blog\/wp-json\/wp\/v2\/posts\/10714\/revisions"}],"predecessor-version":[{"id":10747,"href":"https:\/\/www.doulkeridis.be\/blog\/wp-json\/wp\/v2\/posts\/10714\/revisions\/10747"}],"wp:featuredmedia":[{"embeddable":true,"href":"https:\/\/www.doulkeridis.be\/blog\/wp-json\/wp\/v2\/media\/10716"}],"wp:attachment":[{"href":"https:\/\/www.doulkeridis.be\/blog\/wp-json\/wp\/v2\/media?parent=10714"}],"wp:term":[{"taxonomy":"category","embeddable":true,"href":"https:\/\/www.doulkeridis.be\/blog\/wp-json\/wp\/v2\/categories?post=10714"},{"taxonomy":"post_tag","embeddable":true,"href":"https:\/\/www.doulkeridis.be\/blog\/wp-json\/wp\/v2\/tags?post=10714"}],"curies":[{"name":"wp","href":"https:\/\/api.w.org\/{rel}","templated":true}]}}