{"id":10824,"date":"2013-11-12T14:12:04","date_gmt":"2013-11-12T13:12:04","guid":{"rendered":"http:\/\/www.doulkeridis.be\/blog\/?p=10824"},"modified":"2013-11-12T16:33:00","modified_gmt":"2013-11-12T15:33:00","slug":"amour-food-1er-festival-du-film-culinaire","status":"publish","type":"post","link":"https:\/\/www.doulkeridis.be\/blog\/2013\/11\/12\/amour-food-1er-festival-du-film-culinaire\/","title":{"rendered":"Amour food : 1er festival du film culinaire"},"content":{"rendered":"<p><a href=\"https:\/\/www.doulkeridis.be\/blog\/wp-content\/uploads\/2013\/11\/amour_food-011.jpg\"><img loading=\"lazy\" decoding=\"async\" class=\"alignleft size-medium wp-image-10833\" alt=\"amour_food 011\" src=\"https:\/\/www.doulkeridis.be\/blog\/wp-content\/uploads\/2013\/11\/amour_food-011-300x200.jpg\" width=\"300\" height=\"200\" srcset=\"https:\/\/www.doulkeridis.be\/blog\/wp-content\/uploads\/2013\/11\/amour_food-011-300x200.jpg 300w, https:\/\/www.doulkeridis.be\/blog\/wp-content\/uploads\/2013\/11\/amour_food-011-1024x685.jpg 1024w\" sizes=\"auto, (max-width: 300px) 100vw, 300px\" \/><\/a>Dans la continuation et l\u2019esprit de l\u2019ann\u00e9e \u00e0 th\u00e8me Brusselicious, l&rsquo;ann\u00e9e bruxelloise de la Gastronomie, qui a permis de mettre en avant notre <strong>Art de Vivre<\/strong>, un des facteurs favorisant le partage d\u2019une identit\u00e9 bruxelloise, ouverte, multiculturelle, <b>voici un nouvel \u00e9v\u00e9nement \u2013 une v\u00e9ritable exp\u00e9rience &#8211; qui va ravir tous nos sens : l&rsquo;<a href=\"http:\/\/www.lamourfood.be\/\">Amour food<\/a>, le premier festival du film culinaire <\/b>qui se d\u00e9roule du<b> 21 au 24 novembre 2013 <\/b>\u00e0 l&rsquo;<a href=\"http:\/\/silken-berlaymont.hotel-rez.com\/index.htm?lbl=ggl-en&amp;gclid=CPqO3P2k37oCFa-WtAodRkwAzA\">h\u00f4tel Silken Berlaymont<\/a> \u00e0 Bruxelles.<\/p>\n<p>Cin\u00e9ma et gastronomie ont souvent fait bon m\u00e9nage. On garde tous le <b>souvenir<\/b> de quelques sc\u00e8nes m\u00e9morables de repas, de bouffe et de ripaille dans les grandes \u0153uvres du 7e art. <i><strong>Kultur&rsquo;art Bridge<\/strong> (KAB) <\/i>et le sommelier belge, <strong>Eric Boschman <\/strong>proposent un <strong>concept original<\/strong> durant 4 jours :<strong> une <span style=\"text-decoration: underline;\">projection<\/span> d&rsquo;un film sur la cuisine (traitant de sujets engag\u00e9s) suivi d&rsquo;un <span style=\"text-decoration: underline;\">d\u00eener<\/span> (pr\u00e9par\u00e9 par un chef originaire du pays du film)<\/strong>. Ce festival a pour vocation de nous plonger dans la diversit\u00e9 culturelle et de prendre go\u00fbt \u00e0 la d\u00e9couverte culinaire.<\/p>\n<p>Ce festival du film culinaire met <b>4 pays<\/b> \u2013 Chine, Mexique, Br\u00e9sil et Gr\u00e8ce &#8211; <strong>\u00e0 l\u2019honneur<\/strong>\u00a0\u00e0 travers leur culture cin\u00e9matographique et leur cuisine\u00a0:<\/p>\n<p><strong>21\/11\/2013<\/strong><strong>\u00a0: <\/strong><strong><i><span style=\"text-decoration: underline;\">Saveurs de Chine<\/span><\/i><\/strong> (2012) \u2013 documentaire et cuisine chinoise<\/p>\n<p><strong>22\/11\/2013<\/strong><strong>\u00a0: <\/strong><strong><i><span style=\"text-decoration: underline;\">Like Water for Chocolate (Como agua para chocolat\u00e9)<\/span><\/i><\/strong>(1992) \u2013 film mexicain et cuisine mexicaine<\/p>\n<p><strong>23\/11\/2013<\/strong><strong>\u00a0: <\/strong><strong><i><span style=\"text-decoration: underline;\">Est\u00f4mago: A Gastronomic Story<\/span><\/i><\/strong> (2007) \u2013 film br\u00e9silien et cuisine br\u00e9silienne<\/p>\n<p><strong>24\/11\/2013<\/strong><strong>\u00a0: <\/strong><strong><i><span style=\"text-decoration: underline;\">A Touch of Spice (Politikh Kouzina )<\/span><\/i><\/strong> (2003) \u2013 film grec et cuisine grecque<\/p>\n<p>Vous l&rsquo;avez compris, le principe de ce festival repose sur la <b>transmission des messages sociaux et culturels qui s\u2019expriment \u00e0 travers le 7<sup>\u00e8me<\/sup> art<\/b>, et aussi sur les <b>diversit\u00e9s<\/b> culinaires ou encore cin\u00e9matographiques.<\/p>\n<p>Ce festival met en avant les <b>diff\u00e9rents codes culturels et historiques<\/b> des pays d\u2019origine de chaque film. De plus, il pr\u00e9sente l\u2019interaction de l\u2019\u00eatre humain avec son environnement naturel, son r\u00f4le et son apport \u00e0 la soci\u00e9t\u00e9. De m\u00eame, <b>l\u2019aspect humanitaire<\/b> est un \u00e9l\u00e9ment que les organisateurs tenaient tout particuli\u00e8rement \u00e0 souligner au cours du festival.<\/p>\n<p>La gastronomie &#8211; la cuisine &#8211; est un bon moyen pour d\u00e9couvrir une culture, des nouveaux produits, des nouvelles fa\u00e7ons de travailler, des traditions et des savoir-faire. La cuisine est aussi un vecteur d&rsquo;\u00e9change et permet \u00e9galement de se retrouver autour d&rsquo;une table, de partager ainsi un vrai moment de convivialit\u00e9. Elle est le fruit de plusieurs rencontres et permet de se souvenir des histoires qui nous r\u00e9unissent. La gastronomie est donc une fabuleuse &#8211; la meilleure &#8211; ambassadrice d&rsquo;une culture, d&rsquo;une nation.<\/p>\n<p>En tant que Ministre du Tourisme, je suis content que cette initiative <b>se d\u00e9roule \u00e0 Bruxelles<\/b> et s&rsquo;inscrit d\u00e8s lors en droite ligne dans ma <b>volont\u00e9 de faire de Bruxelles la seconde capitale des 500 millions de citoyens de notre continent<\/b>. Il est donc pertinent que chaque visiteur puisse retrouver dans notre ville des \u00e9l\u00e9ments de son identit\u00e9 culturelle mais aussi de celle des autres cultures.<\/p>\n<p>Bruxelles est compos\u00e9 de nombreuses communaut\u00e9s d&rsquo;origine europ\u00e9enne et extra europ\u00e9enne. <b>Cette diversit\u00e9 est une richesse dont nous devons tirer davantage profit<\/b>.<\/p>\n<p>Nous nourrissons la volont\u00e9 de combiner les deux images que Bruxelles entend projeter vers l&rsquo;ext\u00e9rieur : l&rsquo;une est celle d&rsquo;une <b>ville capitale de l&rsquo;Europe<\/b> (et de ses 500 millions d&rsquo;Europ\u00e9ens) et l&rsquo;autre celle d&rsquo;une <b>ville \u00e0 l&rsquo;identit\u00e9 gastronomique affirm\u00e9e et multiple<\/b>.<\/p>\n<p>Bruxelles doit \u00eatre un lieu o\u00f9 il possible de d\u00e9couvrir l&rsquo;extraordinaire richesse culturelle et gastronomique de notre continent. Elle doit \u00eatre le lieu d&rsquo;\u00e9changes et de d\u00e9couvertes des autres cultures tout en d\u00e9fendant sa sp\u00e9cificit\u00e9 et son identit\u00e9.<\/p>\n<p>La meilleure mani\u00e8re de d\u00e9couvrir \u00ab\u00a0l&rsquo;autre\u00a0\u00bb, son voisin, et de s&rsquo;\u00e9vader \u00ab\u00a0un peu\u00a0\u00bb est sans doute de <b>partager un bon film et un bon repas<\/b> ! Alors bonne s\u00e9ance, bon app\u00e9tit\u00a0! Et bonnes d\u00e9couvertes des saveurs durant ces 4 jours gastro-culturels. Vos yeux et vos papilles seront en \u00e9veil\u00a0!<\/p>\n<p>Toutes les infos pratiques sur <a href=\"http:\/\/www.lamourfood.be\/\">www.amourfood.be<\/a><\/p>\n","protected":false},"excerpt":{"rendered":"<p>Dans la continuation et l\u2019esprit de l\u2019ann\u00e9e \u00e0 th\u00e8me Brusselicious, l&rsquo;ann\u00e9e bruxelloise de la Gastronomie, qui a permis de mettre en avant notre Art de Vivre, un des facteurs favorisant le partage d\u2019une identit\u00e9 bruxelloise, ouverte, multiculturelle, voici un nouvel \u00e9v\u00e9nement \u2013 une v\u00e9ritable exp\u00e9rience &#8211; qui va ravir tous nos sens : l&rsquo;Amour food, le premier festival du film culinaire qui se d\u00e9roule du 21 au 24 novembre 2013 \u00e0 l&rsquo;h\u00f4tel Silken Berlaymont \u00e0 Bruxelles. Cin\u00e9ma et gastronomie ont souvent fait bon m\u00e9nage. On garde tous le souvenir de quelques sc\u00e8nes m\u00e9morables de repas, de bouffe et de ripaille dans les grandes \u0153uvres du 7e art. Kultur&rsquo;art Bridge (KAB) et le sommelier belge, Eric Boschman proposent un concept original durant 4 jours : une projection d&rsquo;un film sur la cuisine (traitant de sujets engag\u00e9s) suivi d&rsquo;un d\u00eener (pr\u00e9par\u00e9 par un chef originaire du pays du film). Ce festival a pour vocation de nous plonger dans la diversit\u00e9 culturelle et de prendre go\u00fbt \u00e0 la d\u00e9couverte culinaire. Ce festival du film culinaire met 4 pays \u2013 Chine, Mexique, Br\u00e9sil et Gr\u00e8ce &#8211; \u00e0 l\u2019honneur\u00a0\u00e0 travers leur culture cin\u00e9matographique et leur cuisine\u00a0: 21\/11\/2013\u00a0: Saveurs de Chine (2012) \u2013 documentaire et cuisine [&hellip;]<\/p>\n","protected":false},"author":2,"featured_media":10839,"comment_status":"open","ping_status":"open","sticky":false,"template":"","format":"standard","meta":{"_monsterinsights_skip_tracking":false,"_monsterinsights_sitenote_active":false,"_monsterinsights_sitenote_note":"","_monsterinsights_sitenote_category":0,"ngg_post_thumbnail":0,"footnotes":""},"categories":[8],"tags":[801,797,802,800,803,799,798],"class_list":["post-10824","post","type-post","status-publish","format-standard","has-post-thumbnail","hentry","category-tourisme","tag-a-touch-of-spice","tag-amour-food","tag-eric-boschman","tag-estomago-a-gastronomic-story","tag-kulturart-bridge","tag-like-water-for-chocolate","tag-saveurs-de-chine"],"yoast_head":"<!-- This site is optimized with the Yoast SEO plugin v27.4 - https:\/\/yoast.com\/product\/yoast-seo-wordpress\/ -->\n<title>Amour food : 1er festival du film culinaire - Christos Doulkeridis<\/title>\n<meta name=\"robots\" content=\"index, follow, max-snippet:-1, max-image-preview:large, max-video-preview:-1\" \/>\n<link rel=\"canonical\" href=\"https:\/\/www.doulkeridis.be\/blog\/2013\/11\/12\/amour-food-1er-festival-du-film-culinaire\/\" \/>\n<meta property=\"og:locale\" content=\"fr_FR\" \/>\n<meta property=\"og:type\" content=\"article\" \/>\n<meta property=\"og:title\" content=\"Amour food : 1er festival du film culinaire - Christos Doulkeridis\" \/>\n<meta property=\"og:description\" content=\"Dans la continuation et l\u2019esprit de l\u2019ann\u00e9e \u00e0 th\u00e8me Brusselicious, l&rsquo;ann\u00e9e bruxelloise de la Gastronomie, qui a permis de mettre en avant notre Art de Vivre, un des facteurs favorisant le partage d\u2019une identit\u00e9 bruxelloise, ouverte, multiculturelle, voici un nouvel \u00e9v\u00e9nement \u2013 une v\u00e9ritable exp\u00e9rience &#8211; qui va ravir tous nos sens : l&rsquo;Amour food, le premier festival du film culinaire qui se d\u00e9roule du 21 au 24 novembre 2013 \u00e0 l&rsquo;h\u00f4tel Silken Berlaymont \u00e0 Bruxelles. Cin\u00e9ma et gastronomie ont souvent fait bon m\u00e9nage. On garde tous le souvenir de quelques sc\u00e8nes m\u00e9morables de repas, de bouffe et de ripaille dans les grandes \u0153uvres du 7e art. Kultur&rsquo;art Bridge (KAB) et le sommelier belge, Eric Boschman proposent un concept original durant 4 jours : une projection d&rsquo;un film sur la cuisine (traitant de sujets engag\u00e9s) suivi d&rsquo;un d\u00eener (pr\u00e9par\u00e9 par un chef originaire du pays du film). Ce festival a pour vocation de nous plonger dans la diversit\u00e9 culturelle et de prendre go\u00fbt \u00e0 la d\u00e9couverte culinaire. Ce festival du film culinaire met 4 pays \u2013 Chine, Mexique, Br\u00e9sil et Gr\u00e8ce &#8211; \u00e0 l\u2019honneur\u00a0\u00e0 travers leur culture cin\u00e9matographique et leur cuisine\u00a0: 21\/11\/2013\u00a0: Saveurs de Chine (2012) \u2013 documentaire et cuisine [&hellip;]\" \/>\n<meta property=\"og:url\" content=\"https:\/\/www.doulkeridis.be\/blog\/2013\/11\/12\/amour-food-1er-festival-du-film-culinaire\/\" \/>\n<meta property=\"og:site_name\" content=\"Christos Doulkeridis\" \/>\n<meta property=\"article:publisher\" content=\"https:\/\/www.facebook.com\/doulkeridis\" \/>\n<meta property=\"article:published_time\" content=\"2013-11-12T13:12:04+00:00\" \/>\n<meta property=\"article:modified_time\" content=\"2013-11-12T15:33:00+00:00\" \/>\n<meta property=\"og:image\" content=\"https:\/\/www.doulkeridis.be\/blog\/wp-content\/uploads\/2013\/11\/laamourfoodK55-779x1024.jpg\" \/>\n\t<meta property=\"og:image:width\" content=\"779\" \/>\n\t<meta property=\"og:image:height\" content=\"1024\" \/>\n\t<meta property=\"og:image:type\" content=\"image\/jpeg\" \/>\n<meta name=\"author\" content=\"Christos Doulkeridis\" \/>\n<meta name=\"twitter:card\" content=\"summary_large_image\" \/>\n<meta name=\"twitter:label1\" content=\"\u00c9crit par\" \/>\n\t<meta name=\"twitter:data1\" content=\"Christos Doulkeridis\" \/>\n\t<meta name=\"twitter:label2\" content=\"Dur\u00e9e de lecture estim\u00e9e\" \/>\n\t<meta name=\"twitter:data2\" content=\"3 minutes\" \/>\n<script type=\"application\/ld+json\" class=\"yoast-schema-graph\">{\"@context\":\"https:\\\/\\\/schema.org\",\"@graph\":[{\"@type\":\"Article\",\"@id\":\"https:\\\/\\\/www.doulkeridis.be\\\/blog\\\/2013\\\/11\\\/12\\\/amour-food-1er-festival-du-film-culinaire\\\/#article\",\"isPartOf\":{\"@id\":\"https:\\\/\\\/www.doulkeridis.be\\\/blog\\\/2013\\\/11\\\/12\\\/amour-food-1er-festival-du-film-culinaire\\\/\"},\"author\":{\"name\":\"Christos Doulkeridis\",\"@id\":\"https:\\\/\\\/www.doulkeridis.be\\\/blog\\\/#\\\/schema\\\/person\\\/9f03f3459f0a4ba4db02aabbba098365\"},\"headline\":\"Amour food : 1er festival du film culinaire\",\"datePublished\":\"2013-11-12T13:12:04+00:00\",\"dateModified\":\"2013-11-12T15:33:00+00:00\",\"mainEntityOfPage\":{\"@id\":\"https:\\\/\\\/www.doulkeridis.be\\\/blog\\\/2013\\\/11\\\/12\\\/amour-food-1er-festival-du-film-culinaire\\\/\"},\"wordCount\":697,\"commentCount\":0,\"publisher\":{\"@id\":\"https:\\\/\\\/www.doulkeridis.be\\\/blog\\\/#organization\"},\"image\":{\"@id\":\"https:\\\/\\\/www.doulkeridis.be\\\/blog\\\/2013\\\/11\\\/12\\\/amour-food-1er-festival-du-film-culinaire\\\/#primaryimage\"},\"thumbnailUrl\":\"https:\\\/\\\/www.doulkeridis.be\\\/blog\\\/wp-content\\\/uploads\\\/2013\\\/11\\\/laamourfoodK55.jpg\",\"keywords\":[\"A Touch of Spice\",\"Amour food\",\"ERic Boschman\",\"Est\u00f4mago: A Gastronomic Story\",\"Kultur'art Bridge\",\"Like Water for Chocolate\",\"Saveurs de Chine\"],\"articleSection\":[\"Tourisme\"],\"inLanguage\":\"fr-FR\",\"potentialAction\":[{\"@type\":\"CommentAction\",\"name\":\"Comment\",\"target\":[\"https:\\\/\\\/www.doulkeridis.be\\\/blog\\\/2013\\\/11\\\/12\\\/amour-food-1er-festival-du-film-culinaire\\\/#respond\"]}]},{\"@type\":\"WebPage\",\"@id\":\"https:\\\/\\\/www.doulkeridis.be\\\/blog\\\/2013\\\/11\\\/12\\\/amour-food-1er-festival-du-film-culinaire\\\/\",\"url\":\"https:\\\/\\\/www.doulkeridis.be\\\/blog\\\/2013\\\/11\\\/12\\\/amour-food-1er-festival-du-film-culinaire\\\/\",\"name\":\"Amour food : 1er festival du film culinaire - Christos Doulkeridis\",\"isPartOf\":{\"@id\":\"https:\\\/\\\/www.doulkeridis.be\\\/blog\\\/#website\"},\"primaryImageOfPage\":{\"@id\":\"https:\\\/\\\/www.doulkeridis.be\\\/blog\\\/2013\\\/11\\\/12\\\/amour-food-1er-festival-du-film-culinaire\\\/#primaryimage\"},\"image\":{\"@id\":\"https:\\\/\\\/www.doulkeridis.be\\\/blog\\\/2013\\\/11\\\/12\\\/amour-food-1er-festival-du-film-culinaire\\\/#primaryimage\"},\"thumbnailUrl\":\"https:\\\/\\\/www.doulkeridis.be\\\/blog\\\/wp-content\\\/uploads\\\/2013\\\/11\\\/laamourfoodK55.jpg\",\"datePublished\":\"2013-11-12T13:12:04+00:00\",\"dateModified\":\"2013-11-12T15:33:00+00:00\",\"breadcrumb\":{\"@id\":\"https:\\\/\\\/www.doulkeridis.be\\\/blog\\\/2013\\\/11\\\/12\\\/amour-food-1er-festival-du-film-culinaire\\\/#breadcrumb\"},\"inLanguage\":\"fr-FR\",\"potentialAction\":[{\"@type\":\"ReadAction\",\"target\":[\"https:\\\/\\\/www.doulkeridis.be\\\/blog\\\/2013\\\/11\\\/12\\\/amour-food-1er-festival-du-film-culinaire\\\/\"]}]},{\"@type\":\"ImageObject\",\"inLanguage\":\"fr-FR\",\"@id\":\"https:\\\/\\\/www.doulkeridis.be\\\/blog\\\/2013\\\/11\\\/12\\\/amour-food-1er-festival-du-film-culinaire\\\/#primaryimage\",\"url\":\"https:\\\/\\\/www.doulkeridis.be\\\/blog\\\/wp-content\\\/uploads\\\/2013\\\/11\\\/laamourfoodK55.jpg\",\"contentUrl\":\"https:\\\/\\\/www.doulkeridis.be\\\/blog\\\/wp-content\\\/uploads\\\/2013\\\/11\\\/laamourfoodK55.jpg\",\"width\":2491,\"height\":3271},{\"@type\":\"BreadcrumbList\",\"@id\":\"https:\\\/\\\/www.doulkeridis.be\\\/blog\\\/2013\\\/11\\\/12\\\/amour-food-1er-festival-du-film-culinaire\\\/#breadcrumb\",\"itemListElement\":[{\"@type\":\"ListItem\",\"position\":1,\"name\":\"Accueil\",\"item\":\"https:\\\/\\\/www.doulkeridis.be\\\/blog\\\/\"},{\"@type\":\"ListItem\",\"position\":2,\"name\":\"Amour food : 1er festival du film culinaire\"}]},{\"@type\":\"WebSite\",\"@id\":\"https:\\\/\\\/www.doulkeridis.be\\\/blog\\\/#website\",\"url\":\"https:\\\/\\\/www.doulkeridis.be\\\/blog\\\/\",\"name\":\"Christos Doulkeridis\",\"description\":\"Coach | Consultant en solutions, gestion de crise, n\u00e9gociations\",\"publisher\":{\"@id\":\"https:\\\/\\\/www.doulkeridis.be\\\/blog\\\/#organization\"},\"potentialAction\":[{\"@type\":\"SearchAction\",\"target\":{\"@type\":\"EntryPoint\",\"urlTemplate\":\"https:\\\/\\\/www.doulkeridis.be\\\/blog\\\/?s={search_term_string}\"},\"query-input\":{\"@type\":\"PropertyValueSpecification\",\"valueRequired\":true,\"valueName\":\"search_term_string\"}}],\"inLanguage\":\"fr-FR\"},{\"@type\":\"Organization\",\"@id\":\"https:\\\/\\\/www.doulkeridis.be\\\/blog\\\/#organization\",\"name\":\"Ulyse\",\"url\":\"https:\\\/\\\/www.doulkeridis.be\\\/blog\\\/\",\"logo\":{\"@type\":\"ImageObject\",\"inLanguage\":\"fr-FR\",\"@id\":\"https:\\\/\\\/www.doulkeridis.be\\\/blog\\\/#\\\/schema\\\/logo\\\/image\\\/\",\"url\":\"https:\\\/\\\/www.doulkeridis.be\\\/blog\\\/wp-content\\\/uploads\\\/2026\\\/04\\\/2-5.png\",\"contentUrl\":\"https:\\\/\\\/www.doulkeridis.be\\\/blog\\\/wp-content\\\/uploads\\\/2026\\\/04\\\/2-5.png\",\"width\":1024,\"height\":728,\"caption\":\"Ulyse\"},\"image\":{\"@id\":\"https:\\\/\\\/www.doulkeridis.be\\\/blog\\\/#\\\/schema\\\/logo\\\/image\\\/\"},\"sameAs\":[\"https:\\\/\\\/www.facebook.com\\\/doulkeridis\",\"https:\\\/\\\/www.facebook.com\\\/christosdoulkeridis2\"]},{\"@type\":\"Person\",\"@id\":\"https:\\\/\\\/www.doulkeridis.be\\\/blog\\\/#\\\/schema\\\/person\\\/9f03f3459f0a4ba4db02aabbba098365\",\"name\":\"Christos Doulkeridis\",\"image\":{\"@type\":\"ImageObject\",\"inLanguage\":\"fr-FR\",\"@id\":\"https:\\\/\\\/secure.gravatar.com\\\/avatar\\\/71cb6e4369ca0615d93730ef3bc5f54642df4f6bcc59b92763d2ac434abf103e?s=96&d=mm&r=g\",\"url\":\"https:\\\/\\\/secure.gravatar.com\\\/avatar\\\/71cb6e4369ca0615d93730ef3bc5f54642df4f6bcc59b92763d2ac434abf103e?s=96&d=mm&r=g\",\"contentUrl\":\"https:\\\/\\\/secure.gravatar.com\\\/avatar\\\/71cb6e4369ca0615d93730ef3bc5f54642df4f6bcc59b92763d2ac434abf103e?s=96&d=mm&r=g\",\"caption\":\"Christos Doulkeridis\"},\"url\":\"https:\\\/\\\/www.doulkeridis.be\\\/blog\\\/author\\\/christos\\\/\"}]}<\/script>\n<!-- \/ Yoast SEO plugin. -->","yoast_head_json":{"title":"Amour food : 1er festival du film culinaire - Christos Doulkeridis","robots":{"index":"index","follow":"follow","max-snippet":"max-snippet:-1","max-image-preview":"max-image-preview:large","max-video-preview":"max-video-preview:-1"},"canonical":"https:\/\/www.doulkeridis.be\/blog\/2013\/11\/12\/amour-food-1er-festival-du-film-culinaire\/","og_locale":"fr_FR","og_type":"article","og_title":"Amour food : 1er festival du film culinaire - Christos Doulkeridis","og_description":"Dans la continuation et l\u2019esprit de l\u2019ann\u00e9e \u00e0 th\u00e8me Brusselicious, l&rsquo;ann\u00e9e bruxelloise de la Gastronomie, qui a permis de mettre en avant notre Art de Vivre, un des facteurs favorisant le partage d\u2019une identit\u00e9 bruxelloise, ouverte, multiculturelle, voici un nouvel \u00e9v\u00e9nement \u2013 une v\u00e9ritable exp\u00e9rience &#8211; qui va ravir tous nos sens : l&rsquo;Amour food, le premier festival du film culinaire qui se d\u00e9roule du 21 au 24 novembre 2013 \u00e0 l&rsquo;h\u00f4tel Silken Berlaymont \u00e0 Bruxelles. Cin\u00e9ma et gastronomie ont souvent fait bon m\u00e9nage. On garde tous le souvenir de quelques sc\u00e8nes m\u00e9morables de repas, de bouffe et de ripaille dans les grandes \u0153uvres du 7e art. Kultur&rsquo;art Bridge (KAB) et le sommelier belge, Eric Boschman proposent un concept original durant 4 jours : une projection d&rsquo;un film sur la cuisine (traitant de sujets engag\u00e9s) suivi d&rsquo;un d\u00eener (pr\u00e9par\u00e9 par un chef originaire du pays du film). Ce festival a pour vocation de nous plonger dans la diversit\u00e9 culturelle et de prendre go\u00fbt \u00e0 la d\u00e9couverte culinaire. Ce festival du film culinaire met 4 pays \u2013 Chine, Mexique, Br\u00e9sil et Gr\u00e8ce &#8211; \u00e0 l\u2019honneur\u00a0\u00e0 travers leur culture cin\u00e9matographique et leur cuisine\u00a0: 21\/11\/2013\u00a0: Saveurs de Chine (2012) \u2013 documentaire et cuisine [&hellip;]","og_url":"https:\/\/www.doulkeridis.be\/blog\/2013\/11\/12\/amour-food-1er-festival-du-film-culinaire\/","og_site_name":"Christos Doulkeridis","article_publisher":"https:\/\/www.facebook.com\/doulkeridis","article_published_time":"2013-11-12T13:12:04+00:00","article_modified_time":"2013-11-12T15:33:00+00:00","og_image":[{"width":779,"height":1024,"url":"https:\/\/www.doulkeridis.be\/blog\/wp-content\/uploads\/2013\/11\/laamourfoodK55-779x1024.jpg","type":"image\/jpeg"}],"author":"Christos Doulkeridis","twitter_card":"summary_large_image","twitter_misc":{"\u00c9crit par":"Christos Doulkeridis","Dur\u00e9e de lecture estim\u00e9e":"3 minutes"},"schema":{"@context":"https:\/\/schema.org","@graph":[{"@type":"Article","@id":"https:\/\/www.doulkeridis.be\/blog\/2013\/11\/12\/amour-food-1er-festival-du-film-culinaire\/#article","isPartOf":{"@id":"https:\/\/www.doulkeridis.be\/blog\/2013\/11\/12\/amour-food-1er-festival-du-film-culinaire\/"},"author":{"name":"Christos Doulkeridis","@id":"https:\/\/www.doulkeridis.be\/blog\/#\/schema\/person\/9f03f3459f0a4ba4db02aabbba098365"},"headline":"Amour food : 1er festival du film culinaire","datePublished":"2013-11-12T13:12:04+00:00","dateModified":"2013-11-12T15:33:00+00:00","mainEntityOfPage":{"@id":"https:\/\/www.doulkeridis.be\/blog\/2013\/11\/12\/amour-food-1er-festival-du-film-culinaire\/"},"wordCount":697,"commentCount":0,"publisher":{"@id":"https:\/\/www.doulkeridis.be\/blog\/#organization"},"image":{"@id":"https:\/\/www.doulkeridis.be\/blog\/2013\/11\/12\/amour-food-1er-festival-du-film-culinaire\/#primaryimage"},"thumbnailUrl":"https:\/\/www.doulkeridis.be\/blog\/wp-content\/uploads\/2013\/11\/laamourfoodK55.jpg","keywords":["A Touch of Spice","Amour food","ERic Boschman","Est\u00f4mago: A Gastronomic Story","Kultur'art Bridge","Like Water for Chocolate","Saveurs de Chine"],"articleSection":["Tourisme"],"inLanguage":"fr-FR","potentialAction":[{"@type":"CommentAction","name":"Comment","target":["https:\/\/www.doulkeridis.be\/blog\/2013\/11\/12\/amour-food-1er-festival-du-film-culinaire\/#respond"]}]},{"@type":"WebPage","@id":"https:\/\/www.doulkeridis.be\/blog\/2013\/11\/12\/amour-food-1er-festival-du-film-culinaire\/","url":"https:\/\/www.doulkeridis.be\/blog\/2013\/11\/12\/amour-food-1er-festival-du-film-culinaire\/","name":"Amour food : 1er festival du film culinaire - Christos Doulkeridis","isPartOf":{"@id":"https:\/\/www.doulkeridis.be\/blog\/#website"},"primaryImageOfPage":{"@id":"https:\/\/www.doulkeridis.be\/blog\/2013\/11\/12\/amour-food-1er-festival-du-film-culinaire\/#primaryimage"},"image":{"@id":"https:\/\/www.doulkeridis.be\/blog\/2013\/11\/12\/amour-food-1er-festival-du-film-culinaire\/#primaryimage"},"thumbnailUrl":"https:\/\/www.doulkeridis.be\/blog\/wp-content\/uploads\/2013\/11\/laamourfoodK55.jpg","datePublished":"2013-11-12T13:12:04+00:00","dateModified":"2013-11-12T15:33:00+00:00","breadcrumb":{"@id":"https:\/\/www.doulkeridis.be\/blog\/2013\/11\/12\/amour-food-1er-festival-du-film-culinaire\/#breadcrumb"},"inLanguage":"fr-FR","potentialAction":[{"@type":"ReadAction","target":["https:\/\/www.doulkeridis.be\/blog\/2013\/11\/12\/amour-food-1er-festival-du-film-culinaire\/"]}]},{"@type":"ImageObject","inLanguage":"fr-FR","@id":"https:\/\/www.doulkeridis.be\/blog\/2013\/11\/12\/amour-food-1er-festival-du-film-culinaire\/#primaryimage","url":"https:\/\/www.doulkeridis.be\/blog\/wp-content\/uploads\/2013\/11\/laamourfoodK55.jpg","contentUrl":"https:\/\/www.doulkeridis.be\/blog\/wp-content\/uploads\/2013\/11\/laamourfoodK55.jpg","width":2491,"height":3271},{"@type":"BreadcrumbList","@id":"https:\/\/www.doulkeridis.be\/blog\/2013\/11\/12\/amour-food-1er-festival-du-film-culinaire\/#breadcrumb","itemListElement":[{"@type":"ListItem","position":1,"name":"Accueil","item":"https:\/\/www.doulkeridis.be\/blog\/"},{"@type":"ListItem","position":2,"name":"Amour food : 1er festival du film culinaire"}]},{"@type":"WebSite","@id":"https:\/\/www.doulkeridis.be\/blog\/#website","url":"https:\/\/www.doulkeridis.be\/blog\/","name":"Christos Doulkeridis","description":"Coach | Consultant en solutions, gestion de crise, n\u00e9gociations","publisher":{"@id":"https:\/\/www.doulkeridis.be\/blog\/#organization"},"potentialAction":[{"@type":"SearchAction","target":{"@type":"EntryPoint","urlTemplate":"https:\/\/www.doulkeridis.be\/blog\/?s={search_term_string}"},"query-input":{"@type":"PropertyValueSpecification","valueRequired":true,"valueName":"search_term_string"}}],"inLanguage":"fr-FR"},{"@type":"Organization","@id":"https:\/\/www.doulkeridis.be\/blog\/#organization","name":"Ulyse","url":"https:\/\/www.doulkeridis.be\/blog\/","logo":{"@type":"ImageObject","inLanguage":"fr-FR","@id":"https:\/\/www.doulkeridis.be\/blog\/#\/schema\/logo\/image\/","url":"https:\/\/www.doulkeridis.be\/blog\/wp-content\/uploads\/2026\/04\/2-5.png","contentUrl":"https:\/\/www.doulkeridis.be\/blog\/wp-content\/uploads\/2026\/04\/2-5.png","width":1024,"height":728,"caption":"Ulyse"},"image":{"@id":"https:\/\/www.doulkeridis.be\/blog\/#\/schema\/logo\/image\/"},"sameAs":["https:\/\/www.facebook.com\/doulkeridis","https:\/\/www.facebook.com\/christosdoulkeridis2"]},{"@type":"Person","@id":"https:\/\/www.doulkeridis.be\/blog\/#\/schema\/person\/9f03f3459f0a4ba4db02aabbba098365","name":"Christos Doulkeridis","image":{"@type":"ImageObject","inLanguage":"fr-FR","@id":"https:\/\/secure.gravatar.com\/avatar\/71cb6e4369ca0615d93730ef3bc5f54642df4f6bcc59b92763d2ac434abf103e?s=96&d=mm&r=g","url":"https:\/\/secure.gravatar.com\/avatar\/71cb6e4369ca0615d93730ef3bc5f54642df4f6bcc59b92763d2ac434abf103e?s=96&d=mm&r=g","contentUrl":"https:\/\/secure.gravatar.com\/avatar\/71cb6e4369ca0615d93730ef3bc5f54642df4f6bcc59b92763d2ac434abf103e?s=96&d=mm&r=g","caption":"Christos Doulkeridis"},"url":"https:\/\/www.doulkeridis.be\/blog\/author\/christos\/"}]}},"_links":{"self":[{"href":"https:\/\/www.doulkeridis.be\/blog\/wp-json\/wp\/v2\/posts\/10824","targetHints":{"allow":["GET"]}}],"collection":[{"href":"https:\/\/www.doulkeridis.be\/blog\/wp-json\/wp\/v2\/posts"}],"about":[{"href":"https:\/\/www.doulkeridis.be\/blog\/wp-json\/wp\/v2\/types\/post"}],"author":[{"embeddable":true,"href":"https:\/\/www.doulkeridis.be\/blog\/wp-json\/wp\/v2\/users\/2"}],"replies":[{"embeddable":true,"href":"https:\/\/www.doulkeridis.be\/blog\/wp-json\/wp\/v2\/comments?post=10824"}],"version-history":[{"count":5,"href":"https:\/\/www.doulkeridis.be\/blog\/wp-json\/wp\/v2\/posts\/10824\/revisions"}],"predecessor-version":[{"id":10836,"href":"https:\/\/www.doulkeridis.be\/blog\/wp-json\/wp\/v2\/posts\/10824\/revisions\/10836"}],"wp:featuredmedia":[{"embeddable":true,"href":"https:\/\/www.doulkeridis.be\/blog\/wp-json\/wp\/v2\/media\/10839"}],"wp:attachment":[{"href":"https:\/\/www.doulkeridis.be\/blog\/wp-json\/wp\/v2\/media?parent=10824"}],"wp:term":[{"taxonomy":"category","embeddable":true,"href":"https:\/\/www.doulkeridis.be\/blog\/wp-json\/wp\/v2\/categories?post=10824"},{"taxonomy":"post_tag","embeddable":true,"href":"https:\/\/www.doulkeridis.be\/blog\/wp-json\/wp\/v2\/tags?post=10824"}],"curies":[{"name":"wp","href":"https:\/\/api.w.org\/{rel}","templated":true}]}}