{"id":10995,"date":"2013-12-05T13:57:33","date_gmt":"2013-12-05T12:57:33","guid":{"rendered":"http:\/\/www.doulkeridis.be\/blog\/?p=10995"},"modified":"2026-04-14T16:06:43","modified_gmt":"2026-04-14T15:06:43","slug":"assurance-volontariat-45000-journees-couvertes-depuis-deux-ans-grace-au-soutien-de-la-cocof","status":"publish","type":"post","link":"https:\/\/www.doulkeridis.be\/blog\/2013\/12\/05\/assurance-volontariat-45000-journees-couvertes-depuis-deux-ans-grace-au-soutien-de-la-cocof\/","title":{"rendered":"Assurance volontariat: 45000 journ\u00e9es couvertes depuis deux ans gr\u00e2ce au soutien de la Cocof"},"content":{"rendered":"<p><a href=\"https:\/\/www.doulkeridis.be\/blog\/wp-content\/uploads\/2013\/12\/DSC_0102.jpg\"><img loading=\"lazy\" decoding=\"async\" class=\"alignleft size-medium wp-image-10997\" alt=\"DSC_0102\" src=\"https:\/\/www.doulkeridis.be\/blog\/wp-content\/uploads\/2013\/12\/DSC_0102-300x200.jpg\" width=\"300\" height=\"200\" srcset=\"https:\/\/www.doulkeridis.be\/blog\/wp-content\/uploads\/2013\/12\/DSC_0102-300x200.jpg 300w, https:\/\/www.doulkeridis.be\/blog\/wp-content\/uploads\/2013\/12\/DSC_0102-1024x685.jpg 1024w\" sizes=\"auto, (max-width: 300px) 100vw, 300px\" \/><\/a>Plus de 100.000 volontaires s\u2019activent, chaque ann\u00e9e, dans les associations francophones bruxelloises. Ces volontaires sont des h\u00e9ros du quotidien! <strong>A l&rsquo;occasion de la journ\u00e9e mondiale du volontariat<\/strong>, je tiens \u00e0 souligner l&rsquo;apport essentiel des volontaires qui \u0153uvrent pour am\u00e9liorer le vivre ensemble, pour tisser des liens entre les communaut\u00e9s et pour cr\u00e9er de la coh\u00e9sion sociale dans la soci\u00e9t\u00e9.<\/p>\n<p>Dans un monde o\u00f9 l\u2019individualisme progresse, o\u00f9 tout se monnaie, les volontaires donnent de  leur temps et de leurs id\u00e9es pour am\u00e9liorer le vivre-ensemble.Le volontariat est un enrichissement partag\u00e9 qui profite tant \u00e0 la soci\u00e9t\u00e9 qu&rsquo;aux volontaires eux-m\u00eames.<\/p>\n<p>Je profite de journ\u00e9e mondiale pour faire le point sur l&rsquo;<strong>assurance volontariat gratuite<\/strong> mise en place \u00e0 Bruxelles en 2011. Apr\u00e8s 2 ans d&rsquo;existence, elle a d\u00e9j\u00e0 permis d&rsquo;assurer plus de <strong>45500 journ\u00e9es<\/strong> de volontariat. Pour rappel, l\u2019assurance propos\u00e9e gratuitement aux associations couvre la responsabilit\u00e9 civile, les accidents corporels et la protection juridique. Cette mesure rencontre les obligations d\u2019assurance d\u00e9coulant de la loi f\u00e9d\u00e9rale de 2005 sur le volontariat. Si cette obligation ne repr\u00e9sente pas un gros probl\u00e8me pour les asbl les plus importantes, elle constitue parfois un obstacle pour certaines structures de taille plus r\u00e9duite et pour les associations de fait francophones actives sur le territoire de la R\u00e9gion bruxelloise. <\/p>\n<p><strong>Le dispositif couvre 200 journ\u00e9es<\/strong> de volontariat par an par association. L\u2019assurance est ouverte tant aux asbl qu\u2019aux associations de fait francophones bruxelloises pour des manifestations ponctuelles ou r\u00e9currentes mais de courte dur\u00e9e.<\/p>\n<p>Ce succ\u00e8s me r\u00e9jouit. Il d\u00e9montre que les Bruxellois-es ont du c\u0153ur et de l\u2019\u00e9nergie pour am\u00e9liorer la vie de  leurs concitoyens. Chaque association peut y contribuer \u00e0 son \u00e9chelle, aux c\u00f4t\u00e9s des pouvoirs publics. Militants en faveur des personnes handicap\u00e9es, clowns dans les services p\u00e9diatriques des h\u00f4pitaux, cuisiniers aupr\u00e8s de S.D.F., participants aux associations de parents, arbitres de clubs sportifs amateurs, guides nature\u2026 chacun apporte sa pierre \u00e0 l\u2019\u00e9difice. Par le biais de cette assurance gratuite, nous apportons un soutien suppl\u00e9mentaire au secteur associatif. Les moyens d\u00e9gag\u00e9s permettent de couvrir davantage de journ\u00e9es. Mon objectif est de doubler ce nombre en communiquant davantage sur l\u2019existence de ce dispositif aupr\u00e8s du secteur associatif.<\/p>\n<p>Les volontaires sont \u00e9galement tr\u00e8s pr\u00e9sents dans le secteur culturels. C&rsquo;est le cas notamment au sein du <strong><a href=\"http:\/\/www.artetmarges.be\" target=\"_blank\">Mus\u00e9e Art et Marges<\/a> <\/strong> (photo) dont j&rsquo;ai rencontr\u00e9 la directrice, Tatiana Veress. Depuis sa cr\u00e9ation, le mus\u00e9e d\u00e9fend des artistes qui ne s&rsquo;inscrivent pas dans le circuit culturel officiel. Dans son fonctionnement quotidien, le <strong>mus\u00e9e peut compter sur le soutien de nombreux volontaires<\/strong> que j&rsquo;ai eu la chance de croiser sur place et auxquels je tenais \u00e0 rendre hommage.<\/p>\n<p><strong>Infos:<\/strong> La souscription gratuite de l\u2019assurance-volontariat peut intervenir \u00e0 tout moment de l\u2019ann\u00e9e via un formulaire disponible sur le site <a href=\"www.cocof.irisnet.be\" target=\"_blank\">www.cocof.irisnet.be<\/a> ou par t\u00e9l\u00e9phone au 02 800 82 83.<\/p>\n","protected":false},"excerpt":{"rendered":"<p>Plus de 100.000 volontaires s\u2019activent, chaque ann\u00e9e, dans les associations francophones bruxelloises. Ces volontaires sont des h\u00e9ros du quotidien! A l&rsquo;occasion de la journ\u00e9e mondiale du volontariat, je tiens \u00e0 souligner l&rsquo;apport essentiel des volontaires qui \u0153uvrent pour am\u00e9liorer le vivre ensemble, pour tisser des liens entre les communaut\u00e9s et pour cr\u00e9er de la coh\u00e9sion sociale dans la soci\u00e9t\u00e9. Dans un monde o\u00f9 l\u2019individualisme progresse, o\u00f9 tout se monnaie, les volontaires donnent de leur temps et de leurs id\u00e9es pour am\u00e9liorer le vivre-ensemble.Le volontariat est un enrichissement partag\u00e9 qui profite tant \u00e0 la soci\u00e9t\u00e9 qu&rsquo;aux volontaires eux-m\u00eames. Je profite de journ\u00e9e mondiale pour faire le point sur l&rsquo;assurance volontariat gratuite mise en place \u00e0 Bruxelles en 2011. Apr\u00e8s 2 ans d&rsquo;existence, elle a d\u00e9j\u00e0 permis d&rsquo;assurer plus de 45500 journ\u00e9es de volontariat. Pour rappel, l\u2019assurance propos\u00e9e gratuitement aux associations couvre la responsabilit\u00e9 civile, les accidents corporels et la protection juridique. Cette mesure rencontre les obligations d\u2019assurance d\u00e9coulant de la loi f\u00e9d\u00e9rale de 2005 sur le volontariat. Si cette obligation ne repr\u00e9sente pas un gros probl\u00e8me pour les asbl les plus importantes, elle constitue parfois un obstacle pour certaines structures de taille plus r\u00e9duite et pour les associations de fait francophones [&hellip;]<\/p>\n","protected":false},"author":2,"featured_media":10997,"comment_status":"open","ping_status":"open","sticky":false,"template":"","format":"standard","meta":{"_monsterinsights_skip_tracking":false,"_monsterinsights_sitenote_active":false,"_monsterinsights_sitenote_note":"","_monsterinsights_sitenote_category":0,"ngg_post_thumbnail":0,"footnotes":""},"categories":[40],"tags":[823,822,260],"class_list":["post-10995","post","type-post","status-publish","format-standard","has-post-thumbnail","hentry","category-ministre-presidence-cocof","tag-associations-2","tag-assurance-volontariat","tag-volontariat"],"yoast_head":"<!-- This site is optimized with the Yoast SEO plugin v27.4 - https:\/\/yoast.com\/product\/yoast-seo-wordpress\/ -->\n<title>Assurance volontariat: 45000 journ\u00e9es couvertes depuis deux ans gr\u00e2ce au soutien de la Cocof - Christos Doulkeridis<\/title>\n<meta name=\"robots\" content=\"index, follow, max-snippet:-1, max-image-preview:large, max-video-preview:-1\" \/>\n<link rel=\"canonical\" href=\"https:\/\/www.doulkeridis.be\/blog\/2013\/12\/05\/assurance-volontariat-45000-journees-couvertes-depuis-deux-ans-grace-au-soutien-de-la-cocof\/\" \/>\n<meta property=\"og:locale\" content=\"fr_FR\" \/>\n<meta property=\"og:type\" content=\"article\" \/>\n<meta property=\"og:title\" content=\"Assurance volontariat: 45000 journ\u00e9es couvertes depuis deux ans gr\u00e2ce au soutien de la Cocof - Christos Doulkeridis\" \/>\n<meta property=\"og:description\" content=\"Plus de 100.000 volontaires s\u2019activent, chaque ann\u00e9e, dans les associations francophones bruxelloises. Ces volontaires sont des h\u00e9ros du quotidien! A l&rsquo;occasion de la journ\u00e9e mondiale du volontariat, je tiens \u00e0 souligner l&rsquo;apport essentiel des volontaires qui \u0153uvrent pour am\u00e9liorer le vivre ensemble, pour tisser des liens entre les communaut\u00e9s et pour cr\u00e9er de la coh\u00e9sion sociale dans la soci\u00e9t\u00e9. Dans un monde o\u00f9 l\u2019individualisme progresse, o\u00f9 tout se monnaie, les volontaires donnent de leur temps et de leurs id\u00e9es pour am\u00e9liorer le vivre-ensemble.Le volontariat est un enrichissement partag\u00e9 qui profite tant \u00e0 la soci\u00e9t\u00e9 qu&rsquo;aux volontaires eux-m\u00eames. Je profite de journ\u00e9e mondiale pour faire le point sur l&rsquo;assurance volontariat gratuite mise en place \u00e0 Bruxelles en 2011. Apr\u00e8s 2 ans d&rsquo;existence, elle a d\u00e9j\u00e0 permis d&rsquo;assurer plus de 45500 journ\u00e9es de volontariat. Pour rappel, l\u2019assurance propos\u00e9e gratuitement aux associations couvre la responsabilit\u00e9 civile, les accidents corporels et la protection juridique. Cette mesure rencontre les obligations d\u2019assurance d\u00e9coulant de la loi f\u00e9d\u00e9rale de 2005 sur le volontariat. Si cette obligation ne repr\u00e9sente pas un gros probl\u00e8me pour les asbl les plus importantes, elle constitue parfois un obstacle pour certaines structures de taille plus r\u00e9duite et pour les associations de fait francophones [&hellip;]\" \/>\n<meta property=\"og:url\" content=\"https:\/\/www.doulkeridis.be\/blog\/2013\/12\/05\/assurance-volontariat-45000-journees-couvertes-depuis-deux-ans-grace-au-soutien-de-la-cocof\/\" \/>\n<meta property=\"og:site_name\" content=\"Christos Doulkeridis\" \/>\n<meta property=\"article:publisher\" content=\"https:\/\/www.facebook.com\/doulkeridis\" \/>\n<meta property=\"article:published_time\" content=\"2013-12-05T12:57:33+00:00\" \/>\n<meta property=\"article:modified_time\" content=\"2026-04-14T15:06:43+00:00\" \/>\n<meta property=\"og:image\" content=\"https:\/\/www.doulkeridis.be\/blog\/wp-content\/uploads\/2013\/12\/DSC_0102-1024x685.jpg\" \/>\n\t<meta property=\"og:image:width\" content=\"1024\" \/>\n\t<meta property=\"og:image:height\" content=\"685\" \/>\n\t<meta property=\"og:image:type\" content=\"image\/jpeg\" \/>\n<meta name=\"author\" content=\"Christos Doulkeridis\" \/>\n<meta name=\"twitter:card\" content=\"summary_large_image\" \/>\n<meta name=\"twitter:label1\" content=\"\u00c9crit par\" \/>\n\t<meta name=\"twitter:data1\" content=\"Christos Doulkeridis\" \/>\n\t<meta name=\"twitter:label2\" content=\"Dur\u00e9e de lecture estim\u00e9e\" \/>\n\t<meta name=\"twitter:data2\" content=\"3 minutes\" \/>\n<script type=\"application\/ld+json\" class=\"yoast-schema-graph\">{\"@context\":\"https:\\\/\\\/schema.org\",\"@graph\":[{\"@type\":\"Article\",\"@id\":\"https:\\\/\\\/www.doulkeridis.be\\\/blog\\\/2013\\\/12\\\/05\\\/assurance-volontariat-45000-journees-couvertes-depuis-deux-ans-grace-au-soutien-de-la-cocof\\\/#article\",\"isPartOf\":{\"@id\":\"https:\\\/\\\/www.doulkeridis.be\\\/blog\\\/2013\\\/12\\\/05\\\/assurance-volontariat-45000-journees-couvertes-depuis-deux-ans-grace-au-soutien-de-la-cocof\\\/\"},\"author\":{\"name\":\"Christos Doulkeridis\",\"@id\":\"https:\\\/\\\/www.doulkeridis.be\\\/blog\\\/#\\\/schema\\\/person\\\/9f03f3459f0a4ba4db02aabbba098365\"},\"headline\":\"Assurance volontariat: 45000 journ\u00e9es couvertes depuis deux ans gr\u00e2ce au soutien de la Cocof\",\"datePublished\":\"2013-12-05T12:57:33+00:00\",\"dateModified\":\"2026-04-14T15:06:43+00:00\",\"mainEntityOfPage\":{\"@id\":\"https:\\\/\\\/www.doulkeridis.be\\\/blog\\\/2013\\\/12\\\/05\\\/assurance-volontariat-45000-journees-couvertes-depuis-deux-ans-grace-au-soutien-de-la-cocof\\\/\"},\"wordCount\":537,\"commentCount\":0,\"publisher\":{\"@id\":\"https:\\\/\\\/www.doulkeridis.be\\\/blog\\\/#organization\"},\"image\":{\"@id\":\"https:\\\/\\\/www.doulkeridis.be\\\/blog\\\/2013\\\/12\\\/05\\\/assurance-volontariat-45000-journees-couvertes-depuis-deux-ans-grace-au-soutien-de-la-cocof\\\/#primaryimage\"},\"thumbnailUrl\":\"https:\\\/\\\/www.doulkeridis.be\\\/blog\\\/wp-content\\\/uploads\\\/2013\\\/12\\\/DSC_0102.jpg\",\"keywords\":[\"associations\",\"assurance-volontariat\",\"volontariat\"],\"articleSection\":[\"Ministre-Pr\u00e9sidence CoCof\"],\"inLanguage\":\"fr-FR\",\"potentialAction\":[{\"@type\":\"CommentAction\",\"name\":\"Comment\",\"target\":[\"https:\\\/\\\/www.doulkeridis.be\\\/blog\\\/2013\\\/12\\\/05\\\/assurance-volontariat-45000-journees-couvertes-depuis-deux-ans-grace-au-soutien-de-la-cocof\\\/#respond\"]}]},{\"@type\":\"WebPage\",\"@id\":\"https:\\\/\\\/www.doulkeridis.be\\\/blog\\\/2013\\\/12\\\/05\\\/assurance-volontariat-45000-journees-couvertes-depuis-deux-ans-grace-au-soutien-de-la-cocof\\\/\",\"url\":\"https:\\\/\\\/www.doulkeridis.be\\\/blog\\\/2013\\\/12\\\/05\\\/assurance-volontariat-45000-journees-couvertes-depuis-deux-ans-grace-au-soutien-de-la-cocof\\\/\",\"name\":\"Assurance volontariat: 45000 journ\u00e9es couvertes depuis deux ans gr\u00e2ce au soutien de la Cocof - Christos Doulkeridis\",\"isPartOf\":{\"@id\":\"https:\\\/\\\/www.doulkeridis.be\\\/blog\\\/#website\"},\"primaryImageOfPage\":{\"@id\":\"https:\\\/\\\/www.doulkeridis.be\\\/blog\\\/2013\\\/12\\\/05\\\/assurance-volontariat-45000-journees-couvertes-depuis-deux-ans-grace-au-soutien-de-la-cocof\\\/#primaryimage\"},\"image\":{\"@id\":\"https:\\\/\\\/www.doulkeridis.be\\\/blog\\\/2013\\\/12\\\/05\\\/assurance-volontariat-45000-journees-couvertes-depuis-deux-ans-grace-au-soutien-de-la-cocof\\\/#primaryimage\"},\"thumbnailUrl\":\"https:\\\/\\\/www.doulkeridis.be\\\/blog\\\/wp-content\\\/uploads\\\/2013\\\/12\\\/DSC_0102.jpg\",\"datePublished\":\"2013-12-05T12:57:33+00:00\",\"dateModified\":\"2026-04-14T15:06:43+00:00\",\"breadcrumb\":{\"@id\":\"https:\\\/\\\/www.doulkeridis.be\\\/blog\\\/2013\\\/12\\\/05\\\/assurance-volontariat-45000-journees-couvertes-depuis-deux-ans-grace-au-soutien-de-la-cocof\\\/#breadcrumb\"},\"inLanguage\":\"fr-FR\",\"potentialAction\":[{\"@type\":\"ReadAction\",\"target\":[\"https:\\\/\\\/www.doulkeridis.be\\\/blog\\\/2013\\\/12\\\/05\\\/assurance-volontariat-45000-journees-couvertes-depuis-deux-ans-grace-au-soutien-de-la-cocof\\\/\"]}]},{\"@type\":\"ImageObject\",\"inLanguage\":\"fr-FR\",\"@id\":\"https:\\\/\\\/www.doulkeridis.be\\\/blog\\\/2013\\\/12\\\/05\\\/assurance-volontariat-45000-journees-couvertes-depuis-deux-ans-grace-au-soutien-de-la-cocof\\\/#primaryimage\",\"url\":\"https:\\\/\\\/www.doulkeridis.be\\\/blog\\\/wp-content\\\/uploads\\\/2013\\\/12\\\/DSC_0102.jpg\",\"contentUrl\":\"https:\\\/\\\/www.doulkeridis.be\\\/blog\\\/wp-content\\\/uploads\\\/2013\\\/12\\\/DSC_0102.jpg\",\"width\":3872,\"height\":2592},{\"@type\":\"BreadcrumbList\",\"@id\":\"https:\\\/\\\/www.doulkeridis.be\\\/blog\\\/2013\\\/12\\\/05\\\/assurance-volontariat-45000-journees-couvertes-depuis-deux-ans-grace-au-soutien-de-la-cocof\\\/#breadcrumb\",\"itemListElement\":[{\"@type\":\"ListItem\",\"position\":1,\"name\":\"Accueil\",\"item\":\"https:\\\/\\\/www.doulkeridis.be\\\/blog\\\/\"},{\"@type\":\"ListItem\",\"position\":2,\"name\":\"Assurance volontariat: 45000 journ\u00e9es couvertes depuis deux ans gr\u00e2ce au soutien de la Cocof\"}]},{\"@type\":\"WebSite\",\"@id\":\"https:\\\/\\\/www.doulkeridis.be\\\/blog\\\/#website\",\"url\":\"https:\\\/\\\/www.doulkeridis.be\\\/blog\\\/\",\"name\":\"Christos Doulkeridis\",\"description\":\"Coach | Consultant en solutions, gestion de crise, n\u00e9gociations\",\"publisher\":{\"@id\":\"https:\\\/\\\/www.doulkeridis.be\\\/blog\\\/#organization\"},\"potentialAction\":[{\"@type\":\"SearchAction\",\"target\":{\"@type\":\"EntryPoint\",\"urlTemplate\":\"https:\\\/\\\/www.doulkeridis.be\\\/blog\\\/?s={search_term_string}\"},\"query-input\":{\"@type\":\"PropertyValueSpecification\",\"valueRequired\":true,\"valueName\":\"search_term_string\"}}],\"inLanguage\":\"fr-FR\"},{\"@type\":\"Organization\",\"@id\":\"https:\\\/\\\/www.doulkeridis.be\\\/blog\\\/#organization\",\"name\":\"Ulyse\",\"url\":\"https:\\\/\\\/www.doulkeridis.be\\\/blog\\\/\",\"logo\":{\"@type\":\"ImageObject\",\"inLanguage\":\"fr-FR\",\"@id\":\"https:\\\/\\\/www.doulkeridis.be\\\/blog\\\/#\\\/schema\\\/logo\\\/image\\\/\",\"url\":\"https:\\\/\\\/www.doulkeridis.be\\\/blog\\\/wp-content\\\/uploads\\\/2026\\\/04\\\/2-5.png\",\"contentUrl\":\"https:\\\/\\\/www.doulkeridis.be\\\/blog\\\/wp-content\\\/uploads\\\/2026\\\/04\\\/2-5.png\",\"width\":1024,\"height\":728,\"caption\":\"Ulyse\"},\"image\":{\"@id\":\"https:\\\/\\\/www.doulkeridis.be\\\/blog\\\/#\\\/schema\\\/logo\\\/image\\\/\"},\"sameAs\":[\"https:\\\/\\\/www.facebook.com\\\/doulkeridis\",\"https:\\\/\\\/www.facebook.com\\\/christosdoulkeridis2\"]},{\"@type\":\"Person\",\"@id\":\"https:\\\/\\\/www.doulkeridis.be\\\/blog\\\/#\\\/schema\\\/person\\\/9f03f3459f0a4ba4db02aabbba098365\",\"name\":\"Christos Doulkeridis\",\"image\":{\"@type\":\"ImageObject\",\"inLanguage\":\"fr-FR\",\"@id\":\"https:\\\/\\\/secure.gravatar.com\\\/avatar\\\/71cb6e4369ca0615d93730ef3bc5f54642df4f6bcc59b92763d2ac434abf103e?s=96&d=mm&r=g\",\"url\":\"https:\\\/\\\/secure.gravatar.com\\\/avatar\\\/71cb6e4369ca0615d93730ef3bc5f54642df4f6bcc59b92763d2ac434abf103e?s=96&d=mm&r=g\",\"contentUrl\":\"https:\\\/\\\/secure.gravatar.com\\\/avatar\\\/71cb6e4369ca0615d93730ef3bc5f54642df4f6bcc59b92763d2ac434abf103e?s=96&d=mm&r=g\",\"caption\":\"Christos Doulkeridis\"},\"url\":\"https:\\\/\\\/www.doulkeridis.be\\\/blog\\\/author\\\/christos\\\/\"}]}<\/script>\n<!-- \/ Yoast SEO plugin. -->","yoast_head_json":{"title":"Assurance volontariat: 45000 journ\u00e9es couvertes depuis deux ans gr\u00e2ce au soutien de la Cocof - Christos Doulkeridis","robots":{"index":"index","follow":"follow","max-snippet":"max-snippet:-1","max-image-preview":"max-image-preview:large","max-video-preview":"max-video-preview:-1"},"canonical":"https:\/\/www.doulkeridis.be\/blog\/2013\/12\/05\/assurance-volontariat-45000-journees-couvertes-depuis-deux-ans-grace-au-soutien-de-la-cocof\/","og_locale":"fr_FR","og_type":"article","og_title":"Assurance volontariat: 45000 journ\u00e9es couvertes depuis deux ans gr\u00e2ce au soutien de la Cocof - Christos Doulkeridis","og_description":"Plus de 100.000 volontaires s\u2019activent, chaque ann\u00e9e, dans les associations francophones bruxelloises. Ces volontaires sont des h\u00e9ros du quotidien! A l&rsquo;occasion de la journ\u00e9e mondiale du volontariat, je tiens \u00e0 souligner l&rsquo;apport essentiel des volontaires qui \u0153uvrent pour am\u00e9liorer le vivre ensemble, pour tisser des liens entre les communaut\u00e9s et pour cr\u00e9er de la coh\u00e9sion sociale dans la soci\u00e9t\u00e9. Dans un monde o\u00f9 l\u2019individualisme progresse, o\u00f9 tout se monnaie, les volontaires donnent de leur temps et de leurs id\u00e9es pour am\u00e9liorer le vivre-ensemble.Le volontariat est un enrichissement partag\u00e9 qui profite tant \u00e0 la soci\u00e9t\u00e9 qu&rsquo;aux volontaires eux-m\u00eames. Je profite de journ\u00e9e mondiale pour faire le point sur l&rsquo;assurance volontariat gratuite mise en place \u00e0 Bruxelles en 2011. Apr\u00e8s 2 ans d&rsquo;existence, elle a d\u00e9j\u00e0 permis d&rsquo;assurer plus de 45500 journ\u00e9es de volontariat. Pour rappel, l\u2019assurance propos\u00e9e gratuitement aux associations couvre la responsabilit\u00e9 civile, les accidents corporels et la protection juridique. Cette mesure rencontre les obligations d\u2019assurance d\u00e9coulant de la loi f\u00e9d\u00e9rale de 2005 sur le volontariat. Si cette obligation ne repr\u00e9sente pas un gros probl\u00e8me pour les asbl les plus importantes, elle constitue parfois un obstacle pour certaines structures de taille plus r\u00e9duite et pour les associations de fait francophones [&hellip;]","og_url":"https:\/\/www.doulkeridis.be\/blog\/2013\/12\/05\/assurance-volontariat-45000-journees-couvertes-depuis-deux-ans-grace-au-soutien-de-la-cocof\/","og_site_name":"Christos Doulkeridis","article_publisher":"https:\/\/www.facebook.com\/doulkeridis","article_published_time":"2013-12-05T12:57:33+00:00","article_modified_time":"2026-04-14T15:06:43+00:00","og_image":[{"width":1024,"height":685,"url":"https:\/\/www.doulkeridis.be\/blog\/wp-content\/uploads\/2013\/12\/DSC_0102-1024x685.jpg","type":"image\/jpeg"}],"author":"Christos Doulkeridis","twitter_card":"summary_large_image","twitter_misc":{"\u00c9crit par":"Christos Doulkeridis","Dur\u00e9e de lecture estim\u00e9e":"3 minutes"},"schema":{"@context":"https:\/\/schema.org","@graph":[{"@type":"Article","@id":"https:\/\/www.doulkeridis.be\/blog\/2013\/12\/05\/assurance-volontariat-45000-journees-couvertes-depuis-deux-ans-grace-au-soutien-de-la-cocof\/#article","isPartOf":{"@id":"https:\/\/www.doulkeridis.be\/blog\/2013\/12\/05\/assurance-volontariat-45000-journees-couvertes-depuis-deux-ans-grace-au-soutien-de-la-cocof\/"},"author":{"name":"Christos Doulkeridis","@id":"https:\/\/www.doulkeridis.be\/blog\/#\/schema\/person\/9f03f3459f0a4ba4db02aabbba098365"},"headline":"Assurance volontariat: 45000 journ\u00e9es couvertes depuis deux ans gr\u00e2ce au soutien de la Cocof","datePublished":"2013-12-05T12:57:33+00:00","dateModified":"2026-04-14T15:06:43+00:00","mainEntityOfPage":{"@id":"https:\/\/www.doulkeridis.be\/blog\/2013\/12\/05\/assurance-volontariat-45000-journees-couvertes-depuis-deux-ans-grace-au-soutien-de-la-cocof\/"},"wordCount":537,"commentCount":0,"publisher":{"@id":"https:\/\/www.doulkeridis.be\/blog\/#organization"},"image":{"@id":"https:\/\/www.doulkeridis.be\/blog\/2013\/12\/05\/assurance-volontariat-45000-journees-couvertes-depuis-deux-ans-grace-au-soutien-de-la-cocof\/#primaryimage"},"thumbnailUrl":"https:\/\/www.doulkeridis.be\/blog\/wp-content\/uploads\/2013\/12\/DSC_0102.jpg","keywords":["associations","assurance-volontariat","volontariat"],"articleSection":["Ministre-Pr\u00e9sidence CoCof"],"inLanguage":"fr-FR","potentialAction":[{"@type":"CommentAction","name":"Comment","target":["https:\/\/www.doulkeridis.be\/blog\/2013\/12\/05\/assurance-volontariat-45000-journees-couvertes-depuis-deux-ans-grace-au-soutien-de-la-cocof\/#respond"]}]},{"@type":"WebPage","@id":"https:\/\/www.doulkeridis.be\/blog\/2013\/12\/05\/assurance-volontariat-45000-journees-couvertes-depuis-deux-ans-grace-au-soutien-de-la-cocof\/","url":"https:\/\/www.doulkeridis.be\/blog\/2013\/12\/05\/assurance-volontariat-45000-journees-couvertes-depuis-deux-ans-grace-au-soutien-de-la-cocof\/","name":"Assurance volontariat: 45000 journ\u00e9es couvertes depuis deux ans gr\u00e2ce au soutien de la Cocof - Christos Doulkeridis","isPartOf":{"@id":"https:\/\/www.doulkeridis.be\/blog\/#website"},"primaryImageOfPage":{"@id":"https:\/\/www.doulkeridis.be\/blog\/2013\/12\/05\/assurance-volontariat-45000-journees-couvertes-depuis-deux-ans-grace-au-soutien-de-la-cocof\/#primaryimage"},"image":{"@id":"https:\/\/www.doulkeridis.be\/blog\/2013\/12\/05\/assurance-volontariat-45000-journees-couvertes-depuis-deux-ans-grace-au-soutien-de-la-cocof\/#primaryimage"},"thumbnailUrl":"https:\/\/www.doulkeridis.be\/blog\/wp-content\/uploads\/2013\/12\/DSC_0102.jpg","datePublished":"2013-12-05T12:57:33+00:00","dateModified":"2026-04-14T15:06:43+00:00","breadcrumb":{"@id":"https:\/\/www.doulkeridis.be\/blog\/2013\/12\/05\/assurance-volontariat-45000-journees-couvertes-depuis-deux-ans-grace-au-soutien-de-la-cocof\/#breadcrumb"},"inLanguage":"fr-FR","potentialAction":[{"@type":"ReadAction","target":["https:\/\/www.doulkeridis.be\/blog\/2013\/12\/05\/assurance-volontariat-45000-journees-couvertes-depuis-deux-ans-grace-au-soutien-de-la-cocof\/"]}]},{"@type":"ImageObject","inLanguage":"fr-FR","@id":"https:\/\/www.doulkeridis.be\/blog\/2013\/12\/05\/assurance-volontariat-45000-journees-couvertes-depuis-deux-ans-grace-au-soutien-de-la-cocof\/#primaryimage","url":"https:\/\/www.doulkeridis.be\/blog\/wp-content\/uploads\/2013\/12\/DSC_0102.jpg","contentUrl":"https:\/\/www.doulkeridis.be\/blog\/wp-content\/uploads\/2013\/12\/DSC_0102.jpg","width":3872,"height":2592},{"@type":"BreadcrumbList","@id":"https:\/\/www.doulkeridis.be\/blog\/2013\/12\/05\/assurance-volontariat-45000-journees-couvertes-depuis-deux-ans-grace-au-soutien-de-la-cocof\/#breadcrumb","itemListElement":[{"@type":"ListItem","position":1,"name":"Accueil","item":"https:\/\/www.doulkeridis.be\/blog\/"},{"@type":"ListItem","position":2,"name":"Assurance volontariat: 45000 journ\u00e9es couvertes depuis deux ans gr\u00e2ce au soutien de la Cocof"}]},{"@type":"WebSite","@id":"https:\/\/www.doulkeridis.be\/blog\/#website","url":"https:\/\/www.doulkeridis.be\/blog\/","name":"Christos Doulkeridis","description":"Coach | Consultant en solutions, gestion de crise, n\u00e9gociations","publisher":{"@id":"https:\/\/www.doulkeridis.be\/blog\/#organization"},"potentialAction":[{"@type":"SearchAction","target":{"@type":"EntryPoint","urlTemplate":"https:\/\/www.doulkeridis.be\/blog\/?s={search_term_string}"},"query-input":{"@type":"PropertyValueSpecification","valueRequired":true,"valueName":"search_term_string"}}],"inLanguage":"fr-FR"},{"@type":"Organization","@id":"https:\/\/www.doulkeridis.be\/blog\/#organization","name":"Ulyse","url":"https:\/\/www.doulkeridis.be\/blog\/","logo":{"@type":"ImageObject","inLanguage":"fr-FR","@id":"https:\/\/www.doulkeridis.be\/blog\/#\/schema\/logo\/image\/","url":"https:\/\/www.doulkeridis.be\/blog\/wp-content\/uploads\/2026\/04\/2-5.png","contentUrl":"https:\/\/www.doulkeridis.be\/blog\/wp-content\/uploads\/2026\/04\/2-5.png","width":1024,"height":728,"caption":"Ulyse"},"image":{"@id":"https:\/\/www.doulkeridis.be\/blog\/#\/schema\/logo\/image\/"},"sameAs":["https:\/\/www.facebook.com\/doulkeridis","https:\/\/www.facebook.com\/christosdoulkeridis2"]},{"@type":"Person","@id":"https:\/\/www.doulkeridis.be\/blog\/#\/schema\/person\/9f03f3459f0a4ba4db02aabbba098365","name":"Christos Doulkeridis","image":{"@type":"ImageObject","inLanguage":"fr-FR","@id":"https:\/\/secure.gravatar.com\/avatar\/71cb6e4369ca0615d93730ef3bc5f54642df4f6bcc59b92763d2ac434abf103e?s=96&d=mm&r=g","url":"https:\/\/secure.gravatar.com\/avatar\/71cb6e4369ca0615d93730ef3bc5f54642df4f6bcc59b92763d2ac434abf103e?s=96&d=mm&r=g","contentUrl":"https:\/\/secure.gravatar.com\/avatar\/71cb6e4369ca0615d93730ef3bc5f54642df4f6bcc59b92763d2ac434abf103e?s=96&d=mm&r=g","caption":"Christos Doulkeridis"},"url":"https:\/\/www.doulkeridis.be\/blog\/author\/christos\/"}]}},"_links":{"self":[{"href":"https:\/\/www.doulkeridis.be\/blog\/wp-json\/wp\/v2\/posts\/10995","targetHints":{"allow":["GET"]}}],"collection":[{"href":"https:\/\/www.doulkeridis.be\/blog\/wp-json\/wp\/v2\/posts"}],"about":[{"href":"https:\/\/www.doulkeridis.be\/blog\/wp-json\/wp\/v2\/types\/post"}],"author":[{"embeddable":true,"href":"https:\/\/www.doulkeridis.be\/blog\/wp-json\/wp\/v2\/users\/2"}],"replies":[{"embeddable":true,"href":"https:\/\/www.doulkeridis.be\/blog\/wp-json\/wp\/v2\/comments?post=10995"}],"version-history":[{"count":20,"href":"https:\/\/www.doulkeridis.be\/blog\/wp-json\/wp\/v2\/posts\/10995\/revisions"}],"predecessor-version":[{"id":11016,"href":"https:\/\/www.doulkeridis.be\/blog\/wp-json\/wp\/v2\/posts\/10995\/revisions\/11016"}],"wp:featuredmedia":[{"embeddable":true,"href":"https:\/\/www.doulkeridis.be\/blog\/wp-json\/wp\/v2\/media\/10997"}],"wp:attachment":[{"href":"https:\/\/www.doulkeridis.be\/blog\/wp-json\/wp\/v2\/media?parent=10995"}],"wp:term":[{"taxonomy":"category","embeddable":true,"href":"https:\/\/www.doulkeridis.be\/blog\/wp-json\/wp\/v2\/categories?post=10995"},{"taxonomy":"post_tag","embeddable":true,"href":"https:\/\/www.doulkeridis.be\/blog\/wp-json\/wp\/v2\/tags?post=10995"}],"curies":[{"name":"wp","href":"https:\/\/api.w.org\/{rel}","templated":true}]}}