{"id":11094,"date":"2013-12-16T14:13:58","date_gmt":"2013-12-16T13:13:58","guid":{"rendered":"http:\/\/www.doulkeridis.be\/blog\/?p=11094"},"modified":"2026-04-14T16:09:13","modified_gmt":"2026-04-14T15:09:13","slug":"palmares_cle_verte2013bruxelles_devient_une_destination_durable","status":"publish","type":"post","link":"https:\/\/www.doulkeridis.be\/blog\/2013\/12\/16\/palmares_cle_verte2013bruxelles_devient_une_destination_durable\/","title":{"rendered":"Cl\u00e9 Verte 2013 : le secteur touristique bruxellois s&rsquo;engage concr\u00e8tement dans le d\u00e9veloppement durable"},"content":{"rendered":"<p><a href=\"https:\/\/www.doulkeridis.be\/blog\/wp-content\/uploads\/2013\/12\/DSC_0161.jpg\"><img loading=\"lazy\" decoding=\"async\" class=\"alignleft size-medium wp-image-11095\" alt=\"DSC_0161\" src=\"https:\/\/www.doulkeridis.be\/blog\/wp-content\/uploads\/2013\/12\/DSC_0161-300x200.jpg\" width=\"300\" height=\"200\" srcset=\"https:\/\/www.doulkeridis.be\/blog\/wp-content\/uploads\/2013\/12\/DSC_0161-300x200.jpg 300w, https:\/\/www.doulkeridis.be\/blog\/wp-content\/uploads\/2013\/12\/DSC_0161-1024x685.jpg 1024w\" sizes=\"auto, (max-width: 300px) 100vw, 300px\" \/><\/a>Pour c\u00e9l\u00e9brer la quatri\u00e8me ann\u00e9e cons\u00e9cutive, j\u2019ai eu le plaisir, en tant que Ministre-Pr\u00e9sident du Gouvernement francophone bruxellois (Cocof) en charge du Tourisme , de pr\u00e9senter le palmar\u00e8s 2013 du label <a href=\"http:\/\/www.cleverte.be\/\" target=\"_blank\"><strong>Cl\u00e9 Verte,<\/strong><\/a>\u00a0 aux c\u00f4t\u00e9s de la <a href=\"http:\/\/www.iewonline.be\/\" target=\"_blank\">F\u00e9d\u00e9ration Inter-Environnement Wallonie<\/a> (IEW); <a href=\"http:\/\/www.opt.be\/\" target=\"_blank\">Wallonie-Bruxelles Tourisme <\/a>(WBT) et <a href=\"http:\/\/visitbrussels.be\/bitc\/front\/home\/display\/lg\/fr\/section\/visiteur.do\" target=\"_blank\">VISITBRUSSELS<\/a> au <a href=\"http:\/\/www.thonhotels.be\/fr\/hotels\/countrys\/belgique\/bruxelles\/thon-hotel-eu\/?gclid=CJWh6MrmtLsCFQn3wgodfQkA9Q\" target=\"_blank\">Thon Hotel EU,<\/a> labellis\u00e9 en 2012. Le prestigieux label Cl\u00e9 Verte est attribu\u00e9 par un jury ind\u00e9pendant \u00e0 l\u2019ensemble du secteur de l\u2019h\u00e9bergement touristique et salles d\u2019\u00e9v\u00e9nements de la R\u00e9gion de Bruxelles-Capitale. Il r\u00e9compense leurs d\u00e9marches et performances en mati\u00e8re d\u2019environnement.<\/p>\n<p>Cette ann\u00e9e, de nouveaux h\u00e9bergements et des salles d&rsquo;\u00e9v\u00e9nements (special Venues), ont re\u00e7u ce principal \u00e9colabel international pour avoir r\u00e9ussi leur \u00ab\u00a0transition cl\u00e9 verte\u00a0\u00bb. 11 nouveaux laur\u00e9ats ont re\u00e7u leur certificat. 3 h\u00f4tels : Le<strong> M\u00e9ridien Bruxelles<\/strong>, <strong>Scandic Grand Place<\/strong>, <strong>Martin\u2019s Central Park<\/strong> ; 2 Bed&amp;Breakfast : <strong>Chambre Chocolat<\/strong> et <strong>Les Iris<\/strong> ; 3 auberges de jeunesse : <strong>Sleep Well<\/strong>, le <strong>Foyer Europ\u00e9en<\/strong> (Van Gogh) et <strong>G\u00e9n\u00e9ration Europe<\/strong> ; et enfin 3 Special Venues :<strong> Diamant Brussels Conference &amp; Business Centre<\/strong>, <strong>H\u00f4tel de la Poste (Tour&amp;Taxis)<\/strong> et Autoworld. 19 autres ont renouvel\u00e9 leur labellisation en 2013.<br \/>\nA l&rsquo;heure actuelle, Bruxelles compte donc 25 h\u00e9bergements (15 h\u00f4tels, 5 B&amp;B et 5 auberges de jeunesse) et 5 lieux d&rsquo;\u00e9v\u00e9nements labellis\u00e9s. 30 labels \u00ab\u00a0Cl\u00e9 verte\u00a0\u00bb au total.<br \/>\nPar ailleurs, cette ann\u00e9e, nous avons nomm\u00e9 trois ambassadeurs \u00ab cl\u00e9 Verte \u00bb choisis pour leurs actions en faveur de l\u2019\u00e9cologie et du tourisme durable : <strong>Marie-Paule Esk\u00e9nazi<\/strong>, (Greeters \u2013 Tourisme Autrement), <strong>Marc Wollast<\/strong> (Apis Bruoc Sella asbl), <strong>C\u00e9cile Dubois<\/strong> (Pro V\u00e9lo).<\/p>\n<p>Bien que le tourisme est un secteur qui s&rsquo;int\u00e8gre parfois difficilement dans une r\u00e9flexion de d\u00e9veloppement durable, nous avons cependant tenu \u00e0 soutenir et \u00e0 <strong>d\u00e9velopper des initiatives qui prennent en compte des imp\u00e9ratifs environnementaux. Des initiatives qui permettent \u00e9galement de soutenir l&rsquo;\u00e9conomie locale, le travail des agriculteurs situ\u00e9s en Belgique et de pr\u00e9server la sant\u00e9 des travailleurs par l&rsquo;utilisation de produits d&rsquo;entretien naturels et \u00e9cologiques.<\/strong><\/p>\n<p>Dans ce contexte, et afin de r\u00e9pondre \u00e0 l\u2019exigence des touristes \u00e0 l\u2019aff\u00fbt d\u2019exp\u00e9riences exceptionnelles et durables, et \u00e0 l\u2019int\u00e9r\u00eat du secteur h\u00f4telier et d\u2019autres types d\u2019\u00e9tablissements touristiques implant\u00e9s en R\u00e9gion de Bruxelles-Capitale, il me semblait coh\u00e9rent de soutenir un syst\u00e8me de certification pour r\u00e9duire l&#8217;empreinte \u00e9cologique et positionner Bruxelles comme une destination pionni\u00e8re du tourisme durable et responsable.<br \/>\nC&rsquo;est la raison pour laquelle, depuis fin 2010, je soutiens le label \u00ab\u00a0Cl\u00e9 Verte\u00a0\u00bb (Green Key), un label clair et reconnu, coordonn\u00e9 \u00e0 Bruxelles par la F\u00e9d\u00e9ration Inter-Environnement Wallonie.<\/p>\n<p>Avec ses 2.300 labellis\u00e9s dans 44 pays \u00e0 travers le monde, cet \u00e9colabel est le plus r\u00e9pandu dans le secteur touristique. S\u00e9journer dans un \u00e9tablissement Cl\u00e9 Verte, c\u2019est \u00e0 la fois avoir l\u2019assurance d\u2019un environnement pr\u00e9serv\u00e9 sur son lieu de r\u00e9sidence, et c\u2019est aussi encourager des pratiques \u00e9cologiques plus respectueuses dans le secteur du tourisme, et soutenir par ailleurs l\u2019\u00e9conomie locale.<br \/>\nDe plus, le secteur h\u00f4telier est un secteur important en RBC. Le tourisme est le premier pourvoyeur d\u2019emplois de la R\u00e9gion de Bruxelles-Capitale : 35.000 emplois directs et 15.000 emplois indirects.<\/p>\n<p><strong>Actuellement, pr\u00e8s de 17 % des chambres h\u00f4teli\u00e8res bruxelloises (reconnues par la Cocof) portent le label Cl\u00e9 Verte. Un de mes objectifs pour 2014 \u00e9tait de proposer 100% de l&rsquo;offre de logement jeunes en h\u00e9bergement labellis\u00e9. Nous y sommes presque, car au niveau des auberges de jeunesse, pr\u00e8s de 80 % de la capacit\u00e9 d\u2019accueil est concern\u00e9e<\/strong>. Si on tient compte des principaux autres syst\u00e8mes de certification pr\u00e9sents en R\u00e9gion bruxelloise (EMAS, Green Globe et le label Entreprise \u00e9co-dynamique), on arrive \u00e0 un total de pr\u00e8s de 30 % des chambres h\u00f4teli\u00e8res \u00e9colabellis\u00e9es, ce qui \u2013 au niveau des h\u00f4tels &#8211; positionne Bruxelles parmi les destinations europ\u00e9ennes les plus \u00ab vertes \u00bb. En termes environnementaux, l\u2019impact n\u2019est pas n\u00e9gligeable d\u2019autant que la labellisation, qui est annuelle, demande aux \u00e9tablissements une am\u00e9lioration continue.<\/p>\n<p>Pour obtenir la Cl\u00e9 Verte, les candidats doivent initier une s\u00e9rie de d\u00e9marches (suivi des consommation, information du personnel et des clients, mettre en place les bases du management environnemental) et atteindre des performances pr\u00e9cises (seuil pr\u00e9cis d\u2019ampoules \u00e9conomiques, niveau d\u2019isolation, pourcentage d\u2019aliments et de boissons durables, d\u00e9bits des douches et des robinets, autres mesures visant \u00e0 r\u00e9duire la consommation d\u2019\u00e9nergie, promotion active d\u2019une mobilit\u00e9 plus durable, etc.). Par ailleurs, <strong>on constate, dans tous les cas, qu\u2019une am\u00e9lioration environnementale significative est r\u00e9alis\u00e9e par les candidats pour obtenir le label<\/strong>. Avec des crit\u00e8res qui vont au-del\u00e0 de la l\u00e9gislation, le label permet aux candidats d\u2019anticiper des exigences l\u00e9gales (ex. : obligation de tri des d\u00e9chets \u00e0 Bruxelles).<\/p>\n<p>Concr\u00e8tement, la plupart des h\u00e9bergements d\u00e9j\u00e0 labellis\u00e9s (tant au niveau des h\u00f4tels, que des B&amp;B et des auberges de jeunesse) ont r\u00e9duit leurs d\u00e9bits sur les douches et sur les robinets, pour passer de parfois 15-20 litres par minute \u00e0 entre 5 et 9 litres par minute avec un retour sur investissement en moins de 6 mois.<br \/>\nParmi ceux qui sont labellis\u00e9s aujourd\u2019hui, beaucoup ont remplac\u00e9 un certain nombre d\u2019ampoules, et notamment des spots halog\u00e8nes \u2013 tr\u00e8s \u00e9nergivores \u2013 par des ampoules \u00e9conomiques (ou d\u00e9tecteurs de mouvement ou cr\u00e9pusculaires). Beaucoup d\u2019entre eux ach\u00e8tent maintenant de l\u2019\u00e9lectricit\u00e9 verte. Il est vrai que le co\u00fbt des LED est trois fois plus \u00e9lev\u00e9, mais vous les gardez 5 ans. Les \u00e9conomies d\u2019\u00e9lectricit\u00e9 et de chauffage dans les chambres ont \u00e9t\u00e9 optimalis\u00e9es, en coupant certaines lampes qui s\u2019allumaient automatiquement avec la carte ou en coupant le chauffage et la climatisation pendant certaines heures lorsque le client ne s\u2019y trouve pas. Le fait de couper par exemple l\u2019airco par d\u00e9faut dans les chambres \u00e0 10 heures du matin, quand les clients sont g\u00e9n\u00e9ralement dehors, permet ainsi de diminuer de 20% nos \u00e9missions de CO2 et d\u2019autant notre facture d\u2019\u00e9lectricit\u00e9.<\/p>\n<p><strong>Le label continue sa progression dans la capitale : plusieurs autres dossiers sont en cours de labellisation et les crit\u00e8res ont \u00e9t\u00e9 revus r\u00e9cemment pour une adaptation plus pr\u00e9cise aux r\u00e9alit\u00e9s des secteurs concern\u00e9s (tout en restant exigeants sur le plan environnemental).<\/strong><\/p>\n<p>Soutenue notamment par la Brussels Hotels Association (BHA), cette initiative est coordonn\u00e9e par la F\u00e9d\u00e9ration Inter-Environnement Wallonie, partenaire officiel de la FEE pour Bruxelles et la Wallonie, en collaboration \u00e9troite avec Wallonie-Bruxelles Tourisme (WBT), VisitBrussels, Brussels Booking Desk (BBD) et les associations professionnelles Hostels in Brussels, Bed &amp; Brussels et Brussels Special Venue, ainsi que l&rsquo;administration bruxelloise en charge du Tourisme au sein de la COCOF.<\/p>\n<p><strong>Il importe d&rsquo;encourager le secteur de l\u2019h\u00e9bergement touristique \u00e0 poursuivre ces efforts pour faire de Bruxelles une destination durable.<\/strong><\/p>\n","protected":false},"excerpt":{"rendered":"<p>Pour c\u00e9l\u00e9brer la quatri\u00e8me ann\u00e9e cons\u00e9cutive, j\u2019ai eu le plaisir, en tant que Ministre-Pr\u00e9sident du Gouvernement francophone bruxellois (Cocof) en charge du Tourisme , de pr\u00e9senter le palmar\u00e8s 2013 du label Cl\u00e9 Verte,\u00a0 aux c\u00f4t\u00e9s de la F\u00e9d\u00e9ration Inter-Environnement Wallonie (IEW); Wallonie-Bruxelles Tourisme (WBT) et VISITBRUSSELS au Thon Hotel EU, labellis\u00e9 en 2012. Le prestigieux label Cl\u00e9 Verte est attribu\u00e9 par un jury ind\u00e9pendant \u00e0 l\u2019ensemble du secteur de l\u2019h\u00e9bergement touristique et salles d\u2019\u00e9v\u00e9nements de la R\u00e9gion de Bruxelles-Capitale. Il r\u00e9compense leurs d\u00e9marches et performances en mati\u00e8re d\u2019environnement. Cette ann\u00e9e, de nouveaux h\u00e9bergements et des salles d&rsquo;\u00e9v\u00e9nements (special Venues), ont re\u00e7u ce principal \u00e9colabel international pour avoir r\u00e9ussi leur \u00ab\u00a0transition cl\u00e9 verte\u00a0\u00bb. 11 nouveaux laur\u00e9ats ont re\u00e7u leur certificat. 3 h\u00f4tels : Le M\u00e9ridien Bruxelles, Scandic Grand Place, Martin\u2019s Central Park ; 2 Bed&amp;Breakfast : Chambre Chocolat et Les Iris ; 3 auberges de jeunesse : Sleep Well, le Foyer Europ\u00e9en (Van Gogh) et G\u00e9n\u00e9ration Europe ; et enfin 3 Special Venues : Diamant Brussels Conference &amp; Business Centre, H\u00f4tel de la Poste (Tour&amp;Taxis) et Autoworld. 19 autres ont renouvel\u00e9 leur labellisation en 2013. A l&rsquo;heure actuelle, Bruxelles compte donc 25 h\u00e9bergements (15 h\u00f4tels, 5 B&amp;B et 5 auberges de [&hellip;]<\/p>\n","protected":false},"author":2,"featured_media":11095,"comment_status":"open","ping_status":"open","sticky":false,"template":"","format":"standard","meta":{"_monsterinsights_skip_tracking":false,"_monsterinsights_sitenote_active":false,"_monsterinsights_sitenote_note":"","_monsterinsights_sitenote_category":0,"ngg_post_thumbnail":0,"footnotes":""},"categories":[304,8],"tags":[853,851,844,265,849,597,847,848,852,850,596,845,843,842,854,841,846,855,370,289],"class_list":["post-11094","post","type-post","status-publish","format-standard","has-post-thumbnail","hentry","category-mes_realisations","category-tourisme","tag-apis-bruoc-sella-asbl","tag-autoworld","tag-chambre-chocolat","tag-cle-verte","tag-diamant-brussels-conference-business-centre","tag-federation-inter-environnement-wallonie","tag-foyer-europeen-van-gogh","tag-generation-europe","tag-greeters-tourisme-autrement","tag-hotel-de-la-poste-tourtaxis","tag-iew","tag-les-iris","tag-martins-central-park","tag-meridien-bruxelles","tag-pro-velo","tag-scandic-grand-place","tag-sleep-well","tag-thon-hotel-eu","tag-visitbrussels","tag-wallonie-bruxelles-tourisme"],"yoast_head":"<!-- This site is optimized with the Yoast SEO plugin v27.4 - https:\/\/yoast.com\/product\/yoast-seo-wordpress\/ -->\n<title>Cl\u00e9 Verte 2013 : le secteur touristique bruxellois s&#039;engage concr\u00e8tement dans le d\u00e9veloppement durable - Christos Doulkeridis<\/title>\n<meta name=\"robots\" content=\"index, follow, max-snippet:-1, max-image-preview:large, max-video-preview:-1\" \/>\n<link rel=\"canonical\" href=\"https:\/\/www.doulkeridis.be\/blog\/2013\/12\/16\/palmares_cle_verte2013bruxelles_devient_une_destination_durable\/\" \/>\n<meta property=\"og:locale\" content=\"fr_FR\" \/>\n<meta property=\"og:type\" content=\"article\" \/>\n<meta property=\"og:title\" content=\"Cl\u00e9 Verte 2013 : le secteur touristique bruxellois s&#039;engage concr\u00e8tement dans le d\u00e9veloppement durable - Christos Doulkeridis\" \/>\n<meta property=\"og:description\" content=\"Pour c\u00e9l\u00e9brer la quatri\u00e8me ann\u00e9e cons\u00e9cutive, j\u2019ai eu le plaisir, en tant que Ministre-Pr\u00e9sident du Gouvernement francophone bruxellois (Cocof) en charge du Tourisme , de pr\u00e9senter le palmar\u00e8s 2013 du label Cl\u00e9 Verte,\u00a0 aux c\u00f4t\u00e9s de la F\u00e9d\u00e9ration Inter-Environnement Wallonie (IEW); Wallonie-Bruxelles Tourisme (WBT) et VISITBRUSSELS au Thon Hotel EU, labellis\u00e9 en 2012. Le prestigieux label Cl\u00e9 Verte est attribu\u00e9 par un jury ind\u00e9pendant \u00e0 l\u2019ensemble du secteur de l\u2019h\u00e9bergement touristique et salles d\u2019\u00e9v\u00e9nements de la R\u00e9gion de Bruxelles-Capitale. Il r\u00e9compense leurs d\u00e9marches et performances en mati\u00e8re d\u2019environnement. Cette ann\u00e9e, de nouveaux h\u00e9bergements et des salles d&rsquo;\u00e9v\u00e9nements (special Venues), ont re\u00e7u ce principal \u00e9colabel international pour avoir r\u00e9ussi leur \u00ab\u00a0transition cl\u00e9 verte\u00a0\u00bb. 11 nouveaux laur\u00e9ats ont re\u00e7u leur certificat. 3 h\u00f4tels : Le M\u00e9ridien Bruxelles, Scandic Grand Place, Martin\u2019s Central Park ; 2 Bed&amp;Breakfast : Chambre Chocolat et Les Iris ; 3 auberges de jeunesse : Sleep Well, le Foyer Europ\u00e9en (Van Gogh) et G\u00e9n\u00e9ration Europe ; et enfin 3 Special Venues : Diamant Brussels Conference &amp; Business Centre, H\u00f4tel de la Poste (Tour&amp;Taxis) et Autoworld. 19 autres ont renouvel\u00e9 leur labellisation en 2013. A l&rsquo;heure actuelle, Bruxelles compte donc 25 h\u00e9bergements (15 h\u00f4tels, 5 B&amp;B et 5 auberges de [&hellip;]\" \/>\n<meta property=\"og:url\" content=\"https:\/\/www.doulkeridis.be\/blog\/2013\/12\/16\/palmares_cle_verte2013bruxelles_devient_une_destination_durable\/\" \/>\n<meta property=\"og:site_name\" content=\"Christos Doulkeridis\" \/>\n<meta property=\"article:publisher\" content=\"https:\/\/www.facebook.com\/doulkeridis\" \/>\n<meta property=\"article:published_time\" content=\"2013-12-16T13:13:58+00:00\" \/>\n<meta property=\"article:modified_time\" content=\"2026-04-14T15:09:13+00:00\" \/>\n<meta property=\"og:image\" content=\"https:\/\/www.doulkeridis.be\/blog\/wp-content\/uploads\/2013\/12\/DSC_0161-1024x685.jpg\" \/>\n\t<meta property=\"og:image:width\" content=\"1024\" \/>\n\t<meta property=\"og:image:height\" content=\"685\" \/>\n\t<meta property=\"og:image:type\" content=\"image\/jpeg\" \/>\n<meta name=\"author\" content=\"Christos Doulkeridis\" \/>\n<meta name=\"twitter:card\" content=\"summary_large_image\" \/>\n<meta name=\"twitter:label1\" content=\"\u00c9crit par\" \/>\n\t<meta name=\"twitter:data1\" content=\"Christos Doulkeridis\" \/>\n\t<meta name=\"twitter:label2\" content=\"Dur\u00e9e de lecture estim\u00e9e\" \/>\n\t<meta name=\"twitter:data2\" content=\"6 minutes\" \/>\n<script type=\"application\/ld+json\" class=\"yoast-schema-graph\">{\"@context\":\"https:\\\/\\\/schema.org\",\"@graph\":[{\"@type\":\"Article\",\"@id\":\"https:\\\/\\\/www.doulkeridis.be\\\/blog\\\/2013\\\/12\\\/16\\\/palmares_cle_verte2013bruxelles_devient_une_destination_durable\\\/#article\",\"isPartOf\":{\"@id\":\"https:\\\/\\\/www.doulkeridis.be\\\/blog\\\/2013\\\/12\\\/16\\\/palmares_cle_verte2013bruxelles_devient_une_destination_durable\\\/\"},\"author\":{\"name\":\"Christos Doulkeridis\",\"@id\":\"https:\\\/\\\/www.doulkeridis.be\\\/blog\\\/#\\\/schema\\\/person\\\/9f03f3459f0a4ba4db02aabbba098365\"},\"headline\":\"Cl\u00e9 Verte 2013 : le secteur touristique bruxellois s&rsquo;engage concr\u00e8tement dans le d\u00e9veloppement durable\",\"datePublished\":\"2013-12-16T13:13:58+00:00\",\"dateModified\":\"2026-04-14T15:09:13+00:00\",\"mainEntityOfPage\":{\"@id\":\"https:\\\/\\\/www.doulkeridis.be\\\/blog\\\/2013\\\/12\\\/16\\\/palmares_cle_verte2013bruxelles_devient_une_destination_durable\\\/\"},\"wordCount\":1202,\"commentCount\":0,\"publisher\":{\"@id\":\"https:\\\/\\\/www.doulkeridis.be\\\/blog\\\/#organization\"},\"image\":{\"@id\":\"https:\\\/\\\/www.doulkeridis.be\\\/blog\\\/2013\\\/12\\\/16\\\/palmares_cle_verte2013bruxelles_devient_une_destination_durable\\\/#primaryimage\"},\"thumbnailUrl\":\"https:\\\/\\\/www.doulkeridis.be\\\/blog\\\/wp-content\\\/uploads\\\/2013\\\/12\\\/DSC_0161.jpg\",\"keywords\":[\"Apis Bruoc Sella asbl\",\"Autoworld\",\"Chambre Chocolat\",\"cl\u00e9 verte\",\"Diamant Brussels Conference &amp; Business Centre\",\"F\u00e9d\u00e9ration Inter-Environnement Wallonie\",\"Foyer Europ\u00e9en (Van Gogh)\",\"G\u00e9n\u00e9ration Europe\",\"Greeters Tourisme Autrement\",\"H\u00f4tel de la Poste (Tour&amp;Taxis)\",\"IEW\",\"Les Iris\",\"Martin\u2019s Central Park\",\"M\u00e9ridien Bruxelles\",\"Pro V\u00e9lo\",\"Scandic Grand Place\",\"Sleep Well\",\"Thon Hotel EU\",\"VISITBRUSSELS\",\"Wallonie-Bruxelles Tourisme\"],\"articleSection\":[\"Mes r\u00e9alisations\",\"Tourisme\"],\"inLanguage\":\"fr-FR\",\"potentialAction\":[{\"@type\":\"CommentAction\",\"name\":\"Comment\",\"target\":[\"https:\\\/\\\/www.doulkeridis.be\\\/blog\\\/2013\\\/12\\\/16\\\/palmares_cle_verte2013bruxelles_devient_une_destination_durable\\\/#respond\"]}]},{\"@type\":\"WebPage\",\"@id\":\"https:\\\/\\\/www.doulkeridis.be\\\/blog\\\/2013\\\/12\\\/16\\\/palmares_cle_verte2013bruxelles_devient_une_destination_durable\\\/\",\"url\":\"https:\\\/\\\/www.doulkeridis.be\\\/blog\\\/2013\\\/12\\\/16\\\/palmares_cle_verte2013bruxelles_devient_une_destination_durable\\\/\",\"name\":\"Cl\u00e9 Verte 2013 : le secteur touristique bruxellois s'engage concr\u00e8tement dans le d\u00e9veloppement durable - Christos Doulkeridis\",\"isPartOf\":{\"@id\":\"https:\\\/\\\/www.doulkeridis.be\\\/blog\\\/#website\"},\"primaryImageOfPage\":{\"@id\":\"https:\\\/\\\/www.doulkeridis.be\\\/blog\\\/2013\\\/12\\\/16\\\/palmares_cle_verte2013bruxelles_devient_une_destination_durable\\\/#primaryimage\"},\"image\":{\"@id\":\"https:\\\/\\\/www.doulkeridis.be\\\/blog\\\/2013\\\/12\\\/16\\\/palmares_cle_verte2013bruxelles_devient_une_destination_durable\\\/#primaryimage\"},\"thumbnailUrl\":\"https:\\\/\\\/www.doulkeridis.be\\\/blog\\\/wp-content\\\/uploads\\\/2013\\\/12\\\/DSC_0161.jpg\",\"datePublished\":\"2013-12-16T13:13:58+00:00\",\"dateModified\":\"2026-04-14T15:09:13+00:00\",\"breadcrumb\":{\"@id\":\"https:\\\/\\\/www.doulkeridis.be\\\/blog\\\/2013\\\/12\\\/16\\\/palmares_cle_verte2013bruxelles_devient_une_destination_durable\\\/#breadcrumb\"},\"inLanguage\":\"fr-FR\",\"potentialAction\":[{\"@type\":\"ReadAction\",\"target\":[\"https:\\\/\\\/www.doulkeridis.be\\\/blog\\\/2013\\\/12\\\/16\\\/palmares_cle_verte2013bruxelles_devient_une_destination_durable\\\/\"]}]},{\"@type\":\"ImageObject\",\"inLanguage\":\"fr-FR\",\"@id\":\"https:\\\/\\\/www.doulkeridis.be\\\/blog\\\/2013\\\/12\\\/16\\\/palmares_cle_verte2013bruxelles_devient_une_destination_durable\\\/#primaryimage\",\"url\":\"https:\\\/\\\/www.doulkeridis.be\\\/blog\\\/wp-content\\\/uploads\\\/2013\\\/12\\\/DSC_0161.jpg\",\"contentUrl\":\"https:\\\/\\\/www.doulkeridis.be\\\/blog\\\/wp-content\\\/uploads\\\/2013\\\/12\\\/DSC_0161.jpg\",\"width\":3872,\"height\":2592},{\"@type\":\"BreadcrumbList\",\"@id\":\"https:\\\/\\\/www.doulkeridis.be\\\/blog\\\/2013\\\/12\\\/16\\\/palmares_cle_verte2013bruxelles_devient_une_destination_durable\\\/#breadcrumb\",\"itemListElement\":[{\"@type\":\"ListItem\",\"position\":1,\"name\":\"Accueil\",\"item\":\"https:\\\/\\\/www.doulkeridis.be\\\/blog\\\/\"},{\"@type\":\"ListItem\",\"position\":2,\"name\":\"Cl\u00e9 Verte 2013 : le secteur touristique bruxellois s&rsquo;engage concr\u00e8tement dans le d\u00e9veloppement durable\"}]},{\"@type\":\"WebSite\",\"@id\":\"https:\\\/\\\/www.doulkeridis.be\\\/blog\\\/#website\",\"url\":\"https:\\\/\\\/www.doulkeridis.be\\\/blog\\\/\",\"name\":\"Christos Doulkeridis\",\"description\":\"Coach | Consultant en solutions, gestion de crise, n\u00e9gociations\",\"publisher\":{\"@id\":\"https:\\\/\\\/www.doulkeridis.be\\\/blog\\\/#organization\"},\"potentialAction\":[{\"@type\":\"SearchAction\",\"target\":{\"@type\":\"EntryPoint\",\"urlTemplate\":\"https:\\\/\\\/www.doulkeridis.be\\\/blog\\\/?s={search_term_string}\"},\"query-input\":{\"@type\":\"PropertyValueSpecification\",\"valueRequired\":true,\"valueName\":\"search_term_string\"}}],\"inLanguage\":\"fr-FR\"},{\"@type\":\"Organization\",\"@id\":\"https:\\\/\\\/www.doulkeridis.be\\\/blog\\\/#organization\",\"name\":\"Ulyse\",\"url\":\"https:\\\/\\\/www.doulkeridis.be\\\/blog\\\/\",\"logo\":{\"@type\":\"ImageObject\",\"inLanguage\":\"fr-FR\",\"@id\":\"https:\\\/\\\/www.doulkeridis.be\\\/blog\\\/#\\\/schema\\\/logo\\\/image\\\/\",\"url\":\"https:\\\/\\\/www.doulkeridis.be\\\/blog\\\/wp-content\\\/uploads\\\/2026\\\/04\\\/2-5.png\",\"contentUrl\":\"https:\\\/\\\/www.doulkeridis.be\\\/blog\\\/wp-content\\\/uploads\\\/2026\\\/04\\\/2-5.png\",\"width\":1024,\"height\":728,\"caption\":\"Ulyse\"},\"image\":{\"@id\":\"https:\\\/\\\/www.doulkeridis.be\\\/blog\\\/#\\\/schema\\\/logo\\\/image\\\/\"},\"sameAs\":[\"https:\\\/\\\/www.facebook.com\\\/doulkeridis\",\"https:\\\/\\\/www.facebook.com\\\/christosdoulkeridis2\"]},{\"@type\":\"Person\",\"@id\":\"https:\\\/\\\/www.doulkeridis.be\\\/blog\\\/#\\\/schema\\\/person\\\/9f03f3459f0a4ba4db02aabbba098365\",\"name\":\"Christos Doulkeridis\",\"image\":{\"@type\":\"ImageObject\",\"inLanguage\":\"fr-FR\",\"@id\":\"https:\\\/\\\/secure.gravatar.com\\\/avatar\\\/71cb6e4369ca0615d93730ef3bc5f54642df4f6bcc59b92763d2ac434abf103e?s=96&d=mm&r=g\",\"url\":\"https:\\\/\\\/secure.gravatar.com\\\/avatar\\\/71cb6e4369ca0615d93730ef3bc5f54642df4f6bcc59b92763d2ac434abf103e?s=96&d=mm&r=g\",\"contentUrl\":\"https:\\\/\\\/secure.gravatar.com\\\/avatar\\\/71cb6e4369ca0615d93730ef3bc5f54642df4f6bcc59b92763d2ac434abf103e?s=96&d=mm&r=g\",\"caption\":\"Christos Doulkeridis\"},\"url\":\"https:\\\/\\\/www.doulkeridis.be\\\/blog\\\/author\\\/christos\\\/\"}]}<\/script>\n<!-- \/ Yoast SEO plugin. -->","yoast_head_json":{"title":"Cl\u00e9 Verte 2013 : le secteur touristique bruxellois s'engage concr\u00e8tement dans le d\u00e9veloppement durable - Christos Doulkeridis","robots":{"index":"index","follow":"follow","max-snippet":"max-snippet:-1","max-image-preview":"max-image-preview:large","max-video-preview":"max-video-preview:-1"},"canonical":"https:\/\/www.doulkeridis.be\/blog\/2013\/12\/16\/palmares_cle_verte2013bruxelles_devient_une_destination_durable\/","og_locale":"fr_FR","og_type":"article","og_title":"Cl\u00e9 Verte 2013 : le secteur touristique bruxellois s'engage concr\u00e8tement dans le d\u00e9veloppement durable - Christos Doulkeridis","og_description":"Pour c\u00e9l\u00e9brer la quatri\u00e8me ann\u00e9e cons\u00e9cutive, j\u2019ai eu le plaisir, en tant que Ministre-Pr\u00e9sident du Gouvernement francophone bruxellois (Cocof) en charge du Tourisme , de pr\u00e9senter le palmar\u00e8s 2013 du label Cl\u00e9 Verte,\u00a0 aux c\u00f4t\u00e9s de la F\u00e9d\u00e9ration Inter-Environnement Wallonie (IEW); Wallonie-Bruxelles Tourisme (WBT) et VISITBRUSSELS au Thon Hotel EU, labellis\u00e9 en 2012. Le prestigieux label Cl\u00e9 Verte est attribu\u00e9 par un jury ind\u00e9pendant \u00e0 l\u2019ensemble du secteur de l\u2019h\u00e9bergement touristique et salles d\u2019\u00e9v\u00e9nements de la R\u00e9gion de Bruxelles-Capitale. Il r\u00e9compense leurs d\u00e9marches et performances en mati\u00e8re d\u2019environnement. Cette ann\u00e9e, de nouveaux h\u00e9bergements et des salles d&rsquo;\u00e9v\u00e9nements (special Venues), ont re\u00e7u ce principal \u00e9colabel international pour avoir r\u00e9ussi leur \u00ab\u00a0transition cl\u00e9 verte\u00a0\u00bb. 11 nouveaux laur\u00e9ats ont re\u00e7u leur certificat. 3 h\u00f4tels : Le M\u00e9ridien Bruxelles, Scandic Grand Place, Martin\u2019s Central Park ; 2 Bed&amp;Breakfast : Chambre Chocolat et Les Iris ; 3 auberges de jeunesse : Sleep Well, le Foyer Europ\u00e9en (Van Gogh) et G\u00e9n\u00e9ration Europe ; et enfin 3 Special Venues : Diamant Brussels Conference &amp; Business Centre, H\u00f4tel de la Poste (Tour&amp;Taxis) et Autoworld. 19 autres ont renouvel\u00e9 leur labellisation en 2013. A l&rsquo;heure actuelle, Bruxelles compte donc 25 h\u00e9bergements (15 h\u00f4tels, 5 B&amp;B et 5 auberges de [&hellip;]","og_url":"https:\/\/www.doulkeridis.be\/blog\/2013\/12\/16\/palmares_cle_verte2013bruxelles_devient_une_destination_durable\/","og_site_name":"Christos Doulkeridis","article_publisher":"https:\/\/www.facebook.com\/doulkeridis","article_published_time":"2013-12-16T13:13:58+00:00","article_modified_time":"2026-04-14T15:09:13+00:00","og_image":[{"width":1024,"height":685,"url":"https:\/\/www.doulkeridis.be\/blog\/wp-content\/uploads\/2013\/12\/DSC_0161-1024x685.jpg","type":"image\/jpeg"}],"author":"Christos Doulkeridis","twitter_card":"summary_large_image","twitter_misc":{"\u00c9crit par":"Christos Doulkeridis","Dur\u00e9e de lecture estim\u00e9e":"6 minutes"},"schema":{"@context":"https:\/\/schema.org","@graph":[{"@type":"Article","@id":"https:\/\/www.doulkeridis.be\/blog\/2013\/12\/16\/palmares_cle_verte2013bruxelles_devient_une_destination_durable\/#article","isPartOf":{"@id":"https:\/\/www.doulkeridis.be\/blog\/2013\/12\/16\/palmares_cle_verte2013bruxelles_devient_une_destination_durable\/"},"author":{"name":"Christos Doulkeridis","@id":"https:\/\/www.doulkeridis.be\/blog\/#\/schema\/person\/9f03f3459f0a4ba4db02aabbba098365"},"headline":"Cl\u00e9 Verte 2013 : le secteur touristique bruxellois s&rsquo;engage concr\u00e8tement dans le d\u00e9veloppement durable","datePublished":"2013-12-16T13:13:58+00:00","dateModified":"2026-04-14T15:09:13+00:00","mainEntityOfPage":{"@id":"https:\/\/www.doulkeridis.be\/blog\/2013\/12\/16\/palmares_cle_verte2013bruxelles_devient_une_destination_durable\/"},"wordCount":1202,"commentCount":0,"publisher":{"@id":"https:\/\/www.doulkeridis.be\/blog\/#organization"},"image":{"@id":"https:\/\/www.doulkeridis.be\/blog\/2013\/12\/16\/palmares_cle_verte2013bruxelles_devient_une_destination_durable\/#primaryimage"},"thumbnailUrl":"https:\/\/www.doulkeridis.be\/blog\/wp-content\/uploads\/2013\/12\/DSC_0161.jpg","keywords":["Apis Bruoc Sella asbl","Autoworld","Chambre Chocolat","cl\u00e9 verte","Diamant Brussels Conference &amp; Business Centre","F\u00e9d\u00e9ration Inter-Environnement Wallonie","Foyer Europ\u00e9en (Van Gogh)","G\u00e9n\u00e9ration Europe","Greeters Tourisme Autrement","H\u00f4tel de la Poste (Tour&amp;Taxis)","IEW","Les Iris","Martin\u2019s Central Park","M\u00e9ridien Bruxelles","Pro V\u00e9lo","Scandic Grand Place","Sleep Well","Thon Hotel EU","VISITBRUSSELS","Wallonie-Bruxelles Tourisme"],"articleSection":["Mes r\u00e9alisations","Tourisme"],"inLanguage":"fr-FR","potentialAction":[{"@type":"CommentAction","name":"Comment","target":["https:\/\/www.doulkeridis.be\/blog\/2013\/12\/16\/palmares_cle_verte2013bruxelles_devient_une_destination_durable\/#respond"]}]},{"@type":"WebPage","@id":"https:\/\/www.doulkeridis.be\/blog\/2013\/12\/16\/palmares_cle_verte2013bruxelles_devient_une_destination_durable\/","url":"https:\/\/www.doulkeridis.be\/blog\/2013\/12\/16\/palmares_cle_verte2013bruxelles_devient_une_destination_durable\/","name":"Cl\u00e9 Verte 2013 : le secteur touristique bruxellois s'engage concr\u00e8tement dans le d\u00e9veloppement durable - Christos Doulkeridis","isPartOf":{"@id":"https:\/\/www.doulkeridis.be\/blog\/#website"},"primaryImageOfPage":{"@id":"https:\/\/www.doulkeridis.be\/blog\/2013\/12\/16\/palmares_cle_verte2013bruxelles_devient_une_destination_durable\/#primaryimage"},"image":{"@id":"https:\/\/www.doulkeridis.be\/blog\/2013\/12\/16\/palmares_cle_verte2013bruxelles_devient_une_destination_durable\/#primaryimage"},"thumbnailUrl":"https:\/\/www.doulkeridis.be\/blog\/wp-content\/uploads\/2013\/12\/DSC_0161.jpg","datePublished":"2013-12-16T13:13:58+00:00","dateModified":"2026-04-14T15:09:13+00:00","breadcrumb":{"@id":"https:\/\/www.doulkeridis.be\/blog\/2013\/12\/16\/palmares_cle_verte2013bruxelles_devient_une_destination_durable\/#breadcrumb"},"inLanguage":"fr-FR","potentialAction":[{"@type":"ReadAction","target":["https:\/\/www.doulkeridis.be\/blog\/2013\/12\/16\/palmares_cle_verte2013bruxelles_devient_une_destination_durable\/"]}]},{"@type":"ImageObject","inLanguage":"fr-FR","@id":"https:\/\/www.doulkeridis.be\/blog\/2013\/12\/16\/palmares_cle_verte2013bruxelles_devient_une_destination_durable\/#primaryimage","url":"https:\/\/www.doulkeridis.be\/blog\/wp-content\/uploads\/2013\/12\/DSC_0161.jpg","contentUrl":"https:\/\/www.doulkeridis.be\/blog\/wp-content\/uploads\/2013\/12\/DSC_0161.jpg","width":3872,"height":2592},{"@type":"BreadcrumbList","@id":"https:\/\/www.doulkeridis.be\/blog\/2013\/12\/16\/palmares_cle_verte2013bruxelles_devient_une_destination_durable\/#breadcrumb","itemListElement":[{"@type":"ListItem","position":1,"name":"Accueil","item":"https:\/\/www.doulkeridis.be\/blog\/"},{"@type":"ListItem","position":2,"name":"Cl\u00e9 Verte 2013 : le secteur touristique bruxellois s&rsquo;engage concr\u00e8tement dans le d\u00e9veloppement durable"}]},{"@type":"WebSite","@id":"https:\/\/www.doulkeridis.be\/blog\/#website","url":"https:\/\/www.doulkeridis.be\/blog\/","name":"Christos Doulkeridis","description":"Coach | Consultant en solutions, gestion de crise, n\u00e9gociations","publisher":{"@id":"https:\/\/www.doulkeridis.be\/blog\/#organization"},"potentialAction":[{"@type":"SearchAction","target":{"@type":"EntryPoint","urlTemplate":"https:\/\/www.doulkeridis.be\/blog\/?s={search_term_string}"},"query-input":{"@type":"PropertyValueSpecification","valueRequired":true,"valueName":"search_term_string"}}],"inLanguage":"fr-FR"},{"@type":"Organization","@id":"https:\/\/www.doulkeridis.be\/blog\/#organization","name":"Ulyse","url":"https:\/\/www.doulkeridis.be\/blog\/","logo":{"@type":"ImageObject","inLanguage":"fr-FR","@id":"https:\/\/www.doulkeridis.be\/blog\/#\/schema\/logo\/image\/","url":"https:\/\/www.doulkeridis.be\/blog\/wp-content\/uploads\/2026\/04\/2-5.png","contentUrl":"https:\/\/www.doulkeridis.be\/blog\/wp-content\/uploads\/2026\/04\/2-5.png","width":1024,"height":728,"caption":"Ulyse"},"image":{"@id":"https:\/\/www.doulkeridis.be\/blog\/#\/schema\/logo\/image\/"},"sameAs":["https:\/\/www.facebook.com\/doulkeridis","https:\/\/www.facebook.com\/christosdoulkeridis2"]},{"@type":"Person","@id":"https:\/\/www.doulkeridis.be\/blog\/#\/schema\/person\/9f03f3459f0a4ba4db02aabbba098365","name":"Christos Doulkeridis","image":{"@type":"ImageObject","inLanguage":"fr-FR","@id":"https:\/\/secure.gravatar.com\/avatar\/71cb6e4369ca0615d93730ef3bc5f54642df4f6bcc59b92763d2ac434abf103e?s=96&d=mm&r=g","url":"https:\/\/secure.gravatar.com\/avatar\/71cb6e4369ca0615d93730ef3bc5f54642df4f6bcc59b92763d2ac434abf103e?s=96&d=mm&r=g","contentUrl":"https:\/\/secure.gravatar.com\/avatar\/71cb6e4369ca0615d93730ef3bc5f54642df4f6bcc59b92763d2ac434abf103e?s=96&d=mm&r=g","caption":"Christos Doulkeridis"},"url":"https:\/\/www.doulkeridis.be\/blog\/author\/christos\/"}]}},"_links":{"self":[{"href":"https:\/\/www.doulkeridis.be\/blog\/wp-json\/wp\/v2\/posts\/11094","targetHints":{"allow":["GET"]}}],"collection":[{"href":"https:\/\/www.doulkeridis.be\/blog\/wp-json\/wp\/v2\/posts"}],"about":[{"href":"https:\/\/www.doulkeridis.be\/blog\/wp-json\/wp\/v2\/types\/post"}],"author":[{"embeddable":true,"href":"https:\/\/www.doulkeridis.be\/blog\/wp-json\/wp\/v2\/users\/2"}],"replies":[{"embeddable":true,"href":"https:\/\/www.doulkeridis.be\/blog\/wp-json\/wp\/v2\/comments?post=11094"}],"version-history":[{"count":9,"href":"https:\/\/www.doulkeridis.be\/blog\/wp-json\/wp\/v2\/posts\/11094\/revisions"}],"predecessor-version":[{"id":11139,"href":"https:\/\/www.doulkeridis.be\/blog\/wp-json\/wp\/v2\/posts\/11094\/revisions\/11139"}],"wp:featuredmedia":[{"embeddable":true,"href":"https:\/\/www.doulkeridis.be\/blog\/wp-json\/wp\/v2\/media\/11095"}],"wp:attachment":[{"href":"https:\/\/www.doulkeridis.be\/blog\/wp-json\/wp\/v2\/media?parent=11094"}],"wp:term":[{"taxonomy":"category","embeddable":true,"href":"https:\/\/www.doulkeridis.be\/blog\/wp-json\/wp\/v2\/categories?post=11094"},{"taxonomy":"post_tag","embeddable":true,"href":"https:\/\/www.doulkeridis.be\/blog\/wp-json\/wp\/v2\/tags?post=11094"}],"curies":[{"name":"wp","href":"https:\/\/api.w.org\/{rel}","templated":true}]}}