{"id":11747,"date":"2014-04-02T18:02:57","date_gmt":"2014-04-02T17:02:57","guid":{"rendered":"http:\/\/www.doulkeridis.be\/blog\/?p=11747"},"modified":"2014-04-03T13:53:59","modified_gmt":"2014-04-03T12:53:59","slug":"je-lance-une-initiative-pour-que-les-parties-rejoignent-la-table-dune-conciliation-sociale","status":"publish","type":"post","link":"https:\/\/www.doulkeridis.be\/blog\/2014\/04\/02\/je-lance-une-initiative-pour-que-les-parties-rejoignent-la-table-dune-conciliation-sociale\/","title":{"rendered":"Je lance une initiative pour que les parties rejoignent la table d\u2019une conciliation sociale"},"content":{"rendered":"<p><a href=\"https:\/\/www.doulkeridis.be\/blog\/wp-content\/uploads\/2014\/04\/IMG_8361.jpg\"><img loading=\"lazy\" decoding=\"async\" class=\"alignleft size-medium wp-image-11753\" alt=\"IMG_8361\" src=\"https:\/\/www.doulkeridis.be\/blog\/wp-content\/uploads\/2014\/04\/IMG_8361-300x200.jpg\" width=\"300\" height=\"200\" srcset=\"https:\/\/www.doulkeridis.be\/blog\/wp-content\/uploads\/2014\/04\/IMG_8361-300x200.jpg 300w, https:\/\/www.doulkeridis.be\/blog\/wp-content\/uploads\/2014\/04\/IMG_8361-1024x682.jpg 1024w\" sizes=\"auto, (max-width: 300px) 100vw, 300px\" \/><\/a>J&rsquo;ai pris acte de la manifestation organis\u00e9e ce matin par deux syndicats des pompiers de Bruxelles. Je ne peux accepter les attaques personnelles virulentes qui se sont produites ce matin et en appelle \u00e0 la responsabilit\u00e9 de chaque organisation pour revenir \u00e0 un dialogue social constructif, portant sur le fond des dossiers, l\u2019organisation et la gestion du service.<\/p>\n<p>Je regrette que la tension vive r\u00e9gnant au SIAMU ait \u00e9t\u00e9 attis\u00e9e ces derni\u00e8res semaines par certains choix de gestion difficilement compr\u00e9hensibles et insuffisamment concert\u00e9s de la part de la Direction g\u00e9n\u00e9rale, dans un contexte de pression interne importante. Je rappelle \u00eatre personnellement intervenu \u00e0 ce sujet, ce qui a permis de remettre les dossiers concern\u00e9s sur les rails avant m\u00eame la manifestation de ce matin, ce dont le personnel avait \u00e9t\u00e9 inform\u00e9. Cela concerne notamment le dossier des ch\u00e8ques repas des agents op\u00e9rationnels. Il reviendra au Gouvernement d\u2019appr\u00e9cier la situation \u00e0 ce sujet.<\/p>\n<p>Dans ce contexte de rupture de confiance entre une partie des organisations syndicales et la Direction g\u00e9n\u00e9rale, j&rsquo;ai propos\u00e9 la mise en place imm\u00e9diate d\u2019un processus de conciliation sociale formalis\u00e9, sous l\u2019\u00e9gide d\u2019un conciliateur \u00e9manant du Service public f\u00e9d\u00e9ral Emploi, Travail et Concertation sociale. A ce stade, les conditions sont insuffisamment r\u00e9unies \u00e0 ce sujet. Apr\u00e8s la col\u00e8re, il faut que les parties concern\u00e9es se mettent tr\u00e8s vite autour de la table pour restaurer un dialogue social de qualit\u00e9 et responsable \u00e0 l\u2019int\u00e9rieur du Service d\u2019incendie, et ce pour le bien du service et le bien-\u00eatre au travail de l\u2019ensemble des agents.<\/p>\n<p>Je prends donc maintenant des contacts et initiatives en vue de remettre l\u2019ensemble des acteurs autour de la table pour garantir les conditions du d\u00e9marrage de la conciliation sociale. Le retour \u00e0 la s\u00e9r\u00e9nit\u00e9 est essentiel pour poursuivre le travail de reconstruction progressif des structures du SIAMU entam\u00e9 avec succ\u00e8s depuis le d\u00e9but de la l\u00e9gislature, gr\u00e2ce notamment \u00e0 l\u2019adoption de cadres linguistiques solides. A l\u2019heure o\u00f9 plusieurs proc\u00e9dures sont enfin lanc\u00e9es par le Gouvernement et le Conseil de direction du SIAMU pour engager et promouvoir des personnes dans une s\u00e9rie de postes-cl\u00e9s de la hi\u00e9rarchie op\u00e9rationnelle et administrative du SIAMU, il est dans l\u2019int\u00e9r\u00eat prioritaire de l\u2019ensemble des agents du SIAMU de retrouver la s\u00e9r\u00e9nit\u00e9 pour que ces proc\u00e9dures puissent \u00eatre men\u00e9es \u00e0 bien dans les d\u00e9lais les plus rapides possibles.<\/p>\n","protected":false},"excerpt":{"rendered":"<p>J&rsquo;ai pris acte de la manifestation organis\u00e9e ce matin par deux syndicats des pompiers de Bruxelles. Je ne peux accepter les attaques personnelles virulentes qui se sont produites ce matin et en appelle \u00e0 la responsabilit\u00e9 de chaque organisation pour revenir \u00e0 un dialogue social constructif, portant sur le fond des dossiers, l\u2019organisation et la gestion du service. Je regrette que la tension vive r\u00e9gnant au SIAMU ait \u00e9t\u00e9 attis\u00e9e ces derni\u00e8res semaines par certains choix de gestion difficilement compr\u00e9hensibles et insuffisamment concert\u00e9s de la part de la Direction g\u00e9n\u00e9rale, dans un contexte de pression interne importante. Je rappelle \u00eatre personnellement intervenu \u00e0 ce sujet, ce qui a permis de remettre les dossiers concern\u00e9s sur les rails avant m\u00eame la manifestation de ce matin, ce dont le personnel avait \u00e9t\u00e9 inform\u00e9. Cela concerne notamment le dossier des ch\u00e8ques repas des agents op\u00e9rationnels. Il reviendra au Gouvernement d\u2019appr\u00e9cier la situation \u00e0 ce sujet. Dans ce contexte de rupture de confiance entre une partie des organisations syndicales et la Direction g\u00e9n\u00e9rale, j&rsquo;ai propos\u00e9 la mise en place imm\u00e9diate d\u2019un processus de conciliation sociale formalis\u00e9, sous l\u2019\u00e9gide d\u2019un conciliateur \u00e9manant du Service public f\u00e9d\u00e9ral Emploi, Travail et Concertation sociale. A ce stade, les [&hellip;]<\/p>\n","protected":false},"author":2,"featured_media":11753,"comment_status":"open","ping_status":"open","sticky":false,"template":"","format":"standard","meta":{"_monsterinsights_skip_tracking":false,"_monsterinsights_sitenote_active":false,"_monsterinsights_sitenote_note":"","_monsterinsights_sitenote_category":0,"ngg_post_thumbnail":0,"footnotes":""},"categories":[26],"tags":[961,272,1015],"class_list":["post-11747","post","type-post","status-publish","format-standard","has-post-thumbnail","hentry","category-siamu","tag-greve","tag-manifestation-des-pompiers","tag-siamu"],"yoast_head":"<!-- This site is optimized with the Yoast SEO plugin v27.4 - https:\/\/yoast.com\/product\/yoast-seo-wordpress\/ -->\n<title>Je lance une initiative pour que les parties rejoignent la table d\u2019une conciliation sociale - Christos Doulkeridis<\/title>\n<meta name=\"robots\" content=\"index, follow, max-snippet:-1, max-image-preview:large, max-video-preview:-1\" \/>\n<link rel=\"canonical\" href=\"https:\/\/www.doulkeridis.be\/blog\/2014\/04\/02\/je-lance-une-initiative-pour-que-les-parties-rejoignent-la-table-dune-conciliation-sociale\/\" \/>\n<meta property=\"og:locale\" content=\"fr_FR\" \/>\n<meta property=\"og:type\" content=\"article\" \/>\n<meta property=\"og:title\" content=\"Je lance une initiative pour que les parties rejoignent la table d\u2019une conciliation sociale - Christos Doulkeridis\" \/>\n<meta property=\"og:description\" content=\"J&rsquo;ai pris acte de la manifestation organis\u00e9e ce matin par deux syndicats des pompiers de Bruxelles. Je ne peux accepter les attaques personnelles virulentes qui se sont produites ce matin et en appelle \u00e0 la responsabilit\u00e9 de chaque organisation pour revenir \u00e0 un dialogue social constructif, portant sur le fond des dossiers, l\u2019organisation et la gestion du service. Je regrette que la tension vive r\u00e9gnant au SIAMU ait \u00e9t\u00e9 attis\u00e9e ces derni\u00e8res semaines par certains choix de gestion difficilement compr\u00e9hensibles et insuffisamment concert\u00e9s de la part de la Direction g\u00e9n\u00e9rale, dans un contexte de pression interne importante. Je rappelle \u00eatre personnellement intervenu \u00e0 ce sujet, ce qui a permis de remettre les dossiers concern\u00e9s sur les rails avant m\u00eame la manifestation de ce matin, ce dont le personnel avait \u00e9t\u00e9 inform\u00e9. Cela concerne notamment le dossier des ch\u00e8ques repas des agents op\u00e9rationnels. Il reviendra au Gouvernement d\u2019appr\u00e9cier la situation \u00e0 ce sujet. Dans ce contexte de rupture de confiance entre une partie des organisations syndicales et la Direction g\u00e9n\u00e9rale, j&rsquo;ai propos\u00e9 la mise en place imm\u00e9diate d\u2019un processus de conciliation sociale formalis\u00e9, sous l\u2019\u00e9gide d\u2019un conciliateur \u00e9manant du Service public f\u00e9d\u00e9ral Emploi, Travail et Concertation sociale. A ce stade, les [&hellip;]\" \/>\n<meta property=\"og:url\" content=\"https:\/\/www.doulkeridis.be\/blog\/2014\/04\/02\/je-lance-une-initiative-pour-que-les-parties-rejoignent-la-table-dune-conciliation-sociale\/\" \/>\n<meta property=\"og:site_name\" content=\"Christos Doulkeridis\" \/>\n<meta property=\"article:publisher\" content=\"https:\/\/www.facebook.com\/doulkeridis\" \/>\n<meta property=\"article:published_time\" content=\"2014-04-02T17:02:57+00:00\" \/>\n<meta property=\"article:modified_time\" content=\"2014-04-03T12:53:59+00:00\" \/>\n<meta property=\"og:image\" content=\"https:\/\/www.doulkeridis.be\/blog\/wp-content\/uploads\/2014\/04\/IMG_8361.jpg\" \/>\n\t<meta property=\"og:image:width\" content=\"3888\" \/>\n\t<meta property=\"og:image:height\" content=\"2592\" \/>\n\t<meta property=\"og:image:type\" content=\"image\/jpeg\" \/>\n<meta name=\"author\" content=\"Christos Doulkeridis\" \/>\n<meta name=\"twitter:card\" content=\"summary_large_image\" \/>\n<meta name=\"twitter:label1\" content=\"\u00c9crit par\" \/>\n\t<meta name=\"twitter:data1\" content=\"Christos Doulkeridis\" \/>\n\t<meta name=\"twitter:label2\" content=\"Dur\u00e9e de lecture estim\u00e9e\" \/>\n\t<meta name=\"twitter:data2\" content=\"2 minutes\" \/>\n<script type=\"application\/ld+json\" class=\"yoast-schema-graph\">{\"@context\":\"https:\\\/\\\/schema.org\",\"@graph\":[{\"@type\":\"Article\",\"@id\":\"https:\\\/\\\/www.doulkeridis.be\\\/blog\\\/2014\\\/04\\\/02\\\/je-lance-une-initiative-pour-que-les-parties-rejoignent-la-table-dune-conciliation-sociale\\\/#article\",\"isPartOf\":{\"@id\":\"https:\\\/\\\/www.doulkeridis.be\\\/blog\\\/2014\\\/04\\\/02\\\/je-lance-une-initiative-pour-que-les-parties-rejoignent-la-table-dune-conciliation-sociale\\\/\"},\"author\":{\"name\":\"Christos Doulkeridis\",\"@id\":\"https:\\\/\\\/www.doulkeridis.be\\\/blog\\\/#\\\/schema\\\/person\\\/9f03f3459f0a4ba4db02aabbba098365\"},\"headline\":\"Je lance une initiative pour que les parties rejoignent la table d\u2019une conciliation sociale\",\"datePublished\":\"2014-04-02T17:02:57+00:00\",\"dateModified\":\"2014-04-03T12:53:59+00:00\",\"mainEntityOfPage\":{\"@id\":\"https:\\\/\\\/www.doulkeridis.be\\\/blog\\\/2014\\\/04\\\/02\\\/je-lance-une-initiative-pour-que-les-parties-rejoignent-la-table-dune-conciliation-sociale\\\/\"},\"wordCount\":452,\"commentCount\":0,\"publisher\":{\"@id\":\"https:\\\/\\\/www.doulkeridis.be\\\/blog\\\/#organization\"},\"image\":{\"@id\":\"https:\\\/\\\/www.doulkeridis.be\\\/blog\\\/2014\\\/04\\\/02\\\/je-lance-une-initiative-pour-que-les-parties-rejoignent-la-table-dune-conciliation-sociale\\\/#primaryimage\"},\"thumbnailUrl\":\"https:\\\/\\\/www.doulkeridis.be\\\/blog\\\/wp-content\\\/uploads\\\/2014\\\/04\\\/IMG_8361.jpg\",\"keywords\":[\"gr\u00e8ve\",\"manifestation des pompiers\",\"SIAMU\"],\"articleSection\":[\"SIAMU\"],\"inLanguage\":\"fr-FR\",\"potentialAction\":[{\"@type\":\"CommentAction\",\"name\":\"Comment\",\"target\":[\"https:\\\/\\\/www.doulkeridis.be\\\/blog\\\/2014\\\/04\\\/02\\\/je-lance-une-initiative-pour-que-les-parties-rejoignent-la-table-dune-conciliation-sociale\\\/#respond\"]}]},{\"@type\":\"WebPage\",\"@id\":\"https:\\\/\\\/www.doulkeridis.be\\\/blog\\\/2014\\\/04\\\/02\\\/je-lance-une-initiative-pour-que-les-parties-rejoignent-la-table-dune-conciliation-sociale\\\/\",\"url\":\"https:\\\/\\\/www.doulkeridis.be\\\/blog\\\/2014\\\/04\\\/02\\\/je-lance-une-initiative-pour-que-les-parties-rejoignent-la-table-dune-conciliation-sociale\\\/\",\"name\":\"Je lance une initiative pour que les parties rejoignent la table d\u2019une conciliation sociale - Christos Doulkeridis\",\"isPartOf\":{\"@id\":\"https:\\\/\\\/www.doulkeridis.be\\\/blog\\\/#website\"},\"primaryImageOfPage\":{\"@id\":\"https:\\\/\\\/www.doulkeridis.be\\\/blog\\\/2014\\\/04\\\/02\\\/je-lance-une-initiative-pour-que-les-parties-rejoignent-la-table-dune-conciliation-sociale\\\/#primaryimage\"},\"image\":{\"@id\":\"https:\\\/\\\/www.doulkeridis.be\\\/blog\\\/2014\\\/04\\\/02\\\/je-lance-une-initiative-pour-que-les-parties-rejoignent-la-table-dune-conciliation-sociale\\\/#primaryimage\"},\"thumbnailUrl\":\"https:\\\/\\\/www.doulkeridis.be\\\/blog\\\/wp-content\\\/uploads\\\/2014\\\/04\\\/IMG_8361.jpg\",\"datePublished\":\"2014-04-02T17:02:57+00:00\",\"dateModified\":\"2014-04-03T12:53:59+00:00\",\"breadcrumb\":{\"@id\":\"https:\\\/\\\/www.doulkeridis.be\\\/blog\\\/2014\\\/04\\\/02\\\/je-lance-une-initiative-pour-que-les-parties-rejoignent-la-table-dune-conciliation-sociale\\\/#breadcrumb\"},\"inLanguage\":\"fr-FR\",\"potentialAction\":[{\"@type\":\"ReadAction\",\"target\":[\"https:\\\/\\\/www.doulkeridis.be\\\/blog\\\/2014\\\/04\\\/02\\\/je-lance-une-initiative-pour-que-les-parties-rejoignent-la-table-dune-conciliation-sociale\\\/\"]}]},{\"@type\":\"ImageObject\",\"inLanguage\":\"fr-FR\",\"@id\":\"https:\\\/\\\/www.doulkeridis.be\\\/blog\\\/2014\\\/04\\\/02\\\/je-lance-une-initiative-pour-que-les-parties-rejoignent-la-table-dune-conciliation-sociale\\\/#primaryimage\",\"url\":\"https:\\\/\\\/www.doulkeridis.be\\\/blog\\\/wp-content\\\/uploads\\\/2014\\\/04\\\/IMG_8361.jpg\",\"contentUrl\":\"https:\\\/\\\/www.doulkeridis.be\\\/blog\\\/wp-content\\\/uploads\\\/2014\\\/04\\\/IMG_8361.jpg\",\"width\":3888,\"height\":2592},{\"@type\":\"BreadcrumbList\",\"@id\":\"https:\\\/\\\/www.doulkeridis.be\\\/blog\\\/2014\\\/04\\\/02\\\/je-lance-une-initiative-pour-que-les-parties-rejoignent-la-table-dune-conciliation-sociale\\\/#breadcrumb\",\"itemListElement\":[{\"@type\":\"ListItem\",\"position\":1,\"name\":\"Accueil\",\"item\":\"https:\\\/\\\/www.doulkeridis.be\\\/blog\\\/\"},{\"@type\":\"ListItem\",\"position\":2,\"name\":\"Je lance une initiative pour que les parties rejoignent la table d\u2019une conciliation sociale\"}]},{\"@type\":\"WebSite\",\"@id\":\"https:\\\/\\\/www.doulkeridis.be\\\/blog\\\/#website\",\"url\":\"https:\\\/\\\/www.doulkeridis.be\\\/blog\\\/\",\"name\":\"Christos Doulkeridis\",\"description\":\"Coach | Consultant en solutions, gestion de crise, n\u00e9gociations\",\"publisher\":{\"@id\":\"https:\\\/\\\/www.doulkeridis.be\\\/blog\\\/#organization\"},\"potentialAction\":[{\"@type\":\"SearchAction\",\"target\":{\"@type\":\"EntryPoint\",\"urlTemplate\":\"https:\\\/\\\/www.doulkeridis.be\\\/blog\\\/?s={search_term_string}\"},\"query-input\":{\"@type\":\"PropertyValueSpecification\",\"valueRequired\":true,\"valueName\":\"search_term_string\"}}],\"inLanguage\":\"fr-FR\"},{\"@type\":\"Organization\",\"@id\":\"https:\\\/\\\/www.doulkeridis.be\\\/blog\\\/#organization\",\"name\":\"Ulyse\",\"url\":\"https:\\\/\\\/www.doulkeridis.be\\\/blog\\\/\",\"logo\":{\"@type\":\"ImageObject\",\"inLanguage\":\"fr-FR\",\"@id\":\"https:\\\/\\\/www.doulkeridis.be\\\/blog\\\/#\\\/schema\\\/logo\\\/image\\\/\",\"url\":\"https:\\\/\\\/www.doulkeridis.be\\\/blog\\\/wp-content\\\/uploads\\\/2026\\\/04\\\/2-5.png\",\"contentUrl\":\"https:\\\/\\\/www.doulkeridis.be\\\/blog\\\/wp-content\\\/uploads\\\/2026\\\/04\\\/2-5.png\",\"width\":1024,\"height\":728,\"caption\":\"Ulyse\"},\"image\":{\"@id\":\"https:\\\/\\\/www.doulkeridis.be\\\/blog\\\/#\\\/schema\\\/logo\\\/image\\\/\"},\"sameAs\":[\"https:\\\/\\\/www.facebook.com\\\/doulkeridis\",\"https:\\\/\\\/www.facebook.com\\\/christosdoulkeridis2\"]},{\"@type\":\"Person\",\"@id\":\"https:\\\/\\\/www.doulkeridis.be\\\/blog\\\/#\\\/schema\\\/person\\\/9f03f3459f0a4ba4db02aabbba098365\",\"name\":\"Christos Doulkeridis\",\"image\":{\"@type\":\"ImageObject\",\"inLanguage\":\"fr-FR\",\"@id\":\"https:\\\/\\\/secure.gravatar.com\\\/avatar\\\/71cb6e4369ca0615d93730ef3bc5f54642df4f6bcc59b92763d2ac434abf103e?s=96&d=mm&r=g\",\"url\":\"https:\\\/\\\/secure.gravatar.com\\\/avatar\\\/71cb6e4369ca0615d93730ef3bc5f54642df4f6bcc59b92763d2ac434abf103e?s=96&d=mm&r=g\",\"contentUrl\":\"https:\\\/\\\/secure.gravatar.com\\\/avatar\\\/71cb6e4369ca0615d93730ef3bc5f54642df4f6bcc59b92763d2ac434abf103e?s=96&d=mm&r=g\",\"caption\":\"Christos Doulkeridis\"},\"url\":\"https:\\\/\\\/www.doulkeridis.be\\\/blog\\\/author\\\/christos\\\/\"}]}<\/script>\n<!-- \/ Yoast SEO plugin. -->","yoast_head_json":{"title":"Je lance une initiative pour que les parties rejoignent la table d\u2019une conciliation sociale - Christos Doulkeridis","robots":{"index":"index","follow":"follow","max-snippet":"max-snippet:-1","max-image-preview":"max-image-preview:large","max-video-preview":"max-video-preview:-1"},"canonical":"https:\/\/www.doulkeridis.be\/blog\/2014\/04\/02\/je-lance-une-initiative-pour-que-les-parties-rejoignent-la-table-dune-conciliation-sociale\/","og_locale":"fr_FR","og_type":"article","og_title":"Je lance une initiative pour que les parties rejoignent la table d\u2019une conciliation sociale - Christos Doulkeridis","og_description":"J&rsquo;ai pris acte de la manifestation organis\u00e9e ce matin par deux syndicats des pompiers de Bruxelles. Je ne peux accepter les attaques personnelles virulentes qui se sont produites ce matin et en appelle \u00e0 la responsabilit\u00e9 de chaque organisation pour revenir \u00e0 un dialogue social constructif, portant sur le fond des dossiers, l\u2019organisation et la gestion du service. Je regrette que la tension vive r\u00e9gnant au SIAMU ait \u00e9t\u00e9 attis\u00e9e ces derni\u00e8res semaines par certains choix de gestion difficilement compr\u00e9hensibles et insuffisamment concert\u00e9s de la part de la Direction g\u00e9n\u00e9rale, dans un contexte de pression interne importante. Je rappelle \u00eatre personnellement intervenu \u00e0 ce sujet, ce qui a permis de remettre les dossiers concern\u00e9s sur les rails avant m\u00eame la manifestation de ce matin, ce dont le personnel avait \u00e9t\u00e9 inform\u00e9. Cela concerne notamment le dossier des ch\u00e8ques repas des agents op\u00e9rationnels. Il reviendra au Gouvernement d\u2019appr\u00e9cier la situation \u00e0 ce sujet. Dans ce contexte de rupture de confiance entre une partie des organisations syndicales et la Direction g\u00e9n\u00e9rale, j&rsquo;ai propos\u00e9 la mise en place imm\u00e9diate d\u2019un processus de conciliation sociale formalis\u00e9, sous l\u2019\u00e9gide d\u2019un conciliateur \u00e9manant du Service public f\u00e9d\u00e9ral Emploi, Travail et Concertation sociale. A ce stade, les [&hellip;]","og_url":"https:\/\/www.doulkeridis.be\/blog\/2014\/04\/02\/je-lance-une-initiative-pour-que-les-parties-rejoignent-la-table-dune-conciliation-sociale\/","og_site_name":"Christos Doulkeridis","article_publisher":"https:\/\/www.facebook.com\/doulkeridis","article_published_time":"2014-04-02T17:02:57+00:00","article_modified_time":"2014-04-03T12:53:59+00:00","og_image":[{"width":3888,"height":2592,"url":"https:\/\/www.doulkeridis.be\/blog\/wp-content\/uploads\/2014\/04\/IMG_8361.jpg","type":"image\/jpeg"}],"author":"Christos Doulkeridis","twitter_card":"summary_large_image","twitter_misc":{"\u00c9crit par":"Christos Doulkeridis","Dur\u00e9e de lecture estim\u00e9e":"2 minutes"},"schema":{"@context":"https:\/\/schema.org","@graph":[{"@type":"Article","@id":"https:\/\/www.doulkeridis.be\/blog\/2014\/04\/02\/je-lance-une-initiative-pour-que-les-parties-rejoignent-la-table-dune-conciliation-sociale\/#article","isPartOf":{"@id":"https:\/\/www.doulkeridis.be\/blog\/2014\/04\/02\/je-lance-une-initiative-pour-que-les-parties-rejoignent-la-table-dune-conciliation-sociale\/"},"author":{"name":"Christos Doulkeridis","@id":"https:\/\/www.doulkeridis.be\/blog\/#\/schema\/person\/9f03f3459f0a4ba4db02aabbba098365"},"headline":"Je lance une initiative pour que les parties rejoignent la table d\u2019une conciliation sociale","datePublished":"2014-04-02T17:02:57+00:00","dateModified":"2014-04-03T12:53:59+00:00","mainEntityOfPage":{"@id":"https:\/\/www.doulkeridis.be\/blog\/2014\/04\/02\/je-lance-une-initiative-pour-que-les-parties-rejoignent-la-table-dune-conciliation-sociale\/"},"wordCount":452,"commentCount":0,"publisher":{"@id":"https:\/\/www.doulkeridis.be\/blog\/#organization"},"image":{"@id":"https:\/\/www.doulkeridis.be\/blog\/2014\/04\/02\/je-lance-une-initiative-pour-que-les-parties-rejoignent-la-table-dune-conciliation-sociale\/#primaryimage"},"thumbnailUrl":"https:\/\/www.doulkeridis.be\/blog\/wp-content\/uploads\/2014\/04\/IMG_8361.jpg","keywords":["gr\u00e8ve","manifestation des pompiers","SIAMU"],"articleSection":["SIAMU"],"inLanguage":"fr-FR","potentialAction":[{"@type":"CommentAction","name":"Comment","target":["https:\/\/www.doulkeridis.be\/blog\/2014\/04\/02\/je-lance-une-initiative-pour-que-les-parties-rejoignent-la-table-dune-conciliation-sociale\/#respond"]}]},{"@type":"WebPage","@id":"https:\/\/www.doulkeridis.be\/blog\/2014\/04\/02\/je-lance-une-initiative-pour-que-les-parties-rejoignent-la-table-dune-conciliation-sociale\/","url":"https:\/\/www.doulkeridis.be\/blog\/2014\/04\/02\/je-lance-une-initiative-pour-que-les-parties-rejoignent-la-table-dune-conciliation-sociale\/","name":"Je lance une initiative pour que les parties rejoignent la table d\u2019une conciliation sociale - Christos Doulkeridis","isPartOf":{"@id":"https:\/\/www.doulkeridis.be\/blog\/#website"},"primaryImageOfPage":{"@id":"https:\/\/www.doulkeridis.be\/blog\/2014\/04\/02\/je-lance-une-initiative-pour-que-les-parties-rejoignent-la-table-dune-conciliation-sociale\/#primaryimage"},"image":{"@id":"https:\/\/www.doulkeridis.be\/blog\/2014\/04\/02\/je-lance-une-initiative-pour-que-les-parties-rejoignent-la-table-dune-conciliation-sociale\/#primaryimage"},"thumbnailUrl":"https:\/\/www.doulkeridis.be\/blog\/wp-content\/uploads\/2014\/04\/IMG_8361.jpg","datePublished":"2014-04-02T17:02:57+00:00","dateModified":"2014-04-03T12:53:59+00:00","breadcrumb":{"@id":"https:\/\/www.doulkeridis.be\/blog\/2014\/04\/02\/je-lance-une-initiative-pour-que-les-parties-rejoignent-la-table-dune-conciliation-sociale\/#breadcrumb"},"inLanguage":"fr-FR","potentialAction":[{"@type":"ReadAction","target":["https:\/\/www.doulkeridis.be\/blog\/2014\/04\/02\/je-lance-une-initiative-pour-que-les-parties-rejoignent-la-table-dune-conciliation-sociale\/"]}]},{"@type":"ImageObject","inLanguage":"fr-FR","@id":"https:\/\/www.doulkeridis.be\/blog\/2014\/04\/02\/je-lance-une-initiative-pour-que-les-parties-rejoignent-la-table-dune-conciliation-sociale\/#primaryimage","url":"https:\/\/www.doulkeridis.be\/blog\/wp-content\/uploads\/2014\/04\/IMG_8361.jpg","contentUrl":"https:\/\/www.doulkeridis.be\/blog\/wp-content\/uploads\/2014\/04\/IMG_8361.jpg","width":3888,"height":2592},{"@type":"BreadcrumbList","@id":"https:\/\/www.doulkeridis.be\/blog\/2014\/04\/02\/je-lance-une-initiative-pour-que-les-parties-rejoignent-la-table-dune-conciliation-sociale\/#breadcrumb","itemListElement":[{"@type":"ListItem","position":1,"name":"Accueil","item":"https:\/\/www.doulkeridis.be\/blog\/"},{"@type":"ListItem","position":2,"name":"Je lance une initiative pour que les parties rejoignent la table d\u2019une conciliation sociale"}]},{"@type":"WebSite","@id":"https:\/\/www.doulkeridis.be\/blog\/#website","url":"https:\/\/www.doulkeridis.be\/blog\/","name":"Christos Doulkeridis","description":"Coach | Consultant en solutions, gestion de crise, n\u00e9gociations","publisher":{"@id":"https:\/\/www.doulkeridis.be\/blog\/#organization"},"potentialAction":[{"@type":"SearchAction","target":{"@type":"EntryPoint","urlTemplate":"https:\/\/www.doulkeridis.be\/blog\/?s={search_term_string}"},"query-input":{"@type":"PropertyValueSpecification","valueRequired":true,"valueName":"search_term_string"}}],"inLanguage":"fr-FR"},{"@type":"Organization","@id":"https:\/\/www.doulkeridis.be\/blog\/#organization","name":"Ulyse","url":"https:\/\/www.doulkeridis.be\/blog\/","logo":{"@type":"ImageObject","inLanguage":"fr-FR","@id":"https:\/\/www.doulkeridis.be\/blog\/#\/schema\/logo\/image\/","url":"https:\/\/www.doulkeridis.be\/blog\/wp-content\/uploads\/2026\/04\/2-5.png","contentUrl":"https:\/\/www.doulkeridis.be\/blog\/wp-content\/uploads\/2026\/04\/2-5.png","width":1024,"height":728,"caption":"Ulyse"},"image":{"@id":"https:\/\/www.doulkeridis.be\/blog\/#\/schema\/logo\/image\/"},"sameAs":["https:\/\/www.facebook.com\/doulkeridis","https:\/\/www.facebook.com\/christosdoulkeridis2"]},{"@type":"Person","@id":"https:\/\/www.doulkeridis.be\/blog\/#\/schema\/person\/9f03f3459f0a4ba4db02aabbba098365","name":"Christos Doulkeridis","image":{"@type":"ImageObject","inLanguage":"fr-FR","@id":"https:\/\/secure.gravatar.com\/avatar\/71cb6e4369ca0615d93730ef3bc5f54642df4f6bcc59b92763d2ac434abf103e?s=96&d=mm&r=g","url":"https:\/\/secure.gravatar.com\/avatar\/71cb6e4369ca0615d93730ef3bc5f54642df4f6bcc59b92763d2ac434abf103e?s=96&d=mm&r=g","contentUrl":"https:\/\/secure.gravatar.com\/avatar\/71cb6e4369ca0615d93730ef3bc5f54642df4f6bcc59b92763d2ac434abf103e?s=96&d=mm&r=g","caption":"Christos Doulkeridis"},"url":"https:\/\/www.doulkeridis.be\/blog\/author\/christos\/"}]}},"_links":{"self":[{"href":"https:\/\/www.doulkeridis.be\/blog\/wp-json\/wp\/v2\/posts\/11747","targetHints":{"allow":["GET"]}}],"collection":[{"href":"https:\/\/www.doulkeridis.be\/blog\/wp-json\/wp\/v2\/posts"}],"about":[{"href":"https:\/\/www.doulkeridis.be\/blog\/wp-json\/wp\/v2\/types\/post"}],"author":[{"embeddable":true,"href":"https:\/\/www.doulkeridis.be\/blog\/wp-json\/wp\/v2\/users\/2"}],"replies":[{"embeddable":true,"href":"https:\/\/www.doulkeridis.be\/blog\/wp-json\/wp\/v2\/comments?post=11747"}],"version-history":[{"count":6,"href":"https:\/\/www.doulkeridis.be\/blog\/wp-json\/wp\/v2\/posts\/11747\/revisions"}],"predecessor-version":[{"id":11754,"href":"https:\/\/www.doulkeridis.be\/blog\/wp-json\/wp\/v2\/posts\/11747\/revisions\/11754"}],"wp:featuredmedia":[{"embeddable":true,"href":"https:\/\/www.doulkeridis.be\/blog\/wp-json\/wp\/v2\/media\/11753"}],"wp:attachment":[{"href":"https:\/\/www.doulkeridis.be\/blog\/wp-json\/wp\/v2\/media?parent=11747"}],"wp:term":[{"taxonomy":"category","embeddable":true,"href":"https:\/\/www.doulkeridis.be\/blog\/wp-json\/wp\/v2\/categories?post=11747"},{"taxonomy":"post_tag","embeddable":true,"href":"https:\/\/www.doulkeridis.be\/blog\/wp-json\/wp\/v2\/tags?post=11747"}],"curies":[{"name":"wp","href":"https:\/\/api.w.org\/{rel}","templated":true}]}}