{"id":11892,"date":"2014-04-27T07:35:56","date_gmt":"2014-04-27T06:35:56","guid":{"rendered":"http:\/\/www.doulkeridis.be\/blog\/?p=11892"},"modified":"2026-04-14T16:43:55","modified_gmt":"2026-04-14T15:43:55","slug":"lenseignement-qualifiant-un-levier-majeur-du-redeploiement-de-la-region-bruxelloise","status":"publish","type":"post","link":"https:\/\/www.doulkeridis.be\/blog\/2014\/04\/27\/lenseignement-qualifiant-un-levier-majeur-du-redeploiement-de-la-region-bruxelloise\/","title":{"rendered":"L&rsquo;enseignement qualifiant: un levier majeur du red\u00e9ploiement de la R\u00e9gion bruxelloise"},"content":{"rendered":"<p><a href=\"https:\/\/www.doulkeridis.be\/blog\/wp-content\/uploads\/2014\/04\/DSC_0076.jpg\"><img loading=\"lazy\" decoding=\"async\" src=\"https:\/\/www.doulkeridis.be\/blog\/wp-content\/uploads\/2014\/04\/DSC_0076-300x200.jpg\" alt=\"DSC_0076\" width=\"300\" height=\"200\" class=\"alignleft size-medium wp-image-11893\" srcset=\"https:\/\/www.doulkeridis.be\/blog\/wp-content\/uploads\/2014\/04\/DSC_0076-300x200.jpg 300w, https:\/\/www.doulkeridis.be\/blog\/wp-content\/uploads\/2014\/04\/DSC_0076-1024x685.jpg 1024w\" sizes=\"auto, (max-width: 300px) 100vw, 300px\" \/><\/a>L&rsquo;enseignement qualifiant bruxellois \u00e9tait \u00e0 l&rsquo;honneur ce samedi \u00e0 l&rsquo;occasion des Journ\u00e9es portes ouvertes de l&rsquo;enseignement qualifiant. A cette occasion de nombreux \u00e9tablissements ont accueillis des parents et des \u00e9l\u00e8ves curieux de d\u00e9couvrir leurs offres p\u00e9dagogiques.<\/p>\n<p>J&rsquo;ai profit\u00e9 de cette belle journ\u00e9e pour me rendre sur le campus du CERIA o\u00f9 deux \u00e9tablissements organis\u00e9s par la Cocof (l&rsquo;Institut Redout\u00e9-Peiffer et l&rsquo;Institut Emile Gryzon) d\u00e9voilaient leurs nombreux atouts. Pour la premi\u00e8re fois, parents d&rsquo;\u00e9l\u00e8ves, futurs \u00e9l\u00e8ves mais aussi simples curieux ont eu la chance de visiter le tout nouveau b\u00e2timent 18 que j&rsquo;ai eu le plaisir d&rsquo;inaugurer il y a quelques mois. Sur place, j&rsquo;ai entendu pas mal de commentaires \u00e9merveill\u00e9s face \u00e0 la qualit\u00e9 des ateliers et des \u00e9quipements dont les \u00e9tudiants de la Cocof disposent d\u00e9sormais. Cela d\u00e9montre que les objectifs que nous nous sommes fix\u00e9s en installant ce Centre de technologies avanc\u00e9es (CTA) au c\u0153ur du site du CERIA sont justes. En effet, en investissant dans ce CTA et dans ces \u00e9quipements de pointe, mon intention premi\u00e8re \u00e9tait de revaloriser l&rsquo;enseignement qualifiant. Les jeunes m\u00e9ritent que l\u2019on investisse dans leur avenir. En effet, la cr\u00e9ation de ce CTA s\u2019inscrit dans la dynamisation de l\u2019enseignement qualifiant.  En tant que responsable politique, le red\u00e9ploiement de cet enseignement s\u2019impose donc comme une priorit\u00e9.<\/p>\n<p>En d\u00e9ambulant dans les all\u00e9es du campus, j&rsquo;ai constat\u00e9 l&rsquo;enthousiasme des \u00e9quipes p\u00e9dagogiques de nos instituts. J&rsquo;ai vu la fiert\u00e9 des directions et des enseignants de transmettre un savoir. J&rsquo;ai \u00e9galement crois\u00e9 de nombreux anciens \u00e9tudiants fiers de revenir dans ces locaux, de revoir des enseignants qui leur ont transmis une passion. Certains de ces anciens sont pass\u00e9s dans les ateliers des chefs les plus renomm\u00e9s, d&rsquo;autres participent avec succ\u00e8s \u00e0 des grands concours internationaux de cuisine, mais tous ont un point commun\u00a0: une fiert\u00e9 d&rsquo;appartenir \u00e0 l&rsquo;histoire de ces instituts.<\/p>\n","protected":false},"excerpt":{"rendered":"<p>L&rsquo;enseignement qualifiant bruxellois \u00e9tait \u00e0 l&rsquo;honneur ce samedi \u00e0 l&rsquo;occasion des Journ\u00e9es portes ouvertes de l&rsquo;enseignement qualifiant. A cette occasion de nombreux \u00e9tablissements ont accueillis des parents et des \u00e9l\u00e8ves curieux de d\u00e9couvrir leurs offres p\u00e9dagogiques. J&rsquo;ai profit\u00e9 de cette belle journ\u00e9e pour me rendre sur le campus du CERIA o\u00f9 deux \u00e9tablissements organis\u00e9s par la Cocof (l&rsquo;Institut Redout\u00e9-Peiffer et l&rsquo;Institut Emile Gryzon) d\u00e9voilaient leurs nombreux atouts. Pour la premi\u00e8re fois, parents d&rsquo;\u00e9l\u00e8ves, futurs \u00e9l\u00e8ves mais aussi simples curieux ont eu la chance de visiter le tout nouveau b\u00e2timent 18 que j&rsquo;ai eu le plaisir d&rsquo;inaugurer il y a quelques mois. Sur place, j&rsquo;ai entendu pas mal de commentaires \u00e9merveill\u00e9s face \u00e0 la qualit\u00e9 des ateliers et des \u00e9quipements dont les \u00e9tudiants de la Cocof disposent d\u00e9sormais. Cela d\u00e9montre que les objectifs que nous nous sommes fix\u00e9s en installant ce Centre de technologies avanc\u00e9es (CTA) au c\u0153ur du site du CERIA sont justes. En effet, en investissant dans ce CTA et dans ces \u00e9quipements de pointe, mon intention premi\u00e8re \u00e9tait de revaloriser l&rsquo;enseignement qualifiant. Les jeunes m\u00e9ritent que l\u2019on investisse dans leur avenir. En effet, la cr\u00e9ation de ce CTA s\u2019inscrit dans la dynamisation de l\u2019enseignement qualifiant. En tant que [&hellip;]<\/p>\n","protected":false},"author":2,"featured_media":11893,"comment_status":"open","ping_status":"open","sticky":false,"template":"","format":"standard","meta":{"_monsterinsights_skip_tracking":false,"_monsterinsights_sitenote_active":false,"_monsterinsights_sitenote_note":"","_monsterinsights_sitenote_category":0,"ngg_post_thumbnail":0,"footnotes":""},"categories":[5],"tags":[72,768,468,1012,582,70,366],"class_list":["post-11892","post","type-post","status-publish","format-standard","has-post-thumbnail","hentry","category-enseignement","tag-ceria","tag-cta","tag-ecole","tag-enseignement","tag-enseignement-qualifiant","tag-institut-emile-gryzon","tag-institut-redoute-peiffer"],"yoast_head":"<!-- This site is optimized with the Yoast SEO plugin v27.4 - https:\/\/yoast.com\/product\/yoast-seo-wordpress\/ -->\n<title>L&#039;enseignement qualifiant: un levier majeur du red\u00e9ploiement de la R\u00e9gion bruxelloise - Christos Doulkeridis<\/title>\n<meta name=\"robots\" content=\"index, follow, max-snippet:-1, max-image-preview:large, max-video-preview:-1\" \/>\n<link rel=\"canonical\" href=\"https:\/\/www.doulkeridis.be\/blog\/2014\/04\/27\/lenseignement-qualifiant-un-levier-majeur-du-redeploiement-de-la-region-bruxelloise\/\" \/>\n<meta property=\"og:locale\" content=\"fr_FR\" \/>\n<meta property=\"og:type\" content=\"article\" \/>\n<meta property=\"og:title\" content=\"L&#039;enseignement qualifiant: un levier majeur du red\u00e9ploiement de la R\u00e9gion bruxelloise - Christos Doulkeridis\" \/>\n<meta property=\"og:description\" content=\"L&rsquo;enseignement qualifiant bruxellois \u00e9tait \u00e0 l&rsquo;honneur ce samedi \u00e0 l&rsquo;occasion des Journ\u00e9es portes ouvertes de l&rsquo;enseignement qualifiant. A cette occasion de nombreux \u00e9tablissements ont accueillis des parents et des \u00e9l\u00e8ves curieux de d\u00e9couvrir leurs offres p\u00e9dagogiques. J&rsquo;ai profit\u00e9 de cette belle journ\u00e9e pour me rendre sur le campus du CERIA o\u00f9 deux \u00e9tablissements organis\u00e9s par la Cocof (l&rsquo;Institut Redout\u00e9-Peiffer et l&rsquo;Institut Emile Gryzon) d\u00e9voilaient leurs nombreux atouts. Pour la premi\u00e8re fois, parents d&rsquo;\u00e9l\u00e8ves, futurs \u00e9l\u00e8ves mais aussi simples curieux ont eu la chance de visiter le tout nouveau b\u00e2timent 18 que j&rsquo;ai eu le plaisir d&rsquo;inaugurer il y a quelques mois. Sur place, j&rsquo;ai entendu pas mal de commentaires \u00e9merveill\u00e9s face \u00e0 la qualit\u00e9 des ateliers et des \u00e9quipements dont les \u00e9tudiants de la Cocof disposent d\u00e9sormais. Cela d\u00e9montre que les objectifs que nous nous sommes fix\u00e9s en installant ce Centre de technologies avanc\u00e9es (CTA) au c\u0153ur du site du CERIA sont justes. En effet, en investissant dans ce CTA et dans ces \u00e9quipements de pointe, mon intention premi\u00e8re \u00e9tait de revaloriser l&rsquo;enseignement qualifiant. Les jeunes m\u00e9ritent que l\u2019on investisse dans leur avenir. En effet, la cr\u00e9ation de ce CTA s\u2019inscrit dans la dynamisation de l\u2019enseignement qualifiant. En tant que [&hellip;]\" \/>\n<meta property=\"og:url\" content=\"https:\/\/www.doulkeridis.be\/blog\/2014\/04\/27\/lenseignement-qualifiant-un-levier-majeur-du-redeploiement-de-la-region-bruxelloise\/\" \/>\n<meta property=\"og:site_name\" content=\"Christos Doulkeridis\" \/>\n<meta property=\"article:publisher\" content=\"https:\/\/www.facebook.com\/doulkeridis\" \/>\n<meta property=\"article:published_time\" content=\"2014-04-27T06:35:56+00:00\" \/>\n<meta property=\"article:modified_time\" content=\"2026-04-14T15:43:55+00:00\" \/>\n<meta property=\"og:image\" content=\"https:\/\/www.doulkeridis.be\/blog\/wp-content\/uploads\/2014\/04\/DSC_0076-1024x685.jpg\" \/>\n\t<meta property=\"og:image:width\" content=\"1024\" \/>\n\t<meta property=\"og:image:height\" content=\"685\" \/>\n\t<meta property=\"og:image:type\" content=\"image\/jpeg\" \/>\n<meta name=\"author\" content=\"Christos Doulkeridis\" \/>\n<meta name=\"twitter:card\" content=\"summary_large_image\" \/>\n<meta name=\"twitter:label1\" content=\"\u00c9crit par\" \/>\n\t<meta name=\"twitter:data1\" content=\"Christos Doulkeridis\" \/>\n\t<meta name=\"twitter:label2\" content=\"Dur\u00e9e de lecture estim\u00e9e\" \/>\n\t<meta name=\"twitter:data2\" content=\"2 minutes\" \/>\n<script type=\"application\/ld+json\" class=\"yoast-schema-graph\">{\"@context\":\"https:\\\/\\\/schema.org\",\"@graph\":[{\"@type\":\"Article\",\"@id\":\"https:\\\/\\\/www.doulkeridis.be\\\/blog\\\/2014\\\/04\\\/27\\\/lenseignement-qualifiant-un-levier-majeur-du-redeploiement-de-la-region-bruxelloise\\\/#article\",\"isPartOf\":{\"@id\":\"https:\\\/\\\/www.doulkeridis.be\\\/blog\\\/2014\\\/04\\\/27\\\/lenseignement-qualifiant-un-levier-majeur-du-redeploiement-de-la-region-bruxelloise\\\/\"},\"author\":{\"name\":\"Christos Doulkeridis\",\"@id\":\"https:\\\/\\\/www.doulkeridis.be\\\/blog\\\/#\\\/schema\\\/person\\\/9f03f3459f0a4ba4db02aabbba098365\"},\"headline\":\"L&rsquo;enseignement qualifiant: un levier majeur du red\u00e9ploiement de la R\u00e9gion bruxelloise\",\"datePublished\":\"2014-04-27T06:35:56+00:00\",\"dateModified\":\"2026-04-14T15:43:55+00:00\",\"mainEntityOfPage\":{\"@id\":\"https:\\\/\\\/www.doulkeridis.be\\\/blog\\\/2014\\\/04\\\/27\\\/lenseignement-qualifiant-un-levier-majeur-du-redeploiement-de-la-region-bruxelloise\\\/\"},\"wordCount\":362,\"commentCount\":0,\"publisher\":{\"@id\":\"https:\\\/\\\/www.doulkeridis.be\\\/blog\\\/#organization\"},\"image\":{\"@id\":\"https:\\\/\\\/www.doulkeridis.be\\\/blog\\\/2014\\\/04\\\/27\\\/lenseignement-qualifiant-un-levier-majeur-du-redeploiement-de-la-region-bruxelloise\\\/#primaryimage\"},\"thumbnailUrl\":\"https:\\\/\\\/www.doulkeridis.be\\\/blog\\\/wp-content\\\/uploads\\\/2014\\\/04\\\/DSC_0076.jpg\",\"keywords\":[\"Ceria\",\"CTA\",\"\u00e9cole\",\"Enseignement\",\"enseignement qualifiant\",\"Institut Emile Gryzon\",\"Institut Redout\u00e9-Peiffer\"],\"articleSection\":[\"Enseignement\"],\"inLanguage\":\"fr-FR\",\"potentialAction\":[{\"@type\":\"CommentAction\",\"name\":\"Comment\",\"target\":[\"https:\\\/\\\/www.doulkeridis.be\\\/blog\\\/2014\\\/04\\\/27\\\/lenseignement-qualifiant-un-levier-majeur-du-redeploiement-de-la-region-bruxelloise\\\/#respond\"]}]},{\"@type\":\"WebPage\",\"@id\":\"https:\\\/\\\/www.doulkeridis.be\\\/blog\\\/2014\\\/04\\\/27\\\/lenseignement-qualifiant-un-levier-majeur-du-redeploiement-de-la-region-bruxelloise\\\/\",\"url\":\"https:\\\/\\\/www.doulkeridis.be\\\/blog\\\/2014\\\/04\\\/27\\\/lenseignement-qualifiant-un-levier-majeur-du-redeploiement-de-la-region-bruxelloise\\\/\",\"name\":\"L'enseignement qualifiant: un levier majeur du red\u00e9ploiement de la R\u00e9gion bruxelloise - Christos Doulkeridis\",\"isPartOf\":{\"@id\":\"https:\\\/\\\/www.doulkeridis.be\\\/blog\\\/#website\"},\"primaryImageOfPage\":{\"@id\":\"https:\\\/\\\/www.doulkeridis.be\\\/blog\\\/2014\\\/04\\\/27\\\/lenseignement-qualifiant-un-levier-majeur-du-redeploiement-de-la-region-bruxelloise\\\/#primaryimage\"},\"image\":{\"@id\":\"https:\\\/\\\/www.doulkeridis.be\\\/blog\\\/2014\\\/04\\\/27\\\/lenseignement-qualifiant-un-levier-majeur-du-redeploiement-de-la-region-bruxelloise\\\/#primaryimage\"},\"thumbnailUrl\":\"https:\\\/\\\/www.doulkeridis.be\\\/blog\\\/wp-content\\\/uploads\\\/2014\\\/04\\\/DSC_0076.jpg\",\"datePublished\":\"2014-04-27T06:35:56+00:00\",\"dateModified\":\"2026-04-14T15:43:55+00:00\",\"breadcrumb\":{\"@id\":\"https:\\\/\\\/www.doulkeridis.be\\\/blog\\\/2014\\\/04\\\/27\\\/lenseignement-qualifiant-un-levier-majeur-du-redeploiement-de-la-region-bruxelloise\\\/#breadcrumb\"},\"inLanguage\":\"fr-FR\",\"potentialAction\":[{\"@type\":\"ReadAction\",\"target\":[\"https:\\\/\\\/www.doulkeridis.be\\\/blog\\\/2014\\\/04\\\/27\\\/lenseignement-qualifiant-un-levier-majeur-du-redeploiement-de-la-region-bruxelloise\\\/\"]}]},{\"@type\":\"ImageObject\",\"inLanguage\":\"fr-FR\",\"@id\":\"https:\\\/\\\/www.doulkeridis.be\\\/blog\\\/2014\\\/04\\\/27\\\/lenseignement-qualifiant-un-levier-majeur-du-redeploiement-de-la-region-bruxelloise\\\/#primaryimage\",\"url\":\"https:\\\/\\\/www.doulkeridis.be\\\/blog\\\/wp-content\\\/uploads\\\/2014\\\/04\\\/DSC_0076.jpg\",\"contentUrl\":\"https:\\\/\\\/www.doulkeridis.be\\\/blog\\\/wp-content\\\/uploads\\\/2014\\\/04\\\/DSC_0076.jpg\",\"width\":3872,\"height\":2592},{\"@type\":\"BreadcrumbList\",\"@id\":\"https:\\\/\\\/www.doulkeridis.be\\\/blog\\\/2014\\\/04\\\/27\\\/lenseignement-qualifiant-un-levier-majeur-du-redeploiement-de-la-region-bruxelloise\\\/#breadcrumb\",\"itemListElement\":[{\"@type\":\"ListItem\",\"position\":1,\"name\":\"Accueil\",\"item\":\"https:\\\/\\\/www.doulkeridis.be\\\/blog\\\/\"},{\"@type\":\"ListItem\",\"position\":2,\"name\":\"L&rsquo;enseignement qualifiant: un levier majeur du red\u00e9ploiement de la R\u00e9gion bruxelloise\"}]},{\"@type\":\"WebSite\",\"@id\":\"https:\\\/\\\/www.doulkeridis.be\\\/blog\\\/#website\",\"url\":\"https:\\\/\\\/www.doulkeridis.be\\\/blog\\\/\",\"name\":\"Christos Doulkeridis\",\"description\":\"Coach | Consultant en solutions, gestion de crise, n\u00e9gociations\",\"publisher\":{\"@id\":\"https:\\\/\\\/www.doulkeridis.be\\\/blog\\\/#organization\"},\"potentialAction\":[{\"@type\":\"SearchAction\",\"target\":{\"@type\":\"EntryPoint\",\"urlTemplate\":\"https:\\\/\\\/www.doulkeridis.be\\\/blog\\\/?s={search_term_string}\"},\"query-input\":{\"@type\":\"PropertyValueSpecification\",\"valueRequired\":true,\"valueName\":\"search_term_string\"}}],\"inLanguage\":\"fr-FR\"},{\"@type\":\"Organization\",\"@id\":\"https:\\\/\\\/www.doulkeridis.be\\\/blog\\\/#organization\",\"name\":\"Ulyse\",\"url\":\"https:\\\/\\\/www.doulkeridis.be\\\/blog\\\/\",\"logo\":{\"@type\":\"ImageObject\",\"inLanguage\":\"fr-FR\",\"@id\":\"https:\\\/\\\/www.doulkeridis.be\\\/blog\\\/#\\\/schema\\\/logo\\\/image\\\/\",\"url\":\"https:\\\/\\\/www.doulkeridis.be\\\/blog\\\/wp-content\\\/uploads\\\/2026\\\/04\\\/2-5.png\",\"contentUrl\":\"https:\\\/\\\/www.doulkeridis.be\\\/blog\\\/wp-content\\\/uploads\\\/2026\\\/04\\\/2-5.png\",\"width\":1024,\"height\":728,\"caption\":\"Ulyse\"},\"image\":{\"@id\":\"https:\\\/\\\/www.doulkeridis.be\\\/blog\\\/#\\\/schema\\\/logo\\\/image\\\/\"},\"sameAs\":[\"https:\\\/\\\/www.facebook.com\\\/doulkeridis\",\"https:\\\/\\\/www.facebook.com\\\/christosdoulkeridis2\"]},{\"@type\":\"Person\",\"@id\":\"https:\\\/\\\/www.doulkeridis.be\\\/blog\\\/#\\\/schema\\\/person\\\/9f03f3459f0a4ba4db02aabbba098365\",\"name\":\"Christos Doulkeridis\",\"image\":{\"@type\":\"ImageObject\",\"inLanguage\":\"fr-FR\",\"@id\":\"https:\\\/\\\/secure.gravatar.com\\\/avatar\\\/71cb6e4369ca0615d93730ef3bc5f54642df4f6bcc59b92763d2ac434abf103e?s=96&d=mm&r=g\",\"url\":\"https:\\\/\\\/secure.gravatar.com\\\/avatar\\\/71cb6e4369ca0615d93730ef3bc5f54642df4f6bcc59b92763d2ac434abf103e?s=96&d=mm&r=g\",\"contentUrl\":\"https:\\\/\\\/secure.gravatar.com\\\/avatar\\\/71cb6e4369ca0615d93730ef3bc5f54642df4f6bcc59b92763d2ac434abf103e?s=96&d=mm&r=g\",\"caption\":\"Christos Doulkeridis\"},\"url\":\"https:\\\/\\\/www.doulkeridis.be\\\/blog\\\/author\\\/christos\\\/\"}]}<\/script>\n<!-- \/ Yoast SEO plugin. -->","yoast_head_json":{"title":"L'enseignement qualifiant: un levier majeur du red\u00e9ploiement de la R\u00e9gion bruxelloise - Christos Doulkeridis","robots":{"index":"index","follow":"follow","max-snippet":"max-snippet:-1","max-image-preview":"max-image-preview:large","max-video-preview":"max-video-preview:-1"},"canonical":"https:\/\/www.doulkeridis.be\/blog\/2014\/04\/27\/lenseignement-qualifiant-un-levier-majeur-du-redeploiement-de-la-region-bruxelloise\/","og_locale":"fr_FR","og_type":"article","og_title":"L'enseignement qualifiant: un levier majeur du red\u00e9ploiement de la R\u00e9gion bruxelloise - Christos Doulkeridis","og_description":"L&rsquo;enseignement qualifiant bruxellois \u00e9tait \u00e0 l&rsquo;honneur ce samedi \u00e0 l&rsquo;occasion des Journ\u00e9es portes ouvertes de l&rsquo;enseignement qualifiant. A cette occasion de nombreux \u00e9tablissements ont accueillis des parents et des \u00e9l\u00e8ves curieux de d\u00e9couvrir leurs offres p\u00e9dagogiques. J&rsquo;ai profit\u00e9 de cette belle journ\u00e9e pour me rendre sur le campus du CERIA o\u00f9 deux \u00e9tablissements organis\u00e9s par la Cocof (l&rsquo;Institut Redout\u00e9-Peiffer et l&rsquo;Institut Emile Gryzon) d\u00e9voilaient leurs nombreux atouts. Pour la premi\u00e8re fois, parents d&rsquo;\u00e9l\u00e8ves, futurs \u00e9l\u00e8ves mais aussi simples curieux ont eu la chance de visiter le tout nouveau b\u00e2timent 18 que j&rsquo;ai eu le plaisir d&rsquo;inaugurer il y a quelques mois. Sur place, j&rsquo;ai entendu pas mal de commentaires \u00e9merveill\u00e9s face \u00e0 la qualit\u00e9 des ateliers et des \u00e9quipements dont les \u00e9tudiants de la Cocof disposent d\u00e9sormais. Cela d\u00e9montre que les objectifs que nous nous sommes fix\u00e9s en installant ce Centre de technologies avanc\u00e9es (CTA) au c\u0153ur du site du CERIA sont justes. En effet, en investissant dans ce CTA et dans ces \u00e9quipements de pointe, mon intention premi\u00e8re \u00e9tait de revaloriser l&rsquo;enseignement qualifiant. Les jeunes m\u00e9ritent que l\u2019on investisse dans leur avenir. En effet, la cr\u00e9ation de ce CTA s\u2019inscrit dans la dynamisation de l\u2019enseignement qualifiant. En tant que [&hellip;]","og_url":"https:\/\/www.doulkeridis.be\/blog\/2014\/04\/27\/lenseignement-qualifiant-un-levier-majeur-du-redeploiement-de-la-region-bruxelloise\/","og_site_name":"Christos Doulkeridis","article_publisher":"https:\/\/www.facebook.com\/doulkeridis","article_published_time":"2014-04-27T06:35:56+00:00","article_modified_time":"2026-04-14T15:43:55+00:00","og_image":[{"width":1024,"height":685,"url":"https:\/\/www.doulkeridis.be\/blog\/wp-content\/uploads\/2014\/04\/DSC_0076-1024x685.jpg","type":"image\/jpeg"}],"author":"Christos Doulkeridis","twitter_card":"summary_large_image","twitter_misc":{"\u00c9crit par":"Christos Doulkeridis","Dur\u00e9e de lecture estim\u00e9e":"2 minutes"},"schema":{"@context":"https:\/\/schema.org","@graph":[{"@type":"Article","@id":"https:\/\/www.doulkeridis.be\/blog\/2014\/04\/27\/lenseignement-qualifiant-un-levier-majeur-du-redeploiement-de-la-region-bruxelloise\/#article","isPartOf":{"@id":"https:\/\/www.doulkeridis.be\/blog\/2014\/04\/27\/lenseignement-qualifiant-un-levier-majeur-du-redeploiement-de-la-region-bruxelloise\/"},"author":{"name":"Christos Doulkeridis","@id":"https:\/\/www.doulkeridis.be\/blog\/#\/schema\/person\/9f03f3459f0a4ba4db02aabbba098365"},"headline":"L&rsquo;enseignement qualifiant: un levier majeur du red\u00e9ploiement de la R\u00e9gion bruxelloise","datePublished":"2014-04-27T06:35:56+00:00","dateModified":"2026-04-14T15:43:55+00:00","mainEntityOfPage":{"@id":"https:\/\/www.doulkeridis.be\/blog\/2014\/04\/27\/lenseignement-qualifiant-un-levier-majeur-du-redeploiement-de-la-region-bruxelloise\/"},"wordCount":362,"commentCount":0,"publisher":{"@id":"https:\/\/www.doulkeridis.be\/blog\/#organization"},"image":{"@id":"https:\/\/www.doulkeridis.be\/blog\/2014\/04\/27\/lenseignement-qualifiant-un-levier-majeur-du-redeploiement-de-la-region-bruxelloise\/#primaryimage"},"thumbnailUrl":"https:\/\/www.doulkeridis.be\/blog\/wp-content\/uploads\/2014\/04\/DSC_0076.jpg","keywords":["Ceria","CTA","\u00e9cole","Enseignement","enseignement qualifiant","Institut Emile Gryzon","Institut Redout\u00e9-Peiffer"],"articleSection":["Enseignement"],"inLanguage":"fr-FR","potentialAction":[{"@type":"CommentAction","name":"Comment","target":["https:\/\/www.doulkeridis.be\/blog\/2014\/04\/27\/lenseignement-qualifiant-un-levier-majeur-du-redeploiement-de-la-region-bruxelloise\/#respond"]}]},{"@type":"WebPage","@id":"https:\/\/www.doulkeridis.be\/blog\/2014\/04\/27\/lenseignement-qualifiant-un-levier-majeur-du-redeploiement-de-la-region-bruxelloise\/","url":"https:\/\/www.doulkeridis.be\/blog\/2014\/04\/27\/lenseignement-qualifiant-un-levier-majeur-du-redeploiement-de-la-region-bruxelloise\/","name":"L'enseignement qualifiant: un levier majeur du red\u00e9ploiement de la R\u00e9gion bruxelloise - Christos Doulkeridis","isPartOf":{"@id":"https:\/\/www.doulkeridis.be\/blog\/#website"},"primaryImageOfPage":{"@id":"https:\/\/www.doulkeridis.be\/blog\/2014\/04\/27\/lenseignement-qualifiant-un-levier-majeur-du-redeploiement-de-la-region-bruxelloise\/#primaryimage"},"image":{"@id":"https:\/\/www.doulkeridis.be\/blog\/2014\/04\/27\/lenseignement-qualifiant-un-levier-majeur-du-redeploiement-de-la-region-bruxelloise\/#primaryimage"},"thumbnailUrl":"https:\/\/www.doulkeridis.be\/blog\/wp-content\/uploads\/2014\/04\/DSC_0076.jpg","datePublished":"2014-04-27T06:35:56+00:00","dateModified":"2026-04-14T15:43:55+00:00","breadcrumb":{"@id":"https:\/\/www.doulkeridis.be\/blog\/2014\/04\/27\/lenseignement-qualifiant-un-levier-majeur-du-redeploiement-de-la-region-bruxelloise\/#breadcrumb"},"inLanguage":"fr-FR","potentialAction":[{"@type":"ReadAction","target":["https:\/\/www.doulkeridis.be\/blog\/2014\/04\/27\/lenseignement-qualifiant-un-levier-majeur-du-redeploiement-de-la-region-bruxelloise\/"]}]},{"@type":"ImageObject","inLanguage":"fr-FR","@id":"https:\/\/www.doulkeridis.be\/blog\/2014\/04\/27\/lenseignement-qualifiant-un-levier-majeur-du-redeploiement-de-la-region-bruxelloise\/#primaryimage","url":"https:\/\/www.doulkeridis.be\/blog\/wp-content\/uploads\/2014\/04\/DSC_0076.jpg","contentUrl":"https:\/\/www.doulkeridis.be\/blog\/wp-content\/uploads\/2014\/04\/DSC_0076.jpg","width":3872,"height":2592},{"@type":"BreadcrumbList","@id":"https:\/\/www.doulkeridis.be\/blog\/2014\/04\/27\/lenseignement-qualifiant-un-levier-majeur-du-redeploiement-de-la-region-bruxelloise\/#breadcrumb","itemListElement":[{"@type":"ListItem","position":1,"name":"Accueil","item":"https:\/\/www.doulkeridis.be\/blog\/"},{"@type":"ListItem","position":2,"name":"L&rsquo;enseignement qualifiant: un levier majeur du red\u00e9ploiement de la R\u00e9gion bruxelloise"}]},{"@type":"WebSite","@id":"https:\/\/www.doulkeridis.be\/blog\/#website","url":"https:\/\/www.doulkeridis.be\/blog\/","name":"Christos Doulkeridis","description":"Coach | Consultant en solutions, gestion de crise, n\u00e9gociations","publisher":{"@id":"https:\/\/www.doulkeridis.be\/blog\/#organization"},"potentialAction":[{"@type":"SearchAction","target":{"@type":"EntryPoint","urlTemplate":"https:\/\/www.doulkeridis.be\/blog\/?s={search_term_string}"},"query-input":{"@type":"PropertyValueSpecification","valueRequired":true,"valueName":"search_term_string"}}],"inLanguage":"fr-FR"},{"@type":"Organization","@id":"https:\/\/www.doulkeridis.be\/blog\/#organization","name":"Ulyse","url":"https:\/\/www.doulkeridis.be\/blog\/","logo":{"@type":"ImageObject","inLanguage":"fr-FR","@id":"https:\/\/www.doulkeridis.be\/blog\/#\/schema\/logo\/image\/","url":"https:\/\/www.doulkeridis.be\/blog\/wp-content\/uploads\/2026\/04\/2-5.png","contentUrl":"https:\/\/www.doulkeridis.be\/blog\/wp-content\/uploads\/2026\/04\/2-5.png","width":1024,"height":728,"caption":"Ulyse"},"image":{"@id":"https:\/\/www.doulkeridis.be\/blog\/#\/schema\/logo\/image\/"},"sameAs":["https:\/\/www.facebook.com\/doulkeridis","https:\/\/www.facebook.com\/christosdoulkeridis2"]},{"@type":"Person","@id":"https:\/\/www.doulkeridis.be\/blog\/#\/schema\/person\/9f03f3459f0a4ba4db02aabbba098365","name":"Christos Doulkeridis","image":{"@type":"ImageObject","inLanguage":"fr-FR","@id":"https:\/\/secure.gravatar.com\/avatar\/71cb6e4369ca0615d93730ef3bc5f54642df4f6bcc59b92763d2ac434abf103e?s=96&d=mm&r=g","url":"https:\/\/secure.gravatar.com\/avatar\/71cb6e4369ca0615d93730ef3bc5f54642df4f6bcc59b92763d2ac434abf103e?s=96&d=mm&r=g","contentUrl":"https:\/\/secure.gravatar.com\/avatar\/71cb6e4369ca0615d93730ef3bc5f54642df4f6bcc59b92763d2ac434abf103e?s=96&d=mm&r=g","caption":"Christos Doulkeridis"},"url":"https:\/\/www.doulkeridis.be\/blog\/author\/christos\/"}]}},"_links":{"self":[{"href":"https:\/\/www.doulkeridis.be\/blog\/wp-json\/wp\/v2\/posts\/11892","targetHints":{"allow":["GET"]}}],"collection":[{"href":"https:\/\/www.doulkeridis.be\/blog\/wp-json\/wp\/v2\/posts"}],"about":[{"href":"https:\/\/www.doulkeridis.be\/blog\/wp-json\/wp\/v2\/types\/post"}],"author":[{"embeddable":true,"href":"https:\/\/www.doulkeridis.be\/blog\/wp-json\/wp\/v2\/users\/2"}],"replies":[{"embeddable":true,"href":"https:\/\/www.doulkeridis.be\/blog\/wp-json\/wp\/v2\/comments?post=11892"}],"version-history":[{"count":5,"href":"https:\/\/www.doulkeridis.be\/blog\/wp-json\/wp\/v2\/posts\/11892\/revisions"}],"predecessor-version":[{"id":11898,"href":"https:\/\/www.doulkeridis.be\/blog\/wp-json\/wp\/v2\/posts\/11892\/revisions\/11898"}],"wp:featuredmedia":[{"embeddable":true,"href":"https:\/\/www.doulkeridis.be\/blog\/wp-json\/wp\/v2\/media\/11893"}],"wp:attachment":[{"href":"https:\/\/www.doulkeridis.be\/blog\/wp-json\/wp\/v2\/media?parent=11892"}],"wp:term":[{"taxonomy":"category","embeddable":true,"href":"https:\/\/www.doulkeridis.be\/blog\/wp-json\/wp\/v2\/categories?post=11892"},{"taxonomy":"post_tag","embeddable":true,"href":"https:\/\/www.doulkeridis.be\/blog\/wp-json\/wp\/v2\/tags?post=11892"}],"curies":[{"name":"wp","href":"https:\/\/api.w.org\/{rel}","templated":true}]}}