{"id":12508,"date":"2016-05-11T12:21:27","date_gmt":"2016-05-11T11:21:27","guid":{"rendered":"http:\/\/www.doulkeridis.be\/blog\/?p=12508"},"modified":"2016-05-11T12:22:18","modified_gmt":"2016-05-11T11:22:18","slug":"22-mars-a-bruxelles-y-a-t-il-eu-une-preparation-en-matiere-de-securite","status":"publish","type":"post","link":"https:\/\/www.doulkeridis.be\/blog\/2016\/05\/11\/22-mars-a-bruxelles-y-a-t-il-eu-une-preparation-en-matiere-de-securite\/","title":{"rendered":"22 mars \u00e0 Bruxelles : y a-t-il eu une pr\u00e9paration en mati\u00e8re de s\u00e9curit\u00e9 ?"},"content":{"rendered":"<p><em><a href=\"https:\/\/www.doulkeridis.be\/blog\/2016\/05\/11\/22-mars-a-bruxelles-y-a-t-il-eu-une-preparation-en-matiere-de-securite\/648x415\/\" rel=\"attachment wp-att-12509\"><img loading=\"lazy\" decoding=\"async\" class=\"alignleft size-thumbnail wp-image-12509\" src=\"https:\/\/www.doulkeridis.be\/blog\/wp-content\/uploads\/2016\/05\/648x415-290x290.jpeg\" alt=\"648x415\" width=\"290\" height=\"290\" srcset=\"https:\/\/www.doulkeridis.be\/blog\/wp-content\/uploads\/2016\/05\/648x415-290x290.jpeg 290w, https:\/\/www.doulkeridis.be\/blog\/wp-content\/uploads\/2016\/05\/648x415-50x50.jpeg 50w\" sizes=\"auto, (max-width: 290px) 100vw, 290px\" \/><\/a>Le 18 avril, le Parlement bruxellois organisait une\u00a0r\u00e9union sp\u00e9ciale consacr\u00e9e \u00e0 la gestion des attentats du 22 mars sur le plan de la s\u00e9curit\u00e9.\u00a0J&rsquo;ai eu l&rsquo;occasion d&rsquo;y d\u00e9velopper devant le Ministre-Pr\u00e9sident Rudi Vervoort le point de vue et les questions qui suivent. Ce d\u00e9bat s&rsquo;est concentr\u00e9 sur le r\u00f4le et la gestion par les diff\u00e9rents services de secours et de s\u00e9curit\u00e9 au cours de cette journ\u00e9e noire et des jours qui ont suivis, mais aussi sur ce qui a \u00e9t\u00e9 mis en place aux lendemains des attentats de Paris.\u00a0<\/em><\/p>\n<p>Une s\u00e9rie de questions apparaissent en effet d&#8217;embl\u00e9e. A commencer par celle de <strong>notre pr\u00e9paration au risque particulier d&rsquo;attentat apr\u00e8s ceux perp\u00e9tr\u00e9s \u00e0 Paris le 13 novembre 2015.<\/strong><b>\u00a0<\/b>Au lendemain de ces attentats, tant\u00a0le Premier Ministre, Charles Michel, que le Ministre de l&rsquo;Int\u00e9rieur, Jan Jambon, ont exprim\u00e9 l&rsquo;imminence d&rsquo;attentats en Belgique en soulignant le nouveau mode op\u00e9ratoire des terroristes visant \u00e0 frapper plusieurs sites en m\u00eame temps. Et pourtant, \u00e0 entendre les r\u00e9ponses des Ministres, ce constat n&rsquo;a pas \u00e9t\u00e9 accompagn\u00e9 de protocoles de s\u00e9curit\u00e9 visant \u00e0 prot\u00e9ger un certain nombre de sites, comme le m\u00e9tro ou les gares, dans le cas d&rsquo;un premier impact chez nous. Je ne veux pas dire que tout cela aurait pu \u00eatre \u00e9vit\u00e9 mais nous ne pouvons ignorer cette question et nous devons nous efforcer de tenir compte des exp\u00e9riences pass\u00e9es pour nous am\u00e9liorer \u00e0 chaque fois.<\/p>\n<p>Ayant \u00e9t\u00e9 moi-m\u00eame responsable du SIAMU lorsque j&rsquo;\u00e9tais ministre, j&rsquo;ai appris comment fonctionnent les services de secours pour g\u00e9rer l&rsquo;urgence avec un maximum d&rsquo;efficacit\u00e9 et je me suis d&#8217;embl\u00e9e interrog\u00e9 sur l&rsquo;existence d&rsquo;un protocole automatique \u00e0 enclencher dans une telle situation. Ces protocoles permettent de gagner beaucoup de temps et d&rsquo;agir sans qu&rsquo;on ne soit d\u00e9pendants, par exemple, des lignes de communication ou qu&rsquo;il ne soit n\u00e9cessaire de r\u00e9fl\u00e9chir trop longtemps dans des situations extr\u00eames. Selon moi, la STIB aurait d\u00fb \u00eatre avis\u00e9e selon un tel protocole automatique, ce qui aurait peut-\u00eatre permis de fermer ses services beaucoup plus rapidement. Or, il m&rsquo;a \u00e9t\u00e9 confirm\u00e9 qu&rsquo;aucun protocole semblable n&rsquo;existe \u00e0 ce jour et qu&rsquo;il ne serait pas \u00e0 l&rsquo;ordre du jour non plus, alors que sa faisabilit\u00e9 et son int\u00e9r\u00eat n&rsquo;ont pas \u00e9t\u00e9 \u00e9valu\u00e9s et que l&rsquo;exp\u00e9rience de Paris nous d\u00e9montre son int\u00e9r\u00eat..<\/p>\n<p>Ces \u00e9v\u00e9nements soul\u00e8vent aussi des questions sur<strong> l&rsquo;\u00e9tat d&rsquo;avancement du renforcement de la comp\u00e9tence de la R\u00e9gion en mati\u00e8re de s\u00e9curit\u00e9<\/strong>, qui d\u00e9coule de la derni\u00e8re r\u00e9forme de l\u2019\u00c9tat. Ce renforcement \u00e9tait n\u00e9cessaire mais sans perdre de vue que la s\u00e9curit\u00e9 est et doit rester une comp\u00e9tence r\u00e9galienne de l&rsquo;\u00c9tat f\u00e9d\u00e9ral. Il ne s&rsquo;agit en effet pas de se substituer mais de mettre en place des instances destin\u00e9es \u00e0\u00a0 se coordonner au mieux entre les niveaux locaux, r\u00e9gionaux et le f\u00e9d\u00e9ral.<\/p>\n<p>Je d\u00e9plore \u00e0 ce propos que le processus soit marqu\u00e9 par une frilosit\u00e9 \u00e0 aborder certaines questions, comme celle de l&rsquo;organisation des zones de police. Or il nous semble urgent d&rsquo;avancer sans tabou et de r\u00e9fl\u00e9chir sur base d&rsquo;arguments objectifs, d&rsquo;envisager aussi l&rsquo;\u00e9ventualit\u00e9 de revoir nos certitudes s&rsquo;il s&rsquo;av\u00e8re qu&rsquo;une autre organisation est plus efficace. Il est essentiel de v\u00e9rifier tout ce qui peut \u00eatre coordonn\u00e9 \u00e0 l&rsquo;\u00e9chelle r\u00e9gionale. Malheureusement, il aura peut-\u00eatre fallu ce genre de catastrophe pour s&rsquo;en rendre compte, mais n&rsquo;ayons pas peur d&rsquo;aller dans cette direction.<\/p>\n<p>M\u00eame si nous sommes bien en route, la mise en \u0153uvre de la r\u00e9forme accuse\u00a0 un certain retard, j&rsquo;ai parfois l&rsquo;impression que nous travaillons comme si elle n&rsquo;avait pas encore eu lieu.. Par exemple, le nouvel organisme \u00ab\u00a0Bruxelles Pr\u00e9vention S\u00e9curit\u00e9\u00a0\u00bb n&rsquo;est pas encore totalement op\u00e9rationnel et le r\u00f4le de nouveaux acteurs tels que le \u00ab\u00a0haut fonctionnaire r\u00e9gional\u00a0\u00bb, qui a h\u00e9rit\u00e9 de comp\u00e9tences du f\u00e9d\u00e9ral, n&rsquo;appara\u00eet pas clairement. Or ce dernier devrait il me semble jouer un r\u00f4le de coordination\u00a0 essentiel entre les diff\u00e9rents niveaux de pouvoir en cas de probl\u00e8me.<\/p>\n<p>Il est indispensable de savoir comment les r\u00f4les des acteurs locaux, r\u00e9gionaux et f\u00e9d\u00e9raux s&rsquo;articulent entre eux (bourgmestres, haut fonctionnaire, ministre-pr\u00e9sident, ministre de l&rsquo;int\u00e9rieur, Conseil r\u00e9gional de s\u00e9curit\u00e9, responsables des transports publics etc.) C&rsquo;est cette transparence qui permettra de savoir pr\u00e9cis\u00e9ment qui est responsable de quoi en cas de probl\u00e8me et\u00a0 aussi d&rsquo;imaginer des solutions pour l&rsquo;avenir. Les faits nous ont en tous les cas bien montr\u00e9 l&rsquo;utilit\u00e9 de coordonner et d&rsquo;associer davantage les diff\u00e9rents acteurs. Pour quelle raison par exemple le m\u00e9tro n&rsquo;a-t-il pas \u00e9t\u00e9 ferm\u00e9 plur rapidement\u00a0?Y a-t-il bien eu un ordre de le faire fermer, quand exactement et par qui\u00a0? La commission d&rsquo;enqu\u00eate en cours semble en tous les cas confirmer que des probl\u00e8mes de coordination ont bien \u00e9t\u00e9 constat\u00e9s \u00e0 ce niveau.<\/p>\n<p>J&rsquo;ai aussi r\u00e9agi \u00e0 propos de la gestion de la s\u00e9curit\u00e9 sur notre territoire les jours qui ont suivi les attentats. J&rsquo;ai pu constater plusieurs maladresses, d&rsquo;abord \u00e0 propos de l&rsquo;attitude de la police qui\u00a0 s&rsquo;est montr\u00e9e passive face \u00e0 des expressions de haine d\u00e9lib\u00e9r\u00e9es et de provocations par certains petits nazis et hooligans \u00e0 la Bourse lors d&rsquo;un rassemblement de recueillement en fin mars et ensuite une semaine plus tard o\u00f9 nous avons assist\u00e9 \u00e0 des r\u00e9actions disproportionn\u00e9es face \u00e0 des citoyens qui ne perturbaient pas l&rsquo;ordre public..\u00a0 Ces attitudes nous laissent en effet perplexe..<\/p>\n<p>Enfin, j&rsquo;ai r\u00e9p\u00e9t\u00e9 l&rsquo;int\u00e9r\u00eat, dans de telles circonstances, d&rsquo;<strong>accompagner les r\u00e9ponses s\u00e9curitaires d&rsquo;un renforcement de l&rsquo;enseignement, de la culture et d&rsquo;investir plus dans tout ce qui peut permettre aux jeunes de r\u00e9fl\u00e9chir, de d\u00e9velopper leur sens critique<\/strong>\u00a0et d&rsquo;ainsi <strong>\u00e9viter que nous ne nourrissions de nouveaux petit Daech et mini-Trump qui risquent de nous \u00e9clater un jour ou l&rsquo;autre \u00e0 la figure<\/strong>.<\/p>\n<p>Tout comme il nous semble indispensable de r\u00e9fl\u00e9chir sur ce qui peut contribuer \u00e0 construire toujours plus du \u00ab\u00a0nous\u00a0\u00bb. Et \u00e0 ce propos, ce qui m&rsquo;a manqu\u00e9 le plus apr\u00e8s les attentats et je pense \u00e0 de tr\u00e8s nombreux citoyens, c&rsquo;est un rassemblement de toute la population initi\u00e9e et soutenue par les plus hautes autorit\u00e9s du pays, comme ce fut le cas en France apr\u00e8s les attentats de Paris..pour affirmer collectivement que nous formons un tout par del\u00e0 nos diversit\u00e9s et que nous refusons fermement et d&rsquo;une seule voix de capituler face \u00e0 la barbarie.. Si le F\u00e9d\u00e9ral n&rsquo;en a pas pris l&rsquo;initiative, j&rsquo;invite nos autorit\u00e9s r\u00e9gionales \u00e0 inciter toutes les forces vives de notre r\u00e9gion \u2013 militants associatifs, commer\u00e7ants, employ\u00e9s dans des mus\u00e9es, entrepreneurs, etc. &#8211; \u00e0 se rassembler.\u00a0 Car c&rsquo;est bien ensemble que nous d\u00e9passerons cette catastrophe.<\/p>\n<p>Je salue par contre la Ministre Jodoigne pour l&rsquo;attention et les initiatives qui ont \u00e9t\u00e9 prises pour assurer un soutien psychologique aux agents du SIAMU qui ont \u00e9t\u00e9 confront\u00e9s \u00e0 des sc\u00e8nes particuli\u00e8rement horribles et qui sortent totalement de l&rsquo;ordinaire de leurs interventions.\u00a0 Je pense d&rsquo;ailleurs qu&rsquo;une c\u00e9r\u00e9monie officielle de remerciements \u00e0 leur encontre devrait \u00eatre pr\u00e9vue par les autorit\u00e9s r\u00e9gionales, ce que les autorit\u00e9s f\u00e9d\u00e9rales n&rsquo;ont malheureusement pas fait. Cette absence de r\u00e9flexe qui semble aller de soi compte parmi les regrets qui ont \u00e9t\u00e9 exprim\u00e9s par plusieurs des agents avec qui je me suis entretenu.<\/p>\n","protected":false},"excerpt":{"rendered":"<p>Le 18 avril, le Parlement bruxellois organisait une\u00a0r\u00e9union sp\u00e9ciale consacr\u00e9e \u00e0 la gestion des attentats du 22 mars sur le plan de la s\u00e9curit\u00e9.\u00a0J&rsquo;ai eu l&rsquo;occasion d&rsquo;y d\u00e9velopper devant le Ministre-Pr\u00e9sident Rudi Vervoort le point de vue et les questions qui suivent. Ce d\u00e9bat s&rsquo;est concentr\u00e9 sur le r\u00f4le et la gestion par les diff\u00e9rents services de secours et de s\u00e9curit\u00e9 au cours de cette journ\u00e9e noire et des jours qui ont suivis, mais aussi sur ce qui a \u00e9t\u00e9 mis en place aux lendemains des attentats de Paris.\u00a0 Une s\u00e9rie de questions apparaissent en effet d&#8217;embl\u00e9e. A commencer par celle de notre pr\u00e9paration au risque particulier d&rsquo;attentat apr\u00e8s ceux perp\u00e9tr\u00e9s \u00e0 Paris le 13 novembre 2015.\u00a0Au lendemain de ces attentats, tant\u00a0le Premier Ministre, Charles Michel, que le Ministre de l&rsquo;Int\u00e9rieur, Jan Jambon, ont exprim\u00e9 l&rsquo;imminence d&rsquo;attentats en Belgique en soulignant le nouveau mode op\u00e9ratoire des terroristes visant \u00e0 frapper plusieurs sites en m\u00eame temps. Et pourtant, \u00e0 entendre les r\u00e9ponses des Ministres, ce constat n&rsquo;a pas \u00e9t\u00e9 accompagn\u00e9 de protocoles de s\u00e9curit\u00e9 visant \u00e0 prot\u00e9ger un certain nombre de sites, comme le m\u00e9tro ou les gares, dans le cas d&rsquo;un premier impact chez nous. Je ne veux pas dire [&hellip;]<\/p>\n","protected":false},"author":2,"featured_media":12509,"comment_status":"closed","ping_status":"open","sticky":false,"template":"","format":"standard","meta":{"_monsterinsights_skip_tracking":false,"_monsterinsights_sitenote_active":false,"_monsterinsights_sitenote_note":"","_monsterinsights_sitenote_category":0,"ngg_post_thumbnail":0,"footnotes":""},"categories":[1],"tags":[],"class_list":["post-12508","post","type-post","status-publish","format-standard","has-post-thumbnail","hentry","category-non-classe"],"yoast_head":"<!-- This site is optimized with the Yoast SEO plugin v27.4 - https:\/\/yoast.com\/product\/yoast-seo-wordpress\/ -->\n<title>22 mars \u00e0 Bruxelles : y a-t-il eu une pr\u00e9paration en mati\u00e8re de s\u00e9curit\u00e9 ? - Christos Doulkeridis<\/title>\n<meta name=\"robots\" content=\"index, follow, max-snippet:-1, max-image-preview:large, max-video-preview:-1\" \/>\n<link rel=\"canonical\" href=\"https:\/\/www.doulkeridis.be\/blog\/2016\/05\/11\/22-mars-a-bruxelles-y-a-t-il-eu-une-preparation-en-matiere-de-securite\/\" \/>\n<meta property=\"og:locale\" content=\"fr_FR\" \/>\n<meta property=\"og:type\" content=\"article\" \/>\n<meta property=\"og:title\" content=\"22 mars \u00e0 Bruxelles : y a-t-il eu une pr\u00e9paration en mati\u00e8re de s\u00e9curit\u00e9 ? - Christos Doulkeridis\" \/>\n<meta property=\"og:description\" content=\"Le 18 avril, le Parlement bruxellois organisait une\u00a0r\u00e9union sp\u00e9ciale consacr\u00e9e \u00e0 la gestion des attentats du 22 mars sur le plan de la s\u00e9curit\u00e9.\u00a0J&rsquo;ai eu l&rsquo;occasion d&rsquo;y d\u00e9velopper devant le Ministre-Pr\u00e9sident Rudi Vervoort le point de vue et les questions qui suivent. Ce d\u00e9bat s&rsquo;est concentr\u00e9 sur le r\u00f4le et la gestion par les diff\u00e9rents services de secours et de s\u00e9curit\u00e9 au cours de cette journ\u00e9e noire et des jours qui ont suivis, mais aussi sur ce qui a \u00e9t\u00e9 mis en place aux lendemains des attentats de Paris.\u00a0 Une s\u00e9rie de questions apparaissent en effet d&#8217;embl\u00e9e. A commencer par celle de notre pr\u00e9paration au risque particulier d&rsquo;attentat apr\u00e8s ceux perp\u00e9tr\u00e9s \u00e0 Paris le 13 novembre 2015.\u00a0Au lendemain de ces attentats, tant\u00a0le Premier Ministre, Charles Michel, que le Ministre de l&rsquo;Int\u00e9rieur, Jan Jambon, ont exprim\u00e9 l&rsquo;imminence d&rsquo;attentats en Belgique en soulignant le nouveau mode op\u00e9ratoire des terroristes visant \u00e0 frapper plusieurs sites en m\u00eame temps. Et pourtant, \u00e0 entendre les r\u00e9ponses des Ministres, ce constat n&rsquo;a pas \u00e9t\u00e9 accompagn\u00e9 de protocoles de s\u00e9curit\u00e9 visant \u00e0 prot\u00e9ger un certain nombre de sites, comme le m\u00e9tro ou les gares, dans le cas d&rsquo;un premier impact chez nous. Je ne veux pas dire [&hellip;]\" \/>\n<meta property=\"og:url\" content=\"https:\/\/www.doulkeridis.be\/blog\/2016\/05\/11\/22-mars-a-bruxelles-y-a-t-il-eu-une-preparation-en-matiere-de-securite\/\" \/>\n<meta property=\"og:site_name\" content=\"Christos Doulkeridis\" \/>\n<meta property=\"article:publisher\" content=\"https:\/\/www.facebook.com\/doulkeridis\" \/>\n<meta property=\"article:published_time\" content=\"2016-05-11T11:21:27+00:00\" \/>\n<meta property=\"article:modified_time\" content=\"2016-05-11T11:22:18+00:00\" \/>\n<meta property=\"og:image\" content=\"https:\/\/www.doulkeridis.be\/blog\/wp-content\/uploads\/2016\/05\/648x415.jpeg\" \/>\n\t<meta property=\"og:image:width\" content=\"648\" \/>\n\t<meta property=\"og:image:height\" content=\"415\" \/>\n\t<meta property=\"og:image:type\" content=\"image\/jpeg\" \/>\n<meta name=\"author\" content=\"Christos Doulkeridis\" \/>\n<meta name=\"twitter:card\" content=\"summary_large_image\" \/>\n<meta name=\"twitter:label1\" content=\"\u00c9crit par\" \/>\n\t<meta name=\"twitter:data1\" content=\"Christos Doulkeridis\" \/>\n\t<meta name=\"twitter:label2\" content=\"Dur\u00e9e de lecture estim\u00e9e\" \/>\n\t<meta name=\"twitter:data2\" content=\"6 minutes\" \/>\n<script type=\"application\/ld+json\" class=\"yoast-schema-graph\">{\"@context\":\"https:\\\/\\\/schema.org\",\"@graph\":[{\"@type\":\"Article\",\"@id\":\"https:\\\/\\\/www.doulkeridis.be\\\/blog\\\/2016\\\/05\\\/11\\\/22-mars-a-bruxelles-y-a-t-il-eu-une-preparation-en-matiere-de-securite\\\/#article\",\"isPartOf\":{\"@id\":\"https:\\\/\\\/www.doulkeridis.be\\\/blog\\\/2016\\\/05\\\/11\\\/22-mars-a-bruxelles-y-a-t-il-eu-une-preparation-en-matiere-de-securite\\\/\"},\"author\":{\"name\":\"Christos Doulkeridis\",\"@id\":\"https:\\\/\\\/www.doulkeridis.be\\\/blog\\\/#\\\/schema\\\/person\\\/9f03f3459f0a4ba4db02aabbba098365\"},\"headline\":\"22 mars \u00e0 Bruxelles : y a-t-il eu une pr\u00e9paration en mati\u00e8re de s\u00e9curit\u00e9 ?\",\"datePublished\":\"2016-05-11T11:21:27+00:00\",\"dateModified\":\"2016-05-11T11:22:18+00:00\",\"mainEntityOfPage\":{\"@id\":\"https:\\\/\\\/www.doulkeridis.be\\\/blog\\\/2016\\\/05\\\/11\\\/22-mars-a-bruxelles-y-a-t-il-eu-une-preparation-en-matiere-de-securite\\\/\"},\"wordCount\":1375,\"publisher\":{\"@id\":\"https:\\\/\\\/www.doulkeridis.be\\\/blog\\\/#organization\"},\"image\":{\"@id\":\"https:\\\/\\\/www.doulkeridis.be\\\/blog\\\/2016\\\/05\\\/11\\\/22-mars-a-bruxelles-y-a-t-il-eu-une-preparation-en-matiere-de-securite\\\/#primaryimage\"},\"thumbnailUrl\":\"https:\\\/\\\/www.doulkeridis.be\\\/blog\\\/wp-content\\\/uploads\\\/2016\\\/05\\\/648x415.jpeg\",\"inLanguage\":\"fr-FR\"},{\"@type\":\"WebPage\",\"@id\":\"https:\\\/\\\/www.doulkeridis.be\\\/blog\\\/2016\\\/05\\\/11\\\/22-mars-a-bruxelles-y-a-t-il-eu-une-preparation-en-matiere-de-securite\\\/\",\"url\":\"https:\\\/\\\/www.doulkeridis.be\\\/blog\\\/2016\\\/05\\\/11\\\/22-mars-a-bruxelles-y-a-t-il-eu-une-preparation-en-matiere-de-securite\\\/\",\"name\":\"22 mars \u00e0 Bruxelles : y a-t-il eu une pr\u00e9paration en mati\u00e8re de s\u00e9curit\u00e9 ? - Christos Doulkeridis\",\"isPartOf\":{\"@id\":\"https:\\\/\\\/www.doulkeridis.be\\\/blog\\\/#website\"},\"primaryImageOfPage\":{\"@id\":\"https:\\\/\\\/www.doulkeridis.be\\\/blog\\\/2016\\\/05\\\/11\\\/22-mars-a-bruxelles-y-a-t-il-eu-une-preparation-en-matiere-de-securite\\\/#primaryimage\"},\"image\":{\"@id\":\"https:\\\/\\\/www.doulkeridis.be\\\/blog\\\/2016\\\/05\\\/11\\\/22-mars-a-bruxelles-y-a-t-il-eu-une-preparation-en-matiere-de-securite\\\/#primaryimage\"},\"thumbnailUrl\":\"https:\\\/\\\/www.doulkeridis.be\\\/blog\\\/wp-content\\\/uploads\\\/2016\\\/05\\\/648x415.jpeg\",\"datePublished\":\"2016-05-11T11:21:27+00:00\",\"dateModified\":\"2016-05-11T11:22:18+00:00\",\"breadcrumb\":{\"@id\":\"https:\\\/\\\/www.doulkeridis.be\\\/blog\\\/2016\\\/05\\\/11\\\/22-mars-a-bruxelles-y-a-t-il-eu-une-preparation-en-matiere-de-securite\\\/#breadcrumb\"},\"inLanguage\":\"fr-FR\",\"potentialAction\":[{\"@type\":\"ReadAction\",\"target\":[\"https:\\\/\\\/www.doulkeridis.be\\\/blog\\\/2016\\\/05\\\/11\\\/22-mars-a-bruxelles-y-a-t-il-eu-une-preparation-en-matiere-de-securite\\\/\"]}]},{\"@type\":\"ImageObject\",\"inLanguage\":\"fr-FR\",\"@id\":\"https:\\\/\\\/www.doulkeridis.be\\\/blog\\\/2016\\\/05\\\/11\\\/22-mars-a-bruxelles-y-a-t-il-eu-une-preparation-en-matiere-de-securite\\\/#primaryimage\",\"url\":\"https:\\\/\\\/www.doulkeridis.be\\\/blog\\\/wp-content\\\/uploads\\\/2016\\\/05\\\/648x415.jpeg\",\"contentUrl\":\"https:\\\/\\\/www.doulkeridis.be\\\/blog\\\/wp-content\\\/uploads\\\/2016\\\/05\\\/648x415.jpeg\",\"width\":648,\"height\":415},{\"@type\":\"BreadcrumbList\",\"@id\":\"https:\\\/\\\/www.doulkeridis.be\\\/blog\\\/2016\\\/05\\\/11\\\/22-mars-a-bruxelles-y-a-t-il-eu-une-preparation-en-matiere-de-securite\\\/#breadcrumb\",\"itemListElement\":[{\"@type\":\"ListItem\",\"position\":1,\"name\":\"Accueil\",\"item\":\"https:\\\/\\\/www.doulkeridis.be\\\/blog\\\/\"},{\"@type\":\"ListItem\",\"position\":2,\"name\":\"22 mars \u00e0 Bruxelles : y a-t-il eu une pr\u00e9paration en mati\u00e8re de s\u00e9curit\u00e9 ?\"}]},{\"@type\":\"WebSite\",\"@id\":\"https:\\\/\\\/www.doulkeridis.be\\\/blog\\\/#website\",\"url\":\"https:\\\/\\\/www.doulkeridis.be\\\/blog\\\/\",\"name\":\"Christos Doulkeridis\",\"description\":\"Coach | Consultant en solutions, gestion de crise, n\u00e9gociations\",\"publisher\":{\"@id\":\"https:\\\/\\\/www.doulkeridis.be\\\/blog\\\/#organization\"},\"potentialAction\":[{\"@type\":\"SearchAction\",\"target\":{\"@type\":\"EntryPoint\",\"urlTemplate\":\"https:\\\/\\\/www.doulkeridis.be\\\/blog\\\/?s={search_term_string}\"},\"query-input\":{\"@type\":\"PropertyValueSpecification\",\"valueRequired\":true,\"valueName\":\"search_term_string\"}}],\"inLanguage\":\"fr-FR\"},{\"@type\":\"Organization\",\"@id\":\"https:\\\/\\\/www.doulkeridis.be\\\/blog\\\/#organization\",\"name\":\"Ulyse\",\"url\":\"https:\\\/\\\/www.doulkeridis.be\\\/blog\\\/\",\"logo\":{\"@type\":\"ImageObject\",\"inLanguage\":\"fr-FR\",\"@id\":\"https:\\\/\\\/www.doulkeridis.be\\\/blog\\\/#\\\/schema\\\/logo\\\/image\\\/\",\"url\":\"https:\\\/\\\/www.doulkeridis.be\\\/blog\\\/wp-content\\\/uploads\\\/2026\\\/04\\\/2-5.png\",\"contentUrl\":\"https:\\\/\\\/www.doulkeridis.be\\\/blog\\\/wp-content\\\/uploads\\\/2026\\\/04\\\/2-5.png\",\"width\":1024,\"height\":728,\"caption\":\"Ulyse\"},\"image\":{\"@id\":\"https:\\\/\\\/www.doulkeridis.be\\\/blog\\\/#\\\/schema\\\/logo\\\/image\\\/\"},\"sameAs\":[\"https:\\\/\\\/www.facebook.com\\\/doulkeridis\",\"https:\\\/\\\/www.facebook.com\\\/christosdoulkeridis2\"]},{\"@type\":\"Person\",\"@id\":\"https:\\\/\\\/www.doulkeridis.be\\\/blog\\\/#\\\/schema\\\/person\\\/9f03f3459f0a4ba4db02aabbba098365\",\"name\":\"Christos Doulkeridis\",\"image\":{\"@type\":\"ImageObject\",\"inLanguage\":\"fr-FR\",\"@id\":\"https:\\\/\\\/secure.gravatar.com\\\/avatar\\\/71cb6e4369ca0615d93730ef3bc5f54642df4f6bcc59b92763d2ac434abf103e?s=96&d=mm&r=g\",\"url\":\"https:\\\/\\\/secure.gravatar.com\\\/avatar\\\/71cb6e4369ca0615d93730ef3bc5f54642df4f6bcc59b92763d2ac434abf103e?s=96&d=mm&r=g\",\"contentUrl\":\"https:\\\/\\\/secure.gravatar.com\\\/avatar\\\/71cb6e4369ca0615d93730ef3bc5f54642df4f6bcc59b92763d2ac434abf103e?s=96&d=mm&r=g\",\"caption\":\"Christos Doulkeridis\"},\"url\":\"https:\\\/\\\/www.doulkeridis.be\\\/blog\\\/author\\\/christos\\\/\"}]}<\/script>\n<!-- \/ Yoast SEO plugin. -->","yoast_head_json":{"title":"22 mars \u00e0 Bruxelles : y a-t-il eu une pr\u00e9paration en mati\u00e8re de s\u00e9curit\u00e9 ? - Christos Doulkeridis","robots":{"index":"index","follow":"follow","max-snippet":"max-snippet:-1","max-image-preview":"max-image-preview:large","max-video-preview":"max-video-preview:-1"},"canonical":"https:\/\/www.doulkeridis.be\/blog\/2016\/05\/11\/22-mars-a-bruxelles-y-a-t-il-eu-une-preparation-en-matiere-de-securite\/","og_locale":"fr_FR","og_type":"article","og_title":"22 mars \u00e0 Bruxelles : y a-t-il eu une pr\u00e9paration en mati\u00e8re de s\u00e9curit\u00e9 ? - Christos Doulkeridis","og_description":"Le 18 avril, le Parlement bruxellois organisait une\u00a0r\u00e9union sp\u00e9ciale consacr\u00e9e \u00e0 la gestion des attentats du 22 mars sur le plan de la s\u00e9curit\u00e9.\u00a0J&rsquo;ai eu l&rsquo;occasion d&rsquo;y d\u00e9velopper devant le Ministre-Pr\u00e9sident Rudi Vervoort le point de vue et les questions qui suivent. Ce d\u00e9bat s&rsquo;est concentr\u00e9 sur le r\u00f4le et la gestion par les diff\u00e9rents services de secours et de s\u00e9curit\u00e9 au cours de cette journ\u00e9e noire et des jours qui ont suivis, mais aussi sur ce qui a \u00e9t\u00e9 mis en place aux lendemains des attentats de Paris.\u00a0 Une s\u00e9rie de questions apparaissent en effet d&#8217;embl\u00e9e. A commencer par celle de notre pr\u00e9paration au risque particulier d&rsquo;attentat apr\u00e8s ceux perp\u00e9tr\u00e9s \u00e0 Paris le 13 novembre 2015.\u00a0Au lendemain de ces attentats, tant\u00a0le Premier Ministre, Charles Michel, que le Ministre de l&rsquo;Int\u00e9rieur, Jan Jambon, ont exprim\u00e9 l&rsquo;imminence d&rsquo;attentats en Belgique en soulignant le nouveau mode op\u00e9ratoire des terroristes visant \u00e0 frapper plusieurs sites en m\u00eame temps. Et pourtant, \u00e0 entendre les r\u00e9ponses des Ministres, ce constat n&rsquo;a pas \u00e9t\u00e9 accompagn\u00e9 de protocoles de s\u00e9curit\u00e9 visant \u00e0 prot\u00e9ger un certain nombre de sites, comme le m\u00e9tro ou les gares, dans le cas d&rsquo;un premier impact chez nous. Je ne veux pas dire [&hellip;]","og_url":"https:\/\/www.doulkeridis.be\/blog\/2016\/05\/11\/22-mars-a-bruxelles-y-a-t-il-eu-une-preparation-en-matiere-de-securite\/","og_site_name":"Christos Doulkeridis","article_publisher":"https:\/\/www.facebook.com\/doulkeridis","article_published_time":"2016-05-11T11:21:27+00:00","article_modified_time":"2016-05-11T11:22:18+00:00","og_image":[{"width":648,"height":415,"url":"https:\/\/www.doulkeridis.be\/blog\/wp-content\/uploads\/2016\/05\/648x415.jpeg","type":"image\/jpeg"}],"author":"Christos Doulkeridis","twitter_card":"summary_large_image","twitter_misc":{"\u00c9crit par":"Christos Doulkeridis","Dur\u00e9e de lecture estim\u00e9e":"6 minutes"},"schema":{"@context":"https:\/\/schema.org","@graph":[{"@type":"Article","@id":"https:\/\/www.doulkeridis.be\/blog\/2016\/05\/11\/22-mars-a-bruxelles-y-a-t-il-eu-une-preparation-en-matiere-de-securite\/#article","isPartOf":{"@id":"https:\/\/www.doulkeridis.be\/blog\/2016\/05\/11\/22-mars-a-bruxelles-y-a-t-il-eu-une-preparation-en-matiere-de-securite\/"},"author":{"name":"Christos Doulkeridis","@id":"https:\/\/www.doulkeridis.be\/blog\/#\/schema\/person\/9f03f3459f0a4ba4db02aabbba098365"},"headline":"22 mars \u00e0 Bruxelles : y a-t-il eu une pr\u00e9paration en mati\u00e8re de s\u00e9curit\u00e9 ?","datePublished":"2016-05-11T11:21:27+00:00","dateModified":"2016-05-11T11:22:18+00:00","mainEntityOfPage":{"@id":"https:\/\/www.doulkeridis.be\/blog\/2016\/05\/11\/22-mars-a-bruxelles-y-a-t-il-eu-une-preparation-en-matiere-de-securite\/"},"wordCount":1375,"publisher":{"@id":"https:\/\/www.doulkeridis.be\/blog\/#organization"},"image":{"@id":"https:\/\/www.doulkeridis.be\/blog\/2016\/05\/11\/22-mars-a-bruxelles-y-a-t-il-eu-une-preparation-en-matiere-de-securite\/#primaryimage"},"thumbnailUrl":"https:\/\/www.doulkeridis.be\/blog\/wp-content\/uploads\/2016\/05\/648x415.jpeg","inLanguage":"fr-FR"},{"@type":"WebPage","@id":"https:\/\/www.doulkeridis.be\/blog\/2016\/05\/11\/22-mars-a-bruxelles-y-a-t-il-eu-une-preparation-en-matiere-de-securite\/","url":"https:\/\/www.doulkeridis.be\/blog\/2016\/05\/11\/22-mars-a-bruxelles-y-a-t-il-eu-une-preparation-en-matiere-de-securite\/","name":"22 mars \u00e0 Bruxelles : y a-t-il eu une pr\u00e9paration en mati\u00e8re de s\u00e9curit\u00e9 ? - Christos Doulkeridis","isPartOf":{"@id":"https:\/\/www.doulkeridis.be\/blog\/#website"},"primaryImageOfPage":{"@id":"https:\/\/www.doulkeridis.be\/blog\/2016\/05\/11\/22-mars-a-bruxelles-y-a-t-il-eu-une-preparation-en-matiere-de-securite\/#primaryimage"},"image":{"@id":"https:\/\/www.doulkeridis.be\/blog\/2016\/05\/11\/22-mars-a-bruxelles-y-a-t-il-eu-une-preparation-en-matiere-de-securite\/#primaryimage"},"thumbnailUrl":"https:\/\/www.doulkeridis.be\/blog\/wp-content\/uploads\/2016\/05\/648x415.jpeg","datePublished":"2016-05-11T11:21:27+00:00","dateModified":"2016-05-11T11:22:18+00:00","breadcrumb":{"@id":"https:\/\/www.doulkeridis.be\/blog\/2016\/05\/11\/22-mars-a-bruxelles-y-a-t-il-eu-une-preparation-en-matiere-de-securite\/#breadcrumb"},"inLanguage":"fr-FR","potentialAction":[{"@type":"ReadAction","target":["https:\/\/www.doulkeridis.be\/blog\/2016\/05\/11\/22-mars-a-bruxelles-y-a-t-il-eu-une-preparation-en-matiere-de-securite\/"]}]},{"@type":"ImageObject","inLanguage":"fr-FR","@id":"https:\/\/www.doulkeridis.be\/blog\/2016\/05\/11\/22-mars-a-bruxelles-y-a-t-il-eu-une-preparation-en-matiere-de-securite\/#primaryimage","url":"https:\/\/www.doulkeridis.be\/blog\/wp-content\/uploads\/2016\/05\/648x415.jpeg","contentUrl":"https:\/\/www.doulkeridis.be\/blog\/wp-content\/uploads\/2016\/05\/648x415.jpeg","width":648,"height":415},{"@type":"BreadcrumbList","@id":"https:\/\/www.doulkeridis.be\/blog\/2016\/05\/11\/22-mars-a-bruxelles-y-a-t-il-eu-une-preparation-en-matiere-de-securite\/#breadcrumb","itemListElement":[{"@type":"ListItem","position":1,"name":"Accueil","item":"https:\/\/www.doulkeridis.be\/blog\/"},{"@type":"ListItem","position":2,"name":"22 mars \u00e0 Bruxelles : y a-t-il eu une pr\u00e9paration en mati\u00e8re de s\u00e9curit\u00e9 ?"}]},{"@type":"WebSite","@id":"https:\/\/www.doulkeridis.be\/blog\/#website","url":"https:\/\/www.doulkeridis.be\/blog\/","name":"Christos Doulkeridis","description":"Coach | Consultant en solutions, gestion de crise, n\u00e9gociations","publisher":{"@id":"https:\/\/www.doulkeridis.be\/blog\/#organization"},"potentialAction":[{"@type":"SearchAction","target":{"@type":"EntryPoint","urlTemplate":"https:\/\/www.doulkeridis.be\/blog\/?s={search_term_string}"},"query-input":{"@type":"PropertyValueSpecification","valueRequired":true,"valueName":"search_term_string"}}],"inLanguage":"fr-FR"},{"@type":"Organization","@id":"https:\/\/www.doulkeridis.be\/blog\/#organization","name":"Ulyse","url":"https:\/\/www.doulkeridis.be\/blog\/","logo":{"@type":"ImageObject","inLanguage":"fr-FR","@id":"https:\/\/www.doulkeridis.be\/blog\/#\/schema\/logo\/image\/","url":"https:\/\/www.doulkeridis.be\/blog\/wp-content\/uploads\/2026\/04\/2-5.png","contentUrl":"https:\/\/www.doulkeridis.be\/blog\/wp-content\/uploads\/2026\/04\/2-5.png","width":1024,"height":728,"caption":"Ulyse"},"image":{"@id":"https:\/\/www.doulkeridis.be\/blog\/#\/schema\/logo\/image\/"},"sameAs":["https:\/\/www.facebook.com\/doulkeridis","https:\/\/www.facebook.com\/christosdoulkeridis2"]},{"@type":"Person","@id":"https:\/\/www.doulkeridis.be\/blog\/#\/schema\/person\/9f03f3459f0a4ba4db02aabbba098365","name":"Christos Doulkeridis","image":{"@type":"ImageObject","inLanguage":"fr-FR","@id":"https:\/\/secure.gravatar.com\/avatar\/71cb6e4369ca0615d93730ef3bc5f54642df4f6bcc59b92763d2ac434abf103e?s=96&d=mm&r=g","url":"https:\/\/secure.gravatar.com\/avatar\/71cb6e4369ca0615d93730ef3bc5f54642df4f6bcc59b92763d2ac434abf103e?s=96&d=mm&r=g","contentUrl":"https:\/\/secure.gravatar.com\/avatar\/71cb6e4369ca0615d93730ef3bc5f54642df4f6bcc59b92763d2ac434abf103e?s=96&d=mm&r=g","caption":"Christos Doulkeridis"},"url":"https:\/\/www.doulkeridis.be\/blog\/author\/christos\/"}]}},"_links":{"self":[{"href":"https:\/\/www.doulkeridis.be\/blog\/wp-json\/wp\/v2\/posts\/12508","targetHints":{"allow":["GET"]}}],"collection":[{"href":"https:\/\/www.doulkeridis.be\/blog\/wp-json\/wp\/v2\/posts"}],"about":[{"href":"https:\/\/www.doulkeridis.be\/blog\/wp-json\/wp\/v2\/types\/post"}],"author":[{"embeddable":true,"href":"https:\/\/www.doulkeridis.be\/blog\/wp-json\/wp\/v2\/users\/2"}],"replies":[{"embeddable":true,"href":"https:\/\/www.doulkeridis.be\/blog\/wp-json\/wp\/v2\/comments?post=12508"}],"version-history":[{"count":6,"href":"https:\/\/www.doulkeridis.be\/blog\/wp-json\/wp\/v2\/posts\/12508\/revisions"}],"predecessor-version":[{"id":12515,"href":"https:\/\/www.doulkeridis.be\/blog\/wp-json\/wp\/v2\/posts\/12508\/revisions\/12515"}],"wp:featuredmedia":[{"embeddable":true,"href":"https:\/\/www.doulkeridis.be\/blog\/wp-json\/wp\/v2\/media\/12509"}],"wp:attachment":[{"href":"https:\/\/www.doulkeridis.be\/blog\/wp-json\/wp\/v2\/media?parent=12508"}],"wp:term":[{"taxonomy":"category","embeddable":true,"href":"https:\/\/www.doulkeridis.be\/blog\/wp-json\/wp\/v2\/categories?post=12508"},{"taxonomy":"post_tag","embeddable":true,"href":"https:\/\/www.doulkeridis.be\/blog\/wp-json\/wp\/v2\/tags?post=12508"}],"curies":[{"name":"wp","href":"https:\/\/api.w.org\/{rel}","templated":true}]}}