{"id":12559,"date":"2016-10-19T06:25:17","date_gmt":"2016-10-19T05:25:17","guid":{"rendered":"http:\/\/www.doulkeridis.be\/blog\/?p=12559"},"modified":"2016-10-19T06:25:17","modified_gmt":"2016-10-19T05:25:17","slug":"mieux-remunerer-les-artistes-de-nos-series-belges","status":"publish","type":"post","link":"https:\/\/www.doulkeridis.be\/blog\/2016\/10\/19\/mieux-remunerer-les-artistes-de-nos-series-belges\/","title":{"rendered":"Mieux r\u00e9mun\u00e9rer les artistes de nos s\u00e9ries belges"},"content":{"rendered":"<p><strong><em><a href=\"https:\/\/www.doulkeridis.be\/blog\/2016\/10\/19\/mieux-remunerer-les-artistes-de-nos-series-belges\/la-treve-tournage\/\" rel=\"attachment wp-att-12561\"><img loading=\"lazy\" decoding=\"async\" class=\"alignleft size-thumbnail wp-image-12561\" src=\"https:\/\/www.doulkeridis.be\/blog\/wp-content\/uploads\/2016\/10\/la-treve-tournage-290x290.png\" alt=\"la-treve-tournage\" width=\"290\" height=\"290\" srcset=\"https:\/\/www.doulkeridis.be\/blog\/wp-content\/uploads\/2016\/10\/la-treve-tournage-290x290.png 290w, https:\/\/www.doulkeridis.be\/blog\/wp-content\/uploads\/2016\/10\/la-treve-tournage-50x50.png 50w\" sizes=\"auto, (max-width: 290px) 100vw, 290px\" \/><\/a>Intervenant r\u00e9guli\u00e8rement au sujet des conditions de travail et de r\u00e9mun\u00e9ration des professionnels qui travaillent sur les s\u00e9ries belges, j&rsquo;ai cette semaine relay\u00e9 les critiques l\u00e9gitimes \u00e9mises par les professionnels qui contribuent \u00e0 leur succ\u00e8s, plus sp\u00e9cifiquement \u00e0 propos de la r\u00e9mun\u00e9ration des artistes et du nombre de jours de tournage pr\u00e9vus. Ces conditions sont en effet bien en de\u00e7\u00e0 de celles qui ont cours en Flandre et chez nos voisins.\u00a0Cet \u00e9tat de fait n&rsquo;est d&rsquo;ailleurs pas contest\u00e9, vu le nouvel accord qui serait intervenu cet \u00e9t\u00e9 pour revoir \u00e0 la hausse les plafonds des budgets de production des s\u00e9ries, que ce soit pour une premi\u00e8re ou une deuxi\u00e8me saison. Je rappelais aussi \u00e0 cette occasion la logique dans laquelle doit s&rsquo;inscrire le soutien apport\u00e9 par la F\u00e9d\u00e9ration, qui est celle de l&rsquo;aide aux m\u00e9tiers artistiques et non celle de \u00ab\u00a0produit\u00a0\u00bb financier t\u00e9l\u00e9visuel.\u00a0<\/em><\/strong><\/p>\n<p><b>M. Christos Doulkeridis (Ecolo). <\/b>\u2013 Je vous interpelle r\u00e9guli\u00e8rement sur les conditions de travail et les r\u00e9mun\u00e9rations des professionnels qui travaillent sur les s\u00e9ries que produisent conjointement la F\u00e9d\u00e9ration Wallonie-Bruxelles et la RTBF.<\/p>\n<p>Si nous partageons tous l\u2019enthousiasme suscit\u00e9 par la qualit\u00e9 des premi\u00e8res s\u00e9ries diffus\u00e9es, je ne manquerai pas pour autant de relayer les critiques l\u00e9gitimes \u00e9mises par les professionnels qui en ont fait le succ\u00e8s. Je les r\u00e9sumerai autour de deux enjeux: la r\u00e9mun\u00e9ration des artistes et le nombre de jours de tournage pr\u00e9vus.<\/p>\n<p>Ces deux aspects sont \u00e9videmment li\u00e9s au budget pr\u00e9vu contractuellement pour ces s\u00e9ries par la F\u00e9d\u00e9ration et la RTBF. Lors de notre dernier \u00e9change le 17 mai dernier, je vous demandais si le succ\u00e8s enregistr\u00e9 \u00e0 l\u2019\u00e9tranger permettrait d\u2019am\u00e9liorer ces conditions de travail. Cet enjeu est \u00e9videmment important d\u00e8s lors que nous consid\u00e9rons ces m\u00e9tiers \u00e0 leur juste valeur et que le soutien apport\u00e9 par notre F\u00e9d\u00e9ration s\u2019inscrit dans une logique d\u2019aide aux m\u00e9tiers artistiques et non dans une logique de produit financier t\u00e9l\u00e9visuel. De ce point de vue, votre r\u00e9ponse \u00e9tait encourageante. Vous disiez en effet: \u00abIl ne faudrait pas que nos s\u00e9ries deviennent, comme c\u2019est le cas en France, des produits financiers dans lesquels la dimension artistique n\u2019est plus prioritaire\u00bb.<\/p>\n<p>Je reviens sur un autre \u00e9l\u00e9ment de cet \u00e9change. Vous disiez que \u00abla d\u00e9cision du fonds d\u2019imposer un budget maximal par \u00e9pisode tournant aux alentours de 4 000 euros la minute se base sur une \u00e9tude de ce qui se fait en Flandre et dans les pays voisins\u00bb. Plusieurs d\u00e9clarations parues dans la presse ces derni\u00e8res semaines n\u2019\u00e9tayent pas vraiment cette comparaison.<\/p>\n<p>Pour ne citer que deux exemples, je reprendrai l\u2019interview de l\u2019un des acteurs de La Tr\u00eavequi parle d\u2019un cachet \u00e0 la journ\u00e9e quatre fois inf\u00e9rieur \u00e0 ce qui se pratique en France (Cin\u00e9 T\u00e9l\u00e9 Revue du 7 sep-tembre 2016) et l\u2019information\u00a0 relay\u00e9e par la Derni\u00e8re Heure fin ao\u00fbt selon laquelle la s\u00e9rie fran\u00e7aise Zone blanche b\u00e9n\u00e9ficie de 90 jours de tournage pour huit \u00e9pisodes contre 70 jours pour La Tr\u00eave qui en a tourn\u00e9 dix.<\/p>\n<p>Je pense que le sous-financement de nos s\u00e9ries ne devrait pas \u00eatre contest\u00e9. J\u2019en veux pour preuve qu\u2019un nouvel accord serait intervenu cet \u00e9t\u00e9 pour revoir \u00e0 la hausse les plafonds des budgets de production tant pour une premi\u00e8re que pour une \u00e9ventuelle deuxi\u00e8me saison. Le budget global pour une s\u00e9rie passerait des 2 \u00e0 2,5 millions d\u2019euros pr\u00e9vus initialement \u00e0 pr\u00e8s de 4,3 millions.<\/p>\n<p>Monsieur le Ministre, pouvez-vous nous pr\u00e9senter le nouveau cadre de production des s\u00e9ries belges francophones subsidi\u00e9es par la RTBF et la F\u00e9d\u00e9ration Wallonie-Bruxelles?<\/p>\n<p>&#8211; Quels sont les nouveaux montants pris en consid\u00e9ration?<\/p>\n<p>&#8211; Les augmentations annonc\u00e9es b\u00e9n\u00e9ficieront-elles \u00e0 l\u2019ensemble des m\u00e9tiers artistiques? Si oui, quelles sont les modalit\u00e9s pr\u00e9vues pour garantir cet objectif?<\/p>\n<p>Les producteurs \u00e9taient en demande d\u2019un assouplissement du cadre artistique des s\u00e9ries (nombre de s\u00e9ries et dur\u00e9e des \u00e9pisodes). Quels changements ont-ils \u00e9t\u00e9 \u00e9ventuellement d\u00e9cid\u00e9s dans cette direction?<\/p>\n<p><b>M. Jean-Claude Marcourt, vice-pr\u00e9sident et ministre de l\u2019Enseignement sup\u00e9rieur, de la Recherche et des M\u00e9dias<\/b>. \u2013 Lorsque j\u2019\u00e9voquais, dans ma pr\u00e9c\u00e9dente intervention sur le sujet, que la d\u00e9cision d\u2019imposer un budget maximal se fondait sur une \u00e9tude de ce qui se faisait dans les pays voisins, c\u2019\u00e9tait en prenant en consid\u00e9ration les sp\u00e9cificit\u00e9s de ceux-ci. Il n\u2019est pas appropri\u00e9 de comparer la situation dans notre F\u00e9d\u00e9ration avec celle de la France, un pays de plus de 60 millions d\u2019habitants, qui compte un savoir-faire et un secteur de la production autrement plus d\u00e9velopp\u00e9s que chez nous. Que le salaire des acteurs soit plus \u00e9lev\u00e9 en France n\u2019est pas une nouvelle.<\/p>\n<p>L\u2019ambition de la F\u00e9d\u00e9ration, lors de la cr\u00e9ation du fonds F\u00e9d\u00e9ration\/RTBF \u00e9tait de lancer, avec nos moyens et en partant de z\u00e9ro, une dynamique p\u00e9renne de production de s\u00e9ries t\u00e9l\u00e9vis\u00e9es. Apr\u00e8s la diffusion de deux s\u00e9ries au succ\u00e8s critique ind\u00e9niable et une perc\u00e9e de celles-ci au niveau international, nous pouvons effectivement faire \u00e9voluer le syst\u00e8me.<\/p>\n<p>Comme la conf\u00e9rence des pr\u00e9sidents a refus\u00e9 de joindre cette question avec celle pr\u00e9c\u00e9demment pos\u00e9e par M. Maroy, je vais donc me r\u00e9p\u00e9ter. Comme annonc\u00e9, des rencontres ont eu lieu entre les responsables de la F\u00e9d\u00e9ration, de la RTBF et les producteurs ind\u00e9pendants pour \u00e9valuer la n\u00e9cessit\u00e9 de modifier le cadre de production des s\u00e9ries belges, afin de tenir compte des exp\u00e9riences des deux premi\u00e8res s\u00e9ries.<\/p>\n<p>Sans augmenter l\u2019apport initial du fonds, il a \u00e9t\u00e9 d\u00e9cid\u00e9 de laisser davantage de latitude au producteur pour compl\u00e9ter son budget, et ce afin de pallier les probl\u00e8mes rencontr\u00e9s. Cependant, les responsables du fonds ont souhait\u00e9 garder quand m\u00eame un cadre d\u2019application, afin d\u2019\u00e9viter que les budgets n\u2019augmentent trop, entra\u00eenant une inflation telle que les saisons suivantes puissent \u00eatre mises en danger en cas de retrait de l\u2019une des sources de financement.<\/p>\n<p>Nous sommes toujours dans une logique de p\u00e9rennisation. Ainsi, les n\u00e9gociations entre le Centre du Cin\u00e9ma et la RTBF, motiv\u00e9es par les retours des professionnels sur les conditions difficiles de financement des s\u00e9ries ont eu pour r\u00e9sultat des modifications de plafonds de financement admissibles pour les s\u00e9ries, non seulement pour les saisons 1, mais de mani\u00e8re encore plus marqu\u00e9e pour les saisons 2.<\/p>\n<p>S\u2019agissant des montants \u00e0 prendre en consid\u00e9ration, l\u2019intervention du fonds n\u2019a pas chang\u00e9 et s\u2019\u00e9l\u00e8ve donc \u00e0 117 600 euros par \u00e9pisode de 52 minutes, soit 1 176 000 euros pour dix \u00e9pisodes, ce qui inclut une aide au d\u00e9veloppement de 200 000 euros et une aide \u00e0 la production de 976 000 euros.<\/p>\n<p>L\u2019intervention du fonds ne pourra pas d\u00e9passer un maximum de 50 % du budget global de production, \u00e9tant entendu que la production devra tourner autour de 275 000 euros par \u00e9pisode pour la saison 1 et de 330 000 euros par \u00e9pisode pour la saison 2. Ces budgets pourront \u00eatre augment\u00e9s de 20 % pour la saison 1, soit un budget maximal de 330 000 euros par \u00e9pisode pour une nouvelle s\u00e9rie et de 30 % pour la saison 2, soit un maximum de 429 000 euros par \u00e9pi sode d\u2019une s\u00e9rie renouvel\u00e9e, pour autant que cette augmentation soit justifi\u00e9e dans le devis pardes \u00e9l\u00e9ments tels que l\u2019exp\u00e9rience des talents attach\u00e9s au projet, le nombre de jours de tournage, le budget des effets sp\u00e9ciaux, le budget des d\u00e9cors et costumes.<\/p>\n<p>Les conditions en mati\u00e8re de coproduction \u00e9trang\u00e8re ne changent pas puisqu\u2019en cas d\u2019apport d\u2019un ou de plusieurs coproducteurs \u00e9trangers, l\u2019apport de ces derniers ne pourra d\u00e9passer 20 % du budget, apport des coproducteurs \u00e9trangers inclus. Ces modifications permettront donc au producteur de lever plus de financement pour sa s\u00e9rie et de veiller, d\u00e8s lors, \u00e0 une r\u00e9mun\u00e9ration correcte des artistes. La proc\u00e9dure en vigueur pr\u00e9voit qu\u2019avant tournage, chaque projet aura l\u2019obligation de passer devant la cellule d\u2019agr\u00e9ment conjointe Centre du Cin\u00e9ma et de l\u2019Audiovisuel (CCA)\/RTBF qui valide la viabilit\u00e9 financi\u00e8re de la s\u00e9rie, notamment en accordant une attention au salaire des intervenants de la cha\u00eene de cr\u00e9ation.<\/p>\n<p>Enfin, s\u2019agissant de la question relative \u00e0 l\u2019assouplissement du cadre artistique des s\u00e9ries, rien n\u2019a encore \u00e9t\u00e9 d\u00e9cid\u00e9 pour l\u2019instant. Cependant, la F\u00e9d\u00e9ration et la RTBF poursuivent leur r\u00e9flexion sur une \u00e9ventuelle ouverture aux 26 minutes qui, semble-t-il, conviendraient mieux \u00e0 la com\u00e9die que 52 minutes et sur une modification du nombre d\u2019\u00e9pisodes exig\u00e9.<\/p>\n<p>Comme vous pouvez le constater, il s\u2019agit d\u2019un travail en cours qui fait l\u2019objet de nombreuses discussions, toujours au b\u00e9n\u00e9fice du secteur.<\/p>\n<p><b>M. Christos Doulkeridis (Ecolo)<\/b>. \u2013 Monsieur le Ministre, je vous remercie pour ces pr\u00e9cisions. Je ne suis pas l\u2019auteur de cette comparaison avec la France. Elle d\u00e9coulait de votre r\u00e9ponse. La comparaison avec la Flandre est plus pertinente, mais il subsiste des diff\u00e9rences. Comme vous, je constate que la RTBF et le gouvernement travaillent dans la bonne direction depuis le d\u00e9but. Je voudrais souligner l\u2019int\u00e9r\u00eat de mener une \u00e9valuation et d\u2019adapter le projet en cours de r\u00e9alisation, ce que vous faites.<\/p>\n<p>Je note que la grande diff\u00e9rence ne provient pas de l\u2019augmentation du fonds, mais de la possibilit\u00e9 laiss\u00e9e au producteur de rechercher d\u2019autres financements qui sont n\u00e9anmoins plafonn\u00e9s. Mon objectif est d\u2019attirer l\u2019attention sur la r\u00e9mun\u00e9ration des diff\u00e9rents professionnels. L\u2019augmentation des plafonds, la possibilit\u00e9 de rechercher des moyens financiers externes et de pratiquer un examen en amont, avec une attention particuli\u00e8re sur la r\u00e9mun\u00e9ration des artistes, s\u2019inscrivent dans la bonne voie. Nous proc\u00e9derons a posteriori\u00e0 une \u00e9valuation afin de juger si ces principes sont mis en oeuvre.<\/p>\n","protected":false},"excerpt":{"rendered":"<p>Intervenant r\u00e9guli\u00e8rement au sujet des conditions de travail et de r\u00e9mun\u00e9ration des professionnels qui travaillent sur les s\u00e9ries belges, j&rsquo;ai cette semaine relay\u00e9 les critiques l\u00e9gitimes \u00e9mises par les professionnels qui contribuent \u00e0 leur succ\u00e8s, plus sp\u00e9cifiquement \u00e0 propos de la r\u00e9mun\u00e9ration des artistes et du nombre de jours de tournage pr\u00e9vus. Ces conditions sont en effet bien en de\u00e7\u00e0 de celles qui ont cours en Flandre et chez nos voisins.\u00a0Cet \u00e9tat de fait n&rsquo;est d&rsquo;ailleurs pas contest\u00e9, vu le nouvel accord qui serait intervenu cet \u00e9t\u00e9 pour revoir \u00e0 la hausse les plafonds des budgets de production des s\u00e9ries, que ce soit pour une premi\u00e8re ou une deuxi\u00e8me saison. Je rappelais aussi \u00e0 cette occasion la logique dans laquelle doit s&rsquo;inscrire le soutien apport\u00e9 par la F\u00e9d\u00e9ration, qui est celle de l&rsquo;aide aux m\u00e9tiers artistiques et non celle de \u00ab\u00a0produit\u00a0\u00bb financier t\u00e9l\u00e9visuel.\u00a0 M. Christos Doulkeridis (Ecolo). \u2013 Je vous interpelle r\u00e9guli\u00e8rement sur les conditions de travail et les r\u00e9mun\u00e9rations des professionnels qui travaillent sur les s\u00e9ries que produisent conjointement la F\u00e9d\u00e9ration Wallonie-Bruxelles et la RTBF. Si nous partageons tous l\u2019enthousiasme suscit\u00e9 par la qualit\u00e9 des premi\u00e8res s\u00e9ries diffus\u00e9es, je ne manquerai pas pour autant de relayer les critiques l\u00e9gitimes [&hellip;]<\/p>\n","protected":false},"author":2,"featured_media":12561,"comment_status":"closed","ping_status":"open","sticky":false,"template":"","format":"standard","meta":{"_monsterinsights_skip_tracking":false,"_monsterinsights_sitenote_active":false,"_monsterinsights_sitenote_note":"","_monsterinsights_sitenote_category":0,"ngg_post_thumbnail":0,"footnotes":""},"categories":[1042,83,1043],"tags":[],"class_list":["post-12559","post","type-post","status-publish","format-standard","has-post-thumbnail","hentry","category-artistes","category-culture","category-series"],"yoast_head":"<!-- This site is optimized with the Yoast SEO plugin v27.4 - https:\/\/yoast.com\/product\/yoast-seo-wordpress\/ -->\n<title>Mieux r\u00e9mun\u00e9rer les artistes de nos s\u00e9ries belges - Christos Doulkeridis<\/title>\n<meta name=\"robots\" content=\"index, follow, max-snippet:-1, max-image-preview:large, max-video-preview:-1\" \/>\n<link rel=\"canonical\" href=\"https:\/\/www.doulkeridis.be\/blog\/2016\/10\/19\/mieux-remunerer-les-artistes-de-nos-series-belges\/\" \/>\n<meta property=\"og:locale\" content=\"fr_FR\" \/>\n<meta property=\"og:type\" content=\"article\" \/>\n<meta property=\"og:title\" content=\"Mieux r\u00e9mun\u00e9rer les artistes de nos s\u00e9ries belges - Christos Doulkeridis\" \/>\n<meta property=\"og:description\" content=\"Intervenant r\u00e9guli\u00e8rement au sujet des conditions de travail et de r\u00e9mun\u00e9ration des professionnels qui travaillent sur les s\u00e9ries belges, j&rsquo;ai cette semaine relay\u00e9 les critiques l\u00e9gitimes \u00e9mises par les professionnels qui contribuent \u00e0 leur succ\u00e8s, plus sp\u00e9cifiquement \u00e0 propos de la r\u00e9mun\u00e9ration des artistes et du nombre de jours de tournage pr\u00e9vus. Ces conditions sont en effet bien en de\u00e7\u00e0 de celles qui ont cours en Flandre et chez nos voisins.\u00a0Cet \u00e9tat de fait n&rsquo;est d&rsquo;ailleurs pas contest\u00e9, vu le nouvel accord qui serait intervenu cet \u00e9t\u00e9 pour revoir \u00e0 la hausse les plafonds des budgets de production des s\u00e9ries, que ce soit pour une premi\u00e8re ou une deuxi\u00e8me saison. Je rappelais aussi \u00e0 cette occasion la logique dans laquelle doit s&rsquo;inscrire le soutien apport\u00e9 par la F\u00e9d\u00e9ration, qui est celle de l&rsquo;aide aux m\u00e9tiers artistiques et non celle de \u00ab\u00a0produit\u00a0\u00bb financier t\u00e9l\u00e9visuel.\u00a0 M. Christos Doulkeridis (Ecolo). \u2013 Je vous interpelle r\u00e9guli\u00e8rement sur les conditions de travail et les r\u00e9mun\u00e9rations des professionnels qui travaillent sur les s\u00e9ries que produisent conjointement la F\u00e9d\u00e9ration Wallonie-Bruxelles et la RTBF. Si nous partageons tous l\u2019enthousiasme suscit\u00e9 par la qualit\u00e9 des premi\u00e8res s\u00e9ries diffus\u00e9es, je ne manquerai pas pour autant de relayer les critiques l\u00e9gitimes [&hellip;]\" \/>\n<meta property=\"og:url\" content=\"https:\/\/www.doulkeridis.be\/blog\/2016\/10\/19\/mieux-remunerer-les-artistes-de-nos-series-belges\/\" \/>\n<meta property=\"og:site_name\" content=\"Christos Doulkeridis\" \/>\n<meta property=\"article:publisher\" content=\"https:\/\/www.facebook.com\/doulkeridis\" \/>\n<meta property=\"article:published_time\" content=\"2016-10-19T05:25:17+00:00\" \/>\n<meta property=\"og:image\" content=\"https:\/\/www.doulkeridis.be\/blog\/wp-content\/uploads\/2016\/10\/la-treve-tournage.png\" \/>\n\t<meta property=\"og:image:width\" content=\"582\" \/>\n\t<meta property=\"og:image:height\" content=\"338\" \/>\n\t<meta property=\"og:image:type\" content=\"image\/png\" \/>\n<meta name=\"author\" content=\"Christos Doulkeridis\" \/>\n<meta name=\"twitter:card\" content=\"summary_large_image\" \/>\n<meta name=\"twitter:label1\" content=\"\u00c9crit par\" \/>\n\t<meta name=\"twitter:data1\" content=\"Christos Doulkeridis\" \/>\n\t<meta name=\"twitter:label2\" content=\"Dur\u00e9e de lecture estim\u00e9e\" \/>\n\t<meta name=\"twitter:data2\" content=\"9 minutes\" \/>\n<script type=\"application\/ld+json\" class=\"yoast-schema-graph\">{\"@context\":\"https:\\\/\\\/schema.org\",\"@graph\":[{\"@type\":\"Article\",\"@id\":\"https:\\\/\\\/www.doulkeridis.be\\\/blog\\\/2016\\\/10\\\/19\\\/mieux-remunerer-les-artistes-de-nos-series-belges\\\/#article\",\"isPartOf\":{\"@id\":\"https:\\\/\\\/www.doulkeridis.be\\\/blog\\\/2016\\\/10\\\/19\\\/mieux-remunerer-les-artistes-de-nos-series-belges\\\/\"},\"author\":{\"name\":\"Christos Doulkeridis\",\"@id\":\"https:\\\/\\\/www.doulkeridis.be\\\/blog\\\/#\\\/schema\\\/person\\\/9f03f3459f0a4ba4db02aabbba098365\"},\"headline\":\"Mieux r\u00e9mun\u00e9rer les artistes de nos s\u00e9ries belges\",\"datePublished\":\"2016-10-19T05:25:17+00:00\",\"mainEntityOfPage\":{\"@id\":\"https:\\\/\\\/www.doulkeridis.be\\\/blog\\\/2016\\\/10\\\/19\\\/mieux-remunerer-les-artistes-de-nos-series-belges\\\/\"},\"wordCount\":1757,\"publisher\":{\"@id\":\"https:\\\/\\\/www.doulkeridis.be\\\/blog\\\/#organization\"},\"image\":{\"@id\":\"https:\\\/\\\/www.doulkeridis.be\\\/blog\\\/2016\\\/10\\\/19\\\/mieux-remunerer-les-artistes-de-nos-series-belges\\\/#primaryimage\"},\"thumbnailUrl\":\"https:\\\/\\\/www.doulkeridis.be\\\/blog\\\/wp-content\\\/uploads\\\/2016\\\/10\\\/la-treve-tournage.png\",\"articleSection\":[\"artistes\",\"Culture\",\"s\u00e9ries\"],\"inLanguage\":\"fr-FR\"},{\"@type\":\"WebPage\",\"@id\":\"https:\\\/\\\/www.doulkeridis.be\\\/blog\\\/2016\\\/10\\\/19\\\/mieux-remunerer-les-artistes-de-nos-series-belges\\\/\",\"url\":\"https:\\\/\\\/www.doulkeridis.be\\\/blog\\\/2016\\\/10\\\/19\\\/mieux-remunerer-les-artistes-de-nos-series-belges\\\/\",\"name\":\"Mieux r\u00e9mun\u00e9rer les artistes de nos s\u00e9ries belges - Christos Doulkeridis\",\"isPartOf\":{\"@id\":\"https:\\\/\\\/www.doulkeridis.be\\\/blog\\\/#website\"},\"primaryImageOfPage\":{\"@id\":\"https:\\\/\\\/www.doulkeridis.be\\\/blog\\\/2016\\\/10\\\/19\\\/mieux-remunerer-les-artistes-de-nos-series-belges\\\/#primaryimage\"},\"image\":{\"@id\":\"https:\\\/\\\/www.doulkeridis.be\\\/blog\\\/2016\\\/10\\\/19\\\/mieux-remunerer-les-artistes-de-nos-series-belges\\\/#primaryimage\"},\"thumbnailUrl\":\"https:\\\/\\\/www.doulkeridis.be\\\/blog\\\/wp-content\\\/uploads\\\/2016\\\/10\\\/la-treve-tournage.png\",\"datePublished\":\"2016-10-19T05:25:17+00:00\",\"breadcrumb\":{\"@id\":\"https:\\\/\\\/www.doulkeridis.be\\\/blog\\\/2016\\\/10\\\/19\\\/mieux-remunerer-les-artistes-de-nos-series-belges\\\/#breadcrumb\"},\"inLanguage\":\"fr-FR\",\"potentialAction\":[{\"@type\":\"ReadAction\",\"target\":[\"https:\\\/\\\/www.doulkeridis.be\\\/blog\\\/2016\\\/10\\\/19\\\/mieux-remunerer-les-artistes-de-nos-series-belges\\\/\"]}]},{\"@type\":\"ImageObject\",\"inLanguage\":\"fr-FR\",\"@id\":\"https:\\\/\\\/www.doulkeridis.be\\\/blog\\\/2016\\\/10\\\/19\\\/mieux-remunerer-les-artistes-de-nos-series-belges\\\/#primaryimage\",\"url\":\"https:\\\/\\\/www.doulkeridis.be\\\/blog\\\/wp-content\\\/uploads\\\/2016\\\/10\\\/la-treve-tournage.png\",\"contentUrl\":\"https:\\\/\\\/www.doulkeridis.be\\\/blog\\\/wp-content\\\/uploads\\\/2016\\\/10\\\/la-treve-tournage.png\",\"width\":582,\"height\":338},{\"@type\":\"BreadcrumbList\",\"@id\":\"https:\\\/\\\/www.doulkeridis.be\\\/blog\\\/2016\\\/10\\\/19\\\/mieux-remunerer-les-artistes-de-nos-series-belges\\\/#breadcrumb\",\"itemListElement\":[{\"@type\":\"ListItem\",\"position\":1,\"name\":\"Accueil\",\"item\":\"https:\\\/\\\/www.doulkeridis.be\\\/blog\\\/\"},{\"@type\":\"ListItem\",\"position\":2,\"name\":\"Mieux r\u00e9mun\u00e9rer les artistes de nos s\u00e9ries belges\"}]},{\"@type\":\"WebSite\",\"@id\":\"https:\\\/\\\/www.doulkeridis.be\\\/blog\\\/#website\",\"url\":\"https:\\\/\\\/www.doulkeridis.be\\\/blog\\\/\",\"name\":\"Christos Doulkeridis\",\"description\":\"Coach | Consultant en solutions, gestion de crise, n\u00e9gociations\",\"publisher\":{\"@id\":\"https:\\\/\\\/www.doulkeridis.be\\\/blog\\\/#organization\"},\"potentialAction\":[{\"@type\":\"SearchAction\",\"target\":{\"@type\":\"EntryPoint\",\"urlTemplate\":\"https:\\\/\\\/www.doulkeridis.be\\\/blog\\\/?s={search_term_string}\"},\"query-input\":{\"@type\":\"PropertyValueSpecification\",\"valueRequired\":true,\"valueName\":\"search_term_string\"}}],\"inLanguage\":\"fr-FR\"},{\"@type\":\"Organization\",\"@id\":\"https:\\\/\\\/www.doulkeridis.be\\\/blog\\\/#organization\",\"name\":\"Ulyse\",\"url\":\"https:\\\/\\\/www.doulkeridis.be\\\/blog\\\/\",\"logo\":{\"@type\":\"ImageObject\",\"inLanguage\":\"fr-FR\",\"@id\":\"https:\\\/\\\/www.doulkeridis.be\\\/blog\\\/#\\\/schema\\\/logo\\\/image\\\/\",\"url\":\"https:\\\/\\\/www.doulkeridis.be\\\/blog\\\/wp-content\\\/uploads\\\/2026\\\/04\\\/2-5.png\",\"contentUrl\":\"https:\\\/\\\/www.doulkeridis.be\\\/blog\\\/wp-content\\\/uploads\\\/2026\\\/04\\\/2-5.png\",\"width\":1024,\"height\":728,\"caption\":\"Ulyse\"},\"image\":{\"@id\":\"https:\\\/\\\/www.doulkeridis.be\\\/blog\\\/#\\\/schema\\\/logo\\\/image\\\/\"},\"sameAs\":[\"https:\\\/\\\/www.facebook.com\\\/doulkeridis\",\"https:\\\/\\\/www.facebook.com\\\/christosdoulkeridis2\"]},{\"@type\":\"Person\",\"@id\":\"https:\\\/\\\/www.doulkeridis.be\\\/blog\\\/#\\\/schema\\\/person\\\/9f03f3459f0a4ba4db02aabbba098365\",\"name\":\"Christos Doulkeridis\",\"image\":{\"@type\":\"ImageObject\",\"inLanguage\":\"fr-FR\",\"@id\":\"https:\\\/\\\/secure.gravatar.com\\\/avatar\\\/71cb6e4369ca0615d93730ef3bc5f54642df4f6bcc59b92763d2ac434abf103e?s=96&d=mm&r=g\",\"url\":\"https:\\\/\\\/secure.gravatar.com\\\/avatar\\\/71cb6e4369ca0615d93730ef3bc5f54642df4f6bcc59b92763d2ac434abf103e?s=96&d=mm&r=g\",\"contentUrl\":\"https:\\\/\\\/secure.gravatar.com\\\/avatar\\\/71cb6e4369ca0615d93730ef3bc5f54642df4f6bcc59b92763d2ac434abf103e?s=96&d=mm&r=g\",\"caption\":\"Christos Doulkeridis\"},\"url\":\"https:\\\/\\\/www.doulkeridis.be\\\/blog\\\/author\\\/christos\\\/\"}]}<\/script>\n<!-- \/ Yoast SEO plugin. -->","yoast_head_json":{"title":"Mieux r\u00e9mun\u00e9rer les artistes de nos s\u00e9ries belges - Christos Doulkeridis","robots":{"index":"index","follow":"follow","max-snippet":"max-snippet:-1","max-image-preview":"max-image-preview:large","max-video-preview":"max-video-preview:-1"},"canonical":"https:\/\/www.doulkeridis.be\/blog\/2016\/10\/19\/mieux-remunerer-les-artistes-de-nos-series-belges\/","og_locale":"fr_FR","og_type":"article","og_title":"Mieux r\u00e9mun\u00e9rer les artistes de nos s\u00e9ries belges - Christos Doulkeridis","og_description":"Intervenant r\u00e9guli\u00e8rement au sujet des conditions de travail et de r\u00e9mun\u00e9ration des professionnels qui travaillent sur les s\u00e9ries belges, j&rsquo;ai cette semaine relay\u00e9 les critiques l\u00e9gitimes \u00e9mises par les professionnels qui contribuent \u00e0 leur succ\u00e8s, plus sp\u00e9cifiquement \u00e0 propos de la r\u00e9mun\u00e9ration des artistes et du nombre de jours de tournage pr\u00e9vus. Ces conditions sont en effet bien en de\u00e7\u00e0 de celles qui ont cours en Flandre et chez nos voisins.\u00a0Cet \u00e9tat de fait n&rsquo;est d&rsquo;ailleurs pas contest\u00e9, vu le nouvel accord qui serait intervenu cet \u00e9t\u00e9 pour revoir \u00e0 la hausse les plafonds des budgets de production des s\u00e9ries, que ce soit pour une premi\u00e8re ou une deuxi\u00e8me saison. Je rappelais aussi \u00e0 cette occasion la logique dans laquelle doit s&rsquo;inscrire le soutien apport\u00e9 par la F\u00e9d\u00e9ration, qui est celle de l&rsquo;aide aux m\u00e9tiers artistiques et non celle de \u00ab\u00a0produit\u00a0\u00bb financier t\u00e9l\u00e9visuel.\u00a0 M. Christos Doulkeridis (Ecolo). \u2013 Je vous interpelle r\u00e9guli\u00e8rement sur les conditions de travail et les r\u00e9mun\u00e9rations des professionnels qui travaillent sur les s\u00e9ries que produisent conjointement la F\u00e9d\u00e9ration Wallonie-Bruxelles et la RTBF. Si nous partageons tous l\u2019enthousiasme suscit\u00e9 par la qualit\u00e9 des premi\u00e8res s\u00e9ries diffus\u00e9es, je ne manquerai pas pour autant de relayer les critiques l\u00e9gitimes [&hellip;]","og_url":"https:\/\/www.doulkeridis.be\/blog\/2016\/10\/19\/mieux-remunerer-les-artistes-de-nos-series-belges\/","og_site_name":"Christos Doulkeridis","article_publisher":"https:\/\/www.facebook.com\/doulkeridis","article_published_time":"2016-10-19T05:25:17+00:00","og_image":[{"width":582,"height":338,"url":"https:\/\/www.doulkeridis.be\/blog\/wp-content\/uploads\/2016\/10\/la-treve-tournage.png","type":"image\/png"}],"author":"Christos Doulkeridis","twitter_card":"summary_large_image","twitter_misc":{"\u00c9crit par":"Christos Doulkeridis","Dur\u00e9e de lecture estim\u00e9e":"9 minutes"},"schema":{"@context":"https:\/\/schema.org","@graph":[{"@type":"Article","@id":"https:\/\/www.doulkeridis.be\/blog\/2016\/10\/19\/mieux-remunerer-les-artistes-de-nos-series-belges\/#article","isPartOf":{"@id":"https:\/\/www.doulkeridis.be\/blog\/2016\/10\/19\/mieux-remunerer-les-artistes-de-nos-series-belges\/"},"author":{"name":"Christos Doulkeridis","@id":"https:\/\/www.doulkeridis.be\/blog\/#\/schema\/person\/9f03f3459f0a4ba4db02aabbba098365"},"headline":"Mieux r\u00e9mun\u00e9rer les artistes de nos s\u00e9ries belges","datePublished":"2016-10-19T05:25:17+00:00","mainEntityOfPage":{"@id":"https:\/\/www.doulkeridis.be\/blog\/2016\/10\/19\/mieux-remunerer-les-artistes-de-nos-series-belges\/"},"wordCount":1757,"publisher":{"@id":"https:\/\/www.doulkeridis.be\/blog\/#organization"},"image":{"@id":"https:\/\/www.doulkeridis.be\/blog\/2016\/10\/19\/mieux-remunerer-les-artistes-de-nos-series-belges\/#primaryimage"},"thumbnailUrl":"https:\/\/www.doulkeridis.be\/blog\/wp-content\/uploads\/2016\/10\/la-treve-tournage.png","articleSection":["artistes","Culture","s\u00e9ries"],"inLanguage":"fr-FR"},{"@type":"WebPage","@id":"https:\/\/www.doulkeridis.be\/blog\/2016\/10\/19\/mieux-remunerer-les-artistes-de-nos-series-belges\/","url":"https:\/\/www.doulkeridis.be\/blog\/2016\/10\/19\/mieux-remunerer-les-artistes-de-nos-series-belges\/","name":"Mieux r\u00e9mun\u00e9rer les artistes de nos s\u00e9ries belges - Christos Doulkeridis","isPartOf":{"@id":"https:\/\/www.doulkeridis.be\/blog\/#website"},"primaryImageOfPage":{"@id":"https:\/\/www.doulkeridis.be\/blog\/2016\/10\/19\/mieux-remunerer-les-artistes-de-nos-series-belges\/#primaryimage"},"image":{"@id":"https:\/\/www.doulkeridis.be\/blog\/2016\/10\/19\/mieux-remunerer-les-artistes-de-nos-series-belges\/#primaryimage"},"thumbnailUrl":"https:\/\/www.doulkeridis.be\/blog\/wp-content\/uploads\/2016\/10\/la-treve-tournage.png","datePublished":"2016-10-19T05:25:17+00:00","breadcrumb":{"@id":"https:\/\/www.doulkeridis.be\/blog\/2016\/10\/19\/mieux-remunerer-les-artistes-de-nos-series-belges\/#breadcrumb"},"inLanguage":"fr-FR","potentialAction":[{"@type":"ReadAction","target":["https:\/\/www.doulkeridis.be\/blog\/2016\/10\/19\/mieux-remunerer-les-artistes-de-nos-series-belges\/"]}]},{"@type":"ImageObject","inLanguage":"fr-FR","@id":"https:\/\/www.doulkeridis.be\/blog\/2016\/10\/19\/mieux-remunerer-les-artistes-de-nos-series-belges\/#primaryimage","url":"https:\/\/www.doulkeridis.be\/blog\/wp-content\/uploads\/2016\/10\/la-treve-tournage.png","contentUrl":"https:\/\/www.doulkeridis.be\/blog\/wp-content\/uploads\/2016\/10\/la-treve-tournage.png","width":582,"height":338},{"@type":"BreadcrumbList","@id":"https:\/\/www.doulkeridis.be\/blog\/2016\/10\/19\/mieux-remunerer-les-artistes-de-nos-series-belges\/#breadcrumb","itemListElement":[{"@type":"ListItem","position":1,"name":"Accueil","item":"https:\/\/www.doulkeridis.be\/blog\/"},{"@type":"ListItem","position":2,"name":"Mieux r\u00e9mun\u00e9rer les artistes de nos s\u00e9ries belges"}]},{"@type":"WebSite","@id":"https:\/\/www.doulkeridis.be\/blog\/#website","url":"https:\/\/www.doulkeridis.be\/blog\/","name":"Christos Doulkeridis","description":"Coach | Consultant en solutions, gestion de crise, n\u00e9gociations","publisher":{"@id":"https:\/\/www.doulkeridis.be\/blog\/#organization"},"potentialAction":[{"@type":"SearchAction","target":{"@type":"EntryPoint","urlTemplate":"https:\/\/www.doulkeridis.be\/blog\/?s={search_term_string}"},"query-input":{"@type":"PropertyValueSpecification","valueRequired":true,"valueName":"search_term_string"}}],"inLanguage":"fr-FR"},{"@type":"Organization","@id":"https:\/\/www.doulkeridis.be\/blog\/#organization","name":"Ulyse","url":"https:\/\/www.doulkeridis.be\/blog\/","logo":{"@type":"ImageObject","inLanguage":"fr-FR","@id":"https:\/\/www.doulkeridis.be\/blog\/#\/schema\/logo\/image\/","url":"https:\/\/www.doulkeridis.be\/blog\/wp-content\/uploads\/2026\/04\/2-5.png","contentUrl":"https:\/\/www.doulkeridis.be\/blog\/wp-content\/uploads\/2026\/04\/2-5.png","width":1024,"height":728,"caption":"Ulyse"},"image":{"@id":"https:\/\/www.doulkeridis.be\/blog\/#\/schema\/logo\/image\/"},"sameAs":["https:\/\/www.facebook.com\/doulkeridis","https:\/\/www.facebook.com\/christosdoulkeridis2"]},{"@type":"Person","@id":"https:\/\/www.doulkeridis.be\/blog\/#\/schema\/person\/9f03f3459f0a4ba4db02aabbba098365","name":"Christos Doulkeridis","image":{"@type":"ImageObject","inLanguage":"fr-FR","@id":"https:\/\/secure.gravatar.com\/avatar\/71cb6e4369ca0615d93730ef3bc5f54642df4f6bcc59b92763d2ac434abf103e?s=96&d=mm&r=g","url":"https:\/\/secure.gravatar.com\/avatar\/71cb6e4369ca0615d93730ef3bc5f54642df4f6bcc59b92763d2ac434abf103e?s=96&d=mm&r=g","contentUrl":"https:\/\/secure.gravatar.com\/avatar\/71cb6e4369ca0615d93730ef3bc5f54642df4f6bcc59b92763d2ac434abf103e?s=96&d=mm&r=g","caption":"Christos Doulkeridis"},"url":"https:\/\/www.doulkeridis.be\/blog\/author\/christos\/"}]}},"_links":{"self":[{"href":"https:\/\/www.doulkeridis.be\/blog\/wp-json\/wp\/v2\/posts\/12559","targetHints":{"allow":["GET"]}}],"collection":[{"href":"https:\/\/www.doulkeridis.be\/blog\/wp-json\/wp\/v2\/posts"}],"about":[{"href":"https:\/\/www.doulkeridis.be\/blog\/wp-json\/wp\/v2\/types\/post"}],"author":[{"embeddable":true,"href":"https:\/\/www.doulkeridis.be\/blog\/wp-json\/wp\/v2\/users\/2"}],"replies":[{"embeddable":true,"href":"https:\/\/www.doulkeridis.be\/blog\/wp-json\/wp\/v2\/comments?post=12559"}],"version-history":[{"count":4,"href":"https:\/\/www.doulkeridis.be\/blog\/wp-json\/wp\/v2\/posts\/12559\/revisions"}],"predecessor-version":[{"id":12564,"href":"https:\/\/www.doulkeridis.be\/blog\/wp-json\/wp\/v2\/posts\/12559\/revisions\/12564"}],"wp:featuredmedia":[{"embeddable":true,"href":"https:\/\/www.doulkeridis.be\/blog\/wp-json\/wp\/v2\/media\/12561"}],"wp:attachment":[{"href":"https:\/\/www.doulkeridis.be\/blog\/wp-json\/wp\/v2\/media?parent=12559"}],"wp:term":[{"taxonomy":"category","embeddable":true,"href":"https:\/\/www.doulkeridis.be\/blog\/wp-json\/wp\/v2\/categories?post=12559"},{"taxonomy":"post_tag","embeddable":true,"href":"https:\/\/www.doulkeridis.be\/blog\/wp-json\/wp\/v2\/tags?post=12559"}],"curies":[{"name":"wp","href":"https:\/\/api.w.org\/{rel}","templated":true}]}}