{"id":12642,"date":"2017-03-09T10:04:08","date_gmt":"2017-03-09T09:04:08","guid":{"rendered":"http:\/\/www.doulkeridis.be\/blog\/?p=12642"},"modified":"2026-04-14T16:04:51","modified_gmt":"2026-04-14T15:04:51","slug":"je-fais-partie-des-350-qui-appellent-a-sortir-lavortement-du-code-penal","status":"publish","type":"post","link":"https:\/\/www.doulkeridis.be\/blog\/2017\/03\/09\/je-fais-partie-des-350-qui-appellent-a-sortir-lavortement-du-code-penal\/","title":{"rendered":"Je fais partie des 350 qui appellent \u00e0 sortir l&rsquo;avortement du code p\u00e9nal"},"content":{"rendered":"<p><a href=\"https:\/\/www.doulkeridis.be\/blog\/2017\/03\/09\/je-fais-partie-des-350-qui-appellent-a-sortir-lavortement-du-code-penal\/1966839316_b971894257z-1_20140128175422_000_gp11rat2s-1-0\/\" rel=\"attachment wp-att-12657\"><img loading=\"lazy\" decoding=\"async\" class=\"alignleft size-thumbnail wp-image-12657\" src=\"https:\/\/www.doulkeridis.be\/blog\/wp-content\/uploads\/2017\/03\/1966839316_B971894257Z.1_20140128175422_000_GP11RAT2S.1-0-290x290.jpg\" alt=\"1966839316_B971894257Z.1_20140128175422_000_GP11RAT2S.1-0\" width=\"290\" height=\"290\" srcset=\"https:\/\/www.doulkeridis.be\/blog\/wp-content\/uploads\/2017\/03\/1966839316_B971894257Z.1_20140128175422_000_GP11RAT2S.1-0-290x290.jpg 290w, https:\/\/www.doulkeridis.be\/blog\/wp-content\/uploads\/2017\/03\/1966839316_B971894257Z.1_20140128175422_000_GP11RAT2S.1-0-50x50.jpg 50w\" sizes=\"auto, (max-width: 290px) 100vw, 290px\" \/><\/a><strong><em>En cette semaine de la Journ\u00e9e internationales des droits des femmes, parmi d&rsquo;autres revendications que je soutiens, j&rsquo;ai d\u00e9cid\u00e9 de faire partie signataires du \u00ab\u00a0Manifeste des 350\u00a0\u00bb appelant le l\u00e9gislateur f\u00e9d\u00e9ral au vote de la sortie de l&rsquo;avortement du Code p\u00e9nal belge.<\/em><\/strong><\/p>\n<p><strong>Manifeste des 350 : Nous exigeons la sortie de l&rsquo;avortement du Code p\u00e9nal belge pour un Droit des femmes \u00e0 l&rsquo;Interruption Volontaire de Grossesse.<\/strong><\/p>\n<p>En Belgique, L&rsquo;Interruption Volontaire de Grossesse (IVG) est un d\u00e9lit p\u00e9nal, excus\u00e9 sous certaines conditions. L&rsquo;IVG n&rsquo;est donc nullement un droit dans notre pays. Au contraire, les articles 350 et 351 du Code p\u00e9nal consid\u00e8rent toujours l&rsquo;avortement comme un \u00ab\u00a0d\u00e9lit contre l&rsquo;ordre des familles et la moralit\u00e9 publique\u00a0\u00bb et l&rsquo;article 383 criminalise toute information ou publicit\u00e9 portant sur l&rsquo;avortement.<\/p>\n<p>Nous exigeons que la femme enceinte puisse choisir en toute libert\u00e9 de conduire ou non \u00e0 terme une grossesse, sans justifier de ses raisons. Toute autre attitude s&rsquo;apparente \u00e0 une ing\u00e9rence dans l&rsquo;intimit\u00e9 de la femme et constitue une tentative de domination de son corps. Les femmes n&rsquo;ont pas \u00e0 rendre compte, \u00e0 s&rsquo;excuser ou \u00e0 culpabiliser de recourir \u00e0 l&rsquo;avortement si elles ne souhaitent pas avoir d&rsquo;enfant.<\/p>\n<p>Nous, signataires, exigeons que la loi reconnaisse le DROIT des femmes \u00e0 d\u00e9cider si elles veulent des enfants, combien, quand et avec qui.<\/p>\n<p>Chez nos voisins, en France et au Luxembourg, l&rsquo;IVG est un droit et non un d\u00e9lit. Les femmes de notre pays ont aussi droit \u00e0 l&rsquo;autod\u00e9termination. Citoyennes \u00e0 part enti\u00e8re, elles doivent pouvoir d\u00e9cider seules de poursuivre ou non une grossesse.<\/p>\n<p>Nous demandons que le statut des femmes en Belgique soit align\u00e9 sur les standards de bien-\u00eatre et de sant\u00e9 les plus \u00e9lev\u00e9s au sein de l&rsquo;Union europ\u00e9enne en appliquant la \u00ab\u00a0clause de l\u00a0&lsquo;Europ\u00e9enne la plus favoris\u00e9e\u00a0\u00bb. Nous demandons le vote d&rsquo;une loi belge supprimant les articles 350, 351 et 383 du Code p\u00e9nal et garantissant un acc\u00e8s sans entrave \u00e0 l&rsquo;Interruption Volontaire de Grossesse.<\/p>\n<p><b>Le &lsquo;Collectif des 350&rsquo;<\/b>\u00a0initi\u00e9 par\u00a0Susann Heenen-Wolff, Sylvie Lausberg, Christine Delmotte, Marie Mandy, Val\u00e9rie Piette, Mich\u00e8le Hirsch et Fabienne Bloc.<\/p>\n<p><a href=\"http:\/\/www.manifestedes350.be\">Signez et soutenez aussi cet appel : www.manifestedes350.be<\/a><\/p>\n","protected":false},"excerpt":{"rendered":"<p>En cette semaine de la Journ\u00e9e internationales des droits des femmes, parmi d&rsquo;autres revendications que je soutiens, j&rsquo;ai d\u00e9cid\u00e9 de faire partie signataires du \u00ab\u00a0Manifeste des 350\u00a0\u00bb appelant le l\u00e9gislateur f\u00e9d\u00e9ral au vote de la sortie de l&rsquo;avortement du Code p\u00e9nal belge. Manifeste des 350 : Nous exigeons la sortie de l&rsquo;avortement du Code p\u00e9nal belge pour un Droit des femmes \u00e0 l&rsquo;Interruption Volontaire de Grossesse. En Belgique, L&rsquo;Interruption Volontaire de Grossesse (IVG) est un d\u00e9lit p\u00e9nal, excus\u00e9 sous certaines conditions. L&rsquo;IVG n&rsquo;est donc nullement un droit dans notre pays. Au contraire, les articles 350 et 351 du Code p\u00e9nal consid\u00e8rent toujours l&rsquo;avortement comme un \u00ab\u00a0d\u00e9lit contre l&rsquo;ordre des familles et la moralit\u00e9 publique\u00a0\u00bb et l&rsquo;article 383 criminalise toute information ou publicit\u00e9 portant sur l&rsquo;avortement. Nous exigeons que la femme enceinte puisse choisir en toute libert\u00e9 de conduire ou non \u00e0 terme une grossesse, sans justifier de ses raisons. Toute autre attitude s&rsquo;apparente \u00e0 une ing\u00e9rence dans l&rsquo;intimit\u00e9 de la femme et constitue une tentative de domination de son corps. Les femmes n&rsquo;ont pas \u00e0 rendre compte, \u00e0 s&rsquo;excuser ou \u00e0 culpabiliser de recourir \u00e0 l&rsquo;avortement si elles ne souhaitent pas avoir d&rsquo;enfant. Nous, signataires, exigeons que la loi reconnaisse [&hellip;]<\/p>\n","protected":false},"author":2,"featured_media":12657,"comment_status":"closed","ping_status":"open","sticky":false,"template":"","format":"standard","meta":{"_monsterinsights_skip_tracking":false,"_monsterinsights_sitenote_active":false,"_monsterinsights_sitenote_note":"","_monsterinsights_sitenote_category":0,"ngg_post_thumbnail":0,"footnotes":""},"categories":[1047,1033,1049,1048],"tags":[612],"class_list":["post-12642","post","type-post","status-publish","format-standard","has-post-thumbnail","hentry","category-droit","category-egalite","category-femmes","category-ivg","tag-femmes"],"yoast_head":"<!-- This site is optimized with the Yoast SEO plugin v27.4 - https:\/\/yoast.com\/product\/yoast-seo-wordpress\/ -->\n<title>Je fais partie des 350 qui appellent \u00e0 sortir l&#039;avortement du code p\u00e9nal - Christos Doulkeridis<\/title>\n<meta name=\"robots\" content=\"index, follow, max-snippet:-1, max-image-preview:large, max-video-preview:-1\" \/>\n<link rel=\"canonical\" href=\"https:\/\/www.doulkeridis.be\/blog\/2017\/03\/09\/je-fais-partie-des-350-qui-appellent-a-sortir-lavortement-du-code-penal\/\" \/>\n<meta property=\"og:locale\" content=\"fr_FR\" \/>\n<meta property=\"og:type\" content=\"article\" \/>\n<meta property=\"og:title\" content=\"Je fais partie des 350 qui appellent \u00e0 sortir l&#039;avortement du code p\u00e9nal - Christos Doulkeridis\" \/>\n<meta property=\"og:description\" content=\"En cette semaine de la Journ\u00e9e internationales des droits des femmes, parmi d&rsquo;autres revendications que je soutiens, j&rsquo;ai d\u00e9cid\u00e9 de faire partie signataires du \u00ab\u00a0Manifeste des 350\u00a0\u00bb appelant le l\u00e9gislateur f\u00e9d\u00e9ral au vote de la sortie de l&rsquo;avortement du Code p\u00e9nal belge. Manifeste des 350 : Nous exigeons la sortie de l&rsquo;avortement du Code p\u00e9nal belge pour un Droit des femmes \u00e0 l&rsquo;Interruption Volontaire de Grossesse. En Belgique, L&rsquo;Interruption Volontaire de Grossesse (IVG) est un d\u00e9lit p\u00e9nal, excus\u00e9 sous certaines conditions. L&rsquo;IVG n&rsquo;est donc nullement un droit dans notre pays. Au contraire, les articles 350 et 351 du Code p\u00e9nal consid\u00e8rent toujours l&rsquo;avortement comme un \u00ab\u00a0d\u00e9lit contre l&rsquo;ordre des familles et la moralit\u00e9 publique\u00a0\u00bb et l&rsquo;article 383 criminalise toute information ou publicit\u00e9 portant sur l&rsquo;avortement. Nous exigeons que la femme enceinte puisse choisir en toute libert\u00e9 de conduire ou non \u00e0 terme une grossesse, sans justifier de ses raisons. Toute autre attitude s&rsquo;apparente \u00e0 une ing\u00e9rence dans l&rsquo;intimit\u00e9 de la femme et constitue une tentative de domination de son corps. Les femmes n&rsquo;ont pas \u00e0 rendre compte, \u00e0 s&rsquo;excuser ou \u00e0 culpabiliser de recourir \u00e0 l&rsquo;avortement si elles ne souhaitent pas avoir d&rsquo;enfant. Nous, signataires, exigeons que la loi reconnaisse [&hellip;]\" \/>\n<meta property=\"og:url\" content=\"https:\/\/www.doulkeridis.be\/blog\/2017\/03\/09\/je-fais-partie-des-350-qui-appellent-a-sortir-lavortement-du-code-penal\/\" \/>\n<meta property=\"og:site_name\" content=\"Christos Doulkeridis\" \/>\n<meta property=\"article:publisher\" content=\"https:\/\/www.facebook.com\/doulkeridis\" \/>\n<meta property=\"article:published_time\" content=\"2017-03-09T09:04:08+00:00\" \/>\n<meta property=\"article:modified_time\" content=\"2026-04-14T15:04:51+00:00\" \/>\n<meta property=\"og:image\" content=\"https:\/\/www.doulkeridis.be\/blog\/wp-content\/uploads\/2017\/03\/1966839316_B971894257Z.1_20140128175422_000_GP11RAT2S.1-0.jpg\" \/>\n\t<meta property=\"og:image:width\" content=\"475\" \/>\n\t<meta property=\"og:image:height\" content=\"317\" \/>\n\t<meta property=\"og:image:type\" content=\"image\/jpeg\" \/>\n<meta name=\"author\" content=\"Christos Doulkeridis\" \/>\n<meta name=\"twitter:card\" content=\"summary_large_image\" \/>\n<meta name=\"twitter:label1\" content=\"\u00c9crit par\" \/>\n\t<meta name=\"twitter:data1\" content=\"Christos Doulkeridis\" \/>\n\t<meta name=\"twitter:label2\" content=\"Dur\u00e9e de lecture estim\u00e9e\" \/>\n\t<meta name=\"twitter:data2\" content=\"2 minutes\" \/>\n<script type=\"application\/ld+json\" class=\"yoast-schema-graph\">{\"@context\":\"https:\\\/\\\/schema.org\",\"@graph\":[{\"@type\":\"Article\",\"@id\":\"https:\\\/\\\/www.doulkeridis.be\\\/blog\\\/2017\\\/03\\\/09\\\/je-fais-partie-des-350-qui-appellent-a-sortir-lavortement-du-code-penal\\\/#article\",\"isPartOf\":{\"@id\":\"https:\\\/\\\/www.doulkeridis.be\\\/blog\\\/2017\\\/03\\\/09\\\/je-fais-partie-des-350-qui-appellent-a-sortir-lavortement-du-code-penal\\\/\"},\"author\":{\"name\":\"Christos Doulkeridis\",\"@id\":\"https:\\\/\\\/www.doulkeridis.be\\\/blog\\\/#\\\/schema\\\/person\\\/9f03f3459f0a4ba4db02aabbba098365\"},\"headline\":\"Je fais partie des 350 qui appellent \u00e0 sortir l&rsquo;avortement du code p\u00e9nal\",\"datePublished\":\"2017-03-09T09:04:08+00:00\",\"dateModified\":\"2026-04-14T15:04:51+00:00\",\"mainEntityOfPage\":{\"@id\":\"https:\\\/\\\/www.doulkeridis.be\\\/blog\\\/2017\\\/03\\\/09\\\/je-fais-partie-des-350-qui-appellent-a-sortir-lavortement-du-code-penal\\\/\"},\"wordCount\":394,\"publisher\":{\"@id\":\"https:\\\/\\\/www.doulkeridis.be\\\/blog\\\/#organization\"},\"image\":{\"@id\":\"https:\\\/\\\/www.doulkeridis.be\\\/blog\\\/2017\\\/03\\\/09\\\/je-fais-partie-des-350-qui-appellent-a-sortir-lavortement-du-code-penal\\\/#primaryimage\"},\"thumbnailUrl\":\"https:\\\/\\\/www.doulkeridis.be\\\/blog\\\/wp-content\\\/uploads\\\/2017\\\/03\\\/1966839316_B971894257Z.1_20140128175422_000_GP11RAT2S.1-0.jpg\",\"keywords\":[\"femmes\"],\"articleSection\":[\"Droit\",\"Egalit\u00e9\",\"Femmes\",\"IVG\"],\"inLanguage\":\"fr-FR\"},{\"@type\":\"WebPage\",\"@id\":\"https:\\\/\\\/www.doulkeridis.be\\\/blog\\\/2017\\\/03\\\/09\\\/je-fais-partie-des-350-qui-appellent-a-sortir-lavortement-du-code-penal\\\/\",\"url\":\"https:\\\/\\\/www.doulkeridis.be\\\/blog\\\/2017\\\/03\\\/09\\\/je-fais-partie-des-350-qui-appellent-a-sortir-lavortement-du-code-penal\\\/\",\"name\":\"Je fais partie des 350 qui appellent \u00e0 sortir l'avortement du code p\u00e9nal - Christos Doulkeridis\",\"isPartOf\":{\"@id\":\"https:\\\/\\\/www.doulkeridis.be\\\/blog\\\/#website\"},\"primaryImageOfPage\":{\"@id\":\"https:\\\/\\\/www.doulkeridis.be\\\/blog\\\/2017\\\/03\\\/09\\\/je-fais-partie-des-350-qui-appellent-a-sortir-lavortement-du-code-penal\\\/#primaryimage\"},\"image\":{\"@id\":\"https:\\\/\\\/www.doulkeridis.be\\\/blog\\\/2017\\\/03\\\/09\\\/je-fais-partie-des-350-qui-appellent-a-sortir-lavortement-du-code-penal\\\/#primaryimage\"},\"thumbnailUrl\":\"https:\\\/\\\/www.doulkeridis.be\\\/blog\\\/wp-content\\\/uploads\\\/2017\\\/03\\\/1966839316_B971894257Z.1_20140128175422_000_GP11RAT2S.1-0.jpg\",\"datePublished\":\"2017-03-09T09:04:08+00:00\",\"dateModified\":\"2026-04-14T15:04:51+00:00\",\"breadcrumb\":{\"@id\":\"https:\\\/\\\/www.doulkeridis.be\\\/blog\\\/2017\\\/03\\\/09\\\/je-fais-partie-des-350-qui-appellent-a-sortir-lavortement-du-code-penal\\\/#breadcrumb\"},\"inLanguage\":\"fr-FR\",\"potentialAction\":[{\"@type\":\"ReadAction\",\"target\":[\"https:\\\/\\\/www.doulkeridis.be\\\/blog\\\/2017\\\/03\\\/09\\\/je-fais-partie-des-350-qui-appellent-a-sortir-lavortement-du-code-penal\\\/\"]}]},{\"@type\":\"ImageObject\",\"inLanguage\":\"fr-FR\",\"@id\":\"https:\\\/\\\/www.doulkeridis.be\\\/blog\\\/2017\\\/03\\\/09\\\/je-fais-partie-des-350-qui-appellent-a-sortir-lavortement-du-code-penal\\\/#primaryimage\",\"url\":\"https:\\\/\\\/www.doulkeridis.be\\\/blog\\\/wp-content\\\/uploads\\\/2017\\\/03\\\/1966839316_B971894257Z.1_20140128175422_000_GP11RAT2S.1-0.jpg\",\"contentUrl\":\"https:\\\/\\\/www.doulkeridis.be\\\/blog\\\/wp-content\\\/uploads\\\/2017\\\/03\\\/1966839316_B971894257Z.1_20140128175422_000_GP11RAT2S.1-0.jpg\",\"width\":475,\"height\":317},{\"@type\":\"BreadcrumbList\",\"@id\":\"https:\\\/\\\/www.doulkeridis.be\\\/blog\\\/2017\\\/03\\\/09\\\/je-fais-partie-des-350-qui-appellent-a-sortir-lavortement-du-code-penal\\\/#breadcrumb\",\"itemListElement\":[{\"@type\":\"ListItem\",\"position\":1,\"name\":\"Accueil\",\"item\":\"https:\\\/\\\/www.doulkeridis.be\\\/blog\\\/\"},{\"@type\":\"ListItem\",\"position\":2,\"name\":\"Je fais partie des 350 qui appellent \u00e0 sortir l&rsquo;avortement du code p\u00e9nal\"}]},{\"@type\":\"WebSite\",\"@id\":\"https:\\\/\\\/www.doulkeridis.be\\\/blog\\\/#website\",\"url\":\"https:\\\/\\\/www.doulkeridis.be\\\/blog\\\/\",\"name\":\"Christos Doulkeridis\",\"description\":\"Coach | Consultant en solutions, gestion de crise, n\u00e9gociations\",\"publisher\":{\"@id\":\"https:\\\/\\\/www.doulkeridis.be\\\/blog\\\/#organization\"},\"potentialAction\":[{\"@type\":\"SearchAction\",\"target\":{\"@type\":\"EntryPoint\",\"urlTemplate\":\"https:\\\/\\\/www.doulkeridis.be\\\/blog\\\/?s={search_term_string}\"},\"query-input\":{\"@type\":\"PropertyValueSpecification\",\"valueRequired\":true,\"valueName\":\"search_term_string\"}}],\"inLanguage\":\"fr-FR\"},{\"@type\":\"Organization\",\"@id\":\"https:\\\/\\\/www.doulkeridis.be\\\/blog\\\/#organization\",\"name\":\"Ulyse\",\"url\":\"https:\\\/\\\/www.doulkeridis.be\\\/blog\\\/\",\"logo\":{\"@type\":\"ImageObject\",\"inLanguage\":\"fr-FR\",\"@id\":\"https:\\\/\\\/www.doulkeridis.be\\\/blog\\\/#\\\/schema\\\/logo\\\/image\\\/\",\"url\":\"https:\\\/\\\/www.doulkeridis.be\\\/blog\\\/wp-content\\\/uploads\\\/2026\\\/04\\\/2-5.png\",\"contentUrl\":\"https:\\\/\\\/www.doulkeridis.be\\\/blog\\\/wp-content\\\/uploads\\\/2026\\\/04\\\/2-5.png\",\"width\":1024,\"height\":728,\"caption\":\"Ulyse\"},\"image\":{\"@id\":\"https:\\\/\\\/www.doulkeridis.be\\\/blog\\\/#\\\/schema\\\/logo\\\/image\\\/\"},\"sameAs\":[\"https:\\\/\\\/www.facebook.com\\\/doulkeridis\",\"https:\\\/\\\/www.facebook.com\\\/christosdoulkeridis2\"]},{\"@type\":\"Person\",\"@id\":\"https:\\\/\\\/www.doulkeridis.be\\\/blog\\\/#\\\/schema\\\/person\\\/9f03f3459f0a4ba4db02aabbba098365\",\"name\":\"Christos Doulkeridis\",\"image\":{\"@type\":\"ImageObject\",\"inLanguage\":\"fr-FR\",\"@id\":\"https:\\\/\\\/secure.gravatar.com\\\/avatar\\\/71cb6e4369ca0615d93730ef3bc5f54642df4f6bcc59b92763d2ac434abf103e?s=96&d=mm&r=g\",\"url\":\"https:\\\/\\\/secure.gravatar.com\\\/avatar\\\/71cb6e4369ca0615d93730ef3bc5f54642df4f6bcc59b92763d2ac434abf103e?s=96&d=mm&r=g\",\"contentUrl\":\"https:\\\/\\\/secure.gravatar.com\\\/avatar\\\/71cb6e4369ca0615d93730ef3bc5f54642df4f6bcc59b92763d2ac434abf103e?s=96&d=mm&r=g\",\"caption\":\"Christos Doulkeridis\"},\"url\":\"https:\\\/\\\/www.doulkeridis.be\\\/blog\\\/author\\\/christos\\\/\"}]}<\/script>\n<!-- \/ Yoast SEO plugin. -->","yoast_head_json":{"title":"Je fais partie des 350 qui appellent \u00e0 sortir l'avortement du code p\u00e9nal - Christos Doulkeridis","robots":{"index":"index","follow":"follow","max-snippet":"max-snippet:-1","max-image-preview":"max-image-preview:large","max-video-preview":"max-video-preview:-1"},"canonical":"https:\/\/www.doulkeridis.be\/blog\/2017\/03\/09\/je-fais-partie-des-350-qui-appellent-a-sortir-lavortement-du-code-penal\/","og_locale":"fr_FR","og_type":"article","og_title":"Je fais partie des 350 qui appellent \u00e0 sortir l'avortement du code p\u00e9nal - Christos Doulkeridis","og_description":"En cette semaine de la Journ\u00e9e internationales des droits des femmes, parmi d&rsquo;autres revendications que je soutiens, j&rsquo;ai d\u00e9cid\u00e9 de faire partie signataires du \u00ab\u00a0Manifeste des 350\u00a0\u00bb appelant le l\u00e9gislateur f\u00e9d\u00e9ral au vote de la sortie de l&rsquo;avortement du Code p\u00e9nal belge. Manifeste des 350 : Nous exigeons la sortie de l&rsquo;avortement du Code p\u00e9nal belge pour un Droit des femmes \u00e0 l&rsquo;Interruption Volontaire de Grossesse. En Belgique, L&rsquo;Interruption Volontaire de Grossesse (IVG) est un d\u00e9lit p\u00e9nal, excus\u00e9 sous certaines conditions. L&rsquo;IVG n&rsquo;est donc nullement un droit dans notre pays. Au contraire, les articles 350 et 351 du Code p\u00e9nal consid\u00e8rent toujours l&rsquo;avortement comme un \u00ab\u00a0d\u00e9lit contre l&rsquo;ordre des familles et la moralit\u00e9 publique\u00a0\u00bb et l&rsquo;article 383 criminalise toute information ou publicit\u00e9 portant sur l&rsquo;avortement. Nous exigeons que la femme enceinte puisse choisir en toute libert\u00e9 de conduire ou non \u00e0 terme une grossesse, sans justifier de ses raisons. Toute autre attitude s&rsquo;apparente \u00e0 une ing\u00e9rence dans l&rsquo;intimit\u00e9 de la femme et constitue une tentative de domination de son corps. Les femmes n&rsquo;ont pas \u00e0 rendre compte, \u00e0 s&rsquo;excuser ou \u00e0 culpabiliser de recourir \u00e0 l&rsquo;avortement si elles ne souhaitent pas avoir d&rsquo;enfant. Nous, signataires, exigeons que la loi reconnaisse [&hellip;]","og_url":"https:\/\/www.doulkeridis.be\/blog\/2017\/03\/09\/je-fais-partie-des-350-qui-appellent-a-sortir-lavortement-du-code-penal\/","og_site_name":"Christos Doulkeridis","article_publisher":"https:\/\/www.facebook.com\/doulkeridis","article_published_time":"2017-03-09T09:04:08+00:00","article_modified_time":"2026-04-14T15:04:51+00:00","og_image":[{"width":475,"height":317,"url":"https:\/\/www.doulkeridis.be\/blog\/wp-content\/uploads\/2017\/03\/1966839316_B971894257Z.1_20140128175422_000_GP11RAT2S.1-0.jpg","type":"image\/jpeg"}],"author":"Christos Doulkeridis","twitter_card":"summary_large_image","twitter_misc":{"\u00c9crit par":"Christos Doulkeridis","Dur\u00e9e de lecture estim\u00e9e":"2 minutes"},"schema":{"@context":"https:\/\/schema.org","@graph":[{"@type":"Article","@id":"https:\/\/www.doulkeridis.be\/blog\/2017\/03\/09\/je-fais-partie-des-350-qui-appellent-a-sortir-lavortement-du-code-penal\/#article","isPartOf":{"@id":"https:\/\/www.doulkeridis.be\/blog\/2017\/03\/09\/je-fais-partie-des-350-qui-appellent-a-sortir-lavortement-du-code-penal\/"},"author":{"name":"Christos Doulkeridis","@id":"https:\/\/www.doulkeridis.be\/blog\/#\/schema\/person\/9f03f3459f0a4ba4db02aabbba098365"},"headline":"Je fais partie des 350 qui appellent \u00e0 sortir l&rsquo;avortement du code p\u00e9nal","datePublished":"2017-03-09T09:04:08+00:00","dateModified":"2026-04-14T15:04:51+00:00","mainEntityOfPage":{"@id":"https:\/\/www.doulkeridis.be\/blog\/2017\/03\/09\/je-fais-partie-des-350-qui-appellent-a-sortir-lavortement-du-code-penal\/"},"wordCount":394,"publisher":{"@id":"https:\/\/www.doulkeridis.be\/blog\/#organization"},"image":{"@id":"https:\/\/www.doulkeridis.be\/blog\/2017\/03\/09\/je-fais-partie-des-350-qui-appellent-a-sortir-lavortement-du-code-penal\/#primaryimage"},"thumbnailUrl":"https:\/\/www.doulkeridis.be\/blog\/wp-content\/uploads\/2017\/03\/1966839316_B971894257Z.1_20140128175422_000_GP11RAT2S.1-0.jpg","keywords":["femmes"],"articleSection":["Droit","Egalit\u00e9","Femmes","IVG"],"inLanguage":"fr-FR"},{"@type":"WebPage","@id":"https:\/\/www.doulkeridis.be\/blog\/2017\/03\/09\/je-fais-partie-des-350-qui-appellent-a-sortir-lavortement-du-code-penal\/","url":"https:\/\/www.doulkeridis.be\/blog\/2017\/03\/09\/je-fais-partie-des-350-qui-appellent-a-sortir-lavortement-du-code-penal\/","name":"Je fais partie des 350 qui appellent \u00e0 sortir l'avortement du code p\u00e9nal - Christos Doulkeridis","isPartOf":{"@id":"https:\/\/www.doulkeridis.be\/blog\/#website"},"primaryImageOfPage":{"@id":"https:\/\/www.doulkeridis.be\/blog\/2017\/03\/09\/je-fais-partie-des-350-qui-appellent-a-sortir-lavortement-du-code-penal\/#primaryimage"},"image":{"@id":"https:\/\/www.doulkeridis.be\/blog\/2017\/03\/09\/je-fais-partie-des-350-qui-appellent-a-sortir-lavortement-du-code-penal\/#primaryimage"},"thumbnailUrl":"https:\/\/www.doulkeridis.be\/blog\/wp-content\/uploads\/2017\/03\/1966839316_B971894257Z.1_20140128175422_000_GP11RAT2S.1-0.jpg","datePublished":"2017-03-09T09:04:08+00:00","dateModified":"2026-04-14T15:04:51+00:00","breadcrumb":{"@id":"https:\/\/www.doulkeridis.be\/blog\/2017\/03\/09\/je-fais-partie-des-350-qui-appellent-a-sortir-lavortement-du-code-penal\/#breadcrumb"},"inLanguage":"fr-FR","potentialAction":[{"@type":"ReadAction","target":["https:\/\/www.doulkeridis.be\/blog\/2017\/03\/09\/je-fais-partie-des-350-qui-appellent-a-sortir-lavortement-du-code-penal\/"]}]},{"@type":"ImageObject","inLanguage":"fr-FR","@id":"https:\/\/www.doulkeridis.be\/blog\/2017\/03\/09\/je-fais-partie-des-350-qui-appellent-a-sortir-lavortement-du-code-penal\/#primaryimage","url":"https:\/\/www.doulkeridis.be\/blog\/wp-content\/uploads\/2017\/03\/1966839316_B971894257Z.1_20140128175422_000_GP11RAT2S.1-0.jpg","contentUrl":"https:\/\/www.doulkeridis.be\/blog\/wp-content\/uploads\/2017\/03\/1966839316_B971894257Z.1_20140128175422_000_GP11RAT2S.1-0.jpg","width":475,"height":317},{"@type":"BreadcrumbList","@id":"https:\/\/www.doulkeridis.be\/blog\/2017\/03\/09\/je-fais-partie-des-350-qui-appellent-a-sortir-lavortement-du-code-penal\/#breadcrumb","itemListElement":[{"@type":"ListItem","position":1,"name":"Accueil","item":"https:\/\/www.doulkeridis.be\/blog\/"},{"@type":"ListItem","position":2,"name":"Je fais partie des 350 qui appellent \u00e0 sortir l&rsquo;avortement du code p\u00e9nal"}]},{"@type":"WebSite","@id":"https:\/\/www.doulkeridis.be\/blog\/#website","url":"https:\/\/www.doulkeridis.be\/blog\/","name":"Christos Doulkeridis","description":"Coach | Consultant en solutions, gestion de crise, n\u00e9gociations","publisher":{"@id":"https:\/\/www.doulkeridis.be\/blog\/#organization"},"potentialAction":[{"@type":"SearchAction","target":{"@type":"EntryPoint","urlTemplate":"https:\/\/www.doulkeridis.be\/blog\/?s={search_term_string}"},"query-input":{"@type":"PropertyValueSpecification","valueRequired":true,"valueName":"search_term_string"}}],"inLanguage":"fr-FR"},{"@type":"Organization","@id":"https:\/\/www.doulkeridis.be\/blog\/#organization","name":"Ulyse","url":"https:\/\/www.doulkeridis.be\/blog\/","logo":{"@type":"ImageObject","inLanguage":"fr-FR","@id":"https:\/\/www.doulkeridis.be\/blog\/#\/schema\/logo\/image\/","url":"https:\/\/www.doulkeridis.be\/blog\/wp-content\/uploads\/2026\/04\/2-5.png","contentUrl":"https:\/\/www.doulkeridis.be\/blog\/wp-content\/uploads\/2026\/04\/2-5.png","width":1024,"height":728,"caption":"Ulyse"},"image":{"@id":"https:\/\/www.doulkeridis.be\/blog\/#\/schema\/logo\/image\/"},"sameAs":["https:\/\/www.facebook.com\/doulkeridis","https:\/\/www.facebook.com\/christosdoulkeridis2"]},{"@type":"Person","@id":"https:\/\/www.doulkeridis.be\/blog\/#\/schema\/person\/9f03f3459f0a4ba4db02aabbba098365","name":"Christos Doulkeridis","image":{"@type":"ImageObject","inLanguage":"fr-FR","@id":"https:\/\/secure.gravatar.com\/avatar\/71cb6e4369ca0615d93730ef3bc5f54642df4f6bcc59b92763d2ac434abf103e?s=96&d=mm&r=g","url":"https:\/\/secure.gravatar.com\/avatar\/71cb6e4369ca0615d93730ef3bc5f54642df4f6bcc59b92763d2ac434abf103e?s=96&d=mm&r=g","contentUrl":"https:\/\/secure.gravatar.com\/avatar\/71cb6e4369ca0615d93730ef3bc5f54642df4f6bcc59b92763d2ac434abf103e?s=96&d=mm&r=g","caption":"Christos Doulkeridis"},"url":"https:\/\/www.doulkeridis.be\/blog\/author\/christos\/"}]}},"_links":{"self":[{"href":"https:\/\/www.doulkeridis.be\/blog\/wp-json\/wp\/v2\/posts\/12642","targetHints":{"allow":["GET"]}}],"collection":[{"href":"https:\/\/www.doulkeridis.be\/blog\/wp-json\/wp\/v2\/posts"}],"about":[{"href":"https:\/\/www.doulkeridis.be\/blog\/wp-json\/wp\/v2\/types\/post"}],"author":[{"embeddable":true,"href":"https:\/\/www.doulkeridis.be\/blog\/wp-json\/wp\/v2\/users\/2"}],"replies":[{"embeddable":true,"href":"https:\/\/www.doulkeridis.be\/blog\/wp-json\/wp\/v2\/comments?post=12642"}],"version-history":[{"count":11,"href":"https:\/\/www.doulkeridis.be\/blog\/wp-json\/wp\/v2\/posts\/12642\/revisions"}],"predecessor-version":[{"id":12658,"href":"https:\/\/www.doulkeridis.be\/blog\/wp-json\/wp\/v2\/posts\/12642\/revisions\/12658"}],"wp:featuredmedia":[{"embeddable":true,"href":"https:\/\/www.doulkeridis.be\/blog\/wp-json\/wp\/v2\/media\/12657"}],"wp:attachment":[{"href":"https:\/\/www.doulkeridis.be\/blog\/wp-json\/wp\/v2\/media?parent=12642"}],"wp:term":[{"taxonomy":"category","embeddable":true,"href":"https:\/\/www.doulkeridis.be\/blog\/wp-json\/wp\/v2\/categories?post=12642"},{"taxonomy":"post_tag","embeddable":true,"href":"https:\/\/www.doulkeridis.be\/blog\/wp-json\/wp\/v2\/tags?post=12642"}],"curies":[{"name":"wp","href":"https:\/\/api.w.org\/{rel}","templated":true}]}}