{"id":1270,"date":"2010-10-29T16:12:49","date_gmt":"2010-10-29T14:12:49","guid":{"rendered":"http:\/\/www.doulkeridis.be\/blog\/?p=1270"},"modified":"2011-08-09T11:21:52","modified_gmt":"2011-08-09T09:21:52","slug":"oui-la-solidarite-inter-francophones-existe","status":"publish","type":"post","link":"https:\/\/www.doulkeridis.be\/blog\/2010\/10\/29\/oui-la-solidarite-inter-francophones-existe\/","title":{"rendered":"La solidarit\u00e9 inter-francophones, c&rsquo;est du concret !"},"content":{"rendered":"<p><strong><a href=\"https:\/\/www.doulkeridis.be\/blog\/wp-content\/uploads\/2010\/10\/GVT-Conjoint-28-octobre-2010-020_site.jpg\"><img loading=\"lazy\" decoding=\"async\" class=\"alignleft size-full wp-image-1271\" title=\"GVT Conjoint 28 octobre 2010 020_site\" src=\"https:\/\/www.doulkeridis.be\/blog\/wp-content\/uploads\/2010\/10\/GVT-Conjoint-28-octobre-2010-020_site.jpg\" alt=\"\" width=\"300\" height=\"201\" \/><\/a> Le Gouvernement Conjoint Inter-francophones s&rsquo;est r\u00e9uni pour la 3e fois cette\u00a0\u00a0 ann\u00e9e autour d&rsquo;un menu copieux : solidarit\u00e9 Wallonie-Bruxelles, boom d\u00e9mographique (b\u00e2timents scolaires et accueil de la petite enfance), non-marchand, culture, sant\u00e9, fonction publique. Des probl\u00e9matiques qui touchent directement les Bruxellois francophones.<\/strong><\/p>\n<p><em><strong> <\/strong><\/em><\/p>\n<p><em><strong>Budget<\/strong><\/em><br \/>\nLe Gouvernement conjoint a act\u00e9 le renouvellement de la dotation de solidarit\u00e9 de la Communaut\u00e9 Fran\u00e7aise \u00e0 l&rsquo;\u00e9gard de la Cocof \u00e0 hauteur de 12,5 millions d&rsquo;euros.<\/p>\n<p><em><strong>Non-marchand<\/strong><\/em><br \/>\nSuite aux montants d\u00e9gag\u00e9s pour le secteur non-marchand, \u00e0 l&rsquo;ajustement des budgets de la Communaut\u00e9 fran\u00e7aise et de la R\u00e9gion wallonne, dont une partie (1 mio EUR) a \u00e9t\u00e9 affect\u00e9 \u00e0 la Commission communautaire fran\u00e7aise dans le cadre de la solidarit\u00e9 inter-francophones, une n\u00e9gociation tripartite avec les partenaires sociaux est en cours pour d\u00e9gager un accord (la premi\u00e8re r\u00e9union de concertation pour le non-marchand Cocof est pr\u00e9vue ce vendredi 29\/10).<br \/>\nLe gouvernement conjoint a convenu que les mesures qui seraient envisag\u00e9es dans chacune des entit\u00e9s ne cr\u00e9eraient pas de distorsion suppl\u00e9mentaire des statuts des travailleurs de ce secteur entre les entit\u00e9s francophones (harmonisation des statuts).<!--more--><em><strong> <\/strong><\/em><\/p>\n<p><em><strong>Boom d\u00e9mographique<\/strong><\/em><br \/>\nLa r\u00e9gion bruxelloise ne peut faire face seule \u00e0 cette pression. Deux sujets primordiaux : la probl\u00e9matique des b\u00e2timents scolaires et des places dans les \u00e9coles. Faisant suite \u00e0 la d\u00e9cision du gouvernement de la communaut\u00e9 fran\u00e7aise d&rsquo;augmenter le nombre de places d&rsquo;ici 2017, le gouvernement conjoint a travaill\u00e9 sur les donn\u00e9es d\u00e9mographiques en sa possession et sur une s\u00e9rie de propositions visant \u00e0 accro\u00eetre l&rsquo;offre scolaire en r\u00e9gion bruxelloise : reconversion de surfaces de bureaux, \u00e9tat du cadastre des terrains et b\u00e2timents disponibles, etc.<br \/>\nL&rsquo;accueil de la petite enfance \u00e0 Bruxelles : le conjoint a d\u00e9cid\u00e9 d&rsquo;int\u00e9grer la Communaut\u00e9 fran\u00e7aise dans la r\u00e9flexion autour du futur plan cr\u00e8che r\u00e9gional, qui sera men\u00e9e en collaboration avec le CERE (Centre d&rsquo;expertise et de ressources pour l&rsquo;enfance) et son pendant n\u00e9erlandophone.<\/p>\n<p>La Libre Belgique :<a href=\"http:\/\/www.lalibre.be\/actu\/belgique\/article\/620034\/la-solidarite-inter-francophones-se-concretise.html\" target=\"_blank\"> La solidarit\u00e9 inter-francophones se concr\u00e9tise<\/a><\/p>\n","protected":false},"excerpt":{"rendered":"<p>Le Gouvernement Conjoint Inter-francophones s&rsquo;est r\u00e9uni pour la 3e fois cette\u00a0\u00a0 ann\u00e9e autour d&rsquo;un menu copieux : solidarit\u00e9 Wallonie-Bruxelles, boom d\u00e9mographique (b\u00e2timents scolaires et accueil de la petite enfance), non-marchand, culture, sant\u00e9, fonction publique. Des probl\u00e9matiques qui touchent directement les Bruxellois francophones. Budget Le Gouvernement conjoint a act\u00e9 le renouvellement de la dotation de solidarit\u00e9 de la Communaut\u00e9 Fran\u00e7aise \u00e0 l&rsquo;\u00e9gard de la Cocof \u00e0 hauteur de 12,5 millions d&rsquo;euros. Non-marchand Suite aux montants d\u00e9gag\u00e9s pour le secteur non-marchand, \u00e0 l&rsquo;ajustement des budgets de la Communaut\u00e9 fran\u00e7aise et de la R\u00e9gion wallonne, dont une partie (1 mio EUR) a \u00e9t\u00e9 affect\u00e9 \u00e0 la Commission communautaire fran\u00e7aise dans le cadre de la solidarit\u00e9 inter-francophones, une n\u00e9gociation tripartite avec les partenaires sociaux est en cours pour d\u00e9gager un accord (la premi\u00e8re r\u00e9union de concertation pour le non-marchand Cocof est pr\u00e9vue ce vendredi 29\/10). Le gouvernement conjoint a convenu que les mesures qui seraient envisag\u00e9es dans chacune des entit\u00e9s ne cr\u00e9eraient pas de distorsion suppl\u00e9mentaire des statuts des travailleurs de ce secteur entre les entit\u00e9s francophones (harmonisation des statuts).<\/p>\n","protected":false},"author":2,"featured_media":0,"comment_status":"open","ping_status":"open","sticky":false,"template":"","format":"standard","meta":{"_monsterinsights_skip_tracking":false,"_monsterinsights_sitenote_active":false,"_monsterinsights_sitenote_note":"","_monsterinsights_sitenote_category":0,"ngg_post_thumbnail":0,"footnotes":""},"categories":[141,304,40,94],"tags":[55,1028,1024],"class_list":["post-1270","post","type-post","status-publish","format-standard","hentry","category-budget","category-mes_realisations","category-ministre-presidence-cocof","category-non-marchand","tag-boom-demographique","tag-budget","tag-non-marchand"],"yoast_head":"<!-- This site is optimized with the Yoast SEO plugin v27.4 - https:\/\/yoast.com\/product\/yoast-seo-wordpress\/ -->\n<title>La solidarit\u00e9 inter-francophones, c&#039;est du concret ! - Christos Doulkeridis<\/title>\n<meta name=\"robots\" content=\"index, follow, max-snippet:-1, max-image-preview:large, max-video-preview:-1\" \/>\n<link rel=\"canonical\" href=\"https:\/\/www.doulkeridis.be\/blog\/2010\/10\/29\/oui-la-solidarite-inter-francophones-existe\/\" \/>\n<meta property=\"og:locale\" content=\"fr_FR\" \/>\n<meta property=\"og:type\" content=\"article\" \/>\n<meta property=\"og:title\" content=\"La solidarit\u00e9 inter-francophones, c&#039;est du concret ! - Christos Doulkeridis\" \/>\n<meta property=\"og:description\" content=\"Le Gouvernement Conjoint Inter-francophones s&rsquo;est r\u00e9uni pour la 3e fois cette\u00a0\u00a0 ann\u00e9e autour d&rsquo;un menu copieux : solidarit\u00e9 Wallonie-Bruxelles, boom d\u00e9mographique (b\u00e2timents scolaires et accueil de la petite enfance), non-marchand, culture, sant\u00e9, fonction publique. Des probl\u00e9matiques qui touchent directement les Bruxellois francophones. Budget Le Gouvernement conjoint a act\u00e9 le renouvellement de la dotation de solidarit\u00e9 de la Communaut\u00e9 Fran\u00e7aise \u00e0 l&rsquo;\u00e9gard de la Cocof \u00e0 hauteur de 12,5 millions d&rsquo;euros. Non-marchand Suite aux montants d\u00e9gag\u00e9s pour le secteur non-marchand, \u00e0 l&rsquo;ajustement des budgets de la Communaut\u00e9 fran\u00e7aise et de la R\u00e9gion wallonne, dont une partie (1 mio EUR) a \u00e9t\u00e9 affect\u00e9 \u00e0 la Commission communautaire fran\u00e7aise dans le cadre de la solidarit\u00e9 inter-francophones, une n\u00e9gociation tripartite avec les partenaires sociaux est en cours pour d\u00e9gager un accord (la premi\u00e8re r\u00e9union de concertation pour le non-marchand Cocof est pr\u00e9vue ce vendredi 29\/10). Le gouvernement conjoint a convenu que les mesures qui seraient envisag\u00e9es dans chacune des entit\u00e9s ne cr\u00e9eraient pas de distorsion suppl\u00e9mentaire des statuts des travailleurs de ce secteur entre les entit\u00e9s francophones (harmonisation des statuts).\" \/>\n<meta property=\"og:url\" content=\"https:\/\/www.doulkeridis.be\/blog\/2010\/10\/29\/oui-la-solidarite-inter-francophones-existe\/\" \/>\n<meta property=\"og:site_name\" content=\"Christos Doulkeridis\" \/>\n<meta property=\"article:publisher\" content=\"https:\/\/www.facebook.com\/doulkeridis\" \/>\n<meta property=\"article:published_time\" content=\"2010-10-29T14:12:49+00:00\" \/>\n<meta property=\"article:modified_time\" content=\"2011-08-09T09:21:52+00:00\" \/>\n<meta property=\"og:image\" content=\"http:\/\/www.doulkeridis.be\/blog\/wp-content\/uploads\/2010\/10\/GVT-Conjoint-28-octobre-2010-020_site.jpg\" \/>\n<meta name=\"author\" content=\"Christos Doulkeridis\" \/>\n<meta name=\"twitter:card\" content=\"summary_large_image\" \/>\n<meta name=\"twitter:label1\" content=\"\u00c9crit par\" \/>\n\t<meta name=\"twitter:data1\" content=\"Christos Doulkeridis\" \/>\n\t<meta name=\"twitter:label2\" content=\"Dur\u00e9e de lecture estim\u00e9e\" \/>\n\t<meta name=\"twitter:data2\" content=\"2 minutes\" \/>\n<script type=\"application\/ld+json\" class=\"yoast-schema-graph\">{\"@context\":\"https:\\\/\\\/schema.org\",\"@graph\":[{\"@type\":\"Article\",\"@id\":\"https:\\\/\\\/www.doulkeridis.be\\\/blog\\\/2010\\\/10\\\/29\\\/oui-la-solidarite-inter-francophones-existe\\\/#article\",\"isPartOf\":{\"@id\":\"https:\\\/\\\/www.doulkeridis.be\\\/blog\\\/2010\\\/10\\\/29\\\/oui-la-solidarite-inter-francophones-existe\\\/\"},\"author\":{\"name\":\"Christos Doulkeridis\",\"@id\":\"https:\\\/\\\/www.doulkeridis.be\\\/blog\\\/#\\\/schema\\\/person\\\/9f03f3459f0a4ba4db02aabbba098365\"},\"headline\":\"La solidarit\u00e9 inter-francophones, c&rsquo;est du concret !\",\"datePublished\":\"2010-10-29T14:12:49+00:00\",\"dateModified\":\"2011-08-09T09:21:52+00:00\",\"mainEntityOfPage\":{\"@id\":\"https:\\\/\\\/www.doulkeridis.be\\\/blog\\\/2010\\\/10\\\/29\\\/oui-la-solidarite-inter-francophones-existe\\\/\"},\"wordCount\":360,\"commentCount\":0,\"publisher\":{\"@id\":\"https:\\\/\\\/www.doulkeridis.be\\\/blog\\\/#organization\"},\"image\":{\"@id\":\"https:\\\/\\\/www.doulkeridis.be\\\/blog\\\/2010\\\/10\\\/29\\\/oui-la-solidarite-inter-francophones-existe\\\/#primaryimage\"},\"thumbnailUrl\":\"http:\\\/\\\/www.doulkeridis.be\\\/blog\\\/wp-content\\\/uploads\\\/2010\\\/10\\\/GVT-Conjoint-28-octobre-2010-020_site.jpg\",\"keywords\":[\"Boom d\u00e9mographique\",\"Budget\",\"Non-marchand\"],\"articleSection\":[\"Budget\",\"Mes r\u00e9alisations\",\"Ministre-Pr\u00e9sidence CoCof\",\"Non-marchand\"],\"inLanguage\":\"fr-FR\",\"potentialAction\":[{\"@type\":\"CommentAction\",\"name\":\"Comment\",\"target\":[\"https:\\\/\\\/www.doulkeridis.be\\\/blog\\\/2010\\\/10\\\/29\\\/oui-la-solidarite-inter-francophones-existe\\\/#respond\"]}]},{\"@type\":\"WebPage\",\"@id\":\"https:\\\/\\\/www.doulkeridis.be\\\/blog\\\/2010\\\/10\\\/29\\\/oui-la-solidarite-inter-francophones-existe\\\/\",\"url\":\"https:\\\/\\\/www.doulkeridis.be\\\/blog\\\/2010\\\/10\\\/29\\\/oui-la-solidarite-inter-francophones-existe\\\/\",\"name\":\"La solidarit\u00e9 inter-francophones, c'est du concret ! - Christos Doulkeridis\",\"isPartOf\":{\"@id\":\"https:\\\/\\\/www.doulkeridis.be\\\/blog\\\/#website\"},\"primaryImageOfPage\":{\"@id\":\"https:\\\/\\\/www.doulkeridis.be\\\/blog\\\/2010\\\/10\\\/29\\\/oui-la-solidarite-inter-francophones-existe\\\/#primaryimage\"},\"image\":{\"@id\":\"https:\\\/\\\/www.doulkeridis.be\\\/blog\\\/2010\\\/10\\\/29\\\/oui-la-solidarite-inter-francophones-existe\\\/#primaryimage\"},\"thumbnailUrl\":\"http:\\\/\\\/www.doulkeridis.be\\\/blog\\\/wp-content\\\/uploads\\\/2010\\\/10\\\/GVT-Conjoint-28-octobre-2010-020_site.jpg\",\"datePublished\":\"2010-10-29T14:12:49+00:00\",\"dateModified\":\"2011-08-09T09:21:52+00:00\",\"breadcrumb\":{\"@id\":\"https:\\\/\\\/www.doulkeridis.be\\\/blog\\\/2010\\\/10\\\/29\\\/oui-la-solidarite-inter-francophones-existe\\\/#breadcrumb\"},\"inLanguage\":\"fr-FR\",\"potentialAction\":[{\"@type\":\"ReadAction\",\"target\":[\"https:\\\/\\\/www.doulkeridis.be\\\/blog\\\/2010\\\/10\\\/29\\\/oui-la-solidarite-inter-francophones-existe\\\/\"]}]},{\"@type\":\"ImageObject\",\"inLanguage\":\"fr-FR\",\"@id\":\"https:\\\/\\\/www.doulkeridis.be\\\/blog\\\/2010\\\/10\\\/29\\\/oui-la-solidarite-inter-francophones-existe\\\/#primaryimage\",\"url\":\"http:\\\/\\\/www.doulkeridis.be\\\/blog\\\/wp-content\\\/uploads\\\/2010\\\/10\\\/GVT-Conjoint-28-octobre-2010-020_site.jpg\",\"contentUrl\":\"http:\\\/\\\/www.doulkeridis.be\\\/blog\\\/wp-content\\\/uploads\\\/2010\\\/10\\\/GVT-Conjoint-28-octobre-2010-020_site.jpg\"},{\"@type\":\"BreadcrumbList\",\"@id\":\"https:\\\/\\\/www.doulkeridis.be\\\/blog\\\/2010\\\/10\\\/29\\\/oui-la-solidarite-inter-francophones-existe\\\/#breadcrumb\",\"itemListElement\":[{\"@type\":\"ListItem\",\"position\":1,\"name\":\"Accueil\",\"item\":\"https:\\\/\\\/www.doulkeridis.be\\\/blog\\\/\"},{\"@type\":\"ListItem\",\"position\":2,\"name\":\"La solidarit\u00e9 inter-francophones, c&rsquo;est du concret !\"}]},{\"@type\":\"WebSite\",\"@id\":\"https:\\\/\\\/www.doulkeridis.be\\\/blog\\\/#website\",\"url\":\"https:\\\/\\\/www.doulkeridis.be\\\/blog\\\/\",\"name\":\"Christos Doulkeridis\",\"description\":\"Coach | Consultant en solutions, gestion de crise, n\u00e9gociations\",\"publisher\":{\"@id\":\"https:\\\/\\\/www.doulkeridis.be\\\/blog\\\/#organization\"},\"potentialAction\":[{\"@type\":\"SearchAction\",\"target\":{\"@type\":\"EntryPoint\",\"urlTemplate\":\"https:\\\/\\\/www.doulkeridis.be\\\/blog\\\/?s={search_term_string}\"},\"query-input\":{\"@type\":\"PropertyValueSpecification\",\"valueRequired\":true,\"valueName\":\"search_term_string\"}}],\"inLanguage\":\"fr-FR\"},{\"@type\":\"Organization\",\"@id\":\"https:\\\/\\\/www.doulkeridis.be\\\/blog\\\/#organization\",\"name\":\"Ulyse\",\"url\":\"https:\\\/\\\/www.doulkeridis.be\\\/blog\\\/\",\"logo\":{\"@type\":\"ImageObject\",\"inLanguage\":\"fr-FR\",\"@id\":\"https:\\\/\\\/www.doulkeridis.be\\\/blog\\\/#\\\/schema\\\/logo\\\/image\\\/\",\"url\":\"https:\\\/\\\/www.doulkeridis.be\\\/blog\\\/wp-content\\\/uploads\\\/2026\\\/04\\\/2-5.png\",\"contentUrl\":\"https:\\\/\\\/www.doulkeridis.be\\\/blog\\\/wp-content\\\/uploads\\\/2026\\\/04\\\/2-5.png\",\"width\":1024,\"height\":728,\"caption\":\"Ulyse\"},\"image\":{\"@id\":\"https:\\\/\\\/www.doulkeridis.be\\\/blog\\\/#\\\/schema\\\/logo\\\/image\\\/\"},\"sameAs\":[\"https:\\\/\\\/www.facebook.com\\\/doulkeridis\",\"https:\\\/\\\/www.facebook.com\\\/christosdoulkeridis2\"]},{\"@type\":\"Person\",\"@id\":\"https:\\\/\\\/www.doulkeridis.be\\\/blog\\\/#\\\/schema\\\/person\\\/9f03f3459f0a4ba4db02aabbba098365\",\"name\":\"Christos Doulkeridis\",\"image\":{\"@type\":\"ImageObject\",\"inLanguage\":\"fr-FR\",\"@id\":\"https:\\\/\\\/secure.gravatar.com\\\/avatar\\\/71cb6e4369ca0615d93730ef3bc5f54642df4f6bcc59b92763d2ac434abf103e?s=96&d=mm&r=g\",\"url\":\"https:\\\/\\\/secure.gravatar.com\\\/avatar\\\/71cb6e4369ca0615d93730ef3bc5f54642df4f6bcc59b92763d2ac434abf103e?s=96&d=mm&r=g\",\"contentUrl\":\"https:\\\/\\\/secure.gravatar.com\\\/avatar\\\/71cb6e4369ca0615d93730ef3bc5f54642df4f6bcc59b92763d2ac434abf103e?s=96&d=mm&r=g\",\"caption\":\"Christos Doulkeridis\"},\"url\":\"https:\\\/\\\/www.doulkeridis.be\\\/blog\\\/author\\\/christos\\\/\"}]}<\/script>\n<!-- \/ Yoast SEO plugin. -->","yoast_head_json":{"title":"La solidarit\u00e9 inter-francophones, c'est du concret ! - Christos Doulkeridis","robots":{"index":"index","follow":"follow","max-snippet":"max-snippet:-1","max-image-preview":"max-image-preview:large","max-video-preview":"max-video-preview:-1"},"canonical":"https:\/\/www.doulkeridis.be\/blog\/2010\/10\/29\/oui-la-solidarite-inter-francophones-existe\/","og_locale":"fr_FR","og_type":"article","og_title":"La solidarit\u00e9 inter-francophones, c'est du concret ! - Christos Doulkeridis","og_description":"Le Gouvernement Conjoint Inter-francophones s&rsquo;est r\u00e9uni pour la 3e fois cette\u00a0\u00a0 ann\u00e9e autour d&rsquo;un menu copieux : solidarit\u00e9 Wallonie-Bruxelles, boom d\u00e9mographique (b\u00e2timents scolaires et accueil de la petite enfance), non-marchand, culture, sant\u00e9, fonction publique. Des probl\u00e9matiques qui touchent directement les Bruxellois francophones. Budget Le Gouvernement conjoint a act\u00e9 le renouvellement de la dotation de solidarit\u00e9 de la Communaut\u00e9 Fran\u00e7aise \u00e0 l&rsquo;\u00e9gard de la Cocof \u00e0 hauteur de 12,5 millions d&rsquo;euros. Non-marchand Suite aux montants d\u00e9gag\u00e9s pour le secteur non-marchand, \u00e0 l&rsquo;ajustement des budgets de la Communaut\u00e9 fran\u00e7aise et de la R\u00e9gion wallonne, dont une partie (1 mio EUR) a \u00e9t\u00e9 affect\u00e9 \u00e0 la Commission communautaire fran\u00e7aise dans le cadre de la solidarit\u00e9 inter-francophones, une n\u00e9gociation tripartite avec les partenaires sociaux est en cours pour d\u00e9gager un accord (la premi\u00e8re r\u00e9union de concertation pour le non-marchand Cocof est pr\u00e9vue ce vendredi 29\/10). Le gouvernement conjoint a convenu que les mesures qui seraient envisag\u00e9es dans chacune des entit\u00e9s ne cr\u00e9eraient pas de distorsion suppl\u00e9mentaire des statuts des travailleurs de ce secteur entre les entit\u00e9s francophones (harmonisation des statuts).","og_url":"https:\/\/www.doulkeridis.be\/blog\/2010\/10\/29\/oui-la-solidarite-inter-francophones-existe\/","og_site_name":"Christos Doulkeridis","article_publisher":"https:\/\/www.facebook.com\/doulkeridis","article_published_time":"2010-10-29T14:12:49+00:00","article_modified_time":"2011-08-09T09:21:52+00:00","og_image":[{"url":"http:\/\/www.doulkeridis.be\/blog\/wp-content\/uploads\/2010\/10\/GVT-Conjoint-28-octobre-2010-020_site.jpg","type":"","width":"","height":""}],"author":"Christos Doulkeridis","twitter_card":"summary_large_image","twitter_misc":{"\u00c9crit par":"Christos Doulkeridis","Dur\u00e9e de lecture estim\u00e9e":"2 minutes"},"schema":{"@context":"https:\/\/schema.org","@graph":[{"@type":"Article","@id":"https:\/\/www.doulkeridis.be\/blog\/2010\/10\/29\/oui-la-solidarite-inter-francophones-existe\/#article","isPartOf":{"@id":"https:\/\/www.doulkeridis.be\/blog\/2010\/10\/29\/oui-la-solidarite-inter-francophones-existe\/"},"author":{"name":"Christos Doulkeridis","@id":"https:\/\/www.doulkeridis.be\/blog\/#\/schema\/person\/9f03f3459f0a4ba4db02aabbba098365"},"headline":"La solidarit\u00e9 inter-francophones, c&rsquo;est du concret !","datePublished":"2010-10-29T14:12:49+00:00","dateModified":"2011-08-09T09:21:52+00:00","mainEntityOfPage":{"@id":"https:\/\/www.doulkeridis.be\/blog\/2010\/10\/29\/oui-la-solidarite-inter-francophones-existe\/"},"wordCount":360,"commentCount":0,"publisher":{"@id":"https:\/\/www.doulkeridis.be\/blog\/#organization"},"image":{"@id":"https:\/\/www.doulkeridis.be\/blog\/2010\/10\/29\/oui-la-solidarite-inter-francophones-existe\/#primaryimage"},"thumbnailUrl":"http:\/\/www.doulkeridis.be\/blog\/wp-content\/uploads\/2010\/10\/GVT-Conjoint-28-octobre-2010-020_site.jpg","keywords":["Boom d\u00e9mographique","Budget","Non-marchand"],"articleSection":["Budget","Mes r\u00e9alisations","Ministre-Pr\u00e9sidence CoCof","Non-marchand"],"inLanguage":"fr-FR","potentialAction":[{"@type":"CommentAction","name":"Comment","target":["https:\/\/www.doulkeridis.be\/blog\/2010\/10\/29\/oui-la-solidarite-inter-francophones-existe\/#respond"]}]},{"@type":"WebPage","@id":"https:\/\/www.doulkeridis.be\/blog\/2010\/10\/29\/oui-la-solidarite-inter-francophones-existe\/","url":"https:\/\/www.doulkeridis.be\/blog\/2010\/10\/29\/oui-la-solidarite-inter-francophones-existe\/","name":"La solidarit\u00e9 inter-francophones, c'est du concret ! - Christos Doulkeridis","isPartOf":{"@id":"https:\/\/www.doulkeridis.be\/blog\/#website"},"primaryImageOfPage":{"@id":"https:\/\/www.doulkeridis.be\/blog\/2010\/10\/29\/oui-la-solidarite-inter-francophones-existe\/#primaryimage"},"image":{"@id":"https:\/\/www.doulkeridis.be\/blog\/2010\/10\/29\/oui-la-solidarite-inter-francophones-existe\/#primaryimage"},"thumbnailUrl":"http:\/\/www.doulkeridis.be\/blog\/wp-content\/uploads\/2010\/10\/GVT-Conjoint-28-octobre-2010-020_site.jpg","datePublished":"2010-10-29T14:12:49+00:00","dateModified":"2011-08-09T09:21:52+00:00","breadcrumb":{"@id":"https:\/\/www.doulkeridis.be\/blog\/2010\/10\/29\/oui-la-solidarite-inter-francophones-existe\/#breadcrumb"},"inLanguage":"fr-FR","potentialAction":[{"@type":"ReadAction","target":["https:\/\/www.doulkeridis.be\/blog\/2010\/10\/29\/oui-la-solidarite-inter-francophones-existe\/"]}]},{"@type":"ImageObject","inLanguage":"fr-FR","@id":"https:\/\/www.doulkeridis.be\/blog\/2010\/10\/29\/oui-la-solidarite-inter-francophones-existe\/#primaryimage","url":"http:\/\/www.doulkeridis.be\/blog\/wp-content\/uploads\/2010\/10\/GVT-Conjoint-28-octobre-2010-020_site.jpg","contentUrl":"http:\/\/www.doulkeridis.be\/blog\/wp-content\/uploads\/2010\/10\/GVT-Conjoint-28-octobre-2010-020_site.jpg"},{"@type":"BreadcrumbList","@id":"https:\/\/www.doulkeridis.be\/blog\/2010\/10\/29\/oui-la-solidarite-inter-francophones-existe\/#breadcrumb","itemListElement":[{"@type":"ListItem","position":1,"name":"Accueil","item":"https:\/\/www.doulkeridis.be\/blog\/"},{"@type":"ListItem","position":2,"name":"La solidarit\u00e9 inter-francophones, c&rsquo;est du concret !"}]},{"@type":"WebSite","@id":"https:\/\/www.doulkeridis.be\/blog\/#website","url":"https:\/\/www.doulkeridis.be\/blog\/","name":"Christos Doulkeridis","description":"Coach | Consultant en solutions, gestion de crise, n\u00e9gociations","publisher":{"@id":"https:\/\/www.doulkeridis.be\/blog\/#organization"},"potentialAction":[{"@type":"SearchAction","target":{"@type":"EntryPoint","urlTemplate":"https:\/\/www.doulkeridis.be\/blog\/?s={search_term_string}"},"query-input":{"@type":"PropertyValueSpecification","valueRequired":true,"valueName":"search_term_string"}}],"inLanguage":"fr-FR"},{"@type":"Organization","@id":"https:\/\/www.doulkeridis.be\/blog\/#organization","name":"Ulyse","url":"https:\/\/www.doulkeridis.be\/blog\/","logo":{"@type":"ImageObject","inLanguage":"fr-FR","@id":"https:\/\/www.doulkeridis.be\/blog\/#\/schema\/logo\/image\/","url":"https:\/\/www.doulkeridis.be\/blog\/wp-content\/uploads\/2026\/04\/2-5.png","contentUrl":"https:\/\/www.doulkeridis.be\/blog\/wp-content\/uploads\/2026\/04\/2-5.png","width":1024,"height":728,"caption":"Ulyse"},"image":{"@id":"https:\/\/www.doulkeridis.be\/blog\/#\/schema\/logo\/image\/"},"sameAs":["https:\/\/www.facebook.com\/doulkeridis","https:\/\/www.facebook.com\/christosdoulkeridis2"]},{"@type":"Person","@id":"https:\/\/www.doulkeridis.be\/blog\/#\/schema\/person\/9f03f3459f0a4ba4db02aabbba098365","name":"Christos Doulkeridis","image":{"@type":"ImageObject","inLanguage":"fr-FR","@id":"https:\/\/secure.gravatar.com\/avatar\/71cb6e4369ca0615d93730ef3bc5f54642df4f6bcc59b92763d2ac434abf103e?s=96&d=mm&r=g","url":"https:\/\/secure.gravatar.com\/avatar\/71cb6e4369ca0615d93730ef3bc5f54642df4f6bcc59b92763d2ac434abf103e?s=96&d=mm&r=g","contentUrl":"https:\/\/secure.gravatar.com\/avatar\/71cb6e4369ca0615d93730ef3bc5f54642df4f6bcc59b92763d2ac434abf103e?s=96&d=mm&r=g","caption":"Christos Doulkeridis"},"url":"https:\/\/www.doulkeridis.be\/blog\/author\/christos\/"}]}},"_links":{"self":[{"href":"https:\/\/www.doulkeridis.be\/blog\/wp-json\/wp\/v2\/posts\/1270","targetHints":{"allow":["GET"]}}],"collection":[{"href":"https:\/\/www.doulkeridis.be\/blog\/wp-json\/wp\/v2\/posts"}],"about":[{"href":"https:\/\/www.doulkeridis.be\/blog\/wp-json\/wp\/v2\/types\/post"}],"author":[{"embeddable":true,"href":"https:\/\/www.doulkeridis.be\/blog\/wp-json\/wp\/v2\/users\/2"}],"replies":[{"embeddable":true,"href":"https:\/\/www.doulkeridis.be\/blog\/wp-json\/wp\/v2\/comments?post=1270"}],"version-history":[{"count":14,"href":"https:\/\/www.doulkeridis.be\/blog\/wp-json\/wp\/v2\/posts\/1270\/revisions"}],"predecessor-version":[{"id":3602,"href":"https:\/\/www.doulkeridis.be\/blog\/wp-json\/wp\/v2\/posts\/1270\/revisions\/3602"}],"wp:attachment":[{"href":"https:\/\/www.doulkeridis.be\/blog\/wp-json\/wp\/v2\/media?parent=1270"}],"wp:term":[{"taxonomy":"category","embeddable":true,"href":"https:\/\/www.doulkeridis.be\/blog\/wp-json\/wp\/v2\/categories?post=1270"},{"taxonomy":"post_tag","embeddable":true,"href":"https:\/\/www.doulkeridis.be\/blog\/wp-json\/wp\/v2\/tags?post=1270"}],"curies":[{"name":"wp","href":"https:\/\/api.w.org\/{rel}","templated":true}]}}