{"id":137,"date":"2010-04-23T10:49:20","date_gmt":"2010-04-23T08:49:20","guid":{"rendered":"http:\/\/www.doulkeridis.be\/blog\/?p=137"},"modified":"2011-08-10T10:18:45","modified_gmt":"2011-08-10T08:18:45","slug":"le-syndicat-des-locataires-remet-sa-brique-d%e2%80%99or-2009-a-habitation-moderne","status":"publish","type":"post","link":"https:\/\/www.doulkeridis.be\/blog\/2010\/04\/23\/le-syndicat-des-locataires-remet-sa-brique-d%e2%80%99or-2009-a-habitation-moderne\/","title":{"rendered":"Le syndicat des locataires remet sa \u00ab\u00a0Brique d\u2019or 2009\u00a0\u00bb \u00e0 Habitation Moderne"},"content":{"rendered":"<p><em><strong><img loading=\"lazy\" decoding=\"async\" class=\"alignright\" src=\"http:\/\/www.doulkeridis.be\/IMG\/arton684.jpg\" alt=\"\" width=\"265\" height=\"175\" \/>Ce vendredi 23 avril 2010, j\u2019ai particip\u00e9, en pr\u00e9sence notamment du bourgmestre de Woluw\u00e9-Saint-Lambert, de Jos\u00e9 Garcia, repr\u00e9sentant du Syndicat des Locataires, Jacqueline DESTREE, administratrice d\u00e9l\u00e9gu\u00e9e, \u00e0 la remise de la brique d\u2019or d\u00e9cern\u00e9e cette ann\u00e9e \u00e0 l\u2019Habitation Moderne pour son plan de diminution des charges locatives et de transparence dans la fixation desdites charges et pour son syst\u00e8me de cog\u00e9n\u00e9ration. Cette initiative s\u2019inscrit dans une perspective de durabilit\u00e9 int\u00e9grant les piliers sociaux, environnementaux et \u00e9conomiques.<\/strong> <\/em><\/p>\n<p>Je soutiens pleinement cette d\u00e9marche qui consiste \u00e0 mettre en avant une fois par an des pratiques d\u2019une soci\u00e9t\u00e9 de logements sociaux de la R\u00e9gion bruxelloise qui am\u00e9liorent de mani\u00e8re concr\u00e8te la vie du locataire. La brique d\u2019or permet d\u2019en inspirer d\u2019autres, encourage les acteurs \u00e0 continuer sur leur lanc\u00e9e et am\u00e9liore \u00e9galement l\u2019image du secteur.<!--more--><br \/>\nCe projet est positif \u00e0 plus d\u2019un titre car il permettra aux locataires de voir en temps r\u00e9el ce qu\u2019ils consomment. De cette mani\u00e8re, il sera possible d\u2019identifier les comportements \u00e0 \u00e9viter et \u00e0 terme, r\u00e9duire la consommation d\u2019\u00e9nergie. <!--more--><br \/>\nUn autre aspect s\u00e9duisant dans ce projet est l\u2019implication de tous les acteurs\u00a0:<\/p>\n<p><img decoding=\"async\" src=\"..\/..\/ecrire\/puce.gif\" alt=\"-\" \/> la commune qui prendra en charge l\u2019entretien des abords et de la voirie,<\/p>\n<p><img decoding=\"async\" src=\"..\/..\/ecrire\/puce.gif\" alt=\"-\" \/> les locataires qui pourront mieux contr\u00f4ler leurs consommations \u00e9nerg\u00e9tiques et participer \u00e0 l\u2019entretien des espaces verts,<\/p>\n<p><img decoding=\"async\" src=\"..\/..\/ecrire\/puce.gif\" alt=\"-\" \/> et n\u2019oublions pas le personnel de l\u2019Habitation Moderne sans qui la concr\u00e9tisation de ce projet ne serait pas possible.<\/p>\n<p>En janvier, j\u2019avais d\u00e9j\u00e0 eu l\u2019occasion de f\u00e9liciter l\u2019Habitation Moderne pour l\u2019installation de cog\u00e9n\u00e9ration d\u2019\u00e9lectricit\u00e9 et de chaleur et j\u2019en profite pour f\u00e9liciter les autres soci\u00e9t\u00e9s qui en ont fait autant\u00a0: les Villas de Ganshoren et le Foyer Jettois. Sur base de ces projets exemplaires, je peux vous annoncer qu\u2019il est pr\u00e9vu dans le projet de contrat de gestion actuellement en n\u00e9gociation d\u2019inciter les soci\u00e9t\u00e9s de logement \u00e0 installer des syst\u00e8mes de cog\u00e9n\u00e9ration.<\/p>\n<p>D\u2019autres mesures ont \u00e9t\u00e9 prises en faveur du logement public durable, citons par exemple l\u2019application du standard \u00ab\u00a0b\u00e2timent\u00a0passif\u00a0\u00bb, pour les constructions neuves, et le standard \u00ab\u00a0basse \u00e9nergie\u00a0\u00bb qui devient la r\u00e9f\u00e9rence des r\u00e9novations. Pour rappel, un b\u00e2timent dit \u00ab\u00a0passif\u00a0\u00bb consomme 85 \u00e0 90% d\u2019\u00e9nergie en moins pour \u00eatre chauff\u00e9 qu\u2019une construction traditionnelle non isol\u00e9e.<\/p>\n<p>Tout comme ce projet r\u00e9compens\u00e9, la politique bruxelloise du Logement sera donc d\u00e9sormais d\u00e9velopp\u00e9e dans une perspective de durabilit\u00e9, int\u00e9grant les piliers sociaux, environnementaux et \u00e9conomiques, en s\u2019appuyant notamment sur les exp\u00e9riences r\u00e9ussies d\u2019exemplarit\u00e9 environnementale et \u00e9nerg\u00e9tique.<\/p>\n","protected":false},"excerpt":{"rendered":"<p>Ce vendredi 23 avril 2010, j\u2019ai particip\u00e9, en pr\u00e9sence notamment du bourgmestre de Woluw\u00e9-Saint-Lambert, de Jos\u00e9 Garcia, repr\u00e9sentant du Syndicat des Locataires, Jacqueline DESTREE, administratrice d\u00e9l\u00e9gu\u00e9e, \u00e0 la remise de la brique d\u2019or d\u00e9cern\u00e9e cette ann\u00e9e \u00e0 l\u2019Habitation Moderne pour son plan de diminution des charges locatives et de transparence dans la fixation desdites charges et pour son syst\u00e8me de cog\u00e9n\u00e9ration. Cette initiative s\u2019inscrit dans une perspective de durabilit\u00e9 int\u00e9grant les piliers sociaux, environnementaux et \u00e9conomiques. Je soutiens pleinement cette d\u00e9marche qui consiste \u00e0 mettre en avant une fois par an des pratiques d\u2019une soci\u00e9t\u00e9 de logements sociaux de la R\u00e9gion bruxelloise qui am\u00e9liorent de mani\u00e8re concr\u00e8te la vie du locataire. La brique d\u2019or permet d\u2019en inspirer d\u2019autres, encourage les acteurs \u00e0 continuer sur leur lanc\u00e9e et am\u00e9liore \u00e9galement l\u2019image du secteur.<\/p>\n","protected":false},"author":2,"featured_media":0,"comment_status":"open","ping_status":"open","sticky":false,"template":"","format":"standard","meta":{"_monsterinsights_skip_tracking":false,"_monsterinsights_sitenote_active":false,"_monsterinsights_sitenote_note":"","_monsterinsights_sitenote_category":0,"ngg_post_thumbnail":0,"footnotes":""},"categories":[3],"tags":[361,46,47,34],"class_list":["post-137","post","type-post","status-publish","format-standard","hentry","category-logement","tag-brique-dor","tag-cogeneration","tag-durabilite","tag-slrb"],"yoast_head":"<!-- This site is optimized with the Yoast SEO plugin v27.4 - https:\/\/yoast.com\/product\/yoast-seo-wordpress\/ -->\n<title>Le syndicat des locataires remet sa &quot;Brique d\u2019or 2009&quot; \u00e0 Habitation Moderne - Christos Doulkeridis<\/title>\n<meta name=\"robots\" content=\"index, follow, max-snippet:-1, max-image-preview:large, max-video-preview:-1\" \/>\n<link rel=\"canonical\" href=\"https:\/\/www.doulkeridis.be\/blog\/2010\/04\/23\/le-syndicat-des-locataires-remet-sa-brique-d\u2019or-2009-a-habitation-moderne\/\" \/>\n<meta property=\"og:locale\" content=\"fr_FR\" \/>\n<meta property=\"og:type\" content=\"article\" \/>\n<meta property=\"og:title\" content=\"Le syndicat des locataires remet sa &quot;Brique d\u2019or 2009&quot; \u00e0 Habitation Moderne - Christos Doulkeridis\" \/>\n<meta property=\"og:description\" content=\"Ce vendredi 23 avril 2010, j\u2019ai particip\u00e9, en pr\u00e9sence notamment du bourgmestre de Woluw\u00e9-Saint-Lambert, de Jos\u00e9 Garcia, repr\u00e9sentant du Syndicat des Locataires, Jacqueline DESTREE, administratrice d\u00e9l\u00e9gu\u00e9e, \u00e0 la remise de la brique d\u2019or d\u00e9cern\u00e9e cette ann\u00e9e \u00e0 l\u2019Habitation Moderne pour son plan de diminution des charges locatives et de transparence dans la fixation desdites charges et pour son syst\u00e8me de cog\u00e9n\u00e9ration. Cette initiative s\u2019inscrit dans une perspective de durabilit\u00e9 int\u00e9grant les piliers sociaux, environnementaux et \u00e9conomiques. Je soutiens pleinement cette d\u00e9marche qui consiste \u00e0 mettre en avant une fois par an des pratiques d\u2019une soci\u00e9t\u00e9 de logements sociaux de la R\u00e9gion bruxelloise qui am\u00e9liorent de mani\u00e8re concr\u00e8te la vie du locataire. La brique d\u2019or permet d\u2019en inspirer d\u2019autres, encourage les acteurs \u00e0 continuer sur leur lanc\u00e9e et am\u00e9liore \u00e9galement l\u2019image du secteur.\" \/>\n<meta property=\"og:url\" content=\"https:\/\/www.doulkeridis.be\/blog\/2010\/04\/23\/le-syndicat-des-locataires-remet-sa-brique-d\u2019or-2009-a-habitation-moderne\/\" \/>\n<meta property=\"og:site_name\" content=\"Christos Doulkeridis\" \/>\n<meta property=\"article:publisher\" content=\"https:\/\/www.facebook.com\/doulkeridis\" \/>\n<meta property=\"article:published_time\" content=\"2010-04-23T08:49:20+00:00\" \/>\n<meta property=\"article:modified_time\" content=\"2011-08-10T08:18:45+00:00\" \/>\n<meta property=\"og:image\" content=\"http:\/\/www.doulkeridis.be\/IMG\/arton684.jpg\" \/>\n<meta name=\"author\" content=\"Christos Doulkeridis\" \/>\n<meta name=\"twitter:card\" content=\"summary_large_image\" \/>\n<meta name=\"twitter:label1\" content=\"\u00c9crit par\" \/>\n\t<meta name=\"twitter:data1\" content=\"Christos Doulkeridis\" \/>\n\t<meta name=\"twitter:label2\" content=\"Dur\u00e9e de lecture estim\u00e9e\" \/>\n\t<meta name=\"twitter:data2\" content=\"2 minutes\" \/>\n<script type=\"application\/ld+json\" class=\"yoast-schema-graph\">{\"@context\":\"https:\\\/\\\/schema.org\",\"@graph\":[{\"@type\":\"Article\",\"@id\":\"https:\\\/\\\/www.doulkeridis.be\\\/blog\\\/2010\\\/04\\\/23\\\/le-syndicat-des-locataires-remet-sa-brique-d%e2%80%99or-2009-a-habitation-moderne\\\/#article\",\"isPartOf\":{\"@id\":\"https:\\\/\\\/www.doulkeridis.be\\\/blog\\\/2010\\\/04\\\/23\\\/le-syndicat-des-locataires-remet-sa-brique-d%e2%80%99or-2009-a-habitation-moderne\\\/\"},\"author\":{\"name\":\"Christos Doulkeridis\",\"@id\":\"https:\\\/\\\/www.doulkeridis.be\\\/blog\\\/#\\\/schema\\\/person\\\/9f03f3459f0a4ba4db02aabbba098365\"},\"headline\":\"Le syndicat des locataires remet sa \u00ab\u00a0Brique d\u2019or 2009\u00a0\u00bb \u00e0 Habitation Moderne\",\"datePublished\":\"2010-04-23T08:49:20+00:00\",\"dateModified\":\"2011-08-10T08:18:45+00:00\",\"mainEntityOfPage\":{\"@id\":\"https:\\\/\\\/www.doulkeridis.be\\\/blog\\\/2010\\\/04\\\/23\\\/le-syndicat-des-locataires-remet-sa-brique-d%e2%80%99or-2009-a-habitation-moderne\\\/\"},\"wordCount\":482,\"commentCount\":0,\"publisher\":{\"@id\":\"https:\\\/\\\/www.doulkeridis.be\\\/blog\\\/#organization\"},\"image\":{\"@id\":\"https:\\\/\\\/www.doulkeridis.be\\\/blog\\\/2010\\\/04\\\/23\\\/le-syndicat-des-locataires-remet-sa-brique-d%e2%80%99or-2009-a-habitation-moderne\\\/#primaryimage\"},\"thumbnailUrl\":\"http:\\\/\\\/www.doulkeridis.be\\\/IMG\\\/arton684.jpg\",\"keywords\":[\"Brique d'Or\",\"cog\u00e9n\u00e9ration\",\"durabilit\u00e9\",\"SLRB\"],\"articleSection\":[\"Logement\"],\"inLanguage\":\"fr-FR\",\"potentialAction\":[{\"@type\":\"CommentAction\",\"name\":\"Comment\",\"target\":[\"https:\\\/\\\/www.doulkeridis.be\\\/blog\\\/2010\\\/04\\\/23\\\/le-syndicat-des-locataires-remet-sa-brique-d%e2%80%99or-2009-a-habitation-moderne\\\/#respond\"]}]},{\"@type\":\"WebPage\",\"@id\":\"https:\\\/\\\/www.doulkeridis.be\\\/blog\\\/2010\\\/04\\\/23\\\/le-syndicat-des-locataires-remet-sa-brique-d%e2%80%99or-2009-a-habitation-moderne\\\/\",\"url\":\"https:\\\/\\\/www.doulkeridis.be\\\/blog\\\/2010\\\/04\\\/23\\\/le-syndicat-des-locataires-remet-sa-brique-d%e2%80%99or-2009-a-habitation-moderne\\\/\",\"name\":\"Le syndicat des locataires remet sa \\\"Brique d\u2019or 2009\\\" \u00e0 Habitation Moderne - Christos Doulkeridis\",\"isPartOf\":{\"@id\":\"https:\\\/\\\/www.doulkeridis.be\\\/blog\\\/#website\"},\"primaryImageOfPage\":{\"@id\":\"https:\\\/\\\/www.doulkeridis.be\\\/blog\\\/2010\\\/04\\\/23\\\/le-syndicat-des-locataires-remet-sa-brique-d%e2%80%99or-2009-a-habitation-moderne\\\/#primaryimage\"},\"image\":{\"@id\":\"https:\\\/\\\/www.doulkeridis.be\\\/blog\\\/2010\\\/04\\\/23\\\/le-syndicat-des-locataires-remet-sa-brique-d%e2%80%99or-2009-a-habitation-moderne\\\/#primaryimage\"},\"thumbnailUrl\":\"http:\\\/\\\/www.doulkeridis.be\\\/IMG\\\/arton684.jpg\",\"datePublished\":\"2010-04-23T08:49:20+00:00\",\"dateModified\":\"2011-08-10T08:18:45+00:00\",\"breadcrumb\":{\"@id\":\"https:\\\/\\\/www.doulkeridis.be\\\/blog\\\/2010\\\/04\\\/23\\\/le-syndicat-des-locataires-remet-sa-brique-d%e2%80%99or-2009-a-habitation-moderne\\\/#breadcrumb\"},\"inLanguage\":\"fr-FR\",\"potentialAction\":[{\"@type\":\"ReadAction\",\"target\":[\"https:\\\/\\\/www.doulkeridis.be\\\/blog\\\/2010\\\/04\\\/23\\\/le-syndicat-des-locataires-remet-sa-brique-d%e2%80%99or-2009-a-habitation-moderne\\\/\"]}]},{\"@type\":\"ImageObject\",\"inLanguage\":\"fr-FR\",\"@id\":\"https:\\\/\\\/www.doulkeridis.be\\\/blog\\\/2010\\\/04\\\/23\\\/le-syndicat-des-locataires-remet-sa-brique-d%e2%80%99or-2009-a-habitation-moderne\\\/#primaryimage\",\"url\":\"http:\\\/\\\/www.doulkeridis.be\\\/IMG\\\/arton684.jpg\",\"contentUrl\":\"http:\\\/\\\/www.doulkeridis.be\\\/IMG\\\/arton684.jpg\"},{\"@type\":\"BreadcrumbList\",\"@id\":\"https:\\\/\\\/www.doulkeridis.be\\\/blog\\\/2010\\\/04\\\/23\\\/le-syndicat-des-locataires-remet-sa-brique-d%e2%80%99or-2009-a-habitation-moderne\\\/#breadcrumb\",\"itemListElement\":[{\"@type\":\"ListItem\",\"position\":1,\"name\":\"Accueil\",\"item\":\"https:\\\/\\\/www.doulkeridis.be\\\/blog\\\/\"},{\"@type\":\"ListItem\",\"position\":2,\"name\":\"Le syndicat des locataires remet sa \u00ab\u00a0Brique d\u2019or 2009\u00a0\u00bb \u00e0 Habitation Moderne\"}]},{\"@type\":\"WebSite\",\"@id\":\"https:\\\/\\\/www.doulkeridis.be\\\/blog\\\/#website\",\"url\":\"https:\\\/\\\/www.doulkeridis.be\\\/blog\\\/\",\"name\":\"Christos Doulkeridis\",\"description\":\"Coach | Consultant en solutions, gestion de crise, n\u00e9gociations\",\"publisher\":{\"@id\":\"https:\\\/\\\/www.doulkeridis.be\\\/blog\\\/#organization\"},\"potentialAction\":[{\"@type\":\"SearchAction\",\"target\":{\"@type\":\"EntryPoint\",\"urlTemplate\":\"https:\\\/\\\/www.doulkeridis.be\\\/blog\\\/?s={search_term_string}\"},\"query-input\":{\"@type\":\"PropertyValueSpecification\",\"valueRequired\":true,\"valueName\":\"search_term_string\"}}],\"inLanguage\":\"fr-FR\"},{\"@type\":\"Organization\",\"@id\":\"https:\\\/\\\/www.doulkeridis.be\\\/blog\\\/#organization\",\"name\":\"Ulyse\",\"url\":\"https:\\\/\\\/www.doulkeridis.be\\\/blog\\\/\",\"logo\":{\"@type\":\"ImageObject\",\"inLanguage\":\"fr-FR\",\"@id\":\"https:\\\/\\\/www.doulkeridis.be\\\/blog\\\/#\\\/schema\\\/logo\\\/image\\\/\",\"url\":\"https:\\\/\\\/www.doulkeridis.be\\\/blog\\\/wp-content\\\/uploads\\\/2026\\\/04\\\/2-5.png\",\"contentUrl\":\"https:\\\/\\\/www.doulkeridis.be\\\/blog\\\/wp-content\\\/uploads\\\/2026\\\/04\\\/2-5.png\",\"width\":1024,\"height\":728,\"caption\":\"Ulyse\"},\"image\":{\"@id\":\"https:\\\/\\\/www.doulkeridis.be\\\/blog\\\/#\\\/schema\\\/logo\\\/image\\\/\"},\"sameAs\":[\"https:\\\/\\\/www.facebook.com\\\/doulkeridis\",\"https:\\\/\\\/www.facebook.com\\\/christosdoulkeridis2\"]},{\"@type\":\"Person\",\"@id\":\"https:\\\/\\\/www.doulkeridis.be\\\/blog\\\/#\\\/schema\\\/person\\\/9f03f3459f0a4ba4db02aabbba098365\",\"name\":\"Christos Doulkeridis\",\"image\":{\"@type\":\"ImageObject\",\"inLanguage\":\"fr-FR\",\"@id\":\"https:\\\/\\\/secure.gravatar.com\\\/avatar\\\/71cb6e4369ca0615d93730ef3bc5f54642df4f6bcc59b92763d2ac434abf103e?s=96&d=mm&r=g\",\"url\":\"https:\\\/\\\/secure.gravatar.com\\\/avatar\\\/71cb6e4369ca0615d93730ef3bc5f54642df4f6bcc59b92763d2ac434abf103e?s=96&d=mm&r=g\",\"contentUrl\":\"https:\\\/\\\/secure.gravatar.com\\\/avatar\\\/71cb6e4369ca0615d93730ef3bc5f54642df4f6bcc59b92763d2ac434abf103e?s=96&d=mm&r=g\",\"caption\":\"Christos Doulkeridis\"},\"url\":\"https:\\\/\\\/www.doulkeridis.be\\\/blog\\\/author\\\/christos\\\/\"}]}<\/script>\n<!-- \/ Yoast SEO plugin. -->","yoast_head_json":{"title":"Le syndicat des locataires remet sa \"Brique d\u2019or 2009\" \u00e0 Habitation Moderne - Christos Doulkeridis","robots":{"index":"index","follow":"follow","max-snippet":"max-snippet:-1","max-image-preview":"max-image-preview:large","max-video-preview":"max-video-preview:-1"},"canonical":"https:\/\/www.doulkeridis.be\/blog\/2010\/04\/23\/le-syndicat-des-locataires-remet-sa-brique-d\u2019or-2009-a-habitation-moderne\/","og_locale":"fr_FR","og_type":"article","og_title":"Le syndicat des locataires remet sa \"Brique d\u2019or 2009\" \u00e0 Habitation Moderne - Christos Doulkeridis","og_description":"Ce vendredi 23 avril 2010, j\u2019ai particip\u00e9, en pr\u00e9sence notamment du bourgmestre de Woluw\u00e9-Saint-Lambert, de Jos\u00e9 Garcia, repr\u00e9sentant du Syndicat des Locataires, Jacqueline DESTREE, administratrice d\u00e9l\u00e9gu\u00e9e, \u00e0 la remise de la brique d\u2019or d\u00e9cern\u00e9e cette ann\u00e9e \u00e0 l\u2019Habitation Moderne pour son plan de diminution des charges locatives et de transparence dans la fixation desdites charges et pour son syst\u00e8me de cog\u00e9n\u00e9ration. Cette initiative s\u2019inscrit dans une perspective de durabilit\u00e9 int\u00e9grant les piliers sociaux, environnementaux et \u00e9conomiques. Je soutiens pleinement cette d\u00e9marche qui consiste \u00e0 mettre en avant une fois par an des pratiques d\u2019une soci\u00e9t\u00e9 de logements sociaux de la R\u00e9gion bruxelloise qui am\u00e9liorent de mani\u00e8re concr\u00e8te la vie du locataire. La brique d\u2019or permet d\u2019en inspirer d\u2019autres, encourage les acteurs \u00e0 continuer sur leur lanc\u00e9e et am\u00e9liore \u00e9galement l\u2019image du secteur.","og_url":"https:\/\/www.doulkeridis.be\/blog\/2010\/04\/23\/le-syndicat-des-locataires-remet-sa-brique-d\u2019or-2009-a-habitation-moderne\/","og_site_name":"Christos Doulkeridis","article_publisher":"https:\/\/www.facebook.com\/doulkeridis","article_published_time":"2010-04-23T08:49:20+00:00","article_modified_time":"2011-08-10T08:18:45+00:00","og_image":[{"url":"http:\/\/www.doulkeridis.be\/IMG\/arton684.jpg","type":"","width":"","height":""}],"author":"Christos Doulkeridis","twitter_card":"summary_large_image","twitter_misc":{"\u00c9crit par":"Christos Doulkeridis","Dur\u00e9e de lecture estim\u00e9e":"2 minutes"},"schema":{"@context":"https:\/\/schema.org","@graph":[{"@type":"Article","@id":"https:\/\/www.doulkeridis.be\/blog\/2010\/04\/23\/le-syndicat-des-locataires-remet-sa-brique-d%e2%80%99or-2009-a-habitation-moderne\/#article","isPartOf":{"@id":"https:\/\/www.doulkeridis.be\/blog\/2010\/04\/23\/le-syndicat-des-locataires-remet-sa-brique-d%e2%80%99or-2009-a-habitation-moderne\/"},"author":{"name":"Christos Doulkeridis","@id":"https:\/\/www.doulkeridis.be\/blog\/#\/schema\/person\/9f03f3459f0a4ba4db02aabbba098365"},"headline":"Le syndicat des locataires remet sa \u00ab\u00a0Brique d\u2019or 2009\u00a0\u00bb \u00e0 Habitation Moderne","datePublished":"2010-04-23T08:49:20+00:00","dateModified":"2011-08-10T08:18:45+00:00","mainEntityOfPage":{"@id":"https:\/\/www.doulkeridis.be\/blog\/2010\/04\/23\/le-syndicat-des-locataires-remet-sa-brique-d%e2%80%99or-2009-a-habitation-moderne\/"},"wordCount":482,"commentCount":0,"publisher":{"@id":"https:\/\/www.doulkeridis.be\/blog\/#organization"},"image":{"@id":"https:\/\/www.doulkeridis.be\/blog\/2010\/04\/23\/le-syndicat-des-locataires-remet-sa-brique-d%e2%80%99or-2009-a-habitation-moderne\/#primaryimage"},"thumbnailUrl":"http:\/\/www.doulkeridis.be\/IMG\/arton684.jpg","keywords":["Brique d'Or","cog\u00e9n\u00e9ration","durabilit\u00e9","SLRB"],"articleSection":["Logement"],"inLanguage":"fr-FR","potentialAction":[{"@type":"CommentAction","name":"Comment","target":["https:\/\/www.doulkeridis.be\/blog\/2010\/04\/23\/le-syndicat-des-locataires-remet-sa-brique-d%e2%80%99or-2009-a-habitation-moderne\/#respond"]}]},{"@type":"WebPage","@id":"https:\/\/www.doulkeridis.be\/blog\/2010\/04\/23\/le-syndicat-des-locataires-remet-sa-brique-d%e2%80%99or-2009-a-habitation-moderne\/","url":"https:\/\/www.doulkeridis.be\/blog\/2010\/04\/23\/le-syndicat-des-locataires-remet-sa-brique-d%e2%80%99or-2009-a-habitation-moderne\/","name":"Le syndicat des locataires remet sa \"Brique d\u2019or 2009\" \u00e0 Habitation Moderne - Christos Doulkeridis","isPartOf":{"@id":"https:\/\/www.doulkeridis.be\/blog\/#website"},"primaryImageOfPage":{"@id":"https:\/\/www.doulkeridis.be\/blog\/2010\/04\/23\/le-syndicat-des-locataires-remet-sa-brique-d%e2%80%99or-2009-a-habitation-moderne\/#primaryimage"},"image":{"@id":"https:\/\/www.doulkeridis.be\/blog\/2010\/04\/23\/le-syndicat-des-locataires-remet-sa-brique-d%e2%80%99or-2009-a-habitation-moderne\/#primaryimage"},"thumbnailUrl":"http:\/\/www.doulkeridis.be\/IMG\/arton684.jpg","datePublished":"2010-04-23T08:49:20+00:00","dateModified":"2011-08-10T08:18:45+00:00","breadcrumb":{"@id":"https:\/\/www.doulkeridis.be\/blog\/2010\/04\/23\/le-syndicat-des-locataires-remet-sa-brique-d%e2%80%99or-2009-a-habitation-moderne\/#breadcrumb"},"inLanguage":"fr-FR","potentialAction":[{"@type":"ReadAction","target":["https:\/\/www.doulkeridis.be\/blog\/2010\/04\/23\/le-syndicat-des-locataires-remet-sa-brique-d%e2%80%99or-2009-a-habitation-moderne\/"]}]},{"@type":"ImageObject","inLanguage":"fr-FR","@id":"https:\/\/www.doulkeridis.be\/blog\/2010\/04\/23\/le-syndicat-des-locataires-remet-sa-brique-d%e2%80%99or-2009-a-habitation-moderne\/#primaryimage","url":"http:\/\/www.doulkeridis.be\/IMG\/arton684.jpg","contentUrl":"http:\/\/www.doulkeridis.be\/IMG\/arton684.jpg"},{"@type":"BreadcrumbList","@id":"https:\/\/www.doulkeridis.be\/blog\/2010\/04\/23\/le-syndicat-des-locataires-remet-sa-brique-d%e2%80%99or-2009-a-habitation-moderne\/#breadcrumb","itemListElement":[{"@type":"ListItem","position":1,"name":"Accueil","item":"https:\/\/www.doulkeridis.be\/blog\/"},{"@type":"ListItem","position":2,"name":"Le syndicat des locataires remet sa \u00ab\u00a0Brique d\u2019or 2009\u00a0\u00bb \u00e0 Habitation Moderne"}]},{"@type":"WebSite","@id":"https:\/\/www.doulkeridis.be\/blog\/#website","url":"https:\/\/www.doulkeridis.be\/blog\/","name":"Christos Doulkeridis","description":"Coach | Consultant en solutions, gestion de crise, n\u00e9gociations","publisher":{"@id":"https:\/\/www.doulkeridis.be\/blog\/#organization"},"potentialAction":[{"@type":"SearchAction","target":{"@type":"EntryPoint","urlTemplate":"https:\/\/www.doulkeridis.be\/blog\/?s={search_term_string}"},"query-input":{"@type":"PropertyValueSpecification","valueRequired":true,"valueName":"search_term_string"}}],"inLanguage":"fr-FR"},{"@type":"Organization","@id":"https:\/\/www.doulkeridis.be\/blog\/#organization","name":"Ulyse","url":"https:\/\/www.doulkeridis.be\/blog\/","logo":{"@type":"ImageObject","inLanguage":"fr-FR","@id":"https:\/\/www.doulkeridis.be\/blog\/#\/schema\/logo\/image\/","url":"https:\/\/www.doulkeridis.be\/blog\/wp-content\/uploads\/2026\/04\/2-5.png","contentUrl":"https:\/\/www.doulkeridis.be\/blog\/wp-content\/uploads\/2026\/04\/2-5.png","width":1024,"height":728,"caption":"Ulyse"},"image":{"@id":"https:\/\/www.doulkeridis.be\/blog\/#\/schema\/logo\/image\/"},"sameAs":["https:\/\/www.facebook.com\/doulkeridis","https:\/\/www.facebook.com\/christosdoulkeridis2"]},{"@type":"Person","@id":"https:\/\/www.doulkeridis.be\/blog\/#\/schema\/person\/9f03f3459f0a4ba4db02aabbba098365","name":"Christos Doulkeridis","image":{"@type":"ImageObject","inLanguage":"fr-FR","@id":"https:\/\/secure.gravatar.com\/avatar\/71cb6e4369ca0615d93730ef3bc5f54642df4f6bcc59b92763d2ac434abf103e?s=96&d=mm&r=g","url":"https:\/\/secure.gravatar.com\/avatar\/71cb6e4369ca0615d93730ef3bc5f54642df4f6bcc59b92763d2ac434abf103e?s=96&d=mm&r=g","contentUrl":"https:\/\/secure.gravatar.com\/avatar\/71cb6e4369ca0615d93730ef3bc5f54642df4f6bcc59b92763d2ac434abf103e?s=96&d=mm&r=g","caption":"Christos Doulkeridis"},"url":"https:\/\/www.doulkeridis.be\/blog\/author\/christos\/"}]}},"_links":{"self":[{"href":"https:\/\/www.doulkeridis.be\/blog\/wp-json\/wp\/v2\/posts\/137","targetHints":{"allow":["GET"]}}],"collection":[{"href":"https:\/\/www.doulkeridis.be\/blog\/wp-json\/wp\/v2\/posts"}],"about":[{"href":"https:\/\/www.doulkeridis.be\/blog\/wp-json\/wp\/v2\/types\/post"}],"author":[{"embeddable":true,"href":"https:\/\/www.doulkeridis.be\/blog\/wp-json\/wp\/v2\/users\/2"}],"replies":[{"embeddable":true,"href":"https:\/\/www.doulkeridis.be\/blog\/wp-json\/wp\/v2\/comments?post=137"}],"version-history":[{"count":5,"href":"https:\/\/www.doulkeridis.be\/blog\/wp-json\/wp\/v2\/posts\/137\/revisions"}],"predecessor-version":[{"id":3778,"href":"https:\/\/www.doulkeridis.be\/blog\/wp-json\/wp\/v2\/posts\/137\/revisions\/3778"}],"wp:attachment":[{"href":"https:\/\/www.doulkeridis.be\/blog\/wp-json\/wp\/v2\/media?parent=137"}],"wp:term":[{"taxonomy":"category","embeddable":true,"href":"https:\/\/www.doulkeridis.be\/blog\/wp-json\/wp\/v2\/categories?post=137"},{"taxonomy":"post_tag","embeddable":true,"href":"https:\/\/www.doulkeridis.be\/blog\/wp-json\/wp\/v2\/tags?post=137"}],"curies":[{"name":"wp","href":"https:\/\/api.w.org\/{rel}","templated":true}]}}