{"id":1770,"date":"2011-02-04T19:49:16","date_gmt":"2011-02-04T17:49:16","guid":{"rendered":"http:\/\/www.doulkeridis.be\/blog\/?p=1770"},"modified":"2011-08-10T11:54:13","modified_gmt":"2011-08-10T09:54:13","slug":"inauguration-de-festival-gay-et-lesbien-de-belgique","status":"publish","type":"post","link":"https:\/\/www.doulkeridis.be\/blog\/2011\/02\/04\/inauguration-de-festival-gay-et-lesbien-de-belgique\/","title":{"rendered":"Inauguration de festival gay et lesbien de Belgique"},"content":{"rendered":"<p><a href=\"https:\/\/www.doulkeridis.be\/blog\/wp-content\/uploads\/2011\/02\/arton212.jpg\"><img loading=\"lazy\" decoding=\"async\" class=\"alignright size-medium wp-image-1772\" title=\"AFFICHE DECENTRALISATION_A2.indd\" src=\"https:\/\/www.doulkeridis.be\/blog\/wp-content\/uploads\/2011\/02\/arton212-213x300.jpg\" alt=\"\" width=\"213\" height=\"300\" srcset=\"https:\/\/www.doulkeridis.be\/blog\/wp-content\/uploads\/2011\/02\/arton212-213x300.jpg 213w, https:\/\/www.doulkeridis.be\/blog\/wp-content\/uploads\/2011\/02\/arton212.jpg 504w\" sizes=\"auto, (max-width: 213px) 100vw, 213px\" \/><\/a><strong>Hier soir, j&rsquo;ai eu le plaisir d&rsquo;inaugurer <a href=\"http:\/\/www.fglb.org\" target=\"_blank\">le 25\u00e8 festival gay et lesbien de Belgique<\/a>. L&rsquo;occasion de rappeler une double vigilance.<\/strong> Ces derni\u00e8res ann\u00e9es des avanc\u00e9es significatives ont eu lieues dans la reconnaissance des droits des homosexuels en Belgique, mais il ne faut pas baisser la garde car l&rsquo;homophobie n&rsquo;est jamais loin. N&rsquo;oublions pas que cela fait seulement 8 ans que, gr\u00e2ce surtout \u00e0 Ecolo, le mariage homosexuel est  reconnu en Belgique et cela va faire tout juste 20 ans que l&rsquo;OMS a retir\u00e9 l&rsquo;homosexualit\u00e9 des maladies mentales.<\/p>\n<p>Dans le monde, de nombreux pays consid\u00e8rent toujours l&rsquo;homosexualit\u00e9 comme un d\u00e9lit, parfois punissable de peine de prison \u00e0 vie voir m\u00eame de la peine de mort. Ce festival garde donc tout son sens et permettra une fois encore des moments d&rsquo;\u00e9changes, de r\u00e9flexion avec de nombreuses voix qui n&rsquo;ont pas toujours l&rsquo;occasion de se faire entendre! BON FESTIVAL<\/p>\n","protected":false},"excerpt":{"rendered":"<p>Hier soir, j&rsquo;ai eu le plaisir d&rsquo;inaugurer le 25\u00e8 festival gay et lesbien de Belgique. L&rsquo;occasion de rappeler une double vigilance. Ces derni\u00e8res ann\u00e9es des avanc\u00e9es significatives ont eu lieues dans la reconnaissance des droits des homosexuels en Belgique, mais il ne faut pas baisser la garde car l&rsquo;homophobie n&rsquo;est jamais loin. N&rsquo;oublions pas que cela fait seulement 8 ans que, gr\u00e2ce surtout \u00e0 Ecolo, le mariage homosexuel est reconnu en Belgique et cela va faire tout juste 20 ans que l&rsquo;OMS a retir\u00e9 l&rsquo;homosexualit\u00e9 des maladies mentales. Dans le monde, de nombreux pays consid\u00e8rent toujours l&rsquo;homosexualit\u00e9 comme un d\u00e9lit, parfois punissable de peine de prison \u00e0 vie voir m\u00eame de la peine de mort. Ce festival garde donc tout son sens et permettra une fois encore des moments d&rsquo;\u00e9changes, de r\u00e9flexion avec de nombreuses voix qui n&rsquo;ont pas toujours l&rsquo;occasion de se faire entendre! BON FESTIVAL<\/p>\n","protected":false},"author":2,"featured_media":0,"comment_status":"open","ping_status":"open","sticky":false,"template":"","format":"standard","meta":{"_monsterinsights_skip_tracking":false,"_monsterinsights_sitenote_active":false,"_monsterinsights_sitenote_note":"","_monsterinsights_sitenote_category":0,"ngg_post_thumbnail":0,"footnotes":""},"categories":[169,305,40,246],"tags":[386,347,348],"class_list":["post-1770","post","type-post","status-publish","format-standard","hentry","category-citoyennete","category-mes-coups-de-coeur","category-ministre-presidence-cocof","category-sensibilisation","tag-festival-gay-et-lesbien-de-belgique","tag-gays","tag-lesbiennes"],"yoast_head":"<!-- This site is optimized with the Yoast SEO plugin v27.4 - https:\/\/yoast.com\/product\/yoast-seo-wordpress\/ -->\n<title>Inauguration de festival gay et lesbien de Belgique - Christos Doulkeridis<\/title>\n<meta name=\"robots\" content=\"index, follow, max-snippet:-1, max-image-preview:large, max-video-preview:-1\" \/>\n<link rel=\"canonical\" href=\"https:\/\/www.doulkeridis.be\/blog\/2011\/02\/04\/inauguration-de-festival-gay-et-lesbien-de-belgique\/\" \/>\n<meta property=\"og:locale\" content=\"fr_FR\" \/>\n<meta property=\"og:type\" content=\"article\" \/>\n<meta property=\"og:title\" content=\"Inauguration de festival gay et lesbien de Belgique - Christos Doulkeridis\" \/>\n<meta property=\"og:description\" content=\"Hier soir, j&rsquo;ai eu le plaisir d&rsquo;inaugurer le 25\u00e8 festival gay et lesbien de Belgique. L&rsquo;occasion de rappeler une double vigilance. Ces derni\u00e8res ann\u00e9es des avanc\u00e9es significatives ont eu lieues dans la reconnaissance des droits des homosexuels en Belgique, mais il ne faut pas baisser la garde car l&rsquo;homophobie n&rsquo;est jamais loin. N&rsquo;oublions pas que cela fait seulement 8 ans que, gr\u00e2ce surtout \u00e0 Ecolo, le mariage homosexuel est reconnu en Belgique et cela va faire tout juste 20 ans que l&rsquo;OMS a retir\u00e9 l&rsquo;homosexualit\u00e9 des maladies mentales. Dans le monde, de nombreux pays consid\u00e8rent toujours l&rsquo;homosexualit\u00e9 comme un d\u00e9lit, parfois punissable de peine de prison \u00e0 vie voir m\u00eame de la peine de mort. Ce festival garde donc tout son sens et permettra une fois encore des moments d&rsquo;\u00e9changes, de r\u00e9flexion avec de nombreuses voix qui n&rsquo;ont pas toujours l&rsquo;occasion de se faire entendre! BON FESTIVAL\" \/>\n<meta property=\"og:url\" content=\"https:\/\/www.doulkeridis.be\/blog\/2011\/02\/04\/inauguration-de-festival-gay-et-lesbien-de-belgique\/\" \/>\n<meta property=\"og:site_name\" content=\"Christos Doulkeridis\" \/>\n<meta property=\"article:publisher\" content=\"https:\/\/www.facebook.com\/doulkeridis\" \/>\n<meta property=\"article:published_time\" content=\"2011-02-04T17:49:16+00:00\" \/>\n<meta property=\"article:modified_time\" content=\"2011-08-10T09:54:13+00:00\" \/>\n<meta property=\"og:image\" content=\"http:\/\/www.doulkeridis.be\/blog\/wp-content\/uploads\/2011\/02\/arton212-213x300.jpg\" \/>\n<meta name=\"author\" content=\"Christos Doulkeridis\" \/>\n<meta name=\"twitter:card\" content=\"summary_large_image\" \/>\n<meta name=\"twitter:label1\" content=\"\u00c9crit par\" \/>\n\t<meta name=\"twitter:data1\" content=\"Christos Doulkeridis\" \/>\n\t<meta name=\"twitter:label2\" content=\"Dur\u00e9e de lecture estim\u00e9e\" \/>\n\t<meta name=\"twitter:data2\" content=\"1 minute\" \/>\n<script type=\"application\/ld+json\" class=\"yoast-schema-graph\">{\"@context\":\"https:\\\/\\\/schema.org\",\"@graph\":[{\"@type\":\"Article\",\"@id\":\"https:\\\/\\\/www.doulkeridis.be\\\/blog\\\/2011\\\/02\\\/04\\\/inauguration-de-festival-gay-et-lesbien-de-belgique\\\/#article\",\"isPartOf\":{\"@id\":\"https:\\\/\\\/www.doulkeridis.be\\\/blog\\\/2011\\\/02\\\/04\\\/inauguration-de-festival-gay-et-lesbien-de-belgique\\\/\"},\"author\":{\"name\":\"Christos Doulkeridis\",\"@id\":\"https:\\\/\\\/www.doulkeridis.be\\\/blog\\\/#\\\/schema\\\/person\\\/9f03f3459f0a4ba4db02aabbba098365\"},\"headline\":\"Inauguration de festival gay et lesbien de Belgique\",\"datePublished\":\"2011-02-04T17:49:16+00:00\",\"dateModified\":\"2011-08-10T09:54:13+00:00\",\"mainEntityOfPage\":{\"@id\":\"https:\\\/\\\/www.doulkeridis.be\\\/blog\\\/2011\\\/02\\\/04\\\/inauguration-de-festival-gay-et-lesbien-de-belgique\\\/\"},\"wordCount\":170,\"commentCount\":0,\"publisher\":{\"@id\":\"https:\\\/\\\/www.doulkeridis.be\\\/blog\\\/#organization\"},\"image\":{\"@id\":\"https:\\\/\\\/www.doulkeridis.be\\\/blog\\\/2011\\\/02\\\/04\\\/inauguration-de-festival-gay-et-lesbien-de-belgique\\\/#primaryimage\"},\"thumbnailUrl\":\"http:\\\/\\\/www.doulkeridis.be\\\/blog\\\/wp-content\\\/uploads\\\/2011\\\/02\\\/arton212-213x300.jpg\",\"keywords\":[\"festival gay et lesbien de Belgique\",\"gays\",\"lesbiennes\"],\"articleSection\":[\"Citoyennet\u00e9\",\"Mes coups de coeur\",\"Ministre-Pr\u00e9sidence CoCof\",\"Sensibilisation\"],\"inLanguage\":\"fr-FR\",\"potentialAction\":[{\"@type\":\"CommentAction\",\"name\":\"Comment\",\"target\":[\"https:\\\/\\\/www.doulkeridis.be\\\/blog\\\/2011\\\/02\\\/04\\\/inauguration-de-festival-gay-et-lesbien-de-belgique\\\/#respond\"]}]},{\"@type\":\"WebPage\",\"@id\":\"https:\\\/\\\/www.doulkeridis.be\\\/blog\\\/2011\\\/02\\\/04\\\/inauguration-de-festival-gay-et-lesbien-de-belgique\\\/\",\"url\":\"https:\\\/\\\/www.doulkeridis.be\\\/blog\\\/2011\\\/02\\\/04\\\/inauguration-de-festival-gay-et-lesbien-de-belgique\\\/\",\"name\":\"Inauguration de festival gay et lesbien de Belgique - Christos Doulkeridis\",\"isPartOf\":{\"@id\":\"https:\\\/\\\/www.doulkeridis.be\\\/blog\\\/#website\"},\"primaryImageOfPage\":{\"@id\":\"https:\\\/\\\/www.doulkeridis.be\\\/blog\\\/2011\\\/02\\\/04\\\/inauguration-de-festival-gay-et-lesbien-de-belgique\\\/#primaryimage\"},\"image\":{\"@id\":\"https:\\\/\\\/www.doulkeridis.be\\\/blog\\\/2011\\\/02\\\/04\\\/inauguration-de-festival-gay-et-lesbien-de-belgique\\\/#primaryimage\"},\"thumbnailUrl\":\"http:\\\/\\\/www.doulkeridis.be\\\/blog\\\/wp-content\\\/uploads\\\/2011\\\/02\\\/arton212-213x300.jpg\",\"datePublished\":\"2011-02-04T17:49:16+00:00\",\"dateModified\":\"2011-08-10T09:54:13+00:00\",\"breadcrumb\":{\"@id\":\"https:\\\/\\\/www.doulkeridis.be\\\/blog\\\/2011\\\/02\\\/04\\\/inauguration-de-festival-gay-et-lesbien-de-belgique\\\/#breadcrumb\"},\"inLanguage\":\"fr-FR\",\"potentialAction\":[{\"@type\":\"ReadAction\",\"target\":[\"https:\\\/\\\/www.doulkeridis.be\\\/blog\\\/2011\\\/02\\\/04\\\/inauguration-de-festival-gay-et-lesbien-de-belgique\\\/\"]}]},{\"@type\":\"ImageObject\",\"inLanguage\":\"fr-FR\",\"@id\":\"https:\\\/\\\/www.doulkeridis.be\\\/blog\\\/2011\\\/02\\\/04\\\/inauguration-de-festival-gay-et-lesbien-de-belgique\\\/#primaryimage\",\"url\":\"http:\\\/\\\/www.doulkeridis.be\\\/blog\\\/wp-content\\\/uploads\\\/2011\\\/02\\\/arton212-213x300.jpg\",\"contentUrl\":\"http:\\\/\\\/www.doulkeridis.be\\\/blog\\\/wp-content\\\/uploads\\\/2011\\\/02\\\/arton212-213x300.jpg\"},{\"@type\":\"BreadcrumbList\",\"@id\":\"https:\\\/\\\/www.doulkeridis.be\\\/blog\\\/2011\\\/02\\\/04\\\/inauguration-de-festival-gay-et-lesbien-de-belgique\\\/#breadcrumb\",\"itemListElement\":[{\"@type\":\"ListItem\",\"position\":1,\"name\":\"Accueil\",\"item\":\"https:\\\/\\\/www.doulkeridis.be\\\/blog\\\/\"},{\"@type\":\"ListItem\",\"position\":2,\"name\":\"Inauguration de festival gay et lesbien de Belgique\"}]},{\"@type\":\"WebSite\",\"@id\":\"https:\\\/\\\/www.doulkeridis.be\\\/blog\\\/#website\",\"url\":\"https:\\\/\\\/www.doulkeridis.be\\\/blog\\\/\",\"name\":\"Christos Doulkeridis\",\"description\":\"Coach | Consultant en solutions, gestion de crise, n\u00e9gociations\",\"publisher\":{\"@id\":\"https:\\\/\\\/www.doulkeridis.be\\\/blog\\\/#organization\"},\"potentialAction\":[{\"@type\":\"SearchAction\",\"target\":{\"@type\":\"EntryPoint\",\"urlTemplate\":\"https:\\\/\\\/www.doulkeridis.be\\\/blog\\\/?s={search_term_string}\"},\"query-input\":{\"@type\":\"PropertyValueSpecification\",\"valueRequired\":true,\"valueName\":\"search_term_string\"}}],\"inLanguage\":\"fr-FR\"},{\"@type\":\"Organization\",\"@id\":\"https:\\\/\\\/www.doulkeridis.be\\\/blog\\\/#organization\",\"name\":\"Ulyse\",\"url\":\"https:\\\/\\\/www.doulkeridis.be\\\/blog\\\/\",\"logo\":{\"@type\":\"ImageObject\",\"inLanguage\":\"fr-FR\",\"@id\":\"https:\\\/\\\/www.doulkeridis.be\\\/blog\\\/#\\\/schema\\\/logo\\\/image\\\/\",\"url\":\"https:\\\/\\\/www.doulkeridis.be\\\/blog\\\/wp-content\\\/uploads\\\/2026\\\/04\\\/2-5.png\",\"contentUrl\":\"https:\\\/\\\/www.doulkeridis.be\\\/blog\\\/wp-content\\\/uploads\\\/2026\\\/04\\\/2-5.png\",\"width\":1024,\"height\":728,\"caption\":\"Ulyse\"},\"image\":{\"@id\":\"https:\\\/\\\/www.doulkeridis.be\\\/blog\\\/#\\\/schema\\\/logo\\\/image\\\/\"},\"sameAs\":[\"https:\\\/\\\/www.facebook.com\\\/doulkeridis\",\"https:\\\/\\\/www.facebook.com\\\/christosdoulkeridis2\"]},{\"@type\":\"Person\",\"@id\":\"https:\\\/\\\/www.doulkeridis.be\\\/blog\\\/#\\\/schema\\\/person\\\/9f03f3459f0a4ba4db02aabbba098365\",\"name\":\"Christos Doulkeridis\",\"image\":{\"@type\":\"ImageObject\",\"inLanguage\":\"fr-FR\",\"@id\":\"https:\\\/\\\/secure.gravatar.com\\\/avatar\\\/71cb6e4369ca0615d93730ef3bc5f54642df4f6bcc59b92763d2ac434abf103e?s=96&d=mm&r=g\",\"url\":\"https:\\\/\\\/secure.gravatar.com\\\/avatar\\\/71cb6e4369ca0615d93730ef3bc5f54642df4f6bcc59b92763d2ac434abf103e?s=96&d=mm&r=g\",\"contentUrl\":\"https:\\\/\\\/secure.gravatar.com\\\/avatar\\\/71cb6e4369ca0615d93730ef3bc5f54642df4f6bcc59b92763d2ac434abf103e?s=96&d=mm&r=g\",\"caption\":\"Christos Doulkeridis\"},\"url\":\"https:\\\/\\\/www.doulkeridis.be\\\/blog\\\/author\\\/christos\\\/\"}]}<\/script>\n<!-- \/ Yoast SEO plugin. -->","yoast_head_json":{"title":"Inauguration de festival gay et lesbien de Belgique - Christos Doulkeridis","robots":{"index":"index","follow":"follow","max-snippet":"max-snippet:-1","max-image-preview":"max-image-preview:large","max-video-preview":"max-video-preview:-1"},"canonical":"https:\/\/www.doulkeridis.be\/blog\/2011\/02\/04\/inauguration-de-festival-gay-et-lesbien-de-belgique\/","og_locale":"fr_FR","og_type":"article","og_title":"Inauguration de festival gay et lesbien de Belgique - Christos Doulkeridis","og_description":"Hier soir, j&rsquo;ai eu le plaisir d&rsquo;inaugurer le 25\u00e8 festival gay et lesbien de Belgique. L&rsquo;occasion de rappeler une double vigilance. Ces derni\u00e8res ann\u00e9es des avanc\u00e9es significatives ont eu lieues dans la reconnaissance des droits des homosexuels en Belgique, mais il ne faut pas baisser la garde car l&rsquo;homophobie n&rsquo;est jamais loin. N&rsquo;oublions pas que cela fait seulement 8 ans que, gr\u00e2ce surtout \u00e0 Ecolo, le mariage homosexuel est reconnu en Belgique et cela va faire tout juste 20 ans que l&rsquo;OMS a retir\u00e9 l&rsquo;homosexualit\u00e9 des maladies mentales. Dans le monde, de nombreux pays consid\u00e8rent toujours l&rsquo;homosexualit\u00e9 comme un d\u00e9lit, parfois punissable de peine de prison \u00e0 vie voir m\u00eame de la peine de mort. Ce festival garde donc tout son sens et permettra une fois encore des moments d&rsquo;\u00e9changes, de r\u00e9flexion avec de nombreuses voix qui n&rsquo;ont pas toujours l&rsquo;occasion de se faire entendre! BON FESTIVAL","og_url":"https:\/\/www.doulkeridis.be\/blog\/2011\/02\/04\/inauguration-de-festival-gay-et-lesbien-de-belgique\/","og_site_name":"Christos Doulkeridis","article_publisher":"https:\/\/www.facebook.com\/doulkeridis","article_published_time":"2011-02-04T17:49:16+00:00","article_modified_time":"2011-08-10T09:54:13+00:00","og_image":[{"url":"http:\/\/www.doulkeridis.be\/blog\/wp-content\/uploads\/2011\/02\/arton212-213x300.jpg","type":"","width":"","height":""}],"author":"Christos Doulkeridis","twitter_card":"summary_large_image","twitter_misc":{"\u00c9crit par":"Christos Doulkeridis","Dur\u00e9e de lecture estim\u00e9e":"1 minute"},"schema":{"@context":"https:\/\/schema.org","@graph":[{"@type":"Article","@id":"https:\/\/www.doulkeridis.be\/blog\/2011\/02\/04\/inauguration-de-festival-gay-et-lesbien-de-belgique\/#article","isPartOf":{"@id":"https:\/\/www.doulkeridis.be\/blog\/2011\/02\/04\/inauguration-de-festival-gay-et-lesbien-de-belgique\/"},"author":{"name":"Christos Doulkeridis","@id":"https:\/\/www.doulkeridis.be\/blog\/#\/schema\/person\/9f03f3459f0a4ba4db02aabbba098365"},"headline":"Inauguration de festival gay et lesbien de Belgique","datePublished":"2011-02-04T17:49:16+00:00","dateModified":"2011-08-10T09:54:13+00:00","mainEntityOfPage":{"@id":"https:\/\/www.doulkeridis.be\/blog\/2011\/02\/04\/inauguration-de-festival-gay-et-lesbien-de-belgique\/"},"wordCount":170,"commentCount":0,"publisher":{"@id":"https:\/\/www.doulkeridis.be\/blog\/#organization"},"image":{"@id":"https:\/\/www.doulkeridis.be\/blog\/2011\/02\/04\/inauguration-de-festival-gay-et-lesbien-de-belgique\/#primaryimage"},"thumbnailUrl":"http:\/\/www.doulkeridis.be\/blog\/wp-content\/uploads\/2011\/02\/arton212-213x300.jpg","keywords":["festival gay et lesbien de Belgique","gays","lesbiennes"],"articleSection":["Citoyennet\u00e9","Mes coups de coeur","Ministre-Pr\u00e9sidence CoCof","Sensibilisation"],"inLanguage":"fr-FR","potentialAction":[{"@type":"CommentAction","name":"Comment","target":["https:\/\/www.doulkeridis.be\/blog\/2011\/02\/04\/inauguration-de-festival-gay-et-lesbien-de-belgique\/#respond"]}]},{"@type":"WebPage","@id":"https:\/\/www.doulkeridis.be\/blog\/2011\/02\/04\/inauguration-de-festival-gay-et-lesbien-de-belgique\/","url":"https:\/\/www.doulkeridis.be\/blog\/2011\/02\/04\/inauguration-de-festival-gay-et-lesbien-de-belgique\/","name":"Inauguration de festival gay et lesbien de Belgique - Christos Doulkeridis","isPartOf":{"@id":"https:\/\/www.doulkeridis.be\/blog\/#website"},"primaryImageOfPage":{"@id":"https:\/\/www.doulkeridis.be\/blog\/2011\/02\/04\/inauguration-de-festival-gay-et-lesbien-de-belgique\/#primaryimage"},"image":{"@id":"https:\/\/www.doulkeridis.be\/blog\/2011\/02\/04\/inauguration-de-festival-gay-et-lesbien-de-belgique\/#primaryimage"},"thumbnailUrl":"http:\/\/www.doulkeridis.be\/blog\/wp-content\/uploads\/2011\/02\/arton212-213x300.jpg","datePublished":"2011-02-04T17:49:16+00:00","dateModified":"2011-08-10T09:54:13+00:00","breadcrumb":{"@id":"https:\/\/www.doulkeridis.be\/blog\/2011\/02\/04\/inauguration-de-festival-gay-et-lesbien-de-belgique\/#breadcrumb"},"inLanguage":"fr-FR","potentialAction":[{"@type":"ReadAction","target":["https:\/\/www.doulkeridis.be\/blog\/2011\/02\/04\/inauguration-de-festival-gay-et-lesbien-de-belgique\/"]}]},{"@type":"ImageObject","inLanguage":"fr-FR","@id":"https:\/\/www.doulkeridis.be\/blog\/2011\/02\/04\/inauguration-de-festival-gay-et-lesbien-de-belgique\/#primaryimage","url":"http:\/\/www.doulkeridis.be\/blog\/wp-content\/uploads\/2011\/02\/arton212-213x300.jpg","contentUrl":"http:\/\/www.doulkeridis.be\/blog\/wp-content\/uploads\/2011\/02\/arton212-213x300.jpg"},{"@type":"BreadcrumbList","@id":"https:\/\/www.doulkeridis.be\/blog\/2011\/02\/04\/inauguration-de-festival-gay-et-lesbien-de-belgique\/#breadcrumb","itemListElement":[{"@type":"ListItem","position":1,"name":"Accueil","item":"https:\/\/www.doulkeridis.be\/blog\/"},{"@type":"ListItem","position":2,"name":"Inauguration de festival gay et lesbien de Belgique"}]},{"@type":"WebSite","@id":"https:\/\/www.doulkeridis.be\/blog\/#website","url":"https:\/\/www.doulkeridis.be\/blog\/","name":"Christos Doulkeridis","description":"Coach | Consultant en solutions, gestion de crise, n\u00e9gociations","publisher":{"@id":"https:\/\/www.doulkeridis.be\/blog\/#organization"},"potentialAction":[{"@type":"SearchAction","target":{"@type":"EntryPoint","urlTemplate":"https:\/\/www.doulkeridis.be\/blog\/?s={search_term_string}"},"query-input":{"@type":"PropertyValueSpecification","valueRequired":true,"valueName":"search_term_string"}}],"inLanguage":"fr-FR"},{"@type":"Organization","@id":"https:\/\/www.doulkeridis.be\/blog\/#organization","name":"Ulyse","url":"https:\/\/www.doulkeridis.be\/blog\/","logo":{"@type":"ImageObject","inLanguage":"fr-FR","@id":"https:\/\/www.doulkeridis.be\/blog\/#\/schema\/logo\/image\/","url":"https:\/\/www.doulkeridis.be\/blog\/wp-content\/uploads\/2026\/04\/2-5.png","contentUrl":"https:\/\/www.doulkeridis.be\/blog\/wp-content\/uploads\/2026\/04\/2-5.png","width":1024,"height":728,"caption":"Ulyse"},"image":{"@id":"https:\/\/www.doulkeridis.be\/blog\/#\/schema\/logo\/image\/"},"sameAs":["https:\/\/www.facebook.com\/doulkeridis","https:\/\/www.facebook.com\/christosdoulkeridis2"]},{"@type":"Person","@id":"https:\/\/www.doulkeridis.be\/blog\/#\/schema\/person\/9f03f3459f0a4ba4db02aabbba098365","name":"Christos Doulkeridis","image":{"@type":"ImageObject","inLanguage":"fr-FR","@id":"https:\/\/secure.gravatar.com\/avatar\/71cb6e4369ca0615d93730ef3bc5f54642df4f6bcc59b92763d2ac434abf103e?s=96&d=mm&r=g","url":"https:\/\/secure.gravatar.com\/avatar\/71cb6e4369ca0615d93730ef3bc5f54642df4f6bcc59b92763d2ac434abf103e?s=96&d=mm&r=g","contentUrl":"https:\/\/secure.gravatar.com\/avatar\/71cb6e4369ca0615d93730ef3bc5f54642df4f6bcc59b92763d2ac434abf103e?s=96&d=mm&r=g","caption":"Christos Doulkeridis"},"url":"https:\/\/www.doulkeridis.be\/blog\/author\/christos\/"}]}},"_links":{"self":[{"href":"https:\/\/www.doulkeridis.be\/blog\/wp-json\/wp\/v2\/posts\/1770","targetHints":{"allow":["GET"]}}],"collection":[{"href":"https:\/\/www.doulkeridis.be\/blog\/wp-json\/wp\/v2\/posts"}],"about":[{"href":"https:\/\/www.doulkeridis.be\/blog\/wp-json\/wp\/v2\/types\/post"}],"author":[{"embeddable":true,"href":"https:\/\/www.doulkeridis.be\/blog\/wp-json\/wp\/v2\/users\/2"}],"replies":[{"embeddable":true,"href":"https:\/\/www.doulkeridis.be\/blog\/wp-json\/wp\/v2\/comments?post=1770"}],"version-history":[{"count":11,"href":"https:\/\/www.doulkeridis.be\/blog\/wp-json\/wp\/v2\/posts\/1770\/revisions"}],"predecessor-version":[{"id":3839,"href":"https:\/\/www.doulkeridis.be\/blog\/wp-json\/wp\/v2\/posts\/1770\/revisions\/3839"}],"wp:attachment":[{"href":"https:\/\/www.doulkeridis.be\/blog\/wp-json\/wp\/v2\/media?parent=1770"}],"wp:term":[{"taxonomy":"category","embeddable":true,"href":"https:\/\/www.doulkeridis.be\/blog\/wp-json\/wp\/v2\/categories?post=1770"},{"taxonomy":"post_tag","embeddable":true,"href":"https:\/\/www.doulkeridis.be\/blog\/wp-json\/wp\/v2\/tags?post=1770"}],"curies":[{"name":"wp","href":"https:\/\/api.w.org\/{rel}","templated":true}]}}