{"id":2054,"date":"2011-03-10T16:30:20","date_gmt":"2011-03-10T14:30:20","guid":{"rendered":"http:\/\/www.doulkeridis.be\/blog\/?p=2054"},"modified":"2011-08-08T15:14:07","modified_gmt":"2011-08-08T13:14:07","slug":"a-films-ouverts-le-festival-du-film-contre-le-racisme","status":"publish","type":"post","link":"https:\/\/www.doulkeridis.be\/blog\/2011\/03\/10\/a-films-ouverts-le-festival-du-film-contre-le-racisme\/","title":{"rendered":"\u00ab\u00a0A Films Ouverts\u00a0\u00bb, le festival du film contre le racisme"},"content":{"rendered":"<p><a href=\"https:\/\/www.doulkeridis.be\/blog\/wp-content\/uploads\/2011\/03\/afilmsouverts.jpg\"><img loading=\"lazy\" decoding=\"async\" class=\"alignleft size-full wp-image-2055\" title=\"afilmsouverts\" src=\"https:\/\/www.doulkeridis.be\/blog\/wp-content\/uploads\/2011\/03\/afilmsouverts.jpg\" alt=\"\" width=\"230\" height=\"160\" \/><\/a><strong>Allez, un petit coup de projecteur sur le festival du film contre le racisme, <a href=\"www.afilmsouverts.be\" target=\"_blank\">\u00ab\u00a0A Films Ouverts\u00a0\u00bb<\/a>, qui d\u00e9marre aujourd&rsquo;hui!<\/strong> Et si le festival est d\u00e9centralis\u00e9 dans 23 communes, c\u2019est bien \u00e0 Bruxelles que la majorit\u00e9 des activit\u00e9s auront lieu. En 10 jours, la R\u00e9gion accueillera 23 \u00e9v\u00e8nements, entre s\u00e9ances de cin\u00e9ma et d\u00e9bats.<\/p>\n<p>Le festival, qui en est \u00e0 sa sixi\u00e8me \u00e9dition, proposera cette ann\u00e9e quatre programmations de longs et courts m\u00e9trages. Les th\u00e8mes de l&rsquo;universalit\u00e9, la mondialisation, la diversit\u00e9 culturelle, les sans-papiers&#8230;<\/p>\n<p>Bref, de quoi alimenter notre r\u00e9flexion et participer au d\u00e9bat, encore et toujours au coeur de l&rsquo;actualit\u00e9.<\/p>\n","protected":false},"excerpt":{"rendered":"<p>Allez, un petit coup de projecteur sur le festival du film contre le racisme, \u00ab\u00a0A Films Ouverts\u00a0\u00bb, qui d\u00e9marre aujourd&rsquo;hui! Et si le festival est d\u00e9centralis\u00e9 dans 23 communes, c\u2019est bien \u00e0 Bruxelles que la majorit\u00e9 des activit\u00e9s auront lieu. En 10 jours, la R\u00e9gion accueillera 23 \u00e9v\u00e8nements, entre s\u00e9ances de cin\u00e9ma et d\u00e9bats. Le festival, qui en est \u00e0 sa sixi\u00e8me \u00e9dition, proposera cette ann\u00e9e quatre programmations de longs et courts m\u00e9trages. Les th\u00e8mes de l&rsquo;universalit\u00e9, la mondialisation, la diversit\u00e9 culturelle, les sans-papiers&#8230; Bref, de quoi alimenter notre r\u00e9flexion et participer au d\u00e9bat, encore et toujours au coeur de l&rsquo;actualit\u00e9.<\/p>\n","protected":false},"author":2,"featured_media":0,"comment_status":"open","ping_status":"open","sticky":false,"template":"","format":"standard","meta":{"_monsterinsights_skip_tracking":false,"_monsterinsights_sitenote_active":false,"_monsterinsights_sitenote_note":"","_monsterinsights_sitenote_category":0,"ngg_post_thumbnail":0,"footnotes":""},"categories":[169,83,305],"tags":[374,375],"class_list":["post-2054","post","type-post","status-publish","format-standard","hentry","category-citoyennete","category-culture","category-mes-coups-de-coeur","tag-a-films-ouverts","tag-festival-du-film-contre-le-racisme"],"yoast_head":"<!-- This site is optimized with the Yoast SEO plugin v27.4 - https:\/\/yoast.com\/product\/yoast-seo-wordpress\/ -->\n<title>&quot;A Films Ouverts&quot;, le festival du film contre le racisme - Christos Doulkeridis<\/title>\n<meta name=\"robots\" content=\"index, follow, max-snippet:-1, max-image-preview:large, max-video-preview:-1\" \/>\n<link rel=\"canonical\" href=\"https:\/\/www.doulkeridis.be\/blog\/2011\/03\/10\/a-films-ouverts-le-festival-du-film-contre-le-racisme\/\" \/>\n<meta property=\"og:locale\" content=\"fr_FR\" \/>\n<meta property=\"og:type\" content=\"article\" \/>\n<meta property=\"og:title\" content=\"&quot;A Films Ouverts&quot;, le festival du film contre le racisme - Christos Doulkeridis\" \/>\n<meta property=\"og:description\" content=\"Allez, un petit coup de projecteur sur le festival du film contre le racisme, \u00ab\u00a0A Films Ouverts\u00a0\u00bb, qui d\u00e9marre aujourd&rsquo;hui! Et si le festival est d\u00e9centralis\u00e9 dans 23 communes, c\u2019est bien \u00e0 Bruxelles que la majorit\u00e9 des activit\u00e9s auront lieu. En 10 jours, la R\u00e9gion accueillera 23 \u00e9v\u00e8nements, entre s\u00e9ances de cin\u00e9ma et d\u00e9bats. Le festival, qui en est \u00e0 sa sixi\u00e8me \u00e9dition, proposera cette ann\u00e9e quatre programmations de longs et courts m\u00e9trages. Les th\u00e8mes de l&rsquo;universalit\u00e9, la mondialisation, la diversit\u00e9 culturelle, les sans-papiers&#8230; Bref, de quoi alimenter notre r\u00e9flexion et participer au d\u00e9bat, encore et toujours au coeur de l&rsquo;actualit\u00e9.\" \/>\n<meta property=\"og:url\" content=\"https:\/\/www.doulkeridis.be\/blog\/2011\/03\/10\/a-films-ouverts-le-festival-du-film-contre-le-racisme\/\" \/>\n<meta property=\"og:site_name\" content=\"Christos Doulkeridis\" \/>\n<meta property=\"article:publisher\" content=\"https:\/\/www.facebook.com\/doulkeridis\" \/>\n<meta property=\"article:published_time\" content=\"2011-03-10T14:30:20+00:00\" \/>\n<meta property=\"article:modified_time\" content=\"2011-08-08T13:14:07+00:00\" \/>\n<meta property=\"og:image\" content=\"http:\/\/www.doulkeridis.be\/blog\/wp-content\/uploads\/2011\/03\/afilmsouverts.jpg\" \/>\n<meta name=\"author\" content=\"Christos Doulkeridis\" \/>\n<meta name=\"twitter:card\" content=\"summary_large_image\" \/>\n<meta name=\"twitter:label1\" content=\"\u00c9crit par\" \/>\n\t<meta name=\"twitter:data1\" content=\"Christos Doulkeridis\" \/>\n\t<meta name=\"twitter:label2\" content=\"Dur\u00e9e de lecture estim\u00e9e\" \/>\n\t<meta name=\"twitter:data2\" content=\"1 minute\" \/>\n<script type=\"application\/ld+json\" class=\"yoast-schema-graph\">{\"@context\":\"https:\\\/\\\/schema.org\",\"@graph\":[{\"@type\":\"Article\",\"@id\":\"https:\\\/\\\/www.doulkeridis.be\\\/blog\\\/2011\\\/03\\\/10\\\/a-films-ouverts-le-festival-du-film-contre-le-racisme\\\/#article\",\"isPartOf\":{\"@id\":\"https:\\\/\\\/www.doulkeridis.be\\\/blog\\\/2011\\\/03\\\/10\\\/a-films-ouverts-le-festival-du-film-contre-le-racisme\\\/\"},\"author\":{\"name\":\"Christos Doulkeridis\",\"@id\":\"https:\\\/\\\/www.doulkeridis.be\\\/blog\\\/#\\\/schema\\\/person\\\/9f03f3459f0a4ba4db02aabbba098365\"},\"headline\":\"\u00ab\u00a0A Films Ouverts\u00a0\u00bb, le festival du film contre le racisme\",\"datePublished\":\"2011-03-10T14:30:20+00:00\",\"dateModified\":\"2011-08-08T13:14:07+00:00\",\"mainEntityOfPage\":{\"@id\":\"https:\\\/\\\/www.doulkeridis.be\\\/blog\\\/2011\\\/03\\\/10\\\/a-films-ouverts-le-festival-du-film-contre-le-racisme\\\/\"},\"wordCount\":124,\"commentCount\":0,\"publisher\":{\"@id\":\"https:\\\/\\\/www.doulkeridis.be\\\/blog\\\/#organization\"},\"image\":{\"@id\":\"https:\\\/\\\/www.doulkeridis.be\\\/blog\\\/2011\\\/03\\\/10\\\/a-films-ouverts-le-festival-du-film-contre-le-racisme\\\/#primaryimage\"},\"thumbnailUrl\":\"http:\\\/\\\/www.doulkeridis.be\\\/blog\\\/wp-content\\\/uploads\\\/2011\\\/03\\\/afilmsouverts.jpg\",\"keywords\":[\"A Films Ouverts\",\"festival du film contre le racisme\"],\"articleSection\":[\"Citoyennet\u00e9\",\"Culture\",\"Mes coups de coeur\"],\"inLanguage\":\"fr-FR\",\"potentialAction\":[{\"@type\":\"CommentAction\",\"name\":\"Comment\",\"target\":[\"https:\\\/\\\/www.doulkeridis.be\\\/blog\\\/2011\\\/03\\\/10\\\/a-films-ouverts-le-festival-du-film-contre-le-racisme\\\/#respond\"]}]},{\"@type\":\"WebPage\",\"@id\":\"https:\\\/\\\/www.doulkeridis.be\\\/blog\\\/2011\\\/03\\\/10\\\/a-films-ouverts-le-festival-du-film-contre-le-racisme\\\/\",\"url\":\"https:\\\/\\\/www.doulkeridis.be\\\/blog\\\/2011\\\/03\\\/10\\\/a-films-ouverts-le-festival-du-film-contre-le-racisme\\\/\",\"name\":\"\\\"A Films Ouverts\\\", le festival du film contre le racisme - Christos Doulkeridis\",\"isPartOf\":{\"@id\":\"https:\\\/\\\/www.doulkeridis.be\\\/blog\\\/#website\"},\"primaryImageOfPage\":{\"@id\":\"https:\\\/\\\/www.doulkeridis.be\\\/blog\\\/2011\\\/03\\\/10\\\/a-films-ouverts-le-festival-du-film-contre-le-racisme\\\/#primaryimage\"},\"image\":{\"@id\":\"https:\\\/\\\/www.doulkeridis.be\\\/blog\\\/2011\\\/03\\\/10\\\/a-films-ouverts-le-festival-du-film-contre-le-racisme\\\/#primaryimage\"},\"thumbnailUrl\":\"http:\\\/\\\/www.doulkeridis.be\\\/blog\\\/wp-content\\\/uploads\\\/2011\\\/03\\\/afilmsouverts.jpg\",\"datePublished\":\"2011-03-10T14:30:20+00:00\",\"dateModified\":\"2011-08-08T13:14:07+00:00\",\"breadcrumb\":{\"@id\":\"https:\\\/\\\/www.doulkeridis.be\\\/blog\\\/2011\\\/03\\\/10\\\/a-films-ouverts-le-festival-du-film-contre-le-racisme\\\/#breadcrumb\"},\"inLanguage\":\"fr-FR\",\"potentialAction\":[{\"@type\":\"ReadAction\",\"target\":[\"https:\\\/\\\/www.doulkeridis.be\\\/blog\\\/2011\\\/03\\\/10\\\/a-films-ouverts-le-festival-du-film-contre-le-racisme\\\/\"]}]},{\"@type\":\"ImageObject\",\"inLanguage\":\"fr-FR\",\"@id\":\"https:\\\/\\\/www.doulkeridis.be\\\/blog\\\/2011\\\/03\\\/10\\\/a-films-ouverts-le-festival-du-film-contre-le-racisme\\\/#primaryimage\",\"url\":\"http:\\\/\\\/www.doulkeridis.be\\\/blog\\\/wp-content\\\/uploads\\\/2011\\\/03\\\/afilmsouverts.jpg\",\"contentUrl\":\"http:\\\/\\\/www.doulkeridis.be\\\/blog\\\/wp-content\\\/uploads\\\/2011\\\/03\\\/afilmsouverts.jpg\"},{\"@type\":\"BreadcrumbList\",\"@id\":\"https:\\\/\\\/www.doulkeridis.be\\\/blog\\\/2011\\\/03\\\/10\\\/a-films-ouverts-le-festival-du-film-contre-le-racisme\\\/#breadcrumb\",\"itemListElement\":[{\"@type\":\"ListItem\",\"position\":1,\"name\":\"Accueil\",\"item\":\"https:\\\/\\\/www.doulkeridis.be\\\/blog\\\/\"},{\"@type\":\"ListItem\",\"position\":2,\"name\":\"\u00ab\u00a0A Films Ouverts\u00a0\u00bb, le festival du film contre le racisme\"}]},{\"@type\":\"WebSite\",\"@id\":\"https:\\\/\\\/www.doulkeridis.be\\\/blog\\\/#website\",\"url\":\"https:\\\/\\\/www.doulkeridis.be\\\/blog\\\/\",\"name\":\"Christos Doulkeridis\",\"description\":\"Coach | Consultant en solutions, gestion de crise, n\u00e9gociations\",\"publisher\":{\"@id\":\"https:\\\/\\\/www.doulkeridis.be\\\/blog\\\/#organization\"},\"potentialAction\":[{\"@type\":\"SearchAction\",\"target\":{\"@type\":\"EntryPoint\",\"urlTemplate\":\"https:\\\/\\\/www.doulkeridis.be\\\/blog\\\/?s={search_term_string}\"},\"query-input\":{\"@type\":\"PropertyValueSpecification\",\"valueRequired\":true,\"valueName\":\"search_term_string\"}}],\"inLanguage\":\"fr-FR\"},{\"@type\":\"Organization\",\"@id\":\"https:\\\/\\\/www.doulkeridis.be\\\/blog\\\/#organization\",\"name\":\"Ulyse\",\"url\":\"https:\\\/\\\/www.doulkeridis.be\\\/blog\\\/\",\"logo\":{\"@type\":\"ImageObject\",\"inLanguage\":\"fr-FR\",\"@id\":\"https:\\\/\\\/www.doulkeridis.be\\\/blog\\\/#\\\/schema\\\/logo\\\/image\\\/\",\"url\":\"https:\\\/\\\/www.doulkeridis.be\\\/blog\\\/wp-content\\\/uploads\\\/2026\\\/04\\\/2-5.png\",\"contentUrl\":\"https:\\\/\\\/www.doulkeridis.be\\\/blog\\\/wp-content\\\/uploads\\\/2026\\\/04\\\/2-5.png\",\"width\":1024,\"height\":728,\"caption\":\"Ulyse\"},\"image\":{\"@id\":\"https:\\\/\\\/www.doulkeridis.be\\\/blog\\\/#\\\/schema\\\/logo\\\/image\\\/\"},\"sameAs\":[\"https:\\\/\\\/www.facebook.com\\\/doulkeridis\",\"https:\\\/\\\/www.facebook.com\\\/christosdoulkeridis2\"]},{\"@type\":\"Person\",\"@id\":\"https:\\\/\\\/www.doulkeridis.be\\\/blog\\\/#\\\/schema\\\/person\\\/9f03f3459f0a4ba4db02aabbba098365\",\"name\":\"Christos Doulkeridis\",\"image\":{\"@type\":\"ImageObject\",\"inLanguage\":\"fr-FR\",\"@id\":\"https:\\\/\\\/secure.gravatar.com\\\/avatar\\\/71cb6e4369ca0615d93730ef3bc5f54642df4f6bcc59b92763d2ac434abf103e?s=96&d=mm&r=g\",\"url\":\"https:\\\/\\\/secure.gravatar.com\\\/avatar\\\/71cb6e4369ca0615d93730ef3bc5f54642df4f6bcc59b92763d2ac434abf103e?s=96&d=mm&r=g\",\"contentUrl\":\"https:\\\/\\\/secure.gravatar.com\\\/avatar\\\/71cb6e4369ca0615d93730ef3bc5f54642df4f6bcc59b92763d2ac434abf103e?s=96&d=mm&r=g\",\"caption\":\"Christos Doulkeridis\"},\"url\":\"https:\\\/\\\/www.doulkeridis.be\\\/blog\\\/author\\\/christos\\\/\"}]}<\/script>\n<!-- \/ Yoast SEO plugin. -->","yoast_head_json":{"title":"\"A Films Ouverts\", le festival du film contre le racisme - Christos Doulkeridis","robots":{"index":"index","follow":"follow","max-snippet":"max-snippet:-1","max-image-preview":"max-image-preview:large","max-video-preview":"max-video-preview:-1"},"canonical":"https:\/\/www.doulkeridis.be\/blog\/2011\/03\/10\/a-films-ouverts-le-festival-du-film-contre-le-racisme\/","og_locale":"fr_FR","og_type":"article","og_title":"\"A Films Ouverts\", le festival du film contre le racisme - Christos Doulkeridis","og_description":"Allez, un petit coup de projecteur sur le festival du film contre le racisme, \u00ab\u00a0A Films Ouverts\u00a0\u00bb, qui d\u00e9marre aujourd&rsquo;hui! Et si le festival est d\u00e9centralis\u00e9 dans 23 communes, c\u2019est bien \u00e0 Bruxelles que la majorit\u00e9 des activit\u00e9s auront lieu. En 10 jours, la R\u00e9gion accueillera 23 \u00e9v\u00e8nements, entre s\u00e9ances de cin\u00e9ma et d\u00e9bats. Le festival, qui en est \u00e0 sa sixi\u00e8me \u00e9dition, proposera cette ann\u00e9e quatre programmations de longs et courts m\u00e9trages. Les th\u00e8mes de l&rsquo;universalit\u00e9, la mondialisation, la diversit\u00e9 culturelle, les sans-papiers&#8230; Bref, de quoi alimenter notre r\u00e9flexion et participer au d\u00e9bat, encore et toujours au coeur de l&rsquo;actualit\u00e9.","og_url":"https:\/\/www.doulkeridis.be\/blog\/2011\/03\/10\/a-films-ouverts-le-festival-du-film-contre-le-racisme\/","og_site_name":"Christos Doulkeridis","article_publisher":"https:\/\/www.facebook.com\/doulkeridis","article_published_time":"2011-03-10T14:30:20+00:00","article_modified_time":"2011-08-08T13:14:07+00:00","og_image":[{"url":"http:\/\/www.doulkeridis.be\/blog\/wp-content\/uploads\/2011\/03\/afilmsouverts.jpg","type":"","width":"","height":""}],"author":"Christos Doulkeridis","twitter_card":"summary_large_image","twitter_misc":{"\u00c9crit par":"Christos Doulkeridis","Dur\u00e9e de lecture estim\u00e9e":"1 minute"},"schema":{"@context":"https:\/\/schema.org","@graph":[{"@type":"Article","@id":"https:\/\/www.doulkeridis.be\/blog\/2011\/03\/10\/a-films-ouverts-le-festival-du-film-contre-le-racisme\/#article","isPartOf":{"@id":"https:\/\/www.doulkeridis.be\/blog\/2011\/03\/10\/a-films-ouverts-le-festival-du-film-contre-le-racisme\/"},"author":{"name":"Christos Doulkeridis","@id":"https:\/\/www.doulkeridis.be\/blog\/#\/schema\/person\/9f03f3459f0a4ba4db02aabbba098365"},"headline":"\u00ab\u00a0A Films Ouverts\u00a0\u00bb, le festival du film contre le racisme","datePublished":"2011-03-10T14:30:20+00:00","dateModified":"2011-08-08T13:14:07+00:00","mainEntityOfPage":{"@id":"https:\/\/www.doulkeridis.be\/blog\/2011\/03\/10\/a-films-ouverts-le-festival-du-film-contre-le-racisme\/"},"wordCount":124,"commentCount":0,"publisher":{"@id":"https:\/\/www.doulkeridis.be\/blog\/#organization"},"image":{"@id":"https:\/\/www.doulkeridis.be\/blog\/2011\/03\/10\/a-films-ouverts-le-festival-du-film-contre-le-racisme\/#primaryimage"},"thumbnailUrl":"http:\/\/www.doulkeridis.be\/blog\/wp-content\/uploads\/2011\/03\/afilmsouverts.jpg","keywords":["A Films Ouverts","festival du film contre le racisme"],"articleSection":["Citoyennet\u00e9","Culture","Mes coups de coeur"],"inLanguage":"fr-FR","potentialAction":[{"@type":"CommentAction","name":"Comment","target":["https:\/\/www.doulkeridis.be\/blog\/2011\/03\/10\/a-films-ouverts-le-festival-du-film-contre-le-racisme\/#respond"]}]},{"@type":"WebPage","@id":"https:\/\/www.doulkeridis.be\/blog\/2011\/03\/10\/a-films-ouverts-le-festival-du-film-contre-le-racisme\/","url":"https:\/\/www.doulkeridis.be\/blog\/2011\/03\/10\/a-films-ouverts-le-festival-du-film-contre-le-racisme\/","name":"\"A Films Ouverts\", le festival du film contre le racisme - Christos Doulkeridis","isPartOf":{"@id":"https:\/\/www.doulkeridis.be\/blog\/#website"},"primaryImageOfPage":{"@id":"https:\/\/www.doulkeridis.be\/blog\/2011\/03\/10\/a-films-ouverts-le-festival-du-film-contre-le-racisme\/#primaryimage"},"image":{"@id":"https:\/\/www.doulkeridis.be\/blog\/2011\/03\/10\/a-films-ouverts-le-festival-du-film-contre-le-racisme\/#primaryimage"},"thumbnailUrl":"http:\/\/www.doulkeridis.be\/blog\/wp-content\/uploads\/2011\/03\/afilmsouverts.jpg","datePublished":"2011-03-10T14:30:20+00:00","dateModified":"2011-08-08T13:14:07+00:00","breadcrumb":{"@id":"https:\/\/www.doulkeridis.be\/blog\/2011\/03\/10\/a-films-ouverts-le-festival-du-film-contre-le-racisme\/#breadcrumb"},"inLanguage":"fr-FR","potentialAction":[{"@type":"ReadAction","target":["https:\/\/www.doulkeridis.be\/blog\/2011\/03\/10\/a-films-ouverts-le-festival-du-film-contre-le-racisme\/"]}]},{"@type":"ImageObject","inLanguage":"fr-FR","@id":"https:\/\/www.doulkeridis.be\/blog\/2011\/03\/10\/a-films-ouverts-le-festival-du-film-contre-le-racisme\/#primaryimage","url":"http:\/\/www.doulkeridis.be\/blog\/wp-content\/uploads\/2011\/03\/afilmsouverts.jpg","contentUrl":"http:\/\/www.doulkeridis.be\/blog\/wp-content\/uploads\/2011\/03\/afilmsouverts.jpg"},{"@type":"BreadcrumbList","@id":"https:\/\/www.doulkeridis.be\/blog\/2011\/03\/10\/a-films-ouverts-le-festival-du-film-contre-le-racisme\/#breadcrumb","itemListElement":[{"@type":"ListItem","position":1,"name":"Accueil","item":"https:\/\/www.doulkeridis.be\/blog\/"},{"@type":"ListItem","position":2,"name":"\u00ab\u00a0A Films Ouverts\u00a0\u00bb, le festival du film contre le racisme"}]},{"@type":"WebSite","@id":"https:\/\/www.doulkeridis.be\/blog\/#website","url":"https:\/\/www.doulkeridis.be\/blog\/","name":"Christos Doulkeridis","description":"Coach | Consultant en solutions, gestion de crise, n\u00e9gociations","publisher":{"@id":"https:\/\/www.doulkeridis.be\/blog\/#organization"},"potentialAction":[{"@type":"SearchAction","target":{"@type":"EntryPoint","urlTemplate":"https:\/\/www.doulkeridis.be\/blog\/?s={search_term_string}"},"query-input":{"@type":"PropertyValueSpecification","valueRequired":true,"valueName":"search_term_string"}}],"inLanguage":"fr-FR"},{"@type":"Organization","@id":"https:\/\/www.doulkeridis.be\/blog\/#organization","name":"Ulyse","url":"https:\/\/www.doulkeridis.be\/blog\/","logo":{"@type":"ImageObject","inLanguage":"fr-FR","@id":"https:\/\/www.doulkeridis.be\/blog\/#\/schema\/logo\/image\/","url":"https:\/\/www.doulkeridis.be\/blog\/wp-content\/uploads\/2026\/04\/2-5.png","contentUrl":"https:\/\/www.doulkeridis.be\/blog\/wp-content\/uploads\/2026\/04\/2-5.png","width":1024,"height":728,"caption":"Ulyse"},"image":{"@id":"https:\/\/www.doulkeridis.be\/blog\/#\/schema\/logo\/image\/"},"sameAs":["https:\/\/www.facebook.com\/doulkeridis","https:\/\/www.facebook.com\/christosdoulkeridis2"]},{"@type":"Person","@id":"https:\/\/www.doulkeridis.be\/blog\/#\/schema\/person\/9f03f3459f0a4ba4db02aabbba098365","name":"Christos Doulkeridis","image":{"@type":"ImageObject","inLanguage":"fr-FR","@id":"https:\/\/secure.gravatar.com\/avatar\/71cb6e4369ca0615d93730ef3bc5f54642df4f6bcc59b92763d2ac434abf103e?s=96&d=mm&r=g","url":"https:\/\/secure.gravatar.com\/avatar\/71cb6e4369ca0615d93730ef3bc5f54642df4f6bcc59b92763d2ac434abf103e?s=96&d=mm&r=g","contentUrl":"https:\/\/secure.gravatar.com\/avatar\/71cb6e4369ca0615d93730ef3bc5f54642df4f6bcc59b92763d2ac434abf103e?s=96&d=mm&r=g","caption":"Christos Doulkeridis"},"url":"https:\/\/www.doulkeridis.be\/blog\/author\/christos\/"}]}},"_links":{"self":[{"href":"https:\/\/www.doulkeridis.be\/blog\/wp-json\/wp\/v2\/posts\/2054","targetHints":{"allow":["GET"]}}],"collection":[{"href":"https:\/\/www.doulkeridis.be\/blog\/wp-json\/wp\/v2\/posts"}],"about":[{"href":"https:\/\/www.doulkeridis.be\/blog\/wp-json\/wp\/v2\/types\/post"}],"author":[{"embeddable":true,"href":"https:\/\/www.doulkeridis.be\/blog\/wp-json\/wp\/v2\/users\/2"}],"replies":[{"embeddable":true,"href":"https:\/\/www.doulkeridis.be\/blog\/wp-json\/wp\/v2\/comments?post=2054"}],"version-history":[{"count":3,"href":"https:\/\/www.doulkeridis.be\/blog\/wp-json\/wp\/v2\/posts\/2054\/revisions"}],"predecessor-version":[{"id":3480,"href":"https:\/\/www.doulkeridis.be\/blog\/wp-json\/wp\/v2\/posts\/2054\/revisions\/3480"}],"wp:attachment":[{"href":"https:\/\/www.doulkeridis.be\/blog\/wp-json\/wp\/v2\/media?parent=2054"}],"wp:term":[{"taxonomy":"category","embeddable":true,"href":"https:\/\/www.doulkeridis.be\/blog\/wp-json\/wp\/v2\/categories?post=2054"},{"taxonomy":"post_tag","embeddable":true,"href":"https:\/\/www.doulkeridis.be\/blog\/wp-json\/wp\/v2\/tags?post=2054"}],"curies":[{"name":"wp","href":"https:\/\/api.w.org\/{rel}","templated":true}]}}