{"id":2089,"date":"2011-03-16T15:50:43","date_gmt":"2011-03-16T13:50:43","guid":{"rendered":"http:\/\/www.doulkeridis.be\/blog\/?p=2089"},"modified":"2011-08-08T15:02:03","modified_gmt":"2011-08-08T13:02:03","slug":"normes-de-qualite-dhabitabilite-et-de-securite-des-logements-sociaux","status":"publish","type":"post","link":"https:\/\/www.doulkeridis.be\/blog\/2011\/03\/16\/normes-de-qualite-dhabitabilite-et-de-securite-des-logements-sociaux\/","title":{"rendered":"Normes de qualit\u00e9, d&rsquo;habitabilit\u00e9 et de s\u00e9curit\u00e9 des logements sociaux"},"content":{"rendered":"<p><strong><a href=\"https:\/\/www.doulkeridis.be\/blog\/wp-content\/uploads\/2011\/03\/parlement-bruxellois-2.jpg\"><img loading=\"lazy\" decoding=\"async\" class=\"alignleft size-medium wp-image-2091\" title=\"parlement bruxellois 2\" src=\"https:\/\/www.doulkeridis.be\/blog\/wp-content\/uploads\/2011\/03\/parlement-bruxellois-2-200x300.jpg\" alt=\"\" width=\"200\" height=\"300\" srcset=\"https:\/\/www.doulkeridis.be\/blog\/wp-content\/uploads\/2011\/03\/parlement-bruxellois-2-200x300.jpg 200w, https:\/\/www.doulkeridis.be\/blog\/wp-content\/uploads\/2011\/03\/parlement-bruxellois-2.jpg 249w\" sizes=\"auto, (max-width: 200px) 100vw, 200px\" \/><\/a>Cette semaine, en Commission Logement du Parlement bruxellois, j&rsquo;ai \u00e9t\u00e9 interpell\u00e9 par Fouad AHIDAR (s.pa) au sujet des normes de qualit\u00e9, d&rsquo;habitabilit\u00e9 et de s\u00e9curit\u00e9 des logements locatifs des soci\u00e9t\u00e9s de logement social. C&rsquo;est l&rsquo;occasion pour moi de revenir sur le travail de la Direction de l&rsquo;inspection du logement.<\/strong> Il est d&rsquo;ailleurs \u00e0 faire remarquer au pr\u00e9alable que l&rsquo;action de la Direction de l&rsquo;inspection du logement visent autant les logements priv\u00e9s que publics.<\/p>\n<p>Quelques chiffres tout d&rsquo;abord: les demandes d\u2019attestations sont pass\u00e9es de 677 \u00e0 797 (+18%), de certificat de 69 \u00e0 111 (+61%), d\u2019attestation de contr\u00f4le de conformit\u00e9 de 163 \u00e0 177 (+9%)\u00a0; les plaintes sont pass\u00e9es de 493 \u00e0 677 (+25%) et les visites d\u2019initiative de 50 \u00e0 127 (+154%). Toutes proc\u00e9dures confondues, 1.173 visites ont \u00e9t\u00e9 effectu\u00e9es en 2010, ce qui n&rsquo;est pas rien. L&rsquo;administration parvient \u00e0 r\u00e9pondre \u00e0 90 % des plaintes dans les d\u00e9lais l\u00e9gaux, <strong>voil\u00e0 qui d\u00e9montre le bon travail et l&rsquo;excellent suivi de ce service.<\/strong><\/p>\n<p>Concernant le parc du logement social, il faut savoir que la Soci\u00e9t\u00e9 du Logement de la R\u00e9gion de Bruxelles-Capitale (SLRB) a interrog\u00e9 les Sisp fin 2010 pour rassembler de nouvelles informations:<br \/>\n&#8211; les dangers li\u00e9s au CO,<br \/>\n&#8211; les travaux impos\u00e9s aux ascenseurs pour r\u00e9pondre aux nouvelles normes de 2013 et 2018,<br \/>\n&#8211; les consommations \u00e9nerg\u00e9tiques des b\u00e2timents collectifs pour identifier les immeubles \u00e9nergivores,<br \/>\n&#8211; les pathologies d&rsquo;enveloppes, g\u00e9n\u00e9rant les infiltrations notamment.<\/p>\n<p><strong>Un \u00e9tat des lieux du patrimoine g\u00e9n\u00e9ral actualis\u00e9 sera ainsi disponible au mois d&rsquo;avril.<\/strong><\/p>\n<p><strong><!--more--><\/strong>Depuis la cr\u00e9ation de la R\u00e9gion bruxelloise, d&rsquo;importants moyens financiers ont \u00e9t\u00e9 d\u00e9gag\u00e9s  pour rehausser le niveau de qualit\u00e9 et de s\u00e9curit\u00e9 du patrimoine. Depuis 2002 ce sont 536 millions d&rsquo;euros qui ont \u00e9t\u00e9 attribu\u00e9s aux Sisp apr\u00e8s enqu\u00eate sur leurs besoins en mati\u00e8re de r\u00e9novations et r\u00e9habilitation.<\/p>\n<p><strong>Et en juin de cette ann\u00e9e, la SLRB doit pr\u00e9senter une proposition de programme d&rsquo;investissement d&rsquo;un montant de 150 millions d&rsquo;euro apr\u00e8s enqu\u00eate aupr\u00e8s des Sisp sur leurs besoins li\u00e9s \u00e0 la s\u00e9curit\u00e9, aux travaux visant \u00e0 r\u00e9duire les consommations d&rsquo;\u00e9nergie  ou encore aux travaux pour des logements actuellement inoccup\u00e9s.<\/strong><\/p>\n<p>Chacun peut donc constater qu&rsquo;il y a donc une r\u00e9elle pr\u00e9occupation assortie de mesures concr\u00e8tes pour r\u00e9agir \u00e0 la probl\u00e9matique des situations intol\u00e9rables d&rsquo;insalubrit\u00e9 et d&rsquo;ins\u00e9curit\u00e9 dans les logements, et tout particuli\u00e8rement dans les logements sociaux.<\/p>\n","protected":false},"excerpt":{"rendered":"<p>Cette semaine, en Commission Logement du Parlement bruxellois, j&rsquo;ai \u00e9t\u00e9 interpell\u00e9 par Fouad AHIDAR (s.pa) au sujet des normes de qualit\u00e9, d&rsquo;habitabilit\u00e9 et de s\u00e9curit\u00e9 des logements locatifs des soci\u00e9t\u00e9s de logement social. C&rsquo;est l&rsquo;occasion pour moi de revenir sur le travail de la Direction de l&rsquo;inspection du logement. Il est d&rsquo;ailleurs \u00e0 faire remarquer au pr\u00e9alable que l&rsquo;action de la Direction de l&rsquo;inspection du logement visent autant les logements priv\u00e9s que publics. Quelques chiffres tout d&rsquo;abord: les demandes d\u2019attestations sont pass\u00e9es de 677 \u00e0 797 (+18%), de certificat de 69 \u00e0 111 (+61%), d\u2019attestation de contr\u00f4le de conformit\u00e9 de 163 \u00e0 177 (+9%)\u00a0; les plaintes sont pass\u00e9es de 493 \u00e0 677 (+25%) et les visites d\u2019initiative de 50 \u00e0 127 (+154%). Toutes proc\u00e9dures confondues, 1.173 visites ont \u00e9t\u00e9 effectu\u00e9es en 2010, ce qui n&rsquo;est pas rien. L&rsquo;administration parvient \u00e0 r\u00e9pondre \u00e0 90 % des plaintes dans les d\u00e9lais l\u00e9gaux, voil\u00e0 qui d\u00e9montre le bon travail et l&rsquo;excellent suivi de ce service. Concernant le parc du logement social, il faut savoir que la Soci\u00e9t\u00e9 du Logement de la R\u00e9gion de Bruxelles-Capitale (SLRB) a interrog\u00e9 les Sisp fin 2010 pour rassembler de nouvelles informations: &#8211; les dangers li\u00e9s au CO, &#8211; [&hellip;]<\/p>\n","protected":false},"author":2,"featured_media":0,"comment_status":"open","ping_status":"open","sticky":false,"template":"","format":"standard","meta":{"_monsterinsights_skip_tracking":false,"_monsterinsights_sitenote_active":false,"_monsterinsights_sitenote_note":"","_monsterinsights_sitenote_category":0,"ngg_post_thumbnail":0,"footnotes":""},"categories":[3],"tags":[275,198,369],"class_list":["post-2089","post","type-post","status-publish","format-standard","hentry","category-logement","tag-inspection-du-logement","tag-logements-sociaux","tag-normes-de-qualite"],"yoast_head":"<!-- This site is optimized with the Yoast SEO plugin v27.4 - https:\/\/yoast.com\/product\/yoast-seo-wordpress\/ -->\n<title>Normes de qualit\u00e9, d&#039;habitabilit\u00e9 et de s\u00e9curit\u00e9 des logements sociaux - Christos Doulkeridis<\/title>\n<meta name=\"robots\" content=\"index, follow, max-snippet:-1, max-image-preview:large, max-video-preview:-1\" \/>\n<link rel=\"canonical\" href=\"https:\/\/www.doulkeridis.be\/blog\/2011\/03\/16\/normes-de-qualite-dhabitabilite-et-de-securite-des-logements-sociaux\/\" \/>\n<meta property=\"og:locale\" content=\"fr_FR\" \/>\n<meta property=\"og:type\" content=\"article\" \/>\n<meta property=\"og:title\" content=\"Normes de qualit\u00e9, d&#039;habitabilit\u00e9 et de s\u00e9curit\u00e9 des logements sociaux - Christos Doulkeridis\" \/>\n<meta property=\"og:description\" content=\"Cette semaine, en Commission Logement du Parlement bruxellois, j&rsquo;ai \u00e9t\u00e9 interpell\u00e9 par Fouad AHIDAR (s.pa) au sujet des normes de qualit\u00e9, d&rsquo;habitabilit\u00e9 et de s\u00e9curit\u00e9 des logements locatifs des soci\u00e9t\u00e9s de logement social. C&rsquo;est l&rsquo;occasion pour moi de revenir sur le travail de la Direction de l&rsquo;inspection du logement. Il est d&rsquo;ailleurs \u00e0 faire remarquer au pr\u00e9alable que l&rsquo;action de la Direction de l&rsquo;inspection du logement visent autant les logements priv\u00e9s que publics. Quelques chiffres tout d&rsquo;abord: les demandes d\u2019attestations sont pass\u00e9es de 677 \u00e0 797 (+18%), de certificat de 69 \u00e0 111 (+61%), d\u2019attestation de contr\u00f4le de conformit\u00e9 de 163 \u00e0 177 (+9%)\u00a0; les plaintes sont pass\u00e9es de 493 \u00e0 677 (+25%) et les visites d\u2019initiative de 50 \u00e0 127 (+154%). Toutes proc\u00e9dures confondues, 1.173 visites ont \u00e9t\u00e9 effectu\u00e9es en 2010, ce qui n&rsquo;est pas rien. L&rsquo;administration parvient \u00e0 r\u00e9pondre \u00e0 90 % des plaintes dans les d\u00e9lais l\u00e9gaux, voil\u00e0 qui d\u00e9montre le bon travail et l&rsquo;excellent suivi de ce service. Concernant le parc du logement social, il faut savoir que la Soci\u00e9t\u00e9 du Logement de la R\u00e9gion de Bruxelles-Capitale (SLRB) a interrog\u00e9 les Sisp fin 2010 pour rassembler de nouvelles informations: &#8211; les dangers li\u00e9s au CO, &#8211; [&hellip;]\" \/>\n<meta property=\"og:url\" content=\"https:\/\/www.doulkeridis.be\/blog\/2011\/03\/16\/normes-de-qualite-dhabitabilite-et-de-securite-des-logements-sociaux\/\" \/>\n<meta property=\"og:site_name\" content=\"Christos Doulkeridis\" \/>\n<meta property=\"article:publisher\" content=\"https:\/\/www.facebook.com\/doulkeridis\" \/>\n<meta property=\"article:published_time\" content=\"2011-03-16T13:50:43+00:00\" \/>\n<meta property=\"article:modified_time\" content=\"2011-08-08T13:02:03+00:00\" \/>\n<meta property=\"og:image\" content=\"http:\/\/www.doulkeridis.be\/blog\/wp-content\/uploads\/2011\/03\/parlement-bruxellois-2-200x300.jpg\" \/>\n<meta name=\"author\" content=\"Christos Doulkeridis\" \/>\n<meta name=\"twitter:card\" content=\"summary_large_image\" \/>\n<meta name=\"twitter:label1\" content=\"\u00c9crit par\" \/>\n\t<meta name=\"twitter:data1\" content=\"Christos Doulkeridis\" \/>\n\t<meta name=\"twitter:label2\" content=\"Dur\u00e9e de lecture estim\u00e9e\" \/>\n\t<meta name=\"twitter:data2\" content=\"2 minutes\" \/>\n<script type=\"application\/ld+json\" class=\"yoast-schema-graph\">{\"@context\":\"https:\\\/\\\/schema.org\",\"@graph\":[{\"@type\":\"Article\",\"@id\":\"https:\\\/\\\/www.doulkeridis.be\\\/blog\\\/2011\\\/03\\\/16\\\/normes-de-qualite-dhabitabilite-et-de-securite-des-logements-sociaux\\\/#article\",\"isPartOf\":{\"@id\":\"https:\\\/\\\/www.doulkeridis.be\\\/blog\\\/2011\\\/03\\\/16\\\/normes-de-qualite-dhabitabilite-et-de-securite-des-logements-sociaux\\\/\"},\"author\":{\"name\":\"Christos Doulkeridis\",\"@id\":\"https:\\\/\\\/www.doulkeridis.be\\\/blog\\\/#\\\/schema\\\/person\\\/9f03f3459f0a4ba4db02aabbba098365\"},\"headline\":\"Normes de qualit\u00e9, d&rsquo;habitabilit\u00e9 et de s\u00e9curit\u00e9 des logements sociaux\",\"datePublished\":\"2011-03-16T13:50:43+00:00\",\"dateModified\":\"2011-08-08T13:02:03+00:00\",\"mainEntityOfPage\":{\"@id\":\"https:\\\/\\\/www.doulkeridis.be\\\/blog\\\/2011\\\/03\\\/16\\\/normes-de-qualite-dhabitabilite-et-de-securite-des-logements-sociaux\\\/\"},\"wordCount\":438,\"commentCount\":0,\"publisher\":{\"@id\":\"https:\\\/\\\/www.doulkeridis.be\\\/blog\\\/#organization\"},\"image\":{\"@id\":\"https:\\\/\\\/www.doulkeridis.be\\\/blog\\\/2011\\\/03\\\/16\\\/normes-de-qualite-dhabitabilite-et-de-securite-des-logements-sociaux\\\/#primaryimage\"},\"thumbnailUrl\":\"http:\\\/\\\/www.doulkeridis.be\\\/blog\\\/wp-content\\\/uploads\\\/2011\\\/03\\\/parlement-bruxellois-2-200x300.jpg\",\"keywords\":[\"Inspection du logement\",\"logements sociaux\",\"normes de qualit\u00e9\"],\"articleSection\":[\"Logement\"],\"inLanguage\":\"fr-FR\",\"potentialAction\":[{\"@type\":\"CommentAction\",\"name\":\"Comment\",\"target\":[\"https:\\\/\\\/www.doulkeridis.be\\\/blog\\\/2011\\\/03\\\/16\\\/normes-de-qualite-dhabitabilite-et-de-securite-des-logements-sociaux\\\/#respond\"]}]},{\"@type\":\"WebPage\",\"@id\":\"https:\\\/\\\/www.doulkeridis.be\\\/blog\\\/2011\\\/03\\\/16\\\/normes-de-qualite-dhabitabilite-et-de-securite-des-logements-sociaux\\\/\",\"url\":\"https:\\\/\\\/www.doulkeridis.be\\\/blog\\\/2011\\\/03\\\/16\\\/normes-de-qualite-dhabitabilite-et-de-securite-des-logements-sociaux\\\/\",\"name\":\"Normes de qualit\u00e9, d'habitabilit\u00e9 et de s\u00e9curit\u00e9 des logements sociaux - Christos Doulkeridis\",\"isPartOf\":{\"@id\":\"https:\\\/\\\/www.doulkeridis.be\\\/blog\\\/#website\"},\"primaryImageOfPage\":{\"@id\":\"https:\\\/\\\/www.doulkeridis.be\\\/blog\\\/2011\\\/03\\\/16\\\/normes-de-qualite-dhabitabilite-et-de-securite-des-logements-sociaux\\\/#primaryimage\"},\"image\":{\"@id\":\"https:\\\/\\\/www.doulkeridis.be\\\/blog\\\/2011\\\/03\\\/16\\\/normes-de-qualite-dhabitabilite-et-de-securite-des-logements-sociaux\\\/#primaryimage\"},\"thumbnailUrl\":\"http:\\\/\\\/www.doulkeridis.be\\\/blog\\\/wp-content\\\/uploads\\\/2011\\\/03\\\/parlement-bruxellois-2-200x300.jpg\",\"datePublished\":\"2011-03-16T13:50:43+00:00\",\"dateModified\":\"2011-08-08T13:02:03+00:00\",\"breadcrumb\":{\"@id\":\"https:\\\/\\\/www.doulkeridis.be\\\/blog\\\/2011\\\/03\\\/16\\\/normes-de-qualite-dhabitabilite-et-de-securite-des-logements-sociaux\\\/#breadcrumb\"},\"inLanguage\":\"fr-FR\",\"potentialAction\":[{\"@type\":\"ReadAction\",\"target\":[\"https:\\\/\\\/www.doulkeridis.be\\\/blog\\\/2011\\\/03\\\/16\\\/normes-de-qualite-dhabitabilite-et-de-securite-des-logements-sociaux\\\/\"]}]},{\"@type\":\"ImageObject\",\"inLanguage\":\"fr-FR\",\"@id\":\"https:\\\/\\\/www.doulkeridis.be\\\/blog\\\/2011\\\/03\\\/16\\\/normes-de-qualite-dhabitabilite-et-de-securite-des-logements-sociaux\\\/#primaryimage\",\"url\":\"http:\\\/\\\/www.doulkeridis.be\\\/blog\\\/wp-content\\\/uploads\\\/2011\\\/03\\\/parlement-bruxellois-2-200x300.jpg\",\"contentUrl\":\"http:\\\/\\\/www.doulkeridis.be\\\/blog\\\/wp-content\\\/uploads\\\/2011\\\/03\\\/parlement-bruxellois-2-200x300.jpg\"},{\"@type\":\"BreadcrumbList\",\"@id\":\"https:\\\/\\\/www.doulkeridis.be\\\/blog\\\/2011\\\/03\\\/16\\\/normes-de-qualite-dhabitabilite-et-de-securite-des-logements-sociaux\\\/#breadcrumb\",\"itemListElement\":[{\"@type\":\"ListItem\",\"position\":1,\"name\":\"Accueil\",\"item\":\"https:\\\/\\\/www.doulkeridis.be\\\/blog\\\/\"},{\"@type\":\"ListItem\",\"position\":2,\"name\":\"Normes de qualit\u00e9, d&rsquo;habitabilit\u00e9 et de s\u00e9curit\u00e9 des logements sociaux\"}]},{\"@type\":\"WebSite\",\"@id\":\"https:\\\/\\\/www.doulkeridis.be\\\/blog\\\/#website\",\"url\":\"https:\\\/\\\/www.doulkeridis.be\\\/blog\\\/\",\"name\":\"Christos Doulkeridis\",\"description\":\"Coach | Consultant en solutions, gestion de crise, n\u00e9gociations\",\"publisher\":{\"@id\":\"https:\\\/\\\/www.doulkeridis.be\\\/blog\\\/#organization\"},\"potentialAction\":[{\"@type\":\"SearchAction\",\"target\":{\"@type\":\"EntryPoint\",\"urlTemplate\":\"https:\\\/\\\/www.doulkeridis.be\\\/blog\\\/?s={search_term_string}\"},\"query-input\":{\"@type\":\"PropertyValueSpecification\",\"valueRequired\":true,\"valueName\":\"search_term_string\"}}],\"inLanguage\":\"fr-FR\"},{\"@type\":\"Organization\",\"@id\":\"https:\\\/\\\/www.doulkeridis.be\\\/blog\\\/#organization\",\"name\":\"Ulyse\",\"url\":\"https:\\\/\\\/www.doulkeridis.be\\\/blog\\\/\",\"logo\":{\"@type\":\"ImageObject\",\"inLanguage\":\"fr-FR\",\"@id\":\"https:\\\/\\\/www.doulkeridis.be\\\/blog\\\/#\\\/schema\\\/logo\\\/image\\\/\",\"url\":\"https:\\\/\\\/www.doulkeridis.be\\\/blog\\\/wp-content\\\/uploads\\\/2026\\\/04\\\/2-5.png\",\"contentUrl\":\"https:\\\/\\\/www.doulkeridis.be\\\/blog\\\/wp-content\\\/uploads\\\/2026\\\/04\\\/2-5.png\",\"width\":1024,\"height\":728,\"caption\":\"Ulyse\"},\"image\":{\"@id\":\"https:\\\/\\\/www.doulkeridis.be\\\/blog\\\/#\\\/schema\\\/logo\\\/image\\\/\"},\"sameAs\":[\"https:\\\/\\\/www.facebook.com\\\/doulkeridis\",\"https:\\\/\\\/www.facebook.com\\\/christosdoulkeridis2\"]},{\"@type\":\"Person\",\"@id\":\"https:\\\/\\\/www.doulkeridis.be\\\/blog\\\/#\\\/schema\\\/person\\\/9f03f3459f0a4ba4db02aabbba098365\",\"name\":\"Christos Doulkeridis\",\"image\":{\"@type\":\"ImageObject\",\"inLanguage\":\"fr-FR\",\"@id\":\"https:\\\/\\\/secure.gravatar.com\\\/avatar\\\/71cb6e4369ca0615d93730ef3bc5f54642df4f6bcc59b92763d2ac434abf103e?s=96&d=mm&r=g\",\"url\":\"https:\\\/\\\/secure.gravatar.com\\\/avatar\\\/71cb6e4369ca0615d93730ef3bc5f54642df4f6bcc59b92763d2ac434abf103e?s=96&d=mm&r=g\",\"contentUrl\":\"https:\\\/\\\/secure.gravatar.com\\\/avatar\\\/71cb6e4369ca0615d93730ef3bc5f54642df4f6bcc59b92763d2ac434abf103e?s=96&d=mm&r=g\",\"caption\":\"Christos Doulkeridis\"},\"url\":\"https:\\\/\\\/www.doulkeridis.be\\\/blog\\\/author\\\/christos\\\/\"}]}<\/script>\n<!-- \/ Yoast SEO plugin. -->","yoast_head_json":{"title":"Normes de qualit\u00e9, d'habitabilit\u00e9 et de s\u00e9curit\u00e9 des logements sociaux - Christos Doulkeridis","robots":{"index":"index","follow":"follow","max-snippet":"max-snippet:-1","max-image-preview":"max-image-preview:large","max-video-preview":"max-video-preview:-1"},"canonical":"https:\/\/www.doulkeridis.be\/blog\/2011\/03\/16\/normes-de-qualite-dhabitabilite-et-de-securite-des-logements-sociaux\/","og_locale":"fr_FR","og_type":"article","og_title":"Normes de qualit\u00e9, d'habitabilit\u00e9 et de s\u00e9curit\u00e9 des logements sociaux - Christos Doulkeridis","og_description":"Cette semaine, en Commission Logement du Parlement bruxellois, j&rsquo;ai \u00e9t\u00e9 interpell\u00e9 par Fouad AHIDAR (s.pa) au sujet des normes de qualit\u00e9, d&rsquo;habitabilit\u00e9 et de s\u00e9curit\u00e9 des logements locatifs des soci\u00e9t\u00e9s de logement social. C&rsquo;est l&rsquo;occasion pour moi de revenir sur le travail de la Direction de l&rsquo;inspection du logement. Il est d&rsquo;ailleurs \u00e0 faire remarquer au pr\u00e9alable que l&rsquo;action de la Direction de l&rsquo;inspection du logement visent autant les logements priv\u00e9s que publics. Quelques chiffres tout d&rsquo;abord: les demandes d\u2019attestations sont pass\u00e9es de 677 \u00e0 797 (+18%), de certificat de 69 \u00e0 111 (+61%), d\u2019attestation de contr\u00f4le de conformit\u00e9 de 163 \u00e0 177 (+9%)\u00a0; les plaintes sont pass\u00e9es de 493 \u00e0 677 (+25%) et les visites d\u2019initiative de 50 \u00e0 127 (+154%). Toutes proc\u00e9dures confondues, 1.173 visites ont \u00e9t\u00e9 effectu\u00e9es en 2010, ce qui n&rsquo;est pas rien. L&rsquo;administration parvient \u00e0 r\u00e9pondre \u00e0 90 % des plaintes dans les d\u00e9lais l\u00e9gaux, voil\u00e0 qui d\u00e9montre le bon travail et l&rsquo;excellent suivi de ce service. Concernant le parc du logement social, il faut savoir que la Soci\u00e9t\u00e9 du Logement de la R\u00e9gion de Bruxelles-Capitale (SLRB) a interrog\u00e9 les Sisp fin 2010 pour rassembler de nouvelles informations: &#8211; les dangers li\u00e9s au CO, &#8211; [&hellip;]","og_url":"https:\/\/www.doulkeridis.be\/blog\/2011\/03\/16\/normes-de-qualite-dhabitabilite-et-de-securite-des-logements-sociaux\/","og_site_name":"Christos Doulkeridis","article_publisher":"https:\/\/www.facebook.com\/doulkeridis","article_published_time":"2011-03-16T13:50:43+00:00","article_modified_time":"2011-08-08T13:02:03+00:00","og_image":[{"url":"http:\/\/www.doulkeridis.be\/blog\/wp-content\/uploads\/2011\/03\/parlement-bruxellois-2-200x300.jpg","type":"","width":"","height":""}],"author":"Christos Doulkeridis","twitter_card":"summary_large_image","twitter_misc":{"\u00c9crit par":"Christos Doulkeridis","Dur\u00e9e de lecture estim\u00e9e":"2 minutes"},"schema":{"@context":"https:\/\/schema.org","@graph":[{"@type":"Article","@id":"https:\/\/www.doulkeridis.be\/blog\/2011\/03\/16\/normes-de-qualite-dhabitabilite-et-de-securite-des-logements-sociaux\/#article","isPartOf":{"@id":"https:\/\/www.doulkeridis.be\/blog\/2011\/03\/16\/normes-de-qualite-dhabitabilite-et-de-securite-des-logements-sociaux\/"},"author":{"name":"Christos Doulkeridis","@id":"https:\/\/www.doulkeridis.be\/blog\/#\/schema\/person\/9f03f3459f0a4ba4db02aabbba098365"},"headline":"Normes de qualit\u00e9, d&rsquo;habitabilit\u00e9 et de s\u00e9curit\u00e9 des logements sociaux","datePublished":"2011-03-16T13:50:43+00:00","dateModified":"2011-08-08T13:02:03+00:00","mainEntityOfPage":{"@id":"https:\/\/www.doulkeridis.be\/blog\/2011\/03\/16\/normes-de-qualite-dhabitabilite-et-de-securite-des-logements-sociaux\/"},"wordCount":438,"commentCount":0,"publisher":{"@id":"https:\/\/www.doulkeridis.be\/blog\/#organization"},"image":{"@id":"https:\/\/www.doulkeridis.be\/blog\/2011\/03\/16\/normes-de-qualite-dhabitabilite-et-de-securite-des-logements-sociaux\/#primaryimage"},"thumbnailUrl":"http:\/\/www.doulkeridis.be\/blog\/wp-content\/uploads\/2011\/03\/parlement-bruxellois-2-200x300.jpg","keywords":["Inspection du logement","logements sociaux","normes de qualit\u00e9"],"articleSection":["Logement"],"inLanguage":"fr-FR","potentialAction":[{"@type":"CommentAction","name":"Comment","target":["https:\/\/www.doulkeridis.be\/blog\/2011\/03\/16\/normes-de-qualite-dhabitabilite-et-de-securite-des-logements-sociaux\/#respond"]}]},{"@type":"WebPage","@id":"https:\/\/www.doulkeridis.be\/blog\/2011\/03\/16\/normes-de-qualite-dhabitabilite-et-de-securite-des-logements-sociaux\/","url":"https:\/\/www.doulkeridis.be\/blog\/2011\/03\/16\/normes-de-qualite-dhabitabilite-et-de-securite-des-logements-sociaux\/","name":"Normes de qualit\u00e9, d'habitabilit\u00e9 et de s\u00e9curit\u00e9 des logements sociaux - Christos Doulkeridis","isPartOf":{"@id":"https:\/\/www.doulkeridis.be\/blog\/#website"},"primaryImageOfPage":{"@id":"https:\/\/www.doulkeridis.be\/blog\/2011\/03\/16\/normes-de-qualite-dhabitabilite-et-de-securite-des-logements-sociaux\/#primaryimage"},"image":{"@id":"https:\/\/www.doulkeridis.be\/blog\/2011\/03\/16\/normes-de-qualite-dhabitabilite-et-de-securite-des-logements-sociaux\/#primaryimage"},"thumbnailUrl":"http:\/\/www.doulkeridis.be\/blog\/wp-content\/uploads\/2011\/03\/parlement-bruxellois-2-200x300.jpg","datePublished":"2011-03-16T13:50:43+00:00","dateModified":"2011-08-08T13:02:03+00:00","breadcrumb":{"@id":"https:\/\/www.doulkeridis.be\/blog\/2011\/03\/16\/normes-de-qualite-dhabitabilite-et-de-securite-des-logements-sociaux\/#breadcrumb"},"inLanguage":"fr-FR","potentialAction":[{"@type":"ReadAction","target":["https:\/\/www.doulkeridis.be\/blog\/2011\/03\/16\/normes-de-qualite-dhabitabilite-et-de-securite-des-logements-sociaux\/"]}]},{"@type":"ImageObject","inLanguage":"fr-FR","@id":"https:\/\/www.doulkeridis.be\/blog\/2011\/03\/16\/normes-de-qualite-dhabitabilite-et-de-securite-des-logements-sociaux\/#primaryimage","url":"http:\/\/www.doulkeridis.be\/blog\/wp-content\/uploads\/2011\/03\/parlement-bruxellois-2-200x300.jpg","contentUrl":"http:\/\/www.doulkeridis.be\/blog\/wp-content\/uploads\/2011\/03\/parlement-bruxellois-2-200x300.jpg"},{"@type":"BreadcrumbList","@id":"https:\/\/www.doulkeridis.be\/blog\/2011\/03\/16\/normes-de-qualite-dhabitabilite-et-de-securite-des-logements-sociaux\/#breadcrumb","itemListElement":[{"@type":"ListItem","position":1,"name":"Accueil","item":"https:\/\/www.doulkeridis.be\/blog\/"},{"@type":"ListItem","position":2,"name":"Normes de qualit\u00e9, d&rsquo;habitabilit\u00e9 et de s\u00e9curit\u00e9 des logements sociaux"}]},{"@type":"WebSite","@id":"https:\/\/www.doulkeridis.be\/blog\/#website","url":"https:\/\/www.doulkeridis.be\/blog\/","name":"Christos Doulkeridis","description":"Coach | Consultant en solutions, gestion de crise, n\u00e9gociations","publisher":{"@id":"https:\/\/www.doulkeridis.be\/blog\/#organization"},"potentialAction":[{"@type":"SearchAction","target":{"@type":"EntryPoint","urlTemplate":"https:\/\/www.doulkeridis.be\/blog\/?s={search_term_string}"},"query-input":{"@type":"PropertyValueSpecification","valueRequired":true,"valueName":"search_term_string"}}],"inLanguage":"fr-FR"},{"@type":"Organization","@id":"https:\/\/www.doulkeridis.be\/blog\/#organization","name":"Ulyse","url":"https:\/\/www.doulkeridis.be\/blog\/","logo":{"@type":"ImageObject","inLanguage":"fr-FR","@id":"https:\/\/www.doulkeridis.be\/blog\/#\/schema\/logo\/image\/","url":"https:\/\/www.doulkeridis.be\/blog\/wp-content\/uploads\/2026\/04\/2-5.png","contentUrl":"https:\/\/www.doulkeridis.be\/blog\/wp-content\/uploads\/2026\/04\/2-5.png","width":1024,"height":728,"caption":"Ulyse"},"image":{"@id":"https:\/\/www.doulkeridis.be\/blog\/#\/schema\/logo\/image\/"},"sameAs":["https:\/\/www.facebook.com\/doulkeridis","https:\/\/www.facebook.com\/christosdoulkeridis2"]},{"@type":"Person","@id":"https:\/\/www.doulkeridis.be\/blog\/#\/schema\/person\/9f03f3459f0a4ba4db02aabbba098365","name":"Christos Doulkeridis","image":{"@type":"ImageObject","inLanguage":"fr-FR","@id":"https:\/\/secure.gravatar.com\/avatar\/71cb6e4369ca0615d93730ef3bc5f54642df4f6bcc59b92763d2ac434abf103e?s=96&d=mm&r=g","url":"https:\/\/secure.gravatar.com\/avatar\/71cb6e4369ca0615d93730ef3bc5f54642df4f6bcc59b92763d2ac434abf103e?s=96&d=mm&r=g","contentUrl":"https:\/\/secure.gravatar.com\/avatar\/71cb6e4369ca0615d93730ef3bc5f54642df4f6bcc59b92763d2ac434abf103e?s=96&d=mm&r=g","caption":"Christos Doulkeridis"},"url":"https:\/\/www.doulkeridis.be\/blog\/author\/christos\/"}]}},"_links":{"self":[{"href":"https:\/\/www.doulkeridis.be\/blog\/wp-json\/wp\/v2\/posts\/2089","targetHints":{"allow":["GET"]}}],"collection":[{"href":"https:\/\/www.doulkeridis.be\/blog\/wp-json\/wp\/v2\/posts"}],"about":[{"href":"https:\/\/www.doulkeridis.be\/blog\/wp-json\/wp\/v2\/types\/post"}],"author":[{"embeddable":true,"href":"https:\/\/www.doulkeridis.be\/blog\/wp-json\/wp\/v2\/users\/2"}],"replies":[{"embeddable":true,"href":"https:\/\/www.doulkeridis.be\/blog\/wp-json\/wp\/v2\/comments?post=2089"}],"version-history":[{"count":7,"href":"https:\/\/www.doulkeridis.be\/blog\/wp-json\/wp\/v2\/posts\/2089\/revisions"}],"predecessor-version":[{"id":3475,"href":"https:\/\/www.doulkeridis.be\/blog\/wp-json\/wp\/v2\/posts\/2089\/revisions\/3475"}],"wp:attachment":[{"href":"https:\/\/www.doulkeridis.be\/blog\/wp-json\/wp\/v2\/media?parent=2089"}],"wp:term":[{"taxonomy":"category","embeddable":true,"href":"https:\/\/www.doulkeridis.be\/blog\/wp-json\/wp\/v2\/categories?post=2089"},{"taxonomy":"post_tag","embeddable":true,"href":"https:\/\/www.doulkeridis.be\/blog\/wp-json\/wp\/v2\/tags?post=2089"}],"curies":[{"name":"wp","href":"https:\/\/api.w.org\/{rel}","templated":true}]}}