{"id":217,"date":"2010-05-01T01:03:36","date_gmt":"2010-04-30T23:03:36","guid":{"rendered":"http:\/\/www.doulkeridis.be\/blog\/?p=217"},"modified":"2012-10-06T09:30:18","modified_gmt":"2012-10-06T08:30:18","slug":"moussaka-la-recette-de-ma-mere","status":"publish","type":"post","link":"https:\/\/www.doulkeridis.be\/blog\/2010\/05\/01\/moussaka-la-recette-de-ma-mere\/","title":{"rendered":"Moussaka : la recette de ma m\u00e8re"},"content":{"rendered":"<p><a href=\"https:\/\/www.doulkeridis.be\/blog\/wp-content\/uploads\/2010\/05\/moussaka.jpg\"><img loading=\"lazy\" decoding=\"async\" class=\"alignright size-full wp-image-218\" title=\"moussaka\" src=\"https:\/\/www.doulkeridis.be\/blog\/wp-content\/uploads\/2010\/05\/moussaka.jpg\" alt=\"\" width=\"265\" height=\"176\" \/><\/a><strong>La recette traditionnelle de ma m\u00e8re. L&rsquo;une des pages les plus lues de mon site internet. A tel point que si on tape \u00ab\u00a0moussaka\u00a0\u00bb sur Google en Belgique, c&rsquo;est la premi\u00e8re ou la deuxi\u00e8me entr\u00e9e obtenue. Pour la petite histoire, elle a d\u00fb certainement en pr\u00e9parer des milliers puisqu\u2019elle en a vendu pendant des ann\u00e9es sur les march\u00e9s de Jette, d\u2019Anvers, de Wavre et de Louvain. <\/strong><\/p>\n<p><em>4-5 aubergines, 3 pommes de terres, 1 gros oignon, un demi bouquet de persil, 3-4 gousses d\u2019ail, une petite boite de tomates pel\u00e9es (400 gr), 700 gr d\u2019hachis porc\/b\u0153uf, 700 ml de lait, 5 cuill\u00e8res de farine, 75 gr de beurre, 150 gr de fromage r\u00e2p\u00e9, sel et poivre, huile d\u2019olive.<\/em><\/p>\n<p><em><!--more--><br \/>\nUn plat \u00e0 four, deux casseroles moyennes, une grande po\u00eale, un couteau de cuisine, une planche en bois (ou en pierre ou autre), une spatule, un fouet de cuisine, une cuill\u00e8re, un \u00e9gouttoir, une r\u00e2pe \u00e0 fromage, 2 taques de cuisson, 1 four. <\/em><\/p>\n<p>1. Retirez l\u2019extr\u00e9mit\u00e9 des aubergines et coupez-les dans le sens de la longueur en tranches d\u20191 cm. Salez-les et laissez-les d\u00e9gorger sur du papier absorbant (ou droites dans un \u00e9gouttoir) durant une vingtaine de minutes. Ensuite, les cuire (pas totalement) dans une po\u00eale avec pas mal d&rsquo;huile et les \u00e9goutter.<\/p>\n<p>2. Epluchez et lavez les pommes de terre. D\u00e9coupez-les dans le sens de la longueur en tranches d\u2019un peu moins d\u20191 cm et faites les frire de chaque c\u00f4t\u00e9 dans une po\u00eale avec de l\u2019huile d\u2019olive (ma m\u00e8re cuisine tout \u00e0 l\u2019huile d\u2019olive, mais vous pouvez utiliser ici une autre huile v\u00e9g\u00e9tale un peu moins ch\u00e8re si vous voulez &#8211; mais ne le dites pas \u00e0 ma m\u00e8re). D\u00e9posez les pommes de terre cuites sur du papier absorbant ou dans un \u00e9gouttoir.<\/p>\n<p>3. Hachez finement l\u2019oignon, l\u2019ail et le persil.<\/p>\n<p>4. Faites chauffer un peu d\u2019huile d\u2019olive dans une casserole moyenne et faites-y rissoler l\u2019oignon hach\u00e9 et l\u2019ail. Ajoutez l\u2019hachis de viande, laisser cuire jusqu\u2019\u00e0 ce qu\u2019il ait une belle couleur en m\u00e9langeant de temps en temps et ajoutez le contenu de la bo\u00eete de tomates pel\u00e9es. Laisser cuire en m\u00e9langeant de temps en temps jusqu\u2019\u00e0 ce que ce ne soit pas trop liquide et ajoutez ensuite le persil hach\u00e9. Salez et poivrez.<\/p>\n<p>5. Pr\u00e9parez une b\u00e9chamel : dans une casserole moyenne, faites fondre le beurre, ajouter la farine et m\u00e9langer rapidement au fouet jusqu\u2019\u00e0 ce que cela fasse une p\u00e2te homog\u00e8ne. Ajoutez petit \u00e0 petit le lait tout en fouettant sans s\u2019arr\u00eater et jusqu\u2019\u00e0 obtenir une belle b\u00e9chamel. Salez et poivrez.<\/p>\n<p>6. Pr\u00e9chauffez le four \u00e0 180\u00b0.<\/p>\n<p>7. Dans un plat allant au four (genre pyrex), disposez d\u2019abord une rang\u00e9e de pommes de terre. Puis une couche d\u2019aubergines bien serr\u00e9es les unes contre les autres. D\u00e9posez sur cette couche tout le hachis bien r\u00e9parti. Encore une couche d\u2019aubergines bien serr\u00e9es et parachevez par une belle couche de b\u00e9chamel parsem\u00e9e de fromage r\u00e2p\u00e9 (ma m\u00e8re utilise en Gr\u00e8ce un fromage sec qu\u2019elle pr\u00e9pare \u00e0 partir du lait de ses brebis &#8211; vous pouvez aussi utiliser du gruy\u00e8re ou tout autre fromage qui vous pla\u00eet, mais ne dites rien \u00e0 ma m\u00e8re).<\/p>\n<p>8. Enfournez et laisser cuire jusqu\u2019\u00e0 ce que la b\u00e9chamel prenne une belle couleur dor\u00e9e (une bonne trentaine de minutes).<\/p>\n","protected":false},"excerpt":{"rendered":"<p>La recette traditionnelle de ma m\u00e8re. L&rsquo;une des pages les plus lues de mon site internet. A tel point que si on tape \u00ab\u00a0moussaka\u00a0\u00bb sur Google en Belgique, c&rsquo;est la premi\u00e8re ou la deuxi\u00e8me entr\u00e9e obtenue. Pour la petite histoire, elle a d\u00fb certainement en pr\u00e9parer des milliers puisqu\u2019elle en a vendu pendant des ann\u00e9es sur les march\u00e9s de Jette, d\u2019Anvers, de Wavre et de Louvain. 4-5 aubergines, 3 pommes de terres, 1 gros oignon, un demi bouquet de persil, 3-4 gousses d\u2019ail, une petite boite de tomates pel\u00e9es (400 gr), 700 gr d\u2019hachis porc\/b\u0153uf, 700 ml de lait, 5 cuill\u00e8res de farine, 75 gr de beurre, 150 gr de fromage r\u00e2p\u00e9, sel et poivre, huile d\u2019olive.<\/p>\n","protected":false},"author":2,"featured_media":218,"comment_status":"open","ping_status":"open","sticky":false,"template":"","format":"standard","meta":{"_monsterinsights_skip_tracking":false,"_monsterinsights_sitenote_active":false,"_monsterinsights_sitenote_note":"","_monsterinsights_sitenote_category":0,"ngg_post_thumbnail":0,"footnotes":""},"categories":[87,304,194,110],"tags":[1022],"class_list":["post-217","post","type-post","status-publish","format-standard","has-post-thumbnail","hentry","category-gastronomie","category-mes_realisations","category-recettes","category-perso","tag-gastronomie"],"yoast_head":"<!-- This site is optimized with the Yoast SEO plugin v27.4 - https:\/\/yoast.com\/product\/yoast-seo-wordpress\/ -->\n<title>Moussaka : la recette de ma m\u00e8re - Christos Doulkeridis<\/title>\n<meta name=\"robots\" content=\"index, follow, max-snippet:-1, max-image-preview:large, max-video-preview:-1\" \/>\n<link rel=\"canonical\" href=\"https:\/\/www.doulkeridis.be\/blog\/2010\/05\/01\/moussaka-la-recette-de-ma-mere\/\" \/>\n<meta property=\"og:locale\" content=\"fr_FR\" \/>\n<meta property=\"og:type\" content=\"article\" \/>\n<meta property=\"og:title\" content=\"Moussaka : la recette de ma m\u00e8re - Christos Doulkeridis\" \/>\n<meta property=\"og:description\" content=\"La recette traditionnelle de ma m\u00e8re. L&rsquo;une des pages les plus lues de mon site internet. A tel point que si on tape \u00ab\u00a0moussaka\u00a0\u00bb sur Google en Belgique, c&rsquo;est la premi\u00e8re ou la deuxi\u00e8me entr\u00e9e obtenue. Pour la petite histoire, elle a d\u00fb certainement en pr\u00e9parer des milliers puisqu\u2019elle en a vendu pendant des ann\u00e9es sur les march\u00e9s de Jette, d\u2019Anvers, de Wavre et de Louvain. 4-5 aubergines, 3 pommes de terres, 1 gros oignon, un demi bouquet de persil, 3-4 gousses d\u2019ail, une petite boite de tomates pel\u00e9es (400 gr), 700 gr d\u2019hachis porc\/b\u0153uf, 700 ml de lait, 5 cuill\u00e8res de farine, 75 gr de beurre, 150 gr de fromage r\u00e2p\u00e9, sel et poivre, huile d\u2019olive.\" \/>\n<meta property=\"og:url\" content=\"https:\/\/www.doulkeridis.be\/blog\/2010\/05\/01\/moussaka-la-recette-de-ma-mere\/\" \/>\n<meta property=\"og:site_name\" content=\"Christos Doulkeridis\" \/>\n<meta property=\"article:publisher\" content=\"https:\/\/www.facebook.com\/doulkeridis\" \/>\n<meta property=\"article:published_time\" content=\"2010-04-30T23:03:36+00:00\" \/>\n<meta property=\"article:modified_time\" content=\"2012-10-06T08:30:18+00:00\" \/>\n<meta property=\"og:image\" content=\"https:\/\/www.doulkeridis.be\/blog\/wp-content\/uploads\/2010\/05\/moussaka.jpg\" \/>\n\t<meta property=\"og:image:width\" content=\"265\" \/>\n\t<meta property=\"og:image:height\" content=\"176\" \/>\n\t<meta property=\"og:image:type\" content=\"image\/jpeg\" \/>\n<meta name=\"author\" content=\"Christos Doulkeridis\" \/>\n<meta name=\"twitter:card\" content=\"summary_large_image\" \/>\n<meta name=\"twitter:label1\" content=\"\u00c9crit par\" \/>\n\t<meta name=\"twitter:data1\" content=\"Christos Doulkeridis\" \/>\n\t<meta name=\"twitter:label2\" content=\"Dur\u00e9e de lecture estim\u00e9e\" \/>\n\t<meta name=\"twitter:data2\" content=\"3 minutes\" \/>\n<script type=\"application\/ld+json\" class=\"yoast-schema-graph\">{\"@context\":\"https:\\\/\\\/schema.org\",\"@graph\":[{\"@type\":\"Article\",\"@id\":\"https:\\\/\\\/www.doulkeridis.be\\\/blog\\\/2010\\\/05\\\/01\\\/moussaka-la-recette-de-ma-mere\\\/#article\",\"isPartOf\":{\"@id\":\"https:\\\/\\\/www.doulkeridis.be\\\/blog\\\/2010\\\/05\\\/01\\\/moussaka-la-recette-de-ma-mere\\\/\"},\"author\":{\"name\":\"Christos Doulkeridis\",\"@id\":\"https:\\\/\\\/www.doulkeridis.be\\\/blog\\\/#\\\/schema\\\/person\\\/9f03f3459f0a4ba4db02aabbba098365\"},\"headline\":\"Moussaka : la recette de ma m\u00e8re\",\"datePublished\":\"2010-04-30T23:03:36+00:00\",\"dateModified\":\"2012-10-06T08:30:18+00:00\",\"mainEntityOfPage\":{\"@id\":\"https:\\\/\\\/www.doulkeridis.be\\\/blog\\\/2010\\\/05\\\/01\\\/moussaka-la-recette-de-ma-mere\\\/\"},\"wordCount\":602,\"commentCount\":28,\"publisher\":{\"@id\":\"https:\\\/\\\/www.doulkeridis.be\\\/blog\\\/#organization\"},\"image\":{\"@id\":\"https:\\\/\\\/www.doulkeridis.be\\\/blog\\\/2010\\\/05\\\/01\\\/moussaka-la-recette-de-ma-mere\\\/#primaryimage\"},\"thumbnailUrl\":\"https:\\\/\\\/www.doulkeridis.be\\\/blog\\\/wp-content\\\/uploads\\\/2010\\\/05\\\/moussaka.jpg\",\"keywords\":[\"Gastronomie\"],\"articleSection\":[\"Gastronomie\",\"Mes r\u00e9alisations\",\"Mes recettes\",\"Mon espace Perso\"],\"inLanguage\":\"fr-FR\",\"potentialAction\":[{\"@type\":\"CommentAction\",\"name\":\"Comment\",\"target\":[\"https:\\\/\\\/www.doulkeridis.be\\\/blog\\\/2010\\\/05\\\/01\\\/moussaka-la-recette-de-ma-mere\\\/#respond\"]}]},{\"@type\":\"WebPage\",\"@id\":\"https:\\\/\\\/www.doulkeridis.be\\\/blog\\\/2010\\\/05\\\/01\\\/moussaka-la-recette-de-ma-mere\\\/\",\"url\":\"https:\\\/\\\/www.doulkeridis.be\\\/blog\\\/2010\\\/05\\\/01\\\/moussaka-la-recette-de-ma-mere\\\/\",\"name\":\"Moussaka : la recette de ma m\u00e8re - Christos Doulkeridis\",\"isPartOf\":{\"@id\":\"https:\\\/\\\/www.doulkeridis.be\\\/blog\\\/#website\"},\"primaryImageOfPage\":{\"@id\":\"https:\\\/\\\/www.doulkeridis.be\\\/blog\\\/2010\\\/05\\\/01\\\/moussaka-la-recette-de-ma-mere\\\/#primaryimage\"},\"image\":{\"@id\":\"https:\\\/\\\/www.doulkeridis.be\\\/blog\\\/2010\\\/05\\\/01\\\/moussaka-la-recette-de-ma-mere\\\/#primaryimage\"},\"thumbnailUrl\":\"https:\\\/\\\/www.doulkeridis.be\\\/blog\\\/wp-content\\\/uploads\\\/2010\\\/05\\\/moussaka.jpg\",\"datePublished\":\"2010-04-30T23:03:36+00:00\",\"dateModified\":\"2012-10-06T08:30:18+00:00\",\"breadcrumb\":{\"@id\":\"https:\\\/\\\/www.doulkeridis.be\\\/blog\\\/2010\\\/05\\\/01\\\/moussaka-la-recette-de-ma-mere\\\/#breadcrumb\"},\"inLanguage\":\"fr-FR\",\"potentialAction\":[{\"@type\":\"ReadAction\",\"target\":[\"https:\\\/\\\/www.doulkeridis.be\\\/blog\\\/2010\\\/05\\\/01\\\/moussaka-la-recette-de-ma-mere\\\/\"]}]},{\"@type\":\"ImageObject\",\"inLanguage\":\"fr-FR\",\"@id\":\"https:\\\/\\\/www.doulkeridis.be\\\/blog\\\/2010\\\/05\\\/01\\\/moussaka-la-recette-de-ma-mere\\\/#primaryimage\",\"url\":\"https:\\\/\\\/www.doulkeridis.be\\\/blog\\\/wp-content\\\/uploads\\\/2010\\\/05\\\/moussaka.jpg\",\"contentUrl\":\"https:\\\/\\\/www.doulkeridis.be\\\/blog\\\/wp-content\\\/uploads\\\/2010\\\/05\\\/moussaka.jpg\",\"width\":\"265\",\"height\":\"176\"},{\"@type\":\"BreadcrumbList\",\"@id\":\"https:\\\/\\\/www.doulkeridis.be\\\/blog\\\/2010\\\/05\\\/01\\\/moussaka-la-recette-de-ma-mere\\\/#breadcrumb\",\"itemListElement\":[{\"@type\":\"ListItem\",\"position\":1,\"name\":\"Accueil\",\"item\":\"https:\\\/\\\/www.doulkeridis.be\\\/blog\\\/\"},{\"@type\":\"ListItem\",\"position\":2,\"name\":\"Moussaka : la recette de ma m\u00e8re\"}]},{\"@type\":\"WebSite\",\"@id\":\"https:\\\/\\\/www.doulkeridis.be\\\/blog\\\/#website\",\"url\":\"https:\\\/\\\/www.doulkeridis.be\\\/blog\\\/\",\"name\":\"Christos Doulkeridis\",\"description\":\"Coach | Consultant en solutions, gestion de crise, n\u00e9gociations\",\"publisher\":{\"@id\":\"https:\\\/\\\/www.doulkeridis.be\\\/blog\\\/#organization\"},\"potentialAction\":[{\"@type\":\"SearchAction\",\"target\":{\"@type\":\"EntryPoint\",\"urlTemplate\":\"https:\\\/\\\/www.doulkeridis.be\\\/blog\\\/?s={search_term_string}\"},\"query-input\":{\"@type\":\"PropertyValueSpecification\",\"valueRequired\":true,\"valueName\":\"search_term_string\"}}],\"inLanguage\":\"fr-FR\"},{\"@type\":\"Organization\",\"@id\":\"https:\\\/\\\/www.doulkeridis.be\\\/blog\\\/#organization\",\"name\":\"Ulyse\",\"url\":\"https:\\\/\\\/www.doulkeridis.be\\\/blog\\\/\",\"logo\":{\"@type\":\"ImageObject\",\"inLanguage\":\"fr-FR\",\"@id\":\"https:\\\/\\\/www.doulkeridis.be\\\/blog\\\/#\\\/schema\\\/logo\\\/image\\\/\",\"url\":\"https:\\\/\\\/www.doulkeridis.be\\\/blog\\\/wp-content\\\/uploads\\\/2026\\\/04\\\/2-5.png\",\"contentUrl\":\"https:\\\/\\\/www.doulkeridis.be\\\/blog\\\/wp-content\\\/uploads\\\/2026\\\/04\\\/2-5.png\",\"width\":1024,\"height\":728,\"caption\":\"Ulyse\"},\"image\":{\"@id\":\"https:\\\/\\\/www.doulkeridis.be\\\/blog\\\/#\\\/schema\\\/logo\\\/image\\\/\"},\"sameAs\":[\"https:\\\/\\\/www.facebook.com\\\/doulkeridis\",\"https:\\\/\\\/www.facebook.com\\\/christosdoulkeridis2\"]},{\"@type\":\"Person\",\"@id\":\"https:\\\/\\\/www.doulkeridis.be\\\/blog\\\/#\\\/schema\\\/person\\\/9f03f3459f0a4ba4db02aabbba098365\",\"name\":\"Christos Doulkeridis\",\"image\":{\"@type\":\"ImageObject\",\"inLanguage\":\"fr-FR\",\"@id\":\"https:\\\/\\\/secure.gravatar.com\\\/avatar\\\/71cb6e4369ca0615d93730ef3bc5f54642df4f6bcc59b92763d2ac434abf103e?s=96&d=mm&r=g\",\"url\":\"https:\\\/\\\/secure.gravatar.com\\\/avatar\\\/71cb6e4369ca0615d93730ef3bc5f54642df4f6bcc59b92763d2ac434abf103e?s=96&d=mm&r=g\",\"contentUrl\":\"https:\\\/\\\/secure.gravatar.com\\\/avatar\\\/71cb6e4369ca0615d93730ef3bc5f54642df4f6bcc59b92763d2ac434abf103e?s=96&d=mm&r=g\",\"caption\":\"Christos Doulkeridis\"},\"url\":\"https:\\\/\\\/www.doulkeridis.be\\\/blog\\\/author\\\/christos\\\/\"}]}<\/script>\n<!-- \/ Yoast SEO plugin. -->","yoast_head_json":{"title":"Moussaka : la recette de ma m\u00e8re - Christos Doulkeridis","robots":{"index":"index","follow":"follow","max-snippet":"max-snippet:-1","max-image-preview":"max-image-preview:large","max-video-preview":"max-video-preview:-1"},"canonical":"https:\/\/www.doulkeridis.be\/blog\/2010\/05\/01\/moussaka-la-recette-de-ma-mere\/","og_locale":"fr_FR","og_type":"article","og_title":"Moussaka : la recette de ma m\u00e8re - Christos Doulkeridis","og_description":"La recette traditionnelle de ma m\u00e8re. L&rsquo;une des pages les plus lues de mon site internet. A tel point que si on tape \u00ab\u00a0moussaka\u00a0\u00bb sur Google en Belgique, c&rsquo;est la premi\u00e8re ou la deuxi\u00e8me entr\u00e9e obtenue. Pour la petite histoire, elle a d\u00fb certainement en pr\u00e9parer des milliers puisqu\u2019elle en a vendu pendant des ann\u00e9es sur les march\u00e9s de Jette, d\u2019Anvers, de Wavre et de Louvain. 4-5 aubergines, 3 pommes de terres, 1 gros oignon, un demi bouquet de persil, 3-4 gousses d\u2019ail, une petite boite de tomates pel\u00e9es (400 gr), 700 gr d\u2019hachis porc\/b\u0153uf, 700 ml de lait, 5 cuill\u00e8res de farine, 75 gr de beurre, 150 gr de fromage r\u00e2p\u00e9, sel et poivre, huile d\u2019olive.","og_url":"https:\/\/www.doulkeridis.be\/blog\/2010\/05\/01\/moussaka-la-recette-de-ma-mere\/","og_site_name":"Christos Doulkeridis","article_publisher":"https:\/\/www.facebook.com\/doulkeridis","article_published_time":"2010-04-30T23:03:36+00:00","article_modified_time":"2012-10-06T08:30:18+00:00","og_image":[{"width":265,"height":176,"url":"https:\/\/www.doulkeridis.be\/blog\/wp-content\/uploads\/2010\/05\/moussaka.jpg","type":"image\/jpeg"}],"author":"Christos Doulkeridis","twitter_card":"summary_large_image","twitter_misc":{"\u00c9crit par":"Christos Doulkeridis","Dur\u00e9e de lecture estim\u00e9e":"3 minutes"},"schema":{"@context":"https:\/\/schema.org","@graph":[{"@type":"Article","@id":"https:\/\/www.doulkeridis.be\/blog\/2010\/05\/01\/moussaka-la-recette-de-ma-mere\/#article","isPartOf":{"@id":"https:\/\/www.doulkeridis.be\/blog\/2010\/05\/01\/moussaka-la-recette-de-ma-mere\/"},"author":{"name":"Christos Doulkeridis","@id":"https:\/\/www.doulkeridis.be\/blog\/#\/schema\/person\/9f03f3459f0a4ba4db02aabbba098365"},"headline":"Moussaka : la recette de ma m\u00e8re","datePublished":"2010-04-30T23:03:36+00:00","dateModified":"2012-10-06T08:30:18+00:00","mainEntityOfPage":{"@id":"https:\/\/www.doulkeridis.be\/blog\/2010\/05\/01\/moussaka-la-recette-de-ma-mere\/"},"wordCount":602,"commentCount":28,"publisher":{"@id":"https:\/\/www.doulkeridis.be\/blog\/#organization"},"image":{"@id":"https:\/\/www.doulkeridis.be\/blog\/2010\/05\/01\/moussaka-la-recette-de-ma-mere\/#primaryimage"},"thumbnailUrl":"https:\/\/www.doulkeridis.be\/blog\/wp-content\/uploads\/2010\/05\/moussaka.jpg","keywords":["Gastronomie"],"articleSection":["Gastronomie","Mes r\u00e9alisations","Mes recettes","Mon espace Perso"],"inLanguage":"fr-FR","potentialAction":[{"@type":"CommentAction","name":"Comment","target":["https:\/\/www.doulkeridis.be\/blog\/2010\/05\/01\/moussaka-la-recette-de-ma-mere\/#respond"]}]},{"@type":"WebPage","@id":"https:\/\/www.doulkeridis.be\/blog\/2010\/05\/01\/moussaka-la-recette-de-ma-mere\/","url":"https:\/\/www.doulkeridis.be\/blog\/2010\/05\/01\/moussaka-la-recette-de-ma-mere\/","name":"Moussaka : la recette de ma m\u00e8re - Christos Doulkeridis","isPartOf":{"@id":"https:\/\/www.doulkeridis.be\/blog\/#website"},"primaryImageOfPage":{"@id":"https:\/\/www.doulkeridis.be\/blog\/2010\/05\/01\/moussaka-la-recette-de-ma-mere\/#primaryimage"},"image":{"@id":"https:\/\/www.doulkeridis.be\/blog\/2010\/05\/01\/moussaka-la-recette-de-ma-mere\/#primaryimage"},"thumbnailUrl":"https:\/\/www.doulkeridis.be\/blog\/wp-content\/uploads\/2010\/05\/moussaka.jpg","datePublished":"2010-04-30T23:03:36+00:00","dateModified":"2012-10-06T08:30:18+00:00","breadcrumb":{"@id":"https:\/\/www.doulkeridis.be\/blog\/2010\/05\/01\/moussaka-la-recette-de-ma-mere\/#breadcrumb"},"inLanguage":"fr-FR","potentialAction":[{"@type":"ReadAction","target":["https:\/\/www.doulkeridis.be\/blog\/2010\/05\/01\/moussaka-la-recette-de-ma-mere\/"]}]},{"@type":"ImageObject","inLanguage":"fr-FR","@id":"https:\/\/www.doulkeridis.be\/blog\/2010\/05\/01\/moussaka-la-recette-de-ma-mere\/#primaryimage","url":"https:\/\/www.doulkeridis.be\/blog\/wp-content\/uploads\/2010\/05\/moussaka.jpg","contentUrl":"https:\/\/www.doulkeridis.be\/blog\/wp-content\/uploads\/2010\/05\/moussaka.jpg","width":"265","height":"176"},{"@type":"BreadcrumbList","@id":"https:\/\/www.doulkeridis.be\/blog\/2010\/05\/01\/moussaka-la-recette-de-ma-mere\/#breadcrumb","itemListElement":[{"@type":"ListItem","position":1,"name":"Accueil","item":"https:\/\/www.doulkeridis.be\/blog\/"},{"@type":"ListItem","position":2,"name":"Moussaka : la recette de ma m\u00e8re"}]},{"@type":"WebSite","@id":"https:\/\/www.doulkeridis.be\/blog\/#website","url":"https:\/\/www.doulkeridis.be\/blog\/","name":"Christos Doulkeridis","description":"Coach | Consultant en solutions, gestion de crise, n\u00e9gociations","publisher":{"@id":"https:\/\/www.doulkeridis.be\/blog\/#organization"},"potentialAction":[{"@type":"SearchAction","target":{"@type":"EntryPoint","urlTemplate":"https:\/\/www.doulkeridis.be\/blog\/?s={search_term_string}"},"query-input":{"@type":"PropertyValueSpecification","valueRequired":true,"valueName":"search_term_string"}}],"inLanguage":"fr-FR"},{"@type":"Organization","@id":"https:\/\/www.doulkeridis.be\/blog\/#organization","name":"Ulyse","url":"https:\/\/www.doulkeridis.be\/blog\/","logo":{"@type":"ImageObject","inLanguage":"fr-FR","@id":"https:\/\/www.doulkeridis.be\/blog\/#\/schema\/logo\/image\/","url":"https:\/\/www.doulkeridis.be\/blog\/wp-content\/uploads\/2026\/04\/2-5.png","contentUrl":"https:\/\/www.doulkeridis.be\/blog\/wp-content\/uploads\/2026\/04\/2-5.png","width":1024,"height":728,"caption":"Ulyse"},"image":{"@id":"https:\/\/www.doulkeridis.be\/blog\/#\/schema\/logo\/image\/"},"sameAs":["https:\/\/www.facebook.com\/doulkeridis","https:\/\/www.facebook.com\/christosdoulkeridis2"]},{"@type":"Person","@id":"https:\/\/www.doulkeridis.be\/blog\/#\/schema\/person\/9f03f3459f0a4ba4db02aabbba098365","name":"Christos Doulkeridis","image":{"@type":"ImageObject","inLanguage":"fr-FR","@id":"https:\/\/secure.gravatar.com\/avatar\/71cb6e4369ca0615d93730ef3bc5f54642df4f6bcc59b92763d2ac434abf103e?s=96&d=mm&r=g","url":"https:\/\/secure.gravatar.com\/avatar\/71cb6e4369ca0615d93730ef3bc5f54642df4f6bcc59b92763d2ac434abf103e?s=96&d=mm&r=g","contentUrl":"https:\/\/secure.gravatar.com\/avatar\/71cb6e4369ca0615d93730ef3bc5f54642df4f6bcc59b92763d2ac434abf103e?s=96&d=mm&r=g","caption":"Christos Doulkeridis"},"url":"https:\/\/www.doulkeridis.be\/blog\/author\/christos\/"}]}},"_links":{"self":[{"href":"https:\/\/www.doulkeridis.be\/blog\/wp-json\/wp\/v2\/posts\/217","targetHints":{"allow":["GET"]}}],"collection":[{"href":"https:\/\/www.doulkeridis.be\/blog\/wp-json\/wp\/v2\/posts"}],"about":[{"href":"https:\/\/www.doulkeridis.be\/blog\/wp-json\/wp\/v2\/types\/post"}],"author":[{"embeddable":true,"href":"https:\/\/www.doulkeridis.be\/blog\/wp-json\/wp\/v2\/users\/2"}],"replies":[{"embeddable":true,"href":"https:\/\/www.doulkeridis.be\/blog\/wp-json\/wp\/v2\/comments?post=217"}],"version-history":[{"count":6,"href":"https:\/\/www.doulkeridis.be\/blog\/wp-json\/wp\/v2\/posts\/217\/revisions"}],"predecessor-version":[{"id":220,"href":"https:\/\/www.doulkeridis.be\/blog\/wp-json\/wp\/v2\/posts\/217\/revisions\/220"}],"wp:featuredmedia":[{"embeddable":true,"href":"https:\/\/www.doulkeridis.be\/blog\/wp-json\/wp\/v2\/media\/218"}],"wp:attachment":[{"href":"https:\/\/www.doulkeridis.be\/blog\/wp-json\/wp\/v2\/media?parent=217"}],"wp:term":[{"taxonomy":"category","embeddable":true,"href":"https:\/\/www.doulkeridis.be\/blog\/wp-json\/wp\/v2\/categories?post=217"},{"taxonomy":"post_tag","embeddable":true,"href":"https:\/\/www.doulkeridis.be\/blog\/wp-json\/wp\/v2\/tags?post=217"}],"curies":[{"name":"wp","href":"https:\/\/api.w.org\/{rel}","templated":true}]}}