{"id":238,"date":"2010-01-05T13:49:30","date_gmt":"2010-01-05T11:49:30","guid":{"rendered":"http:\/\/www.doulkeridis.be\/blog\/?p=238"},"modified":"2011-08-10T11:00:24","modified_gmt":"2011-08-10T09:00:24","slug":"tourisme-l%e2%80%99autre-ambition-europeenne","status":"publish","type":"post","link":"https:\/\/www.doulkeridis.be\/blog\/2010\/01\/05\/tourisme-l%e2%80%99autre-ambition-europeenne\/","title":{"rendered":"Tourisme : \u00ab\u00a0L\u2019autre ambition europ\u00e9enne\u00a0\u00bb"},"content":{"rendered":"<p>ENTRETIEN paru dans<a href=\"http:\/\/www.lesoir.be\/regions\/bruxelles\/2009-12-26\/l-autre-ambition-europeenne-745685.shtml\" target=\"_blank\"> Le Soir<\/a> du samedi 26 d\u00e9cembre 2009\u00a0:<\/p>\n<p><em> <strong>Cinq mois apr\u00e8s la  formation du gouvernement, le ministre bruxellois du Tourisme, Christos  Doulkeridis (Ecolo), dit ses ambitions pour une mati\u00e8re dont, selon  lui, on ne mesure pas encore assez la valeur \u00e9conomique.<\/strong> <\/em><br \/>\n<strong>Quelle est aujourd\u2019hui votre priorit\u00e9 pour le  tourisme \u00e0 Bruxelles\u00a0?<\/strong><\/p>\n<p><img loading=\"lazy\" decoding=\"async\" class=\"alignright\" src=\"http:\/\/www.doulkeridis.be\/IMG\/arton626.jpg\" alt=\"\" width=\"265\" height=\"175\" \/>Appliquer d\u2019abord ce qui est inscrit dans la d\u00e9claration  gouvernementale\u00a0: instaurer des indicateurs qualitatifs pour affiner le  profil socio-\u00e9conomique du touriste\u00a0: savoir d\u2019o\u00f9 il vient, le type de  produit qu\u2019il cherche \u00e0 Bruxelles, l\u2019image qu\u2019il en a quand il repart et  le m\u00e9dia qu\u2019il a utilis\u00e9 pour choisir sa destination. On va renforcer  le r\u00f4le de l\u2019Observatoire du tourisme, Prenons l\u2019exemple de la Biennale  Art nouveau. C\u2019est un public restreint, mais on a, l\u00e0, la possibilit\u00e9 de  faire une enqu\u00eate qualitative pouss\u00e9e. On voit notamment qu\u2019une  personne sur deux est venue \u00e0 Bruxelles rien que pour cet \u00e9v\u00e9nement. Ces  donn\u00e9es orienteront notre politique. On dispose toujours de chiffres  bruts, mais pas d\u2019enqu\u00eates qualitatives. Mes priorit\u00e9s sont l\u00e0, avec la  volont\u00e9 de d\u00e9velopper le tourisme durable. Cela signifie notamment  travailler pour \u00e9viter que le d\u00e9veloppement du tourisme nuise \u00e0 la  qualit\u00e9 de vie des Bruxellois. Le tourisme doit apporter un plus aux  Bruxellois. Je pense au potentiel d\u2019emplois qu\u2019il repr\u00e9sente.<\/p>\n<p><strong> L\u2019\u00e9chevin de la Ville, Philippe Close (PS), dit souvent regretter que  les institutions europ\u00e9ennes n\u2019ouvrent pas suffisamment leurs portes au  public.<\/strong><\/p>\n<p>Pr\u00e9cis\u00e9ment, notre volont\u00e9 est de d\u00e9velopper le tourisme  li\u00e9 \u00e0 l\u2019Europe. Dans le cadre de la pr\u00e9sidence europ\u00e9enne (NDLR\u00a0: le  deuxi\u00e8me semestre 2010), nous allons inaugurer une promenade, \u00e0 partir  du Bip (NDLR\u00a0: Bruxelles Info Place), sur les institutions europ\u00e9ennes  et l\u2019histoire de l\u2019Europe \u00e0 Bruxelles. Autre \u00e9l\u00e9ment, qui doit devenir  un slogan que je veux porter \u00e0 l\u2019\u00e9tranger, c\u2019est que Bruxelles est la  deuxi\u00e8me capitale des Europ\u00e9ens. Chaque citoyen europ\u00e9en a deux  capitales\u00a0: celle de son pays et celle de l\u2019Europe. On doit cultiver  cette dualit\u00e9 et donner \u00e0 chaque Europ\u00e9en l\u2019envie de visiter sa  capitale. On a aussi un travail \u00e0 faire de notre c\u00f4t\u00e9\u00a0: am\u00e9liorer  l\u2019accueil et donner ce sentiment de citoyennet\u00e9 europ\u00e9enne. Je voudrais  que, quand un \u00e9tranger arrive \u00e0 Bruxelles, il comprenne qu\u2019il est dans  la capitale de l\u2019Europe. Je verrais bien des panneaux l\u2019indiquant sur  l\u2019autoroute, par exemple.<\/p>\n<p><strong> Les autres R\u00e9gions seront associ\u00e9es\u00a0?<\/strong><\/p>\n<p>On est un petit pays, les distances sont courtes et il  serait idiot de ne pas faire des strat\u00e9gies entre les deux r\u00e9gions  (NDLR\u00a0: l\u2019OPT va \u00eatre rebaptis\u00e9 Tourisme Wallonie Bruxelles). Et m\u00eame  entre les trois R\u00e9gions. Chaque R\u00e9gion doit faire la publicit\u00e9 des deux  autres. Bruxelles doit jouer un r\u00f4le d\u2019aspirateur \u00e0 touriste. On doit  comprendre qu\u2019il s\u2019agit d\u2019une porte d\u2019entr\u00e9e pour Bruxelles, mais aussi  pour les deux autres r\u00e9gions.<\/p>\n","protected":false},"excerpt":{"rendered":"<p>ENTRETIEN paru dans Le Soir du samedi 26 d\u00e9cembre 2009\u00a0: Cinq mois apr\u00e8s la formation du gouvernement, le ministre bruxellois du Tourisme, Christos Doulkeridis (Ecolo), dit ses ambitions pour une mati\u00e8re dont, selon lui, on ne mesure pas encore assez la valeur \u00e9conomique. Quelle est aujourd\u2019hui votre priorit\u00e9 pour le tourisme \u00e0 Bruxelles\u00a0? Appliquer d\u2019abord ce qui est inscrit dans la d\u00e9claration gouvernementale\u00a0: instaurer des indicateurs qualitatifs pour affiner le profil socio-\u00e9conomique du touriste\u00a0: savoir d\u2019o\u00f9 il vient, le type de produit qu\u2019il cherche \u00e0 Bruxelles, l\u2019image qu\u2019il en a quand il repart et le m\u00e9dia qu\u2019il a utilis\u00e9 pour choisir sa destination. On va renforcer le r\u00f4le de l\u2019Observatoire du tourisme, Prenons l\u2019exemple de la Biennale Art nouveau. C\u2019est un public restreint, mais on a, l\u00e0, la possibilit\u00e9 de faire une enqu\u00eate qualitative pouss\u00e9e. On voit notamment qu\u2019une personne sur deux est venue \u00e0 Bruxelles rien que pour cet \u00e9v\u00e9nement. Ces donn\u00e9es orienteront notre politique. On dispose toujours de chiffres bruts, mais pas d\u2019enqu\u00eates qualitatives. Mes priorit\u00e9s sont l\u00e0, avec la volont\u00e9 de d\u00e9velopper le tourisme durable. Cela signifie notamment travailler pour \u00e9viter que le d\u00e9veloppement du tourisme nuise \u00e0 la qualit\u00e9 de vie des Bruxellois. Le tourisme doit [&hellip;]<\/p>\n","protected":false},"author":2,"featured_media":0,"comment_status":"open","ping_status":"open","sticky":false,"template":"","format":"standard","meta":{"_monsterinsights_skip_tracking":false,"_monsterinsights_sitenote_active":false,"_monsterinsights_sitenote_note":"","_monsterinsights_sitenote_category":0,"ngg_post_thumbnail":0,"footnotes":""},"categories":[303,8],"tags":[113,1016,1026,79,58,114,1014,116,78],"class_list":["post-238","post","type-post","status-publish","format-standard","hentry","category-mes_projets","category-tourisme","tag-biennale-art-nouveau","tag-bruxelles","tag-europe","tag-flandre","tag-le-soir","tag-observatoire-du-tourisme","tag-tourisme","tag-tourisme-wallonie-bruxelles","tag-wallonie"],"yoast_head":"<!-- This site is optimized with the Yoast SEO plugin v27.4 - https:\/\/yoast.com\/product\/yoast-seo-wordpress\/ -->\n<title>Tourisme : &quot;L\u2019autre ambition europ\u00e9enne&quot; - Christos Doulkeridis<\/title>\n<meta name=\"robots\" content=\"index, follow, max-snippet:-1, max-image-preview:large, max-video-preview:-1\" \/>\n<link rel=\"canonical\" href=\"https:\/\/www.doulkeridis.be\/blog\/2010\/01\/05\/tourisme-l\u2019autre-ambition-europeenne\/\" \/>\n<meta property=\"og:locale\" content=\"fr_FR\" \/>\n<meta property=\"og:type\" content=\"article\" \/>\n<meta property=\"og:title\" content=\"Tourisme : &quot;L\u2019autre ambition europ\u00e9enne&quot; - Christos Doulkeridis\" \/>\n<meta property=\"og:description\" content=\"ENTRETIEN paru dans Le Soir du samedi 26 d\u00e9cembre 2009\u00a0: Cinq mois apr\u00e8s la formation du gouvernement, le ministre bruxellois du Tourisme, Christos Doulkeridis (Ecolo), dit ses ambitions pour une mati\u00e8re dont, selon lui, on ne mesure pas encore assez la valeur \u00e9conomique. Quelle est aujourd\u2019hui votre priorit\u00e9 pour le tourisme \u00e0 Bruxelles\u00a0? Appliquer d\u2019abord ce qui est inscrit dans la d\u00e9claration gouvernementale\u00a0: instaurer des indicateurs qualitatifs pour affiner le profil socio-\u00e9conomique du touriste\u00a0: savoir d\u2019o\u00f9 il vient, le type de produit qu\u2019il cherche \u00e0 Bruxelles, l\u2019image qu\u2019il en a quand il repart et le m\u00e9dia qu\u2019il a utilis\u00e9 pour choisir sa destination. On va renforcer le r\u00f4le de l\u2019Observatoire du tourisme, Prenons l\u2019exemple de la Biennale Art nouveau. C\u2019est un public restreint, mais on a, l\u00e0, la possibilit\u00e9 de faire une enqu\u00eate qualitative pouss\u00e9e. On voit notamment qu\u2019une personne sur deux est venue \u00e0 Bruxelles rien que pour cet \u00e9v\u00e9nement. Ces donn\u00e9es orienteront notre politique. On dispose toujours de chiffres bruts, mais pas d\u2019enqu\u00eates qualitatives. Mes priorit\u00e9s sont l\u00e0, avec la volont\u00e9 de d\u00e9velopper le tourisme durable. Cela signifie notamment travailler pour \u00e9viter que le d\u00e9veloppement du tourisme nuise \u00e0 la qualit\u00e9 de vie des Bruxellois. Le tourisme doit [&hellip;]\" \/>\n<meta property=\"og:url\" content=\"https:\/\/www.doulkeridis.be\/blog\/2010\/01\/05\/tourisme-l\u2019autre-ambition-europeenne\/\" \/>\n<meta property=\"og:site_name\" content=\"Christos Doulkeridis\" \/>\n<meta property=\"article:publisher\" content=\"https:\/\/www.facebook.com\/doulkeridis\" \/>\n<meta property=\"article:published_time\" content=\"2010-01-05T11:49:30+00:00\" \/>\n<meta property=\"article:modified_time\" content=\"2011-08-10T09:00:24+00:00\" \/>\n<meta property=\"og:image\" content=\"http:\/\/www.doulkeridis.be\/IMG\/arton626.jpg\" \/>\n<meta name=\"author\" content=\"Christos Doulkeridis\" \/>\n<meta name=\"twitter:card\" content=\"summary_large_image\" \/>\n<meta name=\"twitter:label1\" content=\"\u00c9crit par\" \/>\n\t<meta name=\"twitter:data1\" content=\"Christos Doulkeridis\" \/>\n\t<meta name=\"twitter:label2\" content=\"Dur\u00e9e de lecture estim\u00e9e\" \/>\n\t<meta name=\"twitter:data2\" content=\"3 minutes\" \/>\n<script type=\"application\/ld+json\" class=\"yoast-schema-graph\">{\"@context\":\"https:\\\/\\\/schema.org\",\"@graph\":[{\"@type\":\"Article\",\"@id\":\"https:\\\/\\\/www.doulkeridis.be\\\/blog\\\/2010\\\/01\\\/05\\\/tourisme-l%e2%80%99autre-ambition-europeenne\\\/#article\",\"isPartOf\":{\"@id\":\"https:\\\/\\\/www.doulkeridis.be\\\/blog\\\/2010\\\/01\\\/05\\\/tourisme-l%e2%80%99autre-ambition-europeenne\\\/\"},\"author\":{\"name\":\"Christos Doulkeridis\",\"@id\":\"https:\\\/\\\/www.doulkeridis.be\\\/blog\\\/#\\\/schema\\\/person\\\/9f03f3459f0a4ba4db02aabbba098365\"},\"headline\":\"Tourisme : \u00ab\u00a0L\u2019autre ambition europ\u00e9enne\u00a0\u00bb\",\"datePublished\":\"2010-01-05T11:49:30+00:00\",\"dateModified\":\"2011-08-10T09:00:24+00:00\",\"mainEntityOfPage\":{\"@id\":\"https:\\\/\\\/www.doulkeridis.be\\\/blog\\\/2010\\\/01\\\/05\\\/tourisme-l%e2%80%99autre-ambition-europeenne\\\/\"},\"wordCount\":520,\"commentCount\":0,\"publisher\":{\"@id\":\"https:\\\/\\\/www.doulkeridis.be\\\/blog\\\/#organization\"},\"image\":{\"@id\":\"https:\\\/\\\/www.doulkeridis.be\\\/blog\\\/2010\\\/01\\\/05\\\/tourisme-l%e2%80%99autre-ambition-europeenne\\\/#primaryimage\"},\"thumbnailUrl\":\"http:\\\/\\\/www.doulkeridis.be\\\/IMG\\\/arton626.jpg\",\"keywords\":[\"Biennale Art Nouveau\",\"Bruxelles\",\"Europe\",\"Flandre\",\"Le Soir\",\"Observatoire du tourisme\",\"Tourisme\",\"Tourisme Wallonie Bruxelles\",\"Wallonie\"],\"articleSection\":[\"Mes projets\",\"Tourisme\"],\"inLanguage\":\"fr-FR\",\"potentialAction\":[{\"@type\":\"CommentAction\",\"name\":\"Comment\",\"target\":[\"https:\\\/\\\/www.doulkeridis.be\\\/blog\\\/2010\\\/01\\\/05\\\/tourisme-l%e2%80%99autre-ambition-europeenne\\\/#respond\"]}]},{\"@type\":\"WebPage\",\"@id\":\"https:\\\/\\\/www.doulkeridis.be\\\/blog\\\/2010\\\/01\\\/05\\\/tourisme-l%e2%80%99autre-ambition-europeenne\\\/\",\"url\":\"https:\\\/\\\/www.doulkeridis.be\\\/blog\\\/2010\\\/01\\\/05\\\/tourisme-l%e2%80%99autre-ambition-europeenne\\\/\",\"name\":\"Tourisme : \\\"L\u2019autre ambition europ\u00e9enne\\\" - Christos Doulkeridis\",\"isPartOf\":{\"@id\":\"https:\\\/\\\/www.doulkeridis.be\\\/blog\\\/#website\"},\"primaryImageOfPage\":{\"@id\":\"https:\\\/\\\/www.doulkeridis.be\\\/blog\\\/2010\\\/01\\\/05\\\/tourisme-l%e2%80%99autre-ambition-europeenne\\\/#primaryimage\"},\"image\":{\"@id\":\"https:\\\/\\\/www.doulkeridis.be\\\/blog\\\/2010\\\/01\\\/05\\\/tourisme-l%e2%80%99autre-ambition-europeenne\\\/#primaryimage\"},\"thumbnailUrl\":\"http:\\\/\\\/www.doulkeridis.be\\\/IMG\\\/arton626.jpg\",\"datePublished\":\"2010-01-05T11:49:30+00:00\",\"dateModified\":\"2011-08-10T09:00:24+00:00\",\"breadcrumb\":{\"@id\":\"https:\\\/\\\/www.doulkeridis.be\\\/blog\\\/2010\\\/01\\\/05\\\/tourisme-l%e2%80%99autre-ambition-europeenne\\\/#breadcrumb\"},\"inLanguage\":\"fr-FR\",\"potentialAction\":[{\"@type\":\"ReadAction\",\"target\":[\"https:\\\/\\\/www.doulkeridis.be\\\/blog\\\/2010\\\/01\\\/05\\\/tourisme-l%e2%80%99autre-ambition-europeenne\\\/\"]}]},{\"@type\":\"ImageObject\",\"inLanguage\":\"fr-FR\",\"@id\":\"https:\\\/\\\/www.doulkeridis.be\\\/blog\\\/2010\\\/01\\\/05\\\/tourisme-l%e2%80%99autre-ambition-europeenne\\\/#primaryimage\",\"url\":\"http:\\\/\\\/www.doulkeridis.be\\\/IMG\\\/arton626.jpg\",\"contentUrl\":\"http:\\\/\\\/www.doulkeridis.be\\\/IMG\\\/arton626.jpg\"},{\"@type\":\"BreadcrumbList\",\"@id\":\"https:\\\/\\\/www.doulkeridis.be\\\/blog\\\/2010\\\/01\\\/05\\\/tourisme-l%e2%80%99autre-ambition-europeenne\\\/#breadcrumb\",\"itemListElement\":[{\"@type\":\"ListItem\",\"position\":1,\"name\":\"Accueil\",\"item\":\"https:\\\/\\\/www.doulkeridis.be\\\/blog\\\/\"},{\"@type\":\"ListItem\",\"position\":2,\"name\":\"Tourisme : \u00ab\u00a0L\u2019autre ambition europ\u00e9enne\u00a0\u00bb\"}]},{\"@type\":\"WebSite\",\"@id\":\"https:\\\/\\\/www.doulkeridis.be\\\/blog\\\/#website\",\"url\":\"https:\\\/\\\/www.doulkeridis.be\\\/blog\\\/\",\"name\":\"Christos Doulkeridis\",\"description\":\"Coach | Consultant en solutions, gestion de crise, n\u00e9gociations\",\"publisher\":{\"@id\":\"https:\\\/\\\/www.doulkeridis.be\\\/blog\\\/#organization\"},\"potentialAction\":[{\"@type\":\"SearchAction\",\"target\":{\"@type\":\"EntryPoint\",\"urlTemplate\":\"https:\\\/\\\/www.doulkeridis.be\\\/blog\\\/?s={search_term_string}\"},\"query-input\":{\"@type\":\"PropertyValueSpecification\",\"valueRequired\":true,\"valueName\":\"search_term_string\"}}],\"inLanguage\":\"fr-FR\"},{\"@type\":\"Organization\",\"@id\":\"https:\\\/\\\/www.doulkeridis.be\\\/blog\\\/#organization\",\"name\":\"Ulyse\",\"url\":\"https:\\\/\\\/www.doulkeridis.be\\\/blog\\\/\",\"logo\":{\"@type\":\"ImageObject\",\"inLanguage\":\"fr-FR\",\"@id\":\"https:\\\/\\\/www.doulkeridis.be\\\/blog\\\/#\\\/schema\\\/logo\\\/image\\\/\",\"url\":\"https:\\\/\\\/www.doulkeridis.be\\\/blog\\\/wp-content\\\/uploads\\\/2026\\\/04\\\/2-5.png\",\"contentUrl\":\"https:\\\/\\\/www.doulkeridis.be\\\/blog\\\/wp-content\\\/uploads\\\/2026\\\/04\\\/2-5.png\",\"width\":1024,\"height\":728,\"caption\":\"Ulyse\"},\"image\":{\"@id\":\"https:\\\/\\\/www.doulkeridis.be\\\/blog\\\/#\\\/schema\\\/logo\\\/image\\\/\"},\"sameAs\":[\"https:\\\/\\\/www.facebook.com\\\/doulkeridis\",\"https:\\\/\\\/www.facebook.com\\\/christosdoulkeridis2\"]},{\"@type\":\"Person\",\"@id\":\"https:\\\/\\\/www.doulkeridis.be\\\/blog\\\/#\\\/schema\\\/person\\\/9f03f3459f0a4ba4db02aabbba098365\",\"name\":\"Christos Doulkeridis\",\"image\":{\"@type\":\"ImageObject\",\"inLanguage\":\"fr-FR\",\"@id\":\"https:\\\/\\\/secure.gravatar.com\\\/avatar\\\/71cb6e4369ca0615d93730ef3bc5f54642df4f6bcc59b92763d2ac434abf103e?s=96&d=mm&r=g\",\"url\":\"https:\\\/\\\/secure.gravatar.com\\\/avatar\\\/71cb6e4369ca0615d93730ef3bc5f54642df4f6bcc59b92763d2ac434abf103e?s=96&d=mm&r=g\",\"contentUrl\":\"https:\\\/\\\/secure.gravatar.com\\\/avatar\\\/71cb6e4369ca0615d93730ef3bc5f54642df4f6bcc59b92763d2ac434abf103e?s=96&d=mm&r=g\",\"caption\":\"Christos Doulkeridis\"},\"url\":\"https:\\\/\\\/www.doulkeridis.be\\\/blog\\\/author\\\/christos\\\/\"}]}<\/script>\n<!-- \/ Yoast SEO plugin. -->","yoast_head_json":{"title":"Tourisme : \"L\u2019autre ambition europ\u00e9enne\" - Christos Doulkeridis","robots":{"index":"index","follow":"follow","max-snippet":"max-snippet:-1","max-image-preview":"max-image-preview:large","max-video-preview":"max-video-preview:-1"},"canonical":"https:\/\/www.doulkeridis.be\/blog\/2010\/01\/05\/tourisme-l\u2019autre-ambition-europeenne\/","og_locale":"fr_FR","og_type":"article","og_title":"Tourisme : \"L\u2019autre ambition europ\u00e9enne\" - Christos Doulkeridis","og_description":"ENTRETIEN paru dans Le Soir du samedi 26 d\u00e9cembre 2009\u00a0: Cinq mois apr\u00e8s la formation du gouvernement, le ministre bruxellois du Tourisme, Christos Doulkeridis (Ecolo), dit ses ambitions pour une mati\u00e8re dont, selon lui, on ne mesure pas encore assez la valeur \u00e9conomique. Quelle est aujourd\u2019hui votre priorit\u00e9 pour le tourisme \u00e0 Bruxelles\u00a0? Appliquer d\u2019abord ce qui est inscrit dans la d\u00e9claration gouvernementale\u00a0: instaurer des indicateurs qualitatifs pour affiner le profil socio-\u00e9conomique du touriste\u00a0: savoir d\u2019o\u00f9 il vient, le type de produit qu\u2019il cherche \u00e0 Bruxelles, l\u2019image qu\u2019il en a quand il repart et le m\u00e9dia qu\u2019il a utilis\u00e9 pour choisir sa destination. On va renforcer le r\u00f4le de l\u2019Observatoire du tourisme, Prenons l\u2019exemple de la Biennale Art nouveau. C\u2019est un public restreint, mais on a, l\u00e0, la possibilit\u00e9 de faire une enqu\u00eate qualitative pouss\u00e9e. On voit notamment qu\u2019une personne sur deux est venue \u00e0 Bruxelles rien que pour cet \u00e9v\u00e9nement. Ces donn\u00e9es orienteront notre politique. On dispose toujours de chiffres bruts, mais pas d\u2019enqu\u00eates qualitatives. Mes priorit\u00e9s sont l\u00e0, avec la volont\u00e9 de d\u00e9velopper le tourisme durable. Cela signifie notamment travailler pour \u00e9viter que le d\u00e9veloppement du tourisme nuise \u00e0 la qualit\u00e9 de vie des Bruxellois. Le tourisme doit [&hellip;]","og_url":"https:\/\/www.doulkeridis.be\/blog\/2010\/01\/05\/tourisme-l\u2019autre-ambition-europeenne\/","og_site_name":"Christos Doulkeridis","article_publisher":"https:\/\/www.facebook.com\/doulkeridis","article_published_time":"2010-01-05T11:49:30+00:00","article_modified_time":"2011-08-10T09:00:24+00:00","og_image":[{"url":"http:\/\/www.doulkeridis.be\/IMG\/arton626.jpg","type":"","width":"","height":""}],"author":"Christos Doulkeridis","twitter_card":"summary_large_image","twitter_misc":{"\u00c9crit par":"Christos Doulkeridis","Dur\u00e9e de lecture estim\u00e9e":"3 minutes"},"schema":{"@context":"https:\/\/schema.org","@graph":[{"@type":"Article","@id":"https:\/\/www.doulkeridis.be\/blog\/2010\/01\/05\/tourisme-l%e2%80%99autre-ambition-europeenne\/#article","isPartOf":{"@id":"https:\/\/www.doulkeridis.be\/blog\/2010\/01\/05\/tourisme-l%e2%80%99autre-ambition-europeenne\/"},"author":{"name":"Christos Doulkeridis","@id":"https:\/\/www.doulkeridis.be\/blog\/#\/schema\/person\/9f03f3459f0a4ba4db02aabbba098365"},"headline":"Tourisme : \u00ab\u00a0L\u2019autre ambition europ\u00e9enne\u00a0\u00bb","datePublished":"2010-01-05T11:49:30+00:00","dateModified":"2011-08-10T09:00:24+00:00","mainEntityOfPage":{"@id":"https:\/\/www.doulkeridis.be\/blog\/2010\/01\/05\/tourisme-l%e2%80%99autre-ambition-europeenne\/"},"wordCount":520,"commentCount":0,"publisher":{"@id":"https:\/\/www.doulkeridis.be\/blog\/#organization"},"image":{"@id":"https:\/\/www.doulkeridis.be\/blog\/2010\/01\/05\/tourisme-l%e2%80%99autre-ambition-europeenne\/#primaryimage"},"thumbnailUrl":"http:\/\/www.doulkeridis.be\/IMG\/arton626.jpg","keywords":["Biennale Art Nouveau","Bruxelles","Europe","Flandre","Le Soir","Observatoire du tourisme","Tourisme","Tourisme Wallonie Bruxelles","Wallonie"],"articleSection":["Mes projets","Tourisme"],"inLanguage":"fr-FR","potentialAction":[{"@type":"CommentAction","name":"Comment","target":["https:\/\/www.doulkeridis.be\/blog\/2010\/01\/05\/tourisme-l%e2%80%99autre-ambition-europeenne\/#respond"]}]},{"@type":"WebPage","@id":"https:\/\/www.doulkeridis.be\/blog\/2010\/01\/05\/tourisme-l%e2%80%99autre-ambition-europeenne\/","url":"https:\/\/www.doulkeridis.be\/blog\/2010\/01\/05\/tourisme-l%e2%80%99autre-ambition-europeenne\/","name":"Tourisme : \"L\u2019autre ambition europ\u00e9enne\" - Christos Doulkeridis","isPartOf":{"@id":"https:\/\/www.doulkeridis.be\/blog\/#website"},"primaryImageOfPage":{"@id":"https:\/\/www.doulkeridis.be\/blog\/2010\/01\/05\/tourisme-l%e2%80%99autre-ambition-europeenne\/#primaryimage"},"image":{"@id":"https:\/\/www.doulkeridis.be\/blog\/2010\/01\/05\/tourisme-l%e2%80%99autre-ambition-europeenne\/#primaryimage"},"thumbnailUrl":"http:\/\/www.doulkeridis.be\/IMG\/arton626.jpg","datePublished":"2010-01-05T11:49:30+00:00","dateModified":"2011-08-10T09:00:24+00:00","breadcrumb":{"@id":"https:\/\/www.doulkeridis.be\/blog\/2010\/01\/05\/tourisme-l%e2%80%99autre-ambition-europeenne\/#breadcrumb"},"inLanguage":"fr-FR","potentialAction":[{"@type":"ReadAction","target":["https:\/\/www.doulkeridis.be\/blog\/2010\/01\/05\/tourisme-l%e2%80%99autre-ambition-europeenne\/"]}]},{"@type":"ImageObject","inLanguage":"fr-FR","@id":"https:\/\/www.doulkeridis.be\/blog\/2010\/01\/05\/tourisme-l%e2%80%99autre-ambition-europeenne\/#primaryimage","url":"http:\/\/www.doulkeridis.be\/IMG\/arton626.jpg","contentUrl":"http:\/\/www.doulkeridis.be\/IMG\/arton626.jpg"},{"@type":"BreadcrumbList","@id":"https:\/\/www.doulkeridis.be\/blog\/2010\/01\/05\/tourisme-l%e2%80%99autre-ambition-europeenne\/#breadcrumb","itemListElement":[{"@type":"ListItem","position":1,"name":"Accueil","item":"https:\/\/www.doulkeridis.be\/blog\/"},{"@type":"ListItem","position":2,"name":"Tourisme : \u00ab\u00a0L\u2019autre ambition europ\u00e9enne\u00a0\u00bb"}]},{"@type":"WebSite","@id":"https:\/\/www.doulkeridis.be\/blog\/#website","url":"https:\/\/www.doulkeridis.be\/blog\/","name":"Christos Doulkeridis","description":"Coach | Consultant en solutions, gestion de crise, n\u00e9gociations","publisher":{"@id":"https:\/\/www.doulkeridis.be\/blog\/#organization"},"potentialAction":[{"@type":"SearchAction","target":{"@type":"EntryPoint","urlTemplate":"https:\/\/www.doulkeridis.be\/blog\/?s={search_term_string}"},"query-input":{"@type":"PropertyValueSpecification","valueRequired":true,"valueName":"search_term_string"}}],"inLanguage":"fr-FR"},{"@type":"Organization","@id":"https:\/\/www.doulkeridis.be\/blog\/#organization","name":"Ulyse","url":"https:\/\/www.doulkeridis.be\/blog\/","logo":{"@type":"ImageObject","inLanguage":"fr-FR","@id":"https:\/\/www.doulkeridis.be\/blog\/#\/schema\/logo\/image\/","url":"https:\/\/www.doulkeridis.be\/blog\/wp-content\/uploads\/2026\/04\/2-5.png","contentUrl":"https:\/\/www.doulkeridis.be\/blog\/wp-content\/uploads\/2026\/04\/2-5.png","width":1024,"height":728,"caption":"Ulyse"},"image":{"@id":"https:\/\/www.doulkeridis.be\/blog\/#\/schema\/logo\/image\/"},"sameAs":["https:\/\/www.facebook.com\/doulkeridis","https:\/\/www.facebook.com\/christosdoulkeridis2"]},{"@type":"Person","@id":"https:\/\/www.doulkeridis.be\/blog\/#\/schema\/person\/9f03f3459f0a4ba4db02aabbba098365","name":"Christos Doulkeridis","image":{"@type":"ImageObject","inLanguage":"fr-FR","@id":"https:\/\/secure.gravatar.com\/avatar\/71cb6e4369ca0615d93730ef3bc5f54642df4f6bcc59b92763d2ac434abf103e?s=96&d=mm&r=g","url":"https:\/\/secure.gravatar.com\/avatar\/71cb6e4369ca0615d93730ef3bc5f54642df4f6bcc59b92763d2ac434abf103e?s=96&d=mm&r=g","contentUrl":"https:\/\/secure.gravatar.com\/avatar\/71cb6e4369ca0615d93730ef3bc5f54642df4f6bcc59b92763d2ac434abf103e?s=96&d=mm&r=g","caption":"Christos Doulkeridis"},"url":"https:\/\/www.doulkeridis.be\/blog\/author\/christos\/"}]}},"_links":{"self":[{"href":"https:\/\/www.doulkeridis.be\/blog\/wp-json\/wp\/v2\/posts\/238","targetHints":{"allow":["GET"]}}],"collection":[{"href":"https:\/\/www.doulkeridis.be\/blog\/wp-json\/wp\/v2\/posts"}],"about":[{"href":"https:\/\/www.doulkeridis.be\/blog\/wp-json\/wp\/v2\/types\/post"}],"author":[{"embeddable":true,"href":"https:\/\/www.doulkeridis.be\/blog\/wp-json\/wp\/v2\/users\/2"}],"replies":[{"embeddable":true,"href":"https:\/\/www.doulkeridis.be\/blog\/wp-json\/wp\/v2\/comments?post=238"}],"version-history":[{"count":3,"href":"https:\/\/www.doulkeridis.be\/blog\/wp-json\/wp\/v2\/posts\/238\/revisions"}],"predecessor-version":[{"id":240,"href":"https:\/\/www.doulkeridis.be\/blog\/wp-json\/wp\/v2\/posts\/238\/revisions\/240"}],"wp:attachment":[{"href":"https:\/\/www.doulkeridis.be\/blog\/wp-json\/wp\/v2\/media?parent=238"}],"wp:term":[{"taxonomy":"category","embeddable":true,"href":"https:\/\/www.doulkeridis.be\/blog\/wp-json\/wp\/v2\/categories?post=238"},{"taxonomy":"post_tag","embeddable":true,"href":"https:\/\/www.doulkeridis.be\/blog\/wp-json\/wp\/v2\/tags?post=238"}],"curies":[{"name":"wp","href":"https:\/\/api.w.org\/{rel}","templated":true}]}}