{"id":2496,"date":"2011-05-11T15:31:41","date_gmt":"2011-05-11T13:31:41","guid":{"rendered":"http:\/\/www.doulkeridis.be\/blog\/?p=2496"},"modified":"2011-08-08T13:57:57","modified_gmt":"2011-08-08T11:57:57","slug":"bruxelles-une-capitale-taillee-pour-tous-les-types-damours","status":"publish","type":"post","link":"https:\/\/www.doulkeridis.be\/blog\/2011\/05\/11\/bruxelles-une-capitale-taillee-pour-tous-les-types-damours\/","title":{"rendered":"Bruxelles, une capitale taill\u00e9e pour tous les types d&rsquo;amour"},"content":{"rendered":"<p><a href=\"https:\/\/www.doulkeridis.be\/blog\/wp-content\/uploads\/2011\/05\/DSC_0011.jpg\"><img loading=\"lazy\" decoding=\"async\" class=\"alignright size-medium wp-image-2502\" title=\"DSC_0011\" src=\"https:\/\/www.doulkeridis.be\/blog\/wp-content\/uploads\/2011\/05\/DSC_0011-300x200.jpg\" alt=\"\" width=\"300\" height=\"200\" srcset=\"https:\/\/www.doulkeridis.be\/blog\/wp-content\/uploads\/2011\/05\/DSC_0011-300x200.jpg 300w, https:\/\/www.doulkeridis.be\/blog\/wp-content\/uploads\/2011\/05\/DSC_0011-1024x685.jpg 1024w\" sizes=\"auto, (max-width: 300px) 100vw, 300px\" \/><\/a>La <a href=\"http:\/\/www.thepride.be\/\">Belgian Pride<\/a> se tient ce samedi. A l&rsquo;occasion de la 16\u00e8me \u00e9dition de cet \u00e9v\u00e9nement, Bruxelles adoptera les couleurs de l&rsquo;arc-en-ciel. <strong>La Belgian Pride est aussi une remarquable occasion de rappeler que Bruxelles est la capitale de la tol\u00e9rance et de l&rsquo;art de vivre.<\/strong> En tant que Ministre-Pr\u00e9sident du Gouvernement francophone bruxellois (Cocof), j&rsquo;ai pu remercier ce matin les organisateurs de la Pride pour leurs efforts afin de promouvoir avec force et conviction l&rsquo;\u00e9galit\u00e9 entre les citoyens, quels que soient leurs orientations sexuelles. Cette \u00e9galit\u00e9, en Belgique, elle se construit peu \u00e0 peu. Dans les textes de loi en tous les cas : contrat de cohabitation l\u00e9gale, mariage, droit d\u2019adoption, entre-autres.<strong> En raison de son statut international, Bruxelles doit valoriser son r\u00f4le d&rsquo;exemple et d&rsquo;espace de libert\u00e9s. Bruxelles se profile de jour en jour comme une ville taill\u00e9e pour tous les types d&rsquo;amour<\/strong>.<!--more--><\/p>\n<p>Sur le terrain, force est de constater qu&rsquo;il reste encore beaucoup \u00e0 r\u00e9aliser: une bonne partie de la population, pour qui l\u2019h\u00e9t\u00e9rosexualit\u00e9 est la \u00ab\u00a0norme\u00a0\u00bb, est toujours r\u00e9ticente et l\u2019exprime \u00e0 travers des abus verbaux et physiques encore fr\u00e9quents.<\/p>\n<p>Je me souviens, il y a une dizaine d&rsquo;ann\u00e9es, au Parlement de la Communaut\u00e9 fran\u00e7aise, j&rsquo;\u00e9tais intervenu sur la grande difficult\u00e9 des jeunes qui d\u00e9couvrent leur orientation d&rsquo;y faire face, de subir les r\u00e9actions, parfois violentes, de leurs entourages. Sur un sujet aussi grave que le taux \u00e9lev\u00e9 de suicide parmi ces jeunes, les rires et les moqueries pleuvaient au Parlement&#8230;<\/p>\n<p>Aujourd&rsquo;hui, les choses \u00e9voluent et je salue la volont\u00e9 d&rsquo;ouverture \u00e0 tous de la parade et des activit\u00e9s de la Pride week. La Pride figure parmi ces rares \u00e9v\u00e9nements qui rassemblent des communaut\u00e9s diverses: d&rsquo;orientations sexuelles, de genres, de langues (des soutiens francophones ET n\u00e9erlandophones), d&rsquo;\u00e2ges, d&rsquo;origines, etc.<\/p>\n<p>Au fil du temps, la Pride est devenu un melting pot d&rsquo;activit\u00e9s culturelles diverses (expositions, d\u00e9bats, cin\u00e9clubs&#8230;), qui permettent \u00e0 chacun d&rsquo;y trouver son compte. Comme Ministre-Pr\u00e9sident du Gouvernement francophone bruxellois et Ministre bruxellois du Tourisme, je me r\u00e9jouis qu&rsquo;elle couvre un champ de plus en plus large, qu&rsquo;elle lutte contre les st\u00e9r\u00e9otypes, qu&rsquo;elle participe au d\u00e9veloppement culturel et touristique de notre capitale.<\/p>\n<p><strong>Enfin,\u00a0 je suis content de voir que VisitBrussels d\u00e9veloppe de mieux en mieux son offre \u00e0 destinations du public gay. Une cible qui aime \u00eatre reconnue et choy\u00e9e.<span style=\"color: #000000;\"><span style=\"font-family: Calibri,sans-serif;\"><span style=\"font-size: x-small;\"> <\/span><\/span><\/span> A cette occasion, la nouvelle Gay map \u00e9dit\u00e9e par VisitBrussels sera distribu\u00e9e lors de la Pride. Mais une s\u00e9rie d&rsquo;autres initiatives sont d\u00e9j\u00e0 d\u00e9velopp\u00e9es.<\/strong><\/p>\n","protected":false},"excerpt":{"rendered":"<p>La Belgian Pride se tient ce samedi. A l&rsquo;occasion de la 16\u00e8me \u00e9dition de cet \u00e9v\u00e9nement, Bruxelles adoptera les couleurs de l&rsquo;arc-en-ciel. La Belgian Pride est aussi une remarquable occasion de rappeler que Bruxelles est la capitale de la tol\u00e9rance et de l&rsquo;art de vivre. En tant que Ministre-Pr\u00e9sident du Gouvernement francophone bruxellois (Cocof), j&rsquo;ai pu remercier ce matin les organisateurs de la Pride pour leurs efforts afin de promouvoir avec force et conviction l&rsquo;\u00e9galit\u00e9 entre les citoyens, quels que soient leurs orientations sexuelles. Cette \u00e9galit\u00e9, en Belgique, elle se construit peu \u00e0 peu. Dans les textes de loi en tous les cas : contrat de cohabitation l\u00e9gale, mariage, droit d\u2019adoption, entre-autres. En raison de son statut international, Bruxelles doit valoriser son r\u00f4le d&rsquo;exemple et d&rsquo;espace de libert\u00e9s. Bruxelles se profile de jour en jour comme une ville taill\u00e9e pour tous les types d&rsquo;amour.<\/p>\n","protected":false},"author":2,"featured_media":0,"comment_status":"open","ping_status":"open","sticky":false,"template":"","format":"standard","meta":{"_monsterinsights_skip_tracking":false,"_monsterinsights_sitenote_active":false,"_monsterinsights_sitenote_note":"","_monsterinsights_sitenote_category":0,"ngg_post_thumbnail":0,"footnotes":""},"categories":[232,29,169,40],"tags":[338],"class_list":["post-2496","post","type-post","status-publish","format-standard","hentry","category-associations","category-bruxelles","category-citoyennete","category-ministre-presidence-cocof","tag-belgian-pride"],"yoast_head":"<!-- This site is optimized with the Yoast SEO plugin v27.4 - https:\/\/yoast.com\/product\/yoast-seo-wordpress\/ -->\n<title>Bruxelles, une capitale taill\u00e9e pour tous les types d&#039;amour - Christos Doulkeridis<\/title>\n<meta name=\"robots\" content=\"index, follow, max-snippet:-1, max-image-preview:large, max-video-preview:-1\" \/>\n<link rel=\"canonical\" href=\"https:\/\/www.doulkeridis.be\/blog\/2011\/05\/11\/bruxelles-une-capitale-taillee-pour-tous-les-types-damours\/\" \/>\n<meta property=\"og:locale\" content=\"fr_FR\" \/>\n<meta property=\"og:type\" content=\"article\" \/>\n<meta property=\"og:title\" content=\"Bruxelles, une capitale taill\u00e9e pour tous les types d&#039;amour - Christos Doulkeridis\" \/>\n<meta property=\"og:description\" content=\"La Belgian Pride se tient ce samedi. A l&rsquo;occasion de la 16\u00e8me \u00e9dition de cet \u00e9v\u00e9nement, Bruxelles adoptera les couleurs de l&rsquo;arc-en-ciel. La Belgian Pride est aussi une remarquable occasion de rappeler que Bruxelles est la capitale de la tol\u00e9rance et de l&rsquo;art de vivre. En tant que Ministre-Pr\u00e9sident du Gouvernement francophone bruxellois (Cocof), j&rsquo;ai pu remercier ce matin les organisateurs de la Pride pour leurs efforts afin de promouvoir avec force et conviction l&rsquo;\u00e9galit\u00e9 entre les citoyens, quels que soient leurs orientations sexuelles. Cette \u00e9galit\u00e9, en Belgique, elle se construit peu \u00e0 peu. Dans les textes de loi en tous les cas : contrat de cohabitation l\u00e9gale, mariage, droit d\u2019adoption, entre-autres. En raison de son statut international, Bruxelles doit valoriser son r\u00f4le d&rsquo;exemple et d&rsquo;espace de libert\u00e9s. Bruxelles se profile de jour en jour comme une ville taill\u00e9e pour tous les types d&rsquo;amour.\" \/>\n<meta property=\"og:url\" content=\"https:\/\/www.doulkeridis.be\/blog\/2011\/05\/11\/bruxelles-une-capitale-taillee-pour-tous-les-types-damours\/\" \/>\n<meta property=\"og:site_name\" content=\"Christos Doulkeridis\" \/>\n<meta property=\"article:publisher\" content=\"https:\/\/www.facebook.com\/doulkeridis\" \/>\n<meta property=\"article:published_time\" content=\"2011-05-11T13:31:41+00:00\" \/>\n<meta property=\"article:modified_time\" content=\"2011-08-08T11:57:57+00:00\" \/>\n<meta property=\"og:image\" content=\"http:\/\/www.doulkeridis.be\/blog\/wp-content\/uploads\/2011\/05\/DSC_0011-300x200.jpg\" \/>\n<meta name=\"author\" content=\"Christos Doulkeridis\" \/>\n<meta name=\"twitter:card\" content=\"summary_large_image\" \/>\n<meta name=\"twitter:label1\" content=\"\u00c9crit par\" \/>\n\t<meta name=\"twitter:data1\" content=\"Christos Doulkeridis\" \/>\n\t<meta name=\"twitter:label2\" content=\"Dur\u00e9e de lecture estim\u00e9e\" \/>\n\t<meta name=\"twitter:data2\" content=\"2 minutes\" \/>\n<script type=\"application\/ld+json\" class=\"yoast-schema-graph\">{\"@context\":\"https:\\\/\\\/schema.org\",\"@graph\":[{\"@type\":\"Article\",\"@id\":\"https:\\\/\\\/www.doulkeridis.be\\\/blog\\\/2011\\\/05\\\/11\\\/bruxelles-une-capitale-taillee-pour-tous-les-types-damours\\\/#article\",\"isPartOf\":{\"@id\":\"https:\\\/\\\/www.doulkeridis.be\\\/blog\\\/2011\\\/05\\\/11\\\/bruxelles-une-capitale-taillee-pour-tous-les-types-damours\\\/\"},\"author\":{\"name\":\"Christos Doulkeridis\",\"@id\":\"https:\\\/\\\/www.doulkeridis.be\\\/blog\\\/#\\\/schema\\\/person\\\/9f03f3459f0a4ba4db02aabbba098365\"},\"headline\":\"Bruxelles, une capitale taill\u00e9e pour tous les types d&rsquo;amour\",\"datePublished\":\"2011-05-11T13:31:41+00:00\",\"dateModified\":\"2011-08-08T11:57:57+00:00\",\"mainEntityOfPage\":{\"@id\":\"https:\\\/\\\/www.doulkeridis.be\\\/blog\\\/2011\\\/05\\\/11\\\/bruxelles-une-capitale-taillee-pour-tous-les-types-damours\\\/\"},\"wordCount\":473,\"commentCount\":2,\"publisher\":{\"@id\":\"https:\\\/\\\/www.doulkeridis.be\\\/blog\\\/#organization\"},\"image\":{\"@id\":\"https:\\\/\\\/www.doulkeridis.be\\\/blog\\\/2011\\\/05\\\/11\\\/bruxelles-une-capitale-taillee-pour-tous-les-types-damours\\\/#primaryimage\"},\"thumbnailUrl\":\"http:\\\/\\\/www.doulkeridis.be\\\/blog\\\/wp-content\\\/uploads\\\/2011\\\/05\\\/DSC_0011-300x200.jpg\",\"keywords\":[\"Belgian Pride\"],\"articleSection\":[\"Associations\",\"Bruxelles\",\"Citoyennet\u00e9\",\"Ministre-Pr\u00e9sidence CoCof\"],\"inLanguage\":\"fr-FR\",\"potentialAction\":[{\"@type\":\"CommentAction\",\"name\":\"Comment\",\"target\":[\"https:\\\/\\\/www.doulkeridis.be\\\/blog\\\/2011\\\/05\\\/11\\\/bruxelles-une-capitale-taillee-pour-tous-les-types-damours\\\/#respond\"]}]},{\"@type\":\"WebPage\",\"@id\":\"https:\\\/\\\/www.doulkeridis.be\\\/blog\\\/2011\\\/05\\\/11\\\/bruxelles-une-capitale-taillee-pour-tous-les-types-damours\\\/\",\"url\":\"https:\\\/\\\/www.doulkeridis.be\\\/blog\\\/2011\\\/05\\\/11\\\/bruxelles-une-capitale-taillee-pour-tous-les-types-damours\\\/\",\"name\":\"Bruxelles, une capitale taill\u00e9e pour tous les types d'amour - Christos Doulkeridis\",\"isPartOf\":{\"@id\":\"https:\\\/\\\/www.doulkeridis.be\\\/blog\\\/#website\"},\"primaryImageOfPage\":{\"@id\":\"https:\\\/\\\/www.doulkeridis.be\\\/blog\\\/2011\\\/05\\\/11\\\/bruxelles-une-capitale-taillee-pour-tous-les-types-damours\\\/#primaryimage\"},\"image\":{\"@id\":\"https:\\\/\\\/www.doulkeridis.be\\\/blog\\\/2011\\\/05\\\/11\\\/bruxelles-une-capitale-taillee-pour-tous-les-types-damours\\\/#primaryimage\"},\"thumbnailUrl\":\"http:\\\/\\\/www.doulkeridis.be\\\/blog\\\/wp-content\\\/uploads\\\/2011\\\/05\\\/DSC_0011-300x200.jpg\",\"datePublished\":\"2011-05-11T13:31:41+00:00\",\"dateModified\":\"2011-08-08T11:57:57+00:00\",\"breadcrumb\":{\"@id\":\"https:\\\/\\\/www.doulkeridis.be\\\/blog\\\/2011\\\/05\\\/11\\\/bruxelles-une-capitale-taillee-pour-tous-les-types-damours\\\/#breadcrumb\"},\"inLanguage\":\"fr-FR\",\"potentialAction\":[{\"@type\":\"ReadAction\",\"target\":[\"https:\\\/\\\/www.doulkeridis.be\\\/blog\\\/2011\\\/05\\\/11\\\/bruxelles-une-capitale-taillee-pour-tous-les-types-damours\\\/\"]}]},{\"@type\":\"ImageObject\",\"inLanguage\":\"fr-FR\",\"@id\":\"https:\\\/\\\/www.doulkeridis.be\\\/blog\\\/2011\\\/05\\\/11\\\/bruxelles-une-capitale-taillee-pour-tous-les-types-damours\\\/#primaryimage\",\"url\":\"http:\\\/\\\/www.doulkeridis.be\\\/blog\\\/wp-content\\\/uploads\\\/2011\\\/05\\\/DSC_0011-300x200.jpg\",\"contentUrl\":\"http:\\\/\\\/www.doulkeridis.be\\\/blog\\\/wp-content\\\/uploads\\\/2011\\\/05\\\/DSC_0011-300x200.jpg\"},{\"@type\":\"BreadcrumbList\",\"@id\":\"https:\\\/\\\/www.doulkeridis.be\\\/blog\\\/2011\\\/05\\\/11\\\/bruxelles-une-capitale-taillee-pour-tous-les-types-damours\\\/#breadcrumb\",\"itemListElement\":[{\"@type\":\"ListItem\",\"position\":1,\"name\":\"Accueil\",\"item\":\"https:\\\/\\\/www.doulkeridis.be\\\/blog\\\/\"},{\"@type\":\"ListItem\",\"position\":2,\"name\":\"Bruxelles, une capitale taill\u00e9e pour tous les types d&rsquo;amour\"}]},{\"@type\":\"WebSite\",\"@id\":\"https:\\\/\\\/www.doulkeridis.be\\\/blog\\\/#website\",\"url\":\"https:\\\/\\\/www.doulkeridis.be\\\/blog\\\/\",\"name\":\"Christos Doulkeridis\",\"description\":\"Coach | Consultant en solutions, gestion de crise, n\u00e9gociations\",\"publisher\":{\"@id\":\"https:\\\/\\\/www.doulkeridis.be\\\/blog\\\/#organization\"},\"potentialAction\":[{\"@type\":\"SearchAction\",\"target\":{\"@type\":\"EntryPoint\",\"urlTemplate\":\"https:\\\/\\\/www.doulkeridis.be\\\/blog\\\/?s={search_term_string}\"},\"query-input\":{\"@type\":\"PropertyValueSpecification\",\"valueRequired\":true,\"valueName\":\"search_term_string\"}}],\"inLanguage\":\"fr-FR\"},{\"@type\":\"Organization\",\"@id\":\"https:\\\/\\\/www.doulkeridis.be\\\/blog\\\/#organization\",\"name\":\"Ulyse\",\"url\":\"https:\\\/\\\/www.doulkeridis.be\\\/blog\\\/\",\"logo\":{\"@type\":\"ImageObject\",\"inLanguage\":\"fr-FR\",\"@id\":\"https:\\\/\\\/www.doulkeridis.be\\\/blog\\\/#\\\/schema\\\/logo\\\/image\\\/\",\"url\":\"https:\\\/\\\/www.doulkeridis.be\\\/blog\\\/wp-content\\\/uploads\\\/2026\\\/04\\\/2-5.png\",\"contentUrl\":\"https:\\\/\\\/www.doulkeridis.be\\\/blog\\\/wp-content\\\/uploads\\\/2026\\\/04\\\/2-5.png\",\"width\":1024,\"height\":728,\"caption\":\"Ulyse\"},\"image\":{\"@id\":\"https:\\\/\\\/www.doulkeridis.be\\\/blog\\\/#\\\/schema\\\/logo\\\/image\\\/\"},\"sameAs\":[\"https:\\\/\\\/www.facebook.com\\\/doulkeridis\",\"https:\\\/\\\/www.facebook.com\\\/christosdoulkeridis2\"]},{\"@type\":\"Person\",\"@id\":\"https:\\\/\\\/www.doulkeridis.be\\\/blog\\\/#\\\/schema\\\/person\\\/9f03f3459f0a4ba4db02aabbba098365\",\"name\":\"Christos Doulkeridis\",\"image\":{\"@type\":\"ImageObject\",\"inLanguage\":\"fr-FR\",\"@id\":\"https:\\\/\\\/secure.gravatar.com\\\/avatar\\\/71cb6e4369ca0615d93730ef3bc5f54642df4f6bcc59b92763d2ac434abf103e?s=96&d=mm&r=g\",\"url\":\"https:\\\/\\\/secure.gravatar.com\\\/avatar\\\/71cb6e4369ca0615d93730ef3bc5f54642df4f6bcc59b92763d2ac434abf103e?s=96&d=mm&r=g\",\"contentUrl\":\"https:\\\/\\\/secure.gravatar.com\\\/avatar\\\/71cb6e4369ca0615d93730ef3bc5f54642df4f6bcc59b92763d2ac434abf103e?s=96&d=mm&r=g\",\"caption\":\"Christos Doulkeridis\"},\"url\":\"https:\\\/\\\/www.doulkeridis.be\\\/blog\\\/author\\\/christos\\\/\"}]}<\/script>\n<!-- \/ Yoast SEO plugin. -->","yoast_head_json":{"title":"Bruxelles, une capitale taill\u00e9e pour tous les types d'amour - Christos Doulkeridis","robots":{"index":"index","follow":"follow","max-snippet":"max-snippet:-1","max-image-preview":"max-image-preview:large","max-video-preview":"max-video-preview:-1"},"canonical":"https:\/\/www.doulkeridis.be\/blog\/2011\/05\/11\/bruxelles-une-capitale-taillee-pour-tous-les-types-damours\/","og_locale":"fr_FR","og_type":"article","og_title":"Bruxelles, une capitale taill\u00e9e pour tous les types d'amour - Christos Doulkeridis","og_description":"La Belgian Pride se tient ce samedi. A l&rsquo;occasion de la 16\u00e8me \u00e9dition de cet \u00e9v\u00e9nement, Bruxelles adoptera les couleurs de l&rsquo;arc-en-ciel. La Belgian Pride est aussi une remarquable occasion de rappeler que Bruxelles est la capitale de la tol\u00e9rance et de l&rsquo;art de vivre. En tant que Ministre-Pr\u00e9sident du Gouvernement francophone bruxellois (Cocof), j&rsquo;ai pu remercier ce matin les organisateurs de la Pride pour leurs efforts afin de promouvoir avec force et conviction l&rsquo;\u00e9galit\u00e9 entre les citoyens, quels que soient leurs orientations sexuelles. Cette \u00e9galit\u00e9, en Belgique, elle se construit peu \u00e0 peu. Dans les textes de loi en tous les cas : contrat de cohabitation l\u00e9gale, mariage, droit d\u2019adoption, entre-autres. En raison de son statut international, Bruxelles doit valoriser son r\u00f4le d&rsquo;exemple et d&rsquo;espace de libert\u00e9s. Bruxelles se profile de jour en jour comme une ville taill\u00e9e pour tous les types d&rsquo;amour.","og_url":"https:\/\/www.doulkeridis.be\/blog\/2011\/05\/11\/bruxelles-une-capitale-taillee-pour-tous-les-types-damours\/","og_site_name":"Christos Doulkeridis","article_publisher":"https:\/\/www.facebook.com\/doulkeridis","article_published_time":"2011-05-11T13:31:41+00:00","article_modified_time":"2011-08-08T11:57:57+00:00","og_image":[{"url":"http:\/\/www.doulkeridis.be\/blog\/wp-content\/uploads\/2011\/05\/DSC_0011-300x200.jpg","type":"","width":"","height":""}],"author":"Christos Doulkeridis","twitter_card":"summary_large_image","twitter_misc":{"\u00c9crit par":"Christos Doulkeridis","Dur\u00e9e de lecture estim\u00e9e":"2 minutes"},"schema":{"@context":"https:\/\/schema.org","@graph":[{"@type":"Article","@id":"https:\/\/www.doulkeridis.be\/blog\/2011\/05\/11\/bruxelles-une-capitale-taillee-pour-tous-les-types-damours\/#article","isPartOf":{"@id":"https:\/\/www.doulkeridis.be\/blog\/2011\/05\/11\/bruxelles-une-capitale-taillee-pour-tous-les-types-damours\/"},"author":{"name":"Christos Doulkeridis","@id":"https:\/\/www.doulkeridis.be\/blog\/#\/schema\/person\/9f03f3459f0a4ba4db02aabbba098365"},"headline":"Bruxelles, une capitale taill\u00e9e pour tous les types d&rsquo;amour","datePublished":"2011-05-11T13:31:41+00:00","dateModified":"2011-08-08T11:57:57+00:00","mainEntityOfPage":{"@id":"https:\/\/www.doulkeridis.be\/blog\/2011\/05\/11\/bruxelles-une-capitale-taillee-pour-tous-les-types-damours\/"},"wordCount":473,"commentCount":2,"publisher":{"@id":"https:\/\/www.doulkeridis.be\/blog\/#organization"},"image":{"@id":"https:\/\/www.doulkeridis.be\/blog\/2011\/05\/11\/bruxelles-une-capitale-taillee-pour-tous-les-types-damours\/#primaryimage"},"thumbnailUrl":"http:\/\/www.doulkeridis.be\/blog\/wp-content\/uploads\/2011\/05\/DSC_0011-300x200.jpg","keywords":["Belgian Pride"],"articleSection":["Associations","Bruxelles","Citoyennet\u00e9","Ministre-Pr\u00e9sidence CoCof"],"inLanguage":"fr-FR","potentialAction":[{"@type":"CommentAction","name":"Comment","target":["https:\/\/www.doulkeridis.be\/blog\/2011\/05\/11\/bruxelles-une-capitale-taillee-pour-tous-les-types-damours\/#respond"]}]},{"@type":"WebPage","@id":"https:\/\/www.doulkeridis.be\/blog\/2011\/05\/11\/bruxelles-une-capitale-taillee-pour-tous-les-types-damours\/","url":"https:\/\/www.doulkeridis.be\/blog\/2011\/05\/11\/bruxelles-une-capitale-taillee-pour-tous-les-types-damours\/","name":"Bruxelles, une capitale taill\u00e9e pour tous les types d'amour - Christos Doulkeridis","isPartOf":{"@id":"https:\/\/www.doulkeridis.be\/blog\/#website"},"primaryImageOfPage":{"@id":"https:\/\/www.doulkeridis.be\/blog\/2011\/05\/11\/bruxelles-une-capitale-taillee-pour-tous-les-types-damours\/#primaryimage"},"image":{"@id":"https:\/\/www.doulkeridis.be\/blog\/2011\/05\/11\/bruxelles-une-capitale-taillee-pour-tous-les-types-damours\/#primaryimage"},"thumbnailUrl":"http:\/\/www.doulkeridis.be\/blog\/wp-content\/uploads\/2011\/05\/DSC_0011-300x200.jpg","datePublished":"2011-05-11T13:31:41+00:00","dateModified":"2011-08-08T11:57:57+00:00","breadcrumb":{"@id":"https:\/\/www.doulkeridis.be\/blog\/2011\/05\/11\/bruxelles-une-capitale-taillee-pour-tous-les-types-damours\/#breadcrumb"},"inLanguage":"fr-FR","potentialAction":[{"@type":"ReadAction","target":["https:\/\/www.doulkeridis.be\/blog\/2011\/05\/11\/bruxelles-une-capitale-taillee-pour-tous-les-types-damours\/"]}]},{"@type":"ImageObject","inLanguage":"fr-FR","@id":"https:\/\/www.doulkeridis.be\/blog\/2011\/05\/11\/bruxelles-une-capitale-taillee-pour-tous-les-types-damours\/#primaryimage","url":"http:\/\/www.doulkeridis.be\/blog\/wp-content\/uploads\/2011\/05\/DSC_0011-300x200.jpg","contentUrl":"http:\/\/www.doulkeridis.be\/blog\/wp-content\/uploads\/2011\/05\/DSC_0011-300x200.jpg"},{"@type":"BreadcrumbList","@id":"https:\/\/www.doulkeridis.be\/blog\/2011\/05\/11\/bruxelles-une-capitale-taillee-pour-tous-les-types-damours\/#breadcrumb","itemListElement":[{"@type":"ListItem","position":1,"name":"Accueil","item":"https:\/\/www.doulkeridis.be\/blog\/"},{"@type":"ListItem","position":2,"name":"Bruxelles, une capitale taill\u00e9e pour tous les types d&rsquo;amour"}]},{"@type":"WebSite","@id":"https:\/\/www.doulkeridis.be\/blog\/#website","url":"https:\/\/www.doulkeridis.be\/blog\/","name":"Christos Doulkeridis","description":"Coach | Consultant en solutions, gestion de crise, n\u00e9gociations","publisher":{"@id":"https:\/\/www.doulkeridis.be\/blog\/#organization"},"potentialAction":[{"@type":"SearchAction","target":{"@type":"EntryPoint","urlTemplate":"https:\/\/www.doulkeridis.be\/blog\/?s={search_term_string}"},"query-input":{"@type":"PropertyValueSpecification","valueRequired":true,"valueName":"search_term_string"}}],"inLanguage":"fr-FR"},{"@type":"Organization","@id":"https:\/\/www.doulkeridis.be\/blog\/#organization","name":"Ulyse","url":"https:\/\/www.doulkeridis.be\/blog\/","logo":{"@type":"ImageObject","inLanguage":"fr-FR","@id":"https:\/\/www.doulkeridis.be\/blog\/#\/schema\/logo\/image\/","url":"https:\/\/www.doulkeridis.be\/blog\/wp-content\/uploads\/2026\/04\/2-5.png","contentUrl":"https:\/\/www.doulkeridis.be\/blog\/wp-content\/uploads\/2026\/04\/2-5.png","width":1024,"height":728,"caption":"Ulyse"},"image":{"@id":"https:\/\/www.doulkeridis.be\/blog\/#\/schema\/logo\/image\/"},"sameAs":["https:\/\/www.facebook.com\/doulkeridis","https:\/\/www.facebook.com\/christosdoulkeridis2"]},{"@type":"Person","@id":"https:\/\/www.doulkeridis.be\/blog\/#\/schema\/person\/9f03f3459f0a4ba4db02aabbba098365","name":"Christos Doulkeridis","image":{"@type":"ImageObject","inLanguage":"fr-FR","@id":"https:\/\/secure.gravatar.com\/avatar\/71cb6e4369ca0615d93730ef3bc5f54642df4f6bcc59b92763d2ac434abf103e?s=96&d=mm&r=g","url":"https:\/\/secure.gravatar.com\/avatar\/71cb6e4369ca0615d93730ef3bc5f54642df4f6bcc59b92763d2ac434abf103e?s=96&d=mm&r=g","contentUrl":"https:\/\/secure.gravatar.com\/avatar\/71cb6e4369ca0615d93730ef3bc5f54642df4f6bcc59b92763d2ac434abf103e?s=96&d=mm&r=g","caption":"Christos Doulkeridis"},"url":"https:\/\/www.doulkeridis.be\/blog\/author\/christos\/"}]}},"_links":{"self":[{"href":"https:\/\/www.doulkeridis.be\/blog\/wp-json\/wp\/v2\/posts\/2496","targetHints":{"allow":["GET"]}}],"collection":[{"href":"https:\/\/www.doulkeridis.be\/blog\/wp-json\/wp\/v2\/posts"}],"about":[{"href":"https:\/\/www.doulkeridis.be\/blog\/wp-json\/wp\/v2\/types\/post"}],"author":[{"embeddable":true,"href":"https:\/\/www.doulkeridis.be\/blog\/wp-json\/wp\/v2\/users\/2"}],"replies":[{"embeddable":true,"href":"https:\/\/www.doulkeridis.be\/blog\/wp-json\/wp\/v2\/comments?post=2496"}],"version-history":[{"count":14,"href":"https:\/\/www.doulkeridis.be\/blog\/wp-json\/wp\/v2\/posts\/2496\/revisions"}],"predecessor-version":[{"id":2509,"href":"https:\/\/www.doulkeridis.be\/blog\/wp-json\/wp\/v2\/posts\/2496\/revisions\/2509"}],"wp:attachment":[{"href":"https:\/\/www.doulkeridis.be\/blog\/wp-json\/wp\/v2\/media?parent=2496"}],"wp:term":[{"taxonomy":"category","embeddable":true,"href":"https:\/\/www.doulkeridis.be\/blog\/wp-json\/wp\/v2\/categories?post=2496"},{"taxonomy":"post_tag","embeddable":true,"href":"https:\/\/www.doulkeridis.be\/blog\/wp-json\/wp\/v2\/tags?post=2496"}],"curies":[{"name":"wp","href":"https:\/\/api.w.org\/{rel}","templated":true}]}}