{"id":2559,"date":"2011-05-17T17:14:40","date_gmt":"2011-05-17T15:14:40","guid":{"rendered":"http:\/\/www.doulkeridis.be\/blog\/?p=2559"},"modified":"2011-08-08T13:51:16","modified_gmt":"2011-08-08T11:51:16","slug":"un-accord-sur-le-volet-emploi-et-bien-etre-dans-le-non-marchand","status":"publish","type":"post","link":"https:\/\/www.doulkeridis.be\/blog\/2011\/05\/17\/un-accord-sur-le-volet-emploi-et-bien-etre-dans-le-non-marchand\/","title":{"rendered":"Un accord sur le volet \u00ab\u00a0Emploi et Bien-\u00catre\u00a0\u00bb dans le non-marchand"},"content":{"rendered":"<p><a href=\"https:\/\/www.doulkeridis.be\/blog\/wp-content\/uploads\/2011\/05\/aide-domicile.jpg\"><img loading=\"lazy\" decoding=\"async\" class=\"alignleft size-medium wp-image-2564\" title=\"aide domicile\" src=\"https:\/\/www.doulkeridis.be\/blog\/wp-content\/uploads\/2011\/05\/aide-domicile-300x167.jpg\" alt=\"\" width=\"300\" height=\"167\" srcset=\"https:\/\/www.doulkeridis.be\/blog\/wp-content\/uploads\/2011\/05\/aide-domicile-300x167.jpg 300w, https:\/\/www.doulkeridis.be\/blog\/wp-content\/uploads\/2011\/05\/aide-domicile-1024x571.jpg 1024w\" sizes=\"auto, (max-width: 300px) 100vw, 300px\" \/><\/a>Alors que les organisations syndicales pr\u00e9voient une nouvelle manifestation pour demander un accord sectoriel avec le f\u00e9d\u00e9ral et les Communaut\u00e9s et R\u00e9gions,<strong> j&rsquo;ai le plaisir d&rsquo;annoncer l&rsquo;aboutissement aujourd&rsquo;hui des n\u00e9gociations sur le volet \u00ab\u00a0Emploi et Bien-\u00catre\u00a0\u00bb de l&rsquo;accord avec le secteur du non-marchand francophone bruxellois (Cocof) pour la p\u00e9riode 2010-2012<\/strong>. Pour rappel, un accord non-marchand d&rsquo;un montant de 1,01 millions \u20ac par an pour la Cocof avait \u00e9t\u00e9 sign\u00e9 en 2010. Il restait \u00e0 en pr\u00e9ciser certaines modalit\u00e9s importantes. C&rsquo;est chose faite.<!--more--><\/p>\n<p>L\u2019accord porte sur l\u2019affectation d\u2019un montant de 350.000 \u20ac (une partie des 1,01 millions \u20ac) afin de rencontrer les besoins des travailleurs du secteur du non-marchand en terme de bien-\u00eatre sur leur lieu de travail. <strong>Nous avons pris en consid\u00e9ration les conditions de stress et la charge psychosociale qui p\u00e8sent sur les travailleurs du non-marchand francophone bruxellois en raison de la nature parfois d\u00e9licate de leur travail au service des habitants de la capitale. <\/strong><\/p>\n<p>Concr\u00e8tement, cette subvention couvre\u00a0:<br \/>\n&#8211;<strong> le recrutement d&rsquo;une \u00e9quipe de terrain<\/strong> au service des a.s.b.l. qui le souhaitent et qui s&rsquo;occupera de l&rsquo;analyse des risques, de plans de r\u00e9duction des risques, de la cr\u00e9ation d&rsquo;outils transversaux de pr\u00e9vention. Cette \u00e9quipe sera surtout au service des petites structures (90% des a.s.b.l. Cocof comptent moins de 50 travailleurs)\u00a0;<br \/>\n&#8211; <strong>le remplacement des personnes en formation sur le bien-\u00eatre <\/strong>(par exemple: formation de base de conseiller en pr\u00e9vention, communication non-violente, risques li\u00e9s au d\u00e9placement aux domiciles des usagers\u2026) avec embauche compensatoire\u00a0;<br \/>\n&#8211; <strong>l&rsquo;\u00e9dition d&rsquo;outils de pr\u00e9vention <\/strong>sectoriels et intersectoriels.<\/p>\n<p>La gestion de cette \u00e9quipe de terrain sera assur\u00e9e par une a.s.b.l. sp\u00e9cialement d\u00e9di\u00e9e \u00e0 cette dynamique dont le conseil d&rsquo;administration sera paritaire et compos\u00e9 de l&rsquo;ensemble des partenaires sociaux signataires de l&rsquo;accord (un repr\u00e9sentant par organisation). <strong>Je me f\u00e9licite d&rsquo;ailleurs de constater que ces mesures ont \u00e9t\u00e9 d\u00e9cid\u00e9es gr\u00e2ce \u00e0 une dynamique positive dans laquelle se sont inscrits tous les secteurs du non-marchand francophone bruxellois, pourtant si diff\u00e9rents et souvent cloisonn\u00e9s. <\/strong><\/p>\n<p><em><strong>Pour en savoir plus:<\/strong><\/em><\/p>\n<p><strong><a href=\"https:\/\/www.doulkeridis.be\/blog\/wp-content\/uploads\/2011\/05\/accord-NM-COCOF-emploi-et-bien-\u00eatre-2011-05-171.pdf\">accord NM COCOF emploi et bien-\u00eatre 2011 05 17<\/a><\/strong><\/p>\n<p><strong><a href=\"https:\/\/www.doulkeridis.be\/blog\/wp-content\/uploads\/2011\/05\/Accord-COCOF-non-marchand-2010-2012.pdf\">Accord COCOF non-marchand 2010-2012<\/a><br \/>\n<\/strong><\/p>\n","protected":false},"excerpt":{"rendered":"<p>Alors que les organisations syndicales pr\u00e9voient une nouvelle manifestation pour demander un accord sectoriel avec le f\u00e9d\u00e9ral et les Communaut\u00e9s et R\u00e9gions, j&rsquo;ai le plaisir d&rsquo;annoncer l&rsquo;aboutissement aujourd&rsquo;hui des n\u00e9gociations sur le volet \u00ab\u00a0Emploi et Bien-\u00catre\u00a0\u00bb de l&rsquo;accord avec le secteur du non-marchand francophone bruxellois (Cocof) pour la p\u00e9riode 2010-2012. Pour rappel, un accord non-marchand d&rsquo;un montant de 1,01 millions \u20ac par an pour la Cocof avait \u00e9t\u00e9 sign\u00e9 en 2010. Il restait \u00e0 en pr\u00e9ciser certaines modalit\u00e9s importantes. C&rsquo;est chose faite.<\/p>\n","protected":false},"author":2,"featured_media":0,"comment_status":"open","ping_status":"open","sticky":false,"template":"","format":"standard","meta":{"_monsterinsights_skip_tracking":false,"_monsterinsights_sitenote_active":false,"_monsterinsights_sitenote_note":"","_monsterinsights_sitenote_category":0,"ngg_post_thumbnail":0,"footnotes":""},"categories":[304,40,94],"tags":[207,1024],"class_list":["post-2559","post","type-post","status-publish","format-standard","hentry","category-mes_realisations","category-ministre-presidence-cocof","category-non-marchand","tag-emploi","tag-non-marchand"],"yoast_head":"<!-- This site is optimized with the Yoast SEO plugin v27.4 - https:\/\/yoast.com\/product\/yoast-seo-wordpress\/ -->\n<title>Un accord sur le volet &quot;Emploi et Bien-\u00catre&quot; dans le non-marchand - Christos Doulkeridis<\/title>\n<meta name=\"robots\" content=\"index, follow, max-snippet:-1, max-image-preview:large, max-video-preview:-1\" \/>\n<link rel=\"canonical\" href=\"https:\/\/www.doulkeridis.be\/blog\/2011\/05\/17\/un-accord-sur-le-volet-emploi-et-bien-etre-dans-le-non-marchand\/\" \/>\n<meta property=\"og:locale\" content=\"fr_FR\" \/>\n<meta property=\"og:type\" content=\"article\" \/>\n<meta property=\"og:title\" content=\"Un accord sur le volet &quot;Emploi et Bien-\u00catre&quot; dans le non-marchand - Christos Doulkeridis\" \/>\n<meta property=\"og:description\" content=\"Alors que les organisations syndicales pr\u00e9voient une nouvelle manifestation pour demander un accord sectoriel avec le f\u00e9d\u00e9ral et les Communaut\u00e9s et R\u00e9gions, j&rsquo;ai le plaisir d&rsquo;annoncer l&rsquo;aboutissement aujourd&rsquo;hui des n\u00e9gociations sur le volet \u00ab\u00a0Emploi et Bien-\u00catre\u00a0\u00bb de l&rsquo;accord avec le secteur du non-marchand francophone bruxellois (Cocof) pour la p\u00e9riode 2010-2012. Pour rappel, un accord non-marchand d&rsquo;un montant de 1,01 millions \u20ac par an pour la Cocof avait \u00e9t\u00e9 sign\u00e9 en 2010. Il restait \u00e0 en pr\u00e9ciser certaines modalit\u00e9s importantes. C&rsquo;est chose faite.\" \/>\n<meta property=\"og:url\" content=\"https:\/\/www.doulkeridis.be\/blog\/2011\/05\/17\/un-accord-sur-le-volet-emploi-et-bien-etre-dans-le-non-marchand\/\" \/>\n<meta property=\"og:site_name\" content=\"Christos Doulkeridis\" \/>\n<meta property=\"article:publisher\" content=\"https:\/\/www.facebook.com\/doulkeridis\" \/>\n<meta property=\"article:published_time\" content=\"2011-05-17T15:14:40+00:00\" \/>\n<meta property=\"article:modified_time\" content=\"2011-08-08T11:51:16+00:00\" \/>\n<meta property=\"og:image\" content=\"http:\/\/www.doulkeridis.be\/blog\/wp-content\/uploads\/2011\/05\/aide-domicile-300x167.jpg\" \/>\n<meta name=\"author\" content=\"Christos Doulkeridis\" \/>\n<meta name=\"twitter:card\" content=\"summary_large_image\" \/>\n<meta name=\"twitter:label1\" content=\"\u00c9crit par\" \/>\n\t<meta name=\"twitter:data1\" content=\"Christos Doulkeridis\" \/>\n\t<meta name=\"twitter:label2\" content=\"Dur\u00e9e de lecture estim\u00e9e\" \/>\n\t<meta name=\"twitter:data2\" content=\"2 minutes\" \/>\n<script type=\"application\/ld+json\" class=\"yoast-schema-graph\">{\"@context\":\"https:\\\/\\\/schema.org\",\"@graph\":[{\"@type\":\"Article\",\"@id\":\"https:\\\/\\\/www.doulkeridis.be\\\/blog\\\/2011\\\/05\\\/17\\\/un-accord-sur-le-volet-emploi-et-bien-etre-dans-le-non-marchand\\\/#article\",\"isPartOf\":{\"@id\":\"https:\\\/\\\/www.doulkeridis.be\\\/blog\\\/2011\\\/05\\\/17\\\/un-accord-sur-le-volet-emploi-et-bien-etre-dans-le-non-marchand\\\/\"},\"author\":{\"name\":\"Christos Doulkeridis\",\"@id\":\"https:\\\/\\\/www.doulkeridis.be\\\/blog\\\/#\\\/schema\\\/person\\\/9f03f3459f0a4ba4db02aabbba098365\"},\"headline\":\"Un accord sur le volet \u00ab\u00a0Emploi et Bien-\u00catre\u00a0\u00bb dans le non-marchand\",\"datePublished\":\"2011-05-17T15:14:40+00:00\",\"dateModified\":\"2011-08-08T11:51:16+00:00\",\"mainEntityOfPage\":{\"@id\":\"https:\\\/\\\/www.doulkeridis.be\\\/blog\\\/2011\\\/05\\\/17\\\/un-accord-sur-le-volet-emploi-et-bien-etre-dans-le-non-marchand\\\/\"},\"wordCount\":402,\"commentCount\":1,\"publisher\":{\"@id\":\"https:\\\/\\\/www.doulkeridis.be\\\/blog\\\/#organization\"},\"image\":{\"@id\":\"https:\\\/\\\/www.doulkeridis.be\\\/blog\\\/2011\\\/05\\\/17\\\/un-accord-sur-le-volet-emploi-et-bien-etre-dans-le-non-marchand\\\/#primaryimage\"},\"thumbnailUrl\":\"http:\\\/\\\/www.doulkeridis.be\\\/blog\\\/wp-content\\\/uploads\\\/2011\\\/05\\\/aide-domicile-300x167.jpg\",\"keywords\":[\"emploi\",\"Non-marchand\"],\"articleSection\":[\"Mes r\u00e9alisations\",\"Ministre-Pr\u00e9sidence CoCof\",\"Non-marchand\"],\"inLanguage\":\"fr-FR\",\"potentialAction\":[{\"@type\":\"CommentAction\",\"name\":\"Comment\",\"target\":[\"https:\\\/\\\/www.doulkeridis.be\\\/blog\\\/2011\\\/05\\\/17\\\/un-accord-sur-le-volet-emploi-et-bien-etre-dans-le-non-marchand\\\/#respond\"]}]},{\"@type\":\"WebPage\",\"@id\":\"https:\\\/\\\/www.doulkeridis.be\\\/blog\\\/2011\\\/05\\\/17\\\/un-accord-sur-le-volet-emploi-et-bien-etre-dans-le-non-marchand\\\/\",\"url\":\"https:\\\/\\\/www.doulkeridis.be\\\/blog\\\/2011\\\/05\\\/17\\\/un-accord-sur-le-volet-emploi-et-bien-etre-dans-le-non-marchand\\\/\",\"name\":\"Un accord sur le volet \\\"Emploi et Bien-\u00catre\\\" dans le non-marchand - Christos Doulkeridis\",\"isPartOf\":{\"@id\":\"https:\\\/\\\/www.doulkeridis.be\\\/blog\\\/#website\"},\"primaryImageOfPage\":{\"@id\":\"https:\\\/\\\/www.doulkeridis.be\\\/blog\\\/2011\\\/05\\\/17\\\/un-accord-sur-le-volet-emploi-et-bien-etre-dans-le-non-marchand\\\/#primaryimage\"},\"image\":{\"@id\":\"https:\\\/\\\/www.doulkeridis.be\\\/blog\\\/2011\\\/05\\\/17\\\/un-accord-sur-le-volet-emploi-et-bien-etre-dans-le-non-marchand\\\/#primaryimage\"},\"thumbnailUrl\":\"http:\\\/\\\/www.doulkeridis.be\\\/blog\\\/wp-content\\\/uploads\\\/2011\\\/05\\\/aide-domicile-300x167.jpg\",\"datePublished\":\"2011-05-17T15:14:40+00:00\",\"dateModified\":\"2011-08-08T11:51:16+00:00\",\"breadcrumb\":{\"@id\":\"https:\\\/\\\/www.doulkeridis.be\\\/blog\\\/2011\\\/05\\\/17\\\/un-accord-sur-le-volet-emploi-et-bien-etre-dans-le-non-marchand\\\/#breadcrumb\"},\"inLanguage\":\"fr-FR\",\"potentialAction\":[{\"@type\":\"ReadAction\",\"target\":[\"https:\\\/\\\/www.doulkeridis.be\\\/blog\\\/2011\\\/05\\\/17\\\/un-accord-sur-le-volet-emploi-et-bien-etre-dans-le-non-marchand\\\/\"]}]},{\"@type\":\"ImageObject\",\"inLanguage\":\"fr-FR\",\"@id\":\"https:\\\/\\\/www.doulkeridis.be\\\/blog\\\/2011\\\/05\\\/17\\\/un-accord-sur-le-volet-emploi-et-bien-etre-dans-le-non-marchand\\\/#primaryimage\",\"url\":\"http:\\\/\\\/www.doulkeridis.be\\\/blog\\\/wp-content\\\/uploads\\\/2011\\\/05\\\/aide-domicile-300x167.jpg\",\"contentUrl\":\"http:\\\/\\\/www.doulkeridis.be\\\/blog\\\/wp-content\\\/uploads\\\/2011\\\/05\\\/aide-domicile-300x167.jpg\"},{\"@type\":\"BreadcrumbList\",\"@id\":\"https:\\\/\\\/www.doulkeridis.be\\\/blog\\\/2011\\\/05\\\/17\\\/un-accord-sur-le-volet-emploi-et-bien-etre-dans-le-non-marchand\\\/#breadcrumb\",\"itemListElement\":[{\"@type\":\"ListItem\",\"position\":1,\"name\":\"Accueil\",\"item\":\"https:\\\/\\\/www.doulkeridis.be\\\/blog\\\/\"},{\"@type\":\"ListItem\",\"position\":2,\"name\":\"Un accord sur le volet \u00ab\u00a0Emploi et Bien-\u00catre\u00a0\u00bb dans le non-marchand\"}]},{\"@type\":\"WebSite\",\"@id\":\"https:\\\/\\\/www.doulkeridis.be\\\/blog\\\/#website\",\"url\":\"https:\\\/\\\/www.doulkeridis.be\\\/blog\\\/\",\"name\":\"Christos Doulkeridis\",\"description\":\"Coach | Consultant en solutions, gestion de crise, n\u00e9gociations\",\"publisher\":{\"@id\":\"https:\\\/\\\/www.doulkeridis.be\\\/blog\\\/#organization\"},\"potentialAction\":[{\"@type\":\"SearchAction\",\"target\":{\"@type\":\"EntryPoint\",\"urlTemplate\":\"https:\\\/\\\/www.doulkeridis.be\\\/blog\\\/?s={search_term_string}\"},\"query-input\":{\"@type\":\"PropertyValueSpecification\",\"valueRequired\":true,\"valueName\":\"search_term_string\"}}],\"inLanguage\":\"fr-FR\"},{\"@type\":\"Organization\",\"@id\":\"https:\\\/\\\/www.doulkeridis.be\\\/blog\\\/#organization\",\"name\":\"Ulyse\",\"url\":\"https:\\\/\\\/www.doulkeridis.be\\\/blog\\\/\",\"logo\":{\"@type\":\"ImageObject\",\"inLanguage\":\"fr-FR\",\"@id\":\"https:\\\/\\\/www.doulkeridis.be\\\/blog\\\/#\\\/schema\\\/logo\\\/image\\\/\",\"url\":\"https:\\\/\\\/www.doulkeridis.be\\\/blog\\\/wp-content\\\/uploads\\\/2026\\\/04\\\/2-5.png\",\"contentUrl\":\"https:\\\/\\\/www.doulkeridis.be\\\/blog\\\/wp-content\\\/uploads\\\/2026\\\/04\\\/2-5.png\",\"width\":1024,\"height\":728,\"caption\":\"Ulyse\"},\"image\":{\"@id\":\"https:\\\/\\\/www.doulkeridis.be\\\/blog\\\/#\\\/schema\\\/logo\\\/image\\\/\"},\"sameAs\":[\"https:\\\/\\\/www.facebook.com\\\/doulkeridis\",\"https:\\\/\\\/www.facebook.com\\\/christosdoulkeridis2\"]},{\"@type\":\"Person\",\"@id\":\"https:\\\/\\\/www.doulkeridis.be\\\/blog\\\/#\\\/schema\\\/person\\\/9f03f3459f0a4ba4db02aabbba098365\",\"name\":\"Christos Doulkeridis\",\"image\":{\"@type\":\"ImageObject\",\"inLanguage\":\"fr-FR\",\"@id\":\"https:\\\/\\\/secure.gravatar.com\\\/avatar\\\/71cb6e4369ca0615d93730ef3bc5f54642df4f6bcc59b92763d2ac434abf103e?s=96&d=mm&r=g\",\"url\":\"https:\\\/\\\/secure.gravatar.com\\\/avatar\\\/71cb6e4369ca0615d93730ef3bc5f54642df4f6bcc59b92763d2ac434abf103e?s=96&d=mm&r=g\",\"contentUrl\":\"https:\\\/\\\/secure.gravatar.com\\\/avatar\\\/71cb6e4369ca0615d93730ef3bc5f54642df4f6bcc59b92763d2ac434abf103e?s=96&d=mm&r=g\",\"caption\":\"Christos Doulkeridis\"},\"url\":\"https:\\\/\\\/www.doulkeridis.be\\\/blog\\\/author\\\/christos\\\/\"}]}<\/script>\n<!-- \/ Yoast SEO plugin. -->","yoast_head_json":{"title":"Un accord sur le volet \"Emploi et Bien-\u00catre\" dans le non-marchand - Christos Doulkeridis","robots":{"index":"index","follow":"follow","max-snippet":"max-snippet:-1","max-image-preview":"max-image-preview:large","max-video-preview":"max-video-preview:-1"},"canonical":"https:\/\/www.doulkeridis.be\/blog\/2011\/05\/17\/un-accord-sur-le-volet-emploi-et-bien-etre-dans-le-non-marchand\/","og_locale":"fr_FR","og_type":"article","og_title":"Un accord sur le volet \"Emploi et Bien-\u00catre\" dans le non-marchand - Christos Doulkeridis","og_description":"Alors que les organisations syndicales pr\u00e9voient une nouvelle manifestation pour demander un accord sectoriel avec le f\u00e9d\u00e9ral et les Communaut\u00e9s et R\u00e9gions, j&rsquo;ai le plaisir d&rsquo;annoncer l&rsquo;aboutissement aujourd&rsquo;hui des n\u00e9gociations sur le volet \u00ab\u00a0Emploi et Bien-\u00catre\u00a0\u00bb de l&rsquo;accord avec le secteur du non-marchand francophone bruxellois (Cocof) pour la p\u00e9riode 2010-2012. Pour rappel, un accord non-marchand d&rsquo;un montant de 1,01 millions \u20ac par an pour la Cocof avait \u00e9t\u00e9 sign\u00e9 en 2010. Il restait \u00e0 en pr\u00e9ciser certaines modalit\u00e9s importantes. C&rsquo;est chose faite.","og_url":"https:\/\/www.doulkeridis.be\/blog\/2011\/05\/17\/un-accord-sur-le-volet-emploi-et-bien-etre-dans-le-non-marchand\/","og_site_name":"Christos Doulkeridis","article_publisher":"https:\/\/www.facebook.com\/doulkeridis","article_published_time":"2011-05-17T15:14:40+00:00","article_modified_time":"2011-08-08T11:51:16+00:00","og_image":[{"url":"http:\/\/www.doulkeridis.be\/blog\/wp-content\/uploads\/2011\/05\/aide-domicile-300x167.jpg","type":"","width":"","height":""}],"author":"Christos Doulkeridis","twitter_card":"summary_large_image","twitter_misc":{"\u00c9crit par":"Christos Doulkeridis","Dur\u00e9e de lecture estim\u00e9e":"2 minutes"},"schema":{"@context":"https:\/\/schema.org","@graph":[{"@type":"Article","@id":"https:\/\/www.doulkeridis.be\/blog\/2011\/05\/17\/un-accord-sur-le-volet-emploi-et-bien-etre-dans-le-non-marchand\/#article","isPartOf":{"@id":"https:\/\/www.doulkeridis.be\/blog\/2011\/05\/17\/un-accord-sur-le-volet-emploi-et-bien-etre-dans-le-non-marchand\/"},"author":{"name":"Christos Doulkeridis","@id":"https:\/\/www.doulkeridis.be\/blog\/#\/schema\/person\/9f03f3459f0a4ba4db02aabbba098365"},"headline":"Un accord sur le volet \u00ab\u00a0Emploi et Bien-\u00catre\u00a0\u00bb dans le non-marchand","datePublished":"2011-05-17T15:14:40+00:00","dateModified":"2011-08-08T11:51:16+00:00","mainEntityOfPage":{"@id":"https:\/\/www.doulkeridis.be\/blog\/2011\/05\/17\/un-accord-sur-le-volet-emploi-et-bien-etre-dans-le-non-marchand\/"},"wordCount":402,"commentCount":1,"publisher":{"@id":"https:\/\/www.doulkeridis.be\/blog\/#organization"},"image":{"@id":"https:\/\/www.doulkeridis.be\/blog\/2011\/05\/17\/un-accord-sur-le-volet-emploi-et-bien-etre-dans-le-non-marchand\/#primaryimage"},"thumbnailUrl":"http:\/\/www.doulkeridis.be\/blog\/wp-content\/uploads\/2011\/05\/aide-domicile-300x167.jpg","keywords":["emploi","Non-marchand"],"articleSection":["Mes r\u00e9alisations","Ministre-Pr\u00e9sidence CoCof","Non-marchand"],"inLanguage":"fr-FR","potentialAction":[{"@type":"CommentAction","name":"Comment","target":["https:\/\/www.doulkeridis.be\/blog\/2011\/05\/17\/un-accord-sur-le-volet-emploi-et-bien-etre-dans-le-non-marchand\/#respond"]}]},{"@type":"WebPage","@id":"https:\/\/www.doulkeridis.be\/blog\/2011\/05\/17\/un-accord-sur-le-volet-emploi-et-bien-etre-dans-le-non-marchand\/","url":"https:\/\/www.doulkeridis.be\/blog\/2011\/05\/17\/un-accord-sur-le-volet-emploi-et-bien-etre-dans-le-non-marchand\/","name":"Un accord sur le volet \"Emploi et Bien-\u00catre\" dans le non-marchand - Christos Doulkeridis","isPartOf":{"@id":"https:\/\/www.doulkeridis.be\/blog\/#website"},"primaryImageOfPage":{"@id":"https:\/\/www.doulkeridis.be\/blog\/2011\/05\/17\/un-accord-sur-le-volet-emploi-et-bien-etre-dans-le-non-marchand\/#primaryimage"},"image":{"@id":"https:\/\/www.doulkeridis.be\/blog\/2011\/05\/17\/un-accord-sur-le-volet-emploi-et-bien-etre-dans-le-non-marchand\/#primaryimage"},"thumbnailUrl":"http:\/\/www.doulkeridis.be\/blog\/wp-content\/uploads\/2011\/05\/aide-domicile-300x167.jpg","datePublished":"2011-05-17T15:14:40+00:00","dateModified":"2011-08-08T11:51:16+00:00","breadcrumb":{"@id":"https:\/\/www.doulkeridis.be\/blog\/2011\/05\/17\/un-accord-sur-le-volet-emploi-et-bien-etre-dans-le-non-marchand\/#breadcrumb"},"inLanguage":"fr-FR","potentialAction":[{"@type":"ReadAction","target":["https:\/\/www.doulkeridis.be\/blog\/2011\/05\/17\/un-accord-sur-le-volet-emploi-et-bien-etre-dans-le-non-marchand\/"]}]},{"@type":"ImageObject","inLanguage":"fr-FR","@id":"https:\/\/www.doulkeridis.be\/blog\/2011\/05\/17\/un-accord-sur-le-volet-emploi-et-bien-etre-dans-le-non-marchand\/#primaryimage","url":"http:\/\/www.doulkeridis.be\/blog\/wp-content\/uploads\/2011\/05\/aide-domicile-300x167.jpg","contentUrl":"http:\/\/www.doulkeridis.be\/blog\/wp-content\/uploads\/2011\/05\/aide-domicile-300x167.jpg"},{"@type":"BreadcrumbList","@id":"https:\/\/www.doulkeridis.be\/blog\/2011\/05\/17\/un-accord-sur-le-volet-emploi-et-bien-etre-dans-le-non-marchand\/#breadcrumb","itemListElement":[{"@type":"ListItem","position":1,"name":"Accueil","item":"https:\/\/www.doulkeridis.be\/blog\/"},{"@type":"ListItem","position":2,"name":"Un accord sur le volet \u00ab\u00a0Emploi et Bien-\u00catre\u00a0\u00bb dans le non-marchand"}]},{"@type":"WebSite","@id":"https:\/\/www.doulkeridis.be\/blog\/#website","url":"https:\/\/www.doulkeridis.be\/blog\/","name":"Christos Doulkeridis","description":"Coach | Consultant en solutions, gestion de crise, n\u00e9gociations","publisher":{"@id":"https:\/\/www.doulkeridis.be\/blog\/#organization"},"potentialAction":[{"@type":"SearchAction","target":{"@type":"EntryPoint","urlTemplate":"https:\/\/www.doulkeridis.be\/blog\/?s={search_term_string}"},"query-input":{"@type":"PropertyValueSpecification","valueRequired":true,"valueName":"search_term_string"}}],"inLanguage":"fr-FR"},{"@type":"Organization","@id":"https:\/\/www.doulkeridis.be\/blog\/#organization","name":"Ulyse","url":"https:\/\/www.doulkeridis.be\/blog\/","logo":{"@type":"ImageObject","inLanguage":"fr-FR","@id":"https:\/\/www.doulkeridis.be\/blog\/#\/schema\/logo\/image\/","url":"https:\/\/www.doulkeridis.be\/blog\/wp-content\/uploads\/2026\/04\/2-5.png","contentUrl":"https:\/\/www.doulkeridis.be\/blog\/wp-content\/uploads\/2026\/04\/2-5.png","width":1024,"height":728,"caption":"Ulyse"},"image":{"@id":"https:\/\/www.doulkeridis.be\/blog\/#\/schema\/logo\/image\/"},"sameAs":["https:\/\/www.facebook.com\/doulkeridis","https:\/\/www.facebook.com\/christosdoulkeridis2"]},{"@type":"Person","@id":"https:\/\/www.doulkeridis.be\/blog\/#\/schema\/person\/9f03f3459f0a4ba4db02aabbba098365","name":"Christos Doulkeridis","image":{"@type":"ImageObject","inLanguage":"fr-FR","@id":"https:\/\/secure.gravatar.com\/avatar\/71cb6e4369ca0615d93730ef3bc5f54642df4f6bcc59b92763d2ac434abf103e?s=96&d=mm&r=g","url":"https:\/\/secure.gravatar.com\/avatar\/71cb6e4369ca0615d93730ef3bc5f54642df4f6bcc59b92763d2ac434abf103e?s=96&d=mm&r=g","contentUrl":"https:\/\/secure.gravatar.com\/avatar\/71cb6e4369ca0615d93730ef3bc5f54642df4f6bcc59b92763d2ac434abf103e?s=96&d=mm&r=g","caption":"Christos Doulkeridis"},"url":"https:\/\/www.doulkeridis.be\/blog\/author\/christos\/"}]}},"_links":{"self":[{"href":"https:\/\/www.doulkeridis.be\/blog\/wp-json\/wp\/v2\/posts\/2559","targetHints":{"allow":["GET"]}}],"collection":[{"href":"https:\/\/www.doulkeridis.be\/blog\/wp-json\/wp\/v2\/posts"}],"about":[{"href":"https:\/\/www.doulkeridis.be\/blog\/wp-json\/wp\/v2\/types\/post"}],"author":[{"embeddable":true,"href":"https:\/\/www.doulkeridis.be\/blog\/wp-json\/wp\/v2\/users\/2"}],"replies":[{"embeddable":true,"href":"https:\/\/www.doulkeridis.be\/blog\/wp-json\/wp\/v2\/comments?post=2559"}],"version-history":[{"count":17,"href":"https:\/\/www.doulkeridis.be\/blog\/wp-json\/wp\/v2\/posts\/2559\/revisions"}],"predecessor-version":[{"id":3411,"href":"https:\/\/www.doulkeridis.be\/blog\/wp-json\/wp\/v2\/posts\/2559\/revisions\/3411"}],"wp:attachment":[{"href":"https:\/\/www.doulkeridis.be\/blog\/wp-json\/wp\/v2\/media?parent=2559"}],"wp:term":[{"taxonomy":"category","embeddable":true,"href":"https:\/\/www.doulkeridis.be\/blog\/wp-json\/wp\/v2\/categories?post=2559"},{"taxonomy":"post_tag","embeddable":true,"href":"https:\/\/www.doulkeridis.be\/blog\/wp-json\/wp\/v2\/tags?post=2559"}],"curies":[{"name":"wp","href":"https:\/\/api.w.org\/{rel}","templated":true}]}}