{"id":2763,"date":"2011-06-02T17:26:35","date_gmt":"2011-06-02T15:26:35","guid":{"rendered":"http:\/\/www.doulkeridis.be\/blog\/?p=2763"},"modified":"2011-08-08T12:54:57","modified_gmt":"2011-08-08T10:54:57","slug":"une-rencontre-pour-faciliter-lacces-au-logement-des-personnes-handicapees","status":"publish","type":"post","link":"https:\/\/www.doulkeridis.be\/blog\/2011\/06\/02\/une-rencontre-pour-faciliter-lacces-au-logement-des-personnes-handicapees\/","title":{"rendered":"Une rencontre pour faciliter l&rsquo;acc\u00e8s au logement des personnes handicap\u00e9es"},"content":{"rendered":"<p><a href=\"https:\/\/www.doulkeridis.be\/blog\/wp-content\/uploads\/2011\/06\/anlh.gif\"><img loading=\"lazy\" decoding=\"async\" class=\"size-full wp-image-2771 alignright\" title=\"anlh\" src=\"https:\/\/www.doulkeridis.be\/blog\/wp-content\/uploads\/2011\/06\/anlh.gif\" alt=\"\" width=\"200\" height=\"189\" \/><\/a>J&rsquo;organisais hier une rencontre entre le monde associatif et les acteurs publics et priv\u00e9s du secteur du logement pour \u00e9voquer la question de l&rsquo;accessibilit\u00e9 des logements pour les personnes handicap\u00e9es. La raison qui m&rsquo;a pouss\u00e9 \u00e0 lancer cette invitation est simple: j&rsquo;ai constat\u00e9 qu&rsquo;il existait encore quelques carences pour \u00e9valuer clairement l&rsquo;\u00e9tat des lieux dans ce domaine.\u00a0 Lorsque j&rsquo;ai voulu accro\u00eetre l&rsquo;offre de logements adapt\u00e9s, je me suis tr\u00e8s vite aper\u00e7u que les sp\u00e9cialistes\u00a0 du handicap mentionnaient un manque d&rsquo;offre important.\u00a0 Mais plus grave encore, <strong>je me suis rendu compte qu&rsquo;aucun outil permettant d&rsquo;\u00e9tablir l&rsquo;offre\u00a0 n&rsquo;existait au niveau de la R\u00e9gion<\/strong>.<\/p>\n<p>Pour cette raison, j&rsquo;ai d\u00e9cid\u00e9 d&rsquo;initier un partenariat avec l&rsquo;Association nationale pour le logement des personnes handicap\u00e9es (ANLH). Ensemble, avec la collaboration des acteurs du monde du logement, <strong>nous nous plongeons sur un projet innovant de banque de donn\u00e9es pour r\u00e9aliser le cadastre\u00a0 de l&rsquo;offre d&rsquo;habitations adapt\u00e9es<\/strong>. Sous le nom d&rsquo;Accesshouse.be, cette base de donn\u00e9es r\u00e9alisera un \u00e9tat des lieux complet ouvert tant au logement public que priv\u00e9. Le site permettra aussi la mise en ligne de\u00a0 d&rsquo;informations afin de permettre \u00e0 l&rsquo;offre et \u00e0 la demande de se rencontrer.<\/p>\n<p>La rencontre que j&rsquo;ai initi\u00e9 hier sert \u00e0 f\u00e9d\u00e9rer les \u00e9nergies autour de ce projet important afin de permettre sa r\u00e9alisation dans les mois \u00e0 venir.<\/p>\n","protected":false},"excerpt":{"rendered":"<p>J&rsquo;organisais hier une rencontre entre le monde associatif et les acteurs publics et priv\u00e9s du secteur du logement pour \u00e9voquer la question de l&rsquo;accessibilit\u00e9 des logements pour les personnes handicap\u00e9es. La raison qui m&rsquo;a pouss\u00e9 \u00e0 lancer cette invitation est simple: j&rsquo;ai constat\u00e9 qu&rsquo;il existait encore quelques carences pour \u00e9valuer clairement l&rsquo;\u00e9tat des lieux dans ce domaine.\u00a0 Lorsque j&rsquo;ai voulu accro\u00eetre l&rsquo;offre de logements adapt\u00e9s, je me suis tr\u00e8s vite aper\u00e7u que les sp\u00e9cialistes\u00a0 du handicap mentionnaient un manque d&rsquo;offre important.\u00a0 Mais plus grave encore, je me suis rendu compte qu&rsquo;aucun outil permettant d&rsquo;\u00e9tablir l&rsquo;offre\u00a0 n&rsquo;existait au niveau de la R\u00e9gion. Pour cette raison, j&rsquo;ai d\u00e9cid\u00e9 d&rsquo;initier un partenariat avec l&rsquo;Association nationale pour le logement des personnes handicap\u00e9es (ANLH). Ensemble, avec la collaboration des acteurs du monde du logement, nous nous plongeons sur un projet innovant de banque de donn\u00e9es pour r\u00e9aliser le cadastre\u00a0 de l&rsquo;offre d&rsquo;habitations adapt\u00e9es. Sous le nom d&rsquo;Accesshouse.be, cette base de donn\u00e9es r\u00e9alisera un \u00e9tat des lieux complet ouvert tant au logement public que priv\u00e9. Le site permettra aussi la mise en ligne de\u00a0 d&rsquo;informations afin de permettre \u00e0 l&rsquo;offre et \u00e0 la demande de se rencontrer. La rencontre que j&rsquo;ai initi\u00e9 hier sert \u00e0 f\u00e9d\u00e9rer [&hellip;]<\/p>\n","protected":false},"author":2,"featured_media":0,"comment_status":"open","ping_status":"open","sticky":false,"template":"","format":"standard","meta":{"_monsterinsights_skip_tracking":false,"_monsterinsights_sitenote_active":false,"_monsterinsights_sitenote_note":"","_monsterinsights_sitenote_category":0,"ngg_post_thumbnail":0,"footnotes":""},"categories":[232,3,303],"tags":[128,1027],"class_list":["post-2763","post","type-post","status-publish","format-standard","hentry","category-associations","category-logement","category-mes_projets","tag-anlh","tag-personnes-handicapees"],"yoast_head":"<!-- This site is optimized with the Yoast SEO plugin v27.4 - https:\/\/yoast.com\/product\/yoast-seo-wordpress\/ -->\n<title>Une rencontre pour faciliter l&#039;acc\u00e8s au logement des personnes handicap\u00e9es - Christos Doulkeridis<\/title>\n<meta name=\"robots\" content=\"index, follow, max-snippet:-1, max-image-preview:large, max-video-preview:-1\" \/>\n<link rel=\"canonical\" href=\"https:\/\/www.doulkeridis.be\/blog\/2011\/06\/02\/une-rencontre-pour-faciliter-lacces-au-logement-des-personnes-handicapees\/\" \/>\n<meta property=\"og:locale\" content=\"fr_FR\" \/>\n<meta property=\"og:type\" content=\"article\" \/>\n<meta property=\"og:title\" content=\"Une rencontre pour faciliter l&#039;acc\u00e8s au logement des personnes handicap\u00e9es - Christos Doulkeridis\" \/>\n<meta property=\"og:description\" content=\"J&rsquo;organisais hier une rencontre entre le monde associatif et les acteurs publics et priv\u00e9s du secteur du logement pour \u00e9voquer la question de l&rsquo;accessibilit\u00e9 des logements pour les personnes handicap\u00e9es. La raison qui m&rsquo;a pouss\u00e9 \u00e0 lancer cette invitation est simple: j&rsquo;ai constat\u00e9 qu&rsquo;il existait encore quelques carences pour \u00e9valuer clairement l&rsquo;\u00e9tat des lieux dans ce domaine.\u00a0 Lorsque j&rsquo;ai voulu accro\u00eetre l&rsquo;offre de logements adapt\u00e9s, je me suis tr\u00e8s vite aper\u00e7u que les sp\u00e9cialistes\u00a0 du handicap mentionnaient un manque d&rsquo;offre important.\u00a0 Mais plus grave encore, je me suis rendu compte qu&rsquo;aucun outil permettant d&rsquo;\u00e9tablir l&rsquo;offre\u00a0 n&rsquo;existait au niveau de la R\u00e9gion. Pour cette raison, j&rsquo;ai d\u00e9cid\u00e9 d&rsquo;initier un partenariat avec l&rsquo;Association nationale pour le logement des personnes handicap\u00e9es (ANLH). Ensemble, avec la collaboration des acteurs du monde du logement, nous nous plongeons sur un projet innovant de banque de donn\u00e9es pour r\u00e9aliser le cadastre\u00a0 de l&rsquo;offre d&rsquo;habitations adapt\u00e9es. Sous le nom d&rsquo;Accesshouse.be, cette base de donn\u00e9es r\u00e9alisera un \u00e9tat des lieux complet ouvert tant au logement public que priv\u00e9. Le site permettra aussi la mise en ligne de\u00a0 d&rsquo;informations afin de permettre \u00e0 l&rsquo;offre et \u00e0 la demande de se rencontrer. La rencontre que j&rsquo;ai initi\u00e9 hier sert \u00e0 f\u00e9d\u00e9rer [&hellip;]\" \/>\n<meta property=\"og:url\" content=\"https:\/\/www.doulkeridis.be\/blog\/2011\/06\/02\/une-rencontre-pour-faciliter-lacces-au-logement-des-personnes-handicapees\/\" \/>\n<meta property=\"og:site_name\" content=\"Christos Doulkeridis\" \/>\n<meta property=\"article:publisher\" content=\"https:\/\/www.facebook.com\/doulkeridis\" \/>\n<meta property=\"article:published_time\" content=\"2011-06-02T15:26:35+00:00\" \/>\n<meta property=\"article:modified_time\" content=\"2011-08-08T10:54:57+00:00\" \/>\n<meta property=\"og:image\" content=\"http:\/\/www.doulkeridis.be\/blog\/wp-content\/uploads\/2011\/06\/anlh.gif\" \/>\n<meta name=\"author\" content=\"Christos Doulkeridis\" \/>\n<meta name=\"twitter:card\" content=\"summary_large_image\" \/>\n<meta name=\"twitter:label1\" content=\"\u00c9crit par\" \/>\n\t<meta name=\"twitter:data1\" content=\"Christos Doulkeridis\" \/>\n\t<meta name=\"twitter:label2\" content=\"Dur\u00e9e de lecture estim\u00e9e\" \/>\n\t<meta name=\"twitter:data2\" content=\"1 minute\" \/>\n<script type=\"application\/ld+json\" class=\"yoast-schema-graph\">{\"@context\":\"https:\\\/\\\/schema.org\",\"@graph\":[{\"@type\":\"Article\",\"@id\":\"https:\\\/\\\/www.doulkeridis.be\\\/blog\\\/2011\\\/06\\\/02\\\/une-rencontre-pour-faciliter-lacces-au-logement-des-personnes-handicapees\\\/#article\",\"isPartOf\":{\"@id\":\"https:\\\/\\\/www.doulkeridis.be\\\/blog\\\/2011\\\/06\\\/02\\\/une-rencontre-pour-faciliter-lacces-au-logement-des-personnes-handicapees\\\/\"},\"author\":{\"name\":\"Christos Doulkeridis\",\"@id\":\"https:\\\/\\\/www.doulkeridis.be\\\/blog\\\/#\\\/schema\\\/person\\\/9f03f3459f0a4ba4db02aabbba098365\"},\"headline\":\"Une rencontre pour faciliter l&rsquo;acc\u00e8s au logement des personnes handicap\u00e9es\",\"datePublished\":\"2011-06-02T15:26:35+00:00\",\"dateModified\":\"2011-08-08T10:54:57+00:00\",\"mainEntityOfPage\":{\"@id\":\"https:\\\/\\\/www.doulkeridis.be\\\/blog\\\/2011\\\/06\\\/02\\\/une-rencontre-pour-faciliter-lacces-au-logement-des-personnes-handicapees\\\/\"},\"wordCount\":266,\"commentCount\":1,\"publisher\":{\"@id\":\"https:\\\/\\\/www.doulkeridis.be\\\/blog\\\/#organization\"},\"image\":{\"@id\":\"https:\\\/\\\/www.doulkeridis.be\\\/blog\\\/2011\\\/06\\\/02\\\/une-rencontre-pour-faciliter-lacces-au-logement-des-personnes-handicapees\\\/#primaryimage\"},\"thumbnailUrl\":\"http:\\\/\\\/www.doulkeridis.be\\\/blog\\\/wp-content\\\/uploads\\\/2011\\\/06\\\/anlh.gif\",\"keywords\":[\"ANLH\",\"Personnes handicap\u00e9es\"],\"articleSection\":[\"Associations\",\"Logement\",\"Mes projets\"],\"inLanguage\":\"fr-FR\",\"potentialAction\":[{\"@type\":\"CommentAction\",\"name\":\"Comment\",\"target\":[\"https:\\\/\\\/www.doulkeridis.be\\\/blog\\\/2011\\\/06\\\/02\\\/une-rencontre-pour-faciliter-lacces-au-logement-des-personnes-handicapees\\\/#respond\"]}]},{\"@type\":\"WebPage\",\"@id\":\"https:\\\/\\\/www.doulkeridis.be\\\/blog\\\/2011\\\/06\\\/02\\\/une-rencontre-pour-faciliter-lacces-au-logement-des-personnes-handicapees\\\/\",\"url\":\"https:\\\/\\\/www.doulkeridis.be\\\/blog\\\/2011\\\/06\\\/02\\\/une-rencontre-pour-faciliter-lacces-au-logement-des-personnes-handicapees\\\/\",\"name\":\"Une rencontre pour faciliter l'acc\u00e8s au logement des personnes handicap\u00e9es - Christos Doulkeridis\",\"isPartOf\":{\"@id\":\"https:\\\/\\\/www.doulkeridis.be\\\/blog\\\/#website\"},\"primaryImageOfPage\":{\"@id\":\"https:\\\/\\\/www.doulkeridis.be\\\/blog\\\/2011\\\/06\\\/02\\\/une-rencontre-pour-faciliter-lacces-au-logement-des-personnes-handicapees\\\/#primaryimage\"},\"image\":{\"@id\":\"https:\\\/\\\/www.doulkeridis.be\\\/blog\\\/2011\\\/06\\\/02\\\/une-rencontre-pour-faciliter-lacces-au-logement-des-personnes-handicapees\\\/#primaryimage\"},\"thumbnailUrl\":\"http:\\\/\\\/www.doulkeridis.be\\\/blog\\\/wp-content\\\/uploads\\\/2011\\\/06\\\/anlh.gif\",\"datePublished\":\"2011-06-02T15:26:35+00:00\",\"dateModified\":\"2011-08-08T10:54:57+00:00\",\"breadcrumb\":{\"@id\":\"https:\\\/\\\/www.doulkeridis.be\\\/blog\\\/2011\\\/06\\\/02\\\/une-rencontre-pour-faciliter-lacces-au-logement-des-personnes-handicapees\\\/#breadcrumb\"},\"inLanguage\":\"fr-FR\",\"potentialAction\":[{\"@type\":\"ReadAction\",\"target\":[\"https:\\\/\\\/www.doulkeridis.be\\\/blog\\\/2011\\\/06\\\/02\\\/une-rencontre-pour-faciliter-lacces-au-logement-des-personnes-handicapees\\\/\"]}]},{\"@type\":\"ImageObject\",\"inLanguage\":\"fr-FR\",\"@id\":\"https:\\\/\\\/www.doulkeridis.be\\\/blog\\\/2011\\\/06\\\/02\\\/une-rencontre-pour-faciliter-lacces-au-logement-des-personnes-handicapees\\\/#primaryimage\",\"url\":\"http:\\\/\\\/www.doulkeridis.be\\\/blog\\\/wp-content\\\/uploads\\\/2011\\\/06\\\/anlh.gif\",\"contentUrl\":\"http:\\\/\\\/www.doulkeridis.be\\\/blog\\\/wp-content\\\/uploads\\\/2011\\\/06\\\/anlh.gif\"},{\"@type\":\"BreadcrumbList\",\"@id\":\"https:\\\/\\\/www.doulkeridis.be\\\/blog\\\/2011\\\/06\\\/02\\\/une-rencontre-pour-faciliter-lacces-au-logement-des-personnes-handicapees\\\/#breadcrumb\",\"itemListElement\":[{\"@type\":\"ListItem\",\"position\":1,\"name\":\"Accueil\",\"item\":\"https:\\\/\\\/www.doulkeridis.be\\\/blog\\\/\"},{\"@type\":\"ListItem\",\"position\":2,\"name\":\"Une rencontre pour faciliter l&rsquo;acc\u00e8s au logement des personnes handicap\u00e9es\"}]},{\"@type\":\"WebSite\",\"@id\":\"https:\\\/\\\/www.doulkeridis.be\\\/blog\\\/#website\",\"url\":\"https:\\\/\\\/www.doulkeridis.be\\\/blog\\\/\",\"name\":\"Christos Doulkeridis\",\"description\":\"Coach | Consultant en solutions, gestion de crise, n\u00e9gociations\",\"publisher\":{\"@id\":\"https:\\\/\\\/www.doulkeridis.be\\\/blog\\\/#organization\"},\"potentialAction\":[{\"@type\":\"SearchAction\",\"target\":{\"@type\":\"EntryPoint\",\"urlTemplate\":\"https:\\\/\\\/www.doulkeridis.be\\\/blog\\\/?s={search_term_string}\"},\"query-input\":{\"@type\":\"PropertyValueSpecification\",\"valueRequired\":true,\"valueName\":\"search_term_string\"}}],\"inLanguage\":\"fr-FR\"},{\"@type\":\"Organization\",\"@id\":\"https:\\\/\\\/www.doulkeridis.be\\\/blog\\\/#organization\",\"name\":\"Ulyse\",\"url\":\"https:\\\/\\\/www.doulkeridis.be\\\/blog\\\/\",\"logo\":{\"@type\":\"ImageObject\",\"inLanguage\":\"fr-FR\",\"@id\":\"https:\\\/\\\/www.doulkeridis.be\\\/blog\\\/#\\\/schema\\\/logo\\\/image\\\/\",\"url\":\"https:\\\/\\\/www.doulkeridis.be\\\/blog\\\/wp-content\\\/uploads\\\/2026\\\/04\\\/2-5.png\",\"contentUrl\":\"https:\\\/\\\/www.doulkeridis.be\\\/blog\\\/wp-content\\\/uploads\\\/2026\\\/04\\\/2-5.png\",\"width\":1024,\"height\":728,\"caption\":\"Ulyse\"},\"image\":{\"@id\":\"https:\\\/\\\/www.doulkeridis.be\\\/blog\\\/#\\\/schema\\\/logo\\\/image\\\/\"},\"sameAs\":[\"https:\\\/\\\/www.facebook.com\\\/doulkeridis\",\"https:\\\/\\\/www.facebook.com\\\/christosdoulkeridis2\"]},{\"@type\":\"Person\",\"@id\":\"https:\\\/\\\/www.doulkeridis.be\\\/blog\\\/#\\\/schema\\\/person\\\/9f03f3459f0a4ba4db02aabbba098365\",\"name\":\"Christos Doulkeridis\",\"image\":{\"@type\":\"ImageObject\",\"inLanguage\":\"fr-FR\",\"@id\":\"https:\\\/\\\/secure.gravatar.com\\\/avatar\\\/71cb6e4369ca0615d93730ef3bc5f54642df4f6bcc59b92763d2ac434abf103e?s=96&d=mm&r=g\",\"url\":\"https:\\\/\\\/secure.gravatar.com\\\/avatar\\\/71cb6e4369ca0615d93730ef3bc5f54642df4f6bcc59b92763d2ac434abf103e?s=96&d=mm&r=g\",\"contentUrl\":\"https:\\\/\\\/secure.gravatar.com\\\/avatar\\\/71cb6e4369ca0615d93730ef3bc5f54642df4f6bcc59b92763d2ac434abf103e?s=96&d=mm&r=g\",\"caption\":\"Christos Doulkeridis\"},\"url\":\"https:\\\/\\\/www.doulkeridis.be\\\/blog\\\/author\\\/christos\\\/\"}]}<\/script>\n<!-- \/ Yoast SEO plugin. -->","yoast_head_json":{"title":"Une rencontre pour faciliter l'acc\u00e8s au logement des personnes handicap\u00e9es - Christos Doulkeridis","robots":{"index":"index","follow":"follow","max-snippet":"max-snippet:-1","max-image-preview":"max-image-preview:large","max-video-preview":"max-video-preview:-1"},"canonical":"https:\/\/www.doulkeridis.be\/blog\/2011\/06\/02\/une-rencontre-pour-faciliter-lacces-au-logement-des-personnes-handicapees\/","og_locale":"fr_FR","og_type":"article","og_title":"Une rencontre pour faciliter l'acc\u00e8s au logement des personnes handicap\u00e9es - Christos Doulkeridis","og_description":"J&rsquo;organisais hier une rencontre entre le monde associatif et les acteurs publics et priv\u00e9s du secteur du logement pour \u00e9voquer la question de l&rsquo;accessibilit\u00e9 des logements pour les personnes handicap\u00e9es. La raison qui m&rsquo;a pouss\u00e9 \u00e0 lancer cette invitation est simple: j&rsquo;ai constat\u00e9 qu&rsquo;il existait encore quelques carences pour \u00e9valuer clairement l&rsquo;\u00e9tat des lieux dans ce domaine.\u00a0 Lorsque j&rsquo;ai voulu accro\u00eetre l&rsquo;offre de logements adapt\u00e9s, je me suis tr\u00e8s vite aper\u00e7u que les sp\u00e9cialistes\u00a0 du handicap mentionnaient un manque d&rsquo;offre important.\u00a0 Mais plus grave encore, je me suis rendu compte qu&rsquo;aucun outil permettant d&rsquo;\u00e9tablir l&rsquo;offre\u00a0 n&rsquo;existait au niveau de la R\u00e9gion. Pour cette raison, j&rsquo;ai d\u00e9cid\u00e9 d&rsquo;initier un partenariat avec l&rsquo;Association nationale pour le logement des personnes handicap\u00e9es (ANLH). Ensemble, avec la collaboration des acteurs du monde du logement, nous nous plongeons sur un projet innovant de banque de donn\u00e9es pour r\u00e9aliser le cadastre\u00a0 de l&rsquo;offre d&rsquo;habitations adapt\u00e9es. Sous le nom d&rsquo;Accesshouse.be, cette base de donn\u00e9es r\u00e9alisera un \u00e9tat des lieux complet ouvert tant au logement public que priv\u00e9. Le site permettra aussi la mise en ligne de\u00a0 d&rsquo;informations afin de permettre \u00e0 l&rsquo;offre et \u00e0 la demande de se rencontrer. La rencontre que j&rsquo;ai initi\u00e9 hier sert \u00e0 f\u00e9d\u00e9rer [&hellip;]","og_url":"https:\/\/www.doulkeridis.be\/blog\/2011\/06\/02\/une-rencontre-pour-faciliter-lacces-au-logement-des-personnes-handicapees\/","og_site_name":"Christos Doulkeridis","article_publisher":"https:\/\/www.facebook.com\/doulkeridis","article_published_time":"2011-06-02T15:26:35+00:00","article_modified_time":"2011-08-08T10:54:57+00:00","og_image":[{"url":"http:\/\/www.doulkeridis.be\/blog\/wp-content\/uploads\/2011\/06\/anlh.gif","type":"","width":"","height":""}],"author":"Christos Doulkeridis","twitter_card":"summary_large_image","twitter_misc":{"\u00c9crit par":"Christos Doulkeridis","Dur\u00e9e de lecture estim\u00e9e":"1 minute"},"schema":{"@context":"https:\/\/schema.org","@graph":[{"@type":"Article","@id":"https:\/\/www.doulkeridis.be\/blog\/2011\/06\/02\/une-rencontre-pour-faciliter-lacces-au-logement-des-personnes-handicapees\/#article","isPartOf":{"@id":"https:\/\/www.doulkeridis.be\/blog\/2011\/06\/02\/une-rencontre-pour-faciliter-lacces-au-logement-des-personnes-handicapees\/"},"author":{"name":"Christos Doulkeridis","@id":"https:\/\/www.doulkeridis.be\/blog\/#\/schema\/person\/9f03f3459f0a4ba4db02aabbba098365"},"headline":"Une rencontre pour faciliter l&rsquo;acc\u00e8s au logement des personnes handicap\u00e9es","datePublished":"2011-06-02T15:26:35+00:00","dateModified":"2011-08-08T10:54:57+00:00","mainEntityOfPage":{"@id":"https:\/\/www.doulkeridis.be\/blog\/2011\/06\/02\/une-rencontre-pour-faciliter-lacces-au-logement-des-personnes-handicapees\/"},"wordCount":266,"commentCount":1,"publisher":{"@id":"https:\/\/www.doulkeridis.be\/blog\/#organization"},"image":{"@id":"https:\/\/www.doulkeridis.be\/blog\/2011\/06\/02\/une-rencontre-pour-faciliter-lacces-au-logement-des-personnes-handicapees\/#primaryimage"},"thumbnailUrl":"http:\/\/www.doulkeridis.be\/blog\/wp-content\/uploads\/2011\/06\/anlh.gif","keywords":["ANLH","Personnes handicap\u00e9es"],"articleSection":["Associations","Logement","Mes projets"],"inLanguage":"fr-FR","potentialAction":[{"@type":"CommentAction","name":"Comment","target":["https:\/\/www.doulkeridis.be\/blog\/2011\/06\/02\/une-rencontre-pour-faciliter-lacces-au-logement-des-personnes-handicapees\/#respond"]}]},{"@type":"WebPage","@id":"https:\/\/www.doulkeridis.be\/blog\/2011\/06\/02\/une-rencontre-pour-faciliter-lacces-au-logement-des-personnes-handicapees\/","url":"https:\/\/www.doulkeridis.be\/blog\/2011\/06\/02\/une-rencontre-pour-faciliter-lacces-au-logement-des-personnes-handicapees\/","name":"Une rencontre pour faciliter l'acc\u00e8s au logement des personnes handicap\u00e9es - Christos Doulkeridis","isPartOf":{"@id":"https:\/\/www.doulkeridis.be\/blog\/#website"},"primaryImageOfPage":{"@id":"https:\/\/www.doulkeridis.be\/blog\/2011\/06\/02\/une-rencontre-pour-faciliter-lacces-au-logement-des-personnes-handicapees\/#primaryimage"},"image":{"@id":"https:\/\/www.doulkeridis.be\/blog\/2011\/06\/02\/une-rencontre-pour-faciliter-lacces-au-logement-des-personnes-handicapees\/#primaryimage"},"thumbnailUrl":"http:\/\/www.doulkeridis.be\/blog\/wp-content\/uploads\/2011\/06\/anlh.gif","datePublished":"2011-06-02T15:26:35+00:00","dateModified":"2011-08-08T10:54:57+00:00","breadcrumb":{"@id":"https:\/\/www.doulkeridis.be\/blog\/2011\/06\/02\/une-rencontre-pour-faciliter-lacces-au-logement-des-personnes-handicapees\/#breadcrumb"},"inLanguage":"fr-FR","potentialAction":[{"@type":"ReadAction","target":["https:\/\/www.doulkeridis.be\/blog\/2011\/06\/02\/une-rencontre-pour-faciliter-lacces-au-logement-des-personnes-handicapees\/"]}]},{"@type":"ImageObject","inLanguage":"fr-FR","@id":"https:\/\/www.doulkeridis.be\/blog\/2011\/06\/02\/une-rencontre-pour-faciliter-lacces-au-logement-des-personnes-handicapees\/#primaryimage","url":"http:\/\/www.doulkeridis.be\/blog\/wp-content\/uploads\/2011\/06\/anlh.gif","contentUrl":"http:\/\/www.doulkeridis.be\/blog\/wp-content\/uploads\/2011\/06\/anlh.gif"},{"@type":"BreadcrumbList","@id":"https:\/\/www.doulkeridis.be\/blog\/2011\/06\/02\/une-rencontre-pour-faciliter-lacces-au-logement-des-personnes-handicapees\/#breadcrumb","itemListElement":[{"@type":"ListItem","position":1,"name":"Accueil","item":"https:\/\/www.doulkeridis.be\/blog\/"},{"@type":"ListItem","position":2,"name":"Une rencontre pour faciliter l&rsquo;acc\u00e8s au logement des personnes handicap\u00e9es"}]},{"@type":"WebSite","@id":"https:\/\/www.doulkeridis.be\/blog\/#website","url":"https:\/\/www.doulkeridis.be\/blog\/","name":"Christos Doulkeridis","description":"Coach | Consultant en solutions, gestion de crise, n\u00e9gociations","publisher":{"@id":"https:\/\/www.doulkeridis.be\/blog\/#organization"},"potentialAction":[{"@type":"SearchAction","target":{"@type":"EntryPoint","urlTemplate":"https:\/\/www.doulkeridis.be\/blog\/?s={search_term_string}"},"query-input":{"@type":"PropertyValueSpecification","valueRequired":true,"valueName":"search_term_string"}}],"inLanguage":"fr-FR"},{"@type":"Organization","@id":"https:\/\/www.doulkeridis.be\/blog\/#organization","name":"Ulyse","url":"https:\/\/www.doulkeridis.be\/blog\/","logo":{"@type":"ImageObject","inLanguage":"fr-FR","@id":"https:\/\/www.doulkeridis.be\/blog\/#\/schema\/logo\/image\/","url":"https:\/\/www.doulkeridis.be\/blog\/wp-content\/uploads\/2026\/04\/2-5.png","contentUrl":"https:\/\/www.doulkeridis.be\/blog\/wp-content\/uploads\/2026\/04\/2-5.png","width":1024,"height":728,"caption":"Ulyse"},"image":{"@id":"https:\/\/www.doulkeridis.be\/blog\/#\/schema\/logo\/image\/"},"sameAs":["https:\/\/www.facebook.com\/doulkeridis","https:\/\/www.facebook.com\/christosdoulkeridis2"]},{"@type":"Person","@id":"https:\/\/www.doulkeridis.be\/blog\/#\/schema\/person\/9f03f3459f0a4ba4db02aabbba098365","name":"Christos Doulkeridis","image":{"@type":"ImageObject","inLanguage":"fr-FR","@id":"https:\/\/secure.gravatar.com\/avatar\/71cb6e4369ca0615d93730ef3bc5f54642df4f6bcc59b92763d2ac434abf103e?s=96&d=mm&r=g","url":"https:\/\/secure.gravatar.com\/avatar\/71cb6e4369ca0615d93730ef3bc5f54642df4f6bcc59b92763d2ac434abf103e?s=96&d=mm&r=g","contentUrl":"https:\/\/secure.gravatar.com\/avatar\/71cb6e4369ca0615d93730ef3bc5f54642df4f6bcc59b92763d2ac434abf103e?s=96&d=mm&r=g","caption":"Christos Doulkeridis"},"url":"https:\/\/www.doulkeridis.be\/blog\/author\/christos\/"}]}},"_links":{"self":[{"href":"https:\/\/www.doulkeridis.be\/blog\/wp-json\/wp\/v2\/posts\/2763","targetHints":{"allow":["GET"]}}],"collection":[{"href":"https:\/\/www.doulkeridis.be\/blog\/wp-json\/wp\/v2\/posts"}],"about":[{"href":"https:\/\/www.doulkeridis.be\/blog\/wp-json\/wp\/v2\/types\/post"}],"author":[{"embeddable":true,"href":"https:\/\/www.doulkeridis.be\/blog\/wp-json\/wp\/v2\/users\/2"}],"replies":[{"embeddable":true,"href":"https:\/\/www.doulkeridis.be\/blog\/wp-json\/wp\/v2\/comments?post=2763"}],"version-history":[{"count":15,"href":"https:\/\/www.doulkeridis.be\/blog\/wp-json\/wp\/v2\/posts\/2763\/revisions"}],"predecessor-version":[{"id":3389,"href":"https:\/\/www.doulkeridis.be\/blog\/wp-json\/wp\/v2\/posts\/2763\/revisions\/3389"}],"wp:attachment":[{"href":"https:\/\/www.doulkeridis.be\/blog\/wp-json\/wp\/v2\/media?parent=2763"}],"wp:term":[{"taxonomy":"category","embeddable":true,"href":"https:\/\/www.doulkeridis.be\/blog\/wp-json\/wp\/v2\/categories?post=2763"},{"taxonomy":"post_tag","embeddable":true,"href":"https:\/\/www.doulkeridis.be\/blog\/wp-json\/wp\/v2\/tags?post=2763"}],"curies":[{"name":"wp","href":"https:\/\/api.w.org\/{rel}","templated":true}]}}