{"id":29,"date":"2010-03-24T19:37:18","date_gmt":"2010-03-24T19:37:18","guid":{"rendered":"http:\/\/172.20.3.104\/?p=29"},"modified":"2011-08-10T10:30:07","modified_gmt":"2011-08-10T08:30:07","slug":"pompiers-doulkeridis-outre-par-l%e2%80%99accord-federal-dh","status":"publish","type":"post","link":"https:\/\/www.doulkeridis.be\/blog\/2010\/03\/24\/pompiers-doulkeridis-outre-par-l%e2%80%99accord-federal-dh\/","title":{"rendered":"Pompiers : Doulkeridis outr\u00e9 par l\u2019accord f\u00e9d\u00e9ral"},"content":{"rendered":"<div><em><strong><a href=\"https:\/\/www.doulkeridis.be\/blog\/wp-content\/uploads\/2010\/05\/siamu-dh1.jpg\"><img loading=\"lazy\" decoding=\"async\" class=\"alignright size-full wp-image-35\" title=\"siamu-dh\" src=\"https:\/\/www.doulkeridis.be\/blog\/wp-content\/uploads\/2010\/05\/siamu-dh1.jpg\" alt=\"\" width=\"265\" height=\"175\" \/><\/a> <\/strong><\/em><\/div>\n<div><em><strong> <\/strong><\/em><\/div>\n<div><em><strong> <\/strong><\/em><\/div>\n<p><em><strong> <\/strong><\/em><\/p>\n<p style=\"padding-left: 30px;\"><em><strong>&#8211; Sur les 32 millions d\u00e9bloqu\u00e9s, pas grand-chose pour les hommes du feu bruxellois, estime le secr\u00e9taire d\u2019\u00c9tat en charge du Siamu.<br \/>\n&#8211; Pour Christos Doulkeridis, Bruxelles a \u00e9t\u00e9 ignor\u00e9e par le f\u00e9d\u00e9ral lors des discussions budg\u00e9taires.<\/strong><\/em><\/p>\n<p><em><strong><br \/>\n<\/strong><\/em><\/p>\n<p><em><strong> <\/strong><\/em><\/p>\n<p>POMPIERS <strong>D\u00e9\u00e7u et proprement scandalis\u00e9. C\u2019est l\u2019humeur de la semaine pour Christos Doulkeridis (\u00c9colo), secr\u00e9taire d\u2019\u00c9tat en charge des services incendie bruxellois. Il d\u00e9couvrait hier les d\u00e9tails de l\u2019accord intervenu dimanche au gouvernement f\u00e9d\u00e9ral sur le soutien financier accord\u00e9 aux pompiers du pays.<!--more--><\/strong><\/p>\n<p>Pour rappel, quelque 32,5 millions d\u2019euros ont \u00e9t\u00e9 d\u00e9gag\u00e9s. Un montant divis\u00e9 comme suit\u00a0: 23,8 millions \u00e0 destination des communes en perspective des zones \u00e0 \u00e9tablir en R\u00e9gions wallonne et flamande (Bruxelles est d\u00e9j\u00e0 consid\u00e9r\u00e9e comme une zone unique o\u00f9 tous les pompiers sont professionnels), six millions pour les \u00e9coles du feu et 2,8 millions pour la formation et les campagnes de recrutement.<\/p>\n<p>Une r\u00e9partition qui fait de la R\u00e9gion bruxelloise la grande perdante de cet accord, selon Christos Doulkeridis.<\/p>\n<p>Interview\u00a0:<\/p>\n<p><em><span style=\"color: #800000;\">Vos impressions suite \u00e0 l\u2019accord budg\u00e9taire intervenu pour les pompiers au f\u00e9d\u00e9ral\u00a0?<\/span> <\/em><\/p>\n<p>\u201cD\u2019abord, je trouve le gouvernement relativement grossier de ne jamais avoir r\u00e9pondu \u00e0 nos courriers. Nous n\u2019avons m\u00eame pas \u00e9t\u00e9 concert\u00e9s alors que le corps de pompiers bruxellois est le plus important du pays. Et depuis dimanche, c\u2019est le flou le plus complet.\u201d<\/p>\n<p><em><span style=\"color: #800000;\">Vous avez maintenant connaissance des termes de l\u2019accord.<\/span> <\/em><br \/>\n\u201cOn constate que Bruxelles \u00e9chappe compl\u00e8tement \u00e0 l\u2019enveloppe la plus importante, celle des 23,8 millions d\u2019euros. C\u2019est inacceptable et \u00e0 vrai dire scandaleux. Nous sommes p\u00e9nalis\u00e9s parce qu\u2019avant les autres, nous avons pris nos responsabilit\u00e9s en organisant les services de secours de la fa\u00e7on la plus professionnelle possible. Je rappelle que nous intervenons dans les deux autres r\u00e9gions gratuitement et sans compensations, sur le dos des Bruxellois donc.\u201d<\/p>\n<p><em><span style=\"color: #800000;\">Une situation qui n\u2019est pas pr\u00eate de changer, selon vous\u00a0?<\/span> <\/em><\/p>\n<p>\u201cAu contraire, d\u2019apr\u00e8s les zones qui seront mises en place en Flandre et en Wallonie, ces interventions hors r\u00e9gion bruxelloise augmenteront de 30 %. Et le territoire que nous allons couvrir augmente de 25 %. Il est \u00e9vident que nous intervenons en fonction de l\u2019endroit o\u00f9 sont localis\u00e9es nos casernes et des imp\u00e9ratifs de s\u00e9curit\u00e9.\u201d<\/p>\n<p><em><span style=\"color: #800000;\">Bruxelles va tout de m\u00eame pouvoir p\u00eacher dans les deux autres enveloppes.<\/span> <\/em><\/p>\n<p>\u201cNous verrons ce que cela va donner.\u201d<\/p>\n<p><em><span style=\"color: #800000;\">Que r\u00e9clamez-vous\u00a0? Combien\u00a0?<\/span> <\/em><\/p>\n<p>\u201cJe ne veux pas entrer dans les chiffres. Je veux simplement une intervention \u00e9quitable du f\u00e9d\u00e9ral entre les trois r\u00e9gions, ce qui n\u2019est absolument pas le cas.\u201d<\/p>\n<p><em><span style=\"color: #800000;\">Vos partenaires PS et CDH du gouvernement bruxellois sont \u00e9galement pr\u00e9sents au f\u00e9d\u00e9ral. Ils n\u2019ont pas fait ce qu\u2019il fallait\u00a0? <\/span><\/em><\/p>\n<p>\u201cOn me dit que la Flandre et le MR \u00e9taient contre un meilleur financement des services de secours de Bruxelles. Je constate que nous avons beaucoup de ministres bruxellois au gouvernement f\u00e9d\u00e9ral. Ils sont l\u00e0, qu\u2019ils posent des actes concrets.\u201d<\/p>\n<p><em><span style=\"color: #800000;\">Qu\u2019allez-vous faire\u00a0? <\/span><\/em><\/p>\n<p>\u201cJe vais d\u2019abord exposer la situation \u00e0 mon gouvernement. Et continuer \u00e0 faire pression&#8230;\u201d<\/p>\n","protected":false},"excerpt":{"rendered":"<p>&#8211; Sur les 32 millions d\u00e9bloqu\u00e9s, pas grand-chose pour les hommes du feu bruxellois, estime le secr\u00e9taire d\u2019\u00c9tat en charge du Siamu. &#8211; Pour Christos Doulkeridis, Bruxelles a \u00e9t\u00e9 ignor\u00e9e par le f\u00e9d\u00e9ral lors des discussions budg\u00e9taires. POMPIERS D\u00e9\u00e7u et proprement scandalis\u00e9. C\u2019est l\u2019humeur de la semaine pour Christos Doulkeridis (\u00c9colo), secr\u00e9taire d\u2019\u00c9tat en charge des services incendie bruxellois. Il d\u00e9couvrait hier les d\u00e9tails de l\u2019accord intervenu dimanche au gouvernement f\u00e9d\u00e9ral sur le soutien financier accord\u00e9 aux pompiers du pays.<\/p>\n","protected":false},"author":2,"featured_media":0,"comment_status":"open","ping_status":"open","sticky":false,"template":"","format":"standard","meta":{"_monsterinsights_skip_tracking":false,"_monsterinsights_sitenote_active":false,"_monsterinsights_sitenote_note":"","_monsterinsights_sitenote_category":0,"ngg_post_thumbnail":0,"footnotes":""},"categories":[6,7],"tags":[1013,1015],"class_list":["post-29","post","type-post","status-publish","format-standard","hentry","category-pompiers","category-revue-de-presse","tag-pompiers","tag-siamu"],"yoast_head":"<!-- This site is optimized with the Yoast SEO plugin v27.4 - https:\/\/yoast.com\/product\/yoast-seo-wordpress\/ -->\n<title>Pompiers : Doulkeridis outr\u00e9 par l\u2019accord f\u00e9d\u00e9ral - Christos Doulkeridis<\/title>\n<meta name=\"robots\" content=\"index, follow, max-snippet:-1, max-image-preview:large, max-video-preview:-1\" \/>\n<link rel=\"canonical\" href=\"https:\/\/www.doulkeridis.be\/blog\/2010\/03\/24\/pompiers-doulkeridis-outre-par-l\u2019accord-federal-dh\/\" \/>\n<meta property=\"og:locale\" content=\"fr_FR\" \/>\n<meta property=\"og:type\" content=\"article\" \/>\n<meta property=\"og:title\" content=\"Pompiers : Doulkeridis outr\u00e9 par l\u2019accord f\u00e9d\u00e9ral - Christos Doulkeridis\" \/>\n<meta property=\"og:description\" content=\"&#8211; Sur les 32 millions d\u00e9bloqu\u00e9s, pas grand-chose pour les hommes du feu bruxellois, estime le secr\u00e9taire d\u2019\u00c9tat en charge du Siamu. &#8211; Pour Christos Doulkeridis, Bruxelles a \u00e9t\u00e9 ignor\u00e9e par le f\u00e9d\u00e9ral lors des discussions budg\u00e9taires. POMPIERS D\u00e9\u00e7u et proprement scandalis\u00e9. C\u2019est l\u2019humeur de la semaine pour Christos Doulkeridis (\u00c9colo), secr\u00e9taire d\u2019\u00c9tat en charge des services incendie bruxellois. Il d\u00e9couvrait hier les d\u00e9tails de l\u2019accord intervenu dimanche au gouvernement f\u00e9d\u00e9ral sur le soutien financier accord\u00e9 aux pompiers du pays.\" \/>\n<meta property=\"og:url\" content=\"https:\/\/www.doulkeridis.be\/blog\/2010\/03\/24\/pompiers-doulkeridis-outre-par-l\u2019accord-federal-dh\/\" \/>\n<meta property=\"og:site_name\" content=\"Christos Doulkeridis\" \/>\n<meta property=\"article:publisher\" content=\"https:\/\/www.facebook.com\/doulkeridis\" \/>\n<meta property=\"article:published_time\" content=\"2010-03-24T19:37:18+00:00\" \/>\n<meta property=\"article:modified_time\" content=\"2011-08-10T08:30:07+00:00\" \/>\n<meta property=\"og:image\" content=\"http:\/\/www.doulkeridis.be\/blog\/wp-content\/uploads\/2010\/05\/siamu-dh1.jpg\" \/>\n<meta name=\"author\" content=\"Christos Doulkeridis\" \/>\n<meta name=\"twitter:card\" content=\"summary_large_image\" \/>\n<meta name=\"twitter:label1\" content=\"\u00c9crit par\" \/>\n\t<meta name=\"twitter:data1\" content=\"Christos Doulkeridis\" \/>\n\t<meta name=\"twitter:label2\" content=\"Dur\u00e9e de lecture estim\u00e9e\" \/>\n\t<meta name=\"twitter:data2\" content=\"3 minutes\" \/>\n<script type=\"application\/ld+json\" class=\"yoast-schema-graph\">{\"@context\":\"https:\\\/\\\/schema.org\",\"@graph\":[{\"@type\":\"Article\",\"@id\":\"https:\\\/\\\/www.doulkeridis.be\\\/blog\\\/2010\\\/03\\\/24\\\/pompiers-doulkeridis-outre-par-l%e2%80%99accord-federal-dh\\\/#article\",\"isPartOf\":{\"@id\":\"https:\\\/\\\/www.doulkeridis.be\\\/blog\\\/2010\\\/03\\\/24\\\/pompiers-doulkeridis-outre-par-l%e2%80%99accord-federal-dh\\\/\"},\"author\":{\"name\":\"Christos Doulkeridis\",\"@id\":\"https:\\\/\\\/www.doulkeridis.be\\\/blog\\\/#\\\/schema\\\/person\\\/9f03f3459f0a4ba4db02aabbba098365\"},\"headline\":\"Pompiers : Doulkeridis outr\u00e9 par l\u2019accord f\u00e9d\u00e9ral\",\"datePublished\":\"2010-03-24T19:37:18+00:00\",\"dateModified\":\"2011-08-10T08:30:07+00:00\",\"mainEntityOfPage\":{\"@id\":\"https:\\\/\\\/www.doulkeridis.be\\\/blog\\\/2010\\\/03\\\/24\\\/pompiers-doulkeridis-outre-par-l%e2%80%99accord-federal-dh\\\/\"},\"wordCount\":548,\"commentCount\":0,\"publisher\":{\"@id\":\"https:\\\/\\\/www.doulkeridis.be\\\/blog\\\/#organization\"},\"image\":{\"@id\":\"https:\\\/\\\/www.doulkeridis.be\\\/blog\\\/2010\\\/03\\\/24\\\/pompiers-doulkeridis-outre-par-l%e2%80%99accord-federal-dh\\\/#primaryimage\"},\"thumbnailUrl\":\"http:\\\/\\\/www.doulkeridis.be\\\/blog\\\/wp-content\\\/uploads\\\/2010\\\/05\\\/siamu-dh1.jpg\",\"keywords\":[\"Pompiers\",\"SIAMU\"],\"articleSection\":[\"Pompiers\",\"Presse\"],\"inLanguage\":\"fr-FR\",\"potentialAction\":[{\"@type\":\"CommentAction\",\"name\":\"Comment\",\"target\":[\"https:\\\/\\\/www.doulkeridis.be\\\/blog\\\/2010\\\/03\\\/24\\\/pompiers-doulkeridis-outre-par-l%e2%80%99accord-federal-dh\\\/#respond\"]}]},{\"@type\":\"WebPage\",\"@id\":\"https:\\\/\\\/www.doulkeridis.be\\\/blog\\\/2010\\\/03\\\/24\\\/pompiers-doulkeridis-outre-par-l%e2%80%99accord-federal-dh\\\/\",\"url\":\"https:\\\/\\\/www.doulkeridis.be\\\/blog\\\/2010\\\/03\\\/24\\\/pompiers-doulkeridis-outre-par-l%e2%80%99accord-federal-dh\\\/\",\"name\":\"Pompiers : Doulkeridis outr\u00e9 par l\u2019accord f\u00e9d\u00e9ral - Christos Doulkeridis\",\"isPartOf\":{\"@id\":\"https:\\\/\\\/www.doulkeridis.be\\\/blog\\\/#website\"},\"primaryImageOfPage\":{\"@id\":\"https:\\\/\\\/www.doulkeridis.be\\\/blog\\\/2010\\\/03\\\/24\\\/pompiers-doulkeridis-outre-par-l%e2%80%99accord-federal-dh\\\/#primaryimage\"},\"image\":{\"@id\":\"https:\\\/\\\/www.doulkeridis.be\\\/blog\\\/2010\\\/03\\\/24\\\/pompiers-doulkeridis-outre-par-l%e2%80%99accord-federal-dh\\\/#primaryimage\"},\"thumbnailUrl\":\"http:\\\/\\\/www.doulkeridis.be\\\/blog\\\/wp-content\\\/uploads\\\/2010\\\/05\\\/siamu-dh1.jpg\",\"datePublished\":\"2010-03-24T19:37:18+00:00\",\"dateModified\":\"2011-08-10T08:30:07+00:00\",\"breadcrumb\":{\"@id\":\"https:\\\/\\\/www.doulkeridis.be\\\/blog\\\/2010\\\/03\\\/24\\\/pompiers-doulkeridis-outre-par-l%e2%80%99accord-federal-dh\\\/#breadcrumb\"},\"inLanguage\":\"fr-FR\",\"potentialAction\":[{\"@type\":\"ReadAction\",\"target\":[\"https:\\\/\\\/www.doulkeridis.be\\\/blog\\\/2010\\\/03\\\/24\\\/pompiers-doulkeridis-outre-par-l%e2%80%99accord-federal-dh\\\/\"]}]},{\"@type\":\"ImageObject\",\"inLanguage\":\"fr-FR\",\"@id\":\"https:\\\/\\\/www.doulkeridis.be\\\/blog\\\/2010\\\/03\\\/24\\\/pompiers-doulkeridis-outre-par-l%e2%80%99accord-federal-dh\\\/#primaryimage\",\"url\":\"http:\\\/\\\/www.doulkeridis.be\\\/blog\\\/wp-content\\\/uploads\\\/2010\\\/05\\\/siamu-dh1.jpg\",\"contentUrl\":\"http:\\\/\\\/www.doulkeridis.be\\\/blog\\\/wp-content\\\/uploads\\\/2010\\\/05\\\/siamu-dh1.jpg\"},{\"@type\":\"BreadcrumbList\",\"@id\":\"https:\\\/\\\/www.doulkeridis.be\\\/blog\\\/2010\\\/03\\\/24\\\/pompiers-doulkeridis-outre-par-l%e2%80%99accord-federal-dh\\\/#breadcrumb\",\"itemListElement\":[{\"@type\":\"ListItem\",\"position\":1,\"name\":\"Accueil\",\"item\":\"https:\\\/\\\/www.doulkeridis.be\\\/blog\\\/\"},{\"@type\":\"ListItem\",\"position\":2,\"name\":\"Pompiers : Doulkeridis outr\u00e9 par l\u2019accord f\u00e9d\u00e9ral\"}]},{\"@type\":\"WebSite\",\"@id\":\"https:\\\/\\\/www.doulkeridis.be\\\/blog\\\/#website\",\"url\":\"https:\\\/\\\/www.doulkeridis.be\\\/blog\\\/\",\"name\":\"Christos Doulkeridis\",\"description\":\"Coach | Consultant en solutions, gestion de crise, n\u00e9gociations\",\"publisher\":{\"@id\":\"https:\\\/\\\/www.doulkeridis.be\\\/blog\\\/#organization\"},\"potentialAction\":[{\"@type\":\"SearchAction\",\"target\":{\"@type\":\"EntryPoint\",\"urlTemplate\":\"https:\\\/\\\/www.doulkeridis.be\\\/blog\\\/?s={search_term_string}\"},\"query-input\":{\"@type\":\"PropertyValueSpecification\",\"valueRequired\":true,\"valueName\":\"search_term_string\"}}],\"inLanguage\":\"fr-FR\"},{\"@type\":\"Organization\",\"@id\":\"https:\\\/\\\/www.doulkeridis.be\\\/blog\\\/#organization\",\"name\":\"Ulyse\",\"url\":\"https:\\\/\\\/www.doulkeridis.be\\\/blog\\\/\",\"logo\":{\"@type\":\"ImageObject\",\"inLanguage\":\"fr-FR\",\"@id\":\"https:\\\/\\\/www.doulkeridis.be\\\/blog\\\/#\\\/schema\\\/logo\\\/image\\\/\",\"url\":\"https:\\\/\\\/www.doulkeridis.be\\\/blog\\\/wp-content\\\/uploads\\\/2026\\\/04\\\/2-5.png\",\"contentUrl\":\"https:\\\/\\\/www.doulkeridis.be\\\/blog\\\/wp-content\\\/uploads\\\/2026\\\/04\\\/2-5.png\",\"width\":1024,\"height\":728,\"caption\":\"Ulyse\"},\"image\":{\"@id\":\"https:\\\/\\\/www.doulkeridis.be\\\/blog\\\/#\\\/schema\\\/logo\\\/image\\\/\"},\"sameAs\":[\"https:\\\/\\\/www.facebook.com\\\/doulkeridis\",\"https:\\\/\\\/www.facebook.com\\\/christosdoulkeridis2\"]},{\"@type\":\"Person\",\"@id\":\"https:\\\/\\\/www.doulkeridis.be\\\/blog\\\/#\\\/schema\\\/person\\\/9f03f3459f0a4ba4db02aabbba098365\",\"name\":\"Christos Doulkeridis\",\"image\":{\"@type\":\"ImageObject\",\"inLanguage\":\"fr-FR\",\"@id\":\"https:\\\/\\\/secure.gravatar.com\\\/avatar\\\/71cb6e4369ca0615d93730ef3bc5f54642df4f6bcc59b92763d2ac434abf103e?s=96&d=mm&r=g\",\"url\":\"https:\\\/\\\/secure.gravatar.com\\\/avatar\\\/71cb6e4369ca0615d93730ef3bc5f54642df4f6bcc59b92763d2ac434abf103e?s=96&d=mm&r=g\",\"contentUrl\":\"https:\\\/\\\/secure.gravatar.com\\\/avatar\\\/71cb6e4369ca0615d93730ef3bc5f54642df4f6bcc59b92763d2ac434abf103e?s=96&d=mm&r=g\",\"caption\":\"Christos Doulkeridis\"},\"url\":\"https:\\\/\\\/www.doulkeridis.be\\\/blog\\\/author\\\/christos\\\/\"}]}<\/script>\n<!-- \/ Yoast SEO plugin. -->","yoast_head_json":{"title":"Pompiers : Doulkeridis outr\u00e9 par l\u2019accord f\u00e9d\u00e9ral - Christos Doulkeridis","robots":{"index":"index","follow":"follow","max-snippet":"max-snippet:-1","max-image-preview":"max-image-preview:large","max-video-preview":"max-video-preview:-1"},"canonical":"https:\/\/www.doulkeridis.be\/blog\/2010\/03\/24\/pompiers-doulkeridis-outre-par-l\u2019accord-federal-dh\/","og_locale":"fr_FR","og_type":"article","og_title":"Pompiers : Doulkeridis outr\u00e9 par l\u2019accord f\u00e9d\u00e9ral - Christos Doulkeridis","og_description":"&#8211; Sur les 32 millions d\u00e9bloqu\u00e9s, pas grand-chose pour les hommes du feu bruxellois, estime le secr\u00e9taire d\u2019\u00c9tat en charge du Siamu. &#8211; Pour Christos Doulkeridis, Bruxelles a \u00e9t\u00e9 ignor\u00e9e par le f\u00e9d\u00e9ral lors des discussions budg\u00e9taires. POMPIERS D\u00e9\u00e7u et proprement scandalis\u00e9. C\u2019est l\u2019humeur de la semaine pour Christos Doulkeridis (\u00c9colo), secr\u00e9taire d\u2019\u00c9tat en charge des services incendie bruxellois. Il d\u00e9couvrait hier les d\u00e9tails de l\u2019accord intervenu dimanche au gouvernement f\u00e9d\u00e9ral sur le soutien financier accord\u00e9 aux pompiers du pays.","og_url":"https:\/\/www.doulkeridis.be\/blog\/2010\/03\/24\/pompiers-doulkeridis-outre-par-l\u2019accord-federal-dh\/","og_site_name":"Christos Doulkeridis","article_publisher":"https:\/\/www.facebook.com\/doulkeridis","article_published_time":"2010-03-24T19:37:18+00:00","article_modified_time":"2011-08-10T08:30:07+00:00","og_image":[{"url":"http:\/\/www.doulkeridis.be\/blog\/wp-content\/uploads\/2010\/05\/siamu-dh1.jpg","type":"","width":"","height":""}],"author":"Christos Doulkeridis","twitter_card":"summary_large_image","twitter_misc":{"\u00c9crit par":"Christos Doulkeridis","Dur\u00e9e de lecture estim\u00e9e":"3 minutes"},"schema":{"@context":"https:\/\/schema.org","@graph":[{"@type":"Article","@id":"https:\/\/www.doulkeridis.be\/blog\/2010\/03\/24\/pompiers-doulkeridis-outre-par-l%e2%80%99accord-federal-dh\/#article","isPartOf":{"@id":"https:\/\/www.doulkeridis.be\/blog\/2010\/03\/24\/pompiers-doulkeridis-outre-par-l%e2%80%99accord-federal-dh\/"},"author":{"name":"Christos Doulkeridis","@id":"https:\/\/www.doulkeridis.be\/blog\/#\/schema\/person\/9f03f3459f0a4ba4db02aabbba098365"},"headline":"Pompiers : Doulkeridis outr\u00e9 par l\u2019accord f\u00e9d\u00e9ral","datePublished":"2010-03-24T19:37:18+00:00","dateModified":"2011-08-10T08:30:07+00:00","mainEntityOfPage":{"@id":"https:\/\/www.doulkeridis.be\/blog\/2010\/03\/24\/pompiers-doulkeridis-outre-par-l%e2%80%99accord-federal-dh\/"},"wordCount":548,"commentCount":0,"publisher":{"@id":"https:\/\/www.doulkeridis.be\/blog\/#organization"},"image":{"@id":"https:\/\/www.doulkeridis.be\/blog\/2010\/03\/24\/pompiers-doulkeridis-outre-par-l%e2%80%99accord-federal-dh\/#primaryimage"},"thumbnailUrl":"http:\/\/www.doulkeridis.be\/blog\/wp-content\/uploads\/2010\/05\/siamu-dh1.jpg","keywords":["Pompiers","SIAMU"],"articleSection":["Pompiers","Presse"],"inLanguage":"fr-FR","potentialAction":[{"@type":"CommentAction","name":"Comment","target":["https:\/\/www.doulkeridis.be\/blog\/2010\/03\/24\/pompiers-doulkeridis-outre-par-l%e2%80%99accord-federal-dh\/#respond"]}]},{"@type":"WebPage","@id":"https:\/\/www.doulkeridis.be\/blog\/2010\/03\/24\/pompiers-doulkeridis-outre-par-l%e2%80%99accord-federal-dh\/","url":"https:\/\/www.doulkeridis.be\/blog\/2010\/03\/24\/pompiers-doulkeridis-outre-par-l%e2%80%99accord-federal-dh\/","name":"Pompiers : Doulkeridis outr\u00e9 par l\u2019accord f\u00e9d\u00e9ral - Christos Doulkeridis","isPartOf":{"@id":"https:\/\/www.doulkeridis.be\/blog\/#website"},"primaryImageOfPage":{"@id":"https:\/\/www.doulkeridis.be\/blog\/2010\/03\/24\/pompiers-doulkeridis-outre-par-l%e2%80%99accord-federal-dh\/#primaryimage"},"image":{"@id":"https:\/\/www.doulkeridis.be\/blog\/2010\/03\/24\/pompiers-doulkeridis-outre-par-l%e2%80%99accord-federal-dh\/#primaryimage"},"thumbnailUrl":"http:\/\/www.doulkeridis.be\/blog\/wp-content\/uploads\/2010\/05\/siamu-dh1.jpg","datePublished":"2010-03-24T19:37:18+00:00","dateModified":"2011-08-10T08:30:07+00:00","breadcrumb":{"@id":"https:\/\/www.doulkeridis.be\/blog\/2010\/03\/24\/pompiers-doulkeridis-outre-par-l%e2%80%99accord-federal-dh\/#breadcrumb"},"inLanguage":"fr-FR","potentialAction":[{"@type":"ReadAction","target":["https:\/\/www.doulkeridis.be\/blog\/2010\/03\/24\/pompiers-doulkeridis-outre-par-l%e2%80%99accord-federal-dh\/"]}]},{"@type":"ImageObject","inLanguage":"fr-FR","@id":"https:\/\/www.doulkeridis.be\/blog\/2010\/03\/24\/pompiers-doulkeridis-outre-par-l%e2%80%99accord-federal-dh\/#primaryimage","url":"http:\/\/www.doulkeridis.be\/blog\/wp-content\/uploads\/2010\/05\/siamu-dh1.jpg","contentUrl":"http:\/\/www.doulkeridis.be\/blog\/wp-content\/uploads\/2010\/05\/siamu-dh1.jpg"},{"@type":"BreadcrumbList","@id":"https:\/\/www.doulkeridis.be\/blog\/2010\/03\/24\/pompiers-doulkeridis-outre-par-l%e2%80%99accord-federal-dh\/#breadcrumb","itemListElement":[{"@type":"ListItem","position":1,"name":"Accueil","item":"https:\/\/www.doulkeridis.be\/blog\/"},{"@type":"ListItem","position":2,"name":"Pompiers : Doulkeridis outr\u00e9 par l\u2019accord f\u00e9d\u00e9ral"}]},{"@type":"WebSite","@id":"https:\/\/www.doulkeridis.be\/blog\/#website","url":"https:\/\/www.doulkeridis.be\/blog\/","name":"Christos Doulkeridis","description":"Coach | Consultant en solutions, gestion de crise, n\u00e9gociations","publisher":{"@id":"https:\/\/www.doulkeridis.be\/blog\/#organization"},"potentialAction":[{"@type":"SearchAction","target":{"@type":"EntryPoint","urlTemplate":"https:\/\/www.doulkeridis.be\/blog\/?s={search_term_string}"},"query-input":{"@type":"PropertyValueSpecification","valueRequired":true,"valueName":"search_term_string"}}],"inLanguage":"fr-FR"},{"@type":"Organization","@id":"https:\/\/www.doulkeridis.be\/blog\/#organization","name":"Ulyse","url":"https:\/\/www.doulkeridis.be\/blog\/","logo":{"@type":"ImageObject","inLanguage":"fr-FR","@id":"https:\/\/www.doulkeridis.be\/blog\/#\/schema\/logo\/image\/","url":"https:\/\/www.doulkeridis.be\/blog\/wp-content\/uploads\/2026\/04\/2-5.png","contentUrl":"https:\/\/www.doulkeridis.be\/blog\/wp-content\/uploads\/2026\/04\/2-5.png","width":1024,"height":728,"caption":"Ulyse"},"image":{"@id":"https:\/\/www.doulkeridis.be\/blog\/#\/schema\/logo\/image\/"},"sameAs":["https:\/\/www.facebook.com\/doulkeridis","https:\/\/www.facebook.com\/christosdoulkeridis2"]},{"@type":"Person","@id":"https:\/\/www.doulkeridis.be\/blog\/#\/schema\/person\/9f03f3459f0a4ba4db02aabbba098365","name":"Christos Doulkeridis","image":{"@type":"ImageObject","inLanguage":"fr-FR","@id":"https:\/\/secure.gravatar.com\/avatar\/71cb6e4369ca0615d93730ef3bc5f54642df4f6bcc59b92763d2ac434abf103e?s=96&d=mm&r=g","url":"https:\/\/secure.gravatar.com\/avatar\/71cb6e4369ca0615d93730ef3bc5f54642df4f6bcc59b92763d2ac434abf103e?s=96&d=mm&r=g","contentUrl":"https:\/\/secure.gravatar.com\/avatar\/71cb6e4369ca0615d93730ef3bc5f54642df4f6bcc59b92763d2ac434abf103e?s=96&d=mm&r=g","caption":"Christos Doulkeridis"},"url":"https:\/\/www.doulkeridis.be\/blog\/author\/christos\/"}]}},"_links":{"self":[{"href":"https:\/\/www.doulkeridis.be\/blog\/wp-json\/wp\/v2\/posts\/29","targetHints":{"allow":["GET"]}}],"collection":[{"href":"https:\/\/www.doulkeridis.be\/blog\/wp-json\/wp\/v2\/posts"}],"about":[{"href":"https:\/\/www.doulkeridis.be\/blog\/wp-json\/wp\/v2\/types\/post"}],"author":[{"embeddable":true,"href":"https:\/\/www.doulkeridis.be\/blog\/wp-json\/wp\/v2\/users\/2"}],"replies":[{"embeddable":true,"href":"https:\/\/www.doulkeridis.be\/blog\/wp-json\/wp\/v2\/comments?post=29"}],"version-history":[{"count":4,"href":"https:\/\/www.doulkeridis.be\/blog\/wp-json\/wp\/v2\/posts\/29\/revisions"}],"predecessor-version":[{"id":3794,"href":"https:\/\/www.doulkeridis.be\/blog\/wp-json\/wp\/v2\/posts\/29\/revisions\/3794"}],"wp:attachment":[{"href":"https:\/\/www.doulkeridis.be\/blog\/wp-json\/wp\/v2\/media?parent=29"}],"wp:term":[{"taxonomy":"category","embeddable":true,"href":"https:\/\/www.doulkeridis.be\/blog\/wp-json\/wp\/v2\/categories?post=29"},{"taxonomy":"post_tag","embeddable":true,"href":"https:\/\/www.doulkeridis.be\/blog\/wp-json\/wp\/v2\/tags?post=29"}],"curies":[{"name":"wp","href":"https:\/\/api.w.org\/{rel}","templated":true}]}}