{"id":3866,"date":"2009-08-05T17:45:22","date_gmt":"2009-08-05T15:45:22","guid":{"rendered":"http:\/\/www.doulkeridis.be\/blog\/?p=3866"},"modified":"2011-08-17T12:27:04","modified_gmt":"2011-08-17T10:27:04","slug":"un-tout-nouveau-virage-a-negocier-le-soir","status":"publish","type":"post","link":"https:\/\/www.doulkeridis.be\/blog\/2009\/08\/05\/un-tout-nouveau-virage-a-negocier-le-soir\/","title":{"rendered":"\u00ab\u00a0Un tout nouveau virage \u00e0 n\u00e9gocier\u00a0\u00bb (LE SOIR)"},"content":{"rendered":"<div dir=\"ltr\"><img loading=\"lazy\" decoding=\"async\" class=\"alignleft\" src=\"..\/..\/IMG\/arton581.jpg\" alt=\"http:\/\/www.doulkeridis.be\/IMG\/arton581.jpg\" width=\"265\" height=\"176\" \/><strong>Au cours de cet \u00e9t\u00e9, Le Soir  a dress\u00e9 le portrait des nouveaux ministres dans les diff\u00e9rents  gouvernements r\u00e9gionaux et des pr\u00e9sidents de Parlement. Ce mercredi 4  ao\u00fbt, je cl\u00f4turais la s\u00e9rie de ces 7 portraits. Vous trouverez  ci-dessous l\u2019article \u00e9crit par Patrice Leprince.<br \/>\n<\/strong><\/div>\n<p>Boulevard du R\u00e9gent, au centre de Bruxelles. A l\u2019entr\u00e9e du minist\u00e8re,  les marteaux-piqueurs d\u00e9chirent les oreilles &#8211; ainsi qu\u2019une partie du  hall d\u2019entr\u00e9e. Deux \u00e9tages plus haut, dans le bureau d\u00e9sert\u00e9 par  Fran\u00e7oise Dupuis (PS), Christos Doulkeridis a pris ses quartiers. Loin  du vacarme. \u00ab\u00a0Il para\u00eet qu\u2019on rehausse le rez-de-chauss\u00e9e, inond\u00e9 lors  de chaque \u00ab\u00a0visite\u201d des pompiers.\u00a0\u00bb<\/p>\n<p>\u00c7a tombe bien, le secr\u00e9taire d\u2019Etat bruxellois au  Logement sera aussi en charge du bouillant service d\u2019Incendie et d\u2019Aide  m\u00e9dicale urgente. Sur le feu, un cadre linguistique en rade et un  recours assur\u00e9 pour chaque tentative de nomination. Tensions sociales en  vue. En cas de coup dur, Christos Doulkeridis pourra toujours emprunter  deux ou trois plots de b\u00e9ton \u00e0 l\u2019ambassade am\u00e9ricaine voisine&#8230;<\/p>\n<p>\u00ab\u00a0J\u2019esp\u00e8re que je serai arros\u00e9 moins vite que mes  pr\u00e9d\u00e9cesseurs, sourit-il. Pompier, c\u2019est la s\u00e9curit\u00e9, la vie, un m\u00e9tier  qui figure parmi les plus appr\u00e9ci\u00e9s des Belges, et pas seulement \u00e0 cause  du fantasme de l\u2019uniforme. Nos pompiers sont tr\u00e8s efficaces.  Malheureusement, nous sommes victimes de la place de Bruxelles, qui ne  poss\u00e8de aucune autonomie constitutive dans l\u2019Etat f\u00e9d\u00e9ral. Alors,  concernant le cadre linguistique, on a toujours jou\u00e9 au ping-pong dans  une partie que je d\u00e9crirais comme loose-loose. Aujourd\u2019hui, il faut  avancer, sortir de cette logique pour adopter des r\u00e8gles cr\u00e9dibles. Par  la discussion.\u00a0\u00bb<\/p>\n<p>N\u00e9gocier, nous voil\u00e0 au c\u0153ur du sujet. De l\u2019avis de  nombreux observateurs ou acteurs des derni\u00e8res tractations  gouvernementales, Christos Doulkeridis s\u2019est montr\u00e9 plus qu\u2019habile dans  l\u2019art de convaincre. Ce qui ne semble pas vraiment surprendre  l\u2019int\u00e9ress\u00e9.<\/p>\n<p>\u00ab\u00a0La n\u00e9gociation, j\u2019adore \u00e7a, c\u2019est peut-\u00eatre ce que je  fais de mieux, c\u2019est mon truc. Je dirais, au risque d\u2019en \u00e9nerver  certains, qu\u2019il y a tout \u00e0 fait moyen de n\u00e9gocier de mani\u00e8re durable.  L\u2019erreur serait en tout cas de r\u00e9sumer les n\u00e9gociations \u00e0 un bras de fer  en oubliant qu\u2019on est tous l\u00e0 pour trouver des solutions. Et \u00e7a ne peut  passer que par le respect des autres, m\u00eame si les points de vue de  d\u00e9part sont diam\u00e9tralement oppos\u00e9s.\u00a0\u00bb<\/p>\n<p>Et l\u2019\u00e9lu vert de rappeler le slogan comme celui d\u2019Ecolo  consacr\u00e9 \u00e0 la contagion culturelle. \u00ab\u00a0Je suis convaincu que si on adopte  un comportement positif envers les autres, ceux-ci sont enclins \u00e0 faire  de m\u00eame. Cela n\u2019a rien de biblique, hein, c\u2019est juste de la  psychologie.\u00a0\u00bb<\/p>\n<p>Certaines mauvaises langues lui reprochent toutefois un  caract\u00e8re plut\u00f4t d\u00e9cid\u00e9. \u00ab\u00a0Qui dit \u00e7a\u00a0?\u00a0\u00bb, s\u2019agace-t-il un tout petit  poil avant de pr\u00e9ciser\u00a0: \u00ab\u00a0Je suis, certainement, quelqu\u2019un  d\u2019authentique. Ce que je fais, je le fais vraiment. J\u2019ai du caract\u00e8re.  Pas un mauvais caract\u00e8re.\u00a0\u00bb Sourire. \u00ab\u00a0Il est vrai que si je me f\u00e2che,  on ne l\u2019oublie pas. Mais fondamentalement je n\u2019aime pas du tout \u00e7a.\u00a0\u00bb<\/p>\n<p>Du caract\u00e8re, il en faudra pour relever le d\u00e9fi du  logement \u00e0 Bruxelles, la premi\u00e8re de ses comp\u00e9tences. \u00ab\u00a0Parce qu\u2019elle  concerne des familles en difficult\u00e9 sociale qui attendent un toit, mais  concerne aussi des revenus moyens et des jeunes m\u00e9nages qui sont  aujourd\u2019hui contraints de quitter Bruxelles avec l\u2019impact que l\u2019on  conna\u00eet sur la fiscalit\u00e9 r\u00e9gionale.\u00a0\u00bb<\/p>\n<p>Ag\u00e9 de 41 ans, d\u00e9put\u00e9 depuis 1999, celui qui fut aussi  pr\u00e9sident du Parlement bruxellois francophone a r\u00e9colt\u00e9 un peu plus de  4.800 voix lors des derni\u00e8res r\u00e9gionales. Pas mal m\u00eame s\u2019il reste loin  derri\u00e8re sa t\u00eate de liste Evelyne Huytebroeck (plus de 13.000 voix). Un  strapontin minist\u00e9riel qui pourrait ainsi donner un coup de fouet \u00e0 sa  visibilit\u00e9. Doper sa cote de popularit\u00e9. \u00ab\u00a0Je continue \u00e0 faire mes  courses moi-m\u00eame, et c\u2019est tr\u00e8s bien comme \u00e7a. Vous savez, quand j\u2019ai  \u00e9t\u00e9 \u00e9lu, mes parents n\u2019ont pas fait la f\u00eate au village. Ma m\u00e8re m\u2019a  juste demand\u00e9 comment allait ma sant\u00e9 et si je n\u2019avais pas grossi. Je ne  suis sans doute pas superconnu, mais j\u2019ai r\u00e9guli\u00e8rement droit \u00e0 de  petits signes comme cet homme que j\u2019ai crois\u00e9 l\u2019autre jour et qui s\u2019est  retourn\u00e9 vers moi en disant\u00a0: \u00ab\u00a0Vous ne pratiquez pas la langue de bois,  vous. C\u2019est bien, continuez comme \u00e7a.\u201d C\u2019est comme un cadeau.\u00a0\u00bb<\/p>\n<p><strong>Entre mer Eg\u00e9e et mer du Nord<\/strong><\/p>\n<p>J\u2019ai la chance d\u2019avoir un entourage qui m\u2019emp\u00eache de  prendre la grosse t\u00eate. Ils sont parfois limite rabat-joie, mais c\u2019est  tr\u00e8s bien comme \u00e7a.\u00a0\u00bb Les pieds sur terre donc pour celui qui est n\u00e9 en  Belgique d\u2019un p\u00e8re et d\u2019une m\u00e8re grecs contraints \u00e0 l\u2019exil.<\/p>\n<p>\u00ab\u00a0Apr\u00e8s le drame de Marcinelle, l\u2019Italie a refus\u00e9  d\u2019envoyer ses ressortissants (Le 8 ao\u00fbt 1956, 262 mineurs ont perdu la  vie au Bois du Cazier), il a fallu trouver d\u2019autres sources  d\u2019immigration. Parmi elles\u00a0: la Gr\u00e8ce.\u00a0\u00bb Direction\u00a0: le Limbourg pour  Charalambos Doulkeridis. Qui travaillera ensuite dans la construction  avant de devenir taximan, \u00e9picier puis vendeur sur les march\u00e9s. \u00ab\u00a0Ma  m\u00e8re, elle s\u2019est retrouv\u00e9e dans une usine de caoutchouc, du c\u00f4t\u00e9 de  Machelen, avant de faire de la couture son m\u00e9tier.\u00a0\u00bb<\/p>\n<p>Aujourd\u2019hui, le fiston a plut\u00f4t bien r\u00e9ussi. A l\u2019heure  d\u2019endosser son costume de secr\u00e9taire d\u2019Etat, cet autodidacte (il a  arr\u00eat\u00e9 ses \u00e9tudes apr\u00e8s avoir d\u00e9marr\u00e9 une deuxi\u00e8me candi en droit)  n\u2019oublie toutefois pas d\u2019o\u00f9 il vient. \u00ab\u00a0J\u2019ai toujours en moi cette image  de gens qui d\u00e9barquent dans un pays dont ils ne connaissent pas la  langue, qui doivent se d\u00e9brouiller pour gagner de l\u2019argent, trouver un  toit pour fonder une famille et offrir une \u00e9ducation \u00e0 leurs enfants.  Mes parents ont fait de leur mieux avec une pression terrible. Je ne les  ai jamais vus aller au cin\u00e9 ou au resto. Ils ont travaill\u00e9 sans  rel\u00e2che, et sans jamais faire de leur nez. \u00c7a, c\u2019est admirable, bien  plus que mon parcours personnel, puisque moi j\u2019ai notamment eu la chance  d\u2019aller \u00e0 l\u2019\u00e9cole.\u00a0\u00bb<\/p>\n<p>Son chemin a lui, Christos Doulkeridis l\u2019a toujours  suivi en Belgique. Mais la Gr\u00e8ce dont il ma\u00eetrise parfaitement la langue  n\u2019est jamais bien loin. \u00ab\u00a0C\u2019est pour moi un endroit d\u2019\u00e9motion, comme  une terre enfouie en moi. Lorsque j\u2019y retourne, j\u2019\u00e9prouve un sentiment  positif, un peu comme quand je rencontre un Belge \u00e0 l\u2019\u00e9tranger.\u00a0\u00bb<\/p>\n<p>C\u2019est d\u2019ailleurs sous le soleil grec que l\u2019int\u00e9ress\u00e9  vient de partir se reposer. \u00ab\u00a0Chez mes parents, \u00e0 Rhodes, mais avec mes  dossiers et au bout de ma connexion internet\u00a0!\u00a0\u00bb<\/p>\n","protected":false},"excerpt":{"rendered":"<p>Au cours de cet \u00e9t\u00e9, Le Soir a dress\u00e9 le portrait des nouveaux ministres dans les diff\u00e9rents gouvernements r\u00e9gionaux et des pr\u00e9sidents de Parlement. Ce mercredi 4 ao\u00fbt, je cl\u00f4turais la s\u00e9rie de ces 7 portraits. Vous trouverez ci-dessous l\u2019article \u00e9crit par Patrice Leprince. Boulevard du R\u00e9gent, au centre de Bruxelles. A l\u2019entr\u00e9e du minist\u00e8re, les marteaux-piqueurs d\u00e9chirent les oreilles &#8211; ainsi qu\u2019une partie du hall d\u2019entr\u00e9e. Deux \u00e9tages plus haut, dans le bureau d\u00e9sert\u00e9 par Fran\u00e7oise Dupuis (PS), Christos Doulkeridis a pris ses quartiers. Loin du vacarme. \u00ab\u00a0Il para\u00eet qu\u2019on rehausse le rez-de-chauss\u00e9e, inond\u00e9 lors de chaque \u00ab\u00a0visite\u201d des pompiers.\u00a0\u00bb \u00c7a tombe bien, le secr\u00e9taire d\u2019Etat bruxellois au Logement sera aussi en charge du bouillant service d\u2019Incendie et d\u2019Aide m\u00e9dicale urgente. Sur le feu, un cadre linguistique en rade et un recours assur\u00e9 pour chaque tentative de nomination. Tensions sociales en vue. En cas de coup dur, Christos Doulkeridis pourra toujours emprunter deux ou trois plots de b\u00e9ton \u00e0 l\u2019ambassade am\u00e9ricaine voisine&#8230; \u00ab\u00a0J\u2019esp\u00e8re que je serai arros\u00e9 moins vite que mes pr\u00e9d\u00e9cesseurs, sourit-il. Pompier, c\u2019est la s\u00e9curit\u00e9, la vie, un m\u00e9tier qui figure parmi les plus appr\u00e9ci\u00e9s des Belges, et pas seulement \u00e0 cause du fantasme de l\u2019uniforme. Nos [&hellip;]<\/p>\n","protected":false},"author":2,"featured_media":0,"comment_status":"open","ping_status":"open","sticky":false,"template":"","format":"standard","meta":{"_monsterinsights_skip_tracking":false,"_monsterinsights_sitenote_active":false,"_monsterinsights_sitenote_note":"","_monsterinsights_sitenote_category":0,"ngg_post_thumbnail":0,"footnotes":""},"categories":[303,7],"tags":[100,202,58],"class_list":["post-3866","post","type-post","status-publish","format-standard","hentry","category-mes_projets","category-revue-de-presse","tag-cadre-linguistique","tag-interview","tag-le-soir"],"yoast_head":"<!-- This site is optimized with the Yoast SEO plugin v27.4 - https:\/\/yoast.com\/product\/yoast-seo-wordpress\/ -->\n<title>&quot;Un tout nouveau virage \u00e0 n\u00e9gocier&quot; (LE SOIR) - Christos Doulkeridis<\/title>\n<meta name=\"robots\" content=\"index, follow, max-snippet:-1, max-image-preview:large, max-video-preview:-1\" \/>\n<link rel=\"canonical\" href=\"https:\/\/www.doulkeridis.be\/blog\/2009\/08\/05\/un-tout-nouveau-virage-a-negocier-le-soir\/\" \/>\n<meta property=\"og:locale\" content=\"fr_FR\" \/>\n<meta property=\"og:type\" content=\"article\" \/>\n<meta property=\"og:title\" content=\"&quot;Un tout nouveau virage \u00e0 n\u00e9gocier&quot; (LE SOIR) - Christos Doulkeridis\" \/>\n<meta property=\"og:description\" content=\"Au cours de cet \u00e9t\u00e9, Le Soir a dress\u00e9 le portrait des nouveaux ministres dans les diff\u00e9rents gouvernements r\u00e9gionaux et des pr\u00e9sidents de Parlement. Ce mercredi 4 ao\u00fbt, je cl\u00f4turais la s\u00e9rie de ces 7 portraits. Vous trouverez ci-dessous l\u2019article \u00e9crit par Patrice Leprince. Boulevard du R\u00e9gent, au centre de Bruxelles. A l\u2019entr\u00e9e du minist\u00e8re, les marteaux-piqueurs d\u00e9chirent les oreilles &#8211; ainsi qu\u2019une partie du hall d\u2019entr\u00e9e. Deux \u00e9tages plus haut, dans le bureau d\u00e9sert\u00e9 par Fran\u00e7oise Dupuis (PS), Christos Doulkeridis a pris ses quartiers. Loin du vacarme. \u00ab\u00a0Il para\u00eet qu\u2019on rehausse le rez-de-chauss\u00e9e, inond\u00e9 lors de chaque \u00ab\u00a0visite\u201d des pompiers.\u00a0\u00bb \u00c7a tombe bien, le secr\u00e9taire d\u2019Etat bruxellois au Logement sera aussi en charge du bouillant service d\u2019Incendie et d\u2019Aide m\u00e9dicale urgente. Sur le feu, un cadre linguistique en rade et un recours assur\u00e9 pour chaque tentative de nomination. Tensions sociales en vue. En cas de coup dur, Christos Doulkeridis pourra toujours emprunter deux ou trois plots de b\u00e9ton \u00e0 l\u2019ambassade am\u00e9ricaine voisine&#8230; \u00ab\u00a0J\u2019esp\u00e8re que je serai arros\u00e9 moins vite que mes pr\u00e9d\u00e9cesseurs, sourit-il. Pompier, c\u2019est la s\u00e9curit\u00e9, la vie, un m\u00e9tier qui figure parmi les plus appr\u00e9ci\u00e9s des Belges, et pas seulement \u00e0 cause du fantasme de l\u2019uniforme. Nos [&hellip;]\" \/>\n<meta property=\"og:url\" content=\"https:\/\/www.doulkeridis.be\/blog\/2009\/08\/05\/un-tout-nouveau-virage-a-negocier-le-soir\/\" \/>\n<meta property=\"og:site_name\" content=\"Christos Doulkeridis\" \/>\n<meta property=\"article:publisher\" content=\"https:\/\/www.facebook.com\/doulkeridis\" \/>\n<meta property=\"article:published_time\" content=\"2009-08-05T15:45:22+00:00\" \/>\n<meta property=\"article:modified_time\" content=\"2011-08-17T10:27:04+00:00\" \/>\n<meta name=\"author\" content=\"Christos Doulkeridis\" \/>\n<meta name=\"twitter:card\" content=\"summary_large_image\" \/>\n<meta name=\"twitter:label1\" content=\"\u00c9crit par\" \/>\n\t<meta name=\"twitter:data1\" content=\"Christos Doulkeridis\" \/>\n\t<meta name=\"twitter:label2\" content=\"Dur\u00e9e de lecture estim\u00e9e\" \/>\n\t<meta name=\"twitter:data2\" content=\"6 minutes\" \/>\n<script type=\"application\/ld+json\" class=\"yoast-schema-graph\">{\"@context\":\"https:\\\/\\\/schema.org\",\"@graph\":[{\"@type\":\"Article\",\"@id\":\"https:\\\/\\\/www.doulkeridis.be\\\/blog\\\/2009\\\/08\\\/05\\\/un-tout-nouveau-virage-a-negocier-le-soir\\\/#article\",\"isPartOf\":{\"@id\":\"https:\\\/\\\/www.doulkeridis.be\\\/blog\\\/2009\\\/08\\\/05\\\/un-tout-nouveau-virage-a-negocier-le-soir\\\/\"},\"author\":{\"name\":\"Christos Doulkeridis\",\"@id\":\"https:\\\/\\\/www.doulkeridis.be\\\/blog\\\/#\\\/schema\\\/person\\\/9f03f3459f0a4ba4db02aabbba098365\"},\"headline\":\"\u00ab\u00a0Un tout nouveau virage \u00e0 n\u00e9gocier\u00a0\u00bb (LE SOIR)\",\"datePublished\":\"2009-08-05T15:45:22+00:00\",\"dateModified\":\"2011-08-17T10:27:04+00:00\",\"mainEntityOfPage\":{\"@id\":\"https:\\\/\\\/www.doulkeridis.be\\\/blog\\\/2009\\\/08\\\/05\\\/un-tout-nouveau-virage-a-negocier-le-soir\\\/\"},\"wordCount\":1213,\"commentCount\":0,\"publisher\":{\"@id\":\"https:\\\/\\\/www.doulkeridis.be\\\/blog\\\/#organization\"},\"keywords\":[\"cadre linguistique\",\"interview\",\"Le Soir\"],\"articleSection\":[\"Mes projets\",\"Presse\"],\"inLanguage\":\"fr-FR\",\"potentialAction\":[{\"@type\":\"CommentAction\",\"name\":\"Comment\",\"target\":[\"https:\\\/\\\/www.doulkeridis.be\\\/blog\\\/2009\\\/08\\\/05\\\/un-tout-nouveau-virage-a-negocier-le-soir\\\/#respond\"]}]},{\"@type\":\"WebPage\",\"@id\":\"https:\\\/\\\/www.doulkeridis.be\\\/blog\\\/2009\\\/08\\\/05\\\/un-tout-nouveau-virage-a-negocier-le-soir\\\/\",\"url\":\"https:\\\/\\\/www.doulkeridis.be\\\/blog\\\/2009\\\/08\\\/05\\\/un-tout-nouveau-virage-a-negocier-le-soir\\\/\",\"name\":\"\\\"Un tout nouveau virage \u00e0 n\u00e9gocier\\\" (LE SOIR) - Christos Doulkeridis\",\"isPartOf\":{\"@id\":\"https:\\\/\\\/www.doulkeridis.be\\\/blog\\\/#website\"},\"datePublished\":\"2009-08-05T15:45:22+00:00\",\"dateModified\":\"2011-08-17T10:27:04+00:00\",\"breadcrumb\":{\"@id\":\"https:\\\/\\\/www.doulkeridis.be\\\/blog\\\/2009\\\/08\\\/05\\\/un-tout-nouveau-virage-a-negocier-le-soir\\\/#breadcrumb\"},\"inLanguage\":\"fr-FR\",\"potentialAction\":[{\"@type\":\"ReadAction\",\"target\":[\"https:\\\/\\\/www.doulkeridis.be\\\/blog\\\/2009\\\/08\\\/05\\\/un-tout-nouveau-virage-a-negocier-le-soir\\\/\"]}]},{\"@type\":\"BreadcrumbList\",\"@id\":\"https:\\\/\\\/www.doulkeridis.be\\\/blog\\\/2009\\\/08\\\/05\\\/un-tout-nouveau-virage-a-negocier-le-soir\\\/#breadcrumb\",\"itemListElement\":[{\"@type\":\"ListItem\",\"position\":1,\"name\":\"Accueil\",\"item\":\"https:\\\/\\\/www.doulkeridis.be\\\/blog\\\/\"},{\"@type\":\"ListItem\",\"position\":2,\"name\":\"\u00ab\u00a0Un tout nouveau virage \u00e0 n\u00e9gocier\u00a0\u00bb (LE SOIR)\"}]},{\"@type\":\"WebSite\",\"@id\":\"https:\\\/\\\/www.doulkeridis.be\\\/blog\\\/#website\",\"url\":\"https:\\\/\\\/www.doulkeridis.be\\\/blog\\\/\",\"name\":\"Christos Doulkeridis\",\"description\":\"Coach | Consultant en solutions, gestion de crise, n\u00e9gociations\",\"publisher\":{\"@id\":\"https:\\\/\\\/www.doulkeridis.be\\\/blog\\\/#organization\"},\"potentialAction\":[{\"@type\":\"SearchAction\",\"target\":{\"@type\":\"EntryPoint\",\"urlTemplate\":\"https:\\\/\\\/www.doulkeridis.be\\\/blog\\\/?s={search_term_string}\"},\"query-input\":{\"@type\":\"PropertyValueSpecification\",\"valueRequired\":true,\"valueName\":\"search_term_string\"}}],\"inLanguage\":\"fr-FR\"},{\"@type\":\"Organization\",\"@id\":\"https:\\\/\\\/www.doulkeridis.be\\\/blog\\\/#organization\",\"name\":\"Ulyse\",\"url\":\"https:\\\/\\\/www.doulkeridis.be\\\/blog\\\/\",\"logo\":{\"@type\":\"ImageObject\",\"inLanguage\":\"fr-FR\",\"@id\":\"https:\\\/\\\/www.doulkeridis.be\\\/blog\\\/#\\\/schema\\\/logo\\\/image\\\/\",\"url\":\"https:\\\/\\\/www.doulkeridis.be\\\/blog\\\/wp-content\\\/uploads\\\/2026\\\/04\\\/2-5.png\",\"contentUrl\":\"https:\\\/\\\/www.doulkeridis.be\\\/blog\\\/wp-content\\\/uploads\\\/2026\\\/04\\\/2-5.png\",\"width\":1024,\"height\":728,\"caption\":\"Ulyse\"},\"image\":{\"@id\":\"https:\\\/\\\/www.doulkeridis.be\\\/blog\\\/#\\\/schema\\\/logo\\\/image\\\/\"},\"sameAs\":[\"https:\\\/\\\/www.facebook.com\\\/doulkeridis\",\"https:\\\/\\\/www.facebook.com\\\/christosdoulkeridis2\"]},{\"@type\":\"Person\",\"@id\":\"https:\\\/\\\/www.doulkeridis.be\\\/blog\\\/#\\\/schema\\\/person\\\/9f03f3459f0a4ba4db02aabbba098365\",\"name\":\"Christos Doulkeridis\",\"image\":{\"@type\":\"ImageObject\",\"inLanguage\":\"fr-FR\",\"@id\":\"https:\\\/\\\/secure.gravatar.com\\\/avatar\\\/71cb6e4369ca0615d93730ef3bc5f54642df4f6bcc59b92763d2ac434abf103e?s=96&d=mm&r=g\",\"url\":\"https:\\\/\\\/secure.gravatar.com\\\/avatar\\\/71cb6e4369ca0615d93730ef3bc5f54642df4f6bcc59b92763d2ac434abf103e?s=96&d=mm&r=g\",\"contentUrl\":\"https:\\\/\\\/secure.gravatar.com\\\/avatar\\\/71cb6e4369ca0615d93730ef3bc5f54642df4f6bcc59b92763d2ac434abf103e?s=96&d=mm&r=g\",\"caption\":\"Christos Doulkeridis\"},\"url\":\"https:\\\/\\\/www.doulkeridis.be\\\/blog\\\/author\\\/christos\\\/\"}]}<\/script>\n<!-- \/ Yoast SEO plugin. -->","yoast_head_json":{"title":"\"Un tout nouveau virage \u00e0 n\u00e9gocier\" (LE SOIR) - Christos Doulkeridis","robots":{"index":"index","follow":"follow","max-snippet":"max-snippet:-1","max-image-preview":"max-image-preview:large","max-video-preview":"max-video-preview:-1"},"canonical":"https:\/\/www.doulkeridis.be\/blog\/2009\/08\/05\/un-tout-nouveau-virage-a-negocier-le-soir\/","og_locale":"fr_FR","og_type":"article","og_title":"\"Un tout nouveau virage \u00e0 n\u00e9gocier\" (LE SOIR) - Christos Doulkeridis","og_description":"Au cours de cet \u00e9t\u00e9, Le Soir a dress\u00e9 le portrait des nouveaux ministres dans les diff\u00e9rents gouvernements r\u00e9gionaux et des pr\u00e9sidents de Parlement. Ce mercredi 4 ao\u00fbt, je cl\u00f4turais la s\u00e9rie de ces 7 portraits. Vous trouverez ci-dessous l\u2019article \u00e9crit par Patrice Leprince. Boulevard du R\u00e9gent, au centre de Bruxelles. A l\u2019entr\u00e9e du minist\u00e8re, les marteaux-piqueurs d\u00e9chirent les oreilles &#8211; ainsi qu\u2019une partie du hall d\u2019entr\u00e9e. Deux \u00e9tages plus haut, dans le bureau d\u00e9sert\u00e9 par Fran\u00e7oise Dupuis (PS), Christos Doulkeridis a pris ses quartiers. Loin du vacarme. \u00ab\u00a0Il para\u00eet qu\u2019on rehausse le rez-de-chauss\u00e9e, inond\u00e9 lors de chaque \u00ab\u00a0visite\u201d des pompiers.\u00a0\u00bb \u00c7a tombe bien, le secr\u00e9taire d\u2019Etat bruxellois au Logement sera aussi en charge du bouillant service d\u2019Incendie et d\u2019Aide m\u00e9dicale urgente. Sur le feu, un cadre linguistique en rade et un recours assur\u00e9 pour chaque tentative de nomination. Tensions sociales en vue. En cas de coup dur, Christos Doulkeridis pourra toujours emprunter deux ou trois plots de b\u00e9ton \u00e0 l\u2019ambassade am\u00e9ricaine voisine&#8230; \u00ab\u00a0J\u2019esp\u00e8re que je serai arros\u00e9 moins vite que mes pr\u00e9d\u00e9cesseurs, sourit-il. Pompier, c\u2019est la s\u00e9curit\u00e9, la vie, un m\u00e9tier qui figure parmi les plus appr\u00e9ci\u00e9s des Belges, et pas seulement \u00e0 cause du fantasme de l\u2019uniforme. Nos [&hellip;]","og_url":"https:\/\/www.doulkeridis.be\/blog\/2009\/08\/05\/un-tout-nouveau-virage-a-negocier-le-soir\/","og_site_name":"Christos Doulkeridis","article_publisher":"https:\/\/www.facebook.com\/doulkeridis","article_published_time":"2009-08-05T15:45:22+00:00","article_modified_time":"2011-08-17T10:27:04+00:00","author":"Christos Doulkeridis","twitter_card":"summary_large_image","twitter_misc":{"\u00c9crit par":"Christos Doulkeridis","Dur\u00e9e de lecture estim\u00e9e":"6 minutes"},"schema":{"@context":"https:\/\/schema.org","@graph":[{"@type":"Article","@id":"https:\/\/www.doulkeridis.be\/blog\/2009\/08\/05\/un-tout-nouveau-virage-a-negocier-le-soir\/#article","isPartOf":{"@id":"https:\/\/www.doulkeridis.be\/blog\/2009\/08\/05\/un-tout-nouveau-virage-a-negocier-le-soir\/"},"author":{"name":"Christos Doulkeridis","@id":"https:\/\/www.doulkeridis.be\/blog\/#\/schema\/person\/9f03f3459f0a4ba4db02aabbba098365"},"headline":"\u00ab\u00a0Un tout nouveau virage \u00e0 n\u00e9gocier\u00a0\u00bb (LE SOIR)","datePublished":"2009-08-05T15:45:22+00:00","dateModified":"2011-08-17T10:27:04+00:00","mainEntityOfPage":{"@id":"https:\/\/www.doulkeridis.be\/blog\/2009\/08\/05\/un-tout-nouveau-virage-a-negocier-le-soir\/"},"wordCount":1213,"commentCount":0,"publisher":{"@id":"https:\/\/www.doulkeridis.be\/blog\/#organization"},"keywords":["cadre linguistique","interview","Le Soir"],"articleSection":["Mes projets","Presse"],"inLanguage":"fr-FR","potentialAction":[{"@type":"CommentAction","name":"Comment","target":["https:\/\/www.doulkeridis.be\/blog\/2009\/08\/05\/un-tout-nouveau-virage-a-negocier-le-soir\/#respond"]}]},{"@type":"WebPage","@id":"https:\/\/www.doulkeridis.be\/blog\/2009\/08\/05\/un-tout-nouveau-virage-a-negocier-le-soir\/","url":"https:\/\/www.doulkeridis.be\/blog\/2009\/08\/05\/un-tout-nouveau-virage-a-negocier-le-soir\/","name":"\"Un tout nouveau virage \u00e0 n\u00e9gocier\" (LE SOIR) - Christos Doulkeridis","isPartOf":{"@id":"https:\/\/www.doulkeridis.be\/blog\/#website"},"datePublished":"2009-08-05T15:45:22+00:00","dateModified":"2011-08-17T10:27:04+00:00","breadcrumb":{"@id":"https:\/\/www.doulkeridis.be\/blog\/2009\/08\/05\/un-tout-nouveau-virage-a-negocier-le-soir\/#breadcrumb"},"inLanguage":"fr-FR","potentialAction":[{"@type":"ReadAction","target":["https:\/\/www.doulkeridis.be\/blog\/2009\/08\/05\/un-tout-nouveau-virage-a-negocier-le-soir\/"]}]},{"@type":"BreadcrumbList","@id":"https:\/\/www.doulkeridis.be\/blog\/2009\/08\/05\/un-tout-nouveau-virage-a-negocier-le-soir\/#breadcrumb","itemListElement":[{"@type":"ListItem","position":1,"name":"Accueil","item":"https:\/\/www.doulkeridis.be\/blog\/"},{"@type":"ListItem","position":2,"name":"\u00ab\u00a0Un tout nouveau virage \u00e0 n\u00e9gocier\u00a0\u00bb (LE SOIR)"}]},{"@type":"WebSite","@id":"https:\/\/www.doulkeridis.be\/blog\/#website","url":"https:\/\/www.doulkeridis.be\/blog\/","name":"Christos Doulkeridis","description":"Coach | Consultant en solutions, gestion de crise, n\u00e9gociations","publisher":{"@id":"https:\/\/www.doulkeridis.be\/blog\/#organization"},"potentialAction":[{"@type":"SearchAction","target":{"@type":"EntryPoint","urlTemplate":"https:\/\/www.doulkeridis.be\/blog\/?s={search_term_string}"},"query-input":{"@type":"PropertyValueSpecification","valueRequired":true,"valueName":"search_term_string"}}],"inLanguage":"fr-FR"},{"@type":"Organization","@id":"https:\/\/www.doulkeridis.be\/blog\/#organization","name":"Ulyse","url":"https:\/\/www.doulkeridis.be\/blog\/","logo":{"@type":"ImageObject","inLanguage":"fr-FR","@id":"https:\/\/www.doulkeridis.be\/blog\/#\/schema\/logo\/image\/","url":"https:\/\/www.doulkeridis.be\/blog\/wp-content\/uploads\/2026\/04\/2-5.png","contentUrl":"https:\/\/www.doulkeridis.be\/blog\/wp-content\/uploads\/2026\/04\/2-5.png","width":1024,"height":728,"caption":"Ulyse"},"image":{"@id":"https:\/\/www.doulkeridis.be\/blog\/#\/schema\/logo\/image\/"},"sameAs":["https:\/\/www.facebook.com\/doulkeridis","https:\/\/www.facebook.com\/christosdoulkeridis2"]},{"@type":"Person","@id":"https:\/\/www.doulkeridis.be\/blog\/#\/schema\/person\/9f03f3459f0a4ba4db02aabbba098365","name":"Christos Doulkeridis","image":{"@type":"ImageObject","inLanguage":"fr-FR","@id":"https:\/\/secure.gravatar.com\/avatar\/71cb6e4369ca0615d93730ef3bc5f54642df4f6bcc59b92763d2ac434abf103e?s=96&d=mm&r=g","url":"https:\/\/secure.gravatar.com\/avatar\/71cb6e4369ca0615d93730ef3bc5f54642df4f6bcc59b92763d2ac434abf103e?s=96&d=mm&r=g","contentUrl":"https:\/\/secure.gravatar.com\/avatar\/71cb6e4369ca0615d93730ef3bc5f54642df4f6bcc59b92763d2ac434abf103e?s=96&d=mm&r=g","caption":"Christos Doulkeridis"},"url":"https:\/\/www.doulkeridis.be\/blog\/author\/christos\/"}]}},"_links":{"self":[{"href":"https:\/\/www.doulkeridis.be\/blog\/wp-json\/wp\/v2\/posts\/3866","targetHints":{"allow":["GET"]}}],"collection":[{"href":"https:\/\/www.doulkeridis.be\/blog\/wp-json\/wp\/v2\/posts"}],"about":[{"href":"https:\/\/www.doulkeridis.be\/blog\/wp-json\/wp\/v2\/types\/post"}],"author":[{"embeddable":true,"href":"https:\/\/www.doulkeridis.be\/blog\/wp-json\/wp\/v2\/users\/2"}],"replies":[{"embeddable":true,"href":"https:\/\/www.doulkeridis.be\/blog\/wp-json\/wp\/v2\/comments?post=3866"}],"version-history":[{"count":3,"href":"https:\/\/www.doulkeridis.be\/blog\/wp-json\/wp\/v2\/posts\/3866\/revisions"}],"predecessor-version":[{"id":4185,"href":"https:\/\/www.doulkeridis.be\/blog\/wp-json\/wp\/v2\/posts\/3866\/revisions\/4185"}],"wp:attachment":[{"href":"https:\/\/www.doulkeridis.be\/blog\/wp-json\/wp\/v2\/media?parent=3866"}],"wp:term":[{"taxonomy":"category","embeddable":true,"href":"https:\/\/www.doulkeridis.be\/blog\/wp-json\/wp\/v2\/categories?post=3866"},{"taxonomy":"post_tag","embeddable":true,"href":"https:\/\/www.doulkeridis.be\/blog\/wp-json\/wp\/v2\/tags?post=3866"}],"curies":[{"name":"wp","href":"https:\/\/api.w.org\/{rel}","templated":true}]}}