{"id":3950,"date":"2008-07-23T16:12:08","date_gmt":"2008-07-23T14:12:08","guid":{"rendered":"http:\/\/www.doulkeridis.be\/blog\/?p=3950"},"modified":"2011-08-17T11:55:58","modified_gmt":"2011-08-17T09:55:58","slug":"%c2%ab-ecolo-a-fait-ses-preuves-%c2%bb-le-soir-23-juillet-2008","status":"publish","type":"post","link":"https:\/\/www.doulkeridis.be\/blog\/2008\/07\/23\/%c2%ab-ecolo-a-fait-ses-preuves-%c2%bb-le-soir-23-juillet-2008\/","title":{"rendered":"\u00ab Ecolo a fait ses preuves \u00bb &#8211; (LE SOIR &#8211; 23 juillet 2008)"},"content":{"rendered":"<p><em>Suite \u00e0 une interview que j\u2019ai accord\u00e9e \u00e0 Francis  Dubois, journaliste au quotidien Le Soir, vous trouverez ci-dessous un  article publi\u00e9 le 23 juillet 2008. L\u2019occasion de tirer le bilan de la  participation d\u2019Ecolo au sein de la majorit\u00e9 bruxelloise de type Olivier  (Ecolo-PS-cdH) mais \u00e9galement de faire le point sur la r\u00e9gionale  d\u2019Ecolo Bruxelles que je pr\u00e9side depuis un an et demi en tant que  secr\u00e9taire politique. L\u2019occasion \u00e9galement de se projeter dans l\u2019avenir \u00e0  moins d\u2019un an de la fin de la l\u00e9gislature pour doter Bruxelles d\u2019un  projet durable.<br \/>\nEn septembre prochain, ECOLOBXL emm\u00e9nagera dans ses nouveaux locaux  situ\u00e9s dans le b\u00e2timent Flagey. Un lieu bicommunautaire qui est l\u2019un des  symboles du renouveau urbain de la R\u00e9gion bruxelloise. Dans le cadre de  l\u2019\u00e9laboration de notre programme \u00e9lectoral, ECOLOBXL y organisera une  s\u00e9rie de rencontres sur les th\u00e8mes qui touchent au premier plan les  Bruxellois.<br \/>\n<\/em><\/p>\n<p>\u00ab\u00a0Il ne s\u2019\u00e9tait gu\u00e8re montr\u00e9 disert lors de sa prise de  fonction au poste de secr\u00e9taire r\u00e9gional d\u2019Ecolo, au printemps 2007. A  l\u2019\u00e9poque, l\u2019\u00e9quivalent vert de Philippe Moureaux au PS ou de Jacques  Simonet au MR s\u2019\u00e9tait d\u2019abord \u00e9chin\u00e9 \u00e0 resserrer les rangs dans un  contexte difficile pour Ecolo apr\u00e8s les \u00e9lections communales.<\/p>\n<p>A moins d\u2019un an des r\u00e9gionales, la langue de Christos  Doulkeridis se d\u00e9lie. Pour, bien s\u00fbr, saluer les r\u00e9sultats engrang\u00e9s par  Evelyne Huytebroeck, la seule \u00e9cologiste aux manettes minist\u00e9rielles.  \u00ab\u00a0En mati\u00e8re d\u2019\u00e9nergie, Bruxelles \u00e9tait \u00e0 la tra\u00eene. La R\u00e9gion est  d\u00e9sormais \u00e0 la pointe, se r\u00e9jouit-il. Les primes fonctionnent bien, tant  aupr\u00e8s du secteur public que des habitants ou des entreprises. Ceux qui  avaient donn\u00e9 d\u2019Ecolo l\u2019image d\u2019un parti qui ne sait pas g\u00e9rer en sont  pour leurs frais. Plus personne n\u2019osera dire qu\u2019on n\u2019est pas cr\u00e9dibles.<\/p>\n<p>Priorit\u00e9 aux actions sur le terrain, r\u00e9sultats concrets,  coh\u00e9rence\u00a0: pour Christos Doulkeridis, la majorit\u00e9 en place m\u00e9rite un  satisfecit. \u00ab\u00a0L\u2019ancien attelage PS-MR \u00e9tait paralys\u00e9 tous les jours  faute de consensus\u00a0\u00bb, se souvient celui qui fut l\u2019un des n\u00e9gociateurs de  la majorit\u00e9 Olivier \u00e0 Bruxelles. \u00ab\u00a0Aujourd\u2019hui, la volont\u00e9 est r\u00e9elle  de travailler dans la m\u00eame direction. Malgr\u00e9 la situation compliqu\u00e9e de  Bruxelles, la confiance est r\u00e9tablie entre francophones et  n\u00e9erlandophones. M\u00eame Brigitte Grouwels (secr\u00e9taire d\u2019Etat CD&amp;V,  NDLR) ne bloque pas l\u2019action du gouvernement.\u00a0\u00bb<\/p>\n<p>On voit o\u00f9 va sa pr\u00e9f\u00e9rence pour la suite. D\u2019autant que,  sur le th\u00e8me qui lui tient tant \u00e0 c\u00bdur de l\u2019emploi des Bruxellois dans  le service public, Christos Doulkeridis souligne l\u2019arsenal de textes  r\u00e9dig\u00e9s \u00e0 l\u2019initiative d\u2019Ecolo, mais aussi du CDH et du PS dans la  foul\u00e9e des rapports qu\u2019il a d\u00e9voil\u00e9s d\u00e8s 2003. \u00ab\u00a0Il ne faut plus qu\u2019un  jeune, \u00e0 12 ans, ait la conviction qu\u2019il n\u2019a pas d\u2019avenir\u00a0\u00bb, insiste le  secr\u00e9taire r\u00e9gional d\u2019Ecolo. \u00ab\u00a0Mais pour \u00e7a, il faut que l\u2019enseignement  suive.\u00a0\u00bb A cet \u00e9gard, Doulkeridis estime qu\u2019\u00ab\u00a0il faut des avanc\u00e9es, mais  sans rupture de la solidarit\u00e9 Wallonie-Bruxelles\u00a0\u00bb.<\/p>\n<p>Solidarit\u00e9 entre les personnes. Solidarit\u00e9 entre les  R\u00e9gions. Le mot revient comme un leitmotiv dans la bouche du d\u00e9put\u00e9. Ce  n\u2019est d\u2019ailleurs pas un hasard si la r\u00e9gionale s\u2019installe \u00e0 la place  Flagey\u00a0: \u00ab\u00a0C\u2019est un vrai centre dans Bruxelles. C\u2019est aussi un quartier  vraiment multiculturel et on doit avoir pour objectif d\u2019y maintenir une  r\u00e9elle mixit\u00e9. Il y a aussi la symbolique multicommunautaire du b\u00e2timent  dans un projet culturel commun.\u00a0\u00bb<\/p>\n<p>Christos Doulkeridis s\u2019arr\u00eate aussi sur la vocation  europ\u00e9enne de la capitale. Et il a sa petite id\u00e9e. \u00ab\u00a0Dire de Bruxelles  qu\u2019elle est la capitale de l\u2019Europe, \u00e7a ne suffit pas, les Bruxellois ne  s\u2019y retrouvent pas. Mais en faire la capitale europ\u00e9enne de l\u2019\u00e9cologie,  \u00e7a apporterait une plus-value.\u00a0\u00bb<\/p>\n<p>Et c\u2019est l\u00e0, dans le d\u00e9veloppement de la ville,  qu\u2019Ecolo, a un r\u00f4le \u00e0 jouer pour Christos Doulkeridis\u00a0: \u00ab\u00a0Le r\u00f4le des  villes est d\u2019avoir des habitants. Pour en attirer de nouveaux, il faut  miser sur la qualit\u00e9 de vie, permettre aux gens de cohabiter ensemble.\u00a0\u00bb  Eco-quartiers, d\u00e9veloppement durable&#8230; les id\u00e9es ne manquent pas. Dont  celle de \u00ab\u00a0r\u00e9inventer la notion de coop\u00e9rative moderne. Il faut  am\u00e9liorer le sentiment d\u2019appartenir \u00e0 un quartier, permettre d\u2019acheter  de l\u2019\u00e9nergie verte en commun, de partager des outils qu\u2019on n\u2019utilise pas  tous les jours, comme un gaufrier ou une friteuse.\u00a0\u00bb La maison de  quartier n\u2019est pas loin.<\/p>\n<p>Mais la r\u00e9flexion se poursuit. \u00ab\u00a0Apr\u00e8s l\u2019\u00e9nergie, le  grand chantier \u00e0 venir sera celui de l\u2019alimentation. Pourquoi ne pas  imaginer des coop\u00e9ratives de quartier \u00e0 Bruxelles qui ach\u00e8teraient des  produits de qualit\u00e9 \u00e0 des coop\u00e9ratives d\u2019agriculteurs en Wallonie\u00a0?\u00a0\u00bb  Solidarit\u00e9 entre les gens et entre les R\u00e9gions, on y revient. Tout un  programme.<\/p>\n","protected":false},"excerpt":{"rendered":"<p>Suite \u00e0 une interview que j\u2019ai accord\u00e9e \u00e0 Francis Dubois, journaliste au quotidien Le Soir, vous trouverez ci-dessous un article publi\u00e9 le 23 juillet 2008. L\u2019occasion de tirer le bilan de la participation d\u2019Ecolo au sein de la majorit\u00e9 bruxelloise de type Olivier (Ecolo-PS-cdH) mais \u00e9galement de faire le point sur la r\u00e9gionale d\u2019Ecolo Bruxelles que je pr\u00e9side depuis un an et demi en tant que secr\u00e9taire politique. L\u2019occasion \u00e9galement de se projeter dans l\u2019avenir \u00e0 moins d\u2019un an de la fin de la l\u00e9gislature pour doter Bruxelles d\u2019un projet durable. En septembre prochain, ECOLOBXL emm\u00e9nagera dans ses nouveaux locaux situ\u00e9s dans le b\u00e2timent Flagey. Un lieu bicommunautaire qui est l\u2019un des symboles du renouveau urbain de la R\u00e9gion bruxelloise. Dans le cadre de l\u2019\u00e9laboration de notre programme \u00e9lectoral, ECOLOBXL y organisera une s\u00e9rie de rencontres sur les th\u00e8mes qui touchent au premier plan les Bruxellois. \u00ab\u00a0Il ne s\u2019\u00e9tait gu\u00e8re montr\u00e9 disert lors de sa prise de fonction au poste de secr\u00e9taire r\u00e9gional d\u2019Ecolo, au printemps 2007. A l\u2019\u00e9poque, l\u2019\u00e9quivalent vert de Philippe Moureaux au PS ou de Jacques Simonet au MR s\u2019\u00e9tait d\u2019abord \u00e9chin\u00e9 \u00e0 resserrer les rangs dans un contexte difficile pour Ecolo apr\u00e8s les \u00e9lections communales. A [&hellip;]<\/p>\n","protected":false},"author":2,"featured_media":0,"comment_status":"open","ping_status":"open","sticky":false,"template":"","format":"standard","meta":{"_monsterinsights_skip_tracking":false,"_monsterinsights_sitenote_active":false,"_monsterinsights_sitenote_note":"","_monsterinsights_sitenote_category":0,"ngg_post_thumbnail":0,"footnotes":""},"categories":[112,304,7],"tags":[1025,202,58],"class_list":["post-3950","post","type-post","status-publish","format-standard","hentry","category-ecolo","category-mes_realisations","category-revue-de-presse","tag-ecolo","tag-interview","tag-le-soir"],"yoast_head":"<!-- This site is optimized with the Yoast SEO plugin v27.4 - https:\/\/yoast.com\/product\/yoast-seo-wordpress\/ -->\n<title>\u00ab Ecolo a fait ses preuves \u00bb - (LE SOIR - 23 juillet 2008) - Christos Doulkeridis<\/title>\n<meta name=\"robots\" content=\"index, follow, max-snippet:-1, max-image-preview:large, max-video-preview:-1\" \/>\n<link rel=\"canonical\" href=\"https:\/\/www.doulkeridis.be\/blog\/2008\/07\/23\/\u00ab-ecolo-a-fait-ses-preuves-\u00bb-le-soir-23-juillet-2008\/\" \/>\n<meta property=\"og:locale\" content=\"fr_FR\" \/>\n<meta property=\"og:type\" content=\"article\" \/>\n<meta property=\"og:title\" content=\"\u00ab Ecolo a fait ses preuves \u00bb - (LE SOIR - 23 juillet 2008) - Christos Doulkeridis\" \/>\n<meta property=\"og:description\" content=\"Suite \u00e0 une interview que j\u2019ai accord\u00e9e \u00e0 Francis Dubois, journaliste au quotidien Le Soir, vous trouverez ci-dessous un article publi\u00e9 le 23 juillet 2008. L\u2019occasion de tirer le bilan de la participation d\u2019Ecolo au sein de la majorit\u00e9 bruxelloise de type Olivier (Ecolo-PS-cdH) mais \u00e9galement de faire le point sur la r\u00e9gionale d\u2019Ecolo Bruxelles que je pr\u00e9side depuis un an et demi en tant que secr\u00e9taire politique. L\u2019occasion \u00e9galement de se projeter dans l\u2019avenir \u00e0 moins d\u2019un an de la fin de la l\u00e9gislature pour doter Bruxelles d\u2019un projet durable. En septembre prochain, ECOLOBXL emm\u00e9nagera dans ses nouveaux locaux situ\u00e9s dans le b\u00e2timent Flagey. Un lieu bicommunautaire qui est l\u2019un des symboles du renouveau urbain de la R\u00e9gion bruxelloise. Dans le cadre de l\u2019\u00e9laboration de notre programme \u00e9lectoral, ECOLOBXL y organisera une s\u00e9rie de rencontres sur les th\u00e8mes qui touchent au premier plan les Bruxellois. \u00ab\u00a0Il ne s\u2019\u00e9tait gu\u00e8re montr\u00e9 disert lors de sa prise de fonction au poste de secr\u00e9taire r\u00e9gional d\u2019Ecolo, au printemps 2007. A l\u2019\u00e9poque, l\u2019\u00e9quivalent vert de Philippe Moureaux au PS ou de Jacques Simonet au MR s\u2019\u00e9tait d\u2019abord \u00e9chin\u00e9 \u00e0 resserrer les rangs dans un contexte difficile pour Ecolo apr\u00e8s les \u00e9lections communales. A [&hellip;]\" \/>\n<meta property=\"og:url\" content=\"https:\/\/www.doulkeridis.be\/blog\/2008\/07\/23\/\u00ab-ecolo-a-fait-ses-preuves-\u00bb-le-soir-23-juillet-2008\/\" \/>\n<meta property=\"og:site_name\" content=\"Christos Doulkeridis\" \/>\n<meta property=\"article:publisher\" content=\"https:\/\/www.facebook.com\/doulkeridis\" \/>\n<meta property=\"article:published_time\" content=\"2008-07-23T14:12:08+00:00\" \/>\n<meta property=\"article:modified_time\" content=\"2011-08-17T09:55:58+00:00\" \/>\n<meta name=\"author\" content=\"Christos Doulkeridis\" \/>\n<meta name=\"twitter:card\" content=\"summary_large_image\" \/>\n<meta name=\"twitter:label1\" content=\"\u00c9crit par\" \/>\n\t<meta name=\"twitter:data1\" content=\"Christos Doulkeridis\" \/>\n\t<meta name=\"twitter:label2\" content=\"Dur\u00e9e de lecture estim\u00e9e\" \/>\n\t<meta name=\"twitter:data2\" content=\"4 minutes\" \/>\n<script type=\"application\/ld+json\" class=\"yoast-schema-graph\">{\"@context\":\"https:\\\/\\\/schema.org\",\"@graph\":[{\"@type\":\"Article\",\"@id\":\"https:\\\/\\\/www.doulkeridis.be\\\/blog\\\/2008\\\/07\\\/23\\\/%c2%ab-ecolo-a-fait-ses-preuves-%c2%bb-le-soir-23-juillet-2008\\\/#article\",\"isPartOf\":{\"@id\":\"https:\\\/\\\/www.doulkeridis.be\\\/blog\\\/2008\\\/07\\\/23\\\/%c2%ab-ecolo-a-fait-ses-preuves-%c2%bb-le-soir-23-juillet-2008\\\/\"},\"author\":{\"name\":\"Christos Doulkeridis\",\"@id\":\"https:\\\/\\\/www.doulkeridis.be\\\/blog\\\/#\\\/schema\\\/person\\\/9f03f3459f0a4ba4db02aabbba098365\"},\"headline\":\"\u00ab Ecolo a fait ses preuves \u00bb &#8211; (LE SOIR &#8211; 23 juillet 2008)\",\"datePublished\":\"2008-07-23T14:12:08+00:00\",\"dateModified\":\"2011-08-17T09:55:58+00:00\",\"mainEntityOfPage\":{\"@id\":\"https:\\\/\\\/www.doulkeridis.be\\\/blog\\\/2008\\\/07\\\/23\\\/%c2%ab-ecolo-a-fait-ses-preuves-%c2%bb-le-soir-23-juillet-2008\\\/\"},\"wordCount\":871,\"commentCount\":0,\"publisher\":{\"@id\":\"https:\\\/\\\/www.doulkeridis.be\\\/blog\\\/#organization\"},\"keywords\":[\"Ecolo\",\"interview\",\"Le Soir\"],\"articleSection\":[\"Ecolo\",\"Mes r\u00e9alisations\",\"Presse\"],\"inLanguage\":\"fr-FR\",\"potentialAction\":[{\"@type\":\"CommentAction\",\"name\":\"Comment\",\"target\":[\"https:\\\/\\\/www.doulkeridis.be\\\/blog\\\/2008\\\/07\\\/23\\\/%c2%ab-ecolo-a-fait-ses-preuves-%c2%bb-le-soir-23-juillet-2008\\\/#respond\"]}]},{\"@type\":\"WebPage\",\"@id\":\"https:\\\/\\\/www.doulkeridis.be\\\/blog\\\/2008\\\/07\\\/23\\\/%c2%ab-ecolo-a-fait-ses-preuves-%c2%bb-le-soir-23-juillet-2008\\\/\",\"url\":\"https:\\\/\\\/www.doulkeridis.be\\\/blog\\\/2008\\\/07\\\/23\\\/%c2%ab-ecolo-a-fait-ses-preuves-%c2%bb-le-soir-23-juillet-2008\\\/\",\"name\":\"\u00ab Ecolo a fait ses preuves \u00bb - (LE SOIR - 23 juillet 2008) - Christos Doulkeridis\",\"isPartOf\":{\"@id\":\"https:\\\/\\\/www.doulkeridis.be\\\/blog\\\/#website\"},\"datePublished\":\"2008-07-23T14:12:08+00:00\",\"dateModified\":\"2011-08-17T09:55:58+00:00\",\"breadcrumb\":{\"@id\":\"https:\\\/\\\/www.doulkeridis.be\\\/blog\\\/2008\\\/07\\\/23\\\/%c2%ab-ecolo-a-fait-ses-preuves-%c2%bb-le-soir-23-juillet-2008\\\/#breadcrumb\"},\"inLanguage\":\"fr-FR\",\"potentialAction\":[{\"@type\":\"ReadAction\",\"target\":[\"https:\\\/\\\/www.doulkeridis.be\\\/blog\\\/2008\\\/07\\\/23\\\/%c2%ab-ecolo-a-fait-ses-preuves-%c2%bb-le-soir-23-juillet-2008\\\/\"]}]},{\"@type\":\"BreadcrumbList\",\"@id\":\"https:\\\/\\\/www.doulkeridis.be\\\/blog\\\/2008\\\/07\\\/23\\\/%c2%ab-ecolo-a-fait-ses-preuves-%c2%bb-le-soir-23-juillet-2008\\\/#breadcrumb\",\"itemListElement\":[{\"@type\":\"ListItem\",\"position\":1,\"name\":\"Accueil\",\"item\":\"https:\\\/\\\/www.doulkeridis.be\\\/blog\\\/\"},{\"@type\":\"ListItem\",\"position\":2,\"name\":\"\u00ab Ecolo a fait ses preuves \u00bb &#8211; (LE SOIR &#8211; 23 juillet 2008)\"}]},{\"@type\":\"WebSite\",\"@id\":\"https:\\\/\\\/www.doulkeridis.be\\\/blog\\\/#website\",\"url\":\"https:\\\/\\\/www.doulkeridis.be\\\/blog\\\/\",\"name\":\"Christos Doulkeridis\",\"description\":\"Coach | Consultant en solutions, gestion de crise, n\u00e9gociations\",\"publisher\":{\"@id\":\"https:\\\/\\\/www.doulkeridis.be\\\/blog\\\/#organization\"},\"potentialAction\":[{\"@type\":\"SearchAction\",\"target\":{\"@type\":\"EntryPoint\",\"urlTemplate\":\"https:\\\/\\\/www.doulkeridis.be\\\/blog\\\/?s={search_term_string}\"},\"query-input\":{\"@type\":\"PropertyValueSpecification\",\"valueRequired\":true,\"valueName\":\"search_term_string\"}}],\"inLanguage\":\"fr-FR\"},{\"@type\":\"Organization\",\"@id\":\"https:\\\/\\\/www.doulkeridis.be\\\/blog\\\/#organization\",\"name\":\"Ulyse\",\"url\":\"https:\\\/\\\/www.doulkeridis.be\\\/blog\\\/\",\"logo\":{\"@type\":\"ImageObject\",\"inLanguage\":\"fr-FR\",\"@id\":\"https:\\\/\\\/www.doulkeridis.be\\\/blog\\\/#\\\/schema\\\/logo\\\/image\\\/\",\"url\":\"https:\\\/\\\/www.doulkeridis.be\\\/blog\\\/wp-content\\\/uploads\\\/2026\\\/04\\\/2-5.png\",\"contentUrl\":\"https:\\\/\\\/www.doulkeridis.be\\\/blog\\\/wp-content\\\/uploads\\\/2026\\\/04\\\/2-5.png\",\"width\":1024,\"height\":728,\"caption\":\"Ulyse\"},\"image\":{\"@id\":\"https:\\\/\\\/www.doulkeridis.be\\\/blog\\\/#\\\/schema\\\/logo\\\/image\\\/\"},\"sameAs\":[\"https:\\\/\\\/www.facebook.com\\\/doulkeridis\",\"https:\\\/\\\/www.facebook.com\\\/christosdoulkeridis2\"]},{\"@type\":\"Person\",\"@id\":\"https:\\\/\\\/www.doulkeridis.be\\\/blog\\\/#\\\/schema\\\/person\\\/9f03f3459f0a4ba4db02aabbba098365\",\"name\":\"Christos Doulkeridis\",\"image\":{\"@type\":\"ImageObject\",\"inLanguage\":\"fr-FR\",\"@id\":\"https:\\\/\\\/secure.gravatar.com\\\/avatar\\\/71cb6e4369ca0615d93730ef3bc5f54642df4f6bcc59b92763d2ac434abf103e?s=96&d=mm&r=g\",\"url\":\"https:\\\/\\\/secure.gravatar.com\\\/avatar\\\/71cb6e4369ca0615d93730ef3bc5f54642df4f6bcc59b92763d2ac434abf103e?s=96&d=mm&r=g\",\"contentUrl\":\"https:\\\/\\\/secure.gravatar.com\\\/avatar\\\/71cb6e4369ca0615d93730ef3bc5f54642df4f6bcc59b92763d2ac434abf103e?s=96&d=mm&r=g\",\"caption\":\"Christos Doulkeridis\"},\"url\":\"https:\\\/\\\/www.doulkeridis.be\\\/blog\\\/author\\\/christos\\\/\"}]}<\/script>\n<!-- \/ Yoast SEO plugin. -->","yoast_head_json":{"title":"\u00ab Ecolo a fait ses preuves \u00bb - (LE SOIR - 23 juillet 2008) - Christos Doulkeridis","robots":{"index":"index","follow":"follow","max-snippet":"max-snippet:-1","max-image-preview":"max-image-preview:large","max-video-preview":"max-video-preview:-1"},"canonical":"https:\/\/www.doulkeridis.be\/blog\/2008\/07\/23\/\u00ab-ecolo-a-fait-ses-preuves-\u00bb-le-soir-23-juillet-2008\/","og_locale":"fr_FR","og_type":"article","og_title":"\u00ab Ecolo a fait ses preuves \u00bb - (LE SOIR - 23 juillet 2008) - Christos Doulkeridis","og_description":"Suite \u00e0 une interview que j\u2019ai accord\u00e9e \u00e0 Francis Dubois, journaliste au quotidien Le Soir, vous trouverez ci-dessous un article publi\u00e9 le 23 juillet 2008. L\u2019occasion de tirer le bilan de la participation d\u2019Ecolo au sein de la majorit\u00e9 bruxelloise de type Olivier (Ecolo-PS-cdH) mais \u00e9galement de faire le point sur la r\u00e9gionale d\u2019Ecolo Bruxelles que je pr\u00e9side depuis un an et demi en tant que secr\u00e9taire politique. L\u2019occasion \u00e9galement de se projeter dans l\u2019avenir \u00e0 moins d\u2019un an de la fin de la l\u00e9gislature pour doter Bruxelles d\u2019un projet durable. En septembre prochain, ECOLOBXL emm\u00e9nagera dans ses nouveaux locaux situ\u00e9s dans le b\u00e2timent Flagey. Un lieu bicommunautaire qui est l\u2019un des symboles du renouveau urbain de la R\u00e9gion bruxelloise. Dans le cadre de l\u2019\u00e9laboration de notre programme \u00e9lectoral, ECOLOBXL y organisera une s\u00e9rie de rencontres sur les th\u00e8mes qui touchent au premier plan les Bruxellois. \u00ab\u00a0Il ne s\u2019\u00e9tait gu\u00e8re montr\u00e9 disert lors de sa prise de fonction au poste de secr\u00e9taire r\u00e9gional d\u2019Ecolo, au printemps 2007. A l\u2019\u00e9poque, l\u2019\u00e9quivalent vert de Philippe Moureaux au PS ou de Jacques Simonet au MR s\u2019\u00e9tait d\u2019abord \u00e9chin\u00e9 \u00e0 resserrer les rangs dans un contexte difficile pour Ecolo apr\u00e8s les \u00e9lections communales. A [&hellip;]","og_url":"https:\/\/www.doulkeridis.be\/blog\/2008\/07\/23\/\u00ab-ecolo-a-fait-ses-preuves-\u00bb-le-soir-23-juillet-2008\/","og_site_name":"Christos Doulkeridis","article_publisher":"https:\/\/www.facebook.com\/doulkeridis","article_published_time":"2008-07-23T14:12:08+00:00","article_modified_time":"2011-08-17T09:55:58+00:00","author":"Christos Doulkeridis","twitter_card":"summary_large_image","twitter_misc":{"\u00c9crit par":"Christos Doulkeridis","Dur\u00e9e de lecture estim\u00e9e":"4 minutes"},"schema":{"@context":"https:\/\/schema.org","@graph":[{"@type":"Article","@id":"https:\/\/www.doulkeridis.be\/blog\/2008\/07\/23\/%c2%ab-ecolo-a-fait-ses-preuves-%c2%bb-le-soir-23-juillet-2008\/#article","isPartOf":{"@id":"https:\/\/www.doulkeridis.be\/blog\/2008\/07\/23\/%c2%ab-ecolo-a-fait-ses-preuves-%c2%bb-le-soir-23-juillet-2008\/"},"author":{"name":"Christos Doulkeridis","@id":"https:\/\/www.doulkeridis.be\/blog\/#\/schema\/person\/9f03f3459f0a4ba4db02aabbba098365"},"headline":"\u00ab Ecolo a fait ses preuves \u00bb &#8211; (LE SOIR &#8211; 23 juillet 2008)","datePublished":"2008-07-23T14:12:08+00:00","dateModified":"2011-08-17T09:55:58+00:00","mainEntityOfPage":{"@id":"https:\/\/www.doulkeridis.be\/blog\/2008\/07\/23\/%c2%ab-ecolo-a-fait-ses-preuves-%c2%bb-le-soir-23-juillet-2008\/"},"wordCount":871,"commentCount":0,"publisher":{"@id":"https:\/\/www.doulkeridis.be\/blog\/#organization"},"keywords":["Ecolo","interview","Le Soir"],"articleSection":["Ecolo","Mes r\u00e9alisations","Presse"],"inLanguage":"fr-FR","potentialAction":[{"@type":"CommentAction","name":"Comment","target":["https:\/\/www.doulkeridis.be\/blog\/2008\/07\/23\/%c2%ab-ecolo-a-fait-ses-preuves-%c2%bb-le-soir-23-juillet-2008\/#respond"]}]},{"@type":"WebPage","@id":"https:\/\/www.doulkeridis.be\/blog\/2008\/07\/23\/%c2%ab-ecolo-a-fait-ses-preuves-%c2%bb-le-soir-23-juillet-2008\/","url":"https:\/\/www.doulkeridis.be\/blog\/2008\/07\/23\/%c2%ab-ecolo-a-fait-ses-preuves-%c2%bb-le-soir-23-juillet-2008\/","name":"\u00ab Ecolo a fait ses preuves \u00bb - (LE SOIR - 23 juillet 2008) - Christos Doulkeridis","isPartOf":{"@id":"https:\/\/www.doulkeridis.be\/blog\/#website"},"datePublished":"2008-07-23T14:12:08+00:00","dateModified":"2011-08-17T09:55:58+00:00","breadcrumb":{"@id":"https:\/\/www.doulkeridis.be\/blog\/2008\/07\/23\/%c2%ab-ecolo-a-fait-ses-preuves-%c2%bb-le-soir-23-juillet-2008\/#breadcrumb"},"inLanguage":"fr-FR","potentialAction":[{"@type":"ReadAction","target":["https:\/\/www.doulkeridis.be\/blog\/2008\/07\/23\/%c2%ab-ecolo-a-fait-ses-preuves-%c2%bb-le-soir-23-juillet-2008\/"]}]},{"@type":"BreadcrumbList","@id":"https:\/\/www.doulkeridis.be\/blog\/2008\/07\/23\/%c2%ab-ecolo-a-fait-ses-preuves-%c2%bb-le-soir-23-juillet-2008\/#breadcrumb","itemListElement":[{"@type":"ListItem","position":1,"name":"Accueil","item":"https:\/\/www.doulkeridis.be\/blog\/"},{"@type":"ListItem","position":2,"name":"\u00ab Ecolo a fait ses preuves \u00bb &#8211; (LE SOIR &#8211; 23 juillet 2008)"}]},{"@type":"WebSite","@id":"https:\/\/www.doulkeridis.be\/blog\/#website","url":"https:\/\/www.doulkeridis.be\/blog\/","name":"Christos Doulkeridis","description":"Coach | Consultant en solutions, gestion de crise, n\u00e9gociations","publisher":{"@id":"https:\/\/www.doulkeridis.be\/blog\/#organization"},"potentialAction":[{"@type":"SearchAction","target":{"@type":"EntryPoint","urlTemplate":"https:\/\/www.doulkeridis.be\/blog\/?s={search_term_string}"},"query-input":{"@type":"PropertyValueSpecification","valueRequired":true,"valueName":"search_term_string"}}],"inLanguage":"fr-FR"},{"@type":"Organization","@id":"https:\/\/www.doulkeridis.be\/blog\/#organization","name":"Ulyse","url":"https:\/\/www.doulkeridis.be\/blog\/","logo":{"@type":"ImageObject","inLanguage":"fr-FR","@id":"https:\/\/www.doulkeridis.be\/blog\/#\/schema\/logo\/image\/","url":"https:\/\/www.doulkeridis.be\/blog\/wp-content\/uploads\/2026\/04\/2-5.png","contentUrl":"https:\/\/www.doulkeridis.be\/blog\/wp-content\/uploads\/2026\/04\/2-5.png","width":1024,"height":728,"caption":"Ulyse"},"image":{"@id":"https:\/\/www.doulkeridis.be\/blog\/#\/schema\/logo\/image\/"},"sameAs":["https:\/\/www.facebook.com\/doulkeridis","https:\/\/www.facebook.com\/christosdoulkeridis2"]},{"@type":"Person","@id":"https:\/\/www.doulkeridis.be\/blog\/#\/schema\/person\/9f03f3459f0a4ba4db02aabbba098365","name":"Christos Doulkeridis","image":{"@type":"ImageObject","inLanguage":"fr-FR","@id":"https:\/\/secure.gravatar.com\/avatar\/71cb6e4369ca0615d93730ef3bc5f54642df4f6bcc59b92763d2ac434abf103e?s=96&d=mm&r=g","url":"https:\/\/secure.gravatar.com\/avatar\/71cb6e4369ca0615d93730ef3bc5f54642df4f6bcc59b92763d2ac434abf103e?s=96&d=mm&r=g","contentUrl":"https:\/\/secure.gravatar.com\/avatar\/71cb6e4369ca0615d93730ef3bc5f54642df4f6bcc59b92763d2ac434abf103e?s=96&d=mm&r=g","caption":"Christos Doulkeridis"},"url":"https:\/\/www.doulkeridis.be\/blog\/author\/christos\/"}]}},"_links":{"self":[{"href":"https:\/\/www.doulkeridis.be\/blog\/wp-json\/wp\/v2\/posts\/3950","targetHints":{"allow":["GET"]}}],"collection":[{"href":"https:\/\/www.doulkeridis.be\/blog\/wp-json\/wp\/v2\/posts"}],"about":[{"href":"https:\/\/www.doulkeridis.be\/blog\/wp-json\/wp\/v2\/types\/post"}],"author":[{"embeddable":true,"href":"https:\/\/www.doulkeridis.be\/blog\/wp-json\/wp\/v2\/users\/2"}],"replies":[{"embeddable":true,"href":"https:\/\/www.doulkeridis.be\/blog\/wp-json\/wp\/v2\/comments?post=3950"}],"version-history":[{"count":4,"href":"https:\/\/www.doulkeridis.be\/blog\/wp-json\/wp\/v2\/posts\/3950\/revisions"}],"predecessor-version":[{"id":4154,"href":"https:\/\/www.doulkeridis.be\/blog\/wp-json\/wp\/v2\/posts\/3950\/revisions\/4154"}],"wp:attachment":[{"href":"https:\/\/www.doulkeridis.be\/blog\/wp-json\/wp\/v2\/media?parent=3950"}],"wp:term":[{"taxonomy":"category","embeddable":true,"href":"https:\/\/www.doulkeridis.be\/blog\/wp-json\/wp\/v2\/categories?post=3950"},{"taxonomy":"post_tag","embeddable":true,"href":"https:\/\/www.doulkeridis.be\/blog\/wp-json\/wp\/v2\/tags?post=3950"}],"curies":[{"name":"wp","href":"https:\/\/api.w.org\/{rel}","templated":true}]}}