{"id":3962,"date":"2008-06-17T14:42:03","date_gmt":"2008-06-17T12:42:03","guid":{"rendered":"http:\/\/www.doulkeridis.be\/blog\/?p=3962"},"modified":"2011-08-17T11:54:11","modified_gmt":"2011-08-17T09:54:11","slug":"inspection-scolaire-en-peripherie-une-motion-en-conflit-d%e2%80%99interets-pour-trouver-une-solution-negociee","status":"publish","type":"post","link":"https:\/\/www.doulkeridis.be\/blog\/2008\/06\/17\/inspection-scolaire-en-peripherie-une-motion-en-conflit-d%e2%80%99interets-pour-trouver-une-solution-negociee\/","title":{"rendered":"Inspection scolaire en p\u00e9riph\u00e9rie : une motion en conflit d\u2019int\u00e9r\u00eats pour trouver une solution n\u00e9goci\u00e9e"},"content":{"rendered":"<p><em>Le Parlement francophone bruxellois que je pr\u00e9side a  vot\u00e9 ce mardi 17 juin 2008 une motion relative \u00e0 un conflit d\u2019int\u00e9r\u00eats \u00e0  l\u2019\u00e9gard de la proposition de d\u00e9cret  flamand visant \u00e0 transf\u00e9rer \u00e0 la  Flandre l\u2019inspection p\u00e9dagogique des \u00e9coles francophones des communes \u00e0  facilit\u00e9s de la p\u00e9riph\u00e9rie bruxelloise. Une proposition de d\u00e9cret qui  avait \u00e9t\u00e9  vot\u00e9e \u00e0 l\u2019unanimit\u00e9 par les membres de la Commission de  l\u2019enseignement du Parlement flamand le 13 d\u00e9cembre 2007, \u00e0 l\u2019exception  de l\u2019\u00e9lu Groen\u00a0!, Jef Tavernier. Ce dernier souhaitant \u00e9viter  d\u2019envenimer la situation sur le plan communautaire. Je salue cette  attitude constructive et courageuse \u00e0 l\u2019heure des surench\u00e8res  communautaires.<br \/>\n<\/em><\/p>\n<p><em> <\/em><\/p>\n<p><em>Pour bloquer le processus  l\u00e9gislatif, le Parlement de la Communaut\u00e9 fran\u00e7aise avait alors vot\u00e9 une  premi\u00e8re motion en conflit d\u2019int\u00e9r\u00eats en d\u00e9cembre 2007. La proc\u00e9dure  \u00e9tant arriv\u00e9e \u00e0 son terme sans qu\u2019une solution n\u2019ait pu \u00eatre trouv\u00e9e, le  Parlement francophone bruxellois a donc adopt\u00e9 \u00e0 son tour une motion en  conflits d\u2019int\u00e9r\u00eats qui aura pour effet de geler le processus  parlementaire pour 120 jours. Esp\u00e9rons que ce d\u00e9lai permettra aux deux  communaut\u00e9s et aux actuels n\u00e9gociateurs de trouver une solution  n\u00e9goci\u00e9e.<br \/>\n<\/em><\/p>\n<p>L\u2019inspection scolaire en p\u00e9riph\u00e9rie, de quoi s\u2019agit-il\u00a0?  Depuis les protocoles d\u2019accord de 1970 et 1973 conclus entre les deux  Ministres de l\u2019Education nationale de l\u2019\u00e9poque, la tutelle p\u00e9dagogique  des \u00e9coles fondamentales (maternelles et primaires) du r\u00e9gime  linguistique fran\u00e7ais situ\u00e9es dans la R\u00e9gion de langue n\u00e9erlandaise est  assur\u00e9e par les membres de l\u2019inspection de la Communaut\u00e9 fran\u00e7aise. De  m\u00eame, les programmes scolaires d\u2019application dans ces \u00e9coles sont ceux  d\u00e9finis par la Communaut\u00e9 fran\u00e7aise.<\/p>\n<p>Si on peut comprendre que la Flandre souhaite contr\u00f4ler  et avoir un droit de regard sur les \u00e9coles qu\u2019elle subventionne, il est  en revanche inadmissible que le Parlement flamand r\u00e9vise de mani\u00e8re  unilat\u00e9rale la garantie accord\u00e9e aux Francophones, et ce, sans  concertation entre les deux communaut\u00e9s.<\/p>\n<p>Pour cette raison, les \u00e9lus du Parlement francophone  bruxellois ont vot\u00e9 une motion relative \u00e0 un conflit d\u2019int\u00e9r\u00eats qui  offrira 120 jours de r\u00e9pit suppl\u00e9mentaire en suspendant le processus  l\u00e9gislatif du Parlement flamand.<\/p>\n<p>A noter que 8 \u00e9coles accueillant pr\u00e8s de 3000 \u00e9l\u00e8ves seraient touch\u00e9es par ce d\u00e9cret.<\/p>\n","protected":false},"excerpt":{"rendered":"<p>Le Parlement francophone bruxellois que je pr\u00e9side a vot\u00e9 ce mardi 17 juin 2008 une motion relative \u00e0 un conflit d\u2019int\u00e9r\u00eats \u00e0 l\u2019\u00e9gard de la proposition de d\u00e9cret flamand visant \u00e0 transf\u00e9rer \u00e0 la Flandre l\u2019inspection p\u00e9dagogique des \u00e9coles francophones des communes \u00e0 facilit\u00e9s de la p\u00e9riph\u00e9rie bruxelloise. Une proposition de d\u00e9cret qui avait \u00e9t\u00e9 vot\u00e9e \u00e0 l\u2019unanimit\u00e9 par les membres de la Commission de l\u2019enseignement du Parlement flamand le 13 d\u00e9cembre 2007, \u00e0 l\u2019exception de l\u2019\u00e9lu Groen\u00a0!, Jef Tavernier. Ce dernier souhaitant \u00e9viter d\u2019envenimer la situation sur le plan communautaire. Je salue cette attitude constructive et courageuse \u00e0 l\u2019heure des surench\u00e8res communautaires. Pour bloquer le processus l\u00e9gislatif, le Parlement de la Communaut\u00e9 fran\u00e7aise avait alors vot\u00e9 une premi\u00e8re motion en conflit d\u2019int\u00e9r\u00eats en d\u00e9cembre 2007. La proc\u00e9dure \u00e9tant arriv\u00e9e \u00e0 son terme sans qu\u2019une solution n\u2019ait pu \u00eatre trouv\u00e9e, le Parlement francophone bruxellois a donc adopt\u00e9 \u00e0 son tour une motion en conflits d\u2019int\u00e9r\u00eats qui aura pour effet de geler le processus parlementaire pour 120 jours. Esp\u00e9rons que ce d\u00e9lai permettra aux deux communaut\u00e9s et aux actuels n\u00e9gociateurs de trouver une solution n\u00e9goci\u00e9e. L\u2019inspection scolaire en p\u00e9riph\u00e9rie, de quoi s\u2019agit-il\u00a0? Depuis les protocoles d\u2019accord de 1970 et 1973 conclus [&hellip;]<\/p>\n","protected":false},"author":2,"featured_media":0,"comment_status":"open","ping_status":"open","sticky":false,"template":"","format":"standard","meta":{"_monsterinsights_skip_tracking":false,"_monsterinsights_sitenote_active":false,"_monsterinsights_sitenote_note":"","_monsterinsights_sitenote_category":0,"ngg_post_thumbnail":0,"footnotes":""},"categories":[5,38,304],"tags":[258],"class_list":["post-3962","post","type-post","status-publish","format-standard","hentry","category-enseignement","category-institutionnel","category-mes_realisations","tag-crise-politique"],"yoast_head":"<!-- This site is optimized with the Yoast SEO plugin v27.4 - https:\/\/yoast.com\/product\/yoast-seo-wordpress\/ -->\n<title>Inspection scolaire en p\u00e9riph\u00e9rie : une motion en conflit d\u2019int\u00e9r\u00eats pour trouver une solution n\u00e9goci\u00e9e  - Christos Doulkeridis<\/title>\n<meta name=\"robots\" content=\"index, follow, max-snippet:-1, max-image-preview:large, max-video-preview:-1\" \/>\n<link rel=\"canonical\" href=\"https:\/\/www.doulkeridis.be\/blog\/2008\/06\/17\/inspection-scolaire-en-peripherie-une-motion-en-conflit-d\u2019interets-pour-trouver-une-solution-negociee\/\" \/>\n<meta property=\"og:locale\" content=\"fr_FR\" \/>\n<meta property=\"og:type\" content=\"article\" \/>\n<meta property=\"og:title\" content=\"Inspection scolaire en p\u00e9riph\u00e9rie : une motion en conflit d\u2019int\u00e9r\u00eats pour trouver une solution n\u00e9goci\u00e9e  - Christos Doulkeridis\" \/>\n<meta property=\"og:description\" content=\"Le Parlement francophone bruxellois que je pr\u00e9side a vot\u00e9 ce mardi 17 juin 2008 une motion relative \u00e0 un conflit d\u2019int\u00e9r\u00eats \u00e0 l\u2019\u00e9gard de la proposition de d\u00e9cret flamand visant \u00e0 transf\u00e9rer \u00e0 la Flandre l\u2019inspection p\u00e9dagogique des \u00e9coles francophones des communes \u00e0 facilit\u00e9s de la p\u00e9riph\u00e9rie bruxelloise. Une proposition de d\u00e9cret qui avait \u00e9t\u00e9 vot\u00e9e \u00e0 l\u2019unanimit\u00e9 par les membres de la Commission de l\u2019enseignement du Parlement flamand le 13 d\u00e9cembre 2007, \u00e0 l\u2019exception de l\u2019\u00e9lu Groen\u00a0!, Jef Tavernier. Ce dernier souhaitant \u00e9viter d\u2019envenimer la situation sur le plan communautaire. Je salue cette attitude constructive et courageuse \u00e0 l\u2019heure des surench\u00e8res communautaires. Pour bloquer le processus l\u00e9gislatif, le Parlement de la Communaut\u00e9 fran\u00e7aise avait alors vot\u00e9 une premi\u00e8re motion en conflit d\u2019int\u00e9r\u00eats en d\u00e9cembre 2007. La proc\u00e9dure \u00e9tant arriv\u00e9e \u00e0 son terme sans qu\u2019une solution n\u2019ait pu \u00eatre trouv\u00e9e, le Parlement francophone bruxellois a donc adopt\u00e9 \u00e0 son tour une motion en conflits d\u2019int\u00e9r\u00eats qui aura pour effet de geler le processus parlementaire pour 120 jours. Esp\u00e9rons que ce d\u00e9lai permettra aux deux communaut\u00e9s et aux actuels n\u00e9gociateurs de trouver une solution n\u00e9goci\u00e9e. L\u2019inspection scolaire en p\u00e9riph\u00e9rie, de quoi s\u2019agit-il\u00a0? Depuis les protocoles d\u2019accord de 1970 et 1973 conclus [&hellip;]\" \/>\n<meta property=\"og:url\" content=\"https:\/\/www.doulkeridis.be\/blog\/2008\/06\/17\/inspection-scolaire-en-peripherie-une-motion-en-conflit-d\u2019interets-pour-trouver-une-solution-negociee\/\" \/>\n<meta property=\"og:site_name\" content=\"Christos Doulkeridis\" \/>\n<meta property=\"article:publisher\" content=\"https:\/\/www.facebook.com\/doulkeridis\" \/>\n<meta property=\"article:published_time\" content=\"2008-06-17T12:42:03+00:00\" \/>\n<meta property=\"article:modified_time\" content=\"2011-08-17T09:54:11+00:00\" \/>\n<meta name=\"author\" content=\"Christos Doulkeridis\" \/>\n<meta name=\"twitter:card\" content=\"summary_large_image\" \/>\n<meta name=\"twitter:label1\" content=\"\u00c9crit par\" \/>\n\t<meta name=\"twitter:data1\" content=\"Christos Doulkeridis\" \/>\n\t<meta name=\"twitter:label2\" content=\"Dur\u00e9e de lecture estim\u00e9e\" \/>\n\t<meta name=\"twitter:data2\" content=\"2 minutes\" \/>\n<script type=\"application\/ld+json\" class=\"yoast-schema-graph\">{\"@context\":\"https:\\\/\\\/schema.org\",\"@graph\":[{\"@type\":\"Article\",\"@id\":\"https:\\\/\\\/www.doulkeridis.be\\\/blog\\\/2008\\\/06\\\/17\\\/inspection-scolaire-en-peripherie-une-motion-en-conflit-d%e2%80%99interets-pour-trouver-une-solution-negociee\\\/#article\",\"isPartOf\":{\"@id\":\"https:\\\/\\\/www.doulkeridis.be\\\/blog\\\/2008\\\/06\\\/17\\\/inspection-scolaire-en-peripherie-une-motion-en-conflit-d%e2%80%99interets-pour-trouver-une-solution-negociee\\\/\"},\"author\":{\"name\":\"Christos Doulkeridis\",\"@id\":\"https:\\\/\\\/www.doulkeridis.be\\\/blog\\\/#\\\/schema\\\/person\\\/9f03f3459f0a4ba4db02aabbba098365\"},\"headline\":\"Inspection scolaire en p\u00e9riph\u00e9rie : une motion en conflit d\u2019int\u00e9r\u00eats pour trouver une solution n\u00e9goci\u00e9e\",\"datePublished\":\"2008-06-17T12:42:03+00:00\",\"dateModified\":\"2011-08-17T09:54:11+00:00\",\"mainEntityOfPage\":{\"@id\":\"https:\\\/\\\/www.doulkeridis.be\\\/blog\\\/2008\\\/06\\\/17\\\/inspection-scolaire-en-peripherie-une-motion-en-conflit-d%e2%80%99interets-pour-trouver-une-solution-negociee\\\/\"},\"wordCount\":429,\"commentCount\":0,\"publisher\":{\"@id\":\"https:\\\/\\\/www.doulkeridis.be\\\/blog\\\/#organization\"},\"keywords\":[\"crise politique\"],\"articleSection\":[\"Enseignement\",\"Institutionnel\",\"Mes r\u00e9alisations\"],\"inLanguage\":\"fr-FR\",\"potentialAction\":[{\"@type\":\"CommentAction\",\"name\":\"Comment\",\"target\":[\"https:\\\/\\\/www.doulkeridis.be\\\/blog\\\/2008\\\/06\\\/17\\\/inspection-scolaire-en-peripherie-une-motion-en-conflit-d%e2%80%99interets-pour-trouver-une-solution-negociee\\\/#respond\"]}]},{\"@type\":\"WebPage\",\"@id\":\"https:\\\/\\\/www.doulkeridis.be\\\/blog\\\/2008\\\/06\\\/17\\\/inspection-scolaire-en-peripherie-une-motion-en-conflit-d%e2%80%99interets-pour-trouver-une-solution-negociee\\\/\",\"url\":\"https:\\\/\\\/www.doulkeridis.be\\\/blog\\\/2008\\\/06\\\/17\\\/inspection-scolaire-en-peripherie-une-motion-en-conflit-d%e2%80%99interets-pour-trouver-une-solution-negociee\\\/\",\"name\":\"Inspection scolaire en p\u00e9riph\u00e9rie : une motion en conflit d\u2019int\u00e9r\u00eats pour trouver une solution n\u00e9goci\u00e9e - Christos Doulkeridis\",\"isPartOf\":{\"@id\":\"https:\\\/\\\/www.doulkeridis.be\\\/blog\\\/#website\"},\"datePublished\":\"2008-06-17T12:42:03+00:00\",\"dateModified\":\"2011-08-17T09:54:11+00:00\",\"breadcrumb\":{\"@id\":\"https:\\\/\\\/www.doulkeridis.be\\\/blog\\\/2008\\\/06\\\/17\\\/inspection-scolaire-en-peripherie-une-motion-en-conflit-d%e2%80%99interets-pour-trouver-une-solution-negociee\\\/#breadcrumb\"},\"inLanguage\":\"fr-FR\",\"potentialAction\":[{\"@type\":\"ReadAction\",\"target\":[\"https:\\\/\\\/www.doulkeridis.be\\\/blog\\\/2008\\\/06\\\/17\\\/inspection-scolaire-en-peripherie-une-motion-en-conflit-d%e2%80%99interets-pour-trouver-une-solution-negociee\\\/\"]}]},{\"@type\":\"BreadcrumbList\",\"@id\":\"https:\\\/\\\/www.doulkeridis.be\\\/blog\\\/2008\\\/06\\\/17\\\/inspection-scolaire-en-peripherie-une-motion-en-conflit-d%e2%80%99interets-pour-trouver-une-solution-negociee\\\/#breadcrumb\",\"itemListElement\":[{\"@type\":\"ListItem\",\"position\":1,\"name\":\"Accueil\",\"item\":\"https:\\\/\\\/www.doulkeridis.be\\\/blog\\\/\"},{\"@type\":\"ListItem\",\"position\":2,\"name\":\"Inspection scolaire en p\u00e9riph\u00e9rie : une motion en conflit d\u2019int\u00e9r\u00eats pour trouver une solution n\u00e9goci\u00e9e\"}]},{\"@type\":\"WebSite\",\"@id\":\"https:\\\/\\\/www.doulkeridis.be\\\/blog\\\/#website\",\"url\":\"https:\\\/\\\/www.doulkeridis.be\\\/blog\\\/\",\"name\":\"Christos Doulkeridis\",\"description\":\"Coach | Consultant en solutions, gestion de crise, n\u00e9gociations\",\"publisher\":{\"@id\":\"https:\\\/\\\/www.doulkeridis.be\\\/blog\\\/#organization\"},\"potentialAction\":[{\"@type\":\"SearchAction\",\"target\":{\"@type\":\"EntryPoint\",\"urlTemplate\":\"https:\\\/\\\/www.doulkeridis.be\\\/blog\\\/?s={search_term_string}\"},\"query-input\":{\"@type\":\"PropertyValueSpecification\",\"valueRequired\":true,\"valueName\":\"search_term_string\"}}],\"inLanguage\":\"fr-FR\"},{\"@type\":\"Organization\",\"@id\":\"https:\\\/\\\/www.doulkeridis.be\\\/blog\\\/#organization\",\"name\":\"Ulyse\",\"url\":\"https:\\\/\\\/www.doulkeridis.be\\\/blog\\\/\",\"logo\":{\"@type\":\"ImageObject\",\"inLanguage\":\"fr-FR\",\"@id\":\"https:\\\/\\\/www.doulkeridis.be\\\/blog\\\/#\\\/schema\\\/logo\\\/image\\\/\",\"url\":\"https:\\\/\\\/www.doulkeridis.be\\\/blog\\\/wp-content\\\/uploads\\\/2026\\\/04\\\/2-5.png\",\"contentUrl\":\"https:\\\/\\\/www.doulkeridis.be\\\/blog\\\/wp-content\\\/uploads\\\/2026\\\/04\\\/2-5.png\",\"width\":1024,\"height\":728,\"caption\":\"Ulyse\"},\"image\":{\"@id\":\"https:\\\/\\\/www.doulkeridis.be\\\/blog\\\/#\\\/schema\\\/logo\\\/image\\\/\"},\"sameAs\":[\"https:\\\/\\\/www.facebook.com\\\/doulkeridis\",\"https:\\\/\\\/www.facebook.com\\\/christosdoulkeridis2\"]},{\"@type\":\"Person\",\"@id\":\"https:\\\/\\\/www.doulkeridis.be\\\/blog\\\/#\\\/schema\\\/person\\\/9f03f3459f0a4ba4db02aabbba098365\",\"name\":\"Christos Doulkeridis\",\"image\":{\"@type\":\"ImageObject\",\"inLanguage\":\"fr-FR\",\"@id\":\"https:\\\/\\\/secure.gravatar.com\\\/avatar\\\/71cb6e4369ca0615d93730ef3bc5f54642df4f6bcc59b92763d2ac434abf103e?s=96&d=mm&r=g\",\"url\":\"https:\\\/\\\/secure.gravatar.com\\\/avatar\\\/71cb6e4369ca0615d93730ef3bc5f54642df4f6bcc59b92763d2ac434abf103e?s=96&d=mm&r=g\",\"contentUrl\":\"https:\\\/\\\/secure.gravatar.com\\\/avatar\\\/71cb6e4369ca0615d93730ef3bc5f54642df4f6bcc59b92763d2ac434abf103e?s=96&d=mm&r=g\",\"caption\":\"Christos Doulkeridis\"},\"url\":\"https:\\\/\\\/www.doulkeridis.be\\\/blog\\\/author\\\/christos\\\/\"}]}<\/script>\n<!-- \/ Yoast SEO plugin. -->","yoast_head_json":{"title":"Inspection scolaire en p\u00e9riph\u00e9rie : une motion en conflit d\u2019int\u00e9r\u00eats pour trouver une solution n\u00e9goci\u00e9e  - Christos Doulkeridis","robots":{"index":"index","follow":"follow","max-snippet":"max-snippet:-1","max-image-preview":"max-image-preview:large","max-video-preview":"max-video-preview:-1"},"canonical":"https:\/\/www.doulkeridis.be\/blog\/2008\/06\/17\/inspection-scolaire-en-peripherie-une-motion-en-conflit-d\u2019interets-pour-trouver-une-solution-negociee\/","og_locale":"fr_FR","og_type":"article","og_title":"Inspection scolaire en p\u00e9riph\u00e9rie : une motion en conflit d\u2019int\u00e9r\u00eats pour trouver une solution n\u00e9goci\u00e9e  - Christos Doulkeridis","og_description":"Le Parlement francophone bruxellois que je pr\u00e9side a vot\u00e9 ce mardi 17 juin 2008 une motion relative \u00e0 un conflit d\u2019int\u00e9r\u00eats \u00e0 l\u2019\u00e9gard de la proposition de d\u00e9cret flamand visant \u00e0 transf\u00e9rer \u00e0 la Flandre l\u2019inspection p\u00e9dagogique des \u00e9coles francophones des communes \u00e0 facilit\u00e9s de la p\u00e9riph\u00e9rie bruxelloise. Une proposition de d\u00e9cret qui avait \u00e9t\u00e9 vot\u00e9e \u00e0 l\u2019unanimit\u00e9 par les membres de la Commission de l\u2019enseignement du Parlement flamand le 13 d\u00e9cembre 2007, \u00e0 l\u2019exception de l\u2019\u00e9lu Groen\u00a0!, Jef Tavernier. Ce dernier souhaitant \u00e9viter d\u2019envenimer la situation sur le plan communautaire. Je salue cette attitude constructive et courageuse \u00e0 l\u2019heure des surench\u00e8res communautaires. Pour bloquer le processus l\u00e9gislatif, le Parlement de la Communaut\u00e9 fran\u00e7aise avait alors vot\u00e9 une premi\u00e8re motion en conflit d\u2019int\u00e9r\u00eats en d\u00e9cembre 2007. La proc\u00e9dure \u00e9tant arriv\u00e9e \u00e0 son terme sans qu\u2019une solution n\u2019ait pu \u00eatre trouv\u00e9e, le Parlement francophone bruxellois a donc adopt\u00e9 \u00e0 son tour une motion en conflits d\u2019int\u00e9r\u00eats qui aura pour effet de geler le processus parlementaire pour 120 jours. Esp\u00e9rons que ce d\u00e9lai permettra aux deux communaut\u00e9s et aux actuels n\u00e9gociateurs de trouver une solution n\u00e9goci\u00e9e. L\u2019inspection scolaire en p\u00e9riph\u00e9rie, de quoi s\u2019agit-il\u00a0? Depuis les protocoles d\u2019accord de 1970 et 1973 conclus [&hellip;]","og_url":"https:\/\/www.doulkeridis.be\/blog\/2008\/06\/17\/inspection-scolaire-en-peripherie-une-motion-en-conflit-d\u2019interets-pour-trouver-une-solution-negociee\/","og_site_name":"Christos Doulkeridis","article_publisher":"https:\/\/www.facebook.com\/doulkeridis","article_published_time":"2008-06-17T12:42:03+00:00","article_modified_time":"2011-08-17T09:54:11+00:00","author":"Christos Doulkeridis","twitter_card":"summary_large_image","twitter_misc":{"\u00c9crit par":"Christos Doulkeridis","Dur\u00e9e de lecture estim\u00e9e":"2 minutes"},"schema":{"@context":"https:\/\/schema.org","@graph":[{"@type":"Article","@id":"https:\/\/www.doulkeridis.be\/blog\/2008\/06\/17\/inspection-scolaire-en-peripherie-une-motion-en-conflit-d%e2%80%99interets-pour-trouver-une-solution-negociee\/#article","isPartOf":{"@id":"https:\/\/www.doulkeridis.be\/blog\/2008\/06\/17\/inspection-scolaire-en-peripherie-une-motion-en-conflit-d%e2%80%99interets-pour-trouver-une-solution-negociee\/"},"author":{"name":"Christos Doulkeridis","@id":"https:\/\/www.doulkeridis.be\/blog\/#\/schema\/person\/9f03f3459f0a4ba4db02aabbba098365"},"headline":"Inspection scolaire en p\u00e9riph\u00e9rie : une motion en conflit d\u2019int\u00e9r\u00eats pour trouver une solution n\u00e9goci\u00e9e","datePublished":"2008-06-17T12:42:03+00:00","dateModified":"2011-08-17T09:54:11+00:00","mainEntityOfPage":{"@id":"https:\/\/www.doulkeridis.be\/blog\/2008\/06\/17\/inspection-scolaire-en-peripherie-une-motion-en-conflit-d%e2%80%99interets-pour-trouver-une-solution-negociee\/"},"wordCount":429,"commentCount":0,"publisher":{"@id":"https:\/\/www.doulkeridis.be\/blog\/#organization"},"keywords":["crise politique"],"articleSection":["Enseignement","Institutionnel","Mes r\u00e9alisations"],"inLanguage":"fr-FR","potentialAction":[{"@type":"CommentAction","name":"Comment","target":["https:\/\/www.doulkeridis.be\/blog\/2008\/06\/17\/inspection-scolaire-en-peripherie-une-motion-en-conflit-d%e2%80%99interets-pour-trouver-une-solution-negociee\/#respond"]}]},{"@type":"WebPage","@id":"https:\/\/www.doulkeridis.be\/blog\/2008\/06\/17\/inspection-scolaire-en-peripherie-une-motion-en-conflit-d%e2%80%99interets-pour-trouver-une-solution-negociee\/","url":"https:\/\/www.doulkeridis.be\/blog\/2008\/06\/17\/inspection-scolaire-en-peripherie-une-motion-en-conflit-d%e2%80%99interets-pour-trouver-une-solution-negociee\/","name":"Inspection scolaire en p\u00e9riph\u00e9rie : une motion en conflit d\u2019int\u00e9r\u00eats pour trouver une solution n\u00e9goci\u00e9e - Christos Doulkeridis","isPartOf":{"@id":"https:\/\/www.doulkeridis.be\/blog\/#website"},"datePublished":"2008-06-17T12:42:03+00:00","dateModified":"2011-08-17T09:54:11+00:00","breadcrumb":{"@id":"https:\/\/www.doulkeridis.be\/blog\/2008\/06\/17\/inspection-scolaire-en-peripherie-une-motion-en-conflit-d%e2%80%99interets-pour-trouver-une-solution-negociee\/#breadcrumb"},"inLanguage":"fr-FR","potentialAction":[{"@type":"ReadAction","target":["https:\/\/www.doulkeridis.be\/blog\/2008\/06\/17\/inspection-scolaire-en-peripherie-une-motion-en-conflit-d%e2%80%99interets-pour-trouver-une-solution-negociee\/"]}]},{"@type":"BreadcrumbList","@id":"https:\/\/www.doulkeridis.be\/blog\/2008\/06\/17\/inspection-scolaire-en-peripherie-une-motion-en-conflit-d%e2%80%99interets-pour-trouver-une-solution-negociee\/#breadcrumb","itemListElement":[{"@type":"ListItem","position":1,"name":"Accueil","item":"https:\/\/www.doulkeridis.be\/blog\/"},{"@type":"ListItem","position":2,"name":"Inspection scolaire en p\u00e9riph\u00e9rie : une motion en conflit d\u2019int\u00e9r\u00eats pour trouver une solution n\u00e9goci\u00e9e"}]},{"@type":"WebSite","@id":"https:\/\/www.doulkeridis.be\/blog\/#website","url":"https:\/\/www.doulkeridis.be\/blog\/","name":"Christos Doulkeridis","description":"Coach | Consultant en solutions, gestion de crise, n\u00e9gociations","publisher":{"@id":"https:\/\/www.doulkeridis.be\/blog\/#organization"},"potentialAction":[{"@type":"SearchAction","target":{"@type":"EntryPoint","urlTemplate":"https:\/\/www.doulkeridis.be\/blog\/?s={search_term_string}"},"query-input":{"@type":"PropertyValueSpecification","valueRequired":true,"valueName":"search_term_string"}}],"inLanguage":"fr-FR"},{"@type":"Organization","@id":"https:\/\/www.doulkeridis.be\/blog\/#organization","name":"Ulyse","url":"https:\/\/www.doulkeridis.be\/blog\/","logo":{"@type":"ImageObject","inLanguage":"fr-FR","@id":"https:\/\/www.doulkeridis.be\/blog\/#\/schema\/logo\/image\/","url":"https:\/\/www.doulkeridis.be\/blog\/wp-content\/uploads\/2026\/04\/2-5.png","contentUrl":"https:\/\/www.doulkeridis.be\/blog\/wp-content\/uploads\/2026\/04\/2-5.png","width":1024,"height":728,"caption":"Ulyse"},"image":{"@id":"https:\/\/www.doulkeridis.be\/blog\/#\/schema\/logo\/image\/"},"sameAs":["https:\/\/www.facebook.com\/doulkeridis","https:\/\/www.facebook.com\/christosdoulkeridis2"]},{"@type":"Person","@id":"https:\/\/www.doulkeridis.be\/blog\/#\/schema\/person\/9f03f3459f0a4ba4db02aabbba098365","name":"Christos Doulkeridis","image":{"@type":"ImageObject","inLanguage":"fr-FR","@id":"https:\/\/secure.gravatar.com\/avatar\/71cb6e4369ca0615d93730ef3bc5f54642df4f6bcc59b92763d2ac434abf103e?s=96&d=mm&r=g","url":"https:\/\/secure.gravatar.com\/avatar\/71cb6e4369ca0615d93730ef3bc5f54642df4f6bcc59b92763d2ac434abf103e?s=96&d=mm&r=g","contentUrl":"https:\/\/secure.gravatar.com\/avatar\/71cb6e4369ca0615d93730ef3bc5f54642df4f6bcc59b92763d2ac434abf103e?s=96&d=mm&r=g","caption":"Christos Doulkeridis"},"url":"https:\/\/www.doulkeridis.be\/blog\/author\/christos\/"}]}},"_links":{"self":[{"href":"https:\/\/www.doulkeridis.be\/blog\/wp-json\/wp\/v2\/posts\/3962","targetHints":{"allow":["GET"]}}],"collection":[{"href":"https:\/\/www.doulkeridis.be\/blog\/wp-json\/wp\/v2\/posts"}],"about":[{"href":"https:\/\/www.doulkeridis.be\/blog\/wp-json\/wp\/v2\/types\/post"}],"author":[{"embeddable":true,"href":"https:\/\/www.doulkeridis.be\/blog\/wp-json\/wp\/v2\/users\/2"}],"replies":[{"embeddable":true,"href":"https:\/\/www.doulkeridis.be\/blog\/wp-json\/wp\/v2\/comments?post=3962"}],"version-history":[{"count":2,"href":"https:\/\/www.doulkeridis.be\/blog\/wp-json\/wp\/v2\/posts\/3962\/revisions"}],"predecessor-version":[{"id":4151,"href":"https:\/\/www.doulkeridis.be\/blog\/wp-json\/wp\/v2\/posts\/3962\/revisions\/4151"}],"wp:attachment":[{"href":"https:\/\/www.doulkeridis.be\/blog\/wp-json\/wp\/v2\/media?parent=3962"}],"wp:term":[{"taxonomy":"category","embeddable":true,"href":"https:\/\/www.doulkeridis.be\/blog\/wp-json\/wp\/v2\/categories?post=3962"},{"taxonomy":"post_tag","embeddable":true,"href":"https:\/\/www.doulkeridis.be\/blog\/wp-json\/wp\/v2\/tags?post=3962"}],"curies":[{"name":"wp","href":"https:\/\/api.w.org\/{rel}","templated":true}]}}