{"id":3977,"date":"2008-04-14T14:41:25","date_gmt":"2008-04-14T12:41:25","guid":{"rendered":"http:\/\/www.doulkeridis.be\/blog\/?p=3977"},"modified":"2011-08-17T11:52:13","modified_gmt":"2011-08-17T09:52:13","slug":"arretons-d%e2%80%99avoir-peur-le-soir-14-avril-2008","status":"publish","type":"post","link":"https:\/\/www.doulkeridis.be\/blog\/2008\/04\/14\/arretons-d%e2%80%99avoir-peur-le-soir-14-avril-2008\/","title":{"rendered":"\u00ab\u00a0Arr\u00eatons d\u2019avoir peur\u00a0\u00bb &#8211; Le Soir (14 avril 2008)"},"content":{"rendered":"<p><em>Vous trouverez ci-dessous un article publi\u00e9 dans le  quotidien Le Soir suite \u00e0 une interview que j\u2019ai accord\u00e9e \u00e0 V\u00e9ronique  Lamquin. Au moment o\u00f9 les associations, les syndicats, les entreprises  bruxelloises se sont rassembl\u00e9s au sein d\u2019une plateforme commune pour  l\u2019avenir de Bruxelles, je lance un appel \u00e0 l\u2019ensemble des formations  politiques d\u00e9mocratiques pour r\u00e9fl\u00e9chir ensemble au destin de Bruxelles.  Cette r\u00e9flexion pourrait se faire au sein de cette plate forme si elle  lance l\u2019invitation. Le visage de Bruxelles a chang\u00e9 en pr\u00e8s de 20 ans  d\u2019existence. Les d\u00e9fis en mati\u00e8re d\u2019enseignement, de logement, de  mobilit\u00e9, etc. appellent des r\u00e9ponses urgentes qui doivent mobiliser  toutes les forces vives. Ce lundi 14 avril, j\u2019\u00e9tais \u00e9galement l\u2019invit\u00e9  de Frabrice Grosfilley sur Bel RTL ( <a href=\"http:\/\/rtlinfo.alinfini.be\/index.php?option=com_vpl_videoplayer&amp;task=play&amp;mmo=30946\">Cliquez ici pour \u00e9couter l\u2019interview<\/a>) et de Mathieu Col sur Mint fm (cette interview est disponible <a href=\"http:\/\/www.youmake.tv\/video?id=6875\">en cliquant ici<\/a>.<\/em><\/p>\n<p><strong>Le patron des Verts bruxellois appelle \u00e0 l\u2019union sacr\u00e9e. Parce qu\u2019il y a urgence. La R\u00e9gion s\u2019appauvrit.<\/strong><\/p>\n<p>Entretien<\/p>\n<p>Les Bruxellois existent\u00a0; ils ne se retrouvent pas dans  une Belgique divis\u00e9e en deux camps&#8230; Ce discours, c\u2019est celui d\u2019une  plateforme qui r\u00e9unit patrons, syndicats, repr\u00e9sentants du monde  culturel et associatif de Bruxelles. Leur d\u00e9marche, ils la justifient,  notamment, par l\u2019envie de dire tout haut \u00ab\u00a0ce que nombre de citoyens  pensent et que la classe politique n\u2019ose relayer\u00a0\u00bb. Si le  ministre-pr\u00e9sident bruxellois, Charles Picqu\u00e9, (PS) a apport\u00e9 son  soutien \u00e0 la d\u00e9marche, Christos Doulkeridis, chef de file \u00c9colo \u00e0  Bruxelles, va plus loin.<\/p>\n<p><em>Timor\u00e9e, la classe politique bruxelloise\u00a0?<\/em><\/p>\n<p>Elle ne s\u2019exprime pas beaucoup. Le terrain, lui, parle.  Il fait des propositions bas\u00e9es sur des constats totalement  partageables. O\u00f9 est le politique\u00a0? Il faut arr\u00eater d\u2019avoir peur.  Arr\u00eater de se dire que tout doit \u00eatre r\u00e9gl\u00e9 dans des logiques de  majorit\u00e9 contre opposition ou de francophones contre n\u00e9erlandophones.  Pour un certain nombre d\u2019enjeux, nous devons r\u00e9fl\u00e9chir ensemble.<\/p>\n<p><!--more--><em>De quoi ont-ils peur\u00a0? Du reste, jusqu\u2019ici \u00c9colo se taisait aussi.<\/em><\/p>\n<p>Je parle\u00a0! Et je me suis tu jusqu\u2019ici parce que je ne  suis pas le premier parti\u00a0! Ce type d\u2019initiatives doit \u00eatre pris par les  partis les plus importants. Mais chez \u00c9colo, on n\u2019a pas peur. J\u2019ai trop  souvent entendu, \u00e0 Bruxelles\u00a0: attention on ne peut pas discuter avec  eux parce qu\u2019ils sont dans l\u2019opposition ou parce qu\u2019ils sont t\u00e9l\u00e9guid\u00e9s  par la Flandre. Je ne vais pas perdre ma lucidit\u00e9 ni mes exigences en  allant \u00e0 la table.<\/p>\n<p><em>Se r\u00e9unir, avec quel objectif\u00a0?<\/em><\/p>\n<p>Le destin de Bruxelles doit \u00eatre ma\u00eetris\u00e9 par les  Bruxellois. En Brabant wallon, \u00e0 Li\u00e8ge ou \u00e0 Charleroi, les forces vives,  avec les partis, travaillent \u00e0 un objectif commun. Pourquoi les  Bruxellois en sont-ils incapables\u00a0? Seule exception\u00a0: devant le groupe  Octopus, le gouvernement bruxellois a parl\u00e9 d\u2019une seule voix.<\/p>\n<p><em>L\u2019opposition n\u2019avait pas \u00e9t\u00e9 associ\u00e9e&#8230;<\/em><\/p>\n<p>C\u2019\u00e9tait une erreur \u00e0 ne plus commettre. Qui a eu pour  cons\u00e9quence, sans doute, que tous les partis francophones ne se sont pas  battus pour le refinancement de Bruxelles.<\/p>\n<p><em>L\u2019appel est lanc\u00e9\u00a0?<\/em><\/p>\n<p>La plateforme des forces vives peut prendre  l\u2019initiative. Si elle le fait, \u00c9colo et Groen r\u00e9pondront pr\u00e9sents. Du  reste, la plateforme a \u00e9crit un projet pour Bruxelles. En tant que  pr\u00e9sident de la r\u00e9gionale d\u2019\u00c9colo, j\u2019ai mis ce texte \u00e0 l\u2019ordre du jour  de l\u2019assembl\u00e9e g\u00e9n\u00e9rale d\u2019\u00c9colo mercredi soir et de proposer de  l\u2019adopter. Groen va faire de m\u00eame.<\/p>\n<p><em>Il y a urgence \u00e0 discuter de certaines probl\u00e9matiques\u00a0?<\/em><\/p>\n<p>La R\u00e9gion bruxelloise va f\u00eater ses 20 ans l\u2019an prochain.  Depuis sa cr\u00e9ation, Bruxelles a profond\u00e9ment chang\u00e9\u00a0: 120.000 personnes  ont quitt\u00e9 la ville\u00a0; aujourd\u2019hui, un enfant sur deux qui na\u00eet \u00e0  Bruxelles a au moins un parent d\u2019origine \u00e9trang\u00e8re, marocaine, turque ou  europ\u00e9enne. La ville est de plus en plus internationale. C\u2019est pour  cela qu\u2019\u00c9colo veut \u00e9tendre le droit de vote des \u00e9trangers, europ\u00e9ens ou  non europ\u00e9ens, aux \u00e9lections r\u00e9gionales. Zo\u00e9 Genot et Fouad Lahssaini  d\u00e9poseront une proposition de loi dans les prochains jours.<\/p>\n<p><em>D\u2019autres priorit\u00e9s\u00a0?<\/em><\/p>\n<p>Bruxelles n\u2019est plus non plus la m\u00e9tropole riche,  bourgeoise arrogante qu\u2019elle \u00e9tait il y a quelques ann\u00e9es et qu\u2019elle est  encore aux yeux de nombre de Flamands et de Wallons. La dualisation  s\u2019aggrave. On le voit dans les chiffres du ch\u00f4mage, du nombre  d\u2019allocataires sociaux mais aussi dans l\u2019enseignement, o\u00f9 la situation  est tr\u00e8s grave.<\/p>\n<p><em>Ce qui fait dire \u00e0 certains qu\u2019il faudrait le r\u00e9gionaliser&#8230;<\/em><\/p>\n<p>Mais qui a \u00e9tudi\u00e9 concr\u00e8tement cette proposition\u00a0? Moi,  je d\u00e9fends l\u2019id\u00e9e que la politique d\u2019enseignement \u00e0 Bruxelles doit \u00eatre  d\u00e9finie avec les Bruxellois, id\u00e9alement par les Bruxellois. Cela ne veut  pas encore dire qu\u2019il faut une rupture de solidarit\u00e9 avec la Wallonie\u00a0!  Mais bon, je veux bien en parler.<\/p>\n<p><em>La situation bruxelloise est \u00e0 ce point atypique\u00a0?<\/em><\/p>\n<p>Oui\u00a0! Tous les chiffres montrent combien toutes les  in\u00e9galit\u00e9s qui existent dans l\u2019enseignement de la Communaut\u00e9 fran\u00e7aise,  reconnu comme l\u2019un des plus s\u00e9gr\u00e9gatifs du monde, sont encore plus  graves \u00e0 Bruxelles qu\u2019ailleurs.<\/p>\n<p><em>Pourquoi\u00a0?<\/em><\/p>\n<p>Parce que les politiques de la Communaut\u00e9 ne sont pas  assez diff\u00e9renci\u00e9es. Ce n\u2019est pas seulement une question de financement,  c\u2019est aussi une question de programme, d\u2019organisation.<\/p>\n<p><em>C\u2019est possible en laissant les d\u00e9cisions \u00e0 la Communaut\u00e9\u00a0?<\/em><\/p>\n<p>Je reste sur cet objectif-l\u00e0 parce que je crois que ce  n\u2019est pas qu\u2019un enjeu pour Bruxelles, \u00e7a l\u2019est aussi pour certaines  sous-r\u00e9gions wallonnes. La question de la diff\u00e9renciation, elle touche  en fait \u00e0 l\u2019efficacit\u00e9 des politiques publique.<\/p>\n","protected":false},"excerpt":{"rendered":"<p>Vous trouverez ci-dessous un article publi\u00e9 dans le quotidien Le Soir suite \u00e0 une interview que j\u2019ai accord\u00e9e \u00e0 V\u00e9ronique Lamquin. Au moment o\u00f9 les associations, les syndicats, les entreprises bruxelloises se sont rassembl\u00e9s au sein d\u2019une plateforme commune pour l\u2019avenir de Bruxelles, je lance un appel \u00e0 l\u2019ensemble des formations politiques d\u00e9mocratiques pour r\u00e9fl\u00e9chir ensemble au destin de Bruxelles. Cette r\u00e9flexion pourrait se faire au sein de cette plate forme si elle lance l\u2019invitation. Le visage de Bruxelles a chang\u00e9 en pr\u00e8s de 20 ans d\u2019existence. Les d\u00e9fis en mati\u00e8re d\u2019enseignement, de logement, de mobilit\u00e9, etc. appellent des r\u00e9ponses urgentes qui doivent mobiliser toutes les forces vives. Ce lundi 14 avril, j\u2019\u00e9tais \u00e9galement l\u2019invit\u00e9 de Frabrice Grosfilley sur Bel RTL ( Cliquez ici pour \u00e9couter l\u2019interview) et de Mathieu Col sur Mint fm (cette interview est disponible en cliquant ici. Le patron des Verts bruxellois appelle \u00e0 l\u2019union sacr\u00e9e. Parce qu\u2019il y a urgence. La R\u00e9gion s\u2019appauvrit. Entretien Les Bruxellois existent\u00a0; ils ne se retrouvent pas dans une Belgique divis\u00e9e en deux camps&#8230; Ce discours, c\u2019est celui d\u2019une plateforme qui r\u00e9unit patrons, syndicats, repr\u00e9sentants du monde culturel et associatif de Bruxelles. Leur d\u00e9marche, ils la justifient, notamment, par l\u2019envie [&hellip;]<\/p>\n","protected":false},"author":2,"featured_media":0,"comment_status":"open","ping_status":"open","sticky":false,"template":"","format":"standard","meta":{"_monsterinsights_skip_tracking":false,"_monsterinsights_sitenote_active":false,"_monsterinsights_sitenote_note":"","_monsterinsights_sitenote_category":0,"ngg_post_thumbnail":0,"footnotes":""},"categories":[304,7],"tags":[202,58],"class_list":["post-3977","post","type-post","status-publish","format-standard","hentry","category-mes_realisations","category-revue-de-presse","tag-interview","tag-le-soir"],"yoast_head":"<!-- This site is optimized with the Yoast SEO plugin v27.4 - https:\/\/yoast.com\/product\/yoast-seo-wordpress\/ -->\n<title>&quot;Arr\u00eatons d\u2019avoir peur&quot; - Le Soir (14 avril 2008) - Christos Doulkeridis<\/title>\n<meta name=\"robots\" content=\"index, follow, max-snippet:-1, max-image-preview:large, max-video-preview:-1\" \/>\n<link rel=\"canonical\" href=\"https:\/\/www.doulkeridis.be\/blog\/2008\/04\/14\/arretons-d\u2019avoir-peur-le-soir-14-avril-2008\/\" \/>\n<meta property=\"og:locale\" content=\"fr_FR\" \/>\n<meta property=\"og:type\" content=\"article\" \/>\n<meta property=\"og:title\" content=\"&quot;Arr\u00eatons d\u2019avoir peur&quot; - Le Soir (14 avril 2008) - Christos Doulkeridis\" \/>\n<meta property=\"og:description\" content=\"Vous trouverez ci-dessous un article publi\u00e9 dans le quotidien Le Soir suite \u00e0 une interview que j\u2019ai accord\u00e9e \u00e0 V\u00e9ronique Lamquin. Au moment o\u00f9 les associations, les syndicats, les entreprises bruxelloises se sont rassembl\u00e9s au sein d\u2019une plateforme commune pour l\u2019avenir de Bruxelles, je lance un appel \u00e0 l\u2019ensemble des formations politiques d\u00e9mocratiques pour r\u00e9fl\u00e9chir ensemble au destin de Bruxelles. Cette r\u00e9flexion pourrait se faire au sein de cette plate forme si elle lance l\u2019invitation. Le visage de Bruxelles a chang\u00e9 en pr\u00e8s de 20 ans d\u2019existence. Les d\u00e9fis en mati\u00e8re d\u2019enseignement, de logement, de mobilit\u00e9, etc. appellent des r\u00e9ponses urgentes qui doivent mobiliser toutes les forces vives. Ce lundi 14 avril, j\u2019\u00e9tais \u00e9galement l\u2019invit\u00e9 de Frabrice Grosfilley sur Bel RTL ( Cliquez ici pour \u00e9couter l\u2019interview) et de Mathieu Col sur Mint fm (cette interview est disponible en cliquant ici. Le patron des Verts bruxellois appelle \u00e0 l\u2019union sacr\u00e9e. Parce qu\u2019il y a urgence. La R\u00e9gion s\u2019appauvrit. Entretien Les Bruxellois existent\u00a0; ils ne se retrouvent pas dans une Belgique divis\u00e9e en deux camps&#8230; Ce discours, c\u2019est celui d\u2019une plateforme qui r\u00e9unit patrons, syndicats, repr\u00e9sentants du monde culturel et associatif de Bruxelles. Leur d\u00e9marche, ils la justifient, notamment, par l\u2019envie [&hellip;]\" \/>\n<meta property=\"og:url\" content=\"https:\/\/www.doulkeridis.be\/blog\/2008\/04\/14\/arretons-d\u2019avoir-peur-le-soir-14-avril-2008\/\" \/>\n<meta property=\"og:site_name\" content=\"Christos Doulkeridis\" \/>\n<meta property=\"article:publisher\" content=\"https:\/\/www.facebook.com\/doulkeridis\" \/>\n<meta property=\"article:published_time\" content=\"2008-04-14T12:41:25+00:00\" \/>\n<meta property=\"article:modified_time\" content=\"2011-08-17T09:52:13+00:00\" \/>\n<meta name=\"author\" content=\"Christos Doulkeridis\" \/>\n<meta name=\"twitter:card\" content=\"summary_large_image\" \/>\n<meta name=\"twitter:label1\" content=\"\u00c9crit par\" \/>\n\t<meta name=\"twitter:data1\" content=\"Christos Doulkeridis\" \/>\n\t<meta name=\"twitter:label2\" content=\"Dur\u00e9e de lecture estim\u00e9e\" \/>\n\t<meta name=\"twitter:data2\" content=\"5 minutes\" \/>\n<script type=\"application\/ld+json\" class=\"yoast-schema-graph\">{\"@context\":\"https:\\\/\\\/schema.org\",\"@graph\":[{\"@type\":\"Article\",\"@id\":\"https:\\\/\\\/www.doulkeridis.be\\\/blog\\\/2008\\\/04\\\/14\\\/arretons-d%e2%80%99avoir-peur-le-soir-14-avril-2008\\\/#article\",\"isPartOf\":{\"@id\":\"https:\\\/\\\/www.doulkeridis.be\\\/blog\\\/2008\\\/04\\\/14\\\/arretons-d%e2%80%99avoir-peur-le-soir-14-avril-2008\\\/\"},\"author\":{\"name\":\"Christos Doulkeridis\",\"@id\":\"https:\\\/\\\/www.doulkeridis.be\\\/blog\\\/#\\\/schema\\\/person\\\/9f03f3459f0a4ba4db02aabbba098365\"},\"headline\":\"\u00ab\u00a0Arr\u00eatons d\u2019avoir peur\u00a0\u00bb &#8211; Le Soir (14 avril 2008)\",\"datePublished\":\"2008-04-14T12:41:25+00:00\",\"dateModified\":\"2011-08-17T09:52:13+00:00\",\"mainEntityOfPage\":{\"@id\":\"https:\\\/\\\/www.doulkeridis.be\\\/blog\\\/2008\\\/04\\\/14\\\/arretons-d%e2%80%99avoir-peur-le-soir-14-avril-2008\\\/\"},\"wordCount\":994,\"commentCount\":0,\"publisher\":{\"@id\":\"https:\\\/\\\/www.doulkeridis.be\\\/blog\\\/#organization\"},\"keywords\":[\"interview\",\"Le Soir\"],\"articleSection\":[\"Mes r\u00e9alisations\",\"Presse\"],\"inLanguage\":\"fr-FR\",\"potentialAction\":[{\"@type\":\"CommentAction\",\"name\":\"Comment\",\"target\":[\"https:\\\/\\\/www.doulkeridis.be\\\/blog\\\/2008\\\/04\\\/14\\\/arretons-d%e2%80%99avoir-peur-le-soir-14-avril-2008\\\/#respond\"]}]},{\"@type\":\"WebPage\",\"@id\":\"https:\\\/\\\/www.doulkeridis.be\\\/blog\\\/2008\\\/04\\\/14\\\/arretons-d%e2%80%99avoir-peur-le-soir-14-avril-2008\\\/\",\"url\":\"https:\\\/\\\/www.doulkeridis.be\\\/blog\\\/2008\\\/04\\\/14\\\/arretons-d%e2%80%99avoir-peur-le-soir-14-avril-2008\\\/\",\"name\":\"\\\"Arr\u00eatons d\u2019avoir peur\\\" - Le Soir (14 avril 2008) - Christos Doulkeridis\",\"isPartOf\":{\"@id\":\"https:\\\/\\\/www.doulkeridis.be\\\/blog\\\/#website\"},\"datePublished\":\"2008-04-14T12:41:25+00:00\",\"dateModified\":\"2011-08-17T09:52:13+00:00\",\"breadcrumb\":{\"@id\":\"https:\\\/\\\/www.doulkeridis.be\\\/blog\\\/2008\\\/04\\\/14\\\/arretons-d%e2%80%99avoir-peur-le-soir-14-avril-2008\\\/#breadcrumb\"},\"inLanguage\":\"fr-FR\",\"potentialAction\":[{\"@type\":\"ReadAction\",\"target\":[\"https:\\\/\\\/www.doulkeridis.be\\\/blog\\\/2008\\\/04\\\/14\\\/arretons-d%e2%80%99avoir-peur-le-soir-14-avril-2008\\\/\"]}]},{\"@type\":\"BreadcrumbList\",\"@id\":\"https:\\\/\\\/www.doulkeridis.be\\\/blog\\\/2008\\\/04\\\/14\\\/arretons-d%e2%80%99avoir-peur-le-soir-14-avril-2008\\\/#breadcrumb\",\"itemListElement\":[{\"@type\":\"ListItem\",\"position\":1,\"name\":\"Accueil\",\"item\":\"https:\\\/\\\/www.doulkeridis.be\\\/blog\\\/\"},{\"@type\":\"ListItem\",\"position\":2,\"name\":\"\u00ab\u00a0Arr\u00eatons d\u2019avoir peur\u00a0\u00bb &#8211; Le Soir (14 avril 2008)\"}]},{\"@type\":\"WebSite\",\"@id\":\"https:\\\/\\\/www.doulkeridis.be\\\/blog\\\/#website\",\"url\":\"https:\\\/\\\/www.doulkeridis.be\\\/blog\\\/\",\"name\":\"Christos Doulkeridis\",\"description\":\"Coach | Consultant en solutions, gestion de crise, n\u00e9gociations\",\"publisher\":{\"@id\":\"https:\\\/\\\/www.doulkeridis.be\\\/blog\\\/#organization\"},\"potentialAction\":[{\"@type\":\"SearchAction\",\"target\":{\"@type\":\"EntryPoint\",\"urlTemplate\":\"https:\\\/\\\/www.doulkeridis.be\\\/blog\\\/?s={search_term_string}\"},\"query-input\":{\"@type\":\"PropertyValueSpecification\",\"valueRequired\":true,\"valueName\":\"search_term_string\"}}],\"inLanguage\":\"fr-FR\"},{\"@type\":\"Organization\",\"@id\":\"https:\\\/\\\/www.doulkeridis.be\\\/blog\\\/#organization\",\"name\":\"Ulyse\",\"url\":\"https:\\\/\\\/www.doulkeridis.be\\\/blog\\\/\",\"logo\":{\"@type\":\"ImageObject\",\"inLanguage\":\"fr-FR\",\"@id\":\"https:\\\/\\\/www.doulkeridis.be\\\/blog\\\/#\\\/schema\\\/logo\\\/image\\\/\",\"url\":\"https:\\\/\\\/www.doulkeridis.be\\\/blog\\\/wp-content\\\/uploads\\\/2026\\\/04\\\/2-5.png\",\"contentUrl\":\"https:\\\/\\\/www.doulkeridis.be\\\/blog\\\/wp-content\\\/uploads\\\/2026\\\/04\\\/2-5.png\",\"width\":1024,\"height\":728,\"caption\":\"Ulyse\"},\"image\":{\"@id\":\"https:\\\/\\\/www.doulkeridis.be\\\/blog\\\/#\\\/schema\\\/logo\\\/image\\\/\"},\"sameAs\":[\"https:\\\/\\\/www.facebook.com\\\/doulkeridis\",\"https:\\\/\\\/www.facebook.com\\\/christosdoulkeridis2\"]},{\"@type\":\"Person\",\"@id\":\"https:\\\/\\\/www.doulkeridis.be\\\/blog\\\/#\\\/schema\\\/person\\\/9f03f3459f0a4ba4db02aabbba098365\",\"name\":\"Christos Doulkeridis\",\"image\":{\"@type\":\"ImageObject\",\"inLanguage\":\"fr-FR\",\"@id\":\"https:\\\/\\\/secure.gravatar.com\\\/avatar\\\/71cb6e4369ca0615d93730ef3bc5f54642df4f6bcc59b92763d2ac434abf103e?s=96&d=mm&r=g\",\"url\":\"https:\\\/\\\/secure.gravatar.com\\\/avatar\\\/71cb6e4369ca0615d93730ef3bc5f54642df4f6bcc59b92763d2ac434abf103e?s=96&d=mm&r=g\",\"contentUrl\":\"https:\\\/\\\/secure.gravatar.com\\\/avatar\\\/71cb6e4369ca0615d93730ef3bc5f54642df4f6bcc59b92763d2ac434abf103e?s=96&d=mm&r=g\",\"caption\":\"Christos Doulkeridis\"},\"url\":\"https:\\\/\\\/www.doulkeridis.be\\\/blog\\\/author\\\/christos\\\/\"}]}<\/script>\n<!-- \/ Yoast SEO plugin. -->","yoast_head_json":{"title":"\"Arr\u00eatons d\u2019avoir peur\" - Le Soir (14 avril 2008) - Christos Doulkeridis","robots":{"index":"index","follow":"follow","max-snippet":"max-snippet:-1","max-image-preview":"max-image-preview:large","max-video-preview":"max-video-preview:-1"},"canonical":"https:\/\/www.doulkeridis.be\/blog\/2008\/04\/14\/arretons-d\u2019avoir-peur-le-soir-14-avril-2008\/","og_locale":"fr_FR","og_type":"article","og_title":"\"Arr\u00eatons d\u2019avoir peur\" - Le Soir (14 avril 2008) - Christos Doulkeridis","og_description":"Vous trouverez ci-dessous un article publi\u00e9 dans le quotidien Le Soir suite \u00e0 une interview que j\u2019ai accord\u00e9e \u00e0 V\u00e9ronique Lamquin. Au moment o\u00f9 les associations, les syndicats, les entreprises bruxelloises se sont rassembl\u00e9s au sein d\u2019une plateforme commune pour l\u2019avenir de Bruxelles, je lance un appel \u00e0 l\u2019ensemble des formations politiques d\u00e9mocratiques pour r\u00e9fl\u00e9chir ensemble au destin de Bruxelles. Cette r\u00e9flexion pourrait se faire au sein de cette plate forme si elle lance l\u2019invitation. Le visage de Bruxelles a chang\u00e9 en pr\u00e8s de 20 ans d\u2019existence. Les d\u00e9fis en mati\u00e8re d\u2019enseignement, de logement, de mobilit\u00e9, etc. appellent des r\u00e9ponses urgentes qui doivent mobiliser toutes les forces vives. Ce lundi 14 avril, j\u2019\u00e9tais \u00e9galement l\u2019invit\u00e9 de Frabrice Grosfilley sur Bel RTL ( Cliquez ici pour \u00e9couter l\u2019interview) et de Mathieu Col sur Mint fm (cette interview est disponible en cliquant ici. Le patron des Verts bruxellois appelle \u00e0 l\u2019union sacr\u00e9e. Parce qu\u2019il y a urgence. La R\u00e9gion s\u2019appauvrit. Entretien Les Bruxellois existent\u00a0; ils ne se retrouvent pas dans une Belgique divis\u00e9e en deux camps&#8230; Ce discours, c\u2019est celui d\u2019une plateforme qui r\u00e9unit patrons, syndicats, repr\u00e9sentants du monde culturel et associatif de Bruxelles. Leur d\u00e9marche, ils la justifient, notamment, par l\u2019envie [&hellip;]","og_url":"https:\/\/www.doulkeridis.be\/blog\/2008\/04\/14\/arretons-d\u2019avoir-peur-le-soir-14-avril-2008\/","og_site_name":"Christos Doulkeridis","article_publisher":"https:\/\/www.facebook.com\/doulkeridis","article_published_time":"2008-04-14T12:41:25+00:00","article_modified_time":"2011-08-17T09:52:13+00:00","author":"Christos Doulkeridis","twitter_card":"summary_large_image","twitter_misc":{"\u00c9crit par":"Christos Doulkeridis","Dur\u00e9e de lecture estim\u00e9e":"5 minutes"},"schema":{"@context":"https:\/\/schema.org","@graph":[{"@type":"Article","@id":"https:\/\/www.doulkeridis.be\/blog\/2008\/04\/14\/arretons-d%e2%80%99avoir-peur-le-soir-14-avril-2008\/#article","isPartOf":{"@id":"https:\/\/www.doulkeridis.be\/blog\/2008\/04\/14\/arretons-d%e2%80%99avoir-peur-le-soir-14-avril-2008\/"},"author":{"name":"Christos Doulkeridis","@id":"https:\/\/www.doulkeridis.be\/blog\/#\/schema\/person\/9f03f3459f0a4ba4db02aabbba098365"},"headline":"\u00ab\u00a0Arr\u00eatons d\u2019avoir peur\u00a0\u00bb &#8211; Le Soir (14 avril 2008)","datePublished":"2008-04-14T12:41:25+00:00","dateModified":"2011-08-17T09:52:13+00:00","mainEntityOfPage":{"@id":"https:\/\/www.doulkeridis.be\/blog\/2008\/04\/14\/arretons-d%e2%80%99avoir-peur-le-soir-14-avril-2008\/"},"wordCount":994,"commentCount":0,"publisher":{"@id":"https:\/\/www.doulkeridis.be\/blog\/#organization"},"keywords":["interview","Le Soir"],"articleSection":["Mes r\u00e9alisations","Presse"],"inLanguage":"fr-FR","potentialAction":[{"@type":"CommentAction","name":"Comment","target":["https:\/\/www.doulkeridis.be\/blog\/2008\/04\/14\/arretons-d%e2%80%99avoir-peur-le-soir-14-avril-2008\/#respond"]}]},{"@type":"WebPage","@id":"https:\/\/www.doulkeridis.be\/blog\/2008\/04\/14\/arretons-d%e2%80%99avoir-peur-le-soir-14-avril-2008\/","url":"https:\/\/www.doulkeridis.be\/blog\/2008\/04\/14\/arretons-d%e2%80%99avoir-peur-le-soir-14-avril-2008\/","name":"\"Arr\u00eatons d\u2019avoir peur\" - Le Soir (14 avril 2008) - Christos Doulkeridis","isPartOf":{"@id":"https:\/\/www.doulkeridis.be\/blog\/#website"},"datePublished":"2008-04-14T12:41:25+00:00","dateModified":"2011-08-17T09:52:13+00:00","breadcrumb":{"@id":"https:\/\/www.doulkeridis.be\/blog\/2008\/04\/14\/arretons-d%e2%80%99avoir-peur-le-soir-14-avril-2008\/#breadcrumb"},"inLanguage":"fr-FR","potentialAction":[{"@type":"ReadAction","target":["https:\/\/www.doulkeridis.be\/blog\/2008\/04\/14\/arretons-d%e2%80%99avoir-peur-le-soir-14-avril-2008\/"]}]},{"@type":"BreadcrumbList","@id":"https:\/\/www.doulkeridis.be\/blog\/2008\/04\/14\/arretons-d%e2%80%99avoir-peur-le-soir-14-avril-2008\/#breadcrumb","itemListElement":[{"@type":"ListItem","position":1,"name":"Accueil","item":"https:\/\/www.doulkeridis.be\/blog\/"},{"@type":"ListItem","position":2,"name":"\u00ab\u00a0Arr\u00eatons d\u2019avoir peur\u00a0\u00bb &#8211; Le Soir (14 avril 2008)"}]},{"@type":"WebSite","@id":"https:\/\/www.doulkeridis.be\/blog\/#website","url":"https:\/\/www.doulkeridis.be\/blog\/","name":"Christos Doulkeridis","description":"Coach | Consultant en solutions, gestion de crise, n\u00e9gociations","publisher":{"@id":"https:\/\/www.doulkeridis.be\/blog\/#organization"},"potentialAction":[{"@type":"SearchAction","target":{"@type":"EntryPoint","urlTemplate":"https:\/\/www.doulkeridis.be\/blog\/?s={search_term_string}"},"query-input":{"@type":"PropertyValueSpecification","valueRequired":true,"valueName":"search_term_string"}}],"inLanguage":"fr-FR"},{"@type":"Organization","@id":"https:\/\/www.doulkeridis.be\/blog\/#organization","name":"Ulyse","url":"https:\/\/www.doulkeridis.be\/blog\/","logo":{"@type":"ImageObject","inLanguage":"fr-FR","@id":"https:\/\/www.doulkeridis.be\/blog\/#\/schema\/logo\/image\/","url":"https:\/\/www.doulkeridis.be\/blog\/wp-content\/uploads\/2026\/04\/2-5.png","contentUrl":"https:\/\/www.doulkeridis.be\/blog\/wp-content\/uploads\/2026\/04\/2-5.png","width":1024,"height":728,"caption":"Ulyse"},"image":{"@id":"https:\/\/www.doulkeridis.be\/blog\/#\/schema\/logo\/image\/"},"sameAs":["https:\/\/www.facebook.com\/doulkeridis","https:\/\/www.facebook.com\/christosdoulkeridis2"]},{"@type":"Person","@id":"https:\/\/www.doulkeridis.be\/blog\/#\/schema\/person\/9f03f3459f0a4ba4db02aabbba098365","name":"Christos Doulkeridis","image":{"@type":"ImageObject","inLanguage":"fr-FR","@id":"https:\/\/secure.gravatar.com\/avatar\/71cb6e4369ca0615d93730ef3bc5f54642df4f6bcc59b92763d2ac434abf103e?s=96&d=mm&r=g","url":"https:\/\/secure.gravatar.com\/avatar\/71cb6e4369ca0615d93730ef3bc5f54642df4f6bcc59b92763d2ac434abf103e?s=96&d=mm&r=g","contentUrl":"https:\/\/secure.gravatar.com\/avatar\/71cb6e4369ca0615d93730ef3bc5f54642df4f6bcc59b92763d2ac434abf103e?s=96&d=mm&r=g","caption":"Christos Doulkeridis"},"url":"https:\/\/www.doulkeridis.be\/blog\/author\/christos\/"}]}},"_links":{"self":[{"href":"https:\/\/www.doulkeridis.be\/blog\/wp-json\/wp\/v2\/posts\/3977","targetHints":{"allow":["GET"]}}],"collection":[{"href":"https:\/\/www.doulkeridis.be\/blog\/wp-json\/wp\/v2\/posts"}],"about":[{"href":"https:\/\/www.doulkeridis.be\/blog\/wp-json\/wp\/v2\/types\/post"}],"author":[{"embeddable":true,"href":"https:\/\/www.doulkeridis.be\/blog\/wp-json\/wp\/v2\/users\/2"}],"replies":[{"embeddable":true,"href":"https:\/\/www.doulkeridis.be\/blog\/wp-json\/wp\/v2\/comments?post=3977"}],"version-history":[{"count":3,"href":"https:\/\/www.doulkeridis.be\/blog\/wp-json\/wp\/v2\/posts\/3977\/revisions"}],"predecessor-version":[{"id":4148,"href":"https:\/\/www.doulkeridis.be\/blog\/wp-json\/wp\/v2\/posts\/3977\/revisions\/4148"}],"wp:attachment":[{"href":"https:\/\/www.doulkeridis.be\/blog\/wp-json\/wp\/v2\/media?parent=3977"}],"wp:term":[{"taxonomy":"category","embeddable":true,"href":"https:\/\/www.doulkeridis.be\/blog\/wp-json\/wp\/v2\/categories?post=3977"},{"taxonomy":"post_tag","embeddable":true,"href":"https:\/\/www.doulkeridis.be\/blog\/wp-json\/wp\/v2\/tags?post=3977"}],"curies":[{"name":"wp","href":"https:\/\/api.w.org\/{rel}","templated":true}]}}