{"id":4031,"date":"2007-02-27T17:55:38","date_gmt":"2007-02-27T15:55:38","guid":{"rendered":"http:\/\/www.doulkeridis.be\/blog\/?p=4031"},"modified":"2011-08-17T11:42:25","modified_gmt":"2011-08-17T09:42:25","slug":"brxlbravo-quand-le-monde-culturel-montre-l%e2%80%99exemple","status":"publish","type":"post","link":"https:\/\/www.doulkeridis.be\/blog\/2007\/02\/27\/brxlbravo-quand-le-monde-culturel-montre-l%e2%80%99exemple\/","title":{"rendered":"BRXLBravo, quand le monde culturel montre l\u2019exemple"},"content":{"rendered":"<div dir=\"ltr\"><img loading=\"lazy\" decoding=\"async\" class=\"alignleft\" src=\"..\/..\/IMG\/arton339.jpg\" alt=\"http:\/\/www.doulkeridis.be\/IMG\/arton339.jpg\" width=\"430\" height=\"293\" \/><strong>Si vous n\u2019avez rien pr\u00e9vu le week-end du 2-3 et 4 mars 2007, je vous  conseille vivement de participer \u00e0 BRXLBravo. Cet \u00e9v\u00e8nement unique dans  une capitale r\u00e9sulte d\u2019une synergie exceptionnelle entre des artistes,  des institutions flamandes et francophones, multiculturelles et  internationales, qui se rassemblent autour d\u2019un projet commun.&nbsp;<\/p>\n<p>Depuis mon entr\u00e9e en fonction en tant que Pr\u00e9sident du  Parlement francophone bruxellois, j\u2019ai souhait\u00e9 d\u00e9velopper des  synergies, \u00e0 l\u2019image de cette manifestation culturelle, avec mon  homologue n\u00e9erlandophone. Ainsi, nous avons invit\u00e9 des jeunes  francophones et n\u00e9erlandophones \u00e0 dialoguer au Parlement. Un dialogue  qui a permis de briser un certain nombre de clich\u00e9s pr\u00e9sents au sein des  communaut\u00e9s.<\/p>\n<p>Vous trouverez ci-dessous l\u2019ensemble des informations.<\/p>\n<p><\/strong><strong> <\/strong><\/p>\n<\/div>\n<p>Les 2, 3 et 4 mars prochains, une centaine de lieux culturels et une  foule d\u2019autres partenaires s\u2019associent pour proposer un programme unique  par son ampleur (+ de 300 activit\u00e9s r\u00e9parties dans tout Bruxelles) et  sa teneur\u00a0: musique, th\u00e9\u00e2tre, danse, arts visuels, cin\u00e9ma, photo, &#8230; de  quoi rassasier, \u00e0 un prix d\u00e9mocratique, notre soif culturelle et  d\u00e9couvrir de nouveaux lieux, de nouveaux artistes.<\/p>\n<p>Ce festival des Arts est une occasion de bousculer nos  habitudes, de remettre en question l\u2019une ou l\u2019autre de nos certitudes,  et de partir \u00e0 la d\u00e9couverte de lieux culturels dont on ne soup\u00e7onne pas  toujours la richesse.<\/p>\n<h3>Infos pratiques<\/h3>\n<p>&nbsp;<\/p>\n<p><strong>Tickets<\/strong> | 1 pass = 3 jours = 10 \u20ac (STIB inclus)<br \/>\nCe pass vous donne acc\u00e8s \u00e0 toutes les activit\u00e9s BRXLBravo. Pour  certaines activit\u00e9s, il est conseill\u00e9 de r\u00e9server aupr\u00e8s des lieux  concern\u00e9s. Les manifestations dans les espaces publics sont gratuites.<\/p>\n<p><strong>&#8211; de 12 ans<\/strong> : gratuit<\/p>\n<p><strong>Art. 27<\/strong> : 1,25 \u20ac<\/p>\n<p><strong>Vente<\/strong> | le pass est en vente tout au long du week-end aupr\u00e8s des lieux participants.<\/p>\n<p>Pour conna\u00eetre le programme, consultez les site de <a href=\"http:\/\/www.brxlbravo.be\/\">BRXLBravo<\/a> ou t\u00e9l\u00e9phonez au 070 222 199<\/p>\n","protected":false},"excerpt":{"rendered":"<p>Si vous n\u2019avez rien pr\u00e9vu le week-end du 2-3 et 4 mars 2007, je vous conseille vivement de participer \u00e0 BRXLBravo. Cet \u00e9v\u00e8nement unique dans une capitale r\u00e9sulte d\u2019une synergie exceptionnelle entre des artistes, des institutions flamandes et francophones, multiculturelles et internationales, qui se rassemblent autour d\u2019un projet commun.&nbsp; Depuis mon entr\u00e9e en fonction en tant que Pr\u00e9sident du Parlement francophone bruxellois, j\u2019ai souhait\u00e9 d\u00e9velopper des synergies, \u00e0 l\u2019image de cette manifestation culturelle, avec mon homologue n\u00e9erlandophone. Ainsi, nous avons invit\u00e9 des jeunes francophones et n\u00e9erlandophones \u00e0 dialoguer au Parlement. Un dialogue qui a permis de briser un certain nombre de clich\u00e9s pr\u00e9sents au sein des communaut\u00e9s. Vous trouverez ci-dessous l\u2019ensemble des informations. Les 2, 3 et 4 mars prochains, une centaine de lieux culturels et une foule d\u2019autres partenaires s\u2019associent pour proposer un programme unique par son ampleur (+ de 300 activit\u00e9s r\u00e9parties dans tout Bruxelles) et sa teneur\u00a0: musique, th\u00e9\u00e2tre, danse, arts visuels, cin\u00e9ma, photo, &#8230; de quoi rassasier, \u00e0 un prix d\u00e9mocratique, notre soif culturelle et d\u00e9couvrir de nouveaux lieux, de nouveaux artistes. Ce festival des Arts est une occasion de bousculer nos habitudes, de remettre en question l\u2019une ou l\u2019autre de nos certitudes, et de partir [&hellip;]<\/p>\n","protected":false},"author":2,"featured_media":0,"comment_status":"open","ping_status":"open","sticky":false,"template":"","format":"standard","meta":{"_monsterinsights_skip_tracking":false,"_monsterinsights_sitenote_active":false,"_monsterinsights_sitenote_note":"","_monsterinsights_sitenote_category":0,"ngg_post_thumbnail":0,"footnotes":""},"categories":[83,305],"tags":[258,1021],"class_list":["post-4031","post","type-post","status-publish","format-standard","hentry","category-culture","category-mes-coups-de-coeur","tag-crise-politique","tag-culture"],"yoast_head":"<!-- This site is optimized with the Yoast SEO plugin v27.4 - https:\/\/yoast.com\/product\/yoast-seo-wordpress\/ -->\n<title>BRXLBravo, quand le monde culturel montre l\u2019exemple  - Christos Doulkeridis<\/title>\n<meta name=\"robots\" content=\"index, follow, max-snippet:-1, max-image-preview:large, max-video-preview:-1\" \/>\n<link rel=\"canonical\" href=\"https:\/\/www.doulkeridis.be\/blog\/2007\/02\/27\/brxlbravo-quand-le-monde-culturel-montre-l\u2019exemple\/\" \/>\n<meta property=\"og:locale\" content=\"fr_FR\" \/>\n<meta property=\"og:type\" content=\"article\" \/>\n<meta property=\"og:title\" content=\"BRXLBravo, quand le monde culturel montre l\u2019exemple  - Christos Doulkeridis\" \/>\n<meta property=\"og:description\" content=\"Si vous n\u2019avez rien pr\u00e9vu le week-end du 2-3 et 4 mars 2007, je vous conseille vivement de participer \u00e0 BRXLBravo. Cet \u00e9v\u00e8nement unique dans une capitale r\u00e9sulte d\u2019une synergie exceptionnelle entre des artistes, des institutions flamandes et francophones, multiculturelles et internationales, qui se rassemblent autour d\u2019un projet commun.&nbsp; Depuis mon entr\u00e9e en fonction en tant que Pr\u00e9sident du Parlement francophone bruxellois, j\u2019ai souhait\u00e9 d\u00e9velopper des synergies, \u00e0 l\u2019image de cette manifestation culturelle, avec mon homologue n\u00e9erlandophone. Ainsi, nous avons invit\u00e9 des jeunes francophones et n\u00e9erlandophones \u00e0 dialoguer au Parlement. Un dialogue qui a permis de briser un certain nombre de clich\u00e9s pr\u00e9sents au sein des communaut\u00e9s. Vous trouverez ci-dessous l\u2019ensemble des informations. Les 2, 3 et 4 mars prochains, une centaine de lieux culturels et une foule d\u2019autres partenaires s\u2019associent pour proposer un programme unique par son ampleur (+ de 300 activit\u00e9s r\u00e9parties dans tout Bruxelles) et sa teneur\u00a0: musique, th\u00e9\u00e2tre, danse, arts visuels, cin\u00e9ma, photo, &#8230; de quoi rassasier, \u00e0 un prix d\u00e9mocratique, notre soif culturelle et d\u00e9couvrir de nouveaux lieux, de nouveaux artistes. Ce festival des Arts est une occasion de bousculer nos habitudes, de remettre en question l\u2019une ou l\u2019autre de nos certitudes, et de partir [&hellip;]\" \/>\n<meta property=\"og:url\" content=\"https:\/\/www.doulkeridis.be\/blog\/2007\/02\/27\/brxlbravo-quand-le-monde-culturel-montre-l\u2019exemple\/\" \/>\n<meta property=\"og:site_name\" content=\"Christos Doulkeridis\" \/>\n<meta property=\"article:publisher\" content=\"https:\/\/www.facebook.com\/doulkeridis\" \/>\n<meta property=\"article:published_time\" content=\"2007-02-27T15:55:38+00:00\" \/>\n<meta property=\"article:modified_time\" content=\"2011-08-17T09:42:25+00:00\" \/>\n<meta name=\"author\" content=\"Christos Doulkeridis\" \/>\n<meta name=\"twitter:card\" content=\"summary_large_image\" \/>\n<meta name=\"twitter:label1\" content=\"\u00c9crit par\" \/>\n\t<meta name=\"twitter:data1\" content=\"Christos Doulkeridis\" \/>\n\t<meta name=\"twitter:label2\" content=\"Dur\u00e9e de lecture estim\u00e9e\" \/>\n\t<meta name=\"twitter:data2\" content=\"2 minutes\" \/>\n<script type=\"application\/ld+json\" class=\"yoast-schema-graph\">{\"@context\":\"https:\\\/\\\/schema.org\",\"@graph\":[{\"@type\":\"Article\",\"@id\":\"https:\\\/\\\/www.doulkeridis.be\\\/blog\\\/2007\\\/02\\\/27\\\/brxlbravo-quand-le-monde-culturel-montre-l%e2%80%99exemple\\\/#article\",\"isPartOf\":{\"@id\":\"https:\\\/\\\/www.doulkeridis.be\\\/blog\\\/2007\\\/02\\\/27\\\/brxlbravo-quand-le-monde-culturel-montre-l%e2%80%99exemple\\\/\"},\"author\":{\"name\":\"Christos Doulkeridis\",\"@id\":\"https:\\\/\\\/www.doulkeridis.be\\\/blog\\\/#\\\/schema\\\/person\\\/9f03f3459f0a4ba4db02aabbba098365\"},\"headline\":\"BRXLBravo, quand le monde culturel montre l\u2019exemple\",\"datePublished\":\"2007-02-27T15:55:38+00:00\",\"dateModified\":\"2011-08-17T09:42:25+00:00\",\"mainEntityOfPage\":{\"@id\":\"https:\\\/\\\/www.doulkeridis.be\\\/blog\\\/2007\\\/02\\\/27\\\/brxlbravo-quand-le-monde-culturel-montre-l%e2%80%99exemple\\\/\"},\"wordCount\":318,\"commentCount\":0,\"publisher\":{\"@id\":\"https:\\\/\\\/www.doulkeridis.be\\\/blog\\\/#organization\"},\"keywords\":[\"crise politique\",\"Culture\"],\"articleSection\":[\"Culture\",\"Mes coups de coeur\"],\"inLanguage\":\"fr-FR\",\"potentialAction\":[{\"@type\":\"CommentAction\",\"name\":\"Comment\",\"target\":[\"https:\\\/\\\/www.doulkeridis.be\\\/blog\\\/2007\\\/02\\\/27\\\/brxlbravo-quand-le-monde-culturel-montre-l%e2%80%99exemple\\\/#respond\"]}]},{\"@type\":\"WebPage\",\"@id\":\"https:\\\/\\\/www.doulkeridis.be\\\/blog\\\/2007\\\/02\\\/27\\\/brxlbravo-quand-le-monde-culturel-montre-l%e2%80%99exemple\\\/\",\"url\":\"https:\\\/\\\/www.doulkeridis.be\\\/blog\\\/2007\\\/02\\\/27\\\/brxlbravo-quand-le-monde-culturel-montre-l%e2%80%99exemple\\\/\",\"name\":\"BRXLBravo, quand le monde culturel montre l\u2019exemple - Christos Doulkeridis\",\"isPartOf\":{\"@id\":\"https:\\\/\\\/www.doulkeridis.be\\\/blog\\\/#website\"},\"datePublished\":\"2007-02-27T15:55:38+00:00\",\"dateModified\":\"2011-08-17T09:42:25+00:00\",\"breadcrumb\":{\"@id\":\"https:\\\/\\\/www.doulkeridis.be\\\/blog\\\/2007\\\/02\\\/27\\\/brxlbravo-quand-le-monde-culturel-montre-l%e2%80%99exemple\\\/#breadcrumb\"},\"inLanguage\":\"fr-FR\",\"potentialAction\":[{\"@type\":\"ReadAction\",\"target\":[\"https:\\\/\\\/www.doulkeridis.be\\\/blog\\\/2007\\\/02\\\/27\\\/brxlbravo-quand-le-monde-culturel-montre-l%e2%80%99exemple\\\/\"]}]},{\"@type\":\"BreadcrumbList\",\"@id\":\"https:\\\/\\\/www.doulkeridis.be\\\/blog\\\/2007\\\/02\\\/27\\\/brxlbravo-quand-le-monde-culturel-montre-l%e2%80%99exemple\\\/#breadcrumb\",\"itemListElement\":[{\"@type\":\"ListItem\",\"position\":1,\"name\":\"Accueil\",\"item\":\"https:\\\/\\\/www.doulkeridis.be\\\/blog\\\/\"},{\"@type\":\"ListItem\",\"position\":2,\"name\":\"BRXLBravo, quand le monde culturel montre l\u2019exemple\"}]},{\"@type\":\"WebSite\",\"@id\":\"https:\\\/\\\/www.doulkeridis.be\\\/blog\\\/#website\",\"url\":\"https:\\\/\\\/www.doulkeridis.be\\\/blog\\\/\",\"name\":\"Christos Doulkeridis\",\"description\":\"Coach | Consultant en solutions, gestion de crise, n\u00e9gociations\",\"publisher\":{\"@id\":\"https:\\\/\\\/www.doulkeridis.be\\\/blog\\\/#organization\"},\"potentialAction\":[{\"@type\":\"SearchAction\",\"target\":{\"@type\":\"EntryPoint\",\"urlTemplate\":\"https:\\\/\\\/www.doulkeridis.be\\\/blog\\\/?s={search_term_string}\"},\"query-input\":{\"@type\":\"PropertyValueSpecification\",\"valueRequired\":true,\"valueName\":\"search_term_string\"}}],\"inLanguage\":\"fr-FR\"},{\"@type\":\"Organization\",\"@id\":\"https:\\\/\\\/www.doulkeridis.be\\\/blog\\\/#organization\",\"name\":\"Ulyse\",\"url\":\"https:\\\/\\\/www.doulkeridis.be\\\/blog\\\/\",\"logo\":{\"@type\":\"ImageObject\",\"inLanguage\":\"fr-FR\",\"@id\":\"https:\\\/\\\/www.doulkeridis.be\\\/blog\\\/#\\\/schema\\\/logo\\\/image\\\/\",\"url\":\"https:\\\/\\\/www.doulkeridis.be\\\/blog\\\/wp-content\\\/uploads\\\/2026\\\/04\\\/2-5.png\",\"contentUrl\":\"https:\\\/\\\/www.doulkeridis.be\\\/blog\\\/wp-content\\\/uploads\\\/2026\\\/04\\\/2-5.png\",\"width\":1024,\"height\":728,\"caption\":\"Ulyse\"},\"image\":{\"@id\":\"https:\\\/\\\/www.doulkeridis.be\\\/blog\\\/#\\\/schema\\\/logo\\\/image\\\/\"},\"sameAs\":[\"https:\\\/\\\/www.facebook.com\\\/doulkeridis\",\"https:\\\/\\\/www.facebook.com\\\/christosdoulkeridis2\"]},{\"@type\":\"Person\",\"@id\":\"https:\\\/\\\/www.doulkeridis.be\\\/blog\\\/#\\\/schema\\\/person\\\/9f03f3459f0a4ba4db02aabbba098365\",\"name\":\"Christos Doulkeridis\",\"image\":{\"@type\":\"ImageObject\",\"inLanguage\":\"fr-FR\",\"@id\":\"https:\\\/\\\/secure.gravatar.com\\\/avatar\\\/71cb6e4369ca0615d93730ef3bc5f54642df4f6bcc59b92763d2ac434abf103e?s=96&d=mm&r=g\",\"url\":\"https:\\\/\\\/secure.gravatar.com\\\/avatar\\\/71cb6e4369ca0615d93730ef3bc5f54642df4f6bcc59b92763d2ac434abf103e?s=96&d=mm&r=g\",\"contentUrl\":\"https:\\\/\\\/secure.gravatar.com\\\/avatar\\\/71cb6e4369ca0615d93730ef3bc5f54642df4f6bcc59b92763d2ac434abf103e?s=96&d=mm&r=g\",\"caption\":\"Christos Doulkeridis\"},\"url\":\"https:\\\/\\\/www.doulkeridis.be\\\/blog\\\/author\\\/christos\\\/\"}]}<\/script>\n<!-- \/ Yoast SEO plugin. -->","yoast_head_json":{"title":"BRXLBravo, quand le monde culturel montre l\u2019exemple  - Christos Doulkeridis","robots":{"index":"index","follow":"follow","max-snippet":"max-snippet:-1","max-image-preview":"max-image-preview:large","max-video-preview":"max-video-preview:-1"},"canonical":"https:\/\/www.doulkeridis.be\/blog\/2007\/02\/27\/brxlbravo-quand-le-monde-culturel-montre-l\u2019exemple\/","og_locale":"fr_FR","og_type":"article","og_title":"BRXLBravo, quand le monde culturel montre l\u2019exemple  - Christos Doulkeridis","og_description":"Si vous n\u2019avez rien pr\u00e9vu le week-end du 2-3 et 4 mars 2007, je vous conseille vivement de participer \u00e0 BRXLBravo. Cet \u00e9v\u00e8nement unique dans une capitale r\u00e9sulte d\u2019une synergie exceptionnelle entre des artistes, des institutions flamandes et francophones, multiculturelles et internationales, qui se rassemblent autour d\u2019un projet commun.&nbsp; Depuis mon entr\u00e9e en fonction en tant que Pr\u00e9sident du Parlement francophone bruxellois, j\u2019ai souhait\u00e9 d\u00e9velopper des synergies, \u00e0 l\u2019image de cette manifestation culturelle, avec mon homologue n\u00e9erlandophone. Ainsi, nous avons invit\u00e9 des jeunes francophones et n\u00e9erlandophones \u00e0 dialoguer au Parlement. Un dialogue qui a permis de briser un certain nombre de clich\u00e9s pr\u00e9sents au sein des communaut\u00e9s. Vous trouverez ci-dessous l\u2019ensemble des informations. Les 2, 3 et 4 mars prochains, une centaine de lieux culturels et une foule d\u2019autres partenaires s\u2019associent pour proposer un programme unique par son ampleur (+ de 300 activit\u00e9s r\u00e9parties dans tout Bruxelles) et sa teneur\u00a0: musique, th\u00e9\u00e2tre, danse, arts visuels, cin\u00e9ma, photo, &#8230; de quoi rassasier, \u00e0 un prix d\u00e9mocratique, notre soif culturelle et d\u00e9couvrir de nouveaux lieux, de nouveaux artistes. Ce festival des Arts est une occasion de bousculer nos habitudes, de remettre en question l\u2019une ou l\u2019autre de nos certitudes, et de partir [&hellip;]","og_url":"https:\/\/www.doulkeridis.be\/blog\/2007\/02\/27\/brxlbravo-quand-le-monde-culturel-montre-l\u2019exemple\/","og_site_name":"Christos Doulkeridis","article_publisher":"https:\/\/www.facebook.com\/doulkeridis","article_published_time":"2007-02-27T15:55:38+00:00","article_modified_time":"2011-08-17T09:42:25+00:00","author":"Christos Doulkeridis","twitter_card":"summary_large_image","twitter_misc":{"\u00c9crit par":"Christos Doulkeridis","Dur\u00e9e de lecture estim\u00e9e":"2 minutes"},"schema":{"@context":"https:\/\/schema.org","@graph":[{"@type":"Article","@id":"https:\/\/www.doulkeridis.be\/blog\/2007\/02\/27\/brxlbravo-quand-le-monde-culturel-montre-l%e2%80%99exemple\/#article","isPartOf":{"@id":"https:\/\/www.doulkeridis.be\/blog\/2007\/02\/27\/brxlbravo-quand-le-monde-culturel-montre-l%e2%80%99exemple\/"},"author":{"name":"Christos Doulkeridis","@id":"https:\/\/www.doulkeridis.be\/blog\/#\/schema\/person\/9f03f3459f0a4ba4db02aabbba098365"},"headline":"BRXLBravo, quand le monde culturel montre l\u2019exemple","datePublished":"2007-02-27T15:55:38+00:00","dateModified":"2011-08-17T09:42:25+00:00","mainEntityOfPage":{"@id":"https:\/\/www.doulkeridis.be\/blog\/2007\/02\/27\/brxlbravo-quand-le-monde-culturel-montre-l%e2%80%99exemple\/"},"wordCount":318,"commentCount":0,"publisher":{"@id":"https:\/\/www.doulkeridis.be\/blog\/#organization"},"keywords":["crise politique","Culture"],"articleSection":["Culture","Mes coups de coeur"],"inLanguage":"fr-FR","potentialAction":[{"@type":"CommentAction","name":"Comment","target":["https:\/\/www.doulkeridis.be\/blog\/2007\/02\/27\/brxlbravo-quand-le-monde-culturel-montre-l%e2%80%99exemple\/#respond"]}]},{"@type":"WebPage","@id":"https:\/\/www.doulkeridis.be\/blog\/2007\/02\/27\/brxlbravo-quand-le-monde-culturel-montre-l%e2%80%99exemple\/","url":"https:\/\/www.doulkeridis.be\/blog\/2007\/02\/27\/brxlbravo-quand-le-monde-culturel-montre-l%e2%80%99exemple\/","name":"BRXLBravo, quand le monde culturel montre l\u2019exemple - Christos Doulkeridis","isPartOf":{"@id":"https:\/\/www.doulkeridis.be\/blog\/#website"},"datePublished":"2007-02-27T15:55:38+00:00","dateModified":"2011-08-17T09:42:25+00:00","breadcrumb":{"@id":"https:\/\/www.doulkeridis.be\/blog\/2007\/02\/27\/brxlbravo-quand-le-monde-culturel-montre-l%e2%80%99exemple\/#breadcrumb"},"inLanguage":"fr-FR","potentialAction":[{"@type":"ReadAction","target":["https:\/\/www.doulkeridis.be\/blog\/2007\/02\/27\/brxlbravo-quand-le-monde-culturel-montre-l%e2%80%99exemple\/"]}]},{"@type":"BreadcrumbList","@id":"https:\/\/www.doulkeridis.be\/blog\/2007\/02\/27\/brxlbravo-quand-le-monde-culturel-montre-l%e2%80%99exemple\/#breadcrumb","itemListElement":[{"@type":"ListItem","position":1,"name":"Accueil","item":"https:\/\/www.doulkeridis.be\/blog\/"},{"@type":"ListItem","position":2,"name":"BRXLBravo, quand le monde culturel montre l\u2019exemple"}]},{"@type":"WebSite","@id":"https:\/\/www.doulkeridis.be\/blog\/#website","url":"https:\/\/www.doulkeridis.be\/blog\/","name":"Christos Doulkeridis","description":"Coach | Consultant en solutions, gestion de crise, n\u00e9gociations","publisher":{"@id":"https:\/\/www.doulkeridis.be\/blog\/#organization"},"potentialAction":[{"@type":"SearchAction","target":{"@type":"EntryPoint","urlTemplate":"https:\/\/www.doulkeridis.be\/blog\/?s={search_term_string}"},"query-input":{"@type":"PropertyValueSpecification","valueRequired":true,"valueName":"search_term_string"}}],"inLanguage":"fr-FR"},{"@type":"Organization","@id":"https:\/\/www.doulkeridis.be\/blog\/#organization","name":"Ulyse","url":"https:\/\/www.doulkeridis.be\/blog\/","logo":{"@type":"ImageObject","inLanguage":"fr-FR","@id":"https:\/\/www.doulkeridis.be\/blog\/#\/schema\/logo\/image\/","url":"https:\/\/www.doulkeridis.be\/blog\/wp-content\/uploads\/2026\/04\/2-5.png","contentUrl":"https:\/\/www.doulkeridis.be\/blog\/wp-content\/uploads\/2026\/04\/2-5.png","width":1024,"height":728,"caption":"Ulyse"},"image":{"@id":"https:\/\/www.doulkeridis.be\/blog\/#\/schema\/logo\/image\/"},"sameAs":["https:\/\/www.facebook.com\/doulkeridis","https:\/\/www.facebook.com\/christosdoulkeridis2"]},{"@type":"Person","@id":"https:\/\/www.doulkeridis.be\/blog\/#\/schema\/person\/9f03f3459f0a4ba4db02aabbba098365","name":"Christos Doulkeridis","image":{"@type":"ImageObject","inLanguage":"fr-FR","@id":"https:\/\/secure.gravatar.com\/avatar\/71cb6e4369ca0615d93730ef3bc5f54642df4f6bcc59b92763d2ac434abf103e?s=96&d=mm&r=g","url":"https:\/\/secure.gravatar.com\/avatar\/71cb6e4369ca0615d93730ef3bc5f54642df4f6bcc59b92763d2ac434abf103e?s=96&d=mm&r=g","contentUrl":"https:\/\/secure.gravatar.com\/avatar\/71cb6e4369ca0615d93730ef3bc5f54642df4f6bcc59b92763d2ac434abf103e?s=96&d=mm&r=g","caption":"Christos Doulkeridis"},"url":"https:\/\/www.doulkeridis.be\/blog\/author\/christos\/"}]}},"_links":{"self":[{"href":"https:\/\/www.doulkeridis.be\/blog\/wp-json\/wp\/v2\/posts\/4031","targetHints":{"allow":["GET"]}}],"collection":[{"href":"https:\/\/www.doulkeridis.be\/blog\/wp-json\/wp\/v2\/posts"}],"about":[{"href":"https:\/\/www.doulkeridis.be\/blog\/wp-json\/wp\/v2\/types\/post"}],"author":[{"embeddable":true,"href":"https:\/\/www.doulkeridis.be\/blog\/wp-json\/wp\/v2\/users\/2"}],"replies":[{"embeddable":true,"href":"https:\/\/www.doulkeridis.be\/blog\/wp-json\/wp\/v2\/comments?post=4031"}],"version-history":[{"count":2,"href":"https:\/\/www.doulkeridis.be\/blog\/wp-json\/wp\/v2\/posts\/4031\/revisions"}],"predecessor-version":[{"id":4135,"href":"https:\/\/www.doulkeridis.be\/blog\/wp-json\/wp\/v2\/posts\/4031\/revisions\/4135"}],"wp:attachment":[{"href":"https:\/\/www.doulkeridis.be\/blog\/wp-json\/wp\/v2\/media?parent=4031"}],"wp:term":[{"taxonomy":"category","embeddable":true,"href":"https:\/\/www.doulkeridis.be\/blog\/wp-json\/wp\/v2\/categories?post=4031"},{"taxonomy":"post_tag","embeddable":true,"href":"https:\/\/www.doulkeridis.be\/blog\/wp-json\/wp\/v2\/tags?post=4031"}],"curies":[{"name":"wp","href":"https:\/\/api.w.org\/{rel}","templated":true}]}}