{"id":4033,"date":"2007-01-25T17:57:06","date_gmt":"2007-01-25T15:57:06","guid":{"rendered":"http:\/\/www.doulkeridis.be\/blog\/?p=4033"},"modified":"2011-08-17T11:41:49","modified_gmt":"2011-08-17T09:41:49","slug":"mieux-vivre-ensemble-a-bruxelles-80-jeunes-francophones-et-neerlandophones-dialoguent-et-proposent-leurs-solutions","status":"publish","type":"post","link":"https:\/\/www.doulkeridis.be\/blog\/2007\/01\/25\/mieux-vivre-ensemble-a-bruxelles-80-jeunes-francophones-et-neerlandophones-dialoguent-et-proposent-leurs-solutions\/","title":{"rendered":"Mieux vivre ensemble \u00e0 Bruxelles : 80 jeunes francophones et n\u00e9erlandophones dialoguent et proposent leurs solutions"},"content":{"rendered":"<div dir=\"ltr\"><strong>D\u00e8s mon entr\u00e9e en fonction \u00e0  la pr\u00e9sidence du Parlement francophone bruxellois, il m\u2019a paru  important d\u2019imprimer la marque des \u00e9cologistes dans un domaine essentiel  pour Bruxelles\u00a0: le dialogue entre communaut\u00e9s en d\u00e9veloppant des  initiatives dans une s\u00e9rie de secteurs avec les N\u00e9erlandophones de  Bruxelles. En effet, alors que la COCOF signe r\u00e9guli\u00e8rement des accords  de coop\u00e9ration avec le Vietnam, le Maroc, le Qu\u00e9bec, le Jura, &#8230; il me  semblait logique de coop\u00e9rer avec notre voisin le plus proche. Logique,  mais manifestement pas si \u00e9vident aux yeux de tout le monde&#8230; Je suis  heureux d\u2019avoir pu convaincre le Bureau du Parlement francophone  bruxellois et l\u2019ensemble des partis francophones bruxellois du bons sens  de cette proposition. <\/strong><\/div>\n<div dir=\"ltr\"><strong><!--more--><\/strong>Durant les premiers mois de mon mandat, j\u2019ai pris contact avec le  Pr\u00e9sident du Conseil de la Vlaamse Gemeenschapscommissie, Jean-Luc  VANRAES. Ensemble, nous sommes arriv\u00e9s au constat que les deux  commissions communautaires bruxelloises \u00e9taient confront\u00e9es aux m\u00eames  difficult\u00e9s en mati\u00e8re d\u2019enseignement, de culture, de sant\u00e9, d\u2019aide aux  personnes \u00e2g\u00e9es, etc.<\/div>\n<p>Ces contacts ont d\u00e9bouch\u00e9 sur l\u2019organisation d\u2019une  premi\u00e8re action\u00a0: nos deux assembl\u00e9es ont organis\u00e9 ce 25 janvier 2007  une s\u00e9ance pl\u00e9ni\u00e8re au Parlement bruxellois entre des \u00e9l\u00e8ves  francophones et n\u00e9erlandophones de l\u2019enseignement secondaire. Ces  discussions ont eu pour th\u00e8me la vision que l\u2019on a de l\u2019autre  communaut\u00e9, l\u2019enseignement et le bilinguisme dans les \u00e9coles\u00a0; le sens  civique et la s\u00e9curit\u00e9\u00a0; les enjeux pour les jeunes en mati\u00e8re de sports  et d\u2019 activit\u00e9s culturelles et la question des d\u00e9placements pour y  participer. Cette s\u00e9ance a permis de d\u00e9marrer une logique de dialogue  entre jeunes, de briser un certain nombre de clich\u00e9s et de mener \u00e0 une  meilleure connaissance de la culture de l\u2019autre communaut\u00e9 linguistique.<br \/>\nJe suis heureux de la richesse de cette premi\u00e8re matin\u00e9e et de la  qualit\u00e9 des \u00e9changes qui y ont eu lieu. Ces jeunes sont venus avec des  propositions concr\u00e8tes pour mieux vivre ensemble &#8211; comme l\u2019organisation  de cours d\u2019histoire, de g\u00e9o, etc. donn\u00e9s en n\u00e9erlandais dans les \u00e9coles  francophones &#8211; et en fran\u00e7ais dans les \u00e9coles n\u00e9erlandophones et ont  manifest\u00e9 un int\u00e9r\u00eat \u00e0 developper des initiatives communes.<br \/>\nUne seconde rencontre est programm\u00e9e au mois de f\u00e9vrier prochain.<\/p>\n<p>En octobre 2007, nos deux parlements organiseront  \u00e9galement un colloque sur les probl\u00e8mes communs de l\u2019enseignement  bruxellois, notamment l\u2019apprentissage de la langue de l\u2019enseignement  pour les \u00e9l\u00e8ves dont ce n\u2019est pas la langue maternelle. En effet, il  n\u2019est pas rare que des enfants arrivent en premi\u00e8re primaire sans  ma\u00eetriser selon le cas, le fran\u00e7ais ou le n\u00e9erlandais.<\/p>\n<p>Avec mon homologue n\u00e9erlandophone, nous avons le d\u00e9sir  de multiplier ce type d\u2019initiative qui constitue une premi\u00e8re au niveau  politique mais qui est d\u00e9j\u00e0 inscrite sur le terrain \u00e0 l\u2019initiative  d\u2019acteurs culturels, acad\u00e9miques ou sociaux.<\/p>\n<p>A c\u00f4t\u00e9 de la fermet\u00e9 affich\u00e9e par Ecolo \u00e0 d\u00e9fendre les  droits culturels et d\u00e9mocratiques des Francophones de la p\u00e9riph\u00e9rie, il  est parall\u00e8lement important de r\u00e9ussir, dans l\u2019int\u00e9r\u00eat de tous les  Bruxellois, un dialogue respectueux entre Francophones et  N\u00e9erlandophones \u00e0 Bruxelles. La surench\u00e8re dans la stigmatisation, la  caricature et l\u2019insulte ne conduit jamais \u00e0 des solutions durables.<\/p>\n<p>J\u2019\u00e9tais l\u2019invit\u00e9, avec Jean-Luc Vanraes, de l\u2019\u00e9mission Matin premi\u00e8re sur cette op\u00e9ration. Pour l\u2019\u00e9couter, <a href=\"http:\/\/podcast.rtbf.be\/sound\/Invite_Matin_Premiere_25-1-2007-Christos_Doul_1579893.mp3\">cliquez ici<\/a><\/p>\n","protected":false},"excerpt":{"rendered":"<p>D\u00e8s mon entr\u00e9e en fonction \u00e0 la pr\u00e9sidence du Parlement francophone bruxellois, il m\u2019a paru important d\u2019imprimer la marque des \u00e9cologistes dans un domaine essentiel pour Bruxelles\u00a0: le dialogue entre communaut\u00e9s en d\u00e9veloppant des initiatives dans une s\u00e9rie de secteurs avec les N\u00e9erlandophones de Bruxelles. En effet, alors que la COCOF signe r\u00e9guli\u00e8rement des accords de coop\u00e9ration avec le Vietnam, le Maroc, le Qu\u00e9bec, le Jura, &#8230; il me semblait logique de coop\u00e9rer avec notre voisin le plus proche. Logique, mais manifestement pas si \u00e9vident aux yeux de tout le monde&#8230; Je suis heureux d\u2019avoir pu convaincre le Bureau du Parlement francophone bruxellois et l\u2019ensemble des partis francophones bruxellois du bons sens de cette proposition.<\/p>\n","protected":false},"author":2,"featured_media":0,"comment_status":"open","ping_status":"open","sticky":false,"template":"","format":"standard","meta":{"_monsterinsights_skip_tracking":false,"_monsterinsights_sitenote_active":false,"_monsterinsights_sitenote_note":"","_monsterinsights_sitenote_category":0,"ngg_post_thumbnail":0,"footnotes":""},"categories":[112,305,304],"tags":[90],"class_list":["post-4033","post","type-post","status-publish","format-standard","hentry","category-ecolo","category-mes-coups-de-coeur","category-mes_realisations","tag-cocof"],"yoast_head":"<!-- This site is optimized with the Yoast SEO plugin v27.4 - https:\/\/yoast.com\/product\/yoast-seo-wordpress\/ -->\n<title>Mieux vivre ensemble \u00e0 Bruxelles : 80 jeunes francophones et n\u00e9erlandophones dialoguent et proposent leurs solutions - Christos Doulkeridis<\/title>\n<meta name=\"robots\" content=\"index, follow, max-snippet:-1, max-image-preview:large, max-video-preview:-1\" \/>\n<link rel=\"canonical\" href=\"https:\/\/www.doulkeridis.be\/blog\/2007\/01\/25\/mieux-vivre-ensemble-a-bruxelles-80-jeunes-francophones-et-neerlandophones-dialoguent-et-proposent-leurs-solutions\/\" \/>\n<meta property=\"og:locale\" content=\"fr_FR\" \/>\n<meta property=\"og:type\" content=\"article\" \/>\n<meta property=\"og:title\" content=\"Mieux vivre ensemble \u00e0 Bruxelles : 80 jeunes francophones et n\u00e9erlandophones dialoguent et proposent leurs solutions - Christos Doulkeridis\" \/>\n<meta property=\"og:description\" content=\"D\u00e8s mon entr\u00e9e en fonction \u00e0 la pr\u00e9sidence du Parlement francophone bruxellois, il m\u2019a paru important d\u2019imprimer la marque des \u00e9cologistes dans un domaine essentiel pour Bruxelles\u00a0: le dialogue entre communaut\u00e9s en d\u00e9veloppant des initiatives dans une s\u00e9rie de secteurs avec les N\u00e9erlandophones de Bruxelles. En effet, alors que la COCOF signe r\u00e9guli\u00e8rement des accords de coop\u00e9ration avec le Vietnam, le Maroc, le Qu\u00e9bec, le Jura, &#8230; il me semblait logique de coop\u00e9rer avec notre voisin le plus proche. Logique, mais manifestement pas si \u00e9vident aux yeux de tout le monde&#8230; Je suis heureux d\u2019avoir pu convaincre le Bureau du Parlement francophone bruxellois et l\u2019ensemble des partis francophones bruxellois du bons sens de cette proposition.\" \/>\n<meta property=\"og:url\" content=\"https:\/\/www.doulkeridis.be\/blog\/2007\/01\/25\/mieux-vivre-ensemble-a-bruxelles-80-jeunes-francophones-et-neerlandophones-dialoguent-et-proposent-leurs-solutions\/\" \/>\n<meta property=\"og:site_name\" content=\"Christos Doulkeridis\" \/>\n<meta property=\"article:publisher\" content=\"https:\/\/www.facebook.com\/doulkeridis\" \/>\n<meta property=\"article:published_time\" content=\"2007-01-25T15:57:06+00:00\" \/>\n<meta property=\"article:modified_time\" content=\"2011-08-17T09:41:49+00:00\" \/>\n<meta name=\"author\" content=\"Christos Doulkeridis\" \/>\n<meta name=\"twitter:card\" content=\"summary_large_image\" \/>\n<meta name=\"twitter:label1\" content=\"\u00c9crit par\" \/>\n\t<meta name=\"twitter:data1\" content=\"Christos Doulkeridis\" \/>\n\t<meta name=\"twitter:label2\" content=\"Dur\u00e9e de lecture estim\u00e9e\" \/>\n\t<meta name=\"twitter:data2\" content=\"3 minutes\" \/>\n<script type=\"application\/ld+json\" class=\"yoast-schema-graph\">{\"@context\":\"https:\\\/\\\/schema.org\",\"@graph\":[{\"@type\":\"Article\",\"@id\":\"https:\\\/\\\/www.doulkeridis.be\\\/blog\\\/2007\\\/01\\\/25\\\/mieux-vivre-ensemble-a-bruxelles-80-jeunes-francophones-et-neerlandophones-dialoguent-et-proposent-leurs-solutions\\\/#article\",\"isPartOf\":{\"@id\":\"https:\\\/\\\/www.doulkeridis.be\\\/blog\\\/2007\\\/01\\\/25\\\/mieux-vivre-ensemble-a-bruxelles-80-jeunes-francophones-et-neerlandophones-dialoguent-et-proposent-leurs-solutions\\\/\"},\"author\":{\"name\":\"Christos Doulkeridis\",\"@id\":\"https:\\\/\\\/www.doulkeridis.be\\\/blog\\\/#\\\/schema\\\/person\\\/9f03f3459f0a4ba4db02aabbba098365\"},\"headline\":\"Mieux vivre ensemble \u00e0 Bruxelles : 80 jeunes francophones et n\u00e9erlandophones dialoguent et proposent leurs solutions\",\"datePublished\":\"2007-01-25T15:57:06+00:00\",\"dateModified\":\"2011-08-17T09:41:49+00:00\",\"mainEntityOfPage\":{\"@id\":\"https:\\\/\\\/www.doulkeridis.be\\\/blog\\\/2007\\\/01\\\/25\\\/mieux-vivre-ensemble-a-bruxelles-80-jeunes-francophones-et-neerlandophones-dialoguent-et-proposent-leurs-solutions\\\/\"},\"wordCount\":626,\"commentCount\":0,\"publisher\":{\"@id\":\"https:\\\/\\\/www.doulkeridis.be\\\/blog\\\/#organization\"},\"keywords\":[\"Cocof\"],\"articleSection\":[\"Ecolo\",\"Mes coups de coeur\",\"Mes r\u00e9alisations\"],\"inLanguage\":\"fr-FR\",\"potentialAction\":[{\"@type\":\"CommentAction\",\"name\":\"Comment\",\"target\":[\"https:\\\/\\\/www.doulkeridis.be\\\/blog\\\/2007\\\/01\\\/25\\\/mieux-vivre-ensemble-a-bruxelles-80-jeunes-francophones-et-neerlandophones-dialoguent-et-proposent-leurs-solutions\\\/#respond\"]}]},{\"@type\":\"WebPage\",\"@id\":\"https:\\\/\\\/www.doulkeridis.be\\\/blog\\\/2007\\\/01\\\/25\\\/mieux-vivre-ensemble-a-bruxelles-80-jeunes-francophones-et-neerlandophones-dialoguent-et-proposent-leurs-solutions\\\/\",\"url\":\"https:\\\/\\\/www.doulkeridis.be\\\/blog\\\/2007\\\/01\\\/25\\\/mieux-vivre-ensemble-a-bruxelles-80-jeunes-francophones-et-neerlandophones-dialoguent-et-proposent-leurs-solutions\\\/\",\"name\":\"Mieux vivre ensemble \u00e0 Bruxelles : 80 jeunes francophones et n\u00e9erlandophones dialoguent et proposent leurs solutions - Christos Doulkeridis\",\"isPartOf\":{\"@id\":\"https:\\\/\\\/www.doulkeridis.be\\\/blog\\\/#website\"},\"datePublished\":\"2007-01-25T15:57:06+00:00\",\"dateModified\":\"2011-08-17T09:41:49+00:00\",\"breadcrumb\":{\"@id\":\"https:\\\/\\\/www.doulkeridis.be\\\/blog\\\/2007\\\/01\\\/25\\\/mieux-vivre-ensemble-a-bruxelles-80-jeunes-francophones-et-neerlandophones-dialoguent-et-proposent-leurs-solutions\\\/#breadcrumb\"},\"inLanguage\":\"fr-FR\",\"potentialAction\":[{\"@type\":\"ReadAction\",\"target\":[\"https:\\\/\\\/www.doulkeridis.be\\\/blog\\\/2007\\\/01\\\/25\\\/mieux-vivre-ensemble-a-bruxelles-80-jeunes-francophones-et-neerlandophones-dialoguent-et-proposent-leurs-solutions\\\/\"]}]},{\"@type\":\"BreadcrumbList\",\"@id\":\"https:\\\/\\\/www.doulkeridis.be\\\/blog\\\/2007\\\/01\\\/25\\\/mieux-vivre-ensemble-a-bruxelles-80-jeunes-francophones-et-neerlandophones-dialoguent-et-proposent-leurs-solutions\\\/#breadcrumb\",\"itemListElement\":[{\"@type\":\"ListItem\",\"position\":1,\"name\":\"Accueil\",\"item\":\"https:\\\/\\\/www.doulkeridis.be\\\/blog\\\/\"},{\"@type\":\"ListItem\",\"position\":2,\"name\":\"Mieux vivre ensemble \u00e0 Bruxelles : 80 jeunes francophones et n\u00e9erlandophones dialoguent et proposent leurs solutions\"}]},{\"@type\":\"WebSite\",\"@id\":\"https:\\\/\\\/www.doulkeridis.be\\\/blog\\\/#website\",\"url\":\"https:\\\/\\\/www.doulkeridis.be\\\/blog\\\/\",\"name\":\"Christos Doulkeridis\",\"description\":\"Coach | Consultant en solutions, gestion de crise, n\u00e9gociations\",\"publisher\":{\"@id\":\"https:\\\/\\\/www.doulkeridis.be\\\/blog\\\/#organization\"},\"potentialAction\":[{\"@type\":\"SearchAction\",\"target\":{\"@type\":\"EntryPoint\",\"urlTemplate\":\"https:\\\/\\\/www.doulkeridis.be\\\/blog\\\/?s={search_term_string}\"},\"query-input\":{\"@type\":\"PropertyValueSpecification\",\"valueRequired\":true,\"valueName\":\"search_term_string\"}}],\"inLanguage\":\"fr-FR\"},{\"@type\":\"Organization\",\"@id\":\"https:\\\/\\\/www.doulkeridis.be\\\/blog\\\/#organization\",\"name\":\"Ulyse\",\"url\":\"https:\\\/\\\/www.doulkeridis.be\\\/blog\\\/\",\"logo\":{\"@type\":\"ImageObject\",\"inLanguage\":\"fr-FR\",\"@id\":\"https:\\\/\\\/www.doulkeridis.be\\\/blog\\\/#\\\/schema\\\/logo\\\/image\\\/\",\"url\":\"https:\\\/\\\/www.doulkeridis.be\\\/blog\\\/wp-content\\\/uploads\\\/2026\\\/04\\\/2-5.png\",\"contentUrl\":\"https:\\\/\\\/www.doulkeridis.be\\\/blog\\\/wp-content\\\/uploads\\\/2026\\\/04\\\/2-5.png\",\"width\":1024,\"height\":728,\"caption\":\"Ulyse\"},\"image\":{\"@id\":\"https:\\\/\\\/www.doulkeridis.be\\\/blog\\\/#\\\/schema\\\/logo\\\/image\\\/\"},\"sameAs\":[\"https:\\\/\\\/www.facebook.com\\\/doulkeridis\",\"https:\\\/\\\/www.facebook.com\\\/christosdoulkeridis2\"]},{\"@type\":\"Person\",\"@id\":\"https:\\\/\\\/www.doulkeridis.be\\\/blog\\\/#\\\/schema\\\/person\\\/9f03f3459f0a4ba4db02aabbba098365\",\"name\":\"Christos Doulkeridis\",\"image\":{\"@type\":\"ImageObject\",\"inLanguage\":\"fr-FR\",\"@id\":\"https:\\\/\\\/secure.gravatar.com\\\/avatar\\\/71cb6e4369ca0615d93730ef3bc5f54642df4f6bcc59b92763d2ac434abf103e?s=96&d=mm&r=g\",\"url\":\"https:\\\/\\\/secure.gravatar.com\\\/avatar\\\/71cb6e4369ca0615d93730ef3bc5f54642df4f6bcc59b92763d2ac434abf103e?s=96&d=mm&r=g\",\"contentUrl\":\"https:\\\/\\\/secure.gravatar.com\\\/avatar\\\/71cb6e4369ca0615d93730ef3bc5f54642df4f6bcc59b92763d2ac434abf103e?s=96&d=mm&r=g\",\"caption\":\"Christos Doulkeridis\"},\"url\":\"https:\\\/\\\/www.doulkeridis.be\\\/blog\\\/author\\\/christos\\\/\"}]}<\/script>\n<!-- \/ Yoast SEO plugin. -->","yoast_head_json":{"title":"Mieux vivre ensemble \u00e0 Bruxelles : 80 jeunes francophones et n\u00e9erlandophones dialoguent et proposent leurs solutions - Christos Doulkeridis","robots":{"index":"index","follow":"follow","max-snippet":"max-snippet:-1","max-image-preview":"max-image-preview:large","max-video-preview":"max-video-preview:-1"},"canonical":"https:\/\/www.doulkeridis.be\/blog\/2007\/01\/25\/mieux-vivre-ensemble-a-bruxelles-80-jeunes-francophones-et-neerlandophones-dialoguent-et-proposent-leurs-solutions\/","og_locale":"fr_FR","og_type":"article","og_title":"Mieux vivre ensemble \u00e0 Bruxelles : 80 jeunes francophones et n\u00e9erlandophones dialoguent et proposent leurs solutions - Christos Doulkeridis","og_description":"D\u00e8s mon entr\u00e9e en fonction \u00e0 la pr\u00e9sidence du Parlement francophone bruxellois, il m\u2019a paru important d\u2019imprimer la marque des \u00e9cologistes dans un domaine essentiel pour Bruxelles\u00a0: le dialogue entre communaut\u00e9s en d\u00e9veloppant des initiatives dans une s\u00e9rie de secteurs avec les N\u00e9erlandophones de Bruxelles. En effet, alors que la COCOF signe r\u00e9guli\u00e8rement des accords de coop\u00e9ration avec le Vietnam, le Maroc, le Qu\u00e9bec, le Jura, &#8230; il me semblait logique de coop\u00e9rer avec notre voisin le plus proche. Logique, mais manifestement pas si \u00e9vident aux yeux de tout le monde&#8230; Je suis heureux d\u2019avoir pu convaincre le Bureau du Parlement francophone bruxellois et l\u2019ensemble des partis francophones bruxellois du bons sens de cette proposition.","og_url":"https:\/\/www.doulkeridis.be\/blog\/2007\/01\/25\/mieux-vivre-ensemble-a-bruxelles-80-jeunes-francophones-et-neerlandophones-dialoguent-et-proposent-leurs-solutions\/","og_site_name":"Christos Doulkeridis","article_publisher":"https:\/\/www.facebook.com\/doulkeridis","article_published_time":"2007-01-25T15:57:06+00:00","article_modified_time":"2011-08-17T09:41:49+00:00","author":"Christos Doulkeridis","twitter_card":"summary_large_image","twitter_misc":{"\u00c9crit par":"Christos Doulkeridis","Dur\u00e9e de lecture estim\u00e9e":"3 minutes"},"schema":{"@context":"https:\/\/schema.org","@graph":[{"@type":"Article","@id":"https:\/\/www.doulkeridis.be\/blog\/2007\/01\/25\/mieux-vivre-ensemble-a-bruxelles-80-jeunes-francophones-et-neerlandophones-dialoguent-et-proposent-leurs-solutions\/#article","isPartOf":{"@id":"https:\/\/www.doulkeridis.be\/blog\/2007\/01\/25\/mieux-vivre-ensemble-a-bruxelles-80-jeunes-francophones-et-neerlandophones-dialoguent-et-proposent-leurs-solutions\/"},"author":{"name":"Christos Doulkeridis","@id":"https:\/\/www.doulkeridis.be\/blog\/#\/schema\/person\/9f03f3459f0a4ba4db02aabbba098365"},"headline":"Mieux vivre ensemble \u00e0 Bruxelles : 80 jeunes francophones et n\u00e9erlandophones dialoguent et proposent leurs solutions","datePublished":"2007-01-25T15:57:06+00:00","dateModified":"2011-08-17T09:41:49+00:00","mainEntityOfPage":{"@id":"https:\/\/www.doulkeridis.be\/blog\/2007\/01\/25\/mieux-vivre-ensemble-a-bruxelles-80-jeunes-francophones-et-neerlandophones-dialoguent-et-proposent-leurs-solutions\/"},"wordCount":626,"commentCount":0,"publisher":{"@id":"https:\/\/www.doulkeridis.be\/blog\/#organization"},"keywords":["Cocof"],"articleSection":["Ecolo","Mes coups de coeur","Mes r\u00e9alisations"],"inLanguage":"fr-FR","potentialAction":[{"@type":"CommentAction","name":"Comment","target":["https:\/\/www.doulkeridis.be\/blog\/2007\/01\/25\/mieux-vivre-ensemble-a-bruxelles-80-jeunes-francophones-et-neerlandophones-dialoguent-et-proposent-leurs-solutions\/#respond"]}]},{"@type":"WebPage","@id":"https:\/\/www.doulkeridis.be\/blog\/2007\/01\/25\/mieux-vivre-ensemble-a-bruxelles-80-jeunes-francophones-et-neerlandophones-dialoguent-et-proposent-leurs-solutions\/","url":"https:\/\/www.doulkeridis.be\/blog\/2007\/01\/25\/mieux-vivre-ensemble-a-bruxelles-80-jeunes-francophones-et-neerlandophones-dialoguent-et-proposent-leurs-solutions\/","name":"Mieux vivre ensemble \u00e0 Bruxelles : 80 jeunes francophones et n\u00e9erlandophones dialoguent et proposent leurs solutions - Christos Doulkeridis","isPartOf":{"@id":"https:\/\/www.doulkeridis.be\/blog\/#website"},"datePublished":"2007-01-25T15:57:06+00:00","dateModified":"2011-08-17T09:41:49+00:00","breadcrumb":{"@id":"https:\/\/www.doulkeridis.be\/blog\/2007\/01\/25\/mieux-vivre-ensemble-a-bruxelles-80-jeunes-francophones-et-neerlandophones-dialoguent-et-proposent-leurs-solutions\/#breadcrumb"},"inLanguage":"fr-FR","potentialAction":[{"@type":"ReadAction","target":["https:\/\/www.doulkeridis.be\/blog\/2007\/01\/25\/mieux-vivre-ensemble-a-bruxelles-80-jeunes-francophones-et-neerlandophones-dialoguent-et-proposent-leurs-solutions\/"]}]},{"@type":"BreadcrumbList","@id":"https:\/\/www.doulkeridis.be\/blog\/2007\/01\/25\/mieux-vivre-ensemble-a-bruxelles-80-jeunes-francophones-et-neerlandophones-dialoguent-et-proposent-leurs-solutions\/#breadcrumb","itemListElement":[{"@type":"ListItem","position":1,"name":"Accueil","item":"https:\/\/www.doulkeridis.be\/blog\/"},{"@type":"ListItem","position":2,"name":"Mieux vivre ensemble \u00e0 Bruxelles : 80 jeunes francophones et n\u00e9erlandophones dialoguent et proposent leurs solutions"}]},{"@type":"WebSite","@id":"https:\/\/www.doulkeridis.be\/blog\/#website","url":"https:\/\/www.doulkeridis.be\/blog\/","name":"Christos Doulkeridis","description":"Coach | Consultant en solutions, gestion de crise, n\u00e9gociations","publisher":{"@id":"https:\/\/www.doulkeridis.be\/blog\/#organization"},"potentialAction":[{"@type":"SearchAction","target":{"@type":"EntryPoint","urlTemplate":"https:\/\/www.doulkeridis.be\/blog\/?s={search_term_string}"},"query-input":{"@type":"PropertyValueSpecification","valueRequired":true,"valueName":"search_term_string"}}],"inLanguage":"fr-FR"},{"@type":"Organization","@id":"https:\/\/www.doulkeridis.be\/blog\/#organization","name":"Ulyse","url":"https:\/\/www.doulkeridis.be\/blog\/","logo":{"@type":"ImageObject","inLanguage":"fr-FR","@id":"https:\/\/www.doulkeridis.be\/blog\/#\/schema\/logo\/image\/","url":"https:\/\/www.doulkeridis.be\/blog\/wp-content\/uploads\/2026\/04\/2-5.png","contentUrl":"https:\/\/www.doulkeridis.be\/blog\/wp-content\/uploads\/2026\/04\/2-5.png","width":1024,"height":728,"caption":"Ulyse"},"image":{"@id":"https:\/\/www.doulkeridis.be\/blog\/#\/schema\/logo\/image\/"},"sameAs":["https:\/\/www.facebook.com\/doulkeridis","https:\/\/www.facebook.com\/christosdoulkeridis2"]},{"@type":"Person","@id":"https:\/\/www.doulkeridis.be\/blog\/#\/schema\/person\/9f03f3459f0a4ba4db02aabbba098365","name":"Christos Doulkeridis","image":{"@type":"ImageObject","inLanguage":"fr-FR","@id":"https:\/\/secure.gravatar.com\/avatar\/71cb6e4369ca0615d93730ef3bc5f54642df4f6bcc59b92763d2ac434abf103e?s=96&d=mm&r=g","url":"https:\/\/secure.gravatar.com\/avatar\/71cb6e4369ca0615d93730ef3bc5f54642df4f6bcc59b92763d2ac434abf103e?s=96&d=mm&r=g","contentUrl":"https:\/\/secure.gravatar.com\/avatar\/71cb6e4369ca0615d93730ef3bc5f54642df4f6bcc59b92763d2ac434abf103e?s=96&d=mm&r=g","caption":"Christos Doulkeridis"},"url":"https:\/\/www.doulkeridis.be\/blog\/author\/christos\/"}]}},"_links":{"self":[{"href":"https:\/\/www.doulkeridis.be\/blog\/wp-json\/wp\/v2\/posts\/4033","targetHints":{"allow":["GET"]}}],"collection":[{"href":"https:\/\/www.doulkeridis.be\/blog\/wp-json\/wp\/v2\/posts"}],"about":[{"href":"https:\/\/www.doulkeridis.be\/blog\/wp-json\/wp\/v2\/types\/post"}],"author":[{"embeddable":true,"href":"https:\/\/www.doulkeridis.be\/blog\/wp-json\/wp\/v2\/users\/2"}],"replies":[{"embeddable":true,"href":"https:\/\/www.doulkeridis.be\/blog\/wp-json\/wp\/v2\/comments?post=4033"}],"version-history":[{"count":3,"href":"https:\/\/www.doulkeridis.be\/blog\/wp-json\/wp\/v2\/posts\/4033\/revisions"}],"predecessor-version":[{"id":4134,"href":"https:\/\/www.doulkeridis.be\/blog\/wp-json\/wp\/v2\/posts\/4033\/revisions\/4134"}],"wp:attachment":[{"href":"https:\/\/www.doulkeridis.be\/blog\/wp-json\/wp\/v2\/media?parent=4033"}],"wp:term":[{"taxonomy":"category","embeddable":true,"href":"https:\/\/www.doulkeridis.be\/blog\/wp-json\/wp\/v2\/categories?post=4033"},{"taxonomy":"post_tag","embeddable":true,"href":"https:\/\/www.doulkeridis.be\/blog\/wp-json\/wp\/v2\/tags?post=4033"}],"curies":[{"name":"wp","href":"https:\/\/api.w.org\/{rel}","templated":true}]}}