{"id":4037,"date":"2006-12-11T18:00:43","date_gmt":"2006-12-11T16:00:43","guid":{"rendered":"http:\/\/www.doulkeridis.be\/blog\/?p=4037"},"modified":"2011-08-16T18:02:36","modified_gmt":"2011-08-16T16:02:36","slug":"la-carte-hypermobil-les-actes-du-colloque-du-6-juillet-2006","status":"publish","type":"post","link":"https:\/\/www.doulkeridis.be\/blog\/2006\/12\/11\/la-carte-hypermobil-les-actes-du-colloque-du-6-juillet-2006\/","title":{"rendered":"La carte HYPERMOBIL : les actes du colloque du 6 juillet 2006"},"content":{"rendered":"<div dir=\"ltr\"><strong>Pour rem\u00e9dier aux probl\u00e8mes de mobilit\u00e9, j\u2019ai pr\u00e9sent\u00e9 le 10 f\u00e9vrier  dernier avec Isabelle Durant la carte Hypermobil. Cette carte  permettrait \u00e0 son d\u00e9tenteur de voyager sur l\u2019ensemble des r\u00e9seaux de  transports, de faire usage du taxi, du Thalys, du carsharing et  d\u2019acheter ou de louer un v\u00e9lo.&nbsp;<\/p>\n<p>Forts de l\u2019enthousiasme et de l\u2019int\u00e9r\u00eat exprim\u00e9s \u00e0 l\u2019issue de la  pr\u00e9sentation de la carte Hypermobil, nous avons rencontr\u00e9 pendant quatre  mois des personnes-cl\u00e9s issues des mondes public, associatif et priv\u00e9.  Ces rencontres ont d\u00e9bouch\u00e9 sur l\u2019organisation d\u2019un Forum le 6 juillet  2006 qui a rassembl\u00e9 les soci\u00e9t\u00e9s de transport, le monde des  entreprises, les syndicats et le secteur associtif.<\/p>\n<p>Organis\u00e9 avec Etopia (le centre d\u2019animation et de recherche en \u00e9cologie  politique), ce Forum a permis de traiter les enjeux en mati\u00e8re de  mobilit\u00e9, de mettre \u00e0 jour le point de vue des soci\u00e9t\u00e9s de transport  public par rapport \u00e0 notre proposition et d\u2019\u00e9tudier la faisabilit\u00e9  technique d\u2019une carte unique permettant de voyager sur l\u2019ensemble des  r\u00e9seaux de transport.<\/p>\n<p>Vous trouverez ci-dessous le compte-rendu de ce Forum.  D\u2019une grande richesse, les questions et les r\u00e9flexions exprim\u00e9es \u00e0  l\u2019occasion du d\u00e9bat nous ont amen\u00e9 \u00e0 approfondir cette r\u00e9flexion. Un  second forum qui abordera les questions fiscales (l\u2019id\u00e9e serait de  rendre cette carte aussi avantageuse qu\u2019une voiture de soci\u00e9t\u00e9 sur le  plan fiscal pour les entreprise\u00a0; les particuliers b\u00e9n\u00e9ficiant quant \u00e0  eux de tarifs pr\u00e9f\u00e9rentiels) sera organis\u00e9 dans les prochains mois.<\/p>\n<p><\/strong><strong> <\/strong><\/p>\n<\/div>\n<p>Pour consulter le dossier presse du 10 f\u00e9vrier 2006, <a href=\"..\/..\/rubrique.php3?id_secteur=4&amp;id_rubrique=36\">cliquez ici<\/a>.<\/p>\n","protected":false},"excerpt":{"rendered":"<p>Pour rem\u00e9dier aux probl\u00e8mes de mobilit\u00e9, j\u2019ai pr\u00e9sent\u00e9 le 10 f\u00e9vrier dernier avec Isabelle Durant la carte Hypermobil. Cette carte permettrait \u00e0 son d\u00e9tenteur de voyager sur l\u2019ensemble des r\u00e9seaux de transports, de faire usage du taxi, du Thalys, du carsharing et d\u2019acheter ou de louer un v\u00e9lo.&nbsp; Forts de l\u2019enthousiasme et de l\u2019int\u00e9r\u00eat exprim\u00e9s \u00e0 l\u2019issue de la pr\u00e9sentation de la carte Hypermobil, nous avons rencontr\u00e9 pendant quatre mois des personnes-cl\u00e9s issues des mondes public, associatif et priv\u00e9. Ces rencontres ont d\u00e9bouch\u00e9 sur l\u2019organisation d\u2019un Forum le 6 juillet 2006 qui a rassembl\u00e9 les soci\u00e9t\u00e9s de transport, le monde des entreprises, les syndicats et le secteur associtif. Organis\u00e9 avec Etopia (le centre d\u2019animation et de recherche en \u00e9cologie politique), ce Forum a permis de traiter les enjeux en mati\u00e8re de mobilit\u00e9, de mettre \u00e0 jour le point de vue des soci\u00e9t\u00e9s de transport public par rapport \u00e0 notre proposition et d\u2019\u00e9tudier la faisabilit\u00e9 technique d\u2019une carte unique permettant de voyager sur l\u2019ensemble des r\u00e9seaux de transport. Vous trouverez ci-dessous le compte-rendu de ce Forum. D\u2019une grande richesse, les questions et les r\u00e9flexions exprim\u00e9es \u00e0 l\u2019occasion du d\u00e9bat nous ont amen\u00e9 \u00e0 approfondir cette r\u00e9flexion. Un second forum qui abordera [&hellip;]<\/p>\n","protected":false},"author":2,"featured_media":0,"comment_status":"open","ping_status":"open","sticky":false,"template":"","format":"standard","meta":{"_monsterinsights_skip_tracking":false,"_monsterinsights_sitenote_active":false,"_monsterinsights_sitenote_note":"","_monsterinsights_sitenote_category":0,"ngg_post_thumbnail":0,"footnotes":""},"categories":[112,304],"tags":[285,286,287],"class_list":["post-4037","post","type-post","status-publish","format-standard","hentry","category-ecolo","category-mes_realisations","tag-hypermobil","tag-mobilite","tag-transports-en-commun"],"yoast_head":"<!-- This site is optimized with the Yoast SEO plugin v27.4 - https:\/\/yoast.com\/product\/yoast-seo-wordpress\/ -->\n<title>La carte HYPERMOBIL : les actes du colloque du 6 juillet 2006 - Christos Doulkeridis<\/title>\n<meta name=\"robots\" content=\"index, follow, max-snippet:-1, max-image-preview:large, max-video-preview:-1\" \/>\n<link rel=\"canonical\" href=\"https:\/\/www.doulkeridis.be\/blog\/2006\/12\/11\/la-carte-hypermobil-les-actes-du-colloque-du-6-juillet-2006\/\" \/>\n<meta property=\"og:locale\" content=\"fr_FR\" \/>\n<meta property=\"og:type\" content=\"article\" \/>\n<meta property=\"og:title\" content=\"La carte HYPERMOBIL : les actes du colloque du 6 juillet 2006 - Christos Doulkeridis\" \/>\n<meta property=\"og:description\" content=\"Pour rem\u00e9dier aux probl\u00e8mes de mobilit\u00e9, j\u2019ai pr\u00e9sent\u00e9 le 10 f\u00e9vrier dernier avec Isabelle Durant la carte Hypermobil. Cette carte permettrait \u00e0 son d\u00e9tenteur de voyager sur l\u2019ensemble des r\u00e9seaux de transports, de faire usage du taxi, du Thalys, du carsharing et d\u2019acheter ou de louer un v\u00e9lo.&nbsp; Forts de l\u2019enthousiasme et de l\u2019int\u00e9r\u00eat exprim\u00e9s \u00e0 l\u2019issue de la pr\u00e9sentation de la carte Hypermobil, nous avons rencontr\u00e9 pendant quatre mois des personnes-cl\u00e9s issues des mondes public, associatif et priv\u00e9. Ces rencontres ont d\u00e9bouch\u00e9 sur l\u2019organisation d\u2019un Forum le 6 juillet 2006 qui a rassembl\u00e9 les soci\u00e9t\u00e9s de transport, le monde des entreprises, les syndicats et le secteur associtif. Organis\u00e9 avec Etopia (le centre d\u2019animation et de recherche en \u00e9cologie politique), ce Forum a permis de traiter les enjeux en mati\u00e8re de mobilit\u00e9, de mettre \u00e0 jour le point de vue des soci\u00e9t\u00e9s de transport public par rapport \u00e0 notre proposition et d\u2019\u00e9tudier la faisabilit\u00e9 technique d\u2019une carte unique permettant de voyager sur l\u2019ensemble des r\u00e9seaux de transport. Vous trouverez ci-dessous le compte-rendu de ce Forum. D\u2019une grande richesse, les questions et les r\u00e9flexions exprim\u00e9es \u00e0 l\u2019occasion du d\u00e9bat nous ont amen\u00e9 \u00e0 approfondir cette r\u00e9flexion. Un second forum qui abordera [&hellip;]\" \/>\n<meta property=\"og:url\" content=\"https:\/\/www.doulkeridis.be\/blog\/2006\/12\/11\/la-carte-hypermobil-les-actes-du-colloque-du-6-juillet-2006\/\" \/>\n<meta property=\"og:site_name\" content=\"Christos Doulkeridis\" \/>\n<meta property=\"article:publisher\" content=\"https:\/\/www.facebook.com\/doulkeridis\" \/>\n<meta property=\"article:published_time\" content=\"2006-12-11T16:00:43+00:00\" \/>\n<meta property=\"article:modified_time\" content=\"2011-08-16T16:02:36+00:00\" \/>\n<meta name=\"author\" content=\"Christos Doulkeridis\" \/>\n<meta name=\"twitter:card\" content=\"summary_large_image\" \/>\n<meta name=\"twitter:label1\" content=\"\u00c9crit par\" \/>\n\t<meta name=\"twitter:data1\" content=\"Christos Doulkeridis\" \/>\n\t<meta name=\"twitter:label2\" content=\"Dur\u00e9e de lecture estim\u00e9e\" \/>\n\t<meta name=\"twitter:data2\" content=\"1 minute\" \/>\n<script type=\"application\/ld+json\" class=\"yoast-schema-graph\">{\"@context\":\"https:\\\/\\\/schema.org\",\"@graph\":[{\"@type\":\"Article\",\"@id\":\"https:\\\/\\\/www.doulkeridis.be\\\/blog\\\/2006\\\/12\\\/11\\\/la-carte-hypermobil-les-actes-du-colloque-du-6-juillet-2006\\\/#article\",\"isPartOf\":{\"@id\":\"https:\\\/\\\/www.doulkeridis.be\\\/blog\\\/2006\\\/12\\\/11\\\/la-carte-hypermobil-les-actes-du-colloque-du-6-juillet-2006\\\/\"},\"author\":{\"name\":\"Christos Doulkeridis\",\"@id\":\"https:\\\/\\\/www.doulkeridis.be\\\/blog\\\/#\\\/schema\\\/person\\\/9f03f3459f0a4ba4db02aabbba098365\"},\"headline\":\"La carte HYPERMOBIL : les actes du colloque du 6 juillet 2006\",\"datePublished\":\"2006-12-11T16:00:43+00:00\",\"dateModified\":\"2011-08-16T16:02:36+00:00\",\"mainEntityOfPage\":{\"@id\":\"https:\\\/\\\/www.doulkeridis.be\\\/blog\\\/2006\\\/12\\\/11\\\/la-carte-hypermobil-les-actes-du-colloque-du-6-juillet-2006\\\/\"},\"wordCount\":292,\"commentCount\":0,\"publisher\":{\"@id\":\"https:\\\/\\\/www.doulkeridis.be\\\/blog\\\/#organization\"},\"keywords\":[\"Hypermobil\",\"mobilit\u00e9\",\"transports en commun\"],\"articleSection\":[\"Ecolo\",\"Mes r\u00e9alisations\"],\"inLanguage\":\"fr-FR\",\"potentialAction\":[{\"@type\":\"CommentAction\",\"name\":\"Comment\",\"target\":[\"https:\\\/\\\/www.doulkeridis.be\\\/blog\\\/2006\\\/12\\\/11\\\/la-carte-hypermobil-les-actes-du-colloque-du-6-juillet-2006\\\/#respond\"]}]},{\"@type\":\"WebPage\",\"@id\":\"https:\\\/\\\/www.doulkeridis.be\\\/blog\\\/2006\\\/12\\\/11\\\/la-carte-hypermobil-les-actes-du-colloque-du-6-juillet-2006\\\/\",\"url\":\"https:\\\/\\\/www.doulkeridis.be\\\/blog\\\/2006\\\/12\\\/11\\\/la-carte-hypermobil-les-actes-du-colloque-du-6-juillet-2006\\\/\",\"name\":\"La carte HYPERMOBIL : les actes du colloque du 6 juillet 2006 - Christos Doulkeridis\",\"isPartOf\":{\"@id\":\"https:\\\/\\\/www.doulkeridis.be\\\/blog\\\/#website\"},\"datePublished\":\"2006-12-11T16:00:43+00:00\",\"dateModified\":\"2011-08-16T16:02:36+00:00\",\"breadcrumb\":{\"@id\":\"https:\\\/\\\/www.doulkeridis.be\\\/blog\\\/2006\\\/12\\\/11\\\/la-carte-hypermobil-les-actes-du-colloque-du-6-juillet-2006\\\/#breadcrumb\"},\"inLanguage\":\"fr-FR\",\"potentialAction\":[{\"@type\":\"ReadAction\",\"target\":[\"https:\\\/\\\/www.doulkeridis.be\\\/blog\\\/2006\\\/12\\\/11\\\/la-carte-hypermobil-les-actes-du-colloque-du-6-juillet-2006\\\/\"]}]},{\"@type\":\"BreadcrumbList\",\"@id\":\"https:\\\/\\\/www.doulkeridis.be\\\/blog\\\/2006\\\/12\\\/11\\\/la-carte-hypermobil-les-actes-du-colloque-du-6-juillet-2006\\\/#breadcrumb\",\"itemListElement\":[{\"@type\":\"ListItem\",\"position\":1,\"name\":\"Accueil\",\"item\":\"https:\\\/\\\/www.doulkeridis.be\\\/blog\\\/\"},{\"@type\":\"ListItem\",\"position\":2,\"name\":\"La carte HYPERMOBIL : les actes du colloque du 6 juillet 2006\"}]},{\"@type\":\"WebSite\",\"@id\":\"https:\\\/\\\/www.doulkeridis.be\\\/blog\\\/#website\",\"url\":\"https:\\\/\\\/www.doulkeridis.be\\\/blog\\\/\",\"name\":\"Christos Doulkeridis\",\"description\":\"Coach | Consultant en solutions, gestion de crise, n\u00e9gociations\",\"publisher\":{\"@id\":\"https:\\\/\\\/www.doulkeridis.be\\\/blog\\\/#organization\"},\"potentialAction\":[{\"@type\":\"SearchAction\",\"target\":{\"@type\":\"EntryPoint\",\"urlTemplate\":\"https:\\\/\\\/www.doulkeridis.be\\\/blog\\\/?s={search_term_string}\"},\"query-input\":{\"@type\":\"PropertyValueSpecification\",\"valueRequired\":true,\"valueName\":\"search_term_string\"}}],\"inLanguage\":\"fr-FR\"},{\"@type\":\"Organization\",\"@id\":\"https:\\\/\\\/www.doulkeridis.be\\\/blog\\\/#organization\",\"name\":\"Ulyse\",\"url\":\"https:\\\/\\\/www.doulkeridis.be\\\/blog\\\/\",\"logo\":{\"@type\":\"ImageObject\",\"inLanguage\":\"fr-FR\",\"@id\":\"https:\\\/\\\/www.doulkeridis.be\\\/blog\\\/#\\\/schema\\\/logo\\\/image\\\/\",\"url\":\"https:\\\/\\\/www.doulkeridis.be\\\/blog\\\/wp-content\\\/uploads\\\/2026\\\/04\\\/2-5.png\",\"contentUrl\":\"https:\\\/\\\/www.doulkeridis.be\\\/blog\\\/wp-content\\\/uploads\\\/2026\\\/04\\\/2-5.png\",\"width\":1024,\"height\":728,\"caption\":\"Ulyse\"},\"image\":{\"@id\":\"https:\\\/\\\/www.doulkeridis.be\\\/blog\\\/#\\\/schema\\\/logo\\\/image\\\/\"},\"sameAs\":[\"https:\\\/\\\/www.facebook.com\\\/doulkeridis\",\"https:\\\/\\\/www.facebook.com\\\/christosdoulkeridis2\"]},{\"@type\":\"Person\",\"@id\":\"https:\\\/\\\/www.doulkeridis.be\\\/blog\\\/#\\\/schema\\\/person\\\/9f03f3459f0a4ba4db02aabbba098365\",\"name\":\"Christos Doulkeridis\",\"image\":{\"@type\":\"ImageObject\",\"inLanguage\":\"fr-FR\",\"@id\":\"https:\\\/\\\/secure.gravatar.com\\\/avatar\\\/71cb6e4369ca0615d93730ef3bc5f54642df4f6bcc59b92763d2ac434abf103e?s=96&d=mm&r=g\",\"url\":\"https:\\\/\\\/secure.gravatar.com\\\/avatar\\\/71cb6e4369ca0615d93730ef3bc5f54642df4f6bcc59b92763d2ac434abf103e?s=96&d=mm&r=g\",\"contentUrl\":\"https:\\\/\\\/secure.gravatar.com\\\/avatar\\\/71cb6e4369ca0615d93730ef3bc5f54642df4f6bcc59b92763d2ac434abf103e?s=96&d=mm&r=g\",\"caption\":\"Christos Doulkeridis\"},\"url\":\"https:\\\/\\\/www.doulkeridis.be\\\/blog\\\/author\\\/christos\\\/\"}]}<\/script>\n<!-- \/ Yoast SEO plugin. -->","yoast_head_json":{"title":"La carte HYPERMOBIL : les actes du colloque du 6 juillet 2006 - Christos Doulkeridis","robots":{"index":"index","follow":"follow","max-snippet":"max-snippet:-1","max-image-preview":"max-image-preview:large","max-video-preview":"max-video-preview:-1"},"canonical":"https:\/\/www.doulkeridis.be\/blog\/2006\/12\/11\/la-carte-hypermobil-les-actes-du-colloque-du-6-juillet-2006\/","og_locale":"fr_FR","og_type":"article","og_title":"La carte HYPERMOBIL : les actes du colloque du 6 juillet 2006 - Christos Doulkeridis","og_description":"Pour rem\u00e9dier aux probl\u00e8mes de mobilit\u00e9, j\u2019ai pr\u00e9sent\u00e9 le 10 f\u00e9vrier dernier avec Isabelle Durant la carte Hypermobil. Cette carte permettrait \u00e0 son d\u00e9tenteur de voyager sur l\u2019ensemble des r\u00e9seaux de transports, de faire usage du taxi, du Thalys, du carsharing et d\u2019acheter ou de louer un v\u00e9lo.&nbsp; Forts de l\u2019enthousiasme et de l\u2019int\u00e9r\u00eat exprim\u00e9s \u00e0 l\u2019issue de la pr\u00e9sentation de la carte Hypermobil, nous avons rencontr\u00e9 pendant quatre mois des personnes-cl\u00e9s issues des mondes public, associatif et priv\u00e9. Ces rencontres ont d\u00e9bouch\u00e9 sur l\u2019organisation d\u2019un Forum le 6 juillet 2006 qui a rassembl\u00e9 les soci\u00e9t\u00e9s de transport, le monde des entreprises, les syndicats et le secteur associtif. Organis\u00e9 avec Etopia (le centre d\u2019animation et de recherche en \u00e9cologie politique), ce Forum a permis de traiter les enjeux en mati\u00e8re de mobilit\u00e9, de mettre \u00e0 jour le point de vue des soci\u00e9t\u00e9s de transport public par rapport \u00e0 notre proposition et d\u2019\u00e9tudier la faisabilit\u00e9 technique d\u2019une carte unique permettant de voyager sur l\u2019ensemble des r\u00e9seaux de transport. Vous trouverez ci-dessous le compte-rendu de ce Forum. D\u2019une grande richesse, les questions et les r\u00e9flexions exprim\u00e9es \u00e0 l\u2019occasion du d\u00e9bat nous ont amen\u00e9 \u00e0 approfondir cette r\u00e9flexion. Un second forum qui abordera [&hellip;]","og_url":"https:\/\/www.doulkeridis.be\/blog\/2006\/12\/11\/la-carte-hypermobil-les-actes-du-colloque-du-6-juillet-2006\/","og_site_name":"Christos Doulkeridis","article_publisher":"https:\/\/www.facebook.com\/doulkeridis","article_published_time":"2006-12-11T16:00:43+00:00","article_modified_time":"2011-08-16T16:02:36+00:00","author":"Christos Doulkeridis","twitter_card":"summary_large_image","twitter_misc":{"\u00c9crit par":"Christos Doulkeridis","Dur\u00e9e de lecture estim\u00e9e":"1 minute"},"schema":{"@context":"https:\/\/schema.org","@graph":[{"@type":"Article","@id":"https:\/\/www.doulkeridis.be\/blog\/2006\/12\/11\/la-carte-hypermobil-les-actes-du-colloque-du-6-juillet-2006\/#article","isPartOf":{"@id":"https:\/\/www.doulkeridis.be\/blog\/2006\/12\/11\/la-carte-hypermobil-les-actes-du-colloque-du-6-juillet-2006\/"},"author":{"name":"Christos Doulkeridis","@id":"https:\/\/www.doulkeridis.be\/blog\/#\/schema\/person\/9f03f3459f0a4ba4db02aabbba098365"},"headline":"La carte HYPERMOBIL : les actes du colloque du 6 juillet 2006","datePublished":"2006-12-11T16:00:43+00:00","dateModified":"2011-08-16T16:02:36+00:00","mainEntityOfPage":{"@id":"https:\/\/www.doulkeridis.be\/blog\/2006\/12\/11\/la-carte-hypermobil-les-actes-du-colloque-du-6-juillet-2006\/"},"wordCount":292,"commentCount":0,"publisher":{"@id":"https:\/\/www.doulkeridis.be\/blog\/#organization"},"keywords":["Hypermobil","mobilit\u00e9","transports en commun"],"articleSection":["Ecolo","Mes r\u00e9alisations"],"inLanguage":"fr-FR","potentialAction":[{"@type":"CommentAction","name":"Comment","target":["https:\/\/www.doulkeridis.be\/blog\/2006\/12\/11\/la-carte-hypermobil-les-actes-du-colloque-du-6-juillet-2006\/#respond"]}]},{"@type":"WebPage","@id":"https:\/\/www.doulkeridis.be\/blog\/2006\/12\/11\/la-carte-hypermobil-les-actes-du-colloque-du-6-juillet-2006\/","url":"https:\/\/www.doulkeridis.be\/blog\/2006\/12\/11\/la-carte-hypermobil-les-actes-du-colloque-du-6-juillet-2006\/","name":"La carte HYPERMOBIL : les actes du colloque du 6 juillet 2006 - Christos Doulkeridis","isPartOf":{"@id":"https:\/\/www.doulkeridis.be\/blog\/#website"},"datePublished":"2006-12-11T16:00:43+00:00","dateModified":"2011-08-16T16:02:36+00:00","breadcrumb":{"@id":"https:\/\/www.doulkeridis.be\/blog\/2006\/12\/11\/la-carte-hypermobil-les-actes-du-colloque-du-6-juillet-2006\/#breadcrumb"},"inLanguage":"fr-FR","potentialAction":[{"@type":"ReadAction","target":["https:\/\/www.doulkeridis.be\/blog\/2006\/12\/11\/la-carte-hypermobil-les-actes-du-colloque-du-6-juillet-2006\/"]}]},{"@type":"BreadcrumbList","@id":"https:\/\/www.doulkeridis.be\/blog\/2006\/12\/11\/la-carte-hypermobil-les-actes-du-colloque-du-6-juillet-2006\/#breadcrumb","itemListElement":[{"@type":"ListItem","position":1,"name":"Accueil","item":"https:\/\/www.doulkeridis.be\/blog\/"},{"@type":"ListItem","position":2,"name":"La carte HYPERMOBIL : les actes du colloque du 6 juillet 2006"}]},{"@type":"WebSite","@id":"https:\/\/www.doulkeridis.be\/blog\/#website","url":"https:\/\/www.doulkeridis.be\/blog\/","name":"Christos Doulkeridis","description":"Coach | Consultant en solutions, gestion de crise, n\u00e9gociations","publisher":{"@id":"https:\/\/www.doulkeridis.be\/blog\/#organization"},"potentialAction":[{"@type":"SearchAction","target":{"@type":"EntryPoint","urlTemplate":"https:\/\/www.doulkeridis.be\/blog\/?s={search_term_string}"},"query-input":{"@type":"PropertyValueSpecification","valueRequired":true,"valueName":"search_term_string"}}],"inLanguage":"fr-FR"},{"@type":"Organization","@id":"https:\/\/www.doulkeridis.be\/blog\/#organization","name":"Ulyse","url":"https:\/\/www.doulkeridis.be\/blog\/","logo":{"@type":"ImageObject","inLanguage":"fr-FR","@id":"https:\/\/www.doulkeridis.be\/blog\/#\/schema\/logo\/image\/","url":"https:\/\/www.doulkeridis.be\/blog\/wp-content\/uploads\/2026\/04\/2-5.png","contentUrl":"https:\/\/www.doulkeridis.be\/blog\/wp-content\/uploads\/2026\/04\/2-5.png","width":1024,"height":728,"caption":"Ulyse"},"image":{"@id":"https:\/\/www.doulkeridis.be\/blog\/#\/schema\/logo\/image\/"},"sameAs":["https:\/\/www.facebook.com\/doulkeridis","https:\/\/www.facebook.com\/christosdoulkeridis2"]},{"@type":"Person","@id":"https:\/\/www.doulkeridis.be\/blog\/#\/schema\/person\/9f03f3459f0a4ba4db02aabbba098365","name":"Christos Doulkeridis","image":{"@type":"ImageObject","inLanguage":"fr-FR","@id":"https:\/\/secure.gravatar.com\/avatar\/71cb6e4369ca0615d93730ef3bc5f54642df4f6bcc59b92763d2ac434abf103e?s=96&d=mm&r=g","url":"https:\/\/secure.gravatar.com\/avatar\/71cb6e4369ca0615d93730ef3bc5f54642df4f6bcc59b92763d2ac434abf103e?s=96&d=mm&r=g","contentUrl":"https:\/\/secure.gravatar.com\/avatar\/71cb6e4369ca0615d93730ef3bc5f54642df4f6bcc59b92763d2ac434abf103e?s=96&d=mm&r=g","caption":"Christos Doulkeridis"},"url":"https:\/\/www.doulkeridis.be\/blog\/author\/christos\/"}]}},"_links":{"self":[{"href":"https:\/\/www.doulkeridis.be\/blog\/wp-json\/wp\/v2\/posts\/4037","targetHints":{"allow":["GET"]}}],"collection":[{"href":"https:\/\/www.doulkeridis.be\/blog\/wp-json\/wp\/v2\/posts"}],"about":[{"href":"https:\/\/www.doulkeridis.be\/blog\/wp-json\/wp\/v2\/types\/post"}],"author":[{"embeddable":true,"href":"https:\/\/www.doulkeridis.be\/blog\/wp-json\/wp\/v2\/users\/2"}],"replies":[{"embeddable":true,"href":"https:\/\/www.doulkeridis.be\/blog\/wp-json\/wp\/v2\/comments?post=4037"}],"version-history":[{"count":2,"href":"https:\/\/www.doulkeridis.be\/blog\/wp-json\/wp\/v2\/posts\/4037\/revisions"}],"predecessor-version":[{"id":4039,"href":"https:\/\/www.doulkeridis.be\/blog\/wp-json\/wp\/v2\/posts\/4037\/revisions\/4039"}],"wp:attachment":[{"href":"https:\/\/www.doulkeridis.be\/blog\/wp-json\/wp\/v2\/media?parent=4037"}],"wp:term":[{"taxonomy":"category","embeddable":true,"href":"https:\/\/www.doulkeridis.be\/blog\/wp-json\/wp\/v2\/categories?post=4037"},{"taxonomy":"post_tag","embeddable":true,"href":"https:\/\/www.doulkeridis.be\/blog\/wp-json\/wp\/v2\/tags?post=4037"}],"curies":[{"name":"wp","href":"https:\/\/api.w.org\/{rel}","templated":true}]}}