{"id":4320,"date":"2011-09-08T10:15:51","date_gmt":"2011-09-08T08:15:51","guid":{"rendered":"http:\/\/www.doulkeridis.be\/blog\/?p=4320"},"modified":"2011-10-03T16:31:28","modified_gmt":"2011-10-03T14:31:28","slug":"brusselicious-2012-appel-aux-artistes","status":"publish","type":"post","link":"https:\/\/www.doulkeridis.be\/blog\/2011\/09\/08\/brusselicious-2012-appel-aux-artistes\/","title":{"rendered":"BRUSSELICIOUS 2012: appel aux artistes!"},"content":{"rendered":"<p><a href=\"https:\/\/www.doulkeridis.be\/blog\/wp-content\/uploads\/2011\/09\/brusselicious.gif\"><img loading=\"lazy\" decoding=\"async\" class=\"alignright size-medium wp-image-4321\" title=\"brusselicious\" src=\"https:\/\/www.doulkeridis.be\/blog\/wp-content\/uploads\/2011\/09\/brusselicious-300x77.gif\" alt=\"\" width=\"300\" height=\"77\" srcset=\"https:\/\/www.doulkeridis.be\/blog\/wp-content\/uploads\/2011\/09\/brusselicious-300x77.gif 300w, https:\/\/www.doulkeridis.be\/blog\/wp-content\/uploads\/2011\/09\/brusselicious.gif 930w\" sizes=\"auto, (max-width: 300px) 100vw, 300px\" \/><\/a>Bruxelles en 2012 vivra des moments gourmands et intenses que nous nous empresserons de vous faire d\u00e9couvrir.<\/p>\n<p>Je souhaite vous relayer ici un appel \u00e0 candidature artistique :<br \/>\n<em><strong>Tout Bruxelles va le savoir, tout Bruxelles va le voir&#8230;!<\/strong><\/em><\/p>\n<p><em> <\/em>Dans le courant de l&rsquo;ann\u00e9e, une mise en sc\u00e8ne de reproductions monumentales (plus de 2 m\u00e8tres de haut) envahira la R\u00e9gion de Bruxelles Capitale. Imaginez des cornets de frites, des choux de Bruxelles, des plaquettes de chocolat, des verres de bi\u00e8re et enfin des moules g\u00e9antes. Tous ces embl\u00e8mes gastronomiques seront personnalis\u00e9s par des artistes de tous horizons et tr\u00f4neront dans la ville avant d&rsquo;\u00eatre regroup\u00e9s dans un lieu unique afin d&rsquo;appr\u00e9cier ce travail dans son ensemble.<br \/>\nLes artistes peuvent envoyer leur demande de candidature \u00e0 l&rsquo;adresse suivante brusselicious@gmail.com et ils recevront le dossier complet.<\/p>\n<p>Merci de faire passer l&rsquo;information!<\/p>\n","protected":false},"excerpt":{"rendered":"<p>Bruxelles en 2012 vivra des moments gourmands et intenses que nous nous empresserons de vous faire d\u00e9couvrir. Je souhaite vous relayer ici un appel \u00e0 candidature artistique : Tout Bruxelles va le savoir, tout Bruxelles va le voir&#8230;! Dans le courant de l&rsquo;ann\u00e9e, une mise en sc\u00e8ne de reproductions monumentales (plus de 2 m\u00e8tres de haut) envahira la R\u00e9gion de Bruxelles Capitale. Imaginez des cornets de frites, des choux de Bruxelles, des plaquettes de chocolat, des verres de bi\u00e8re et enfin des moules g\u00e9antes. Tous ces embl\u00e8mes gastronomiques seront personnalis\u00e9s par des artistes de tous horizons et tr\u00f4neront dans la ville avant d&rsquo;\u00eatre regroup\u00e9s dans un lieu unique afin d&rsquo;appr\u00e9cier ce travail dans son ensemble. Les artistes peuvent envoyer leur demande de candidature \u00e0 l&rsquo;adresse suivante brusselicious@gmail.com et ils recevront le dossier complet. Merci de faire passer l&rsquo;information!<\/p>\n","protected":false},"author":2,"featured_media":4321,"comment_status":"open","ping_status":"open","sticky":false,"template":"","format":"standard","meta":{"_monsterinsights_skip_tracking":false,"_monsterinsights_sitenote_active":false,"_monsterinsights_sitenote_note":"","_monsterinsights_sitenote_category":0,"ngg_post_thumbnail":0,"footnotes":""},"categories":[172],"tags":[390],"class_list":["post-4320","post","type-post","status-publish","format-standard","has-post-thumbnail","hentry","category-annee-de-la-gastronomie","tag-brusselicious"],"yoast_head":"<!-- This site is optimized with the Yoast SEO plugin v27.4 - https:\/\/yoast.com\/product\/yoast-seo-wordpress\/ -->\n<title>BRUSSELICIOUS 2012: appel aux artistes! - Christos Doulkeridis<\/title>\n<meta name=\"robots\" content=\"index, follow, max-snippet:-1, max-image-preview:large, max-video-preview:-1\" \/>\n<link rel=\"canonical\" href=\"https:\/\/www.doulkeridis.be\/blog\/2011\/09\/08\/brusselicious-2012-appel-aux-artistes\/\" \/>\n<meta property=\"og:locale\" content=\"fr_FR\" \/>\n<meta property=\"og:type\" content=\"article\" \/>\n<meta property=\"og:title\" content=\"BRUSSELICIOUS 2012: appel aux artistes! - Christos Doulkeridis\" \/>\n<meta property=\"og:description\" content=\"Bruxelles en 2012 vivra des moments gourmands et intenses que nous nous empresserons de vous faire d\u00e9couvrir. Je souhaite vous relayer ici un appel \u00e0 candidature artistique : Tout Bruxelles va le savoir, tout Bruxelles va le voir&#8230;! Dans le courant de l&rsquo;ann\u00e9e, une mise en sc\u00e8ne de reproductions monumentales (plus de 2 m\u00e8tres de haut) envahira la R\u00e9gion de Bruxelles Capitale. Imaginez des cornets de frites, des choux de Bruxelles, des plaquettes de chocolat, des verres de bi\u00e8re et enfin des moules g\u00e9antes. Tous ces embl\u00e8mes gastronomiques seront personnalis\u00e9s par des artistes de tous horizons et tr\u00f4neront dans la ville avant d&rsquo;\u00eatre regroup\u00e9s dans un lieu unique afin d&rsquo;appr\u00e9cier ce travail dans son ensemble. Les artistes peuvent envoyer leur demande de candidature \u00e0 l&rsquo;adresse suivante brusselicious@gmail.com et ils recevront le dossier complet. Merci de faire passer l&rsquo;information!\" \/>\n<meta property=\"og:url\" content=\"https:\/\/www.doulkeridis.be\/blog\/2011\/09\/08\/brusselicious-2012-appel-aux-artistes\/\" \/>\n<meta property=\"og:site_name\" content=\"Christos Doulkeridis\" \/>\n<meta property=\"article:publisher\" content=\"https:\/\/www.facebook.com\/doulkeridis\" \/>\n<meta property=\"article:published_time\" content=\"2011-09-08T08:15:51+00:00\" \/>\n<meta property=\"article:modified_time\" content=\"2011-10-03T14:31:28+00:00\" \/>\n<meta property=\"og:image\" content=\"https:\/\/www.doulkeridis.be\/blog\/wp-content\/uploads\/2011\/09\/brusselicious.gif\" \/>\n\t<meta property=\"og:image:width\" content=\"930\" \/>\n\t<meta property=\"og:image:height\" content=\"240\" \/>\n\t<meta property=\"og:image:type\" content=\"image\/gif\" \/>\n<meta name=\"author\" content=\"Christos Doulkeridis\" \/>\n<meta name=\"twitter:card\" content=\"summary_large_image\" \/>\n<meta name=\"twitter:label1\" content=\"\u00c9crit par\" \/>\n\t<meta name=\"twitter:data1\" content=\"Christos Doulkeridis\" \/>\n\t<meta name=\"twitter:label2\" content=\"Dur\u00e9e de lecture estim\u00e9e\" \/>\n\t<meta name=\"twitter:data2\" content=\"1 minute\" \/>\n<script type=\"application\/ld+json\" class=\"yoast-schema-graph\">{\"@context\":\"https:\\\/\\\/schema.org\",\"@graph\":[{\"@type\":\"Article\",\"@id\":\"https:\\\/\\\/www.doulkeridis.be\\\/blog\\\/2011\\\/09\\\/08\\\/brusselicious-2012-appel-aux-artistes\\\/#article\",\"isPartOf\":{\"@id\":\"https:\\\/\\\/www.doulkeridis.be\\\/blog\\\/2011\\\/09\\\/08\\\/brusselicious-2012-appel-aux-artistes\\\/\"},\"author\":{\"name\":\"Christos Doulkeridis\",\"@id\":\"https:\\\/\\\/www.doulkeridis.be\\\/blog\\\/#\\\/schema\\\/person\\\/9f03f3459f0a4ba4db02aabbba098365\"},\"headline\":\"BRUSSELICIOUS 2012: appel aux artistes!\",\"datePublished\":\"2011-09-08T08:15:51+00:00\",\"dateModified\":\"2011-10-03T14:31:28+00:00\",\"mainEntityOfPage\":{\"@id\":\"https:\\\/\\\/www.doulkeridis.be\\\/blog\\\/2011\\\/09\\\/08\\\/brusselicious-2012-appel-aux-artistes\\\/\"},\"wordCount\":156,\"commentCount\":3,\"publisher\":{\"@id\":\"https:\\\/\\\/www.doulkeridis.be\\\/blog\\\/#organization\"},\"image\":{\"@id\":\"https:\\\/\\\/www.doulkeridis.be\\\/blog\\\/2011\\\/09\\\/08\\\/brusselicious-2012-appel-aux-artistes\\\/#primaryimage\"},\"thumbnailUrl\":\"https:\\\/\\\/www.doulkeridis.be\\\/blog\\\/wp-content\\\/uploads\\\/2011\\\/09\\\/brusselicious.gif\",\"keywords\":[\"Brusselicious\"],\"articleSection\":[\"Ann\u00e9e de la gastronomie\"],\"inLanguage\":\"fr-FR\",\"potentialAction\":[{\"@type\":\"CommentAction\",\"name\":\"Comment\",\"target\":[\"https:\\\/\\\/www.doulkeridis.be\\\/blog\\\/2011\\\/09\\\/08\\\/brusselicious-2012-appel-aux-artistes\\\/#respond\"]}]},{\"@type\":\"WebPage\",\"@id\":\"https:\\\/\\\/www.doulkeridis.be\\\/blog\\\/2011\\\/09\\\/08\\\/brusselicious-2012-appel-aux-artistes\\\/\",\"url\":\"https:\\\/\\\/www.doulkeridis.be\\\/blog\\\/2011\\\/09\\\/08\\\/brusselicious-2012-appel-aux-artistes\\\/\",\"name\":\"BRUSSELICIOUS 2012: appel aux artistes! - Christos Doulkeridis\",\"isPartOf\":{\"@id\":\"https:\\\/\\\/www.doulkeridis.be\\\/blog\\\/#website\"},\"primaryImageOfPage\":{\"@id\":\"https:\\\/\\\/www.doulkeridis.be\\\/blog\\\/2011\\\/09\\\/08\\\/brusselicious-2012-appel-aux-artistes\\\/#primaryimage\"},\"image\":{\"@id\":\"https:\\\/\\\/www.doulkeridis.be\\\/blog\\\/2011\\\/09\\\/08\\\/brusselicious-2012-appel-aux-artistes\\\/#primaryimage\"},\"thumbnailUrl\":\"https:\\\/\\\/www.doulkeridis.be\\\/blog\\\/wp-content\\\/uploads\\\/2011\\\/09\\\/brusselicious.gif\",\"datePublished\":\"2011-09-08T08:15:51+00:00\",\"dateModified\":\"2011-10-03T14:31:28+00:00\",\"breadcrumb\":{\"@id\":\"https:\\\/\\\/www.doulkeridis.be\\\/blog\\\/2011\\\/09\\\/08\\\/brusselicious-2012-appel-aux-artistes\\\/#breadcrumb\"},\"inLanguage\":\"fr-FR\",\"potentialAction\":[{\"@type\":\"ReadAction\",\"target\":[\"https:\\\/\\\/www.doulkeridis.be\\\/blog\\\/2011\\\/09\\\/08\\\/brusselicious-2012-appel-aux-artistes\\\/\"]}]},{\"@type\":\"ImageObject\",\"inLanguage\":\"fr-FR\",\"@id\":\"https:\\\/\\\/www.doulkeridis.be\\\/blog\\\/2011\\\/09\\\/08\\\/brusselicious-2012-appel-aux-artistes\\\/#primaryimage\",\"url\":\"https:\\\/\\\/www.doulkeridis.be\\\/blog\\\/wp-content\\\/uploads\\\/2011\\\/09\\\/brusselicious.gif\",\"contentUrl\":\"https:\\\/\\\/www.doulkeridis.be\\\/blog\\\/wp-content\\\/uploads\\\/2011\\\/09\\\/brusselicious.gif\",\"width\":\"930\",\"height\":\"240\"},{\"@type\":\"BreadcrumbList\",\"@id\":\"https:\\\/\\\/www.doulkeridis.be\\\/blog\\\/2011\\\/09\\\/08\\\/brusselicious-2012-appel-aux-artistes\\\/#breadcrumb\",\"itemListElement\":[{\"@type\":\"ListItem\",\"position\":1,\"name\":\"Accueil\",\"item\":\"https:\\\/\\\/www.doulkeridis.be\\\/blog\\\/\"},{\"@type\":\"ListItem\",\"position\":2,\"name\":\"BRUSSELICIOUS 2012: appel aux artistes!\"}]},{\"@type\":\"WebSite\",\"@id\":\"https:\\\/\\\/www.doulkeridis.be\\\/blog\\\/#website\",\"url\":\"https:\\\/\\\/www.doulkeridis.be\\\/blog\\\/\",\"name\":\"Christos Doulkeridis\",\"description\":\"Coach | Consultant en solutions, gestion de crise, n\u00e9gociations\",\"publisher\":{\"@id\":\"https:\\\/\\\/www.doulkeridis.be\\\/blog\\\/#organization\"},\"potentialAction\":[{\"@type\":\"SearchAction\",\"target\":{\"@type\":\"EntryPoint\",\"urlTemplate\":\"https:\\\/\\\/www.doulkeridis.be\\\/blog\\\/?s={search_term_string}\"},\"query-input\":{\"@type\":\"PropertyValueSpecification\",\"valueRequired\":true,\"valueName\":\"search_term_string\"}}],\"inLanguage\":\"fr-FR\"},{\"@type\":\"Organization\",\"@id\":\"https:\\\/\\\/www.doulkeridis.be\\\/blog\\\/#organization\",\"name\":\"Ulyse\",\"url\":\"https:\\\/\\\/www.doulkeridis.be\\\/blog\\\/\",\"logo\":{\"@type\":\"ImageObject\",\"inLanguage\":\"fr-FR\",\"@id\":\"https:\\\/\\\/www.doulkeridis.be\\\/blog\\\/#\\\/schema\\\/logo\\\/image\\\/\",\"url\":\"https:\\\/\\\/www.doulkeridis.be\\\/blog\\\/wp-content\\\/uploads\\\/2026\\\/04\\\/2-5.png\",\"contentUrl\":\"https:\\\/\\\/www.doulkeridis.be\\\/blog\\\/wp-content\\\/uploads\\\/2026\\\/04\\\/2-5.png\",\"width\":1024,\"height\":728,\"caption\":\"Ulyse\"},\"image\":{\"@id\":\"https:\\\/\\\/www.doulkeridis.be\\\/blog\\\/#\\\/schema\\\/logo\\\/image\\\/\"},\"sameAs\":[\"https:\\\/\\\/www.facebook.com\\\/doulkeridis\",\"https:\\\/\\\/www.facebook.com\\\/christosdoulkeridis2\"]},{\"@type\":\"Person\",\"@id\":\"https:\\\/\\\/www.doulkeridis.be\\\/blog\\\/#\\\/schema\\\/person\\\/9f03f3459f0a4ba4db02aabbba098365\",\"name\":\"Christos Doulkeridis\",\"image\":{\"@type\":\"ImageObject\",\"inLanguage\":\"fr-FR\",\"@id\":\"https:\\\/\\\/secure.gravatar.com\\\/avatar\\\/71cb6e4369ca0615d93730ef3bc5f54642df4f6bcc59b92763d2ac434abf103e?s=96&d=mm&r=g\",\"url\":\"https:\\\/\\\/secure.gravatar.com\\\/avatar\\\/71cb6e4369ca0615d93730ef3bc5f54642df4f6bcc59b92763d2ac434abf103e?s=96&d=mm&r=g\",\"contentUrl\":\"https:\\\/\\\/secure.gravatar.com\\\/avatar\\\/71cb6e4369ca0615d93730ef3bc5f54642df4f6bcc59b92763d2ac434abf103e?s=96&d=mm&r=g\",\"caption\":\"Christos Doulkeridis\"},\"url\":\"https:\\\/\\\/www.doulkeridis.be\\\/blog\\\/author\\\/christos\\\/\"}]}<\/script>\n<!-- \/ Yoast SEO plugin. -->","yoast_head_json":{"title":"BRUSSELICIOUS 2012: appel aux artistes! - Christos Doulkeridis","robots":{"index":"index","follow":"follow","max-snippet":"max-snippet:-1","max-image-preview":"max-image-preview:large","max-video-preview":"max-video-preview:-1"},"canonical":"https:\/\/www.doulkeridis.be\/blog\/2011\/09\/08\/brusselicious-2012-appel-aux-artistes\/","og_locale":"fr_FR","og_type":"article","og_title":"BRUSSELICIOUS 2012: appel aux artistes! - Christos Doulkeridis","og_description":"Bruxelles en 2012 vivra des moments gourmands et intenses que nous nous empresserons de vous faire d\u00e9couvrir. Je souhaite vous relayer ici un appel \u00e0 candidature artistique : Tout Bruxelles va le savoir, tout Bruxelles va le voir&#8230;! Dans le courant de l&rsquo;ann\u00e9e, une mise en sc\u00e8ne de reproductions monumentales (plus de 2 m\u00e8tres de haut) envahira la R\u00e9gion de Bruxelles Capitale. Imaginez des cornets de frites, des choux de Bruxelles, des plaquettes de chocolat, des verres de bi\u00e8re et enfin des moules g\u00e9antes. Tous ces embl\u00e8mes gastronomiques seront personnalis\u00e9s par des artistes de tous horizons et tr\u00f4neront dans la ville avant d&rsquo;\u00eatre regroup\u00e9s dans un lieu unique afin d&rsquo;appr\u00e9cier ce travail dans son ensemble. Les artistes peuvent envoyer leur demande de candidature \u00e0 l&rsquo;adresse suivante brusselicious@gmail.com et ils recevront le dossier complet. Merci de faire passer l&rsquo;information!","og_url":"https:\/\/www.doulkeridis.be\/blog\/2011\/09\/08\/brusselicious-2012-appel-aux-artistes\/","og_site_name":"Christos Doulkeridis","article_publisher":"https:\/\/www.facebook.com\/doulkeridis","article_published_time":"2011-09-08T08:15:51+00:00","article_modified_time":"2011-10-03T14:31:28+00:00","og_image":[{"width":930,"height":240,"url":"https:\/\/www.doulkeridis.be\/blog\/wp-content\/uploads\/2011\/09\/brusselicious.gif","type":"image\/gif"}],"author":"Christos Doulkeridis","twitter_card":"summary_large_image","twitter_misc":{"\u00c9crit par":"Christos Doulkeridis","Dur\u00e9e de lecture estim\u00e9e":"1 minute"},"schema":{"@context":"https:\/\/schema.org","@graph":[{"@type":"Article","@id":"https:\/\/www.doulkeridis.be\/blog\/2011\/09\/08\/brusselicious-2012-appel-aux-artistes\/#article","isPartOf":{"@id":"https:\/\/www.doulkeridis.be\/blog\/2011\/09\/08\/brusselicious-2012-appel-aux-artistes\/"},"author":{"name":"Christos Doulkeridis","@id":"https:\/\/www.doulkeridis.be\/blog\/#\/schema\/person\/9f03f3459f0a4ba4db02aabbba098365"},"headline":"BRUSSELICIOUS 2012: appel aux artistes!","datePublished":"2011-09-08T08:15:51+00:00","dateModified":"2011-10-03T14:31:28+00:00","mainEntityOfPage":{"@id":"https:\/\/www.doulkeridis.be\/blog\/2011\/09\/08\/brusselicious-2012-appel-aux-artistes\/"},"wordCount":156,"commentCount":3,"publisher":{"@id":"https:\/\/www.doulkeridis.be\/blog\/#organization"},"image":{"@id":"https:\/\/www.doulkeridis.be\/blog\/2011\/09\/08\/brusselicious-2012-appel-aux-artistes\/#primaryimage"},"thumbnailUrl":"https:\/\/www.doulkeridis.be\/blog\/wp-content\/uploads\/2011\/09\/brusselicious.gif","keywords":["Brusselicious"],"articleSection":["Ann\u00e9e de la gastronomie"],"inLanguage":"fr-FR","potentialAction":[{"@type":"CommentAction","name":"Comment","target":["https:\/\/www.doulkeridis.be\/blog\/2011\/09\/08\/brusselicious-2012-appel-aux-artistes\/#respond"]}]},{"@type":"WebPage","@id":"https:\/\/www.doulkeridis.be\/blog\/2011\/09\/08\/brusselicious-2012-appel-aux-artistes\/","url":"https:\/\/www.doulkeridis.be\/blog\/2011\/09\/08\/brusselicious-2012-appel-aux-artistes\/","name":"BRUSSELICIOUS 2012: appel aux artistes! - Christos Doulkeridis","isPartOf":{"@id":"https:\/\/www.doulkeridis.be\/blog\/#website"},"primaryImageOfPage":{"@id":"https:\/\/www.doulkeridis.be\/blog\/2011\/09\/08\/brusselicious-2012-appel-aux-artistes\/#primaryimage"},"image":{"@id":"https:\/\/www.doulkeridis.be\/blog\/2011\/09\/08\/brusselicious-2012-appel-aux-artistes\/#primaryimage"},"thumbnailUrl":"https:\/\/www.doulkeridis.be\/blog\/wp-content\/uploads\/2011\/09\/brusselicious.gif","datePublished":"2011-09-08T08:15:51+00:00","dateModified":"2011-10-03T14:31:28+00:00","breadcrumb":{"@id":"https:\/\/www.doulkeridis.be\/blog\/2011\/09\/08\/brusselicious-2012-appel-aux-artistes\/#breadcrumb"},"inLanguage":"fr-FR","potentialAction":[{"@type":"ReadAction","target":["https:\/\/www.doulkeridis.be\/blog\/2011\/09\/08\/brusselicious-2012-appel-aux-artistes\/"]}]},{"@type":"ImageObject","inLanguage":"fr-FR","@id":"https:\/\/www.doulkeridis.be\/blog\/2011\/09\/08\/brusselicious-2012-appel-aux-artistes\/#primaryimage","url":"https:\/\/www.doulkeridis.be\/blog\/wp-content\/uploads\/2011\/09\/brusselicious.gif","contentUrl":"https:\/\/www.doulkeridis.be\/blog\/wp-content\/uploads\/2011\/09\/brusselicious.gif","width":"930","height":"240"},{"@type":"BreadcrumbList","@id":"https:\/\/www.doulkeridis.be\/blog\/2011\/09\/08\/brusselicious-2012-appel-aux-artistes\/#breadcrumb","itemListElement":[{"@type":"ListItem","position":1,"name":"Accueil","item":"https:\/\/www.doulkeridis.be\/blog\/"},{"@type":"ListItem","position":2,"name":"BRUSSELICIOUS 2012: appel aux artistes!"}]},{"@type":"WebSite","@id":"https:\/\/www.doulkeridis.be\/blog\/#website","url":"https:\/\/www.doulkeridis.be\/blog\/","name":"Christos Doulkeridis","description":"Coach | Consultant en solutions, gestion de crise, n\u00e9gociations","publisher":{"@id":"https:\/\/www.doulkeridis.be\/blog\/#organization"},"potentialAction":[{"@type":"SearchAction","target":{"@type":"EntryPoint","urlTemplate":"https:\/\/www.doulkeridis.be\/blog\/?s={search_term_string}"},"query-input":{"@type":"PropertyValueSpecification","valueRequired":true,"valueName":"search_term_string"}}],"inLanguage":"fr-FR"},{"@type":"Organization","@id":"https:\/\/www.doulkeridis.be\/blog\/#organization","name":"Ulyse","url":"https:\/\/www.doulkeridis.be\/blog\/","logo":{"@type":"ImageObject","inLanguage":"fr-FR","@id":"https:\/\/www.doulkeridis.be\/blog\/#\/schema\/logo\/image\/","url":"https:\/\/www.doulkeridis.be\/blog\/wp-content\/uploads\/2026\/04\/2-5.png","contentUrl":"https:\/\/www.doulkeridis.be\/blog\/wp-content\/uploads\/2026\/04\/2-5.png","width":1024,"height":728,"caption":"Ulyse"},"image":{"@id":"https:\/\/www.doulkeridis.be\/blog\/#\/schema\/logo\/image\/"},"sameAs":["https:\/\/www.facebook.com\/doulkeridis","https:\/\/www.facebook.com\/christosdoulkeridis2"]},{"@type":"Person","@id":"https:\/\/www.doulkeridis.be\/blog\/#\/schema\/person\/9f03f3459f0a4ba4db02aabbba098365","name":"Christos Doulkeridis","image":{"@type":"ImageObject","inLanguage":"fr-FR","@id":"https:\/\/secure.gravatar.com\/avatar\/71cb6e4369ca0615d93730ef3bc5f54642df4f6bcc59b92763d2ac434abf103e?s=96&d=mm&r=g","url":"https:\/\/secure.gravatar.com\/avatar\/71cb6e4369ca0615d93730ef3bc5f54642df4f6bcc59b92763d2ac434abf103e?s=96&d=mm&r=g","contentUrl":"https:\/\/secure.gravatar.com\/avatar\/71cb6e4369ca0615d93730ef3bc5f54642df4f6bcc59b92763d2ac434abf103e?s=96&d=mm&r=g","caption":"Christos Doulkeridis"},"url":"https:\/\/www.doulkeridis.be\/blog\/author\/christos\/"}]}},"_links":{"self":[{"href":"https:\/\/www.doulkeridis.be\/blog\/wp-json\/wp\/v2\/posts\/4320","targetHints":{"allow":["GET"]}}],"collection":[{"href":"https:\/\/www.doulkeridis.be\/blog\/wp-json\/wp\/v2\/posts"}],"about":[{"href":"https:\/\/www.doulkeridis.be\/blog\/wp-json\/wp\/v2\/types\/post"}],"author":[{"embeddable":true,"href":"https:\/\/www.doulkeridis.be\/blog\/wp-json\/wp\/v2\/users\/2"}],"replies":[{"embeddable":true,"href":"https:\/\/www.doulkeridis.be\/blog\/wp-json\/wp\/v2\/comments?post=4320"}],"version-history":[{"count":3,"href":"https:\/\/www.doulkeridis.be\/blog\/wp-json\/wp\/v2\/posts\/4320\/revisions"}],"predecessor-version":[{"id":4525,"href":"https:\/\/www.doulkeridis.be\/blog\/wp-json\/wp\/v2\/posts\/4320\/revisions\/4525"}],"wp:featuredmedia":[{"embeddable":true,"href":"https:\/\/www.doulkeridis.be\/blog\/wp-json\/wp\/v2\/media\/4321"}],"wp:attachment":[{"href":"https:\/\/www.doulkeridis.be\/blog\/wp-json\/wp\/v2\/media?parent=4320"}],"wp:term":[{"taxonomy":"category","embeddable":true,"href":"https:\/\/www.doulkeridis.be\/blog\/wp-json\/wp\/v2\/categories?post=4320"},{"taxonomy":"post_tag","embeddable":true,"href":"https:\/\/www.doulkeridis.be\/blog\/wp-json\/wp\/v2\/tags?post=4320"}],"curies":[{"name":"wp","href":"https:\/\/api.w.org\/{rel}","templated":true}]}}