{"id":450,"date":"2010-05-27T22:41:56","date_gmt":"2010-05-27T20:41:56","guid":{"rendered":"http:\/\/www.doulkeridis.be\/blog\/?p=450"},"modified":"2011-08-10T09:36:20","modified_gmt":"2011-08-10T07:36:20","slug":"question-de-campagne-n%c2%b06-daccord-pour-negocier-avec-la-nva-apres-le-13-juin","status":"publish","type":"post","link":"https:\/\/www.doulkeridis.be\/blog\/2010\/05\/27\/question-de-campagne-n%c2%b06-daccord-pour-negocier-avec-la-nva-apres-le-13-juin\/","title":{"rendered":"Question de campagne n\u00b06 : d&rsquo;accord pour n\u00e9gocier avec la N-VA apr\u00e8s le 13 juin ?"},"content":{"rendered":"<blockquote><p><span style=\"color: #800000;\">Question pos\u00e9e par <a href=\"http:\/\/twitter.com\/odedoncker\" target=\"_blank\">odedoncker<\/a> via Twitter.<\/span><\/p><\/blockquote>\n<p>Cette question revient assez r\u00e9guli\u00e8rement dans la campagne, et encore davantage depuis que la N-VA semble battre tous les records dans les sondages pr\u00e9\u00e9lectoraux.<\/p>\n<p>Voici ma r\u00e9ponse et je prendrai un peu plus de temps que les 30 secondes que l&rsquo;on dispose pour y r\u00e9pondre devant un micro.<\/p>\n<p>En 2007, ECOLO avait signifi\u00e9 ses r\u00e9serves tr\u00e8s claires \u00e0 participer \u00e0 un gouvernement avec la N-VA dans la mesure o\u00f9 il apparaissait \u00e9vident que ce parti n&rsquo;\u00e9tait pas \u00e0 la recherche de solutions \u00e9quilibr\u00e9es pour l&rsquo;ensemble du pays. Depuis lors, le cartel que la N-VA formait avec le CD&amp;V a \u00e9t\u00e9 rompu, ce qui a d&rsquo;ailleurs permis de constituer un gouvernement un poil plus stable au niveau f\u00e9d\u00e9ral (CD&amp;V,\u00a0OpenVLD, MR, PS, CDh).<\/p>\n<p>A divers moments lors de cette derni\u00e8re l\u00e9gislature, des discussions ont par contre eu lieu sur le terrain institutionnel avec des repr\u00e9sentants de la N-VA et les partis de la majorit\u00e9, dont le FDF, ainsi que des partis de l&rsquo;opposition, comme Groen et ECOLO. Comme chacun le sait, ces n\u00e9gociations n&rsquo;ont aboutit \u00e0 rien.<\/p>\n<p><!--more--> Nous nous trouvons aujourd&rsquo;hui dans une situation encore plus grave  qu&rsquo;en 2007, dans la mesure o\u00f9 le gouvernement est une nouvelle fois tomb\u00e9 faute d&rsquo;avoir pu faire aboutir un nouvel accord institutionnel et ce malgr\u00e9 un contexte \u00e9conomique pitoyable. Au lendemain de ces \u00e9lections, il appara\u00eet \u00e9vident que le dossier communautaire sera \u00e0 l&rsquo;ordre du jour une nouvelle fois. ECOLO, quoi qu&rsquo;\u00e9tant dans l&rsquo;opposition \u00e0 l&rsquo;\u00e9chelle f\u00e9d\u00e9rale, a toujours montr\u00e9 sa disponibilit\u00e9 \u00e0 rechercher un <strong>accord \u00e9quilibr\u00e9<\/strong> entre les 3 R\u00e9gions.<\/p>\n<p>Il est \u00e9vident qu&rsquo;une partie des partis au Nord du pays ont muscl\u00e9 encore leurs positions, tel la NVA. D&rsquo;autres essaient de mettre en avant une logique de dialogue plus renforc\u00e9e. Je pourrais faire une liste impressionnante de points ou de phrases inexates, scandaleuses ou irrespectueuses qui ont \u00e9t\u00e9 dites dans le cadre de cette campagne envers Bruxelles, sa p\u00e9riph\u00e9rie ou encore la Wallonie. Je pourrais le crier tr\u00e8s fort sur tous les toits et me battre le torse pour montrer que je ne suis pas content, mais je ne pense pas que cela r\u00e8glera quoi que ce soit.<\/p>\n<p>Au lendemain des \u00e9lections, chacun devra prendre ses responsabilit\u00e9s. Du c\u00f4t\u00e9 des \u00e9cologistes nous poursuivons notre strat\u00e9gie de dialogue avec GROEN pour essayer de rapprocher au maximum nos points de vue, m\u00eame si nous savons que nous ne serons pas d&rsquo;accord sur tout. Nous poursuivons aussi un dialogue pouss\u00e9 avec les partis francophones d\u00e9mocratiques pour ne pas affaiblir nos positions durant les n\u00e9gociations \u00e0 venir.<\/p>\n<p>D&rsquo;ici le 13 juin, les \u00e9lecteurs devront faire leur choix. Nous esp\u00e9rons \u00e9videmment qu&rsquo;ils essaieront de donner leur pr\u00e9f\u00e9rence \u00e0 des partis qui privil\u00e9gient la recherche d&rsquo;une solution \u00e0 ceux qui risquent d&rsquo;enflammer un peu plus notre pays. Mais le contexte dans lequel nous nous trouvons ne\u00a0devrait pas \u00e0 ce jour nous encourager \u00e0 jeter des invectives ou des exclusions a priori dans la recherche de solutions avec aucun des partis d\u00e9mocratiques.\u00a0Le pays est assez bloqu\u00e9 comme \u00e7a que pour compliquer encore un peu plus les choses.<\/p>\n","protected":false},"excerpt":{"rendered":"<p>Question pos\u00e9e par odedoncker via Twitter. Cette question revient assez r\u00e9guli\u00e8rement dans la campagne, et encore davantage depuis que la N-VA semble battre tous les records dans les sondages pr\u00e9\u00e9lectoraux. Voici ma r\u00e9ponse et je prendrai un peu plus de temps que les 30 secondes que l&rsquo;on dispose pour y r\u00e9pondre devant un micro. En 2007, ECOLO avait signifi\u00e9 ses r\u00e9serves tr\u00e8s claires \u00e0 participer \u00e0 un gouvernement avec la N-VA dans la mesure o\u00f9 il apparaissait \u00e9vident que ce parti n&rsquo;\u00e9tait pas \u00e0 la recherche de solutions \u00e9quilibr\u00e9es pour l&rsquo;ensemble du pays. Depuis lors, le cartel que la N-VA formait avec le CD&amp;V a \u00e9t\u00e9 rompu, ce qui a d&rsquo;ailleurs permis de constituer un gouvernement un poil plus stable au niveau f\u00e9d\u00e9ral (CD&amp;V,\u00a0OpenVLD, MR, PS, CDh). A divers moments lors de cette derni\u00e8re l\u00e9gislature, des discussions ont par contre eu lieu sur le terrain institutionnel avec des repr\u00e9sentants de la N-VA et les partis de la majorit\u00e9, dont le FDF, ainsi que des partis de l&rsquo;opposition, comme Groen et ECOLO. Comme chacun le sait, ces n\u00e9gociations n&rsquo;ont aboutit \u00e0 rien.<\/p>\n","protected":false},"author":2,"featured_media":0,"comment_status":"open","ping_status":"open","sticky":false,"template":"","format":"standard","meta":{"_monsterinsights_skip_tracking":false,"_monsterinsights_sitenote_active":false,"_monsterinsights_sitenote_note":"","_monsterinsights_sitenote_category":0,"ngg_post_thumbnail":0,"footnotes":""},"categories":[30,38,151],"tags":[258,1025,105,270],"class_list":["post-450","post","type-post","status-publish","format-standard","hentry","category-elections-2010","category-institutionnel","category-questions-de-campagne","tag-crise-politique","tag-ecolo","tag-negociations","tag-questions-reponses"],"yoast_head":"<!-- This site is optimized with the Yoast SEO plugin v27.4 - https:\/\/yoast.com\/product\/yoast-seo-wordpress\/ -->\n<title>Question de campagne n\u00b06 : d&#039;accord pour n\u00e9gocier avec la N-VA apr\u00e8s le 13 juin ?  - Christos Doulkeridis<\/title>\n<meta name=\"robots\" content=\"index, follow, max-snippet:-1, max-image-preview:large, max-video-preview:-1\" \/>\n<link rel=\"canonical\" href=\"https:\/\/www.doulkeridis.be\/blog\/2010\/05\/27\/question-de-campagne-n\u00b06-daccord-pour-negocier-avec-la-nva-apres-le-13-juin\/\" \/>\n<meta property=\"og:locale\" content=\"fr_FR\" \/>\n<meta property=\"og:type\" content=\"article\" \/>\n<meta property=\"og:title\" content=\"Question de campagne n\u00b06 : d&#039;accord pour n\u00e9gocier avec la N-VA apr\u00e8s le 13 juin ?  - Christos Doulkeridis\" \/>\n<meta property=\"og:description\" content=\"Question pos\u00e9e par odedoncker via Twitter. Cette question revient assez r\u00e9guli\u00e8rement dans la campagne, et encore davantage depuis que la N-VA semble battre tous les records dans les sondages pr\u00e9\u00e9lectoraux. Voici ma r\u00e9ponse et je prendrai un peu plus de temps que les 30 secondes que l&rsquo;on dispose pour y r\u00e9pondre devant un micro. En 2007, ECOLO avait signifi\u00e9 ses r\u00e9serves tr\u00e8s claires \u00e0 participer \u00e0 un gouvernement avec la N-VA dans la mesure o\u00f9 il apparaissait \u00e9vident que ce parti n&rsquo;\u00e9tait pas \u00e0 la recherche de solutions \u00e9quilibr\u00e9es pour l&rsquo;ensemble du pays. Depuis lors, le cartel que la N-VA formait avec le CD&amp;V a \u00e9t\u00e9 rompu, ce qui a d&rsquo;ailleurs permis de constituer un gouvernement un poil plus stable au niveau f\u00e9d\u00e9ral (CD&amp;V,\u00a0OpenVLD, MR, PS, CDh). A divers moments lors de cette derni\u00e8re l\u00e9gislature, des discussions ont par contre eu lieu sur le terrain institutionnel avec des repr\u00e9sentants de la N-VA et les partis de la majorit\u00e9, dont le FDF, ainsi que des partis de l&rsquo;opposition, comme Groen et ECOLO. Comme chacun le sait, ces n\u00e9gociations n&rsquo;ont aboutit \u00e0 rien.\" \/>\n<meta property=\"og:url\" content=\"https:\/\/www.doulkeridis.be\/blog\/2010\/05\/27\/question-de-campagne-n\u00b06-daccord-pour-negocier-avec-la-nva-apres-le-13-juin\/\" \/>\n<meta property=\"og:site_name\" content=\"Christos Doulkeridis\" \/>\n<meta property=\"article:publisher\" content=\"https:\/\/www.facebook.com\/doulkeridis\" \/>\n<meta property=\"article:published_time\" content=\"2010-05-27T20:41:56+00:00\" \/>\n<meta property=\"article:modified_time\" content=\"2011-08-10T07:36:20+00:00\" \/>\n<meta name=\"author\" content=\"Christos Doulkeridis\" \/>\n<meta name=\"twitter:card\" content=\"summary_large_image\" \/>\n<meta name=\"twitter:label1\" content=\"\u00c9crit par\" \/>\n\t<meta name=\"twitter:data1\" content=\"Christos Doulkeridis\" \/>\n\t<meta name=\"twitter:label2\" content=\"Dur\u00e9e de lecture estim\u00e9e\" \/>\n\t<meta name=\"twitter:data2\" content=\"3 minutes\" \/>\n<script type=\"application\/ld+json\" class=\"yoast-schema-graph\">{\"@context\":\"https:\\\/\\\/schema.org\",\"@graph\":[{\"@type\":\"Article\",\"@id\":\"https:\\\/\\\/www.doulkeridis.be\\\/blog\\\/2010\\\/05\\\/27\\\/question-de-campagne-n%c2%b06-daccord-pour-negocier-avec-la-nva-apres-le-13-juin\\\/#article\",\"isPartOf\":{\"@id\":\"https:\\\/\\\/www.doulkeridis.be\\\/blog\\\/2010\\\/05\\\/27\\\/question-de-campagne-n%c2%b06-daccord-pour-negocier-avec-la-nva-apres-le-13-juin\\\/\"},\"author\":{\"name\":\"Christos Doulkeridis\",\"@id\":\"https:\\\/\\\/www.doulkeridis.be\\\/blog\\\/#\\\/schema\\\/person\\\/9f03f3459f0a4ba4db02aabbba098365\"},\"headline\":\"Question de campagne n\u00b06 : d&rsquo;accord pour n\u00e9gocier avec la N-VA apr\u00e8s le 13 juin ?\",\"datePublished\":\"2010-05-27T20:41:56+00:00\",\"dateModified\":\"2011-08-10T07:36:20+00:00\",\"mainEntityOfPage\":{\"@id\":\"https:\\\/\\\/www.doulkeridis.be\\\/blog\\\/2010\\\/05\\\/27\\\/question-de-campagne-n%c2%b06-daccord-pour-negocier-avec-la-nva-apres-le-13-juin\\\/\"},\"wordCount\":574,\"commentCount\":1,\"publisher\":{\"@id\":\"https:\\\/\\\/www.doulkeridis.be\\\/blog\\\/#organization\"},\"keywords\":[\"crise politique\",\"Ecolo\",\"n\u00e9gociations\",\"Questions-r\u00e9ponses\"],\"articleSection\":[\"\u00c9lections 2010\",\"Institutionnel\",\"Questions de campagne\"],\"inLanguage\":\"fr-FR\",\"potentialAction\":[{\"@type\":\"CommentAction\",\"name\":\"Comment\",\"target\":[\"https:\\\/\\\/www.doulkeridis.be\\\/blog\\\/2010\\\/05\\\/27\\\/question-de-campagne-n%c2%b06-daccord-pour-negocier-avec-la-nva-apres-le-13-juin\\\/#respond\"]}]},{\"@type\":\"WebPage\",\"@id\":\"https:\\\/\\\/www.doulkeridis.be\\\/blog\\\/2010\\\/05\\\/27\\\/question-de-campagne-n%c2%b06-daccord-pour-negocier-avec-la-nva-apres-le-13-juin\\\/\",\"url\":\"https:\\\/\\\/www.doulkeridis.be\\\/blog\\\/2010\\\/05\\\/27\\\/question-de-campagne-n%c2%b06-daccord-pour-negocier-avec-la-nva-apres-le-13-juin\\\/\",\"name\":\"Question de campagne n\u00b06 : d'accord pour n\u00e9gocier avec la N-VA apr\u00e8s le 13 juin ? - Christos Doulkeridis\",\"isPartOf\":{\"@id\":\"https:\\\/\\\/www.doulkeridis.be\\\/blog\\\/#website\"},\"datePublished\":\"2010-05-27T20:41:56+00:00\",\"dateModified\":\"2011-08-10T07:36:20+00:00\",\"breadcrumb\":{\"@id\":\"https:\\\/\\\/www.doulkeridis.be\\\/blog\\\/2010\\\/05\\\/27\\\/question-de-campagne-n%c2%b06-daccord-pour-negocier-avec-la-nva-apres-le-13-juin\\\/#breadcrumb\"},\"inLanguage\":\"fr-FR\",\"potentialAction\":[{\"@type\":\"ReadAction\",\"target\":[\"https:\\\/\\\/www.doulkeridis.be\\\/blog\\\/2010\\\/05\\\/27\\\/question-de-campagne-n%c2%b06-daccord-pour-negocier-avec-la-nva-apres-le-13-juin\\\/\"]}]},{\"@type\":\"BreadcrumbList\",\"@id\":\"https:\\\/\\\/www.doulkeridis.be\\\/blog\\\/2010\\\/05\\\/27\\\/question-de-campagne-n%c2%b06-daccord-pour-negocier-avec-la-nva-apres-le-13-juin\\\/#breadcrumb\",\"itemListElement\":[{\"@type\":\"ListItem\",\"position\":1,\"name\":\"Accueil\",\"item\":\"https:\\\/\\\/www.doulkeridis.be\\\/blog\\\/\"},{\"@type\":\"ListItem\",\"position\":2,\"name\":\"Question de campagne n\u00b06 : d&rsquo;accord pour n\u00e9gocier avec la N-VA apr\u00e8s le 13 juin ?\"}]},{\"@type\":\"WebSite\",\"@id\":\"https:\\\/\\\/www.doulkeridis.be\\\/blog\\\/#website\",\"url\":\"https:\\\/\\\/www.doulkeridis.be\\\/blog\\\/\",\"name\":\"Christos Doulkeridis\",\"description\":\"Coach | Consultant en solutions, gestion de crise, n\u00e9gociations\",\"publisher\":{\"@id\":\"https:\\\/\\\/www.doulkeridis.be\\\/blog\\\/#organization\"},\"potentialAction\":[{\"@type\":\"SearchAction\",\"target\":{\"@type\":\"EntryPoint\",\"urlTemplate\":\"https:\\\/\\\/www.doulkeridis.be\\\/blog\\\/?s={search_term_string}\"},\"query-input\":{\"@type\":\"PropertyValueSpecification\",\"valueRequired\":true,\"valueName\":\"search_term_string\"}}],\"inLanguage\":\"fr-FR\"},{\"@type\":\"Organization\",\"@id\":\"https:\\\/\\\/www.doulkeridis.be\\\/blog\\\/#organization\",\"name\":\"Ulyse\",\"url\":\"https:\\\/\\\/www.doulkeridis.be\\\/blog\\\/\",\"logo\":{\"@type\":\"ImageObject\",\"inLanguage\":\"fr-FR\",\"@id\":\"https:\\\/\\\/www.doulkeridis.be\\\/blog\\\/#\\\/schema\\\/logo\\\/image\\\/\",\"url\":\"https:\\\/\\\/www.doulkeridis.be\\\/blog\\\/wp-content\\\/uploads\\\/2026\\\/04\\\/2-5.png\",\"contentUrl\":\"https:\\\/\\\/www.doulkeridis.be\\\/blog\\\/wp-content\\\/uploads\\\/2026\\\/04\\\/2-5.png\",\"width\":1024,\"height\":728,\"caption\":\"Ulyse\"},\"image\":{\"@id\":\"https:\\\/\\\/www.doulkeridis.be\\\/blog\\\/#\\\/schema\\\/logo\\\/image\\\/\"},\"sameAs\":[\"https:\\\/\\\/www.facebook.com\\\/doulkeridis\",\"https:\\\/\\\/www.facebook.com\\\/christosdoulkeridis2\"]},{\"@type\":\"Person\",\"@id\":\"https:\\\/\\\/www.doulkeridis.be\\\/blog\\\/#\\\/schema\\\/person\\\/9f03f3459f0a4ba4db02aabbba098365\",\"name\":\"Christos Doulkeridis\",\"image\":{\"@type\":\"ImageObject\",\"inLanguage\":\"fr-FR\",\"@id\":\"https:\\\/\\\/secure.gravatar.com\\\/avatar\\\/71cb6e4369ca0615d93730ef3bc5f54642df4f6bcc59b92763d2ac434abf103e?s=96&d=mm&r=g\",\"url\":\"https:\\\/\\\/secure.gravatar.com\\\/avatar\\\/71cb6e4369ca0615d93730ef3bc5f54642df4f6bcc59b92763d2ac434abf103e?s=96&d=mm&r=g\",\"contentUrl\":\"https:\\\/\\\/secure.gravatar.com\\\/avatar\\\/71cb6e4369ca0615d93730ef3bc5f54642df4f6bcc59b92763d2ac434abf103e?s=96&d=mm&r=g\",\"caption\":\"Christos Doulkeridis\"},\"url\":\"https:\\\/\\\/www.doulkeridis.be\\\/blog\\\/author\\\/christos\\\/\"}]}<\/script>\n<!-- \/ Yoast SEO plugin. -->","yoast_head_json":{"title":"Question de campagne n\u00b06 : d'accord pour n\u00e9gocier avec la N-VA apr\u00e8s le 13 juin ?  - Christos Doulkeridis","robots":{"index":"index","follow":"follow","max-snippet":"max-snippet:-1","max-image-preview":"max-image-preview:large","max-video-preview":"max-video-preview:-1"},"canonical":"https:\/\/www.doulkeridis.be\/blog\/2010\/05\/27\/question-de-campagne-n\u00b06-daccord-pour-negocier-avec-la-nva-apres-le-13-juin\/","og_locale":"fr_FR","og_type":"article","og_title":"Question de campagne n\u00b06 : d'accord pour n\u00e9gocier avec la N-VA apr\u00e8s le 13 juin ?  - Christos Doulkeridis","og_description":"Question pos\u00e9e par odedoncker via Twitter. Cette question revient assez r\u00e9guli\u00e8rement dans la campagne, et encore davantage depuis que la N-VA semble battre tous les records dans les sondages pr\u00e9\u00e9lectoraux. Voici ma r\u00e9ponse et je prendrai un peu plus de temps que les 30 secondes que l&rsquo;on dispose pour y r\u00e9pondre devant un micro. En 2007, ECOLO avait signifi\u00e9 ses r\u00e9serves tr\u00e8s claires \u00e0 participer \u00e0 un gouvernement avec la N-VA dans la mesure o\u00f9 il apparaissait \u00e9vident que ce parti n&rsquo;\u00e9tait pas \u00e0 la recherche de solutions \u00e9quilibr\u00e9es pour l&rsquo;ensemble du pays. Depuis lors, le cartel que la N-VA formait avec le CD&amp;V a \u00e9t\u00e9 rompu, ce qui a d&rsquo;ailleurs permis de constituer un gouvernement un poil plus stable au niveau f\u00e9d\u00e9ral (CD&amp;V,\u00a0OpenVLD, MR, PS, CDh). A divers moments lors de cette derni\u00e8re l\u00e9gislature, des discussions ont par contre eu lieu sur le terrain institutionnel avec des repr\u00e9sentants de la N-VA et les partis de la majorit\u00e9, dont le FDF, ainsi que des partis de l&rsquo;opposition, comme Groen et ECOLO. Comme chacun le sait, ces n\u00e9gociations n&rsquo;ont aboutit \u00e0 rien.","og_url":"https:\/\/www.doulkeridis.be\/blog\/2010\/05\/27\/question-de-campagne-n\u00b06-daccord-pour-negocier-avec-la-nva-apres-le-13-juin\/","og_site_name":"Christos Doulkeridis","article_publisher":"https:\/\/www.facebook.com\/doulkeridis","article_published_time":"2010-05-27T20:41:56+00:00","article_modified_time":"2011-08-10T07:36:20+00:00","author":"Christos Doulkeridis","twitter_card":"summary_large_image","twitter_misc":{"\u00c9crit par":"Christos Doulkeridis","Dur\u00e9e de lecture estim\u00e9e":"3 minutes"},"schema":{"@context":"https:\/\/schema.org","@graph":[{"@type":"Article","@id":"https:\/\/www.doulkeridis.be\/blog\/2010\/05\/27\/question-de-campagne-n%c2%b06-daccord-pour-negocier-avec-la-nva-apres-le-13-juin\/#article","isPartOf":{"@id":"https:\/\/www.doulkeridis.be\/blog\/2010\/05\/27\/question-de-campagne-n%c2%b06-daccord-pour-negocier-avec-la-nva-apres-le-13-juin\/"},"author":{"name":"Christos Doulkeridis","@id":"https:\/\/www.doulkeridis.be\/blog\/#\/schema\/person\/9f03f3459f0a4ba4db02aabbba098365"},"headline":"Question de campagne n\u00b06 : d&rsquo;accord pour n\u00e9gocier avec la N-VA apr\u00e8s le 13 juin ?","datePublished":"2010-05-27T20:41:56+00:00","dateModified":"2011-08-10T07:36:20+00:00","mainEntityOfPage":{"@id":"https:\/\/www.doulkeridis.be\/blog\/2010\/05\/27\/question-de-campagne-n%c2%b06-daccord-pour-negocier-avec-la-nva-apres-le-13-juin\/"},"wordCount":574,"commentCount":1,"publisher":{"@id":"https:\/\/www.doulkeridis.be\/blog\/#organization"},"keywords":["crise politique","Ecolo","n\u00e9gociations","Questions-r\u00e9ponses"],"articleSection":["\u00c9lections 2010","Institutionnel","Questions de campagne"],"inLanguage":"fr-FR","potentialAction":[{"@type":"CommentAction","name":"Comment","target":["https:\/\/www.doulkeridis.be\/blog\/2010\/05\/27\/question-de-campagne-n%c2%b06-daccord-pour-negocier-avec-la-nva-apres-le-13-juin\/#respond"]}]},{"@type":"WebPage","@id":"https:\/\/www.doulkeridis.be\/blog\/2010\/05\/27\/question-de-campagne-n%c2%b06-daccord-pour-negocier-avec-la-nva-apres-le-13-juin\/","url":"https:\/\/www.doulkeridis.be\/blog\/2010\/05\/27\/question-de-campagne-n%c2%b06-daccord-pour-negocier-avec-la-nva-apres-le-13-juin\/","name":"Question de campagne n\u00b06 : d'accord pour n\u00e9gocier avec la N-VA apr\u00e8s le 13 juin ? - Christos Doulkeridis","isPartOf":{"@id":"https:\/\/www.doulkeridis.be\/blog\/#website"},"datePublished":"2010-05-27T20:41:56+00:00","dateModified":"2011-08-10T07:36:20+00:00","breadcrumb":{"@id":"https:\/\/www.doulkeridis.be\/blog\/2010\/05\/27\/question-de-campagne-n%c2%b06-daccord-pour-negocier-avec-la-nva-apres-le-13-juin\/#breadcrumb"},"inLanguage":"fr-FR","potentialAction":[{"@type":"ReadAction","target":["https:\/\/www.doulkeridis.be\/blog\/2010\/05\/27\/question-de-campagne-n%c2%b06-daccord-pour-negocier-avec-la-nva-apres-le-13-juin\/"]}]},{"@type":"BreadcrumbList","@id":"https:\/\/www.doulkeridis.be\/blog\/2010\/05\/27\/question-de-campagne-n%c2%b06-daccord-pour-negocier-avec-la-nva-apres-le-13-juin\/#breadcrumb","itemListElement":[{"@type":"ListItem","position":1,"name":"Accueil","item":"https:\/\/www.doulkeridis.be\/blog\/"},{"@type":"ListItem","position":2,"name":"Question de campagne n\u00b06 : d&rsquo;accord pour n\u00e9gocier avec la N-VA apr\u00e8s le 13 juin ?"}]},{"@type":"WebSite","@id":"https:\/\/www.doulkeridis.be\/blog\/#website","url":"https:\/\/www.doulkeridis.be\/blog\/","name":"Christos Doulkeridis","description":"Coach | Consultant en solutions, gestion de crise, n\u00e9gociations","publisher":{"@id":"https:\/\/www.doulkeridis.be\/blog\/#organization"},"potentialAction":[{"@type":"SearchAction","target":{"@type":"EntryPoint","urlTemplate":"https:\/\/www.doulkeridis.be\/blog\/?s={search_term_string}"},"query-input":{"@type":"PropertyValueSpecification","valueRequired":true,"valueName":"search_term_string"}}],"inLanguage":"fr-FR"},{"@type":"Organization","@id":"https:\/\/www.doulkeridis.be\/blog\/#organization","name":"Ulyse","url":"https:\/\/www.doulkeridis.be\/blog\/","logo":{"@type":"ImageObject","inLanguage":"fr-FR","@id":"https:\/\/www.doulkeridis.be\/blog\/#\/schema\/logo\/image\/","url":"https:\/\/www.doulkeridis.be\/blog\/wp-content\/uploads\/2026\/04\/2-5.png","contentUrl":"https:\/\/www.doulkeridis.be\/blog\/wp-content\/uploads\/2026\/04\/2-5.png","width":1024,"height":728,"caption":"Ulyse"},"image":{"@id":"https:\/\/www.doulkeridis.be\/blog\/#\/schema\/logo\/image\/"},"sameAs":["https:\/\/www.facebook.com\/doulkeridis","https:\/\/www.facebook.com\/christosdoulkeridis2"]},{"@type":"Person","@id":"https:\/\/www.doulkeridis.be\/blog\/#\/schema\/person\/9f03f3459f0a4ba4db02aabbba098365","name":"Christos Doulkeridis","image":{"@type":"ImageObject","inLanguage":"fr-FR","@id":"https:\/\/secure.gravatar.com\/avatar\/71cb6e4369ca0615d93730ef3bc5f54642df4f6bcc59b92763d2ac434abf103e?s=96&d=mm&r=g","url":"https:\/\/secure.gravatar.com\/avatar\/71cb6e4369ca0615d93730ef3bc5f54642df4f6bcc59b92763d2ac434abf103e?s=96&d=mm&r=g","contentUrl":"https:\/\/secure.gravatar.com\/avatar\/71cb6e4369ca0615d93730ef3bc5f54642df4f6bcc59b92763d2ac434abf103e?s=96&d=mm&r=g","caption":"Christos Doulkeridis"},"url":"https:\/\/www.doulkeridis.be\/blog\/author\/christos\/"}]}},"_links":{"self":[{"href":"https:\/\/www.doulkeridis.be\/blog\/wp-json\/wp\/v2\/posts\/450","targetHints":{"allow":["GET"]}}],"collection":[{"href":"https:\/\/www.doulkeridis.be\/blog\/wp-json\/wp\/v2\/posts"}],"about":[{"href":"https:\/\/www.doulkeridis.be\/blog\/wp-json\/wp\/v2\/types\/post"}],"author":[{"embeddable":true,"href":"https:\/\/www.doulkeridis.be\/blog\/wp-json\/wp\/v2\/users\/2"}],"replies":[{"embeddable":true,"href":"https:\/\/www.doulkeridis.be\/blog\/wp-json\/wp\/v2\/comments?post=450"}],"version-history":[{"count":9,"href":"https:\/\/www.doulkeridis.be\/blog\/wp-json\/wp\/v2\/posts\/450\/revisions"}],"predecessor-version":[{"id":452,"href":"https:\/\/www.doulkeridis.be\/blog\/wp-json\/wp\/v2\/posts\/450\/revisions\/452"}],"wp:attachment":[{"href":"https:\/\/www.doulkeridis.be\/blog\/wp-json\/wp\/v2\/media?parent=450"}],"wp:term":[{"taxonomy":"category","embeddable":true,"href":"https:\/\/www.doulkeridis.be\/blog\/wp-json\/wp\/v2\/categories?post=450"},{"taxonomy":"post_tag","embeddable":true,"href":"https:\/\/www.doulkeridis.be\/blog\/wp-json\/wp\/v2\/tags?post=450"}],"curies":[{"name":"wp","href":"https:\/\/api.w.org\/{rel}","templated":true}]}}