{"id":5465,"date":"2011-12-26T19:54:45","date_gmt":"2011-12-26T18:54:45","guid":{"rendered":"http:\/\/www.doulkeridis.be\/blog\/?p=5465"},"modified":"2012-02-07T16:24:52","modified_gmt":"2012-02-07T15:24:52","slug":"une-auberge-de-jeunesse-pas-comme-les-autres","status":"publish","type":"post","link":"https:\/\/www.doulkeridis.be\/blog\/2011\/12\/26\/une-auberge-de-jeunesse-pas-comme-les-autres\/","title":{"rendered":"Une auberge de jeunesse pas comme les autres"},"content":{"rendered":"<p><a href=\"https:\/\/www.doulkeridis.be\/blog\/wp-content\/uploads\/2011\/12\/auberge.jpg\"><img loading=\"lazy\" decoding=\"async\" class=\"alignleft size-full wp-image-5466\" title=\"auberge de jeunesse\" src=\"https:\/\/www.doulkeridis.be\/blog\/wp-content\/uploads\/2011\/12\/auberge.jpg\" alt=\"\" width=\"4200\" height=\"2000\" srcset=\"https:\/\/www.doulkeridis.be\/blog\/wp-content\/uploads\/2011\/12\/auberge.jpg 4200w, https:\/\/www.doulkeridis.be\/blog\/wp-content\/uploads\/2011\/12\/auberge-300x142.jpg 300w, https:\/\/www.doulkeridis.be\/blog\/wp-content\/uploads\/2011\/12\/auberge-1024x487.jpg 1024w\" sizes=\"auto, (max-width: 4200px) 100vw, 4200px\" \/><\/a>Bruxelles comptera bient\u00f4t une nouvelle auberge de jeunesse, pas vraiment comme les autres. Fin 2013 en effet, une nouvelle auberge de jeunesse viendra r\u00e9pondre \u00e0 la demande croissante de nuit\u00e9es pour les jeunes, \u00e0 bon march\u00e9. Bruxelles est en effet une destination pris\u00e9e par les jeunes, belges ou europ\u00e9ens. Les chiffres sont tr\u00e8s bons puisqu\u2019on atteint en moyenne un taux d\u2019occupation annuel de 85% (chiffres 2010). C\u2019est donc un secteur porteur qu\u2019il faut continuer \u00e0 d\u00e9velopper.<\/p>\n<p>Il s&rsquo;agit d&rsquo;un projet innovant que je porte depuis longtemps. Il s\u2019agira de la premi\u00e8re auberge de jeunesse flottante en Belgique. En clair, cela signifie qu\u2019elle sera amarr\u00e9e sur le canal de Bruxelles, au bassin B\u00e9co, le long du quai des P\u00e9niches, \u00e0 l&#8217;emplacement d&rsquo;une concession sur la voie d&rsquo;eau attribu\u00e9e par le Port de Bruxelles. L&rsquo;objectif est de permettre \u00e0 chaque jeune europ\u00e9en de visiter la Capitale de l&rsquo;Europe mais aussi de positionner Bruxelles comme une capitale du tourisme durable. Elle comptera environ 78 chambres (180 \u00e0 190 lits). Le b\u00e2timent sera construit en ossature bois et pos\u00e9 sur une barge flottante pr\u00e9fabriqu\u00e9e en b\u00e9ton arm\u00e9. L&rsquo;auberge sera construite en cale s\u00e8che puis remorqu\u00e9e sur le canal jusqu&rsquo;\u00e0 son emplacement d\u00e9finitif.<\/p>\n<p>Le b\u00e2timent, con\u00e7u par le bureau d&rsquo;architecture A2M (Sebastian Moreno-Vacca), comportera 3 niveaux : les chambres seront r\u00e9parties dans les 2 niveaux inf\u00e9rieurs, le pont sup\u00e9rieur \u00e9tant occup\u00e9 par un espace d&rsquo;accueil, un bar, un espace restaurant, et de vastes terrasses-solarium ext\u00e9rieures.<\/p>\n<p>Autre point remarquable, la conception \u00e9nerg\u00e9tique du b\u00e2timent. Con\u00e7u au standard \u00ab\u00a0b\u00e2timent passif\u00a0\u00bb, il vise en effet l\u2019autonomie \u00e9nerg\u00e9tique. Etanch\u00e9it\u00e9 \u00e0 l\u2019air tr\u00e8s performante, ventilation \u00e0 double flux, autoproduction thermique et photovolta\u00efque, syst\u00e8me de pompe \u00e0 chaleur\u2026 Le b\u00e2timent (hors barge) vise \u00e9galement la haute qualit\u00e9 environnementale par l&rsquo;utilisation de mat\u00e9riaux naturels, \u00e0 faible empreinte \u00e9cologique, et renouvelables.<\/p>\n<p>L&rsquo;auberge fonctionnera enfin en autarcie vis-\u00e0-vis de l\u2019eau. L\u2019eau, tout d\u2019abord puis\u00e9e dans le canal, est ensuite \u00e9pur\u00e9e afin d\u2019obtenir de l\u2019eau de diff\u00e9rentes qualit\u00e9s allant jusqu\u2019\u00e0 la potabilit\u00e9.<\/p>\n<p>Le Budget complet de r\u00e9alisation de ce projet d\u2019auberge flottante est de 7.500.000 euros, dont la moiti\u00e9 environ sera prise en charge par le futur gestionnaire de l&rsquo;auberge. Le co\u00fbt total pour la COCOF est de 400.000 euros. Il s\u2019agit d\u2019un investissement n\u00e9cessaire qui fait suite \u00e0 une \u00e9tude sur les besoins d&rsquo;infrastructures dans ce segment touristique. Le co\u00fbt total de ce projet est comparable \u00e0 celui des auberges plus classiques, m\u00eame si\u00a0avec un b\u00e2timent passif qui est quasi un b\u00e2timent z\u00e9ro \u00e9mission, les \u00e9conomies projet\u00e9es vont jusqu\u2019\u00e0 500 .000 euros apr\u00e8s 10 ans.<\/p>\n","protected":false},"excerpt":{"rendered":"<p>Bruxelles comptera bient\u00f4t une nouvelle auberge de jeunesse, pas vraiment comme les autres. Fin 2013 en effet, une nouvelle auberge de jeunesse viendra r\u00e9pondre \u00e0 la demande croissante de nuit\u00e9es pour les jeunes, \u00e0 bon march\u00e9. Bruxelles est en effet une destination pris\u00e9e par les jeunes, belges ou europ\u00e9ens. Les chiffres sont tr\u00e8s bons puisqu\u2019on atteint en moyenne un taux d\u2019occupation annuel de 85% (chiffres 2010). C\u2019est donc un secteur porteur qu\u2019il faut continuer \u00e0 d\u00e9velopper. Il s&rsquo;agit d&rsquo;un projet innovant que je porte depuis longtemps. Il s\u2019agira de la premi\u00e8re auberge de jeunesse flottante en Belgique. En clair, cela signifie qu\u2019elle sera amarr\u00e9e sur le canal de Bruxelles, au bassin B\u00e9co, le long du quai des P\u00e9niches, \u00e0 l&#8217;emplacement d&rsquo;une concession sur la voie d&rsquo;eau attribu\u00e9e par le Port de Bruxelles. L&rsquo;objectif est de permettre \u00e0 chaque jeune europ\u00e9en de visiter la Capitale de l&rsquo;Europe mais aussi de positionner Bruxelles comme une capitale du tourisme durable. Elle comptera environ 78 chambres (180 \u00e0 190 lits). Le b\u00e2timent sera construit en ossature bois et pos\u00e9 sur une barge flottante pr\u00e9fabriqu\u00e9e en b\u00e9ton arm\u00e9. L&rsquo;auberge sera construite en cale s\u00e8che puis remorqu\u00e9e sur le canal jusqu&rsquo;\u00e0 son emplacement d\u00e9finitif. Le b\u00e2timent, [&hellip;]<\/p>\n","protected":false},"author":2,"featured_media":5466,"comment_status":"open","ping_status":"open","sticky":false,"template":"","format":"standard","meta":{"_monsterinsights_skip_tracking":false,"_monsterinsights_sitenote_active":false,"_monsterinsights_sitenote_note":"","_monsterinsights_sitenote_category":0,"ngg_post_thumbnail":0,"footnotes":""},"categories":[8],"tags":[],"class_list":["post-5465","post","type-post","status-publish","format-standard","has-post-thumbnail","hentry","category-tourisme"],"yoast_head":"<!-- This site is optimized with the Yoast SEO plugin v27.4 - https:\/\/yoast.com\/product\/yoast-seo-wordpress\/ -->\n<title>Une auberge de jeunesse pas comme les autres  - Christos Doulkeridis<\/title>\n<meta name=\"robots\" content=\"index, follow, max-snippet:-1, max-image-preview:large, max-video-preview:-1\" \/>\n<link rel=\"canonical\" href=\"https:\/\/www.doulkeridis.be\/blog\/2011\/12\/26\/une-auberge-de-jeunesse-pas-comme-les-autres\/\" \/>\n<meta property=\"og:locale\" content=\"fr_FR\" \/>\n<meta property=\"og:type\" content=\"article\" \/>\n<meta property=\"og:title\" content=\"Une auberge de jeunesse pas comme les autres  - Christos Doulkeridis\" \/>\n<meta property=\"og:description\" content=\"Bruxelles comptera bient\u00f4t une nouvelle auberge de jeunesse, pas vraiment comme les autres. Fin 2013 en effet, une nouvelle auberge de jeunesse viendra r\u00e9pondre \u00e0 la demande croissante de nuit\u00e9es pour les jeunes, \u00e0 bon march\u00e9. Bruxelles est en effet une destination pris\u00e9e par les jeunes, belges ou europ\u00e9ens. Les chiffres sont tr\u00e8s bons puisqu\u2019on atteint en moyenne un taux d\u2019occupation annuel de 85% (chiffres 2010). C\u2019est donc un secteur porteur qu\u2019il faut continuer \u00e0 d\u00e9velopper. Il s&rsquo;agit d&rsquo;un projet innovant que je porte depuis longtemps. Il s\u2019agira de la premi\u00e8re auberge de jeunesse flottante en Belgique. En clair, cela signifie qu\u2019elle sera amarr\u00e9e sur le canal de Bruxelles, au bassin B\u00e9co, le long du quai des P\u00e9niches, \u00e0 l&#8217;emplacement d&rsquo;une concession sur la voie d&rsquo;eau attribu\u00e9e par le Port de Bruxelles. L&rsquo;objectif est de permettre \u00e0 chaque jeune europ\u00e9en de visiter la Capitale de l&rsquo;Europe mais aussi de positionner Bruxelles comme une capitale du tourisme durable. Elle comptera environ 78 chambres (180 \u00e0 190 lits). Le b\u00e2timent sera construit en ossature bois et pos\u00e9 sur une barge flottante pr\u00e9fabriqu\u00e9e en b\u00e9ton arm\u00e9. L&rsquo;auberge sera construite en cale s\u00e8che puis remorqu\u00e9e sur le canal jusqu&rsquo;\u00e0 son emplacement d\u00e9finitif. Le b\u00e2timent, [&hellip;]\" \/>\n<meta property=\"og:url\" content=\"https:\/\/www.doulkeridis.be\/blog\/2011\/12\/26\/une-auberge-de-jeunesse-pas-comme-les-autres\/\" \/>\n<meta property=\"og:site_name\" content=\"Christos Doulkeridis\" \/>\n<meta property=\"article:publisher\" content=\"https:\/\/www.facebook.com\/doulkeridis\" \/>\n<meta property=\"article:published_time\" content=\"2011-12-26T18:54:45+00:00\" \/>\n<meta property=\"article:modified_time\" content=\"2012-02-07T15:24:52+00:00\" \/>\n<meta property=\"og:image\" content=\"https:\/\/www.doulkeridis.be\/blog\/wp-content\/uploads\/2011\/12\/auberge-1024x487.jpg\" \/>\n\t<meta property=\"og:image:width\" content=\"1024\" \/>\n\t<meta property=\"og:image:height\" content=\"487\" \/>\n\t<meta property=\"og:image:type\" content=\"image\/jpeg\" \/>\n<meta name=\"author\" content=\"Christos Doulkeridis\" \/>\n<meta name=\"twitter:card\" content=\"summary_large_image\" \/>\n<meta name=\"twitter:label1\" content=\"\u00c9crit par\" \/>\n\t<meta name=\"twitter:data1\" content=\"Christos Doulkeridis\" \/>\n\t<meta name=\"twitter:label2\" content=\"Dur\u00e9e de lecture estim\u00e9e\" \/>\n\t<meta name=\"twitter:data2\" content=\"2 minutes\" \/>\n<script type=\"application\/ld+json\" class=\"yoast-schema-graph\">{\"@context\":\"https:\\\/\\\/schema.org\",\"@graph\":[{\"@type\":\"Article\",\"@id\":\"https:\\\/\\\/www.doulkeridis.be\\\/blog\\\/2011\\\/12\\\/26\\\/une-auberge-de-jeunesse-pas-comme-les-autres\\\/#article\",\"isPartOf\":{\"@id\":\"https:\\\/\\\/www.doulkeridis.be\\\/blog\\\/2011\\\/12\\\/26\\\/une-auberge-de-jeunesse-pas-comme-les-autres\\\/\"},\"author\":{\"name\":\"Christos Doulkeridis\",\"@id\":\"https:\\\/\\\/www.doulkeridis.be\\\/blog\\\/#\\\/schema\\\/person\\\/9f03f3459f0a4ba4db02aabbba098365\"},\"headline\":\"Une auberge de jeunesse pas comme les autres\",\"datePublished\":\"2011-12-26T18:54:45+00:00\",\"dateModified\":\"2012-02-07T15:24:52+00:00\",\"mainEntityOfPage\":{\"@id\":\"https:\\\/\\\/www.doulkeridis.be\\\/blog\\\/2011\\\/12\\\/26\\\/une-auberge-de-jeunesse-pas-comme-les-autres\\\/\"},\"wordCount\":487,\"commentCount\":3,\"publisher\":{\"@id\":\"https:\\\/\\\/www.doulkeridis.be\\\/blog\\\/#organization\"},\"image\":{\"@id\":\"https:\\\/\\\/www.doulkeridis.be\\\/blog\\\/2011\\\/12\\\/26\\\/une-auberge-de-jeunesse-pas-comme-les-autres\\\/#primaryimage\"},\"thumbnailUrl\":\"https:\\\/\\\/www.doulkeridis.be\\\/blog\\\/wp-content\\\/uploads\\\/2011\\\/12\\\/auberge.jpg\",\"articleSection\":[\"Tourisme\"],\"inLanguage\":\"fr-FR\",\"potentialAction\":[{\"@type\":\"CommentAction\",\"name\":\"Comment\",\"target\":[\"https:\\\/\\\/www.doulkeridis.be\\\/blog\\\/2011\\\/12\\\/26\\\/une-auberge-de-jeunesse-pas-comme-les-autres\\\/#respond\"]}]},{\"@type\":\"WebPage\",\"@id\":\"https:\\\/\\\/www.doulkeridis.be\\\/blog\\\/2011\\\/12\\\/26\\\/une-auberge-de-jeunesse-pas-comme-les-autres\\\/\",\"url\":\"https:\\\/\\\/www.doulkeridis.be\\\/blog\\\/2011\\\/12\\\/26\\\/une-auberge-de-jeunesse-pas-comme-les-autres\\\/\",\"name\":\"Une auberge de jeunesse pas comme les autres - Christos Doulkeridis\",\"isPartOf\":{\"@id\":\"https:\\\/\\\/www.doulkeridis.be\\\/blog\\\/#website\"},\"primaryImageOfPage\":{\"@id\":\"https:\\\/\\\/www.doulkeridis.be\\\/blog\\\/2011\\\/12\\\/26\\\/une-auberge-de-jeunesse-pas-comme-les-autres\\\/#primaryimage\"},\"image\":{\"@id\":\"https:\\\/\\\/www.doulkeridis.be\\\/blog\\\/2011\\\/12\\\/26\\\/une-auberge-de-jeunesse-pas-comme-les-autres\\\/#primaryimage\"},\"thumbnailUrl\":\"https:\\\/\\\/www.doulkeridis.be\\\/blog\\\/wp-content\\\/uploads\\\/2011\\\/12\\\/auberge.jpg\",\"datePublished\":\"2011-12-26T18:54:45+00:00\",\"dateModified\":\"2012-02-07T15:24:52+00:00\",\"breadcrumb\":{\"@id\":\"https:\\\/\\\/www.doulkeridis.be\\\/blog\\\/2011\\\/12\\\/26\\\/une-auberge-de-jeunesse-pas-comme-les-autres\\\/#breadcrumb\"},\"inLanguage\":\"fr-FR\",\"potentialAction\":[{\"@type\":\"ReadAction\",\"target\":[\"https:\\\/\\\/www.doulkeridis.be\\\/blog\\\/2011\\\/12\\\/26\\\/une-auberge-de-jeunesse-pas-comme-les-autres\\\/\"]}]},{\"@type\":\"ImageObject\",\"inLanguage\":\"fr-FR\",\"@id\":\"https:\\\/\\\/www.doulkeridis.be\\\/blog\\\/2011\\\/12\\\/26\\\/une-auberge-de-jeunesse-pas-comme-les-autres\\\/#primaryimage\",\"url\":\"https:\\\/\\\/www.doulkeridis.be\\\/blog\\\/wp-content\\\/uploads\\\/2011\\\/12\\\/auberge.jpg\",\"contentUrl\":\"https:\\\/\\\/www.doulkeridis.be\\\/blog\\\/wp-content\\\/uploads\\\/2011\\\/12\\\/auberge.jpg\",\"width\":\"4200\",\"height\":\"2000\"},{\"@type\":\"BreadcrumbList\",\"@id\":\"https:\\\/\\\/www.doulkeridis.be\\\/blog\\\/2011\\\/12\\\/26\\\/une-auberge-de-jeunesse-pas-comme-les-autres\\\/#breadcrumb\",\"itemListElement\":[{\"@type\":\"ListItem\",\"position\":1,\"name\":\"Accueil\",\"item\":\"https:\\\/\\\/www.doulkeridis.be\\\/blog\\\/\"},{\"@type\":\"ListItem\",\"position\":2,\"name\":\"Une auberge de jeunesse pas comme les autres\"}]},{\"@type\":\"WebSite\",\"@id\":\"https:\\\/\\\/www.doulkeridis.be\\\/blog\\\/#website\",\"url\":\"https:\\\/\\\/www.doulkeridis.be\\\/blog\\\/\",\"name\":\"Christos Doulkeridis\",\"description\":\"Coach | Consultant en solutions, gestion de crise, n\u00e9gociations\",\"publisher\":{\"@id\":\"https:\\\/\\\/www.doulkeridis.be\\\/blog\\\/#organization\"},\"potentialAction\":[{\"@type\":\"SearchAction\",\"target\":{\"@type\":\"EntryPoint\",\"urlTemplate\":\"https:\\\/\\\/www.doulkeridis.be\\\/blog\\\/?s={search_term_string}\"},\"query-input\":{\"@type\":\"PropertyValueSpecification\",\"valueRequired\":true,\"valueName\":\"search_term_string\"}}],\"inLanguage\":\"fr-FR\"},{\"@type\":\"Organization\",\"@id\":\"https:\\\/\\\/www.doulkeridis.be\\\/blog\\\/#organization\",\"name\":\"Ulyse\",\"url\":\"https:\\\/\\\/www.doulkeridis.be\\\/blog\\\/\",\"logo\":{\"@type\":\"ImageObject\",\"inLanguage\":\"fr-FR\",\"@id\":\"https:\\\/\\\/www.doulkeridis.be\\\/blog\\\/#\\\/schema\\\/logo\\\/image\\\/\",\"url\":\"https:\\\/\\\/www.doulkeridis.be\\\/blog\\\/wp-content\\\/uploads\\\/2026\\\/04\\\/2-5.png\",\"contentUrl\":\"https:\\\/\\\/www.doulkeridis.be\\\/blog\\\/wp-content\\\/uploads\\\/2026\\\/04\\\/2-5.png\",\"width\":1024,\"height\":728,\"caption\":\"Ulyse\"},\"image\":{\"@id\":\"https:\\\/\\\/www.doulkeridis.be\\\/blog\\\/#\\\/schema\\\/logo\\\/image\\\/\"},\"sameAs\":[\"https:\\\/\\\/www.facebook.com\\\/doulkeridis\",\"https:\\\/\\\/www.facebook.com\\\/christosdoulkeridis2\"]},{\"@type\":\"Person\",\"@id\":\"https:\\\/\\\/www.doulkeridis.be\\\/blog\\\/#\\\/schema\\\/person\\\/9f03f3459f0a4ba4db02aabbba098365\",\"name\":\"Christos Doulkeridis\",\"image\":{\"@type\":\"ImageObject\",\"inLanguage\":\"fr-FR\",\"@id\":\"https:\\\/\\\/secure.gravatar.com\\\/avatar\\\/71cb6e4369ca0615d93730ef3bc5f54642df4f6bcc59b92763d2ac434abf103e?s=96&d=mm&r=g\",\"url\":\"https:\\\/\\\/secure.gravatar.com\\\/avatar\\\/71cb6e4369ca0615d93730ef3bc5f54642df4f6bcc59b92763d2ac434abf103e?s=96&d=mm&r=g\",\"contentUrl\":\"https:\\\/\\\/secure.gravatar.com\\\/avatar\\\/71cb6e4369ca0615d93730ef3bc5f54642df4f6bcc59b92763d2ac434abf103e?s=96&d=mm&r=g\",\"caption\":\"Christos Doulkeridis\"},\"url\":\"https:\\\/\\\/www.doulkeridis.be\\\/blog\\\/author\\\/christos\\\/\"}]}<\/script>\n<!-- \/ Yoast SEO plugin. -->","yoast_head_json":{"title":"Une auberge de jeunesse pas comme les autres  - Christos Doulkeridis","robots":{"index":"index","follow":"follow","max-snippet":"max-snippet:-1","max-image-preview":"max-image-preview:large","max-video-preview":"max-video-preview:-1"},"canonical":"https:\/\/www.doulkeridis.be\/blog\/2011\/12\/26\/une-auberge-de-jeunesse-pas-comme-les-autres\/","og_locale":"fr_FR","og_type":"article","og_title":"Une auberge de jeunesse pas comme les autres  - Christos Doulkeridis","og_description":"Bruxelles comptera bient\u00f4t une nouvelle auberge de jeunesse, pas vraiment comme les autres. Fin 2013 en effet, une nouvelle auberge de jeunesse viendra r\u00e9pondre \u00e0 la demande croissante de nuit\u00e9es pour les jeunes, \u00e0 bon march\u00e9. Bruxelles est en effet une destination pris\u00e9e par les jeunes, belges ou europ\u00e9ens. Les chiffres sont tr\u00e8s bons puisqu\u2019on atteint en moyenne un taux d\u2019occupation annuel de 85% (chiffres 2010). C\u2019est donc un secteur porteur qu\u2019il faut continuer \u00e0 d\u00e9velopper. Il s&rsquo;agit d&rsquo;un projet innovant que je porte depuis longtemps. Il s\u2019agira de la premi\u00e8re auberge de jeunesse flottante en Belgique. En clair, cela signifie qu\u2019elle sera amarr\u00e9e sur le canal de Bruxelles, au bassin B\u00e9co, le long du quai des P\u00e9niches, \u00e0 l&#8217;emplacement d&rsquo;une concession sur la voie d&rsquo;eau attribu\u00e9e par le Port de Bruxelles. L&rsquo;objectif est de permettre \u00e0 chaque jeune europ\u00e9en de visiter la Capitale de l&rsquo;Europe mais aussi de positionner Bruxelles comme une capitale du tourisme durable. Elle comptera environ 78 chambres (180 \u00e0 190 lits). Le b\u00e2timent sera construit en ossature bois et pos\u00e9 sur une barge flottante pr\u00e9fabriqu\u00e9e en b\u00e9ton arm\u00e9. L&rsquo;auberge sera construite en cale s\u00e8che puis remorqu\u00e9e sur le canal jusqu&rsquo;\u00e0 son emplacement d\u00e9finitif. Le b\u00e2timent, [&hellip;]","og_url":"https:\/\/www.doulkeridis.be\/blog\/2011\/12\/26\/une-auberge-de-jeunesse-pas-comme-les-autres\/","og_site_name":"Christos Doulkeridis","article_publisher":"https:\/\/www.facebook.com\/doulkeridis","article_published_time":"2011-12-26T18:54:45+00:00","article_modified_time":"2012-02-07T15:24:52+00:00","og_image":[{"width":1024,"height":487,"url":"https:\/\/www.doulkeridis.be\/blog\/wp-content\/uploads\/2011\/12\/auberge-1024x487.jpg","type":"image\/jpeg"}],"author":"Christos Doulkeridis","twitter_card":"summary_large_image","twitter_misc":{"\u00c9crit par":"Christos Doulkeridis","Dur\u00e9e de lecture estim\u00e9e":"2 minutes"},"schema":{"@context":"https:\/\/schema.org","@graph":[{"@type":"Article","@id":"https:\/\/www.doulkeridis.be\/blog\/2011\/12\/26\/une-auberge-de-jeunesse-pas-comme-les-autres\/#article","isPartOf":{"@id":"https:\/\/www.doulkeridis.be\/blog\/2011\/12\/26\/une-auberge-de-jeunesse-pas-comme-les-autres\/"},"author":{"name":"Christos Doulkeridis","@id":"https:\/\/www.doulkeridis.be\/blog\/#\/schema\/person\/9f03f3459f0a4ba4db02aabbba098365"},"headline":"Une auberge de jeunesse pas comme les autres","datePublished":"2011-12-26T18:54:45+00:00","dateModified":"2012-02-07T15:24:52+00:00","mainEntityOfPage":{"@id":"https:\/\/www.doulkeridis.be\/blog\/2011\/12\/26\/une-auberge-de-jeunesse-pas-comme-les-autres\/"},"wordCount":487,"commentCount":3,"publisher":{"@id":"https:\/\/www.doulkeridis.be\/blog\/#organization"},"image":{"@id":"https:\/\/www.doulkeridis.be\/blog\/2011\/12\/26\/une-auberge-de-jeunesse-pas-comme-les-autres\/#primaryimage"},"thumbnailUrl":"https:\/\/www.doulkeridis.be\/blog\/wp-content\/uploads\/2011\/12\/auberge.jpg","articleSection":["Tourisme"],"inLanguage":"fr-FR","potentialAction":[{"@type":"CommentAction","name":"Comment","target":["https:\/\/www.doulkeridis.be\/blog\/2011\/12\/26\/une-auberge-de-jeunesse-pas-comme-les-autres\/#respond"]}]},{"@type":"WebPage","@id":"https:\/\/www.doulkeridis.be\/blog\/2011\/12\/26\/une-auberge-de-jeunesse-pas-comme-les-autres\/","url":"https:\/\/www.doulkeridis.be\/blog\/2011\/12\/26\/une-auberge-de-jeunesse-pas-comme-les-autres\/","name":"Une auberge de jeunesse pas comme les autres - Christos Doulkeridis","isPartOf":{"@id":"https:\/\/www.doulkeridis.be\/blog\/#website"},"primaryImageOfPage":{"@id":"https:\/\/www.doulkeridis.be\/blog\/2011\/12\/26\/une-auberge-de-jeunesse-pas-comme-les-autres\/#primaryimage"},"image":{"@id":"https:\/\/www.doulkeridis.be\/blog\/2011\/12\/26\/une-auberge-de-jeunesse-pas-comme-les-autres\/#primaryimage"},"thumbnailUrl":"https:\/\/www.doulkeridis.be\/blog\/wp-content\/uploads\/2011\/12\/auberge.jpg","datePublished":"2011-12-26T18:54:45+00:00","dateModified":"2012-02-07T15:24:52+00:00","breadcrumb":{"@id":"https:\/\/www.doulkeridis.be\/blog\/2011\/12\/26\/une-auberge-de-jeunesse-pas-comme-les-autres\/#breadcrumb"},"inLanguage":"fr-FR","potentialAction":[{"@type":"ReadAction","target":["https:\/\/www.doulkeridis.be\/blog\/2011\/12\/26\/une-auberge-de-jeunesse-pas-comme-les-autres\/"]}]},{"@type":"ImageObject","inLanguage":"fr-FR","@id":"https:\/\/www.doulkeridis.be\/blog\/2011\/12\/26\/une-auberge-de-jeunesse-pas-comme-les-autres\/#primaryimage","url":"https:\/\/www.doulkeridis.be\/blog\/wp-content\/uploads\/2011\/12\/auberge.jpg","contentUrl":"https:\/\/www.doulkeridis.be\/blog\/wp-content\/uploads\/2011\/12\/auberge.jpg","width":"4200","height":"2000"},{"@type":"BreadcrumbList","@id":"https:\/\/www.doulkeridis.be\/blog\/2011\/12\/26\/une-auberge-de-jeunesse-pas-comme-les-autres\/#breadcrumb","itemListElement":[{"@type":"ListItem","position":1,"name":"Accueil","item":"https:\/\/www.doulkeridis.be\/blog\/"},{"@type":"ListItem","position":2,"name":"Une auberge de jeunesse pas comme les autres"}]},{"@type":"WebSite","@id":"https:\/\/www.doulkeridis.be\/blog\/#website","url":"https:\/\/www.doulkeridis.be\/blog\/","name":"Christos Doulkeridis","description":"Coach | Consultant en solutions, gestion de crise, n\u00e9gociations","publisher":{"@id":"https:\/\/www.doulkeridis.be\/blog\/#organization"},"potentialAction":[{"@type":"SearchAction","target":{"@type":"EntryPoint","urlTemplate":"https:\/\/www.doulkeridis.be\/blog\/?s={search_term_string}"},"query-input":{"@type":"PropertyValueSpecification","valueRequired":true,"valueName":"search_term_string"}}],"inLanguage":"fr-FR"},{"@type":"Organization","@id":"https:\/\/www.doulkeridis.be\/blog\/#organization","name":"Ulyse","url":"https:\/\/www.doulkeridis.be\/blog\/","logo":{"@type":"ImageObject","inLanguage":"fr-FR","@id":"https:\/\/www.doulkeridis.be\/blog\/#\/schema\/logo\/image\/","url":"https:\/\/www.doulkeridis.be\/blog\/wp-content\/uploads\/2026\/04\/2-5.png","contentUrl":"https:\/\/www.doulkeridis.be\/blog\/wp-content\/uploads\/2026\/04\/2-5.png","width":1024,"height":728,"caption":"Ulyse"},"image":{"@id":"https:\/\/www.doulkeridis.be\/blog\/#\/schema\/logo\/image\/"},"sameAs":["https:\/\/www.facebook.com\/doulkeridis","https:\/\/www.facebook.com\/christosdoulkeridis2"]},{"@type":"Person","@id":"https:\/\/www.doulkeridis.be\/blog\/#\/schema\/person\/9f03f3459f0a4ba4db02aabbba098365","name":"Christos Doulkeridis","image":{"@type":"ImageObject","inLanguage":"fr-FR","@id":"https:\/\/secure.gravatar.com\/avatar\/71cb6e4369ca0615d93730ef3bc5f54642df4f6bcc59b92763d2ac434abf103e?s=96&d=mm&r=g","url":"https:\/\/secure.gravatar.com\/avatar\/71cb6e4369ca0615d93730ef3bc5f54642df4f6bcc59b92763d2ac434abf103e?s=96&d=mm&r=g","contentUrl":"https:\/\/secure.gravatar.com\/avatar\/71cb6e4369ca0615d93730ef3bc5f54642df4f6bcc59b92763d2ac434abf103e?s=96&d=mm&r=g","caption":"Christos Doulkeridis"},"url":"https:\/\/www.doulkeridis.be\/blog\/author\/christos\/"}]}},"_links":{"self":[{"href":"https:\/\/www.doulkeridis.be\/blog\/wp-json\/wp\/v2\/posts\/5465","targetHints":{"allow":["GET"]}}],"collection":[{"href":"https:\/\/www.doulkeridis.be\/blog\/wp-json\/wp\/v2\/posts"}],"about":[{"href":"https:\/\/www.doulkeridis.be\/blog\/wp-json\/wp\/v2\/types\/post"}],"author":[{"embeddable":true,"href":"https:\/\/www.doulkeridis.be\/blog\/wp-json\/wp\/v2\/users\/2"}],"replies":[{"embeddable":true,"href":"https:\/\/www.doulkeridis.be\/blog\/wp-json\/wp\/v2\/comments?post=5465"}],"version-history":[{"count":6,"href":"https:\/\/www.doulkeridis.be\/blog\/wp-json\/wp\/v2\/posts\/5465\/revisions"}],"predecessor-version":[{"id":5749,"href":"https:\/\/www.doulkeridis.be\/blog\/wp-json\/wp\/v2\/posts\/5465\/revisions\/5749"}],"wp:featuredmedia":[{"embeddable":true,"href":"https:\/\/www.doulkeridis.be\/blog\/wp-json\/wp\/v2\/media\/5466"}],"wp:attachment":[{"href":"https:\/\/www.doulkeridis.be\/blog\/wp-json\/wp\/v2\/media?parent=5465"}],"wp:term":[{"taxonomy":"category","embeddable":true,"href":"https:\/\/www.doulkeridis.be\/blog\/wp-json\/wp\/v2\/categories?post=5465"},{"taxonomy":"post_tag","embeddable":true,"href":"https:\/\/www.doulkeridis.be\/blog\/wp-json\/wp\/v2\/tags?post=5465"}],"curies":[{"name":"wp","href":"https:\/\/api.w.org\/{rel}","templated":true}]}}