{"id":548,"date":"2010-06-07T17:34:08","date_gmt":"2010-06-07T15:34:08","guid":{"rendered":"http:\/\/www.doulkeridis.be\/blog\/?p=548"},"modified":"2011-08-09T16:05:31","modified_gmt":"2011-08-09T14:05:31","slug":"inauguration-de-121-logements-renoves-a-schaerbeek","status":"publish","type":"post","link":"https:\/\/www.doulkeridis.be\/blog\/2010\/06\/07\/inauguration-de-121-logements-renoves-a-schaerbeek\/","title":{"rendered":"Inauguration de 121 logements r\u00e9nov\u00e9s \u00e0 Schaerbeek"},"content":{"rendered":"<p><strong>Ce lundi 7 juin 2010, j&rsquo;ai assist\u00e9 \u00e0 l&rsquo;inauguration de 121 logements r\u00e9nov\u00e9s sur le site Haecht-Agriculture-Marbotin \u00e0 Schaerbeek, en pr\u00e9sence de Bernard Lanssens, pr\u00e9sident du Foyer schaerbeekois, C\u00e9cile Jodogne, bourgmestre ff. de Schaerbeek, et Gert Van der Eeken, pr\u00e9sident de la SLRB. La r\u00e9novation de ce site de 24 immeubles et 155 logements construit en 1920 se r\u00e9v\u00e8le attrayante \u00e0 plus d&rsquo;un titre. Une belle r\u00e9ussite !<\/strong><br \/>\n<a href=\"https:\/\/www.doulkeridis.be\/blog\/wp-content\/uploads\/2010\/06\/20100607-Inauguration-121-logements-Foyer-schaerbeekois-048.jpg\"><img loading=\"lazy\" decoding=\"async\" class=\"alignleft size-full wp-image-551\" title=\"20100607 Inauguration 121 logements Foyer schaerbeekois 048\" src=\"https:\/\/www.doulkeridis.be\/blog\/wp-content\/uploads\/2010\/06\/20100607-Inauguration-121-logements-Foyer-schaerbeekois-048.jpg\" alt=\"\" width=\"265\" height=\"175\" \/><\/a><br \/>\nJe me r\u00e9jouis de tout ce que le Foyer Schaerbeekois a mis en place pour rendre la vie du quartier la plus agr\u00e9able possible : que ce soient les agents de convivialit\u00e9, le Cocolo et le projet de coh\u00e9sion sociale \u00ab Espace locataires \u00bb. La convivialit\u00e9 passe aussi par un cadre de vie agr\u00e9able. C&rsquo;est pour cette raison que la R\u00e9gion de Bruxelles-Capitale consacre des moyens budg\u00e9taires importants \u00e0 la remise en \u00e9tat et \u00e0 l&rsquo;extension du patrimoine de logements sociaux. Depuis 2002, 480 millions d&rsquo;euros ont \u00e9t\u00e9 d\u00e9di\u00e9s \u00e0 la r\u00e9novation et 540 millions \u00e0 la construction. Cela fait, en l&rsquo;espace de 8 ans, plus d&rsquo;un milliard.<\/p>\n<p>Durant cette l\u00e9gislature, je mettrai un point d&rsquo;honneur \u00e0 accro\u00eetre le volume d&rsquo;investissement annuel dans le secteur tout en restant attentif \u00e0 leur qualit\u00e9. Dans les 480 millions consacr\u00e9s par la R\u00e9gion \u00e0 la r\u00e9novation du patrimoine ces huit derni\u00e8res ann\u00e9es, seulement 30% ont \u00e9t\u00e9 d\u00e9pens\u00e9s.<a href=\"https:\/\/www.doulkeridis.be\/blog\/wp-content\/uploads\/2010\/06\/20100607-Inauguration-121-logements-Foyer-schaerbeekois-060.jpg\"><img loading=\"lazy\" decoding=\"async\" class=\"alignright size-full wp-image-552\" title=\"20100607 Inauguration 121 logements Foyer schaerbeekois 060\" src=\"https:\/\/www.doulkeridis.be\/blog\/wp-content\/uploads\/2010\/06\/20100607-Inauguration-121-logements-Foyer-schaerbeekois-060.jpg\" alt=\"\" width=\"265\" height=\"175\" \/><\/a><\/p>\n<p>Je tiens \u00e9galement \u00e0 souligner le projet \u00e0 venir sur le site Marbotin. Un projet innovant et exemplaire \u00e0 l&rsquo;initiative du Foyer Schaerbeekois et de la Soci\u00e9t\u00e9 du Logement de la R\u00e9gion de Bruxelles, \u00e0 savoir la transformation du dernier \u00e9tage du b\u00e2timent en 8 nouveaux, grands logements pour famillles. Et comme ce sera le cas pour tous les futurs projets du Plan R\u00e9gional du Logement, le but est de r\u00e9aliser ici aussi une construction \u00e0 la pointe de l&rsquo;\u00e9co-construction: des mat\u00e9riaux durables, des finitions assurant le bien-\u00eatre des occupants et la qualit\u00e9 de l&rsquo;air int\u00e9rieure dans le respect ,bien s\u00fbr, du standard \u00ab\u00a0passif\u00a0\u00bb. Il s&rsquo;agit l\u00e0 pour moi d&rsquo;une illustration parfaite de la capacit\u00e9, en pr\u00e9sence d&rsquo;acteurs proactifs et volontaristes, \u00e0 adapter d&rsquo;anciens logements au 21\u00e8me si\u00e8cle.\ufeff<\/p>\n","protected":false},"excerpt":{"rendered":"<p>Ce lundi 7 juin 2010, j&rsquo;ai assist\u00e9 \u00e0 l&rsquo;inauguration de 121 logements r\u00e9nov\u00e9s sur le site Haecht-Agriculture-Marbotin \u00e0 Schaerbeek, en pr\u00e9sence de Bernard Lanssens, pr\u00e9sident du Foyer schaerbeekois, C\u00e9cile Jodogne, bourgmestre ff. de Schaerbeek, et Gert Van der Eeken, pr\u00e9sident de la SLRB. La r\u00e9novation de ce site de 24 immeubles et 155 logements construit en 1920 se r\u00e9v\u00e8le attrayante \u00e0 plus d&rsquo;un titre. Une belle r\u00e9ussite ! Je me r\u00e9jouis de tout ce que le Foyer Schaerbeekois a mis en place pour rendre la vie du quartier la plus agr\u00e9able possible : que ce soient les agents de convivialit\u00e9, le Cocolo et le projet de coh\u00e9sion sociale \u00ab Espace locataires \u00bb. La convivialit\u00e9 passe aussi par un cadre de vie agr\u00e9able. C&rsquo;est pour cette raison que la R\u00e9gion de Bruxelles-Capitale consacre des moyens budg\u00e9taires importants \u00e0 la remise en \u00e9tat et \u00e0 l&rsquo;extension du patrimoine de logements sociaux. Depuis 2002, 480 millions d&rsquo;euros ont \u00e9t\u00e9 d\u00e9di\u00e9s \u00e0 la r\u00e9novation et 540 millions \u00e0 la construction. Cela fait, en l&rsquo;espace de 8 ans, plus d&rsquo;un milliard. Durant cette l\u00e9gislature, je mettrai un point d&rsquo;honneur \u00e0 accro\u00eetre le volume d&rsquo;investissement annuel dans le secteur tout en restant attentif \u00e0 leur qualit\u00e9. [&hellip;]<\/p>\n","protected":false},"author":2,"featured_media":0,"comment_status":"open","ping_status":"open","sticky":false,"template":"","format":"standard","meta":{"_monsterinsights_skip_tracking":false,"_monsterinsights_sitenote_active":false,"_monsterinsights_sitenote_note":"","_monsterinsights_sitenote_category":0,"ngg_post_thumbnail":0,"footnotes":""},"categories":[3,304],"tags":[4,34],"class_list":["post-548","post","type-post","status-publish","format-standard","hentry","category-logement","category-mes_realisations","tag-logement-social","tag-slrb"],"yoast_head":"<!-- This site is optimized with the Yoast SEO plugin v27.4 - https:\/\/yoast.com\/product\/yoast-seo-wordpress\/ -->\n<title>Inauguration de 121 logements r\u00e9nov\u00e9s \u00e0 Schaerbeek - Christos Doulkeridis<\/title>\n<meta name=\"robots\" content=\"index, follow, max-snippet:-1, max-image-preview:large, max-video-preview:-1\" \/>\n<link rel=\"canonical\" href=\"https:\/\/www.doulkeridis.be\/blog\/2010\/06\/07\/inauguration-de-121-logements-renoves-a-schaerbeek\/\" \/>\n<meta property=\"og:locale\" content=\"fr_FR\" \/>\n<meta property=\"og:type\" content=\"article\" \/>\n<meta property=\"og:title\" content=\"Inauguration de 121 logements r\u00e9nov\u00e9s \u00e0 Schaerbeek - Christos Doulkeridis\" \/>\n<meta property=\"og:description\" content=\"Ce lundi 7 juin 2010, j&rsquo;ai assist\u00e9 \u00e0 l&rsquo;inauguration de 121 logements r\u00e9nov\u00e9s sur le site Haecht-Agriculture-Marbotin \u00e0 Schaerbeek, en pr\u00e9sence de Bernard Lanssens, pr\u00e9sident du Foyer schaerbeekois, C\u00e9cile Jodogne, bourgmestre ff. de Schaerbeek, et Gert Van der Eeken, pr\u00e9sident de la SLRB. La r\u00e9novation de ce site de 24 immeubles et 155 logements construit en 1920 se r\u00e9v\u00e8le attrayante \u00e0 plus d&rsquo;un titre. Une belle r\u00e9ussite ! Je me r\u00e9jouis de tout ce que le Foyer Schaerbeekois a mis en place pour rendre la vie du quartier la plus agr\u00e9able possible : que ce soient les agents de convivialit\u00e9, le Cocolo et le projet de coh\u00e9sion sociale \u00ab Espace locataires \u00bb. La convivialit\u00e9 passe aussi par un cadre de vie agr\u00e9able. C&rsquo;est pour cette raison que la R\u00e9gion de Bruxelles-Capitale consacre des moyens budg\u00e9taires importants \u00e0 la remise en \u00e9tat et \u00e0 l&rsquo;extension du patrimoine de logements sociaux. Depuis 2002, 480 millions d&rsquo;euros ont \u00e9t\u00e9 d\u00e9di\u00e9s \u00e0 la r\u00e9novation et 540 millions \u00e0 la construction. Cela fait, en l&rsquo;espace de 8 ans, plus d&rsquo;un milliard. Durant cette l\u00e9gislature, je mettrai un point d&rsquo;honneur \u00e0 accro\u00eetre le volume d&rsquo;investissement annuel dans le secteur tout en restant attentif \u00e0 leur qualit\u00e9. [&hellip;]\" \/>\n<meta property=\"og:url\" content=\"https:\/\/www.doulkeridis.be\/blog\/2010\/06\/07\/inauguration-de-121-logements-renoves-a-schaerbeek\/\" \/>\n<meta property=\"og:site_name\" content=\"Christos Doulkeridis\" \/>\n<meta property=\"article:publisher\" content=\"https:\/\/www.facebook.com\/doulkeridis\" \/>\n<meta property=\"article:published_time\" content=\"2010-06-07T15:34:08+00:00\" \/>\n<meta property=\"article:modified_time\" content=\"2011-08-09T14:05:31+00:00\" \/>\n<meta property=\"og:image\" content=\"http:\/\/www.doulkeridis.be\/blog\/wp-content\/uploads\/2010\/06\/20100607-Inauguration-121-logements-Foyer-schaerbeekois-048.jpg\" \/>\n<meta name=\"author\" content=\"Christos Doulkeridis\" \/>\n<meta name=\"twitter:card\" content=\"summary_large_image\" \/>\n<meta name=\"twitter:label1\" content=\"\u00c9crit par\" \/>\n\t<meta name=\"twitter:data1\" content=\"Christos Doulkeridis\" \/>\n\t<meta name=\"twitter:label2\" content=\"Dur\u00e9e de lecture estim\u00e9e\" \/>\n\t<meta name=\"twitter:data2\" content=\"2 minutes\" \/>\n<script type=\"application\/ld+json\" class=\"yoast-schema-graph\">{\"@context\":\"https:\\\/\\\/schema.org\",\"@graph\":[{\"@type\":\"Article\",\"@id\":\"https:\\\/\\\/www.doulkeridis.be\\\/blog\\\/2010\\\/06\\\/07\\\/inauguration-de-121-logements-renoves-a-schaerbeek\\\/#article\",\"isPartOf\":{\"@id\":\"https:\\\/\\\/www.doulkeridis.be\\\/blog\\\/2010\\\/06\\\/07\\\/inauguration-de-121-logements-renoves-a-schaerbeek\\\/\"},\"author\":{\"name\":\"Christos Doulkeridis\",\"@id\":\"https:\\\/\\\/www.doulkeridis.be\\\/blog\\\/#\\\/schema\\\/person\\\/9f03f3459f0a4ba4db02aabbba098365\"},\"headline\":\"Inauguration de 121 logements r\u00e9nov\u00e9s \u00e0 Schaerbeek\",\"datePublished\":\"2010-06-07T15:34:08+00:00\",\"dateModified\":\"2011-08-09T14:05:31+00:00\",\"mainEntityOfPage\":{\"@id\":\"https:\\\/\\\/www.doulkeridis.be\\\/blog\\\/2010\\\/06\\\/07\\\/inauguration-de-121-logements-renoves-a-schaerbeek\\\/\"},\"wordCount\":380,\"commentCount\":0,\"publisher\":{\"@id\":\"https:\\\/\\\/www.doulkeridis.be\\\/blog\\\/#organization\"},\"image\":{\"@id\":\"https:\\\/\\\/www.doulkeridis.be\\\/blog\\\/2010\\\/06\\\/07\\\/inauguration-de-121-logements-renoves-a-schaerbeek\\\/#primaryimage\"},\"thumbnailUrl\":\"http:\\\/\\\/www.doulkeridis.be\\\/blog\\\/wp-content\\\/uploads\\\/2010\\\/06\\\/20100607-Inauguration-121-logements-Foyer-schaerbeekois-048.jpg\",\"keywords\":[\"logement social\",\"SLRB\"],\"articleSection\":[\"Logement\",\"Mes r\u00e9alisations\"],\"inLanguage\":\"fr-FR\",\"potentialAction\":[{\"@type\":\"CommentAction\",\"name\":\"Comment\",\"target\":[\"https:\\\/\\\/www.doulkeridis.be\\\/blog\\\/2010\\\/06\\\/07\\\/inauguration-de-121-logements-renoves-a-schaerbeek\\\/#respond\"]}]},{\"@type\":\"WebPage\",\"@id\":\"https:\\\/\\\/www.doulkeridis.be\\\/blog\\\/2010\\\/06\\\/07\\\/inauguration-de-121-logements-renoves-a-schaerbeek\\\/\",\"url\":\"https:\\\/\\\/www.doulkeridis.be\\\/blog\\\/2010\\\/06\\\/07\\\/inauguration-de-121-logements-renoves-a-schaerbeek\\\/\",\"name\":\"Inauguration de 121 logements r\u00e9nov\u00e9s \u00e0 Schaerbeek - Christos Doulkeridis\",\"isPartOf\":{\"@id\":\"https:\\\/\\\/www.doulkeridis.be\\\/blog\\\/#website\"},\"primaryImageOfPage\":{\"@id\":\"https:\\\/\\\/www.doulkeridis.be\\\/blog\\\/2010\\\/06\\\/07\\\/inauguration-de-121-logements-renoves-a-schaerbeek\\\/#primaryimage\"},\"image\":{\"@id\":\"https:\\\/\\\/www.doulkeridis.be\\\/blog\\\/2010\\\/06\\\/07\\\/inauguration-de-121-logements-renoves-a-schaerbeek\\\/#primaryimage\"},\"thumbnailUrl\":\"http:\\\/\\\/www.doulkeridis.be\\\/blog\\\/wp-content\\\/uploads\\\/2010\\\/06\\\/20100607-Inauguration-121-logements-Foyer-schaerbeekois-048.jpg\",\"datePublished\":\"2010-06-07T15:34:08+00:00\",\"dateModified\":\"2011-08-09T14:05:31+00:00\",\"breadcrumb\":{\"@id\":\"https:\\\/\\\/www.doulkeridis.be\\\/blog\\\/2010\\\/06\\\/07\\\/inauguration-de-121-logements-renoves-a-schaerbeek\\\/#breadcrumb\"},\"inLanguage\":\"fr-FR\",\"potentialAction\":[{\"@type\":\"ReadAction\",\"target\":[\"https:\\\/\\\/www.doulkeridis.be\\\/blog\\\/2010\\\/06\\\/07\\\/inauguration-de-121-logements-renoves-a-schaerbeek\\\/\"]}]},{\"@type\":\"ImageObject\",\"inLanguage\":\"fr-FR\",\"@id\":\"https:\\\/\\\/www.doulkeridis.be\\\/blog\\\/2010\\\/06\\\/07\\\/inauguration-de-121-logements-renoves-a-schaerbeek\\\/#primaryimage\",\"url\":\"http:\\\/\\\/www.doulkeridis.be\\\/blog\\\/wp-content\\\/uploads\\\/2010\\\/06\\\/20100607-Inauguration-121-logements-Foyer-schaerbeekois-048.jpg\",\"contentUrl\":\"http:\\\/\\\/www.doulkeridis.be\\\/blog\\\/wp-content\\\/uploads\\\/2010\\\/06\\\/20100607-Inauguration-121-logements-Foyer-schaerbeekois-048.jpg\"},{\"@type\":\"BreadcrumbList\",\"@id\":\"https:\\\/\\\/www.doulkeridis.be\\\/blog\\\/2010\\\/06\\\/07\\\/inauguration-de-121-logements-renoves-a-schaerbeek\\\/#breadcrumb\",\"itemListElement\":[{\"@type\":\"ListItem\",\"position\":1,\"name\":\"Accueil\",\"item\":\"https:\\\/\\\/www.doulkeridis.be\\\/blog\\\/\"},{\"@type\":\"ListItem\",\"position\":2,\"name\":\"Inauguration de 121 logements r\u00e9nov\u00e9s \u00e0 Schaerbeek\"}]},{\"@type\":\"WebSite\",\"@id\":\"https:\\\/\\\/www.doulkeridis.be\\\/blog\\\/#website\",\"url\":\"https:\\\/\\\/www.doulkeridis.be\\\/blog\\\/\",\"name\":\"Christos Doulkeridis\",\"description\":\"Coach | Consultant en solutions, gestion de crise, n\u00e9gociations\",\"publisher\":{\"@id\":\"https:\\\/\\\/www.doulkeridis.be\\\/blog\\\/#organization\"},\"potentialAction\":[{\"@type\":\"SearchAction\",\"target\":{\"@type\":\"EntryPoint\",\"urlTemplate\":\"https:\\\/\\\/www.doulkeridis.be\\\/blog\\\/?s={search_term_string}\"},\"query-input\":{\"@type\":\"PropertyValueSpecification\",\"valueRequired\":true,\"valueName\":\"search_term_string\"}}],\"inLanguage\":\"fr-FR\"},{\"@type\":\"Organization\",\"@id\":\"https:\\\/\\\/www.doulkeridis.be\\\/blog\\\/#organization\",\"name\":\"Ulyse\",\"url\":\"https:\\\/\\\/www.doulkeridis.be\\\/blog\\\/\",\"logo\":{\"@type\":\"ImageObject\",\"inLanguage\":\"fr-FR\",\"@id\":\"https:\\\/\\\/www.doulkeridis.be\\\/blog\\\/#\\\/schema\\\/logo\\\/image\\\/\",\"url\":\"https:\\\/\\\/www.doulkeridis.be\\\/blog\\\/wp-content\\\/uploads\\\/2026\\\/04\\\/2-5.png\",\"contentUrl\":\"https:\\\/\\\/www.doulkeridis.be\\\/blog\\\/wp-content\\\/uploads\\\/2026\\\/04\\\/2-5.png\",\"width\":1024,\"height\":728,\"caption\":\"Ulyse\"},\"image\":{\"@id\":\"https:\\\/\\\/www.doulkeridis.be\\\/blog\\\/#\\\/schema\\\/logo\\\/image\\\/\"},\"sameAs\":[\"https:\\\/\\\/www.facebook.com\\\/doulkeridis\",\"https:\\\/\\\/www.facebook.com\\\/christosdoulkeridis2\"]},{\"@type\":\"Person\",\"@id\":\"https:\\\/\\\/www.doulkeridis.be\\\/blog\\\/#\\\/schema\\\/person\\\/9f03f3459f0a4ba4db02aabbba098365\",\"name\":\"Christos Doulkeridis\",\"image\":{\"@type\":\"ImageObject\",\"inLanguage\":\"fr-FR\",\"@id\":\"https:\\\/\\\/secure.gravatar.com\\\/avatar\\\/71cb6e4369ca0615d93730ef3bc5f54642df4f6bcc59b92763d2ac434abf103e?s=96&d=mm&r=g\",\"url\":\"https:\\\/\\\/secure.gravatar.com\\\/avatar\\\/71cb6e4369ca0615d93730ef3bc5f54642df4f6bcc59b92763d2ac434abf103e?s=96&d=mm&r=g\",\"contentUrl\":\"https:\\\/\\\/secure.gravatar.com\\\/avatar\\\/71cb6e4369ca0615d93730ef3bc5f54642df4f6bcc59b92763d2ac434abf103e?s=96&d=mm&r=g\",\"caption\":\"Christos Doulkeridis\"},\"url\":\"https:\\\/\\\/www.doulkeridis.be\\\/blog\\\/author\\\/christos\\\/\"}]}<\/script>\n<!-- \/ Yoast SEO plugin. -->","yoast_head_json":{"title":"Inauguration de 121 logements r\u00e9nov\u00e9s \u00e0 Schaerbeek - Christos Doulkeridis","robots":{"index":"index","follow":"follow","max-snippet":"max-snippet:-1","max-image-preview":"max-image-preview:large","max-video-preview":"max-video-preview:-1"},"canonical":"https:\/\/www.doulkeridis.be\/blog\/2010\/06\/07\/inauguration-de-121-logements-renoves-a-schaerbeek\/","og_locale":"fr_FR","og_type":"article","og_title":"Inauguration de 121 logements r\u00e9nov\u00e9s \u00e0 Schaerbeek - Christos Doulkeridis","og_description":"Ce lundi 7 juin 2010, j&rsquo;ai assist\u00e9 \u00e0 l&rsquo;inauguration de 121 logements r\u00e9nov\u00e9s sur le site Haecht-Agriculture-Marbotin \u00e0 Schaerbeek, en pr\u00e9sence de Bernard Lanssens, pr\u00e9sident du Foyer schaerbeekois, C\u00e9cile Jodogne, bourgmestre ff. de Schaerbeek, et Gert Van der Eeken, pr\u00e9sident de la SLRB. La r\u00e9novation de ce site de 24 immeubles et 155 logements construit en 1920 se r\u00e9v\u00e8le attrayante \u00e0 plus d&rsquo;un titre. Une belle r\u00e9ussite ! Je me r\u00e9jouis de tout ce que le Foyer Schaerbeekois a mis en place pour rendre la vie du quartier la plus agr\u00e9able possible : que ce soient les agents de convivialit\u00e9, le Cocolo et le projet de coh\u00e9sion sociale \u00ab Espace locataires \u00bb. La convivialit\u00e9 passe aussi par un cadre de vie agr\u00e9able. C&rsquo;est pour cette raison que la R\u00e9gion de Bruxelles-Capitale consacre des moyens budg\u00e9taires importants \u00e0 la remise en \u00e9tat et \u00e0 l&rsquo;extension du patrimoine de logements sociaux. Depuis 2002, 480 millions d&rsquo;euros ont \u00e9t\u00e9 d\u00e9di\u00e9s \u00e0 la r\u00e9novation et 540 millions \u00e0 la construction. Cela fait, en l&rsquo;espace de 8 ans, plus d&rsquo;un milliard. Durant cette l\u00e9gislature, je mettrai un point d&rsquo;honneur \u00e0 accro\u00eetre le volume d&rsquo;investissement annuel dans le secteur tout en restant attentif \u00e0 leur qualit\u00e9. [&hellip;]","og_url":"https:\/\/www.doulkeridis.be\/blog\/2010\/06\/07\/inauguration-de-121-logements-renoves-a-schaerbeek\/","og_site_name":"Christos Doulkeridis","article_publisher":"https:\/\/www.facebook.com\/doulkeridis","article_published_time":"2010-06-07T15:34:08+00:00","article_modified_time":"2011-08-09T14:05:31+00:00","og_image":[{"url":"http:\/\/www.doulkeridis.be\/blog\/wp-content\/uploads\/2010\/06\/20100607-Inauguration-121-logements-Foyer-schaerbeekois-048.jpg","type":"","width":"","height":""}],"author":"Christos Doulkeridis","twitter_card":"summary_large_image","twitter_misc":{"\u00c9crit par":"Christos Doulkeridis","Dur\u00e9e de lecture estim\u00e9e":"2 minutes"},"schema":{"@context":"https:\/\/schema.org","@graph":[{"@type":"Article","@id":"https:\/\/www.doulkeridis.be\/blog\/2010\/06\/07\/inauguration-de-121-logements-renoves-a-schaerbeek\/#article","isPartOf":{"@id":"https:\/\/www.doulkeridis.be\/blog\/2010\/06\/07\/inauguration-de-121-logements-renoves-a-schaerbeek\/"},"author":{"name":"Christos Doulkeridis","@id":"https:\/\/www.doulkeridis.be\/blog\/#\/schema\/person\/9f03f3459f0a4ba4db02aabbba098365"},"headline":"Inauguration de 121 logements r\u00e9nov\u00e9s \u00e0 Schaerbeek","datePublished":"2010-06-07T15:34:08+00:00","dateModified":"2011-08-09T14:05:31+00:00","mainEntityOfPage":{"@id":"https:\/\/www.doulkeridis.be\/blog\/2010\/06\/07\/inauguration-de-121-logements-renoves-a-schaerbeek\/"},"wordCount":380,"commentCount":0,"publisher":{"@id":"https:\/\/www.doulkeridis.be\/blog\/#organization"},"image":{"@id":"https:\/\/www.doulkeridis.be\/blog\/2010\/06\/07\/inauguration-de-121-logements-renoves-a-schaerbeek\/#primaryimage"},"thumbnailUrl":"http:\/\/www.doulkeridis.be\/blog\/wp-content\/uploads\/2010\/06\/20100607-Inauguration-121-logements-Foyer-schaerbeekois-048.jpg","keywords":["logement social","SLRB"],"articleSection":["Logement","Mes r\u00e9alisations"],"inLanguage":"fr-FR","potentialAction":[{"@type":"CommentAction","name":"Comment","target":["https:\/\/www.doulkeridis.be\/blog\/2010\/06\/07\/inauguration-de-121-logements-renoves-a-schaerbeek\/#respond"]}]},{"@type":"WebPage","@id":"https:\/\/www.doulkeridis.be\/blog\/2010\/06\/07\/inauguration-de-121-logements-renoves-a-schaerbeek\/","url":"https:\/\/www.doulkeridis.be\/blog\/2010\/06\/07\/inauguration-de-121-logements-renoves-a-schaerbeek\/","name":"Inauguration de 121 logements r\u00e9nov\u00e9s \u00e0 Schaerbeek - Christos Doulkeridis","isPartOf":{"@id":"https:\/\/www.doulkeridis.be\/blog\/#website"},"primaryImageOfPage":{"@id":"https:\/\/www.doulkeridis.be\/blog\/2010\/06\/07\/inauguration-de-121-logements-renoves-a-schaerbeek\/#primaryimage"},"image":{"@id":"https:\/\/www.doulkeridis.be\/blog\/2010\/06\/07\/inauguration-de-121-logements-renoves-a-schaerbeek\/#primaryimage"},"thumbnailUrl":"http:\/\/www.doulkeridis.be\/blog\/wp-content\/uploads\/2010\/06\/20100607-Inauguration-121-logements-Foyer-schaerbeekois-048.jpg","datePublished":"2010-06-07T15:34:08+00:00","dateModified":"2011-08-09T14:05:31+00:00","breadcrumb":{"@id":"https:\/\/www.doulkeridis.be\/blog\/2010\/06\/07\/inauguration-de-121-logements-renoves-a-schaerbeek\/#breadcrumb"},"inLanguage":"fr-FR","potentialAction":[{"@type":"ReadAction","target":["https:\/\/www.doulkeridis.be\/blog\/2010\/06\/07\/inauguration-de-121-logements-renoves-a-schaerbeek\/"]}]},{"@type":"ImageObject","inLanguage":"fr-FR","@id":"https:\/\/www.doulkeridis.be\/blog\/2010\/06\/07\/inauguration-de-121-logements-renoves-a-schaerbeek\/#primaryimage","url":"http:\/\/www.doulkeridis.be\/blog\/wp-content\/uploads\/2010\/06\/20100607-Inauguration-121-logements-Foyer-schaerbeekois-048.jpg","contentUrl":"http:\/\/www.doulkeridis.be\/blog\/wp-content\/uploads\/2010\/06\/20100607-Inauguration-121-logements-Foyer-schaerbeekois-048.jpg"},{"@type":"BreadcrumbList","@id":"https:\/\/www.doulkeridis.be\/blog\/2010\/06\/07\/inauguration-de-121-logements-renoves-a-schaerbeek\/#breadcrumb","itemListElement":[{"@type":"ListItem","position":1,"name":"Accueil","item":"https:\/\/www.doulkeridis.be\/blog\/"},{"@type":"ListItem","position":2,"name":"Inauguration de 121 logements r\u00e9nov\u00e9s \u00e0 Schaerbeek"}]},{"@type":"WebSite","@id":"https:\/\/www.doulkeridis.be\/blog\/#website","url":"https:\/\/www.doulkeridis.be\/blog\/","name":"Christos Doulkeridis","description":"Coach | Consultant en solutions, gestion de crise, n\u00e9gociations","publisher":{"@id":"https:\/\/www.doulkeridis.be\/blog\/#organization"},"potentialAction":[{"@type":"SearchAction","target":{"@type":"EntryPoint","urlTemplate":"https:\/\/www.doulkeridis.be\/blog\/?s={search_term_string}"},"query-input":{"@type":"PropertyValueSpecification","valueRequired":true,"valueName":"search_term_string"}}],"inLanguage":"fr-FR"},{"@type":"Organization","@id":"https:\/\/www.doulkeridis.be\/blog\/#organization","name":"Ulyse","url":"https:\/\/www.doulkeridis.be\/blog\/","logo":{"@type":"ImageObject","inLanguage":"fr-FR","@id":"https:\/\/www.doulkeridis.be\/blog\/#\/schema\/logo\/image\/","url":"https:\/\/www.doulkeridis.be\/blog\/wp-content\/uploads\/2026\/04\/2-5.png","contentUrl":"https:\/\/www.doulkeridis.be\/blog\/wp-content\/uploads\/2026\/04\/2-5.png","width":1024,"height":728,"caption":"Ulyse"},"image":{"@id":"https:\/\/www.doulkeridis.be\/blog\/#\/schema\/logo\/image\/"},"sameAs":["https:\/\/www.facebook.com\/doulkeridis","https:\/\/www.facebook.com\/christosdoulkeridis2"]},{"@type":"Person","@id":"https:\/\/www.doulkeridis.be\/blog\/#\/schema\/person\/9f03f3459f0a4ba4db02aabbba098365","name":"Christos Doulkeridis","image":{"@type":"ImageObject","inLanguage":"fr-FR","@id":"https:\/\/secure.gravatar.com\/avatar\/71cb6e4369ca0615d93730ef3bc5f54642df4f6bcc59b92763d2ac434abf103e?s=96&d=mm&r=g","url":"https:\/\/secure.gravatar.com\/avatar\/71cb6e4369ca0615d93730ef3bc5f54642df4f6bcc59b92763d2ac434abf103e?s=96&d=mm&r=g","contentUrl":"https:\/\/secure.gravatar.com\/avatar\/71cb6e4369ca0615d93730ef3bc5f54642df4f6bcc59b92763d2ac434abf103e?s=96&d=mm&r=g","caption":"Christos Doulkeridis"},"url":"https:\/\/www.doulkeridis.be\/blog\/author\/christos\/"}]}},"_links":{"self":[{"href":"https:\/\/www.doulkeridis.be\/blog\/wp-json\/wp\/v2\/posts\/548","targetHints":{"allow":["GET"]}}],"collection":[{"href":"https:\/\/www.doulkeridis.be\/blog\/wp-json\/wp\/v2\/posts"}],"about":[{"href":"https:\/\/www.doulkeridis.be\/blog\/wp-json\/wp\/v2\/types\/post"}],"author":[{"embeddable":true,"href":"https:\/\/www.doulkeridis.be\/blog\/wp-json\/wp\/v2\/users\/2"}],"replies":[{"embeddable":true,"href":"https:\/\/www.doulkeridis.be\/blog\/wp-json\/wp\/v2\/comments?post=548"}],"version-history":[{"count":6,"href":"https:\/\/www.doulkeridis.be\/blog\/wp-json\/wp\/v2\/posts\/548\/revisions"}],"predecessor-version":[{"id":3731,"href":"https:\/\/www.doulkeridis.be\/blog\/wp-json\/wp\/v2\/posts\/548\/revisions\/3731"}],"wp:attachment":[{"href":"https:\/\/www.doulkeridis.be\/blog\/wp-json\/wp\/v2\/media?parent=548"}],"wp:term":[{"taxonomy":"category","embeddable":true,"href":"https:\/\/www.doulkeridis.be\/blog\/wp-json\/wp\/v2\/categories?post=548"},{"taxonomy":"post_tag","embeddable":true,"href":"https:\/\/www.doulkeridis.be\/blog\/wp-json\/wp\/v2\/tags?post=548"}],"curies":[{"name":"wp","href":"https:\/\/api.w.org\/{rel}","templated":true}]}}