{"id":5623,"date":"2012-01-23T12:21:59","date_gmt":"2012-01-23T11:21:59","guid":{"rendered":"http:\/\/www.doulkeridis.be\/blog\/?p=5623"},"modified":"2012-01-25T17:26:52","modified_gmt":"2012-01-25T16:26:52","slug":"panique-sur-les-briques-controverse-du-22-janvier-2012","status":"publish","type":"post","link":"https:\/\/www.doulkeridis.be\/blog\/2012\/01\/23\/panique-sur-les-briques-controverse-du-22-janvier-2012\/","title":{"rendered":"\u00ab\u00a0Panique sur les briques\u00a0\u00bb (Controverse du 22 janvier 2012)"},"content":{"rendered":"<p>La semaine pass\u00e9e, le secr\u00e9taire d&rsquo;Etat aux R\u00e9formes institutionnelles\u00a0 annon\u00e7ait la fin d\u00e8s 2014 de la d\u00e9ductibilit\u00e9 fiscale f\u00e9d\u00e9rale des cr\u00e9dits hypoth\u00e9caires. Cette communication malheureuse, sans concertation avec les entit\u00e9s f\u00e9d\u00e9r\u00e9es, a jet\u00e9 le trouble aupr\u00e8s des candidats propri\u00e9taires bruxellois, wallons et flamands. Ce sujet \u00e9tait au c\u0153ur de la derni\u00e8re \u00e9mission Controverse sur RTL TVi \u00e0 laquelle je participais aux c\u00f4t\u00e9s d&rsquo;autres responsables politiques et\u00a0 d&rsquo;acteurs des secteurs de la construction, de la fiscalit\u00e9 ou de l&rsquo;immobilier.<\/p>\n<p>Ce d\u00e9bat a sans doute permis d&rsquo;aplanir certaines incertitudes et de r\u00e9affirmer notre volont\u00e9 de maintenir une politique r\u00e9gionale qui permet de favoriser l&rsquo;acc\u00e8s \u00e0 la propri\u00e9t\u00e9 des Bruxellois. La r\u00e9gionalisation de cette mati\u00e8re sera\u00a0 \u00e9galement une \u00e9norme opportunit\u00e9 pour nous d&rsquo;adapter notre action aux besoins particuliers des Bruxellois, notamment des jeunes m\u00e9nages.<br \/>\n<iframe loading=\"lazy\" src=\"http:\/\/www.rtl.be\/rtltvi\/page\/rtl-video-en-embed\/640.aspx?VideoID=379985\" frameborder=\"0\" width=\"600\" height=\"338\"><\/iframe><\/p>\n","protected":false},"excerpt":{"rendered":"<p>La semaine pass\u00e9e, le secr\u00e9taire d&rsquo;Etat aux R\u00e9formes institutionnelles\u00a0 annon\u00e7ait la fin d\u00e8s 2014 de la d\u00e9ductibilit\u00e9 fiscale f\u00e9d\u00e9rale des cr\u00e9dits hypoth\u00e9caires. Cette communication malheureuse, sans concertation avec les entit\u00e9s f\u00e9d\u00e9r\u00e9es, a jet\u00e9 le trouble aupr\u00e8s des candidats propri\u00e9taires bruxellois, wallons et flamands. Ce sujet \u00e9tait au c\u0153ur de la derni\u00e8re \u00e9mission Controverse sur RTL TVi \u00e0 laquelle je participais aux c\u00f4t\u00e9s d&rsquo;autres responsables politiques et\u00a0 d&rsquo;acteurs des secteurs de la construction, de la fiscalit\u00e9 ou de l&rsquo;immobilier. Ce d\u00e9bat a sans doute permis d&rsquo;aplanir certaines incertitudes et de r\u00e9affirmer notre volont\u00e9 de maintenir une politique r\u00e9gionale qui permet de favoriser l&rsquo;acc\u00e8s \u00e0 la propri\u00e9t\u00e9 des Bruxellois. La r\u00e9gionalisation de cette mati\u00e8re sera\u00a0 \u00e9galement une \u00e9norme opportunit\u00e9 pour nous d&rsquo;adapter notre action aux besoins particuliers des Bruxellois, notamment des jeunes m\u00e9nages.<\/p>\n","protected":false},"author":2,"featured_media":5627,"comment_status":"open","ping_status":"open","sticky":false,"template":"","format":"standard","meta":{"_monsterinsights_skip_tracking":false,"_monsterinsights_sitenote_active":false,"_monsterinsights_sitenote_note":"","_monsterinsights_sitenote_category":0,"ngg_post_thumbnail":0,"footnotes":""},"categories":[3,7],"tags":[],"class_list":["post-5623","post","type-post","status-publish","format-standard","has-post-thumbnail","hentry","category-logement","category-revue-de-presse"],"yoast_head":"<!-- This site is optimized with the Yoast SEO plugin v27.4 - https:\/\/yoast.com\/product\/yoast-seo-wordpress\/ -->\n<title>&quot;Panique sur les briques&quot; (Controverse du 22 janvier 2012) - Christos Doulkeridis<\/title>\n<meta name=\"robots\" content=\"index, follow, max-snippet:-1, max-image-preview:large, max-video-preview:-1\" \/>\n<link rel=\"canonical\" href=\"https:\/\/www.doulkeridis.be\/blog\/2012\/01\/23\/panique-sur-les-briques-controverse-du-22-janvier-2012\/\" \/>\n<meta property=\"og:locale\" content=\"fr_FR\" \/>\n<meta property=\"og:type\" content=\"article\" \/>\n<meta property=\"og:title\" content=\"&quot;Panique sur les briques&quot; (Controverse du 22 janvier 2012) - Christos Doulkeridis\" \/>\n<meta property=\"og:description\" content=\"La semaine pass\u00e9e, le secr\u00e9taire d&rsquo;Etat aux R\u00e9formes institutionnelles\u00a0 annon\u00e7ait la fin d\u00e8s 2014 de la d\u00e9ductibilit\u00e9 fiscale f\u00e9d\u00e9rale des cr\u00e9dits hypoth\u00e9caires. Cette communication malheureuse, sans concertation avec les entit\u00e9s f\u00e9d\u00e9r\u00e9es, a jet\u00e9 le trouble aupr\u00e8s des candidats propri\u00e9taires bruxellois, wallons et flamands. Ce sujet \u00e9tait au c\u0153ur de la derni\u00e8re \u00e9mission Controverse sur RTL TVi \u00e0 laquelle je participais aux c\u00f4t\u00e9s d&rsquo;autres responsables politiques et\u00a0 d&rsquo;acteurs des secteurs de la construction, de la fiscalit\u00e9 ou de l&rsquo;immobilier. Ce d\u00e9bat a sans doute permis d&rsquo;aplanir certaines incertitudes et de r\u00e9affirmer notre volont\u00e9 de maintenir une politique r\u00e9gionale qui permet de favoriser l&rsquo;acc\u00e8s \u00e0 la propri\u00e9t\u00e9 des Bruxellois. La r\u00e9gionalisation de cette mati\u00e8re sera\u00a0 \u00e9galement une \u00e9norme opportunit\u00e9 pour nous d&rsquo;adapter notre action aux besoins particuliers des Bruxellois, notamment des jeunes m\u00e9nages.\" \/>\n<meta property=\"og:url\" content=\"https:\/\/www.doulkeridis.be\/blog\/2012\/01\/23\/panique-sur-les-briques-controverse-du-22-janvier-2012\/\" \/>\n<meta property=\"og:site_name\" content=\"Christos Doulkeridis\" \/>\n<meta property=\"article:publisher\" content=\"https:\/\/www.facebook.com\/doulkeridis\" \/>\n<meta property=\"article:published_time\" content=\"2012-01-23T11:21:59+00:00\" \/>\n<meta property=\"article:modified_time\" content=\"2012-01-25T16:26:52+00:00\" \/>\n<meta property=\"og:image\" content=\"https:\/\/www.doulkeridis.be\/blog\/wp-content\/uploads\/2012\/01\/xtoscontroverse3.jpg\" \/>\n\t<meta property=\"og:image:width\" content=\"725\" \/>\n\t<meta property=\"og:image:height\" content=\"548\" \/>\n\t<meta property=\"og:image:type\" content=\"image\/jpeg\" \/>\n<meta name=\"author\" content=\"Christos Doulkeridis\" \/>\n<meta name=\"twitter:card\" content=\"summary_large_image\" \/>\n<meta name=\"twitter:label1\" content=\"\u00c9crit par\" \/>\n\t<meta name=\"twitter:data1\" content=\"Christos Doulkeridis\" \/>\n\t<meta name=\"twitter:label2\" content=\"Dur\u00e9e de lecture estim\u00e9e\" \/>\n\t<meta name=\"twitter:data2\" content=\"1 minute\" \/>\n<script type=\"application\/ld+json\" class=\"yoast-schema-graph\">{\"@context\":\"https:\\\/\\\/schema.org\",\"@graph\":[{\"@type\":\"Article\",\"@id\":\"https:\\\/\\\/www.doulkeridis.be\\\/blog\\\/2012\\\/01\\\/23\\\/panique-sur-les-briques-controverse-du-22-janvier-2012\\\/#article\",\"isPartOf\":{\"@id\":\"https:\\\/\\\/www.doulkeridis.be\\\/blog\\\/2012\\\/01\\\/23\\\/panique-sur-les-briques-controverse-du-22-janvier-2012\\\/\"},\"author\":{\"name\":\"Christos Doulkeridis\",\"@id\":\"https:\\\/\\\/www.doulkeridis.be\\\/blog\\\/#\\\/schema\\\/person\\\/9f03f3459f0a4ba4db02aabbba098365\"},\"headline\":\"\u00ab\u00a0Panique sur les briques\u00a0\u00bb (Controverse du 22 janvier 2012)\",\"datePublished\":\"2012-01-23T11:21:59+00:00\",\"dateModified\":\"2012-01-25T16:26:52+00:00\",\"mainEntityOfPage\":{\"@id\":\"https:\\\/\\\/www.doulkeridis.be\\\/blog\\\/2012\\\/01\\\/23\\\/panique-sur-les-briques-controverse-du-22-janvier-2012\\\/\"},\"wordCount\":170,\"commentCount\":1,\"publisher\":{\"@id\":\"https:\\\/\\\/www.doulkeridis.be\\\/blog\\\/#organization\"},\"image\":{\"@id\":\"https:\\\/\\\/www.doulkeridis.be\\\/blog\\\/2012\\\/01\\\/23\\\/panique-sur-les-briques-controverse-du-22-janvier-2012\\\/#primaryimage\"},\"thumbnailUrl\":\"https:\\\/\\\/www.doulkeridis.be\\\/blog\\\/wp-content\\\/uploads\\\/2012\\\/01\\\/xtoscontroverse3.jpg\",\"articleSection\":[\"Logement\",\"Presse\"],\"inLanguage\":\"fr-FR\",\"potentialAction\":[{\"@type\":\"CommentAction\",\"name\":\"Comment\",\"target\":[\"https:\\\/\\\/www.doulkeridis.be\\\/blog\\\/2012\\\/01\\\/23\\\/panique-sur-les-briques-controverse-du-22-janvier-2012\\\/#respond\"]}]},{\"@type\":\"WebPage\",\"@id\":\"https:\\\/\\\/www.doulkeridis.be\\\/blog\\\/2012\\\/01\\\/23\\\/panique-sur-les-briques-controverse-du-22-janvier-2012\\\/\",\"url\":\"https:\\\/\\\/www.doulkeridis.be\\\/blog\\\/2012\\\/01\\\/23\\\/panique-sur-les-briques-controverse-du-22-janvier-2012\\\/\",\"name\":\"\\\"Panique sur les briques\\\" (Controverse du 22 janvier 2012) - Christos Doulkeridis\",\"isPartOf\":{\"@id\":\"https:\\\/\\\/www.doulkeridis.be\\\/blog\\\/#website\"},\"primaryImageOfPage\":{\"@id\":\"https:\\\/\\\/www.doulkeridis.be\\\/blog\\\/2012\\\/01\\\/23\\\/panique-sur-les-briques-controverse-du-22-janvier-2012\\\/#primaryimage\"},\"image\":{\"@id\":\"https:\\\/\\\/www.doulkeridis.be\\\/blog\\\/2012\\\/01\\\/23\\\/panique-sur-les-briques-controverse-du-22-janvier-2012\\\/#primaryimage\"},\"thumbnailUrl\":\"https:\\\/\\\/www.doulkeridis.be\\\/blog\\\/wp-content\\\/uploads\\\/2012\\\/01\\\/xtoscontroverse3.jpg\",\"datePublished\":\"2012-01-23T11:21:59+00:00\",\"dateModified\":\"2012-01-25T16:26:52+00:00\",\"breadcrumb\":{\"@id\":\"https:\\\/\\\/www.doulkeridis.be\\\/blog\\\/2012\\\/01\\\/23\\\/panique-sur-les-briques-controverse-du-22-janvier-2012\\\/#breadcrumb\"},\"inLanguage\":\"fr-FR\",\"potentialAction\":[{\"@type\":\"ReadAction\",\"target\":[\"https:\\\/\\\/www.doulkeridis.be\\\/blog\\\/2012\\\/01\\\/23\\\/panique-sur-les-briques-controverse-du-22-janvier-2012\\\/\"]}]},{\"@type\":\"ImageObject\",\"inLanguage\":\"fr-FR\",\"@id\":\"https:\\\/\\\/www.doulkeridis.be\\\/blog\\\/2012\\\/01\\\/23\\\/panique-sur-les-briques-controverse-du-22-janvier-2012\\\/#primaryimage\",\"url\":\"https:\\\/\\\/www.doulkeridis.be\\\/blog\\\/wp-content\\\/uploads\\\/2012\\\/01\\\/xtoscontroverse3.jpg\",\"contentUrl\":\"https:\\\/\\\/www.doulkeridis.be\\\/blog\\\/wp-content\\\/uploads\\\/2012\\\/01\\\/xtoscontroverse3.jpg\",\"width\":\"725\",\"height\":\"548\"},{\"@type\":\"BreadcrumbList\",\"@id\":\"https:\\\/\\\/www.doulkeridis.be\\\/blog\\\/2012\\\/01\\\/23\\\/panique-sur-les-briques-controverse-du-22-janvier-2012\\\/#breadcrumb\",\"itemListElement\":[{\"@type\":\"ListItem\",\"position\":1,\"name\":\"Accueil\",\"item\":\"https:\\\/\\\/www.doulkeridis.be\\\/blog\\\/\"},{\"@type\":\"ListItem\",\"position\":2,\"name\":\"\u00ab\u00a0Panique sur les briques\u00a0\u00bb (Controverse du 22 janvier 2012)\"}]},{\"@type\":\"WebSite\",\"@id\":\"https:\\\/\\\/www.doulkeridis.be\\\/blog\\\/#website\",\"url\":\"https:\\\/\\\/www.doulkeridis.be\\\/blog\\\/\",\"name\":\"Christos Doulkeridis\",\"description\":\"Coach | Consultant en solutions, gestion de crise, n\u00e9gociations\",\"publisher\":{\"@id\":\"https:\\\/\\\/www.doulkeridis.be\\\/blog\\\/#organization\"},\"potentialAction\":[{\"@type\":\"SearchAction\",\"target\":{\"@type\":\"EntryPoint\",\"urlTemplate\":\"https:\\\/\\\/www.doulkeridis.be\\\/blog\\\/?s={search_term_string}\"},\"query-input\":{\"@type\":\"PropertyValueSpecification\",\"valueRequired\":true,\"valueName\":\"search_term_string\"}}],\"inLanguage\":\"fr-FR\"},{\"@type\":\"Organization\",\"@id\":\"https:\\\/\\\/www.doulkeridis.be\\\/blog\\\/#organization\",\"name\":\"Ulyse\",\"url\":\"https:\\\/\\\/www.doulkeridis.be\\\/blog\\\/\",\"logo\":{\"@type\":\"ImageObject\",\"inLanguage\":\"fr-FR\",\"@id\":\"https:\\\/\\\/www.doulkeridis.be\\\/blog\\\/#\\\/schema\\\/logo\\\/image\\\/\",\"url\":\"https:\\\/\\\/www.doulkeridis.be\\\/blog\\\/wp-content\\\/uploads\\\/2026\\\/04\\\/2-5.png\",\"contentUrl\":\"https:\\\/\\\/www.doulkeridis.be\\\/blog\\\/wp-content\\\/uploads\\\/2026\\\/04\\\/2-5.png\",\"width\":1024,\"height\":728,\"caption\":\"Ulyse\"},\"image\":{\"@id\":\"https:\\\/\\\/www.doulkeridis.be\\\/blog\\\/#\\\/schema\\\/logo\\\/image\\\/\"},\"sameAs\":[\"https:\\\/\\\/www.facebook.com\\\/doulkeridis\",\"https:\\\/\\\/www.facebook.com\\\/christosdoulkeridis2\"]},{\"@type\":\"Person\",\"@id\":\"https:\\\/\\\/www.doulkeridis.be\\\/blog\\\/#\\\/schema\\\/person\\\/9f03f3459f0a4ba4db02aabbba098365\",\"name\":\"Christos Doulkeridis\",\"image\":{\"@type\":\"ImageObject\",\"inLanguage\":\"fr-FR\",\"@id\":\"https:\\\/\\\/secure.gravatar.com\\\/avatar\\\/71cb6e4369ca0615d93730ef3bc5f54642df4f6bcc59b92763d2ac434abf103e?s=96&d=mm&r=g\",\"url\":\"https:\\\/\\\/secure.gravatar.com\\\/avatar\\\/71cb6e4369ca0615d93730ef3bc5f54642df4f6bcc59b92763d2ac434abf103e?s=96&d=mm&r=g\",\"contentUrl\":\"https:\\\/\\\/secure.gravatar.com\\\/avatar\\\/71cb6e4369ca0615d93730ef3bc5f54642df4f6bcc59b92763d2ac434abf103e?s=96&d=mm&r=g\",\"caption\":\"Christos Doulkeridis\"},\"url\":\"https:\\\/\\\/www.doulkeridis.be\\\/blog\\\/author\\\/christos\\\/\"}]}<\/script>\n<!-- \/ Yoast SEO plugin. -->","yoast_head_json":{"title":"\"Panique sur les briques\" (Controverse du 22 janvier 2012) - Christos Doulkeridis","robots":{"index":"index","follow":"follow","max-snippet":"max-snippet:-1","max-image-preview":"max-image-preview:large","max-video-preview":"max-video-preview:-1"},"canonical":"https:\/\/www.doulkeridis.be\/blog\/2012\/01\/23\/panique-sur-les-briques-controverse-du-22-janvier-2012\/","og_locale":"fr_FR","og_type":"article","og_title":"\"Panique sur les briques\" (Controverse du 22 janvier 2012) - Christos Doulkeridis","og_description":"La semaine pass\u00e9e, le secr\u00e9taire d&rsquo;Etat aux R\u00e9formes institutionnelles\u00a0 annon\u00e7ait la fin d\u00e8s 2014 de la d\u00e9ductibilit\u00e9 fiscale f\u00e9d\u00e9rale des cr\u00e9dits hypoth\u00e9caires. Cette communication malheureuse, sans concertation avec les entit\u00e9s f\u00e9d\u00e9r\u00e9es, a jet\u00e9 le trouble aupr\u00e8s des candidats propri\u00e9taires bruxellois, wallons et flamands. Ce sujet \u00e9tait au c\u0153ur de la derni\u00e8re \u00e9mission Controverse sur RTL TVi \u00e0 laquelle je participais aux c\u00f4t\u00e9s d&rsquo;autres responsables politiques et\u00a0 d&rsquo;acteurs des secteurs de la construction, de la fiscalit\u00e9 ou de l&rsquo;immobilier. Ce d\u00e9bat a sans doute permis d&rsquo;aplanir certaines incertitudes et de r\u00e9affirmer notre volont\u00e9 de maintenir une politique r\u00e9gionale qui permet de favoriser l&rsquo;acc\u00e8s \u00e0 la propri\u00e9t\u00e9 des Bruxellois. La r\u00e9gionalisation de cette mati\u00e8re sera\u00a0 \u00e9galement une \u00e9norme opportunit\u00e9 pour nous d&rsquo;adapter notre action aux besoins particuliers des Bruxellois, notamment des jeunes m\u00e9nages.","og_url":"https:\/\/www.doulkeridis.be\/blog\/2012\/01\/23\/panique-sur-les-briques-controverse-du-22-janvier-2012\/","og_site_name":"Christos Doulkeridis","article_publisher":"https:\/\/www.facebook.com\/doulkeridis","article_published_time":"2012-01-23T11:21:59+00:00","article_modified_time":"2012-01-25T16:26:52+00:00","og_image":[{"width":725,"height":548,"url":"https:\/\/www.doulkeridis.be\/blog\/wp-content\/uploads\/2012\/01\/xtoscontroverse3.jpg","type":"image\/jpeg"}],"author":"Christos Doulkeridis","twitter_card":"summary_large_image","twitter_misc":{"\u00c9crit par":"Christos Doulkeridis","Dur\u00e9e de lecture estim\u00e9e":"1 minute"},"schema":{"@context":"https:\/\/schema.org","@graph":[{"@type":"Article","@id":"https:\/\/www.doulkeridis.be\/blog\/2012\/01\/23\/panique-sur-les-briques-controverse-du-22-janvier-2012\/#article","isPartOf":{"@id":"https:\/\/www.doulkeridis.be\/blog\/2012\/01\/23\/panique-sur-les-briques-controverse-du-22-janvier-2012\/"},"author":{"name":"Christos Doulkeridis","@id":"https:\/\/www.doulkeridis.be\/blog\/#\/schema\/person\/9f03f3459f0a4ba4db02aabbba098365"},"headline":"\u00ab\u00a0Panique sur les briques\u00a0\u00bb (Controverse du 22 janvier 2012)","datePublished":"2012-01-23T11:21:59+00:00","dateModified":"2012-01-25T16:26:52+00:00","mainEntityOfPage":{"@id":"https:\/\/www.doulkeridis.be\/blog\/2012\/01\/23\/panique-sur-les-briques-controverse-du-22-janvier-2012\/"},"wordCount":170,"commentCount":1,"publisher":{"@id":"https:\/\/www.doulkeridis.be\/blog\/#organization"},"image":{"@id":"https:\/\/www.doulkeridis.be\/blog\/2012\/01\/23\/panique-sur-les-briques-controverse-du-22-janvier-2012\/#primaryimage"},"thumbnailUrl":"https:\/\/www.doulkeridis.be\/blog\/wp-content\/uploads\/2012\/01\/xtoscontroverse3.jpg","articleSection":["Logement","Presse"],"inLanguage":"fr-FR","potentialAction":[{"@type":"CommentAction","name":"Comment","target":["https:\/\/www.doulkeridis.be\/blog\/2012\/01\/23\/panique-sur-les-briques-controverse-du-22-janvier-2012\/#respond"]}]},{"@type":"WebPage","@id":"https:\/\/www.doulkeridis.be\/blog\/2012\/01\/23\/panique-sur-les-briques-controverse-du-22-janvier-2012\/","url":"https:\/\/www.doulkeridis.be\/blog\/2012\/01\/23\/panique-sur-les-briques-controverse-du-22-janvier-2012\/","name":"\"Panique sur les briques\" (Controverse du 22 janvier 2012) - Christos Doulkeridis","isPartOf":{"@id":"https:\/\/www.doulkeridis.be\/blog\/#website"},"primaryImageOfPage":{"@id":"https:\/\/www.doulkeridis.be\/blog\/2012\/01\/23\/panique-sur-les-briques-controverse-du-22-janvier-2012\/#primaryimage"},"image":{"@id":"https:\/\/www.doulkeridis.be\/blog\/2012\/01\/23\/panique-sur-les-briques-controverse-du-22-janvier-2012\/#primaryimage"},"thumbnailUrl":"https:\/\/www.doulkeridis.be\/blog\/wp-content\/uploads\/2012\/01\/xtoscontroverse3.jpg","datePublished":"2012-01-23T11:21:59+00:00","dateModified":"2012-01-25T16:26:52+00:00","breadcrumb":{"@id":"https:\/\/www.doulkeridis.be\/blog\/2012\/01\/23\/panique-sur-les-briques-controverse-du-22-janvier-2012\/#breadcrumb"},"inLanguage":"fr-FR","potentialAction":[{"@type":"ReadAction","target":["https:\/\/www.doulkeridis.be\/blog\/2012\/01\/23\/panique-sur-les-briques-controverse-du-22-janvier-2012\/"]}]},{"@type":"ImageObject","inLanguage":"fr-FR","@id":"https:\/\/www.doulkeridis.be\/blog\/2012\/01\/23\/panique-sur-les-briques-controverse-du-22-janvier-2012\/#primaryimage","url":"https:\/\/www.doulkeridis.be\/blog\/wp-content\/uploads\/2012\/01\/xtoscontroverse3.jpg","contentUrl":"https:\/\/www.doulkeridis.be\/blog\/wp-content\/uploads\/2012\/01\/xtoscontroverse3.jpg","width":"725","height":"548"},{"@type":"BreadcrumbList","@id":"https:\/\/www.doulkeridis.be\/blog\/2012\/01\/23\/panique-sur-les-briques-controverse-du-22-janvier-2012\/#breadcrumb","itemListElement":[{"@type":"ListItem","position":1,"name":"Accueil","item":"https:\/\/www.doulkeridis.be\/blog\/"},{"@type":"ListItem","position":2,"name":"\u00ab\u00a0Panique sur les briques\u00a0\u00bb (Controverse du 22 janvier 2012)"}]},{"@type":"WebSite","@id":"https:\/\/www.doulkeridis.be\/blog\/#website","url":"https:\/\/www.doulkeridis.be\/blog\/","name":"Christos Doulkeridis","description":"Coach | Consultant en solutions, gestion de crise, n\u00e9gociations","publisher":{"@id":"https:\/\/www.doulkeridis.be\/blog\/#organization"},"potentialAction":[{"@type":"SearchAction","target":{"@type":"EntryPoint","urlTemplate":"https:\/\/www.doulkeridis.be\/blog\/?s={search_term_string}"},"query-input":{"@type":"PropertyValueSpecification","valueRequired":true,"valueName":"search_term_string"}}],"inLanguage":"fr-FR"},{"@type":"Organization","@id":"https:\/\/www.doulkeridis.be\/blog\/#organization","name":"Ulyse","url":"https:\/\/www.doulkeridis.be\/blog\/","logo":{"@type":"ImageObject","inLanguage":"fr-FR","@id":"https:\/\/www.doulkeridis.be\/blog\/#\/schema\/logo\/image\/","url":"https:\/\/www.doulkeridis.be\/blog\/wp-content\/uploads\/2026\/04\/2-5.png","contentUrl":"https:\/\/www.doulkeridis.be\/blog\/wp-content\/uploads\/2026\/04\/2-5.png","width":1024,"height":728,"caption":"Ulyse"},"image":{"@id":"https:\/\/www.doulkeridis.be\/blog\/#\/schema\/logo\/image\/"},"sameAs":["https:\/\/www.facebook.com\/doulkeridis","https:\/\/www.facebook.com\/christosdoulkeridis2"]},{"@type":"Person","@id":"https:\/\/www.doulkeridis.be\/blog\/#\/schema\/person\/9f03f3459f0a4ba4db02aabbba098365","name":"Christos Doulkeridis","image":{"@type":"ImageObject","inLanguage":"fr-FR","@id":"https:\/\/secure.gravatar.com\/avatar\/71cb6e4369ca0615d93730ef3bc5f54642df4f6bcc59b92763d2ac434abf103e?s=96&d=mm&r=g","url":"https:\/\/secure.gravatar.com\/avatar\/71cb6e4369ca0615d93730ef3bc5f54642df4f6bcc59b92763d2ac434abf103e?s=96&d=mm&r=g","contentUrl":"https:\/\/secure.gravatar.com\/avatar\/71cb6e4369ca0615d93730ef3bc5f54642df4f6bcc59b92763d2ac434abf103e?s=96&d=mm&r=g","caption":"Christos Doulkeridis"},"url":"https:\/\/www.doulkeridis.be\/blog\/author\/christos\/"}]}},"_links":{"self":[{"href":"https:\/\/www.doulkeridis.be\/blog\/wp-json\/wp\/v2\/posts\/5623","targetHints":{"allow":["GET"]}}],"collection":[{"href":"https:\/\/www.doulkeridis.be\/blog\/wp-json\/wp\/v2\/posts"}],"about":[{"href":"https:\/\/www.doulkeridis.be\/blog\/wp-json\/wp\/v2\/types\/post"}],"author":[{"embeddable":true,"href":"https:\/\/www.doulkeridis.be\/blog\/wp-json\/wp\/v2\/users\/2"}],"replies":[{"embeddable":true,"href":"https:\/\/www.doulkeridis.be\/blog\/wp-json\/wp\/v2\/comments?post=5623"}],"version-history":[{"count":8,"href":"https:\/\/www.doulkeridis.be\/blog\/wp-json\/wp\/v2\/posts\/5623\/revisions"}],"predecessor-version":[{"id":5666,"href":"https:\/\/www.doulkeridis.be\/blog\/wp-json\/wp\/v2\/posts\/5623\/revisions\/5666"}],"wp:featuredmedia":[{"embeddable":true,"href":"https:\/\/www.doulkeridis.be\/blog\/wp-json\/wp\/v2\/media\/5627"}],"wp:attachment":[{"href":"https:\/\/www.doulkeridis.be\/blog\/wp-json\/wp\/v2\/media?parent=5623"}],"wp:term":[{"taxonomy":"category","embeddable":true,"href":"https:\/\/www.doulkeridis.be\/blog\/wp-json\/wp\/v2\/categories?post=5623"},{"taxonomy":"post_tag","embeddable":true,"href":"https:\/\/www.doulkeridis.be\/blog\/wp-json\/wp\/v2\/tags?post=5623"}],"curies":[{"name":"wp","href":"https:\/\/api.w.org\/{rel}","templated":true}]}}