{"id":5632,"date":"2012-01-24T15:12:27","date_gmt":"2012-01-24T14:12:27","guid":{"rendered":"http:\/\/www.doulkeridis.be\/blog\/?p=5632"},"modified":"2012-02-16T10:25:25","modified_gmt":"2012-02-16T09:25:25","slug":"la-maison-biloba-un-premier-partenariat-public-prive-dans-le-cadre-du-plan-regional-du-logement","status":"publish","type":"post","link":"https:\/\/www.doulkeridis.be\/blog\/2012\/01\/24\/la-maison-biloba-un-premier-partenariat-public-prive-dans-le-cadre-du-plan-regional-du-logement\/","title":{"rendered":"La Maison Biloba: un merveilleux projet de 15 logements avec une zone communautaire pour seniors"},"content":{"rendered":"<p><a href=\"https:\/\/www.doulkeridis.be\/blog\/wp-content\/uploads\/2012\/01\/biloba045.jpg\"><img loading=\"lazy\" decoding=\"async\" class=\"alignleft size-medium wp-image-5648\" title=\"biloba045\" src=\"https:\/\/www.doulkeridis.be\/blog\/wp-content\/uploads\/2012\/01\/biloba045-300x200.jpg\" alt=\"\" width=\"300\" height=\"200\" srcset=\"https:\/\/www.doulkeridis.be\/blog\/wp-content\/uploads\/2012\/01\/biloba045-300x200.jpg 300w, https:\/\/www.doulkeridis.be\/blog\/wp-content\/uploads\/2012\/01\/biloba045-1024x685.jpg 1024w\" sizes=\"auto, (max-width: 300px) 100vw, 300px\" \/><\/a>Aux c\u00f4t\u00e9s de ma coll\u00e8gue Brigitte Grouwels, membre du Coll\u00e8ge de la Commission communautaire flamande (VGC) en charge de la Sant\u00e9 et du Bien-Etre, des gestionnaires de la SCRL FS E.MM.A, ainsi que des repr\u00e9sentants du Foyer Schaerbeekois, j&rsquo;ai pr\u00e9sent\u00e9 un projet particuli\u00e8rement innovant dans le cadre du Plan R\u00e9gional du Logement de la R\u00e9gion de Bruxelles-Capitale, la Maison Biloba. Ce projet vise \u00e0 cr\u00e9er 15 logements avec une zone communautaire, ainsi qu&rsquo;un centre de rencontre de jour pour les seniors de toutes origines du quartier Brabant \u00e0 Schaerbeek. Il s&rsquo;agit d&rsquo;un premier partenariat public-priv\u00e9 dans le cadre du Plan R\u00e9gional du Logement.<\/p>\n<p>C\u2019est en janvier 2009 que la soci\u00e9t\u00e9 coop\u00e9rative E.MM.A fait l&rsquo;acquisition d&rsquo;un b\u00e2timent d&rsquo;une superficie de 1.800 m\u00b2, situ\u00e9 \u00e0 Schaerbeek, rue des Plantes, 118-120 au c\u0153ur du quartier Brabant. Le site se compose d\u2019un immeuble de logements \u00e0 r\u00e9nover, de gabarit R+4, \u00e0 front de rue, et, \u00e0 l&rsquo;arri\u00e8re, dans le prolongement de cet immeuble, une cour int\u00e9rieure entour\u00e9e, sur trois c\u00f4t\u00e9s, d&rsquo;anciens logements et ateliers de gabarit bas. Un centre de rencontres de jour existe actuellement dans l\u2019immeuble, dans des conditions non-adapt\u00e9es. L\u2019ensemble n\u00e9cessite une r\u00e9novation en profondeur.<\/p>\n<p>Ces logements individuels et autonomes veulent d\u00e9velopper une alternative entre une prise en charge familiale pas toujours possible et un placement dans une maison de repos, souvent v\u00e9cu avec un sentiment d\u2019\u00e9chec et de d\u00e9shonneur par les familles.<\/p>\n<p>Le 8 septembre 2011, le Gouvernement de la R\u00e9gion de Bruxelles-Capitale marquait son accord pour d\u00e9velopper le premier partenariat public-priv\u00e9 du Plan R\u00e9gional du Logement. Tandis qu\u2019un partenaire priv\u00e9 (SCRL FS E.MM.A) accepte de mettre \u00e0 la disposition de la R\u00e9gion un b\u00e2timent dont il est propri\u00e9taire \u00e0 Schaerbeek, les travaux de r\u00e9novation de ce b\u00e2timent seront pris en charge par les institutions r\u00e9gionales qui, par ailleurs, s&rsquo;occuperont de la mise en location et de la gestion des logements sociaux.<\/p>\n<p>Cette m\u00e9thode innovante avec un partenaire priv\u00e9 permet d\u2019\u00e9largir les possibilit\u00e9s de nouvelles collaborations dans le but d\u2019augmenter le nombre de logements sociaux \u00e0 Bruxelles. Il s\u2019agit par ailleurs pour moi d\u2019une excellente illustration de la mani\u00e8re dont la Conf\u00e9rence interminist\u00e9rielle Social-Sant\u00e9 op\u00e8re dans le Groupe de travail Droit au logement\u00a0: mettre autour de la table les entit\u00e9s bruxelloises et les acteurs priv\u00e9s pour monter des projets de ce type, en une forme de partenariat briques-services. Depuis mon entr\u00e9e en fonction, j&rsquo;ai toujours pr\u00f4n\u00e9 une diversification de l\u2019offre de logement pour les personnes pr\u00e9caris\u00e9es. Ce projet constitue un mod\u00e8le du genre. Les personnes \u00e2g\u00e9es, les personnes handicap\u00e9es, les femmes victimes de violence, les ex-d\u00e9tenus, ont des aspirations variables en mati\u00e8re de logement. Toutes ne souhaitent pas se retrouver en centre d\u2019h\u00e9bergement, maison d\u2019accueil ou maison de repos, car elles sont demandeuses de conserver une r\u00e9elle autonomie. Voil\u00e0 pourquoi nous devons mettre en \u0153uvre les conditions pour qu\u2019elles puissent trouver, \u00e0 la fois les briques \u00e0 un co\u00fbt d\u00e9cent et l\u2019accompagnement n\u00e9cessaire.<\/p>\n<p><iframe loading=\"lazy\" title=\"Inauguration Maison Biloba (T\u00e9l\u00e9 Bruxelles)\" width=\"500\" height=\"281\" src=\"https:\/\/www.youtube.com\/embed\/RzgwBJzVl3w?feature=oembed\" frameborder=\"0\" allow=\"accelerometer; autoplay; clipboard-write; encrypted-media; gyroscope; picture-in-picture; web-share\" referrerpolicy=\"strict-origin-when-cross-origin\" allowfullscreen><\/iframe><\/p>\n","protected":false},"excerpt":{"rendered":"<p>Aux c\u00f4t\u00e9s de ma coll\u00e8gue Brigitte Grouwels, membre du Coll\u00e8ge de la Commission communautaire flamande (VGC) en charge de la Sant\u00e9 et du Bien-Etre, des gestionnaires de la SCRL FS E.MM.A, ainsi que des repr\u00e9sentants du Foyer Schaerbeekois, j&rsquo;ai pr\u00e9sent\u00e9 un projet particuli\u00e8rement innovant dans le cadre du Plan R\u00e9gional du Logement de la R\u00e9gion de Bruxelles-Capitale, la Maison Biloba. Ce projet vise \u00e0 cr\u00e9er 15 logements avec une zone communautaire, ainsi qu&rsquo;un centre de rencontre de jour pour les seniors de toutes origines du quartier Brabant \u00e0 Schaerbeek. Il s&rsquo;agit d&rsquo;un premier partenariat public-priv\u00e9 dans le cadre du Plan R\u00e9gional du Logement. C\u2019est en janvier 2009 que la soci\u00e9t\u00e9 coop\u00e9rative E.MM.A fait l&rsquo;acquisition d&rsquo;un b\u00e2timent d&rsquo;une superficie de 1.800 m\u00b2, situ\u00e9 \u00e0 Schaerbeek, rue des Plantes, 118-120 au c\u0153ur du quartier Brabant. Le site se compose d\u2019un immeuble de logements \u00e0 r\u00e9nover, de gabarit R+4, \u00e0 front de rue, et, \u00e0 l&rsquo;arri\u00e8re, dans le prolongement de cet immeuble, une cour int\u00e9rieure entour\u00e9e, sur trois c\u00f4t\u00e9s, d&rsquo;anciens logements et ateliers de gabarit bas. Un centre de rencontres de jour existe actuellement dans l\u2019immeuble, dans des conditions non-adapt\u00e9es. L\u2019ensemble n\u00e9cessite une r\u00e9novation en profondeur. Ces logements individuels et autonomes veulent d\u00e9velopper [&hellip;]<\/p>\n","protected":false},"author":2,"featured_media":5638,"comment_status":"open","ping_status":"open","sticky":false,"template":"","format":"standard","meta":{"_monsterinsights_skip_tracking":false,"_monsterinsights_sitenote_active":false,"_monsterinsights_sitenote_note":"","_monsterinsights_sitenote_category":0,"ngg_post_thumbnail":0,"footnotes":""},"categories":[3],"tags":[],"class_list":["post-5632","post","type-post","status-publish","format-standard","has-post-thumbnail","hentry","category-logement"],"yoast_head":"<!-- This site is optimized with the Yoast SEO plugin v27.4 - https:\/\/yoast.com\/product\/yoast-seo-wordpress\/ -->\n<title>La Maison Biloba: un merveilleux projet de 15 logements avec une zone communautaire pour seniors - Christos Doulkeridis<\/title>\n<meta name=\"robots\" content=\"index, follow, max-snippet:-1, max-image-preview:large, max-video-preview:-1\" \/>\n<link rel=\"canonical\" href=\"https:\/\/www.doulkeridis.be\/blog\/2012\/01\/24\/la-maison-biloba-un-premier-partenariat-public-prive-dans-le-cadre-du-plan-regional-du-logement\/\" \/>\n<meta property=\"og:locale\" content=\"fr_FR\" \/>\n<meta property=\"og:type\" content=\"article\" \/>\n<meta property=\"og:title\" content=\"La Maison Biloba: un merveilleux projet de 15 logements avec une zone communautaire pour seniors - Christos Doulkeridis\" \/>\n<meta property=\"og:description\" content=\"Aux c\u00f4t\u00e9s de ma coll\u00e8gue Brigitte Grouwels, membre du Coll\u00e8ge de la Commission communautaire flamande (VGC) en charge de la Sant\u00e9 et du Bien-Etre, des gestionnaires de la SCRL FS E.MM.A, ainsi que des repr\u00e9sentants du Foyer Schaerbeekois, j&rsquo;ai pr\u00e9sent\u00e9 un projet particuli\u00e8rement innovant dans le cadre du Plan R\u00e9gional du Logement de la R\u00e9gion de Bruxelles-Capitale, la Maison Biloba. Ce projet vise \u00e0 cr\u00e9er 15 logements avec une zone communautaire, ainsi qu&rsquo;un centre de rencontre de jour pour les seniors de toutes origines du quartier Brabant \u00e0 Schaerbeek. Il s&rsquo;agit d&rsquo;un premier partenariat public-priv\u00e9 dans le cadre du Plan R\u00e9gional du Logement. C\u2019est en janvier 2009 que la soci\u00e9t\u00e9 coop\u00e9rative E.MM.A fait l&rsquo;acquisition d&rsquo;un b\u00e2timent d&rsquo;une superficie de 1.800 m\u00b2, situ\u00e9 \u00e0 Schaerbeek, rue des Plantes, 118-120 au c\u0153ur du quartier Brabant. Le site se compose d\u2019un immeuble de logements \u00e0 r\u00e9nover, de gabarit R+4, \u00e0 front de rue, et, \u00e0 l&rsquo;arri\u00e8re, dans le prolongement de cet immeuble, une cour int\u00e9rieure entour\u00e9e, sur trois c\u00f4t\u00e9s, d&rsquo;anciens logements et ateliers de gabarit bas. Un centre de rencontres de jour existe actuellement dans l\u2019immeuble, dans des conditions non-adapt\u00e9es. L\u2019ensemble n\u00e9cessite une r\u00e9novation en profondeur. Ces logements individuels et autonomes veulent d\u00e9velopper [&hellip;]\" \/>\n<meta property=\"og:url\" content=\"https:\/\/www.doulkeridis.be\/blog\/2012\/01\/24\/la-maison-biloba-un-premier-partenariat-public-prive-dans-le-cadre-du-plan-regional-du-logement\/\" \/>\n<meta property=\"og:site_name\" content=\"Christos Doulkeridis\" \/>\n<meta property=\"article:publisher\" content=\"https:\/\/www.facebook.com\/doulkeridis\" \/>\n<meta property=\"article:published_time\" content=\"2012-01-24T14:12:27+00:00\" \/>\n<meta property=\"article:modified_time\" content=\"2012-02-16T09:25:25+00:00\" \/>\n<meta property=\"og:image\" content=\"https:\/\/www.doulkeridis.be\/blog\/wp-content\/uploads\/2012\/01\/069-1024x685.jpg\" \/>\n\t<meta property=\"og:image:width\" content=\"1024\" \/>\n\t<meta property=\"og:image:height\" content=\"685\" \/>\n\t<meta property=\"og:image:type\" content=\"image\/jpeg\" \/>\n<meta name=\"author\" content=\"Christos Doulkeridis\" \/>\n<meta name=\"twitter:card\" content=\"summary_large_image\" \/>\n<meta name=\"twitter:label1\" content=\"\u00c9crit par\" \/>\n\t<meta name=\"twitter:data1\" content=\"Christos Doulkeridis\" \/>\n\t<meta name=\"twitter:label2\" content=\"Dur\u00e9e de lecture estim\u00e9e\" \/>\n\t<meta name=\"twitter:data2\" content=\"3 minutes\" \/>\n<script type=\"application\/ld+json\" class=\"yoast-schema-graph\">{\"@context\":\"https:\\\/\\\/schema.org\",\"@graph\":[{\"@type\":\"Article\",\"@id\":\"https:\\\/\\\/www.doulkeridis.be\\\/blog\\\/2012\\\/01\\\/24\\\/la-maison-biloba-un-premier-partenariat-public-prive-dans-le-cadre-du-plan-regional-du-logement\\\/#article\",\"isPartOf\":{\"@id\":\"https:\\\/\\\/www.doulkeridis.be\\\/blog\\\/2012\\\/01\\\/24\\\/la-maison-biloba-un-premier-partenariat-public-prive-dans-le-cadre-du-plan-regional-du-logement\\\/\"},\"author\":{\"name\":\"Christos Doulkeridis\",\"@id\":\"https:\\\/\\\/www.doulkeridis.be\\\/blog\\\/#\\\/schema\\\/person\\\/9f03f3459f0a4ba4db02aabbba098365\"},\"headline\":\"La Maison Biloba: un merveilleux projet de 15 logements avec une zone communautaire pour seniors\",\"datePublished\":\"2012-01-24T14:12:27+00:00\",\"dateModified\":\"2012-02-16T09:25:25+00:00\",\"mainEntityOfPage\":{\"@id\":\"https:\\\/\\\/www.doulkeridis.be\\\/blog\\\/2012\\\/01\\\/24\\\/la-maison-biloba-un-premier-partenariat-public-prive-dans-le-cadre-du-plan-regional-du-logement\\\/\"},\"wordCount\":575,\"commentCount\":0,\"publisher\":{\"@id\":\"https:\\\/\\\/www.doulkeridis.be\\\/blog\\\/#organization\"},\"image\":{\"@id\":\"https:\\\/\\\/www.doulkeridis.be\\\/blog\\\/2012\\\/01\\\/24\\\/la-maison-biloba-un-premier-partenariat-public-prive-dans-le-cadre-du-plan-regional-du-logement\\\/#primaryimage\"},\"thumbnailUrl\":\"https:\\\/\\\/www.doulkeridis.be\\\/blog\\\/wp-content\\\/uploads\\\/2012\\\/01\\\/069.jpg\",\"articleSection\":[\"Logement\"],\"inLanguage\":\"fr-FR\",\"potentialAction\":[{\"@type\":\"CommentAction\",\"name\":\"Comment\",\"target\":[\"https:\\\/\\\/www.doulkeridis.be\\\/blog\\\/2012\\\/01\\\/24\\\/la-maison-biloba-un-premier-partenariat-public-prive-dans-le-cadre-du-plan-regional-du-logement\\\/#respond\"]}]},{\"@type\":\"WebPage\",\"@id\":\"https:\\\/\\\/www.doulkeridis.be\\\/blog\\\/2012\\\/01\\\/24\\\/la-maison-biloba-un-premier-partenariat-public-prive-dans-le-cadre-du-plan-regional-du-logement\\\/\",\"url\":\"https:\\\/\\\/www.doulkeridis.be\\\/blog\\\/2012\\\/01\\\/24\\\/la-maison-biloba-un-premier-partenariat-public-prive-dans-le-cadre-du-plan-regional-du-logement\\\/\",\"name\":\"La Maison Biloba: un merveilleux projet de 15 logements avec une zone communautaire pour seniors - Christos Doulkeridis\",\"isPartOf\":{\"@id\":\"https:\\\/\\\/www.doulkeridis.be\\\/blog\\\/#website\"},\"primaryImageOfPage\":{\"@id\":\"https:\\\/\\\/www.doulkeridis.be\\\/blog\\\/2012\\\/01\\\/24\\\/la-maison-biloba-un-premier-partenariat-public-prive-dans-le-cadre-du-plan-regional-du-logement\\\/#primaryimage\"},\"image\":{\"@id\":\"https:\\\/\\\/www.doulkeridis.be\\\/blog\\\/2012\\\/01\\\/24\\\/la-maison-biloba-un-premier-partenariat-public-prive-dans-le-cadre-du-plan-regional-du-logement\\\/#primaryimage\"},\"thumbnailUrl\":\"https:\\\/\\\/www.doulkeridis.be\\\/blog\\\/wp-content\\\/uploads\\\/2012\\\/01\\\/069.jpg\",\"datePublished\":\"2012-01-24T14:12:27+00:00\",\"dateModified\":\"2012-02-16T09:25:25+00:00\",\"breadcrumb\":{\"@id\":\"https:\\\/\\\/www.doulkeridis.be\\\/blog\\\/2012\\\/01\\\/24\\\/la-maison-biloba-un-premier-partenariat-public-prive-dans-le-cadre-du-plan-regional-du-logement\\\/#breadcrumb\"},\"inLanguage\":\"fr-FR\",\"potentialAction\":[{\"@type\":\"ReadAction\",\"target\":[\"https:\\\/\\\/www.doulkeridis.be\\\/blog\\\/2012\\\/01\\\/24\\\/la-maison-biloba-un-premier-partenariat-public-prive-dans-le-cadre-du-plan-regional-du-logement\\\/\"]}]},{\"@type\":\"ImageObject\",\"inLanguage\":\"fr-FR\",\"@id\":\"https:\\\/\\\/www.doulkeridis.be\\\/blog\\\/2012\\\/01\\\/24\\\/la-maison-biloba-un-premier-partenariat-public-prive-dans-le-cadre-du-plan-regional-du-logement\\\/#primaryimage\",\"url\":\"https:\\\/\\\/www.doulkeridis.be\\\/blog\\\/wp-content\\\/uploads\\\/2012\\\/01\\\/069.jpg\",\"contentUrl\":\"https:\\\/\\\/www.doulkeridis.be\\\/blog\\\/wp-content\\\/uploads\\\/2012\\\/01\\\/069.jpg\",\"width\":\"3872\",\"height\":\"2592\"},{\"@type\":\"BreadcrumbList\",\"@id\":\"https:\\\/\\\/www.doulkeridis.be\\\/blog\\\/2012\\\/01\\\/24\\\/la-maison-biloba-un-premier-partenariat-public-prive-dans-le-cadre-du-plan-regional-du-logement\\\/#breadcrumb\",\"itemListElement\":[{\"@type\":\"ListItem\",\"position\":1,\"name\":\"Accueil\",\"item\":\"https:\\\/\\\/www.doulkeridis.be\\\/blog\\\/\"},{\"@type\":\"ListItem\",\"position\":2,\"name\":\"La Maison Biloba: un merveilleux projet de 15 logements avec une zone communautaire pour seniors\"}]},{\"@type\":\"WebSite\",\"@id\":\"https:\\\/\\\/www.doulkeridis.be\\\/blog\\\/#website\",\"url\":\"https:\\\/\\\/www.doulkeridis.be\\\/blog\\\/\",\"name\":\"Christos Doulkeridis\",\"description\":\"Coach | Consultant en solutions, gestion de crise, n\u00e9gociations\",\"publisher\":{\"@id\":\"https:\\\/\\\/www.doulkeridis.be\\\/blog\\\/#organization\"},\"potentialAction\":[{\"@type\":\"SearchAction\",\"target\":{\"@type\":\"EntryPoint\",\"urlTemplate\":\"https:\\\/\\\/www.doulkeridis.be\\\/blog\\\/?s={search_term_string}\"},\"query-input\":{\"@type\":\"PropertyValueSpecification\",\"valueRequired\":true,\"valueName\":\"search_term_string\"}}],\"inLanguage\":\"fr-FR\"},{\"@type\":\"Organization\",\"@id\":\"https:\\\/\\\/www.doulkeridis.be\\\/blog\\\/#organization\",\"name\":\"Ulyse\",\"url\":\"https:\\\/\\\/www.doulkeridis.be\\\/blog\\\/\",\"logo\":{\"@type\":\"ImageObject\",\"inLanguage\":\"fr-FR\",\"@id\":\"https:\\\/\\\/www.doulkeridis.be\\\/blog\\\/#\\\/schema\\\/logo\\\/image\\\/\",\"url\":\"https:\\\/\\\/www.doulkeridis.be\\\/blog\\\/wp-content\\\/uploads\\\/2026\\\/04\\\/2-5.png\",\"contentUrl\":\"https:\\\/\\\/www.doulkeridis.be\\\/blog\\\/wp-content\\\/uploads\\\/2026\\\/04\\\/2-5.png\",\"width\":1024,\"height\":728,\"caption\":\"Ulyse\"},\"image\":{\"@id\":\"https:\\\/\\\/www.doulkeridis.be\\\/blog\\\/#\\\/schema\\\/logo\\\/image\\\/\"},\"sameAs\":[\"https:\\\/\\\/www.facebook.com\\\/doulkeridis\",\"https:\\\/\\\/www.facebook.com\\\/christosdoulkeridis2\"]},{\"@type\":\"Person\",\"@id\":\"https:\\\/\\\/www.doulkeridis.be\\\/blog\\\/#\\\/schema\\\/person\\\/9f03f3459f0a4ba4db02aabbba098365\",\"name\":\"Christos Doulkeridis\",\"image\":{\"@type\":\"ImageObject\",\"inLanguage\":\"fr-FR\",\"@id\":\"https:\\\/\\\/secure.gravatar.com\\\/avatar\\\/71cb6e4369ca0615d93730ef3bc5f54642df4f6bcc59b92763d2ac434abf103e?s=96&d=mm&r=g\",\"url\":\"https:\\\/\\\/secure.gravatar.com\\\/avatar\\\/71cb6e4369ca0615d93730ef3bc5f54642df4f6bcc59b92763d2ac434abf103e?s=96&d=mm&r=g\",\"contentUrl\":\"https:\\\/\\\/secure.gravatar.com\\\/avatar\\\/71cb6e4369ca0615d93730ef3bc5f54642df4f6bcc59b92763d2ac434abf103e?s=96&d=mm&r=g\",\"caption\":\"Christos Doulkeridis\"},\"url\":\"https:\\\/\\\/www.doulkeridis.be\\\/blog\\\/author\\\/christos\\\/\"}]}<\/script>\n<!-- \/ Yoast SEO plugin. -->","yoast_head_json":{"title":"La Maison Biloba: un merveilleux projet de 15 logements avec une zone communautaire pour seniors - Christos Doulkeridis","robots":{"index":"index","follow":"follow","max-snippet":"max-snippet:-1","max-image-preview":"max-image-preview:large","max-video-preview":"max-video-preview:-1"},"canonical":"https:\/\/www.doulkeridis.be\/blog\/2012\/01\/24\/la-maison-biloba-un-premier-partenariat-public-prive-dans-le-cadre-du-plan-regional-du-logement\/","og_locale":"fr_FR","og_type":"article","og_title":"La Maison Biloba: un merveilleux projet de 15 logements avec une zone communautaire pour seniors - Christos Doulkeridis","og_description":"Aux c\u00f4t\u00e9s de ma coll\u00e8gue Brigitte Grouwels, membre du Coll\u00e8ge de la Commission communautaire flamande (VGC) en charge de la Sant\u00e9 et du Bien-Etre, des gestionnaires de la SCRL FS E.MM.A, ainsi que des repr\u00e9sentants du Foyer Schaerbeekois, j&rsquo;ai pr\u00e9sent\u00e9 un projet particuli\u00e8rement innovant dans le cadre du Plan R\u00e9gional du Logement de la R\u00e9gion de Bruxelles-Capitale, la Maison Biloba. Ce projet vise \u00e0 cr\u00e9er 15 logements avec une zone communautaire, ainsi qu&rsquo;un centre de rencontre de jour pour les seniors de toutes origines du quartier Brabant \u00e0 Schaerbeek. Il s&rsquo;agit d&rsquo;un premier partenariat public-priv\u00e9 dans le cadre du Plan R\u00e9gional du Logement. C\u2019est en janvier 2009 que la soci\u00e9t\u00e9 coop\u00e9rative E.MM.A fait l&rsquo;acquisition d&rsquo;un b\u00e2timent d&rsquo;une superficie de 1.800 m\u00b2, situ\u00e9 \u00e0 Schaerbeek, rue des Plantes, 118-120 au c\u0153ur du quartier Brabant. Le site se compose d\u2019un immeuble de logements \u00e0 r\u00e9nover, de gabarit R+4, \u00e0 front de rue, et, \u00e0 l&rsquo;arri\u00e8re, dans le prolongement de cet immeuble, une cour int\u00e9rieure entour\u00e9e, sur trois c\u00f4t\u00e9s, d&rsquo;anciens logements et ateliers de gabarit bas. Un centre de rencontres de jour existe actuellement dans l\u2019immeuble, dans des conditions non-adapt\u00e9es. L\u2019ensemble n\u00e9cessite une r\u00e9novation en profondeur. Ces logements individuels et autonomes veulent d\u00e9velopper [&hellip;]","og_url":"https:\/\/www.doulkeridis.be\/blog\/2012\/01\/24\/la-maison-biloba-un-premier-partenariat-public-prive-dans-le-cadre-du-plan-regional-du-logement\/","og_site_name":"Christos Doulkeridis","article_publisher":"https:\/\/www.facebook.com\/doulkeridis","article_published_time":"2012-01-24T14:12:27+00:00","article_modified_time":"2012-02-16T09:25:25+00:00","og_image":[{"width":1024,"height":685,"url":"https:\/\/www.doulkeridis.be\/blog\/wp-content\/uploads\/2012\/01\/069-1024x685.jpg","type":"image\/jpeg"}],"author":"Christos Doulkeridis","twitter_card":"summary_large_image","twitter_misc":{"\u00c9crit par":"Christos Doulkeridis","Dur\u00e9e de lecture estim\u00e9e":"3 minutes"},"schema":{"@context":"https:\/\/schema.org","@graph":[{"@type":"Article","@id":"https:\/\/www.doulkeridis.be\/blog\/2012\/01\/24\/la-maison-biloba-un-premier-partenariat-public-prive-dans-le-cadre-du-plan-regional-du-logement\/#article","isPartOf":{"@id":"https:\/\/www.doulkeridis.be\/blog\/2012\/01\/24\/la-maison-biloba-un-premier-partenariat-public-prive-dans-le-cadre-du-plan-regional-du-logement\/"},"author":{"name":"Christos Doulkeridis","@id":"https:\/\/www.doulkeridis.be\/blog\/#\/schema\/person\/9f03f3459f0a4ba4db02aabbba098365"},"headline":"La Maison Biloba: un merveilleux projet de 15 logements avec une zone communautaire pour seniors","datePublished":"2012-01-24T14:12:27+00:00","dateModified":"2012-02-16T09:25:25+00:00","mainEntityOfPage":{"@id":"https:\/\/www.doulkeridis.be\/blog\/2012\/01\/24\/la-maison-biloba-un-premier-partenariat-public-prive-dans-le-cadre-du-plan-regional-du-logement\/"},"wordCount":575,"commentCount":0,"publisher":{"@id":"https:\/\/www.doulkeridis.be\/blog\/#organization"},"image":{"@id":"https:\/\/www.doulkeridis.be\/blog\/2012\/01\/24\/la-maison-biloba-un-premier-partenariat-public-prive-dans-le-cadre-du-plan-regional-du-logement\/#primaryimage"},"thumbnailUrl":"https:\/\/www.doulkeridis.be\/blog\/wp-content\/uploads\/2012\/01\/069.jpg","articleSection":["Logement"],"inLanguage":"fr-FR","potentialAction":[{"@type":"CommentAction","name":"Comment","target":["https:\/\/www.doulkeridis.be\/blog\/2012\/01\/24\/la-maison-biloba-un-premier-partenariat-public-prive-dans-le-cadre-du-plan-regional-du-logement\/#respond"]}]},{"@type":"WebPage","@id":"https:\/\/www.doulkeridis.be\/blog\/2012\/01\/24\/la-maison-biloba-un-premier-partenariat-public-prive-dans-le-cadre-du-plan-regional-du-logement\/","url":"https:\/\/www.doulkeridis.be\/blog\/2012\/01\/24\/la-maison-biloba-un-premier-partenariat-public-prive-dans-le-cadre-du-plan-regional-du-logement\/","name":"La Maison Biloba: un merveilleux projet de 15 logements avec une zone communautaire pour seniors - Christos Doulkeridis","isPartOf":{"@id":"https:\/\/www.doulkeridis.be\/blog\/#website"},"primaryImageOfPage":{"@id":"https:\/\/www.doulkeridis.be\/blog\/2012\/01\/24\/la-maison-biloba-un-premier-partenariat-public-prive-dans-le-cadre-du-plan-regional-du-logement\/#primaryimage"},"image":{"@id":"https:\/\/www.doulkeridis.be\/blog\/2012\/01\/24\/la-maison-biloba-un-premier-partenariat-public-prive-dans-le-cadre-du-plan-regional-du-logement\/#primaryimage"},"thumbnailUrl":"https:\/\/www.doulkeridis.be\/blog\/wp-content\/uploads\/2012\/01\/069.jpg","datePublished":"2012-01-24T14:12:27+00:00","dateModified":"2012-02-16T09:25:25+00:00","breadcrumb":{"@id":"https:\/\/www.doulkeridis.be\/blog\/2012\/01\/24\/la-maison-biloba-un-premier-partenariat-public-prive-dans-le-cadre-du-plan-regional-du-logement\/#breadcrumb"},"inLanguage":"fr-FR","potentialAction":[{"@type":"ReadAction","target":["https:\/\/www.doulkeridis.be\/blog\/2012\/01\/24\/la-maison-biloba-un-premier-partenariat-public-prive-dans-le-cadre-du-plan-regional-du-logement\/"]}]},{"@type":"ImageObject","inLanguage":"fr-FR","@id":"https:\/\/www.doulkeridis.be\/blog\/2012\/01\/24\/la-maison-biloba-un-premier-partenariat-public-prive-dans-le-cadre-du-plan-regional-du-logement\/#primaryimage","url":"https:\/\/www.doulkeridis.be\/blog\/wp-content\/uploads\/2012\/01\/069.jpg","contentUrl":"https:\/\/www.doulkeridis.be\/blog\/wp-content\/uploads\/2012\/01\/069.jpg","width":"3872","height":"2592"},{"@type":"BreadcrumbList","@id":"https:\/\/www.doulkeridis.be\/blog\/2012\/01\/24\/la-maison-biloba-un-premier-partenariat-public-prive-dans-le-cadre-du-plan-regional-du-logement\/#breadcrumb","itemListElement":[{"@type":"ListItem","position":1,"name":"Accueil","item":"https:\/\/www.doulkeridis.be\/blog\/"},{"@type":"ListItem","position":2,"name":"La Maison Biloba: un merveilleux projet de 15 logements avec une zone communautaire pour seniors"}]},{"@type":"WebSite","@id":"https:\/\/www.doulkeridis.be\/blog\/#website","url":"https:\/\/www.doulkeridis.be\/blog\/","name":"Christos Doulkeridis","description":"Coach | Consultant en solutions, gestion de crise, n\u00e9gociations","publisher":{"@id":"https:\/\/www.doulkeridis.be\/blog\/#organization"},"potentialAction":[{"@type":"SearchAction","target":{"@type":"EntryPoint","urlTemplate":"https:\/\/www.doulkeridis.be\/blog\/?s={search_term_string}"},"query-input":{"@type":"PropertyValueSpecification","valueRequired":true,"valueName":"search_term_string"}}],"inLanguage":"fr-FR"},{"@type":"Organization","@id":"https:\/\/www.doulkeridis.be\/blog\/#organization","name":"Ulyse","url":"https:\/\/www.doulkeridis.be\/blog\/","logo":{"@type":"ImageObject","inLanguage":"fr-FR","@id":"https:\/\/www.doulkeridis.be\/blog\/#\/schema\/logo\/image\/","url":"https:\/\/www.doulkeridis.be\/blog\/wp-content\/uploads\/2026\/04\/2-5.png","contentUrl":"https:\/\/www.doulkeridis.be\/blog\/wp-content\/uploads\/2026\/04\/2-5.png","width":1024,"height":728,"caption":"Ulyse"},"image":{"@id":"https:\/\/www.doulkeridis.be\/blog\/#\/schema\/logo\/image\/"},"sameAs":["https:\/\/www.facebook.com\/doulkeridis","https:\/\/www.facebook.com\/christosdoulkeridis2"]},{"@type":"Person","@id":"https:\/\/www.doulkeridis.be\/blog\/#\/schema\/person\/9f03f3459f0a4ba4db02aabbba098365","name":"Christos Doulkeridis","image":{"@type":"ImageObject","inLanguage":"fr-FR","@id":"https:\/\/secure.gravatar.com\/avatar\/71cb6e4369ca0615d93730ef3bc5f54642df4f6bcc59b92763d2ac434abf103e?s=96&d=mm&r=g","url":"https:\/\/secure.gravatar.com\/avatar\/71cb6e4369ca0615d93730ef3bc5f54642df4f6bcc59b92763d2ac434abf103e?s=96&d=mm&r=g","contentUrl":"https:\/\/secure.gravatar.com\/avatar\/71cb6e4369ca0615d93730ef3bc5f54642df4f6bcc59b92763d2ac434abf103e?s=96&d=mm&r=g","caption":"Christos Doulkeridis"},"url":"https:\/\/www.doulkeridis.be\/blog\/author\/christos\/"}]}},"_links":{"self":[{"href":"https:\/\/www.doulkeridis.be\/blog\/wp-json\/wp\/v2\/posts\/5632","targetHints":{"allow":["GET"]}}],"collection":[{"href":"https:\/\/www.doulkeridis.be\/blog\/wp-json\/wp\/v2\/posts"}],"about":[{"href":"https:\/\/www.doulkeridis.be\/blog\/wp-json\/wp\/v2\/types\/post"}],"author":[{"embeddable":true,"href":"https:\/\/www.doulkeridis.be\/blog\/wp-json\/wp\/v2\/users\/2"}],"replies":[{"embeddable":true,"href":"https:\/\/www.doulkeridis.be\/blog\/wp-json\/wp\/v2\/comments?post=5632"}],"version-history":[{"count":12,"href":"https:\/\/www.doulkeridis.be\/blog\/wp-json\/wp\/v2\/posts\/5632\/revisions"}],"predecessor-version":[{"id":5805,"href":"https:\/\/www.doulkeridis.be\/blog\/wp-json\/wp\/v2\/posts\/5632\/revisions\/5805"}],"wp:featuredmedia":[{"embeddable":true,"href":"https:\/\/www.doulkeridis.be\/blog\/wp-json\/wp\/v2\/media\/5638"}],"wp:attachment":[{"href":"https:\/\/www.doulkeridis.be\/blog\/wp-json\/wp\/v2\/media?parent=5632"}],"wp:term":[{"taxonomy":"category","embeddable":true,"href":"https:\/\/www.doulkeridis.be\/blog\/wp-json\/wp\/v2\/categories?post=5632"},{"taxonomy":"post_tag","embeddable":true,"href":"https:\/\/www.doulkeridis.be\/blog\/wp-json\/wp\/v2\/tags?post=5632"}],"curies":[{"name":"wp","href":"https:\/\/api.w.org\/{rel}","templated":true}]}}