{"id":5645,"date":"2012-01-25T13:46:32","date_gmt":"2012-01-25T12:46:32","guid":{"rendered":"http:\/\/www.doulkeridis.be\/blog\/?p=5645"},"modified":"2012-03-01T11:17:30","modified_gmt":"2012-03-01T10:17:30","slug":"le-cap-des-1000-logements-du-plan-regional-du-logement-depasse-a-haren","status":"publish","type":"post","link":"https:\/\/www.doulkeridis.be\/blog\/2012\/01\/25\/le-cap-des-1000-logements-du-plan-regional-du-logement-depasse-a-haren\/","title":{"rendered":"Le cap des 1000 logements du Plan R\u00e9gional du Logement d\u00e9pass\u00e9 \u00e0 Haren!"},"content":{"rendered":"<p><a href=\"https:\/\/www.doulkeridis.be\/blog\/wp-content\/uploads\/2012\/01\/seigneurie-024.jpg\"><img loading=\"lazy\" decoding=\"async\" class=\"alignleft size-large wp-image-5662\" title=\"seigneurie 024\" src=\"https:\/\/www.doulkeridis.be\/blog\/wp-content\/uploads\/2012\/01\/seigneurie-024-1024x629.jpg\" alt=\"\" width=\"1024\" height=\"629\" srcset=\"https:\/\/www.doulkeridis.be\/blog\/wp-content\/uploads\/2012\/01\/seigneurie-024-1024x629.jpg 1024w, https:\/\/www.doulkeridis.be\/blog\/wp-content\/uploads\/2012\/01\/seigneurie-024-300x184.jpg 300w\" sizes=\"auto, (max-width: 1024px) 100vw, 1024px\" \/><\/a>Ce mercredi 25 janvier 2012, \u00e0 peine plus d&rsquo;un mois apr\u00e8s l\u2019inauguration de 200 logements \u00e0 Anderlecht et de 316 autres \u00e0 Ixelles,\u00a0 j&rsquo;ai proc\u00e9d\u00e9 \u00e0 l\u2019inauguration de 25 nouveaux logements sociaux destin\u00e9s \u00e0 la location \u00e0 Haren. Une nouvelle r\u00e9alisation du Plan R\u00e9gional du Logement. L&rsquo;\u00e9v\u00e9nement s&rsquo;est d\u00e9roul\u00e9 en pr\u00e9sence de Freddy Thielemans, Bourgmestre de la Ville de Bruxelles, de Thomas Ryckalts et Fabrice Cumps, Pr\u00e9sident et Vice-Pr\u00e9sident de la Soci\u00e9t\u00e9 du Logement de la R\u00e9gion de Bruxelles-Capitale (SLRB) et de Sevket Temiz, Pr\u00e9sident du Foyer Bruxellois.<br \/>\nGr\u00e2ce \u00e0 ces 25 logements ,\u00a0le bilan du Plan R\u00e9gional du Logement, un des outils mis en place pour atteindre l&rsquo;objectif r\u00e9gional de 15% de logements publics \u00e0 finalit\u00e9 sociale, atteint d\u00e9sormais 1.023 logements termin\u00e9s. Une belle avanc\u00e9e.\u00a0 Le projet \u00ab\u00a0Seigneurie\u00a0\u00bb me tient tout particuli\u00e8rement \u00e0 c\u0153ur car c\u2019est celui pour lequel j\u2019ai organis\u00e9 tout au d\u00e9but de la l\u00e9gislature le premier processus participatif. La d\u00e9marche participative a entre-temps \u00e9t\u00e9 g\u00e9n\u00e9ralis\u00e9e par la Soci\u00e9t\u00e9 du Logement de la R\u00e9gion de Bruxelles-Capitale (SLRB). Ce dispositif particuli\u00e8rement volontariste et innovant donne \u00e9galement d\u2019excellents r\u00e9sultats \u00e0 Forest, Evere, Anderlecht, Uccle, entre autres, o\u00f9 de nouveaux projets sont en cours de r\u00e9alisation.<\/p>\n<p>La gestion des logements sera confi\u00e9e au propri\u00e9taire du terrain, le Foyer Bruxellois. Le Foyer s\u2019est positionn\u00e9 comme un partenaire particuli\u00e8rement pro-actif dont je souligne la collaboration efficace.<br \/>\nLa conception du b\u00e2timent vise \u00e0 l\u2019int\u00e9grer dans le quartier pour \u00e9viter des ruptures avec son environnement.\u00a0 De m\u00eame, diff\u00e9rentes techniques dans le domaine de l&rsquo;\u00e9co-construction ont \u00e9t\u00e9 mises en \u0153uvre : haute isolation, basse \u00e9nergie, chaudi\u00e8res \u00e0 condensation au gaz, syst\u00e8mes de r\u00e9cup\u00e9ration d&rsquo;\u00e9nergie et dispositifs \u00e9conomiseurs d&rsquo;eau.<\/p>\n<p>Force est de constater qu&rsquo;il importe de poursuivre la mont\u00e9e en r\u00e9gime du Plan R\u00e9gional du Logement. Le prochain objectif est de d\u00e9passer le seuil des 2000 logements. On s&rsquo;attend \u00e0 ce qu&rsquo;il soit atteint dans le courant de l&rsquo;ann\u00e9e prochaine.<\/p>\n<p>A l&rsquo;heure actuelle, tenant compte des programmes r\u00e9alis\u00e9s, ce sont des logements pour 3 200 personnes. Sept autres chantiers sont en cours de r\u00e9alisation (soit 389 logements). Ils seront termin\u00e9s dans le courant de 2012 et 2013. Douze autres projets (485 logements) disposent d\u2019un permis d\u2019urbanisme et les travaux doivent \u00eatre attribu\u00e9s \u00e0 un entrepreneur.<\/p>\n","protected":false},"excerpt":{"rendered":"<p>Ce mercredi 25 janvier 2012, \u00e0 peine plus d&rsquo;un mois apr\u00e8s l\u2019inauguration de 200 logements \u00e0 Anderlecht et de 316 autres \u00e0 Ixelles,\u00a0 j&rsquo;ai proc\u00e9d\u00e9 \u00e0 l\u2019inauguration de 25 nouveaux logements sociaux destin\u00e9s \u00e0 la location \u00e0 Haren. Une nouvelle r\u00e9alisation du Plan R\u00e9gional du Logement. L&rsquo;\u00e9v\u00e9nement s&rsquo;est d\u00e9roul\u00e9 en pr\u00e9sence de Freddy Thielemans, Bourgmestre de la Ville de Bruxelles, de Thomas Ryckalts et Fabrice Cumps, Pr\u00e9sident et Vice-Pr\u00e9sident de la Soci\u00e9t\u00e9 du Logement de la R\u00e9gion de Bruxelles-Capitale (SLRB) et de Sevket Temiz, Pr\u00e9sident du Foyer Bruxellois. Gr\u00e2ce \u00e0 ces 25 logements ,\u00a0le bilan du Plan R\u00e9gional du Logement, un des outils mis en place pour atteindre l&rsquo;objectif r\u00e9gional de 15% de logements publics \u00e0 finalit\u00e9 sociale, atteint d\u00e9sormais 1.023 logements termin\u00e9s. Une belle avanc\u00e9e.\u00a0 Le projet \u00ab\u00a0Seigneurie\u00a0\u00bb me tient tout particuli\u00e8rement \u00e0 c\u0153ur car c\u2019est celui pour lequel j\u2019ai organis\u00e9 tout au d\u00e9but de la l\u00e9gislature le premier processus participatif. La d\u00e9marche participative a entre-temps \u00e9t\u00e9 g\u00e9n\u00e9ralis\u00e9e par la Soci\u00e9t\u00e9 du Logement de la R\u00e9gion de Bruxelles-Capitale (SLRB). Ce dispositif particuli\u00e8rement volontariste et innovant donne \u00e9galement d\u2019excellents r\u00e9sultats \u00e0 Forest, Evere, Anderlecht, Uccle, entre autres, o\u00f9 de nouveaux projets sont en cours de r\u00e9alisation. La gestion des logements [&hellip;]<\/p>\n","protected":false},"author":2,"featured_media":5662,"comment_status":"open","ping_status":"open","sticky":false,"template":"","format":"standard","meta":{"_monsterinsights_skip_tracking":false,"_monsterinsights_sitenote_active":false,"_monsterinsights_sitenote_note":"","_monsterinsights_sitenote_category":0,"ngg_post_thumbnail":0,"footnotes":""},"categories":[3],"tags":[],"class_list":["post-5645","post","type-post","status-publish","format-standard","has-post-thumbnail","hentry","category-logement"],"yoast_head":"<!-- This site is optimized with the Yoast SEO plugin v27.4 - https:\/\/yoast.com\/product\/yoast-seo-wordpress\/ -->\n<title>Le cap des 1000 logements du Plan R\u00e9gional du Logement d\u00e9pass\u00e9 \u00e0 Haren! - Christos Doulkeridis<\/title>\n<meta name=\"robots\" content=\"index, follow, max-snippet:-1, max-image-preview:large, max-video-preview:-1\" \/>\n<link rel=\"canonical\" href=\"https:\/\/www.doulkeridis.be\/blog\/2012\/01\/25\/le-cap-des-1000-logements-du-plan-regional-du-logement-depasse-a-haren\/\" \/>\n<meta property=\"og:locale\" content=\"fr_FR\" \/>\n<meta property=\"og:type\" content=\"article\" \/>\n<meta property=\"og:title\" content=\"Le cap des 1000 logements du Plan R\u00e9gional du Logement d\u00e9pass\u00e9 \u00e0 Haren! - Christos Doulkeridis\" \/>\n<meta property=\"og:description\" content=\"Ce mercredi 25 janvier 2012, \u00e0 peine plus d&rsquo;un mois apr\u00e8s l\u2019inauguration de 200 logements \u00e0 Anderlecht et de 316 autres \u00e0 Ixelles,\u00a0 j&rsquo;ai proc\u00e9d\u00e9 \u00e0 l\u2019inauguration de 25 nouveaux logements sociaux destin\u00e9s \u00e0 la location \u00e0 Haren. Une nouvelle r\u00e9alisation du Plan R\u00e9gional du Logement. L&rsquo;\u00e9v\u00e9nement s&rsquo;est d\u00e9roul\u00e9 en pr\u00e9sence de Freddy Thielemans, Bourgmestre de la Ville de Bruxelles, de Thomas Ryckalts et Fabrice Cumps, Pr\u00e9sident et Vice-Pr\u00e9sident de la Soci\u00e9t\u00e9 du Logement de la R\u00e9gion de Bruxelles-Capitale (SLRB) et de Sevket Temiz, Pr\u00e9sident du Foyer Bruxellois. Gr\u00e2ce \u00e0 ces 25 logements ,\u00a0le bilan du Plan R\u00e9gional du Logement, un des outils mis en place pour atteindre l&rsquo;objectif r\u00e9gional de 15% de logements publics \u00e0 finalit\u00e9 sociale, atteint d\u00e9sormais 1.023 logements termin\u00e9s. Une belle avanc\u00e9e.\u00a0 Le projet \u00ab\u00a0Seigneurie\u00a0\u00bb me tient tout particuli\u00e8rement \u00e0 c\u0153ur car c\u2019est celui pour lequel j\u2019ai organis\u00e9 tout au d\u00e9but de la l\u00e9gislature le premier processus participatif. La d\u00e9marche participative a entre-temps \u00e9t\u00e9 g\u00e9n\u00e9ralis\u00e9e par la Soci\u00e9t\u00e9 du Logement de la R\u00e9gion de Bruxelles-Capitale (SLRB). Ce dispositif particuli\u00e8rement volontariste et innovant donne \u00e9galement d\u2019excellents r\u00e9sultats \u00e0 Forest, Evere, Anderlecht, Uccle, entre autres, o\u00f9 de nouveaux projets sont en cours de r\u00e9alisation. La gestion des logements [&hellip;]\" \/>\n<meta property=\"og:url\" content=\"https:\/\/www.doulkeridis.be\/blog\/2012\/01\/25\/le-cap-des-1000-logements-du-plan-regional-du-logement-depasse-a-haren\/\" \/>\n<meta property=\"og:site_name\" content=\"Christos Doulkeridis\" \/>\n<meta property=\"article:publisher\" content=\"https:\/\/www.facebook.com\/doulkeridis\" \/>\n<meta property=\"article:published_time\" content=\"2012-01-25T12:46:32+00:00\" \/>\n<meta property=\"article:modified_time\" content=\"2012-03-01T10:17:30+00:00\" \/>\n<meta property=\"og:image\" content=\"https:\/\/www.doulkeridis.be\/blog\/wp-content\/uploads\/2012\/01\/seigneurie-024-1024x629.jpg\" \/>\n\t<meta property=\"og:image:width\" content=\"1024\" \/>\n\t<meta property=\"og:image:height\" content=\"629\" \/>\n\t<meta property=\"og:image:type\" content=\"image\/jpeg\" \/>\n<meta name=\"author\" content=\"Christos Doulkeridis\" \/>\n<meta name=\"twitter:card\" content=\"summary_large_image\" \/>\n<meta name=\"twitter:label1\" content=\"\u00c9crit par\" \/>\n\t<meta name=\"twitter:data1\" content=\"Christos Doulkeridis\" \/>\n\t<meta name=\"twitter:label2\" content=\"Dur\u00e9e de lecture estim\u00e9e\" \/>\n\t<meta name=\"twitter:data2\" content=\"2 minutes\" \/>\n<script type=\"application\/ld+json\" class=\"yoast-schema-graph\">{\"@context\":\"https:\\\/\\\/schema.org\",\"@graph\":[{\"@type\":\"Article\",\"@id\":\"https:\\\/\\\/www.doulkeridis.be\\\/blog\\\/2012\\\/01\\\/25\\\/le-cap-des-1000-logements-du-plan-regional-du-logement-depasse-a-haren\\\/#article\",\"isPartOf\":{\"@id\":\"https:\\\/\\\/www.doulkeridis.be\\\/blog\\\/2012\\\/01\\\/25\\\/le-cap-des-1000-logements-du-plan-regional-du-logement-depasse-a-haren\\\/\"},\"author\":{\"name\":\"Christos Doulkeridis\",\"@id\":\"https:\\\/\\\/www.doulkeridis.be\\\/blog\\\/#\\\/schema\\\/person\\\/9f03f3459f0a4ba4db02aabbba098365\"},\"headline\":\"Le cap des 1000 logements du Plan R\u00e9gional du Logement d\u00e9pass\u00e9 \u00e0 Haren!\",\"datePublished\":\"2012-01-25T12:46:32+00:00\",\"dateModified\":\"2012-03-01T10:17:30+00:00\",\"mainEntityOfPage\":{\"@id\":\"https:\\\/\\\/www.doulkeridis.be\\\/blog\\\/2012\\\/01\\\/25\\\/le-cap-des-1000-logements-du-plan-regional-du-logement-depasse-a-haren\\\/\"},\"wordCount\":427,\"commentCount\":0,\"publisher\":{\"@id\":\"https:\\\/\\\/www.doulkeridis.be\\\/blog\\\/#organization\"},\"image\":{\"@id\":\"https:\\\/\\\/www.doulkeridis.be\\\/blog\\\/2012\\\/01\\\/25\\\/le-cap-des-1000-logements-du-plan-regional-du-logement-depasse-a-haren\\\/#primaryimage\"},\"thumbnailUrl\":\"https:\\\/\\\/www.doulkeridis.be\\\/blog\\\/wp-content\\\/uploads\\\/2012\\\/01\\\/seigneurie-024.jpg\",\"articleSection\":[\"Logement\"],\"inLanguage\":\"fr-FR\",\"potentialAction\":[{\"@type\":\"CommentAction\",\"name\":\"Comment\",\"target\":[\"https:\\\/\\\/www.doulkeridis.be\\\/blog\\\/2012\\\/01\\\/25\\\/le-cap-des-1000-logements-du-plan-regional-du-logement-depasse-a-haren\\\/#respond\"]}]},{\"@type\":\"WebPage\",\"@id\":\"https:\\\/\\\/www.doulkeridis.be\\\/blog\\\/2012\\\/01\\\/25\\\/le-cap-des-1000-logements-du-plan-regional-du-logement-depasse-a-haren\\\/\",\"url\":\"https:\\\/\\\/www.doulkeridis.be\\\/blog\\\/2012\\\/01\\\/25\\\/le-cap-des-1000-logements-du-plan-regional-du-logement-depasse-a-haren\\\/\",\"name\":\"Le cap des 1000 logements du Plan R\u00e9gional du Logement d\u00e9pass\u00e9 \u00e0 Haren! - Christos Doulkeridis\",\"isPartOf\":{\"@id\":\"https:\\\/\\\/www.doulkeridis.be\\\/blog\\\/#website\"},\"primaryImageOfPage\":{\"@id\":\"https:\\\/\\\/www.doulkeridis.be\\\/blog\\\/2012\\\/01\\\/25\\\/le-cap-des-1000-logements-du-plan-regional-du-logement-depasse-a-haren\\\/#primaryimage\"},\"image\":{\"@id\":\"https:\\\/\\\/www.doulkeridis.be\\\/blog\\\/2012\\\/01\\\/25\\\/le-cap-des-1000-logements-du-plan-regional-du-logement-depasse-a-haren\\\/#primaryimage\"},\"thumbnailUrl\":\"https:\\\/\\\/www.doulkeridis.be\\\/blog\\\/wp-content\\\/uploads\\\/2012\\\/01\\\/seigneurie-024.jpg\",\"datePublished\":\"2012-01-25T12:46:32+00:00\",\"dateModified\":\"2012-03-01T10:17:30+00:00\",\"breadcrumb\":{\"@id\":\"https:\\\/\\\/www.doulkeridis.be\\\/blog\\\/2012\\\/01\\\/25\\\/le-cap-des-1000-logements-du-plan-regional-du-logement-depasse-a-haren\\\/#breadcrumb\"},\"inLanguage\":\"fr-FR\",\"potentialAction\":[{\"@type\":\"ReadAction\",\"target\":[\"https:\\\/\\\/www.doulkeridis.be\\\/blog\\\/2012\\\/01\\\/25\\\/le-cap-des-1000-logements-du-plan-regional-du-logement-depasse-a-haren\\\/\"]}]},{\"@type\":\"ImageObject\",\"inLanguage\":\"fr-FR\",\"@id\":\"https:\\\/\\\/www.doulkeridis.be\\\/blog\\\/2012\\\/01\\\/25\\\/le-cap-des-1000-logements-du-plan-regional-du-logement-depasse-a-haren\\\/#primaryimage\",\"url\":\"https:\\\/\\\/www.doulkeridis.be\\\/blog\\\/wp-content\\\/uploads\\\/2012\\\/01\\\/seigneurie-024.jpg\",\"contentUrl\":\"https:\\\/\\\/www.doulkeridis.be\\\/blog\\\/wp-content\\\/uploads\\\/2012\\\/01\\\/seigneurie-024.jpg\",\"width\":\"3592\",\"height\":\"2208\"},{\"@type\":\"BreadcrumbList\",\"@id\":\"https:\\\/\\\/www.doulkeridis.be\\\/blog\\\/2012\\\/01\\\/25\\\/le-cap-des-1000-logements-du-plan-regional-du-logement-depasse-a-haren\\\/#breadcrumb\",\"itemListElement\":[{\"@type\":\"ListItem\",\"position\":1,\"name\":\"Accueil\",\"item\":\"https:\\\/\\\/www.doulkeridis.be\\\/blog\\\/\"},{\"@type\":\"ListItem\",\"position\":2,\"name\":\"Le cap des 1000 logements du Plan R\u00e9gional du Logement d\u00e9pass\u00e9 \u00e0 Haren!\"}]},{\"@type\":\"WebSite\",\"@id\":\"https:\\\/\\\/www.doulkeridis.be\\\/blog\\\/#website\",\"url\":\"https:\\\/\\\/www.doulkeridis.be\\\/blog\\\/\",\"name\":\"Christos Doulkeridis\",\"description\":\"Coach | Consultant en solutions, gestion de crise, n\u00e9gociations\",\"publisher\":{\"@id\":\"https:\\\/\\\/www.doulkeridis.be\\\/blog\\\/#organization\"},\"potentialAction\":[{\"@type\":\"SearchAction\",\"target\":{\"@type\":\"EntryPoint\",\"urlTemplate\":\"https:\\\/\\\/www.doulkeridis.be\\\/blog\\\/?s={search_term_string}\"},\"query-input\":{\"@type\":\"PropertyValueSpecification\",\"valueRequired\":true,\"valueName\":\"search_term_string\"}}],\"inLanguage\":\"fr-FR\"},{\"@type\":\"Organization\",\"@id\":\"https:\\\/\\\/www.doulkeridis.be\\\/blog\\\/#organization\",\"name\":\"Ulyse\",\"url\":\"https:\\\/\\\/www.doulkeridis.be\\\/blog\\\/\",\"logo\":{\"@type\":\"ImageObject\",\"inLanguage\":\"fr-FR\",\"@id\":\"https:\\\/\\\/www.doulkeridis.be\\\/blog\\\/#\\\/schema\\\/logo\\\/image\\\/\",\"url\":\"https:\\\/\\\/www.doulkeridis.be\\\/blog\\\/wp-content\\\/uploads\\\/2026\\\/04\\\/2-5.png\",\"contentUrl\":\"https:\\\/\\\/www.doulkeridis.be\\\/blog\\\/wp-content\\\/uploads\\\/2026\\\/04\\\/2-5.png\",\"width\":1024,\"height\":728,\"caption\":\"Ulyse\"},\"image\":{\"@id\":\"https:\\\/\\\/www.doulkeridis.be\\\/blog\\\/#\\\/schema\\\/logo\\\/image\\\/\"},\"sameAs\":[\"https:\\\/\\\/www.facebook.com\\\/doulkeridis\",\"https:\\\/\\\/www.facebook.com\\\/christosdoulkeridis2\"]},{\"@type\":\"Person\",\"@id\":\"https:\\\/\\\/www.doulkeridis.be\\\/blog\\\/#\\\/schema\\\/person\\\/9f03f3459f0a4ba4db02aabbba098365\",\"name\":\"Christos Doulkeridis\",\"image\":{\"@type\":\"ImageObject\",\"inLanguage\":\"fr-FR\",\"@id\":\"https:\\\/\\\/secure.gravatar.com\\\/avatar\\\/71cb6e4369ca0615d93730ef3bc5f54642df4f6bcc59b92763d2ac434abf103e?s=96&d=mm&r=g\",\"url\":\"https:\\\/\\\/secure.gravatar.com\\\/avatar\\\/71cb6e4369ca0615d93730ef3bc5f54642df4f6bcc59b92763d2ac434abf103e?s=96&d=mm&r=g\",\"contentUrl\":\"https:\\\/\\\/secure.gravatar.com\\\/avatar\\\/71cb6e4369ca0615d93730ef3bc5f54642df4f6bcc59b92763d2ac434abf103e?s=96&d=mm&r=g\",\"caption\":\"Christos Doulkeridis\"},\"url\":\"https:\\\/\\\/www.doulkeridis.be\\\/blog\\\/author\\\/christos\\\/\"}]}<\/script>\n<!-- \/ Yoast SEO plugin. -->","yoast_head_json":{"title":"Le cap des 1000 logements du Plan R\u00e9gional du Logement d\u00e9pass\u00e9 \u00e0 Haren! - Christos Doulkeridis","robots":{"index":"index","follow":"follow","max-snippet":"max-snippet:-1","max-image-preview":"max-image-preview:large","max-video-preview":"max-video-preview:-1"},"canonical":"https:\/\/www.doulkeridis.be\/blog\/2012\/01\/25\/le-cap-des-1000-logements-du-plan-regional-du-logement-depasse-a-haren\/","og_locale":"fr_FR","og_type":"article","og_title":"Le cap des 1000 logements du Plan R\u00e9gional du Logement d\u00e9pass\u00e9 \u00e0 Haren! - Christos Doulkeridis","og_description":"Ce mercredi 25 janvier 2012, \u00e0 peine plus d&rsquo;un mois apr\u00e8s l\u2019inauguration de 200 logements \u00e0 Anderlecht et de 316 autres \u00e0 Ixelles,\u00a0 j&rsquo;ai proc\u00e9d\u00e9 \u00e0 l\u2019inauguration de 25 nouveaux logements sociaux destin\u00e9s \u00e0 la location \u00e0 Haren. Une nouvelle r\u00e9alisation du Plan R\u00e9gional du Logement. L&rsquo;\u00e9v\u00e9nement s&rsquo;est d\u00e9roul\u00e9 en pr\u00e9sence de Freddy Thielemans, Bourgmestre de la Ville de Bruxelles, de Thomas Ryckalts et Fabrice Cumps, Pr\u00e9sident et Vice-Pr\u00e9sident de la Soci\u00e9t\u00e9 du Logement de la R\u00e9gion de Bruxelles-Capitale (SLRB) et de Sevket Temiz, Pr\u00e9sident du Foyer Bruxellois. Gr\u00e2ce \u00e0 ces 25 logements ,\u00a0le bilan du Plan R\u00e9gional du Logement, un des outils mis en place pour atteindre l&rsquo;objectif r\u00e9gional de 15% de logements publics \u00e0 finalit\u00e9 sociale, atteint d\u00e9sormais 1.023 logements termin\u00e9s. Une belle avanc\u00e9e.\u00a0 Le projet \u00ab\u00a0Seigneurie\u00a0\u00bb me tient tout particuli\u00e8rement \u00e0 c\u0153ur car c\u2019est celui pour lequel j\u2019ai organis\u00e9 tout au d\u00e9but de la l\u00e9gislature le premier processus participatif. La d\u00e9marche participative a entre-temps \u00e9t\u00e9 g\u00e9n\u00e9ralis\u00e9e par la Soci\u00e9t\u00e9 du Logement de la R\u00e9gion de Bruxelles-Capitale (SLRB). Ce dispositif particuli\u00e8rement volontariste et innovant donne \u00e9galement d\u2019excellents r\u00e9sultats \u00e0 Forest, Evere, Anderlecht, Uccle, entre autres, o\u00f9 de nouveaux projets sont en cours de r\u00e9alisation. La gestion des logements [&hellip;]","og_url":"https:\/\/www.doulkeridis.be\/blog\/2012\/01\/25\/le-cap-des-1000-logements-du-plan-regional-du-logement-depasse-a-haren\/","og_site_name":"Christos Doulkeridis","article_publisher":"https:\/\/www.facebook.com\/doulkeridis","article_published_time":"2012-01-25T12:46:32+00:00","article_modified_time":"2012-03-01T10:17:30+00:00","og_image":[{"width":1024,"height":629,"url":"https:\/\/www.doulkeridis.be\/blog\/wp-content\/uploads\/2012\/01\/seigneurie-024-1024x629.jpg","type":"image\/jpeg"}],"author":"Christos Doulkeridis","twitter_card":"summary_large_image","twitter_misc":{"\u00c9crit par":"Christos Doulkeridis","Dur\u00e9e de lecture estim\u00e9e":"2 minutes"},"schema":{"@context":"https:\/\/schema.org","@graph":[{"@type":"Article","@id":"https:\/\/www.doulkeridis.be\/blog\/2012\/01\/25\/le-cap-des-1000-logements-du-plan-regional-du-logement-depasse-a-haren\/#article","isPartOf":{"@id":"https:\/\/www.doulkeridis.be\/blog\/2012\/01\/25\/le-cap-des-1000-logements-du-plan-regional-du-logement-depasse-a-haren\/"},"author":{"name":"Christos Doulkeridis","@id":"https:\/\/www.doulkeridis.be\/blog\/#\/schema\/person\/9f03f3459f0a4ba4db02aabbba098365"},"headline":"Le cap des 1000 logements du Plan R\u00e9gional du Logement d\u00e9pass\u00e9 \u00e0 Haren!","datePublished":"2012-01-25T12:46:32+00:00","dateModified":"2012-03-01T10:17:30+00:00","mainEntityOfPage":{"@id":"https:\/\/www.doulkeridis.be\/blog\/2012\/01\/25\/le-cap-des-1000-logements-du-plan-regional-du-logement-depasse-a-haren\/"},"wordCount":427,"commentCount":0,"publisher":{"@id":"https:\/\/www.doulkeridis.be\/blog\/#organization"},"image":{"@id":"https:\/\/www.doulkeridis.be\/blog\/2012\/01\/25\/le-cap-des-1000-logements-du-plan-regional-du-logement-depasse-a-haren\/#primaryimage"},"thumbnailUrl":"https:\/\/www.doulkeridis.be\/blog\/wp-content\/uploads\/2012\/01\/seigneurie-024.jpg","articleSection":["Logement"],"inLanguage":"fr-FR","potentialAction":[{"@type":"CommentAction","name":"Comment","target":["https:\/\/www.doulkeridis.be\/blog\/2012\/01\/25\/le-cap-des-1000-logements-du-plan-regional-du-logement-depasse-a-haren\/#respond"]}]},{"@type":"WebPage","@id":"https:\/\/www.doulkeridis.be\/blog\/2012\/01\/25\/le-cap-des-1000-logements-du-plan-regional-du-logement-depasse-a-haren\/","url":"https:\/\/www.doulkeridis.be\/blog\/2012\/01\/25\/le-cap-des-1000-logements-du-plan-regional-du-logement-depasse-a-haren\/","name":"Le cap des 1000 logements du Plan R\u00e9gional du Logement d\u00e9pass\u00e9 \u00e0 Haren! - Christos Doulkeridis","isPartOf":{"@id":"https:\/\/www.doulkeridis.be\/blog\/#website"},"primaryImageOfPage":{"@id":"https:\/\/www.doulkeridis.be\/blog\/2012\/01\/25\/le-cap-des-1000-logements-du-plan-regional-du-logement-depasse-a-haren\/#primaryimage"},"image":{"@id":"https:\/\/www.doulkeridis.be\/blog\/2012\/01\/25\/le-cap-des-1000-logements-du-plan-regional-du-logement-depasse-a-haren\/#primaryimage"},"thumbnailUrl":"https:\/\/www.doulkeridis.be\/blog\/wp-content\/uploads\/2012\/01\/seigneurie-024.jpg","datePublished":"2012-01-25T12:46:32+00:00","dateModified":"2012-03-01T10:17:30+00:00","breadcrumb":{"@id":"https:\/\/www.doulkeridis.be\/blog\/2012\/01\/25\/le-cap-des-1000-logements-du-plan-regional-du-logement-depasse-a-haren\/#breadcrumb"},"inLanguage":"fr-FR","potentialAction":[{"@type":"ReadAction","target":["https:\/\/www.doulkeridis.be\/blog\/2012\/01\/25\/le-cap-des-1000-logements-du-plan-regional-du-logement-depasse-a-haren\/"]}]},{"@type":"ImageObject","inLanguage":"fr-FR","@id":"https:\/\/www.doulkeridis.be\/blog\/2012\/01\/25\/le-cap-des-1000-logements-du-plan-regional-du-logement-depasse-a-haren\/#primaryimage","url":"https:\/\/www.doulkeridis.be\/blog\/wp-content\/uploads\/2012\/01\/seigneurie-024.jpg","contentUrl":"https:\/\/www.doulkeridis.be\/blog\/wp-content\/uploads\/2012\/01\/seigneurie-024.jpg","width":"3592","height":"2208"},{"@type":"BreadcrumbList","@id":"https:\/\/www.doulkeridis.be\/blog\/2012\/01\/25\/le-cap-des-1000-logements-du-plan-regional-du-logement-depasse-a-haren\/#breadcrumb","itemListElement":[{"@type":"ListItem","position":1,"name":"Accueil","item":"https:\/\/www.doulkeridis.be\/blog\/"},{"@type":"ListItem","position":2,"name":"Le cap des 1000 logements du Plan R\u00e9gional du Logement d\u00e9pass\u00e9 \u00e0 Haren!"}]},{"@type":"WebSite","@id":"https:\/\/www.doulkeridis.be\/blog\/#website","url":"https:\/\/www.doulkeridis.be\/blog\/","name":"Christos Doulkeridis","description":"Coach | Consultant en solutions, gestion de crise, n\u00e9gociations","publisher":{"@id":"https:\/\/www.doulkeridis.be\/blog\/#organization"},"potentialAction":[{"@type":"SearchAction","target":{"@type":"EntryPoint","urlTemplate":"https:\/\/www.doulkeridis.be\/blog\/?s={search_term_string}"},"query-input":{"@type":"PropertyValueSpecification","valueRequired":true,"valueName":"search_term_string"}}],"inLanguage":"fr-FR"},{"@type":"Organization","@id":"https:\/\/www.doulkeridis.be\/blog\/#organization","name":"Ulyse","url":"https:\/\/www.doulkeridis.be\/blog\/","logo":{"@type":"ImageObject","inLanguage":"fr-FR","@id":"https:\/\/www.doulkeridis.be\/blog\/#\/schema\/logo\/image\/","url":"https:\/\/www.doulkeridis.be\/blog\/wp-content\/uploads\/2026\/04\/2-5.png","contentUrl":"https:\/\/www.doulkeridis.be\/blog\/wp-content\/uploads\/2026\/04\/2-5.png","width":1024,"height":728,"caption":"Ulyse"},"image":{"@id":"https:\/\/www.doulkeridis.be\/blog\/#\/schema\/logo\/image\/"},"sameAs":["https:\/\/www.facebook.com\/doulkeridis","https:\/\/www.facebook.com\/christosdoulkeridis2"]},{"@type":"Person","@id":"https:\/\/www.doulkeridis.be\/blog\/#\/schema\/person\/9f03f3459f0a4ba4db02aabbba098365","name":"Christos Doulkeridis","image":{"@type":"ImageObject","inLanguage":"fr-FR","@id":"https:\/\/secure.gravatar.com\/avatar\/71cb6e4369ca0615d93730ef3bc5f54642df4f6bcc59b92763d2ac434abf103e?s=96&d=mm&r=g","url":"https:\/\/secure.gravatar.com\/avatar\/71cb6e4369ca0615d93730ef3bc5f54642df4f6bcc59b92763d2ac434abf103e?s=96&d=mm&r=g","contentUrl":"https:\/\/secure.gravatar.com\/avatar\/71cb6e4369ca0615d93730ef3bc5f54642df4f6bcc59b92763d2ac434abf103e?s=96&d=mm&r=g","caption":"Christos Doulkeridis"},"url":"https:\/\/www.doulkeridis.be\/blog\/author\/christos\/"}]}},"_links":{"self":[{"href":"https:\/\/www.doulkeridis.be\/blog\/wp-json\/wp\/v2\/posts\/5645","targetHints":{"allow":["GET"]}}],"collection":[{"href":"https:\/\/www.doulkeridis.be\/blog\/wp-json\/wp\/v2\/posts"}],"about":[{"href":"https:\/\/www.doulkeridis.be\/blog\/wp-json\/wp\/v2\/types\/post"}],"author":[{"embeddable":true,"href":"https:\/\/www.doulkeridis.be\/blog\/wp-json\/wp\/v2\/users\/2"}],"replies":[{"embeddable":true,"href":"https:\/\/www.doulkeridis.be\/blog\/wp-json\/wp\/v2\/comments?post=5645"}],"version-history":[{"count":11,"href":"https:\/\/www.doulkeridis.be\/blog\/wp-json\/wp\/v2\/posts\/5645\/revisions"}],"predecessor-version":[{"id":5906,"href":"https:\/\/www.doulkeridis.be\/blog\/wp-json\/wp\/v2\/posts\/5645\/revisions\/5906"}],"wp:featuredmedia":[{"embeddable":true,"href":"https:\/\/www.doulkeridis.be\/blog\/wp-json\/wp\/v2\/media\/5662"}],"wp:attachment":[{"href":"https:\/\/www.doulkeridis.be\/blog\/wp-json\/wp\/v2\/media?parent=5645"}],"wp:term":[{"taxonomy":"category","embeddable":true,"href":"https:\/\/www.doulkeridis.be\/blog\/wp-json\/wp\/v2\/categories?post=5645"},{"taxonomy":"post_tag","embeddable":true,"href":"https:\/\/www.doulkeridis.be\/blog\/wp-json\/wp\/v2\/tags?post=5645"}],"curies":[{"name":"wp","href":"https:\/\/api.w.org\/{rel}","templated":true}]}}