{"id":6038,"date":"2012-03-08T18:18:05","date_gmt":"2012-03-08T17:18:05","guid":{"rendered":"http:\/\/www.doulkeridis.be\/blog\/?p=6038"},"modified":"2012-03-19T13:56:30","modified_gmt":"2012-03-19T12:56:30","slug":"legalite-femmeshommes-le-seul-vrai-bilan-honnete-est-negatif","status":"publish","type":"post","link":"https:\/\/www.doulkeridis.be\/blog\/2012\/03\/08\/legalite-femmeshommes-le-seul-vrai-bilan-honnete-est-negatif\/","title":{"rendered":"L&rsquo;\u00e9galit\u00e9 femmes\/hommes : le seul vrai bilan honn\u00eate est n\u00e9gatif"},"content":{"rendered":"<p><img loading=\"lazy\" decoding=\"async\" class=\"alignleft size-medium wp-image-6039\" title=\"DSC_4845\" src=\"https:\/\/www.doulkeridis.be\/blog\/wp-content\/uploads\/2012\/03\/DSC_48451-300x199.jpg\" alt=\"\" width=\"300\" height=\"199\" srcset=\"https:\/\/www.doulkeridis.be\/blog\/wp-content\/uploads\/2012\/03\/DSC_48451-300x199.jpg 300w, https:\/\/www.doulkeridis.be\/blog\/wp-content\/uploads\/2012\/03\/DSC_48451-1024x681.jpg 1024w, https:\/\/www.doulkeridis.be\/blog\/wp-content\/uploads\/2012\/03\/DSC_48451.jpg 1775w\" sizes=\"auto, (max-width: 300px) 100vw, 300px\" \/><\/p>\n<p>En cette Journ\u00e9e internationale des Femmes, j&rsquo;ai rencontr\u00e9 les participantes de la Marche mondiale des Femmes au Parlement francophone bruxellois au cours d&rsquo;une matin\u00e9e th\u00e9matique consacr\u00e9e principalement aux violences et \u00e0 la formation. Cette rencontre m&rsquo;offrait l&rsquo;occasion de rappeler le travail que je m\u00e8ne au sein du Gouvernement francophone bruxellois pour renforcer une approche genr\u00e9e de nos actions politiques.<\/p>\n<p>La Journ\u00e9e internationale des Femmes nous donne en effet l\u2019occasion, chaque ann\u00e9e, de faire le point sur l\u2019\u00e9galit\u00e9 entre les hommes et les femmes.<\/p>\n<p>Je dois admettre que le temps n&rsquo;est pas encore venu de nous attribuer collectivement des lauriers. Si nous voulons justement regarder le bilan sur l\u2019\u00e9galit\u00e9 hommes\/femmes en 2012, et que nous le faisons avec un peu d\u2019honn\u00eatet\u00e9, nous devons constater que, malheureusement, ce bilan est n\u00e9gatif\u2026<\/p>\n<p>Certes, il y a des avanc\u00e9es positives dans le travail que nous menons en termes de gender budgetting (qui est un instrument de monitoring qui prend en compte la dimension du genre dans les choix budg\u00e9taires qui sont op\u00e9r\u00e9s), de gender mainsreaming (qui permet d&rsquo;aborder les actions politiques de mani\u00e8re genr\u00e9e). On peut se f\u00e9liciter du travail transversal qui est r\u00e9alis\u00e9 sur les st\u00e9r\u00e9otypes et la stigmatisation, en mati\u00e8re de logement ou d\u2019emploi. Nous ne devons pas tout n\u00e9gativiser.<\/p>\n<p>Mais nous ne pouvons pas non plus faire de l\u2019auto-satisfaction aveugle, qui n\u2019aurait aucune coh\u00e9rence par rapport \u00e0 nos discours. Nous sommes en 2012, 102 ann\u00e9es apr\u00e8s la premi\u00e8re journ\u00e9e des Femmes, sur un continent et dans un pays qui, r\u00e9guli\u00e8rement, se permet de faire la le\u00e7on \u00e0 d\u2019autres pays et \u00e0 d\u2019autres cultures sur leur niveau de respect de droits \u00e9l\u00e9mentaires. Or, si nous voulons \u00eatre int\u00e8gres, nous devons pourtant avouer que le droit \u00e0 l\u2019\u00e9galit\u00e9 femmes\/hommes &#8211; un droit \u00e9l\u00e9mentaire &#8211; est encore loin d&rsquo;\u00eatre rencontr\u00e9 dans notre propre pays.<\/p>\n<p>Nous devons regarder les choses en face et nous avouer que, beaucoup trop souvent, la prise de conscience sur l\u2019\u00e9galit\u00e9 hommes\/femmes n&rsquo;est pas encore suffisante. Sur cette question et dans les faits, nous ne sommes ni encore assez conscientis\u00e9-e-s, ni assez rapides, ni assez efficaces, ni encore assez outill\u00e9-e-s.<\/p>\n<p>Dans la t\u00eate de certaines personnes, m\u00eames f\u00e9ministes ou pro-f\u00e9ministes, l&rsquo;id\u00e9e persiste encore que la question de l\u2019\u00e9galit\u00e9 est un combat dont les avanc\u00e9es ne concernent que les femmes. C&rsquo;est une erreur. Ces avanc\u00e9es doivent se r\u00e9aliser dans l&rsquo;int\u00e9r\u00eat de la soci\u00e9t\u00e9 dans son ensemble et pas pour faire \u00ab\u00a0plaisir aux femmes\u00a0\u00bb. L\u2019\u00e9galit\u00e9 est \u00e0 destination de tous.<\/p>\n<p>Etant toutes et tous concern\u00e9-e-s, je fais un appel collectif pour que les r\u00e9sultats soient \u00e0 la hauteur de nos discours. Nous devons, je pense, \u00eatre beaucoup plus ambitieux. L\u2019\u00e9galit\u00e9 n\u2019est pas un enjeu secondaire mais fondamental qui doit nous guider constamment.<\/p>\n<p>Le fait de constater la distance entre l\u2019\u00e9galit\u00e9 vis\u00e9e et l&rsquo;\u00e9galit\u00e9 de fait doit nous encourager \u00e0 prendre cet enjeu \u00e0 sa juste valeur et \u00e0 engranger de nouvelles actions continues et durables, vers plus d\u2019\u00e9galit\u00e9, toujours plus.<\/p>\n","protected":false},"excerpt":{"rendered":"<p>En cette Journ\u00e9e internationale des Femmes, j&rsquo;ai rencontr\u00e9 les participantes de la Marche mondiale des Femmes au Parlement francophone bruxellois au cours d&rsquo;une matin\u00e9e th\u00e9matique consacr\u00e9e principalement aux violences et \u00e0 la formation. Cette rencontre m&rsquo;offrait l&rsquo;occasion de rappeler le travail que je m\u00e8ne au sein du Gouvernement francophone bruxellois pour renforcer une approche genr\u00e9e de nos actions politiques. La Journ\u00e9e internationale des Femmes nous donne en effet l\u2019occasion, chaque ann\u00e9e, de faire le point sur l\u2019\u00e9galit\u00e9 entre les hommes et les femmes. Je dois admettre que le temps n&rsquo;est pas encore venu de nous attribuer collectivement des lauriers. Si nous voulons justement regarder le bilan sur l\u2019\u00e9galit\u00e9 hommes\/femmes en 2012, et que nous le faisons avec un peu d\u2019honn\u00eatet\u00e9, nous devons constater que, malheureusement, ce bilan est n\u00e9gatif\u2026 Certes, il y a des avanc\u00e9es positives dans le travail que nous menons en termes de gender budgetting (qui est un instrument de monitoring qui prend en compte la dimension du genre dans les choix budg\u00e9taires qui sont op\u00e9r\u00e9s), de gender mainsreaming (qui permet d&rsquo;aborder les actions politiques de mani\u00e8re genr\u00e9e). On peut se f\u00e9liciter du travail transversal qui est r\u00e9alis\u00e9 sur les st\u00e9r\u00e9otypes et la stigmatisation, en mati\u00e8re de logement [&hellip;]<\/p>\n","protected":false},"author":2,"featured_media":6039,"comment_status":"open","ping_status":"open","sticky":false,"template":"","format":"standard","meta":{"_monsterinsights_skip_tracking":false,"_monsterinsights_sitenote_active":false,"_monsterinsights_sitenote_note":"","_monsterinsights_sitenote_category":0,"ngg_post_thumbnail":0,"footnotes":""},"categories":[40],"tags":[],"class_list":["post-6038","post","type-post","status-publish","format-standard","has-post-thumbnail","hentry","category-ministre-presidence-cocof"],"yoast_head":"<!-- This site is optimized with the Yoast SEO plugin v27.4 - https:\/\/yoast.com\/product\/yoast-seo-wordpress\/ -->\n<title>L&#039;\u00e9galit\u00e9 femmes\/hommes : le seul vrai bilan honn\u00eate est n\u00e9gatif - Christos Doulkeridis<\/title>\n<meta name=\"robots\" content=\"index, follow, max-snippet:-1, max-image-preview:large, max-video-preview:-1\" \/>\n<link rel=\"canonical\" href=\"https:\/\/www.doulkeridis.be\/blog\/2012\/03\/08\/legalite-femmeshommes-le-seul-vrai-bilan-honnete-est-negatif\/\" \/>\n<meta property=\"og:locale\" content=\"fr_FR\" \/>\n<meta property=\"og:type\" content=\"article\" \/>\n<meta property=\"og:title\" content=\"L&#039;\u00e9galit\u00e9 femmes\/hommes : le seul vrai bilan honn\u00eate est n\u00e9gatif - Christos Doulkeridis\" \/>\n<meta property=\"og:description\" content=\"En cette Journ\u00e9e internationale des Femmes, j&rsquo;ai rencontr\u00e9 les participantes de la Marche mondiale des Femmes au Parlement francophone bruxellois au cours d&rsquo;une matin\u00e9e th\u00e9matique consacr\u00e9e principalement aux violences et \u00e0 la formation. Cette rencontre m&rsquo;offrait l&rsquo;occasion de rappeler le travail que je m\u00e8ne au sein du Gouvernement francophone bruxellois pour renforcer une approche genr\u00e9e de nos actions politiques. La Journ\u00e9e internationale des Femmes nous donne en effet l\u2019occasion, chaque ann\u00e9e, de faire le point sur l\u2019\u00e9galit\u00e9 entre les hommes et les femmes. Je dois admettre que le temps n&rsquo;est pas encore venu de nous attribuer collectivement des lauriers. Si nous voulons justement regarder le bilan sur l\u2019\u00e9galit\u00e9 hommes\/femmes en 2012, et que nous le faisons avec un peu d\u2019honn\u00eatet\u00e9, nous devons constater que, malheureusement, ce bilan est n\u00e9gatif\u2026 Certes, il y a des avanc\u00e9es positives dans le travail que nous menons en termes de gender budgetting (qui est un instrument de monitoring qui prend en compte la dimension du genre dans les choix budg\u00e9taires qui sont op\u00e9r\u00e9s), de gender mainsreaming (qui permet d&rsquo;aborder les actions politiques de mani\u00e8re genr\u00e9e). On peut se f\u00e9liciter du travail transversal qui est r\u00e9alis\u00e9 sur les st\u00e9r\u00e9otypes et la stigmatisation, en mati\u00e8re de logement [&hellip;]\" \/>\n<meta property=\"og:url\" content=\"https:\/\/www.doulkeridis.be\/blog\/2012\/03\/08\/legalite-femmeshommes-le-seul-vrai-bilan-honnete-est-negatif\/\" \/>\n<meta property=\"og:site_name\" content=\"Christos Doulkeridis\" \/>\n<meta property=\"article:publisher\" content=\"https:\/\/www.facebook.com\/doulkeridis\" \/>\n<meta property=\"article:published_time\" content=\"2012-03-08T17:18:05+00:00\" \/>\n<meta property=\"article:modified_time\" content=\"2012-03-19T12:56:30+00:00\" \/>\n<meta property=\"og:image\" content=\"https:\/\/www.doulkeridis.be\/blog\/wp-content\/uploads\/2012\/03\/DSC_48451.jpg\" \/>\n\t<meta property=\"og:image:width\" content=\"1775\" \/>\n\t<meta property=\"og:image:height\" content=\"1181\" \/>\n\t<meta property=\"og:image:type\" content=\"image\/jpeg\" \/>\n<meta name=\"author\" content=\"Christos Doulkeridis\" \/>\n<meta name=\"twitter:card\" content=\"summary_large_image\" \/>\n<meta name=\"twitter:label1\" content=\"\u00c9crit par\" \/>\n\t<meta name=\"twitter:data1\" content=\"Christos Doulkeridis\" \/>\n\t<meta name=\"twitter:label2\" content=\"Dur\u00e9e de lecture estim\u00e9e\" \/>\n\t<meta name=\"twitter:data2\" content=\"3 minutes\" \/>\n<script type=\"application\/ld+json\" class=\"yoast-schema-graph\">{\"@context\":\"https:\\\/\\\/schema.org\",\"@graph\":[{\"@type\":\"Article\",\"@id\":\"https:\\\/\\\/www.doulkeridis.be\\\/blog\\\/2012\\\/03\\\/08\\\/legalite-femmeshommes-le-seul-vrai-bilan-honnete-est-negatif\\\/#article\",\"isPartOf\":{\"@id\":\"https:\\\/\\\/www.doulkeridis.be\\\/blog\\\/2012\\\/03\\\/08\\\/legalite-femmeshommes-le-seul-vrai-bilan-honnete-est-negatif\\\/\"},\"author\":{\"name\":\"Christos Doulkeridis\",\"@id\":\"https:\\\/\\\/www.doulkeridis.be\\\/blog\\\/#\\\/schema\\\/person\\\/9f03f3459f0a4ba4db02aabbba098365\"},\"headline\":\"L&rsquo;\u00e9galit\u00e9 femmes\\\/hommes : le seul vrai bilan honn\u00eate est n\u00e9gatif\",\"datePublished\":\"2012-03-08T17:18:05+00:00\",\"dateModified\":\"2012-03-19T12:56:30+00:00\",\"mainEntityOfPage\":{\"@id\":\"https:\\\/\\\/www.doulkeridis.be\\\/blog\\\/2012\\\/03\\\/08\\\/legalite-femmeshommes-le-seul-vrai-bilan-honnete-est-negatif\\\/\"},\"wordCount\":568,\"commentCount\":0,\"publisher\":{\"@id\":\"https:\\\/\\\/www.doulkeridis.be\\\/blog\\\/#organization\"},\"image\":{\"@id\":\"https:\\\/\\\/www.doulkeridis.be\\\/blog\\\/2012\\\/03\\\/08\\\/legalite-femmeshommes-le-seul-vrai-bilan-honnete-est-negatif\\\/#primaryimage\"},\"thumbnailUrl\":\"https:\\\/\\\/www.doulkeridis.be\\\/blog\\\/wp-content\\\/uploads\\\/2012\\\/03\\\/DSC_48451.jpg\",\"articleSection\":[\"Ministre-Pr\u00e9sidence CoCof\"],\"inLanguage\":\"fr-FR\",\"potentialAction\":[{\"@type\":\"CommentAction\",\"name\":\"Comment\",\"target\":[\"https:\\\/\\\/www.doulkeridis.be\\\/blog\\\/2012\\\/03\\\/08\\\/legalite-femmeshommes-le-seul-vrai-bilan-honnete-est-negatif\\\/#respond\"]}]},{\"@type\":\"WebPage\",\"@id\":\"https:\\\/\\\/www.doulkeridis.be\\\/blog\\\/2012\\\/03\\\/08\\\/legalite-femmeshommes-le-seul-vrai-bilan-honnete-est-negatif\\\/\",\"url\":\"https:\\\/\\\/www.doulkeridis.be\\\/blog\\\/2012\\\/03\\\/08\\\/legalite-femmeshommes-le-seul-vrai-bilan-honnete-est-negatif\\\/\",\"name\":\"L'\u00e9galit\u00e9 femmes\\\/hommes : le seul vrai bilan honn\u00eate est n\u00e9gatif - Christos Doulkeridis\",\"isPartOf\":{\"@id\":\"https:\\\/\\\/www.doulkeridis.be\\\/blog\\\/#website\"},\"primaryImageOfPage\":{\"@id\":\"https:\\\/\\\/www.doulkeridis.be\\\/blog\\\/2012\\\/03\\\/08\\\/legalite-femmeshommes-le-seul-vrai-bilan-honnete-est-negatif\\\/#primaryimage\"},\"image\":{\"@id\":\"https:\\\/\\\/www.doulkeridis.be\\\/blog\\\/2012\\\/03\\\/08\\\/legalite-femmeshommes-le-seul-vrai-bilan-honnete-est-negatif\\\/#primaryimage\"},\"thumbnailUrl\":\"https:\\\/\\\/www.doulkeridis.be\\\/blog\\\/wp-content\\\/uploads\\\/2012\\\/03\\\/DSC_48451.jpg\",\"datePublished\":\"2012-03-08T17:18:05+00:00\",\"dateModified\":\"2012-03-19T12:56:30+00:00\",\"breadcrumb\":{\"@id\":\"https:\\\/\\\/www.doulkeridis.be\\\/blog\\\/2012\\\/03\\\/08\\\/legalite-femmeshommes-le-seul-vrai-bilan-honnete-est-negatif\\\/#breadcrumb\"},\"inLanguage\":\"fr-FR\",\"potentialAction\":[{\"@type\":\"ReadAction\",\"target\":[\"https:\\\/\\\/www.doulkeridis.be\\\/blog\\\/2012\\\/03\\\/08\\\/legalite-femmeshommes-le-seul-vrai-bilan-honnete-est-negatif\\\/\"]}]},{\"@type\":\"ImageObject\",\"inLanguage\":\"fr-FR\",\"@id\":\"https:\\\/\\\/www.doulkeridis.be\\\/blog\\\/2012\\\/03\\\/08\\\/legalite-femmeshommes-le-seul-vrai-bilan-honnete-est-negatif\\\/#primaryimage\",\"url\":\"https:\\\/\\\/www.doulkeridis.be\\\/blog\\\/wp-content\\\/uploads\\\/2012\\\/03\\\/DSC_48451.jpg\",\"contentUrl\":\"https:\\\/\\\/www.doulkeridis.be\\\/blog\\\/wp-content\\\/uploads\\\/2012\\\/03\\\/DSC_48451.jpg\",\"width\":\"1775\",\"height\":\"1181\"},{\"@type\":\"BreadcrumbList\",\"@id\":\"https:\\\/\\\/www.doulkeridis.be\\\/blog\\\/2012\\\/03\\\/08\\\/legalite-femmeshommes-le-seul-vrai-bilan-honnete-est-negatif\\\/#breadcrumb\",\"itemListElement\":[{\"@type\":\"ListItem\",\"position\":1,\"name\":\"Accueil\",\"item\":\"https:\\\/\\\/www.doulkeridis.be\\\/blog\\\/\"},{\"@type\":\"ListItem\",\"position\":2,\"name\":\"L&rsquo;\u00e9galit\u00e9 femmes\\\/hommes : le seul vrai bilan honn\u00eate est n\u00e9gatif\"}]},{\"@type\":\"WebSite\",\"@id\":\"https:\\\/\\\/www.doulkeridis.be\\\/blog\\\/#website\",\"url\":\"https:\\\/\\\/www.doulkeridis.be\\\/blog\\\/\",\"name\":\"Christos Doulkeridis\",\"description\":\"Coach | Consultant en solutions, gestion de crise, n\u00e9gociations\",\"publisher\":{\"@id\":\"https:\\\/\\\/www.doulkeridis.be\\\/blog\\\/#organization\"},\"potentialAction\":[{\"@type\":\"SearchAction\",\"target\":{\"@type\":\"EntryPoint\",\"urlTemplate\":\"https:\\\/\\\/www.doulkeridis.be\\\/blog\\\/?s={search_term_string}\"},\"query-input\":{\"@type\":\"PropertyValueSpecification\",\"valueRequired\":true,\"valueName\":\"search_term_string\"}}],\"inLanguage\":\"fr-FR\"},{\"@type\":\"Organization\",\"@id\":\"https:\\\/\\\/www.doulkeridis.be\\\/blog\\\/#organization\",\"name\":\"Ulyse\",\"url\":\"https:\\\/\\\/www.doulkeridis.be\\\/blog\\\/\",\"logo\":{\"@type\":\"ImageObject\",\"inLanguage\":\"fr-FR\",\"@id\":\"https:\\\/\\\/www.doulkeridis.be\\\/blog\\\/#\\\/schema\\\/logo\\\/image\\\/\",\"url\":\"https:\\\/\\\/www.doulkeridis.be\\\/blog\\\/wp-content\\\/uploads\\\/2026\\\/04\\\/2-5.png\",\"contentUrl\":\"https:\\\/\\\/www.doulkeridis.be\\\/blog\\\/wp-content\\\/uploads\\\/2026\\\/04\\\/2-5.png\",\"width\":1024,\"height\":728,\"caption\":\"Ulyse\"},\"image\":{\"@id\":\"https:\\\/\\\/www.doulkeridis.be\\\/blog\\\/#\\\/schema\\\/logo\\\/image\\\/\"},\"sameAs\":[\"https:\\\/\\\/www.facebook.com\\\/doulkeridis\",\"https:\\\/\\\/www.facebook.com\\\/christosdoulkeridis2\"]},{\"@type\":\"Person\",\"@id\":\"https:\\\/\\\/www.doulkeridis.be\\\/blog\\\/#\\\/schema\\\/person\\\/9f03f3459f0a4ba4db02aabbba098365\",\"name\":\"Christos Doulkeridis\",\"image\":{\"@type\":\"ImageObject\",\"inLanguage\":\"fr-FR\",\"@id\":\"https:\\\/\\\/secure.gravatar.com\\\/avatar\\\/71cb6e4369ca0615d93730ef3bc5f54642df4f6bcc59b92763d2ac434abf103e?s=96&d=mm&r=g\",\"url\":\"https:\\\/\\\/secure.gravatar.com\\\/avatar\\\/71cb6e4369ca0615d93730ef3bc5f54642df4f6bcc59b92763d2ac434abf103e?s=96&d=mm&r=g\",\"contentUrl\":\"https:\\\/\\\/secure.gravatar.com\\\/avatar\\\/71cb6e4369ca0615d93730ef3bc5f54642df4f6bcc59b92763d2ac434abf103e?s=96&d=mm&r=g\",\"caption\":\"Christos Doulkeridis\"},\"url\":\"https:\\\/\\\/www.doulkeridis.be\\\/blog\\\/author\\\/christos\\\/\"}]}<\/script>\n<!-- \/ Yoast SEO plugin. -->","yoast_head_json":{"title":"L'\u00e9galit\u00e9 femmes\/hommes : le seul vrai bilan honn\u00eate est n\u00e9gatif - Christos Doulkeridis","robots":{"index":"index","follow":"follow","max-snippet":"max-snippet:-1","max-image-preview":"max-image-preview:large","max-video-preview":"max-video-preview:-1"},"canonical":"https:\/\/www.doulkeridis.be\/blog\/2012\/03\/08\/legalite-femmeshommes-le-seul-vrai-bilan-honnete-est-negatif\/","og_locale":"fr_FR","og_type":"article","og_title":"L'\u00e9galit\u00e9 femmes\/hommes : le seul vrai bilan honn\u00eate est n\u00e9gatif - Christos Doulkeridis","og_description":"En cette Journ\u00e9e internationale des Femmes, j&rsquo;ai rencontr\u00e9 les participantes de la Marche mondiale des Femmes au Parlement francophone bruxellois au cours d&rsquo;une matin\u00e9e th\u00e9matique consacr\u00e9e principalement aux violences et \u00e0 la formation. Cette rencontre m&rsquo;offrait l&rsquo;occasion de rappeler le travail que je m\u00e8ne au sein du Gouvernement francophone bruxellois pour renforcer une approche genr\u00e9e de nos actions politiques. La Journ\u00e9e internationale des Femmes nous donne en effet l\u2019occasion, chaque ann\u00e9e, de faire le point sur l\u2019\u00e9galit\u00e9 entre les hommes et les femmes. Je dois admettre que le temps n&rsquo;est pas encore venu de nous attribuer collectivement des lauriers. Si nous voulons justement regarder le bilan sur l\u2019\u00e9galit\u00e9 hommes\/femmes en 2012, et que nous le faisons avec un peu d\u2019honn\u00eatet\u00e9, nous devons constater que, malheureusement, ce bilan est n\u00e9gatif\u2026 Certes, il y a des avanc\u00e9es positives dans le travail que nous menons en termes de gender budgetting (qui est un instrument de monitoring qui prend en compte la dimension du genre dans les choix budg\u00e9taires qui sont op\u00e9r\u00e9s), de gender mainsreaming (qui permet d&rsquo;aborder les actions politiques de mani\u00e8re genr\u00e9e). On peut se f\u00e9liciter du travail transversal qui est r\u00e9alis\u00e9 sur les st\u00e9r\u00e9otypes et la stigmatisation, en mati\u00e8re de logement [&hellip;]","og_url":"https:\/\/www.doulkeridis.be\/blog\/2012\/03\/08\/legalite-femmeshommes-le-seul-vrai-bilan-honnete-est-negatif\/","og_site_name":"Christos Doulkeridis","article_publisher":"https:\/\/www.facebook.com\/doulkeridis","article_published_time":"2012-03-08T17:18:05+00:00","article_modified_time":"2012-03-19T12:56:30+00:00","og_image":[{"width":1775,"height":1181,"url":"https:\/\/www.doulkeridis.be\/blog\/wp-content\/uploads\/2012\/03\/DSC_48451.jpg","type":"image\/jpeg"}],"author":"Christos Doulkeridis","twitter_card":"summary_large_image","twitter_misc":{"\u00c9crit par":"Christos Doulkeridis","Dur\u00e9e de lecture estim\u00e9e":"3 minutes"},"schema":{"@context":"https:\/\/schema.org","@graph":[{"@type":"Article","@id":"https:\/\/www.doulkeridis.be\/blog\/2012\/03\/08\/legalite-femmeshommes-le-seul-vrai-bilan-honnete-est-negatif\/#article","isPartOf":{"@id":"https:\/\/www.doulkeridis.be\/blog\/2012\/03\/08\/legalite-femmeshommes-le-seul-vrai-bilan-honnete-est-negatif\/"},"author":{"name":"Christos Doulkeridis","@id":"https:\/\/www.doulkeridis.be\/blog\/#\/schema\/person\/9f03f3459f0a4ba4db02aabbba098365"},"headline":"L&rsquo;\u00e9galit\u00e9 femmes\/hommes : le seul vrai bilan honn\u00eate est n\u00e9gatif","datePublished":"2012-03-08T17:18:05+00:00","dateModified":"2012-03-19T12:56:30+00:00","mainEntityOfPage":{"@id":"https:\/\/www.doulkeridis.be\/blog\/2012\/03\/08\/legalite-femmeshommes-le-seul-vrai-bilan-honnete-est-negatif\/"},"wordCount":568,"commentCount":0,"publisher":{"@id":"https:\/\/www.doulkeridis.be\/blog\/#organization"},"image":{"@id":"https:\/\/www.doulkeridis.be\/blog\/2012\/03\/08\/legalite-femmeshommes-le-seul-vrai-bilan-honnete-est-negatif\/#primaryimage"},"thumbnailUrl":"https:\/\/www.doulkeridis.be\/blog\/wp-content\/uploads\/2012\/03\/DSC_48451.jpg","articleSection":["Ministre-Pr\u00e9sidence CoCof"],"inLanguage":"fr-FR","potentialAction":[{"@type":"CommentAction","name":"Comment","target":["https:\/\/www.doulkeridis.be\/blog\/2012\/03\/08\/legalite-femmeshommes-le-seul-vrai-bilan-honnete-est-negatif\/#respond"]}]},{"@type":"WebPage","@id":"https:\/\/www.doulkeridis.be\/blog\/2012\/03\/08\/legalite-femmeshommes-le-seul-vrai-bilan-honnete-est-negatif\/","url":"https:\/\/www.doulkeridis.be\/blog\/2012\/03\/08\/legalite-femmeshommes-le-seul-vrai-bilan-honnete-est-negatif\/","name":"L'\u00e9galit\u00e9 femmes\/hommes : le seul vrai bilan honn\u00eate est n\u00e9gatif - Christos Doulkeridis","isPartOf":{"@id":"https:\/\/www.doulkeridis.be\/blog\/#website"},"primaryImageOfPage":{"@id":"https:\/\/www.doulkeridis.be\/blog\/2012\/03\/08\/legalite-femmeshommes-le-seul-vrai-bilan-honnete-est-negatif\/#primaryimage"},"image":{"@id":"https:\/\/www.doulkeridis.be\/blog\/2012\/03\/08\/legalite-femmeshommes-le-seul-vrai-bilan-honnete-est-negatif\/#primaryimage"},"thumbnailUrl":"https:\/\/www.doulkeridis.be\/blog\/wp-content\/uploads\/2012\/03\/DSC_48451.jpg","datePublished":"2012-03-08T17:18:05+00:00","dateModified":"2012-03-19T12:56:30+00:00","breadcrumb":{"@id":"https:\/\/www.doulkeridis.be\/blog\/2012\/03\/08\/legalite-femmeshommes-le-seul-vrai-bilan-honnete-est-negatif\/#breadcrumb"},"inLanguage":"fr-FR","potentialAction":[{"@type":"ReadAction","target":["https:\/\/www.doulkeridis.be\/blog\/2012\/03\/08\/legalite-femmeshommes-le-seul-vrai-bilan-honnete-est-negatif\/"]}]},{"@type":"ImageObject","inLanguage":"fr-FR","@id":"https:\/\/www.doulkeridis.be\/blog\/2012\/03\/08\/legalite-femmeshommes-le-seul-vrai-bilan-honnete-est-negatif\/#primaryimage","url":"https:\/\/www.doulkeridis.be\/blog\/wp-content\/uploads\/2012\/03\/DSC_48451.jpg","contentUrl":"https:\/\/www.doulkeridis.be\/blog\/wp-content\/uploads\/2012\/03\/DSC_48451.jpg","width":"1775","height":"1181"},{"@type":"BreadcrumbList","@id":"https:\/\/www.doulkeridis.be\/blog\/2012\/03\/08\/legalite-femmeshommes-le-seul-vrai-bilan-honnete-est-negatif\/#breadcrumb","itemListElement":[{"@type":"ListItem","position":1,"name":"Accueil","item":"https:\/\/www.doulkeridis.be\/blog\/"},{"@type":"ListItem","position":2,"name":"L&rsquo;\u00e9galit\u00e9 femmes\/hommes : le seul vrai bilan honn\u00eate est n\u00e9gatif"}]},{"@type":"WebSite","@id":"https:\/\/www.doulkeridis.be\/blog\/#website","url":"https:\/\/www.doulkeridis.be\/blog\/","name":"Christos Doulkeridis","description":"Coach | Consultant en solutions, gestion de crise, n\u00e9gociations","publisher":{"@id":"https:\/\/www.doulkeridis.be\/blog\/#organization"},"potentialAction":[{"@type":"SearchAction","target":{"@type":"EntryPoint","urlTemplate":"https:\/\/www.doulkeridis.be\/blog\/?s={search_term_string}"},"query-input":{"@type":"PropertyValueSpecification","valueRequired":true,"valueName":"search_term_string"}}],"inLanguage":"fr-FR"},{"@type":"Organization","@id":"https:\/\/www.doulkeridis.be\/blog\/#organization","name":"Ulyse","url":"https:\/\/www.doulkeridis.be\/blog\/","logo":{"@type":"ImageObject","inLanguage":"fr-FR","@id":"https:\/\/www.doulkeridis.be\/blog\/#\/schema\/logo\/image\/","url":"https:\/\/www.doulkeridis.be\/blog\/wp-content\/uploads\/2026\/04\/2-5.png","contentUrl":"https:\/\/www.doulkeridis.be\/blog\/wp-content\/uploads\/2026\/04\/2-5.png","width":1024,"height":728,"caption":"Ulyse"},"image":{"@id":"https:\/\/www.doulkeridis.be\/blog\/#\/schema\/logo\/image\/"},"sameAs":["https:\/\/www.facebook.com\/doulkeridis","https:\/\/www.facebook.com\/christosdoulkeridis2"]},{"@type":"Person","@id":"https:\/\/www.doulkeridis.be\/blog\/#\/schema\/person\/9f03f3459f0a4ba4db02aabbba098365","name":"Christos Doulkeridis","image":{"@type":"ImageObject","inLanguage":"fr-FR","@id":"https:\/\/secure.gravatar.com\/avatar\/71cb6e4369ca0615d93730ef3bc5f54642df4f6bcc59b92763d2ac434abf103e?s=96&d=mm&r=g","url":"https:\/\/secure.gravatar.com\/avatar\/71cb6e4369ca0615d93730ef3bc5f54642df4f6bcc59b92763d2ac434abf103e?s=96&d=mm&r=g","contentUrl":"https:\/\/secure.gravatar.com\/avatar\/71cb6e4369ca0615d93730ef3bc5f54642df4f6bcc59b92763d2ac434abf103e?s=96&d=mm&r=g","caption":"Christos Doulkeridis"},"url":"https:\/\/www.doulkeridis.be\/blog\/author\/christos\/"}]}},"_links":{"self":[{"href":"https:\/\/www.doulkeridis.be\/blog\/wp-json\/wp\/v2\/posts\/6038","targetHints":{"allow":["GET"]}}],"collection":[{"href":"https:\/\/www.doulkeridis.be\/blog\/wp-json\/wp\/v2\/posts"}],"about":[{"href":"https:\/\/www.doulkeridis.be\/blog\/wp-json\/wp\/v2\/types\/post"}],"author":[{"embeddable":true,"href":"https:\/\/www.doulkeridis.be\/blog\/wp-json\/wp\/v2\/users\/2"}],"replies":[{"embeddable":true,"href":"https:\/\/www.doulkeridis.be\/blog\/wp-json\/wp\/v2\/comments?post=6038"}],"version-history":[{"count":14,"href":"https:\/\/www.doulkeridis.be\/blog\/wp-json\/wp\/v2\/posts\/6038\/revisions"}],"predecessor-version":[{"id":6189,"href":"https:\/\/www.doulkeridis.be\/blog\/wp-json\/wp\/v2\/posts\/6038\/revisions\/6189"}],"wp:featuredmedia":[{"embeddable":true,"href":"https:\/\/www.doulkeridis.be\/blog\/wp-json\/wp\/v2\/media\/6039"}],"wp:attachment":[{"href":"https:\/\/www.doulkeridis.be\/blog\/wp-json\/wp\/v2\/media?parent=6038"}],"wp:term":[{"taxonomy":"category","embeddable":true,"href":"https:\/\/www.doulkeridis.be\/blog\/wp-json\/wp\/v2\/categories?post=6038"},{"taxonomy":"post_tag","embeddable":true,"href":"https:\/\/www.doulkeridis.be\/blog\/wp-json\/wp\/v2\/tags?post=6038"}],"curies":[{"name":"wp","href":"https:\/\/api.w.org\/{rel}","templated":true}]}}