{"id":7106,"date":"2012-06-26T10:27:22","date_gmt":"2012-06-26T09:27:22","guid":{"rendered":"http:\/\/www.doulkeridis.be\/blog\/?p=7106"},"modified":"2012-06-26T10:52:55","modified_gmt":"2012-06-26T09:52:55","slug":"les-premiers-enseignements-sur-la-reconversion-de-bureaux","status":"publish","type":"post","link":"https:\/\/www.doulkeridis.be\/blog\/2012\/06\/26\/les-premiers-enseignements-sur-la-reconversion-de-bureaux\/","title":{"rendered":"Les premiers enseignements sur la reconversion de bureaux"},"content":{"rendered":"<div id=\"attachment_7107\" style=\"width: 310px\" class=\"wp-caption alignleft\"><a href=\"https:\/\/www.doulkeridis.be\/blog\/wp-content\/uploads\/2012\/06\/Livingstone_Exterieur02_klein.jpg\"><img loading=\"lazy\" decoding=\"async\" aria-describedby=\"caption-attachment-7107\" class=\" wp-image-7107\" title=\"Livingstone_Exterieur02_(klein)\" src=\"https:\/\/www.doulkeridis.be\/blog\/wp-content\/uploads\/2012\/06\/Livingstone_Exterieur02_klein-300x212.jpg\" alt=\"\" width=\"300\" height=\"212\" srcset=\"https:\/\/www.doulkeridis.be\/blog\/wp-content\/uploads\/2012\/06\/Livingstone_Exterieur02_klein-300x212.jpg 300w, https:\/\/www.doulkeridis.be\/blog\/wp-content\/uploads\/2012\/06\/Livingstone_Exterieur02_klein.jpg 800w\" sizes=\"auto, (max-width: 300px) 100vw, 300px\" \/><\/a><p id=\"caption-attachment-7107\" class=\"wp-caption-text\">Le projet de reconversion Livingstone s&#39;est d\u00e9j\u00e0 vu d\u00e9livr\u00e9 un permis d&#39;urbanisme<\/p><\/div>\n<p>R\u00e9cemment, je vous annon\u00e7ais la d\u00e9livrance du premier permis d&rsquo;urbanisme pour un projet de\u00a0 reconversion de bureau dans le cadre de l&rsquo;appel \u00e0 projet que j&rsquo;avais lanc\u00e9 en juin 2011. Il concerne la reconversion en 122 logements de l&rsquo;immeuble de bureaux situ\u00e9 avenue Livingstone, entre les rues Stevin et Joseph II. J&rsquo;\u00e9tais interrog\u00e9 ce matin en Commission Logement du Parlement r\u00e9gional bruxellois sur l&rsquo;\u00e9tat d&rsquo;avancement des autres projets.<\/p>\n<p>Selon les informations qui m&rsquo;ont \u00e9t\u00e9 communiqu\u00e9es par l&rsquo;Administration, une seule autre demande de permis est actuellement en cours d&rsquo;instruction pour l&rsquo;immeuble situ\u00e9 216 avenue Marcel Thiry, qui sera reconverti en une centaine de logements. Ce permis d&rsquo;urbanisme devrait \u00eatre d\u00e9livr\u00e9 incessamment. Une troisi\u00e8me demande de permis est sur le point d&rsquo;\u00eatre d\u00e9pos\u00e9e pour l&rsquo;immeuble situ\u00e9 au n\u00b034 du boulevard de la Woluwe.<br \/>\nCe sont donc les dossiers de trois des plus importants b\u00e2timents retenus par l&rsquo;appel \u00e0 projets 2011 qui se mettent en mouvement, pour un total de 283 logements sur les 450 logements pr\u00e9vus.<\/p>\n<p>En ce qui concerne les 5 autres dossiers retenus, je n&rsquo;ai pas connaissance de blocages, mais les candidats n&rsquo;ont \u00e0 ce jour pas encore introduit leur demande de permis d&rsquo;urbanisme. Ce qui m&rsquo;am\u00e8ne \u00e0 une autre question et une premi\u00e8re le\u00e7on \u00e0 tirer de l&rsquo;appel \u00e0 projets\u00a0: d\u00e9montrer la faisabilit\u00e9 technique et urbanistique de la transformation de ces bureaux en logements n&rsquo;est que la premi\u00e8re \u00e9tape du processus, une \u00e9tape qui \u00ab\u00a0n&rsquo;engage \u00e0 rien\u00a0\u00bb, du point de vue des candidats.<\/p>\n<p>Par contre modifier l&rsquo;affectation de l&rsquo;immeuble par un permis d&rsquo;urbanisme est un acte quasi irr\u00e9versible, qui suscite sans doute encore des h\u00e9sitations chez certains d&rsquo;entre eux&#8230;\u00a0 Ce changement d&rsquo;affectation implique en effet une destruction de valeur comptable des biens concern\u00e9s.<\/p>\n<p>L&rsquo;autre le\u00e7on \u00e0 tirer est relative au prix: dans les zones administratives, et singuli\u00e8rement le quartier europ\u00e9en, l&rsquo;incidence fonci\u00e8re reste fort \u00e9lev\u00e9e, m\u00eame pour des immeubles totalement obsol\u00e8tes. De plus, les co\u00fbts de transformation sont proches de ceux du neuf \u2013 on observe d&rsquo;ailleurs le m\u00eame ph\u00e9nom\u00e8ne dans les r\u00e9novations de logements. Ce qui explique aussi pourquoi nous avons eu peu de candidats \u00e0 la production de logements \u00e0 prix plafonn\u00e9s.<\/p>\n<p>Le prochain appel \u00e0 projets, que je compte lancer au second semestre 2012, sera donc remani\u00e9 afin de cibler sp\u00e9cifiquement la finalit\u00e9 sociale des logements issus de la reconversion de bureaux. Cela impliquera tr\u00e8s probablement une subsidiation par m\u00b2 sensiblement plus importante, ainsi qu&rsquo;un partenariat avec un organisme \u00e0 but non lucratif, tel qu&rsquo;une agence immobili\u00e8re sociale ou avec le Fonds du Logement.<\/p>\n<p>En effet, la r\u00e8gle europ\u00e9enne \u00ab\u00a0de minimis\u00a0\u00bb limite le subside aux entreprises commerciales \u00e0 200.000\u20ac par soci\u00e9t\u00e9 et par projet, ce qui r\u00e9duit sensiblement l&rsquo;effet levier sur des immeubles de plusieurs milliers de m\u00b2. Cette limite ne s&rsquo;applique pas aux ASBL comme les agences immobili\u00e8res sociales.<\/p>\n<p>Je pense d&rsquo;autre part que le partenariat avec une AIS pourrait int\u00e9resser certains op\u00e9rateurs immobiliers car il offre \u00e0 la fois un rendement garanti pour toute la p\u00e9riode de prise en gestion par l&rsquo;AIS, l&rsquo;assurance de r\u00e9cup\u00e9rer son bien en bon \u00e9tat \u00e0 l&rsquo;issue de la convention et surtout, il permet \u00e0 l&rsquo;op\u00e9rateur de conserver la propri\u00e9t\u00e9 des immeubles.<\/p>\n","protected":false},"excerpt":{"rendered":"<p>R\u00e9cemment, je vous annon\u00e7ais la d\u00e9livrance du premier permis d&rsquo;urbanisme pour un projet de\u00a0 reconversion de bureau dans le cadre de l&rsquo;appel \u00e0 projet que j&rsquo;avais lanc\u00e9 en juin 2011. Il concerne la reconversion en 122 logements de l&rsquo;immeuble de bureaux situ\u00e9 avenue Livingstone, entre les rues Stevin et Joseph II. J&rsquo;\u00e9tais interrog\u00e9 ce matin en Commission Logement du Parlement r\u00e9gional bruxellois sur l&rsquo;\u00e9tat d&rsquo;avancement des autres projets. Selon les informations qui m&rsquo;ont \u00e9t\u00e9 communiqu\u00e9es par l&rsquo;Administration, une seule autre demande de permis est actuellement en cours d&rsquo;instruction pour l&rsquo;immeuble situ\u00e9 216 avenue Marcel Thiry, qui sera reconverti en une centaine de logements. Ce permis d&rsquo;urbanisme devrait \u00eatre d\u00e9livr\u00e9 incessamment. Une troisi\u00e8me demande de permis est sur le point d&rsquo;\u00eatre d\u00e9pos\u00e9e pour l&rsquo;immeuble situ\u00e9 au n\u00b034 du boulevard de la Woluwe. Ce sont donc les dossiers de trois des plus importants b\u00e2timents retenus par l&rsquo;appel \u00e0 projets 2011 qui se mettent en mouvement, pour un total de 283 logements sur les 450 logements pr\u00e9vus. En ce qui concerne les 5 autres dossiers retenus, je n&rsquo;ai pas connaissance de blocages, mais les candidats n&rsquo;ont \u00e0 ce jour pas encore introduit leur demande de permis d&rsquo;urbanisme. Ce qui m&rsquo;am\u00e8ne \u00e0 une autre [&hellip;]<\/p>\n","protected":false},"author":2,"featured_media":7107,"comment_status":"open","ping_status":"open","sticky":false,"template":"","format":"standard","meta":{"_monsterinsights_skip_tracking":false,"_monsterinsights_sitenote_active":false,"_monsterinsights_sitenote_note":"","_monsterinsights_sitenote_category":0,"ngg_post_thumbnail":0,"footnotes":""},"categories":[3],"tags":[],"class_list":["post-7106","post","type-post","status-publish","format-standard","has-post-thumbnail","hentry","category-logement"],"yoast_head":"<!-- This site is optimized with the Yoast SEO plugin v27.4 - https:\/\/yoast.com\/product\/yoast-seo-wordpress\/ -->\n<title>Les premiers enseignements sur la reconversion de bureaux - Christos Doulkeridis<\/title>\n<meta name=\"robots\" content=\"index, follow, max-snippet:-1, max-image-preview:large, max-video-preview:-1\" \/>\n<link rel=\"canonical\" href=\"https:\/\/www.doulkeridis.be\/blog\/2012\/06\/26\/les-premiers-enseignements-sur-la-reconversion-de-bureaux\/\" \/>\n<meta property=\"og:locale\" content=\"fr_FR\" \/>\n<meta property=\"og:type\" content=\"article\" \/>\n<meta property=\"og:title\" content=\"Les premiers enseignements sur la reconversion de bureaux - Christos Doulkeridis\" \/>\n<meta property=\"og:description\" content=\"R\u00e9cemment, je vous annon\u00e7ais la d\u00e9livrance du premier permis d&rsquo;urbanisme pour un projet de\u00a0 reconversion de bureau dans le cadre de l&rsquo;appel \u00e0 projet que j&rsquo;avais lanc\u00e9 en juin 2011. Il concerne la reconversion en 122 logements de l&rsquo;immeuble de bureaux situ\u00e9 avenue Livingstone, entre les rues Stevin et Joseph II. J&rsquo;\u00e9tais interrog\u00e9 ce matin en Commission Logement du Parlement r\u00e9gional bruxellois sur l&rsquo;\u00e9tat d&rsquo;avancement des autres projets. Selon les informations qui m&rsquo;ont \u00e9t\u00e9 communiqu\u00e9es par l&rsquo;Administration, une seule autre demande de permis est actuellement en cours d&rsquo;instruction pour l&rsquo;immeuble situ\u00e9 216 avenue Marcel Thiry, qui sera reconverti en une centaine de logements. Ce permis d&rsquo;urbanisme devrait \u00eatre d\u00e9livr\u00e9 incessamment. Une troisi\u00e8me demande de permis est sur le point d&rsquo;\u00eatre d\u00e9pos\u00e9e pour l&rsquo;immeuble situ\u00e9 au n\u00b034 du boulevard de la Woluwe. Ce sont donc les dossiers de trois des plus importants b\u00e2timents retenus par l&rsquo;appel \u00e0 projets 2011 qui se mettent en mouvement, pour un total de 283 logements sur les 450 logements pr\u00e9vus. En ce qui concerne les 5 autres dossiers retenus, je n&rsquo;ai pas connaissance de blocages, mais les candidats n&rsquo;ont \u00e0 ce jour pas encore introduit leur demande de permis d&rsquo;urbanisme. Ce qui m&rsquo;am\u00e8ne \u00e0 une autre [&hellip;]\" \/>\n<meta property=\"og:url\" content=\"https:\/\/www.doulkeridis.be\/blog\/2012\/06\/26\/les-premiers-enseignements-sur-la-reconversion-de-bureaux\/\" \/>\n<meta property=\"og:site_name\" content=\"Christos Doulkeridis\" \/>\n<meta property=\"article:publisher\" content=\"https:\/\/www.facebook.com\/doulkeridis\" \/>\n<meta property=\"article:published_time\" content=\"2012-06-26T09:27:22+00:00\" \/>\n<meta property=\"article:modified_time\" content=\"2012-06-26T09:52:55+00:00\" \/>\n<meta property=\"og:image\" content=\"https:\/\/www.doulkeridis.be\/blog\/wp-content\/uploads\/2012\/06\/Livingstone_Exterieur02_klein.jpg\" \/>\n\t<meta property=\"og:image:width\" content=\"800\" \/>\n\t<meta property=\"og:image:height\" content=\"566\" \/>\n\t<meta property=\"og:image:type\" content=\"image\/jpeg\" \/>\n<meta name=\"author\" content=\"Christos Doulkeridis\" \/>\n<meta name=\"twitter:card\" content=\"summary_large_image\" \/>\n<meta name=\"twitter:label1\" content=\"\u00c9crit par\" \/>\n\t<meta name=\"twitter:data1\" content=\"Christos Doulkeridis\" \/>\n\t<meta name=\"twitter:label2\" content=\"Dur\u00e9e de lecture estim\u00e9e\" \/>\n\t<meta name=\"twitter:data2\" content=\"3 minutes\" \/>\n<script type=\"application\/ld+json\" class=\"yoast-schema-graph\">{\"@context\":\"https:\\\/\\\/schema.org\",\"@graph\":[{\"@type\":\"Article\",\"@id\":\"https:\\\/\\\/www.doulkeridis.be\\\/blog\\\/2012\\\/06\\\/26\\\/les-premiers-enseignements-sur-la-reconversion-de-bureaux\\\/#article\",\"isPartOf\":{\"@id\":\"https:\\\/\\\/www.doulkeridis.be\\\/blog\\\/2012\\\/06\\\/26\\\/les-premiers-enseignements-sur-la-reconversion-de-bureaux\\\/\"},\"author\":{\"name\":\"Christos Doulkeridis\",\"@id\":\"https:\\\/\\\/www.doulkeridis.be\\\/blog\\\/#\\\/schema\\\/person\\\/9f03f3459f0a4ba4db02aabbba098365\"},\"headline\":\"Les premiers enseignements sur la reconversion de bureaux\",\"datePublished\":\"2012-06-26T09:27:22+00:00\",\"dateModified\":\"2012-06-26T09:52:55+00:00\",\"mainEntityOfPage\":{\"@id\":\"https:\\\/\\\/www.doulkeridis.be\\\/blog\\\/2012\\\/06\\\/26\\\/les-premiers-enseignements-sur-la-reconversion-de-bureaux\\\/\"},\"wordCount\":615,\"commentCount\":0,\"publisher\":{\"@id\":\"https:\\\/\\\/www.doulkeridis.be\\\/blog\\\/#organization\"},\"image\":{\"@id\":\"https:\\\/\\\/www.doulkeridis.be\\\/blog\\\/2012\\\/06\\\/26\\\/les-premiers-enseignements-sur-la-reconversion-de-bureaux\\\/#primaryimage\"},\"thumbnailUrl\":\"https:\\\/\\\/www.doulkeridis.be\\\/blog\\\/wp-content\\\/uploads\\\/2012\\\/06\\\/Livingstone_Exterieur02_klein.jpg\",\"articleSection\":[\"Logement\"],\"inLanguage\":\"fr-FR\",\"potentialAction\":[{\"@type\":\"CommentAction\",\"name\":\"Comment\",\"target\":[\"https:\\\/\\\/www.doulkeridis.be\\\/blog\\\/2012\\\/06\\\/26\\\/les-premiers-enseignements-sur-la-reconversion-de-bureaux\\\/#respond\"]}]},{\"@type\":\"WebPage\",\"@id\":\"https:\\\/\\\/www.doulkeridis.be\\\/blog\\\/2012\\\/06\\\/26\\\/les-premiers-enseignements-sur-la-reconversion-de-bureaux\\\/\",\"url\":\"https:\\\/\\\/www.doulkeridis.be\\\/blog\\\/2012\\\/06\\\/26\\\/les-premiers-enseignements-sur-la-reconversion-de-bureaux\\\/\",\"name\":\"Les premiers enseignements sur la reconversion de bureaux - Christos Doulkeridis\",\"isPartOf\":{\"@id\":\"https:\\\/\\\/www.doulkeridis.be\\\/blog\\\/#website\"},\"primaryImageOfPage\":{\"@id\":\"https:\\\/\\\/www.doulkeridis.be\\\/blog\\\/2012\\\/06\\\/26\\\/les-premiers-enseignements-sur-la-reconversion-de-bureaux\\\/#primaryimage\"},\"image\":{\"@id\":\"https:\\\/\\\/www.doulkeridis.be\\\/blog\\\/2012\\\/06\\\/26\\\/les-premiers-enseignements-sur-la-reconversion-de-bureaux\\\/#primaryimage\"},\"thumbnailUrl\":\"https:\\\/\\\/www.doulkeridis.be\\\/blog\\\/wp-content\\\/uploads\\\/2012\\\/06\\\/Livingstone_Exterieur02_klein.jpg\",\"datePublished\":\"2012-06-26T09:27:22+00:00\",\"dateModified\":\"2012-06-26T09:52:55+00:00\",\"breadcrumb\":{\"@id\":\"https:\\\/\\\/www.doulkeridis.be\\\/blog\\\/2012\\\/06\\\/26\\\/les-premiers-enseignements-sur-la-reconversion-de-bureaux\\\/#breadcrumb\"},\"inLanguage\":\"fr-FR\",\"potentialAction\":[{\"@type\":\"ReadAction\",\"target\":[\"https:\\\/\\\/www.doulkeridis.be\\\/blog\\\/2012\\\/06\\\/26\\\/les-premiers-enseignements-sur-la-reconversion-de-bureaux\\\/\"]}]},{\"@type\":\"ImageObject\",\"inLanguage\":\"fr-FR\",\"@id\":\"https:\\\/\\\/www.doulkeridis.be\\\/blog\\\/2012\\\/06\\\/26\\\/les-premiers-enseignements-sur-la-reconversion-de-bureaux\\\/#primaryimage\",\"url\":\"https:\\\/\\\/www.doulkeridis.be\\\/blog\\\/wp-content\\\/uploads\\\/2012\\\/06\\\/Livingstone_Exterieur02_klein.jpg\",\"contentUrl\":\"https:\\\/\\\/www.doulkeridis.be\\\/blog\\\/wp-content\\\/uploads\\\/2012\\\/06\\\/Livingstone_Exterieur02_klein.jpg\",\"width\":\"800\",\"height\":\"566\"},{\"@type\":\"BreadcrumbList\",\"@id\":\"https:\\\/\\\/www.doulkeridis.be\\\/blog\\\/2012\\\/06\\\/26\\\/les-premiers-enseignements-sur-la-reconversion-de-bureaux\\\/#breadcrumb\",\"itemListElement\":[{\"@type\":\"ListItem\",\"position\":1,\"name\":\"Accueil\",\"item\":\"https:\\\/\\\/www.doulkeridis.be\\\/blog\\\/\"},{\"@type\":\"ListItem\",\"position\":2,\"name\":\"Les premiers enseignements sur la reconversion de bureaux\"}]},{\"@type\":\"WebSite\",\"@id\":\"https:\\\/\\\/www.doulkeridis.be\\\/blog\\\/#website\",\"url\":\"https:\\\/\\\/www.doulkeridis.be\\\/blog\\\/\",\"name\":\"Christos Doulkeridis\",\"description\":\"Coach | Consultant en solutions, gestion de crise, n\u00e9gociations\",\"publisher\":{\"@id\":\"https:\\\/\\\/www.doulkeridis.be\\\/blog\\\/#organization\"},\"potentialAction\":[{\"@type\":\"SearchAction\",\"target\":{\"@type\":\"EntryPoint\",\"urlTemplate\":\"https:\\\/\\\/www.doulkeridis.be\\\/blog\\\/?s={search_term_string}\"},\"query-input\":{\"@type\":\"PropertyValueSpecification\",\"valueRequired\":true,\"valueName\":\"search_term_string\"}}],\"inLanguage\":\"fr-FR\"},{\"@type\":\"Organization\",\"@id\":\"https:\\\/\\\/www.doulkeridis.be\\\/blog\\\/#organization\",\"name\":\"Ulyse\",\"url\":\"https:\\\/\\\/www.doulkeridis.be\\\/blog\\\/\",\"logo\":{\"@type\":\"ImageObject\",\"inLanguage\":\"fr-FR\",\"@id\":\"https:\\\/\\\/www.doulkeridis.be\\\/blog\\\/#\\\/schema\\\/logo\\\/image\\\/\",\"url\":\"https:\\\/\\\/www.doulkeridis.be\\\/blog\\\/wp-content\\\/uploads\\\/2026\\\/04\\\/2-5.png\",\"contentUrl\":\"https:\\\/\\\/www.doulkeridis.be\\\/blog\\\/wp-content\\\/uploads\\\/2026\\\/04\\\/2-5.png\",\"width\":1024,\"height\":728,\"caption\":\"Ulyse\"},\"image\":{\"@id\":\"https:\\\/\\\/www.doulkeridis.be\\\/blog\\\/#\\\/schema\\\/logo\\\/image\\\/\"},\"sameAs\":[\"https:\\\/\\\/www.facebook.com\\\/doulkeridis\",\"https:\\\/\\\/www.facebook.com\\\/christosdoulkeridis2\"]},{\"@type\":\"Person\",\"@id\":\"https:\\\/\\\/www.doulkeridis.be\\\/blog\\\/#\\\/schema\\\/person\\\/9f03f3459f0a4ba4db02aabbba098365\",\"name\":\"Christos Doulkeridis\",\"image\":{\"@type\":\"ImageObject\",\"inLanguage\":\"fr-FR\",\"@id\":\"https:\\\/\\\/secure.gravatar.com\\\/avatar\\\/71cb6e4369ca0615d93730ef3bc5f54642df4f6bcc59b92763d2ac434abf103e?s=96&d=mm&r=g\",\"url\":\"https:\\\/\\\/secure.gravatar.com\\\/avatar\\\/71cb6e4369ca0615d93730ef3bc5f54642df4f6bcc59b92763d2ac434abf103e?s=96&d=mm&r=g\",\"contentUrl\":\"https:\\\/\\\/secure.gravatar.com\\\/avatar\\\/71cb6e4369ca0615d93730ef3bc5f54642df4f6bcc59b92763d2ac434abf103e?s=96&d=mm&r=g\",\"caption\":\"Christos Doulkeridis\"},\"url\":\"https:\\\/\\\/www.doulkeridis.be\\\/blog\\\/author\\\/christos\\\/\"}]}<\/script>\n<!-- \/ Yoast SEO plugin. -->","yoast_head_json":{"title":"Les premiers enseignements sur la reconversion de bureaux - Christos Doulkeridis","robots":{"index":"index","follow":"follow","max-snippet":"max-snippet:-1","max-image-preview":"max-image-preview:large","max-video-preview":"max-video-preview:-1"},"canonical":"https:\/\/www.doulkeridis.be\/blog\/2012\/06\/26\/les-premiers-enseignements-sur-la-reconversion-de-bureaux\/","og_locale":"fr_FR","og_type":"article","og_title":"Les premiers enseignements sur la reconversion de bureaux - Christos Doulkeridis","og_description":"R\u00e9cemment, je vous annon\u00e7ais la d\u00e9livrance du premier permis d&rsquo;urbanisme pour un projet de\u00a0 reconversion de bureau dans le cadre de l&rsquo;appel \u00e0 projet que j&rsquo;avais lanc\u00e9 en juin 2011. Il concerne la reconversion en 122 logements de l&rsquo;immeuble de bureaux situ\u00e9 avenue Livingstone, entre les rues Stevin et Joseph II. J&rsquo;\u00e9tais interrog\u00e9 ce matin en Commission Logement du Parlement r\u00e9gional bruxellois sur l&rsquo;\u00e9tat d&rsquo;avancement des autres projets. Selon les informations qui m&rsquo;ont \u00e9t\u00e9 communiqu\u00e9es par l&rsquo;Administration, une seule autre demande de permis est actuellement en cours d&rsquo;instruction pour l&rsquo;immeuble situ\u00e9 216 avenue Marcel Thiry, qui sera reconverti en une centaine de logements. Ce permis d&rsquo;urbanisme devrait \u00eatre d\u00e9livr\u00e9 incessamment. Une troisi\u00e8me demande de permis est sur le point d&rsquo;\u00eatre d\u00e9pos\u00e9e pour l&rsquo;immeuble situ\u00e9 au n\u00b034 du boulevard de la Woluwe. Ce sont donc les dossiers de trois des plus importants b\u00e2timents retenus par l&rsquo;appel \u00e0 projets 2011 qui se mettent en mouvement, pour un total de 283 logements sur les 450 logements pr\u00e9vus. En ce qui concerne les 5 autres dossiers retenus, je n&rsquo;ai pas connaissance de blocages, mais les candidats n&rsquo;ont \u00e0 ce jour pas encore introduit leur demande de permis d&rsquo;urbanisme. Ce qui m&rsquo;am\u00e8ne \u00e0 une autre [&hellip;]","og_url":"https:\/\/www.doulkeridis.be\/blog\/2012\/06\/26\/les-premiers-enseignements-sur-la-reconversion-de-bureaux\/","og_site_name":"Christos Doulkeridis","article_publisher":"https:\/\/www.facebook.com\/doulkeridis","article_published_time":"2012-06-26T09:27:22+00:00","article_modified_time":"2012-06-26T09:52:55+00:00","og_image":[{"width":800,"height":566,"url":"https:\/\/www.doulkeridis.be\/blog\/wp-content\/uploads\/2012\/06\/Livingstone_Exterieur02_klein.jpg","type":"image\/jpeg"}],"author":"Christos Doulkeridis","twitter_card":"summary_large_image","twitter_misc":{"\u00c9crit par":"Christos Doulkeridis","Dur\u00e9e de lecture estim\u00e9e":"3 minutes"},"schema":{"@context":"https:\/\/schema.org","@graph":[{"@type":"Article","@id":"https:\/\/www.doulkeridis.be\/blog\/2012\/06\/26\/les-premiers-enseignements-sur-la-reconversion-de-bureaux\/#article","isPartOf":{"@id":"https:\/\/www.doulkeridis.be\/blog\/2012\/06\/26\/les-premiers-enseignements-sur-la-reconversion-de-bureaux\/"},"author":{"name":"Christos Doulkeridis","@id":"https:\/\/www.doulkeridis.be\/blog\/#\/schema\/person\/9f03f3459f0a4ba4db02aabbba098365"},"headline":"Les premiers enseignements sur la reconversion de bureaux","datePublished":"2012-06-26T09:27:22+00:00","dateModified":"2012-06-26T09:52:55+00:00","mainEntityOfPage":{"@id":"https:\/\/www.doulkeridis.be\/blog\/2012\/06\/26\/les-premiers-enseignements-sur-la-reconversion-de-bureaux\/"},"wordCount":615,"commentCount":0,"publisher":{"@id":"https:\/\/www.doulkeridis.be\/blog\/#organization"},"image":{"@id":"https:\/\/www.doulkeridis.be\/blog\/2012\/06\/26\/les-premiers-enseignements-sur-la-reconversion-de-bureaux\/#primaryimage"},"thumbnailUrl":"https:\/\/www.doulkeridis.be\/blog\/wp-content\/uploads\/2012\/06\/Livingstone_Exterieur02_klein.jpg","articleSection":["Logement"],"inLanguage":"fr-FR","potentialAction":[{"@type":"CommentAction","name":"Comment","target":["https:\/\/www.doulkeridis.be\/blog\/2012\/06\/26\/les-premiers-enseignements-sur-la-reconversion-de-bureaux\/#respond"]}]},{"@type":"WebPage","@id":"https:\/\/www.doulkeridis.be\/blog\/2012\/06\/26\/les-premiers-enseignements-sur-la-reconversion-de-bureaux\/","url":"https:\/\/www.doulkeridis.be\/blog\/2012\/06\/26\/les-premiers-enseignements-sur-la-reconversion-de-bureaux\/","name":"Les premiers enseignements sur la reconversion de bureaux - Christos Doulkeridis","isPartOf":{"@id":"https:\/\/www.doulkeridis.be\/blog\/#website"},"primaryImageOfPage":{"@id":"https:\/\/www.doulkeridis.be\/blog\/2012\/06\/26\/les-premiers-enseignements-sur-la-reconversion-de-bureaux\/#primaryimage"},"image":{"@id":"https:\/\/www.doulkeridis.be\/blog\/2012\/06\/26\/les-premiers-enseignements-sur-la-reconversion-de-bureaux\/#primaryimage"},"thumbnailUrl":"https:\/\/www.doulkeridis.be\/blog\/wp-content\/uploads\/2012\/06\/Livingstone_Exterieur02_klein.jpg","datePublished":"2012-06-26T09:27:22+00:00","dateModified":"2012-06-26T09:52:55+00:00","breadcrumb":{"@id":"https:\/\/www.doulkeridis.be\/blog\/2012\/06\/26\/les-premiers-enseignements-sur-la-reconversion-de-bureaux\/#breadcrumb"},"inLanguage":"fr-FR","potentialAction":[{"@type":"ReadAction","target":["https:\/\/www.doulkeridis.be\/blog\/2012\/06\/26\/les-premiers-enseignements-sur-la-reconversion-de-bureaux\/"]}]},{"@type":"ImageObject","inLanguage":"fr-FR","@id":"https:\/\/www.doulkeridis.be\/blog\/2012\/06\/26\/les-premiers-enseignements-sur-la-reconversion-de-bureaux\/#primaryimage","url":"https:\/\/www.doulkeridis.be\/blog\/wp-content\/uploads\/2012\/06\/Livingstone_Exterieur02_klein.jpg","contentUrl":"https:\/\/www.doulkeridis.be\/blog\/wp-content\/uploads\/2012\/06\/Livingstone_Exterieur02_klein.jpg","width":"800","height":"566"},{"@type":"BreadcrumbList","@id":"https:\/\/www.doulkeridis.be\/blog\/2012\/06\/26\/les-premiers-enseignements-sur-la-reconversion-de-bureaux\/#breadcrumb","itemListElement":[{"@type":"ListItem","position":1,"name":"Accueil","item":"https:\/\/www.doulkeridis.be\/blog\/"},{"@type":"ListItem","position":2,"name":"Les premiers enseignements sur la reconversion de bureaux"}]},{"@type":"WebSite","@id":"https:\/\/www.doulkeridis.be\/blog\/#website","url":"https:\/\/www.doulkeridis.be\/blog\/","name":"Christos Doulkeridis","description":"Coach | Consultant en solutions, gestion de crise, n\u00e9gociations","publisher":{"@id":"https:\/\/www.doulkeridis.be\/blog\/#organization"},"potentialAction":[{"@type":"SearchAction","target":{"@type":"EntryPoint","urlTemplate":"https:\/\/www.doulkeridis.be\/blog\/?s={search_term_string}"},"query-input":{"@type":"PropertyValueSpecification","valueRequired":true,"valueName":"search_term_string"}}],"inLanguage":"fr-FR"},{"@type":"Organization","@id":"https:\/\/www.doulkeridis.be\/blog\/#organization","name":"Ulyse","url":"https:\/\/www.doulkeridis.be\/blog\/","logo":{"@type":"ImageObject","inLanguage":"fr-FR","@id":"https:\/\/www.doulkeridis.be\/blog\/#\/schema\/logo\/image\/","url":"https:\/\/www.doulkeridis.be\/blog\/wp-content\/uploads\/2026\/04\/2-5.png","contentUrl":"https:\/\/www.doulkeridis.be\/blog\/wp-content\/uploads\/2026\/04\/2-5.png","width":1024,"height":728,"caption":"Ulyse"},"image":{"@id":"https:\/\/www.doulkeridis.be\/blog\/#\/schema\/logo\/image\/"},"sameAs":["https:\/\/www.facebook.com\/doulkeridis","https:\/\/www.facebook.com\/christosdoulkeridis2"]},{"@type":"Person","@id":"https:\/\/www.doulkeridis.be\/blog\/#\/schema\/person\/9f03f3459f0a4ba4db02aabbba098365","name":"Christos Doulkeridis","image":{"@type":"ImageObject","inLanguage":"fr-FR","@id":"https:\/\/secure.gravatar.com\/avatar\/71cb6e4369ca0615d93730ef3bc5f54642df4f6bcc59b92763d2ac434abf103e?s=96&d=mm&r=g","url":"https:\/\/secure.gravatar.com\/avatar\/71cb6e4369ca0615d93730ef3bc5f54642df4f6bcc59b92763d2ac434abf103e?s=96&d=mm&r=g","contentUrl":"https:\/\/secure.gravatar.com\/avatar\/71cb6e4369ca0615d93730ef3bc5f54642df4f6bcc59b92763d2ac434abf103e?s=96&d=mm&r=g","caption":"Christos Doulkeridis"},"url":"https:\/\/www.doulkeridis.be\/blog\/author\/christos\/"}]}},"_links":{"self":[{"href":"https:\/\/www.doulkeridis.be\/blog\/wp-json\/wp\/v2\/posts\/7106","targetHints":{"allow":["GET"]}}],"collection":[{"href":"https:\/\/www.doulkeridis.be\/blog\/wp-json\/wp\/v2\/posts"}],"about":[{"href":"https:\/\/www.doulkeridis.be\/blog\/wp-json\/wp\/v2\/types\/post"}],"author":[{"embeddable":true,"href":"https:\/\/www.doulkeridis.be\/blog\/wp-json\/wp\/v2\/users\/2"}],"replies":[{"embeddable":true,"href":"https:\/\/www.doulkeridis.be\/blog\/wp-json\/wp\/v2\/comments?post=7106"}],"version-history":[{"count":7,"href":"https:\/\/www.doulkeridis.be\/blog\/wp-json\/wp\/v2\/posts\/7106\/revisions"}],"predecessor-version":[{"id":7113,"href":"https:\/\/www.doulkeridis.be\/blog\/wp-json\/wp\/v2\/posts\/7106\/revisions\/7113"}],"wp:featuredmedia":[{"embeddable":true,"href":"https:\/\/www.doulkeridis.be\/blog\/wp-json\/wp\/v2\/media\/7107"}],"wp:attachment":[{"href":"https:\/\/www.doulkeridis.be\/blog\/wp-json\/wp\/v2\/media?parent=7106"}],"wp:term":[{"taxonomy":"category","embeddable":true,"href":"https:\/\/www.doulkeridis.be\/blog\/wp-json\/wp\/v2\/categories?post=7106"},{"taxonomy":"post_tag","embeddable":true,"href":"https:\/\/www.doulkeridis.be\/blog\/wp-json\/wp\/v2\/tags?post=7106"}],"curies":[{"name":"wp","href":"https:\/\/api.w.org\/{rel}","templated":true}]}}