{"id":7505,"date":"2012-08-21T10:20:13","date_gmt":"2012-08-21T09:20:13","guid":{"rendered":"http:\/\/www.doulkeridis.be\/blog\/?p=7505"},"modified":"2012-09-14T08:08:04","modified_gmt":"2012-09-14T07:08:04","slug":"le-prochain-delegue-cocolo-cest-peut-etre-vous","status":"publish","type":"post","link":"https:\/\/www.doulkeridis.be\/blog\/2012\/08\/21\/le-prochain-delegue-cocolo-cest-peut-etre-vous\/","title":{"rendered":"Le prochain d\u00e9l\u00e9gu\u00e9 CoCoLo, c&rsquo;est peut-\u00eatre vous!"},"content":{"rendered":"<p>Vous habitez dans un logement social\u00a0? Votre voix compte. En effet, depuis 2004, les locataires des diff\u00e9rentes soci\u00e9t\u00e9s de logement social en R\u00e9gion bruxelloise ont le droit d&rsquo;\u00e9lire ou de si\u00e9ger au sein d&rsquo;un conseil consultatif des locataires\u00a0(CoCoLo).<\/p>\n<p>Ce conseil est constitu\u00e9 d&rsquo;habitants d\u00e9sireux de repr\u00e9senter les autres locataires aupr\u00e8s de leur soci\u00e9t\u00e9 de logement social. Ces personnes sont \u00e9lues tous les trois ans pour \u00e9couter les autres locataires, faire entendre leurs voix, pour participer aux d\u00e9bats du conseil d&rsquo;administration mais aussi pour informer des d\u00e9cisions prises au sein de la SISP. Elles peuvent aussi rendre des avis et \u00e9mettre des propositions pour am\u00e9liorer le quotidien des habitants du logement social.<\/p>\n<p>En janvier 2013, de nouvelles \u00e9lections auront lieu. Vous pouvez, vous aussi, d\u00e9poser votre candidature pour devenir d\u00e9l\u00e9gu\u00e9 dans votre CoCoLo.<\/p>\n<p>Voici un petit clip qui vous explique ce que sont les CoCoLos&#8230;<br \/>\n<iframe loading=\"lazy\" title=\"Le CoCoLo, Participez \u00e0 la vie de votre Soci\u00e9t\u00e9 de logements\" width=\"500\" height=\"281\" src=\"https:\/\/www.youtube.com\/embed\/Pe6SoDnt9EQ?feature=oembed\" frameborder=\"0\" allow=\"accelerometer; autoplay; clipboard-write; encrypted-media; gyroscope; picture-in-picture; web-share\" referrerpolicy=\"strict-origin-when-cross-origin\" allowfullscreen><\/iframe><\/p>\n","protected":false},"excerpt":{"rendered":"<p>Vous habitez dans un logement social\u00a0? Votre voix compte. En effet, depuis 2004, les locataires des diff\u00e9rentes soci\u00e9t\u00e9s de logement social en R\u00e9gion bruxelloise ont le droit d&rsquo;\u00e9lire ou de si\u00e9ger au sein d&rsquo;un conseil consultatif des locataires\u00a0(CoCoLo). Ce conseil est constitu\u00e9 d&rsquo;habitants d\u00e9sireux de repr\u00e9senter les autres locataires aupr\u00e8s de leur soci\u00e9t\u00e9 de logement social. Ces personnes sont \u00e9lues tous les trois ans pour \u00e9couter les autres locataires, faire entendre leurs voix, pour participer aux d\u00e9bats du conseil d&rsquo;administration mais aussi pour informer des d\u00e9cisions prises au sein de la SISP. Elles peuvent aussi rendre des avis et \u00e9mettre des propositions pour am\u00e9liorer le quotidien des habitants du logement social. En janvier 2013, de nouvelles \u00e9lections auront lieu. Vous pouvez, vous aussi, d\u00e9poser votre candidature pour devenir d\u00e9l\u00e9gu\u00e9 dans votre CoCoLo. Voici un petit clip qui vous explique ce que sont les CoCoLos&#8230;<\/p>\n","protected":false},"author":2,"featured_media":7511,"comment_status":"open","ping_status":"open","sticky":false,"template":"","format":"standard","meta":{"_monsterinsights_skip_tracking":false,"_monsterinsights_sitenote_active":false,"_monsterinsights_sitenote_note":"","_monsterinsights_sitenote_category":0,"ngg_post_thumbnail":0,"footnotes":""},"categories":[3],"tags":[],"class_list":["post-7505","post","type-post","status-publish","format-standard","has-post-thumbnail","hentry","category-logement"],"yoast_head":"<!-- This site is optimized with the Yoast SEO plugin v27.4 - https:\/\/yoast.com\/product\/yoast-seo-wordpress\/ -->\n<title>Le prochain d\u00e9l\u00e9gu\u00e9 CoCoLo, c&#039;est peut-\u00eatre vous! - Christos Doulkeridis<\/title>\n<meta name=\"robots\" content=\"index, follow, max-snippet:-1, max-image-preview:large, max-video-preview:-1\" \/>\n<link rel=\"canonical\" href=\"https:\/\/www.doulkeridis.be\/blog\/2012\/08\/21\/le-prochain-delegue-cocolo-cest-peut-etre-vous\/\" \/>\n<meta property=\"og:locale\" content=\"fr_FR\" \/>\n<meta property=\"og:type\" content=\"article\" \/>\n<meta property=\"og:title\" content=\"Le prochain d\u00e9l\u00e9gu\u00e9 CoCoLo, c&#039;est peut-\u00eatre vous! - Christos Doulkeridis\" \/>\n<meta property=\"og:description\" content=\"Vous habitez dans un logement social\u00a0? Votre voix compte. En effet, depuis 2004, les locataires des diff\u00e9rentes soci\u00e9t\u00e9s de logement social en R\u00e9gion bruxelloise ont le droit d&rsquo;\u00e9lire ou de si\u00e9ger au sein d&rsquo;un conseil consultatif des locataires\u00a0(CoCoLo). Ce conseil est constitu\u00e9 d&rsquo;habitants d\u00e9sireux de repr\u00e9senter les autres locataires aupr\u00e8s de leur soci\u00e9t\u00e9 de logement social. Ces personnes sont \u00e9lues tous les trois ans pour \u00e9couter les autres locataires, faire entendre leurs voix, pour participer aux d\u00e9bats du conseil d&rsquo;administration mais aussi pour informer des d\u00e9cisions prises au sein de la SISP. Elles peuvent aussi rendre des avis et \u00e9mettre des propositions pour am\u00e9liorer le quotidien des habitants du logement social. En janvier 2013, de nouvelles \u00e9lections auront lieu. Vous pouvez, vous aussi, d\u00e9poser votre candidature pour devenir d\u00e9l\u00e9gu\u00e9 dans votre CoCoLo. Voici un petit clip qui vous explique ce que sont les CoCoLos&#8230;\" \/>\n<meta property=\"og:url\" content=\"https:\/\/www.doulkeridis.be\/blog\/2012\/08\/21\/le-prochain-delegue-cocolo-cest-peut-etre-vous\/\" \/>\n<meta property=\"og:site_name\" content=\"Christos Doulkeridis\" \/>\n<meta property=\"article:publisher\" content=\"https:\/\/www.facebook.com\/doulkeridis\" \/>\n<meta property=\"article:published_time\" content=\"2012-08-21T09:20:13+00:00\" \/>\n<meta property=\"article:modified_time\" content=\"2012-09-14T07:08:04+00:00\" \/>\n<meta property=\"og:image\" content=\"https:\/\/www.doulkeridis.be\/blog\/wp-content\/uploads\/2012\/08\/cocolo.jpg\" \/>\n\t<meta property=\"og:image:width\" content=\"640\" \/>\n\t<meta property=\"og:image:height\" content=\"360\" \/>\n\t<meta property=\"og:image:type\" content=\"image\/jpeg\" \/>\n<meta name=\"author\" content=\"Christos Doulkeridis\" \/>\n<meta name=\"twitter:card\" content=\"summary_large_image\" \/>\n<meta name=\"twitter:label1\" content=\"\u00c9crit par\" \/>\n\t<meta name=\"twitter:data1\" content=\"Christos Doulkeridis\" \/>\n\t<meta name=\"twitter:label2\" content=\"Dur\u00e9e de lecture estim\u00e9e\" \/>\n\t<meta name=\"twitter:data2\" content=\"1 minute\" \/>\n<script type=\"application\/ld+json\" class=\"yoast-schema-graph\">{\"@context\":\"https:\\\/\\\/schema.org\",\"@graph\":[{\"@type\":\"Article\",\"@id\":\"https:\\\/\\\/www.doulkeridis.be\\\/blog\\\/2012\\\/08\\\/21\\\/le-prochain-delegue-cocolo-cest-peut-etre-vous\\\/#article\",\"isPartOf\":{\"@id\":\"https:\\\/\\\/www.doulkeridis.be\\\/blog\\\/2012\\\/08\\\/21\\\/le-prochain-delegue-cocolo-cest-peut-etre-vous\\\/\"},\"author\":{\"name\":\"Christos Doulkeridis\",\"@id\":\"https:\\\/\\\/www.doulkeridis.be\\\/blog\\\/#\\\/schema\\\/person\\\/9f03f3459f0a4ba4db02aabbba098365\"},\"headline\":\"Le prochain d\u00e9l\u00e9gu\u00e9 CoCoLo, c&rsquo;est peut-\u00eatre vous!\",\"datePublished\":\"2012-08-21T09:20:13+00:00\",\"dateModified\":\"2012-09-14T07:08:04+00:00\",\"mainEntityOfPage\":{\"@id\":\"https:\\\/\\\/www.doulkeridis.be\\\/blog\\\/2012\\\/08\\\/21\\\/le-prochain-delegue-cocolo-cest-peut-etre-vous\\\/\"},\"wordCount\":179,\"commentCount\":0,\"publisher\":{\"@id\":\"https:\\\/\\\/www.doulkeridis.be\\\/blog\\\/#organization\"},\"image\":{\"@id\":\"https:\\\/\\\/www.doulkeridis.be\\\/blog\\\/2012\\\/08\\\/21\\\/le-prochain-delegue-cocolo-cest-peut-etre-vous\\\/#primaryimage\"},\"thumbnailUrl\":\"https:\\\/\\\/www.doulkeridis.be\\\/blog\\\/wp-content\\\/uploads\\\/2012\\\/08\\\/cocolo.jpg\",\"articleSection\":[\"Logement\"],\"inLanguage\":\"fr-FR\",\"potentialAction\":[{\"@type\":\"CommentAction\",\"name\":\"Comment\",\"target\":[\"https:\\\/\\\/www.doulkeridis.be\\\/blog\\\/2012\\\/08\\\/21\\\/le-prochain-delegue-cocolo-cest-peut-etre-vous\\\/#respond\"]}]},{\"@type\":\"WebPage\",\"@id\":\"https:\\\/\\\/www.doulkeridis.be\\\/blog\\\/2012\\\/08\\\/21\\\/le-prochain-delegue-cocolo-cest-peut-etre-vous\\\/\",\"url\":\"https:\\\/\\\/www.doulkeridis.be\\\/blog\\\/2012\\\/08\\\/21\\\/le-prochain-delegue-cocolo-cest-peut-etre-vous\\\/\",\"name\":\"Le prochain d\u00e9l\u00e9gu\u00e9 CoCoLo, c'est peut-\u00eatre vous! - Christos Doulkeridis\",\"isPartOf\":{\"@id\":\"https:\\\/\\\/www.doulkeridis.be\\\/blog\\\/#website\"},\"primaryImageOfPage\":{\"@id\":\"https:\\\/\\\/www.doulkeridis.be\\\/blog\\\/2012\\\/08\\\/21\\\/le-prochain-delegue-cocolo-cest-peut-etre-vous\\\/#primaryimage\"},\"image\":{\"@id\":\"https:\\\/\\\/www.doulkeridis.be\\\/blog\\\/2012\\\/08\\\/21\\\/le-prochain-delegue-cocolo-cest-peut-etre-vous\\\/#primaryimage\"},\"thumbnailUrl\":\"https:\\\/\\\/www.doulkeridis.be\\\/blog\\\/wp-content\\\/uploads\\\/2012\\\/08\\\/cocolo.jpg\",\"datePublished\":\"2012-08-21T09:20:13+00:00\",\"dateModified\":\"2012-09-14T07:08:04+00:00\",\"breadcrumb\":{\"@id\":\"https:\\\/\\\/www.doulkeridis.be\\\/blog\\\/2012\\\/08\\\/21\\\/le-prochain-delegue-cocolo-cest-peut-etre-vous\\\/#breadcrumb\"},\"inLanguage\":\"fr-FR\",\"potentialAction\":[{\"@type\":\"ReadAction\",\"target\":[\"https:\\\/\\\/www.doulkeridis.be\\\/blog\\\/2012\\\/08\\\/21\\\/le-prochain-delegue-cocolo-cest-peut-etre-vous\\\/\"]}]},{\"@type\":\"ImageObject\",\"inLanguage\":\"fr-FR\",\"@id\":\"https:\\\/\\\/www.doulkeridis.be\\\/blog\\\/2012\\\/08\\\/21\\\/le-prochain-delegue-cocolo-cest-peut-etre-vous\\\/#primaryimage\",\"url\":\"https:\\\/\\\/www.doulkeridis.be\\\/blog\\\/wp-content\\\/uploads\\\/2012\\\/08\\\/cocolo.jpg\",\"contentUrl\":\"https:\\\/\\\/www.doulkeridis.be\\\/blog\\\/wp-content\\\/uploads\\\/2012\\\/08\\\/cocolo.jpg\",\"width\":\"640\",\"height\":\"360\"},{\"@type\":\"BreadcrumbList\",\"@id\":\"https:\\\/\\\/www.doulkeridis.be\\\/blog\\\/2012\\\/08\\\/21\\\/le-prochain-delegue-cocolo-cest-peut-etre-vous\\\/#breadcrumb\",\"itemListElement\":[{\"@type\":\"ListItem\",\"position\":1,\"name\":\"Accueil\",\"item\":\"https:\\\/\\\/www.doulkeridis.be\\\/blog\\\/\"},{\"@type\":\"ListItem\",\"position\":2,\"name\":\"Le prochain d\u00e9l\u00e9gu\u00e9 CoCoLo, c&rsquo;est peut-\u00eatre vous!\"}]},{\"@type\":\"WebSite\",\"@id\":\"https:\\\/\\\/www.doulkeridis.be\\\/blog\\\/#website\",\"url\":\"https:\\\/\\\/www.doulkeridis.be\\\/blog\\\/\",\"name\":\"Christos Doulkeridis\",\"description\":\"Coach | Consultant en solutions, gestion de crise, n\u00e9gociations\",\"publisher\":{\"@id\":\"https:\\\/\\\/www.doulkeridis.be\\\/blog\\\/#organization\"},\"potentialAction\":[{\"@type\":\"SearchAction\",\"target\":{\"@type\":\"EntryPoint\",\"urlTemplate\":\"https:\\\/\\\/www.doulkeridis.be\\\/blog\\\/?s={search_term_string}\"},\"query-input\":{\"@type\":\"PropertyValueSpecification\",\"valueRequired\":true,\"valueName\":\"search_term_string\"}}],\"inLanguage\":\"fr-FR\"},{\"@type\":\"Organization\",\"@id\":\"https:\\\/\\\/www.doulkeridis.be\\\/blog\\\/#organization\",\"name\":\"Ulyse\",\"url\":\"https:\\\/\\\/www.doulkeridis.be\\\/blog\\\/\",\"logo\":{\"@type\":\"ImageObject\",\"inLanguage\":\"fr-FR\",\"@id\":\"https:\\\/\\\/www.doulkeridis.be\\\/blog\\\/#\\\/schema\\\/logo\\\/image\\\/\",\"url\":\"https:\\\/\\\/www.doulkeridis.be\\\/blog\\\/wp-content\\\/uploads\\\/2026\\\/04\\\/2-5.png\",\"contentUrl\":\"https:\\\/\\\/www.doulkeridis.be\\\/blog\\\/wp-content\\\/uploads\\\/2026\\\/04\\\/2-5.png\",\"width\":1024,\"height\":728,\"caption\":\"Ulyse\"},\"image\":{\"@id\":\"https:\\\/\\\/www.doulkeridis.be\\\/blog\\\/#\\\/schema\\\/logo\\\/image\\\/\"},\"sameAs\":[\"https:\\\/\\\/www.facebook.com\\\/doulkeridis\",\"https:\\\/\\\/www.facebook.com\\\/christosdoulkeridis2\"]},{\"@type\":\"Person\",\"@id\":\"https:\\\/\\\/www.doulkeridis.be\\\/blog\\\/#\\\/schema\\\/person\\\/9f03f3459f0a4ba4db02aabbba098365\",\"name\":\"Christos Doulkeridis\",\"image\":{\"@type\":\"ImageObject\",\"inLanguage\":\"fr-FR\",\"@id\":\"https:\\\/\\\/secure.gravatar.com\\\/avatar\\\/71cb6e4369ca0615d93730ef3bc5f54642df4f6bcc59b92763d2ac434abf103e?s=96&d=mm&r=g\",\"url\":\"https:\\\/\\\/secure.gravatar.com\\\/avatar\\\/71cb6e4369ca0615d93730ef3bc5f54642df4f6bcc59b92763d2ac434abf103e?s=96&d=mm&r=g\",\"contentUrl\":\"https:\\\/\\\/secure.gravatar.com\\\/avatar\\\/71cb6e4369ca0615d93730ef3bc5f54642df4f6bcc59b92763d2ac434abf103e?s=96&d=mm&r=g\",\"caption\":\"Christos Doulkeridis\"},\"url\":\"https:\\\/\\\/www.doulkeridis.be\\\/blog\\\/author\\\/christos\\\/\"}]}<\/script>\n<!-- \/ Yoast SEO plugin. -->","yoast_head_json":{"title":"Le prochain d\u00e9l\u00e9gu\u00e9 CoCoLo, c'est peut-\u00eatre vous! - Christos Doulkeridis","robots":{"index":"index","follow":"follow","max-snippet":"max-snippet:-1","max-image-preview":"max-image-preview:large","max-video-preview":"max-video-preview:-1"},"canonical":"https:\/\/www.doulkeridis.be\/blog\/2012\/08\/21\/le-prochain-delegue-cocolo-cest-peut-etre-vous\/","og_locale":"fr_FR","og_type":"article","og_title":"Le prochain d\u00e9l\u00e9gu\u00e9 CoCoLo, c'est peut-\u00eatre vous! - Christos Doulkeridis","og_description":"Vous habitez dans un logement social\u00a0? Votre voix compte. En effet, depuis 2004, les locataires des diff\u00e9rentes soci\u00e9t\u00e9s de logement social en R\u00e9gion bruxelloise ont le droit d&rsquo;\u00e9lire ou de si\u00e9ger au sein d&rsquo;un conseil consultatif des locataires\u00a0(CoCoLo). Ce conseil est constitu\u00e9 d&rsquo;habitants d\u00e9sireux de repr\u00e9senter les autres locataires aupr\u00e8s de leur soci\u00e9t\u00e9 de logement social. Ces personnes sont \u00e9lues tous les trois ans pour \u00e9couter les autres locataires, faire entendre leurs voix, pour participer aux d\u00e9bats du conseil d&rsquo;administration mais aussi pour informer des d\u00e9cisions prises au sein de la SISP. Elles peuvent aussi rendre des avis et \u00e9mettre des propositions pour am\u00e9liorer le quotidien des habitants du logement social. En janvier 2013, de nouvelles \u00e9lections auront lieu. Vous pouvez, vous aussi, d\u00e9poser votre candidature pour devenir d\u00e9l\u00e9gu\u00e9 dans votre CoCoLo. Voici un petit clip qui vous explique ce que sont les CoCoLos&#8230;","og_url":"https:\/\/www.doulkeridis.be\/blog\/2012\/08\/21\/le-prochain-delegue-cocolo-cest-peut-etre-vous\/","og_site_name":"Christos Doulkeridis","article_publisher":"https:\/\/www.facebook.com\/doulkeridis","article_published_time":"2012-08-21T09:20:13+00:00","article_modified_time":"2012-09-14T07:08:04+00:00","og_image":[{"width":640,"height":360,"url":"https:\/\/www.doulkeridis.be\/blog\/wp-content\/uploads\/2012\/08\/cocolo.jpg","type":"image\/jpeg"}],"author":"Christos Doulkeridis","twitter_card":"summary_large_image","twitter_misc":{"\u00c9crit par":"Christos Doulkeridis","Dur\u00e9e de lecture estim\u00e9e":"1 minute"},"schema":{"@context":"https:\/\/schema.org","@graph":[{"@type":"Article","@id":"https:\/\/www.doulkeridis.be\/blog\/2012\/08\/21\/le-prochain-delegue-cocolo-cest-peut-etre-vous\/#article","isPartOf":{"@id":"https:\/\/www.doulkeridis.be\/blog\/2012\/08\/21\/le-prochain-delegue-cocolo-cest-peut-etre-vous\/"},"author":{"name":"Christos Doulkeridis","@id":"https:\/\/www.doulkeridis.be\/blog\/#\/schema\/person\/9f03f3459f0a4ba4db02aabbba098365"},"headline":"Le prochain d\u00e9l\u00e9gu\u00e9 CoCoLo, c&rsquo;est peut-\u00eatre vous!","datePublished":"2012-08-21T09:20:13+00:00","dateModified":"2012-09-14T07:08:04+00:00","mainEntityOfPage":{"@id":"https:\/\/www.doulkeridis.be\/blog\/2012\/08\/21\/le-prochain-delegue-cocolo-cest-peut-etre-vous\/"},"wordCount":179,"commentCount":0,"publisher":{"@id":"https:\/\/www.doulkeridis.be\/blog\/#organization"},"image":{"@id":"https:\/\/www.doulkeridis.be\/blog\/2012\/08\/21\/le-prochain-delegue-cocolo-cest-peut-etre-vous\/#primaryimage"},"thumbnailUrl":"https:\/\/www.doulkeridis.be\/blog\/wp-content\/uploads\/2012\/08\/cocolo.jpg","articleSection":["Logement"],"inLanguage":"fr-FR","potentialAction":[{"@type":"CommentAction","name":"Comment","target":["https:\/\/www.doulkeridis.be\/blog\/2012\/08\/21\/le-prochain-delegue-cocolo-cest-peut-etre-vous\/#respond"]}]},{"@type":"WebPage","@id":"https:\/\/www.doulkeridis.be\/blog\/2012\/08\/21\/le-prochain-delegue-cocolo-cest-peut-etre-vous\/","url":"https:\/\/www.doulkeridis.be\/blog\/2012\/08\/21\/le-prochain-delegue-cocolo-cest-peut-etre-vous\/","name":"Le prochain d\u00e9l\u00e9gu\u00e9 CoCoLo, c'est peut-\u00eatre vous! - Christos Doulkeridis","isPartOf":{"@id":"https:\/\/www.doulkeridis.be\/blog\/#website"},"primaryImageOfPage":{"@id":"https:\/\/www.doulkeridis.be\/blog\/2012\/08\/21\/le-prochain-delegue-cocolo-cest-peut-etre-vous\/#primaryimage"},"image":{"@id":"https:\/\/www.doulkeridis.be\/blog\/2012\/08\/21\/le-prochain-delegue-cocolo-cest-peut-etre-vous\/#primaryimage"},"thumbnailUrl":"https:\/\/www.doulkeridis.be\/blog\/wp-content\/uploads\/2012\/08\/cocolo.jpg","datePublished":"2012-08-21T09:20:13+00:00","dateModified":"2012-09-14T07:08:04+00:00","breadcrumb":{"@id":"https:\/\/www.doulkeridis.be\/blog\/2012\/08\/21\/le-prochain-delegue-cocolo-cest-peut-etre-vous\/#breadcrumb"},"inLanguage":"fr-FR","potentialAction":[{"@type":"ReadAction","target":["https:\/\/www.doulkeridis.be\/blog\/2012\/08\/21\/le-prochain-delegue-cocolo-cest-peut-etre-vous\/"]}]},{"@type":"ImageObject","inLanguage":"fr-FR","@id":"https:\/\/www.doulkeridis.be\/blog\/2012\/08\/21\/le-prochain-delegue-cocolo-cest-peut-etre-vous\/#primaryimage","url":"https:\/\/www.doulkeridis.be\/blog\/wp-content\/uploads\/2012\/08\/cocolo.jpg","contentUrl":"https:\/\/www.doulkeridis.be\/blog\/wp-content\/uploads\/2012\/08\/cocolo.jpg","width":"640","height":"360"},{"@type":"BreadcrumbList","@id":"https:\/\/www.doulkeridis.be\/blog\/2012\/08\/21\/le-prochain-delegue-cocolo-cest-peut-etre-vous\/#breadcrumb","itemListElement":[{"@type":"ListItem","position":1,"name":"Accueil","item":"https:\/\/www.doulkeridis.be\/blog\/"},{"@type":"ListItem","position":2,"name":"Le prochain d\u00e9l\u00e9gu\u00e9 CoCoLo, c&rsquo;est peut-\u00eatre vous!"}]},{"@type":"WebSite","@id":"https:\/\/www.doulkeridis.be\/blog\/#website","url":"https:\/\/www.doulkeridis.be\/blog\/","name":"Christos Doulkeridis","description":"Coach | Consultant en solutions, gestion de crise, n\u00e9gociations","publisher":{"@id":"https:\/\/www.doulkeridis.be\/blog\/#organization"},"potentialAction":[{"@type":"SearchAction","target":{"@type":"EntryPoint","urlTemplate":"https:\/\/www.doulkeridis.be\/blog\/?s={search_term_string}"},"query-input":{"@type":"PropertyValueSpecification","valueRequired":true,"valueName":"search_term_string"}}],"inLanguage":"fr-FR"},{"@type":"Organization","@id":"https:\/\/www.doulkeridis.be\/blog\/#organization","name":"Ulyse","url":"https:\/\/www.doulkeridis.be\/blog\/","logo":{"@type":"ImageObject","inLanguage":"fr-FR","@id":"https:\/\/www.doulkeridis.be\/blog\/#\/schema\/logo\/image\/","url":"https:\/\/www.doulkeridis.be\/blog\/wp-content\/uploads\/2026\/04\/2-5.png","contentUrl":"https:\/\/www.doulkeridis.be\/blog\/wp-content\/uploads\/2026\/04\/2-5.png","width":1024,"height":728,"caption":"Ulyse"},"image":{"@id":"https:\/\/www.doulkeridis.be\/blog\/#\/schema\/logo\/image\/"},"sameAs":["https:\/\/www.facebook.com\/doulkeridis","https:\/\/www.facebook.com\/christosdoulkeridis2"]},{"@type":"Person","@id":"https:\/\/www.doulkeridis.be\/blog\/#\/schema\/person\/9f03f3459f0a4ba4db02aabbba098365","name":"Christos Doulkeridis","image":{"@type":"ImageObject","inLanguage":"fr-FR","@id":"https:\/\/secure.gravatar.com\/avatar\/71cb6e4369ca0615d93730ef3bc5f54642df4f6bcc59b92763d2ac434abf103e?s=96&d=mm&r=g","url":"https:\/\/secure.gravatar.com\/avatar\/71cb6e4369ca0615d93730ef3bc5f54642df4f6bcc59b92763d2ac434abf103e?s=96&d=mm&r=g","contentUrl":"https:\/\/secure.gravatar.com\/avatar\/71cb6e4369ca0615d93730ef3bc5f54642df4f6bcc59b92763d2ac434abf103e?s=96&d=mm&r=g","caption":"Christos Doulkeridis"},"url":"https:\/\/www.doulkeridis.be\/blog\/author\/christos\/"}]}},"_links":{"self":[{"href":"https:\/\/www.doulkeridis.be\/blog\/wp-json\/wp\/v2\/posts\/7505","targetHints":{"allow":["GET"]}}],"collection":[{"href":"https:\/\/www.doulkeridis.be\/blog\/wp-json\/wp\/v2\/posts"}],"about":[{"href":"https:\/\/www.doulkeridis.be\/blog\/wp-json\/wp\/v2\/types\/post"}],"author":[{"embeddable":true,"href":"https:\/\/www.doulkeridis.be\/blog\/wp-json\/wp\/v2\/users\/2"}],"replies":[{"embeddable":true,"href":"https:\/\/www.doulkeridis.be\/blog\/wp-json\/wp\/v2\/comments?post=7505"}],"version-history":[{"count":11,"href":"https:\/\/www.doulkeridis.be\/blog\/wp-json\/wp\/v2\/posts\/7505\/revisions"}],"predecessor-version":[{"id":7519,"href":"https:\/\/www.doulkeridis.be\/blog\/wp-json\/wp\/v2\/posts\/7505\/revisions\/7519"}],"wp:featuredmedia":[{"embeddable":true,"href":"https:\/\/www.doulkeridis.be\/blog\/wp-json\/wp\/v2\/media\/7511"}],"wp:attachment":[{"href":"https:\/\/www.doulkeridis.be\/blog\/wp-json\/wp\/v2\/media?parent=7505"}],"wp:term":[{"taxonomy":"category","embeddable":true,"href":"https:\/\/www.doulkeridis.be\/blog\/wp-json\/wp\/v2\/categories?post=7505"},{"taxonomy":"post_tag","embeddable":true,"href":"https:\/\/www.doulkeridis.be\/blog\/wp-json\/wp\/v2\/tags?post=7505"}],"curies":[{"name":"wp","href":"https:\/\/api.w.org\/{rel}","templated":true}]}}