{"id":7515,"date":"2012-08-23T11:00:17","date_gmt":"2012-08-23T10:00:17","guid":{"rendered":"http:\/\/www.doulkeridis.be\/blog\/?p=7515"},"modified":"2012-08-23T12:37:54","modified_gmt":"2012-08-23T11:37:54","slug":"bruxelles-sapprete-a-faire-la-fete-a-la-bd","status":"publish","type":"post","link":"https:\/\/www.doulkeridis.be\/blog\/2012\/08\/23\/bruxelles-sapprete-a-faire-la-fete-a-la-bd\/","title":{"rendered":"Bruxelles s&rsquo;appr\u00eate \u00e0 faire la f\u00eate \u00e0 la BD"},"content":{"rendered":"<p><a href=\"https:\/\/www.doulkeridis.be\/blog\/wp-content\/uploads\/2012\/08\/fete-bd.jpg\"><img loading=\"lazy\" decoding=\"async\" src=\"https:\/\/www.doulkeridis.be\/blog\/wp-content\/uploads\/2012\/08\/fete-bd-300x147.jpg\" alt=\"\" title=\"fete bd\" width=\"300\" height=\"147\" class=\"alignleft size-medium wp-image-7521\" srcset=\"https:\/\/www.doulkeridis.be\/blog\/wp-content\/uploads\/2012\/08\/fete-bd-300x147.jpg 300w, https:\/\/www.doulkeridis.be\/blog\/wp-content\/uploads\/2012\/08\/fete-bd.jpg 410w\" sizes=\"auto, (max-width: 300px) 100vw, 300px\" \/><\/a><br \/>\nPr\u00e9parez vos agendas! Je vous invite \u00e0 r\u00e9server votre week-end du 8 et 9 septembre prochains pour la F\u00eate de la BD qui se tient \u00e0 Bruxelles. Depuis 2010, dans la foul\u00e9e de l&rsquo;ann\u00e9e bruxelloise de la bande dessin\u00e9e, la R\u00e9gion bruxelloise organise une multitude d&rsquo;\u00e9v\u00e9nements pour rendre hommage \u00e0 cet art qui fait rayonner la r\u00e9putation de notre capitale.<\/p>\n<p>Tintin, les Schtroumpfs, Gaston Lagaffe, Boule et Bill et d&rsquo;autres personnages sont n\u00e9s de l&rsquo;imagination d&rsquo;auteurs de BD bruxellois que le monde entier nous envie. La preuve? M\u00eame Hollywood s&rsquo;arrache nos h\u00e9ros dessin\u00e9s pour les animer au cin\u00e9ma. Les exemples r\u00e9cents des Schtroumpfs ou du Tintin de Spielberg ont d\u00e9montr\u00e9 \u00e0 quel point le 9e art belge pouvait s\u00e9duire de nouveaux publics.<\/p>\n<p>Au menu de cette 3e \u00e9dition de la F\u00eate de la BD, vous aurez droit aux d\u00e9sormais incontournables Balloon&rsquo;s Day Parade et \u00e0 l&rsquo;impressionnant mapping 3D sur les murs des \u00e9difices de la Place Royale. En plus, la nouveaut\u00e9 de cette ann\u00e9e sera l&rsquo;organisation d&rsquo;un d\u00eener th\u00e9matique consacr\u00e9 \u00e0 la BD. Quand Brusselicious et les bulles se rencontrent&#8230;<br \/>\n<iframe loading=\"lazy\" title=\"F\u00eate de la BD \/ Stripfeest\" width=\"500\" height=\"281\" src=\"https:\/\/www.youtube.com\/embed\/q57roUzhPRE?feature=oembed\" frameborder=\"0\" allow=\"accelerometer; autoplay; clipboard-write; encrypted-media; gyroscope; picture-in-picture; web-share\" referrerpolicy=\"strict-origin-when-cross-origin\" allowfullscreen><\/iframe><\/p>\n","protected":false},"excerpt":{"rendered":"<p>Pr\u00e9parez vos agendas! Je vous invite \u00e0 r\u00e9server votre week-end du 8 et 9 septembre prochains pour la F\u00eate de la BD qui se tient \u00e0 Bruxelles. Depuis 2010, dans la foul\u00e9e de l&rsquo;ann\u00e9e bruxelloise de la bande dessin\u00e9e, la R\u00e9gion bruxelloise organise une multitude d&rsquo;\u00e9v\u00e9nements pour rendre hommage \u00e0 cet art qui fait rayonner la r\u00e9putation de notre capitale. Tintin, les Schtroumpfs, Gaston Lagaffe, Boule et Bill et d&rsquo;autres personnages sont n\u00e9s de l&rsquo;imagination d&rsquo;auteurs de BD bruxellois que le monde entier nous envie. La preuve? M\u00eame Hollywood s&rsquo;arrache nos h\u00e9ros dessin\u00e9s pour les animer au cin\u00e9ma. Les exemples r\u00e9cents des Schtroumpfs ou du Tintin de Spielberg ont d\u00e9montr\u00e9 \u00e0 quel point le 9e art belge pouvait s\u00e9duire de nouveaux publics. Au menu de cette 3e \u00e9dition de la F\u00eate de la BD, vous aurez droit aux d\u00e9sormais incontournables Balloon&rsquo;s Day Parade et \u00e0 l&rsquo;impressionnant mapping 3D sur les murs des \u00e9difices de la Place Royale. En plus, la nouveaut\u00e9 de cette ann\u00e9e sera l&rsquo;organisation d&rsquo;un d\u00eener th\u00e9matique consacr\u00e9 \u00e0 la BD. Quand Brusselicious et les bulles se rencontrent&#8230;<\/p>\n","protected":false},"author":2,"featured_media":7521,"comment_status":"open","ping_status":"open","sticky":false,"template":"","format":"standard","meta":{"_monsterinsights_skip_tracking":false,"_monsterinsights_sitenote_active":false,"_monsterinsights_sitenote_note":"","_monsterinsights_sitenote_category":0,"ngg_post_thumbnail":0,"footnotes":""},"categories":[8],"tags":[],"class_list":["post-7515","post","type-post","status-publish","format-standard","has-post-thumbnail","hentry","category-tourisme"],"yoast_head":"<!-- This site is optimized with the Yoast SEO plugin v27.4 - https:\/\/yoast.com\/product\/yoast-seo-wordpress\/ -->\n<title>Bruxelles s&#039;appr\u00eate \u00e0 faire la f\u00eate \u00e0 la BD - Christos Doulkeridis<\/title>\n<meta name=\"robots\" content=\"index, follow, max-snippet:-1, max-image-preview:large, max-video-preview:-1\" \/>\n<link rel=\"canonical\" href=\"https:\/\/www.doulkeridis.be\/blog\/2012\/08\/23\/bruxelles-sapprete-a-faire-la-fete-a-la-bd\/\" \/>\n<meta property=\"og:locale\" content=\"fr_FR\" \/>\n<meta property=\"og:type\" content=\"article\" \/>\n<meta property=\"og:title\" content=\"Bruxelles s&#039;appr\u00eate \u00e0 faire la f\u00eate \u00e0 la BD - Christos Doulkeridis\" \/>\n<meta property=\"og:description\" content=\"Pr\u00e9parez vos agendas! Je vous invite \u00e0 r\u00e9server votre week-end du 8 et 9 septembre prochains pour la F\u00eate de la BD qui se tient \u00e0 Bruxelles. Depuis 2010, dans la foul\u00e9e de l&rsquo;ann\u00e9e bruxelloise de la bande dessin\u00e9e, la R\u00e9gion bruxelloise organise une multitude d&rsquo;\u00e9v\u00e9nements pour rendre hommage \u00e0 cet art qui fait rayonner la r\u00e9putation de notre capitale. Tintin, les Schtroumpfs, Gaston Lagaffe, Boule et Bill et d&rsquo;autres personnages sont n\u00e9s de l&rsquo;imagination d&rsquo;auteurs de BD bruxellois que le monde entier nous envie. La preuve? M\u00eame Hollywood s&rsquo;arrache nos h\u00e9ros dessin\u00e9s pour les animer au cin\u00e9ma. Les exemples r\u00e9cents des Schtroumpfs ou du Tintin de Spielberg ont d\u00e9montr\u00e9 \u00e0 quel point le 9e art belge pouvait s\u00e9duire de nouveaux publics. Au menu de cette 3e \u00e9dition de la F\u00eate de la BD, vous aurez droit aux d\u00e9sormais incontournables Balloon&rsquo;s Day Parade et \u00e0 l&rsquo;impressionnant mapping 3D sur les murs des \u00e9difices de la Place Royale. En plus, la nouveaut\u00e9 de cette ann\u00e9e sera l&rsquo;organisation d&rsquo;un d\u00eener th\u00e9matique consacr\u00e9 \u00e0 la BD. Quand Brusselicious et les bulles se rencontrent&#8230;\" \/>\n<meta property=\"og:url\" content=\"https:\/\/www.doulkeridis.be\/blog\/2012\/08\/23\/bruxelles-sapprete-a-faire-la-fete-a-la-bd\/\" \/>\n<meta property=\"og:site_name\" content=\"Christos Doulkeridis\" \/>\n<meta property=\"article:publisher\" content=\"https:\/\/www.facebook.com\/doulkeridis\" \/>\n<meta property=\"article:published_time\" content=\"2012-08-23T10:00:17+00:00\" \/>\n<meta property=\"article:modified_time\" content=\"2012-08-23T11:37:54+00:00\" \/>\n<meta property=\"og:image\" content=\"https:\/\/www.doulkeridis.be\/blog\/wp-content\/uploads\/2012\/08\/fete-bd.jpg\" \/>\n\t<meta property=\"og:image:width\" content=\"410\" \/>\n\t<meta property=\"og:image:height\" content=\"202\" \/>\n\t<meta property=\"og:image:type\" content=\"image\/jpeg\" \/>\n<meta name=\"author\" content=\"Christos Doulkeridis\" \/>\n<meta name=\"twitter:card\" content=\"summary_large_image\" \/>\n<meta name=\"twitter:label1\" content=\"\u00c9crit par\" \/>\n\t<meta name=\"twitter:data1\" content=\"Christos Doulkeridis\" \/>\n\t<meta name=\"twitter:label2\" content=\"Dur\u00e9e de lecture estim\u00e9e\" \/>\n\t<meta name=\"twitter:data2\" content=\"1 minute\" \/>\n<script type=\"application\/ld+json\" class=\"yoast-schema-graph\">{\"@context\":\"https:\\\/\\\/schema.org\",\"@graph\":[{\"@type\":\"Article\",\"@id\":\"https:\\\/\\\/www.doulkeridis.be\\\/blog\\\/2012\\\/08\\\/23\\\/bruxelles-sapprete-a-faire-la-fete-a-la-bd\\\/#article\",\"isPartOf\":{\"@id\":\"https:\\\/\\\/www.doulkeridis.be\\\/blog\\\/2012\\\/08\\\/23\\\/bruxelles-sapprete-a-faire-la-fete-a-la-bd\\\/\"},\"author\":{\"name\":\"Christos Doulkeridis\",\"@id\":\"https:\\\/\\\/www.doulkeridis.be\\\/blog\\\/#\\\/schema\\\/person\\\/9f03f3459f0a4ba4db02aabbba098365\"},\"headline\":\"Bruxelles s&rsquo;appr\u00eate \u00e0 faire la f\u00eate \u00e0 la BD\",\"datePublished\":\"2012-08-23T10:00:17+00:00\",\"dateModified\":\"2012-08-23T11:37:54+00:00\",\"mainEntityOfPage\":{\"@id\":\"https:\\\/\\\/www.doulkeridis.be\\\/blog\\\/2012\\\/08\\\/23\\\/bruxelles-sapprete-a-faire-la-fete-a-la-bd\\\/\"},\"wordCount\":218,\"commentCount\":0,\"publisher\":{\"@id\":\"https:\\\/\\\/www.doulkeridis.be\\\/blog\\\/#organization\"},\"image\":{\"@id\":\"https:\\\/\\\/www.doulkeridis.be\\\/blog\\\/2012\\\/08\\\/23\\\/bruxelles-sapprete-a-faire-la-fete-a-la-bd\\\/#primaryimage\"},\"thumbnailUrl\":\"https:\\\/\\\/www.doulkeridis.be\\\/blog\\\/wp-content\\\/uploads\\\/2012\\\/08\\\/fete-bd.jpg\",\"articleSection\":[\"Tourisme\"],\"inLanguage\":\"fr-FR\",\"potentialAction\":[{\"@type\":\"CommentAction\",\"name\":\"Comment\",\"target\":[\"https:\\\/\\\/www.doulkeridis.be\\\/blog\\\/2012\\\/08\\\/23\\\/bruxelles-sapprete-a-faire-la-fete-a-la-bd\\\/#respond\"]}]},{\"@type\":\"WebPage\",\"@id\":\"https:\\\/\\\/www.doulkeridis.be\\\/blog\\\/2012\\\/08\\\/23\\\/bruxelles-sapprete-a-faire-la-fete-a-la-bd\\\/\",\"url\":\"https:\\\/\\\/www.doulkeridis.be\\\/blog\\\/2012\\\/08\\\/23\\\/bruxelles-sapprete-a-faire-la-fete-a-la-bd\\\/\",\"name\":\"Bruxelles s'appr\u00eate \u00e0 faire la f\u00eate \u00e0 la BD - Christos Doulkeridis\",\"isPartOf\":{\"@id\":\"https:\\\/\\\/www.doulkeridis.be\\\/blog\\\/#website\"},\"primaryImageOfPage\":{\"@id\":\"https:\\\/\\\/www.doulkeridis.be\\\/blog\\\/2012\\\/08\\\/23\\\/bruxelles-sapprete-a-faire-la-fete-a-la-bd\\\/#primaryimage\"},\"image\":{\"@id\":\"https:\\\/\\\/www.doulkeridis.be\\\/blog\\\/2012\\\/08\\\/23\\\/bruxelles-sapprete-a-faire-la-fete-a-la-bd\\\/#primaryimage\"},\"thumbnailUrl\":\"https:\\\/\\\/www.doulkeridis.be\\\/blog\\\/wp-content\\\/uploads\\\/2012\\\/08\\\/fete-bd.jpg\",\"datePublished\":\"2012-08-23T10:00:17+00:00\",\"dateModified\":\"2012-08-23T11:37:54+00:00\",\"breadcrumb\":{\"@id\":\"https:\\\/\\\/www.doulkeridis.be\\\/blog\\\/2012\\\/08\\\/23\\\/bruxelles-sapprete-a-faire-la-fete-a-la-bd\\\/#breadcrumb\"},\"inLanguage\":\"fr-FR\",\"potentialAction\":[{\"@type\":\"ReadAction\",\"target\":[\"https:\\\/\\\/www.doulkeridis.be\\\/blog\\\/2012\\\/08\\\/23\\\/bruxelles-sapprete-a-faire-la-fete-a-la-bd\\\/\"]}]},{\"@type\":\"ImageObject\",\"inLanguage\":\"fr-FR\",\"@id\":\"https:\\\/\\\/www.doulkeridis.be\\\/blog\\\/2012\\\/08\\\/23\\\/bruxelles-sapprete-a-faire-la-fete-a-la-bd\\\/#primaryimage\",\"url\":\"https:\\\/\\\/www.doulkeridis.be\\\/blog\\\/wp-content\\\/uploads\\\/2012\\\/08\\\/fete-bd.jpg\",\"contentUrl\":\"https:\\\/\\\/www.doulkeridis.be\\\/blog\\\/wp-content\\\/uploads\\\/2012\\\/08\\\/fete-bd.jpg\",\"width\":\"410\",\"height\":\"202\"},{\"@type\":\"BreadcrumbList\",\"@id\":\"https:\\\/\\\/www.doulkeridis.be\\\/blog\\\/2012\\\/08\\\/23\\\/bruxelles-sapprete-a-faire-la-fete-a-la-bd\\\/#breadcrumb\",\"itemListElement\":[{\"@type\":\"ListItem\",\"position\":1,\"name\":\"Accueil\",\"item\":\"https:\\\/\\\/www.doulkeridis.be\\\/blog\\\/\"},{\"@type\":\"ListItem\",\"position\":2,\"name\":\"Bruxelles s&rsquo;appr\u00eate \u00e0 faire la f\u00eate \u00e0 la BD\"}]},{\"@type\":\"WebSite\",\"@id\":\"https:\\\/\\\/www.doulkeridis.be\\\/blog\\\/#website\",\"url\":\"https:\\\/\\\/www.doulkeridis.be\\\/blog\\\/\",\"name\":\"Christos Doulkeridis\",\"description\":\"Coach | Consultant en solutions, gestion de crise, n\u00e9gociations\",\"publisher\":{\"@id\":\"https:\\\/\\\/www.doulkeridis.be\\\/blog\\\/#organization\"},\"potentialAction\":[{\"@type\":\"SearchAction\",\"target\":{\"@type\":\"EntryPoint\",\"urlTemplate\":\"https:\\\/\\\/www.doulkeridis.be\\\/blog\\\/?s={search_term_string}\"},\"query-input\":{\"@type\":\"PropertyValueSpecification\",\"valueRequired\":true,\"valueName\":\"search_term_string\"}}],\"inLanguage\":\"fr-FR\"},{\"@type\":\"Organization\",\"@id\":\"https:\\\/\\\/www.doulkeridis.be\\\/blog\\\/#organization\",\"name\":\"Ulyse\",\"url\":\"https:\\\/\\\/www.doulkeridis.be\\\/blog\\\/\",\"logo\":{\"@type\":\"ImageObject\",\"inLanguage\":\"fr-FR\",\"@id\":\"https:\\\/\\\/www.doulkeridis.be\\\/blog\\\/#\\\/schema\\\/logo\\\/image\\\/\",\"url\":\"https:\\\/\\\/www.doulkeridis.be\\\/blog\\\/wp-content\\\/uploads\\\/2026\\\/04\\\/2-5.png\",\"contentUrl\":\"https:\\\/\\\/www.doulkeridis.be\\\/blog\\\/wp-content\\\/uploads\\\/2026\\\/04\\\/2-5.png\",\"width\":1024,\"height\":728,\"caption\":\"Ulyse\"},\"image\":{\"@id\":\"https:\\\/\\\/www.doulkeridis.be\\\/blog\\\/#\\\/schema\\\/logo\\\/image\\\/\"},\"sameAs\":[\"https:\\\/\\\/www.facebook.com\\\/doulkeridis\",\"https:\\\/\\\/www.facebook.com\\\/christosdoulkeridis2\"]},{\"@type\":\"Person\",\"@id\":\"https:\\\/\\\/www.doulkeridis.be\\\/blog\\\/#\\\/schema\\\/person\\\/9f03f3459f0a4ba4db02aabbba098365\",\"name\":\"Christos Doulkeridis\",\"image\":{\"@type\":\"ImageObject\",\"inLanguage\":\"fr-FR\",\"@id\":\"https:\\\/\\\/secure.gravatar.com\\\/avatar\\\/71cb6e4369ca0615d93730ef3bc5f54642df4f6bcc59b92763d2ac434abf103e?s=96&d=mm&r=g\",\"url\":\"https:\\\/\\\/secure.gravatar.com\\\/avatar\\\/71cb6e4369ca0615d93730ef3bc5f54642df4f6bcc59b92763d2ac434abf103e?s=96&d=mm&r=g\",\"contentUrl\":\"https:\\\/\\\/secure.gravatar.com\\\/avatar\\\/71cb6e4369ca0615d93730ef3bc5f54642df4f6bcc59b92763d2ac434abf103e?s=96&d=mm&r=g\",\"caption\":\"Christos Doulkeridis\"},\"url\":\"https:\\\/\\\/www.doulkeridis.be\\\/blog\\\/author\\\/christos\\\/\"}]}<\/script>\n<!-- \/ Yoast SEO plugin. -->","yoast_head_json":{"title":"Bruxelles s'appr\u00eate \u00e0 faire la f\u00eate \u00e0 la BD - Christos Doulkeridis","robots":{"index":"index","follow":"follow","max-snippet":"max-snippet:-1","max-image-preview":"max-image-preview:large","max-video-preview":"max-video-preview:-1"},"canonical":"https:\/\/www.doulkeridis.be\/blog\/2012\/08\/23\/bruxelles-sapprete-a-faire-la-fete-a-la-bd\/","og_locale":"fr_FR","og_type":"article","og_title":"Bruxelles s'appr\u00eate \u00e0 faire la f\u00eate \u00e0 la BD - Christos Doulkeridis","og_description":"Pr\u00e9parez vos agendas! Je vous invite \u00e0 r\u00e9server votre week-end du 8 et 9 septembre prochains pour la F\u00eate de la BD qui se tient \u00e0 Bruxelles. Depuis 2010, dans la foul\u00e9e de l&rsquo;ann\u00e9e bruxelloise de la bande dessin\u00e9e, la R\u00e9gion bruxelloise organise une multitude d&rsquo;\u00e9v\u00e9nements pour rendre hommage \u00e0 cet art qui fait rayonner la r\u00e9putation de notre capitale. Tintin, les Schtroumpfs, Gaston Lagaffe, Boule et Bill et d&rsquo;autres personnages sont n\u00e9s de l&rsquo;imagination d&rsquo;auteurs de BD bruxellois que le monde entier nous envie. La preuve? M\u00eame Hollywood s&rsquo;arrache nos h\u00e9ros dessin\u00e9s pour les animer au cin\u00e9ma. Les exemples r\u00e9cents des Schtroumpfs ou du Tintin de Spielberg ont d\u00e9montr\u00e9 \u00e0 quel point le 9e art belge pouvait s\u00e9duire de nouveaux publics. Au menu de cette 3e \u00e9dition de la F\u00eate de la BD, vous aurez droit aux d\u00e9sormais incontournables Balloon&rsquo;s Day Parade et \u00e0 l&rsquo;impressionnant mapping 3D sur les murs des \u00e9difices de la Place Royale. En plus, la nouveaut\u00e9 de cette ann\u00e9e sera l&rsquo;organisation d&rsquo;un d\u00eener th\u00e9matique consacr\u00e9 \u00e0 la BD. Quand Brusselicious et les bulles se rencontrent&#8230;","og_url":"https:\/\/www.doulkeridis.be\/blog\/2012\/08\/23\/bruxelles-sapprete-a-faire-la-fete-a-la-bd\/","og_site_name":"Christos Doulkeridis","article_publisher":"https:\/\/www.facebook.com\/doulkeridis","article_published_time":"2012-08-23T10:00:17+00:00","article_modified_time":"2012-08-23T11:37:54+00:00","og_image":[{"width":410,"height":202,"url":"https:\/\/www.doulkeridis.be\/blog\/wp-content\/uploads\/2012\/08\/fete-bd.jpg","type":"image\/jpeg"}],"author":"Christos Doulkeridis","twitter_card":"summary_large_image","twitter_misc":{"\u00c9crit par":"Christos Doulkeridis","Dur\u00e9e de lecture estim\u00e9e":"1 minute"},"schema":{"@context":"https:\/\/schema.org","@graph":[{"@type":"Article","@id":"https:\/\/www.doulkeridis.be\/blog\/2012\/08\/23\/bruxelles-sapprete-a-faire-la-fete-a-la-bd\/#article","isPartOf":{"@id":"https:\/\/www.doulkeridis.be\/blog\/2012\/08\/23\/bruxelles-sapprete-a-faire-la-fete-a-la-bd\/"},"author":{"name":"Christos Doulkeridis","@id":"https:\/\/www.doulkeridis.be\/blog\/#\/schema\/person\/9f03f3459f0a4ba4db02aabbba098365"},"headline":"Bruxelles s&rsquo;appr\u00eate \u00e0 faire la f\u00eate \u00e0 la BD","datePublished":"2012-08-23T10:00:17+00:00","dateModified":"2012-08-23T11:37:54+00:00","mainEntityOfPage":{"@id":"https:\/\/www.doulkeridis.be\/blog\/2012\/08\/23\/bruxelles-sapprete-a-faire-la-fete-a-la-bd\/"},"wordCount":218,"commentCount":0,"publisher":{"@id":"https:\/\/www.doulkeridis.be\/blog\/#organization"},"image":{"@id":"https:\/\/www.doulkeridis.be\/blog\/2012\/08\/23\/bruxelles-sapprete-a-faire-la-fete-a-la-bd\/#primaryimage"},"thumbnailUrl":"https:\/\/www.doulkeridis.be\/blog\/wp-content\/uploads\/2012\/08\/fete-bd.jpg","articleSection":["Tourisme"],"inLanguage":"fr-FR","potentialAction":[{"@type":"CommentAction","name":"Comment","target":["https:\/\/www.doulkeridis.be\/blog\/2012\/08\/23\/bruxelles-sapprete-a-faire-la-fete-a-la-bd\/#respond"]}]},{"@type":"WebPage","@id":"https:\/\/www.doulkeridis.be\/blog\/2012\/08\/23\/bruxelles-sapprete-a-faire-la-fete-a-la-bd\/","url":"https:\/\/www.doulkeridis.be\/blog\/2012\/08\/23\/bruxelles-sapprete-a-faire-la-fete-a-la-bd\/","name":"Bruxelles s'appr\u00eate \u00e0 faire la f\u00eate \u00e0 la BD - Christos Doulkeridis","isPartOf":{"@id":"https:\/\/www.doulkeridis.be\/blog\/#website"},"primaryImageOfPage":{"@id":"https:\/\/www.doulkeridis.be\/blog\/2012\/08\/23\/bruxelles-sapprete-a-faire-la-fete-a-la-bd\/#primaryimage"},"image":{"@id":"https:\/\/www.doulkeridis.be\/blog\/2012\/08\/23\/bruxelles-sapprete-a-faire-la-fete-a-la-bd\/#primaryimage"},"thumbnailUrl":"https:\/\/www.doulkeridis.be\/blog\/wp-content\/uploads\/2012\/08\/fete-bd.jpg","datePublished":"2012-08-23T10:00:17+00:00","dateModified":"2012-08-23T11:37:54+00:00","breadcrumb":{"@id":"https:\/\/www.doulkeridis.be\/blog\/2012\/08\/23\/bruxelles-sapprete-a-faire-la-fete-a-la-bd\/#breadcrumb"},"inLanguage":"fr-FR","potentialAction":[{"@type":"ReadAction","target":["https:\/\/www.doulkeridis.be\/blog\/2012\/08\/23\/bruxelles-sapprete-a-faire-la-fete-a-la-bd\/"]}]},{"@type":"ImageObject","inLanguage":"fr-FR","@id":"https:\/\/www.doulkeridis.be\/blog\/2012\/08\/23\/bruxelles-sapprete-a-faire-la-fete-a-la-bd\/#primaryimage","url":"https:\/\/www.doulkeridis.be\/blog\/wp-content\/uploads\/2012\/08\/fete-bd.jpg","contentUrl":"https:\/\/www.doulkeridis.be\/blog\/wp-content\/uploads\/2012\/08\/fete-bd.jpg","width":"410","height":"202"},{"@type":"BreadcrumbList","@id":"https:\/\/www.doulkeridis.be\/blog\/2012\/08\/23\/bruxelles-sapprete-a-faire-la-fete-a-la-bd\/#breadcrumb","itemListElement":[{"@type":"ListItem","position":1,"name":"Accueil","item":"https:\/\/www.doulkeridis.be\/blog\/"},{"@type":"ListItem","position":2,"name":"Bruxelles s&rsquo;appr\u00eate \u00e0 faire la f\u00eate \u00e0 la BD"}]},{"@type":"WebSite","@id":"https:\/\/www.doulkeridis.be\/blog\/#website","url":"https:\/\/www.doulkeridis.be\/blog\/","name":"Christos Doulkeridis","description":"Coach | Consultant en solutions, gestion de crise, n\u00e9gociations","publisher":{"@id":"https:\/\/www.doulkeridis.be\/blog\/#organization"},"potentialAction":[{"@type":"SearchAction","target":{"@type":"EntryPoint","urlTemplate":"https:\/\/www.doulkeridis.be\/blog\/?s={search_term_string}"},"query-input":{"@type":"PropertyValueSpecification","valueRequired":true,"valueName":"search_term_string"}}],"inLanguage":"fr-FR"},{"@type":"Organization","@id":"https:\/\/www.doulkeridis.be\/blog\/#organization","name":"Ulyse","url":"https:\/\/www.doulkeridis.be\/blog\/","logo":{"@type":"ImageObject","inLanguage":"fr-FR","@id":"https:\/\/www.doulkeridis.be\/blog\/#\/schema\/logo\/image\/","url":"https:\/\/www.doulkeridis.be\/blog\/wp-content\/uploads\/2026\/04\/2-5.png","contentUrl":"https:\/\/www.doulkeridis.be\/blog\/wp-content\/uploads\/2026\/04\/2-5.png","width":1024,"height":728,"caption":"Ulyse"},"image":{"@id":"https:\/\/www.doulkeridis.be\/blog\/#\/schema\/logo\/image\/"},"sameAs":["https:\/\/www.facebook.com\/doulkeridis","https:\/\/www.facebook.com\/christosdoulkeridis2"]},{"@type":"Person","@id":"https:\/\/www.doulkeridis.be\/blog\/#\/schema\/person\/9f03f3459f0a4ba4db02aabbba098365","name":"Christos Doulkeridis","image":{"@type":"ImageObject","inLanguage":"fr-FR","@id":"https:\/\/secure.gravatar.com\/avatar\/71cb6e4369ca0615d93730ef3bc5f54642df4f6bcc59b92763d2ac434abf103e?s=96&d=mm&r=g","url":"https:\/\/secure.gravatar.com\/avatar\/71cb6e4369ca0615d93730ef3bc5f54642df4f6bcc59b92763d2ac434abf103e?s=96&d=mm&r=g","contentUrl":"https:\/\/secure.gravatar.com\/avatar\/71cb6e4369ca0615d93730ef3bc5f54642df4f6bcc59b92763d2ac434abf103e?s=96&d=mm&r=g","caption":"Christos Doulkeridis"},"url":"https:\/\/www.doulkeridis.be\/blog\/author\/christos\/"}]}},"_links":{"self":[{"href":"https:\/\/www.doulkeridis.be\/blog\/wp-json\/wp\/v2\/posts\/7515","targetHints":{"allow":["GET"]}}],"collection":[{"href":"https:\/\/www.doulkeridis.be\/blog\/wp-json\/wp\/v2\/posts"}],"about":[{"href":"https:\/\/www.doulkeridis.be\/blog\/wp-json\/wp\/v2\/types\/post"}],"author":[{"embeddable":true,"href":"https:\/\/www.doulkeridis.be\/blog\/wp-json\/wp\/v2\/users\/2"}],"replies":[{"embeddable":true,"href":"https:\/\/www.doulkeridis.be\/blog\/wp-json\/wp\/v2\/comments?post=7515"}],"version-history":[{"count":9,"href":"https:\/\/www.doulkeridis.be\/blog\/wp-json\/wp\/v2\/posts\/7515\/revisions"}],"predecessor-version":[{"id":7528,"href":"https:\/\/www.doulkeridis.be\/blog\/wp-json\/wp\/v2\/posts\/7515\/revisions\/7528"}],"wp:featuredmedia":[{"embeddable":true,"href":"https:\/\/www.doulkeridis.be\/blog\/wp-json\/wp\/v2\/media\/7521"}],"wp:attachment":[{"href":"https:\/\/www.doulkeridis.be\/blog\/wp-json\/wp\/v2\/media?parent=7515"}],"wp:term":[{"taxonomy":"category","embeddable":true,"href":"https:\/\/www.doulkeridis.be\/blog\/wp-json\/wp\/v2\/categories?post=7515"},{"taxonomy":"post_tag","embeddable":true,"href":"https:\/\/www.doulkeridis.be\/blog\/wp-json\/wp\/v2\/tags?post=7515"}],"curies":[{"name":"wp","href":"https:\/\/api.w.org\/{rel}","templated":true}]}}