{"id":7530,"date":"2012-08-24T15:52:47","date_gmt":"2012-08-24T14:52:47","guid":{"rendered":"http:\/\/www.doulkeridis.be\/blog\/?p=7530"},"modified":"2012-09-14T08:10:42","modified_gmt":"2012-09-14T07:10:42","slug":"six-cooperatives-de-logement-social-bruxelloises-veulent-se-rapprocher","status":"publish","type":"post","link":"https:\/\/www.doulkeridis.be\/blog\/2012\/08\/24\/six-cooperatives-de-logement-social-bruxelloises-veulent-se-rapprocher\/","title":{"rendered":"Six coop\u00e9ratives de logement social bruxelloises veulent se rapprocher"},"content":{"rendered":"<p><a href=\"https:\/\/www.doulkeridis.be\/blog\/wp-content\/uploads\/2012\/08\/germinal-evere.jpg\"><img loading=\"lazy\" decoding=\"async\" class=\"alignleft size-medium wp-image-7532\" title=\"germinal evere\" src=\"https:\/\/www.doulkeridis.be\/blog\/wp-content\/uploads\/2012\/08\/germinal-evere-300x132.jpg\" alt=\"\" width=\"300\" height=\"132\" srcset=\"https:\/\/www.doulkeridis.be\/blog\/wp-content\/uploads\/2012\/08\/germinal-evere-300x132.jpg 300w, https:\/\/www.doulkeridis.be\/blog\/wp-content\/uploads\/2012\/08\/germinal-evere-1024x451.jpg 1024w\" sizes=\"auto, (max-width: 300px) 100vw, 300px\" \/><\/a><br \/>\nJe me r\u00e9jouis de l&rsquo;annonce publique du processus de rapprochement lanc\u00e9 par six soci\u00e9t\u00e9s coop\u00e9ratives de logement social (\u00e0 savoir \u00ab\u00a0Cobralo\u00a0\u00bb \u00e0 Uccle, \u00ab\u00a0Les Foyers Collectifs\u00a0\u00bb \u00e0 Anderlecht, \u00ab\u00a0Germinal\u00a0\u00bb \u00e0 Evere, \u00ab\u00a0Kapelleveld\u00a0\u00bb \u00e0 Woluwe-Saint-Lambert et Woluwe-Saint-Pierre, \u00ab\u00a0Les Locataires R\u00e9unis\u00a0\u00bb \u00e0 Woluwe-Saint-Lambert et \u00ab\u00a0Messidor\u00a0\u00bb\u00e0 Forest).<\/p>\n<p><!--more-->Cette d\u00e9marche est une nouvelle preuve du volontarisme dans lequel s&rsquo;inscrit la dynamique de rationalisation que je souhaite mener \u00e0 bien avec le Gouvernement bruxellois, en collaboration avec le secteur.<\/p>\n<p>En effet, la question de la rationalisation du secteur est au c\u0153ur d\u2019une r\u00e9flexion et de discussions associant tous les acteurs concern\u00e9s, depuis plusieurs mois. Un premier jalon avait \u00e9t\u00e9 pos\u00e9 dans l&rsquo;accord de majorit\u00e9 de l&rsquo;Olivier bruxellois en 2009, confort\u00e9 dans le chapitre de l&rsquo;accord institutionnel consacr\u00e9 aux r\u00e9formes intra-bruxelloises et soutenu par huit partis de la majorit\u00e9 et de l&rsquo;opposition.<\/p>\n<p>L&rsquo;annonce de la Fesocolab, qui f\u00e9d\u00e8re les soci\u00e9t\u00e9s coop\u00e9ratives de logement social de la R\u00e9gion de Bruxelles-Capitale, poursuit la logique que j&rsquo;ai entam\u00e9e depuis le d\u00e9but de la l\u00e9gislature pour encourager les efforts des soci\u00e9t\u00e9s de logement social bruxelloises \u00e0 mettre en commun leurs moyens. Cette d\u00e9marche s&rsquo;inscrit dans un souci de gouvernance visant \u00e0 am\u00e9liorer le service au public et le d\u00e9ploiement de l&rsquo;offre de logements sociaux \u00e0 Bruxelles.<\/p>\n<p>Apr\u00e8s l&rsquo;annonce des rapprochements de services entre Le Foyer Forestois et le Foyer Saint-Gillois, entre le Logis et Flor\u00e9al et entre ASSAM, le Home Familial et le Home, je constate avec satisfaction que ces soci\u00e9t\u00e9s coop\u00e9ratives se lancent avec enthousiasme dans cette dynamique positive.<\/p>\n<p>En peu de temps, le tabou sur le rapprochement entre SISP est tomb\u00e9. D&rsquo;ailleurs, des discussions avanc\u00e9es ont lieu aussi dans une s\u00e9rie d&rsquo;autres soci\u00e9t\u00e9s de logements sociaux.<\/p>\n<p>Je soutiendrai ce processus pour lui donner les meilleures chances d&rsquo;aboutir. Et je poursuivrai mon effort pour encourager les prochaines \u00e9tapes vers une rationalisation plus approfondie du secteur dans la logique d&rsquo;une r\u00e9forme plus large du logement social \u00e0 Bruxelles entam\u00e9e depuis le d\u00e9but de la l\u00e9gislature.<\/p>\n","protected":false},"excerpt":{"rendered":"<p>Je me r\u00e9jouis de l&rsquo;annonce publique du processus de rapprochement lanc\u00e9 par six soci\u00e9t\u00e9s coop\u00e9ratives de logement social (\u00e0 savoir \u00ab\u00a0Cobralo\u00a0\u00bb \u00e0 Uccle, \u00ab\u00a0Les Foyers Collectifs\u00a0\u00bb \u00e0 Anderlecht, \u00ab\u00a0Germinal\u00a0\u00bb \u00e0 Evere, \u00ab\u00a0Kapelleveld\u00a0\u00bb \u00e0 Woluwe-Saint-Lambert et Woluwe-Saint-Pierre, \u00ab\u00a0Les Locataires R\u00e9unis\u00a0\u00bb \u00e0 Woluwe-Saint-Lambert et \u00ab\u00a0Messidor\u00a0\u00bb\u00e0 Forest).<\/p>\n","protected":false},"author":2,"featured_media":7532,"comment_status":"open","ping_status":"open","sticky":false,"template":"","format":"standard","meta":{"_monsterinsights_skip_tracking":false,"_monsterinsights_sitenote_active":false,"_monsterinsights_sitenote_note":"","_monsterinsights_sitenote_category":0,"ngg_post_thumbnail":0,"footnotes":""},"categories":[3],"tags":[],"class_list":["post-7530","post","type-post","status-publish","format-standard","has-post-thumbnail","hentry","category-logement"],"yoast_head":"<!-- This site is optimized with the Yoast SEO plugin v27.4 - https:\/\/yoast.com\/product\/yoast-seo-wordpress\/ -->\n<title>Six coop\u00e9ratives de logement social bruxelloises veulent se rapprocher  - Christos Doulkeridis<\/title>\n<meta name=\"robots\" content=\"index, follow, max-snippet:-1, max-image-preview:large, max-video-preview:-1\" \/>\n<link rel=\"canonical\" href=\"https:\/\/www.doulkeridis.be\/blog\/2012\/08\/24\/six-cooperatives-de-logement-social-bruxelloises-veulent-se-rapprocher\/\" \/>\n<meta property=\"og:locale\" content=\"fr_FR\" \/>\n<meta property=\"og:type\" content=\"article\" \/>\n<meta property=\"og:title\" content=\"Six coop\u00e9ratives de logement social bruxelloises veulent se rapprocher  - Christos Doulkeridis\" \/>\n<meta property=\"og:description\" content=\"Je me r\u00e9jouis de l&rsquo;annonce publique du processus de rapprochement lanc\u00e9 par six soci\u00e9t\u00e9s coop\u00e9ratives de logement social (\u00e0 savoir \u00ab\u00a0Cobralo\u00a0\u00bb \u00e0 Uccle, \u00ab\u00a0Les Foyers Collectifs\u00a0\u00bb \u00e0 Anderlecht, \u00ab\u00a0Germinal\u00a0\u00bb \u00e0 Evere, \u00ab\u00a0Kapelleveld\u00a0\u00bb \u00e0 Woluwe-Saint-Lambert et Woluwe-Saint-Pierre, \u00ab\u00a0Les Locataires R\u00e9unis\u00a0\u00bb \u00e0 Woluwe-Saint-Lambert et \u00ab\u00a0Messidor\u00a0\u00bb\u00e0 Forest).\" \/>\n<meta property=\"og:url\" content=\"https:\/\/www.doulkeridis.be\/blog\/2012\/08\/24\/six-cooperatives-de-logement-social-bruxelloises-veulent-se-rapprocher\/\" \/>\n<meta property=\"og:site_name\" content=\"Christos Doulkeridis\" \/>\n<meta property=\"article:publisher\" content=\"https:\/\/www.facebook.com\/doulkeridis\" \/>\n<meta property=\"article:published_time\" content=\"2012-08-24T14:52:47+00:00\" \/>\n<meta property=\"article:modified_time\" content=\"2012-09-14T07:10:42+00:00\" \/>\n<meta property=\"og:image\" content=\"https:\/\/www.doulkeridis.be\/blog\/wp-content\/uploads\/2012\/08\/germinal-evere.jpg\" \/>\n\t<meta property=\"og:image:width\" content=\"2332\" \/>\n\t<meta property=\"og:image:height\" content=\"1029\" \/>\n\t<meta property=\"og:image:type\" content=\"image\/jpeg\" \/>\n<meta name=\"author\" content=\"Christos Doulkeridis\" \/>\n<meta name=\"twitter:card\" content=\"summary_large_image\" \/>\n<meta name=\"twitter:label1\" content=\"\u00c9crit par\" \/>\n\t<meta name=\"twitter:data1\" content=\"Christos Doulkeridis\" \/>\n\t<meta name=\"twitter:label2\" content=\"Dur\u00e9e de lecture estim\u00e9e\" \/>\n\t<meta name=\"twitter:data2\" content=\"2 minutes\" \/>\n<script type=\"application\/ld+json\" class=\"yoast-schema-graph\">{\"@context\":\"https:\\\/\\\/schema.org\",\"@graph\":[{\"@type\":\"Article\",\"@id\":\"https:\\\/\\\/www.doulkeridis.be\\\/blog\\\/2012\\\/08\\\/24\\\/six-cooperatives-de-logement-social-bruxelloises-veulent-se-rapprocher\\\/#article\",\"isPartOf\":{\"@id\":\"https:\\\/\\\/www.doulkeridis.be\\\/blog\\\/2012\\\/08\\\/24\\\/six-cooperatives-de-logement-social-bruxelloises-veulent-se-rapprocher\\\/\"},\"author\":{\"name\":\"Christos Doulkeridis\",\"@id\":\"https:\\\/\\\/www.doulkeridis.be\\\/blog\\\/#\\\/schema\\\/person\\\/9f03f3459f0a4ba4db02aabbba098365\"},\"headline\":\"Six coop\u00e9ratives de logement social bruxelloises veulent se rapprocher\",\"datePublished\":\"2012-08-24T14:52:47+00:00\",\"dateModified\":\"2012-09-14T07:10:42+00:00\",\"mainEntityOfPage\":{\"@id\":\"https:\\\/\\\/www.doulkeridis.be\\\/blog\\\/2012\\\/08\\\/24\\\/six-cooperatives-de-logement-social-bruxelloises-veulent-se-rapprocher\\\/\"},\"wordCount\":376,\"commentCount\":2,\"publisher\":{\"@id\":\"https:\\\/\\\/www.doulkeridis.be\\\/blog\\\/#organization\"},\"image\":{\"@id\":\"https:\\\/\\\/www.doulkeridis.be\\\/blog\\\/2012\\\/08\\\/24\\\/six-cooperatives-de-logement-social-bruxelloises-veulent-se-rapprocher\\\/#primaryimage\"},\"thumbnailUrl\":\"https:\\\/\\\/www.doulkeridis.be\\\/blog\\\/wp-content\\\/uploads\\\/2012\\\/08\\\/germinal-evere.jpg\",\"articleSection\":[\"Logement\"],\"inLanguage\":\"fr-FR\",\"potentialAction\":[{\"@type\":\"CommentAction\",\"name\":\"Comment\",\"target\":[\"https:\\\/\\\/www.doulkeridis.be\\\/blog\\\/2012\\\/08\\\/24\\\/six-cooperatives-de-logement-social-bruxelloises-veulent-se-rapprocher\\\/#respond\"]}]},{\"@type\":\"WebPage\",\"@id\":\"https:\\\/\\\/www.doulkeridis.be\\\/blog\\\/2012\\\/08\\\/24\\\/six-cooperatives-de-logement-social-bruxelloises-veulent-se-rapprocher\\\/\",\"url\":\"https:\\\/\\\/www.doulkeridis.be\\\/blog\\\/2012\\\/08\\\/24\\\/six-cooperatives-de-logement-social-bruxelloises-veulent-se-rapprocher\\\/\",\"name\":\"Six coop\u00e9ratives de logement social bruxelloises veulent se rapprocher - Christos Doulkeridis\",\"isPartOf\":{\"@id\":\"https:\\\/\\\/www.doulkeridis.be\\\/blog\\\/#website\"},\"primaryImageOfPage\":{\"@id\":\"https:\\\/\\\/www.doulkeridis.be\\\/blog\\\/2012\\\/08\\\/24\\\/six-cooperatives-de-logement-social-bruxelloises-veulent-se-rapprocher\\\/#primaryimage\"},\"image\":{\"@id\":\"https:\\\/\\\/www.doulkeridis.be\\\/blog\\\/2012\\\/08\\\/24\\\/six-cooperatives-de-logement-social-bruxelloises-veulent-se-rapprocher\\\/#primaryimage\"},\"thumbnailUrl\":\"https:\\\/\\\/www.doulkeridis.be\\\/blog\\\/wp-content\\\/uploads\\\/2012\\\/08\\\/germinal-evere.jpg\",\"datePublished\":\"2012-08-24T14:52:47+00:00\",\"dateModified\":\"2012-09-14T07:10:42+00:00\",\"breadcrumb\":{\"@id\":\"https:\\\/\\\/www.doulkeridis.be\\\/blog\\\/2012\\\/08\\\/24\\\/six-cooperatives-de-logement-social-bruxelloises-veulent-se-rapprocher\\\/#breadcrumb\"},\"inLanguage\":\"fr-FR\",\"potentialAction\":[{\"@type\":\"ReadAction\",\"target\":[\"https:\\\/\\\/www.doulkeridis.be\\\/blog\\\/2012\\\/08\\\/24\\\/six-cooperatives-de-logement-social-bruxelloises-veulent-se-rapprocher\\\/\"]}]},{\"@type\":\"ImageObject\",\"inLanguage\":\"fr-FR\",\"@id\":\"https:\\\/\\\/www.doulkeridis.be\\\/blog\\\/2012\\\/08\\\/24\\\/six-cooperatives-de-logement-social-bruxelloises-veulent-se-rapprocher\\\/#primaryimage\",\"url\":\"https:\\\/\\\/www.doulkeridis.be\\\/blog\\\/wp-content\\\/uploads\\\/2012\\\/08\\\/germinal-evere.jpg\",\"contentUrl\":\"https:\\\/\\\/www.doulkeridis.be\\\/blog\\\/wp-content\\\/uploads\\\/2012\\\/08\\\/germinal-evere.jpg\",\"width\":\"2332\",\"height\":\"1029\"},{\"@type\":\"BreadcrumbList\",\"@id\":\"https:\\\/\\\/www.doulkeridis.be\\\/blog\\\/2012\\\/08\\\/24\\\/six-cooperatives-de-logement-social-bruxelloises-veulent-se-rapprocher\\\/#breadcrumb\",\"itemListElement\":[{\"@type\":\"ListItem\",\"position\":1,\"name\":\"Accueil\",\"item\":\"https:\\\/\\\/www.doulkeridis.be\\\/blog\\\/\"},{\"@type\":\"ListItem\",\"position\":2,\"name\":\"Six coop\u00e9ratives de logement social bruxelloises veulent se rapprocher\"}]},{\"@type\":\"WebSite\",\"@id\":\"https:\\\/\\\/www.doulkeridis.be\\\/blog\\\/#website\",\"url\":\"https:\\\/\\\/www.doulkeridis.be\\\/blog\\\/\",\"name\":\"Christos Doulkeridis\",\"description\":\"Coach | Consultant en solutions, gestion de crise, n\u00e9gociations\",\"publisher\":{\"@id\":\"https:\\\/\\\/www.doulkeridis.be\\\/blog\\\/#organization\"},\"potentialAction\":[{\"@type\":\"SearchAction\",\"target\":{\"@type\":\"EntryPoint\",\"urlTemplate\":\"https:\\\/\\\/www.doulkeridis.be\\\/blog\\\/?s={search_term_string}\"},\"query-input\":{\"@type\":\"PropertyValueSpecification\",\"valueRequired\":true,\"valueName\":\"search_term_string\"}}],\"inLanguage\":\"fr-FR\"},{\"@type\":\"Organization\",\"@id\":\"https:\\\/\\\/www.doulkeridis.be\\\/blog\\\/#organization\",\"name\":\"Ulyse\",\"url\":\"https:\\\/\\\/www.doulkeridis.be\\\/blog\\\/\",\"logo\":{\"@type\":\"ImageObject\",\"inLanguage\":\"fr-FR\",\"@id\":\"https:\\\/\\\/www.doulkeridis.be\\\/blog\\\/#\\\/schema\\\/logo\\\/image\\\/\",\"url\":\"https:\\\/\\\/www.doulkeridis.be\\\/blog\\\/wp-content\\\/uploads\\\/2026\\\/04\\\/2-5.png\",\"contentUrl\":\"https:\\\/\\\/www.doulkeridis.be\\\/blog\\\/wp-content\\\/uploads\\\/2026\\\/04\\\/2-5.png\",\"width\":1024,\"height\":728,\"caption\":\"Ulyse\"},\"image\":{\"@id\":\"https:\\\/\\\/www.doulkeridis.be\\\/blog\\\/#\\\/schema\\\/logo\\\/image\\\/\"},\"sameAs\":[\"https:\\\/\\\/www.facebook.com\\\/doulkeridis\",\"https:\\\/\\\/www.facebook.com\\\/christosdoulkeridis2\"]},{\"@type\":\"Person\",\"@id\":\"https:\\\/\\\/www.doulkeridis.be\\\/blog\\\/#\\\/schema\\\/person\\\/9f03f3459f0a4ba4db02aabbba098365\",\"name\":\"Christos Doulkeridis\",\"image\":{\"@type\":\"ImageObject\",\"inLanguage\":\"fr-FR\",\"@id\":\"https:\\\/\\\/secure.gravatar.com\\\/avatar\\\/71cb6e4369ca0615d93730ef3bc5f54642df4f6bcc59b92763d2ac434abf103e?s=96&d=mm&r=g\",\"url\":\"https:\\\/\\\/secure.gravatar.com\\\/avatar\\\/71cb6e4369ca0615d93730ef3bc5f54642df4f6bcc59b92763d2ac434abf103e?s=96&d=mm&r=g\",\"contentUrl\":\"https:\\\/\\\/secure.gravatar.com\\\/avatar\\\/71cb6e4369ca0615d93730ef3bc5f54642df4f6bcc59b92763d2ac434abf103e?s=96&d=mm&r=g\",\"caption\":\"Christos Doulkeridis\"},\"url\":\"https:\\\/\\\/www.doulkeridis.be\\\/blog\\\/author\\\/christos\\\/\"}]}<\/script>\n<!-- \/ Yoast SEO plugin. -->","yoast_head_json":{"title":"Six coop\u00e9ratives de logement social bruxelloises veulent se rapprocher  - Christos Doulkeridis","robots":{"index":"index","follow":"follow","max-snippet":"max-snippet:-1","max-image-preview":"max-image-preview:large","max-video-preview":"max-video-preview:-1"},"canonical":"https:\/\/www.doulkeridis.be\/blog\/2012\/08\/24\/six-cooperatives-de-logement-social-bruxelloises-veulent-se-rapprocher\/","og_locale":"fr_FR","og_type":"article","og_title":"Six coop\u00e9ratives de logement social bruxelloises veulent se rapprocher  - Christos Doulkeridis","og_description":"Je me r\u00e9jouis de l&rsquo;annonce publique du processus de rapprochement lanc\u00e9 par six soci\u00e9t\u00e9s coop\u00e9ratives de logement social (\u00e0 savoir \u00ab\u00a0Cobralo\u00a0\u00bb \u00e0 Uccle, \u00ab\u00a0Les Foyers Collectifs\u00a0\u00bb \u00e0 Anderlecht, \u00ab\u00a0Germinal\u00a0\u00bb \u00e0 Evere, \u00ab\u00a0Kapelleveld\u00a0\u00bb \u00e0 Woluwe-Saint-Lambert et Woluwe-Saint-Pierre, \u00ab\u00a0Les Locataires R\u00e9unis\u00a0\u00bb \u00e0 Woluwe-Saint-Lambert et \u00ab\u00a0Messidor\u00a0\u00bb\u00e0 Forest).","og_url":"https:\/\/www.doulkeridis.be\/blog\/2012\/08\/24\/six-cooperatives-de-logement-social-bruxelloises-veulent-se-rapprocher\/","og_site_name":"Christos Doulkeridis","article_publisher":"https:\/\/www.facebook.com\/doulkeridis","article_published_time":"2012-08-24T14:52:47+00:00","article_modified_time":"2012-09-14T07:10:42+00:00","og_image":[{"width":2332,"height":1029,"url":"https:\/\/www.doulkeridis.be\/blog\/wp-content\/uploads\/2012\/08\/germinal-evere.jpg","type":"image\/jpeg"}],"author":"Christos Doulkeridis","twitter_card":"summary_large_image","twitter_misc":{"\u00c9crit par":"Christos Doulkeridis","Dur\u00e9e de lecture estim\u00e9e":"2 minutes"},"schema":{"@context":"https:\/\/schema.org","@graph":[{"@type":"Article","@id":"https:\/\/www.doulkeridis.be\/blog\/2012\/08\/24\/six-cooperatives-de-logement-social-bruxelloises-veulent-se-rapprocher\/#article","isPartOf":{"@id":"https:\/\/www.doulkeridis.be\/blog\/2012\/08\/24\/six-cooperatives-de-logement-social-bruxelloises-veulent-se-rapprocher\/"},"author":{"name":"Christos Doulkeridis","@id":"https:\/\/www.doulkeridis.be\/blog\/#\/schema\/person\/9f03f3459f0a4ba4db02aabbba098365"},"headline":"Six coop\u00e9ratives de logement social bruxelloises veulent se rapprocher","datePublished":"2012-08-24T14:52:47+00:00","dateModified":"2012-09-14T07:10:42+00:00","mainEntityOfPage":{"@id":"https:\/\/www.doulkeridis.be\/blog\/2012\/08\/24\/six-cooperatives-de-logement-social-bruxelloises-veulent-se-rapprocher\/"},"wordCount":376,"commentCount":2,"publisher":{"@id":"https:\/\/www.doulkeridis.be\/blog\/#organization"},"image":{"@id":"https:\/\/www.doulkeridis.be\/blog\/2012\/08\/24\/six-cooperatives-de-logement-social-bruxelloises-veulent-se-rapprocher\/#primaryimage"},"thumbnailUrl":"https:\/\/www.doulkeridis.be\/blog\/wp-content\/uploads\/2012\/08\/germinal-evere.jpg","articleSection":["Logement"],"inLanguage":"fr-FR","potentialAction":[{"@type":"CommentAction","name":"Comment","target":["https:\/\/www.doulkeridis.be\/blog\/2012\/08\/24\/six-cooperatives-de-logement-social-bruxelloises-veulent-se-rapprocher\/#respond"]}]},{"@type":"WebPage","@id":"https:\/\/www.doulkeridis.be\/blog\/2012\/08\/24\/six-cooperatives-de-logement-social-bruxelloises-veulent-se-rapprocher\/","url":"https:\/\/www.doulkeridis.be\/blog\/2012\/08\/24\/six-cooperatives-de-logement-social-bruxelloises-veulent-se-rapprocher\/","name":"Six coop\u00e9ratives de logement social bruxelloises veulent se rapprocher - Christos Doulkeridis","isPartOf":{"@id":"https:\/\/www.doulkeridis.be\/blog\/#website"},"primaryImageOfPage":{"@id":"https:\/\/www.doulkeridis.be\/blog\/2012\/08\/24\/six-cooperatives-de-logement-social-bruxelloises-veulent-se-rapprocher\/#primaryimage"},"image":{"@id":"https:\/\/www.doulkeridis.be\/blog\/2012\/08\/24\/six-cooperatives-de-logement-social-bruxelloises-veulent-se-rapprocher\/#primaryimage"},"thumbnailUrl":"https:\/\/www.doulkeridis.be\/blog\/wp-content\/uploads\/2012\/08\/germinal-evere.jpg","datePublished":"2012-08-24T14:52:47+00:00","dateModified":"2012-09-14T07:10:42+00:00","breadcrumb":{"@id":"https:\/\/www.doulkeridis.be\/blog\/2012\/08\/24\/six-cooperatives-de-logement-social-bruxelloises-veulent-se-rapprocher\/#breadcrumb"},"inLanguage":"fr-FR","potentialAction":[{"@type":"ReadAction","target":["https:\/\/www.doulkeridis.be\/blog\/2012\/08\/24\/six-cooperatives-de-logement-social-bruxelloises-veulent-se-rapprocher\/"]}]},{"@type":"ImageObject","inLanguage":"fr-FR","@id":"https:\/\/www.doulkeridis.be\/blog\/2012\/08\/24\/six-cooperatives-de-logement-social-bruxelloises-veulent-se-rapprocher\/#primaryimage","url":"https:\/\/www.doulkeridis.be\/blog\/wp-content\/uploads\/2012\/08\/germinal-evere.jpg","contentUrl":"https:\/\/www.doulkeridis.be\/blog\/wp-content\/uploads\/2012\/08\/germinal-evere.jpg","width":"2332","height":"1029"},{"@type":"BreadcrumbList","@id":"https:\/\/www.doulkeridis.be\/blog\/2012\/08\/24\/six-cooperatives-de-logement-social-bruxelloises-veulent-se-rapprocher\/#breadcrumb","itemListElement":[{"@type":"ListItem","position":1,"name":"Accueil","item":"https:\/\/www.doulkeridis.be\/blog\/"},{"@type":"ListItem","position":2,"name":"Six coop\u00e9ratives de logement social bruxelloises veulent se rapprocher"}]},{"@type":"WebSite","@id":"https:\/\/www.doulkeridis.be\/blog\/#website","url":"https:\/\/www.doulkeridis.be\/blog\/","name":"Christos Doulkeridis","description":"Coach | Consultant en solutions, gestion de crise, n\u00e9gociations","publisher":{"@id":"https:\/\/www.doulkeridis.be\/blog\/#organization"},"potentialAction":[{"@type":"SearchAction","target":{"@type":"EntryPoint","urlTemplate":"https:\/\/www.doulkeridis.be\/blog\/?s={search_term_string}"},"query-input":{"@type":"PropertyValueSpecification","valueRequired":true,"valueName":"search_term_string"}}],"inLanguage":"fr-FR"},{"@type":"Organization","@id":"https:\/\/www.doulkeridis.be\/blog\/#organization","name":"Ulyse","url":"https:\/\/www.doulkeridis.be\/blog\/","logo":{"@type":"ImageObject","inLanguage":"fr-FR","@id":"https:\/\/www.doulkeridis.be\/blog\/#\/schema\/logo\/image\/","url":"https:\/\/www.doulkeridis.be\/blog\/wp-content\/uploads\/2026\/04\/2-5.png","contentUrl":"https:\/\/www.doulkeridis.be\/blog\/wp-content\/uploads\/2026\/04\/2-5.png","width":1024,"height":728,"caption":"Ulyse"},"image":{"@id":"https:\/\/www.doulkeridis.be\/blog\/#\/schema\/logo\/image\/"},"sameAs":["https:\/\/www.facebook.com\/doulkeridis","https:\/\/www.facebook.com\/christosdoulkeridis2"]},{"@type":"Person","@id":"https:\/\/www.doulkeridis.be\/blog\/#\/schema\/person\/9f03f3459f0a4ba4db02aabbba098365","name":"Christos Doulkeridis","image":{"@type":"ImageObject","inLanguage":"fr-FR","@id":"https:\/\/secure.gravatar.com\/avatar\/71cb6e4369ca0615d93730ef3bc5f54642df4f6bcc59b92763d2ac434abf103e?s=96&d=mm&r=g","url":"https:\/\/secure.gravatar.com\/avatar\/71cb6e4369ca0615d93730ef3bc5f54642df4f6bcc59b92763d2ac434abf103e?s=96&d=mm&r=g","contentUrl":"https:\/\/secure.gravatar.com\/avatar\/71cb6e4369ca0615d93730ef3bc5f54642df4f6bcc59b92763d2ac434abf103e?s=96&d=mm&r=g","caption":"Christos Doulkeridis"},"url":"https:\/\/www.doulkeridis.be\/blog\/author\/christos\/"}]}},"_links":{"self":[{"href":"https:\/\/www.doulkeridis.be\/blog\/wp-json\/wp\/v2\/posts\/7530","targetHints":{"allow":["GET"]}}],"collection":[{"href":"https:\/\/www.doulkeridis.be\/blog\/wp-json\/wp\/v2\/posts"}],"about":[{"href":"https:\/\/www.doulkeridis.be\/blog\/wp-json\/wp\/v2\/types\/post"}],"author":[{"embeddable":true,"href":"https:\/\/www.doulkeridis.be\/blog\/wp-json\/wp\/v2\/users\/2"}],"replies":[{"embeddable":true,"href":"https:\/\/www.doulkeridis.be\/blog\/wp-json\/wp\/v2\/comments?post=7530"}],"version-history":[{"count":16,"href":"https:\/\/www.doulkeridis.be\/blog\/wp-json\/wp\/v2\/posts\/7530\/revisions"}],"predecessor-version":[{"id":7644,"href":"https:\/\/www.doulkeridis.be\/blog\/wp-json\/wp\/v2\/posts\/7530\/revisions\/7644"}],"wp:featuredmedia":[{"embeddable":true,"href":"https:\/\/www.doulkeridis.be\/blog\/wp-json\/wp\/v2\/media\/7532"}],"wp:attachment":[{"href":"https:\/\/www.doulkeridis.be\/blog\/wp-json\/wp\/v2\/media?parent=7530"}],"wp:term":[{"taxonomy":"category","embeddable":true,"href":"https:\/\/www.doulkeridis.be\/blog\/wp-json\/wp\/v2\/categories?post=7530"},{"taxonomy":"post_tag","embeddable":true,"href":"https:\/\/www.doulkeridis.be\/blog\/wp-json\/wp\/v2\/tags?post=7530"}],"curies":[{"name":"wp","href":"https:\/\/api.w.org\/{rel}","templated":true}]}}