{"id":7915,"date":"2012-09-26T20:00:21","date_gmt":"2012-09-26T19:00:21","guid":{"rendered":"http:\/\/www.doulkeridis.be\/blog\/?p=7915"},"modified":"2012-09-27T09:53:32","modified_gmt":"2012-09-27T08:53:32","slug":"cestdabord-aux-bruxellois-de-choisir-leurs-options-davenir","status":"publish","type":"post","link":"https:\/\/www.doulkeridis.be\/blog\/2012\/09\/26\/cestdabord-aux-bruxellois-de-choisir-leurs-options-davenir\/","title":{"rendered":"C\u2019est d\u2019abord aux Bruxellois de choisir leurs options d\u2019avenir"},"content":{"rendered":"<p><a href=\"https:\/\/www.doulkeridis.be\/blog\/wp-content\/uploads\/2012\/09\/DSC_0364.jpg\"><img loading=\"lazy\" decoding=\"async\" class=\"alignleft size-medium wp-image-7918\" title=\"DSC_0364\" src=\"https:\/\/www.doulkeridis.be\/blog\/wp-content\/uploads\/2012\/09\/DSC_0364-300x200.jpg\" alt=\"\" width=\"300\" height=\"200\" srcset=\"https:\/\/www.doulkeridis.be\/blog\/wp-content\/uploads\/2012\/09\/DSC_0364-300x200.jpg 300w, https:\/\/www.doulkeridis.be\/blog\/wp-content\/uploads\/2012\/09\/DSC_0364-1024x685.jpg 1024w\" sizes=\"auto, (max-width: 300px) 100vw, 300px\" \/><\/a>Ce 27 septembre, nous f\u00eaterons la f\u00e9d\u00e9ration Wallonie-Bruxelles. La veille, comme de coutume, les Bruxellois francophones se sont d\u00e9j\u00e0 retrouv\u00e9s \u00e0 cette occasion, au Parlement bruxellois.<\/p>\n<p>Voici le discours que j&rsquo;ai eu l&rsquo;occasion de prononcer.<\/p>\n<p><!--more--><\/p>\n<p>Madame la Pr\u00e9sidente,<br \/>\nMesdames et Messieurs les d\u00e9put\u00e9s,<br \/>\nMesdames et Messieurs les Ministres,<br \/>\nVous tous ici pr\u00e9sents, en vos titres et qualit\u00e9s,<\/p>\n<p>Il y a bient\u00f4t un an, en octobre 2011, nous nous r\u00e9jouissions de l\u2019aboutissement d\u2019une longue n\u00e9gociation et de l\u2019accord intervenu sur la sixi\u00e8me r\u00e9forme de l\u2019Etat. Nous nous r\u00e9jouissions tout particuli\u00e8rement de l\u2019aboutissement d\u2019un long combat : celui de la reconnaissance de Bruxelles en tant que troisi\u00e8me r\u00e9gion \u00e0 part enti\u00e8re, au travers d\u2019un juste financement et de l\u2019autonomie constitutive.<br \/>\nCe combat pour la reconnaissance de Bruxelles fut un combat politique majeur. Il a fallu convaincre d\u2019abord certains politiques bruxellois, puis nos partenaires wallons, et ensuite les partis politiques flamands de son bien-fond\u00e9.<\/p>\n<p>Ce combat a notamment \u00e9t\u00e9 gagn\u00e9 parce que, en ce qui concerne le juste financement, les Bruxelloises et les Bruxellois en avaient ressenti tous les enjeux, toute l\u2019imp\u00e9rieuse n\u00e9cessit\u00e9, dans leur quotidien : des transports en communs insuffisants, une s\u00e9curit\u00e9 \u00e0 am\u00e9liorer, des infrastructures et services en nombre insuffisant pour les personnes handicap\u00e9es, pas assez de logements accessibles, trop peu de moyens pour le d\u00e9fi essentiel de la formation de nos jeunes ou l\u2019accueil de la petite enfance, et j\u2019en passe, &#8230;<br \/>\nL\u2019urgence de cette reconnaissance \u00e9tait devenue une \u00e9vidence. Et nous avons veill\u00e9 \u00e0 ce que les secteurs qui d\u00e9pendent de la COCOF ne soient pas oubli\u00e9s.<\/p>\n<p>Mesdames et Messieurs,<br \/>\nO\u00f9 en est Bruxelles aujourd\u2019hui ?<br \/>\nLes premiers fruits du refinancement sont l\u00e0, depuis cette ann\u00e9e, m\u00eame s\u2019ils sont malheureusement peu palpables, parce que nous devons en m\u00eame temps affronter la crise budg\u00e9taire et financi\u00e8re qui frappe toutes nos entit\u00e9s.<br \/>\nLa r\u00e9forme de l\u2019Etat vit sa premi\u00e8re phase de mise en \u0153uvre, au sein du COMORI et au Parlement f\u00e9d\u00e9ral. Entre eux, les Bruxellois travaillent \u00e0 la concr\u00e9tisation de l\u2019accord institutionnel intra-bruxellois. Les entit\u00e9s f\u00e9d\u00e9r\u00e9es et le f\u00e9d\u00e9ral se pr\u00e9parent aux importants transferts de comp\u00e9tences \u00e0 venir. Le travail est consid\u00e9rable et de nombreuses questions tr\u00e8s concr\u00e8tes restent \u00e0 r\u00e9soudre.<\/p>\n<p>Tous les jours, nos secteurs nous interrogent sur leur avenir dans le cadre de la 6\u00e8me r\u00e9forme. Tous les jours, nous devons r\u00e9pondre que si nous connaissons, \u00e0 quelques d\u00e9tails pr\u00e8s, le p\u00e9rim\u00e8tre des comp\u00e9tences transf\u00e9r\u00e9es, beaucoup reste \u00e0 faire et \u00e0 d\u00e9terminer, beaucoup de questions restent ouvertes, en particulier \u00e0 Bruxelles \u2013 o\u00f9 tout est naturellement plus complexe qu\u2019ailleurs &#8211; quant aux futures entit\u00e9s comp\u00e9tentes, quant \u00e0 ce que nous ferons des nouvelles comp\u00e9tences et des moyens transf\u00e9r\u00e9s, quant aux modes de gouvernance de ces comp\u00e9tences, quant aux moyens r\u00e9els dont nous disposerons pour les exercer, voire, enfin, quant \u00e0 la loyaut\u00e9 dont feront preuve les uns et les autres dans la concr\u00e9tisation des d\u00e9cisions l\u00e9gitimement adopt\u00e9es.<\/p>\n<p>Apr\u00e8s les \u00e9lections communales, l\u2019un des enjeu sera donc de v\u00e9rifier que le COMORI et les autres institutions concern\u00e9es poursuivent et approfondissent rapidement leurs travaux. Cette 6\u00e8me r\u00e9forme est de grande ampleur. Elle est \u00e9galement complexe et sans doute difficilement lisible.<\/p>\n<p>Elle d\u00e9passe de loin les sujets les plus m\u00e9diatiques, que sont BHV ou le refinancement de Bruxelles. Les choix que nous ferons, au niveau politique, dans la mise en \u0153uvre de cette r\u00e9forme au cours des prochains mois et des prochaines ann\u00e9es seront cruciaux et structurants pour l\u2019avenir. Ils concernent des pans importants de l\u2019organisation future de notre vivre ensemble.<\/p>\n<p>A titre d\u2019exemple \u2013 et on peut en citer par dizaines &#8211; la r\u00e9gionalisation des allocations familiales, en fonction des moyens dont nous disposerons, induira d\u2019importants d\u00e9bats sur la politique familiale que nous souhaitons mener. Mais aussi sur l\u2019implication future &#8211; que je souhaite personnellement importante \u2013 des partenaires sociaux dans la gestion des pans h\u00e9rit\u00e9s de la S\u00e9curit\u00e9 sociale f\u00e9d\u00e9rale.<br \/>\nCes choix doivent \u00eatre largement connus et d\u00e9battus avec les Bruxellois. Il convient, pour cela, de commencer par prendre le temps d\u2019expliquer largement la r\u00e9forme, ses enjeux, et la nature des arbitrages qui se posent ou se poseront \u00e0 nous.<\/p>\n<p>Cette phase de p\u00e9dagogie a encore \u00e9t\u00e9 insuffisamment men\u00e9e. Il est de notre responsabilit\u00e9 politique de provoquer et de soutenir les initiatives qui seront port\u00e9es en ce sens.<\/p>\n<p>Mais, Mesdames et Messieurs, plus fondamentalement encore, cette \u00e9tape d\u00e9pass\u00e9e, n\u2019est-il pas urgent onstruire le Bruxelles de demain en identifiant les d\u00e9fis \u00e0 relever, les objectifs \u00e0 atteindre et les moyens que nous voulons mobiliser pour y arriver ? Bruxelles en tant que R\u00e9gion, Bruxelles en tant que capitale europ\u00e9enne, Bruxelles au carrefour de la Flandre et de la Wallonie. La R\u00e9gion wallonne s\u2019est fix\u00e9 des priorit\u00e9s autour d\u2019un projet mobilisateur pour la r\u00e9gion \u00e0 l\u2019horizon 2022. Nous devons, nous aussi, \u00eatre capables de d\u00e9terminer dans des \u00e9ch\u00e9ances similaires, notre projet pour Bruxelles.<\/p>\n<p>Et qui mieux que les Bruxelloises et Bruxellois est \u00e0 m\u00eame de d\u00e9finir ce projet?<\/p>\n<p>Bruxelles est maill\u00e9e d\u2019un vaste r\u00e9seau associatif, qui cr\u00e9e du lien entre les citoyens et entre citoyens et politiques. Bruxelles est le premier p\u00f4le universitaire du pays. Qui plus est, un p\u00f4le qui commence \u00e0 d\u00e9passer ses clivages philosophiques et linguistiques. Bruxelles a tout en main pour effectuer un travail d\u2019\u00e9ducation permanente et lancer une dynamique constructive avec les habitants pour d\u00e9terminer notre avenir commun. Bruxelles dispose de partenaires sociaux qui ont montr\u00e9 leur force de proposition et d\u2019implication.<br \/>\nIl nous faut donc entendre, en mobilisant tous ces r\u00e9seaux, les Bruxelloises et Bruxellois sur leur vision de l\u2019avenir pour la R\u00e9gion : O\u00f9 voulons-nous aller demain ensemble ?<\/p>\n<p>Cette question, nous devons l\u2019aborder sans tarder entre Bruxellois, sous toutes ses facettes :<br \/>\n&#8211; Comment Bruxelles assure-t-elle le bien \u00eatre et la qualit\u00e9 de vie de ses habitants pour les cinquante prochaines ann\u00e9e ?<br \/>\n&#8211; Quelle gouvernance voulons-nous dans cette R\u00e9gion ? Quelle est la meilleure r\u00e9partition des comp\u00e9tences et le meilleur mode de relations entre les entit\u00e9s au service des citoyens ?<br \/>\n&#8211; Comment Bruxelles joue-t-elle son r\u00f4le et exerce-t-elle sa responsabilit\u00e9 de Capitale belge vis-\u00e0-vis des autres entit\u00e9s, vis-\u00e0-vis de chaque citoyen de ce pays ?<br \/>\n&#8211; Quelle est la nature de la relation privil\u00e9gi\u00e9e que nous voulons entretenir au sein de l\u2019espace francophone ? Jusqu\u2019o\u00f9 doit aller cette relation ?<br \/>\n&#8211; Comment implique-t-on dans notre projet la minorit\u00e9 bruxelloise n\u00e9erlandophone ? Quelle relation avec notre p\u00e9riph\u00e9rie imm\u00e9diate, notre hinterland naturel et les autres R\u00e9gions ?<br \/>\n&#8211; Comment exer\u00e7ons nous notre responsabilit\u00e9 de Capitale de 500 millions d\u2019europ\u00e9ens ?<br \/>\n\u2026 Et bien d\u2019autres questions encore\u2026<\/p>\n<p>Aujourd\u2019hui une \u00e9tape nouvelle se pr\u00e9sente.<\/p>\n<p>Prendre le temps et se donner les moyens d\u2019expliquer la r\u00e9forme et ses enjeux. Mais aussi et surtout se remettre \u00e0 table avec toutes les forces vives Bruxelloises pour refonder un projet Bruxellois pour l\u2019avenir. Reprendre 20, 30 ou 50 ann\u00e9es d\u2019avance.<br \/>\nIl faut dessiner collectivement l\u2019avenir que nous, politiques, construirons concr\u00e8tement dans les parlements et gouvernements, celui que nous mettrons aussi sur la table d\u2019\u00e9ventuelles futures discussions institutionnelles.<br \/>\nN\u2019ayons pas peur du d\u00e9bat sur l\u2019avenir de Bruxelles. Pas dans un plan A, B, X ou Y. Pas dans un carcan monde politique \u2013 monde acad\u00e9mique. Mais sur la place publique, avec les acteurs qui font la richesse de notre r\u00e9gion, sur l\u2019ensemble des politiques qui les concernent. Ce d\u00e9bat est toujours compliqu\u00e9 \u00e0 Bruxelles. Car il ne faut pas froisser nos concitoyens n\u00e9erlandophones, nos partenaires francophones, le F\u00e9d\u00e9ral, la communaut\u00e9 europ\u00e9enne et toutes les populations d\u2019origines diverses qui vivent sur ce petit territoire. Mais de gr\u00e2ce ne froissons pas toutes ces Bruxelloises et tous ces Bruxellois qui cr\u00e9ent la richesse mais aussi la complexit\u00e9 de Bruxelles Ville-R\u00e9gion-Capitale en omettant de nous pencher sur leur avenir.<\/p>\n<p>Je lance donc un appel aux initiatives et \u00e0 la mise sur pied d\u2019espaces de d\u00e9bat et de cr\u00e9ation sur la situation et l\u2019avenir de notre R\u00e9gion. Mon v\u0153u pour cette ann\u00e9e 2012-2013, est que Politiques et Citoyens, s\u2019engagent ensemble dans un processus de construction du Bruxelles de demain.<br \/>\nQue les Parlements bruxellois portent et ouvrent le d\u00e9bat,<br \/>\nQue les Gouvernements soutiennent les partenaires sociaux, les associations, les universit\u00e9s, hautes \u00e9coles, \u00e9coles, les citoyens et tous ceux qui souhaitent s\u2019approprier ce d\u00e9bat,<\/p>\n<p>Parce que, si Bruxelles est inscrite historiquement et naturellement au c\u0153ur de plusieurs appartenances et l\u00e9gitimit\u00e9 (communautaires, f\u00e9d\u00e9rale, europ\u00e9enne, r\u00e9gionale, \u2026), c\u2019est d\u2019abord aux Bruxelloises et aux Bruxelloises de choisir leurs options d\u2019avenir et la fa\u00e7on dont notre projet, forc\u00e9ment ouvert, sera partag\u00e9 avec nos partenaires.<br \/>\nJe vous remercie.<\/p>\n","protected":false},"excerpt":{"rendered":"<p>Ce 27 septembre, nous f\u00eaterons la f\u00e9d\u00e9ration Wallonie-Bruxelles. La veille, comme de coutume, les Bruxellois francophones se sont d\u00e9j\u00e0 retrouv\u00e9s \u00e0 cette occasion, au Parlement bruxellois. Voici le discours que j&rsquo;ai eu l&rsquo;occasion de prononcer.<\/p>\n","protected":false},"author":2,"featured_media":7920,"comment_status":"open","ping_status":"open","sticky":false,"template":"","format":"standard","meta":{"_monsterinsights_skip_tracking":false,"_monsterinsights_sitenote_active":false,"_monsterinsights_sitenote_note":"","_monsterinsights_sitenote_category":0,"ngg_post_thumbnail":0,"footnotes":""},"categories":[40],"tags":[],"class_list":["post-7915","post","type-post","status-publish","format-standard","has-post-thumbnail","hentry","category-ministre-presidence-cocof"],"yoast_head":"<!-- This site is optimized with the Yoast SEO plugin v27.4 - https:\/\/yoast.com\/product\/yoast-seo-wordpress\/ -->\n<title>C\u2019est d\u2019abord aux Bruxellois de choisir leurs options d\u2019avenir  - Christos Doulkeridis<\/title>\n<meta name=\"robots\" content=\"index, follow, max-snippet:-1, max-image-preview:large, max-video-preview:-1\" \/>\n<link rel=\"canonical\" href=\"https:\/\/www.doulkeridis.be\/blog\/2012\/09\/26\/cestdabord-aux-bruxellois-de-choisir-leurs-options-davenir\/\" \/>\n<meta property=\"og:locale\" content=\"fr_FR\" \/>\n<meta property=\"og:type\" content=\"article\" \/>\n<meta property=\"og:title\" content=\"C\u2019est d\u2019abord aux Bruxellois de choisir leurs options d\u2019avenir  - Christos Doulkeridis\" \/>\n<meta property=\"og:description\" content=\"Ce 27 septembre, nous f\u00eaterons la f\u00e9d\u00e9ration Wallonie-Bruxelles. La veille, comme de coutume, les Bruxellois francophones se sont d\u00e9j\u00e0 retrouv\u00e9s \u00e0 cette occasion, au Parlement bruxellois. Voici le discours que j&rsquo;ai eu l&rsquo;occasion de prononcer.\" \/>\n<meta property=\"og:url\" content=\"https:\/\/www.doulkeridis.be\/blog\/2012\/09\/26\/cestdabord-aux-bruxellois-de-choisir-leurs-options-davenir\/\" \/>\n<meta property=\"og:site_name\" content=\"Christos Doulkeridis\" \/>\n<meta property=\"article:publisher\" content=\"https:\/\/www.facebook.com\/doulkeridis\" \/>\n<meta property=\"article:published_time\" content=\"2012-09-26T19:00:21+00:00\" \/>\n<meta property=\"article:modified_time\" content=\"2012-09-27T08:53:32+00:00\" \/>\n<meta property=\"og:image\" content=\"https:\/\/www.doulkeridis.be\/blog\/wp-content\/uploads\/2012\/09\/DSC_0360-1024x685.jpg\" \/>\n\t<meta property=\"og:image:width\" content=\"1024\" \/>\n\t<meta property=\"og:image:height\" content=\"685\" \/>\n\t<meta property=\"og:image:type\" content=\"image\/jpeg\" \/>\n<meta name=\"author\" content=\"Christos Doulkeridis\" \/>\n<meta name=\"twitter:card\" content=\"summary_large_image\" \/>\n<meta name=\"twitter:label1\" content=\"\u00c9crit par\" \/>\n\t<meta name=\"twitter:data1\" content=\"Christos Doulkeridis\" \/>\n\t<meta name=\"twitter:label2\" content=\"Dur\u00e9e de lecture estim\u00e9e\" \/>\n\t<meta name=\"twitter:data2\" content=\"8 minutes\" \/>\n<script type=\"application\/ld+json\" class=\"yoast-schema-graph\">{\"@context\":\"https:\\\/\\\/schema.org\",\"@graph\":[{\"@type\":\"Article\",\"@id\":\"https:\\\/\\\/www.doulkeridis.be\\\/blog\\\/2012\\\/09\\\/26\\\/cestdabord-aux-bruxellois-de-choisir-leurs-options-davenir\\\/#article\",\"isPartOf\":{\"@id\":\"https:\\\/\\\/www.doulkeridis.be\\\/blog\\\/2012\\\/09\\\/26\\\/cestdabord-aux-bruxellois-de-choisir-leurs-options-davenir\\\/\"},\"author\":{\"name\":\"Christos Doulkeridis\",\"@id\":\"https:\\\/\\\/www.doulkeridis.be\\\/blog\\\/#\\\/schema\\\/person\\\/9f03f3459f0a4ba4db02aabbba098365\"},\"headline\":\"C\u2019est d\u2019abord aux Bruxellois de choisir leurs options d\u2019avenir\",\"datePublished\":\"2012-09-26T19:00:21+00:00\",\"dateModified\":\"2012-09-27T08:53:32+00:00\",\"mainEntityOfPage\":{\"@id\":\"https:\\\/\\\/www.doulkeridis.be\\\/blog\\\/2012\\\/09\\\/26\\\/cestdabord-aux-bruxellois-de-choisir-leurs-options-davenir\\\/\"},\"wordCount\":1586,\"commentCount\":2,\"publisher\":{\"@id\":\"https:\\\/\\\/www.doulkeridis.be\\\/blog\\\/#organization\"},\"image\":{\"@id\":\"https:\\\/\\\/www.doulkeridis.be\\\/blog\\\/2012\\\/09\\\/26\\\/cestdabord-aux-bruxellois-de-choisir-leurs-options-davenir\\\/#primaryimage\"},\"thumbnailUrl\":\"https:\\\/\\\/www.doulkeridis.be\\\/blog\\\/wp-content\\\/uploads\\\/2012\\\/09\\\/DSC_0360.jpg\",\"articleSection\":[\"Ministre-Pr\u00e9sidence CoCof\"],\"inLanguage\":\"fr-FR\",\"potentialAction\":[{\"@type\":\"CommentAction\",\"name\":\"Comment\",\"target\":[\"https:\\\/\\\/www.doulkeridis.be\\\/blog\\\/2012\\\/09\\\/26\\\/cestdabord-aux-bruxellois-de-choisir-leurs-options-davenir\\\/#respond\"]}]},{\"@type\":\"WebPage\",\"@id\":\"https:\\\/\\\/www.doulkeridis.be\\\/blog\\\/2012\\\/09\\\/26\\\/cestdabord-aux-bruxellois-de-choisir-leurs-options-davenir\\\/\",\"url\":\"https:\\\/\\\/www.doulkeridis.be\\\/blog\\\/2012\\\/09\\\/26\\\/cestdabord-aux-bruxellois-de-choisir-leurs-options-davenir\\\/\",\"name\":\"C\u2019est d\u2019abord aux Bruxellois de choisir leurs options d\u2019avenir - Christos Doulkeridis\",\"isPartOf\":{\"@id\":\"https:\\\/\\\/www.doulkeridis.be\\\/blog\\\/#website\"},\"primaryImageOfPage\":{\"@id\":\"https:\\\/\\\/www.doulkeridis.be\\\/blog\\\/2012\\\/09\\\/26\\\/cestdabord-aux-bruxellois-de-choisir-leurs-options-davenir\\\/#primaryimage\"},\"image\":{\"@id\":\"https:\\\/\\\/www.doulkeridis.be\\\/blog\\\/2012\\\/09\\\/26\\\/cestdabord-aux-bruxellois-de-choisir-leurs-options-davenir\\\/#primaryimage\"},\"thumbnailUrl\":\"https:\\\/\\\/www.doulkeridis.be\\\/blog\\\/wp-content\\\/uploads\\\/2012\\\/09\\\/DSC_0360.jpg\",\"datePublished\":\"2012-09-26T19:00:21+00:00\",\"dateModified\":\"2012-09-27T08:53:32+00:00\",\"breadcrumb\":{\"@id\":\"https:\\\/\\\/www.doulkeridis.be\\\/blog\\\/2012\\\/09\\\/26\\\/cestdabord-aux-bruxellois-de-choisir-leurs-options-davenir\\\/#breadcrumb\"},\"inLanguage\":\"fr-FR\",\"potentialAction\":[{\"@type\":\"ReadAction\",\"target\":[\"https:\\\/\\\/www.doulkeridis.be\\\/blog\\\/2012\\\/09\\\/26\\\/cestdabord-aux-bruxellois-de-choisir-leurs-options-davenir\\\/\"]}]},{\"@type\":\"ImageObject\",\"inLanguage\":\"fr-FR\",\"@id\":\"https:\\\/\\\/www.doulkeridis.be\\\/blog\\\/2012\\\/09\\\/26\\\/cestdabord-aux-bruxellois-de-choisir-leurs-options-davenir\\\/#primaryimage\",\"url\":\"https:\\\/\\\/www.doulkeridis.be\\\/blog\\\/wp-content\\\/uploads\\\/2012\\\/09\\\/DSC_0360.jpg\",\"contentUrl\":\"https:\\\/\\\/www.doulkeridis.be\\\/blog\\\/wp-content\\\/uploads\\\/2012\\\/09\\\/DSC_0360.jpg\",\"width\":\"3872\",\"height\":\"2592\"},{\"@type\":\"BreadcrumbList\",\"@id\":\"https:\\\/\\\/www.doulkeridis.be\\\/blog\\\/2012\\\/09\\\/26\\\/cestdabord-aux-bruxellois-de-choisir-leurs-options-davenir\\\/#breadcrumb\",\"itemListElement\":[{\"@type\":\"ListItem\",\"position\":1,\"name\":\"Accueil\",\"item\":\"https:\\\/\\\/www.doulkeridis.be\\\/blog\\\/\"},{\"@type\":\"ListItem\",\"position\":2,\"name\":\"C\u2019est d\u2019abord aux Bruxellois de choisir leurs options d\u2019avenir\"}]},{\"@type\":\"WebSite\",\"@id\":\"https:\\\/\\\/www.doulkeridis.be\\\/blog\\\/#website\",\"url\":\"https:\\\/\\\/www.doulkeridis.be\\\/blog\\\/\",\"name\":\"Christos Doulkeridis\",\"description\":\"Coach | Consultant en solutions, gestion de crise, n\u00e9gociations\",\"publisher\":{\"@id\":\"https:\\\/\\\/www.doulkeridis.be\\\/blog\\\/#organization\"},\"potentialAction\":[{\"@type\":\"SearchAction\",\"target\":{\"@type\":\"EntryPoint\",\"urlTemplate\":\"https:\\\/\\\/www.doulkeridis.be\\\/blog\\\/?s={search_term_string}\"},\"query-input\":{\"@type\":\"PropertyValueSpecification\",\"valueRequired\":true,\"valueName\":\"search_term_string\"}}],\"inLanguage\":\"fr-FR\"},{\"@type\":\"Organization\",\"@id\":\"https:\\\/\\\/www.doulkeridis.be\\\/blog\\\/#organization\",\"name\":\"Ulyse\",\"url\":\"https:\\\/\\\/www.doulkeridis.be\\\/blog\\\/\",\"logo\":{\"@type\":\"ImageObject\",\"inLanguage\":\"fr-FR\",\"@id\":\"https:\\\/\\\/www.doulkeridis.be\\\/blog\\\/#\\\/schema\\\/logo\\\/image\\\/\",\"url\":\"https:\\\/\\\/www.doulkeridis.be\\\/blog\\\/wp-content\\\/uploads\\\/2026\\\/04\\\/2-5.png\",\"contentUrl\":\"https:\\\/\\\/www.doulkeridis.be\\\/blog\\\/wp-content\\\/uploads\\\/2026\\\/04\\\/2-5.png\",\"width\":1024,\"height\":728,\"caption\":\"Ulyse\"},\"image\":{\"@id\":\"https:\\\/\\\/www.doulkeridis.be\\\/blog\\\/#\\\/schema\\\/logo\\\/image\\\/\"},\"sameAs\":[\"https:\\\/\\\/www.facebook.com\\\/doulkeridis\",\"https:\\\/\\\/www.facebook.com\\\/christosdoulkeridis2\"]},{\"@type\":\"Person\",\"@id\":\"https:\\\/\\\/www.doulkeridis.be\\\/blog\\\/#\\\/schema\\\/person\\\/9f03f3459f0a4ba4db02aabbba098365\",\"name\":\"Christos Doulkeridis\",\"image\":{\"@type\":\"ImageObject\",\"inLanguage\":\"fr-FR\",\"@id\":\"https:\\\/\\\/secure.gravatar.com\\\/avatar\\\/71cb6e4369ca0615d93730ef3bc5f54642df4f6bcc59b92763d2ac434abf103e?s=96&d=mm&r=g\",\"url\":\"https:\\\/\\\/secure.gravatar.com\\\/avatar\\\/71cb6e4369ca0615d93730ef3bc5f54642df4f6bcc59b92763d2ac434abf103e?s=96&d=mm&r=g\",\"contentUrl\":\"https:\\\/\\\/secure.gravatar.com\\\/avatar\\\/71cb6e4369ca0615d93730ef3bc5f54642df4f6bcc59b92763d2ac434abf103e?s=96&d=mm&r=g\",\"caption\":\"Christos Doulkeridis\"},\"url\":\"https:\\\/\\\/www.doulkeridis.be\\\/blog\\\/author\\\/christos\\\/\"}]}<\/script>\n<!-- \/ Yoast SEO plugin. -->","yoast_head_json":{"title":"C\u2019est d\u2019abord aux Bruxellois de choisir leurs options d\u2019avenir  - Christos Doulkeridis","robots":{"index":"index","follow":"follow","max-snippet":"max-snippet:-1","max-image-preview":"max-image-preview:large","max-video-preview":"max-video-preview:-1"},"canonical":"https:\/\/www.doulkeridis.be\/blog\/2012\/09\/26\/cestdabord-aux-bruxellois-de-choisir-leurs-options-davenir\/","og_locale":"fr_FR","og_type":"article","og_title":"C\u2019est d\u2019abord aux Bruxellois de choisir leurs options d\u2019avenir  - Christos Doulkeridis","og_description":"Ce 27 septembre, nous f\u00eaterons la f\u00e9d\u00e9ration Wallonie-Bruxelles. La veille, comme de coutume, les Bruxellois francophones se sont d\u00e9j\u00e0 retrouv\u00e9s \u00e0 cette occasion, au Parlement bruxellois. Voici le discours que j&rsquo;ai eu l&rsquo;occasion de prononcer.","og_url":"https:\/\/www.doulkeridis.be\/blog\/2012\/09\/26\/cestdabord-aux-bruxellois-de-choisir-leurs-options-davenir\/","og_site_name":"Christos Doulkeridis","article_publisher":"https:\/\/www.facebook.com\/doulkeridis","article_published_time":"2012-09-26T19:00:21+00:00","article_modified_time":"2012-09-27T08:53:32+00:00","og_image":[{"width":1024,"height":685,"url":"https:\/\/www.doulkeridis.be\/blog\/wp-content\/uploads\/2012\/09\/DSC_0360-1024x685.jpg","type":"image\/jpeg"}],"author":"Christos Doulkeridis","twitter_card":"summary_large_image","twitter_misc":{"\u00c9crit par":"Christos Doulkeridis","Dur\u00e9e de lecture estim\u00e9e":"8 minutes"},"schema":{"@context":"https:\/\/schema.org","@graph":[{"@type":"Article","@id":"https:\/\/www.doulkeridis.be\/blog\/2012\/09\/26\/cestdabord-aux-bruxellois-de-choisir-leurs-options-davenir\/#article","isPartOf":{"@id":"https:\/\/www.doulkeridis.be\/blog\/2012\/09\/26\/cestdabord-aux-bruxellois-de-choisir-leurs-options-davenir\/"},"author":{"name":"Christos Doulkeridis","@id":"https:\/\/www.doulkeridis.be\/blog\/#\/schema\/person\/9f03f3459f0a4ba4db02aabbba098365"},"headline":"C\u2019est d\u2019abord aux Bruxellois de choisir leurs options d\u2019avenir","datePublished":"2012-09-26T19:00:21+00:00","dateModified":"2012-09-27T08:53:32+00:00","mainEntityOfPage":{"@id":"https:\/\/www.doulkeridis.be\/blog\/2012\/09\/26\/cestdabord-aux-bruxellois-de-choisir-leurs-options-davenir\/"},"wordCount":1586,"commentCount":2,"publisher":{"@id":"https:\/\/www.doulkeridis.be\/blog\/#organization"},"image":{"@id":"https:\/\/www.doulkeridis.be\/blog\/2012\/09\/26\/cestdabord-aux-bruxellois-de-choisir-leurs-options-davenir\/#primaryimage"},"thumbnailUrl":"https:\/\/www.doulkeridis.be\/blog\/wp-content\/uploads\/2012\/09\/DSC_0360.jpg","articleSection":["Ministre-Pr\u00e9sidence CoCof"],"inLanguage":"fr-FR","potentialAction":[{"@type":"CommentAction","name":"Comment","target":["https:\/\/www.doulkeridis.be\/blog\/2012\/09\/26\/cestdabord-aux-bruxellois-de-choisir-leurs-options-davenir\/#respond"]}]},{"@type":"WebPage","@id":"https:\/\/www.doulkeridis.be\/blog\/2012\/09\/26\/cestdabord-aux-bruxellois-de-choisir-leurs-options-davenir\/","url":"https:\/\/www.doulkeridis.be\/blog\/2012\/09\/26\/cestdabord-aux-bruxellois-de-choisir-leurs-options-davenir\/","name":"C\u2019est d\u2019abord aux Bruxellois de choisir leurs options d\u2019avenir - Christos Doulkeridis","isPartOf":{"@id":"https:\/\/www.doulkeridis.be\/blog\/#website"},"primaryImageOfPage":{"@id":"https:\/\/www.doulkeridis.be\/blog\/2012\/09\/26\/cestdabord-aux-bruxellois-de-choisir-leurs-options-davenir\/#primaryimage"},"image":{"@id":"https:\/\/www.doulkeridis.be\/blog\/2012\/09\/26\/cestdabord-aux-bruxellois-de-choisir-leurs-options-davenir\/#primaryimage"},"thumbnailUrl":"https:\/\/www.doulkeridis.be\/blog\/wp-content\/uploads\/2012\/09\/DSC_0360.jpg","datePublished":"2012-09-26T19:00:21+00:00","dateModified":"2012-09-27T08:53:32+00:00","breadcrumb":{"@id":"https:\/\/www.doulkeridis.be\/blog\/2012\/09\/26\/cestdabord-aux-bruxellois-de-choisir-leurs-options-davenir\/#breadcrumb"},"inLanguage":"fr-FR","potentialAction":[{"@type":"ReadAction","target":["https:\/\/www.doulkeridis.be\/blog\/2012\/09\/26\/cestdabord-aux-bruxellois-de-choisir-leurs-options-davenir\/"]}]},{"@type":"ImageObject","inLanguage":"fr-FR","@id":"https:\/\/www.doulkeridis.be\/blog\/2012\/09\/26\/cestdabord-aux-bruxellois-de-choisir-leurs-options-davenir\/#primaryimage","url":"https:\/\/www.doulkeridis.be\/blog\/wp-content\/uploads\/2012\/09\/DSC_0360.jpg","contentUrl":"https:\/\/www.doulkeridis.be\/blog\/wp-content\/uploads\/2012\/09\/DSC_0360.jpg","width":"3872","height":"2592"},{"@type":"BreadcrumbList","@id":"https:\/\/www.doulkeridis.be\/blog\/2012\/09\/26\/cestdabord-aux-bruxellois-de-choisir-leurs-options-davenir\/#breadcrumb","itemListElement":[{"@type":"ListItem","position":1,"name":"Accueil","item":"https:\/\/www.doulkeridis.be\/blog\/"},{"@type":"ListItem","position":2,"name":"C\u2019est d\u2019abord aux Bruxellois de choisir leurs options d\u2019avenir"}]},{"@type":"WebSite","@id":"https:\/\/www.doulkeridis.be\/blog\/#website","url":"https:\/\/www.doulkeridis.be\/blog\/","name":"Christos Doulkeridis","description":"Coach | Consultant en solutions, gestion de crise, n\u00e9gociations","publisher":{"@id":"https:\/\/www.doulkeridis.be\/blog\/#organization"},"potentialAction":[{"@type":"SearchAction","target":{"@type":"EntryPoint","urlTemplate":"https:\/\/www.doulkeridis.be\/blog\/?s={search_term_string}"},"query-input":{"@type":"PropertyValueSpecification","valueRequired":true,"valueName":"search_term_string"}}],"inLanguage":"fr-FR"},{"@type":"Organization","@id":"https:\/\/www.doulkeridis.be\/blog\/#organization","name":"Ulyse","url":"https:\/\/www.doulkeridis.be\/blog\/","logo":{"@type":"ImageObject","inLanguage":"fr-FR","@id":"https:\/\/www.doulkeridis.be\/blog\/#\/schema\/logo\/image\/","url":"https:\/\/www.doulkeridis.be\/blog\/wp-content\/uploads\/2026\/04\/2-5.png","contentUrl":"https:\/\/www.doulkeridis.be\/blog\/wp-content\/uploads\/2026\/04\/2-5.png","width":1024,"height":728,"caption":"Ulyse"},"image":{"@id":"https:\/\/www.doulkeridis.be\/blog\/#\/schema\/logo\/image\/"},"sameAs":["https:\/\/www.facebook.com\/doulkeridis","https:\/\/www.facebook.com\/christosdoulkeridis2"]},{"@type":"Person","@id":"https:\/\/www.doulkeridis.be\/blog\/#\/schema\/person\/9f03f3459f0a4ba4db02aabbba098365","name":"Christos Doulkeridis","image":{"@type":"ImageObject","inLanguage":"fr-FR","@id":"https:\/\/secure.gravatar.com\/avatar\/71cb6e4369ca0615d93730ef3bc5f54642df4f6bcc59b92763d2ac434abf103e?s=96&d=mm&r=g","url":"https:\/\/secure.gravatar.com\/avatar\/71cb6e4369ca0615d93730ef3bc5f54642df4f6bcc59b92763d2ac434abf103e?s=96&d=mm&r=g","contentUrl":"https:\/\/secure.gravatar.com\/avatar\/71cb6e4369ca0615d93730ef3bc5f54642df4f6bcc59b92763d2ac434abf103e?s=96&d=mm&r=g","caption":"Christos Doulkeridis"},"url":"https:\/\/www.doulkeridis.be\/blog\/author\/christos\/"}]}},"_links":{"self":[{"href":"https:\/\/www.doulkeridis.be\/blog\/wp-json\/wp\/v2\/posts\/7915","targetHints":{"allow":["GET"]}}],"collection":[{"href":"https:\/\/www.doulkeridis.be\/blog\/wp-json\/wp\/v2\/posts"}],"about":[{"href":"https:\/\/www.doulkeridis.be\/blog\/wp-json\/wp\/v2\/types\/post"}],"author":[{"embeddable":true,"href":"https:\/\/www.doulkeridis.be\/blog\/wp-json\/wp\/v2\/users\/2"}],"replies":[{"embeddable":true,"href":"https:\/\/www.doulkeridis.be\/blog\/wp-json\/wp\/v2\/comments?post=7915"}],"version-history":[{"count":5,"href":"https:\/\/www.doulkeridis.be\/blog\/wp-json\/wp\/v2\/posts\/7915\/revisions"}],"predecessor-version":[{"id":7923,"href":"https:\/\/www.doulkeridis.be\/blog\/wp-json\/wp\/v2\/posts\/7915\/revisions\/7923"}],"wp:featuredmedia":[{"embeddable":true,"href":"https:\/\/www.doulkeridis.be\/blog\/wp-json\/wp\/v2\/media\/7920"}],"wp:attachment":[{"href":"https:\/\/www.doulkeridis.be\/blog\/wp-json\/wp\/v2\/media?parent=7915"}],"wp:term":[{"taxonomy":"category","embeddable":true,"href":"https:\/\/www.doulkeridis.be\/blog\/wp-json\/wp\/v2\/categories?post=7915"},{"taxonomy":"post_tag","embeddable":true,"href":"https:\/\/www.doulkeridis.be\/blog\/wp-json\/wp\/v2\/tags?post=7915"}],"curies":[{"name":"wp","href":"https:\/\/api.w.org\/{rel}","templated":true}]}}