{"id":808,"date":"2009-10-29T10:40:29","date_gmt":"2009-10-29T08:40:29","guid":{"rendered":"http:\/\/www.doulkeridis.be\/blog\/?p=808"},"modified":"2011-08-10T11:24:29","modified_gmt":"2011-08-10T09:24:29","slug":"cocof-rigueur-coordination-doulkeridis","status":"publish","type":"post","link":"https:\/\/www.doulkeridis.be\/blog\/2009\/10\/29\/cocof-rigueur-coordination-doulkeridis\/","title":{"rendered":"COCOF : \u00ab\u00a0rigueur et coordination\u00a0\u00bb"},"content":{"rendered":"<p>Article dans <a href=\"http:\/\/www.lalibre.be\/actu\/bruxelles\/article\/538318\/rigueur-et-coordination.html\" target=\"_blank\">La Libre Belgique<\/a> du lundi 26 octobre \u00e9crit par <a href=\"http:\/\/twitter.com\/raphmeu\" target=\"_blank\">Rapha\u00ebl  Meulders<\/a> <em>(avec Belga)<\/em><\/p>\n<p><strong> \u00ab\u00a0Rigueur et coordination\u00a0\u00bb<\/strong><\/p>\n<p><strong> <em>La Cocof a  effectu\u00e9 sa rentr\u00e9e ce vendredi dans un contexte budg\u00e9taire difficile.<\/em> <\/strong><\/p>\n<p>En terrain budg\u00e9taire difficile, la Commission  Communautaire fran\u00e7aise opposera <em>\u00ab\u00a0rigueur et  coordination au gaspi et \u00e0 la d\u00e9mesure\u00a0\u00bb<\/em>, a affirm\u00e9 vendredi <strong>Christos Doulkeridis<\/strong> (Ecolo), devant les d\u00e9put\u00e9s  bruxellois francophones r\u00e9unis en s\u00e9ance pl\u00e9ni\u00e8re pour \u00e9couter <a href=\"http:\/\/www.doulkeridis.be\/IMG\/pdf\/DPG_Cocof_2009-2010.pdf\" target=\"_blank\">sa  d\u00e9claration de politique g\u00e9n\u00e9rale<\/a>.  A Bruxelles, cette institution charg\u00e9e d\u2019une s\u00e9rie de mati\u00e8res touchant  de pr\u00e8s les 900 000 habitants francophones (formation professionnelle,  aide aux personnes handicap\u00e9es, coh\u00e9sion entre les diff\u00e9rents groupes  sociaux, sport, culture ) devra absorber, aux c\u00f4t\u00e9s de la R\u00e9gion, les  d\u00e9fis li\u00e9s au boom d\u00e9mographique des prochaines ann\u00e9es.<\/p>\n<p>Depuis trois mois, la nouvelle \u00e9quipe de ministres  PS-Ecolo-cdH dirig\u00e9e par <strong>Christos Doulkeridis<\/strong> s\u2019est concentr\u00e9e sur le d\u00e9fi budg\u00e9taire. R\u00e9sultat\u00a0: 11 millions d\u2019euros  d\u2019\u00e9conomies en 2009 et un projet de budget 2010 de 363 millions d\u2019euros  en l\u00e9ger d\u00e9ficit de 2,2 millions, gr\u00e2ce notamment \u00e0 une aide de 12,5  millions de la Communaut\u00e9 fran\u00e7aise.<\/p>\n<p>Pour faire le maximum avec peu de moyens, les ministres  bruxellois francophones travailleront avec leurs coll\u00e8gues de la  Communaut\u00e9 fran\u00e7aise qu\u2019ils verront officiellement au moins tous les  trois mois. Une liste de projets susceptibles de coordination a \u00e9t\u00e9  dress\u00e9e. Les r\u00e8gles de gouvernance appliqu\u00e9e \u00e0 la R\u00e9gion le seront aussi  \u00e0 la Cocof.<\/p>\n<p>\u00ab\u00a0Bonne chance\u00a0!\u00a0\u00bb, s\u2019est exclam\u00e9e, pour sa part,  Fran\u00e7oise Schepmans, cheffe du groupe MR. La d\u00e9put\u00e9e de l\u2019opposition  estime que \u00ab\u00a0bien des pans de ce programme souffrent de moyens financiers  al\u00e9atoires, de solidarit\u00e9s peu construites et de l\u2019absence de  hi\u00e9rarchie dans les priorit\u00e9s\u00a0\u00bb. Selon elle, la majorit\u00e9 va beaucoup  r\u00e9fl\u00e9chir sur les mani\u00e8res dont elle pourrait d\u00e9penser l\u2019argent qu\u2019elle  n\u2019a pas\u00a0\u00bb.<\/p>\n","protected":false},"excerpt":{"rendered":"<p>Article dans La Libre Belgique du lundi 26 octobre \u00e9crit par Rapha\u00ebl Meulders (avec Belga) \u00ab\u00a0Rigueur et coordination\u00a0\u00bb La Cocof a effectu\u00e9 sa rentr\u00e9e ce vendredi dans un contexte budg\u00e9taire difficile. En terrain budg\u00e9taire difficile, la Commission Communautaire fran\u00e7aise opposera \u00ab\u00a0rigueur et coordination au gaspi et \u00e0 la d\u00e9mesure\u00a0\u00bb, a affirm\u00e9 vendredi Christos Doulkeridis (Ecolo), devant les d\u00e9put\u00e9s bruxellois francophones r\u00e9unis en s\u00e9ance pl\u00e9ni\u00e8re pour \u00e9couter sa d\u00e9claration de politique g\u00e9n\u00e9rale. A Bruxelles, cette institution charg\u00e9e d\u2019une s\u00e9rie de mati\u00e8res touchant de pr\u00e8s les 900 000 habitants francophones (formation professionnelle, aide aux personnes handicap\u00e9es, coh\u00e9sion entre les diff\u00e9rents groupes sociaux, sport, culture ) devra absorber, aux c\u00f4t\u00e9s de la R\u00e9gion, les d\u00e9fis li\u00e9s au boom d\u00e9mographique des prochaines ann\u00e9es. Depuis trois mois, la nouvelle \u00e9quipe de ministres PS-Ecolo-cdH dirig\u00e9e par Christos Doulkeridis s\u2019est concentr\u00e9e sur le d\u00e9fi budg\u00e9taire. R\u00e9sultat\u00a0: 11 millions d\u2019euros d\u2019\u00e9conomies en 2009 et un projet de budget 2010 de 363 millions d\u2019euros en l\u00e9ger d\u00e9ficit de 2,2 millions, gr\u00e2ce notamment \u00e0 une aide de 12,5 millions de la Communaut\u00e9 fran\u00e7aise. Pour faire le maximum avec peu de moyens, les ministres bruxellois francophones travailleront avec leurs coll\u00e8gues de la Communaut\u00e9 fran\u00e7aise qu\u2019ils verront officiellement au moins tous les [&hellip;]<\/p>\n","protected":false},"author":2,"featured_media":0,"comment_status":"open","ping_status":"open","sticky":false,"template":"","format":"standard","meta":{"_monsterinsights_skip_tracking":false,"_monsterinsights_sitenote_active":false,"_monsterinsights_sitenote_note":"","_monsterinsights_sitenote_category":0,"ngg_post_thumbnail":0,"footnotes":""},"categories":[304,40,7],"tags":[1028,90,210,52],"class_list":["post-808","post","type-post","status-publish","format-standard","hentry","category-mes_realisations","category-ministre-presidence-cocof","category-revue-de-presse","tag-budget","tag-cocof","tag-declaration-de-politique-generale","tag-la-libre"],"yoast_head":"<!-- This site is optimized with the Yoast SEO plugin v27.4 - https:\/\/yoast.com\/product\/yoast-seo-wordpress\/ -->\n<title>COCOF : &quot;rigueur et coordination&quot; - Christos Doulkeridis<\/title>\n<meta name=\"robots\" content=\"index, follow, max-snippet:-1, max-image-preview:large, max-video-preview:-1\" \/>\n<link rel=\"canonical\" href=\"https:\/\/www.doulkeridis.be\/blog\/2009\/10\/29\/cocof-rigueur-coordination-doulkeridis\/\" \/>\n<meta property=\"og:locale\" content=\"fr_FR\" \/>\n<meta property=\"og:type\" content=\"article\" \/>\n<meta property=\"og:title\" content=\"COCOF : &quot;rigueur et coordination&quot; - Christos Doulkeridis\" \/>\n<meta property=\"og:description\" content=\"Article dans La Libre Belgique du lundi 26 octobre \u00e9crit par Rapha\u00ebl Meulders (avec Belga) \u00ab\u00a0Rigueur et coordination\u00a0\u00bb La Cocof a effectu\u00e9 sa rentr\u00e9e ce vendredi dans un contexte budg\u00e9taire difficile. En terrain budg\u00e9taire difficile, la Commission Communautaire fran\u00e7aise opposera \u00ab\u00a0rigueur et coordination au gaspi et \u00e0 la d\u00e9mesure\u00a0\u00bb, a affirm\u00e9 vendredi Christos Doulkeridis (Ecolo), devant les d\u00e9put\u00e9s bruxellois francophones r\u00e9unis en s\u00e9ance pl\u00e9ni\u00e8re pour \u00e9couter sa d\u00e9claration de politique g\u00e9n\u00e9rale. A Bruxelles, cette institution charg\u00e9e d\u2019une s\u00e9rie de mati\u00e8res touchant de pr\u00e8s les 900 000 habitants francophones (formation professionnelle, aide aux personnes handicap\u00e9es, coh\u00e9sion entre les diff\u00e9rents groupes sociaux, sport, culture ) devra absorber, aux c\u00f4t\u00e9s de la R\u00e9gion, les d\u00e9fis li\u00e9s au boom d\u00e9mographique des prochaines ann\u00e9es. Depuis trois mois, la nouvelle \u00e9quipe de ministres PS-Ecolo-cdH dirig\u00e9e par Christos Doulkeridis s\u2019est concentr\u00e9e sur le d\u00e9fi budg\u00e9taire. R\u00e9sultat\u00a0: 11 millions d\u2019euros d\u2019\u00e9conomies en 2009 et un projet de budget 2010 de 363 millions d\u2019euros en l\u00e9ger d\u00e9ficit de 2,2 millions, gr\u00e2ce notamment \u00e0 une aide de 12,5 millions de la Communaut\u00e9 fran\u00e7aise. Pour faire le maximum avec peu de moyens, les ministres bruxellois francophones travailleront avec leurs coll\u00e8gues de la Communaut\u00e9 fran\u00e7aise qu\u2019ils verront officiellement au moins tous les [&hellip;]\" \/>\n<meta property=\"og:url\" content=\"https:\/\/www.doulkeridis.be\/blog\/2009\/10\/29\/cocof-rigueur-coordination-doulkeridis\/\" \/>\n<meta property=\"og:site_name\" content=\"Christos Doulkeridis\" \/>\n<meta property=\"article:publisher\" content=\"https:\/\/www.facebook.com\/doulkeridis\" \/>\n<meta property=\"article:published_time\" content=\"2009-10-29T08:40:29+00:00\" \/>\n<meta property=\"article:modified_time\" content=\"2011-08-10T09:24:29+00:00\" \/>\n<meta name=\"author\" content=\"Christos Doulkeridis\" \/>\n<meta name=\"twitter:card\" content=\"summary_large_image\" \/>\n<meta name=\"twitter:label1\" content=\"\u00c9crit par\" \/>\n\t<meta name=\"twitter:data1\" content=\"Christos Doulkeridis\" \/>\n\t<meta name=\"twitter:label2\" content=\"Dur\u00e9e de lecture estim\u00e9e\" \/>\n\t<meta name=\"twitter:data2\" content=\"2 minutes\" \/>\n<script type=\"application\/ld+json\" class=\"yoast-schema-graph\">{\"@context\":\"https:\\\/\\\/schema.org\",\"@graph\":[{\"@type\":\"Article\",\"@id\":\"https:\\\/\\\/www.doulkeridis.be\\\/blog\\\/2009\\\/10\\\/29\\\/cocof-rigueur-coordination-doulkeridis\\\/#article\",\"isPartOf\":{\"@id\":\"https:\\\/\\\/www.doulkeridis.be\\\/blog\\\/2009\\\/10\\\/29\\\/cocof-rigueur-coordination-doulkeridis\\\/\"},\"author\":{\"name\":\"Christos Doulkeridis\",\"@id\":\"https:\\\/\\\/www.doulkeridis.be\\\/blog\\\/#\\\/schema\\\/person\\\/9f03f3459f0a4ba4db02aabbba098365\"},\"headline\":\"COCOF : \u00ab\u00a0rigueur et coordination\u00a0\u00bb\",\"datePublished\":\"2009-10-29T08:40:29+00:00\",\"dateModified\":\"2011-08-10T09:24:29+00:00\",\"mainEntityOfPage\":{\"@id\":\"https:\\\/\\\/www.doulkeridis.be\\\/blog\\\/2009\\\/10\\\/29\\\/cocof-rigueur-coordination-doulkeridis\\\/\"},\"wordCount\":344,\"commentCount\":0,\"publisher\":{\"@id\":\"https:\\\/\\\/www.doulkeridis.be\\\/blog\\\/#organization\"},\"keywords\":[\"Budget\",\"Cocof\",\"D\u00e9claration de politique g\u00e9n\u00e9rale\",\"La Libre\"],\"articleSection\":[\"Mes r\u00e9alisations\",\"Ministre-Pr\u00e9sidence CoCof\",\"Presse\"],\"inLanguage\":\"fr-FR\",\"potentialAction\":[{\"@type\":\"CommentAction\",\"name\":\"Comment\",\"target\":[\"https:\\\/\\\/www.doulkeridis.be\\\/blog\\\/2009\\\/10\\\/29\\\/cocof-rigueur-coordination-doulkeridis\\\/#respond\"]}]},{\"@type\":\"WebPage\",\"@id\":\"https:\\\/\\\/www.doulkeridis.be\\\/blog\\\/2009\\\/10\\\/29\\\/cocof-rigueur-coordination-doulkeridis\\\/\",\"url\":\"https:\\\/\\\/www.doulkeridis.be\\\/blog\\\/2009\\\/10\\\/29\\\/cocof-rigueur-coordination-doulkeridis\\\/\",\"name\":\"COCOF : \\\"rigueur et coordination\\\" - Christos Doulkeridis\",\"isPartOf\":{\"@id\":\"https:\\\/\\\/www.doulkeridis.be\\\/blog\\\/#website\"},\"datePublished\":\"2009-10-29T08:40:29+00:00\",\"dateModified\":\"2011-08-10T09:24:29+00:00\",\"breadcrumb\":{\"@id\":\"https:\\\/\\\/www.doulkeridis.be\\\/blog\\\/2009\\\/10\\\/29\\\/cocof-rigueur-coordination-doulkeridis\\\/#breadcrumb\"},\"inLanguage\":\"fr-FR\",\"potentialAction\":[{\"@type\":\"ReadAction\",\"target\":[\"https:\\\/\\\/www.doulkeridis.be\\\/blog\\\/2009\\\/10\\\/29\\\/cocof-rigueur-coordination-doulkeridis\\\/\"]}]},{\"@type\":\"BreadcrumbList\",\"@id\":\"https:\\\/\\\/www.doulkeridis.be\\\/blog\\\/2009\\\/10\\\/29\\\/cocof-rigueur-coordination-doulkeridis\\\/#breadcrumb\",\"itemListElement\":[{\"@type\":\"ListItem\",\"position\":1,\"name\":\"Accueil\",\"item\":\"https:\\\/\\\/www.doulkeridis.be\\\/blog\\\/\"},{\"@type\":\"ListItem\",\"position\":2,\"name\":\"COCOF : \u00ab\u00a0rigueur et coordination\u00a0\u00bb\"}]},{\"@type\":\"WebSite\",\"@id\":\"https:\\\/\\\/www.doulkeridis.be\\\/blog\\\/#website\",\"url\":\"https:\\\/\\\/www.doulkeridis.be\\\/blog\\\/\",\"name\":\"Christos Doulkeridis\",\"description\":\"Coach | Consultant en solutions, gestion de crise, n\u00e9gociations\",\"publisher\":{\"@id\":\"https:\\\/\\\/www.doulkeridis.be\\\/blog\\\/#organization\"},\"potentialAction\":[{\"@type\":\"SearchAction\",\"target\":{\"@type\":\"EntryPoint\",\"urlTemplate\":\"https:\\\/\\\/www.doulkeridis.be\\\/blog\\\/?s={search_term_string}\"},\"query-input\":{\"@type\":\"PropertyValueSpecification\",\"valueRequired\":true,\"valueName\":\"search_term_string\"}}],\"inLanguage\":\"fr-FR\"},{\"@type\":\"Organization\",\"@id\":\"https:\\\/\\\/www.doulkeridis.be\\\/blog\\\/#organization\",\"name\":\"Ulyse\",\"url\":\"https:\\\/\\\/www.doulkeridis.be\\\/blog\\\/\",\"logo\":{\"@type\":\"ImageObject\",\"inLanguage\":\"fr-FR\",\"@id\":\"https:\\\/\\\/www.doulkeridis.be\\\/blog\\\/#\\\/schema\\\/logo\\\/image\\\/\",\"url\":\"https:\\\/\\\/www.doulkeridis.be\\\/blog\\\/wp-content\\\/uploads\\\/2026\\\/04\\\/2-5.png\",\"contentUrl\":\"https:\\\/\\\/www.doulkeridis.be\\\/blog\\\/wp-content\\\/uploads\\\/2026\\\/04\\\/2-5.png\",\"width\":1024,\"height\":728,\"caption\":\"Ulyse\"},\"image\":{\"@id\":\"https:\\\/\\\/www.doulkeridis.be\\\/blog\\\/#\\\/schema\\\/logo\\\/image\\\/\"},\"sameAs\":[\"https:\\\/\\\/www.facebook.com\\\/doulkeridis\",\"https:\\\/\\\/www.facebook.com\\\/christosdoulkeridis2\"]},{\"@type\":\"Person\",\"@id\":\"https:\\\/\\\/www.doulkeridis.be\\\/blog\\\/#\\\/schema\\\/person\\\/9f03f3459f0a4ba4db02aabbba098365\",\"name\":\"Christos Doulkeridis\",\"image\":{\"@type\":\"ImageObject\",\"inLanguage\":\"fr-FR\",\"@id\":\"https:\\\/\\\/secure.gravatar.com\\\/avatar\\\/71cb6e4369ca0615d93730ef3bc5f54642df4f6bcc59b92763d2ac434abf103e?s=96&d=mm&r=g\",\"url\":\"https:\\\/\\\/secure.gravatar.com\\\/avatar\\\/71cb6e4369ca0615d93730ef3bc5f54642df4f6bcc59b92763d2ac434abf103e?s=96&d=mm&r=g\",\"contentUrl\":\"https:\\\/\\\/secure.gravatar.com\\\/avatar\\\/71cb6e4369ca0615d93730ef3bc5f54642df4f6bcc59b92763d2ac434abf103e?s=96&d=mm&r=g\",\"caption\":\"Christos Doulkeridis\"},\"url\":\"https:\\\/\\\/www.doulkeridis.be\\\/blog\\\/author\\\/christos\\\/\"}]}<\/script>\n<!-- \/ Yoast SEO plugin. -->","yoast_head_json":{"title":"COCOF : \"rigueur et coordination\" - Christos Doulkeridis","robots":{"index":"index","follow":"follow","max-snippet":"max-snippet:-1","max-image-preview":"max-image-preview:large","max-video-preview":"max-video-preview:-1"},"canonical":"https:\/\/www.doulkeridis.be\/blog\/2009\/10\/29\/cocof-rigueur-coordination-doulkeridis\/","og_locale":"fr_FR","og_type":"article","og_title":"COCOF : \"rigueur et coordination\" - Christos Doulkeridis","og_description":"Article dans La Libre Belgique du lundi 26 octobre \u00e9crit par Rapha\u00ebl Meulders (avec Belga) \u00ab\u00a0Rigueur et coordination\u00a0\u00bb La Cocof a effectu\u00e9 sa rentr\u00e9e ce vendredi dans un contexte budg\u00e9taire difficile. En terrain budg\u00e9taire difficile, la Commission Communautaire fran\u00e7aise opposera \u00ab\u00a0rigueur et coordination au gaspi et \u00e0 la d\u00e9mesure\u00a0\u00bb, a affirm\u00e9 vendredi Christos Doulkeridis (Ecolo), devant les d\u00e9put\u00e9s bruxellois francophones r\u00e9unis en s\u00e9ance pl\u00e9ni\u00e8re pour \u00e9couter sa d\u00e9claration de politique g\u00e9n\u00e9rale. A Bruxelles, cette institution charg\u00e9e d\u2019une s\u00e9rie de mati\u00e8res touchant de pr\u00e8s les 900 000 habitants francophones (formation professionnelle, aide aux personnes handicap\u00e9es, coh\u00e9sion entre les diff\u00e9rents groupes sociaux, sport, culture ) devra absorber, aux c\u00f4t\u00e9s de la R\u00e9gion, les d\u00e9fis li\u00e9s au boom d\u00e9mographique des prochaines ann\u00e9es. Depuis trois mois, la nouvelle \u00e9quipe de ministres PS-Ecolo-cdH dirig\u00e9e par Christos Doulkeridis s\u2019est concentr\u00e9e sur le d\u00e9fi budg\u00e9taire. R\u00e9sultat\u00a0: 11 millions d\u2019euros d\u2019\u00e9conomies en 2009 et un projet de budget 2010 de 363 millions d\u2019euros en l\u00e9ger d\u00e9ficit de 2,2 millions, gr\u00e2ce notamment \u00e0 une aide de 12,5 millions de la Communaut\u00e9 fran\u00e7aise. Pour faire le maximum avec peu de moyens, les ministres bruxellois francophones travailleront avec leurs coll\u00e8gues de la Communaut\u00e9 fran\u00e7aise qu\u2019ils verront officiellement au moins tous les [&hellip;]","og_url":"https:\/\/www.doulkeridis.be\/blog\/2009\/10\/29\/cocof-rigueur-coordination-doulkeridis\/","og_site_name":"Christos Doulkeridis","article_publisher":"https:\/\/www.facebook.com\/doulkeridis","article_published_time":"2009-10-29T08:40:29+00:00","article_modified_time":"2011-08-10T09:24:29+00:00","author":"Christos Doulkeridis","twitter_card":"summary_large_image","twitter_misc":{"\u00c9crit par":"Christos Doulkeridis","Dur\u00e9e de lecture estim\u00e9e":"2 minutes"},"schema":{"@context":"https:\/\/schema.org","@graph":[{"@type":"Article","@id":"https:\/\/www.doulkeridis.be\/blog\/2009\/10\/29\/cocof-rigueur-coordination-doulkeridis\/#article","isPartOf":{"@id":"https:\/\/www.doulkeridis.be\/blog\/2009\/10\/29\/cocof-rigueur-coordination-doulkeridis\/"},"author":{"name":"Christos Doulkeridis","@id":"https:\/\/www.doulkeridis.be\/blog\/#\/schema\/person\/9f03f3459f0a4ba4db02aabbba098365"},"headline":"COCOF : \u00ab\u00a0rigueur et coordination\u00a0\u00bb","datePublished":"2009-10-29T08:40:29+00:00","dateModified":"2011-08-10T09:24:29+00:00","mainEntityOfPage":{"@id":"https:\/\/www.doulkeridis.be\/blog\/2009\/10\/29\/cocof-rigueur-coordination-doulkeridis\/"},"wordCount":344,"commentCount":0,"publisher":{"@id":"https:\/\/www.doulkeridis.be\/blog\/#organization"},"keywords":["Budget","Cocof","D\u00e9claration de politique g\u00e9n\u00e9rale","La Libre"],"articleSection":["Mes r\u00e9alisations","Ministre-Pr\u00e9sidence CoCof","Presse"],"inLanguage":"fr-FR","potentialAction":[{"@type":"CommentAction","name":"Comment","target":["https:\/\/www.doulkeridis.be\/blog\/2009\/10\/29\/cocof-rigueur-coordination-doulkeridis\/#respond"]}]},{"@type":"WebPage","@id":"https:\/\/www.doulkeridis.be\/blog\/2009\/10\/29\/cocof-rigueur-coordination-doulkeridis\/","url":"https:\/\/www.doulkeridis.be\/blog\/2009\/10\/29\/cocof-rigueur-coordination-doulkeridis\/","name":"COCOF : \"rigueur et coordination\" - Christos Doulkeridis","isPartOf":{"@id":"https:\/\/www.doulkeridis.be\/blog\/#website"},"datePublished":"2009-10-29T08:40:29+00:00","dateModified":"2011-08-10T09:24:29+00:00","breadcrumb":{"@id":"https:\/\/www.doulkeridis.be\/blog\/2009\/10\/29\/cocof-rigueur-coordination-doulkeridis\/#breadcrumb"},"inLanguage":"fr-FR","potentialAction":[{"@type":"ReadAction","target":["https:\/\/www.doulkeridis.be\/blog\/2009\/10\/29\/cocof-rigueur-coordination-doulkeridis\/"]}]},{"@type":"BreadcrumbList","@id":"https:\/\/www.doulkeridis.be\/blog\/2009\/10\/29\/cocof-rigueur-coordination-doulkeridis\/#breadcrumb","itemListElement":[{"@type":"ListItem","position":1,"name":"Accueil","item":"https:\/\/www.doulkeridis.be\/blog\/"},{"@type":"ListItem","position":2,"name":"COCOF : \u00ab\u00a0rigueur et coordination\u00a0\u00bb"}]},{"@type":"WebSite","@id":"https:\/\/www.doulkeridis.be\/blog\/#website","url":"https:\/\/www.doulkeridis.be\/blog\/","name":"Christos Doulkeridis","description":"Coach | Consultant en solutions, gestion de crise, n\u00e9gociations","publisher":{"@id":"https:\/\/www.doulkeridis.be\/blog\/#organization"},"potentialAction":[{"@type":"SearchAction","target":{"@type":"EntryPoint","urlTemplate":"https:\/\/www.doulkeridis.be\/blog\/?s={search_term_string}"},"query-input":{"@type":"PropertyValueSpecification","valueRequired":true,"valueName":"search_term_string"}}],"inLanguage":"fr-FR"},{"@type":"Organization","@id":"https:\/\/www.doulkeridis.be\/blog\/#organization","name":"Ulyse","url":"https:\/\/www.doulkeridis.be\/blog\/","logo":{"@type":"ImageObject","inLanguage":"fr-FR","@id":"https:\/\/www.doulkeridis.be\/blog\/#\/schema\/logo\/image\/","url":"https:\/\/www.doulkeridis.be\/blog\/wp-content\/uploads\/2026\/04\/2-5.png","contentUrl":"https:\/\/www.doulkeridis.be\/blog\/wp-content\/uploads\/2026\/04\/2-5.png","width":1024,"height":728,"caption":"Ulyse"},"image":{"@id":"https:\/\/www.doulkeridis.be\/blog\/#\/schema\/logo\/image\/"},"sameAs":["https:\/\/www.facebook.com\/doulkeridis","https:\/\/www.facebook.com\/christosdoulkeridis2"]},{"@type":"Person","@id":"https:\/\/www.doulkeridis.be\/blog\/#\/schema\/person\/9f03f3459f0a4ba4db02aabbba098365","name":"Christos Doulkeridis","image":{"@type":"ImageObject","inLanguage":"fr-FR","@id":"https:\/\/secure.gravatar.com\/avatar\/71cb6e4369ca0615d93730ef3bc5f54642df4f6bcc59b92763d2ac434abf103e?s=96&d=mm&r=g","url":"https:\/\/secure.gravatar.com\/avatar\/71cb6e4369ca0615d93730ef3bc5f54642df4f6bcc59b92763d2ac434abf103e?s=96&d=mm&r=g","contentUrl":"https:\/\/secure.gravatar.com\/avatar\/71cb6e4369ca0615d93730ef3bc5f54642df4f6bcc59b92763d2ac434abf103e?s=96&d=mm&r=g","caption":"Christos Doulkeridis"},"url":"https:\/\/www.doulkeridis.be\/blog\/author\/christos\/"}]}},"_links":{"self":[{"href":"https:\/\/www.doulkeridis.be\/blog\/wp-json\/wp\/v2\/posts\/808","targetHints":{"allow":["GET"]}}],"collection":[{"href":"https:\/\/www.doulkeridis.be\/blog\/wp-json\/wp\/v2\/posts"}],"about":[{"href":"https:\/\/www.doulkeridis.be\/blog\/wp-json\/wp\/v2\/types\/post"}],"author":[{"embeddable":true,"href":"https:\/\/www.doulkeridis.be\/blog\/wp-json\/wp\/v2\/users\/2"}],"replies":[{"embeddable":true,"href":"https:\/\/www.doulkeridis.be\/blog\/wp-json\/wp\/v2\/comments?post=808"}],"version-history":[{"count":4,"href":"https:\/\/www.doulkeridis.be\/blog\/wp-json\/wp\/v2\/posts\/808\/revisions"}],"predecessor-version":[{"id":811,"href":"https:\/\/www.doulkeridis.be\/blog\/wp-json\/wp\/v2\/posts\/808\/revisions\/811"}],"wp:attachment":[{"href":"https:\/\/www.doulkeridis.be\/blog\/wp-json\/wp\/v2\/media?parent=808"}],"wp:term":[{"taxonomy":"category","embeddable":true,"href":"https:\/\/www.doulkeridis.be\/blog\/wp-json\/wp\/v2\/categories?post=808"},{"taxonomy":"post_tag","embeddable":true,"href":"https:\/\/www.doulkeridis.be\/blog\/wp-json\/wp\/v2\/tags?post=808"}],"curies":[{"name":"wp","href":"https:\/\/api.w.org\/{rel}","templated":true}]}}