{"id":873,"date":"2010-08-31T14:32:27","date_gmt":"2010-08-31T12:32:27","guid":{"rendered":"http:\/\/www.doulkeridis.be\/blog\/?p=873"},"modified":"2011-08-09T14:12:42","modified_gmt":"2011-08-09T12:12:42","slug":"slrb-un-nouveau-contrat-de-gestion-vert-social","status":"publish","type":"post","link":"https:\/\/www.doulkeridis.be\/blog\/2010\/08\/31\/slrb-un-nouveau-contrat-de-gestion-vert-social\/","title":{"rendered":"SLRB : un nouveau contrat de gestion vert.social"},"content":{"rendered":"<p>Ce matin, j&rsquo;ai pr\u00e9sent\u00e9 le nouveau contrat de gestion entre la R\u00e9gion bruxelloise et la Soci\u00e9t\u00e9 du Logement de la R\u00e9gion de Bruxelles-Capitale (<a href=\"http:\/\/www.slrb.be\/\" target=\"_blank\">SLRB<\/a>) en compagnie d&rsquo;Yves Lemmens, Directeur G\u00e9n\u00e9ral de la SLRB et Gert Van der Eeken, Pr\u00e9sident de la SLRB.<strong> Conclu pour une dur\u00e9e de 5 ans, ce contrat de gestion vise tout d&rsquo;abord \u00e0 acc\u00e9l\u00e9rer les investissements face aux d\u00e9fis sociaux et environnementaux.<\/strong><\/p>\n<p><strong><a href=\"https:\/\/www.doulkeridis.be\/blog\/wp-content\/uploads\/2010\/08\/photo-vert.social.png\"><img loading=\"lazy\" decoding=\"async\" class=\"alignleft size-medium wp-image-882\" title=\"photo vert.social\" src=\"https:\/\/www.doulkeridis.be\/blog\/wp-content\/uploads\/2010\/08\/photo-vert.social-300x225.png\" alt=\"\" width=\"300\" height=\"225\" srcset=\"https:\/\/www.doulkeridis.be\/blog\/wp-content\/uploads\/2010\/08\/photo-vert.social-300x225.png 300w, https:\/\/www.doulkeridis.be\/blog\/wp-content\/uploads\/2010\/08\/photo-vert.social.png 1024w\" sizes=\"auto, (max-width: 300px) 100vw, 300px\" \/><\/a>Pour moi, la priorit\u00e9 est d&rsquo;accro\u00eetre le nombre de logements sociaux et de r\u00e9duire les logements inoccup\u00e9s.  Cette priorit\u00e9 est aussi une opportunit\u00e9 pour faire de Bruxelles, la capitale europ\u00e9enne du d\u00e9veloppement durable. Le secteur du logement social est un formidable levier pour agir au niveau environnemental, avec un double effet positif: \u00e9cologique et social.<\/strong><\/p>\n<p>Enfin, ce nouveau contrat de gestion se veut \u00eatre<strong> un outil efficace et partenarial pour un suivi transparent des missions qui garantit \u00e0 long-terme le financement efficace du secteur<\/strong>.<\/p>\n<p>D&rsquo;une dur\u00e9e de 5 ans,<strong> il donne le cadre \u00e9conomique, urbanistique, social et financier du secteur du logement social en y ajoutant \u00e9galement des crit\u00e8res d&rsquo;\u00e9valuation<\/strong>. Il fixe \u00e9galement plusieurs objectifs ambitieux pour le secteur. Parmi eux, l&rsquo;acc\u00e9l\u00e9ration des investissements face aux d\u00e9fis sociaux et environnementaux. Actuellement, pr\u00e8s de 37.000 personnes sont en attente d&rsquo;un logement social. Et si on y ajoute le boom d\u00e9mographique pr\u00e9vu \u00e0 Bruxelles (133.000 habitants suppl\u00e9mentaires \u00e0 l&rsquo;horizon 2020), l&rsquo;enjeu est de taille.<\/p>\n<p>Notre mission est en priorit\u00e9 d&rsquo;accro\u00eetre le nombre de logements sociaux et lutter efficacement contre les logements inoccup\u00e9s. L&rsquo;objectif prioritaire est plus que jamais d&rsquo;atteindre les 15% de logements publics \u00e0 finalit\u00e9 sociale dans les 10 ans. Et ce contrat de gestion met en place une s\u00e9rie d&rsquo;outils pour y arriver (appui aux SISP, syst\u00e8me d&rsquo;incitants et de sanctions selon le respect du planning d&rsquo;investissement). <!--more--><\/p>\n<p>Mais pour moi, ce premier constat ne doit pas \u00eatre isol\u00e9 de la question environnementale et climatique. Le secteur r\u00e9sidentiel est le plus gros \u00e9metteur de CO: 70% du CO \u00e0 Bruxelles provient du b\u00e2timent. Quand on sait que le logement social repr\u00e9sente  actuellement 8,3% des logements bruxellois, il est indiscutable que le secteur est un v\u00e9ritable levier pour agir au niveau environnemental.<\/p>\n<p><strong>Bruxelles, \u00ab\u00a0capitale europ\u00e9enne du d\u00e9veloppement durable\u00a0\u00bb<\/strong><\/p>\n<p>La R\u00e9gion a comme ambition non seulement d&rsquo;\u00eatre et de rester la capitale de l&rsquo;Europe mais aussi de se manifester comme sa capitale \u00e9cologique. Pour y arriver, la r\u00e9duction de la consommation \u00e9nerg\u00e9tique des locataires est un engagement concret du contrat de gestion\u00a0\u00bb. Avec une s\u00e9rie de mesures telles que les normes passives pour les nouvelles constructions ou basse \u00e9nergie dans les r\u00e9novations lourdes, la g\u00e9n\u00e9ralisation de syst\u00e8mes de cog\u00e9n\u00e9ration d&rsquo;\u00e9lectricit\u00e9 et de chaleur dans les grands ensembles de logements, le d\u00e9veloppement de l&rsquo;usage et de l&rsquo;autoproduction des \u00e9nergies renouvelables dans les logements sociaux.<\/p>\n<p>Mesures environnementales? Pas seulement ! Il faut arr\u00eater de faire croire que les initiatives vertes sont uniquement un jouet pour les bobos! Ce genre d&rsquo;initiatives fortes rencontre parfaitement les attentes des locataires sociaux qui peuvent ainsi voir leur consommation \u00e9nerg\u00e9tique baisser. Oui, ce contrat de gestion est vertement social ! Il se veut \u00e9galement solidaire, il vise \u00e0 r\u00e9pondre davantage aux besoins de l\u2019ensemble du public et notamment de personnes plus fragilis\u00e9es telles que les familles nombreuses et les personnes handicap\u00e9es.<\/p>\n<p><strong>Un outil structurant et ambitieux<\/strong><\/p>\n<p>Meilleur gestion, contr\u00f4le plus syst\u00e9matique, partenariats plus larges, il garantit le financement du secteur \u00e0 long terme. Non seulement on maintient mais on augmente les enveloppes malgr\u00e9 un contexte budg\u00e9taire de crise. Toutefois, nous avons voulu un meilleur suivi et une \u00e9valuation du programme d&rsquo;investissement ainsi qu&rsquo;une utilisation plus efficace des moyens l\u00e0 o\u00f9 il y a un r\u00e9el besoin.<\/p>\n","protected":false},"excerpt":{"rendered":"<p>Ce matin, j&rsquo;ai pr\u00e9sent\u00e9 le nouveau contrat de gestion entre la R\u00e9gion bruxelloise et la Soci\u00e9t\u00e9 du Logement de la R\u00e9gion de Bruxelles-Capitale (SLRB) en compagnie d&rsquo;Yves Lemmens, Directeur G\u00e9n\u00e9ral de la SLRB et Gert Van der Eeken, Pr\u00e9sident de la SLRB. Conclu pour une dur\u00e9e de 5 ans, ce contrat de gestion vise tout d&rsquo;abord \u00e0 acc\u00e9l\u00e9rer les investissements face aux d\u00e9fis sociaux et environnementaux. Pour moi, la priorit\u00e9 est d&rsquo;accro\u00eetre le nombre de logements sociaux et de r\u00e9duire les logements inoccup\u00e9s. Cette priorit\u00e9 est aussi une opportunit\u00e9 pour faire de Bruxelles, la capitale europ\u00e9enne du d\u00e9veloppement durable. Le secteur du logement social est un formidable levier pour agir au niveau environnemental, avec un double effet positif: \u00e9cologique et social. Enfin, ce nouveau contrat de gestion se veut \u00eatre un outil efficace et partenarial pour un suivi transparent des missions qui garantit \u00e0 long-terme le financement efficace du secteur. D&rsquo;une dur\u00e9e de 5 ans, il donne le cadre \u00e9conomique, urbanistique, social et financier du secteur du logement social en y ajoutant \u00e9galement des crit\u00e8res d&rsquo;\u00e9valuation. Il fixe \u00e9galement plusieurs objectifs ambitieux pour le secteur. Parmi eux, l&rsquo;acc\u00e9l\u00e9ration des investissements face aux d\u00e9fis sociaux et environnementaux. Actuellement, pr\u00e8s de 37.000 [&hellip;]<\/p>\n","protected":false},"author":2,"featured_media":0,"comment_status":"open","ping_status":"open","sticky":false,"template":"","format":"standard","meta":{"_monsterinsights_skip_tracking":false,"_monsterinsights_sitenote_active":false,"_monsterinsights_sitenote_note":"","_monsterinsights_sitenote_category":0,"ngg_post_thumbnail":0,"footnotes":""},"categories":[29,3,304],"tags":[74,63,4,208,34],"class_list":["post-873","post","type-post","status-publish","format-standard","hentry","category-bruxelles","category-logement","category-mes_realisations","tag-contrat-de-gestion","tag-developpement-durable","tag-logement-social","tag-quadriennal","tag-slrb"],"yoast_head":"<!-- This site is optimized with the Yoast SEO plugin v27.4 - https:\/\/yoast.com\/product\/yoast-seo-wordpress\/ -->\n<title>SLRB : un nouveau contrat de gestion vert.social - Christos Doulkeridis<\/title>\n<meta name=\"robots\" content=\"index, follow, max-snippet:-1, max-image-preview:large, max-video-preview:-1\" \/>\n<link rel=\"canonical\" href=\"https:\/\/www.doulkeridis.be\/blog\/2010\/08\/31\/slrb-un-nouveau-contrat-de-gestion-vert-social\/\" \/>\n<meta property=\"og:locale\" content=\"fr_FR\" \/>\n<meta property=\"og:type\" content=\"article\" \/>\n<meta property=\"og:title\" content=\"SLRB : un nouveau contrat de gestion vert.social - Christos Doulkeridis\" \/>\n<meta property=\"og:description\" content=\"Ce matin, j&rsquo;ai pr\u00e9sent\u00e9 le nouveau contrat de gestion entre la R\u00e9gion bruxelloise et la Soci\u00e9t\u00e9 du Logement de la R\u00e9gion de Bruxelles-Capitale (SLRB) en compagnie d&rsquo;Yves Lemmens, Directeur G\u00e9n\u00e9ral de la SLRB et Gert Van der Eeken, Pr\u00e9sident de la SLRB. Conclu pour une dur\u00e9e de 5 ans, ce contrat de gestion vise tout d&rsquo;abord \u00e0 acc\u00e9l\u00e9rer les investissements face aux d\u00e9fis sociaux et environnementaux. Pour moi, la priorit\u00e9 est d&rsquo;accro\u00eetre le nombre de logements sociaux et de r\u00e9duire les logements inoccup\u00e9s. Cette priorit\u00e9 est aussi une opportunit\u00e9 pour faire de Bruxelles, la capitale europ\u00e9enne du d\u00e9veloppement durable. Le secteur du logement social est un formidable levier pour agir au niveau environnemental, avec un double effet positif: \u00e9cologique et social. Enfin, ce nouveau contrat de gestion se veut \u00eatre un outil efficace et partenarial pour un suivi transparent des missions qui garantit \u00e0 long-terme le financement efficace du secteur. D&rsquo;une dur\u00e9e de 5 ans, il donne le cadre \u00e9conomique, urbanistique, social et financier du secteur du logement social en y ajoutant \u00e9galement des crit\u00e8res d&rsquo;\u00e9valuation. Il fixe \u00e9galement plusieurs objectifs ambitieux pour le secteur. Parmi eux, l&rsquo;acc\u00e9l\u00e9ration des investissements face aux d\u00e9fis sociaux et environnementaux. Actuellement, pr\u00e8s de 37.000 [&hellip;]\" \/>\n<meta property=\"og:url\" content=\"https:\/\/www.doulkeridis.be\/blog\/2010\/08\/31\/slrb-un-nouveau-contrat-de-gestion-vert-social\/\" \/>\n<meta property=\"og:site_name\" content=\"Christos Doulkeridis\" \/>\n<meta property=\"article:publisher\" content=\"https:\/\/www.facebook.com\/doulkeridis\" \/>\n<meta property=\"article:published_time\" content=\"2010-08-31T12:32:27+00:00\" \/>\n<meta property=\"article:modified_time\" content=\"2011-08-09T12:12:42+00:00\" \/>\n<meta property=\"og:image\" content=\"http:\/\/www.doulkeridis.be\/blog\/wp-content\/uploads\/2010\/08\/photo-vert.social-300x225.png\" \/>\n<meta name=\"author\" content=\"Christos Doulkeridis\" \/>\n<meta name=\"twitter:card\" content=\"summary_large_image\" \/>\n<meta name=\"twitter:label1\" content=\"\u00c9crit par\" \/>\n\t<meta name=\"twitter:data1\" content=\"Christos Doulkeridis\" \/>\n\t<meta name=\"twitter:label2\" content=\"Dur\u00e9e de lecture estim\u00e9e\" \/>\n\t<meta name=\"twitter:data2\" content=\"3 minutes\" \/>\n<script type=\"application\/ld+json\" class=\"yoast-schema-graph\">{\"@context\":\"https:\\\/\\\/schema.org\",\"@graph\":[{\"@type\":\"Article\",\"@id\":\"https:\\\/\\\/www.doulkeridis.be\\\/blog\\\/2010\\\/08\\\/31\\\/slrb-un-nouveau-contrat-de-gestion-vert-social\\\/#article\",\"isPartOf\":{\"@id\":\"https:\\\/\\\/www.doulkeridis.be\\\/blog\\\/2010\\\/08\\\/31\\\/slrb-un-nouveau-contrat-de-gestion-vert-social\\\/\"},\"author\":{\"name\":\"Christos Doulkeridis\",\"@id\":\"https:\\\/\\\/www.doulkeridis.be\\\/blog\\\/#\\\/schema\\\/person\\\/9f03f3459f0a4ba4db02aabbba098365\"},\"headline\":\"SLRB : un nouveau contrat de gestion vert.social\",\"datePublished\":\"2010-08-31T12:32:27+00:00\",\"dateModified\":\"2011-08-09T12:12:42+00:00\",\"mainEntityOfPage\":{\"@id\":\"https:\\\/\\\/www.doulkeridis.be\\\/blog\\\/2010\\\/08\\\/31\\\/slrb-un-nouveau-contrat-de-gestion-vert-social\\\/\"},\"wordCount\":671,\"commentCount\":1,\"publisher\":{\"@id\":\"https:\\\/\\\/www.doulkeridis.be\\\/blog\\\/#organization\"},\"image\":{\"@id\":\"https:\\\/\\\/www.doulkeridis.be\\\/blog\\\/2010\\\/08\\\/31\\\/slrb-un-nouveau-contrat-de-gestion-vert-social\\\/#primaryimage\"},\"thumbnailUrl\":\"http:\\\/\\\/www.doulkeridis.be\\\/blog\\\/wp-content\\\/uploads\\\/2010\\\/08\\\/photo-vert.social-300x225.png\",\"keywords\":[\"Contrat de gestion\",\"D\u00e9veloppement durable\",\"logement social\",\"quadriennal\",\"SLRB\"],\"articleSection\":[\"Bruxelles\",\"Logement\",\"Mes r\u00e9alisations\"],\"inLanguage\":\"fr-FR\",\"potentialAction\":[{\"@type\":\"CommentAction\",\"name\":\"Comment\",\"target\":[\"https:\\\/\\\/www.doulkeridis.be\\\/blog\\\/2010\\\/08\\\/31\\\/slrb-un-nouveau-contrat-de-gestion-vert-social\\\/#respond\"]}]},{\"@type\":\"WebPage\",\"@id\":\"https:\\\/\\\/www.doulkeridis.be\\\/blog\\\/2010\\\/08\\\/31\\\/slrb-un-nouveau-contrat-de-gestion-vert-social\\\/\",\"url\":\"https:\\\/\\\/www.doulkeridis.be\\\/blog\\\/2010\\\/08\\\/31\\\/slrb-un-nouveau-contrat-de-gestion-vert-social\\\/\",\"name\":\"SLRB : un nouveau contrat de gestion vert.social - Christos Doulkeridis\",\"isPartOf\":{\"@id\":\"https:\\\/\\\/www.doulkeridis.be\\\/blog\\\/#website\"},\"primaryImageOfPage\":{\"@id\":\"https:\\\/\\\/www.doulkeridis.be\\\/blog\\\/2010\\\/08\\\/31\\\/slrb-un-nouveau-contrat-de-gestion-vert-social\\\/#primaryimage\"},\"image\":{\"@id\":\"https:\\\/\\\/www.doulkeridis.be\\\/blog\\\/2010\\\/08\\\/31\\\/slrb-un-nouveau-contrat-de-gestion-vert-social\\\/#primaryimage\"},\"thumbnailUrl\":\"http:\\\/\\\/www.doulkeridis.be\\\/blog\\\/wp-content\\\/uploads\\\/2010\\\/08\\\/photo-vert.social-300x225.png\",\"datePublished\":\"2010-08-31T12:32:27+00:00\",\"dateModified\":\"2011-08-09T12:12:42+00:00\",\"breadcrumb\":{\"@id\":\"https:\\\/\\\/www.doulkeridis.be\\\/blog\\\/2010\\\/08\\\/31\\\/slrb-un-nouveau-contrat-de-gestion-vert-social\\\/#breadcrumb\"},\"inLanguage\":\"fr-FR\",\"potentialAction\":[{\"@type\":\"ReadAction\",\"target\":[\"https:\\\/\\\/www.doulkeridis.be\\\/blog\\\/2010\\\/08\\\/31\\\/slrb-un-nouveau-contrat-de-gestion-vert-social\\\/\"]}]},{\"@type\":\"ImageObject\",\"inLanguage\":\"fr-FR\",\"@id\":\"https:\\\/\\\/www.doulkeridis.be\\\/blog\\\/2010\\\/08\\\/31\\\/slrb-un-nouveau-contrat-de-gestion-vert-social\\\/#primaryimage\",\"url\":\"http:\\\/\\\/www.doulkeridis.be\\\/blog\\\/wp-content\\\/uploads\\\/2010\\\/08\\\/photo-vert.social-300x225.png\",\"contentUrl\":\"http:\\\/\\\/www.doulkeridis.be\\\/blog\\\/wp-content\\\/uploads\\\/2010\\\/08\\\/photo-vert.social-300x225.png\"},{\"@type\":\"BreadcrumbList\",\"@id\":\"https:\\\/\\\/www.doulkeridis.be\\\/blog\\\/2010\\\/08\\\/31\\\/slrb-un-nouveau-contrat-de-gestion-vert-social\\\/#breadcrumb\",\"itemListElement\":[{\"@type\":\"ListItem\",\"position\":1,\"name\":\"Accueil\",\"item\":\"https:\\\/\\\/www.doulkeridis.be\\\/blog\\\/\"},{\"@type\":\"ListItem\",\"position\":2,\"name\":\"SLRB : un nouveau contrat de gestion vert.social\"}]},{\"@type\":\"WebSite\",\"@id\":\"https:\\\/\\\/www.doulkeridis.be\\\/blog\\\/#website\",\"url\":\"https:\\\/\\\/www.doulkeridis.be\\\/blog\\\/\",\"name\":\"Christos Doulkeridis\",\"description\":\"Coach | Consultant en solutions, gestion de crise, n\u00e9gociations\",\"publisher\":{\"@id\":\"https:\\\/\\\/www.doulkeridis.be\\\/blog\\\/#organization\"},\"potentialAction\":[{\"@type\":\"SearchAction\",\"target\":{\"@type\":\"EntryPoint\",\"urlTemplate\":\"https:\\\/\\\/www.doulkeridis.be\\\/blog\\\/?s={search_term_string}\"},\"query-input\":{\"@type\":\"PropertyValueSpecification\",\"valueRequired\":true,\"valueName\":\"search_term_string\"}}],\"inLanguage\":\"fr-FR\"},{\"@type\":\"Organization\",\"@id\":\"https:\\\/\\\/www.doulkeridis.be\\\/blog\\\/#organization\",\"name\":\"Ulyse\",\"url\":\"https:\\\/\\\/www.doulkeridis.be\\\/blog\\\/\",\"logo\":{\"@type\":\"ImageObject\",\"inLanguage\":\"fr-FR\",\"@id\":\"https:\\\/\\\/www.doulkeridis.be\\\/blog\\\/#\\\/schema\\\/logo\\\/image\\\/\",\"url\":\"https:\\\/\\\/www.doulkeridis.be\\\/blog\\\/wp-content\\\/uploads\\\/2026\\\/04\\\/2-5.png\",\"contentUrl\":\"https:\\\/\\\/www.doulkeridis.be\\\/blog\\\/wp-content\\\/uploads\\\/2026\\\/04\\\/2-5.png\",\"width\":1024,\"height\":728,\"caption\":\"Ulyse\"},\"image\":{\"@id\":\"https:\\\/\\\/www.doulkeridis.be\\\/blog\\\/#\\\/schema\\\/logo\\\/image\\\/\"},\"sameAs\":[\"https:\\\/\\\/www.facebook.com\\\/doulkeridis\",\"https:\\\/\\\/www.facebook.com\\\/christosdoulkeridis2\"]},{\"@type\":\"Person\",\"@id\":\"https:\\\/\\\/www.doulkeridis.be\\\/blog\\\/#\\\/schema\\\/person\\\/9f03f3459f0a4ba4db02aabbba098365\",\"name\":\"Christos Doulkeridis\",\"image\":{\"@type\":\"ImageObject\",\"inLanguage\":\"fr-FR\",\"@id\":\"https:\\\/\\\/secure.gravatar.com\\\/avatar\\\/71cb6e4369ca0615d93730ef3bc5f54642df4f6bcc59b92763d2ac434abf103e?s=96&d=mm&r=g\",\"url\":\"https:\\\/\\\/secure.gravatar.com\\\/avatar\\\/71cb6e4369ca0615d93730ef3bc5f54642df4f6bcc59b92763d2ac434abf103e?s=96&d=mm&r=g\",\"contentUrl\":\"https:\\\/\\\/secure.gravatar.com\\\/avatar\\\/71cb6e4369ca0615d93730ef3bc5f54642df4f6bcc59b92763d2ac434abf103e?s=96&d=mm&r=g\",\"caption\":\"Christos Doulkeridis\"},\"url\":\"https:\\\/\\\/www.doulkeridis.be\\\/blog\\\/author\\\/christos\\\/\"}]}<\/script>\n<!-- \/ Yoast SEO plugin. -->","yoast_head_json":{"title":"SLRB : un nouveau contrat de gestion vert.social - Christos Doulkeridis","robots":{"index":"index","follow":"follow","max-snippet":"max-snippet:-1","max-image-preview":"max-image-preview:large","max-video-preview":"max-video-preview:-1"},"canonical":"https:\/\/www.doulkeridis.be\/blog\/2010\/08\/31\/slrb-un-nouveau-contrat-de-gestion-vert-social\/","og_locale":"fr_FR","og_type":"article","og_title":"SLRB : un nouveau contrat de gestion vert.social - Christos Doulkeridis","og_description":"Ce matin, j&rsquo;ai pr\u00e9sent\u00e9 le nouveau contrat de gestion entre la R\u00e9gion bruxelloise et la Soci\u00e9t\u00e9 du Logement de la R\u00e9gion de Bruxelles-Capitale (SLRB) en compagnie d&rsquo;Yves Lemmens, Directeur G\u00e9n\u00e9ral de la SLRB et Gert Van der Eeken, Pr\u00e9sident de la SLRB. Conclu pour une dur\u00e9e de 5 ans, ce contrat de gestion vise tout d&rsquo;abord \u00e0 acc\u00e9l\u00e9rer les investissements face aux d\u00e9fis sociaux et environnementaux. Pour moi, la priorit\u00e9 est d&rsquo;accro\u00eetre le nombre de logements sociaux et de r\u00e9duire les logements inoccup\u00e9s. Cette priorit\u00e9 est aussi une opportunit\u00e9 pour faire de Bruxelles, la capitale europ\u00e9enne du d\u00e9veloppement durable. Le secteur du logement social est un formidable levier pour agir au niveau environnemental, avec un double effet positif: \u00e9cologique et social. Enfin, ce nouveau contrat de gestion se veut \u00eatre un outil efficace et partenarial pour un suivi transparent des missions qui garantit \u00e0 long-terme le financement efficace du secteur. D&rsquo;une dur\u00e9e de 5 ans, il donne le cadre \u00e9conomique, urbanistique, social et financier du secteur du logement social en y ajoutant \u00e9galement des crit\u00e8res d&rsquo;\u00e9valuation. Il fixe \u00e9galement plusieurs objectifs ambitieux pour le secteur. Parmi eux, l&rsquo;acc\u00e9l\u00e9ration des investissements face aux d\u00e9fis sociaux et environnementaux. Actuellement, pr\u00e8s de 37.000 [&hellip;]","og_url":"https:\/\/www.doulkeridis.be\/blog\/2010\/08\/31\/slrb-un-nouveau-contrat-de-gestion-vert-social\/","og_site_name":"Christos Doulkeridis","article_publisher":"https:\/\/www.facebook.com\/doulkeridis","article_published_time":"2010-08-31T12:32:27+00:00","article_modified_time":"2011-08-09T12:12:42+00:00","og_image":[{"url":"http:\/\/www.doulkeridis.be\/blog\/wp-content\/uploads\/2010\/08\/photo-vert.social-300x225.png","type":"","width":"","height":""}],"author":"Christos Doulkeridis","twitter_card":"summary_large_image","twitter_misc":{"\u00c9crit par":"Christos Doulkeridis","Dur\u00e9e de lecture estim\u00e9e":"3 minutes"},"schema":{"@context":"https:\/\/schema.org","@graph":[{"@type":"Article","@id":"https:\/\/www.doulkeridis.be\/blog\/2010\/08\/31\/slrb-un-nouveau-contrat-de-gestion-vert-social\/#article","isPartOf":{"@id":"https:\/\/www.doulkeridis.be\/blog\/2010\/08\/31\/slrb-un-nouveau-contrat-de-gestion-vert-social\/"},"author":{"name":"Christos Doulkeridis","@id":"https:\/\/www.doulkeridis.be\/blog\/#\/schema\/person\/9f03f3459f0a4ba4db02aabbba098365"},"headline":"SLRB : un nouveau contrat de gestion vert.social","datePublished":"2010-08-31T12:32:27+00:00","dateModified":"2011-08-09T12:12:42+00:00","mainEntityOfPage":{"@id":"https:\/\/www.doulkeridis.be\/blog\/2010\/08\/31\/slrb-un-nouveau-contrat-de-gestion-vert-social\/"},"wordCount":671,"commentCount":1,"publisher":{"@id":"https:\/\/www.doulkeridis.be\/blog\/#organization"},"image":{"@id":"https:\/\/www.doulkeridis.be\/blog\/2010\/08\/31\/slrb-un-nouveau-contrat-de-gestion-vert-social\/#primaryimage"},"thumbnailUrl":"http:\/\/www.doulkeridis.be\/blog\/wp-content\/uploads\/2010\/08\/photo-vert.social-300x225.png","keywords":["Contrat de gestion","D\u00e9veloppement durable","logement social","quadriennal","SLRB"],"articleSection":["Bruxelles","Logement","Mes r\u00e9alisations"],"inLanguage":"fr-FR","potentialAction":[{"@type":"CommentAction","name":"Comment","target":["https:\/\/www.doulkeridis.be\/blog\/2010\/08\/31\/slrb-un-nouveau-contrat-de-gestion-vert-social\/#respond"]}]},{"@type":"WebPage","@id":"https:\/\/www.doulkeridis.be\/blog\/2010\/08\/31\/slrb-un-nouveau-contrat-de-gestion-vert-social\/","url":"https:\/\/www.doulkeridis.be\/blog\/2010\/08\/31\/slrb-un-nouveau-contrat-de-gestion-vert-social\/","name":"SLRB : un nouveau contrat de gestion vert.social - Christos Doulkeridis","isPartOf":{"@id":"https:\/\/www.doulkeridis.be\/blog\/#website"},"primaryImageOfPage":{"@id":"https:\/\/www.doulkeridis.be\/blog\/2010\/08\/31\/slrb-un-nouveau-contrat-de-gestion-vert-social\/#primaryimage"},"image":{"@id":"https:\/\/www.doulkeridis.be\/blog\/2010\/08\/31\/slrb-un-nouveau-contrat-de-gestion-vert-social\/#primaryimage"},"thumbnailUrl":"http:\/\/www.doulkeridis.be\/blog\/wp-content\/uploads\/2010\/08\/photo-vert.social-300x225.png","datePublished":"2010-08-31T12:32:27+00:00","dateModified":"2011-08-09T12:12:42+00:00","breadcrumb":{"@id":"https:\/\/www.doulkeridis.be\/blog\/2010\/08\/31\/slrb-un-nouveau-contrat-de-gestion-vert-social\/#breadcrumb"},"inLanguage":"fr-FR","potentialAction":[{"@type":"ReadAction","target":["https:\/\/www.doulkeridis.be\/blog\/2010\/08\/31\/slrb-un-nouveau-contrat-de-gestion-vert-social\/"]}]},{"@type":"ImageObject","inLanguage":"fr-FR","@id":"https:\/\/www.doulkeridis.be\/blog\/2010\/08\/31\/slrb-un-nouveau-contrat-de-gestion-vert-social\/#primaryimage","url":"http:\/\/www.doulkeridis.be\/blog\/wp-content\/uploads\/2010\/08\/photo-vert.social-300x225.png","contentUrl":"http:\/\/www.doulkeridis.be\/blog\/wp-content\/uploads\/2010\/08\/photo-vert.social-300x225.png"},{"@type":"BreadcrumbList","@id":"https:\/\/www.doulkeridis.be\/blog\/2010\/08\/31\/slrb-un-nouveau-contrat-de-gestion-vert-social\/#breadcrumb","itemListElement":[{"@type":"ListItem","position":1,"name":"Accueil","item":"https:\/\/www.doulkeridis.be\/blog\/"},{"@type":"ListItem","position":2,"name":"SLRB : un nouveau contrat de gestion vert.social"}]},{"@type":"WebSite","@id":"https:\/\/www.doulkeridis.be\/blog\/#website","url":"https:\/\/www.doulkeridis.be\/blog\/","name":"Christos Doulkeridis","description":"Coach | Consultant en solutions, gestion de crise, n\u00e9gociations","publisher":{"@id":"https:\/\/www.doulkeridis.be\/blog\/#organization"},"potentialAction":[{"@type":"SearchAction","target":{"@type":"EntryPoint","urlTemplate":"https:\/\/www.doulkeridis.be\/blog\/?s={search_term_string}"},"query-input":{"@type":"PropertyValueSpecification","valueRequired":true,"valueName":"search_term_string"}}],"inLanguage":"fr-FR"},{"@type":"Organization","@id":"https:\/\/www.doulkeridis.be\/blog\/#organization","name":"Ulyse","url":"https:\/\/www.doulkeridis.be\/blog\/","logo":{"@type":"ImageObject","inLanguage":"fr-FR","@id":"https:\/\/www.doulkeridis.be\/blog\/#\/schema\/logo\/image\/","url":"https:\/\/www.doulkeridis.be\/blog\/wp-content\/uploads\/2026\/04\/2-5.png","contentUrl":"https:\/\/www.doulkeridis.be\/blog\/wp-content\/uploads\/2026\/04\/2-5.png","width":1024,"height":728,"caption":"Ulyse"},"image":{"@id":"https:\/\/www.doulkeridis.be\/blog\/#\/schema\/logo\/image\/"},"sameAs":["https:\/\/www.facebook.com\/doulkeridis","https:\/\/www.facebook.com\/christosdoulkeridis2"]},{"@type":"Person","@id":"https:\/\/www.doulkeridis.be\/blog\/#\/schema\/person\/9f03f3459f0a4ba4db02aabbba098365","name":"Christos Doulkeridis","image":{"@type":"ImageObject","inLanguage":"fr-FR","@id":"https:\/\/secure.gravatar.com\/avatar\/71cb6e4369ca0615d93730ef3bc5f54642df4f6bcc59b92763d2ac434abf103e?s=96&d=mm&r=g","url":"https:\/\/secure.gravatar.com\/avatar\/71cb6e4369ca0615d93730ef3bc5f54642df4f6bcc59b92763d2ac434abf103e?s=96&d=mm&r=g","contentUrl":"https:\/\/secure.gravatar.com\/avatar\/71cb6e4369ca0615d93730ef3bc5f54642df4f6bcc59b92763d2ac434abf103e?s=96&d=mm&r=g","caption":"Christos Doulkeridis"},"url":"https:\/\/www.doulkeridis.be\/blog\/author\/christos\/"}]}},"_links":{"self":[{"href":"https:\/\/www.doulkeridis.be\/blog\/wp-json\/wp\/v2\/posts\/873","targetHints":{"allow":["GET"]}}],"collection":[{"href":"https:\/\/www.doulkeridis.be\/blog\/wp-json\/wp\/v2\/posts"}],"about":[{"href":"https:\/\/www.doulkeridis.be\/blog\/wp-json\/wp\/v2\/types\/post"}],"author":[{"embeddable":true,"href":"https:\/\/www.doulkeridis.be\/blog\/wp-json\/wp\/v2\/users\/2"}],"replies":[{"embeddable":true,"href":"https:\/\/www.doulkeridis.be\/blog\/wp-json\/wp\/v2\/comments?post=873"}],"version-history":[{"count":8,"href":"https:\/\/www.doulkeridis.be\/blog\/wp-json\/wp\/v2\/posts\/873\/revisions"}],"predecessor-version":[{"id":3670,"href":"https:\/\/www.doulkeridis.be\/blog\/wp-json\/wp\/v2\/posts\/873\/revisions\/3670"}],"wp:attachment":[{"href":"https:\/\/www.doulkeridis.be\/blog\/wp-json\/wp\/v2\/media?parent=873"}],"wp:term":[{"taxonomy":"category","embeddable":true,"href":"https:\/\/www.doulkeridis.be\/blog\/wp-json\/wp\/v2\/categories?post=873"},{"taxonomy":"post_tag","embeddable":true,"href":"https:\/\/www.doulkeridis.be\/blog\/wp-json\/wp\/v2\/tags?post=873"}],"curies":[{"name":"wp","href":"https:\/\/api.w.org\/{rel}","templated":true}]}}