{"id":9020,"date":"2013-04-01T10:09:37","date_gmt":"2013-04-01T09:09:37","guid":{"rendered":"http:\/\/www.doulkeridis.be\/blog\/?p=9020"},"modified":"2013-04-01T10:09:37","modified_gmt":"2013-04-01T09:09:37","slug":"ma-recette-de-coquillettes-aux-calamars-mijotes","status":"publish","type":"post","link":"https:\/\/www.doulkeridis.be\/blog\/2013\/04\/01\/ma-recette-de-coquillettes-aux-calamars-mijotes\/","title":{"rendered":"Ma recette de coquillettes aux calamars mijot\u00e9s"},"content":{"rendered":"<p><strong><a href=\"https:\/\/www.doulkeridis.be\/blog\/2013\/04\/01\/ma-recette-de-coquillettes-aux-calamars-mijotes\/calamars2\/\" rel=\"attachment wp-att-9022\"><img loading=\"lazy\" decoding=\"async\" class=\"alignleft size-thumbnail wp-image-9022\" alt=\"calamars2\" src=\"https:\/\/www.doulkeridis.be\/blog\/wp-content\/uploads\/2013\/04\/calamars2-290x290.jpg\" width=\"290\" height=\"290\" srcset=\"https:\/\/www.doulkeridis.be\/blog\/wp-content\/uploads\/2013\/04\/calamars2-290x290.jpg 290w, https:\/\/www.doulkeridis.be\/blog\/wp-content\/uploads\/2013\/04\/calamars2-300x300.jpg 300w, https:\/\/www.doulkeridis.be\/blog\/wp-content\/uploads\/2013\/04\/calamars2-50x50.jpg 50w, https:\/\/www.doulkeridis.be\/blog\/wp-content\/uploads\/2013\/04\/calamars2.jpg 306w\" sizes=\"auto, (max-width: 290px) 100vw, 290px\" \/><\/a>C&rsquo;est une de mes recettes d&rsquo;inspiration grecque.\u00a0Ce que j&rsquo;aime dans ce plat, c&rsquo;est son c\u00f4t\u00e9 go\u00fbtu et gourmand. Pouvoir le manger avec une cuill\u00e8re plut\u00f4t qu&rsquo;une fourchette et un couteau permet de bien rassembler tous les go\u00fbts en bouche.\u00a0Tous les ingr\u00e9dients sont donc d\u00e9coup\u00e9s \u00e0 taille de bouch\u00e9e.\u00a0Le calamar est peu utilis\u00e9 en Belgique. On le retrouve la plupart du temps frit, mais il constitue un produit merveilleux dans des plats un peu plus mijot\u00e9s. On en trouve dans les bonnes poissonneries et son co\u00fbt est tout \u00e0 fait raisonnable. Personnellement, je l&rsquo;ach\u00e8te rue Malibran.<\/strong><\/p>\n<p><em>Ingr\u00e9dients : 2 calamars moyens nettoy\u00e9s (le poissonnier de la rue Malibran est super pour \u00e7a), 3 branches de\u00a0c\u00e9leri\u00a0 3 tomates fra\u00eeches \u00e9pluch\u00e9es ou une petite boite de chaire de tomates, 2 oignons moyens, 2 gousses d&rsquo;ail, un verre de vin blanc (facultatif), un peu de Noilly Pratt (facultatif), quelques branches de persil plat et de coriandre, 350 \u00e0 400 gr de p\u00e2tes coquillettes, sel, poivre, piments d&rsquo;espelette, huile d&rsquo;olive.<\/em><\/p>\n<p>Pr\u00e9paration : bien laver les calamars, les d\u00e9couper en petites bouch\u00e9es de max 3 cm, hacher assez grossi\u00e8rement l&rsquo;oignon et l&rsquo;ail, la coriandre et le persil plat. Couper en petits d\u00e9s d&rsquo;environ 1 cm le c\u00e9leri bien lav\u00e9. Eplucher les tomates si elles sont de saison et les couper en d\u00e9s ou utiliser des tomates en conserve hors saison.<\/p>\n<p>Dans une casserole \u00e0 fond \u00e9pais (genre Le Creuset), faire chauffer un peu d&rsquo;huile d&rsquo;olive et y verser successivement en les laissant prendre chaque fois un peu tout en m\u00e9langeant r\u00e9guli\u00e8rement les oignons, l&rsquo;ail, le calamar, le vin blanc, le Noilly-Pratt, les herbes, les tomates, le c\u00e9leri, le sel, le poivre et la pinc\u00e9e de piments d&rsquo;espelette. Ajouter un peu d&rsquo;eau pour presque couvrir les aliments. Laisser mijoter \u00e0 feu doux. M\u00e9langer de temps en temps.<\/p>\n<p>Dans une autre casserole, faire chauffer de l&rsquo;eau pour la cuisson des p\u00e2tes. Quand l&rsquo;eau bout, saler et y faire cuire les p\u00e2tes 2 \u00e0 3 minutes de moins que le temps de cuisson n\u00e9cessaire. Lorsque les p\u00e2tes sont cuites, les \u00e9goutter, les ajouter au plat et les laisser encore cuire pr\u00e8s de cinq minutes en m\u00e9langeant bien r\u00e9guli\u00e8rement. D\u00e9guster.<\/p>\n","protected":false},"excerpt":{"rendered":"<p>C&rsquo;est une de mes recettes d&rsquo;inspiration grecque.\u00a0Ce que j&rsquo;aime dans ce plat, c&rsquo;est son c\u00f4t\u00e9 go\u00fbtu et gourmand. Pouvoir le manger avec une cuill\u00e8re plut\u00f4t qu&rsquo;une fourchette et un couteau permet de bien rassembler tous les go\u00fbts en bouche.\u00a0Tous les ingr\u00e9dients sont donc d\u00e9coup\u00e9s \u00e0 taille de bouch\u00e9e.\u00a0Le calamar est peu utilis\u00e9 en Belgique. On le retrouve la plupart du temps frit, mais il constitue un produit merveilleux dans des plats un peu plus mijot\u00e9s. On en trouve dans les bonnes poissonneries et son co\u00fbt est tout \u00e0 fait raisonnable. Personnellement, je l&rsquo;ach\u00e8te rue Malibran. Ingr\u00e9dients : 2 calamars moyens nettoy\u00e9s (le poissonnier de la rue Malibran est super pour \u00e7a), 3 branches de\u00a0c\u00e9leri\u00a0 3 tomates fra\u00eeches \u00e9pluch\u00e9es ou une petite boite de chaire de tomates, 2 oignons moyens, 2 gousses d&rsquo;ail, un verre de vin blanc (facultatif), un peu de Noilly Pratt (facultatif), quelques branches de persil plat et de coriandre, 350 \u00e0 400 gr de p\u00e2tes coquillettes, sel, poivre, piments d&rsquo;espelette, huile d&rsquo;olive. Pr\u00e9paration : bien laver les calamars, les d\u00e9couper en petites bouch\u00e9es de max 3 cm, hacher assez grossi\u00e8rement l&rsquo;oignon et l&rsquo;ail, la coriandre et le persil plat. Couper en petits d\u00e9s d&rsquo;environ 1 cm le [&hellip;]<\/p>\n","protected":false},"author":2,"featured_media":9022,"comment_status":"open","ping_status":"open","sticky":false,"template":"","format":"standard","meta":{"_monsterinsights_skip_tracking":false,"_monsterinsights_sitenote_active":false,"_monsterinsights_sitenote_note":"","_monsterinsights_sitenote_category":0,"ngg_post_thumbnail":0,"footnotes":""},"categories":[87,445,194],"tags":[],"class_list":["post-9020","post","type-post","status-publish","format-standard","has-post-thumbnail","hentry","category-gastronomie","category-jai-teste-pour-vous","category-recettes"],"yoast_head":"<!-- This site is optimized with the Yoast SEO plugin v27.4 - https:\/\/yoast.com\/product\/yoast-seo-wordpress\/ -->\n<title>Ma recette de coquillettes aux calamars mijot\u00e9s  - Christos Doulkeridis<\/title>\n<meta name=\"robots\" content=\"index, follow, max-snippet:-1, max-image-preview:large, max-video-preview:-1\" \/>\n<link rel=\"canonical\" href=\"https:\/\/www.doulkeridis.be\/blog\/2013\/04\/01\/ma-recette-de-coquillettes-aux-calamars-mijotes\/\" \/>\n<meta property=\"og:locale\" content=\"fr_FR\" \/>\n<meta property=\"og:type\" content=\"article\" \/>\n<meta property=\"og:title\" content=\"Ma recette de coquillettes aux calamars mijot\u00e9s  - Christos Doulkeridis\" \/>\n<meta property=\"og:description\" content=\"C&rsquo;est une de mes recettes d&rsquo;inspiration grecque.\u00a0Ce que j&rsquo;aime dans ce plat, c&rsquo;est son c\u00f4t\u00e9 go\u00fbtu et gourmand. Pouvoir le manger avec une cuill\u00e8re plut\u00f4t qu&rsquo;une fourchette et un couteau permet de bien rassembler tous les go\u00fbts en bouche.\u00a0Tous les ingr\u00e9dients sont donc d\u00e9coup\u00e9s \u00e0 taille de bouch\u00e9e.\u00a0Le calamar est peu utilis\u00e9 en Belgique. On le retrouve la plupart du temps frit, mais il constitue un produit merveilleux dans des plats un peu plus mijot\u00e9s. On en trouve dans les bonnes poissonneries et son co\u00fbt est tout \u00e0 fait raisonnable. Personnellement, je l&rsquo;ach\u00e8te rue Malibran. Ingr\u00e9dients : 2 calamars moyens nettoy\u00e9s (le poissonnier de la rue Malibran est super pour \u00e7a), 3 branches de\u00a0c\u00e9leri\u00a0 3 tomates fra\u00eeches \u00e9pluch\u00e9es ou une petite boite de chaire de tomates, 2 oignons moyens, 2 gousses d&rsquo;ail, un verre de vin blanc (facultatif), un peu de Noilly Pratt (facultatif), quelques branches de persil plat et de coriandre, 350 \u00e0 400 gr de p\u00e2tes coquillettes, sel, poivre, piments d&rsquo;espelette, huile d&rsquo;olive. Pr\u00e9paration : bien laver les calamars, les d\u00e9couper en petites bouch\u00e9es de max 3 cm, hacher assez grossi\u00e8rement l&rsquo;oignon et l&rsquo;ail, la coriandre et le persil plat. Couper en petits d\u00e9s d&rsquo;environ 1 cm le [&hellip;]\" \/>\n<meta property=\"og:url\" content=\"https:\/\/www.doulkeridis.be\/blog\/2013\/04\/01\/ma-recette-de-coquillettes-aux-calamars-mijotes\/\" \/>\n<meta property=\"og:site_name\" content=\"Christos Doulkeridis\" \/>\n<meta property=\"article:publisher\" content=\"https:\/\/www.facebook.com\/doulkeridis\" \/>\n<meta property=\"article:published_time\" content=\"2013-04-01T09:09:37+00:00\" \/>\n<meta property=\"og:image\" content=\"https:\/\/www.doulkeridis.be\/blog\/wp-content\/uploads\/2013\/04\/calamars2.jpg\" \/>\n\t<meta property=\"og:image:width\" content=\"306\" \/>\n\t<meta property=\"og:image:height\" content=\"306\" \/>\n\t<meta property=\"og:image:type\" content=\"image\/jpeg\" \/>\n<meta name=\"author\" content=\"Christos Doulkeridis\" \/>\n<meta name=\"twitter:card\" content=\"summary_large_image\" \/>\n<meta name=\"twitter:label1\" content=\"\u00c9crit par\" \/>\n\t<meta name=\"twitter:data1\" content=\"Christos Doulkeridis\" \/>\n\t<meta name=\"twitter:label2\" content=\"Dur\u00e9e de lecture estim\u00e9e\" \/>\n\t<meta name=\"twitter:data2\" content=\"2 minutes\" \/>\n<script type=\"application\/ld+json\" class=\"yoast-schema-graph\">{\"@context\":\"https:\\\/\\\/schema.org\",\"@graph\":[{\"@type\":\"Article\",\"@id\":\"https:\\\/\\\/www.doulkeridis.be\\\/blog\\\/2013\\\/04\\\/01\\\/ma-recette-de-coquillettes-aux-calamars-mijotes\\\/#article\",\"isPartOf\":{\"@id\":\"https:\\\/\\\/www.doulkeridis.be\\\/blog\\\/2013\\\/04\\\/01\\\/ma-recette-de-coquillettes-aux-calamars-mijotes\\\/\"},\"author\":{\"name\":\"Christos Doulkeridis\",\"@id\":\"https:\\\/\\\/www.doulkeridis.be\\\/blog\\\/#\\\/schema\\\/person\\\/9f03f3459f0a4ba4db02aabbba098365\"},\"headline\":\"Ma recette de coquillettes aux calamars mijot\u00e9s\",\"datePublished\":\"2013-04-01T09:09:37+00:00\",\"mainEntityOfPage\":{\"@id\":\"https:\\\/\\\/www.doulkeridis.be\\\/blog\\\/2013\\\/04\\\/01\\\/ma-recette-de-coquillettes-aux-calamars-mijotes\\\/\"},\"wordCount\":412,\"commentCount\":2,\"publisher\":{\"@id\":\"https:\\\/\\\/www.doulkeridis.be\\\/blog\\\/#organization\"},\"image\":{\"@id\":\"https:\\\/\\\/www.doulkeridis.be\\\/blog\\\/2013\\\/04\\\/01\\\/ma-recette-de-coquillettes-aux-calamars-mijotes\\\/#primaryimage\"},\"thumbnailUrl\":\"https:\\\/\\\/www.doulkeridis.be\\\/blog\\\/wp-content\\\/uploads\\\/2013\\\/04\\\/calamars2.jpg\",\"articleSection\":[\"Gastronomie\",\"J'ai test\u00e9 pour vous\",\"Mes recettes\"],\"inLanguage\":\"fr-FR\",\"potentialAction\":[{\"@type\":\"CommentAction\",\"name\":\"Comment\",\"target\":[\"https:\\\/\\\/www.doulkeridis.be\\\/blog\\\/2013\\\/04\\\/01\\\/ma-recette-de-coquillettes-aux-calamars-mijotes\\\/#respond\"]}]},{\"@type\":\"WebPage\",\"@id\":\"https:\\\/\\\/www.doulkeridis.be\\\/blog\\\/2013\\\/04\\\/01\\\/ma-recette-de-coquillettes-aux-calamars-mijotes\\\/\",\"url\":\"https:\\\/\\\/www.doulkeridis.be\\\/blog\\\/2013\\\/04\\\/01\\\/ma-recette-de-coquillettes-aux-calamars-mijotes\\\/\",\"name\":\"Ma recette de coquillettes aux calamars mijot\u00e9s - Christos Doulkeridis\",\"isPartOf\":{\"@id\":\"https:\\\/\\\/www.doulkeridis.be\\\/blog\\\/#website\"},\"primaryImageOfPage\":{\"@id\":\"https:\\\/\\\/www.doulkeridis.be\\\/blog\\\/2013\\\/04\\\/01\\\/ma-recette-de-coquillettes-aux-calamars-mijotes\\\/#primaryimage\"},\"image\":{\"@id\":\"https:\\\/\\\/www.doulkeridis.be\\\/blog\\\/2013\\\/04\\\/01\\\/ma-recette-de-coquillettes-aux-calamars-mijotes\\\/#primaryimage\"},\"thumbnailUrl\":\"https:\\\/\\\/www.doulkeridis.be\\\/blog\\\/wp-content\\\/uploads\\\/2013\\\/04\\\/calamars2.jpg\",\"datePublished\":\"2013-04-01T09:09:37+00:00\",\"breadcrumb\":{\"@id\":\"https:\\\/\\\/www.doulkeridis.be\\\/blog\\\/2013\\\/04\\\/01\\\/ma-recette-de-coquillettes-aux-calamars-mijotes\\\/#breadcrumb\"},\"inLanguage\":\"fr-FR\",\"potentialAction\":[{\"@type\":\"ReadAction\",\"target\":[\"https:\\\/\\\/www.doulkeridis.be\\\/blog\\\/2013\\\/04\\\/01\\\/ma-recette-de-coquillettes-aux-calamars-mijotes\\\/\"]}]},{\"@type\":\"ImageObject\",\"inLanguage\":\"fr-FR\",\"@id\":\"https:\\\/\\\/www.doulkeridis.be\\\/blog\\\/2013\\\/04\\\/01\\\/ma-recette-de-coquillettes-aux-calamars-mijotes\\\/#primaryimage\",\"url\":\"https:\\\/\\\/www.doulkeridis.be\\\/blog\\\/wp-content\\\/uploads\\\/2013\\\/04\\\/calamars2.jpg\",\"contentUrl\":\"https:\\\/\\\/www.doulkeridis.be\\\/blog\\\/wp-content\\\/uploads\\\/2013\\\/04\\\/calamars2.jpg\",\"width\":306,\"height\":306},{\"@type\":\"BreadcrumbList\",\"@id\":\"https:\\\/\\\/www.doulkeridis.be\\\/blog\\\/2013\\\/04\\\/01\\\/ma-recette-de-coquillettes-aux-calamars-mijotes\\\/#breadcrumb\",\"itemListElement\":[{\"@type\":\"ListItem\",\"position\":1,\"name\":\"Accueil\",\"item\":\"https:\\\/\\\/www.doulkeridis.be\\\/blog\\\/\"},{\"@type\":\"ListItem\",\"position\":2,\"name\":\"Ma recette de coquillettes aux calamars mijot\u00e9s\"}]},{\"@type\":\"WebSite\",\"@id\":\"https:\\\/\\\/www.doulkeridis.be\\\/blog\\\/#website\",\"url\":\"https:\\\/\\\/www.doulkeridis.be\\\/blog\\\/\",\"name\":\"Christos Doulkeridis\",\"description\":\"Coach | Consultant en solutions, gestion de crise, n\u00e9gociations\",\"publisher\":{\"@id\":\"https:\\\/\\\/www.doulkeridis.be\\\/blog\\\/#organization\"},\"potentialAction\":[{\"@type\":\"SearchAction\",\"target\":{\"@type\":\"EntryPoint\",\"urlTemplate\":\"https:\\\/\\\/www.doulkeridis.be\\\/blog\\\/?s={search_term_string}\"},\"query-input\":{\"@type\":\"PropertyValueSpecification\",\"valueRequired\":true,\"valueName\":\"search_term_string\"}}],\"inLanguage\":\"fr-FR\"},{\"@type\":\"Organization\",\"@id\":\"https:\\\/\\\/www.doulkeridis.be\\\/blog\\\/#organization\",\"name\":\"Ulyse\",\"url\":\"https:\\\/\\\/www.doulkeridis.be\\\/blog\\\/\",\"logo\":{\"@type\":\"ImageObject\",\"inLanguage\":\"fr-FR\",\"@id\":\"https:\\\/\\\/www.doulkeridis.be\\\/blog\\\/#\\\/schema\\\/logo\\\/image\\\/\",\"url\":\"https:\\\/\\\/www.doulkeridis.be\\\/blog\\\/wp-content\\\/uploads\\\/2026\\\/04\\\/2-5.png\",\"contentUrl\":\"https:\\\/\\\/www.doulkeridis.be\\\/blog\\\/wp-content\\\/uploads\\\/2026\\\/04\\\/2-5.png\",\"width\":1024,\"height\":728,\"caption\":\"Ulyse\"},\"image\":{\"@id\":\"https:\\\/\\\/www.doulkeridis.be\\\/blog\\\/#\\\/schema\\\/logo\\\/image\\\/\"},\"sameAs\":[\"https:\\\/\\\/www.facebook.com\\\/doulkeridis\",\"https:\\\/\\\/www.facebook.com\\\/christosdoulkeridis2\"]},{\"@type\":\"Person\",\"@id\":\"https:\\\/\\\/www.doulkeridis.be\\\/blog\\\/#\\\/schema\\\/person\\\/9f03f3459f0a4ba4db02aabbba098365\",\"name\":\"Christos Doulkeridis\",\"image\":{\"@type\":\"ImageObject\",\"inLanguage\":\"fr-FR\",\"@id\":\"https:\\\/\\\/secure.gravatar.com\\\/avatar\\\/71cb6e4369ca0615d93730ef3bc5f54642df4f6bcc59b92763d2ac434abf103e?s=96&d=mm&r=g\",\"url\":\"https:\\\/\\\/secure.gravatar.com\\\/avatar\\\/71cb6e4369ca0615d93730ef3bc5f54642df4f6bcc59b92763d2ac434abf103e?s=96&d=mm&r=g\",\"contentUrl\":\"https:\\\/\\\/secure.gravatar.com\\\/avatar\\\/71cb6e4369ca0615d93730ef3bc5f54642df4f6bcc59b92763d2ac434abf103e?s=96&d=mm&r=g\",\"caption\":\"Christos Doulkeridis\"},\"url\":\"https:\\\/\\\/www.doulkeridis.be\\\/blog\\\/author\\\/christos\\\/\"}]}<\/script>\n<!-- \/ Yoast SEO plugin. -->","yoast_head_json":{"title":"Ma recette de coquillettes aux calamars mijot\u00e9s  - Christos Doulkeridis","robots":{"index":"index","follow":"follow","max-snippet":"max-snippet:-1","max-image-preview":"max-image-preview:large","max-video-preview":"max-video-preview:-1"},"canonical":"https:\/\/www.doulkeridis.be\/blog\/2013\/04\/01\/ma-recette-de-coquillettes-aux-calamars-mijotes\/","og_locale":"fr_FR","og_type":"article","og_title":"Ma recette de coquillettes aux calamars mijot\u00e9s  - Christos Doulkeridis","og_description":"C&rsquo;est une de mes recettes d&rsquo;inspiration grecque.\u00a0Ce que j&rsquo;aime dans ce plat, c&rsquo;est son c\u00f4t\u00e9 go\u00fbtu et gourmand. Pouvoir le manger avec une cuill\u00e8re plut\u00f4t qu&rsquo;une fourchette et un couteau permet de bien rassembler tous les go\u00fbts en bouche.\u00a0Tous les ingr\u00e9dients sont donc d\u00e9coup\u00e9s \u00e0 taille de bouch\u00e9e.\u00a0Le calamar est peu utilis\u00e9 en Belgique. On le retrouve la plupart du temps frit, mais il constitue un produit merveilleux dans des plats un peu plus mijot\u00e9s. On en trouve dans les bonnes poissonneries et son co\u00fbt est tout \u00e0 fait raisonnable. Personnellement, je l&rsquo;ach\u00e8te rue Malibran. Ingr\u00e9dients : 2 calamars moyens nettoy\u00e9s (le poissonnier de la rue Malibran est super pour \u00e7a), 3 branches de\u00a0c\u00e9leri\u00a0 3 tomates fra\u00eeches \u00e9pluch\u00e9es ou une petite boite de chaire de tomates, 2 oignons moyens, 2 gousses d&rsquo;ail, un verre de vin blanc (facultatif), un peu de Noilly Pratt (facultatif), quelques branches de persil plat et de coriandre, 350 \u00e0 400 gr de p\u00e2tes coquillettes, sel, poivre, piments d&rsquo;espelette, huile d&rsquo;olive. Pr\u00e9paration : bien laver les calamars, les d\u00e9couper en petites bouch\u00e9es de max 3 cm, hacher assez grossi\u00e8rement l&rsquo;oignon et l&rsquo;ail, la coriandre et le persil plat. Couper en petits d\u00e9s d&rsquo;environ 1 cm le [&hellip;]","og_url":"https:\/\/www.doulkeridis.be\/blog\/2013\/04\/01\/ma-recette-de-coquillettes-aux-calamars-mijotes\/","og_site_name":"Christos Doulkeridis","article_publisher":"https:\/\/www.facebook.com\/doulkeridis","article_published_time":"2013-04-01T09:09:37+00:00","og_image":[{"width":306,"height":306,"url":"https:\/\/www.doulkeridis.be\/blog\/wp-content\/uploads\/2013\/04\/calamars2.jpg","type":"image\/jpeg"}],"author":"Christos Doulkeridis","twitter_card":"summary_large_image","twitter_misc":{"\u00c9crit par":"Christos Doulkeridis","Dur\u00e9e de lecture estim\u00e9e":"2 minutes"},"schema":{"@context":"https:\/\/schema.org","@graph":[{"@type":"Article","@id":"https:\/\/www.doulkeridis.be\/blog\/2013\/04\/01\/ma-recette-de-coquillettes-aux-calamars-mijotes\/#article","isPartOf":{"@id":"https:\/\/www.doulkeridis.be\/blog\/2013\/04\/01\/ma-recette-de-coquillettes-aux-calamars-mijotes\/"},"author":{"name":"Christos Doulkeridis","@id":"https:\/\/www.doulkeridis.be\/blog\/#\/schema\/person\/9f03f3459f0a4ba4db02aabbba098365"},"headline":"Ma recette de coquillettes aux calamars mijot\u00e9s","datePublished":"2013-04-01T09:09:37+00:00","mainEntityOfPage":{"@id":"https:\/\/www.doulkeridis.be\/blog\/2013\/04\/01\/ma-recette-de-coquillettes-aux-calamars-mijotes\/"},"wordCount":412,"commentCount":2,"publisher":{"@id":"https:\/\/www.doulkeridis.be\/blog\/#organization"},"image":{"@id":"https:\/\/www.doulkeridis.be\/blog\/2013\/04\/01\/ma-recette-de-coquillettes-aux-calamars-mijotes\/#primaryimage"},"thumbnailUrl":"https:\/\/www.doulkeridis.be\/blog\/wp-content\/uploads\/2013\/04\/calamars2.jpg","articleSection":["Gastronomie","J'ai test\u00e9 pour vous","Mes recettes"],"inLanguage":"fr-FR","potentialAction":[{"@type":"CommentAction","name":"Comment","target":["https:\/\/www.doulkeridis.be\/blog\/2013\/04\/01\/ma-recette-de-coquillettes-aux-calamars-mijotes\/#respond"]}]},{"@type":"WebPage","@id":"https:\/\/www.doulkeridis.be\/blog\/2013\/04\/01\/ma-recette-de-coquillettes-aux-calamars-mijotes\/","url":"https:\/\/www.doulkeridis.be\/blog\/2013\/04\/01\/ma-recette-de-coquillettes-aux-calamars-mijotes\/","name":"Ma recette de coquillettes aux calamars mijot\u00e9s - Christos Doulkeridis","isPartOf":{"@id":"https:\/\/www.doulkeridis.be\/blog\/#website"},"primaryImageOfPage":{"@id":"https:\/\/www.doulkeridis.be\/blog\/2013\/04\/01\/ma-recette-de-coquillettes-aux-calamars-mijotes\/#primaryimage"},"image":{"@id":"https:\/\/www.doulkeridis.be\/blog\/2013\/04\/01\/ma-recette-de-coquillettes-aux-calamars-mijotes\/#primaryimage"},"thumbnailUrl":"https:\/\/www.doulkeridis.be\/blog\/wp-content\/uploads\/2013\/04\/calamars2.jpg","datePublished":"2013-04-01T09:09:37+00:00","breadcrumb":{"@id":"https:\/\/www.doulkeridis.be\/blog\/2013\/04\/01\/ma-recette-de-coquillettes-aux-calamars-mijotes\/#breadcrumb"},"inLanguage":"fr-FR","potentialAction":[{"@type":"ReadAction","target":["https:\/\/www.doulkeridis.be\/blog\/2013\/04\/01\/ma-recette-de-coquillettes-aux-calamars-mijotes\/"]}]},{"@type":"ImageObject","inLanguage":"fr-FR","@id":"https:\/\/www.doulkeridis.be\/blog\/2013\/04\/01\/ma-recette-de-coquillettes-aux-calamars-mijotes\/#primaryimage","url":"https:\/\/www.doulkeridis.be\/blog\/wp-content\/uploads\/2013\/04\/calamars2.jpg","contentUrl":"https:\/\/www.doulkeridis.be\/blog\/wp-content\/uploads\/2013\/04\/calamars2.jpg","width":306,"height":306},{"@type":"BreadcrumbList","@id":"https:\/\/www.doulkeridis.be\/blog\/2013\/04\/01\/ma-recette-de-coquillettes-aux-calamars-mijotes\/#breadcrumb","itemListElement":[{"@type":"ListItem","position":1,"name":"Accueil","item":"https:\/\/www.doulkeridis.be\/blog\/"},{"@type":"ListItem","position":2,"name":"Ma recette de coquillettes aux calamars mijot\u00e9s"}]},{"@type":"WebSite","@id":"https:\/\/www.doulkeridis.be\/blog\/#website","url":"https:\/\/www.doulkeridis.be\/blog\/","name":"Christos Doulkeridis","description":"Coach | Consultant en solutions, gestion de crise, n\u00e9gociations","publisher":{"@id":"https:\/\/www.doulkeridis.be\/blog\/#organization"},"potentialAction":[{"@type":"SearchAction","target":{"@type":"EntryPoint","urlTemplate":"https:\/\/www.doulkeridis.be\/blog\/?s={search_term_string}"},"query-input":{"@type":"PropertyValueSpecification","valueRequired":true,"valueName":"search_term_string"}}],"inLanguage":"fr-FR"},{"@type":"Organization","@id":"https:\/\/www.doulkeridis.be\/blog\/#organization","name":"Ulyse","url":"https:\/\/www.doulkeridis.be\/blog\/","logo":{"@type":"ImageObject","inLanguage":"fr-FR","@id":"https:\/\/www.doulkeridis.be\/blog\/#\/schema\/logo\/image\/","url":"https:\/\/www.doulkeridis.be\/blog\/wp-content\/uploads\/2026\/04\/2-5.png","contentUrl":"https:\/\/www.doulkeridis.be\/blog\/wp-content\/uploads\/2026\/04\/2-5.png","width":1024,"height":728,"caption":"Ulyse"},"image":{"@id":"https:\/\/www.doulkeridis.be\/blog\/#\/schema\/logo\/image\/"},"sameAs":["https:\/\/www.facebook.com\/doulkeridis","https:\/\/www.facebook.com\/christosdoulkeridis2"]},{"@type":"Person","@id":"https:\/\/www.doulkeridis.be\/blog\/#\/schema\/person\/9f03f3459f0a4ba4db02aabbba098365","name":"Christos Doulkeridis","image":{"@type":"ImageObject","inLanguage":"fr-FR","@id":"https:\/\/secure.gravatar.com\/avatar\/71cb6e4369ca0615d93730ef3bc5f54642df4f6bcc59b92763d2ac434abf103e?s=96&d=mm&r=g","url":"https:\/\/secure.gravatar.com\/avatar\/71cb6e4369ca0615d93730ef3bc5f54642df4f6bcc59b92763d2ac434abf103e?s=96&d=mm&r=g","contentUrl":"https:\/\/secure.gravatar.com\/avatar\/71cb6e4369ca0615d93730ef3bc5f54642df4f6bcc59b92763d2ac434abf103e?s=96&d=mm&r=g","caption":"Christos Doulkeridis"},"url":"https:\/\/www.doulkeridis.be\/blog\/author\/christos\/"}]}},"_links":{"self":[{"href":"https:\/\/www.doulkeridis.be\/blog\/wp-json\/wp\/v2\/posts\/9020","targetHints":{"allow":["GET"]}}],"collection":[{"href":"https:\/\/www.doulkeridis.be\/blog\/wp-json\/wp\/v2\/posts"}],"about":[{"href":"https:\/\/www.doulkeridis.be\/blog\/wp-json\/wp\/v2\/types\/post"}],"author":[{"embeddable":true,"href":"https:\/\/www.doulkeridis.be\/blog\/wp-json\/wp\/v2\/users\/2"}],"replies":[{"embeddable":true,"href":"https:\/\/www.doulkeridis.be\/blog\/wp-json\/wp\/v2\/comments?post=9020"}],"version-history":[{"count":4,"href":"https:\/\/www.doulkeridis.be\/blog\/wp-json\/wp\/v2\/posts\/9020\/revisions"}],"predecessor-version":[{"id":9025,"href":"https:\/\/www.doulkeridis.be\/blog\/wp-json\/wp\/v2\/posts\/9020\/revisions\/9025"}],"wp:featuredmedia":[{"embeddable":true,"href":"https:\/\/www.doulkeridis.be\/blog\/wp-json\/wp\/v2\/media\/9022"}],"wp:attachment":[{"href":"https:\/\/www.doulkeridis.be\/blog\/wp-json\/wp\/v2\/media?parent=9020"}],"wp:term":[{"taxonomy":"category","embeddable":true,"href":"https:\/\/www.doulkeridis.be\/blog\/wp-json\/wp\/v2\/categories?post=9020"},{"taxonomy":"post_tag","embeddable":true,"href":"https:\/\/www.doulkeridis.be\/blog\/wp-json\/wp\/v2\/tags?post=9020"}],"curies":[{"name":"wp","href":"https:\/\/api.w.org\/{rel}","templated":true}]}}