{"id":9089,"date":"2013-04-15T17:25:18","date_gmt":"2013-04-15T16:25:18","guid":{"rendered":"http:\/\/www.doulkeridis.be\/blog\/?p=9089"},"modified":"2013-04-16T16:21:09","modified_gmt":"2013-04-16T15:21:09","slug":"derriere-les-fourneaux-pour-soutenir-le-televie","status":"publish","type":"post","link":"https:\/\/www.doulkeridis.be\/blog\/2013\/04\/15\/derriere-les-fourneaux-pour-soutenir-le-televie\/","title":{"rendered":"Derri\u00e8re les fourneaux pour soutenir le T\u00e9l\u00e9vie"},"content":{"rendered":"<p><a href=\"https:\/\/www.doulkeridis.be\/blog\/2013\/04\/15\/derriere-les-fourneaux-pour-soutenir-le-televie\/img_1261\/\" rel=\"attachment wp-att-9094\"><img loading=\"lazy\" decoding=\"async\" class=\"size-full wp-image-9094 alignnone\" alt=\"IMG_1261\" src=\"https:\/\/www.doulkeridis.be\/blog\/wp-content\/uploads\/2013\/04\/IMG_1261.jpg\" width=\"640\" height=\"480\" srcset=\"https:\/\/www.doulkeridis.be\/blog\/wp-content\/uploads\/2013\/04\/IMG_1261.jpg 640w, https:\/\/www.doulkeridis.be\/blog\/wp-content\/uploads\/2013\/04\/IMG_1261-300x225.jpg 300w\" sizes=\"auto, (max-width: 640px) 100vw, 640px\" \/><\/a><\/p>\n<p>&nbsp;<\/p>\n<p>Pour le plaisir des papilles mais aussi pour soutenir le T\u00e9l\u00e9vie, je me suis retrouv\u00e9 hier derri\u00e8re les fourneaux avec une \u00e9quipe de top chefs pas comme les autres. Entour\u00e9 de Christine Defraigne, Muriel Targnion, Maxime Pr\u00e9vot et Olivier Maingain, j&rsquo;ai eu le plaisir de participer \u00e0 une initiative tr\u00e8s sympathique de RTL TVI dans le cadre des 25 ans du T\u00e9l\u00e9vie.<\/p>\n<p>Le temps d&rsquo;une soir\u00e9e, mes coll\u00e8gues femmes et hommes politiques et moi-m\u00eame avons pris place dans l&rsquo;atelier d&rsquo;Yves Matagne pour participer \u00e0 une version revisit\u00e9e de la c\u00e9l\u00e8bre \u00e9mission Top Chef. Cinq pr\u00e9sidents de parti second\u00e9s par une \u00e9quipe de chefs issus d&rsquo;autres formations politiques ont mijot\u00e9s des petits plats pour la grande cause. Nous avions trois heures pour r\u00e9aliser un menu gastronomique complet pour 150 g\u00e9n\u00e9reux convives qui a permis de r\u00e9colter des dons pour la recherche contre le cancer et la leuc\u00e9mie.<\/p>\n<p>C&rsquo;est donc pour la bonne cause que j&rsquo;ai enfil\u00e9 mon tablier afin de pr\u00e9parer des mets succulents sous le regard vigilant d&rsquo;Yves Matagne, Thierry Marx, Sabrina Jacobs et St\u00e9phane Rottenberg. Vous pourrez d\u00e9couvrir de larges extraits de cette excellente initiative le 20 avril sur RTL TVI.<br \/>\n<iframe loading=\"lazy\" title=\"TopChef_Te\u0301le\u0301vie\" width=\"500\" height=\"281\" src=\"https:\/\/www.youtube.com\/embed\/KpeIGsJLKlI?feature=oembed\" frameborder=\"0\" allow=\"accelerometer; autoplay; clipboard-write; encrypted-media; gyroscope; picture-in-picture; web-share\" referrerpolicy=\"strict-origin-when-cross-origin\" allowfullscreen><\/iframe><\/p>\n","protected":false},"excerpt":{"rendered":"<p>&nbsp; Pour le plaisir des papilles mais aussi pour soutenir le T\u00e9l\u00e9vie, je me suis retrouv\u00e9 hier derri\u00e8re les fourneaux avec une \u00e9quipe de top chefs pas comme les autres. Entour\u00e9 de Christine Defraigne, Muriel Targnion, Maxime Pr\u00e9vot et Olivier Maingain, j&rsquo;ai eu le plaisir de participer \u00e0 une initiative tr\u00e8s sympathique de RTL TVI dans le cadre des 25 ans du T\u00e9l\u00e9vie. Le temps d&rsquo;une soir\u00e9e, mes coll\u00e8gues femmes et hommes politiques et moi-m\u00eame avons pris place dans l&rsquo;atelier d&rsquo;Yves Matagne pour participer \u00e0 une version revisit\u00e9e de la c\u00e9l\u00e8bre \u00e9mission Top Chef. Cinq pr\u00e9sidents de parti second\u00e9s par une \u00e9quipe de chefs issus d&rsquo;autres formations politiques ont mijot\u00e9s des petits plats pour la grande cause. Nous avions trois heures pour r\u00e9aliser un menu gastronomique complet pour 150 g\u00e9n\u00e9reux convives qui a permis de r\u00e9colter des dons pour la recherche contre le cancer et la leuc\u00e9mie. C&rsquo;est donc pour la bonne cause que j&rsquo;ai enfil\u00e9 mon tablier afin de pr\u00e9parer des mets succulents sous le regard vigilant d&rsquo;Yves Matagne, Thierry Marx, Sabrina Jacobs et St\u00e9phane Rottenberg. Vous pourrez d\u00e9couvrir de larges extraits de cette excellente initiative le 20 avril sur RTL TVI.<\/p>\n","protected":false},"author":2,"featured_media":9094,"comment_status":"open","ping_status":"open","sticky":false,"template":"","format":"standard","meta":{"_monsterinsights_skip_tracking":false,"_monsterinsights_sitenote_active":false,"_monsterinsights_sitenote_note":"","_monsterinsights_sitenote_category":0,"ngg_post_thumbnail":0,"footnotes":""},"categories":[459,246],"tags":[555,554,556],"class_list":["post-9089","post","type-post","status-publish","format-standard","has-post-thumbnail","hentry","category-medias-2","category-sensibilisation","tag-cuisine","tag-televie","tag-top-chef"],"yoast_head":"<!-- This site is optimized with the Yoast SEO plugin v27.4 - https:\/\/yoast.com\/product\/yoast-seo-wordpress\/ -->\n<title>Derri\u00e8re les fourneaux pour soutenir le T\u00e9l\u00e9vie - Christos Doulkeridis<\/title>\n<meta name=\"robots\" content=\"index, follow, max-snippet:-1, max-image-preview:large, max-video-preview:-1\" \/>\n<link rel=\"canonical\" href=\"https:\/\/www.doulkeridis.be\/blog\/2013\/04\/15\/derriere-les-fourneaux-pour-soutenir-le-televie\/\" \/>\n<meta property=\"og:locale\" content=\"fr_FR\" \/>\n<meta property=\"og:type\" content=\"article\" \/>\n<meta property=\"og:title\" content=\"Derri\u00e8re les fourneaux pour soutenir le T\u00e9l\u00e9vie - Christos Doulkeridis\" \/>\n<meta property=\"og:description\" content=\"&nbsp; Pour le plaisir des papilles mais aussi pour soutenir le T\u00e9l\u00e9vie, je me suis retrouv\u00e9 hier derri\u00e8re les fourneaux avec une \u00e9quipe de top chefs pas comme les autres. Entour\u00e9 de Christine Defraigne, Muriel Targnion, Maxime Pr\u00e9vot et Olivier Maingain, j&rsquo;ai eu le plaisir de participer \u00e0 une initiative tr\u00e8s sympathique de RTL TVI dans le cadre des 25 ans du T\u00e9l\u00e9vie. Le temps d&rsquo;une soir\u00e9e, mes coll\u00e8gues femmes et hommes politiques et moi-m\u00eame avons pris place dans l&rsquo;atelier d&rsquo;Yves Matagne pour participer \u00e0 une version revisit\u00e9e de la c\u00e9l\u00e8bre \u00e9mission Top Chef. Cinq pr\u00e9sidents de parti second\u00e9s par une \u00e9quipe de chefs issus d&rsquo;autres formations politiques ont mijot\u00e9s des petits plats pour la grande cause. Nous avions trois heures pour r\u00e9aliser un menu gastronomique complet pour 150 g\u00e9n\u00e9reux convives qui a permis de r\u00e9colter des dons pour la recherche contre le cancer et la leuc\u00e9mie. C&rsquo;est donc pour la bonne cause que j&rsquo;ai enfil\u00e9 mon tablier afin de pr\u00e9parer des mets succulents sous le regard vigilant d&rsquo;Yves Matagne, Thierry Marx, Sabrina Jacobs et St\u00e9phane Rottenberg. Vous pourrez d\u00e9couvrir de larges extraits de cette excellente initiative le 20 avril sur RTL TVI.\" \/>\n<meta property=\"og:url\" content=\"https:\/\/www.doulkeridis.be\/blog\/2013\/04\/15\/derriere-les-fourneaux-pour-soutenir-le-televie\/\" \/>\n<meta property=\"og:site_name\" content=\"Christos Doulkeridis\" \/>\n<meta property=\"article:publisher\" content=\"https:\/\/www.facebook.com\/doulkeridis\" \/>\n<meta property=\"article:published_time\" content=\"2013-04-15T16:25:18+00:00\" \/>\n<meta property=\"article:modified_time\" content=\"2013-04-16T15:21:09+00:00\" \/>\n<meta property=\"og:image\" content=\"https:\/\/www.doulkeridis.be\/blog\/wp-content\/uploads\/2013\/04\/IMG_1261.jpg\" \/>\n\t<meta property=\"og:image:width\" content=\"640\" \/>\n\t<meta property=\"og:image:height\" content=\"480\" \/>\n\t<meta property=\"og:image:type\" content=\"image\/jpeg\" \/>\n<meta name=\"author\" content=\"Christos Doulkeridis\" \/>\n<meta name=\"twitter:card\" content=\"summary_large_image\" \/>\n<meta name=\"twitter:label1\" content=\"\u00c9crit par\" \/>\n\t<meta name=\"twitter:data1\" content=\"Christos Doulkeridis\" \/>\n\t<meta name=\"twitter:label2\" content=\"Dur\u00e9e de lecture estim\u00e9e\" \/>\n\t<meta name=\"twitter:data2\" content=\"1 minute\" \/>\n<script type=\"application\/ld+json\" class=\"yoast-schema-graph\">{\"@context\":\"https:\\\/\\\/schema.org\",\"@graph\":[{\"@type\":\"Article\",\"@id\":\"https:\\\/\\\/www.doulkeridis.be\\\/blog\\\/2013\\\/04\\\/15\\\/derriere-les-fourneaux-pour-soutenir-le-televie\\\/#article\",\"isPartOf\":{\"@id\":\"https:\\\/\\\/www.doulkeridis.be\\\/blog\\\/2013\\\/04\\\/15\\\/derriere-les-fourneaux-pour-soutenir-le-televie\\\/\"},\"author\":{\"name\":\"Christos Doulkeridis\",\"@id\":\"https:\\\/\\\/www.doulkeridis.be\\\/blog\\\/#\\\/schema\\\/person\\\/9f03f3459f0a4ba4db02aabbba098365\"},\"headline\":\"Derri\u00e8re les fourneaux pour soutenir le T\u00e9l\u00e9vie\",\"datePublished\":\"2013-04-15T16:25:18+00:00\",\"dateModified\":\"2013-04-16T15:21:09+00:00\",\"mainEntityOfPage\":{\"@id\":\"https:\\\/\\\/www.doulkeridis.be\\\/blog\\\/2013\\\/04\\\/15\\\/derriere-les-fourneaux-pour-soutenir-le-televie\\\/\"},\"wordCount\":234,\"commentCount\":0,\"publisher\":{\"@id\":\"https:\\\/\\\/www.doulkeridis.be\\\/blog\\\/#organization\"},\"image\":{\"@id\":\"https:\\\/\\\/www.doulkeridis.be\\\/blog\\\/2013\\\/04\\\/15\\\/derriere-les-fourneaux-pour-soutenir-le-televie\\\/#primaryimage\"},\"thumbnailUrl\":\"https:\\\/\\\/www.doulkeridis.be\\\/blog\\\/wp-content\\\/uploads\\\/2013\\\/04\\\/IMG_1261.jpg\",\"keywords\":[\"cuisine\",\"T\u00e9l\u00e9vie\",\"Top chef\"],\"articleSection\":[\"M\u00e9dias\",\"Sensibilisation\"],\"inLanguage\":\"fr-FR\",\"potentialAction\":[{\"@type\":\"CommentAction\",\"name\":\"Comment\",\"target\":[\"https:\\\/\\\/www.doulkeridis.be\\\/blog\\\/2013\\\/04\\\/15\\\/derriere-les-fourneaux-pour-soutenir-le-televie\\\/#respond\"]}]},{\"@type\":\"WebPage\",\"@id\":\"https:\\\/\\\/www.doulkeridis.be\\\/blog\\\/2013\\\/04\\\/15\\\/derriere-les-fourneaux-pour-soutenir-le-televie\\\/\",\"url\":\"https:\\\/\\\/www.doulkeridis.be\\\/blog\\\/2013\\\/04\\\/15\\\/derriere-les-fourneaux-pour-soutenir-le-televie\\\/\",\"name\":\"Derri\u00e8re les fourneaux pour soutenir le T\u00e9l\u00e9vie - Christos Doulkeridis\",\"isPartOf\":{\"@id\":\"https:\\\/\\\/www.doulkeridis.be\\\/blog\\\/#website\"},\"primaryImageOfPage\":{\"@id\":\"https:\\\/\\\/www.doulkeridis.be\\\/blog\\\/2013\\\/04\\\/15\\\/derriere-les-fourneaux-pour-soutenir-le-televie\\\/#primaryimage\"},\"image\":{\"@id\":\"https:\\\/\\\/www.doulkeridis.be\\\/blog\\\/2013\\\/04\\\/15\\\/derriere-les-fourneaux-pour-soutenir-le-televie\\\/#primaryimage\"},\"thumbnailUrl\":\"https:\\\/\\\/www.doulkeridis.be\\\/blog\\\/wp-content\\\/uploads\\\/2013\\\/04\\\/IMG_1261.jpg\",\"datePublished\":\"2013-04-15T16:25:18+00:00\",\"dateModified\":\"2013-04-16T15:21:09+00:00\",\"breadcrumb\":{\"@id\":\"https:\\\/\\\/www.doulkeridis.be\\\/blog\\\/2013\\\/04\\\/15\\\/derriere-les-fourneaux-pour-soutenir-le-televie\\\/#breadcrumb\"},\"inLanguage\":\"fr-FR\",\"potentialAction\":[{\"@type\":\"ReadAction\",\"target\":[\"https:\\\/\\\/www.doulkeridis.be\\\/blog\\\/2013\\\/04\\\/15\\\/derriere-les-fourneaux-pour-soutenir-le-televie\\\/\"]}]},{\"@type\":\"ImageObject\",\"inLanguage\":\"fr-FR\",\"@id\":\"https:\\\/\\\/www.doulkeridis.be\\\/blog\\\/2013\\\/04\\\/15\\\/derriere-les-fourneaux-pour-soutenir-le-televie\\\/#primaryimage\",\"url\":\"https:\\\/\\\/www.doulkeridis.be\\\/blog\\\/wp-content\\\/uploads\\\/2013\\\/04\\\/IMG_1261.jpg\",\"contentUrl\":\"https:\\\/\\\/www.doulkeridis.be\\\/blog\\\/wp-content\\\/uploads\\\/2013\\\/04\\\/IMG_1261.jpg\",\"width\":640,\"height\":480},{\"@type\":\"BreadcrumbList\",\"@id\":\"https:\\\/\\\/www.doulkeridis.be\\\/blog\\\/2013\\\/04\\\/15\\\/derriere-les-fourneaux-pour-soutenir-le-televie\\\/#breadcrumb\",\"itemListElement\":[{\"@type\":\"ListItem\",\"position\":1,\"name\":\"Accueil\",\"item\":\"https:\\\/\\\/www.doulkeridis.be\\\/blog\\\/\"},{\"@type\":\"ListItem\",\"position\":2,\"name\":\"Derri\u00e8re les fourneaux pour soutenir le T\u00e9l\u00e9vie\"}]},{\"@type\":\"WebSite\",\"@id\":\"https:\\\/\\\/www.doulkeridis.be\\\/blog\\\/#website\",\"url\":\"https:\\\/\\\/www.doulkeridis.be\\\/blog\\\/\",\"name\":\"Christos Doulkeridis\",\"description\":\"Coach | Consultant en solutions, gestion de crise, n\u00e9gociations\",\"publisher\":{\"@id\":\"https:\\\/\\\/www.doulkeridis.be\\\/blog\\\/#organization\"},\"potentialAction\":[{\"@type\":\"SearchAction\",\"target\":{\"@type\":\"EntryPoint\",\"urlTemplate\":\"https:\\\/\\\/www.doulkeridis.be\\\/blog\\\/?s={search_term_string}\"},\"query-input\":{\"@type\":\"PropertyValueSpecification\",\"valueRequired\":true,\"valueName\":\"search_term_string\"}}],\"inLanguage\":\"fr-FR\"},{\"@type\":\"Organization\",\"@id\":\"https:\\\/\\\/www.doulkeridis.be\\\/blog\\\/#organization\",\"name\":\"Ulyse\",\"url\":\"https:\\\/\\\/www.doulkeridis.be\\\/blog\\\/\",\"logo\":{\"@type\":\"ImageObject\",\"inLanguage\":\"fr-FR\",\"@id\":\"https:\\\/\\\/www.doulkeridis.be\\\/blog\\\/#\\\/schema\\\/logo\\\/image\\\/\",\"url\":\"https:\\\/\\\/www.doulkeridis.be\\\/blog\\\/wp-content\\\/uploads\\\/2026\\\/04\\\/2-5.png\",\"contentUrl\":\"https:\\\/\\\/www.doulkeridis.be\\\/blog\\\/wp-content\\\/uploads\\\/2026\\\/04\\\/2-5.png\",\"width\":1024,\"height\":728,\"caption\":\"Ulyse\"},\"image\":{\"@id\":\"https:\\\/\\\/www.doulkeridis.be\\\/blog\\\/#\\\/schema\\\/logo\\\/image\\\/\"},\"sameAs\":[\"https:\\\/\\\/www.facebook.com\\\/doulkeridis\",\"https:\\\/\\\/www.facebook.com\\\/christosdoulkeridis2\"]},{\"@type\":\"Person\",\"@id\":\"https:\\\/\\\/www.doulkeridis.be\\\/blog\\\/#\\\/schema\\\/person\\\/9f03f3459f0a4ba4db02aabbba098365\",\"name\":\"Christos Doulkeridis\",\"image\":{\"@type\":\"ImageObject\",\"inLanguage\":\"fr-FR\",\"@id\":\"https:\\\/\\\/secure.gravatar.com\\\/avatar\\\/71cb6e4369ca0615d93730ef3bc5f54642df4f6bcc59b92763d2ac434abf103e?s=96&d=mm&r=g\",\"url\":\"https:\\\/\\\/secure.gravatar.com\\\/avatar\\\/71cb6e4369ca0615d93730ef3bc5f54642df4f6bcc59b92763d2ac434abf103e?s=96&d=mm&r=g\",\"contentUrl\":\"https:\\\/\\\/secure.gravatar.com\\\/avatar\\\/71cb6e4369ca0615d93730ef3bc5f54642df4f6bcc59b92763d2ac434abf103e?s=96&d=mm&r=g\",\"caption\":\"Christos Doulkeridis\"},\"url\":\"https:\\\/\\\/www.doulkeridis.be\\\/blog\\\/author\\\/christos\\\/\"}]}<\/script>\n<!-- \/ Yoast SEO plugin. -->","yoast_head_json":{"title":"Derri\u00e8re les fourneaux pour soutenir le T\u00e9l\u00e9vie - Christos Doulkeridis","robots":{"index":"index","follow":"follow","max-snippet":"max-snippet:-1","max-image-preview":"max-image-preview:large","max-video-preview":"max-video-preview:-1"},"canonical":"https:\/\/www.doulkeridis.be\/blog\/2013\/04\/15\/derriere-les-fourneaux-pour-soutenir-le-televie\/","og_locale":"fr_FR","og_type":"article","og_title":"Derri\u00e8re les fourneaux pour soutenir le T\u00e9l\u00e9vie - Christos Doulkeridis","og_description":"&nbsp; Pour le plaisir des papilles mais aussi pour soutenir le T\u00e9l\u00e9vie, je me suis retrouv\u00e9 hier derri\u00e8re les fourneaux avec une \u00e9quipe de top chefs pas comme les autres. Entour\u00e9 de Christine Defraigne, Muriel Targnion, Maxime Pr\u00e9vot et Olivier Maingain, j&rsquo;ai eu le plaisir de participer \u00e0 une initiative tr\u00e8s sympathique de RTL TVI dans le cadre des 25 ans du T\u00e9l\u00e9vie. Le temps d&rsquo;une soir\u00e9e, mes coll\u00e8gues femmes et hommes politiques et moi-m\u00eame avons pris place dans l&rsquo;atelier d&rsquo;Yves Matagne pour participer \u00e0 une version revisit\u00e9e de la c\u00e9l\u00e8bre \u00e9mission Top Chef. Cinq pr\u00e9sidents de parti second\u00e9s par une \u00e9quipe de chefs issus d&rsquo;autres formations politiques ont mijot\u00e9s des petits plats pour la grande cause. Nous avions trois heures pour r\u00e9aliser un menu gastronomique complet pour 150 g\u00e9n\u00e9reux convives qui a permis de r\u00e9colter des dons pour la recherche contre le cancer et la leuc\u00e9mie. C&rsquo;est donc pour la bonne cause que j&rsquo;ai enfil\u00e9 mon tablier afin de pr\u00e9parer des mets succulents sous le regard vigilant d&rsquo;Yves Matagne, Thierry Marx, Sabrina Jacobs et St\u00e9phane Rottenberg. Vous pourrez d\u00e9couvrir de larges extraits de cette excellente initiative le 20 avril sur RTL TVI.","og_url":"https:\/\/www.doulkeridis.be\/blog\/2013\/04\/15\/derriere-les-fourneaux-pour-soutenir-le-televie\/","og_site_name":"Christos Doulkeridis","article_publisher":"https:\/\/www.facebook.com\/doulkeridis","article_published_time":"2013-04-15T16:25:18+00:00","article_modified_time":"2013-04-16T15:21:09+00:00","og_image":[{"width":640,"height":480,"url":"https:\/\/www.doulkeridis.be\/blog\/wp-content\/uploads\/2013\/04\/IMG_1261.jpg","type":"image\/jpeg"}],"author":"Christos Doulkeridis","twitter_card":"summary_large_image","twitter_misc":{"\u00c9crit par":"Christos Doulkeridis","Dur\u00e9e de lecture estim\u00e9e":"1 minute"},"schema":{"@context":"https:\/\/schema.org","@graph":[{"@type":"Article","@id":"https:\/\/www.doulkeridis.be\/blog\/2013\/04\/15\/derriere-les-fourneaux-pour-soutenir-le-televie\/#article","isPartOf":{"@id":"https:\/\/www.doulkeridis.be\/blog\/2013\/04\/15\/derriere-les-fourneaux-pour-soutenir-le-televie\/"},"author":{"name":"Christos Doulkeridis","@id":"https:\/\/www.doulkeridis.be\/blog\/#\/schema\/person\/9f03f3459f0a4ba4db02aabbba098365"},"headline":"Derri\u00e8re les fourneaux pour soutenir le T\u00e9l\u00e9vie","datePublished":"2013-04-15T16:25:18+00:00","dateModified":"2013-04-16T15:21:09+00:00","mainEntityOfPage":{"@id":"https:\/\/www.doulkeridis.be\/blog\/2013\/04\/15\/derriere-les-fourneaux-pour-soutenir-le-televie\/"},"wordCount":234,"commentCount":0,"publisher":{"@id":"https:\/\/www.doulkeridis.be\/blog\/#organization"},"image":{"@id":"https:\/\/www.doulkeridis.be\/blog\/2013\/04\/15\/derriere-les-fourneaux-pour-soutenir-le-televie\/#primaryimage"},"thumbnailUrl":"https:\/\/www.doulkeridis.be\/blog\/wp-content\/uploads\/2013\/04\/IMG_1261.jpg","keywords":["cuisine","T\u00e9l\u00e9vie","Top chef"],"articleSection":["M\u00e9dias","Sensibilisation"],"inLanguage":"fr-FR","potentialAction":[{"@type":"CommentAction","name":"Comment","target":["https:\/\/www.doulkeridis.be\/blog\/2013\/04\/15\/derriere-les-fourneaux-pour-soutenir-le-televie\/#respond"]}]},{"@type":"WebPage","@id":"https:\/\/www.doulkeridis.be\/blog\/2013\/04\/15\/derriere-les-fourneaux-pour-soutenir-le-televie\/","url":"https:\/\/www.doulkeridis.be\/blog\/2013\/04\/15\/derriere-les-fourneaux-pour-soutenir-le-televie\/","name":"Derri\u00e8re les fourneaux pour soutenir le T\u00e9l\u00e9vie - Christos Doulkeridis","isPartOf":{"@id":"https:\/\/www.doulkeridis.be\/blog\/#website"},"primaryImageOfPage":{"@id":"https:\/\/www.doulkeridis.be\/blog\/2013\/04\/15\/derriere-les-fourneaux-pour-soutenir-le-televie\/#primaryimage"},"image":{"@id":"https:\/\/www.doulkeridis.be\/blog\/2013\/04\/15\/derriere-les-fourneaux-pour-soutenir-le-televie\/#primaryimage"},"thumbnailUrl":"https:\/\/www.doulkeridis.be\/blog\/wp-content\/uploads\/2013\/04\/IMG_1261.jpg","datePublished":"2013-04-15T16:25:18+00:00","dateModified":"2013-04-16T15:21:09+00:00","breadcrumb":{"@id":"https:\/\/www.doulkeridis.be\/blog\/2013\/04\/15\/derriere-les-fourneaux-pour-soutenir-le-televie\/#breadcrumb"},"inLanguage":"fr-FR","potentialAction":[{"@type":"ReadAction","target":["https:\/\/www.doulkeridis.be\/blog\/2013\/04\/15\/derriere-les-fourneaux-pour-soutenir-le-televie\/"]}]},{"@type":"ImageObject","inLanguage":"fr-FR","@id":"https:\/\/www.doulkeridis.be\/blog\/2013\/04\/15\/derriere-les-fourneaux-pour-soutenir-le-televie\/#primaryimage","url":"https:\/\/www.doulkeridis.be\/blog\/wp-content\/uploads\/2013\/04\/IMG_1261.jpg","contentUrl":"https:\/\/www.doulkeridis.be\/blog\/wp-content\/uploads\/2013\/04\/IMG_1261.jpg","width":640,"height":480},{"@type":"BreadcrumbList","@id":"https:\/\/www.doulkeridis.be\/blog\/2013\/04\/15\/derriere-les-fourneaux-pour-soutenir-le-televie\/#breadcrumb","itemListElement":[{"@type":"ListItem","position":1,"name":"Accueil","item":"https:\/\/www.doulkeridis.be\/blog\/"},{"@type":"ListItem","position":2,"name":"Derri\u00e8re les fourneaux pour soutenir le T\u00e9l\u00e9vie"}]},{"@type":"WebSite","@id":"https:\/\/www.doulkeridis.be\/blog\/#website","url":"https:\/\/www.doulkeridis.be\/blog\/","name":"Christos Doulkeridis","description":"Coach | Consultant en solutions, gestion de crise, n\u00e9gociations","publisher":{"@id":"https:\/\/www.doulkeridis.be\/blog\/#organization"},"potentialAction":[{"@type":"SearchAction","target":{"@type":"EntryPoint","urlTemplate":"https:\/\/www.doulkeridis.be\/blog\/?s={search_term_string}"},"query-input":{"@type":"PropertyValueSpecification","valueRequired":true,"valueName":"search_term_string"}}],"inLanguage":"fr-FR"},{"@type":"Organization","@id":"https:\/\/www.doulkeridis.be\/blog\/#organization","name":"Ulyse","url":"https:\/\/www.doulkeridis.be\/blog\/","logo":{"@type":"ImageObject","inLanguage":"fr-FR","@id":"https:\/\/www.doulkeridis.be\/blog\/#\/schema\/logo\/image\/","url":"https:\/\/www.doulkeridis.be\/blog\/wp-content\/uploads\/2026\/04\/2-5.png","contentUrl":"https:\/\/www.doulkeridis.be\/blog\/wp-content\/uploads\/2026\/04\/2-5.png","width":1024,"height":728,"caption":"Ulyse"},"image":{"@id":"https:\/\/www.doulkeridis.be\/blog\/#\/schema\/logo\/image\/"},"sameAs":["https:\/\/www.facebook.com\/doulkeridis","https:\/\/www.facebook.com\/christosdoulkeridis2"]},{"@type":"Person","@id":"https:\/\/www.doulkeridis.be\/blog\/#\/schema\/person\/9f03f3459f0a4ba4db02aabbba098365","name":"Christos Doulkeridis","image":{"@type":"ImageObject","inLanguage":"fr-FR","@id":"https:\/\/secure.gravatar.com\/avatar\/71cb6e4369ca0615d93730ef3bc5f54642df4f6bcc59b92763d2ac434abf103e?s=96&d=mm&r=g","url":"https:\/\/secure.gravatar.com\/avatar\/71cb6e4369ca0615d93730ef3bc5f54642df4f6bcc59b92763d2ac434abf103e?s=96&d=mm&r=g","contentUrl":"https:\/\/secure.gravatar.com\/avatar\/71cb6e4369ca0615d93730ef3bc5f54642df4f6bcc59b92763d2ac434abf103e?s=96&d=mm&r=g","caption":"Christos Doulkeridis"},"url":"https:\/\/www.doulkeridis.be\/blog\/author\/christos\/"}]}},"_links":{"self":[{"href":"https:\/\/www.doulkeridis.be\/blog\/wp-json\/wp\/v2\/posts\/9089","targetHints":{"allow":["GET"]}}],"collection":[{"href":"https:\/\/www.doulkeridis.be\/blog\/wp-json\/wp\/v2\/posts"}],"about":[{"href":"https:\/\/www.doulkeridis.be\/blog\/wp-json\/wp\/v2\/types\/post"}],"author":[{"embeddable":true,"href":"https:\/\/www.doulkeridis.be\/blog\/wp-json\/wp\/v2\/users\/2"}],"replies":[{"embeddable":true,"href":"https:\/\/www.doulkeridis.be\/blog\/wp-json\/wp\/v2\/comments?post=9089"}],"version-history":[{"count":10,"href":"https:\/\/www.doulkeridis.be\/blog\/wp-json\/wp\/v2\/posts\/9089\/revisions"}],"predecessor-version":[{"id":9114,"href":"https:\/\/www.doulkeridis.be\/blog\/wp-json\/wp\/v2\/posts\/9089\/revisions\/9114"}],"wp:featuredmedia":[{"embeddable":true,"href":"https:\/\/www.doulkeridis.be\/blog\/wp-json\/wp\/v2\/media\/9094"}],"wp:attachment":[{"href":"https:\/\/www.doulkeridis.be\/blog\/wp-json\/wp\/v2\/media?parent=9089"}],"wp:term":[{"taxonomy":"category","embeddable":true,"href":"https:\/\/www.doulkeridis.be\/blog\/wp-json\/wp\/v2\/categories?post=9089"},{"taxonomy":"post_tag","embeddable":true,"href":"https:\/\/www.doulkeridis.be\/blog\/wp-json\/wp\/v2\/tags?post=9089"}],"curies":[{"name":"wp","href":"https:\/\/api.w.org\/{rel}","templated":true}]}}