{"id":9316,"date":"2013-05-17T16:34:01","date_gmt":"2013-05-17T15:34:01","guid":{"rendered":"http:\/\/www.doulkeridis.be\/blog\/?p=9316"},"modified":"2013-09-04T14:52:56","modified_gmt":"2013-09-04T13:52:56","slug":"la-pride-met-les-rainbouw-families-a-lhonneur","status":"publish","type":"post","link":"https:\/\/www.doulkeridis.be\/blog\/2013\/05\/17\/la-pride-met-les-rainbouw-families-a-lhonneur\/","title":{"rendered":"La Pride met les \u00ab\u00a0Rainbow families\u00a0\u00bb \u00e0 l&rsquo;honneur"},"content":{"rendered":"<p><a href=\"https:\/\/www.doulkeridis.be\/blog\/wp-content\/uploads\/2013\/05\/DSC_0049.jpg\"><img loading=\"lazy\" decoding=\"async\" class=\"alignleft size-medium wp-image-9317\" alt=\"DSC_0049\" src=\"https:\/\/www.doulkeridis.be\/blog\/wp-content\/uploads\/2013\/05\/DSC_0049-300x200.jpg\" width=\"300\" height=\"200\" srcset=\"https:\/\/www.doulkeridis.be\/blog\/wp-content\/uploads\/2013\/05\/DSC_0049-300x200.jpg 300w, https:\/\/www.doulkeridis.be\/blog\/wp-content\/uploads\/2013\/05\/DSC_0049-1024x685.jpg 1024w\" sizes=\"auto, (max-width: 300px) 100vw, 300px\" \/><\/a>La 18e \u00e9dition de la Belgian Pride se tiendra demain. Cette ann\u00e9e, elle a choisi comme th\u00e9matique\u00a0 les \u00ab\u00a0Rainbow families\u00a0\u00bb.\u00a0 Il est important en effet de mettre en lumi\u00e8re la diversit\u00e9 n\u00e9e de l\u2019ouverture du mariage et de l\u2019adoption aux couples du m\u00eame sexe. Les Rainbow families sont le fruit et le reflet de la diversit\u00e9 et de l\u2019ouverture de notre pays.<\/p>\n<p>D\u2019ailleurs, comme vous le savez, cette ann\u00e9e, la Belgique f\u00eate deux anniversaires pour le moins symboliques\u00a0: les 10 ans de l\u2019ouverture du mariage aux couples du m\u00eame sexe, et les 7 ans de l\u00e9galisation de l\u2019adoption pour ces derniers. Malgr\u00e9 ces avanc\u00e9es, la violence des d\u00e9bats parlementaires et m\u00e9diatiques r\u00e9cemment men\u00e9s en France a rappel\u00e9 que le chemin vers l\u2019\u00e9galit\u00e9 est encore long et qu&rsquo;il faut continuer \u00e0 \u00eatre particuli\u00e8rement vigilant \u00e0 toutes les formes de discrimination ou de violences qu&rsquo;elles soient verbales ou physiques qui malheureusement se produisent encore beaucoup trop souvent dans nos soci\u00e9t\u00e9s.<\/p>\n<p>Aujourd\u2019hui, il est ind\u00e9niable que par son importance symbolique et politique, le vote du \u00ab\u00a0mariage pour tous\u00a0\u00bb chez nos voisins fran\u00e7ais et anglais participe \u00e0 un mouvement global d\u2019\u00e9galit\u00e9 et d\u2019ouverture \u00e0 la diff\u00e9rence que je suis heureux de constater. La reconnaissance des couples homosexuels et de leurs enfants participe grandement \u00e0 la lutte contre l\u2019homophobie, mais \u00e9galement contre la censure que les jeunes homosexuel(le)s pratiquent \u00e0 l\u2019\u00e9gard d\u2019eux-m\u00eames et qui m\u00e8ne encore trop souvent \u00e0 l\u2019isolement voire m\u00eame \u00e0 une tentative de suicide.<\/p>\n<p>Dans ce contexte, la Belgian Pride est non seulement une manifestation primordiale pour toutes les personnes homosexuelles car elle offre un moyen, entre autres, de s\u2019affirmer, de se rencontrer, d&rsquo;\u00e9changer, mais \u00e9galement pour toutes les personnes h\u00e9t\u00e9rosexuelles\u00a0 qui revendiquent plus d\u2019\u00e9galit\u00e9 des droits. Elle permet plus que jamais de rappeler le droit de vivre dans le respect de tous quelles que soient les affinit\u00e9s sexuelles. C\u2019est une Pride pour toutes et tous\u00a0!<\/p>\n<p>En tant que Ministre-Pr\u00e9sident du Gouvernement francophone bruxellois (Cocof), je continuerai d&rsquo;encourager le soutien \u00e0 la diversit\u00e9 dans tous les aspects de notre vie en soci\u00e9t\u00e9. D\u2019ailleurs, la Commission communautaire fran\u00e7aise (Cocof) agit v\u00e9ritablement dans tous les domaines, notamment avec le Centre pour l&rsquo;\u00e9galit\u00e9 des chances et de lutte contre le racisme. D\u2019ailleurs, un protocole d\u2019accord a \u00e9t\u00e9 sign\u00e9 en 2012 qui d\u00e9signe le Centre comme organe pouvant soutenir une action en justice dans des litiges \u00e9ventuels, et lui attribue aussi une s\u00e9rie de mission en mati\u00e8re d\u2019information, de sensibilisation et de formation en mati\u00e8re de lutte contre les discrimination.<\/p>\n<p>Cet accord s\u2019inscrit plus largement dans le cadre du d\u00e9cret adopt\u00e9 par le Coll\u00e8ge en juillet 2010 relatif \u00e0 la lutte contre certaines formes de discrimination et \u00e0 la mise en \u0153uvre du principe d&rsquo;\u00e9galit\u00e9 de traitement. Il d\u00e9montre la volont\u00e9 du Coll\u00e8ge de la Cocof d\u2019offrir un cadre g\u00e9n\u00e9ral et harmonis\u00e9 \u00e0 la lutte contre les discriminations et \u00e0 la promotion de l&rsquo;\u00e9galit\u00e9 des chances, notamment, dans les mati\u00e8res communautaires telles que l\u2019enseignement, le sport, la culture \u2026<\/p>\n<p>Tr\u00e8s concr\u00e8tement, cette volont\u00e9 d\u2019agir en faveur d\u2019une soci\u00e9t\u00e9 ouverte et respectueuse des diff\u00e9rences se concr\u00e9tise par le soutien financier r\u00e9gulier, de mes coll\u00e8gues et moi-m\u00eame, \u00e0 des projets port\u00e9s par des associations \u0153uvrant \u00e0 la promotion de telles valeurs.<\/p>\n<p><strong>Bruxelles, capitale gay-friendly de 500 millions d\u2019Europ\u00e9ens<\/strong><br \/>\nDepuis quelques ann\u00e9es d\u00e9j\u00e0, la R\u00e9gion de Bruxelles-Capitale\u00a0 met un point d\u2019honneur \u00e0 promouvoir Bruxelles comme la capitale gay-friendly de 500 millions d\u2019Europ\u00e9ens. En tant que Ministre bruxellois du Tourisme, je suis satisfait de constater qu\u2019aujourd\u2019hui, Bruxelles rayonne encore davantage dans le paysage europ\u00e9en gr\u00e2ce entre autres \u00e0 une culture peut-\u00eatre plus tol\u00e9rante et \u00e0 une l\u00e9gislation moderne. ILGA-Europe, une ONG regroupant 408 organisations en faveur des droits des lesbiennes, gays, bis et transgenres (LGBT), classe d&rsquo;ailleurs la Belgique comme pays le plus \u00ab\u00a0gay-friendly\u00a0\u00bb d&rsquo;Europe, juste derri\u00e8re la Grande-Bretagne.<\/p>\n<p>La Belgian Pride est une occasion r\u00eav\u00e9e pour Bruxelles de renforcer son positionnement de ville et de r\u00e9gion o\u00f9 il fait bon vivre\u00a0! Alors, j&rsquo;esp\u00e8re vous retrouver demain sur le parcours de la Pride.<\/p>\n","protected":false},"excerpt":{"rendered":"<p>La 18e \u00e9dition de la Belgian Pride se tiendra demain. Cette ann\u00e9e, elle a choisi comme th\u00e9matique\u00a0 les \u00ab\u00a0Rainbow families\u00a0\u00bb.\u00a0 Il est important en effet de mettre en lumi\u00e8re la diversit\u00e9 n\u00e9e de l\u2019ouverture du mariage et de l\u2019adoption aux couples du m\u00eame sexe. Les Rainbow families sont le fruit et le reflet de la diversit\u00e9 et de l\u2019ouverture de notre pays. D\u2019ailleurs, comme vous le savez, cette ann\u00e9e, la Belgique f\u00eate deux anniversaires pour le moins symboliques\u00a0: les 10 ans de l\u2019ouverture du mariage aux couples du m\u00eame sexe, et les 7 ans de l\u00e9galisation de l\u2019adoption pour ces derniers. Malgr\u00e9 ces avanc\u00e9es, la violence des d\u00e9bats parlementaires et m\u00e9diatiques r\u00e9cemment men\u00e9s en France a rappel\u00e9 que le chemin vers l\u2019\u00e9galit\u00e9 est encore long et qu&rsquo;il faut continuer \u00e0 \u00eatre particuli\u00e8rement vigilant \u00e0 toutes les formes de discrimination ou de violences qu&rsquo;elles soient verbales ou physiques qui malheureusement se produisent encore beaucoup trop souvent dans nos soci\u00e9t\u00e9s. Aujourd\u2019hui, il est ind\u00e9niable que par son importance symbolique et politique, le vote du \u00ab\u00a0mariage pour tous\u00a0\u00bb chez nos voisins fran\u00e7ais et anglais participe \u00e0 un mouvement global d\u2019\u00e9galit\u00e9 et d\u2019ouverture \u00e0 la diff\u00e9rence que je suis heureux de constater. La reconnaissance [&hellip;]<\/p>\n","protected":false},"author":2,"featured_media":9317,"comment_status":"open","ping_status":"open","sticky":false,"template":"","format":"standard","meta":{"_monsterinsights_skip_tracking":false,"_monsterinsights_sitenote_active":false,"_monsterinsights_sitenote_note":"","_monsterinsights_sitenote_category":0,"ngg_post_thumbnail":0,"footnotes":""},"categories":[40],"tags":[338,1016,577,578,576,575],"class_list":["post-9316","post","type-post","status-publish","format-standard","has-post-thumbnail","hentry","category-ministre-presidence-cocof","tag-belgian-pride","tag-bruxelles","tag-gay","tag-gay-friendly","tag-lgbt","tag-pride"],"yoast_head":"<!-- This site is optimized with the Yoast SEO plugin v27.4 - https:\/\/yoast.com\/product\/yoast-seo-wordpress\/ -->\n<title>La Pride met les &quot;Rainbow families&quot; \u00e0 l&#039;honneur - Christos Doulkeridis<\/title>\n<meta name=\"robots\" content=\"index, follow, max-snippet:-1, max-image-preview:large, max-video-preview:-1\" \/>\n<link rel=\"canonical\" href=\"https:\/\/www.doulkeridis.be\/blog\/2013\/05\/17\/la-pride-met-les-rainbouw-families-a-lhonneur\/\" \/>\n<meta property=\"og:locale\" content=\"fr_FR\" \/>\n<meta property=\"og:type\" content=\"article\" \/>\n<meta property=\"og:title\" content=\"La Pride met les &quot;Rainbow families&quot; \u00e0 l&#039;honneur - Christos Doulkeridis\" \/>\n<meta property=\"og:description\" content=\"La 18e \u00e9dition de la Belgian Pride se tiendra demain. Cette ann\u00e9e, elle a choisi comme th\u00e9matique\u00a0 les \u00ab\u00a0Rainbow families\u00a0\u00bb.\u00a0 Il est important en effet de mettre en lumi\u00e8re la diversit\u00e9 n\u00e9e de l\u2019ouverture du mariage et de l\u2019adoption aux couples du m\u00eame sexe. Les Rainbow families sont le fruit et le reflet de la diversit\u00e9 et de l\u2019ouverture de notre pays. D\u2019ailleurs, comme vous le savez, cette ann\u00e9e, la Belgique f\u00eate deux anniversaires pour le moins symboliques\u00a0: les 10 ans de l\u2019ouverture du mariage aux couples du m\u00eame sexe, et les 7 ans de l\u00e9galisation de l\u2019adoption pour ces derniers. Malgr\u00e9 ces avanc\u00e9es, la violence des d\u00e9bats parlementaires et m\u00e9diatiques r\u00e9cemment men\u00e9s en France a rappel\u00e9 que le chemin vers l\u2019\u00e9galit\u00e9 est encore long et qu&rsquo;il faut continuer \u00e0 \u00eatre particuli\u00e8rement vigilant \u00e0 toutes les formes de discrimination ou de violences qu&rsquo;elles soient verbales ou physiques qui malheureusement se produisent encore beaucoup trop souvent dans nos soci\u00e9t\u00e9s. Aujourd\u2019hui, il est ind\u00e9niable que par son importance symbolique et politique, le vote du \u00ab\u00a0mariage pour tous\u00a0\u00bb chez nos voisins fran\u00e7ais et anglais participe \u00e0 un mouvement global d\u2019\u00e9galit\u00e9 et d\u2019ouverture \u00e0 la diff\u00e9rence que je suis heureux de constater. La reconnaissance [&hellip;]\" \/>\n<meta property=\"og:url\" content=\"https:\/\/www.doulkeridis.be\/blog\/2013\/05\/17\/la-pride-met-les-rainbouw-families-a-lhonneur\/\" \/>\n<meta property=\"og:site_name\" content=\"Christos Doulkeridis\" \/>\n<meta property=\"article:publisher\" content=\"https:\/\/www.facebook.com\/doulkeridis\" \/>\n<meta property=\"article:published_time\" content=\"2013-05-17T15:34:01+00:00\" \/>\n<meta property=\"article:modified_time\" content=\"2013-09-04T13:52:56+00:00\" \/>\n<meta property=\"og:image\" content=\"https:\/\/www.doulkeridis.be\/blog\/wp-content\/uploads\/2013\/05\/DSC_0049-1024x685.jpg\" \/>\n\t<meta property=\"og:image:width\" content=\"1024\" \/>\n\t<meta property=\"og:image:height\" content=\"685\" \/>\n\t<meta property=\"og:image:type\" content=\"image\/jpeg\" \/>\n<meta name=\"author\" content=\"Christos Doulkeridis\" \/>\n<meta name=\"twitter:card\" content=\"summary_large_image\" \/>\n<meta name=\"twitter:label1\" content=\"\u00c9crit par\" \/>\n\t<meta name=\"twitter:data1\" content=\"Christos Doulkeridis\" \/>\n\t<meta name=\"twitter:label2\" content=\"Dur\u00e9e de lecture estim\u00e9e\" \/>\n\t<meta name=\"twitter:data2\" content=\"4 minutes\" \/>\n<script type=\"application\/ld+json\" class=\"yoast-schema-graph\">{\"@context\":\"https:\\\/\\\/schema.org\",\"@graph\":[{\"@type\":\"Article\",\"@id\":\"https:\\\/\\\/www.doulkeridis.be\\\/blog\\\/2013\\\/05\\\/17\\\/la-pride-met-les-rainbouw-families-a-lhonneur\\\/#article\",\"isPartOf\":{\"@id\":\"https:\\\/\\\/www.doulkeridis.be\\\/blog\\\/2013\\\/05\\\/17\\\/la-pride-met-les-rainbouw-families-a-lhonneur\\\/\"},\"author\":{\"name\":\"Christos Doulkeridis\",\"@id\":\"https:\\\/\\\/www.doulkeridis.be\\\/blog\\\/#\\\/schema\\\/person\\\/9f03f3459f0a4ba4db02aabbba098365\"},\"headline\":\"La Pride met les \u00ab\u00a0Rainbow families\u00a0\u00bb \u00e0 l&rsquo;honneur\",\"datePublished\":\"2013-05-17T15:34:01+00:00\",\"dateModified\":\"2013-09-04T13:52:56+00:00\",\"mainEntityOfPage\":{\"@id\":\"https:\\\/\\\/www.doulkeridis.be\\\/blog\\\/2013\\\/05\\\/17\\\/la-pride-met-les-rainbouw-families-a-lhonneur\\\/\"},\"wordCount\":753,\"commentCount\":0,\"publisher\":{\"@id\":\"https:\\\/\\\/www.doulkeridis.be\\\/blog\\\/#organization\"},\"image\":{\"@id\":\"https:\\\/\\\/www.doulkeridis.be\\\/blog\\\/2013\\\/05\\\/17\\\/la-pride-met-les-rainbouw-families-a-lhonneur\\\/#primaryimage\"},\"thumbnailUrl\":\"https:\\\/\\\/www.doulkeridis.be\\\/blog\\\/wp-content\\\/uploads\\\/2013\\\/05\\\/DSC_0049.jpg\",\"keywords\":[\"Belgian Pride\",\"Bruxelles\",\"Gay\",\"gay-friendly\",\"LGBT\",\"Pride\"],\"articleSection\":[\"Ministre-Pr\u00e9sidence CoCof\"],\"inLanguage\":\"fr-FR\",\"potentialAction\":[{\"@type\":\"CommentAction\",\"name\":\"Comment\",\"target\":[\"https:\\\/\\\/www.doulkeridis.be\\\/blog\\\/2013\\\/05\\\/17\\\/la-pride-met-les-rainbouw-families-a-lhonneur\\\/#respond\"]}]},{\"@type\":\"WebPage\",\"@id\":\"https:\\\/\\\/www.doulkeridis.be\\\/blog\\\/2013\\\/05\\\/17\\\/la-pride-met-les-rainbouw-families-a-lhonneur\\\/\",\"url\":\"https:\\\/\\\/www.doulkeridis.be\\\/blog\\\/2013\\\/05\\\/17\\\/la-pride-met-les-rainbouw-families-a-lhonneur\\\/\",\"name\":\"La Pride met les \\\"Rainbow families\\\" \u00e0 l'honneur - Christos Doulkeridis\",\"isPartOf\":{\"@id\":\"https:\\\/\\\/www.doulkeridis.be\\\/blog\\\/#website\"},\"primaryImageOfPage\":{\"@id\":\"https:\\\/\\\/www.doulkeridis.be\\\/blog\\\/2013\\\/05\\\/17\\\/la-pride-met-les-rainbouw-families-a-lhonneur\\\/#primaryimage\"},\"image\":{\"@id\":\"https:\\\/\\\/www.doulkeridis.be\\\/blog\\\/2013\\\/05\\\/17\\\/la-pride-met-les-rainbouw-families-a-lhonneur\\\/#primaryimage\"},\"thumbnailUrl\":\"https:\\\/\\\/www.doulkeridis.be\\\/blog\\\/wp-content\\\/uploads\\\/2013\\\/05\\\/DSC_0049.jpg\",\"datePublished\":\"2013-05-17T15:34:01+00:00\",\"dateModified\":\"2013-09-04T13:52:56+00:00\",\"breadcrumb\":{\"@id\":\"https:\\\/\\\/www.doulkeridis.be\\\/blog\\\/2013\\\/05\\\/17\\\/la-pride-met-les-rainbouw-families-a-lhonneur\\\/#breadcrumb\"},\"inLanguage\":\"fr-FR\",\"potentialAction\":[{\"@type\":\"ReadAction\",\"target\":[\"https:\\\/\\\/www.doulkeridis.be\\\/blog\\\/2013\\\/05\\\/17\\\/la-pride-met-les-rainbouw-families-a-lhonneur\\\/\"]}]},{\"@type\":\"ImageObject\",\"inLanguage\":\"fr-FR\",\"@id\":\"https:\\\/\\\/www.doulkeridis.be\\\/blog\\\/2013\\\/05\\\/17\\\/la-pride-met-les-rainbouw-families-a-lhonneur\\\/#primaryimage\",\"url\":\"https:\\\/\\\/www.doulkeridis.be\\\/blog\\\/wp-content\\\/uploads\\\/2013\\\/05\\\/DSC_0049.jpg\",\"contentUrl\":\"https:\\\/\\\/www.doulkeridis.be\\\/blog\\\/wp-content\\\/uploads\\\/2013\\\/05\\\/DSC_0049.jpg\",\"width\":3872,\"height\":2592},{\"@type\":\"BreadcrumbList\",\"@id\":\"https:\\\/\\\/www.doulkeridis.be\\\/blog\\\/2013\\\/05\\\/17\\\/la-pride-met-les-rainbouw-families-a-lhonneur\\\/#breadcrumb\",\"itemListElement\":[{\"@type\":\"ListItem\",\"position\":1,\"name\":\"Accueil\",\"item\":\"https:\\\/\\\/www.doulkeridis.be\\\/blog\\\/\"},{\"@type\":\"ListItem\",\"position\":2,\"name\":\"La Pride met les \u00ab\u00a0Rainbow families\u00a0\u00bb \u00e0 l&rsquo;honneur\"}]},{\"@type\":\"WebSite\",\"@id\":\"https:\\\/\\\/www.doulkeridis.be\\\/blog\\\/#website\",\"url\":\"https:\\\/\\\/www.doulkeridis.be\\\/blog\\\/\",\"name\":\"Christos Doulkeridis\",\"description\":\"Coach | Consultant en solutions, gestion de crise, n\u00e9gociations\",\"publisher\":{\"@id\":\"https:\\\/\\\/www.doulkeridis.be\\\/blog\\\/#organization\"},\"potentialAction\":[{\"@type\":\"SearchAction\",\"target\":{\"@type\":\"EntryPoint\",\"urlTemplate\":\"https:\\\/\\\/www.doulkeridis.be\\\/blog\\\/?s={search_term_string}\"},\"query-input\":{\"@type\":\"PropertyValueSpecification\",\"valueRequired\":true,\"valueName\":\"search_term_string\"}}],\"inLanguage\":\"fr-FR\"},{\"@type\":\"Organization\",\"@id\":\"https:\\\/\\\/www.doulkeridis.be\\\/blog\\\/#organization\",\"name\":\"Ulyse\",\"url\":\"https:\\\/\\\/www.doulkeridis.be\\\/blog\\\/\",\"logo\":{\"@type\":\"ImageObject\",\"inLanguage\":\"fr-FR\",\"@id\":\"https:\\\/\\\/www.doulkeridis.be\\\/blog\\\/#\\\/schema\\\/logo\\\/image\\\/\",\"url\":\"https:\\\/\\\/www.doulkeridis.be\\\/blog\\\/wp-content\\\/uploads\\\/2026\\\/04\\\/2-5.png\",\"contentUrl\":\"https:\\\/\\\/www.doulkeridis.be\\\/blog\\\/wp-content\\\/uploads\\\/2026\\\/04\\\/2-5.png\",\"width\":1024,\"height\":728,\"caption\":\"Ulyse\"},\"image\":{\"@id\":\"https:\\\/\\\/www.doulkeridis.be\\\/blog\\\/#\\\/schema\\\/logo\\\/image\\\/\"},\"sameAs\":[\"https:\\\/\\\/www.facebook.com\\\/doulkeridis\",\"https:\\\/\\\/www.facebook.com\\\/christosdoulkeridis2\"]},{\"@type\":\"Person\",\"@id\":\"https:\\\/\\\/www.doulkeridis.be\\\/blog\\\/#\\\/schema\\\/person\\\/9f03f3459f0a4ba4db02aabbba098365\",\"name\":\"Christos Doulkeridis\",\"image\":{\"@type\":\"ImageObject\",\"inLanguage\":\"fr-FR\",\"@id\":\"https:\\\/\\\/secure.gravatar.com\\\/avatar\\\/71cb6e4369ca0615d93730ef3bc5f54642df4f6bcc59b92763d2ac434abf103e?s=96&d=mm&r=g\",\"url\":\"https:\\\/\\\/secure.gravatar.com\\\/avatar\\\/71cb6e4369ca0615d93730ef3bc5f54642df4f6bcc59b92763d2ac434abf103e?s=96&d=mm&r=g\",\"contentUrl\":\"https:\\\/\\\/secure.gravatar.com\\\/avatar\\\/71cb6e4369ca0615d93730ef3bc5f54642df4f6bcc59b92763d2ac434abf103e?s=96&d=mm&r=g\",\"caption\":\"Christos Doulkeridis\"},\"url\":\"https:\\\/\\\/www.doulkeridis.be\\\/blog\\\/author\\\/christos\\\/\"}]}<\/script>\n<!-- \/ Yoast SEO plugin. -->","yoast_head_json":{"title":"La Pride met les \"Rainbow families\" \u00e0 l'honneur - Christos Doulkeridis","robots":{"index":"index","follow":"follow","max-snippet":"max-snippet:-1","max-image-preview":"max-image-preview:large","max-video-preview":"max-video-preview:-1"},"canonical":"https:\/\/www.doulkeridis.be\/blog\/2013\/05\/17\/la-pride-met-les-rainbouw-families-a-lhonneur\/","og_locale":"fr_FR","og_type":"article","og_title":"La Pride met les \"Rainbow families\" \u00e0 l'honneur - Christos Doulkeridis","og_description":"La 18e \u00e9dition de la Belgian Pride se tiendra demain. Cette ann\u00e9e, elle a choisi comme th\u00e9matique\u00a0 les \u00ab\u00a0Rainbow families\u00a0\u00bb.\u00a0 Il est important en effet de mettre en lumi\u00e8re la diversit\u00e9 n\u00e9e de l\u2019ouverture du mariage et de l\u2019adoption aux couples du m\u00eame sexe. Les Rainbow families sont le fruit et le reflet de la diversit\u00e9 et de l\u2019ouverture de notre pays. D\u2019ailleurs, comme vous le savez, cette ann\u00e9e, la Belgique f\u00eate deux anniversaires pour le moins symboliques\u00a0: les 10 ans de l\u2019ouverture du mariage aux couples du m\u00eame sexe, et les 7 ans de l\u00e9galisation de l\u2019adoption pour ces derniers. Malgr\u00e9 ces avanc\u00e9es, la violence des d\u00e9bats parlementaires et m\u00e9diatiques r\u00e9cemment men\u00e9s en France a rappel\u00e9 que le chemin vers l\u2019\u00e9galit\u00e9 est encore long et qu&rsquo;il faut continuer \u00e0 \u00eatre particuli\u00e8rement vigilant \u00e0 toutes les formes de discrimination ou de violences qu&rsquo;elles soient verbales ou physiques qui malheureusement se produisent encore beaucoup trop souvent dans nos soci\u00e9t\u00e9s. Aujourd\u2019hui, il est ind\u00e9niable que par son importance symbolique et politique, le vote du \u00ab\u00a0mariage pour tous\u00a0\u00bb chez nos voisins fran\u00e7ais et anglais participe \u00e0 un mouvement global d\u2019\u00e9galit\u00e9 et d\u2019ouverture \u00e0 la diff\u00e9rence que je suis heureux de constater. La reconnaissance [&hellip;]","og_url":"https:\/\/www.doulkeridis.be\/blog\/2013\/05\/17\/la-pride-met-les-rainbouw-families-a-lhonneur\/","og_site_name":"Christos Doulkeridis","article_publisher":"https:\/\/www.facebook.com\/doulkeridis","article_published_time":"2013-05-17T15:34:01+00:00","article_modified_time":"2013-09-04T13:52:56+00:00","og_image":[{"width":1024,"height":685,"url":"https:\/\/www.doulkeridis.be\/blog\/wp-content\/uploads\/2013\/05\/DSC_0049-1024x685.jpg","type":"image\/jpeg"}],"author":"Christos Doulkeridis","twitter_card":"summary_large_image","twitter_misc":{"\u00c9crit par":"Christos Doulkeridis","Dur\u00e9e de lecture estim\u00e9e":"4 minutes"},"schema":{"@context":"https:\/\/schema.org","@graph":[{"@type":"Article","@id":"https:\/\/www.doulkeridis.be\/blog\/2013\/05\/17\/la-pride-met-les-rainbouw-families-a-lhonneur\/#article","isPartOf":{"@id":"https:\/\/www.doulkeridis.be\/blog\/2013\/05\/17\/la-pride-met-les-rainbouw-families-a-lhonneur\/"},"author":{"name":"Christos Doulkeridis","@id":"https:\/\/www.doulkeridis.be\/blog\/#\/schema\/person\/9f03f3459f0a4ba4db02aabbba098365"},"headline":"La Pride met les \u00ab\u00a0Rainbow families\u00a0\u00bb \u00e0 l&rsquo;honneur","datePublished":"2013-05-17T15:34:01+00:00","dateModified":"2013-09-04T13:52:56+00:00","mainEntityOfPage":{"@id":"https:\/\/www.doulkeridis.be\/blog\/2013\/05\/17\/la-pride-met-les-rainbouw-families-a-lhonneur\/"},"wordCount":753,"commentCount":0,"publisher":{"@id":"https:\/\/www.doulkeridis.be\/blog\/#organization"},"image":{"@id":"https:\/\/www.doulkeridis.be\/blog\/2013\/05\/17\/la-pride-met-les-rainbouw-families-a-lhonneur\/#primaryimage"},"thumbnailUrl":"https:\/\/www.doulkeridis.be\/blog\/wp-content\/uploads\/2013\/05\/DSC_0049.jpg","keywords":["Belgian Pride","Bruxelles","Gay","gay-friendly","LGBT","Pride"],"articleSection":["Ministre-Pr\u00e9sidence CoCof"],"inLanguage":"fr-FR","potentialAction":[{"@type":"CommentAction","name":"Comment","target":["https:\/\/www.doulkeridis.be\/blog\/2013\/05\/17\/la-pride-met-les-rainbouw-families-a-lhonneur\/#respond"]}]},{"@type":"WebPage","@id":"https:\/\/www.doulkeridis.be\/blog\/2013\/05\/17\/la-pride-met-les-rainbouw-families-a-lhonneur\/","url":"https:\/\/www.doulkeridis.be\/blog\/2013\/05\/17\/la-pride-met-les-rainbouw-families-a-lhonneur\/","name":"La Pride met les \"Rainbow families\" \u00e0 l'honneur - Christos Doulkeridis","isPartOf":{"@id":"https:\/\/www.doulkeridis.be\/blog\/#website"},"primaryImageOfPage":{"@id":"https:\/\/www.doulkeridis.be\/blog\/2013\/05\/17\/la-pride-met-les-rainbouw-families-a-lhonneur\/#primaryimage"},"image":{"@id":"https:\/\/www.doulkeridis.be\/blog\/2013\/05\/17\/la-pride-met-les-rainbouw-families-a-lhonneur\/#primaryimage"},"thumbnailUrl":"https:\/\/www.doulkeridis.be\/blog\/wp-content\/uploads\/2013\/05\/DSC_0049.jpg","datePublished":"2013-05-17T15:34:01+00:00","dateModified":"2013-09-04T13:52:56+00:00","breadcrumb":{"@id":"https:\/\/www.doulkeridis.be\/blog\/2013\/05\/17\/la-pride-met-les-rainbouw-families-a-lhonneur\/#breadcrumb"},"inLanguage":"fr-FR","potentialAction":[{"@type":"ReadAction","target":["https:\/\/www.doulkeridis.be\/blog\/2013\/05\/17\/la-pride-met-les-rainbouw-families-a-lhonneur\/"]}]},{"@type":"ImageObject","inLanguage":"fr-FR","@id":"https:\/\/www.doulkeridis.be\/blog\/2013\/05\/17\/la-pride-met-les-rainbouw-families-a-lhonneur\/#primaryimage","url":"https:\/\/www.doulkeridis.be\/blog\/wp-content\/uploads\/2013\/05\/DSC_0049.jpg","contentUrl":"https:\/\/www.doulkeridis.be\/blog\/wp-content\/uploads\/2013\/05\/DSC_0049.jpg","width":3872,"height":2592},{"@type":"BreadcrumbList","@id":"https:\/\/www.doulkeridis.be\/blog\/2013\/05\/17\/la-pride-met-les-rainbouw-families-a-lhonneur\/#breadcrumb","itemListElement":[{"@type":"ListItem","position":1,"name":"Accueil","item":"https:\/\/www.doulkeridis.be\/blog\/"},{"@type":"ListItem","position":2,"name":"La Pride met les \u00ab\u00a0Rainbow families\u00a0\u00bb \u00e0 l&rsquo;honneur"}]},{"@type":"WebSite","@id":"https:\/\/www.doulkeridis.be\/blog\/#website","url":"https:\/\/www.doulkeridis.be\/blog\/","name":"Christos Doulkeridis","description":"Coach | Consultant en solutions, gestion de crise, n\u00e9gociations","publisher":{"@id":"https:\/\/www.doulkeridis.be\/blog\/#organization"},"potentialAction":[{"@type":"SearchAction","target":{"@type":"EntryPoint","urlTemplate":"https:\/\/www.doulkeridis.be\/blog\/?s={search_term_string}"},"query-input":{"@type":"PropertyValueSpecification","valueRequired":true,"valueName":"search_term_string"}}],"inLanguage":"fr-FR"},{"@type":"Organization","@id":"https:\/\/www.doulkeridis.be\/blog\/#organization","name":"Ulyse","url":"https:\/\/www.doulkeridis.be\/blog\/","logo":{"@type":"ImageObject","inLanguage":"fr-FR","@id":"https:\/\/www.doulkeridis.be\/blog\/#\/schema\/logo\/image\/","url":"https:\/\/www.doulkeridis.be\/blog\/wp-content\/uploads\/2026\/04\/2-5.png","contentUrl":"https:\/\/www.doulkeridis.be\/blog\/wp-content\/uploads\/2026\/04\/2-5.png","width":1024,"height":728,"caption":"Ulyse"},"image":{"@id":"https:\/\/www.doulkeridis.be\/blog\/#\/schema\/logo\/image\/"},"sameAs":["https:\/\/www.facebook.com\/doulkeridis","https:\/\/www.facebook.com\/christosdoulkeridis2"]},{"@type":"Person","@id":"https:\/\/www.doulkeridis.be\/blog\/#\/schema\/person\/9f03f3459f0a4ba4db02aabbba098365","name":"Christos Doulkeridis","image":{"@type":"ImageObject","inLanguage":"fr-FR","@id":"https:\/\/secure.gravatar.com\/avatar\/71cb6e4369ca0615d93730ef3bc5f54642df4f6bcc59b92763d2ac434abf103e?s=96&d=mm&r=g","url":"https:\/\/secure.gravatar.com\/avatar\/71cb6e4369ca0615d93730ef3bc5f54642df4f6bcc59b92763d2ac434abf103e?s=96&d=mm&r=g","contentUrl":"https:\/\/secure.gravatar.com\/avatar\/71cb6e4369ca0615d93730ef3bc5f54642df4f6bcc59b92763d2ac434abf103e?s=96&d=mm&r=g","caption":"Christos Doulkeridis"},"url":"https:\/\/www.doulkeridis.be\/blog\/author\/christos\/"}]}},"_links":{"self":[{"href":"https:\/\/www.doulkeridis.be\/blog\/wp-json\/wp\/v2\/posts\/9316","targetHints":{"allow":["GET"]}}],"collection":[{"href":"https:\/\/www.doulkeridis.be\/blog\/wp-json\/wp\/v2\/posts"}],"about":[{"href":"https:\/\/www.doulkeridis.be\/blog\/wp-json\/wp\/v2\/types\/post"}],"author":[{"embeddable":true,"href":"https:\/\/www.doulkeridis.be\/blog\/wp-json\/wp\/v2\/users\/2"}],"replies":[{"embeddable":true,"href":"https:\/\/www.doulkeridis.be\/blog\/wp-json\/wp\/v2\/comments?post=9316"}],"version-history":[{"count":7,"href":"https:\/\/www.doulkeridis.be\/blog\/wp-json\/wp\/v2\/posts\/9316\/revisions"}],"predecessor-version":[{"id":10244,"href":"https:\/\/www.doulkeridis.be\/blog\/wp-json\/wp\/v2\/posts\/9316\/revisions\/10244"}],"wp:featuredmedia":[{"embeddable":true,"href":"https:\/\/www.doulkeridis.be\/blog\/wp-json\/wp\/v2\/media\/9317"}],"wp:attachment":[{"href":"https:\/\/www.doulkeridis.be\/blog\/wp-json\/wp\/v2\/media?parent=9316"}],"wp:term":[{"taxonomy":"category","embeddable":true,"href":"https:\/\/www.doulkeridis.be\/blog\/wp-json\/wp\/v2\/categories?post=9316"},{"taxonomy":"post_tag","embeddable":true,"href":"https:\/\/www.doulkeridis.be\/blog\/wp-json\/wp\/v2\/tags?post=9316"}],"curies":[{"name":"wp","href":"https:\/\/api.w.org\/{rel}","templated":true}]}}