{"id":935,"date":"2010-09-14T16:17:28","date_gmt":"2010-09-14T14:17:28","guid":{"rendered":"http:\/\/www.doulkeridis.be\/blog\/?p=935"},"modified":"2011-08-09T13:31:49","modified_gmt":"2011-08-09T11:31:49","slug":"1-000-000e-pour-le-non-marchand-francophone-bruxellois","status":"publish","type":"post","link":"https:\/\/www.doulkeridis.be\/blog\/2010\/09\/14\/1-000-000e-pour-le-non-marchand-francophone-bruxellois\/","title":{"rendered":"1.000.000\u20ac pour le non-marchand francophone bruxellois"},"content":{"rendered":"<p>Les organisations syndicales manifestaient ce\u00a0 matin pour revendiquer un accord social avec le secteur non-marchand. A l&rsquo;occasion de cette manifestation, j&rsquo;ai re\u00e7u en tant que Ministre-Pr\u00e9sident de la Cocof, avec mon coll\u00e8gue Charles Picqu\u00e9, Ministre-Pr\u00e9sident du Gouvernement bruxellois, une d\u00e9l\u00e9gation de permanents syndicaux. La rencontre a eu lieu dans une ambiance sereine et je m&rsquo;en r\u00e9jouis. Nous avons pu rappeler notre volont\u00e9 de soutenir les secteurs du non-marchand, essentiels au quotidien des citoyens bruxellois.<\/p>\n<p>Bonne nouvelle: un\u00a0accord de tous les partis francophones a \u00e9t\u00e9 trouv\u00e9 pour porter l&rsquo;effort de solidarit\u00e9 de la Communaut\u00e9 fran\u00e7aise et de la R\u00e9gion wallonne \u00e0 un montant d&rsquo;un million d&rsquo;euros pour un accord non-marchand en COCOF d\u00e8s 2010. Une premi\u00e8re date de discussion a \u00e9t\u00e9 d\u00e9cid\u00e9e pour entamer la r\u00e9flexion sur les pistes d&rsquo;utilisation de cette enveloppe. Les mesures de l&rsquo;accord social viseront, en priorit\u00e9, \u00e0 harmoniser les statuts des travailleurs entre les entit\u00e9s francophones.<\/p>\n<p>J&rsquo;insiste enfin, plus globalement, sur\u00a0le sous-financement des entit\u00e9s bruxelloises par rapport aux besoins sociaux et aux r\u00e9ponses \u00e0 y apporter. Les diff\u00e9rentes institutions bruxelloises d\u00e9pendent en effet, pour leurs services non-marchand, de budgets \u00e9triqu\u00e9s. Au quotidien, je continue donc \u00e0 me battre, dans le cadre des n\u00e9gociations institutionnelles, pour un juste financement de toutes les entit\u00e9s bruxelloises.<\/p>\n<p><a href=\"http:\/\/canalz.rnews.be\/eco-news-le-journal-140910\" target=\"_blank\"><strong>Reportage dans le JT de Canal Z<\/strong> <em>\u00ab\u00a0Plus de moyens pour le non-marchand\u00a0\u00bb<\/em><\/a><\/p>\n","protected":false},"excerpt":{"rendered":"<p>Les organisations syndicales manifestaient ce\u00a0 matin pour revendiquer un accord social avec le secteur non-marchand. A l&rsquo;occasion de cette manifestation, j&rsquo;ai re\u00e7u en tant que Ministre-Pr\u00e9sident de la Cocof, avec mon coll\u00e8gue Charles Picqu\u00e9, Ministre-Pr\u00e9sident du Gouvernement bruxellois, une d\u00e9l\u00e9gation de permanents syndicaux. La rencontre a eu lieu dans une ambiance sereine et je m&rsquo;en r\u00e9jouis. Nous avons pu rappeler notre volont\u00e9 de soutenir les secteurs du non-marchand, essentiels au quotidien des citoyens bruxellois. Bonne nouvelle: un\u00a0accord de tous les partis francophones a \u00e9t\u00e9 trouv\u00e9 pour porter l&rsquo;effort de solidarit\u00e9 de la Communaut\u00e9 fran\u00e7aise et de la R\u00e9gion wallonne \u00e0 un montant d&rsquo;un million d&rsquo;euros pour un accord non-marchand en COCOF d\u00e8s 2010. Une premi\u00e8re date de discussion a \u00e9t\u00e9 d\u00e9cid\u00e9e pour entamer la r\u00e9flexion sur les pistes d&rsquo;utilisation de cette enveloppe. Les mesures de l&rsquo;accord social viseront, en priorit\u00e9, \u00e0 harmoniser les statuts des travailleurs entre les entit\u00e9s francophones. J&rsquo;insiste enfin, plus globalement, sur\u00a0le sous-financement des entit\u00e9s bruxelloises par rapport aux besoins sociaux et aux r\u00e9ponses \u00e0 y apporter. Les diff\u00e9rentes institutions bruxelloises d\u00e9pendent en effet, pour leurs services non-marchand, de budgets \u00e9triqu\u00e9s. Au quotidien, je continue donc \u00e0 me battre, dans le cadre des n\u00e9gociations institutionnelles, pour un [&hellip;]<\/p>\n","protected":false},"author":2,"featured_media":0,"comment_status":"open","ping_status":"open","sticky":false,"template":"","format":"standard","meta":{"_monsterinsights_skip_tracking":false,"_monsterinsights_sitenote_active":false,"_monsterinsights_sitenote_note":"","_monsterinsights_sitenote_category":0,"ngg_post_thumbnail":0,"footnotes":""},"categories":[89,304,217],"tags":[412,1024],"class_list":["post-935","post","type-post","status-publish","format-standard","hentry","category-alimentation-durable","category-mes_realisations","category-slow-food-2","tag-canal-z","tag-non-marchand"],"yoast_head":"<!-- This site is optimized with the Yoast SEO plugin v27.4 - https:\/\/yoast.com\/product\/yoast-seo-wordpress\/ -->\n<title>1.000.000\u20ac pour le non-marchand francophone bruxellois - Christos Doulkeridis<\/title>\n<meta name=\"robots\" content=\"index, follow, max-snippet:-1, max-image-preview:large, max-video-preview:-1\" \/>\n<link rel=\"canonical\" href=\"https:\/\/www.doulkeridis.be\/blog\/2010\/09\/14\/1-000-000e-pour-le-non-marchand-francophone-bruxellois\/\" \/>\n<meta property=\"og:locale\" content=\"fr_FR\" \/>\n<meta property=\"og:type\" content=\"article\" \/>\n<meta property=\"og:title\" content=\"1.000.000\u20ac pour le non-marchand francophone bruxellois - Christos Doulkeridis\" \/>\n<meta property=\"og:description\" content=\"Les organisations syndicales manifestaient ce\u00a0 matin pour revendiquer un accord social avec le secteur non-marchand. A l&rsquo;occasion de cette manifestation, j&rsquo;ai re\u00e7u en tant que Ministre-Pr\u00e9sident de la Cocof, avec mon coll\u00e8gue Charles Picqu\u00e9, Ministre-Pr\u00e9sident du Gouvernement bruxellois, une d\u00e9l\u00e9gation de permanents syndicaux. La rencontre a eu lieu dans une ambiance sereine et je m&rsquo;en r\u00e9jouis. Nous avons pu rappeler notre volont\u00e9 de soutenir les secteurs du non-marchand, essentiels au quotidien des citoyens bruxellois. Bonne nouvelle: un\u00a0accord de tous les partis francophones a \u00e9t\u00e9 trouv\u00e9 pour porter l&rsquo;effort de solidarit\u00e9 de la Communaut\u00e9 fran\u00e7aise et de la R\u00e9gion wallonne \u00e0 un montant d&rsquo;un million d&rsquo;euros pour un accord non-marchand en COCOF d\u00e8s 2010. Une premi\u00e8re date de discussion a \u00e9t\u00e9 d\u00e9cid\u00e9e pour entamer la r\u00e9flexion sur les pistes d&rsquo;utilisation de cette enveloppe. Les mesures de l&rsquo;accord social viseront, en priorit\u00e9, \u00e0 harmoniser les statuts des travailleurs entre les entit\u00e9s francophones. J&rsquo;insiste enfin, plus globalement, sur\u00a0le sous-financement des entit\u00e9s bruxelloises par rapport aux besoins sociaux et aux r\u00e9ponses \u00e0 y apporter. Les diff\u00e9rentes institutions bruxelloises d\u00e9pendent en effet, pour leurs services non-marchand, de budgets \u00e9triqu\u00e9s. Au quotidien, je continue donc \u00e0 me battre, dans le cadre des n\u00e9gociations institutionnelles, pour un [&hellip;]\" \/>\n<meta property=\"og:url\" content=\"https:\/\/www.doulkeridis.be\/blog\/2010\/09\/14\/1-000-000e-pour-le-non-marchand-francophone-bruxellois\/\" \/>\n<meta property=\"og:site_name\" content=\"Christos Doulkeridis\" \/>\n<meta property=\"article:publisher\" content=\"https:\/\/www.facebook.com\/doulkeridis\" \/>\n<meta property=\"article:published_time\" content=\"2010-09-14T14:17:28+00:00\" \/>\n<meta property=\"article:modified_time\" content=\"2011-08-09T11:31:49+00:00\" \/>\n<meta name=\"author\" content=\"Christos Doulkeridis\" \/>\n<meta name=\"twitter:card\" content=\"summary_large_image\" \/>\n<meta name=\"twitter:label1\" content=\"\u00c9crit par\" \/>\n\t<meta name=\"twitter:data1\" content=\"Christos Doulkeridis\" \/>\n\t<meta name=\"twitter:label2\" content=\"Dur\u00e9e de lecture estim\u00e9e\" \/>\n\t<meta name=\"twitter:data2\" content=\"1 minute\" \/>\n<script type=\"application\/ld+json\" class=\"yoast-schema-graph\">{\"@context\":\"https:\\\/\\\/schema.org\",\"@graph\":[{\"@type\":\"Article\",\"@id\":\"https:\\\/\\\/www.doulkeridis.be\\\/blog\\\/2010\\\/09\\\/14\\\/1-000-000e-pour-le-non-marchand-francophone-bruxellois\\\/#article\",\"isPartOf\":{\"@id\":\"https:\\\/\\\/www.doulkeridis.be\\\/blog\\\/2010\\\/09\\\/14\\\/1-000-000e-pour-le-non-marchand-francophone-bruxellois\\\/\"},\"author\":{\"name\":\"Christos Doulkeridis\",\"@id\":\"https:\\\/\\\/www.doulkeridis.be\\\/blog\\\/#\\\/schema\\\/person\\\/9f03f3459f0a4ba4db02aabbba098365\"},\"headline\":\"1.000.000\u20ac pour le non-marchand francophone bruxellois\",\"datePublished\":\"2010-09-14T14:17:28+00:00\",\"dateModified\":\"2011-08-09T11:31:49+00:00\",\"mainEntityOfPage\":{\"@id\":\"https:\\\/\\\/www.doulkeridis.be\\\/blog\\\/2010\\\/09\\\/14\\\/1-000-000e-pour-le-non-marchand-francophone-bruxellois\\\/\"},\"wordCount\":253,\"commentCount\":1,\"publisher\":{\"@id\":\"https:\\\/\\\/www.doulkeridis.be\\\/blog\\\/#organization\"},\"keywords\":[\"Canal Z\",\"Non-marchand\"],\"articleSection\":[\"Alimentation durable\",\"Mes r\u00e9alisations\",\"Slow Food\"],\"inLanguage\":\"fr-FR\",\"potentialAction\":[{\"@type\":\"CommentAction\",\"name\":\"Comment\",\"target\":[\"https:\\\/\\\/www.doulkeridis.be\\\/blog\\\/2010\\\/09\\\/14\\\/1-000-000e-pour-le-non-marchand-francophone-bruxellois\\\/#respond\"]}]},{\"@type\":\"WebPage\",\"@id\":\"https:\\\/\\\/www.doulkeridis.be\\\/blog\\\/2010\\\/09\\\/14\\\/1-000-000e-pour-le-non-marchand-francophone-bruxellois\\\/\",\"url\":\"https:\\\/\\\/www.doulkeridis.be\\\/blog\\\/2010\\\/09\\\/14\\\/1-000-000e-pour-le-non-marchand-francophone-bruxellois\\\/\",\"name\":\"1.000.000\u20ac pour le non-marchand francophone bruxellois - Christos Doulkeridis\",\"isPartOf\":{\"@id\":\"https:\\\/\\\/www.doulkeridis.be\\\/blog\\\/#website\"},\"datePublished\":\"2010-09-14T14:17:28+00:00\",\"dateModified\":\"2011-08-09T11:31:49+00:00\",\"breadcrumb\":{\"@id\":\"https:\\\/\\\/www.doulkeridis.be\\\/blog\\\/2010\\\/09\\\/14\\\/1-000-000e-pour-le-non-marchand-francophone-bruxellois\\\/#breadcrumb\"},\"inLanguage\":\"fr-FR\",\"potentialAction\":[{\"@type\":\"ReadAction\",\"target\":[\"https:\\\/\\\/www.doulkeridis.be\\\/blog\\\/2010\\\/09\\\/14\\\/1-000-000e-pour-le-non-marchand-francophone-bruxellois\\\/\"]}]},{\"@type\":\"BreadcrumbList\",\"@id\":\"https:\\\/\\\/www.doulkeridis.be\\\/blog\\\/2010\\\/09\\\/14\\\/1-000-000e-pour-le-non-marchand-francophone-bruxellois\\\/#breadcrumb\",\"itemListElement\":[{\"@type\":\"ListItem\",\"position\":1,\"name\":\"Accueil\",\"item\":\"https:\\\/\\\/www.doulkeridis.be\\\/blog\\\/\"},{\"@type\":\"ListItem\",\"position\":2,\"name\":\"1.000.000\u20ac pour le non-marchand francophone bruxellois\"}]},{\"@type\":\"WebSite\",\"@id\":\"https:\\\/\\\/www.doulkeridis.be\\\/blog\\\/#website\",\"url\":\"https:\\\/\\\/www.doulkeridis.be\\\/blog\\\/\",\"name\":\"Christos Doulkeridis\",\"description\":\"Coach | Consultant en solutions, gestion de crise, n\u00e9gociations\",\"publisher\":{\"@id\":\"https:\\\/\\\/www.doulkeridis.be\\\/blog\\\/#organization\"},\"potentialAction\":[{\"@type\":\"SearchAction\",\"target\":{\"@type\":\"EntryPoint\",\"urlTemplate\":\"https:\\\/\\\/www.doulkeridis.be\\\/blog\\\/?s={search_term_string}\"},\"query-input\":{\"@type\":\"PropertyValueSpecification\",\"valueRequired\":true,\"valueName\":\"search_term_string\"}}],\"inLanguage\":\"fr-FR\"},{\"@type\":\"Organization\",\"@id\":\"https:\\\/\\\/www.doulkeridis.be\\\/blog\\\/#organization\",\"name\":\"Ulyse\",\"url\":\"https:\\\/\\\/www.doulkeridis.be\\\/blog\\\/\",\"logo\":{\"@type\":\"ImageObject\",\"inLanguage\":\"fr-FR\",\"@id\":\"https:\\\/\\\/www.doulkeridis.be\\\/blog\\\/#\\\/schema\\\/logo\\\/image\\\/\",\"url\":\"https:\\\/\\\/www.doulkeridis.be\\\/blog\\\/wp-content\\\/uploads\\\/2026\\\/04\\\/2-5.png\",\"contentUrl\":\"https:\\\/\\\/www.doulkeridis.be\\\/blog\\\/wp-content\\\/uploads\\\/2026\\\/04\\\/2-5.png\",\"width\":1024,\"height\":728,\"caption\":\"Ulyse\"},\"image\":{\"@id\":\"https:\\\/\\\/www.doulkeridis.be\\\/blog\\\/#\\\/schema\\\/logo\\\/image\\\/\"},\"sameAs\":[\"https:\\\/\\\/www.facebook.com\\\/doulkeridis\",\"https:\\\/\\\/www.facebook.com\\\/christosdoulkeridis2\"]},{\"@type\":\"Person\",\"@id\":\"https:\\\/\\\/www.doulkeridis.be\\\/blog\\\/#\\\/schema\\\/person\\\/9f03f3459f0a4ba4db02aabbba098365\",\"name\":\"Christos Doulkeridis\",\"image\":{\"@type\":\"ImageObject\",\"inLanguage\":\"fr-FR\",\"@id\":\"https:\\\/\\\/secure.gravatar.com\\\/avatar\\\/71cb6e4369ca0615d93730ef3bc5f54642df4f6bcc59b92763d2ac434abf103e?s=96&d=mm&r=g\",\"url\":\"https:\\\/\\\/secure.gravatar.com\\\/avatar\\\/71cb6e4369ca0615d93730ef3bc5f54642df4f6bcc59b92763d2ac434abf103e?s=96&d=mm&r=g\",\"contentUrl\":\"https:\\\/\\\/secure.gravatar.com\\\/avatar\\\/71cb6e4369ca0615d93730ef3bc5f54642df4f6bcc59b92763d2ac434abf103e?s=96&d=mm&r=g\",\"caption\":\"Christos Doulkeridis\"},\"url\":\"https:\\\/\\\/www.doulkeridis.be\\\/blog\\\/author\\\/christos\\\/\"}]}<\/script>\n<!-- \/ Yoast SEO plugin. -->","yoast_head_json":{"title":"1.000.000\u20ac pour le non-marchand francophone bruxellois - Christos Doulkeridis","robots":{"index":"index","follow":"follow","max-snippet":"max-snippet:-1","max-image-preview":"max-image-preview:large","max-video-preview":"max-video-preview:-1"},"canonical":"https:\/\/www.doulkeridis.be\/blog\/2010\/09\/14\/1-000-000e-pour-le-non-marchand-francophone-bruxellois\/","og_locale":"fr_FR","og_type":"article","og_title":"1.000.000\u20ac pour le non-marchand francophone bruxellois - Christos Doulkeridis","og_description":"Les organisations syndicales manifestaient ce\u00a0 matin pour revendiquer un accord social avec le secteur non-marchand. A l&rsquo;occasion de cette manifestation, j&rsquo;ai re\u00e7u en tant que Ministre-Pr\u00e9sident de la Cocof, avec mon coll\u00e8gue Charles Picqu\u00e9, Ministre-Pr\u00e9sident du Gouvernement bruxellois, une d\u00e9l\u00e9gation de permanents syndicaux. La rencontre a eu lieu dans une ambiance sereine et je m&rsquo;en r\u00e9jouis. Nous avons pu rappeler notre volont\u00e9 de soutenir les secteurs du non-marchand, essentiels au quotidien des citoyens bruxellois. Bonne nouvelle: un\u00a0accord de tous les partis francophones a \u00e9t\u00e9 trouv\u00e9 pour porter l&rsquo;effort de solidarit\u00e9 de la Communaut\u00e9 fran\u00e7aise et de la R\u00e9gion wallonne \u00e0 un montant d&rsquo;un million d&rsquo;euros pour un accord non-marchand en COCOF d\u00e8s 2010. Une premi\u00e8re date de discussion a \u00e9t\u00e9 d\u00e9cid\u00e9e pour entamer la r\u00e9flexion sur les pistes d&rsquo;utilisation de cette enveloppe. Les mesures de l&rsquo;accord social viseront, en priorit\u00e9, \u00e0 harmoniser les statuts des travailleurs entre les entit\u00e9s francophones. J&rsquo;insiste enfin, plus globalement, sur\u00a0le sous-financement des entit\u00e9s bruxelloises par rapport aux besoins sociaux et aux r\u00e9ponses \u00e0 y apporter. Les diff\u00e9rentes institutions bruxelloises d\u00e9pendent en effet, pour leurs services non-marchand, de budgets \u00e9triqu\u00e9s. Au quotidien, je continue donc \u00e0 me battre, dans le cadre des n\u00e9gociations institutionnelles, pour un [&hellip;]","og_url":"https:\/\/www.doulkeridis.be\/blog\/2010\/09\/14\/1-000-000e-pour-le-non-marchand-francophone-bruxellois\/","og_site_name":"Christos Doulkeridis","article_publisher":"https:\/\/www.facebook.com\/doulkeridis","article_published_time":"2010-09-14T14:17:28+00:00","article_modified_time":"2011-08-09T11:31:49+00:00","author":"Christos Doulkeridis","twitter_card":"summary_large_image","twitter_misc":{"\u00c9crit par":"Christos Doulkeridis","Dur\u00e9e de lecture estim\u00e9e":"1 minute"},"schema":{"@context":"https:\/\/schema.org","@graph":[{"@type":"Article","@id":"https:\/\/www.doulkeridis.be\/blog\/2010\/09\/14\/1-000-000e-pour-le-non-marchand-francophone-bruxellois\/#article","isPartOf":{"@id":"https:\/\/www.doulkeridis.be\/blog\/2010\/09\/14\/1-000-000e-pour-le-non-marchand-francophone-bruxellois\/"},"author":{"name":"Christos Doulkeridis","@id":"https:\/\/www.doulkeridis.be\/blog\/#\/schema\/person\/9f03f3459f0a4ba4db02aabbba098365"},"headline":"1.000.000\u20ac pour le non-marchand francophone bruxellois","datePublished":"2010-09-14T14:17:28+00:00","dateModified":"2011-08-09T11:31:49+00:00","mainEntityOfPage":{"@id":"https:\/\/www.doulkeridis.be\/blog\/2010\/09\/14\/1-000-000e-pour-le-non-marchand-francophone-bruxellois\/"},"wordCount":253,"commentCount":1,"publisher":{"@id":"https:\/\/www.doulkeridis.be\/blog\/#organization"},"keywords":["Canal Z","Non-marchand"],"articleSection":["Alimentation durable","Mes r\u00e9alisations","Slow Food"],"inLanguage":"fr-FR","potentialAction":[{"@type":"CommentAction","name":"Comment","target":["https:\/\/www.doulkeridis.be\/blog\/2010\/09\/14\/1-000-000e-pour-le-non-marchand-francophone-bruxellois\/#respond"]}]},{"@type":"WebPage","@id":"https:\/\/www.doulkeridis.be\/blog\/2010\/09\/14\/1-000-000e-pour-le-non-marchand-francophone-bruxellois\/","url":"https:\/\/www.doulkeridis.be\/blog\/2010\/09\/14\/1-000-000e-pour-le-non-marchand-francophone-bruxellois\/","name":"1.000.000\u20ac pour le non-marchand francophone bruxellois - Christos Doulkeridis","isPartOf":{"@id":"https:\/\/www.doulkeridis.be\/blog\/#website"},"datePublished":"2010-09-14T14:17:28+00:00","dateModified":"2011-08-09T11:31:49+00:00","breadcrumb":{"@id":"https:\/\/www.doulkeridis.be\/blog\/2010\/09\/14\/1-000-000e-pour-le-non-marchand-francophone-bruxellois\/#breadcrumb"},"inLanguage":"fr-FR","potentialAction":[{"@type":"ReadAction","target":["https:\/\/www.doulkeridis.be\/blog\/2010\/09\/14\/1-000-000e-pour-le-non-marchand-francophone-bruxellois\/"]}]},{"@type":"BreadcrumbList","@id":"https:\/\/www.doulkeridis.be\/blog\/2010\/09\/14\/1-000-000e-pour-le-non-marchand-francophone-bruxellois\/#breadcrumb","itemListElement":[{"@type":"ListItem","position":1,"name":"Accueil","item":"https:\/\/www.doulkeridis.be\/blog\/"},{"@type":"ListItem","position":2,"name":"1.000.000\u20ac pour le non-marchand francophone bruxellois"}]},{"@type":"WebSite","@id":"https:\/\/www.doulkeridis.be\/blog\/#website","url":"https:\/\/www.doulkeridis.be\/blog\/","name":"Christos Doulkeridis","description":"Coach | Consultant en solutions, gestion de crise, n\u00e9gociations","publisher":{"@id":"https:\/\/www.doulkeridis.be\/blog\/#organization"},"potentialAction":[{"@type":"SearchAction","target":{"@type":"EntryPoint","urlTemplate":"https:\/\/www.doulkeridis.be\/blog\/?s={search_term_string}"},"query-input":{"@type":"PropertyValueSpecification","valueRequired":true,"valueName":"search_term_string"}}],"inLanguage":"fr-FR"},{"@type":"Organization","@id":"https:\/\/www.doulkeridis.be\/blog\/#organization","name":"Ulyse","url":"https:\/\/www.doulkeridis.be\/blog\/","logo":{"@type":"ImageObject","inLanguage":"fr-FR","@id":"https:\/\/www.doulkeridis.be\/blog\/#\/schema\/logo\/image\/","url":"https:\/\/www.doulkeridis.be\/blog\/wp-content\/uploads\/2026\/04\/2-5.png","contentUrl":"https:\/\/www.doulkeridis.be\/blog\/wp-content\/uploads\/2026\/04\/2-5.png","width":1024,"height":728,"caption":"Ulyse"},"image":{"@id":"https:\/\/www.doulkeridis.be\/blog\/#\/schema\/logo\/image\/"},"sameAs":["https:\/\/www.facebook.com\/doulkeridis","https:\/\/www.facebook.com\/christosdoulkeridis2"]},{"@type":"Person","@id":"https:\/\/www.doulkeridis.be\/blog\/#\/schema\/person\/9f03f3459f0a4ba4db02aabbba098365","name":"Christos Doulkeridis","image":{"@type":"ImageObject","inLanguage":"fr-FR","@id":"https:\/\/secure.gravatar.com\/avatar\/71cb6e4369ca0615d93730ef3bc5f54642df4f6bcc59b92763d2ac434abf103e?s=96&d=mm&r=g","url":"https:\/\/secure.gravatar.com\/avatar\/71cb6e4369ca0615d93730ef3bc5f54642df4f6bcc59b92763d2ac434abf103e?s=96&d=mm&r=g","contentUrl":"https:\/\/secure.gravatar.com\/avatar\/71cb6e4369ca0615d93730ef3bc5f54642df4f6bcc59b92763d2ac434abf103e?s=96&d=mm&r=g","caption":"Christos Doulkeridis"},"url":"https:\/\/www.doulkeridis.be\/blog\/author\/christos\/"}]}},"_links":{"self":[{"href":"https:\/\/www.doulkeridis.be\/blog\/wp-json\/wp\/v2\/posts\/935","targetHints":{"allow":["GET"]}}],"collection":[{"href":"https:\/\/www.doulkeridis.be\/blog\/wp-json\/wp\/v2\/posts"}],"about":[{"href":"https:\/\/www.doulkeridis.be\/blog\/wp-json\/wp\/v2\/types\/post"}],"author":[{"embeddable":true,"href":"https:\/\/www.doulkeridis.be\/blog\/wp-json\/wp\/v2\/users\/2"}],"replies":[{"embeddable":true,"href":"https:\/\/www.doulkeridis.be\/blog\/wp-json\/wp\/v2\/comments?post=935"}],"version-history":[{"count":6,"href":"https:\/\/www.doulkeridis.be\/blog\/wp-json\/wp\/v2\/posts\/935\/revisions"}],"predecessor-version":[{"id":956,"href":"https:\/\/www.doulkeridis.be\/blog\/wp-json\/wp\/v2\/posts\/935\/revisions\/956"}],"wp:attachment":[{"href":"https:\/\/www.doulkeridis.be\/blog\/wp-json\/wp\/v2\/media?parent=935"}],"wp:term":[{"taxonomy":"category","embeddable":true,"href":"https:\/\/www.doulkeridis.be\/blog\/wp-json\/wp\/v2\/categories?post=935"},{"taxonomy":"post_tag","embeddable":true,"href":"https:\/\/www.doulkeridis.be\/blog\/wp-json\/wp\/v2\/tags?post=935"}],"curies":[{"name":"wp","href":"https:\/\/api.w.org\/{rel}","templated":true}]}}