{"id":938,"date":"2010-09-15T15:52:32","date_gmt":"2010-09-15T13:52:32","guid":{"rendered":"http:\/\/www.doulkeridis.be\/blog\/?p=938"},"modified":"2011-08-09T13:28:43","modified_gmt":"2011-08-09T11:28:43","slug":"les-futurs-chefs-de-cuisine-sur-les-sentiers-de-lalimentation-durable","status":"publish","type":"post","link":"https:\/\/www.doulkeridis.be\/blog\/2010\/09\/15\/les-futurs-chefs-de-cuisine-sur-les-sentiers-de-lalimentation-durable\/","title":{"rendered":"Les futurs chefs de cuisine sur les sentiers de l&rsquo;alimentation durable"},"content":{"rendered":"<p><!-- \t\t@page { margin: 2cm } \t\tP { margin-bottom: 0.21cm } --> <!-- \t\t@page { margin: 2cm } \t\tP { margin-bottom: 0.21cm } \t\tA:link { so-language: zxx } --><span style=\"font-family: Arial,sans-serif;\"><span style=\"font-size: small;\"><strong>Ce mercredi matin, j&rsquo;ai pris un r\u00e9el plaisir \u00e0 discuter de l&rsquo;alimentation durable avec les \u00e9l\u00e8ves issus du CERIA (Horeca) et de l&rsquo;Institut Redout\u00e9-Peiffer (horticulture ) dans les all\u00e9es des Jardins Massart et de son sentier des abeilles. A l&rsquo;approche de la <a href=\"http:\/\/www.gouterbruxelles.be\/\" target=\"_blank\">semaine du go\u00fbt<\/a> (du 20 au 26 septembre) et dans le cadre de la rentr\u00e9e scolaire, j&rsquo;ai non seulement enfil\u00e9 ma casquette de Ministre-Pr\u00e9sident du Coll\u00e8ge de la Cocof en charge de l&rsquo;Enseignement, mais \u00e9galement celle de membre fondateur du convivium Slow food \u00ab\u00a0<a href=\"http:\/\/www.karikol.be\/\" target=\"_blank\">Karikol<\/a> \u00bb pour initier une visite &#8211; ludique et gourmande &#8211; de sensibilisation aux principes de l&rsquo;alimentation durable. A cette occasion, j&rsquo;ai rappel\u00e9 ma volont\u00e9 de lancer mon \u00ab\u00a0Plan alimentation\u00a0durable\u00a0\u00bb pour l&rsquo;enseignement qualifiant.  <img loading=\"lazy\" decoding=\"async\" src=\"..\/wp-includes\/js\/tinymce\/plugins\/wordpress\/img\/trans.gif\" border=\"0\" alt=\"\" width=\"1\" height=\"1\" align=\"BOTTOM\" \/><a href=\"https:\/\/www.doulkeridis.be\/blog\/wp-content\/uploads\/2010\/09\/20100915-Visite-Sentier-des-Abeilles-022-e1284557958619.jpg\"><img loading=\"lazy\" decoding=\"async\" class=\"alignright size-medium wp-image-939\" title=\"20100915 Visite Sentier des Abeilles \" src=\"https:\/\/www.doulkeridis.be\/blog\/wp-content\/uploads\/2010\/09\/20100915-Visite-Sentier-des-Abeilles-022-300x200.jpg\" alt=\"\" width=\"300\" height=\"200\" \/><\/a><\/strong><\/span><\/span><\/p>\n<p><span style=\"font-family: Arial,sans-serif;\"><span style=\"font-size: small;\">En tant que pouvoir organisateur de plusieurs \u00e9tablissements formant aux m\u00e9tiers de l&rsquo;alimentation, j&rsquo;ai effectivement d\u00e9cid\u00e9 de lancer un programme de sensibilisation aux principes de l&rsquo;alimentation durable \u00e0 destination des jeunes \u00e9tudiants, chefs et horticulteurs de demain. Le secteur de l&rsquo;HORECA, avec plus de 3 millions de repas par jour en Belgique, 72.000 entreprises et 34.000 ind\u00e9pendants, a en effet un r\u00f4le de levier important \u00e0 jouer sur le plan environnemental. Sensibiliser ces \u00e9l\u00e8ves, c&rsquo;est aussi les former pour qu&rsquo;ils deviennent des acteurs de changements. Que ce soit dans un restaurant \u00e9toil\u00e9, un restaurant de collectivit\u00e9 ou un snack, ces futurs chefs seront amen\u00e9s \u00e0 poser leurs propres choix dans leur cuisine. <!--more--><\/span><\/span><\/p>\n<p><span style=\"font-family: Arial,sans-serif;\"><span style=\"font-size: small;\">Dans le courant de la l\u00e9gislature r\u00e9gionale actuelle, et en lien avec l&rsquo;ann\u00e9e de la gastronomie qui aura lieu en 2012, plusieurs actions concr\u00e8tes seront men\u00e9es. La premi\u00e8re \u00e9tant la r\u00e9alisation d&rsquo;une \u00e9tude pour faire des Instituts Emile Gryzon (enseignement secondaire), Roger Lambion (promotion sociale) \u2013 situ\u00e9s sur la campus du CERIA &#8211; et Charles Gheude (enseignement sp\u00e9cialis\u00e9) les premi\u00e8res \u00e9coles \u00ab\u00a0Alimentation durable\u00a0\u00bb en Belgique et en Europe. Ma volont\u00e9 est de permettre \u00e0 nos jeunes de capter les emplois qui se d\u00e9veloppent dans les fili\u00e8res vertes. Formation aux proc\u00e9d\u00e9s de toitures vertes, potagers urbains, cuisine de saison en lien avec les produits r\u00e9gionaux\u2026 C&rsquo;est une r\u00e9elle opportunit\u00e9 pour l&rsquo;enseignement qualifiant en g\u00e9n\u00e9ral.<\/span><\/span><\/p>\n<p><span style=\"font-family: Arial,sans-serif;\"><span style=\"font-size: small;\">Parmi les autres projets \u00e0 mettre en place, citons l&rsquo;organisation de rencontres avec des producteurs locaux, le d\u00e9veloppement des synergies entre les Instituts HORECA et d&rsquo;horticulture de mani\u00e8re \u00e0 ce que les fruits et l\u00e9gumes produits sur les diff\u00e9rents terrains horticoles alimentent directement les ateliers \u00ab\u00a0cuisine\u00a0\u00bb, la publication d&rsquo;un livret de recettes \u00ab\u00a0alimentation durable et fra\u00eeche attitude\u00a0\u00bb r\u00e9alis\u00e9 par les diff\u00e9rents \u00e9tablissements scolaires, le d\u00e9veloppement d&rsquo;un partenariat avec Bruxelles environnement en mati\u00e8re de tri des d\u00e9chets et d&rsquo;agriculture urbaine, la cr\u00e9ation d&rsquo;une \u00e9picerie \u00ab\u00a0durable\u00a0\u00bb sur le campus du CERIA.<\/span><\/span><\/p>\n","protected":false},"excerpt":{"rendered":"<p>Ce mercredi matin, j&rsquo;ai pris un r\u00e9el plaisir \u00e0 discuter de l&rsquo;alimentation durable avec les \u00e9l\u00e8ves issus du CERIA (Horeca) et de l&rsquo;Institut Redout\u00e9-Peiffer (horticulture ) dans les all\u00e9es des Jardins Massart et de son sentier des abeilles. A l&rsquo;approche de la semaine du go\u00fbt (du 20 au 26 septembre) et dans le cadre de la rentr\u00e9e scolaire, j&rsquo;ai non seulement enfil\u00e9 ma casquette de Ministre-Pr\u00e9sident du Coll\u00e8ge de la Cocof en charge de l&rsquo;Enseignement, mais \u00e9galement celle de membre fondateur du convivium Slow food \u00ab\u00a0Karikol \u00bb pour initier une visite &#8211; ludique et gourmande &#8211; de sensibilisation aux principes de l&rsquo;alimentation durable. A cette occasion, j&rsquo;ai rappel\u00e9 ma volont\u00e9 de lancer mon \u00ab\u00a0Plan alimentation\u00a0durable\u00a0\u00bb pour l&rsquo;enseignement qualifiant. En tant que pouvoir organisateur de plusieurs \u00e9tablissements formant aux m\u00e9tiers de l&rsquo;alimentation, j&rsquo;ai effectivement d\u00e9cid\u00e9 de lancer un programme de sensibilisation aux principes de l&rsquo;alimentation durable \u00e0 destination des jeunes \u00e9tudiants, chefs et horticulteurs de demain. Le secteur de l&rsquo;HORECA, avec plus de 3 millions de repas par jour en Belgique, 72.000 entreprises et 34.000 ind\u00e9pendants, a en effet un r\u00f4le de levier important \u00e0 jouer sur le plan environnemental. Sensibiliser ces \u00e9l\u00e8ves, c&rsquo;est aussi les former pour qu&rsquo;ils deviennent des [&hellip;]<\/p>\n","protected":false},"author":2,"featured_media":0,"comment_status":"open","ping_status":"open","sticky":false,"template":"","format":"standard","meta":{"_monsterinsights_skip_tracking":false,"_monsterinsights_sitenote_active":false,"_monsterinsights_sitenote_note":"","_monsterinsights_sitenote_category":0,"ngg_post_thumbnail":0,"footnotes":""},"categories":[89,5,205,305,217],"tags":[1023,72,323,366,322,184],"class_list":["post-938","post","type-post","status-publish","format-standard","hentry","category-alimentation-durable","category-enseignement","category-formation","category-mes-coups-de-coeur","category-slow-food-2","tag-alimentation-durable","tag-ceria","tag-convivium-slow-food","tag-institut-redoute-peiffer","tag-karikol","tag-slow-food"],"yoast_head":"<!-- This site is optimized with the Yoast SEO plugin v27.4 - https:\/\/yoast.com\/product\/yoast-seo-wordpress\/ -->\n<title>Les futurs chefs de cuisine sur les sentiers de l&#039;alimentation durable - Christos Doulkeridis<\/title>\n<meta name=\"robots\" content=\"index, follow, max-snippet:-1, max-image-preview:large, max-video-preview:-1\" \/>\n<link rel=\"canonical\" href=\"https:\/\/www.doulkeridis.be\/blog\/2010\/09\/15\/les-futurs-chefs-de-cuisine-sur-les-sentiers-de-lalimentation-durable\/\" \/>\n<meta property=\"og:locale\" content=\"fr_FR\" \/>\n<meta property=\"og:type\" content=\"article\" \/>\n<meta property=\"og:title\" content=\"Les futurs chefs de cuisine sur les sentiers de l&#039;alimentation durable - Christos Doulkeridis\" \/>\n<meta property=\"og:description\" content=\"Ce mercredi matin, j&rsquo;ai pris un r\u00e9el plaisir \u00e0 discuter de l&rsquo;alimentation durable avec les \u00e9l\u00e8ves issus du CERIA (Horeca) et de l&rsquo;Institut Redout\u00e9-Peiffer (horticulture ) dans les all\u00e9es des Jardins Massart et de son sentier des abeilles. A l&rsquo;approche de la semaine du go\u00fbt (du 20 au 26 septembre) et dans le cadre de la rentr\u00e9e scolaire, j&rsquo;ai non seulement enfil\u00e9 ma casquette de Ministre-Pr\u00e9sident du Coll\u00e8ge de la Cocof en charge de l&rsquo;Enseignement, mais \u00e9galement celle de membre fondateur du convivium Slow food \u00ab\u00a0Karikol \u00bb pour initier une visite &#8211; ludique et gourmande &#8211; de sensibilisation aux principes de l&rsquo;alimentation durable. A cette occasion, j&rsquo;ai rappel\u00e9 ma volont\u00e9 de lancer mon \u00ab\u00a0Plan alimentation\u00a0durable\u00a0\u00bb pour l&rsquo;enseignement qualifiant. En tant que pouvoir organisateur de plusieurs \u00e9tablissements formant aux m\u00e9tiers de l&rsquo;alimentation, j&rsquo;ai effectivement d\u00e9cid\u00e9 de lancer un programme de sensibilisation aux principes de l&rsquo;alimentation durable \u00e0 destination des jeunes \u00e9tudiants, chefs et horticulteurs de demain. Le secteur de l&rsquo;HORECA, avec plus de 3 millions de repas par jour en Belgique, 72.000 entreprises et 34.000 ind\u00e9pendants, a en effet un r\u00f4le de levier important \u00e0 jouer sur le plan environnemental. Sensibiliser ces \u00e9l\u00e8ves, c&rsquo;est aussi les former pour qu&rsquo;ils deviennent des [&hellip;]\" \/>\n<meta property=\"og:url\" content=\"https:\/\/www.doulkeridis.be\/blog\/2010\/09\/15\/les-futurs-chefs-de-cuisine-sur-les-sentiers-de-lalimentation-durable\/\" \/>\n<meta property=\"og:site_name\" content=\"Christos Doulkeridis\" \/>\n<meta property=\"article:publisher\" content=\"https:\/\/www.facebook.com\/doulkeridis\" \/>\n<meta property=\"article:published_time\" content=\"2010-09-15T13:52:32+00:00\" \/>\n<meta property=\"article:modified_time\" content=\"2011-08-09T11:28:43+00:00\" \/>\n<meta property=\"og:image\" content=\"http:\/\/www.doulkeridis.be\/blog\/wp-content\/uploads\/2010\/09\/20100915-Visite-Sentier-des-Abeilles-022-300x200.jpg\" \/>\n<meta name=\"author\" content=\"Christos Doulkeridis\" \/>\n<meta name=\"twitter:card\" content=\"summary_large_image\" \/>\n<meta name=\"twitter:label1\" content=\"\u00c9crit par\" \/>\n\t<meta name=\"twitter:data1\" content=\"Christos Doulkeridis\" \/>\n\t<meta name=\"twitter:label2\" content=\"Dur\u00e9e de lecture estim\u00e9e\" \/>\n\t<meta name=\"twitter:data2\" content=\"2 minutes\" \/>\n<script type=\"application\/ld+json\" class=\"yoast-schema-graph\">{\"@context\":\"https:\\\/\\\/schema.org\",\"@graph\":[{\"@type\":\"Article\",\"@id\":\"https:\\\/\\\/www.doulkeridis.be\\\/blog\\\/2010\\\/09\\\/15\\\/les-futurs-chefs-de-cuisine-sur-les-sentiers-de-lalimentation-durable\\\/#article\",\"isPartOf\":{\"@id\":\"https:\\\/\\\/www.doulkeridis.be\\\/blog\\\/2010\\\/09\\\/15\\\/les-futurs-chefs-de-cuisine-sur-les-sentiers-de-lalimentation-durable\\\/\"},\"author\":{\"name\":\"Christos Doulkeridis\",\"@id\":\"https:\\\/\\\/www.doulkeridis.be\\\/blog\\\/#\\\/schema\\\/person\\\/9f03f3459f0a4ba4db02aabbba098365\"},\"headline\":\"Les futurs chefs de cuisine sur les sentiers de l&rsquo;alimentation durable\",\"datePublished\":\"2010-09-15T13:52:32+00:00\",\"dateModified\":\"2011-08-09T11:28:43+00:00\",\"mainEntityOfPage\":{\"@id\":\"https:\\\/\\\/www.doulkeridis.be\\\/blog\\\/2010\\\/09\\\/15\\\/les-futurs-chefs-de-cuisine-sur-les-sentiers-de-lalimentation-durable\\\/\"},\"wordCount\":497,\"commentCount\":0,\"publisher\":{\"@id\":\"https:\\\/\\\/www.doulkeridis.be\\\/blog\\\/#organization\"},\"image\":{\"@id\":\"https:\\\/\\\/www.doulkeridis.be\\\/blog\\\/2010\\\/09\\\/15\\\/les-futurs-chefs-de-cuisine-sur-les-sentiers-de-lalimentation-durable\\\/#primaryimage\"},\"thumbnailUrl\":\"http:\\\/\\\/www.doulkeridis.be\\\/blog\\\/wp-content\\\/uploads\\\/2010\\\/09\\\/20100915-Visite-Sentier-des-Abeilles-022-300x200.jpg\",\"keywords\":[\"Alimentation durable\",\"Ceria\",\"Convivium Slow food\",\"Institut Redout\u00e9-Peiffer\",\"Karikol\",\"Slow food\"],\"articleSection\":[\"Alimentation durable\",\"Enseignement\",\"Formation\",\"Mes coups de coeur\",\"Slow Food\"],\"inLanguage\":\"fr-FR\",\"potentialAction\":[{\"@type\":\"CommentAction\",\"name\":\"Comment\",\"target\":[\"https:\\\/\\\/www.doulkeridis.be\\\/blog\\\/2010\\\/09\\\/15\\\/les-futurs-chefs-de-cuisine-sur-les-sentiers-de-lalimentation-durable\\\/#respond\"]}]},{\"@type\":\"WebPage\",\"@id\":\"https:\\\/\\\/www.doulkeridis.be\\\/blog\\\/2010\\\/09\\\/15\\\/les-futurs-chefs-de-cuisine-sur-les-sentiers-de-lalimentation-durable\\\/\",\"url\":\"https:\\\/\\\/www.doulkeridis.be\\\/blog\\\/2010\\\/09\\\/15\\\/les-futurs-chefs-de-cuisine-sur-les-sentiers-de-lalimentation-durable\\\/\",\"name\":\"Les futurs chefs de cuisine sur les sentiers de l'alimentation durable - Christos Doulkeridis\",\"isPartOf\":{\"@id\":\"https:\\\/\\\/www.doulkeridis.be\\\/blog\\\/#website\"},\"primaryImageOfPage\":{\"@id\":\"https:\\\/\\\/www.doulkeridis.be\\\/blog\\\/2010\\\/09\\\/15\\\/les-futurs-chefs-de-cuisine-sur-les-sentiers-de-lalimentation-durable\\\/#primaryimage\"},\"image\":{\"@id\":\"https:\\\/\\\/www.doulkeridis.be\\\/blog\\\/2010\\\/09\\\/15\\\/les-futurs-chefs-de-cuisine-sur-les-sentiers-de-lalimentation-durable\\\/#primaryimage\"},\"thumbnailUrl\":\"http:\\\/\\\/www.doulkeridis.be\\\/blog\\\/wp-content\\\/uploads\\\/2010\\\/09\\\/20100915-Visite-Sentier-des-Abeilles-022-300x200.jpg\",\"datePublished\":\"2010-09-15T13:52:32+00:00\",\"dateModified\":\"2011-08-09T11:28:43+00:00\",\"breadcrumb\":{\"@id\":\"https:\\\/\\\/www.doulkeridis.be\\\/blog\\\/2010\\\/09\\\/15\\\/les-futurs-chefs-de-cuisine-sur-les-sentiers-de-lalimentation-durable\\\/#breadcrumb\"},\"inLanguage\":\"fr-FR\",\"potentialAction\":[{\"@type\":\"ReadAction\",\"target\":[\"https:\\\/\\\/www.doulkeridis.be\\\/blog\\\/2010\\\/09\\\/15\\\/les-futurs-chefs-de-cuisine-sur-les-sentiers-de-lalimentation-durable\\\/\"]}]},{\"@type\":\"ImageObject\",\"inLanguage\":\"fr-FR\",\"@id\":\"https:\\\/\\\/www.doulkeridis.be\\\/blog\\\/2010\\\/09\\\/15\\\/les-futurs-chefs-de-cuisine-sur-les-sentiers-de-lalimentation-durable\\\/#primaryimage\",\"url\":\"http:\\\/\\\/www.doulkeridis.be\\\/blog\\\/wp-content\\\/uploads\\\/2010\\\/09\\\/20100915-Visite-Sentier-des-Abeilles-022-300x200.jpg\",\"contentUrl\":\"http:\\\/\\\/www.doulkeridis.be\\\/blog\\\/wp-content\\\/uploads\\\/2010\\\/09\\\/20100915-Visite-Sentier-des-Abeilles-022-300x200.jpg\"},{\"@type\":\"BreadcrumbList\",\"@id\":\"https:\\\/\\\/www.doulkeridis.be\\\/blog\\\/2010\\\/09\\\/15\\\/les-futurs-chefs-de-cuisine-sur-les-sentiers-de-lalimentation-durable\\\/#breadcrumb\",\"itemListElement\":[{\"@type\":\"ListItem\",\"position\":1,\"name\":\"Accueil\",\"item\":\"https:\\\/\\\/www.doulkeridis.be\\\/blog\\\/\"},{\"@type\":\"ListItem\",\"position\":2,\"name\":\"Les futurs chefs de cuisine sur les sentiers de l&rsquo;alimentation durable\"}]},{\"@type\":\"WebSite\",\"@id\":\"https:\\\/\\\/www.doulkeridis.be\\\/blog\\\/#website\",\"url\":\"https:\\\/\\\/www.doulkeridis.be\\\/blog\\\/\",\"name\":\"Christos Doulkeridis\",\"description\":\"Coach | Consultant en solutions, gestion de crise, n\u00e9gociations\",\"publisher\":{\"@id\":\"https:\\\/\\\/www.doulkeridis.be\\\/blog\\\/#organization\"},\"potentialAction\":[{\"@type\":\"SearchAction\",\"target\":{\"@type\":\"EntryPoint\",\"urlTemplate\":\"https:\\\/\\\/www.doulkeridis.be\\\/blog\\\/?s={search_term_string}\"},\"query-input\":{\"@type\":\"PropertyValueSpecification\",\"valueRequired\":true,\"valueName\":\"search_term_string\"}}],\"inLanguage\":\"fr-FR\"},{\"@type\":\"Organization\",\"@id\":\"https:\\\/\\\/www.doulkeridis.be\\\/blog\\\/#organization\",\"name\":\"Ulyse\",\"url\":\"https:\\\/\\\/www.doulkeridis.be\\\/blog\\\/\",\"logo\":{\"@type\":\"ImageObject\",\"inLanguage\":\"fr-FR\",\"@id\":\"https:\\\/\\\/www.doulkeridis.be\\\/blog\\\/#\\\/schema\\\/logo\\\/image\\\/\",\"url\":\"https:\\\/\\\/www.doulkeridis.be\\\/blog\\\/wp-content\\\/uploads\\\/2026\\\/04\\\/2-5.png\",\"contentUrl\":\"https:\\\/\\\/www.doulkeridis.be\\\/blog\\\/wp-content\\\/uploads\\\/2026\\\/04\\\/2-5.png\",\"width\":1024,\"height\":728,\"caption\":\"Ulyse\"},\"image\":{\"@id\":\"https:\\\/\\\/www.doulkeridis.be\\\/blog\\\/#\\\/schema\\\/logo\\\/image\\\/\"},\"sameAs\":[\"https:\\\/\\\/www.facebook.com\\\/doulkeridis\",\"https:\\\/\\\/www.facebook.com\\\/christosdoulkeridis2\"]},{\"@type\":\"Person\",\"@id\":\"https:\\\/\\\/www.doulkeridis.be\\\/blog\\\/#\\\/schema\\\/person\\\/9f03f3459f0a4ba4db02aabbba098365\",\"name\":\"Christos Doulkeridis\",\"image\":{\"@type\":\"ImageObject\",\"inLanguage\":\"fr-FR\",\"@id\":\"https:\\\/\\\/secure.gravatar.com\\\/avatar\\\/71cb6e4369ca0615d93730ef3bc5f54642df4f6bcc59b92763d2ac434abf103e?s=96&d=mm&r=g\",\"url\":\"https:\\\/\\\/secure.gravatar.com\\\/avatar\\\/71cb6e4369ca0615d93730ef3bc5f54642df4f6bcc59b92763d2ac434abf103e?s=96&d=mm&r=g\",\"contentUrl\":\"https:\\\/\\\/secure.gravatar.com\\\/avatar\\\/71cb6e4369ca0615d93730ef3bc5f54642df4f6bcc59b92763d2ac434abf103e?s=96&d=mm&r=g\",\"caption\":\"Christos Doulkeridis\"},\"url\":\"https:\\\/\\\/www.doulkeridis.be\\\/blog\\\/author\\\/christos\\\/\"}]}<\/script>\n<!-- \/ Yoast SEO plugin. -->","yoast_head_json":{"title":"Les futurs chefs de cuisine sur les sentiers de l'alimentation durable - Christos Doulkeridis","robots":{"index":"index","follow":"follow","max-snippet":"max-snippet:-1","max-image-preview":"max-image-preview:large","max-video-preview":"max-video-preview:-1"},"canonical":"https:\/\/www.doulkeridis.be\/blog\/2010\/09\/15\/les-futurs-chefs-de-cuisine-sur-les-sentiers-de-lalimentation-durable\/","og_locale":"fr_FR","og_type":"article","og_title":"Les futurs chefs de cuisine sur les sentiers de l'alimentation durable - Christos Doulkeridis","og_description":"Ce mercredi matin, j&rsquo;ai pris un r\u00e9el plaisir \u00e0 discuter de l&rsquo;alimentation durable avec les \u00e9l\u00e8ves issus du CERIA (Horeca) et de l&rsquo;Institut Redout\u00e9-Peiffer (horticulture ) dans les all\u00e9es des Jardins Massart et de son sentier des abeilles. A l&rsquo;approche de la semaine du go\u00fbt (du 20 au 26 septembre) et dans le cadre de la rentr\u00e9e scolaire, j&rsquo;ai non seulement enfil\u00e9 ma casquette de Ministre-Pr\u00e9sident du Coll\u00e8ge de la Cocof en charge de l&rsquo;Enseignement, mais \u00e9galement celle de membre fondateur du convivium Slow food \u00ab\u00a0Karikol \u00bb pour initier une visite &#8211; ludique et gourmande &#8211; de sensibilisation aux principes de l&rsquo;alimentation durable. A cette occasion, j&rsquo;ai rappel\u00e9 ma volont\u00e9 de lancer mon \u00ab\u00a0Plan alimentation\u00a0durable\u00a0\u00bb pour l&rsquo;enseignement qualifiant. En tant que pouvoir organisateur de plusieurs \u00e9tablissements formant aux m\u00e9tiers de l&rsquo;alimentation, j&rsquo;ai effectivement d\u00e9cid\u00e9 de lancer un programme de sensibilisation aux principes de l&rsquo;alimentation durable \u00e0 destination des jeunes \u00e9tudiants, chefs et horticulteurs de demain. Le secteur de l&rsquo;HORECA, avec plus de 3 millions de repas par jour en Belgique, 72.000 entreprises et 34.000 ind\u00e9pendants, a en effet un r\u00f4le de levier important \u00e0 jouer sur le plan environnemental. Sensibiliser ces \u00e9l\u00e8ves, c&rsquo;est aussi les former pour qu&rsquo;ils deviennent des [&hellip;]","og_url":"https:\/\/www.doulkeridis.be\/blog\/2010\/09\/15\/les-futurs-chefs-de-cuisine-sur-les-sentiers-de-lalimentation-durable\/","og_site_name":"Christos Doulkeridis","article_publisher":"https:\/\/www.facebook.com\/doulkeridis","article_published_time":"2010-09-15T13:52:32+00:00","article_modified_time":"2011-08-09T11:28:43+00:00","og_image":[{"url":"http:\/\/www.doulkeridis.be\/blog\/wp-content\/uploads\/2010\/09\/20100915-Visite-Sentier-des-Abeilles-022-300x200.jpg","type":"","width":"","height":""}],"author":"Christos Doulkeridis","twitter_card":"summary_large_image","twitter_misc":{"\u00c9crit par":"Christos Doulkeridis","Dur\u00e9e de lecture estim\u00e9e":"2 minutes"},"schema":{"@context":"https:\/\/schema.org","@graph":[{"@type":"Article","@id":"https:\/\/www.doulkeridis.be\/blog\/2010\/09\/15\/les-futurs-chefs-de-cuisine-sur-les-sentiers-de-lalimentation-durable\/#article","isPartOf":{"@id":"https:\/\/www.doulkeridis.be\/blog\/2010\/09\/15\/les-futurs-chefs-de-cuisine-sur-les-sentiers-de-lalimentation-durable\/"},"author":{"name":"Christos Doulkeridis","@id":"https:\/\/www.doulkeridis.be\/blog\/#\/schema\/person\/9f03f3459f0a4ba4db02aabbba098365"},"headline":"Les futurs chefs de cuisine sur les sentiers de l&rsquo;alimentation durable","datePublished":"2010-09-15T13:52:32+00:00","dateModified":"2011-08-09T11:28:43+00:00","mainEntityOfPage":{"@id":"https:\/\/www.doulkeridis.be\/blog\/2010\/09\/15\/les-futurs-chefs-de-cuisine-sur-les-sentiers-de-lalimentation-durable\/"},"wordCount":497,"commentCount":0,"publisher":{"@id":"https:\/\/www.doulkeridis.be\/blog\/#organization"},"image":{"@id":"https:\/\/www.doulkeridis.be\/blog\/2010\/09\/15\/les-futurs-chefs-de-cuisine-sur-les-sentiers-de-lalimentation-durable\/#primaryimage"},"thumbnailUrl":"http:\/\/www.doulkeridis.be\/blog\/wp-content\/uploads\/2010\/09\/20100915-Visite-Sentier-des-Abeilles-022-300x200.jpg","keywords":["Alimentation durable","Ceria","Convivium Slow food","Institut Redout\u00e9-Peiffer","Karikol","Slow food"],"articleSection":["Alimentation durable","Enseignement","Formation","Mes coups de coeur","Slow Food"],"inLanguage":"fr-FR","potentialAction":[{"@type":"CommentAction","name":"Comment","target":["https:\/\/www.doulkeridis.be\/blog\/2010\/09\/15\/les-futurs-chefs-de-cuisine-sur-les-sentiers-de-lalimentation-durable\/#respond"]}]},{"@type":"WebPage","@id":"https:\/\/www.doulkeridis.be\/blog\/2010\/09\/15\/les-futurs-chefs-de-cuisine-sur-les-sentiers-de-lalimentation-durable\/","url":"https:\/\/www.doulkeridis.be\/blog\/2010\/09\/15\/les-futurs-chefs-de-cuisine-sur-les-sentiers-de-lalimentation-durable\/","name":"Les futurs chefs de cuisine sur les sentiers de l'alimentation durable - Christos Doulkeridis","isPartOf":{"@id":"https:\/\/www.doulkeridis.be\/blog\/#website"},"primaryImageOfPage":{"@id":"https:\/\/www.doulkeridis.be\/blog\/2010\/09\/15\/les-futurs-chefs-de-cuisine-sur-les-sentiers-de-lalimentation-durable\/#primaryimage"},"image":{"@id":"https:\/\/www.doulkeridis.be\/blog\/2010\/09\/15\/les-futurs-chefs-de-cuisine-sur-les-sentiers-de-lalimentation-durable\/#primaryimage"},"thumbnailUrl":"http:\/\/www.doulkeridis.be\/blog\/wp-content\/uploads\/2010\/09\/20100915-Visite-Sentier-des-Abeilles-022-300x200.jpg","datePublished":"2010-09-15T13:52:32+00:00","dateModified":"2011-08-09T11:28:43+00:00","breadcrumb":{"@id":"https:\/\/www.doulkeridis.be\/blog\/2010\/09\/15\/les-futurs-chefs-de-cuisine-sur-les-sentiers-de-lalimentation-durable\/#breadcrumb"},"inLanguage":"fr-FR","potentialAction":[{"@type":"ReadAction","target":["https:\/\/www.doulkeridis.be\/blog\/2010\/09\/15\/les-futurs-chefs-de-cuisine-sur-les-sentiers-de-lalimentation-durable\/"]}]},{"@type":"ImageObject","inLanguage":"fr-FR","@id":"https:\/\/www.doulkeridis.be\/blog\/2010\/09\/15\/les-futurs-chefs-de-cuisine-sur-les-sentiers-de-lalimentation-durable\/#primaryimage","url":"http:\/\/www.doulkeridis.be\/blog\/wp-content\/uploads\/2010\/09\/20100915-Visite-Sentier-des-Abeilles-022-300x200.jpg","contentUrl":"http:\/\/www.doulkeridis.be\/blog\/wp-content\/uploads\/2010\/09\/20100915-Visite-Sentier-des-Abeilles-022-300x200.jpg"},{"@type":"BreadcrumbList","@id":"https:\/\/www.doulkeridis.be\/blog\/2010\/09\/15\/les-futurs-chefs-de-cuisine-sur-les-sentiers-de-lalimentation-durable\/#breadcrumb","itemListElement":[{"@type":"ListItem","position":1,"name":"Accueil","item":"https:\/\/www.doulkeridis.be\/blog\/"},{"@type":"ListItem","position":2,"name":"Les futurs chefs de cuisine sur les sentiers de l&rsquo;alimentation durable"}]},{"@type":"WebSite","@id":"https:\/\/www.doulkeridis.be\/blog\/#website","url":"https:\/\/www.doulkeridis.be\/blog\/","name":"Christos Doulkeridis","description":"Coach | Consultant en solutions, gestion de crise, n\u00e9gociations","publisher":{"@id":"https:\/\/www.doulkeridis.be\/blog\/#organization"},"potentialAction":[{"@type":"SearchAction","target":{"@type":"EntryPoint","urlTemplate":"https:\/\/www.doulkeridis.be\/blog\/?s={search_term_string}"},"query-input":{"@type":"PropertyValueSpecification","valueRequired":true,"valueName":"search_term_string"}}],"inLanguage":"fr-FR"},{"@type":"Organization","@id":"https:\/\/www.doulkeridis.be\/blog\/#organization","name":"Ulyse","url":"https:\/\/www.doulkeridis.be\/blog\/","logo":{"@type":"ImageObject","inLanguage":"fr-FR","@id":"https:\/\/www.doulkeridis.be\/blog\/#\/schema\/logo\/image\/","url":"https:\/\/www.doulkeridis.be\/blog\/wp-content\/uploads\/2026\/04\/2-5.png","contentUrl":"https:\/\/www.doulkeridis.be\/blog\/wp-content\/uploads\/2026\/04\/2-5.png","width":1024,"height":728,"caption":"Ulyse"},"image":{"@id":"https:\/\/www.doulkeridis.be\/blog\/#\/schema\/logo\/image\/"},"sameAs":["https:\/\/www.facebook.com\/doulkeridis","https:\/\/www.facebook.com\/christosdoulkeridis2"]},{"@type":"Person","@id":"https:\/\/www.doulkeridis.be\/blog\/#\/schema\/person\/9f03f3459f0a4ba4db02aabbba098365","name":"Christos Doulkeridis","image":{"@type":"ImageObject","inLanguage":"fr-FR","@id":"https:\/\/secure.gravatar.com\/avatar\/71cb6e4369ca0615d93730ef3bc5f54642df4f6bcc59b92763d2ac434abf103e?s=96&d=mm&r=g","url":"https:\/\/secure.gravatar.com\/avatar\/71cb6e4369ca0615d93730ef3bc5f54642df4f6bcc59b92763d2ac434abf103e?s=96&d=mm&r=g","contentUrl":"https:\/\/secure.gravatar.com\/avatar\/71cb6e4369ca0615d93730ef3bc5f54642df4f6bcc59b92763d2ac434abf103e?s=96&d=mm&r=g","caption":"Christos Doulkeridis"},"url":"https:\/\/www.doulkeridis.be\/blog\/author\/christos\/"}]}},"_links":{"self":[{"href":"https:\/\/www.doulkeridis.be\/blog\/wp-json\/wp\/v2\/posts\/938","targetHints":{"allow":["GET"]}}],"collection":[{"href":"https:\/\/www.doulkeridis.be\/blog\/wp-json\/wp\/v2\/posts"}],"about":[{"href":"https:\/\/www.doulkeridis.be\/blog\/wp-json\/wp\/v2\/types\/post"}],"author":[{"embeddable":true,"href":"https:\/\/www.doulkeridis.be\/blog\/wp-json\/wp\/v2\/users\/2"}],"replies":[{"embeddable":true,"href":"https:\/\/www.doulkeridis.be\/blog\/wp-json\/wp\/v2\/comments?post=938"}],"version-history":[{"count":9,"href":"https:\/\/www.doulkeridis.be\/blog\/wp-json\/wp\/v2\/posts\/938\/revisions"}],"predecessor-version":[{"id":947,"href":"https:\/\/www.doulkeridis.be\/blog\/wp-json\/wp\/v2\/posts\/938\/revisions\/947"}],"wp:attachment":[{"href":"https:\/\/www.doulkeridis.be\/blog\/wp-json\/wp\/v2\/media?parent=938"}],"wp:term":[{"taxonomy":"category","embeddable":true,"href":"https:\/\/www.doulkeridis.be\/blog\/wp-json\/wp\/v2\/categories?post=938"},{"taxonomy":"post_tag","embeddable":true,"href":"https:\/\/www.doulkeridis.be\/blog\/wp-json\/wp\/v2\/tags?post=938"}],"curies":[{"name":"wp","href":"https:\/\/api.w.org\/{rel}","templated":true}]}}