{"id":966,"date":"2010-09-18T15:11:23","date_gmt":"2010-09-18T13:11:23","guid":{"rendered":"http:\/\/www.doulkeridis.be\/blog\/?p=966"},"modified":"2011-08-09T13:22:38","modified_gmt":"2011-08-09T11:22:38","slug":"acces-social-a-la-propriete-pour-14-familles-a-molenbeek","status":"publish","type":"post","link":"https:\/\/www.doulkeridis.be\/blog\/2010\/09\/18\/acces-social-a-la-propriete-pour-14-familles-a-molenbeek\/","title":{"rendered":"Acc\u00e8s social \u00e0 la propri\u00e9t\u00e9 pour 14 familles \u00e0 Molenbeek"},"content":{"rendered":"<p><!-- \t\t@page { margin: 2cm } \t\tP { margin-bottom: 0.21cm } \t\tA:link { so-language: zxx } --><!-- \t\t@page { margin: 2cm } \t\tP { margin-bottom: 0.21cm } --><!-- \t\t@page { margin: 2cm } \t\tP { margin-bottom: 0.21cm } \t\tA:link { so-language: zxx } --><span style=\"color: #000000;\"><span style=\"font-family: Verdana,sans-serif;\"><span style=\"font-size: small;\">Apr\u00e8s 5 ans, le projet social de construction d\u2019un immeuble de 14 appartements exemplaires voit enfin le jour \u00e0 Molenbeek-Saint-Jean, rue Fin. Ce projet innovant d&rsquo;acc\u00e8s \u00e0 la propri\u00e9t\u00e9 mis en \u0153uvre par le Fonds du Logements que je f\u00e9licite pour l&rsquo;ambitieuse initiative, combine \u00e9cologie \u2013 il s&rsquo;agit d&rsquo;un b\u00e2timent passif \u2013 et habitat solidaire. <\/span><\/span><\/span><\/p>\n<p><a name=\"MC_fn_17990_2\"><\/a><span style=\"color: #000000;\"><span style=\"font-family: Verdana,sans-serif;\"><span style=\"font-size: small;\">Port\u00e9 par la <strong>maison de quartier Bonnevie<\/strong> en collaboration avec le <strong>CIRE<\/strong> (Coordination et initiatives pour et avec les r\u00e9fugi\u00e9s et les \u00e9trangers), ce projet a eu l&rsquo;ing\u00e9nieuse id\u00e9e de lancer une nouvelle construction en y associant les candidats acqu\u00e9reurs. <a href=\"https:\/\/www.doulkeridis.be\/blog\/wp-content\/uploads\/2010\/09\/projet-espoir-rue-fin.jpg\"><img loading=\"lazy\" decoding=\"async\" class=\"size-full wp-image-969 alignleft\" title=\"projet espoir, rue fin\" src=\"https:\/\/www.doulkeridis.be\/blog\/wp-content\/uploads\/2010\/09\/projet-espoir-rue-fin.jpg\" alt=\"\" width=\"265\" height=\"177\" \/><\/a>Ceux-ci se sont d&rsquo;ailleurs rassembl\u00e9s en association de fait sous le nom de\u00a0<strong><em> \u00ab\u00a0l&rsquo;Espoir\u00a0\u00bb<\/em><\/strong>. Un espoir non d\u00e9\u00e7u qui est tr\u00e8s inspirant face \u00e0 la difficult\u00e9 de trouver un logement pour les m\u00e9nages de grande taille \u00e0 faibles revenus.<\/span><\/span><\/span><\/p>\n<p><span style=\"color: #000000;\"><span style=\"font-family: Verdana,sans-serif;\"><span style=\"font-size: small;\">Reportage dans le JT de T\u00e9l\u00e9 Bruxelles : <a href=\"http:\/\/www.telebruxelles.net\/portail\/content\/view\/11467\/166\/\" target=\"_blank\">www.telebruxelles.net<\/a><br \/>\n<\/span><\/span><\/span><\/p>\n","protected":false},"excerpt":{"rendered":"<p>Apr\u00e8s 5 ans, le projet social de construction d\u2019un immeuble de 14 appartements exemplaires voit enfin le jour \u00e0 Molenbeek-Saint-Jean, rue Fin. Ce projet innovant d&rsquo;acc\u00e8s \u00e0 la propri\u00e9t\u00e9 mis en \u0153uvre par le Fonds du Logements que je f\u00e9licite pour l&rsquo;ambitieuse initiative, combine \u00e9cologie \u2013 il s&rsquo;agit d&rsquo;un b\u00e2timent passif \u2013 et habitat solidaire. Port\u00e9 par la maison de quartier Bonnevie en collaboration avec le CIRE (Coordination et initiatives pour et avec les r\u00e9fugi\u00e9s et les \u00e9trangers), ce projet a eu l&rsquo;ing\u00e9nieuse id\u00e9e de lancer une nouvelle construction en y associant les candidats acqu\u00e9reurs. Ceux-ci se sont d&rsquo;ailleurs rassembl\u00e9s en association de fait sous le nom de\u00a0 \u00ab\u00a0l&rsquo;Espoir\u00a0\u00bb. Un espoir non d\u00e9\u00e7u qui est tr\u00e8s inspirant face \u00e0 la difficult\u00e9 de trouver un logement pour les m\u00e9nages de grande taille \u00e0 faibles revenus. Reportage dans le JT de T\u00e9l\u00e9 Bruxelles : www.telebruxelles.net<\/p>\n","protected":false},"author":2,"featured_media":0,"comment_status":"open","ping_status":"open","sticky":false,"template":"","format":"standard","meta":{"_monsterinsights_skip_tracking":false,"_monsterinsights_sitenote_active":false,"_monsterinsights_sitenote_note":"","_monsterinsights_sitenote_category":0,"ngg_post_thumbnail":0,"footnotes":""},"categories":[3,305],"tags":[411,36,223],"class_list":["post-966","post","type-post","status-publish","format-standard","hentry","category-logement","category-mes-coups-de-coeur","tag-cire","tag-fonds-du-logement","tag-tele-bruxelles"],"yoast_head":"<!-- This site is optimized with the Yoast SEO plugin v27.4 - https:\/\/yoast.com\/product\/yoast-seo-wordpress\/ -->\n<title>Acc\u00e8s social \u00e0 la propri\u00e9t\u00e9 pour 14 familles \u00e0 Molenbeek - Christos Doulkeridis<\/title>\n<meta name=\"robots\" content=\"index, follow, max-snippet:-1, max-image-preview:large, max-video-preview:-1\" \/>\n<link rel=\"canonical\" href=\"https:\/\/www.doulkeridis.be\/blog\/2010\/09\/18\/acces-social-a-la-propriete-pour-14-familles-a-molenbeek\/\" \/>\n<meta property=\"og:locale\" content=\"fr_FR\" \/>\n<meta property=\"og:type\" content=\"article\" \/>\n<meta property=\"og:title\" content=\"Acc\u00e8s social \u00e0 la propri\u00e9t\u00e9 pour 14 familles \u00e0 Molenbeek - Christos Doulkeridis\" \/>\n<meta property=\"og:description\" content=\"Apr\u00e8s 5 ans, le projet social de construction d\u2019un immeuble de 14 appartements exemplaires voit enfin le jour \u00e0 Molenbeek-Saint-Jean, rue Fin. Ce projet innovant d&rsquo;acc\u00e8s \u00e0 la propri\u00e9t\u00e9 mis en \u0153uvre par le Fonds du Logements que je f\u00e9licite pour l&rsquo;ambitieuse initiative, combine \u00e9cologie \u2013 il s&rsquo;agit d&rsquo;un b\u00e2timent passif \u2013 et habitat solidaire. Port\u00e9 par la maison de quartier Bonnevie en collaboration avec le CIRE (Coordination et initiatives pour et avec les r\u00e9fugi\u00e9s et les \u00e9trangers), ce projet a eu l&rsquo;ing\u00e9nieuse id\u00e9e de lancer une nouvelle construction en y associant les candidats acqu\u00e9reurs. Ceux-ci se sont d&rsquo;ailleurs rassembl\u00e9s en association de fait sous le nom de\u00a0 \u00ab\u00a0l&rsquo;Espoir\u00a0\u00bb. Un espoir non d\u00e9\u00e7u qui est tr\u00e8s inspirant face \u00e0 la difficult\u00e9 de trouver un logement pour les m\u00e9nages de grande taille \u00e0 faibles revenus. Reportage dans le JT de T\u00e9l\u00e9 Bruxelles : www.telebruxelles.net\" \/>\n<meta property=\"og:url\" content=\"https:\/\/www.doulkeridis.be\/blog\/2010\/09\/18\/acces-social-a-la-propriete-pour-14-familles-a-molenbeek\/\" \/>\n<meta property=\"og:site_name\" content=\"Christos Doulkeridis\" \/>\n<meta property=\"article:publisher\" content=\"https:\/\/www.facebook.com\/doulkeridis\" \/>\n<meta property=\"article:published_time\" content=\"2010-09-18T13:11:23+00:00\" \/>\n<meta property=\"article:modified_time\" content=\"2011-08-09T11:22:38+00:00\" \/>\n<meta property=\"og:image\" content=\"http:\/\/www.doulkeridis.be\/blog\/wp-content\/uploads\/2010\/09\/projet-espoir-rue-fin.jpg\" \/>\n<meta name=\"author\" content=\"Christos Doulkeridis\" \/>\n<meta name=\"twitter:card\" content=\"summary_large_image\" \/>\n<meta name=\"twitter:label1\" content=\"\u00c9crit par\" \/>\n\t<meta name=\"twitter:data1\" content=\"Christos Doulkeridis\" \/>\n\t<meta name=\"twitter:label2\" content=\"Dur\u00e9e de lecture estim\u00e9e\" \/>\n\t<meta name=\"twitter:data2\" content=\"1 minute\" \/>\n<script type=\"application\/ld+json\" class=\"yoast-schema-graph\">{\"@context\":\"https:\\\/\\\/schema.org\",\"@graph\":[{\"@type\":\"Article\",\"@id\":\"https:\\\/\\\/www.doulkeridis.be\\\/blog\\\/2010\\\/09\\\/18\\\/acces-social-a-la-propriete-pour-14-familles-a-molenbeek\\\/#article\",\"isPartOf\":{\"@id\":\"https:\\\/\\\/www.doulkeridis.be\\\/blog\\\/2010\\\/09\\\/18\\\/acces-social-a-la-propriete-pour-14-familles-a-molenbeek\\\/\"},\"author\":{\"name\":\"Christos Doulkeridis\",\"@id\":\"https:\\\/\\\/www.doulkeridis.be\\\/blog\\\/#\\\/schema\\\/person\\\/9f03f3459f0a4ba4db02aabbba098365\"},\"headline\":\"Acc\u00e8s social \u00e0 la propri\u00e9t\u00e9 pour 14 familles \u00e0 Molenbeek\",\"datePublished\":\"2010-09-18T13:11:23+00:00\",\"dateModified\":\"2011-08-09T11:22:38+00:00\",\"mainEntityOfPage\":{\"@id\":\"https:\\\/\\\/www.doulkeridis.be\\\/blog\\\/2010\\\/09\\\/18\\\/acces-social-a-la-propriete-pour-14-familles-a-molenbeek\\\/\"},\"wordCount\":168,\"commentCount\":0,\"publisher\":{\"@id\":\"https:\\\/\\\/www.doulkeridis.be\\\/blog\\\/#organization\"},\"image\":{\"@id\":\"https:\\\/\\\/www.doulkeridis.be\\\/blog\\\/2010\\\/09\\\/18\\\/acces-social-a-la-propriete-pour-14-familles-a-molenbeek\\\/#primaryimage\"},\"thumbnailUrl\":\"http:\\\/\\\/www.doulkeridis.be\\\/blog\\\/wp-content\\\/uploads\\\/2010\\\/09\\\/projet-espoir-rue-fin.jpg\",\"keywords\":[\"CIRE\",\"Fonds du logement\",\"T\u00e9l\u00e9 Bruxelles\"],\"articleSection\":[\"Logement\",\"Mes coups de coeur\"],\"inLanguage\":\"fr-FR\",\"potentialAction\":[{\"@type\":\"CommentAction\",\"name\":\"Comment\",\"target\":[\"https:\\\/\\\/www.doulkeridis.be\\\/blog\\\/2010\\\/09\\\/18\\\/acces-social-a-la-propriete-pour-14-familles-a-molenbeek\\\/#respond\"]}]},{\"@type\":\"WebPage\",\"@id\":\"https:\\\/\\\/www.doulkeridis.be\\\/blog\\\/2010\\\/09\\\/18\\\/acces-social-a-la-propriete-pour-14-familles-a-molenbeek\\\/\",\"url\":\"https:\\\/\\\/www.doulkeridis.be\\\/blog\\\/2010\\\/09\\\/18\\\/acces-social-a-la-propriete-pour-14-familles-a-molenbeek\\\/\",\"name\":\"Acc\u00e8s social \u00e0 la propri\u00e9t\u00e9 pour 14 familles \u00e0 Molenbeek - Christos Doulkeridis\",\"isPartOf\":{\"@id\":\"https:\\\/\\\/www.doulkeridis.be\\\/blog\\\/#website\"},\"primaryImageOfPage\":{\"@id\":\"https:\\\/\\\/www.doulkeridis.be\\\/blog\\\/2010\\\/09\\\/18\\\/acces-social-a-la-propriete-pour-14-familles-a-molenbeek\\\/#primaryimage\"},\"image\":{\"@id\":\"https:\\\/\\\/www.doulkeridis.be\\\/blog\\\/2010\\\/09\\\/18\\\/acces-social-a-la-propriete-pour-14-familles-a-molenbeek\\\/#primaryimage\"},\"thumbnailUrl\":\"http:\\\/\\\/www.doulkeridis.be\\\/blog\\\/wp-content\\\/uploads\\\/2010\\\/09\\\/projet-espoir-rue-fin.jpg\",\"datePublished\":\"2010-09-18T13:11:23+00:00\",\"dateModified\":\"2011-08-09T11:22:38+00:00\",\"breadcrumb\":{\"@id\":\"https:\\\/\\\/www.doulkeridis.be\\\/blog\\\/2010\\\/09\\\/18\\\/acces-social-a-la-propriete-pour-14-familles-a-molenbeek\\\/#breadcrumb\"},\"inLanguage\":\"fr-FR\",\"potentialAction\":[{\"@type\":\"ReadAction\",\"target\":[\"https:\\\/\\\/www.doulkeridis.be\\\/blog\\\/2010\\\/09\\\/18\\\/acces-social-a-la-propriete-pour-14-familles-a-molenbeek\\\/\"]}]},{\"@type\":\"ImageObject\",\"inLanguage\":\"fr-FR\",\"@id\":\"https:\\\/\\\/www.doulkeridis.be\\\/blog\\\/2010\\\/09\\\/18\\\/acces-social-a-la-propriete-pour-14-familles-a-molenbeek\\\/#primaryimage\",\"url\":\"http:\\\/\\\/www.doulkeridis.be\\\/blog\\\/wp-content\\\/uploads\\\/2010\\\/09\\\/projet-espoir-rue-fin.jpg\",\"contentUrl\":\"http:\\\/\\\/www.doulkeridis.be\\\/blog\\\/wp-content\\\/uploads\\\/2010\\\/09\\\/projet-espoir-rue-fin.jpg\"},{\"@type\":\"BreadcrumbList\",\"@id\":\"https:\\\/\\\/www.doulkeridis.be\\\/blog\\\/2010\\\/09\\\/18\\\/acces-social-a-la-propriete-pour-14-familles-a-molenbeek\\\/#breadcrumb\",\"itemListElement\":[{\"@type\":\"ListItem\",\"position\":1,\"name\":\"Accueil\",\"item\":\"https:\\\/\\\/www.doulkeridis.be\\\/blog\\\/\"},{\"@type\":\"ListItem\",\"position\":2,\"name\":\"Acc\u00e8s social \u00e0 la propri\u00e9t\u00e9 pour 14 familles \u00e0 Molenbeek\"}]},{\"@type\":\"WebSite\",\"@id\":\"https:\\\/\\\/www.doulkeridis.be\\\/blog\\\/#website\",\"url\":\"https:\\\/\\\/www.doulkeridis.be\\\/blog\\\/\",\"name\":\"Christos Doulkeridis\",\"description\":\"Coach | Consultant en solutions, gestion de crise, n\u00e9gociations\",\"publisher\":{\"@id\":\"https:\\\/\\\/www.doulkeridis.be\\\/blog\\\/#organization\"},\"potentialAction\":[{\"@type\":\"SearchAction\",\"target\":{\"@type\":\"EntryPoint\",\"urlTemplate\":\"https:\\\/\\\/www.doulkeridis.be\\\/blog\\\/?s={search_term_string}\"},\"query-input\":{\"@type\":\"PropertyValueSpecification\",\"valueRequired\":true,\"valueName\":\"search_term_string\"}}],\"inLanguage\":\"fr-FR\"},{\"@type\":\"Organization\",\"@id\":\"https:\\\/\\\/www.doulkeridis.be\\\/blog\\\/#organization\",\"name\":\"Ulyse\",\"url\":\"https:\\\/\\\/www.doulkeridis.be\\\/blog\\\/\",\"logo\":{\"@type\":\"ImageObject\",\"inLanguage\":\"fr-FR\",\"@id\":\"https:\\\/\\\/www.doulkeridis.be\\\/blog\\\/#\\\/schema\\\/logo\\\/image\\\/\",\"url\":\"https:\\\/\\\/www.doulkeridis.be\\\/blog\\\/wp-content\\\/uploads\\\/2026\\\/04\\\/2-5.png\",\"contentUrl\":\"https:\\\/\\\/www.doulkeridis.be\\\/blog\\\/wp-content\\\/uploads\\\/2026\\\/04\\\/2-5.png\",\"width\":1024,\"height\":728,\"caption\":\"Ulyse\"},\"image\":{\"@id\":\"https:\\\/\\\/www.doulkeridis.be\\\/blog\\\/#\\\/schema\\\/logo\\\/image\\\/\"},\"sameAs\":[\"https:\\\/\\\/www.facebook.com\\\/doulkeridis\",\"https:\\\/\\\/www.facebook.com\\\/christosdoulkeridis2\"]},{\"@type\":\"Person\",\"@id\":\"https:\\\/\\\/www.doulkeridis.be\\\/blog\\\/#\\\/schema\\\/person\\\/9f03f3459f0a4ba4db02aabbba098365\",\"name\":\"Christos Doulkeridis\",\"image\":{\"@type\":\"ImageObject\",\"inLanguage\":\"fr-FR\",\"@id\":\"https:\\\/\\\/secure.gravatar.com\\\/avatar\\\/71cb6e4369ca0615d93730ef3bc5f54642df4f6bcc59b92763d2ac434abf103e?s=96&d=mm&r=g\",\"url\":\"https:\\\/\\\/secure.gravatar.com\\\/avatar\\\/71cb6e4369ca0615d93730ef3bc5f54642df4f6bcc59b92763d2ac434abf103e?s=96&d=mm&r=g\",\"contentUrl\":\"https:\\\/\\\/secure.gravatar.com\\\/avatar\\\/71cb6e4369ca0615d93730ef3bc5f54642df4f6bcc59b92763d2ac434abf103e?s=96&d=mm&r=g\",\"caption\":\"Christos Doulkeridis\"},\"url\":\"https:\\\/\\\/www.doulkeridis.be\\\/blog\\\/author\\\/christos\\\/\"}]}<\/script>\n<!-- \/ Yoast SEO plugin. -->","yoast_head_json":{"title":"Acc\u00e8s social \u00e0 la propri\u00e9t\u00e9 pour 14 familles \u00e0 Molenbeek - Christos Doulkeridis","robots":{"index":"index","follow":"follow","max-snippet":"max-snippet:-1","max-image-preview":"max-image-preview:large","max-video-preview":"max-video-preview:-1"},"canonical":"https:\/\/www.doulkeridis.be\/blog\/2010\/09\/18\/acces-social-a-la-propriete-pour-14-familles-a-molenbeek\/","og_locale":"fr_FR","og_type":"article","og_title":"Acc\u00e8s social \u00e0 la propri\u00e9t\u00e9 pour 14 familles \u00e0 Molenbeek - Christos Doulkeridis","og_description":"Apr\u00e8s 5 ans, le projet social de construction d\u2019un immeuble de 14 appartements exemplaires voit enfin le jour \u00e0 Molenbeek-Saint-Jean, rue Fin. Ce projet innovant d&rsquo;acc\u00e8s \u00e0 la propri\u00e9t\u00e9 mis en \u0153uvre par le Fonds du Logements que je f\u00e9licite pour l&rsquo;ambitieuse initiative, combine \u00e9cologie \u2013 il s&rsquo;agit d&rsquo;un b\u00e2timent passif \u2013 et habitat solidaire. Port\u00e9 par la maison de quartier Bonnevie en collaboration avec le CIRE (Coordination et initiatives pour et avec les r\u00e9fugi\u00e9s et les \u00e9trangers), ce projet a eu l&rsquo;ing\u00e9nieuse id\u00e9e de lancer une nouvelle construction en y associant les candidats acqu\u00e9reurs. Ceux-ci se sont d&rsquo;ailleurs rassembl\u00e9s en association de fait sous le nom de\u00a0 \u00ab\u00a0l&rsquo;Espoir\u00a0\u00bb. Un espoir non d\u00e9\u00e7u qui est tr\u00e8s inspirant face \u00e0 la difficult\u00e9 de trouver un logement pour les m\u00e9nages de grande taille \u00e0 faibles revenus. Reportage dans le JT de T\u00e9l\u00e9 Bruxelles : www.telebruxelles.net","og_url":"https:\/\/www.doulkeridis.be\/blog\/2010\/09\/18\/acces-social-a-la-propriete-pour-14-familles-a-molenbeek\/","og_site_name":"Christos Doulkeridis","article_publisher":"https:\/\/www.facebook.com\/doulkeridis","article_published_time":"2010-09-18T13:11:23+00:00","article_modified_time":"2011-08-09T11:22:38+00:00","og_image":[{"url":"http:\/\/www.doulkeridis.be\/blog\/wp-content\/uploads\/2010\/09\/projet-espoir-rue-fin.jpg","type":"","width":"","height":""}],"author":"Christos Doulkeridis","twitter_card":"summary_large_image","twitter_misc":{"\u00c9crit par":"Christos Doulkeridis","Dur\u00e9e de lecture estim\u00e9e":"1 minute"},"schema":{"@context":"https:\/\/schema.org","@graph":[{"@type":"Article","@id":"https:\/\/www.doulkeridis.be\/blog\/2010\/09\/18\/acces-social-a-la-propriete-pour-14-familles-a-molenbeek\/#article","isPartOf":{"@id":"https:\/\/www.doulkeridis.be\/blog\/2010\/09\/18\/acces-social-a-la-propriete-pour-14-familles-a-molenbeek\/"},"author":{"name":"Christos Doulkeridis","@id":"https:\/\/www.doulkeridis.be\/blog\/#\/schema\/person\/9f03f3459f0a4ba4db02aabbba098365"},"headline":"Acc\u00e8s social \u00e0 la propri\u00e9t\u00e9 pour 14 familles \u00e0 Molenbeek","datePublished":"2010-09-18T13:11:23+00:00","dateModified":"2011-08-09T11:22:38+00:00","mainEntityOfPage":{"@id":"https:\/\/www.doulkeridis.be\/blog\/2010\/09\/18\/acces-social-a-la-propriete-pour-14-familles-a-molenbeek\/"},"wordCount":168,"commentCount":0,"publisher":{"@id":"https:\/\/www.doulkeridis.be\/blog\/#organization"},"image":{"@id":"https:\/\/www.doulkeridis.be\/blog\/2010\/09\/18\/acces-social-a-la-propriete-pour-14-familles-a-molenbeek\/#primaryimage"},"thumbnailUrl":"http:\/\/www.doulkeridis.be\/blog\/wp-content\/uploads\/2010\/09\/projet-espoir-rue-fin.jpg","keywords":["CIRE","Fonds du logement","T\u00e9l\u00e9 Bruxelles"],"articleSection":["Logement","Mes coups de coeur"],"inLanguage":"fr-FR","potentialAction":[{"@type":"CommentAction","name":"Comment","target":["https:\/\/www.doulkeridis.be\/blog\/2010\/09\/18\/acces-social-a-la-propriete-pour-14-familles-a-molenbeek\/#respond"]}]},{"@type":"WebPage","@id":"https:\/\/www.doulkeridis.be\/blog\/2010\/09\/18\/acces-social-a-la-propriete-pour-14-familles-a-molenbeek\/","url":"https:\/\/www.doulkeridis.be\/blog\/2010\/09\/18\/acces-social-a-la-propriete-pour-14-familles-a-molenbeek\/","name":"Acc\u00e8s social \u00e0 la propri\u00e9t\u00e9 pour 14 familles \u00e0 Molenbeek - Christos Doulkeridis","isPartOf":{"@id":"https:\/\/www.doulkeridis.be\/blog\/#website"},"primaryImageOfPage":{"@id":"https:\/\/www.doulkeridis.be\/blog\/2010\/09\/18\/acces-social-a-la-propriete-pour-14-familles-a-molenbeek\/#primaryimage"},"image":{"@id":"https:\/\/www.doulkeridis.be\/blog\/2010\/09\/18\/acces-social-a-la-propriete-pour-14-familles-a-molenbeek\/#primaryimage"},"thumbnailUrl":"http:\/\/www.doulkeridis.be\/blog\/wp-content\/uploads\/2010\/09\/projet-espoir-rue-fin.jpg","datePublished":"2010-09-18T13:11:23+00:00","dateModified":"2011-08-09T11:22:38+00:00","breadcrumb":{"@id":"https:\/\/www.doulkeridis.be\/blog\/2010\/09\/18\/acces-social-a-la-propriete-pour-14-familles-a-molenbeek\/#breadcrumb"},"inLanguage":"fr-FR","potentialAction":[{"@type":"ReadAction","target":["https:\/\/www.doulkeridis.be\/blog\/2010\/09\/18\/acces-social-a-la-propriete-pour-14-familles-a-molenbeek\/"]}]},{"@type":"ImageObject","inLanguage":"fr-FR","@id":"https:\/\/www.doulkeridis.be\/blog\/2010\/09\/18\/acces-social-a-la-propriete-pour-14-familles-a-molenbeek\/#primaryimage","url":"http:\/\/www.doulkeridis.be\/blog\/wp-content\/uploads\/2010\/09\/projet-espoir-rue-fin.jpg","contentUrl":"http:\/\/www.doulkeridis.be\/blog\/wp-content\/uploads\/2010\/09\/projet-espoir-rue-fin.jpg"},{"@type":"BreadcrumbList","@id":"https:\/\/www.doulkeridis.be\/blog\/2010\/09\/18\/acces-social-a-la-propriete-pour-14-familles-a-molenbeek\/#breadcrumb","itemListElement":[{"@type":"ListItem","position":1,"name":"Accueil","item":"https:\/\/www.doulkeridis.be\/blog\/"},{"@type":"ListItem","position":2,"name":"Acc\u00e8s social \u00e0 la propri\u00e9t\u00e9 pour 14 familles \u00e0 Molenbeek"}]},{"@type":"WebSite","@id":"https:\/\/www.doulkeridis.be\/blog\/#website","url":"https:\/\/www.doulkeridis.be\/blog\/","name":"Christos Doulkeridis","description":"Coach | Consultant en solutions, gestion de crise, n\u00e9gociations","publisher":{"@id":"https:\/\/www.doulkeridis.be\/blog\/#organization"},"potentialAction":[{"@type":"SearchAction","target":{"@type":"EntryPoint","urlTemplate":"https:\/\/www.doulkeridis.be\/blog\/?s={search_term_string}"},"query-input":{"@type":"PropertyValueSpecification","valueRequired":true,"valueName":"search_term_string"}}],"inLanguage":"fr-FR"},{"@type":"Organization","@id":"https:\/\/www.doulkeridis.be\/blog\/#organization","name":"Ulyse","url":"https:\/\/www.doulkeridis.be\/blog\/","logo":{"@type":"ImageObject","inLanguage":"fr-FR","@id":"https:\/\/www.doulkeridis.be\/blog\/#\/schema\/logo\/image\/","url":"https:\/\/www.doulkeridis.be\/blog\/wp-content\/uploads\/2026\/04\/2-5.png","contentUrl":"https:\/\/www.doulkeridis.be\/blog\/wp-content\/uploads\/2026\/04\/2-5.png","width":1024,"height":728,"caption":"Ulyse"},"image":{"@id":"https:\/\/www.doulkeridis.be\/blog\/#\/schema\/logo\/image\/"},"sameAs":["https:\/\/www.facebook.com\/doulkeridis","https:\/\/www.facebook.com\/christosdoulkeridis2"]},{"@type":"Person","@id":"https:\/\/www.doulkeridis.be\/blog\/#\/schema\/person\/9f03f3459f0a4ba4db02aabbba098365","name":"Christos Doulkeridis","image":{"@type":"ImageObject","inLanguage":"fr-FR","@id":"https:\/\/secure.gravatar.com\/avatar\/71cb6e4369ca0615d93730ef3bc5f54642df4f6bcc59b92763d2ac434abf103e?s=96&d=mm&r=g","url":"https:\/\/secure.gravatar.com\/avatar\/71cb6e4369ca0615d93730ef3bc5f54642df4f6bcc59b92763d2ac434abf103e?s=96&d=mm&r=g","contentUrl":"https:\/\/secure.gravatar.com\/avatar\/71cb6e4369ca0615d93730ef3bc5f54642df4f6bcc59b92763d2ac434abf103e?s=96&d=mm&r=g","caption":"Christos Doulkeridis"},"url":"https:\/\/www.doulkeridis.be\/blog\/author\/christos\/"}]}},"_links":{"self":[{"href":"https:\/\/www.doulkeridis.be\/blog\/wp-json\/wp\/v2\/posts\/966","targetHints":{"allow":["GET"]}}],"collection":[{"href":"https:\/\/www.doulkeridis.be\/blog\/wp-json\/wp\/v2\/posts"}],"about":[{"href":"https:\/\/www.doulkeridis.be\/blog\/wp-json\/wp\/v2\/types\/post"}],"author":[{"embeddable":true,"href":"https:\/\/www.doulkeridis.be\/blog\/wp-json\/wp\/v2\/users\/2"}],"replies":[{"embeddable":true,"href":"https:\/\/www.doulkeridis.be\/blog\/wp-json\/wp\/v2\/comments?post=966"}],"version-history":[{"count":6,"href":"https:\/\/www.doulkeridis.be\/blog\/wp-json\/wp\/v2\/posts\/966\/revisions"}],"predecessor-version":[{"id":971,"href":"https:\/\/www.doulkeridis.be\/blog\/wp-json\/wp\/v2\/posts\/966\/revisions\/971"}],"wp:attachment":[{"href":"https:\/\/www.doulkeridis.be\/blog\/wp-json\/wp\/v2\/media?parent=966"}],"wp:term":[{"taxonomy":"category","embeddable":true,"href":"https:\/\/www.doulkeridis.be\/blog\/wp-json\/wp\/v2\/categories?post=966"},{"taxonomy":"post_tag","embeddable":true,"href":"https:\/\/www.doulkeridis.be\/blog\/wp-json\/wp\/v2\/tags?post=966"}],"curies":[{"name":"wp","href":"https:\/\/api.w.org\/{rel}","templated":true}]}}